{"id":15980,"date":"2022-07-25T12:30:05","date_gmt":"2022-07-25T10:30:05","guid":{"rendered":"https:\/\/blog.holyart.it\/it\/?p=15980"},"modified":"2025-05-07T12:10:52","modified_gmt":"2025-05-07T10:10:52","slug":"san-francesco-antonio-fasani-per-la-pioggia","status":"publish","type":"post","link":"https:\/\/blog.holyart.it\/it\/santi-e-beati\/san-francesco-antonio-fasani-per-la-pioggia\/","title":{"rendered":"San Francesco Antonio Fasani, il santo da invocare per la pioggia"},"content":{"rendered":"<h4>San Francesco Antonio Fasani, teologo e uomo di grande cuore e carit\u00e0, \u00e8 ricordato anche per alcuni miracoli legati all&#8217;acqua e alla pioggia. Ecco perch\u00e9 viene invocato in caso di siccit\u00e0<\/h4>\n\n<p>Un Santo per invocare la pioggia? Sembra un&#8217;immagine molto poco consona alla figura di un Santo&#8230; Eppure, in questi giorni di caldo torrido e siccit\u00e0, sarebbe confortante avere qualcuno a cui votarsi per ottenere un po&#8217; di refrigerio, ma soprattutto per dare tregua alle tante coltivazioni che stanno soffrendo per la mancanza d&#8217;acqua. Ecco che corre in nostro aiuto <strong>San Francesco Antonio Fasani<\/strong>, conosciuto anche, dopo aver conseguito la laurea in teologia, come il <strong><em>Padre Maestro<\/em><\/strong>.\u00a0 Ma chi era quest&#8217;uomo umilissimo e devoto alla <strong><a href=\"https:\/\/www.holyart.it\/it\/articoli-religiosi\/statue\/statue-in-resina-e-pvc\/madonna-immacolata-30-cm-statua-in-resina\">Madonna Immacolata<\/a><\/strong>, al quale vennero attribuiti molti miracoli, tra cui, appunto, la capacit\u00e0 di richiamare la pioggia?<\/p>\n<div class=\"link-product\">\n<div class=\"blocco-immagine\"><img loading=\"lazy\" decoding=\"async\" class=\"size-full wp-image-15981 alignleft\" src=\"https:\/\/blog.holyart.it\/it\/wp-content\/uploads\/sites\/17\/2022\/07\/madonna-immacolate-30-cm-statua-in-resina.jpg\" alt=\"madonna immacolate 30 cm statua in resina\" width=\"100\" height=\"100\" data-kale-share-title=\"San Francesco Antonio Fasani, il santo da invocare per la pioggia\" data-kale-share-url=\"https:\/\/blog.holyart.it\/it\/?p=15980\" \/><\/div>\n<div class=\"blocco-contenuto\">\n<div class=\"blocco-acquista\">Acquista su Holyart:<\/div>\n<div class=\"blocco-titolo\"><a href=\"https:\/\/www.holyart.it\/it\/articoli-religiosi\/statue\/statue-in-resina-e-pvc\/madonna-immacolata-30-cm-statua-in-resina\">Madonna Immacolata 30 cm statua in resina<\/a><\/div>\n<div class=\"blocco-descrizione\">La resina \u00e8 un materiale che garantisce alle statue una migliore definizione delle linee, dettagli e particolari.<\/div>\n<\/div>\n<\/div>\n<p><strong>San Francesco Antonio Fasani <\/strong>\u00e8 nato a Lucera, in Puglia, nel 1681, e qui ha vissuto per buona parte della sua vita, come membro dell&#8217;<a href=\"https:\/\/www.holyart.it\/blog\/santi-e-beati\/padre-pio-lordine-dei-frati-minori-cappuccini\/\"><strong>Ordine dei frati minori<\/strong><\/a> conventuali del monastero dei quali divenne a un certo punto Superiore. Si racconta che il giorno in cui nacque l&#8217;umile casa della sua famiglia venne investita da uno strano chiarore, che fece comprendere fin dal principio ai suoi concittadini che quello che stava nascendo non sarebbe stato un uomo comune. Di indole gentile e mite, Giovanniello (cos\u00ec era chiamato da ragazzo) dimostr\u00f2 fin da giovanissimo una forte propensione per la religione, la vita conventuale e in particolare la devozione alla <strong>Madonna Immacolata<\/strong>. Per tutta la vita profondamente proteso verso gli altri, soprattutto i <strong>poveri e i bisognosi<\/strong>, si dedic\u00f2 agli studi di teologia ad Assisi, ma soprattutto ad <strong>opere di carit\u00e0<\/strong>, mense per i poveri, raccolta di denaro e beni per gli sfortunati. Non esit\u00f2 a prendere le difese dei deboli angariati dai potenti, nemmeno quando ci\u00f2 significava guadagnare nemici potenti, che tentarono a pi\u00f9 riprese di screditarlo. Ma con la sua gentilezza e umilt\u00e0 San Francesco riusc\u00ec a dimostrare sempre la propria innocenza e vide riconosciuti i suoi meriti.<\/p>\n<div class=\"link-article\">\n<p><img loading=\"lazy\" decoding=\"async\" class=\"size-full wp-image-15982 alignleft\" src=\"https:\/\/blog.holyart.it\/it\/wp-content\/uploads\/sites\/17\/2022\/07\/padre-pio.jpg\" alt=\"padre pio\" width=\"150\" height=\"99\" data-kale-share-title=\"San Francesco Antonio Fasani, il santo da invocare per la pioggia\" data-kale-share-url=\"https:\/\/blog.holyart.it\/it\/?p=15980\" \/><\/p>\n<div class=\"leggi-anche\">Leggi anche:<\/div>\n<p><strong><a href=\"https:\/\/www.holyart.it\/blog\/santi-e-beati\/padre-pio-lordine-dei-frati-minori-cappuccini\/\">Padre Pio e l\u2019ordine dei Frati Minori Cappuccini<\/a><\/strong><br \/>\nPadre Pio dimostr\u00f2 fin da giovane il desiderio di abbracciare la vita religiosa: entr\u00f2 in convento a quattordici anni&#8230;<\/p>\n<\/div>\n<p>Per quanto riguarda il<strong> miracolo della pioggia<\/strong>, che lo ha reso uno dei santi da invocare in caso di siccit\u00e0, \u00e8 solo uno dei miracoli che gli sono stati attribuiti e che hanno portato alla sua <strong>canonizzazione<\/strong>, che dopo un lungo processo venne proclamata da papa Giovanni Paolo II nel <strong>1986<\/strong>. Un giorno, durante un periodo prolungato di siccit\u00e0 che stava devastando le coltivazioni di Lucera, il Padre Maestro si present\u00f2 al duca Orazio Zunica, chiedendo elemosine per i poveri. Il Duca e la moglie gli promisero che, se fosse riuscito a portare la pioggia a Lucera, loro avrebbero fatto una ricca offerta per i bisognosi. San Francesco promise, torn\u00f2 al monastero e si chiuse in preghiera davanti al Tabernacolo e all&#8217;altare dell&#8217;Immacolata. Chi lo vide sostiene che a un certo punto levit\u00f2 in aria, in una sorta di trance mistica. La pioggia venne la notte stessa e dur\u00f2 per giorni, salvando i raccolti. Il Duca mantenne la sua promessa e dichiar\u00f2 la sua convinzione a tutti, che quello doveva essere davvero il santo della pioggia.<\/p>\n<p>Un altro miracolo legato all&#8217;acqua e attribuito a San Francesco Antonio Fasani coinvolse un convento di suore che non potevano pi\u00f9 dare acqua ai poveri perch\u00e9 il loro pozzo era secco. Il Santo disse a una di loro di attingere l&#8217;acqua ed ella scopr\u00ec che il pozzo si era di nuovo riempito. Cos\u00ec avvenne anche alla cisterna del convento di San Francesco, dove il Santo viveva. Per questo ancora oggi San Francesco Antonio Fasani viene pregato nei periodi di siccit\u00e0 per invocare la pioggia.<\/p>\n<h2>La Basilica Santuario di San Francesco Antonio Fasani<\/h2>\n<p>La chiesa di San Francesco d&#8217;Assisi sulla piazza di Lucera \u00e8 sempre stata uno dei pi\u00f9 importanti luoghi di culto della cittadina. Dopo pi\u00f9 di 15 anni dalla canonizzazione di San Francesco Antonio Fasani, nel 2001 essa \u00e8 stata dichiarata <strong>Santuario diocesano di San Francesco Antonio Fasani<\/strong>, ma gi\u00e0 prima che ci\u00f2 avvenisse era m\u00e8ta di un frequente pellegrinaggio di fedeli che vi si recavano per pregare davanti ai resti del Santo, coperti di cera ed esposti in una teca di cristallo e bronzo sotto l&#8217;altare maggiore. Infatti nel 1951 papa Pio XII aveva dichiarato beato San Francesco Antonio e aveva fatto traslare qui le sue spoglie. Nel 2008 la basilica ha assunto anche il nome di <strong>Monumento Testimone di una Cultura di Pace<\/strong> dell&#8217;UNESCO. Anche la casa di via Torretta nella quale il Santo \u00e8 nato \u00e8 stata trasformata in oratorio ed \u00e8 visitata da molti pellegrini.<img loading=\"lazy\" decoding=\"async\" class=\"size-full wp-image-15983 aligncenter\" src=\"https:\/\/blog.holyart.it\/it\/wp-content\/uploads\/sites\/17\/2022\/07\/santuario-san-francesco-antonio-fasani.jpeg\" alt=\"santuario san francesco antonio fasani\" width=\"717\" height=\"1000\" data-kale-share-title=\"San Francesco Antonio Fasani, il santo da invocare per la pioggia\" data-kale-share-url=\"https:\/\/blog.holyart.it\/it\/?p=15980\" \/><\/p>\n<h2>La devozione all\u2019Immacolata Concezione<\/h2>\n<p>San Francesco Antonio Fasani fu sempre molto devoto a <a href=\"https:\/\/www.holyart.it\/it\/articoli-religiosi\/statue\/statue-in-polvere-di-marmo-di-carrara\/madonna-immacolata-polvere-di-marmo-dipinta-30-cm-esterno\"><strong>Maria Immacolata<\/strong><\/a>. Fin da bambino recitava il Rosario davanti all&#8217;effige di Maria Immacolata col resto della famiglia, e crescendo era talmente innamorato di Maria, in questa veste, da aver assunto il soprannome di <em>peccatore dell&#8217;Immacolata<\/em>, e questo sebbene il dogma cattolico dell&#8217;<a href=\"https:\/\/www.holyart.it\/blog\/santi-e-beati\/limmacolata-concezione-della-vergine-maria\/\"><strong>Immacolata Concezione<\/strong><\/a> sia stato proclamato solo molto tempo dopo, nel 1854. Si dice che fosse proprio la Vergine, della quale lui regalava immaginette ai bambini, a guidarlo nelle tante guarigioni miracolose di cui fu protagonista e artefice. Oggi nella chiesa di San Francesco a lui dedicata c&#8217;\u00e8 una statua dell&#8217;Immacolata fatta portare proprio da lui da Napoli, davanti alla quale era solito pregare e che oggi \u00e8 fulcro di una grande devozione. La Vergine Immacolata era anche dipinta sulla porta della sua cella e a lei San Francesco dedic\u00f2 preghiere e canzoni: <em>&#8220;&#8230;Fra le pure creature, sei Maria la pi\u00f9 perfetta; tu la sola benedetta, fra le donne sei chiamata: Oh, Concetta Immacolata. Dica ognuno che sia lodata, la Regina del Cielo Immacolata!&#8230;&#8221;<\/em><\/p>\n<div class=\"link-product\">\n<div class=\"blocco-immagine\"><img loading=\"lazy\" decoding=\"async\" class=\"size-full wp-image-15984 alignleft\" src=\"https:\/\/blog.holyart.it\/it\/wp-content\/uploads\/sites\/17\/2022\/07\/madonna-immacolata-polvere-di-marmo-dipinta-30-cm-esterno.jpg\" alt=\"madonna immacolata polvere di marmo dipinta 30 cm esterno\" width=\"100\" height=\"100\" data-kale-share-title=\"San Francesco Antonio Fasani, il santo da invocare per la pioggia\" data-kale-share-url=\"https:\/\/blog.holyart.it\/it\/?p=15980\" \/><\/div>\n<div class=\"blocco-contenuto\">\n<div class=\"blocco-acquista\">Acquista su Holyart:<\/div>\n<div class=\"blocco-titolo\"><a href=\"https:\/\/www.holyart.it\/it\/articoli-religiosi\/statue\/statue-in-polvere-di-marmo-di-carrara\/madonna-immacolata-polvere-di-marmo-dipinta-30-cm-esterno\">Madonna Immacolata polvere di marmo 30 cm<\/a><\/div>\n<div class=\"blocco-descrizione\">La statua rappresenta la Madonna con un abito bianco, un mantello blu e le mani giunte in preghiera sul petto.<\/div>\n<\/div>\n<\/div>\n<h2>I santi protettori della pioggia<\/h2>\n<p>San Francesco Antonio Fasani non \u00e8 il solo Santo da invocare in caso di siccit\u00e0. Come un tempo la gente semplice si rivolgeva agli dei per ottenere un aiuto nella vita di tutti i giorni, cos\u00ec con l&#8217;avvento e la diffusione del Cristianesimo la devozione popolare rivolta ai Santi, divenuti i nuovi patroni e protettori di vari aspetti della vita e del lavoro, \u00e8 andata avanti. Non mancano i Santi legati a eventi climatici, da invocare per avere protezione per s\u00e9 e per il raccolto, in caso di siccit\u00e0, alluvioni, grandine. Vediamo quali sono.<\/p>\n<h3>San Gemolo<\/h3>\n<p>Il 4 febbraio la Chiesa festeggia San Gemolo, Santo martire vissuto intorno all&#8217;anno 1000. Secondo la leggenda egli era nipote di un Vescovo, e si rec\u00f2 presso dei banditi che avevano derubato il suo illustre parente, rivendicando la restituzione del maltolto in nome di Dio e dei Santi Apostoli Pietro e Paolo. I banditi rifiutarono, e quando gli chiesero se in nome di quegli stessi Santi lui sarebbe stato disposto a morire, lui disse s\u00ec e lo decapitarono. Allora Gemolo raccolse la propria testa, risal\u00ec a cavallo e torn\u00f2 dallo zio, tra le braccia del quale mor\u00ec.\u00a0 Nel luogo in cui il ragazzo mor\u00ec scaturiva una fonte disseminata di piccoli sassi rossi, identificati con le gocce del sangue del giovane martire. Nel XIV secolo venne costruito poco lontano un oratorio in suo onore, e anche qui emerse una sorgente. Da questo momento i pellegrini associarono Gemolo alla pioggia e nei secoli successivi venivano dal Piemonte e dalla Lombardia a raccogliere l&#8217;acqua dalla sua sorgente per spargerla nei campi e proteggere i raccolti dalla siccit\u00e0.<\/p>\n<h3>Sant\u2019Antonio<\/h3>\n<p>Un giorno <a href=\"https:\/\/www.holyart.it\/blog\/santi-e-beati\/santantonio-da-padova-il-santo-dei-miracoli\/\"><strong>Sant&#8217;Antonio da Padova<\/strong><\/a> si trovava in Francia, a Limoges, a predicare all&#8217;aperto, poich\u00e9 l&#8217;immensa affluenza di fedeli non permetteva di raccoglierli tutti in un posto chiuso. A un certo punto il cielo si riemp\u00ec di nubi cariche di pioggia, ma il Santo promise a coloro i quali si erano raccolti per ascoltarlo che non sarebbe piovuto. La pioggia cadde, ma la folla venuta per sentire <a href=\"https:\/\/www.holyart.it\/it\/articoli-religiosi\/statue\/statue-in-legno-dipinto\/san-antonio-di-padova-con-bimbo-legno-dipinto-val-gardena\"><strong>Sant&#8217;Antonio<\/strong><\/a> rimase all&#8217;asciutto, miracolosamente.<\/p>\n<div class=\"link-article\">\n<p><img loading=\"lazy\" decoding=\"async\" class=\"size-full wp-image-15985 alignleft\" src=\"https:\/\/blog.holyart.it\/it\/wp-content\/uploads\/sites\/17\/2022\/07\/Sant-Antonio-da-Padova.jpg\" alt=\"Sant Antonio da Padova\" width=\"150\" height=\"103\" data-kale-share-title=\"San Francesco Antonio Fasani, il santo da invocare per la pioggia\" data-kale-share-url=\"https:\/\/blog.holyart.it\/it\/?p=15980\" \/><\/p>\n<div class=\"leggi-anche\">Leggi anche:<\/div>\n<p><strong><a href=\"https:\/\/www.holyart.it\/blog\/santi-e-beati\/santantonio-da-padova-il-santo-dei-miracoli\/\">Sant\u2019Antonio da Padova: il Santo dei miracoli<\/a><\/strong><br \/>\nSant\u2019Antonio da Padova fu gi\u00e0 tra i suoi contemporanei maestro di sapienza cristiana e autore di opere immortali&#8230;<\/p>\n<\/div>\n<h3>San Giorgio, il Santo della grandine<\/h3>\n<p>San Cristanziano, San Vittorio di Cesarea, San Lucio di Cavargna, San Domenico di Sora sono solo alcuni dei Santi da invocare in caso di grandinate, mentre <a href=\"https:\/\/www.holyart.it\/it\/articoli-religiosi\/icone-sacre\/icone-grecia-dipinte-e-serigrafate\/icona-san-giorgio-mantello-rosso-grecia\"><strong>San Giorgio<\/strong><\/a>, principe di Cappadocia, martire e patrono dei cavalieri, deve il suo legame con la grandine al fatto che la sua memoria liturgica cade alla fine di aprile, mese in cui le perturbazioni sono frequenti. Cos\u00ec \u00e8 conosciuto come <em>il santo della grandine<\/em> o anche il <em>cavaliere del freddo<\/em>.<\/p>\n<h3>San Giacomo<\/h3>\n<p>Quando a luglio fa troppo caldo si prega <a href=\"https:\/\/www.holyart.it\/it\/articoli-religiosi\/statue\/statue-in-resina-e-pvc\/statua-san-giacomo-apostolo-30-cm-resina-colorata\"><strong>San Giacomo<\/strong><\/a>, la cui memoria liturgica cade il 25 di questo mese. I giorni pi\u00f9 caldi, che vanno dal 22 luglio al 23 agosto, sono chiamati giorni della canicola, dal latino <em>canicula<\/em>, &#8220;piccola cagna&#8221;,\u00a0soprannome della stella Sirio<\/p>\n<h3>Santa Sabina<\/h3>\n<p>Martire cristiana del II secolo, a <a href=\"https:\/\/www.holyart.it\/it\/articoli-religiosi\/statue\/statue-in-legno-dipinto\/santa-sabina-dipinta-con-palma-e-libro-legno-acero-valgardena\"><strong>Santa Sabina<\/strong><\/a> si rivolgono preghiere come protettrice contro la pioggia violenta, ma anche per invocare la pioggia in caso di siccit\u00e0. La sua festa \u00e8 il 29 agosto.<\/p>\n<div class=\"sp-styles-warning\" style=\"width: 450px; background-color: #FFF; color: #F00; border: 1px solid #F00; padding: 10px; font-size: 14px;\">\n\t\t\t<span style=\"font-weight: bold;\">Warning: The stylesheets were not loaded!<\/span> \n\t\t\tYou will need to change the <i>Load stylesheets<\/i> setting from <i>Automatically<\/i> to <i>On homepage<\/i> or <i>On all pages<\/i>. \n\t\t\tYou can set that <a style=\"text-decoration: underline; color: #F00;\" href=\"https:\/\/blog.holyart.it\/it\/wp-admin\/admin.php?page=sliderpro-settings\">here<\/a>.\n\t\t\t<\/div>\r\n<div id=\"slider-pro-142\" class=\"slider-pro sp-no-js\" style=\"width: 500px; height: 500px;\">\r\n\t<div class=\"sp-slides\">\r\n\t\t\r\n\t\t<div class=\"sp-slide\">\r\n\t\t\t<img loading=\"lazy\" decoding=\"async\" class=\"sp-image\" src=\"https:\/\/blog.holyart.it\/it\/wp-content\/uploads\/sites\/17\/2022\/07\/san-antonio-di-padova-con-bimbo-legno-dipinto-val-gardena.jpg\" alt=\"san antonio di padova con bimbo legno dipinto val gardena\" width=\"500\" height=\"500\" \/>\r\n\t\t\t<div class=\"sp-thumbnail\"><a class=\"\" href=\"https:\/\/www.holyart.it\/it\/articoli-religiosi\/statue\/statue-in-legno-dipinto\/san-antonio-di-padova-con-bimbo-legno-dipinto-val-gardena\">\r\n\t\t\t\t<img decoding=\"async\" src=\"https:\/\/blog.holyart.it\/it\/wp-content\/uploads\/sites\/17\/2022\/07\/san-antonio-di-padova-con-bimbo-legno-dipinto-val-gardena-150x150-1.jpg\" alt=\"san antonio di padova con bimbo legno dipinto val gardena 150x150\" \/>\r\n\t\t\t<\/a>\r\n\t\t\t<\/div>\r\n\t\t\t<div class=\"sp-caption\">San Antonio di Padova con Bimbo legno dipinto Val Gardena.<br \/><strong><a href=\"https:\/\/www.holyart.it\/it\/articoli-religiosi\/statue\/statue-in-legno-dipinto\/san-antonio-di-padova-con-bimbo-legno-dipinto-val-gardena\">Acquista su Holyart<\/a><\/strong><\/div>\r\n\t\t<\/div>\r\n\t\t<div class=\"sp-slide\">\r\n\t\t\t<img loading=\"lazy\" decoding=\"async\" class=\"sp-image\" src=\"https:\/\/blog.holyart.it\/it\/wp-content\/uploads\/sites\/17\/2022\/07\/icona-san-giorgio-mantello-rosso-grecia-1.jpg\" alt=\"icona san giorgio mantello rosso grecia\" width=\"500\" height=\"500\" \/>\r\n\t\t\t<div class=\"sp-thumbnail\"><a class=\"\" href=\"https:\/\/www.holyart.it\/it\/articoli-religiosi\/icone-sacre\/icone-grecia-dipinte-e-serigrafate\/icona-san-giorgio-mantello-rosso-grecia\">\r\n\t\t\t\t<img decoding=\"async\" src=\"https:\/\/blog.holyart.it\/it\/wp-content\/uploads\/sites\/17\/2022\/07\/icona-san-giorgio-mantello-rosso-grecia-150x150.jpg\" alt=\"icona san giorgio mantello rosso grecia 150x150\" \/>\r\n\t\t\t<\/a>\r\n\t\t\t<\/div>\r\n\t\t\t<div class=\"sp-caption\">Icona San Giorgio mantello rosso Grecia.<br \/><strong><a href=\"https:\/\/www.holyart.it\/it\/articoli-religiosi\/icone-sacre\/icone-grecia-dipinte-e-serigrafate\/icona-san-giorgio-mantello-rosso-grecia\">Acquista su Holyart<\/a><\/strong><\/div>\r\n\t\t<\/div>\r\n\t\t<div class=\"sp-slide\">\r\n\t\t\t<img loading=\"lazy\" decoding=\"async\" class=\"sp-image\" src=\"https:\/\/blog.holyart.it\/it\/wp-content\/uploads\/sites\/17\/2022\/07\/statua-san-giacomo-apostolo-30-cm-resina-colorata-1.jpg\" alt=\"statua san giacomo apostolo 30 cm resina colorata\" width=\"500\" height=\"500\" \/>\r\n\t\t\t<div class=\"sp-thumbnail\"><a class=\"\" href=\"https:\/\/www.holyart.it\/it\/articoli-religiosi\/statue\/statue-in-resina-e-pvc\/statua-san-giacomo-apostolo-30-cm-resina-colorata\">\r\n\t\t\t\t<img decoding=\"async\" src=\"https:\/\/blog.holyart.it\/it\/wp-content\/uploads\/sites\/17\/2022\/07\/statua-san-giacomo-apostolo-30-cm-resina-colorata-150x150.jpg\" alt=\"statua san giacomo apostolo 30 cm resina colorata 150x150\" \/>\r\n\t\t\t<\/a>\r\n\t\t\t<\/div>\r\n\t\t\t<div class=\"sp-caption\">Statua San Giacomo apostolo 30 cm resina colorata.<br \/><strong><a href=\"https:\/\/www.holyart.it\/it\/articoli-religiosi\/statue\/statue-in-resina-e-pvc\/statua-san-giacomo-apostolo-30-cm-resina-colorata\">Acquista su Holyart<\/a><\/strong><\/div>\r\n\t\t<\/div>\r\n\t\t<div class=\"sp-slide\">\r\n\t\t\t<img loading=\"lazy\" decoding=\"async\" class=\"sp-image\" src=\"https:\/\/blog.holyart.it\/it\/wp-content\/uploads\/sites\/17\/2022\/07\/santa-sabina-dipinta-con-palma-e-libro-legno-acero-valgardena-1.jpg\" alt=\"santa sabina dipinta con palma e libro legno acero valgardena\" width=\"500\" height=\"500\" \/>\r\n\t\t\t<div class=\"sp-thumbnail\"><a class=\"\" href=\"https:\/\/www.holyart.it\/it\/articoli-religiosi\/statue\/statue-in-legno-dipinto\/santa-sabina-dipinta-con-palma-e-libro-legno-acero-valgardena\">\r\n\t\t\t\t<img decoding=\"async\" src=\"https:\/\/blog.holyart.it\/it\/wp-content\/uploads\/sites\/17\/2022\/07\/santa-sabina-dipinta-con-palma-e-libro-legno-acero-valgardena-1.jpg\" alt=\"santa sabina dipinta con palma e libro legno acero valgardena\" \/>\r\n\t\t\t<\/a>\r\n\t\t\t<\/div>\r\n\t\t\t<div class=\"sp-caption\">Santa Sabina dipinta con palma e libro legno acero Valgardena.<br \/><strong><a href=\"https:\/\/www.holyart.it\/it\/articoli-religiosi\/statue\/statue-in-legno-dipinto\/santa-sabina-dipinta-con-palma-e-libro-legno-acero-valgardena\">Acquista su Holyart<\/a><\/strong><\/div>\r\n\t\t<\/div>\r\n\t<\/div>\r\n<\/div>\n","protected":false},"excerpt":{"rendered":"<p>San Francesco Antonio Fasani, teologo e uomo di grande cuore e carit\u00e0, \u00e8 ricordato anche per alcuni miracoli legati all&#8217;acqua e alla pioggia. Ecco perch\u00e9 viene invocato in caso di siccit\u00e0 Un Santo per invocare la pioggia? Sembra un&#8217;immagine molto poco consona alla figura di&hellip;<\/p>\n","protected":false},"author":1,"featured_media":15993,"comment_status":"closed","ping_status":"open","sticky":false,"template":"","format":"standard","meta":{"_acf_changed":false,"footnotes":""},"categories":[15],"tags":[],"class_list":["post-15980","post","type-post","status-publish","format-standard","has-post-thumbnail","hentry","category-santi-e-beati"],"acf":[],"yoast_head":"<!-- This site is optimized with the Yoast SEO plugin v26.6 - https:\/\/yoast.com\/wordpress\/plugins\/seo\/ -->\n<title>San Francesco Antonio Fasani, il santo da invocare per la pioggia<\/title>\n<meta name=\"description\" content=\"Santi da invocare per chiedere la pioggia, quando c&#039;\u00e8 siccit\u00e0. San Francesco Antonio Fasani e tutti gli altri santi amici dei contadini, contro il maltempo\" \/>\n<meta name=\"robots\" content=\"index, follow, max-snippet:-1, max-image-preview:large, max-video-preview:-1\" \/>\n<link rel=\"canonical\" href=\"https:\/\/blog.holyart.it\/it\/santi-e-beati\/san-francesco-antonio-fasani-per-la-pioggia\/\" \/>\n<meta property=\"og:locale\" content=\"it_IT\" \/>\n<meta property=\"og:type\" content=\"article\" \/>\n<meta property=\"og:title\" content=\"San Francesco Antonio Fasani, il santo da invocare per la pioggia\" \/>\n<meta property=\"og:description\" content=\"Santi da invocare per chiedere la pioggia, quando c&#039;\u00e8 siccit\u00e0. San Francesco Antonio Fasani e tutti gli altri santi amici dei contadini, contro il maltempo\" \/>\n<meta property=\"og:url\" content=\"https:\/\/blog.holyart.it\/it\/santi-e-beati\/san-francesco-antonio-fasani-per-la-pioggia\/\" \/>\n<meta property=\"og:site_name\" content=\"Holyblog\" \/>\n<meta property=\"article:published_time\" content=\"2022-07-25T10:30:05+00:00\" \/>\n<meta property=\"article:modified_time\" content=\"2025-05-07T10:10:52+00:00\" \/>\n<meta property=\"og:image\" content=\"https:\/\/blog.holyart.it\/it\/wp-content\/uploads\/sites\/17\/2022\/07\/san-francesco-antonio-fasani-contro-la-siccita.jpg\" \/>\n\t<meta property=\"og:image:width\" content=\"1000\" \/>\n\t<meta property=\"og:image:height\" content=\"666\" \/>\n\t<meta property=\"og:image:type\" content=\"image\/jpeg\" \/>\n<meta name=\"author\" content=\"Redazione\" \/>\n<meta name=\"twitter:card\" content=\"summary_large_image\" \/>\n<meta name=\"twitter:label1\" content=\"Scritto da\" \/>\n\t<meta name=\"twitter:data1\" content=\"Redazione\" \/>\n\t<meta name=\"twitter:label2\" content=\"Tempo di lettura stimato\" \/>\n\t<meta name=\"twitter:data2\" content=\"10 minuti\" \/>\n<script type=\"application\/ld+json\" class=\"yoast-schema-graph\">{\"@context\":\"https:\/\/schema.org\",\"@graph\":[{\"@type\":\"Article\",\"@id\":\"https:\/\/blog.holyart.it\/it\/santi-e-beati\/san-francesco-antonio-fasani-per-la-pioggia\/#article\",\"isPartOf\":{\"@id\":\"https:\/\/blog.holyart.it\/it\/santi-e-beati\/san-francesco-antonio-fasani-per-la-pioggia\/\"},\"author\":{\"name\":\"Redazione\",\"@id\":\"https:\/\/blog.holyart.it\/it\/#\/schema\/person\/0a7b686e5af0f856ec1e390dd0baecda\"},\"headline\":\"San Francesco Antonio Fasani, il santo da invocare per la pioggia\",\"datePublished\":\"2022-07-25T10:30:05+00:00\",\"dateModified\":\"2025-05-07T10:10:52+00:00\",\"mainEntityOfPage\":{\"@id\":\"https:\/\/blog.holyart.it\/it\/santi-e-beati\/san-francesco-antonio-fasani-per-la-pioggia\/\"},\"wordCount\":1542,\"publisher\":{\"@id\":\"https:\/\/blog.holyart.it\/it\/#organization\"},\"image\":{\"@id\":\"https:\/\/blog.holyart.it\/it\/santi-e-beati\/san-francesco-antonio-fasani-per-la-pioggia\/#primaryimage\"},\"thumbnailUrl\":\"https:\/\/blog.holyart.it\/it\/wp-content\/uploads\/sites\/17\/2022\/07\/san-francesco-antonio-fasani-contro-la-siccita.jpg\",\"articleSection\":[\"Santi e beati\"],\"inLanguage\":\"it-IT\"},{\"@type\":\"WebPage\",\"@id\":\"https:\/\/blog.holyart.it\/it\/santi-e-beati\/san-francesco-antonio-fasani-per-la-pioggia\/\",\"url\":\"https:\/\/blog.holyart.it\/it\/santi-e-beati\/san-francesco-antonio-fasani-per-la-pioggia\/\",\"name\":\"San Francesco Antonio Fasani, il santo da invocare per la pioggia\",\"isPartOf\":{\"@id\":\"https:\/\/blog.holyart.it\/it\/#website\"},\"primaryImageOfPage\":{\"@id\":\"https:\/\/blog.holyart.it\/it\/santi-e-beati\/san-francesco-antonio-fasani-per-la-pioggia\/#primaryimage\"},\"image\":{\"@id\":\"https:\/\/blog.holyart.it\/it\/santi-e-beati\/san-francesco-antonio-fasani-per-la-pioggia\/#primaryimage\"},\"thumbnailUrl\":\"https:\/\/blog.holyart.it\/it\/wp-content\/uploads\/sites\/17\/2022\/07\/san-francesco-antonio-fasani-contro-la-siccita.jpg\",\"datePublished\":\"2022-07-25T10:30:05+00:00\",\"dateModified\":\"2025-05-07T10:10:52+00:00\",\"description\":\"Santi da invocare per chiedere la pioggia, quando c'\u00e8 siccit\u00e0. San Francesco Antonio Fasani e tutti gli altri santi amici dei contadini, contro il maltempo\",\"breadcrumb\":{\"@id\":\"https:\/\/blog.holyart.it\/it\/santi-e-beati\/san-francesco-antonio-fasani-per-la-pioggia\/#breadcrumb\"},\"inLanguage\":\"it-IT\",\"potentialAction\":[{\"@type\":\"ReadAction\",\"target\":[\"https:\/\/blog.holyart.it\/it\/santi-e-beati\/san-francesco-antonio-fasani-per-la-pioggia\/\"]}]},{\"@type\":\"ImageObject\",\"inLanguage\":\"it-IT\",\"@id\":\"https:\/\/blog.holyart.it\/it\/santi-e-beati\/san-francesco-antonio-fasani-per-la-pioggia\/#primaryimage\",\"url\":\"https:\/\/blog.holyart.it\/it\/wp-content\/uploads\/sites\/17\/2022\/07\/san-francesco-antonio-fasani-contro-la-siccita.jpg\",\"contentUrl\":\"https:\/\/blog.holyart.it\/it\/wp-content\/uploads\/sites\/17\/2022\/07\/san-francesco-antonio-fasani-contro-la-siccita.jpg\",\"width\":1000,\"height\":666,\"caption\":\"san francesco antonio fasani contro la siccit\u00e0\"},{\"@type\":\"BreadcrumbList\",\"@id\":\"https:\/\/blog.holyart.it\/it\/santi-e-beati\/san-francesco-antonio-fasani-per-la-pioggia\/#breadcrumb\",\"itemListElement\":[{\"@type\":\"ListItem\",\"position\":1,\"name\":\"Homepage\",\"item\":\"https:\/\/blog.holyart.it\/it\/\"},{\"@type\":\"ListItem\",\"position\":2,\"name\":\"Santi e beati\",\"item\":\"https:\/\/blog.holyart.it\/it\/santi-e-beati\/\"},{\"@type\":\"ListItem\",\"position\":3,\"name\":\"San Francesco Antonio Fasani, il santo da invocare per la pioggia\"}]},{\"@type\":\"WebSite\",\"@id\":\"https:\/\/blog.holyart.it\/it\/#website\",\"url\":\"https:\/\/blog.holyart.it\/it\/\",\"name\":\"Holyblog\",\"description\":\"Il Blog di Holyart.it\",\"publisher\":{\"@id\":\"https:\/\/blog.holyart.it\/it\/#organization\"},\"potentialAction\":[{\"@type\":\"SearchAction\",\"target\":{\"@type\":\"EntryPoint\",\"urlTemplate\":\"https:\/\/blog.holyart.it\/it\/?s={search_term_string}\"},\"query-input\":{\"@type\":\"PropertyValueSpecification\",\"valueRequired\":true,\"valueName\":\"search_term_string\"}}],\"inLanguage\":\"it-IT\"},{\"@type\":\"Organization\",\"@id\":\"https:\/\/blog.holyart.it\/it\/#organization\",\"name\":\"Holyblog\",\"url\":\"https:\/\/blog.holyart.it\/it\/\",\"logo\":{\"@type\":\"ImageObject\",\"inLanguage\":\"it-IT\",\"@id\":\"https:\/\/blog.holyart.it\/it\/#\/schema\/logo\/image\/\",\"url\":\"https:\/\/blog.holyart.it\/it\/wp-content\/uploads\/sites\/17\/2022\/12\/Holyart_Blog_Logo.jpg\",\"contentUrl\":\"https:\/\/blog.holyart.it\/it\/wp-content\/uploads\/sites\/17\/2022\/12\/Holyart_Blog_Logo.jpg\",\"width\":300,\"height\":50,\"caption\":\"Holyblog\"},\"image\":{\"@id\":\"https:\/\/blog.holyart.it\/it\/#\/schema\/logo\/image\/\"}},{\"@type\":\"Person\",\"@id\":\"https:\/\/blog.holyart.it\/it\/#\/schema\/person\/0a7b686e5af0f856ec1e390dd0baecda\",\"name\":\"Redazione\"}]}<\/script>\n<!-- \/ Yoast SEO plugin. -->","yoast_head_json":{"title":"San Francesco Antonio Fasani, il santo da invocare per la pioggia","description":"Santi da invocare per chiedere la pioggia, quando c'\u00e8 siccit\u00e0. San Francesco Antonio Fasani e tutti gli altri santi amici dei contadini, contro il maltempo","robots":{"index":"index","follow":"follow","max-snippet":"max-snippet:-1","max-image-preview":"max-image-preview:large","max-video-preview":"max-video-preview:-1"},"canonical":"https:\/\/blog.holyart.it\/it\/santi-e-beati\/san-francesco-antonio-fasani-per-la-pioggia\/","og_locale":"it_IT","og_type":"article","og_title":"San Francesco Antonio Fasani, il santo da invocare per la pioggia","og_description":"Santi da invocare per chiedere la pioggia, quando c'\u00e8 siccit\u00e0. San Francesco Antonio Fasani e tutti gli altri santi amici dei contadini, contro il maltempo","og_url":"https:\/\/blog.holyart.it\/it\/santi-e-beati\/san-francesco-antonio-fasani-per-la-pioggia\/","og_site_name":"Holyblog","article_published_time":"2022-07-25T10:30:05+00:00","article_modified_time":"2025-05-07T10:10:52+00:00","og_image":[{"width":1000,"height":666,"url":"https:\/\/blog.holyart.it\/it\/wp-content\/uploads\/sites\/17\/2022\/07\/san-francesco-antonio-fasani-contro-la-siccita.jpg","type":"image\/jpeg"}],"author":"Redazione","twitter_card":"summary_large_image","twitter_misc":{"Scritto da":"Redazione","Tempo di lettura stimato":"10 minuti"},"schema":{"@context":"https:\/\/schema.org","@graph":[{"@type":"Article","@id":"https:\/\/blog.holyart.it\/it\/santi-e-beati\/san-francesco-antonio-fasani-per-la-pioggia\/#article","isPartOf":{"@id":"https:\/\/blog.holyart.it\/it\/santi-e-beati\/san-francesco-antonio-fasani-per-la-pioggia\/"},"author":{"name":"Redazione","@id":"https:\/\/blog.holyart.it\/it\/#\/schema\/person\/0a7b686e5af0f856ec1e390dd0baecda"},"headline":"San Francesco Antonio Fasani, il santo da invocare per la pioggia","datePublished":"2022-07-25T10:30:05+00:00","dateModified":"2025-05-07T10:10:52+00:00","mainEntityOfPage":{"@id":"https:\/\/blog.holyart.it\/it\/santi-e-beati\/san-francesco-antonio-fasani-per-la-pioggia\/"},"wordCount":1542,"publisher":{"@id":"https:\/\/blog.holyart.it\/it\/#organization"},"image":{"@id":"https:\/\/blog.holyart.it\/it\/santi-e-beati\/san-francesco-antonio-fasani-per-la-pioggia\/#primaryimage"},"thumbnailUrl":"https:\/\/blog.holyart.it\/it\/wp-content\/uploads\/sites\/17\/2022\/07\/san-francesco-antonio-fasani-contro-la-siccita.jpg","articleSection":["Santi e beati"],"inLanguage":"it-IT"},{"@type":"WebPage","@id":"https:\/\/blog.holyart.it\/it\/santi-e-beati\/san-francesco-antonio-fasani-per-la-pioggia\/","url":"https:\/\/blog.holyart.it\/it\/santi-e-beati\/san-francesco-antonio-fasani-per-la-pioggia\/","name":"San Francesco Antonio Fasani, il santo da invocare per la pioggia","isPartOf":{"@id":"https:\/\/blog.holyart.it\/it\/#website"},"primaryImageOfPage":{"@id":"https:\/\/blog.holyart.it\/it\/santi-e-beati\/san-francesco-antonio-fasani-per-la-pioggia\/#primaryimage"},"image":{"@id":"https:\/\/blog.holyart.it\/it\/santi-e-beati\/san-francesco-antonio-fasani-per-la-pioggia\/#primaryimage"},"thumbnailUrl":"https:\/\/blog.holyart.it\/it\/wp-content\/uploads\/sites\/17\/2022\/07\/san-francesco-antonio-fasani-contro-la-siccita.jpg","datePublished":"2022-07-25T10:30:05+00:00","dateModified":"2025-05-07T10:10:52+00:00","description":"Santi da invocare per chiedere la pioggia, quando c'\u00e8 siccit\u00e0. San Francesco Antonio Fasani e tutti gli altri santi amici dei contadini, contro il maltempo","breadcrumb":{"@id":"https:\/\/blog.holyart.it\/it\/santi-e-beati\/san-francesco-antonio-fasani-per-la-pioggia\/#breadcrumb"},"inLanguage":"it-IT","potentialAction":[{"@type":"ReadAction","target":["https:\/\/blog.holyart.it\/it\/santi-e-beati\/san-francesco-antonio-fasani-per-la-pioggia\/"]}]},{"@type":"ImageObject","inLanguage":"it-IT","@id":"https:\/\/blog.holyart.it\/it\/santi-e-beati\/san-francesco-antonio-fasani-per-la-pioggia\/#primaryimage","url":"https:\/\/blog.holyart.it\/it\/wp-content\/uploads\/sites\/17\/2022\/07\/san-francesco-antonio-fasani-contro-la-siccita.jpg","contentUrl":"https:\/\/blog.holyart.it\/it\/wp-content\/uploads\/sites\/17\/2022\/07\/san-francesco-antonio-fasani-contro-la-siccita.jpg","width":1000,"height":666,"caption":"san francesco antonio fasani contro la siccit\u00e0"},{"@type":"BreadcrumbList","@id":"https:\/\/blog.holyart.it\/it\/santi-e-beati\/san-francesco-antonio-fasani-per-la-pioggia\/#breadcrumb","itemListElement":[{"@type":"ListItem","position":1,"name":"Homepage","item":"https:\/\/blog.holyart.it\/it\/"},{"@type":"ListItem","position":2,"name":"Santi e beati","item":"https:\/\/blog.holyart.it\/it\/santi-e-beati\/"},{"@type":"ListItem","position":3,"name":"San Francesco Antonio Fasani, il santo da invocare per la pioggia"}]},{"@type":"WebSite","@id":"https:\/\/blog.holyart.it\/it\/#website","url":"https:\/\/blog.holyart.it\/it\/","name":"Holyblog","description":"Il Blog di Holyart.it","publisher":{"@id":"https:\/\/blog.holyart.it\/it\/#organization"},"potentialAction":[{"@type":"SearchAction","target":{"@type":"EntryPoint","urlTemplate":"https:\/\/blog.holyart.it\/it\/?s={search_term_string}"},"query-input":{"@type":"PropertyValueSpecification","valueRequired":true,"valueName":"search_term_string"}}],"inLanguage":"it-IT"},{"@type":"Organization","@id":"https:\/\/blog.holyart.it\/it\/#organization","name":"Holyblog","url":"https:\/\/blog.holyart.it\/it\/","logo":{"@type":"ImageObject","inLanguage":"it-IT","@id":"https:\/\/blog.holyart.it\/it\/#\/schema\/logo\/image\/","url":"https:\/\/blog.holyart.it\/it\/wp-content\/uploads\/sites\/17\/2022\/12\/Holyart_Blog_Logo.jpg","contentUrl":"https:\/\/blog.holyart.it\/it\/wp-content\/uploads\/sites\/17\/2022\/12\/Holyart_Blog_Logo.jpg","width":300,"height":50,"caption":"Holyblog"},"image":{"@id":"https:\/\/blog.holyart.it\/it\/#\/schema\/logo\/image\/"}},{"@type":"Person","@id":"https:\/\/blog.holyart.it\/it\/#\/schema\/person\/0a7b686e5af0f856ec1e390dd0baecda","name":"Redazione"}]}},"_links":{"self":[{"href":"https:\/\/blog.holyart.it\/it\/wp-json\/wp\/v2\/posts\/15980","targetHints":{"allow":["GET"]}}],"collection":[{"href":"https:\/\/blog.holyart.it\/it\/wp-json\/wp\/v2\/posts"}],"about":[{"href":"https:\/\/blog.holyart.it\/it\/wp-json\/wp\/v2\/types\/post"}],"author":[{"embeddable":true,"href":"https:\/\/blog.holyart.it\/it\/wp-json\/wp\/v2\/users\/1"}],"replies":[{"embeddable":true,"href":"https:\/\/blog.holyart.it\/it\/wp-json\/wp\/v2\/comments?post=15980"}],"version-history":[{"count":1,"href":"https:\/\/blog.holyart.it\/it\/wp-json\/wp\/v2\/posts\/15980\/revisions"}],"predecessor-version":[{"id":18115,"href":"https:\/\/blog.holyart.it\/it\/wp-json\/wp\/v2\/posts\/15980\/revisions\/18115"}],"wp:featuredmedia":[{"embeddable":true,"href":"https:\/\/blog.holyart.it\/it\/wp-json\/wp\/v2\/media\/15993"}],"wp:attachment":[{"href":"https:\/\/blog.holyart.it\/it\/wp-json\/wp\/v2\/media?parent=15980"}],"wp:term":[{"taxonomy":"category","embeddable":true,"href":"https:\/\/blog.holyart.it\/it\/wp-json\/wp\/v2\/categories?post=15980"},{"taxonomy":"post_tag","embeddable":true,"href":"https:\/\/blog.holyart.it\/it\/wp-json\/wp\/v2\/tags?post=15980"}],"curies":[{"name":"wp","href":"https:\/\/api.w.org\/{rel}","templated":true}]}}