{"id":15950,"date":"2022-07-27T12:30:41","date_gmt":"2022-07-27T10:30:41","guid":{"rendered":"https:\/\/blog.holyart.it\/it\/?p=15950"},"modified":"2026-04-03T15:58:33","modified_gmt":"2026-04-03T13:58:33","slug":"storie-di-fratelli-divenuti-santi","status":"publish","type":"post","link":"https:\/\/blog.holyart.it\/it\/santi-e-beati\/storie-di-fratelli-divenuti-santi\/","title":{"rendered":"Quando la santit\u00e0 \u00e8 di famiglia: storie di fratelli e sorelle divenuti santi insieme"},"content":{"rendered":"<h4>Storie di santi fratelli e sorelle. Quando la santit\u00e0 \u00e8 di famiglia. Da San Cirillo e Metodio, compatroni d&#8217;Europa, a San Benedetto e Santa Scolastica, uniti nella vita e nella morte<\/h4>\n\n<p>Quand&#8217;\u00e8 che un Santo diventa tale? Studiando e ripercorrendo le tante storie di santi tramandate da documenti agiografici a carattere liturgico, come martirologi e calendari, e da testi narrativi di carattere devozionale, come le <em>Passiones<\/em>, le storie di miracoli e reliquie, e ancora da rappresentazioni iconografiche di arte sacra o legate al culto, scopriamo come per molti santi uomini e donne il cammino verso la santit\u00e0 \u00e8 iniziato <strong>in famiglia<\/strong>. Pensiamo a <strong>Sant&#8217;Agostino<\/strong>, forse uno degli esempi pi\u00f9 significativi. Sua madre, <strong><a href=\"https:\/\/www.holyart.it\/blog\/santi-e-beati\/santa-monica-patrona-delle-madri-ed-esempio-per-le-donne\/\">Santa Monica<\/a><\/strong>, dedic\u00f2 tutta la propria vita a correggere le sue cattive abitudini, a raddrizzare la sua inclinazione al peccato e alla dissolutezza, finch\u00e9 lo convinse ad affidarsi a <a href=\"https:\/\/www.holyart.it\/blog\/santi-e-beati\/santambrogio-chi-era-il-santo-patrono-di-milano\/\"><strong>Sant&#8217;Ambrogio<\/strong><\/a> e a scegliere la via della santit\u00e0. Per questo Sant&#8217;Agostino non fu mai abbastanza grato alla madre, come leggiamo nelle sue <strong><a href=\"https:\/\/www.holyart.it\/blog\/santi-e-beati\/le-confessioni-di-sant-agostino-come-cambiare-la-propria-vita\/\">Confessioni<\/a><\/strong>.<\/p>\n<div class=\"link-article\">\n<p><img loading=\"lazy\" decoding=\"async\" class=\"size-full wp-image-15951 alignleft\" src=\"https:\/\/blog.holyart.it\/it\/wp-content\/uploads\/sites\/17\/2022\/07\/santa-monica.jpg\" alt=\"santa monica\" width=\"150\" height=\"99\" data-kale-share-title=\"Quando la santit\u00e0 \u00e8 di famiglia: storie di fratelli e sorelle divenuti santi insieme\" data-kale-share-url=\"https:\/\/blog.holyart.it\/it\/?p=15950\" \/><\/p>\n<div class=\"leggi-anche\">Leggi anche:<\/div>\n<p><strong><a href=\"https:\/\/www.holyart.it\/blog\/santi-e-beati\/santa-monica-patrona-delle-madri-ed-esempio-per-le-donne\/\">Santa Monica: patrona delle madri ed esempio per le donne<\/a><\/strong><br \/>\nSanta Monica da Tagaste fu una donna dotata di straordinaria forza d\u2019animo e fede incrollabile. Scopriamo perch\u00e9&#8230;<\/p>\n<\/div>\n<p>Ma ci sono anche storie di santi e sante che hanno intrapreso il cammino verso la Grazia e, in molti casi, anche il martirio, <strong>insieme al proprio fratello o alla propria sorella<\/strong>. Uniti nella santit\u00e0 come nella vita, modello e sprone l&#8217;uno per l&#8217;altro, a volte <a href=\"https:\/\/www.holyart.it\/blog\/santi-e-beati\/santi-martiri-sacrificare-la-propria-vita-in-nome-di-dio\"><strong>martiri insieme<\/strong><\/a>, in nome della propria fede, questi uomini e queste donne rappresentano un modello invidiabile di come nell&#8217;ambito della stessa famiglia sia possibile che germogli non una, ma due volte, a volte anche di pi\u00f9, il virgulto prezioso della beatitudine. Anzi, \u00e8 naturale pensare a come questi santi fratelli e sorelle si siano ispirati, spronati, appoggiati vicendevolmente, come solo i fratelli sanno fare.<\/p>\n<div class=\"link-article\">\n<p><img loading=\"lazy\" decoding=\"async\" class=\"size-full wp-image-15952 alignleft\" src=\"https:\/\/blog.holyart.it\/it\/wp-content\/uploads\/sites\/17\/2022\/07\/Santi-martiri.jpg\" alt=\"Santi martiri\" width=\"150\" height=\"99\" data-kale-share-title=\"Quando la santit\u00e0 \u00e8 di famiglia: storie di fratelli e sorelle divenuti santi insieme\" data-kale-share-url=\"https:\/\/blog.holyart.it\/it\/?p=15950\" \/><\/p>\n<div class=\"leggi-anche\">Leggi anche:<\/div>\n<p><strong><a href=\"https:\/\/www.holyart.it\/blog\/santi-e-beati\/santi-martiri-sacrificare-la-propria-vita-in-nome-di-dio\/\">Santi Martiri: sacrificare la propria vita in nome di Dio<\/a><\/strong><br \/>\nI Santi Martiri sono uomini e donne, spesso molto giovani, che hanno sacrificato la propria vita per amore di Dio&#8230;<\/p>\n<\/div>\n<p>Vediamo le vite dei santi fratelli e sorelle pi\u00f9 famosi.<\/p>\n<h2>San Donaziano e Rogaziano<\/h2>\n<p>A <strong>Nantes<\/strong>, nella valle della Loira, due croci di pietra ricordano <strong>San Donaziano e San Rogaziano<\/strong>. Entrambi poco pi\u00f9 che ragazzi, il primo era gi\u00e0 battezzato, il secondo ancora catecumeno, ma entrambi <strong>predicavano la Parola di Dio<\/strong>. Per questo attirarono su di s\u00e9 la persecuzione dell&#8217;imperatore Massimino. Arrestati entrambi, trascorsero la notte in preghiera, poi vennero torturati, scorticati e uccisi. I loro resti sono stati composti insieme in un sarcofago di pietra e il loro culto \u00e8 uno dei pi\u00f9 diffusi nella valle della Loira e in Francia. La loro memoria liturgica cade il 24 maggio.<\/p>\n<h2>San Cirillo e San Metodio<\/h2>\n<p>Parlando di\u00a0<strong>San Benedetto patrono d&#8217;Europa<\/strong>, \u00e8 inevitabile citare anche <strong><a href=\"https:\/\/www.holyart.it\/blog\/santi-e-beati\/santi-sante-cambiato-mondo\/\">San Cirillo e San Metodio<\/a>, suoi compatroni<\/strong>. Originari della Tessalonica, in Grecia, furono tra i principali fautori dell&#8217;<strong>evangelizzazione dei popoli slavi <\/strong>nel IX secolo d.C. Dei popoli slavi sono diventati anche i patroni. Figli di un governatore militare, vissero gli scontri e le tensioni tra Chiesa d&#8217;Oriente e d&#8217;Occidente, e viaggiarono fino a Roma, dove incontrarono papa Niccol\u00f2 I che stabil\u00ec con loro le modalit\u00e0 di evangelizzazione delle popolazioni slave e la lingua che era pi\u00f9 opportuno usare.\u00a0 Sempre a Roma Metodio prese i voti, e cos\u00ec anche Cirillo (che si chiamava Costantino), che nel frattempo si ammal\u00f2 e mor\u00ec, venendo seppellito presso la basilica di San Clemente. I due santi fratelli ebbero una vita molto avventurosa. A un certo punto vennero perfino catturati e venduti come schiavi a Venezia. Fu <a href=\"https:\/\/www.holyart.it\/it\/occasioni-speciali\/giovanni-paolo-ii\"><strong>Papa Giovanni Paolo II<\/strong><\/a> nel 1980 a eleggerli compatroni d&#8217;Europa, assieme a San Benedetto da Norcia.<\/p>\n<div class=\"link-article\">\n<p><img loading=\"lazy\" decoding=\"async\" class=\"size-full wp-image-15953 alignleft\" src=\"https:\/\/blog.holyart.it\/it\/wp-content\/uploads\/sites\/17\/2022\/07\/santi-famosi.jpg\" alt=\"santi famosi\" width=\"150\" height=\"99\" data-kale-share-title=\"Quando la santit\u00e0 \u00e8 di famiglia: storie di fratelli e sorelle divenuti santi insieme\" data-kale-share-url=\"https:\/\/blog.holyart.it\/it\/?p=15950\" \/><\/p>\n<div class=\"leggi-anche\">Leggi anche:<\/div>\n<p><strong><a href=\"https:\/\/www.holyart.it\/blog\/santi-e-beati\/santi-sante-cambiato-mondo\/\">Santi famosi che hanno cambiato il mondo<\/a><\/strong><br \/>\nVogliamo redigere un elenco di santi famosi per aver cambiato il mondo, una galleria di ritratti di uomini e donne&#8230;<\/p>\n<\/div>\n<h2>Santa Marta e San Lazzaro<\/h2>\n<p>Il 29 luglio si festeggiano <a href=\"https:\/\/www.holyart.it\/blog\/santi-e-beati\/marta-maria-e-lazzaro-gli-amici-di-gesu\/\"><strong>Marta, Maria e Lazzaro<\/strong><\/a>, i santi amici di Ges\u00f9. Di loro sappiamo che abitavano a Betania, non lontano da Gerusalemme. <a href=\"https:\/\/www.holyart.it\/it\/articoli-religiosi\/statue\/statue-in-resina-e-pvc\/santa-marta-20-cm-in-resina\"><strong>Marta<\/strong><\/a> era la pi\u00f9 accudente, si preoccupava della casa e del benessere del fratello, della sorella e del loro ospite, Ges\u00f9, che avesse sempre da bere e mangiare e potesse sentirsi a casa Sua. Maria, seduta ai piedi di Ges\u00f9, beveva avida le Sue parole, mentre Lazzaro, discreto, vegliava sulle sue sorelle e l&#8217;amico come un custode silente. Quando Lazzaro all&#8217;improvviso cadde malato e mor\u00ec, Marta pianse davanti a Ges\u00f9, dicendo che se lui fosse stato presente Lazzaro non sarebbe morto. E Ges\u00f9, in tutta risposta, riport\u00f2 in vita Lazzaro. Secondo la <em>Legenda aurea<\/em> i tre fratelli di Betania, dopo la morte di Ges\u00f9, andarono in Francia a predicare la Sua Parola e Lazzaro sarebbe stato il primo vescovo di Marsiglia.<\/p>\n<div class=\"link-product\">\n<div class=\"blocco-immagine\"><img loading=\"lazy\" decoding=\"async\" class=\"size-full wp-image-15954 alignleft\" src=\"https:\/\/blog.holyart.it\/it\/wp-content\/uploads\/sites\/17\/2022\/07\/santa-marta-20-cm-in-resina.jpg\" alt=\"santa marta 20 cm in resina\" width=\"100\" height=\"100\" data-kale-share-title=\"Quando la santit\u00e0 \u00e8 di famiglia: storie di fratelli e sorelle divenuti santi insieme\" data-kale-share-url=\"https:\/\/blog.holyart.it\/it\/?p=15950\" \/><\/div>\n<div class=\"blocco-contenuto\">\n<div class=\"blocco-acquista\">Acquista su Holyart:<\/div>\n<div class=\"blocco-titolo\"><a href=\"https:\/\/www.holyart.it\/it\/articoli-religiosi\/statue\/statue-in-resina-e-pvc\/santa-marta-20-cm-in-resina\">Santa Marta 20 cm in resina<\/a><\/div>\n<div class=\"blocco-descrizione\">Statua in resina dipinta interamente a mano raffigurante Santa Marta di altezza 20 cm.<\/div>\n<\/div>\n<\/div>\n<h2>San Benedetto e Santa Scolastica<\/h2>\n<p>Anche <a href=\"https:\/\/www.holyart.it\/blog\/santi-e-beati\/san-benedetto-il-santo-che-ha-ispirato-lartigianato-italiano\/\"><strong>San Benedetto Da Norcia<\/strong><\/a>, <strong>Patrono d&#8217;Europa<\/strong>, aveva una sorella, anzi, addirittura una gemella, santa anch&#8217;essa. Si tratta di <strong><a href=\"https:\/\/www.holyart.it\/blog\/santi-e-beati\/santa-scolastica-la-sorella-di-san-benedetto-da-norcia\/\">Santa Scolastica<\/a><\/strong>.\u00a0 Avviata ancora bambina agli studi religiosi, cos\u00ec come il gemello, per volont\u00e0 del padre, con Benedetto fugg\u00ec da Roma e dalla sua vita dissoluta per ritirarsi in un monastero vicino Norcia, dove fece voto di castit\u00e0 e rinunci\u00f2 ai beni terreni. Sebbene non potesse stare con Benedetto, che era divenuto eremita, non si allontan\u00f2 mai troppo da lui, e appena possibile lo raggiunse a <strong>Subiaco<\/strong>, dove lui stava facendo costruire l\u2019Abbazia di Montecassino. Anche Scolastica fece erigere un monastero, a soli 7 chilometri di distanza da quello del fratello, a Piumarola, e qui fond\u00f2 il <strong>ramo femminile dell\u2019Ordine Benedettino<\/strong>, le suore benedettine. I due fratelli <strong>s&#8217;incontravano a met\u00e0 strada<\/strong>, di quando in quando, per pregare insieme e parlare. Quando Scolastica si sent\u00ec prossima alla morte, supplic\u00f2 Benedetto perch\u00e9 restasse con lei. Davanti al rifiuto del fratello, che non poteva contravvenire alla Regola da lui stesso scritta, Scolastica preg\u00f2 intensamente Dio. Un violentissimo temporale costrinse Benedetto a rimandare la partenza e a restare accanto alla sorella, che, pochi giorni dopo quel loro ultimo incontro, mor\u00ec.<\/p>\n<div class=\"link-article\">\n<p><img loading=\"lazy\" decoding=\"async\" class=\"size-full wp-image-15955 alignleft\" src=\"https:\/\/blog.holyart.it\/it\/wp-content\/uploads\/sites\/17\/2022\/07\/santa-scolastica.jpeg\" alt=\"santa scolastica\" width=\"150\" height=\"99\" data-kale-share-title=\"Quando la santit\u00e0 \u00e8 di famiglia: storie di fratelli e sorelle divenuti santi insieme\" data-kale-share-url=\"https:\/\/blog.holyart.it\/it\/?p=15950\" \/><\/p>\n<div class=\"leggi-anche\">Leggi anche:<\/div>\n<p><strong><a href=\"https:\/\/www.holyart.it\/blog\/santi-e-beati\/santa-scolastica-la-sorella-di-san-benedetto-da-norcia\/\">Santa Scolastica, la sorella di San Benedetto da Norcia<\/a><\/strong><br \/>\nIl 10 febbraio la Chiesa ricorda Santa Scolastica, sorella di San Benedetto da Norcia, patrona delle suore Benedettine&#8230;<\/p>\n<\/div>\n<h2>Sant\u2019Andrea e San Pietro<\/h2>\n<p>Forse non tutti rammentano che nei Vangeli <strong>il primo apostolo che incontriamo<\/strong> non \u00e8 Pietro, scelto da Cristo come Suo successore, n\u00e9 Giovanni, il discepolo prediletto, bens\u00ec <strong>Andrea, il pescatore<\/strong>. E Andrea di Pietro, anzi, di Simon Pietro, era il fratello. Come lui pescatore, a Bethsaida di Galilea seguiva le <strong>predicazioni di Giovanni Battista<\/strong>, e fu cos\u00ec che un giorno vide passare Ges\u00f9, dal Battista definito <strong>l\u2019agnello di Dio<\/strong>. Fu sempre Andrea, ispirato da quelle parole, a correre dal fratello Simon Pietro dichiarando con convinzione: <em>&#8220;Abbiamo trovato il Messia!&#8221;<\/em> Andrea appare in altri passi evangelici, e naturalmente era presente con tutti gli altri Apostoli e con Maria Gerusalemme dopo l\u2019Ascensione, il giorno di<strong> Pentecoste<\/strong>. Sub\u00ec il martirio in Grecia, dopo aver portato la Parola in Asia Minore e in Russia. Venne crocifisso a testa in gi\u00f9, su una croce a forma di X che da allora porta il suo nome: <a href=\"https:\/\/www.holyart.it\/it\/articoli-religiosi\/statue\/statue-in-resina-e-pvc\/statua-santandrea-croce-44-cm-resina-dipinta\"><strong>croce di Sant\u2019Andrea<\/strong><\/a>.<\/p>\n<div class=\"link-product\">\n<div class=\"blocco-immagine\"><img loading=\"lazy\" decoding=\"async\" class=\"size-full wp-image-15956 alignleft\" src=\"https:\/\/blog.holyart.it\/it\/wp-content\/uploads\/sites\/17\/2022\/07\/statua-santandrea-croce-44-cm-resina-dipinta.jpg\" alt=\"statua santandrea croce 44 cm resina dipinta\" width=\"100\" height=\"100\" data-kale-share-title=\"Quando la santit\u00e0 \u00e8 di famiglia: storie di fratelli e sorelle divenuti santi insieme\" data-kale-share-url=\"https:\/\/blog.holyart.it\/it\/?p=15950\" \/><\/div>\n<div class=\"blocco-contenuto\">\n<div class=\"blocco-acquista\">Acquista su Holyart:<\/div>\n<div class=\"blocco-titolo\"><a href=\"https:\/\/www.holyart.it\/it\/articoli-religiosi\/statue\/statue-in-resina-e-pvc\/statua-santandrea-croce-44-cm-resina-dipinta\">Statua Sant&#8217;Andrea croce 44 cm resina dipinta<\/a><\/div>\n<div class=\"blocco-descrizione\">Sant&#8217;Andrea viene raffigurato insieme alla croce simbolo del suo martirio.<\/div>\n<\/div>\n<\/div>\n<h2>Santa Marcellina e Sant\u2019Ambrogio<\/h2>\n<p>Nel caso di <strong>Santa Marcellina e Sant&#8217;Ambrogio<\/strong> i fratelli santi sono addirittura<strong> tre<\/strong>: infatti dobbiamo annoverare tra i santi di famiglia anche <strong>San Satiro<\/strong>, fratello gemello di Ambrogio, avvocato, prefetto provinciale e amministratore dei beni di famiglia. Marcellina era la maggiore e crebbe i fratelli dopo la morte del padre. Consacr\u00f2 la propria verginit\u00e0 a Dio, ricevendo il <strong>velo delle vergini<\/strong> da Papa Liberio nel Natale del 353 d.C. Per questo il fratello le dedic\u00f2 il trattato <em>De virginibus<\/em>. Marcellina dedic\u00f2 la propria vita allo studio, alla preghiera e alle opere di bene, e fu sempre un prezioso modello di riferimento per i fratelli minori, Sant&#8217;Ambrogio per primo.<\/p>\n<div class=\"link-product\">\n<div class=\"blocco-immagine\"><img loading=\"lazy\" decoding=\"async\" class=\"size-full wp-image-15957 alignleft\" src=\"https:\/\/blog.holyart.it\/it\/wp-content\/uploads\/sites\/17\/2022\/07\/santambrogio-con-alveare-legno-colorato-valgardena.jpg\" alt=\"sant'ambrogio con alveare legno colorato valgardena\" width=\"100\" height=\"100\" data-kale-share-title=\"Quando la santit\u00e0 \u00e8 di famiglia: storie di fratelli e sorelle divenuti santi insieme\" data-kale-share-url=\"https:\/\/blog.holyart.it\/it\/?p=15950\" \/><\/div>\n<div class=\"blocco-contenuto\">\n<div class=\"blocco-acquista\">Acquista su Holyart:<\/div>\n<div class=\"blocco-titolo\"><a href=\"https:\/\/www.holyart.it\/it\/articoli-religiosi\/statue\/statue-in-legno-dipinto\/santambrogio-con-alveare-legno-colorato-valgardena\">Sant&#8217;Ambrogio con alveare legno colorato Valgardena<\/a><\/div>\n<div class=\"blocco-descrizione\">Statua in legno d&#8217;acero e successivamente dipinto a mano dagli artigiani pittori della val Gardena.<\/div>\n<\/div>\n<\/div>\n<h2>San Cosma e San Damiano<\/h2>\n<p>Infine, ricordiamo i <a href=\"https:\/\/www.holyart.it\/blog\/santi-e-beati\/cosma-e-damiano-i-santi-medici-che-curavano-gratis\/\"><strong>santi dottori, Cosma e Damiano<\/strong><\/a>, ai quali abbiamo dedicato un articolo precedente.\u00a0 Anch&#8217;essi gemelli, vissero nel IV secolo ed erano entrambi <strong>medici originari dell&#8217;Arabia<\/strong>. Con i loro tre fratelli minori, i santi Antimo, Leonzio ed Euprepio, <strong>predicavano la Parola di Dio<\/strong>, salvando le anime, oltre ai corpi, che curavano spesso senza chiedere alcun compenso. Tutti e cinque <strong>subirono il martirio<\/strong> durante la terribile persecuzione indetta da Diocleziano. In particolare, i santi Cosma e Damiano furono lapidati, fustigati, crocefissi e colpiti con dardi e lance, gettati in mare in un sacco con un macigno appeso al collo, bruciati in una fornace ardente e infine decapitati, con i loro fratelli pi\u00f9 giovani. Sono festeggiati il 26 settembre.<\/p>\n<div class=\"link-product\">\n<div class=\"blocco-immagine\"><img loading=\"lazy\" decoding=\"async\" class=\"size-full wp-image-15958 alignleft\" src=\"https:\/\/blog.holyart.it\/it\/wp-content\/uploads\/sites\/17\/2022\/07\/cosma-damiano-palme-statua-resina-12-cm.jpg\" alt=\"cosma damiano palme statua resina 12 cm\" width=\"100\" height=\"100\" data-kale-share-title=\"Quando la santit\u00e0 \u00e8 di famiglia: storie di fratelli e sorelle divenuti santi insieme\" data-kale-share-url=\"https:\/\/blog.holyart.it\/it\/?p=15950\" \/><\/div>\n<div class=\"blocco-contenuto\">\n<div class=\"blocco-acquista\">Acquista su Holyart:<\/div>\n<div class=\"blocco-titolo\"><a href=\"https:\/\/www.holyart.it\/it\/articoli-religiosi\/statue\/statue-in-resina-e-pvc\/cosma-damiano-palme-statua-resina-12-cm\">Cosma Damiano palme statua resina 12 cm<\/a><\/div>\n<div class=\"blocco-descrizione\">Statua ritraente i due Santi medici, Cosma e Damiano, con palme fra le mani e medaglioni dorati con croce.<\/div>\n<\/div>\n<\/div>\n","protected":false},"excerpt":{"rendered":"<p>Storie di santi fratelli e sorelle. Quando la santit\u00e0 \u00e8 di famiglia. Da San Cirillo e Metodio, compatroni d&#8217;Europa, a San Benedetto e Santa Scolastica, uniti nella vita e nella morte Quand&#8217;\u00e8 che un Santo diventa tale? Studiando e ripercorrendo le tante storie di santi&hellip;<\/p>\n","protected":false},"author":1,"featured_media":15960,"comment_status":"closed","ping_status":"open","sticky":false,"template":"","format":"standard","meta":{"_acf_changed":false,"footnotes":""},"categories":[15],"tags":[],"class_list":["post-15950","post","type-post","status-publish","format-standard","has-post-thumbnail","hentry","category-santi-e-beati"],"acf":[],"yoast_head":"<!-- This site is optimized with the Yoast SEO plugin v26.6 - https:\/\/yoast.com\/wordpress\/plugins\/seo\/ -->\n<title>Quando la santit\u00e0 \u00e8 di famiglia: storie di fratelli e sorelle divenuti santi insieme - Holyblog<\/title>\n<meta name=\"description\" content=\"Alcune storie di santi rivelano le vicende di fratelli e sorelle che hanno percorso insieme il camino della santit\u00e0. Uniti nel sangue e nella Fede\" \/>\n<meta name=\"robots\" content=\"index, follow, max-snippet:-1, max-image-preview:large, max-video-preview:-1\" \/>\n<link rel=\"canonical\" href=\"https:\/\/blog.holyart.it\/it\/santi-e-beati\/storie-di-fratelli-divenuti-santi\/\" \/>\n<meta property=\"og:locale\" content=\"it_IT\" \/>\n<meta property=\"og:type\" content=\"article\" \/>\n<meta property=\"og:title\" content=\"Quando la santit\u00e0 \u00e8 di famiglia: storie di fratelli e sorelle divenuti santi insieme - Holyblog\" \/>\n<meta property=\"og:description\" content=\"Alcune storie di santi rivelano le vicende di fratelli e sorelle che hanno percorso insieme il camino della santit\u00e0. Uniti nel sangue e nella Fede\" \/>\n<meta property=\"og:url\" content=\"https:\/\/blog.holyart.it\/it\/santi-e-beati\/storie-di-fratelli-divenuti-santi\/\" \/>\n<meta property=\"og:site_name\" content=\"Holyblog\" \/>\n<meta property=\"article:published_time\" content=\"2022-07-27T10:30:41+00:00\" \/>\n<meta property=\"article:modified_time\" content=\"2026-04-03T13:58:33+00:00\" \/>\n<meta property=\"og:image\" content=\"https:\/\/blog.holyart.it\/it\/wp-content\/uploads\/sites\/17\/2022\/07\/storie-di-santi.jpg\" \/>\n\t<meta property=\"og:image:width\" content=\"1000\" \/>\n\t<meta property=\"og:image:height\" content=\"666\" \/>\n\t<meta property=\"og:image:type\" content=\"image\/jpeg\" \/>\n<meta name=\"author\" content=\"Redazione\" \/>\n<meta name=\"twitter:card\" content=\"summary_large_image\" \/>\n<meta name=\"twitter:label1\" content=\"Scritto da\" \/>\n\t<meta name=\"twitter:data1\" content=\"Redazione\" \/>\n\t<meta name=\"twitter:label2\" content=\"Tempo di lettura stimato\" \/>\n\t<meta name=\"twitter:data2\" content=\"10 minuti\" \/>\n<script type=\"application\/ld+json\" class=\"yoast-schema-graph\">{\"@context\":\"https:\/\/schema.org\",\"@graph\":[{\"@type\":\"Article\",\"@id\":\"https:\/\/blog.holyart.it\/it\/santi-e-beati\/storie-di-fratelli-divenuti-santi\/#article\",\"isPartOf\":{\"@id\":\"https:\/\/blog.holyart.it\/it\/santi-e-beati\/storie-di-fratelli-divenuti-santi\/\"},\"author\":{\"name\":\"Redazione\",\"@id\":\"https:\/\/blog.holyart.it\/it\/#\/schema\/person\/0a7b686e5af0f856ec1e390dd0baecda\"},\"headline\":\"Quando la santit\u00e0 \u00e8 di famiglia: storie di fratelli e sorelle divenuti santi insieme\",\"datePublished\":\"2022-07-27T10:30:41+00:00\",\"dateModified\":\"2026-04-03T13:58:33+00:00\",\"mainEntityOfPage\":{\"@id\":\"https:\/\/blog.holyart.it\/it\/santi-e-beati\/storie-di-fratelli-divenuti-santi\/\"},\"wordCount\":1511,\"publisher\":{\"@id\":\"https:\/\/blog.holyart.it\/it\/#organization\"},\"image\":{\"@id\":\"https:\/\/blog.holyart.it\/it\/santi-e-beati\/storie-di-fratelli-divenuti-santi\/#primaryimage\"},\"thumbnailUrl\":\"https:\/\/blog.holyart.it\/it\/wp-content\/uploads\/sites\/17\/2022\/07\/storie-di-santi.jpg\",\"articleSection\":[\"Santi e beati\"],\"inLanguage\":\"it-IT\"},{\"@type\":\"WebPage\",\"@id\":\"https:\/\/blog.holyart.it\/it\/santi-e-beati\/storie-di-fratelli-divenuti-santi\/\",\"url\":\"https:\/\/blog.holyart.it\/it\/santi-e-beati\/storie-di-fratelli-divenuti-santi\/\",\"name\":\"Quando la santit\u00e0 \u00e8 di famiglia: storie di fratelli e sorelle divenuti santi insieme - Holyblog\",\"isPartOf\":{\"@id\":\"https:\/\/blog.holyart.it\/it\/#website\"},\"primaryImageOfPage\":{\"@id\":\"https:\/\/blog.holyart.it\/it\/santi-e-beati\/storie-di-fratelli-divenuti-santi\/#primaryimage\"},\"image\":{\"@id\":\"https:\/\/blog.holyart.it\/it\/santi-e-beati\/storie-di-fratelli-divenuti-santi\/#primaryimage\"},\"thumbnailUrl\":\"https:\/\/blog.holyart.it\/it\/wp-content\/uploads\/sites\/17\/2022\/07\/storie-di-santi.jpg\",\"datePublished\":\"2022-07-27T10:30:41+00:00\",\"dateModified\":\"2026-04-03T13:58:33+00:00\",\"description\":\"Alcune storie di santi rivelano le vicende di fratelli e sorelle che hanno percorso insieme il camino della santit\u00e0. Uniti nel sangue e nella Fede\",\"breadcrumb\":{\"@id\":\"https:\/\/blog.holyart.it\/it\/santi-e-beati\/storie-di-fratelli-divenuti-santi\/#breadcrumb\"},\"inLanguage\":\"it-IT\",\"potentialAction\":[{\"@type\":\"ReadAction\",\"target\":[\"https:\/\/blog.holyart.it\/it\/santi-e-beati\/storie-di-fratelli-divenuti-santi\/\"]}]},{\"@type\":\"ImageObject\",\"inLanguage\":\"it-IT\",\"@id\":\"https:\/\/blog.holyart.it\/it\/santi-e-beati\/storie-di-fratelli-divenuti-santi\/#primaryimage\",\"url\":\"https:\/\/blog.holyart.it\/it\/wp-content\/uploads\/sites\/17\/2022\/07\/storie-di-santi.jpg\",\"contentUrl\":\"https:\/\/blog.holyart.it\/it\/wp-content\/uploads\/sites\/17\/2022\/07\/storie-di-santi.jpg\",\"width\":1000,\"height\":666,\"caption\":\"storie di santi\"},{\"@type\":\"BreadcrumbList\",\"@id\":\"https:\/\/blog.holyart.it\/it\/santi-e-beati\/storie-di-fratelli-divenuti-santi\/#breadcrumb\",\"itemListElement\":[{\"@type\":\"ListItem\",\"position\":1,\"name\":\"Homepage\",\"item\":\"https:\/\/blog.holyart.it\/it\/\"},{\"@type\":\"ListItem\",\"position\":2,\"name\":\"Santi e beati\",\"item\":\"https:\/\/blog.holyart.it\/it\/santi-e-beati\/\"},{\"@type\":\"ListItem\",\"position\":3,\"name\":\"Quando la santit\u00e0 \u00e8 di famiglia: storie di fratelli e sorelle divenuti santi insieme\"}]},{\"@type\":\"WebSite\",\"@id\":\"https:\/\/blog.holyart.it\/it\/#website\",\"url\":\"https:\/\/blog.holyart.it\/it\/\",\"name\":\"Holyblog\",\"description\":\"Il Blog di Holyart.it\",\"publisher\":{\"@id\":\"https:\/\/blog.holyart.it\/it\/#organization\"},\"potentialAction\":[{\"@type\":\"SearchAction\",\"target\":{\"@type\":\"EntryPoint\",\"urlTemplate\":\"https:\/\/blog.holyart.it\/it\/?s={search_term_string}\"},\"query-input\":{\"@type\":\"PropertyValueSpecification\",\"valueRequired\":true,\"valueName\":\"search_term_string\"}}],\"inLanguage\":\"it-IT\"},{\"@type\":\"Organization\",\"@id\":\"https:\/\/blog.holyart.it\/it\/#organization\",\"name\":\"Holyblog\",\"url\":\"https:\/\/blog.holyart.it\/it\/\",\"logo\":{\"@type\":\"ImageObject\",\"inLanguage\":\"it-IT\",\"@id\":\"https:\/\/blog.holyart.it\/it\/#\/schema\/logo\/image\/\",\"url\":\"https:\/\/blog.holyart.it\/it\/wp-content\/uploads\/sites\/17\/2022\/12\/Holyart_Blog_Logo.jpg\",\"contentUrl\":\"https:\/\/blog.holyart.it\/it\/wp-content\/uploads\/sites\/17\/2022\/12\/Holyart_Blog_Logo.jpg\",\"width\":300,\"height\":50,\"caption\":\"Holyblog\"},\"image\":{\"@id\":\"https:\/\/blog.holyart.it\/it\/#\/schema\/logo\/image\/\"}},{\"@type\":\"Person\",\"@id\":\"https:\/\/blog.holyart.it\/it\/#\/schema\/person\/0a7b686e5af0f856ec1e390dd0baecda\",\"name\":\"Redazione\"}]}<\/script>\n<!-- \/ Yoast SEO plugin. -->","yoast_head_json":{"title":"Quando la santit\u00e0 \u00e8 di famiglia: storie di fratelli e sorelle divenuti santi insieme - Holyblog","description":"Alcune storie di santi rivelano le vicende di fratelli e sorelle che hanno percorso insieme il camino della santit\u00e0. Uniti nel sangue e nella Fede","robots":{"index":"index","follow":"follow","max-snippet":"max-snippet:-1","max-image-preview":"max-image-preview:large","max-video-preview":"max-video-preview:-1"},"canonical":"https:\/\/blog.holyart.it\/it\/santi-e-beati\/storie-di-fratelli-divenuti-santi\/","og_locale":"it_IT","og_type":"article","og_title":"Quando la santit\u00e0 \u00e8 di famiglia: storie di fratelli e sorelle divenuti santi insieme - Holyblog","og_description":"Alcune storie di santi rivelano le vicende di fratelli e sorelle che hanno percorso insieme il camino della santit\u00e0. Uniti nel sangue e nella Fede","og_url":"https:\/\/blog.holyart.it\/it\/santi-e-beati\/storie-di-fratelli-divenuti-santi\/","og_site_name":"Holyblog","article_published_time":"2022-07-27T10:30:41+00:00","article_modified_time":"2026-04-03T13:58:33+00:00","og_image":[{"width":1000,"height":666,"url":"https:\/\/blog.holyart.it\/it\/wp-content\/uploads\/sites\/17\/2022\/07\/storie-di-santi.jpg","type":"image\/jpeg"}],"author":"Redazione","twitter_card":"summary_large_image","twitter_misc":{"Scritto da":"Redazione","Tempo di lettura stimato":"10 minuti"},"schema":{"@context":"https:\/\/schema.org","@graph":[{"@type":"Article","@id":"https:\/\/blog.holyart.it\/it\/santi-e-beati\/storie-di-fratelli-divenuti-santi\/#article","isPartOf":{"@id":"https:\/\/blog.holyart.it\/it\/santi-e-beati\/storie-di-fratelli-divenuti-santi\/"},"author":{"name":"Redazione","@id":"https:\/\/blog.holyart.it\/it\/#\/schema\/person\/0a7b686e5af0f856ec1e390dd0baecda"},"headline":"Quando la santit\u00e0 \u00e8 di famiglia: storie di fratelli e sorelle divenuti santi insieme","datePublished":"2022-07-27T10:30:41+00:00","dateModified":"2026-04-03T13:58:33+00:00","mainEntityOfPage":{"@id":"https:\/\/blog.holyart.it\/it\/santi-e-beati\/storie-di-fratelli-divenuti-santi\/"},"wordCount":1511,"publisher":{"@id":"https:\/\/blog.holyart.it\/it\/#organization"},"image":{"@id":"https:\/\/blog.holyart.it\/it\/santi-e-beati\/storie-di-fratelli-divenuti-santi\/#primaryimage"},"thumbnailUrl":"https:\/\/blog.holyart.it\/it\/wp-content\/uploads\/sites\/17\/2022\/07\/storie-di-santi.jpg","articleSection":["Santi e beati"],"inLanguage":"it-IT"},{"@type":"WebPage","@id":"https:\/\/blog.holyart.it\/it\/santi-e-beati\/storie-di-fratelli-divenuti-santi\/","url":"https:\/\/blog.holyart.it\/it\/santi-e-beati\/storie-di-fratelli-divenuti-santi\/","name":"Quando la santit\u00e0 \u00e8 di famiglia: storie di fratelli e sorelle divenuti santi insieme - Holyblog","isPartOf":{"@id":"https:\/\/blog.holyart.it\/it\/#website"},"primaryImageOfPage":{"@id":"https:\/\/blog.holyart.it\/it\/santi-e-beati\/storie-di-fratelli-divenuti-santi\/#primaryimage"},"image":{"@id":"https:\/\/blog.holyart.it\/it\/santi-e-beati\/storie-di-fratelli-divenuti-santi\/#primaryimage"},"thumbnailUrl":"https:\/\/blog.holyart.it\/it\/wp-content\/uploads\/sites\/17\/2022\/07\/storie-di-santi.jpg","datePublished":"2022-07-27T10:30:41+00:00","dateModified":"2026-04-03T13:58:33+00:00","description":"Alcune storie di santi rivelano le vicende di fratelli e sorelle che hanno percorso insieme il camino della santit\u00e0. Uniti nel sangue e nella Fede","breadcrumb":{"@id":"https:\/\/blog.holyart.it\/it\/santi-e-beati\/storie-di-fratelli-divenuti-santi\/#breadcrumb"},"inLanguage":"it-IT","potentialAction":[{"@type":"ReadAction","target":["https:\/\/blog.holyart.it\/it\/santi-e-beati\/storie-di-fratelli-divenuti-santi\/"]}]},{"@type":"ImageObject","inLanguage":"it-IT","@id":"https:\/\/blog.holyart.it\/it\/santi-e-beati\/storie-di-fratelli-divenuti-santi\/#primaryimage","url":"https:\/\/blog.holyart.it\/it\/wp-content\/uploads\/sites\/17\/2022\/07\/storie-di-santi.jpg","contentUrl":"https:\/\/blog.holyart.it\/it\/wp-content\/uploads\/sites\/17\/2022\/07\/storie-di-santi.jpg","width":1000,"height":666,"caption":"storie di santi"},{"@type":"BreadcrumbList","@id":"https:\/\/blog.holyart.it\/it\/santi-e-beati\/storie-di-fratelli-divenuti-santi\/#breadcrumb","itemListElement":[{"@type":"ListItem","position":1,"name":"Homepage","item":"https:\/\/blog.holyart.it\/it\/"},{"@type":"ListItem","position":2,"name":"Santi e beati","item":"https:\/\/blog.holyart.it\/it\/santi-e-beati\/"},{"@type":"ListItem","position":3,"name":"Quando la santit\u00e0 \u00e8 di famiglia: storie di fratelli e sorelle divenuti santi insieme"}]},{"@type":"WebSite","@id":"https:\/\/blog.holyart.it\/it\/#website","url":"https:\/\/blog.holyart.it\/it\/","name":"Holyblog","description":"Il Blog di Holyart.it","publisher":{"@id":"https:\/\/blog.holyart.it\/it\/#organization"},"potentialAction":[{"@type":"SearchAction","target":{"@type":"EntryPoint","urlTemplate":"https:\/\/blog.holyart.it\/it\/?s={search_term_string}"},"query-input":{"@type":"PropertyValueSpecification","valueRequired":true,"valueName":"search_term_string"}}],"inLanguage":"it-IT"},{"@type":"Organization","@id":"https:\/\/blog.holyart.it\/it\/#organization","name":"Holyblog","url":"https:\/\/blog.holyart.it\/it\/","logo":{"@type":"ImageObject","inLanguage":"it-IT","@id":"https:\/\/blog.holyart.it\/it\/#\/schema\/logo\/image\/","url":"https:\/\/blog.holyart.it\/it\/wp-content\/uploads\/sites\/17\/2022\/12\/Holyart_Blog_Logo.jpg","contentUrl":"https:\/\/blog.holyart.it\/it\/wp-content\/uploads\/sites\/17\/2022\/12\/Holyart_Blog_Logo.jpg","width":300,"height":50,"caption":"Holyblog"},"image":{"@id":"https:\/\/blog.holyart.it\/it\/#\/schema\/logo\/image\/"}},{"@type":"Person","@id":"https:\/\/blog.holyart.it\/it\/#\/schema\/person\/0a7b686e5af0f856ec1e390dd0baecda","name":"Redazione"}]}},"_links":{"self":[{"href":"https:\/\/blog.holyart.it\/it\/wp-json\/wp\/v2\/posts\/15950","targetHints":{"allow":["GET"]}}],"collection":[{"href":"https:\/\/blog.holyart.it\/it\/wp-json\/wp\/v2\/posts"}],"about":[{"href":"https:\/\/blog.holyart.it\/it\/wp-json\/wp\/v2\/types\/post"}],"author":[{"embeddable":true,"href":"https:\/\/blog.holyart.it\/it\/wp-json\/wp\/v2\/users\/1"}],"replies":[{"embeddable":true,"href":"https:\/\/blog.holyart.it\/it\/wp-json\/wp\/v2\/comments?post=15950"}],"version-history":[{"count":1,"href":"https:\/\/blog.holyart.it\/it\/wp-json\/wp\/v2\/posts\/15950\/revisions"}],"predecessor-version":[{"id":17894,"href":"https:\/\/blog.holyart.it\/it\/wp-json\/wp\/v2\/posts\/15950\/revisions\/17894"}],"wp:featuredmedia":[{"embeddable":true,"href":"https:\/\/blog.holyart.it\/it\/wp-json\/wp\/v2\/media\/15960"}],"wp:attachment":[{"href":"https:\/\/blog.holyart.it\/it\/wp-json\/wp\/v2\/media?parent=15950"}],"wp:term":[{"taxonomy":"category","embeddable":true,"href":"https:\/\/blog.holyart.it\/it\/wp-json\/wp\/v2\/categories?post=15950"},{"taxonomy":"post_tag","embeddable":true,"href":"https:\/\/blog.holyart.it\/it\/wp-json\/wp\/v2\/tags?post=15950"}],"curies":[{"name":"wp","href":"https:\/\/api.w.org\/{rel}","templated":true}]}}