{"id":15937,"date":"2022-07-20T12:30:00","date_gmt":"2022-07-20T10:30:00","guid":{"rendered":"https:\/\/blog.holyart.it\/it\/?p=15937"},"modified":"2025-07-07T12:03:05","modified_gmt":"2025-07-07T10:03:05","slug":"santa-brigida-di-svezia-compatrona-deuropa","status":"publish","type":"post","link":"https:\/\/blog.holyart.it\/it\/articoli-religiosi\/santa-brigida-di-svezia-compatrona-deuropa\/","title":{"rendered":"Santa Brigida di Svezia, compatrona d\u2019Europa"},"content":{"rendered":"<h4>Santa Brigida di Svezia, mistica svedese del XIV secolo, \u00e8 compatrona di Europa. And\u00f2 in pellegrinaggio a\u00a0Santiago di Compostela e in Terra Santa<\/h4>\n\n<p>Sei sono i <strong><a href=\"https:\/\/www.holyart.it\/blog\/santi-e-beati\/i-santi-patroni-deuropa-ogni-paese-ha-un-santo-protettore\/\">santi patroni d&#8217;Europa<\/a><\/strong>: San Benedetto da Norcia, Santa Caterina da Siena, Santi Cirillo e Metodio, Santa Teresa Benedetta della Croce e Santa Brigida di Svezia, protagonista di questo articolo. Se <strong><a href=\"https:\/\/www.holyart.it\/blog\/santi-e-beati\/san-benedetto-il-santo-che-ha-ispirato-lartigianato-italiano\/\">San Benedetto<\/a><\/strong> ha meritato il titolo di patrono d&#8217;Europa per aver creato con la sua Regola un nuovo modello di vita monastica destinato a cambiare profondamente la storia umana, sociale e culturale del Medioevo, e <strong><a href=\"https:\/\/www.holyart.it\/blog\/santi-e-beati\/santa-caterina-da-siena-patrona-ditalia\/\">Santa Caterina<\/a><\/strong> seppe porsi come mediatrice tra gli stati di un&#8217;Europa che ancora non esisteva, per garantire il bene comune e la libert\u00e0 di tutti, <strong>Santa Brigida di Svezia<\/strong> offr\u00ec con le sue Rivelazioni e con il suo stesso stile di vita un <strong>modello di unit\u00e0 e armonia tra gli uomini<\/strong>, tutti fratelli in Cristo, come pecore nello stesso ovile che hanno come unico punto di riferimento il Pastore che le nutre e le protegge.<\/p>\n<div class=\"link-article\">\n<p><img loading=\"lazy\" decoding=\"async\" class=\"size-full wp-image-15938 alignleft\" src=\"https:\/\/blog.holyart.it\/it\/wp-content\/uploads\/sites\/17\/2022\/07\/santi-patroni.jpeg\" alt=\"santi patroni\" width=\"150\" height=\"99\" data-kale-share-title=\"Santa Brigida di Svezia, compatrona d\u2019Europa\" data-kale-share-url=\"https:\/\/blog.holyart.it\/it\/?p=15937\" \/><\/p>\n<div class=\"leggi-anche\">Leggi anche:<\/div>\n<p><strong><a href=\"https:\/\/www.holyart.it\/blog\/santi-e-beati\/i-santi-patroni-deuropa-ogni-paese-ha-un-santo-protettore\/\">I santi patroni d\u2019Europa: ogni paese ha un santo protettore<\/a><\/strong><br \/>\nOgni Paese ha il suo santo protettore: in questo articolo scoprirai tutti i santi protettori d\u2019Europa&#8230;<\/p>\n<\/div>\n<p>Nata in una famiglia aristocratica, fu moglie felice e madre di otto figli, prima di abbracciare la vita religiosa. Ma anche da sposata dimostr\u00f2 una devozione assoluta e una predisposizione per il prossimo che si manifestava in <strong>opere di carit\u00e0 e misericordia<\/strong>, nelle quali la accompagnava anche il marito. Insieme divennero terziari francescani e studiarono le Scritture, tanto che Brigida si fece una fama grazie alle sue doti pedagogiche, che la portarono a insegnare perfino alla corte di Stoccolma. In questo primo periodo della sua vita si pone anche il <strong><a href=\"https:\/\/www.holyart.it\/blog\/articoli-religiosi\/cammino-di-santiago-storia-e-curiosita\/\">pellegrinaggio a Santiago di Compostela<\/a><\/strong>, solo il primo di una lunga serie di viaggi e pellegrinaggi in luoghi di fede in tutto il mondo conosciuto, che hanno caratterizzato la vita di questa Santa.<\/p>\n<div class=\"link-article\">\n<p><img loading=\"lazy\" decoding=\"async\" class=\"size-full wp-image-15939 alignleft\" src=\"https:\/\/blog.holyart.it\/it\/wp-content\/uploads\/sites\/17\/2022\/07\/cammino-di-santiago.jpeg\" alt=\"cammino di santiago\" width=\"150\" height=\"100\" data-kale-share-title=\"Santa Brigida di Svezia, compatrona d\u2019Europa\" data-kale-share-url=\"https:\/\/blog.holyart.it\/it\/?p=15937\" \/><\/p>\n<div class=\"leggi-anche\">Leggi anche:<\/div>\n<p><strong><a href=\"https:\/\/www.holyart.it\/blog\/articoli-religiosi\/cammino-di-santiago-storia-e-curiosita\/\">Il Cammino di Santiago: storia e curiosit\u00e0 di uno dei pi\u00f9 famosi itinerari religiosi<\/a><\/strong><br \/>\nDa secoli il Cammino di Santiago rappresenta uno dei pellegrinaggi&#8230;<\/p>\n<\/div>\n<p>Infatti, rimasta vedova Brigida si rec\u00f2 dapprima a <strong>Roma<\/strong> assieme alla figlia Caterina, che sarebbe stata a sua volta canonizzata, e in molti altri luoghi di culto e devozione in Italia. Dall&#8217;Italia si spost\u00f2 poi in <strong>Terra Santa<\/strong>, per conoscere e vivere sulla propria pelle i luoghi che avevano visto la parabola umana di Cristo. Tornata a Roma e gi\u00e0 malata, mor\u00ec accudita dalla figlia Caterina, affidandole la congregazione religiosa da lei fondata, l&#8217;<strong>Ordine del Santissimo Salvatore<\/strong>, un ordine monastico rivoluzionario, perch\u00e9 prevedeva monasteri doppi, dove vivevano uomini e donne a imitazione della primitiva comunit\u00e0 cristiana. La regola prevedeva sessanta monache guidate da una badessa e venticinque uomini di chiesa guidati da un confessore generale, suddivisi in tredici sacerdoti, ovvero i dodici Apostoli pi\u00f9 san Paolo, e gli altri discepoli e diaconi, questi ultimi che simboleggiavano i quattro dottori della Chiesa Agostino, Ambrogio, Girolamo e Gregorio Magno. Nel 1422 papa Martino V ordin\u00f2 la soppressione dei monasteri doppi e oggi la congregazione fondata da <a href=\"https:\/\/www.holyart.it\/it\/articoli-religiosi\/statue\/statue-in-legno-dipinto\/santa-brigida-dipinta-legno-acero-valgardena\"><strong>Santa Brigida<\/strong><\/a> \u00e8 solo femminile, conosciuta come <strong>Congregazione del S. Salvatore di S. Brigida<\/strong>. Le sue suore si chiamano\u00a0<strong>brigidine<\/strong> e si dedicano all&#8217;ospitalit\u00e0 e al tentativo di riunire tutte le chiese cristiane di diversa professione.<\/p>\n<div class=\"link-product\">\n<div class=\"blocco-immagine\"><img loading=\"lazy\" decoding=\"async\" class=\"size-full wp-image-15940 alignleft\" src=\"https:\/\/blog.holyart.it\/it\/wp-content\/uploads\/sites\/17\/2022\/07\/santa-brigida-dipinta-legno-acero-valgardena.jpg\" alt=\"santa brigida dipinta legno acero valgardena\" width=\"100\" height=\"100\" data-kale-share-title=\"Santa Brigida di Svezia, compatrona d\u2019Europa\" data-kale-share-url=\"https:\/\/blog.holyart.it\/it\/?p=15937\" \/><\/div>\n<div class=\"blocco-contenuto\">\n<div class=\"blocco-acquista\">Acquista su Holyart:<\/div>\n<div class=\"blocco-titolo\"><a href=\"https:\/\/www.holyart.it\/it\/articoli-religiosi\/statue\/statue-in-legno-dipinto\/santa-brigida-dipinta-legno-acero-valgardena\">Santa Brigida dipinta legno acero Valgardena<\/a><\/div>\n<div class=\"blocco-descrizione\">La statua \u00e8 prodotta interamente in Italia, molto curata e rifinita nei minimi particolari.<\/div>\n<\/div>\n<\/div>\n<p>Oltre che per la sua devozione, le Orazioni e le Rivelazioni, Santa Brigida \u00e8 ricordata per la sua azione di <strong>intercessione e consiglio<\/strong> presso papi, capi di stato e personalit\u00e0 politiche in Svezia e Europa. Proprio a questo ruolo deve la sua designazione come compatrona d&#8217;Europa.<\/p>\n<h2>Le orazioni di Santa Brigida<\/h2>\n<p>Santa Brigida ricevette da Ges\u00f9 e dalla Vergine Maria due serie di preghiere, le cosiddette<strong> Orazioni di Santa Brigida.<\/strong><br \/>\nLa prima serie \u00e8 composta da 21 promesse e 15 preghiere, da recitarsi ogni giorno per un anno. La seconda serie \u00e8 composta da 5 promesse e 7 preghiere, da recitare ogni giorno per 12 anni.<\/p>\n<p>Le 21 promesse a lei rivelate da Ges\u00f9 vanno dalla liberazione delle anime dal Purgatorio, alla conversione per le anime di persone care, alla protezione contro i nemici in nome della Croce.<\/p>\n<h2>Le rivelazioni di Santa Brigida<\/h2>\n<p>Brigida era ossessionata dai <a href=\"https:\/\/www.holyart.it\/blog\/articoli-religiosi\/gli-avvenimenti-della-passione-di-gesu-dallultima-cena-alla-sua-crocifissione\/\"><strong>dolori patiti da Ges\u00f9 durante la Passione<\/strong><\/a>. Meditando su di essi ebbe molte esperienze mistiche di straordinaria vividezza, con visioni di Ges\u00f9, della Vergine e dei santi. Disse ai suoi padri spirituali queste rivelazioni, che le raccolsero in otto volumi. Sono le <strong>Rivelazioni di Santa Brigida<\/strong>, la veridicit\u00e0 delle quali \u00e8 stata riconosciuta dal Concilio di Costanza nel 1415.<\/p>\n<div class=\"link-article\">\n<p><img loading=\"lazy\" decoding=\"async\" class=\"size-full wp-image-15942 alignleft\" src=\"https:\/\/blog.holyart.it\/it\/wp-content\/uploads\/sites\/17\/2022\/07\/passione-di-gesu.jpg\" alt=\"passione di gesu\" width=\"150\" height=\"99\" data-kale-share-title=\"Santa Brigida di Svezia, compatrona d\u2019Europa\" data-kale-share-url=\"https:\/\/blog.holyart.it\/it\/?p=15937\" \/><\/p>\n<div class=\"leggi-anche\">Leggi anche:<\/div>\n<p><strong><a href=\"https:\/\/www.holyart.it\/blog\/articoli-religiosi\/gli-avvenimenti-della-passione-di-gesu-dallultima-cena-alla-sua-crocifissione\/\">Gli avvenimenti della Passione di Ges\u00f9: dall\u2019Ultima Cena alla Sua crocifissione<\/a><\/strong><br \/>\nLa Passione di Ges\u00f9 \u00e8 il momento pi\u00f9 alto e terribile della Sua parabola&#8230;<\/p>\n<\/div>\n<p><em>&#8220;Sei mia, e per questo far\u00f2 di te ci\u00f2 che voglio. Non amare niente nel modo in cui ami me&#8221;<\/em>. Cos\u00ec Dio rivendica Brigida come sua profetessa e portavoce. La Vergine invece le insegna che ci sono due modi per raggiungere il cuore di Dio: umilt\u00e0 e vera contrizione, oppure la contemplazione delle sofferenze di Cristo. <em>&#8220;Contempla la mia bellezza attraverso la bellezza degli elementi&#8230; Guardami. Sono il pi\u00f9 bello sul Tabor, ma il pi\u00f9 insultato sulla Croce, dove non avevo n\u00e9 forma n\u00e9 bellezza. Guardami e medita&#8230; Correggi i tuoi errori! Ascolta la voce con cui ti ho gridato &#8216;Ho sete di te!'&#8221;<\/em><\/p>\n<h2>Come si recita il Rosario Brigidino<\/h2>\n<p>Oltre alle Orazioni, Santa Brigida ricevette dalla Vergine anche il <a href=\"https:\/\/www.holyart.it\/it\/articoli-religiosi\/rosari-e-portarosari\/rosari-e-corone-devozionali\/rosario-devozionale-santa-brigida\"><strong>Rosario Brigidino<\/strong><\/a>, dedicato ai dolori della Madonna e ai suoi sessantatre anni di vita sulla Terra, che se recitato ogni giorno per un anno garantisce a chi prega la realizzazione delle 21 promesse fatte da Ges\u00f9 ai fedeli.<br \/>\nPapa Urbano V approv\u00f2 il Rosario Brigidino e le <a href=\"https:\/\/www.holyart.it\/blog\/articoli-religiosi\/indulgenza-plenaria-significato-origini-e-come-ottenerla\/\"><strong>indulgenze<\/strong><\/a> ad esso legate: sette anni di indulgenza e sette quarantene per ogni recita del Rosario; cento giorni per ogni Padre Nostro, Ave Maria e Credo; indulgenza plenaria in <em>articolo mortis<\/em>, per chi lo recita almeno una volta la settimana; indulgenza plenaria per chi la recita ogni giorno; quaranta giorni per chi indossa il Rosario, prega al suono delle campane per qualcuno che sta morendo, e recita Padre Nostro e Ave Maria facendo esame di coscienza; e cos\u00ec via.<\/p>\n<p>Per recitare il Rosario Brigidino si usa <strong>una particolare corona da Rosario<\/strong>, composta da grani color oro (su ogni grano color oro si recita il Credo), grani color argento (sui grani d&#8217;argento si recita il Padre Nostro) e grani azzurri (per Ave Maria). Inoltre nel Rosario tradizionale ci sono 5 poste per ogni Mistero, mentre nel Rosario Brigidino ce ne sono 6.<\/p>\n<div class=\"link-product\">\n<div class=\"blocco-immagine\"><img loading=\"lazy\" decoding=\"async\" class=\"size-full wp-image-15941 alignleft\" src=\"https:\/\/blog.holyart.it\/it\/wp-content\/uploads\/sites\/17\/2022\/07\/rosario-devozionale-santa-brigida.jpg\" alt=\"rosario devozionale santa brigida\" width=\"100\" height=\"100\" data-kale-share-title=\"Santa Brigida di Svezia, compatrona d\u2019Europa\" data-kale-share-url=\"https:\/\/blog.holyart.it\/it\/?p=15937\" \/><\/div>\n<div class=\"blocco-contenuto\">\n<div class=\"blocco-acquista\">Acquista su Holyart:<\/div>\n<div class=\"blocco-titolo\"><a href=\"https:\/\/www.holyart.it\/it\/articoli-religiosi\/rosari-e-portarosari\/rosari-e-corone-devozionali\/rosario-devozionale-santa-brigida\">Rosario devozionale Santa Brigida<\/a><\/div>\n<div class=\"blocco-descrizione\">Il rosario si compone di 6 decine e dopo ogni decina ci sono 2 perline a forma di rosellina.<\/div>\n<\/div>\n<\/div>\n","protected":false},"excerpt":{"rendered":"<p>Santa Brigida di Svezia, mistica svedese del XIV secolo, \u00e8 compatrona di Europa. And\u00f2 in pellegrinaggio a\u00a0Santiago di Compostela e in Terra Santa Sei sono i santi patroni d&#8217;Europa: San Benedetto da Norcia, Santa Caterina da Siena, Santi Cirillo e Metodio, Santa Teresa Benedetta della&hellip;<\/p>\n","protected":false},"author":1,"featured_media":15945,"comment_status":"closed","ping_status":"open","sticky":false,"template":"","format":"standard","meta":{"_acf_changed":false,"footnotes":""},"categories":[16],"tags":[],"class_list":["post-15937","post","type-post","status-publish","format-standard","has-post-thumbnail","hentry","category-articoli-religiosi"],"acf":[],"yoast_head":"<!-- This site is optimized with the Yoast SEO plugin v26.6 - https:\/\/yoast.com\/wordpress\/plugins\/seo\/ -->\n<title>Santa Brigida di Svezia, compatrona d\u2019Europa - Holyblog<\/title>\n<meta name=\"description\" content=\"Mistica e devota a Cristo, Santa Brigida di Svezia guid\u00f2 con le sue Rivelazioni e la sua saggezza le sorti del suo tempo. Per questo \u00e8 compatrona d&#039;Europa\" \/>\n<meta name=\"robots\" content=\"index, follow, max-snippet:-1, max-image-preview:large, max-video-preview:-1\" \/>\n<link rel=\"canonical\" href=\"https:\/\/blog.holyart.it\/it\/articoli-religiosi\/santa-brigida-di-svezia-compatrona-deuropa\/\" \/>\n<meta property=\"og:locale\" content=\"it_IT\" \/>\n<meta property=\"og:type\" content=\"article\" \/>\n<meta property=\"og:title\" content=\"Santa Brigida di Svezia, compatrona d\u2019Europa - Holyblog\" \/>\n<meta property=\"og:description\" content=\"Mistica e devota a Cristo, Santa Brigida di Svezia guid\u00f2 con le sue Rivelazioni e la sua saggezza le sorti del suo tempo. Per questo \u00e8 compatrona d&#039;Europa\" \/>\n<meta property=\"og:url\" content=\"https:\/\/blog.holyart.it\/it\/articoli-religiosi\/santa-brigida-di-svezia-compatrona-deuropa\/\" \/>\n<meta property=\"og:site_name\" content=\"Holyblog\" \/>\n<meta property=\"article:published_time\" content=\"2022-07-20T10:30:00+00:00\" \/>\n<meta property=\"article:modified_time\" content=\"2025-07-07T10:03:05+00:00\" \/>\n<meta property=\"og:image\" content=\"https:\/\/blog.holyart.it\/it\/wp-content\/uploads\/sites\/17\/2022\/07\/santa-brigida-di-svezia.jpeg\" \/>\n\t<meta property=\"og:image:width\" content=\"1000\" \/>\n\t<meta property=\"og:image:height\" content=\"666\" \/>\n\t<meta property=\"og:image:type\" content=\"image\/jpeg\" \/>\n<meta name=\"author\" content=\"Redazione\" \/>\n<meta name=\"twitter:card\" content=\"summary_large_image\" \/>\n<meta name=\"twitter:label1\" content=\"Scritto da\" \/>\n\t<meta name=\"twitter:data1\" content=\"Redazione\" \/>\n\t<meta name=\"twitter:label2\" content=\"Tempo di lettura stimato\" \/>\n\t<meta name=\"twitter:data2\" content=\"8 minuti\" \/>\n<script type=\"application\/ld+json\" class=\"yoast-schema-graph\">{\"@context\":\"https:\/\/schema.org\",\"@graph\":[{\"@type\":\"Article\",\"@id\":\"https:\/\/blog.holyart.it\/it\/articoli-religiosi\/santa-brigida-di-svezia-compatrona-deuropa\/#article\",\"isPartOf\":{\"@id\":\"https:\/\/blog.holyart.it\/it\/articoli-religiosi\/santa-brigida-di-svezia-compatrona-deuropa\/\"},\"author\":{\"name\":\"Redazione\",\"@id\":\"https:\/\/blog.holyart.it\/it\/#\/schema\/person\/0a7b686e5af0f856ec1e390dd0baecda\"},\"headline\":\"Santa Brigida di Svezia, compatrona d\u2019Europa\",\"datePublished\":\"2022-07-20T10:30:00+00:00\",\"dateModified\":\"2025-07-07T10:03:05+00:00\",\"mainEntityOfPage\":{\"@id\":\"https:\/\/blog.holyart.it\/it\/articoli-religiosi\/santa-brigida-di-svezia-compatrona-deuropa\/\"},\"wordCount\":1125,\"publisher\":{\"@id\":\"https:\/\/blog.holyart.it\/it\/#organization\"},\"image\":{\"@id\":\"https:\/\/blog.holyart.it\/it\/articoli-religiosi\/santa-brigida-di-svezia-compatrona-deuropa\/#primaryimage\"},\"thumbnailUrl\":\"https:\/\/blog.holyart.it\/it\/wp-content\/uploads\/sites\/17\/2022\/07\/santa-brigida-di-svezia.jpeg\",\"articleSection\":[\"Religione\"],\"inLanguage\":\"it-IT\"},{\"@type\":\"WebPage\",\"@id\":\"https:\/\/blog.holyart.it\/it\/articoli-religiosi\/santa-brigida-di-svezia-compatrona-deuropa\/\",\"url\":\"https:\/\/blog.holyart.it\/it\/articoli-religiosi\/santa-brigida-di-svezia-compatrona-deuropa\/\",\"name\":\"Santa Brigida di Svezia, compatrona d\u2019Europa - Holyblog\",\"isPartOf\":{\"@id\":\"https:\/\/blog.holyart.it\/it\/#website\"},\"primaryImageOfPage\":{\"@id\":\"https:\/\/blog.holyart.it\/it\/articoli-religiosi\/santa-brigida-di-svezia-compatrona-deuropa\/#primaryimage\"},\"image\":{\"@id\":\"https:\/\/blog.holyart.it\/it\/articoli-religiosi\/santa-brigida-di-svezia-compatrona-deuropa\/#primaryimage\"},\"thumbnailUrl\":\"https:\/\/blog.holyart.it\/it\/wp-content\/uploads\/sites\/17\/2022\/07\/santa-brigida-di-svezia.jpeg\",\"datePublished\":\"2022-07-20T10:30:00+00:00\",\"dateModified\":\"2025-07-07T10:03:05+00:00\",\"description\":\"Mistica e devota a Cristo, Santa Brigida di Svezia guid\u00f2 con le sue Rivelazioni e la sua saggezza le sorti del suo tempo. Per questo \u00e8 compatrona d'Europa\",\"breadcrumb\":{\"@id\":\"https:\/\/blog.holyart.it\/it\/articoli-religiosi\/santa-brigida-di-svezia-compatrona-deuropa\/#breadcrumb\"},\"inLanguage\":\"it-IT\",\"potentialAction\":[{\"@type\":\"ReadAction\",\"target\":[\"https:\/\/blog.holyart.it\/it\/articoli-religiosi\/santa-brigida-di-svezia-compatrona-deuropa\/\"]}]},{\"@type\":\"ImageObject\",\"inLanguage\":\"it-IT\",\"@id\":\"https:\/\/blog.holyart.it\/it\/articoli-religiosi\/santa-brigida-di-svezia-compatrona-deuropa\/#primaryimage\",\"url\":\"https:\/\/blog.holyart.it\/it\/wp-content\/uploads\/sites\/17\/2022\/07\/santa-brigida-di-svezia.jpeg\",\"contentUrl\":\"https:\/\/blog.holyart.it\/it\/wp-content\/uploads\/sites\/17\/2022\/07\/santa-brigida-di-svezia.jpeg\",\"width\":1000,\"height\":666,\"caption\":\"santa brigida di svezia\"},{\"@type\":\"BreadcrumbList\",\"@id\":\"https:\/\/blog.holyart.it\/it\/articoli-religiosi\/santa-brigida-di-svezia-compatrona-deuropa\/#breadcrumb\",\"itemListElement\":[{\"@type\":\"ListItem\",\"position\":1,\"name\":\"Homepage\",\"item\":\"https:\/\/blog.holyart.it\/it\/\"},{\"@type\":\"ListItem\",\"position\":2,\"name\":\"Religione\",\"item\":\"https:\/\/blog.holyart.it\/it\/articoli-religiosi\/\"},{\"@type\":\"ListItem\",\"position\":3,\"name\":\"Santa Brigida di Svezia, compatrona d\u2019Europa\"}]},{\"@type\":\"WebSite\",\"@id\":\"https:\/\/blog.holyart.it\/it\/#website\",\"url\":\"https:\/\/blog.holyart.it\/it\/\",\"name\":\"Holyblog\",\"description\":\"Il Blog di Holyart.it\",\"publisher\":{\"@id\":\"https:\/\/blog.holyart.it\/it\/#organization\"},\"potentialAction\":[{\"@type\":\"SearchAction\",\"target\":{\"@type\":\"EntryPoint\",\"urlTemplate\":\"https:\/\/blog.holyart.it\/it\/?s={search_term_string}\"},\"query-input\":{\"@type\":\"PropertyValueSpecification\",\"valueRequired\":true,\"valueName\":\"search_term_string\"}}],\"inLanguage\":\"it-IT\"},{\"@type\":\"Organization\",\"@id\":\"https:\/\/blog.holyart.it\/it\/#organization\",\"name\":\"Holyblog\",\"url\":\"https:\/\/blog.holyart.it\/it\/\",\"logo\":{\"@type\":\"ImageObject\",\"inLanguage\":\"it-IT\",\"@id\":\"https:\/\/blog.holyart.it\/it\/#\/schema\/logo\/image\/\",\"url\":\"https:\/\/blog.holyart.it\/it\/wp-content\/uploads\/sites\/17\/2022\/12\/Holyart_Blog_Logo.jpg\",\"contentUrl\":\"https:\/\/blog.holyart.it\/it\/wp-content\/uploads\/sites\/17\/2022\/12\/Holyart_Blog_Logo.jpg\",\"width\":300,\"height\":50,\"caption\":\"Holyblog\"},\"image\":{\"@id\":\"https:\/\/blog.holyart.it\/it\/#\/schema\/logo\/image\/\"}},{\"@type\":\"Person\",\"@id\":\"https:\/\/blog.holyart.it\/it\/#\/schema\/person\/0a7b686e5af0f856ec1e390dd0baecda\",\"name\":\"Redazione\"}]}<\/script>\n<!-- \/ Yoast SEO plugin. -->","yoast_head_json":{"title":"Santa Brigida di Svezia, compatrona d\u2019Europa - Holyblog","description":"Mistica e devota a Cristo, Santa Brigida di Svezia guid\u00f2 con le sue Rivelazioni e la sua saggezza le sorti del suo tempo. Per questo \u00e8 compatrona d'Europa","robots":{"index":"index","follow":"follow","max-snippet":"max-snippet:-1","max-image-preview":"max-image-preview:large","max-video-preview":"max-video-preview:-1"},"canonical":"https:\/\/blog.holyart.it\/it\/articoli-religiosi\/santa-brigida-di-svezia-compatrona-deuropa\/","og_locale":"it_IT","og_type":"article","og_title":"Santa Brigida di Svezia, compatrona d\u2019Europa - Holyblog","og_description":"Mistica e devota a Cristo, Santa Brigida di Svezia guid\u00f2 con le sue Rivelazioni e la sua saggezza le sorti del suo tempo. Per questo \u00e8 compatrona d'Europa","og_url":"https:\/\/blog.holyart.it\/it\/articoli-religiosi\/santa-brigida-di-svezia-compatrona-deuropa\/","og_site_name":"Holyblog","article_published_time":"2022-07-20T10:30:00+00:00","article_modified_time":"2025-07-07T10:03:05+00:00","og_image":[{"width":1000,"height":666,"url":"https:\/\/blog.holyart.it\/it\/wp-content\/uploads\/sites\/17\/2022\/07\/santa-brigida-di-svezia.jpeg","type":"image\/jpeg"}],"author":"Redazione","twitter_card":"summary_large_image","twitter_misc":{"Scritto da":"Redazione","Tempo di lettura stimato":"8 minuti"},"schema":{"@context":"https:\/\/schema.org","@graph":[{"@type":"Article","@id":"https:\/\/blog.holyart.it\/it\/articoli-religiosi\/santa-brigida-di-svezia-compatrona-deuropa\/#article","isPartOf":{"@id":"https:\/\/blog.holyart.it\/it\/articoli-religiosi\/santa-brigida-di-svezia-compatrona-deuropa\/"},"author":{"name":"Redazione","@id":"https:\/\/blog.holyart.it\/it\/#\/schema\/person\/0a7b686e5af0f856ec1e390dd0baecda"},"headline":"Santa Brigida di Svezia, compatrona d\u2019Europa","datePublished":"2022-07-20T10:30:00+00:00","dateModified":"2025-07-07T10:03:05+00:00","mainEntityOfPage":{"@id":"https:\/\/blog.holyart.it\/it\/articoli-religiosi\/santa-brigida-di-svezia-compatrona-deuropa\/"},"wordCount":1125,"publisher":{"@id":"https:\/\/blog.holyart.it\/it\/#organization"},"image":{"@id":"https:\/\/blog.holyart.it\/it\/articoli-religiosi\/santa-brigida-di-svezia-compatrona-deuropa\/#primaryimage"},"thumbnailUrl":"https:\/\/blog.holyart.it\/it\/wp-content\/uploads\/sites\/17\/2022\/07\/santa-brigida-di-svezia.jpeg","articleSection":["Religione"],"inLanguage":"it-IT"},{"@type":"WebPage","@id":"https:\/\/blog.holyart.it\/it\/articoli-religiosi\/santa-brigida-di-svezia-compatrona-deuropa\/","url":"https:\/\/blog.holyart.it\/it\/articoli-religiosi\/santa-brigida-di-svezia-compatrona-deuropa\/","name":"Santa Brigida di Svezia, compatrona d\u2019Europa - Holyblog","isPartOf":{"@id":"https:\/\/blog.holyart.it\/it\/#website"},"primaryImageOfPage":{"@id":"https:\/\/blog.holyart.it\/it\/articoli-religiosi\/santa-brigida-di-svezia-compatrona-deuropa\/#primaryimage"},"image":{"@id":"https:\/\/blog.holyart.it\/it\/articoli-religiosi\/santa-brigida-di-svezia-compatrona-deuropa\/#primaryimage"},"thumbnailUrl":"https:\/\/blog.holyart.it\/it\/wp-content\/uploads\/sites\/17\/2022\/07\/santa-brigida-di-svezia.jpeg","datePublished":"2022-07-20T10:30:00+00:00","dateModified":"2025-07-07T10:03:05+00:00","description":"Mistica e devota a Cristo, Santa Brigida di Svezia guid\u00f2 con le sue Rivelazioni e la sua saggezza le sorti del suo tempo. Per questo \u00e8 compatrona d'Europa","breadcrumb":{"@id":"https:\/\/blog.holyart.it\/it\/articoli-religiosi\/santa-brigida-di-svezia-compatrona-deuropa\/#breadcrumb"},"inLanguage":"it-IT","potentialAction":[{"@type":"ReadAction","target":["https:\/\/blog.holyart.it\/it\/articoli-religiosi\/santa-brigida-di-svezia-compatrona-deuropa\/"]}]},{"@type":"ImageObject","inLanguage":"it-IT","@id":"https:\/\/blog.holyart.it\/it\/articoli-religiosi\/santa-brigida-di-svezia-compatrona-deuropa\/#primaryimage","url":"https:\/\/blog.holyart.it\/it\/wp-content\/uploads\/sites\/17\/2022\/07\/santa-brigida-di-svezia.jpeg","contentUrl":"https:\/\/blog.holyart.it\/it\/wp-content\/uploads\/sites\/17\/2022\/07\/santa-brigida-di-svezia.jpeg","width":1000,"height":666,"caption":"santa brigida di svezia"},{"@type":"BreadcrumbList","@id":"https:\/\/blog.holyart.it\/it\/articoli-religiosi\/santa-brigida-di-svezia-compatrona-deuropa\/#breadcrumb","itemListElement":[{"@type":"ListItem","position":1,"name":"Homepage","item":"https:\/\/blog.holyart.it\/it\/"},{"@type":"ListItem","position":2,"name":"Religione","item":"https:\/\/blog.holyart.it\/it\/articoli-religiosi\/"},{"@type":"ListItem","position":3,"name":"Santa Brigida di Svezia, compatrona d\u2019Europa"}]},{"@type":"WebSite","@id":"https:\/\/blog.holyart.it\/it\/#website","url":"https:\/\/blog.holyart.it\/it\/","name":"Holyblog","description":"Il Blog di Holyart.it","publisher":{"@id":"https:\/\/blog.holyart.it\/it\/#organization"},"potentialAction":[{"@type":"SearchAction","target":{"@type":"EntryPoint","urlTemplate":"https:\/\/blog.holyart.it\/it\/?s={search_term_string}"},"query-input":{"@type":"PropertyValueSpecification","valueRequired":true,"valueName":"search_term_string"}}],"inLanguage":"it-IT"},{"@type":"Organization","@id":"https:\/\/blog.holyart.it\/it\/#organization","name":"Holyblog","url":"https:\/\/blog.holyart.it\/it\/","logo":{"@type":"ImageObject","inLanguage":"it-IT","@id":"https:\/\/blog.holyart.it\/it\/#\/schema\/logo\/image\/","url":"https:\/\/blog.holyart.it\/it\/wp-content\/uploads\/sites\/17\/2022\/12\/Holyart_Blog_Logo.jpg","contentUrl":"https:\/\/blog.holyart.it\/it\/wp-content\/uploads\/sites\/17\/2022\/12\/Holyart_Blog_Logo.jpg","width":300,"height":50,"caption":"Holyblog"},"image":{"@id":"https:\/\/blog.holyart.it\/it\/#\/schema\/logo\/image\/"}},{"@type":"Person","@id":"https:\/\/blog.holyart.it\/it\/#\/schema\/person\/0a7b686e5af0f856ec1e390dd0baecda","name":"Redazione"}]}},"_links":{"self":[{"href":"https:\/\/blog.holyart.it\/it\/wp-json\/wp\/v2\/posts\/15937","targetHints":{"allow":["GET"]}}],"collection":[{"href":"https:\/\/blog.holyart.it\/it\/wp-json\/wp\/v2\/posts"}],"about":[{"href":"https:\/\/blog.holyart.it\/it\/wp-json\/wp\/v2\/types\/post"}],"author":[{"embeddable":true,"href":"https:\/\/blog.holyart.it\/it\/wp-json\/wp\/v2\/users\/1"}],"replies":[{"embeddable":true,"href":"https:\/\/blog.holyart.it\/it\/wp-json\/wp\/v2\/comments?post=15937"}],"version-history":[{"count":1,"href":"https:\/\/blog.holyart.it\/it\/wp-json\/wp\/v2\/posts\/15937\/revisions"}],"predecessor-version":[{"id":18084,"href":"https:\/\/blog.holyart.it\/it\/wp-json\/wp\/v2\/posts\/15937\/revisions\/18084"}],"wp:featuredmedia":[{"embeddable":true,"href":"https:\/\/blog.holyart.it\/it\/wp-json\/wp\/v2\/media\/15945"}],"wp:attachment":[{"href":"https:\/\/blog.holyart.it\/it\/wp-json\/wp\/v2\/media?parent=15937"}],"wp:term":[{"taxonomy":"category","embeddable":true,"href":"https:\/\/blog.holyart.it\/it\/wp-json\/wp\/v2\/categories?post=15937"},{"taxonomy":"post_tag","embeddable":true,"href":"https:\/\/blog.holyart.it\/it\/wp-json\/wp\/v2\/tags?post=15937"}],"curies":[{"name":"wp","href":"https:\/\/api.w.org\/{rel}","templated":true}]}}