{"id":15751,"date":"2022-06-06T12:30:10","date_gmt":"2022-06-06T10:30:10","guid":{"rendered":"https:\/\/blog.holyart.it\/it\/?p=15751"},"modified":"2025-05-22T09:42:04","modified_gmt":"2025-05-22T07:42:04","slug":"maria-madre-chiesa-festa-papa-francesco","status":"publish","type":"post","link":"https:\/\/blog.holyart.it\/it\/articoli-religiosi\/maria-madre-chiesa-festa-papa-francesco\/","title":{"rendered":"Maria Madre della Chiesa: la festa istituita da Papa Francesco"},"content":{"rendered":"<h4>Il luned\u00ec dopo Pentecoste il rito romano celebra\u00a0Maria Madre della Chiesa. Ecco come nasce questa festa<\/h4>\n\n<p><strong>Maria di Nazareth<\/strong> non vanta solo il primato di essere stata la <strong>Madre di Ges\u00f9<\/strong>. Nell&#8217;istante stesso in cui quest&#8217;umile ragazza scelta da Dio \u00e8 stata vistata dall&#8217;Angelo e ha acconsentito a portare nel proprio grembo e sulle proprie spalle il fardello terribile e meraviglioso che le veniva chiesto di accettare, lei \u00e8 diventata <strong>Madre di Dio<\/strong> e<strong> madre di ogni uomo<\/strong>. Nel Bambino raffigurato tra le sue braccia in innumerevoli quadri e statue che costellano la storia dell&#8217;arte e dell&#8217;umanit\u00e0, ciascun uomo riconosce e ritrova il bisogno di affetto e protezione, il conforto infinito di un abbraccio di madre che nulla pretende e tutto dona, senza ragioni, senza domande, senza garanzie, solo per amore. Ma non si tratta solo di identificare in Maria la Madre di tutte le madri. Esistono molte <strong>feste mariane<\/strong> dedicate a Maria, nelle sue varie declinazioni, con tutti i <strong><a href=\"https:\/\/www.holyart.it\/blog\/santi-e-beati\/titoli-mariani-cosa-sono-e-quanti-sono-tutti-i-nomi-dedicati-a-maria\/\">titoli mariani a lei attribuiti<\/a><\/strong>. In particolare il 1 gennaio festeggiamo <strong><a href=\"https:\/\/www.holyart.it\/blog\/santi-e-beati\/1-gennaio-maria-santissima-madre-dio\/\">Maria Santissima madre di Dio<\/a><\/strong>, ma dal 2018 \u00e8 stata riconosciuta anche una festa speciale per ricordare <strong>Santa Maria Madre della Chiesa<\/strong>. Si tratta, appunto, della <strong>festa di Maria Madre della Chiesa<\/strong>, istituita da <a href=\"https:\/\/www.holyart.it\/it\/occasioni-speciali\/papa-francesco\"><strong>Papa Francesco<\/strong><\/a> nel 2018, e che cade il <strong><a href=\"https:\/\/www.holyart.it\/blog\/accessori-liturgia\/in-occasione-della-pentecoste-prega-maria-che-scioglie-i-nodi\/\">luned\u00ec dopo la Pentecoste<\/a>.<\/strong><\/p>\n<div class=\"link-article\">\n<p><img loading=\"lazy\" decoding=\"async\" class=\"size-full wp-image-15753 alignleft\" src=\"https:\/\/blog.holyart.it\/it\/wp-content\/uploads\/sites\/17\/2022\/06\/titoli-mariani.jpeg\" alt=\"titoli mariani\" width=\"150\" height=\"99\" data-kale-share-title=\"Maria Madre della Chiesa: la festa istituita da Papa Francesco\" data-kale-share-url=\"https:\/\/blog.holyart.it\/it\/?p=15751\" \/><\/p>\n<div class=\"leggi-anche\">Leggi anche:<\/div>\n<p><strong><a href=\"https:\/\/www.holyart.it\/blog\/santi-e-beati\/titoli-mariani-cosa-sono-e-quanti-sono-tutti-i-nomi-dedicati-a-maria\/\">Titoli Mariani: cosa sono e quanti sono tutti i nomi dedicati a Maria<\/a><\/strong><br \/>\nTitoli Mariani: tutti gli appellativi con cui viene venerata Maria&#8230;<\/p>\n<\/div>\n<h2>Come \u00e8 nata la festa della Beata Vergine Maria Madre della Chiesa<\/h2>\n<p>Gi\u00e0 <strong>Papa Paolo VI<\/strong> nel novembre del 1964, durante il <strong>Concilio Vaticano II<\/strong>, aveva definito Maria Vergine con questo appellativo: Madre della Chiesa, <em>Mater Ecclesiae. <\/em>Ovvero <strong>Madre di tutto il popolo cristiano<\/strong>, <em>&#8220;tanto dei fedeli quanto dei Pastori, che la chiamano Madre amantissima&#8221;<\/em> (Mater Ecclesiae 1965, 1, p. 5).<\/p>\n<p>Nel 1975 venne inserita nel Messale Romano una messa votiva per onorare la Beata Vergine Maria Madre della Chiesa, mentre per volont\u00e0 di <strong>Papa Giovanni Paolo II<\/strong> nel 1980 il titolo mariano Beata Vergine Maria Madre della Chiesa venne inserito nelle <em>Litanie Lauretane<\/em>, le suppliche rivolte a Dio e alla Vergine Maria, recitate durante il Rosario e che hanno avuto origina nella <a href=\"https:\/\/www.holyart.it\/blog\/articoli-religiosi\/apparizioni-mariane-le-10-piu-importanti\/\"><strong>Santa Casa di Loreto<\/strong><\/a>.<\/p>\n<p>Nel 1997 anche nel <strong>Catechismo della Chiesa Cattolica<\/strong> appare un paragrafo intitolato &#8220;Maria &#8211; Madre di Cristo, Madre della Chiesa&#8221;.<\/p>\n<p>Infine, nel marzo del <strong>2018, Papa Francesco<\/strong> decreta l&#8217;obbligo di festeggiare la memoria liturgica di Maria Madre della Chiesa il luned\u00ec dopo Pentecoste.<\/p>\n<div class=\"link-article\">\n<p><img loading=\"lazy\" decoding=\"async\" class=\"size-full wp-image-15754 alignleft\" src=\"https:\/\/blog.holyart.it\/it\/wp-content\/uploads\/sites\/17\/2022\/06\/apparizioni-mariane-nel-mondo.jpg\" alt=\"apparizioni mariane nel mondo\" width=\"150\" height=\"99\" data-kale-share-title=\"Maria Madre della Chiesa: la festa istituita da Papa Francesco\" data-kale-share-url=\"https:\/\/blog.holyart.it\/it\/?p=15751\" \/><\/p>\n<div class=\"leggi-anche\">Leggi anche:<\/div>\n<p><strong><a href=\"https:\/\/www.holyart.it\/blog\/articoli-religiosi\/apparizioni-mariane-le-10-piu-importanti\/\">Apparizioni Mariane nel mondo: le 10 pi\u00f9 importanti<\/a><\/strong><br \/>\nI tanti nomi con cui i cristiani si rivolgono alla Madonna derivano in buona parte anche dalle molte apparizioni mariane&#8230;<\/p>\n<\/div>\n<p>Ma la storia della consacrazione di questa festa \u00e8 lunga, e affonda le sue origini in tempi remoti, in particolare a un giorno terribile quando, ai piedi di una croce, <a href=\"https:\/\/www.holyart.it\/blog\/articoli-religiosi\/gli-avvenimenti-della-passione-di-gesu-dallultima-cena-alla-sua-crocifissione\/\"><strong>una madre straziata piangeva la sorte del Figlio innocente<\/strong><\/a> condannato a morire per i peccati degli uomini, e quel Figlio, perfino nell&#8217;attimo estremo dell&#8217;agonia, anteponeva il bene della madre e degli uomini tutti al proprio, affidandole un figlio nuovo di cui prendersi cura e da cui farsi curare. Parliamo ovviamente del <strong>Vangelo di Giovanni<\/strong>, quando Ges\u00f9 chiede alla Madonna di considerare il Suo apostolo prediletto come un figlio, e a Giovanni stesso di prendersi cura di Maria come se fosse sua madre: <em>\u201cDonna, ecco tuo figlio!\u201d. E poi: \u201cEcco tua madre!\u201d<\/em>(Gv 19,25).<\/p>\n<div class=\"link-article\">\n<p><img loading=\"lazy\" decoding=\"async\" class=\"size-full wp-image-15755 alignleft\" src=\"https:\/\/blog.holyart.it\/it\/wp-content\/uploads\/sites\/17\/2022\/06\/passione-di-gesu.jpg\" alt=\"passione di gesu\" width=\"150\" height=\"99\" data-kale-share-title=\"Maria Madre della Chiesa: la festa istituita da Papa Francesco\" data-kale-share-url=\"https:\/\/blog.holyart.it\/it\/?p=15751\" \/><\/p>\n<div class=\"leggi-anche\">Leggi anche:<\/div>\n<p><strong><a href=\"https:\/\/www.holyart.it\/blog\/articoli-religiosi\/gli-avvenimenti-della-passione-di-gesu-dallultima-cena-alla-sua-crocifissione\/\">Gli avvenimenti della Passione di Ges\u00f9: dall\u2019Ultima Cena alla Sua crocifissione<\/a><\/strong><br \/>\nLa Passione di Ges\u00f9 \u00e8 il momento pi\u00f9 alto e terribile della Sua parabola&#8230;<\/p>\n<\/div>\n<h2>Perch\u00e9 cade il luned\u00ec dopo la Pentecoste<\/h2>\n<p>La portata rivoluzionaria dell&#8217;episodio evangelico riportato da Giovanni \u00e8 immensa e ha ispirato grandi teologi e padri della chiesa come <strong><a href=\"https:\/\/www.holyart.it\/blog\/santi-e-beati\/le-confessioni-di-sant-agostino-come-cambiare-la-propria-vita\/\">Sant&#8217;Agostino<\/a> e di San Leone Magno<\/strong> a riflettere e scrivere riguardo al <strong>duplice ruolo di Maria Madre della Chiesa e Maria Madre di Dio<\/strong>, che ai piedi della croce del Calvario trova la sua massima celebrazione. Sant&#8217;Agostino definisce Maria <em>madre delle membra di Cristo<\/em>, mentre Leone Magno aveva gi\u00e0 affermato l&#8217;importanza di Maria come Madre della Chiesa riconoscendo nella <strong>nascita di Ges\u00f9 la nascita della Chiesa stessa<\/strong>, e di conseguenza in Maria, che d\u00e0 alla luce il <strong>Capo di quel Corpo di cui i cristiani sono le membra<\/strong><strong>,<\/strong> la Madre della Chiesa. Cos\u00ec recita l&#8217;ottavo capitolo della <em>Lumen Gentium<\/em> (Luce delle Genti), la seconda delle quattro costituzioni del concilio ecumenico Vaticano II.<\/p>\n<p>Accettando Giovanni come figlio, <strong>Maria accetta anche tutti gli Apostoli<\/strong>, scelti da Ges\u00f9 come portatori della Sua Parola, e con loro presiede alla <strong>nascita della Chiesa il giorno di <a href=\"https:\/\/www.holyart.it\/it\/articoli-religiosi\/bassorilievi\/bassorilievi-pietra\/bassorilievo-pentecoste\">Pentecoste<\/a><\/strong>. Ricordiamo infatti che quaranta giorni dopo l&#8217;Ascensione di Ges\u00f9 al Cielo, Maria e gli Apostoli si ritrovarono a Gerusalemme per festeggiare lo Shavout, una sorta di festa del raccolto della tradizione ebraica (Atti degli Apostoli 2,1-11).\u00a0 Mentre pregavano insieme vennero sorpresi da un fragore assordante, e lo <strong>Spirito Santo<\/strong> in forma di lingue di fuoco scese dal cielo a lambire il capo di tutti i presenti. All&#8217;improvviso tutti gli Apostoli scoprirono di poter parlare in tutte le lingue del mondo ed \u00e8 questo il momento in cui <strong>inizia la loro missione ecumenica<\/strong> e, a tutti gli effetti, la <strong><a href=\"https:\/\/www.holyart.it\/blog\/articoli-religiosi\/la-pentecoste-giorno-cui-si-celebra-lo-spirito-santo-la-nascita-della-chiesa\/\">creazione della Chiesa<\/a><\/strong>. Lo <strong>Spirito Santo rende la Chiesa viva<\/strong>, \u00e8 l&#8217;ultimo dei doni di Cristo a Sua Madre e ai suoi amici pi\u00f9 fedeli, che investiti da questa forza divina si trasformano nelle <strong>membra del Suo corpo mistico<\/strong>. E a vegliare e proteggere, a presidiare questo momento fondamentale in cui un gruppo di uomini spaventati e turbati dalla recente perdita del proprio Maestro divengono consapevoli della loro missione \u00e8 proprio Maria Madre della Chiesa, da quello stesso spirito toccata quanto e pi\u00f9 degli altri, dato che ha portato in s\u00e9 il Figlio di Dio da cui tutto \u00e8 scaturito.<\/p>\n<div class=\"link-product\">\n<div class=\"blocco-immagine\"><img loading=\"lazy\" decoding=\"async\" class=\"size-full wp-image-15756 alignleft\" src=\"https:\/\/blog.holyart.it\/it\/wp-content\/uploads\/sites\/17\/2022\/06\/bassorilievo-pentecoste.jpg\" alt=\"bassorilievo pentecoste\" width=\"100\" height=\"100\" data-kale-share-title=\"Maria Madre della Chiesa: la festa istituita da Papa Francesco\" data-kale-share-url=\"https:\/\/blog.holyart.it\/it\/?p=15751\" \/><\/div>\n<div class=\"blocco-contenuto\">\n<div class=\"blocco-acquista\">Acquista su Holyart:<\/div>\n<div class=\"blocco-titolo\"><a href=\"https:\/\/www.holyart.it\/it\/articoli-religiosi\/bassorilievi\/bassorilievi-pietra\/bassorilievo-pentecoste\">Bassorilievo Pentecoste<\/a><\/div>\n<div class=\"blocco-descrizione\">Realizzato e dipinto a mano dalle suore di San Bruno del Monastero di Bethleem.<\/div>\n<\/div>\n<\/div>\n<p><strong>Il giorno di Pentecoste nacque il primo nucleo della Chiesa cattolica<\/strong>, e dal 2018 la Festa della beata Vergine Maria Madre della Chiesa diventa parte del Calendario Romano con l&#8217;obbligo di celebrazione nel Luned\u00ec dopo Pentecoste. Cos\u00ec ha decretato Papa Francesco, e cos\u00ec \u00e8 stato pubblicato nel\u00a0<strong>decreto della Congregazione per il culto divino e la disciplina dei sacramenti\u00a0<\/strong>pubblicato l&#8217;11 febbraio, giorno della memoria della <a href=\"https:\/\/www.holyart.it\/it\/articoli\/statue-madonna-di-lourdes.php\"><strong>Madonna di Lourdes<\/strong><\/a>.<\/p>\n<h2>Preghiera a Maria Madre della Chiesa<\/h2>\n<p>Al termine dell&#8217;<strong>enciclica <\/strong><em><strong>Lumen Fidei<\/strong> <\/em>del 29 giugno 2013 Papa Francesco aveva gi\u00e0 inserito una speciale <strong>Preghiera a Maria, Madre della Chiesa e Madre della nostra fede<\/strong>. Essa rende molto bene lo spirito alla base della festa di Maria Madre della Chiesa, quella volont\u00e0 di riconoscere in lei la <a href=\"https:\/\/www.holyart.it\/it\/articoli\/statue-madonna.php\"><strong>Madre di ogni uomo<\/strong><\/a>, nella nostra singolarit\u00e0 di cristiani, e nel nostro essere <strong>membri di qualcosa di pi\u00f9 grande e prezioso.<\/strong><\/p>\n<p><em>Aiuta, o Madre, la nostra fede!<\/em><br \/>\n<em>Apri il nostro ascolto alla Parola, perch\u00e9 riconosciamo la voce di Dio e la sua chiamata.<\/em><br \/>\n<em>Sveglia in noi il desiderio di seguire i suoi passi, uscendo dalla nostra terra e accogliendo la sua promessa.<\/em><br \/>\n<em>Aiutaci a lasciarci toccare dal suo amore, perch\u00e9 possiamo toccarlo con la fede.<\/em><br \/>\n<em>Aiutaci ad affidarci pienamente a Lui, a credere nel suo amore, soprattutto nei momenti di tribolazione e di croce, quando la nostra fede \u00e8 chiamata a maturare.<\/em><br \/>\n<em>Semina nella nostra fede la gioia del Risorto.<\/em><br \/>\n<em>Ricordaci che chi crede non \u00e8 mai solo.<\/em><br \/>\n<em>Insegnaci a guardare con gli occhi di Ges\u00f9, affinch\u00e9 Egli sia luce sul nostro cammino. E che questa luce della fede cresca sempre in noi, finch\u00e9 arrivi quel giorno senza tramonto, che \u00e8 lo stesso Cristo, il Figlio tuo, nostro Signore!<\/em><\/p>\n<div class=\"link-product\">\n<div class=\"blocco-immagine\"><img loading=\"lazy\" decoding=\"async\" class=\"size-full wp-image-15758 alignleft\" src=\"https:\/\/blog.holyart.it\/it\/wp-content\/uploads\/sites\/17\/2022\/06\/madonna-che-scioglie-i-nodi-30-cm-pvc.jpg\" alt=\"madonna che scioglie i nodi 30 cm pvc\" width=\"100\" height=\"100\" data-kale-share-title=\"Maria Madre della Chiesa: la festa istituita da Papa Francesco\" data-kale-share-url=\"https:\/\/blog.holyart.it\/it\/?p=15751\" \/><\/div>\n<div class=\"blocco-contenuto\">\n<div class=\"blocco-acquista\">Acquista su Holyart:<\/div>\n<div class=\"blocco-titolo\"><a href=\"https:\/\/www.holyart.it\/it\/articoli\/statue-madonna.php\">Statue Madonna<\/a><\/div>\n<div class=\"blocco-descrizione\">Tutte le Statue Madonna che trovi sul sito sono lavorate artigianalmente in Italia e Francia.<\/div>\n<\/div>\n<\/div>\n","protected":false},"excerpt":{"rendered":"<p>Il luned\u00ec dopo Pentecoste il rito romano celebra\u00a0Maria Madre della Chiesa. Ecco come nasce questa festa Maria di Nazareth non vanta solo il primato di essere stata la Madre di Ges\u00f9. Nell&#8217;istante stesso in cui quest&#8217;umile ragazza scelta da Dio \u00e8 stata vistata dall&#8217;Angelo e&hellip;<\/p>\n","protected":false},"author":1,"featured_media":15762,"comment_status":"closed","ping_status":"open","sticky":false,"template":"","format":"standard","meta":{"_acf_changed":false,"footnotes":""},"categories":[16,15],"tags":[],"class_list":["post-15751","post","type-post","status-publish","format-standard","has-post-thumbnail","hentry","category-articoli-religiosi","category-santi-e-beati"],"acf":[],"yoast_head":"<!-- This site is optimized with the Yoast SEO plugin v26.6 - https:\/\/yoast.com\/wordpress\/plugins\/seo\/ -->\n<title>Maria Madre della Chiesa: la festa istituita da Papa Francesco - Holyblog<\/title>\n<meta name=\"description\" content=\"Maria Madre della Chiesa cade il luned\u00ec dopo Pentecoste. Madre di Dio, Maria diviene anche madre delle membra del Corpo Mistico di cui Ges\u00f9 \u00e8 il Capo\" \/>\n<meta name=\"robots\" content=\"index, follow, max-snippet:-1, max-image-preview:large, max-video-preview:-1\" \/>\n<link rel=\"canonical\" href=\"https:\/\/blog.holyart.it\/it\/articoli-religiosi\/maria-madre-chiesa-festa-papa-francesco\/\" \/>\n<meta property=\"og:locale\" content=\"it_IT\" \/>\n<meta property=\"og:type\" content=\"article\" \/>\n<meta property=\"og:title\" content=\"Maria Madre della Chiesa: la festa istituita da Papa Francesco - Holyblog\" \/>\n<meta property=\"og:description\" content=\"Maria Madre della Chiesa cade il luned\u00ec dopo Pentecoste. Madre di Dio, Maria diviene anche madre delle membra del Corpo Mistico di cui Ges\u00f9 \u00e8 il Capo\" \/>\n<meta property=\"og:url\" content=\"https:\/\/blog.holyart.it\/it\/articoli-religiosi\/maria-madre-chiesa-festa-papa-francesco\/\" \/>\n<meta property=\"og:site_name\" content=\"Holyblog\" \/>\n<meta property=\"article:published_time\" content=\"2022-06-06T10:30:10+00:00\" \/>\n<meta property=\"article:modified_time\" content=\"2025-05-22T07:42:04+00:00\" \/>\n<meta property=\"og:image\" content=\"https:\/\/blog.holyart.it\/it\/wp-content\/uploads\/sites\/17\/2022\/06\/maria-madre-della-chiesa.jpg\" \/>\n\t<meta property=\"og:image:width\" content=\"1000\" \/>\n\t<meta property=\"og:image:height\" content=\"666\" \/>\n\t<meta property=\"og:image:type\" content=\"image\/jpeg\" \/>\n<meta name=\"author\" content=\"Redazione\" \/>\n<meta name=\"twitter:card\" content=\"summary_large_image\" \/>\n<meta name=\"twitter:label1\" content=\"Scritto da\" \/>\n\t<meta name=\"twitter:data1\" content=\"Redazione\" \/>\n\t<meta name=\"twitter:label2\" content=\"Tempo di lettura stimato\" \/>\n\t<meta name=\"twitter:data2\" content=\"9 minuti\" \/>\n<script type=\"application\/ld+json\" class=\"yoast-schema-graph\">{\"@context\":\"https:\/\/schema.org\",\"@graph\":[{\"@type\":\"Article\",\"@id\":\"https:\/\/blog.holyart.it\/it\/articoli-religiosi\/maria-madre-chiesa-festa-papa-francesco\/#article\",\"isPartOf\":{\"@id\":\"https:\/\/blog.holyart.it\/it\/articoli-religiosi\/maria-madre-chiesa-festa-papa-francesco\/\"},\"author\":{\"name\":\"Redazione\",\"@id\":\"https:\/\/blog.holyart.it\/it\/#\/schema\/person\/0a7b686e5af0f856ec1e390dd0baecda\"},\"headline\":\"Maria Madre della Chiesa: la festa istituita da Papa Francesco\",\"datePublished\":\"2022-06-06T10:30:10+00:00\",\"dateModified\":\"2025-05-22T07:42:04+00:00\",\"mainEntityOfPage\":{\"@id\":\"https:\/\/blog.holyart.it\/it\/articoli-religiosi\/maria-madre-chiesa-festa-papa-francesco\/\"},\"wordCount\":1263,\"publisher\":{\"@id\":\"https:\/\/blog.holyart.it\/it\/#organization\"},\"image\":{\"@id\":\"https:\/\/blog.holyart.it\/it\/articoli-religiosi\/maria-madre-chiesa-festa-papa-francesco\/#primaryimage\"},\"thumbnailUrl\":\"https:\/\/blog.holyart.it\/it\/wp-content\/uploads\/sites\/17\/2022\/06\/maria-madre-della-chiesa.jpg\",\"articleSection\":[\"Religione\",\"Santi e beati\"],\"inLanguage\":\"it-IT\"},{\"@type\":\"WebPage\",\"@id\":\"https:\/\/blog.holyart.it\/it\/articoli-religiosi\/maria-madre-chiesa-festa-papa-francesco\/\",\"url\":\"https:\/\/blog.holyart.it\/it\/articoli-religiosi\/maria-madre-chiesa-festa-papa-francesco\/\",\"name\":\"Maria Madre della Chiesa: la festa istituita da Papa Francesco - Holyblog\",\"isPartOf\":{\"@id\":\"https:\/\/blog.holyart.it\/it\/#website\"},\"primaryImageOfPage\":{\"@id\":\"https:\/\/blog.holyart.it\/it\/articoli-religiosi\/maria-madre-chiesa-festa-papa-francesco\/#primaryimage\"},\"image\":{\"@id\":\"https:\/\/blog.holyart.it\/it\/articoli-religiosi\/maria-madre-chiesa-festa-papa-francesco\/#primaryimage\"},\"thumbnailUrl\":\"https:\/\/blog.holyart.it\/it\/wp-content\/uploads\/sites\/17\/2022\/06\/maria-madre-della-chiesa.jpg\",\"datePublished\":\"2022-06-06T10:30:10+00:00\",\"dateModified\":\"2025-05-22T07:42:04+00:00\",\"description\":\"Maria Madre della Chiesa cade il luned\u00ec dopo Pentecoste. Madre di Dio, Maria diviene anche madre delle membra del Corpo Mistico di cui Ges\u00f9 \u00e8 il Capo\",\"breadcrumb\":{\"@id\":\"https:\/\/blog.holyart.it\/it\/articoli-religiosi\/maria-madre-chiesa-festa-papa-francesco\/#breadcrumb\"},\"inLanguage\":\"it-IT\",\"potentialAction\":[{\"@type\":\"ReadAction\",\"target\":[\"https:\/\/blog.holyart.it\/it\/articoli-religiosi\/maria-madre-chiesa-festa-papa-francesco\/\"]}]},{\"@type\":\"ImageObject\",\"inLanguage\":\"it-IT\",\"@id\":\"https:\/\/blog.holyart.it\/it\/articoli-religiosi\/maria-madre-chiesa-festa-papa-francesco\/#primaryimage\",\"url\":\"https:\/\/blog.holyart.it\/it\/wp-content\/uploads\/sites\/17\/2022\/06\/maria-madre-della-chiesa.jpg\",\"contentUrl\":\"https:\/\/blog.holyart.it\/it\/wp-content\/uploads\/sites\/17\/2022\/06\/maria-madre-della-chiesa.jpg\",\"width\":1000,\"height\":666,\"caption\":\"maria madre della chiesa\"},{\"@type\":\"BreadcrumbList\",\"@id\":\"https:\/\/blog.holyart.it\/it\/articoli-religiosi\/maria-madre-chiesa-festa-papa-francesco\/#breadcrumb\",\"itemListElement\":[{\"@type\":\"ListItem\",\"position\":1,\"name\":\"Homepage\",\"item\":\"https:\/\/blog.holyart.it\/it\/\"},{\"@type\":\"ListItem\",\"position\":2,\"name\":\"Religione\",\"item\":\"https:\/\/blog.holyart.it\/it\/articoli-religiosi\/\"},{\"@type\":\"ListItem\",\"position\":3,\"name\":\"Maria Madre della Chiesa: la festa istituita da Papa Francesco\"}]},{\"@type\":\"WebSite\",\"@id\":\"https:\/\/blog.holyart.it\/it\/#website\",\"url\":\"https:\/\/blog.holyart.it\/it\/\",\"name\":\"Holyblog\",\"description\":\"Il Blog di Holyart.it\",\"publisher\":{\"@id\":\"https:\/\/blog.holyart.it\/it\/#organization\"},\"potentialAction\":[{\"@type\":\"SearchAction\",\"target\":{\"@type\":\"EntryPoint\",\"urlTemplate\":\"https:\/\/blog.holyart.it\/it\/?s={search_term_string}\"},\"query-input\":{\"@type\":\"PropertyValueSpecification\",\"valueRequired\":true,\"valueName\":\"search_term_string\"}}],\"inLanguage\":\"it-IT\"},{\"@type\":\"Organization\",\"@id\":\"https:\/\/blog.holyart.it\/it\/#organization\",\"name\":\"Holyblog\",\"url\":\"https:\/\/blog.holyart.it\/it\/\",\"logo\":{\"@type\":\"ImageObject\",\"inLanguage\":\"it-IT\",\"@id\":\"https:\/\/blog.holyart.it\/it\/#\/schema\/logo\/image\/\",\"url\":\"https:\/\/blog.holyart.it\/it\/wp-content\/uploads\/sites\/17\/2022\/12\/Holyart_Blog_Logo.jpg\",\"contentUrl\":\"https:\/\/blog.holyart.it\/it\/wp-content\/uploads\/sites\/17\/2022\/12\/Holyart_Blog_Logo.jpg\",\"width\":300,\"height\":50,\"caption\":\"Holyblog\"},\"image\":{\"@id\":\"https:\/\/blog.holyart.it\/it\/#\/schema\/logo\/image\/\"}},{\"@type\":\"Person\",\"@id\":\"https:\/\/blog.holyart.it\/it\/#\/schema\/person\/0a7b686e5af0f856ec1e390dd0baecda\",\"name\":\"Redazione\"}]}<\/script>\n<!-- \/ Yoast SEO plugin. -->","yoast_head_json":{"title":"Maria Madre della Chiesa: la festa istituita da Papa Francesco - Holyblog","description":"Maria Madre della Chiesa cade il luned\u00ec dopo Pentecoste. Madre di Dio, Maria diviene anche madre delle membra del Corpo Mistico di cui Ges\u00f9 \u00e8 il Capo","robots":{"index":"index","follow":"follow","max-snippet":"max-snippet:-1","max-image-preview":"max-image-preview:large","max-video-preview":"max-video-preview:-1"},"canonical":"https:\/\/blog.holyart.it\/it\/articoli-religiosi\/maria-madre-chiesa-festa-papa-francesco\/","og_locale":"it_IT","og_type":"article","og_title":"Maria Madre della Chiesa: la festa istituita da Papa Francesco - Holyblog","og_description":"Maria Madre della Chiesa cade il luned\u00ec dopo Pentecoste. Madre di Dio, Maria diviene anche madre delle membra del Corpo Mistico di cui Ges\u00f9 \u00e8 il Capo","og_url":"https:\/\/blog.holyart.it\/it\/articoli-religiosi\/maria-madre-chiesa-festa-papa-francesco\/","og_site_name":"Holyblog","article_published_time":"2022-06-06T10:30:10+00:00","article_modified_time":"2025-05-22T07:42:04+00:00","og_image":[{"width":1000,"height":666,"url":"https:\/\/blog.holyart.it\/it\/wp-content\/uploads\/sites\/17\/2022\/06\/maria-madre-della-chiesa.jpg","type":"image\/jpeg"}],"author":"Redazione","twitter_card":"summary_large_image","twitter_misc":{"Scritto da":"Redazione","Tempo di lettura stimato":"9 minuti"},"schema":{"@context":"https:\/\/schema.org","@graph":[{"@type":"Article","@id":"https:\/\/blog.holyart.it\/it\/articoli-religiosi\/maria-madre-chiesa-festa-papa-francesco\/#article","isPartOf":{"@id":"https:\/\/blog.holyart.it\/it\/articoli-religiosi\/maria-madre-chiesa-festa-papa-francesco\/"},"author":{"name":"Redazione","@id":"https:\/\/blog.holyart.it\/it\/#\/schema\/person\/0a7b686e5af0f856ec1e390dd0baecda"},"headline":"Maria Madre della Chiesa: la festa istituita da Papa Francesco","datePublished":"2022-06-06T10:30:10+00:00","dateModified":"2025-05-22T07:42:04+00:00","mainEntityOfPage":{"@id":"https:\/\/blog.holyart.it\/it\/articoli-religiosi\/maria-madre-chiesa-festa-papa-francesco\/"},"wordCount":1263,"publisher":{"@id":"https:\/\/blog.holyart.it\/it\/#organization"},"image":{"@id":"https:\/\/blog.holyart.it\/it\/articoli-religiosi\/maria-madre-chiesa-festa-papa-francesco\/#primaryimage"},"thumbnailUrl":"https:\/\/blog.holyart.it\/it\/wp-content\/uploads\/sites\/17\/2022\/06\/maria-madre-della-chiesa.jpg","articleSection":["Religione","Santi e beati"],"inLanguage":"it-IT"},{"@type":"WebPage","@id":"https:\/\/blog.holyart.it\/it\/articoli-religiosi\/maria-madre-chiesa-festa-papa-francesco\/","url":"https:\/\/blog.holyart.it\/it\/articoli-religiosi\/maria-madre-chiesa-festa-papa-francesco\/","name":"Maria Madre della Chiesa: la festa istituita da Papa Francesco - Holyblog","isPartOf":{"@id":"https:\/\/blog.holyart.it\/it\/#website"},"primaryImageOfPage":{"@id":"https:\/\/blog.holyart.it\/it\/articoli-religiosi\/maria-madre-chiesa-festa-papa-francesco\/#primaryimage"},"image":{"@id":"https:\/\/blog.holyart.it\/it\/articoli-religiosi\/maria-madre-chiesa-festa-papa-francesco\/#primaryimage"},"thumbnailUrl":"https:\/\/blog.holyart.it\/it\/wp-content\/uploads\/sites\/17\/2022\/06\/maria-madre-della-chiesa.jpg","datePublished":"2022-06-06T10:30:10+00:00","dateModified":"2025-05-22T07:42:04+00:00","description":"Maria Madre della Chiesa cade il luned\u00ec dopo Pentecoste. Madre di Dio, Maria diviene anche madre delle membra del Corpo Mistico di cui Ges\u00f9 \u00e8 il Capo","breadcrumb":{"@id":"https:\/\/blog.holyart.it\/it\/articoli-religiosi\/maria-madre-chiesa-festa-papa-francesco\/#breadcrumb"},"inLanguage":"it-IT","potentialAction":[{"@type":"ReadAction","target":["https:\/\/blog.holyart.it\/it\/articoli-religiosi\/maria-madre-chiesa-festa-papa-francesco\/"]}]},{"@type":"ImageObject","inLanguage":"it-IT","@id":"https:\/\/blog.holyart.it\/it\/articoli-religiosi\/maria-madre-chiesa-festa-papa-francesco\/#primaryimage","url":"https:\/\/blog.holyart.it\/it\/wp-content\/uploads\/sites\/17\/2022\/06\/maria-madre-della-chiesa.jpg","contentUrl":"https:\/\/blog.holyart.it\/it\/wp-content\/uploads\/sites\/17\/2022\/06\/maria-madre-della-chiesa.jpg","width":1000,"height":666,"caption":"maria madre della chiesa"},{"@type":"BreadcrumbList","@id":"https:\/\/blog.holyart.it\/it\/articoli-religiosi\/maria-madre-chiesa-festa-papa-francesco\/#breadcrumb","itemListElement":[{"@type":"ListItem","position":1,"name":"Homepage","item":"https:\/\/blog.holyart.it\/it\/"},{"@type":"ListItem","position":2,"name":"Religione","item":"https:\/\/blog.holyart.it\/it\/articoli-religiosi\/"},{"@type":"ListItem","position":3,"name":"Maria Madre della Chiesa: la festa istituita da Papa Francesco"}]},{"@type":"WebSite","@id":"https:\/\/blog.holyart.it\/it\/#website","url":"https:\/\/blog.holyart.it\/it\/","name":"Holyblog","description":"Il Blog di Holyart.it","publisher":{"@id":"https:\/\/blog.holyart.it\/it\/#organization"},"potentialAction":[{"@type":"SearchAction","target":{"@type":"EntryPoint","urlTemplate":"https:\/\/blog.holyart.it\/it\/?s={search_term_string}"},"query-input":{"@type":"PropertyValueSpecification","valueRequired":true,"valueName":"search_term_string"}}],"inLanguage":"it-IT"},{"@type":"Organization","@id":"https:\/\/blog.holyart.it\/it\/#organization","name":"Holyblog","url":"https:\/\/blog.holyart.it\/it\/","logo":{"@type":"ImageObject","inLanguage":"it-IT","@id":"https:\/\/blog.holyart.it\/it\/#\/schema\/logo\/image\/","url":"https:\/\/blog.holyart.it\/it\/wp-content\/uploads\/sites\/17\/2022\/12\/Holyart_Blog_Logo.jpg","contentUrl":"https:\/\/blog.holyart.it\/it\/wp-content\/uploads\/sites\/17\/2022\/12\/Holyart_Blog_Logo.jpg","width":300,"height":50,"caption":"Holyblog"},"image":{"@id":"https:\/\/blog.holyart.it\/it\/#\/schema\/logo\/image\/"}},{"@type":"Person","@id":"https:\/\/blog.holyart.it\/it\/#\/schema\/person\/0a7b686e5af0f856ec1e390dd0baecda","name":"Redazione"}]}},"_links":{"self":[{"href":"https:\/\/blog.holyart.it\/it\/wp-json\/wp\/v2\/posts\/15751","targetHints":{"allow":["GET"]}}],"collection":[{"href":"https:\/\/blog.holyart.it\/it\/wp-json\/wp\/v2\/posts"}],"about":[{"href":"https:\/\/blog.holyart.it\/it\/wp-json\/wp\/v2\/types\/post"}],"author":[{"embeddable":true,"href":"https:\/\/blog.holyart.it\/it\/wp-json\/wp\/v2\/users\/1"}],"replies":[{"embeddable":true,"href":"https:\/\/blog.holyart.it\/it\/wp-json\/wp\/v2\/comments?post=15751"}],"version-history":[{"count":1,"href":"https:\/\/blog.holyart.it\/it\/wp-json\/wp\/v2\/posts\/15751\/revisions"}],"predecessor-version":[{"id":17755,"href":"https:\/\/blog.holyart.it\/it\/wp-json\/wp\/v2\/posts\/15751\/revisions\/17755"}],"wp:featuredmedia":[{"embeddable":true,"href":"https:\/\/blog.holyart.it\/it\/wp-json\/wp\/v2\/media\/15762"}],"wp:attachment":[{"href":"https:\/\/blog.holyart.it\/it\/wp-json\/wp\/v2\/media?parent=15751"}],"wp:term":[{"taxonomy":"category","embeddable":true,"href":"https:\/\/blog.holyart.it\/it\/wp-json\/wp\/v2\/categories?post=15751"},{"taxonomy":"post_tag","embeddable":true,"href":"https:\/\/blog.holyart.it\/it\/wp-json\/wp\/v2\/tags?post=15751"}],"curies":[{"name":"wp","href":"https:\/\/api.w.org\/{rel}","templated":true}]}}