{"id":15470,"date":"2022-05-11T12:30:07","date_gmt":"2022-05-11T10:30:07","guid":{"rendered":"https:\/\/blog.holyart.it\/it\/?p=15470"},"modified":"2025-04-17T17:41:52","modified_gmt":"2025-04-17T15:41:52","slug":"santi-di-ghiaccio-il-fenomeno","status":"publish","type":"post","link":"https:\/\/blog.holyart.it\/it\/articoli-religiosi\/santi-di-ghiaccio-il-fenomeno\/","title":{"rendered":"Santi di ghiaccio: il fenomeno che porta l\u2019inverno in primavera"},"content":{"rendered":"<h4>Chi sono i santi del ghiaccio, che nel pieno della primavera ci riportano per pochi giorni nel cuore dell&#8217;inverno? A met\u00e0 tra tradizione contadina e devozione, ecco cosa accade nei giorni a loro dedicati<\/h4>\n\n<p>Chi sono i <strong>Santi di ghiaccio<\/strong>? L&#8217;appellativo bizzarro pu\u00f2 a prima vista far pensare a <a href=\"https:\/\/www.holyart.it\/it\/articoli-religiosi\/statue\"><strong>sculture sacre<\/strong><\/a> che raffigurano appunto dei santi, o piuttosto a certe atmosfere fiabesche, che ci riportano ai paesi del nord, alla fiaba della Regina delle Nevi, e cos\u00ec via. La realt\u00e0 \u00e8 molto pi\u00f9 concreta, legata a un <strong>fenomeno climatico<\/strong> che, sebbene venga definito un&#8217;anomalia, o, come dicono i meteorologi, una singolarit\u00e0, \u00e8 stato studiato per secoli, e ancora oggi influenza la vita degli uomini, in particolare dei contadini.<\/p>\n<p>Ma di cosa si tratta? E perch\u00e9 Santi di ghiaccio?<\/p>\n<p>In pratica avviene da sempre che in concomitanza con la sesta settimana dopo l&#8217;Equinozio di Primavera, che ricordiamo il 21 marzo, l&#8217;inverno, che sembrava lontano, irrompe di nuovo per una manciata di giorni, portando a un improvviso abbassamento delle temperature e, in alcuni casi, a gelate che mettono a rischio la semina e i germogli appena nati. Questo \u00e8 uno dei motivi per cui, soprattutto in alcune zone dell&#8217;Europa centro settentrionale, dove il fenomeno \u00e8 pi\u00f9 diffuso e intenso, i contadini preferiscano attende che i giorni dei Santi di ghiaccio siano passati, prima di procedere a seminare.<\/p>\n<div class=\"link-product\">\n<div class=\"blocco-immagine\"><img loading=\"lazy\" decoding=\"async\" class=\"size-full wp-image-15471 alignleft\" src=\"https:\/\/blog.holyart.it\/it\/wp-content\/uploads\/sites\/17\/2022\/05\/statua-san-pancrazio-15-cm-moranduzzo.jpg\" alt=\"statua san pancrazio 15 cm moranduzzo\" width=\"100\" height=\"100\" data-kale-share-title=\"Santi di ghiaccio: il fenomeno che porta l\u2019inverno in primavera\" data-kale-share-url=\"https:\/\/blog.holyart.it\/it\/?p=15470\" \/><\/div>\n<div class=\"blocco-contenuto\">\n<div class=\"blocco-acquista\">Acquista su Holyart:<\/div>\n<div class=\"blocco-titolo\"><a href=\"https:\/\/www.holyart.it\/it\/articoli-religiosi\/statue\">Statue<\/a><\/div>\n<div class=\"blocco-descrizione\">Statue di vari soggetti religiosi in legno naturale, in legno dipinto, in porcellana, in pietra, metallo o altri materiali.<\/div>\n<\/div>\n<\/div>\n<p>Secondo il calendario gregoriano, il periodo di cui stiamo parlando va <strong>dall&#8217;11 al 15 maggio<\/strong>. Questi cinque giorni sono stati dedicati nei secoli ad altrettanti santi, e la tradizione ad essi legata, a met\u00e0 tra <strong>folklore contadino, saggezza popolare e devozione<\/strong>, \u00e8 ancora molto diffusa soprattutto, come dicevamo, nel <strong>Nord Europa<\/strong>, e in particolare in Germania, Svezia, Polonia, Austria, Svizzera, ma anche Francia, Inghilterra e Ungheria.<\/p>\n<p>Anche nel nostro paese esistono <strong>leggende legate ai Santi del ghiaccio<\/strong>, che nel tempo hanno dato origini a <strong>usanze e proverbi<\/strong>, tra la popolazione contadina, ancora molto diffusi.<\/p>\n<p>Vediamo i <strong>nomi dei Santi di ghiaccio<\/strong>: <strong>San Pancrazio, San Servazio, San Mamerto, San Bonifacio di Tarso <\/strong>e <strong>Santa Sofia di Roma<\/strong>, la cui memoria liturgica cade per\u00f2 il 17 settembre, e che i tedeschi chiamano <em>die kalte Sophie<\/em>, &#8220;la fredda Sofia&#8221;.<\/p>\n<p>Conosciamoli meglio e teniamo d&#8217;occhio il meteo di maggio!<\/p>\n<h2>San Mamerto<\/h2>\n<p>Il primo dei Santi di ghiaccio che ricordiamo, la cui memoria liturgica \u00e8 celebrata l&#8217;<strong>11 maggio<\/strong>, \u00e8 <strong>San Mamerto di Vienne<\/strong> (Mamert de Vienne), un arcivescovo francese vissuto nel V secolo.<br \/>\nCelebre per la sua <strong>educazione letteraria e teologica<\/strong>, fu vescovo di Vienne, si scontr\u00f2 con l&#8217;arcivescovo di Arles, e dal 470 d. C. introdusse in Francia le <strong>Rogazioni<\/strong>, processioni propiziatorie accompagnate da preghiere e atti di penitenza, che avevano lo scopo di attirare la Grazia divina per favorire la semina, combattere la siccit\u00e0, contrastare calamit\u00e0 naturali.<br \/>\nAncora oggi i suoi resti riposano a Vienne, nell&#8217;antica chiesa di San Pietro di Vienne, e a lui sono dedicate chiese, cappelle e ospedali, anche in Italia.<\/p>\n<h2>San Pancrazio<\/h2>\n<p><a href=\"https:\/\/www.holyart.it\/it\/articoli-religiosi\/statue\/statue-in-resina-e-pvc\/san-pancrazio-palma-statua-resina-15-cm\"><strong>San Pancrazio<\/strong><\/a>, ricordato il <strong>12 maggio<\/strong>, mor\u00ec giovanissimo, appena <strong>quattordicenne<\/strong>, durante una persecuzione contro i cristiani promossa dall&#8217;impero di Diocleziano. Nato in Frigia, provincia dell&#8217;Asia Minore, da genitori romani, rimase orfano molto presto, e crebbe con lo zio Dionisio, che lo port\u00f2 a <strong>Roma<\/strong> e lo introdusse nella <strong>comunit\u00e0 cristiana<\/strong>. Ricevuto il Battesimo, il giovane Pancrazio ader\u00ec con passione e entusiasmo alla nuova religione, e venne inevitabilmente travolto dalla <strong>persecuzione scatenata dall&#8217;Imperatore<\/strong>. Portato davanti a Diocleziano stesso, che rimase stupito dalla bellezza e dal fervore di quel giovane cristiano, venne blandito e minacciato in ogni modo, perch\u00e9 abiurasse la propria fede, ma si mostr\u00f2 cos\u00ec deciso e inflessibile che l&#8217;Imperatore fu costretto a <strong>condannarlo a morte<\/strong>. Venne <strong>decapitato<\/strong> al tramonto sulla via Aurelia, e Ottavilla, una matrona romana, fece raccogliere il suo corpo e la testa, li prepar\u00f2 per la sepoltura e li fece deporre in un sepolcro sul quale in seguito venne eretta una Basilica. La sua devozione si diffuse molto anche in Germania, e divenne <strong>co-patrono dell&#8217;Ordine dei Cavalieri Teutonici<\/strong>.<br \/>\nOggi le sue reliquie riposano in buona parte nella Basilica di San Pancrazio, eretta sul luogo del martirio, ma alcune parti del suo corpo sono custodite in chiese italiane e francesi.<\/p>\n<div class=\"link-product\">\n<div class=\"blocco-immagine\"><img loading=\"lazy\" decoding=\"async\" class=\"size-full wp-image-15472 alignleft\" src=\"https:\/\/blog.holyart.it\/it\/wp-content\/uploads\/sites\/17\/2022\/05\/san-pancrazio-palma-statua-resina-15-cm.jpg\" alt=\"san pancrazio palma statua resina 15 cm\" width=\"100\" height=\"100\" data-kale-share-title=\"Santi di ghiaccio: il fenomeno che porta l\u2019inverno in primavera\" data-kale-share-url=\"https:\/\/blog.holyart.it\/it\/?p=15470\" \/><\/div>\n<div class=\"blocco-contenuto\">\n<div class=\"blocco-acquista\">Acquista su Holyart:<\/div>\n<div class=\"blocco-titolo\"><a href=\"https:\/\/www.holyart.it\/it\/articoli-religiosi\/statue\/statue-in-resina-e-pvc\/san-pancrazio-palma-statua-resina-15-cm\">San Pancrazio palma statua resina 15 cm<\/a><\/div>\n<div class=\"blocco-descrizione\">Questa statua raffigura San Pancrazio in abiti romani, con una mano verso il cielo e l&#8217;altra che tiene una palma e un libro.<\/div>\n<\/div>\n<\/div>\n<h2>San Servazio<\/h2>\n<p>Il <strong>13 maggio<\/strong> si festeggia un altro Santo di ghiaccio, Servazio di Tongres, vescovo di Tongeren, in Belgio, originario dell&#8217;Armenia. Vissuto nel IV secolo d.C., fu un grande sostenitore di Sant&#8217;Atanasio di Alessandria durante il <strong>Concilio di Nicea <\/strong>(325 d.C.), il primo concilio ecumenico cristiano. Fu anche <strong>il primo a evangelizzare il Belgio<\/strong>. I suoi resti sono custoditi a Maastricht, in Olanda, nella Basilica che porta il suo nome.<\/p>\n<h2>San Bonifacio di Tarso<\/h2>\n<p>Il <strong>14 maggio<\/strong>, ultimo giorno dei Santi di ghiaccio, si ricorda <a href=\"https:\/\/www.holyart.it\/it\/articoli-religiosi\/statue\/statue-in-legno-dipinto\/san-bonifacio-con-pugnale-legno-colorato-valgardena\"><strong>Bonifacio di Tarso<\/strong><\/a>, martire cristiano, anch&#8217;esso vittima delle persecuzioni di Diocleziano e Galerio. Intendente di una nobildonna di nome <strong>Aglaida<\/strong>, and\u00f2 per lei a Tarso per riportare a Roma alcune<strong> preziose reliquie di Santi<\/strong>. Pagana, Aglaida si era avvicinata al Cristianesimo, e sperava che le reliquie l&#8217;aiutassero a comprenderlo meglio. Giunto a Tarso, nel pieno della persecuzione contro i cristiani, Bonifacio si dichiar\u00f2 egli stesso cristiano e <strong>sub\u00ec il martirio<\/strong>. Quando il suo corpo imbalsamato fu riportato a Roma e riconsegnato alla sua padrona, quest&#8217;ultima si fece a sua volta cristiana e trascorse il resto della sua vita in preghiera. I resti di Bonifacio furono posti in quella che oggi \u00e8 la Basilica dei Santi Bonifacio e Alessio, fatta costruire da Aglaida sull&#8217;Aventino.<\/p>\n<div class=\"link-product\">\n<div class=\"blocco-immagine\"><img loading=\"lazy\" decoding=\"async\" class=\"size-full wp-image-15473 alignleft\" src=\"https:\/\/blog.holyart.it\/it\/wp-content\/uploads\/sites\/17\/2022\/05\/san-bonifacio-con-pugnale-legno-colorato-valgardena.jpg\" alt=\"san bonifacio con pugnale legno colorato valgardena\" width=\"100\" height=\"100\" data-kale-share-title=\"Santi di ghiaccio: il fenomeno che porta l\u2019inverno in primavera\" data-kale-share-url=\"https:\/\/blog.holyart.it\/it\/?p=15470\" \/><\/div>\n<div class=\"blocco-contenuto\">\n<div class=\"blocco-acquista\">Acquista su Holyart:<\/div>\n<div class=\"blocco-titolo\"><a href=\"https:\/\/www.holyart.it\/it\/articoli-religiosi\/statue\/statue-in-legno-dipinto\/san-bonifacio-con-pugnale-legno-colorato-valgardena\">San Bonifacio con pugnale legno colorato Valgardena<\/a><\/div>\n<div class=\"blocco-descrizione\">Statua in legno d&#8217;acero e successivamente dipinto a mano dagli artigiani pittori della val Gardena.<\/div>\n<\/div>\n<\/div>\n<h2>Santa Sofia di Roma<\/h2>\n<p>Associata ai Santi del ghiaccio, sebbene la sua memoria liturgica sia a settembre (ma nel Medioevo era celebrata il<strong> 15 maggio<\/strong>), <a href=\"https:\/\/www.holyart.it\/it\/articoli-religiosi\/statue\/statue-in-legno-dipinto\/statua-santa-sofia-da-roma-con-spada-legno-dipinto-val-gardena\"><strong>Santa Sofia o Sonia<\/strong><\/a> visse a Roma nel II secolo d.C.<br \/>\nMatrona sposata con l&#8217;illustre senatore Filandro, si era fatta cristiana e aveva dato alle proprie figlie i nomi delle<strong> tre virt\u00f9 teologali<\/strong>: <em>Pistis <\/em>(Fede), <em>Elpis<\/em> (Speranza), <em>Agape<\/em> (Carit\u00e0). Convert\u00ec anche il marito al Cristianesimo e, dopo la sua morte, si dedic\u00f2 a opere di <strong>misericordia e proselitismo<\/strong>.<br \/>\nDenunciata come cristiana, venne condotta davanti all&#8217;<strong>imperatore Adriano<\/strong>, che la fece fustigare e marchiare sulla fronte col marchio d&#8217;infamia. Poi fece <strong>torturare e decapitare una dopo l&#8217;altra le sue tre figlie<\/strong> davanti ai suoi occhi.<br \/>\nSofia le seppell\u00ec e <strong>si lasci\u00f2 morire sulla loro tomba<\/strong>. Era il\u00a0122 d.C. La tomba di Sofia e delle figlie \u00e8 ancora visibile nelle catacombe di San Pancrazio sulla via Aurelia.<br \/>\nLa memoria di Santa Sofia e delle sue tre figlie venne inserita in vari Martirologi e vengono festeggiate tutte insieme il 17 settembre. L&#8217;iconografia le raffigura come quattro donne vestite a lutto.<\/p>\n<div class=\"link-product\">\n<div class=\"blocco-immagine\"><img loading=\"lazy\" decoding=\"async\" class=\"size-full wp-image-15474 alignleft\" src=\"https:\/\/blog.holyart.it\/it\/wp-content\/uploads\/sites\/17\/2022\/05\/statua-santa-sofia-da-roma-con-spada-legno-dipinto-val-gardena.jpg\" alt=\"statua santa sofia da roma con spada legno dipinto val gardena\" width=\"100\" height=\"100\" data-kale-share-title=\"Santi di ghiaccio: il fenomeno che porta l\u2019inverno in primavera\" data-kale-share-url=\"https:\/\/blog.holyart.it\/it\/?p=15470\" \/><\/div>\n<div class=\"blocco-contenuto\">\n<div class=\"blocco-acquista\">Acquista su Holyart:<\/div>\n<div class=\"blocco-titolo\"><a href=\"https:\/\/www.holyart.it\/it\/articoli-religiosi\/statue\/statue-in-legno-dipinto\/statua-santa-sofia-da-roma-con-spada-legno-dipinto-val-gardena\">Statua Santa Sofia da Roma legno Val Gardena<\/a><\/div>\n<div class=\"blocco-descrizione\">Statua raffigurante Santa Sofia da Roma con una spada ed un cuscinetto tra le mani.<\/div>\n<\/div>\n<\/div>\n","protected":false},"excerpt":{"rendered":"<p>Chi sono i santi del ghiaccio, che nel pieno della primavera ci riportano per pochi giorni nel cuore dell&#8217;inverno? A met\u00e0 tra tradizione contadina e devozione, ecco cosa accade nei giorni a loro dedicati Chi sono i Santi di ghiaccio? L&#8217;appellativo bizzarro pu\u00f2 a prima&hellip;<\/p>\n","protected":false},"author":1,"featured_media":15478,"comment_status":"closed","ping_status":"open","sticky":false,"template":"","format":"standard","meta":{"_acf_changed":false,"footnotes":""},"categories":[16],"tags":[],"class_list":["post-15470","post","type-post","status-publish","format-standard","has-post-thumbnail","hentry","category-articoli-religiosi"],"acf":[],"yoast_head":"<!-- This site is optimized with the Yoast SEO plugin v26.6 - https:\/\/yoast.com\/wordpress\/plugins\/seo\/ -->\n<title>Santi di ghiaccio: il fenomeno che porta l\u2019inverno in primavera - Holyblog<\/title>\n<meta name=\"description\" content=\"A met\u00e0 tra tradizione contadina e devozione, i Santi di ghiaccio sono ricordati dai cristiani per la loro testimonianza di fede e spesso per il martirio.\" \/>\n<meta name=\"robots\" content=\"index, follow, max-snippet:-1, max-image-preview:large, max-video-preview:-1\" \/>\n<link rel=\"canonical\" href=\"https:\/\/blog.holyart.it\/it\/articoli-religiosi\/santi-di-ghiaccio-il-fenomeno\/\" \/>\n<meta property=\"og:locale\" content=\"it_IT\" \/>\n<meta property=\"og:type\" content=\"article\" \/>\n<meta property=\"og:title\" content=\"Santi di ghiaccio: il fenomeno che porta l\u2019inverno in primavera - Holyblog\" \/>\n<meta property=\"og:description\" content=\"A met\u00e0 tra tradizione contadina e devozione, i Santi di ghiaccio sono ricordati dai cristiani per la loro testimonianza di fede e spesso per il martirio.\" \/>\n<meta property=\"og:url\" content=\"https:\/\/blog.holyart.it\/it\/articoli-religiosi\/santi-di-ghiaccio-il-fenomeno\/\" \/>\n<meta property=\"og:site_name\" content=\"Holyblog\" \/>\n<meta property=\"article:published_time\" content=\"2022-05-11T10:30:07+00:00\" \/>\n<meta property=\"article:modified_time\" content=\"2025-04-17T15:41:52+00:00\" \/>\n<meta property=\"og:image\" content=\"https:\/\/blog.holyart.it\/it\/wp-content\/uploads\/sites\/17\/2022\/05\/santi-di-ghiaccio.jpg\" \/>\n\t<meta property=\"og:image:width\" content=\"1000\" \/>\n\t<meta property=\"og:image:height\" content=\"666\" \/>\n\t<meta property=\"og:image:type\" content=\"image\/jpeg\" \/>\n<meta name=\"author\" content=\"Redazione\" \/>\n<meta name=\"twitter:card\" content=\"summary_large_image\" \/>\n<meta name=\"twitter:label1\" content=\"Scritto da\" \/>\n\t<meta name=\"twitter:data1\" content=\"Redazione\" \/>\n\t<meta name=\"twitter:label2\" content=\"Tempo di lettura stimato\" \/>\n\t<meta name=\"twitter:data2\" content=\"8 minuti\" \/>\n<script type=\"application\/ld+json\" class=\"yoast-schema-graph\">{\"@context\":\"https:\/\/schema.org\",\"@graph\":[{\"@type\":\"Article\",\"@id\":\"https:\/\/blog.holyart.it\/it\/articoli-religiosi\/santi-di-ghiaccio-il-fenomeno\/#article\",\"isPartOf\":{\"@id\":\"https:\/\/blog.holyart.it\/it\/articoli-religiosi\/santi-di-ghiaccio-il-fenomeno\/\"},\"author\":{\"name\":\"Redazione\",\"@id\":\"https:\/\/blog.holyart.it\/it\/#\/schema\/person\/0a7b686e5af0f856ec1e390dd0baecda\"},\"headline\":\"Santi di ghiaccio: il fenomeno che porta l\u2019inverno in primavera\",\"datePublished\":\"2022-05-11T10:30:07+00:00\",\"dateModified\":\"2025-04-17T15:41:52+00:00\",\"mainEntityOfPage\":{\"@id\":\"https:\/\/blog.holyart.it\/it\/articoli-religiosi\/santi-di-ghiaccio-il-fenomeno\/\"},\"wordCount\":1184,\"publisher\":{\"@id\":\"https:\/\/blog.holyart.it\/it\/#organization\"},\"image\":{\"@id\":\"https:\/\/blog.holyart.it\/it\/articoli-religiosi\/santi-di-ghiaccio-il-fenomeno\/#primaryimage\"},\"thumbnailUrl\":\"https:\/\/blog.holyart.it\/it\/wp-content\/uploads\/sites\/17\/2022\/05\/santi-di-ghiaccio.jpg\",\"articleSection\":[\"Religione\"],\"inLanguage\":\"it-IT\"},{\"@type\":\"WebPage\",\"@id\":\"https:\/\/blog.holyart.it\/it\/articoli-religiosi\/santi-di-ghiaccio-il-fenomeno\/\",\"url\":\"https:\/\/blog.holyart.it\/it\/articoli-religiosi\/santi-di-ghiaccio-il-fenomeno\/\",\"name\":\"Santi di ghiaccio: il fenomeno che porta l\u2019inverno in primavera - Holyblog\",\"isPartOf\":{\"@id\":\"https:\/\/blog.holyart.it\/it\/#website\"},\"primaryImageOfPage\":{\"@id\":\"https:\/\/blog.holyart.it\/it\/articoli-religiosi\/santi-di-ghiaccio-il-fenomeno\/#primaryimage\"},\"image\":{\"@id\":\"https:\/\/blog.holyart.it\/it\/articoli-religiosi\/santi-di-ghiaccio-il-fenomeno\/#primaryimage\"},\"thumbnailUrl\":\"https:\/\/blog.holyart.it\/it\/wp-content\/uploads\/sites\/17\/2022\/05\/santi-di-ghiaccio.jpg\",\"datePublished\":\"2022-05-11T10:30:07+00:00\",\"dateModified\":\"2025-04-17T15:41:52+00:00\",\"description\":\"A met\u00e0 tra tradizione contadina e devozione, i Santi di ghiaccio sono ricordati dai cristiani per la loro testimonianza di fede e spesso per il martirio.\",\"breadcrumb\":{\"@id\":\"https:\/\/blog.holyart.it\/it\/articoli-religiosi\/santi-di-ghiaccio-il-fenomeno\/#breadcrumb\"},\"inLanguage\":\"it-IT\",\"potentialAction\":[{\"@type\":\"ReadAction\",\"target\":[\"https:\/\/blog.holyart.it\/it\/articoli-religiosi\/santi-di-ghiaccio-il-fenomeno\/\"]}]},{\"@type\":\"ImageObject\",\"inLanguage\":\"it-IT\",\"@id\":\"https:\/\/blog.holyart.it\/it\/articoli-religiosi\/santi-di-ghiaccio-il-fenomeno\/#primaryimage\",\"url\":\"https:\/\/blog.holyart.it\/it\/wp-content\/uploads\/sites\/17\/2022\/05\/santi-di-ghiaccio.jpg\",\"contentUrl\":\"https:\/\/blog.holyart.it\/it\/wp-content\/uploads\/sites\/17\/2022\/05\/santi-di-ghiaccio.jpg\",\"width\":1000,\"height\":666,\"caption\":\"santi di ghiaccio\"},{\"@type\":\"BreadcrumbList\",\"@id\":\"https:\/\/blog.holyart.it\/it\/articoli-religiosi\/santi-di-ghiaccio-il-fenomeno\/#breadcrumb\",\"itemListElement\":[{\"@type\":\"ListItem\",\"position\":1,\"name\":\"Homepage\",\"item\":\"https:\/\/blog.holyart.it\/it\/\"},{\"@type\":\"ListItem\",\"position\":2,\"name\":\"Religione\",\"item\":\"https:\/\/blog.holyart.it\/it\/articoli-religiosi\/\"},{\"@type\":\"ListItem\",\"position\":3,\"name\":\"Santi di ghiaccio: il fenomeno che porta l\u2019inverno in primavera\"}]},{\"@type\":\"WebSite\",\"@id\":\"https:\/\/blog.holyart.it\/it\/#website\",\"url\":\"https:\/\/blog.holyart.it\/it\/\",\"name\":\"Holyblog\",\"description\":\"Il Blog di Holyart.it\",\"publisher\":{\"@id\":\"https:\/\/blog.holyart.it\/it\/#organization\"},\"potentialAction\":[{\"@type\":\"SearchAction\",\"target\":{\"@type\":\"EntryPoint\",\"urlTemplate\":\"https:\/\/blog.holyart.it\/it\/?s={search_term_string}\"},\"query-input\":{\"@type\":\"PropertyValueSpecification\",\"valueRequired\":true,\"valueName\":\"search_term_string\"}}],\"inLanguage\":\"it-IT\"},{\"@type\":\"Organization\",\"@id\":\"https:\/\/blog.holyart.it\/it\/#organization\",\"name\":\"Holyblog\",\"url\":\"https:\/\/blog.holyart.it\/it\/\",\"logo\":{\"@type\":\"ImageObject\",\"inLanguage\":\"it-IT\",\"@id\":\"https:\/\/blog.holyart.it\/it\/#\/schema\/logo\/image\/\",\"url\":\"https:\/\/blog.holyart.it\/it\/wp-content\/uploads\/sites\/17\/2022\/12\/Holyart_Blog_Logo.jpg\",\"contentUrl\":\"https:\/\/blog.holyart.it\/it\/wp-content\/uploads\/sites\/17\/2022\/12\/Holyart_Blog_Logo.jpg\",\"width\":300,\"height\":50,\"caption\":\"Holyblog\"},\"image\":{\"@id\":\"https:\/\/blog.holyart.it\/it\/#\/schema\/logo\/image\/\"}},{\"@type\":\"Person\",\"@id\":\"https:\/\/blog.holyart.it\/it\/#\/schema\/person\/0a7b686e5af0f856ec1e390dd0baecda\",\"name\":\"Redazione\"}]}<\/script>\n<!-- \/ Yoast SEO plugin. -->","yoast_head_json":{"title":"Santi di ghiaccio: il fenomeno che porta l\u2019inverno in primavera - Holyblog","description":"A met\u00e0 tra tradizione contadina e devozione, i Santi di ghiaccio sono ricordati dai cristiani per la loro testimonianza di fede e spesso per il martirio.","robots":{"index":"index","follow":"follow","max-snippet":"max-snippet:-1","max-image-preview":"max-image-preview:large","max-video-preview":"max-video-preview:-1"},"canonical":"https:\/\/blog.holyart.it\/it\/articoli-religiosi\/santi-di-ghiaccio-il-fenomeno\/","og_locale":"it_IT","og_type":"article","og_title":"Santi di ghiaccio: il fenomeno che porta l\u2019inverno in primavera - Holyblog","og_description":"A met\u00e0 tra tradizione contadina e devozione, i Santi di ghiaccio sono ricordati dai cristiani per la loro testimonianza di fede e spesso per il martirio.","og_url":"https:\/\/blog.holyart.it\/it\/articoli-religiosi\/santi-di-ghiaccio-il-fenomeno\/","og_site_name":"Holyblog","article_published_time":"2022-05-11T10:30:07+00:00","article_modified_time":"2025-04-17T15:41:52+00:00","og_image":[{"width":1000,"height":666,"url":"https:\/\/blog.holyart.it\/it\/wp-content\/uploads\/sites\/17\/2022\/05\/santi-di-ghiaccio.jpg","type":"image\/jpeg"}],"author":"Redazione","twitter_card":"summary_large_image","twitter_misc":{"Scritto da":"Redazione","Tempo di lettura stimato":"8 minuti"},"schema":{"@context":"https:\/\/schema.org","@graph":[{"@type":"Article","@id":"https:\/\/blog.holyart.it\/it\/articoli-religiosi\/santi-di-ghiaccio-il-fenomeno\/#article","isPartOf":{"@id":"https:\/\/blog.holyart.it\/it\/articoli-religiosi\/santi-di-ghiaccio-il-fenomeno\/"},"author":{"name":"Redazione","@id":"https:\/\/blog.holyart.it\/it\/#\/schema\/person\/0a7b686e5af0f856ec1e390dd0baecda"},"headline":"Santi di ghiaccio: il fenomeno che porta l\u2019inverno in primavera","datePublished":"2022-05-11T10:30:07+00:00","dateModified":"2025-04-17T15:41:52+00:00","mainEntityOfPage":{"@id":"https:\/\/blog.holyart.it\/it\/articoli-religiosi\/santi-di-ghiaccio-il-fenomeno\/"},"wordCount":1184,"publisher":{"@id":"https:\/\/blog.holyart.it\/it\/#organization"},"image":{"@id":"https:\/\/blog.holyart.it\/it\/articoli-religiosi\/santi-di-ghiaccio-il-fenomeno\/#primaryimage"},"thumbnailUrl":"https:\/\/blog.holyart.it\/it\/wp-content\/uploads\/sites\/17\/2022\/05\/santi-di-ghiaccio.jpg","articleSection":["Religione"],"inLanguage":"it-IT"},{"@type":"WebPage","@id":"https:\/\/blog.holyart.it\/it\/articoli-religiosi\/santi-di-ghiaccio-il-fenomeno\/","url":"https:\/\/blog.holyart.it\/it\/articoli-religiosi\/santi-di-ghiaccio-il-fenomeno\/","name":"Santi di ghiaccio: il fenomeno che porta l\u2019inverno in primavera - Holyblog","isPartOf":{"@id":"https:\/\/blog.holyart.it\/it\/#website"},"primaryImageOfPage":{"@id":"https:\/\/blog.holyart.it\/it\/articoli-religiosi\/santi-di-ghiaccio-il-fenomeno\/#primaryimage"},"image":{"@id":"https:\/\/blog.holyart.it\/it\/articoli-religiosi\/santi-di-ghiaccio-il-fenomeno\/#primaryimage"},"thumbnailUrl":"https:\/\/blog.holyart.it\/it\/wp-content\/uploads\/sites\/17\/2022\/05\/santi-di-ghiaccio.jpg","datePublished":"2022-05-11T10:30:07+00:00","dateModified":"2025-04-17T15:41:52+00:00","description":"A met\u00e0 tra tradizione contadina e devozione, i Santi di ghiaccio sono ricordati dai cristiani per la loro testimonianza di fede e spesso per il martirio.","breadcrumb":{"@id":"https:\/\/blog.holyart.it\/it\/articoli-religiosi\/santi-di-ghiaccio-il-fenomeno\/#breadcrumb"},"inLanguage":"it-IT","potentialAction":[{"@type":"ReadAction","target":["https:\/\/blog.holyart.it\/it\/articoli-religiosi\/santi-di-ghiaccio-il-fenomeno\/"]}]},{"@type":"ImageObject","inLanguage":"it-IT","@id":"https:\/\/blog.holyart.it\/it\/articoli-religiosi\/santi-di-ghiaccio-il-fenomeno\/#primaryimage","url":"https:\/\/blog.holyart.it\/it\/wp-content\/uploads\/sites\/17\/2022\/05\/santi-di-ghiaccio.jpg","contentUrl":"https:\/\/blog.holyart.it\/it\/wp-content\/uploads\/sites\/17\/2022\/05\/santi-di-ghiaccio.jpg","width":1000,"height":666,"caption":"santi di ghiaccio"},{"@type":"BreadcrumbList","@id":"https:\/\/blog.holyart.it\/it\/articoli-religiosi\/santi-di-ghiaccio-il-fenomeno\/#breadcrumb","itemListElement":[{"@type":"ListItem","position":1,"name":"Homepage","item":"https:\/\/blog.holyart.it\/it\/"},{"@type":"ListItem","position":2,"name":"Religione","item":"https:\/\/blog.holyart.it\/it\/articoli-religiosi\/"},{"@type":"ListItem","position":3,"name":"Santi di ghiaccio: il fenomeno che porta l\u2019inverno in primavera"}]},{"@type":"WebSite","@id":"https:\/\/blog.holyart.it\/it\/#website","url":"https:\/\/blog.holyart.it\/it\/","name":"Holyblog","description":"Il Blog di Holyart.it","publisher":{"@id":"https:\/\/blog.holyart.it\/it\/#organization"},"potentialAction":[{"@type":"SearchAction","target":{"@type":"EntryPoint","urlTemplate":"https:\/\/blog.holyart.it\/it\/?s={search_term_string}"},"query-input":{"@type":"PropertyValueSpecification","valueRequired":true,"valueName":"search_term_string"}}],"inLanguage":"it-IT"},{"@type":"Organization","@id":"https:\/\/blog.holyart.it\/it\/#organization","name":"Holyblog","url":"https:\/\/blog.holyart.it\/it\/","logo":{"@type":"ImageObject","inLanguage":"it-IT","@id":"https:\/\/blog.holyart.it\/it\/#\/schema\/logo\/image\/","url":"https:\/\/blog.holyart.it\/it\/wp-content\/uploads\/sites\/17\/2022\/12\/Holyart_Blog_Logo.jpg","contentUrl":"https:\/\/blog.holyart.it\/it\/wp-content\/uploads\/sites\/17\/2022\/12\/Holyart_Blog_Logo.jpg","width":300,"height":50,"caption":"Holyblog"},"image":{"@id":"https:\/\/blog.holyart.it\/it\/#\/schema\/logo\/image\/"}},{"@type":"Person","@id":"https:\/\/blog.holyart.it\/it\/#\/schema\/person\/0a7b686e5af0f856ec1e390dd0baecda","name":"Redazione"}]}},"_links":{"self":[{"href":"https:\/\/blog.holyart.it\/it\/wp-json\/wp\/v2\/posts\/15470","targetHints":{"allow":["GET"]}}],"collection":[{"href":"https:\/\/blog.holyart.it\/it\/wp-json\/wp\/v2\/posts"}],"about":[{"href":"https:\/\/blog.holyart.it\/it\/wp-json\/wp\/v2\/types\/post"}],"author":[{"embeddable":true,"href":"https:\/\/blog.holyart.it\/it\/wp-json\/wp\/v2\/users\/1"}],"replies":[{"embeddable":true,"href":"https:\/\/blog.holyart.it\/it\/wp-json\/wp\/v2\/comments?post=15470"}],"version-history":[{"count":1,"href":"https:\/\/blog.holyart.it\/it\/wp-json\/wp\/v2\/posts\/15470\/revisions"}],"predecessor-version":[{"id":17692,"href":"https:\/\/blog.holyart.it\/it\/wp-json\/wp\/v2\/posts\/15470\/revisions\/17692"}],"wp:featuredmedia":[{"embeddable":true,"href":"https:\/\/blog.holyart.it\/it\/wp-json\/wp\/v2\/media\/15478"}],"wp:attachment":[{"href":"https:\/\/blog.holyart.it\/it\/wp-json\/wp\/v2\/media?parent=15470"}],"wp:term":[{"taxonomy":"category","embeddable":true,"href":"https:\/\/blog.holyart.it\/it\/wp-json\/wp\/v2\/categories?post=15470"},{"taxonomy":"post_tag","embeddable":true,"href":"https:\/\/blog.holyart.it\/it\/wp-json\/wp\/v2\/tags?post=15470"}],"curies":[{"name":"wp","href":"https:\/\/api.w.org\/{rel}","templated":true}]}}