{"id":15342,"date":"2022-04-27T12:30:25","date_gmt":"2022-04-27T10:30:25","guid":{"rendered":"https:\/\/blog.holyart.it\/it\/?p=15342"},"modified":"2026-03-31T10:54:56","modified_gmt":"2026-03-31T08:54:56","slug":"cacciata-dei-mercanti-dal-tempio-di-gerusalemme","status":"publish","type":"post","link":"https:\/\/blog.holyart.it\/it\/articoli-religiosi\/cacciata-dei-mercanti-dal-tempio-di-gerusalemme\/","title":{"rendered":"L\u2019episodio della cacciata dei mercanti dal Tempio di Gerusalemme"},"content":{"rendered":"<h4>La cacciata dei mercanti dal Tempio di Gerusalemme rappresenta un atto di ribellione di Ges\u00f9 nei confronti di una tradizione religiosa ormai desueta e corrotta, a favore della nuova purezza di spirito e della speranza che Lui \u00e8 venuto a portare<\/h4>\n<p>Tra i tanti <strong><a href=\"https:\/\/www.holyart.it\/blog\/articoli-religiosi\/la-storia-di-gesu-gli-eventi-piu-importanti-della-sua-vita\/\">episodi della vita di Ges\u00f9<\/a><\/strong> che abbiamo sentito raccontare fin dall&#8217;infanzia, la <strong>cacciata dei mercanti dal tempio di Gerusalemme<\/strong> rappresenta forse uno dei pi\u00f9 controversi e difficili da comprendere, almeno finch\u00e9 siamo bambini. Questo perch\u00e9 siamo abituati a pensare a Ges\u00f9 come a un uomo eccezionalmente <strong>buono e mite<\/strong>, mai preda dell&#8217;ira e sempre pronto a dispensare amore, a <em>porgere l&#8217;altra guancia<\/em>, come Lui stesso ci ha insegnato. Eppure in questa particolare episodio, raccontato con alcune differenze in tutti i <strong>Vangeli canonici<\/strong> (Marco 11, 7-19; Matteo 21, 8-19; Luca 19, 45-48; Giovanni 2, 12-25) Ges\u00f9 ha una reazione <strong>rabbiosa, perfino violenta<\/strong>, verso i mercanti che conducono i propri affari nel Tempio. Addirittura nel <strong>Vangelo di Giovanni<\/strong> leggiamo che Ges\u00f9 fabbric\u00f2 una sferza da usare contro chi si opponeva al suo monito: <em>&#8220;Fatta allora una sferza di cordicelle, scacci\u00f2 tutti fuori del tempio con le pecore e i buoi; gett\u00f2 a terra il denaro dei cambiavalute e ne rovesci\u00f2 i banchi&#8221;<\/em> (Giovanni 2, 15)<\/p>\n<div class=\"link-article\">\n<p><img loading=\"lazy\" decoding=\"async\" class=\"size-full wp-image-15343 alignleft\" src=\"https:\/\/blog.holyart.it\/it\/wp-content\/uploads\/sites\/17\/2022\/04\/storia-di-gesu-ultima-cena-2.jpg\" alt=\"storia di gesu ultima cena\" width=\"150\" height=\"99\" data-kale-share-title=\"L\u2019episodio della cacciata dei mercanti dal Tempio di Gerusalemme\" data-kale-share-url=\"https:\/\/blog.holyart.it\/it\/?p=15342\" \/><\/p>\n<div class=\"leggi-anche\">Leggi anche:<\/div>\n<p><strong><a href=\"https:\/\/www.holyart.it\/blog\/articoli-religiosi\/la-storia-di-gesu-gli-eventi-piu-importanti-della-sua-vita\/\">La storia di Ges\u00f9: gli eventi pi\u00f9 importanti della Sua vita<\/a><\/strong><br \/>\nLa storia di Ges\u00f9, tra racconto evangelico, realt\u00e0 storica e leggenda devozionale. In vista della Pasqua ricostruiamo&#8230;<\/p>\n<\/div>\n<p>Ma perch\u00e9 Ges\u00f9 \u00e8 cos\u00ec furioso con i mercanti del tempio? Per capire davvero questo episodio dobbiamo andare indietro nei secoli e renderci conto di com&#8217;era il tempio di Gerusalemme ai tempi di Ges\u00f9 e in quali occasioni ci si recava a visitarlo.<\/p>\n<h2>Il Tempio di Gerusalemme ai tempi di Ges\u00f9<\/h2>\n<p>Il Tempio di Gerusalemme era un edificio grandissimo, lungo quasi 500 metri e frequentato da una <strong>moltitudine di fedeli e di sacerdoti<\/strong> che ogni giorno celebravano <strong>riti e sacrifici<\/strong>, in particolare nei giorni di festa. Inoltre era presieduto da guardie selezionate allo scopo e da truppe ausiliarie romane che si preoccupavano che non scoppiassero tafferugli. Questo rende, secondo diversi storici, poco plausibile l&#8217;azione violenta portata da Ges\u00f9 contro i mercanti del Tempio, perch\u00e9 chiunque avesse creato disordini sarebbe stato immediatamente arrestato o ucciso.<\/p>\n<p>Dalle <a href=\"https:\/\/www.holyart.it\/it\/articoli-religiosi\/libri-e-testi-sacri\/bibbie\"><strong>Sacre scritture<\/strong><\/a> scopiramo che era tradizione per gli ebrei recarsi al Tempio di Gerusalemme tre volte all&#8217;anno, in occasione delle<strong> tre principali feste religiose ebraiche<\/strong>: la festa degli azzimi (Pesach), la festa delle settimane (Shavuot) e la festa delle capanne (Sukkot).\u00a0 In particolare, Pesach, la Pasqua, era la pi\u00f9 importante, legata all&#8217;Esodo del popolo ebraico dall&#8217;Egitto, ed \u00e8 proprio in occasione della <a href=\"https:\/\/www.holyart.it\/blog\/occasioni-speciali\/come-si-calcola-la-pasqua-cristiana-ebraica-e-ortodossa\/\"><strong>Pasqua ebraica<\/strong><\/a> che Ges\u00f9 si reca al Tempio, secondo i Vangeli.<\/p>\n<div class=\"link-article\">\n<p><img loading=\"lazy\" decoding=\"async\" class=\"size-full wp-image-15344 alignleft\" src=\"https:\/\/blog.holyart.it\/it\/wp-content\/uploads\/sites\/17\/2022\/04\/Pasqua-calendario.jpeg\" alt=\"come si calcola la pasqua\" width=\"150\" height=\"99\" data-kale-share-title=\"L\u2019episodio della cacciata dei mercanti dal Tempio di Gerusalemme\" data-kale-share-url=\"https:\/\/blog.holyart.it\/it\/?p=15342\" \/><\/p>\n<div class=\"leggi-anche\">Leggi anche:<\/div>\n<p><strong><a href=\"https:\/\/www.holyart.it\/blog\/occasioni-speciali\/come-si-calcola-la-pasqua-cristiana-ebraica-e-ortodossa\/\">Come si calcola la Pasqua: cristiana, ebraica e ortodossa<\/a><\/strong><br \/>\nOgni anno cambia data ma rimane la festa pi\u00f9 importante: in questo articolo scoprirai come si calcola la Pasqua&#8230;<\/p>\n<\/div>\n<p>Poich\u00e9 chi si recava al cospetto di Dio non poteva mai farlo a mani vuote (Deuteronomio 16:16), e poich\u00e9 la Torah esigeva che tanto le vittime quanto chi le sacrificava fossero puri, non solo era lecito a mercanti di animali da sacrificare trattare i propri affari nelle vicinanze del Tempio, ma perfino al suo interno, nei suoi cortili, e queste ultime attivit\u00e0 erano gestite dagli stessi Gran Sacerdoti.<\/p>\n<p>Questa, che era una tradizione universalmente nota e accettata, infastid\u00ec oltremisura Ges\u00f9. Il Suo gesto \u00e8 una <strong>rivendicazione al ritorno all&#8217;antica purezza religiosa<\/strong>, lontana dal mercimonio, dalla gestione di denaro, e da tutte quelle attivit\u00e0 economiche che, pur connesse ai sacrifici, a Suo avviso <strong>profanavano un luogo sacro<\/strong> per eccellenza. <em>&#8220;Portate via queste cose e non fate della casa del Padre mio un luogo di mercato&#8221;<\/em> (Giovanni 2,16).<br \/>\nAi Giudei che gli chiedono un segno Ges\u00f9 risponde poi: <em>&#8220;Distruggete questo tempio e in tre giorni lo far\u00f2 risorgere&#8221; <\/em>(Giovanni 2,19). \u00c8 lo stesso Giovanni a rivelarci che <strong>\u00e8 del Proprio corpo che Cristo sta parlando<\/strong>, di come, ucciso da quegli stessi uomini che ora Gli parlano, <a href=\"https:\/\/www.holyart.it\/blog\/articoli-religiosi\/gli-avvenimenti-della-passione-di-gesu-dallultima-cena-alla-sua-crocifissione\/\"><strong>Egli risorger\u00e0 dalla morte dopo tre giorni<\/strong><\/a>, abbracciando la Vita eterna e la Gloria del Cielo.<\/p>\n<div class=\"link-article\">\n<p><img loading=\"lazy\" decoding=\"async\" class=\"size-full wp-image-15346 alignleft\" src=\"https:\/\/blog.holyart.it\/it\/wp-content\/uploads\/sites\/17\/2022\/04\/passione-di-gesu-1.jpg\" alt=\"passione di gesu\" width=\"150\" height=\"99\" data-kale-share-title=\"L\u2019episodio della cacciata dei mercanti dal Tempio di Gerusalemme\" data-kale-share-url=\"https:\/\/blog.holyart.it\/it\/?p=15342\" \/><\/p>\n<div class=\"leggi-anche\">Leggi anche:<\/div>\n<p><strong><a href=\"https:\/\/www.holyart.it\/blog\/articoli-religiosi\/gli-avvenimenti-della-passione-di-gesu-dallultima-cena-alla-sua-crocifissione\/\">Gli avvenimenti della Passione di Ges\u00f9: dall\u2019Ultima Cena alla Sua crocifissione<\/a><\/strong><br \/>\nLa Passione di Ges\u00f9 \u00e8 il momento pi\u00f9 alto e terribile della Sua&#8230;<\/p>\n<\/div>\n<p>Ges\u00f9 era gi\u00e0 stato nel Tempio di Gerusalemme da bambino, proprio in occasione della Pasqua. L\u2019episodio della <a href=\"https:\/\/www.holyart.it\/blog\/articoli-religiosi\/la-storia-di-gesu-gli-eventi-piu-importanti-della-sua-vita\/#Il_ritrovamento_di_Gesu_al_tempio\"><strong>visita al Tempio<\/strong><\/a> viene raccontato nel Vangelo di Luca (Luca 2,41-50). Ges\u00f9 appena dodicenne si rec\u00f2 al Tempio con Maria e Giuseppe in occasione della Pasqua, ma quando i genitori ripartirono per Nazareth, scoprirono che era scomparso. Dopo tre giorni di ricerche lo trovarono al Tempio, intendo a parlare con sacerdoti e dottori. <em>&#8220;Ed egli rispose: \u00abPerch\u00e9 mi cercavate? Non sapevate che io devo occuparmi delle cose del Padre mio?\u00bb&#8221; <\/em>(Luca 2,49).<\/p>\n<p>Sempre nel Vangelo di Luca (Luca 2:22-40) leggiamo della <a href=\"https:\/\/www.holyart.it\/blog\/articoli-religiosi\/presentazione-di-gesu-al-tempio-fino-alla-festa-della-candelora\/\"><strong>presentazione di Ges\u00f9 Bambino al Tempio<\/strong><\/a>, quaranta giorni dopo la Sua nascita. Secondo la cultura ebraica, ogni figlio primogenito maschio doveva essere consacrato al Signore e riscattato tramite un\u2019offerta simbolica. Quando Giuseppe e Maria portano <a href=\"https:\/\/www.holyart.it\/it\/articoli-religiosi\/statue\/statue-bambinello\"><strong>Ges\u00f9 bambino<\/strong><\/a> al Tempio di Gerusalemme incontrano prima il vecchio Simeone, che riconosce in Ges\u00f9 il Messia, poi la profetessa Anna, e anch\u2019ella <em>&#8220;parlava del bambino a quanti aspettavano la redenzione di Gerusalemme&#8221;<\/em> (Luca 2:38).<\/p>\n<div class=\"link-article\">\n<p><img loading=\"lazy\" decoding=\"async\" class=\"size-full wp-image-15345 alignleft\" src=\"https:\/\/blog.holyart.it\/it\/wp-content\/uploads\/sites\/17\/2022\/04\/presentazione-di-Ges\u00f9-al-tempio.jpg\" alt=\"presentazione di Ges\u00f9 al tempio\" width=\"150\" height=\"99\" data-kale-share-title=\"L\u2019episodio della cacciata dei mercanti dal Tempio di Gerusalemme\" data-kale-share-url=\"https:\/\/blog.holyart.it\/it\/?p=15342\" \/><\/p>\n<div class=\"leggi-anche\">Leggi anche:<\/div>\n<p><strong><a href=\"https:\/\/www.holyart.it\/blog\/articoli-religiosi\/presentazione-di-gesu-al-tempio-fino-alla-festa-della-candelora\/\">Presentazione di Ges\u00f9 al tempio fino alla festa della Candelora<\/a><\/strong><br \/>\nIl 2 febbraio si festeggia la presentazione di Ges\u00f9 al tempio. Conosciuta anche come festa della purificazione di Maria&#8230;<\/p>\n<\/div>\n<h2>La purificazione del tempio nei Vangeli: le differenze<\/h2>\n<p>Le differenze del racconto evangelico di questo episodio della vita di Ges\u00f9 partono dalla <strong>data<\/strong> in cui esso avrebbe avuto luogo. Per l&#8217;evangelista <strong>Giovanni,\u00a0<\/strong>Ges\u00f9 sarebbe stato all&#8217;inizio del Suo ministero, e si sarebbe recato a Gerusalemme una prima volta, per poi farvi ritorno tre anni dopo e morire.<br \/>\nSecondo i <strong>Vangeli sinottici<\/strong>, invece, vi fu un unico viaggio di Ges\u00f9 a Gerusalemme, quello in cui Egli incontr\u00f2 il proprio destino, la Passione e la morte. <strong>Luca<\/strong> e <strong>Matteo<\/strong> situano la cacciata dei mercanti dal Tempio il giorno dell&#8217;arrivo di <a href=\"https:\/\/www.holyart.it\/it\/occasioni-speciali\/pasqua-e-quaresima\/presepe-pasquale\/scena-ingresso-a-gerusalemme-di-gesu-resina-9-cm\"><strong>Ges\u00f9 a Gerusalemme<\/strong><\/a> (<strong><a href=\"https:\/\/www.holyart.it\/blog\/articoli-religiosi\/domenica-delle-palme-storia-e-significato-della-festa\/\">domenica delle Palme<\/a><\/strong>), mentre <strong>Marco<\/strong> il giorno dopo. In ogni caso siamo ancora nel periodo della <a href=\"https:\/\/www.holyart.it\/it\/occasioni-speciali\/pasqua-e-quaresima\"><strong>Quaresima<\/strong><\/a>.<\/p>\n<div class=\"link-product\">\n<div class=\"blocco-immagine\"><img loading=\"lazy\" decoding=\"async\" class=\"size-full wp-image-15347 alignleft\" src=\"https:\/\/blog.holyart.it\/it\/wp-content\/uploads\/sites\/17\/2022\/04\/scena-ingresso-a-gerusalemme-di-gesu-resina-9-cm.jpg\" alt=\"scena ingresso a gerusalemme di gesu resina 9 cm\" width=\"100\" height=\"100\" data-kale-share-title=\"L\u2019episodio della cacciata dei mercanti dal Tempio di Gerusalemme\" data-kale-share-url=\"https:\/\/blog.holyart.it\/it\/?p=15342\" \/><\/div>\n<div class=\"blocco-contenuto\">\n<div class=\"blocco-acquista\">Acquista su Holyart:<\/div>\n<div class=\"blocco-titolo\"><a href=\"https:\/\/www.holyart.it\/it\/occasioni-speciali\/pasqua-e-quaresima\/presepe-pasquale\/scena-ingresso-a-gerusalemme-di-gesu-resina-9-cm\">Scena Ingresso a Gerusalemme di Ges\u00f9 resina 9 cm<\/a><\/div>\n<div class=\"blocco-descrizione\">Scena di Ges\u00f9 su un asino che fa l&#8217;ingresso a Gerusalemme con pastore.<\/div>\n<\/div>\n<\/div>\n<p>In particolare, <strong>Marco<\/strong> associa l&#8217;episodio del Tempio con quello della <strong>Maledizione del fico<\/strong> a Betania, avvenuto il giorno prima. Dopo essere stato accolto dalla folla festante a Gerusalemme, Ges\u00f9 si era recato a dormire a Betania. Lungo la strada aveva veduto un fico ricco di foglie, ma privo di frutti che Lui potesse cogliere. Ges\u00f9 profetizza che quell&#8217;albero non avr\u00e0 mai frutto, e la pianta secca all&#8217;istante. Forse Marco ha voluto collegare questo episodio con quello della cacciata dei mercanti per rendere maggiormente il clima di <strong>scarsa ospitalit\u00e0 e incomprensione<\/strong> con cui fu accolto Ges\u00f9 a Gerusalemme.<\/p>\n<p><strong>Luca<\/strong> intrepreta invece l&#8217;episodio come una <strong>conferma della regalit\u00e0 e della solennit\u00e0<\/strong> dell&#8217;ingresso di Ges\u00f9 a Gerusalemme.<\/p>\n<p>La scelta di <strong>Giovanni <\/strong>evangelista di porre l&#8217;episodio tre anni prima della morte di Ges\u00f9 assume invece un senso se consideriamo il <strong>ruolo rivoluzionario di Cristo<\/strong> stesso nella cultura ebraica, il Suo distacco da tutto ci\u00f2 che \u00e8 stato a favore di ci\u00f2 che sar\u00e0, grazie a Lui. Ges\u00f9 non si limita a scacciare i mercanti, ma\u00a0<strong>annuncia la distruzione del Tempio<\/strong>, in nome di un Dio che va adorato con azioni e preghiere, non col mercimonio.<\/p>\n","protected":false},"excerpt":{"rendered":"<p>La cacciata dei mercanti dal Tempio di Gerusalemme rappresenta un atto di ribellione di Ges\u00f9 nei confronti di una tradizione religiosa ormai desueta e corrotta, a favore della nuova purezza di spirito e della speranza che Lui \u00e8 venuto a portare Tra i tanti episodi&hellip;<\/p>\n","protected":false},"author":1,"featured_media":15351,"comment_status":"closed","ping_status":"open","sticky":false,"template":"","format":"standard","meta":{"_acf_changed":false,"footnotes":""},"categories":[26,16],"tags":[],"class_list":["post-15342","post","type-post","status-publish","format-standard","has-post-thumbnail","hentry","category-pasqua","category-articoli-religiosi"],"acf":[],"yoast_head":"<!-- This site is optimized with the Yoast SEO plugin v26.6 - https:\/\/yoast.com\/wordpress\/plugins\/seo\/ -->\n<title>L\u2019episodio della cacciata dei mercanti dal Tempio di Gerusalemme<\/title>\n<meta name=\"description\" content=\"La cacciata dei mercanti dal Tempio di Gerusalemme si colloca nei Vangeli poco prima dell&#039;inizio della Passione e del racconto della Pasqua\" \/>\n<meta name=\"robots\" content=\"index, follow, max-snippet:-1, max-image-preview:large, max-video-preview:-1\" \/>\n<link rel=\"canonical\" href=\"https:\/\/blog.holyart.it\/it\/articoli-religiosi\/cacciata-dei-mercanti-dal-tempio-di-gerusalemme\/\" \/>\n<meta property=\"og:locale\" content=\"it_IT\" \/>\n<meta property=\"og:type\" content=\"article\" \/>\n<meta property=\"og:title\" content=\"L\u2019episodio della cacciata dei mercanti dal Tempio di Gerusalemme\" \/>\n<meta property=\"og:description\" content=\"La cacciata dei mercanti dal Tempio di Gerusalemme si colloca nei Vangeli poco prima dell&#039;inizio della Passione e del racconto della Pasqua\" \/>\n<meta property=\"og:url\" content=\"https:\/\/blog.holyart.it\/it\/articoli-religiosi\/cacciata-dei-mercanti-dal-tempio-di-gerusalemme\/\" \/>\n<meta property=\"og:site_name\" content=\"Holyblog\" \/>\n<meta property=\"article:published_time\" content=\"2022-04-27T10:30:25+00:00\" \/>\n<meta property=\"article:modified_time\" content=\"2026-03-31T08:54:56+00:00\" \/>\n<meta property=\"og:image\" content=\"https:\/\/blog.holyart.it\/it\/wp-content\/uploads\/sites\/17\/2022\/04\/cacciata-dei-mercanti-dal-tempio-di-gerusalemme.jpg\" \/>\n\t<meta property=\"og:image:width\" content=\"1000\" \/>\n\t<meta property=\"og:image:height\" content=\"666\" \/>\n\t<meta property=\"og:image:type\" content=\"image\/jpeg\" \/>\n<meta name=\"author\" content=\"Redazione\" \/>\n<meta name=\"twitter:card\" content=\"summary_large_image\" \/>\n<meta name=\"twitter:label1\" content=\"Scritto da\" \/>\n\t<meta name=\"twitter:data1\" content=\"Redazione\" \/>\n\t<meta name=\"twitter:label2\" content=\"Tempo di lettura stimato\" \/>\n\t<meta name=\"twitter:data2\" content=\"8 minuti\" \/>\n<script type=\"application\/ld+json\" class=\"yoast-schema-graph\">{\"@context\":\"https:\/\/schema.org\",\"@graph\":[{\"@type\":\"Article\",\"@id\":\"https:\/\/blog.holyart.it\/it\/articoli-religiosi\/cacciata-dei-mercanti-dal-tempio-di-gerusalemme\/#article\",\"isPartOf\":{\"@id\":\"https:\/\/blog.holyart.it\/it\/articoli-religiosi\/cacciata-dei-mercanti-dal-tempio-di-gerusalemme\/\"},\"author\":{\"name\":\"Redazione\",\"@id\":\"https:\/\/blog.holyart.it\/it\/#\/schema\/person\/0a7b686e5af0f856ec1e390dd0baecda\"},\"headline\":\"L\u2019episodio della cacciata dei mercanti dal Tempio di Gerusalemme\",\"datePublished\":\"2022-04-27T10:30:25+00:00\",\"dateModified\":\"2026-03-31T08:54:56+00:00\",\"mainEntityOfPage\":{\"@id\":\"https:\/\/blog.holyart.it\/it\/articoli-religiosi\/cacciata-dei-mercanti-dal-tempio-di-gerusalemme\/\"},\"wordCount\":1226,\"publisher\":{\"@id\":\"https:\/\/blog.holyart.it\/it\/#organization\"},\"image\":{\"@id\":\"https:\/\/blog.holyart.it\/it\/articoli-religiosi\/cacciata-dei-mercanti-dal-tempio-di-gerusalemme\/#primaryimage\"},\"thumbnailUrl\":\"https:\/\/blog.holyart.it\/it\/wp-content\/uploads\/sites\/17\/2022\/04\/cacciata-dei-mercanti-dal-tempio-di-gerusalemme.jpg\",\"articleSection\":[\"Pasqua\",\"Religione\"],\"inLanguage\":\"it-IT\"},{\"@type\":\"WebPage\",\"@id\":\"https:\/\/blog.holyart.it\/it\/articoli-religiosi\/cacciata-dei-mercanti-dal-tempio-di-gerusalemme\/\",\"url\":\"https:\/\/blog.holyart.it\/it\/articoli-religiosi\/cacciata-dei-mercanti-dal-tempio-di-gerusalemme\/\",\"name\":\"L\u2019episodio della cacciata dei mercanti dal Tempio di Gerusalemme\",\"isPartOf\":{\"@id\":\"https:\/\/blog.holyart.it\/it\/#website\"},\"primaryImageOfPage\":{\"@id\":\"https:\/\/blog.holyart.it\/it\/articoli-religiosi\/cacciata-dei-mercanti-dal-tempio-di-gerusalemme\/#primaryimage\"},\"image\":{\"@id\":\"https:\/\/blog.holyart.it\/it\/articoli-religiosi\/cacciata-dei-mercanti-dal-tempio-di-gerusalemme\/#primaryimage\"},\"thumbnailUrl\":\"https:\/\/blog.holyart.it\/it\/wp-content\/uploads\/sites\/17\/2022\/04\/cacciata-dei-mercanti-dal-tempio-di-gerusalemme.jpg\",\"datePublished\":\"2022-04-27T10:30:25+00:00\",\"dateModified\":\"2026-03-31T08:54:56+00:00\",\"description\":\"La cacciata dei mercanti dal Tempio di Gerusalemme si colloca nei Vangeli poco prima dell'inizio della Passione e del racconto della Pasqua\",\"breadcrumb\":{\"@id\":\"https:\/\/blog.holyart.it\/it\/articoli-religiosi\/cacciata-dei-mercanti-dal-tempio-di-gerusalemme\/#breadcrumb\"},\"inLanguage\":\"it-IT\",\"potentialAction\":[{\"@type\":\"ReadAction\",\"target\":[\"https:\/\/blog.holyart.it\/it\/articoli-religiosi\/cacciata-dei-mercanti-dal-tempio-di-gerusalemme\/\"]}]},{\"@type\":\"ImageObject\",\"inLanguage\":\"it-IT\",\"@id\":\"https:\/\/blog.holyart.it\/it\/articoli-religiosi\/cacciata-dei-mercanti-dal-tempio-di-gerusalemme\/#primaryimage\",\"url\":\"https:\/\/blog.holyart.it\/it\/wp-content\/uploads\/sites\/17\/2022\/04\/cacciata-dei-mercanti-dal-tempio-di-gerusalemme.jpg\",\"contentUrl\":\"https:\/\/blog.holyart.it\/it\/wp-content\/uploads\/sites\/17\/2022\/04\/cacciata-dei-mercanti-dal-tempio-di-gerusalemme.jpg\",\"width\":1000,\"height\":666,\"caption\":\"cacciata dei mercanti dal tempio di gerusalemme\"},{\"@type\":\"BreadcrumbList\",\"@id\":\"https:\/\/blog.holyart.it\/it\/articoli-religiosi\/cacciata-dei-mercanti-dal-tempio-di-gerusalemme\/#breadcrumb\",\"itemListElement\":[{\"@type\":\"ListItem\",\"position\":1,\"name\":\"Homepage\",\"item\":\"https:\/\/blog.holyart.it\/it\/\"},{\"@type\":\"ListItem\",\"position\":2,\"name\":\"Religione\",\"item\":\"https:\/\/blog.holyart.it\/it\/articoli-religiosi\/\"},{\"@type\":\"ListItem\",\"position\":3,\"name\":\"L\u2019episodio della cacciata dei mercanti dal Tempio di Gerusalemme\"}]},{\"@type\":\"WebSite\",\"@id\":\"https:\/\/blog.holyart.it\/it\/#website\",\"url\":\"https:\/\/blog.holyart.it\/it\/\",\"name\":\"Holyblog\",\"description\":\"Il Blog di Holyart.it\",\"publisher\":{\"@id\":\"https:\/\/blog.holyart.it\/it\/#organization\"},\"potentialAction\":[{\"@type\":\"SearchAction\",\"target\":{\"@type\":\"EntryPoint\",\"urlTemplate\":\"https:\/\/blog.holyart.it\/it\/?s={search_term_string}\"},\"query-input\":{\"@type\":\"PropertyValueSpecification\",\"valueRequired\":true,\"valueName\":\"search_term_string\"}}],\"inLanguage\":\"it-IT\"},{\"@type\":\"Organization\",\"@id\":\"https:\/\/blog.holyart.it\/it\/#organization\",\"name\":\"Holyblog\",\"url\":\"https:\/\/blog.holyart.it\/it\/\",\"logo\":{\"@type\":\"ImageObject\",\"inLanguage\":\"it-IT\",\"@id\":\"https:\/\/blog.holyart.it\/it\/#\/schema\/logo\/image\/\",\"url\":\"https:\/\/blog.holyart.it\/it\/wp-content\/uploads\/sites\/17\/2022\/12\/Holyart_Blog_Logo.jpg\",\"contentUrl\":\"https:\/\/blog.holyart.it\/it\/wp-content\/uploads\/sites\/17\/2022\/12\/Holyart_Blog_Logo.jpg\",\"width\":300,\"height\":50,\"caption\":\"Holyblog\"},\"image\":{\"@id\":\"https:\/\/blog.holyart.it\/it\/#\/schema\/logo\/image\/\"}},{\"@type\":\"Person\",\"@id\":\"https:\/\/blog.holyart.it\/it\/#\/schema\/person\/0a7b686e5af0f856ec1e390dd0baecda\",\"name\":\"Redazione\"}]}<\/script>\n<!-- \/ Yoast SEO plugin. -->","yoast_head_json":{"title":"L\u2019episodio della cacciata dei mercanti dal Tempio di Gerusalemme","description":"La cacciata dei mercanti dal Tempio di Gerusalemme si colloca nei Vangeli poco prima dell'inizio della Passione e del racconto della Pasqua","robots":{"index":"index","follow":"follow","max-snippet":"max-snippet:-1","max-image-preview":"max-image-preview:large","max-video-preview":"max-video-preview:-1"},"canonical":"https:\/\/blog.holyart.it\/it\/articoli-religiosi\/cacciata-dei-mercanti-dal-tempio-di-gerusalemme\/","og_locale":"it_IT","og_type":"article","og_title":"L\u2019episodio della cacciata dei mercanti dal Tempio di Gerusalemme","og_description":"La cacciata dei mercanti dal Tempio di Gerusalemme si colloca nei Vangeli poco prima dell'inizio della Passione e del racconto della Pasqua","og_url":"https:\/\/blog.holyart.it\/it\/articoli-religiosi\/cacciata-dei-mercanti-dal-tempio-di-gerusalemme\/","og_site_name":"Holyblog","article_published_time":"2022-04-27T10:30:25+00:00","article_modified_time":"2026-03-31T08:54:56+00:00","og_image":[{"width":1000,"height":666,"url":"https:\/\/blog.holyart.it\/it\/wp-content\/uploads\/sites\/17\/2022\/04\/cacciata-dei-mercanti-dal-tempio-di-gerusalemme.jpg","type":"image\/jpeg"}],"author":"Redazione","twitter_card":"summary_large_image","twitter_misc":{"Scritto da":"Redazione","Tempo di lettura stimato":"8 minuti"},"schema":{"@context":"https:\/\/schema.org","@graph":[{"@type":"Article","@id":"https:\/\/blog.holyart.it\/it\/articoli-religiosi\/cacciata-dei-mercanti-dal-tempio-di-gerusalemme\/#article","isPartOf":{"@id":"https:\/\/blog.holyart.it\/it\/articoli-religiosi\/cacciata-dei-mercanti-dal-tempio-di-gerusalemme\/"},"author":{"name":"Redazione","@id":"https:\/\/blog.holyart.it\/it\/#\/schema\/person\/0a7b686e5af0f856ec1e390dd0baecda"},"headline":"L\u2019episodio della cacciata dei mercanti dal Tempio di Gerusalemme","datePublished":"2022-04-27T10:30:25+00:00","dateModified":"2026-03-31T08:54:56+00:00","mainEntityOfPage":{"@id":"https:\/\/blog.holyart.it\/it\/articoli-religiosi\/cacciata-dei-mercanti-dal-tempio-di-gerusalemme\/"},"wordCount":1226,"publisher":{"@id":"https:\/\/blog.holyart.it\/it\/#organization"},"image":{"@id":"https:\/\/blog.holyart.it\/it\/articoli-religiosi\/cacciata-dei-mercanti-dal-tempio-di-gerusalemme\/#primaryimage"},"thumbnailUrl":"https:\/\/blog.holyart.it\/it\/wp-content\/uploads\/sites\/17\/2022\/04\/cacciata-dei-mercanti-dal-tempio-di-gerusalemme.jpg","articleSection":["Pasqua","Religione"],"inLanguage":"it-IT"},{"@type":"WebPage","@id":"https:\/\/blog.holyart.it\/it\/articoli-religiosi\/cacciata-dei-mercanti-dal-tempio-di-gerusalemme\/","url":"https:\/\/blog.holyart.it\/it\/articoli-religiosi\/cacciata-dei-mercanti-dal-tempio-di-gerusalemme\/","name":"L\u2019episodio della cacciata dei mercanti dal Tempio di Gerusalemme","isPartOf":{"@id":"https:\/\/blog.holyart.it\/it\/#website"},"primaryImageOfPage":{"@id":"https:\/\/blog.holyart.it\/it\/articoli-religiosi\/cacciata-dei-mercanti-dal-tempio-di-gerusalemme\/#primaryimage"},"image":{"@id":"https:\/\/blog.holyart.it\/it\/articoli-religiosi\/cacciata-dei-mercanti-dal-tempio-di-gerusalemme\/#primaryimage"},"thumbnailUrl":"https:\/\/blog.holyart.it\/it\/wp-content\/uploads\/sites\/17\/2022\/04\/cacciata-dei-mercanti-dal-tempio-di-gerusalemme.jpg","datePublished":"2022-04-27T10:30:25+00:00","dateModified":"2026-03-31T08:54:56+00:00","description":"La cacciata dei mercanti dal Tempio di Gerusalemme si colloca nei Vangeli poco prima dell'inizio della Passione e del racconto della Pasqua","breadcrumb":{"@id":"https:\/\/blog.holyart.it\/it\/articoli-religiosi\/cacciata-dei-mercanti-dal-tempio-di-gerusalemme\/#breadcrumb"},"inLanguage":"it-IT","potentialAction":[{"@type":"ReadAction","target":["https:\/\/blog.holyart.it\/it\/articoli-religiosi\/cacciata-dei-mercanti-dal-tempio-di-gerusalemme\/"]}]},{"@type":"ImageObject","inLanguage":"it-IT","@id":"https:\/\/blog.holyart.it\/it\/articoli-religiosi\/cacciata-dei-mercanti-dal-tempio-di-gerusalemme\/#primaryimage","url":"https:\/\/blog.holyart.it\/it\/wp-content\/uploads\/sites\/17\/2022\/04\/cacciata-dei-mercanti-dal-tempio-di-gerusalemme.jpg","contentUrl":"https:\/\/blog.holyart.it\/it\/wp-content\/uploads\/sites\/17\/2022\/04\/cacciata-dei-mercanti-dal-tempio-di-gerusalemme.jpg","width":1000,"height":666,"caption":"cacciata dei mercanti dal tempio di gerusalemme"},{"@type":"BreadcrumbList","@id":"https:\/\/blog.holyart.it\/it\/articoli-religiosi\/cacciata-dei-mercanti-dal-tempio-di-gerusalemme\/#breadcrumb","itemListElement":[{"@type":"ListItem","position":1,"name":"Homepage","item":"https:\/\/blog.holyart.it\/it\/"},{"@type":"ListItem","position":2,"name":"Religione","item":"https:\/\/blog.holyart.it\/it\/articoli-religiosi\/"},{"@type":"ListItem","position":3,"name":"L\u2019episodio della cacciata dei mercanti dal Tempio di Gerusalemme"}]},{"@type":"WebSite","@id":"https:\/\/blog.holyart.it\/it\/#website","url":"https:\/\/blog.holyart.it\/it\/","name":"Holyblog","description":"Il Blog di Holyart.it","publisher":{"@id":"https:\/\/blog.holyart.it\/it\/#organization"},"potentialAction":[{"@type":"SearchAction","target":{"@type":"EntryPoint","urlTemplate":"https:\/\/blog.holyart.it\/it\/?s={search_term_string}"},"query-input":{"@type":"PropertyValueSpecification","valueRequired":true,"valueName":"search_term_string"}}],"inLanguage":"it-IT"},{"@type":"Organization","@id":"https:\/\/blog.holyart.it\/it\/#organization","name":"Holyblog","url":"https:\/\/blog.holyart.it\/it\/","logo":{"@type":"ImageObject","inLanguage":"it-IT","@id":"https:\/\/blog.holyart.it\/it\/#\/schema\/logo\/image\/","url":"https:\/\/blog.holyart.it\/it\/wp-content\/uploads\/sites\/17\/2022\/12\/Holyart_Blog_Logo.jpg","contentUrl":"https:\/\/blog.holyart.it\/it\/wp-content\/uploads\/sites\/17\/2022\/12\/Holyart_Blog_Logo.jpg","width":300,"height":50,"caption":"Holyblog"},"image":{"@id":"https:\/\/blog.holyart.it\/it\/#\/schema\/logo\/image\/"}},{"@type":"Person","@id":"https:\/\/blog.holyart.it\/it\/#\/schema\/person\/0a7b686e5af0f856ec1e390dd0baecda","name":"Redazione"}]}},"_links":{"self":[{"href":"https:\/\/blog.holyart.it\/it\/wp-json\/wp\/v2\/posts\/15342","targetHints":{"allow":["GET"]}}],"collection":[{"href":"https:\/\/blog.holyart.it\/it\/wp-json\/wp\/v2\/posts"}],"about":[{"href":"https:\/\/blog.holyart.it\/it\/wp-json\/wp\/v2\/types\/post"}],"author":[{"embeddable":true,"href":"https:\/\/blog.holyart.it\/it\/wp-json\/wp\/v2\/users\/1"}],"replies":[{"embeddable":true,"href":"https:\/\/blog.holyart.it\/it\/wp-json\/wp\/v2\/comments?post=15342"}],"version-history":[{"count":1,"href":"https:\/\/blog.holyart.it\/it\/wp-json\/wp\/v2\/posts\/15342\/revisions"}],"predecessor-version":[{"id":17516,"href":"https:\/\/blog.holyart.it\/it\/wp-json\/wp\/v2\/posts\/15342\/revisions\/17516"}],"wp:featuredmedia":[{"embeddable":true,"href":"https:\/\/blog.holyart.it\/it\/wp-json\/wp\/v2\/media\/15351"}],"wp:attachment":[{"href":"https:\/\/blog.holyart.it\/it\/wp-json\/wp\/v2\/media?parent=15342"}],"wp:term":[{"taxonomy":"category","embeddable":true,"href":"https:\/\/blog.holyart.it\/it\/wp-json\/wp\/v2\/categories?post=15342"},{"taxonomy":"post_tag","embeddable":true,"href":"https:\/\/blog.holyart.it\/it\/wp-json\/wp\/v2\/tags?post=15342"}],"curies":[{"name":"wp","href":"https:\/\/api.w.org\/{rel}","templated":true}]}}