{"id":15332,"date":"2022-04-25T12:30:37","date_gmt":"2022-04-25T10:30:37","guid":{"rendered":"https:\/\/blog.holyart.it\/it\/?p=15332"},"modified":"2025-02-13T10:06:22","modified_gmt":"2025-02-13T09:06:22","slug":"gli-anni-perduti-della-vita-di-gesu","status":"publish","type":"post","link":"https:\/\/blog.holyart.it\/it\/articoli-religiosi\/gli-anni-perduti-della-vita-di-gesu\/","title":{"rendered":"Gli anni perduti della vita di Ges\u00f9"},"content":{"rendered":"<h4>Indaghiamo sugli anni perduti della vita di Ges\u00f9. Che cosa faceva prima di iniziare a predicare? Si \u00e8 mai allontanato dalla Palestina?<\/h4>\n<p>La vita di Ges\u00f9 \u00e8 nota soprattutto grazie ai <a href=\"https:\/\/www.holyart.it\/it\/articoli-religiosi\/libri-e-testi-sacri\/vangeli\"><strong>Vangeli canonici<\/strong><\/a>, ma esistono molte lacune, periodi durante\u00a0i quali possiamo solo immaginare cosa Egli abbia fatto.\u00a0\u00c8 strano parlare di anni perduti di Ges\u00f9, ancora di pi\u00f9 parlare di anni oscuri. Cosa ci pu\u00f2 essere di oscuro in Lui, che era ed \u00e8 portatore di una luce che trascende l&#8217;oscurit\u00e0 e la morte attraverso i millenni?<br \/>\nIn effetti con questo termine si definisce solo un periodo della vita di Ges\u00f9 non particolarmente degno di nota, e come tale non menzionato nei Vangeli. Testi successivi hanno tentato di raccontare questi anni del silenzio di Ges\u00f9, successivi alla Nativit\u00e0 e precedenti all&#8217;inizio delle Sue predicazioni. I Vangeli apocrifi hanno tentato di colmare i vuoti narrativi dal Nuovo Testamento, e molti studiosi nel corso dei secoli hanno cercato di ricostruire la <a href=\"https:\/\/www.holyart.it\/blog\/articoli-religiosi\/la-storia-di-gesu-gli-eventi-piu-importanti-della-sua-vita\/\"><strong>storia di Ges\u00f9<\/strong><\/a> basandosi su leggende e informazioni disponibili. Ancora oggi si continua a indagare, studiando fonti storiche e comparandole con testi medievali e resoconti di ogni genere.<\/p>\n<div class=\"link-article\">\n<p><img loading=\"lazy\" decoding=\"async\" class=\"size-full wp-image-15333 alignleft\" src=\"https:\/\/blog.holyart.it\/it\/wp-content\/uploads\/sites\/17\/2022\/04\/storia-di-gesu-ultima-cena-1.jpg\" alt=\"storia di ges\u00f9 ultima cena\" width=\"150\" height=\"99\" data-kale-share-title=\"Gli anni perduti della vita di Ges\u00f9\" data-kale-share-url=\"https:\/\/blog.holyart.it\/it\/?p=15332\" \/><\/p>\n<div class=\"leggi-anche\">Leggi anche:<\/div>\n<p><strong><a href=\"https:\/\/www.holyart.it\/blog\/articoli-religiosi\/la-storia-di-gesu-gli-eventi-piu-importanti-della-sua-vita\/\">La storia di Ges\u00f9: gli eventi pi\u00f9 importanti della Sua vita<\/a><\/strong><br \/>\nLa storia di Ges\u00f9, tra racconto evangelico, realt\u00e0 storica e leggenda devozionale. In vista della Pasqua ricostruiamo&#8230;<\/p>\n<\/div>\n<p>Vivendo nella Palestina dell&#8217;epoca, e in particolare a Nazareth, piccolo centro abitato popolato soprattutto da ebrei dediti all&#8217;agricoltura, \u00e8 probabile che l&#8217;infanzia e la giovinezza del Ges\u00f9 storico non siano state differenti da quelle di qualsiasi altro bambino e ragazzo del luogo e del tempo. A<strong> cinque<\/strong> anni i bambini iniziavano a <strong>studiare alla sinagoga<\/strong> e venivano avviati al mestiere del padre. <strong>Dodici<\/strong> anni era un&#8217;et\u00e0 importante, perch\u00e9 la famiglia si recava al Tempio di Gerusalemme per celebrare il <em>bar mitzvah<\/em>, l&#8217;<strong>iniziazione religiosa <\/strong>del bambino. Da qui in poi il ragazzo faceva parte della comunit\u00e0 e doveva dividersi tra lavoro, cerimonie religiose in sinagoga e studio delle Scritture. In occasione delle grandi feste ebraiche ci si recava al Tempio di Gerusalemme. La vita di Ges\u00f9, quella vita unica e speciale per cui viene ricordato, comincia in effetti con le Sue predicazioni, quando lascia Nazareth e inizia a viaggiare, e su di essa intervengono in nostro aiuto i Vangeli.<\/p>\n<h2>L\u2019infanzia e la giovinezza di Ges\u00f9<\/h2>\n<p>Nel <strong>Vangelo di Luca<\/strong> troviamo due episodi che lasciano qualche indizio sull&#8217;infanzia di Ges\u00f9. Uno \u00e8 di poco successivo alla Sua nascita, ed \u00e8 la <a href=\"https:\/\/www.holyart.it\/blog\/articoli-religiosi\/presentazione-di-gesu-al-tempio-fino-alla-festa-della-candelora\/\"><strong>Presentazione al Tempio di Gerusalemme<\/strong><\/a>. L&#8217;evangelista scrive che dopo di essa la Sacra Famiglia fece ritorno a Nazareth, e che <em>&#8220;il bambino cresceva e si fortificava; era pieno di sapienza e la grazia di Dio era su di lui.&#8221; <\/em>(Luca 2,39-40)<br \/>\nSempre Luca racconta brevemente un altro episodio, <strong>lo smarrimento e il ritrovamento di Ges\u00f9 al Tempio<\/strong>. Ogni anno Giuseppe e Maria si recavano a Gerusalemme in occasione della Pasqua. Quando Ges\u00f9 ha dodici anni lo portano con loro, per il suo <em>bar mitzvah<\/em>: <em>&#8220;Quando [Ges\u00f9] giunse all&#8217;et\u00e0 di dodici anni, salirono a Gerusalemme, secondo l&#8217;usanza della festa; passati i giorni della festa, mentre tornavano, il bambino Ges\u00f9 rimase in Gerusalemme all&#8217;insaputa dei genitori&#8221;<\/em> (Luca 2,42-43). Maria e Giuseppe Lo ritroveranno nel tempio, intento a parlare con i maestri, e davanti alla loro angoscia Ges\u00f9 dir\u00e0 solo: <em>&#8220;\u00abPerch\u00e9 mi cercavate? Non sapevate che io dovevo trovarmi nella casa del Padre mio?\u00bb&#8221; <\/em>(Luca 2,49)<\/p>\n<div class=\"link-article\">\n<p><img loading=\"lazy\" decoding=\"async\" class=\"size-full wp-image-15334 alignleft\" src=\"https:\/\/blog.holyart.it\/it\/wp-content\/uploads\/sites\/17\/2022\/04\/presentazione-di-Gesu-al-tempio.jpg\" alt=\"presentazione di Gesu al tempio\" width=\"150\" height=\"99\" data-kale-share-title=\"Gli anni perduti della vita di Ges\u00f9\" data-kale-share-url=\"https:\/\/blog.holyart.it\/it\/?p=15332\" \/><\/p>\n<div class=\"leggi-anche\">Leggi anche:<\/div>\n<p><strong><a href=\"https:\/\/www.holyart.it\/blog\/articoli-religiosi\/presentazione-di-gesu-al-tempio-fino-alla-festa-della-candelora\/\">Presentazione di Ges\u00f9 al tempio fino alla festa della Candelora<\/a><\/strong><br \/>\nIl 2 febbraio si festeggia la presentazione di Ges\u00f9 al tempio. Conosciuta anche come festa della purificazione di Maria, o Candelora&#8230;<\/p>\n<\/div>\n<p>\u00c8 presumibile che, tornato a Nazareth, Ges\u00f9 abbia <strong>seguito le orme paterne<\/strong> e che, come San Giuseppe, sia diventato un falegname o un carpentiere, visto che i falegnami di allora erano anche costruttori. Sia Marco sia Matteo nei loro Vangeli lo definiscono <em>T\u00e9kt\u00f4n<\/em>, un termine greco ancora oggi oggetto di diatribe esegetiche, in quanto pu\u00f2 significare <em>carpentiere<\/em>, <em>muratore<\/em>, <em>falegname<\/em> o addirittura <em>fabbro<\/em>.<br \/>\nLa teoria di <a href=\"https:\/\/www.holyart.it\/blog\/santi-e-beati\/novena-san-giuseppe-la-festa-dei-lavoratori\/\"><strong>Ges\u00f9 al lavoro con Giuseppe<\/strong><\/a> nella bottega di famiglia \u00e8 avvalorata da uno dei primi episodi raccontati nel Vangelo di Marco, quando Ges\u00f9, ormai trentenne, inizia a predicare a Nazareth. La gente del luogo \u00e8 inizialmente infastidita da questo giovane uomo che osa mettersi a insegnare nella Sinagoga il sabato, come se fosse un maestro: <em>&#8220;\u00abDa dove vengono a costui queste cose? Che sapienza \u00e8 mai questa che gli \u00e8 data? E come mai si compiono tali potenti opere per mano sua? Non \u00e8 costui il falegname, il figlio di Maria, il fratello di Giacomo, di Iose, di Giuda e di Simone? E le sue sorelle non sono qui fra noi?\u00bb. Ed erano scandalizzati a causa di lui.&#8221;<\/em> (Marco 6:3-4)<\/p>\n<div class=\"link-article\">\n<p><img loading=\"lazy\" decoding=\"async\" class=\"size-full wp-image-15335 alignleft\" src=\"https:\/\/blog.holyart.it\/it\/wp-content\/uploads\/sites\/17\/2022\/04\/Novena-a-San-Giuseppe-per-la-festa-dei-lavoratori.jpg\" alt=\"Novena a San Giuseppe per la festa dei lavoratori\" width=\"150\" height=\"99\" data-kale-share-title=\"Gli anni perduti della vita di Ges\u00f9\" data-kale-share-url=\"https:\/\/blog.holyart.it\/it\/?p=15332\" \/><\/p>\n<div class=\"leggi-anche\">Leggi anche:<\/div>\n<p><strong><a href=\"https:\/\/www.holyart.it\/blog\/santi-e-beati\/novena-san-giuseppe-la-festa-dei-lavoratori\/\">Novena a San Giuseppe per la festa dei lavoratori<\/a><\/strong><br \/>\nSan Giuseppe \u00e8 una figura imprescindibile, quando si rivolge il pensiero alla vita e all\u2019opera di Ges\u00f9&#8230;<\/p>\n<\/div>\n<p>Riguardo a <a href=\"https:\/\/www.holyart.it\/it\/occasioni-speciali\/san-giuseppe\"><strong>San Giuseppe<\/strong><\/a>, \u00e8 presumibile che sia morto prima che Ges\u00f9 raggiungesse i trent&#8217;anni e iniziasse a predicare, o non si spiegherebbe perch\u00e9 nei racconti dei Vangeli Maria \u00e8 sempre sola. Alla morte del padre il primogenito diventava capofamiglia e assumeva su di s\u00e9 tutti i doveri e gli oneri.<\/p>\n<div class=\"link-product\">\n<div class=\"blocco-immagine\"><img loading=\"lazy\" decoding=\"async\" class=\"size-full wp-image-15336 alignleft\" src=\"https:\/\/blog.holyart.it\/it\/wp-content\/uploads\/sites\/17\/2022\/04\/rosario-s.giuseppe-grani-vetro-verde-allungati-6-mm.jpg\" alt=\"rosario s.giuseppe grani vetro verde allungati 6 mm\" width=\"100\" height=\"100\" data-kale-share-title=\"Gli anni perduti della vita di Ges\u00f9\" data-kale-share-url=\"https:\/\/blog.holyart.it\/it\/?p=15332\" \/><\/div>\n<div class=\"blocco-contenuto\">\n<div class=\"blocco-acquista\">Acquista su Holyart:<\/div>\n<div class=\"blocco-titolo\"><a href=\"https:\/\/www.holyart.it\/it\/occasioni-speciali\/san-giuseppe\">San Giuseppe<\/a><\/div>\n<div class=\"blocco-descrizione\">Qui trovi i migliori articoli devozionali dedicati a San Giuseppe.<\/div>\n<\/div>\n<\/div>\n<h2>Ges\u00f9 in India<\/h2>\n<p>Nel corso dei secoli si \u00e8 cercato anche di indagare su eventuali <strong>viaggi di Ges\u00f9<\/strong>. Si \u00e8 mai allontanato dalla Palestina? In epoca medievale si \u00e8 sviluppata una corrente letteraria che raccontava dei viaggi di <strong>Ges\u00f9 in Britannia<\/strong>, l&#8217;attuale Gran Bretagna. Questi racconti si ricollegavano alla figura di <strong>Giuseppe di Arimatea<\/strong>, autorevole membro del sinedrio e discepolo di Ges\u00f9, che secondo il Vangelo di Giovanni reclam\u00f2 il Suo corpo da Pilato e lo prepar\u00f2 alla sepoltura insieme all&#8217;amico Nicodemo. Giuseppe di Arimatea, venerato da tutte le chiese, e considerato patrono di becchini, funerali e pompe funebri, nel <strong>ciclo arturiano<\/strong> appare come il primo custode del Santo Graal. Lui avrebbe portato <a href=\"https:\/\/www.holyart.it\/it\/accessori-per-la-liturgia\/calici-pissidi-patene\/calici-pissidi-patene-metallo\/calice-pisside-ultima-cena-bicolore\"><strong>la coppa dell&#8217;Ultima Cena<\/strong><\/a> in Britannia con un viaggio rocambolesco, secondo il racconto di Rabano Mauro (780-856), arcivescovo di Magonza, nel quale lo avrebbero accompagnato <strong><a href=\"https:\/\/www.holyart.it\/blog\/santi-e-beati\/marta-maria-e-lazzaro-gli-amici-di-gesu\/\">Maria e Marta di Betania<\/a><\/strong>, loro fratello Lazzaro, risorto dai morti, e altre figure eminenti del Cristianesimo delle origini. Sarebbero stati loro a gettare le basi del <strong>Cristianesimo <\/strong>nell&#8217;isola. Secondo le leggende Giuseppe non avrebbe fatto\u00a0che ritornare in Britannia, dove era gi\u00e0 stato per accompagnare Ges\u00f9 ancora fanciullo. Addirittura esiste una cappella dell\u2019abbazia di Glastonbury, la fondazione della quale \u00e8 attribuita proprio a Ges\u00f9 e a Giuseppe di Arimatea.<\/p>\n<div class=\"link-product\">\n<div class=\"blocco-immagine\"><img loading=\"lazy\" decoding=\"async\" class=\"size-full wp-image-15338 alignleft\" src=\"https:\/\/blog.holyart.it\/it\/wp-content\/uploads\/sites\/17\/2022\/04\/calice-pisside-ultima-cena-bicolore.jpg\" alt=\"calice pisside ultima cena bicolore\" width=\"100\" height=\"100\" data-kale-share-title=\"Gli anni perduti della vita di Ges\u00f9\" data-kale-share-url=\"https:\/\/blog.holyart.it\/it\/?p=15332\" \/><\/div>\n<div class=\"blocco-contenuto\">\n<div class=\"blocco-acquista\">Acquista su Holyart:<\/div>\n<div class=\"blocco-titolo\"><a href=\"https:\/\/www.holyart.it\/it\/accessori-per-la-liturgia\/calici-pissidi-patene\/calici-pissidi-patene-metallo\/calice-pisside-ultima-cena-bicolore\">Calice Pisside Ultima cena bicolore<\/a><\/div>\n<div class=\"blocco-descrizione\">Sulla coppa \u00e8 presente la tradizionale scena dell&#8217;Ultima Cena.<\/div>\n<\/div>\n<\/div>\n<p>Studi pi\u00f9 recenti hanno avanzato la possibilit\u00e0 che Ges\u00f9 sia stato in <strong>India<\/strong>. Qualcuno avanz\u00f2 la proposta che Egli fosse <em>Bhagavan Krishna<\/em>, una delle incarnazioni del dio Visn\u00f9. ci sono molte somiglianze tra la storia dei Ges\u00f9 e quella di questo personaggio e il nome Ges\u00f9 potrebbe derivare da <em>Jezeus<\/em>, &#8220;pura essenza&#8221; in sanscrito, con cui discepoli di Krishna definivano Bhagavan Krishna. Ma non ci sono prove sicure a riguardo.\u00a0Il predicatore americano Levi H. Dowling nei primi anni del &#8216;900 raccont\u00f2 nei suoi scritti di un <strong>lungo viaggio del giovane Ges\u00f9<\/strong> attraverso India, Tibet, Persia, Assiria, Grecia ed Egitto e successivamente il dottor William S. Sadler allarg\u00f2 i Suoi viaggi anche al Nord Africa e all&#8217;Italia. Ma anche in questo caso si parla di congetture senza documenti consistenti che ne dimostrino la veridicit\u00e0.<\/p>\n","protected":false},"excerpt":{"rendered":"<p>Indaghiamo sugli anni perduti della vita di Ges\u00f9. Che cosa faceva prima di iniziare a predicare? Si \u00e8 mai allontanato dalla Palestina? La vita di Ges\u00f9 \u00e8 nota soprattutto grazie ai Vangeli canonici, ma esistono molte lacune, periodi durante\u00a0i quali possiamo solo immaginare cosa Egli&hellip;<\/p>\n","protected":false},"author":1,"featured_media":15341,"comment_status":"closed","ping_status":"open","sticky":false,"template":"","format":"standard","meta":{"_acf_changed":false,"footnotes":""},"categories":[16],"tags":[],"class_list":["post-15332","post","type-post","status-publish","format-standard","has-post-thumbnail","hentry","category-articoli-religiosi"],"acf":[],"yoast_head":"<!-- This site is optimized with the Yoast SEO plugin v26.6 - https:\/\/yoast.com\/wordpress\/plugins\/seo\/ -->\n<title>Gli anni perduti della vita di Ges\u00f9 - Holyblog<\/title>\n<meta name=\"description\" content=\"Cosa sappiamo veramente della vita di Ges\u00f9? Visse sempre a Nazareth o viaggi\u00f2 attraverso la Palestina e forse anche oltre? Che lavoro faceva? Scopriamolo\" \/>\n<meta name=\"robots\" content=\"index, follow, max-snippet:-1, max-image-preview:large, max-video-preview:-1\" \/>\n<link rel=\"canonical\" href=\"https:\/\/blog.holyart.it\/it\/articoli-religiosi\/gli-anni-perduti-della-vita-di-gesu\/\" \/>\n<meta property=\"og:locale\" content=\"it_IT\" \/>\n<meta property=\"og:type\" content=\"article\" \/>\n<meta property=\"og:title\" content=\"Gli anni perduti della vita di Ges\u00f9 - Holyblog\" \/>\n<meta property=\"og:description\" content=\"Cosa sappiamo veramente della vita di Ges\u00f9? Visse sempre a Nazareth o viaggi\u00f2 attraverso la Palestina e forse anche oltre? Che lavoro faceva? Scopriamolo\" \/>\n<meta property=\"og:url\" content=\"https:\/\/blog.holyart.it\/it\/articoli-religiosi\/gli-anni-perduti-della-vita-di-gesu\/\" \/>\n<meta property=\"og:site_name\" content=\"Holyblog\" \/>\n<meta property=\"article:published_time\" content=\"2022-04-25T10:30:37+00:00\" \/>\n<meta property=\"article:modified_time\" content=\"2025-02-13T09:06:22+00:00\" \/>\n<meta property=\"og:image\" content=\"https:\/\/blog.holyart.it\/it\/wp-content\/uploads\/sites\/17\/2022\/04\/gli-anni-perduti-della-vita-di-gesu.jpg\" \/>\n\t<meta property=\"og:image:width\" content=\"1000\" \/>\n\t<meta property=\"og:image:height\" content=\"666\" \/>\n\t<meta property=\"og:image:type\" content=\"image\/jpeg\" \/>\n<meta name=\"author\" content=\"Redazione\" \/>\n<meta name=\"twitter:card\" content=\"summary_large_image\" \/>\n<meta name=\"twitter:label1\" content=\"Scritto da\" \/>\n\t<meta name=\"twitter:data1\" content=\"Redazione\" \/>\n\t<meta name=\"twitter:label2\" content=\"Tempo di lettura stimato\" \/>\n\t<meta name=\"twitter:data2\" content=\"8 minuti\" \/>\n<script type=\"application\/ld+json\" class=\"yoast-schema-graph\">{\"@context\":\"https:\/\/schema.org\",\"@graph\":[{\"@type\":\"Article\",\"@id\":\"https:\/\/blog.holyart.it\/it\/articoli-religiosi\/gli-anni-perduti-della-vita-di-gesu\/#article\",\"isPartOf\":{\"@id\":\"https:\/\/blog.holyart.it\/it\/articoli-religiosi\/gli-anni-perduti-della-vita-di-gesu\/\"},\"author\":{\"name\":\"Redazione\",\"@id\":\"https:\/\/blog.holyart.it\/it\/#\/schema\/person\/0a7b686e5af0f856ec1e390dd0baecda\"},\"headline\":\"Gli anni perduti della vita di Ges\u00f9\",\"datePublished\":\"2022-04-25T10:30:37+00:00\",\"dateModified\":\"2025-02-13T09:06:22+00:00\",\"mainEntityOfPage\":{\"@id\":\"https:\/\/blog.holyart.it\/it\/articoli-religiosi\/gli-anni-perduti-della-vita-di-gesu\/\"},\"wordCount\":1220,\"publisher\":{\"@id\":\"https:\/\/blog.holyart.it\/it\/#organization\"},\"image\":{\"@id\":\"https:\/\/blog.holyart.it\/it\/articoli-religiosi\/gli-anni-perduti-della-vita-di-gesu\/#primaryimage\"},\"thumbnailUrl\":\"https:\/\/blog.holyart.it\/it\/wp-content\/uploads\/sites\/17\/2022\/04\/gli-anni-perduti-della-vita-di-gesu.jpg\",\"articleSection\":[\"Religione\"],\"inLanguage\":\"it-IT\"},{\"@type\":\"WebPage\",\"@id\":\"https:\/\/blog.holyart.it\/it\/articoli-religiosi\/gli-anni-perduti-della-vita-di-gesu\/\",\"url\":\"https:\/\/blog.holyart.it\/it\/articoli-religiosi\/gli-anni-perduti-della-vita-di-gesu\/\",\"name\":\"Gli anni perduti della vita di Ges\u00f9 - Holyblog\",\"isPartOf\":{\"@id\":\"https:\/\/blog.holyart.it\/it\/#website\"},\"primaryImageOfPage\":{\"@id\":\"https:\/\/blog.holyart.it\/it\/articoli-religiosi\/gli-anni-perduti-della-vita-di-gesu\/#primaryimage\"},\"image\":{\"@id\":\"https:\/\/blog.holyart.it\/it\/articoli-religiosi\/gli-anni-perduti-della-vita-di-gesu\/#primaryimage\"},\"thumbnailUrl\":\"https:\/\/blog.holyart.it\/it\/wp-content\/uploads\/sites\/17\/2022\/04\/gli-anni-perduti-della-vita-di-gesu.jpg\",\"datePublished\":\"2022-04-25T10:30:37+00:00\",\"dateModified\":\"2025-02-13T09:06:22+00:00\",\"description\":\"Cosa sappiamo veramente della vita di Ges\u00f9? Visse sempre a Nazareth o viaggi\u00f2 attraverso la Palestina e forse anche oltre? Che lavoro faceva? Scopriamolo\",\"breadcrumb\":{\"@id\":\"https:\/\/blog.holyart.it\/it\/articoli-religiosi\/gli-anni-perduti-della-vita-di-gesu\/#breadcrumb\"},\"inLanguage\":\"it-IT\",\"potentialAction\":[{\"@type\":\"ReadAction\",\"target\":[\"https:\/\/blog.holyart.it\/it\/articoli-religiosi\/gli-anni-perduti-della-vita-di-gesu\/\"]}]},{\"@type\":\"ImageObject\",\"inLanguage\":\"it-IT\",\"@id\":\"https:\/\/blog.holyart.it\/it\/articoli-religiosi\/gli-anni-perduti-della-vita-di-gesu\/#primaryimage\",\"url\":\"https:\/\/blog.holyart.it\/it\/wp-content\/uploads\/sites\/17\/2022\/04\/gli-anni-perduti-della-vita-di-gesu.jpg\",\"contentUrl\":\"https:\/\/blog.holyart.it\/it\/wp-content\/uploads\/sites\/17\/2022\/04\/gli-anni-perduti-della-vita-di-gesu.jpg\",\"width\":1000,\"height\":666,\"caption\":\"gli anni perduti della vita di ges\u00f9\"},{\"@type\":\"BreadcrumbList\",\"@id\":\"https:\/\/blog.holyart.it\/it\/articoli-religiosi\/gli-anni-perduti-della-vita-di-gesu\/#breadcrumb\",\"itemListElement\":[{\"@type\":\"ListItem\",\"position\":1,\"name\":\"Homepage\",\"item\":\"https:\/\/blog.holyart.it\/it\/\"},{\"@type\":\"ListItem\",\"position\":2,\"name\":\"Religione\",\"item\":\"https:\/\/blog.holyart.it\/it\/articoli-religiosi\/\"},{\"@type\":\"ListItem\",\"position\":3,\"name\":\"Gli anni perduti della vita di Ges\u00f9\"}]},{\"@type\":\"WebSite\",\"@id\":\"https:\/\/blog.holyart.it\/it\/#website\",\"url\":\"https:\/\/blog.holyart.it\/it\/\",\"name\":\"Holyblog\",\"description\":\"Il Blog di Holyart.it\",\"publisher\":{\"@id\":\"https:\/\/blog.holyart.it\/it\/#organization\"},\"potentialAction\":[{\"@type\":\"SearchAction\",\"target\":{\"@type\":\"EntryPoint\",\"urlTemplate\":\"https:\/\/blog.holyart.it\/it\/?s={search_term_string}\"},\"query-input\":{\"@type\":\"PropertyValueSpecification\",\"valueRequired\":true,\"valueName\":\"search_term_string\"}}],\"inLanguage\":\"it-IT\"},{\"@type\":\"Organization\",\"@id\":\"https:\/\/blog.holyart.it\/it\/#organization\",\"name\":\"Holyblog\",\"url\":\"https:\/\/blog.holyart.it\/it\/\",\"logo\":{\"@type\":\"ImageObject\",\"inLanguage\":\"it-IT\",\"@id\":\"https:\/\/blog.holyart.it\/it\/#\/schema\/logo\/image\/\",\"url\":\"https:\/\/blog.holyart.it\/it\/wp-content\/uploads\/sites\/17\/2022\/12\/Holyart_Blog_Logo.jpg\",\"contentUrl\":\"https:\/\/blog.holyart.it\/it\/wp-content\/uploads\/sites\/17\/2022\/12\/Holyart_Blog_Logo.jpg\",\"width\":300,\"height\":50,\"caption\":\"Holyblog\"},\"image\":{\"@id\":\"https:\/\/blog.holyart.it\/it\/#\/schema\/logo\/image\/\"}},{\"@type\":\"Person\",\"@id\":\"https:\/\/blog.holyart.it\/it\/#\/schema\/person\/0a7b686e5af0f856ec1e390dd0baecda\",\"name\":\"Redazione\"}]}<\/script>\n<!-- \/ Yoast SEO plugin. -->","yoast_head_json":{"title":"Gli anni perduti della vita di Ges\u00f9 - Holyblog","description":"Cosa sappiamo veramente della vita di Ges\u00f9? Visse sempre a Nazareth o viaggi\u00f2 attraverso la Palestina e forse anche oltre? Che lavoro faceva? Scopriamolo","robots":{"index":"index","follow":"follow","max-snippet":"max-snippet:-1","max-image-preview":"max-image-preview:large","max-video-preview":"max-video-preview:-1"},"canonical":"https:\/\/blog.holyart.it\/it\/articoli-religiosi\/gli-anni-perduti-della-vita-di-gesu\/","og_locale":"it_IT","og_type":"article","og_title":"Gli anni perduti della vita di Ges\u00f9 - Holyblog","og_description":"Cosa sappiamo veramente della vita di Ges\u00f9? Visse sempre a Nazareth o viaggi\u00f2 attraverso la Palestina e forse anche oltre? Che lavoro faceva? Scopriamolo","og_url":"https:\/\/blog.holyart.it\/it\/articoli-religiosi\/gli-anni-perduti-della-vita-di-gesu\/","og_site_name":"Holyblog","article_published_time":"2022-04-25T10:30:37+00:00","article_modified_time":"2025-02-13T09:06:22+00:00","og_image":[{"width":1000,"height":666,"url":"https:\/\/blog.holyart.it\/it\/wp-content\/uploads\/sites\/17\/2022\/04\/gli-anni-perduti-della-vita-di-gesu.jpg","type":"image\/jpeg"}],"author":"Redazione","twitter_card":"summary_large_image","twitter_misc":{"Scritto da":"Redazione","Tempo di lettura stimato":"8 minuti"},"schema":{"@context":"https:\/\/schema.org","@graph":[{"@type":"Article","@id":"https:\/\/blog.holyart.it\/it\/articoli-religiosi\/gli-anni-perduti-della-vita-di-gesu\/#article","isPartOf":{"@id":"https:\/\/blog.holyart.it\/it\/articoli-religiosi\/gli-anni-perduti-della-vita-di-gesu\/"},"author":{"name":"Redazione","@id":"https:\/\/blog.holyart.it\/it\/#\/schema\/person\/0a7b686e5af0f856ec1e390dd0baecda"},"headline":"Gli anni perduti della vita di Ges\u00f9","datePublished":"2022-04-25T10:30:37+00:00","dateModified":"2025-02-13T09:06:22+00:00","mainEntityOfPage":{"@id":"https:\/\/blog.holyart.it\/it\/articoli-religiosi\/gli-anni-perduti-della-vita-di-gesu\/"},"wordCount":1220,"publisher":{"@id":"https:\/\/blog.holyart.it\/it\/#organization"},"image":{"@id":"https:\/\/blog.holyart.it\/it\/articoli-religiosi\/gli-anni-perduti-della-vita-di-gesu\/#primaryimage"},"thumbnailUrl":"https:\/\/blog.holyart.it\/it\/wp-content\/uploads\/sites\/17\/2022\/04\/gli-anni-perduti-della-vita-di-gesu.jpg","articleSection":["Religione"],"inLanguage":"it-IT"},{"@type":"WebPage","@id":"https:\/\/blog.holyart.it\/it\/articoli-religiosi\/gli-anni-perduti-della-vita-di-gesu\/","url":"https:\/\/blog.holyart.it\/it\/articoli-religiosi\/gli-anni-perduti-della-vita-di-gesu\/","name":"Gli anni perduti della vita di Ges\u00f9 - Holyblog","isPartOf":{"@id":"https:\/\/blog.holyart.it\/it\/#website"},"primaryImageOfPage":{"@id":"https:\/\/blog.holyart.it\/it\/articoli-religiosi\/gli-anni-perduti-della-vita-di-gesu\/#primaryimage"},"image":{"@id":"https:\/\/blog.holyart.it\/it\/articoli-religiosi\/gli-anni-perduti-della-vita-di-gesu\/#primaryimage"},"thumbnailUrl":"https:\/\/blog.holyart.it\/it\/wp-content\/uploads\/sites\/17\/2022\/04\/gli-anni-perduti-della-vita-di-gesu.jpg","datePublished":"2022-04-25T10:30:37+00:00","dateModified":"2025-02-13T09:06:22+00:00","description":"Cosa sappiamo veramente della vita di Ges\u00f9? Visse sempre a Nazareth o viaggi\u00f2 attraverso la Palestina e forse anche oltre? Che lavoro faceva? Scopriamolo","breadcrumb":{"@id":"https:\/\/blog.holyart.it\/it\/articoli-religiosi\/gli-anni-perduti-della-vita-di-gesu\/#breadcrumb"},"inLanguage":"it-IT","potentialAction":[{"@type":"ReadAction","target":["https:\/\/blog.holyart.it\/it\/articoli-religiosi\/gli-anni-perduti-della-vita-di-gesu\/"]}]},{"@type":"ImageObject","inLanguage":"it-IT","@id":"https:\/\/blog.holyart.it\/it\/articoli-religiosi\/gli-anni-perduti-della-vita-di-gesu\/#primaryimage","url":"https:\/\/blog.holyart.it\/it\/wp-content\/uploads\/sites\/17\/2022\/04\/gli-anni-perduti-della-vita-di-gesu.jpg","contentUrl":"https:\/\/blog.holyart.it\/it\/wp-content\/uploads\/sites\/17\/2022\/04\/gli-anni-perduti-della-vita-di-gesu.jpg","width":1000,"height":666,"caption":"gli anni perduti della vita di ges\u00f9"},{"@type":"BreadcrumbList","@id":"https:\/\/blog.holyart.it\/it\/articoli-religiosi\/gli-anni-perduti-della-vita-di-gesu\/#breadcrumb","itemListElement":[{"@type":"ListItem","position":1,"name":"Homepage","item":"https:\/\/blog.holyart.it\/it\/"},{"@type":"ListItem","position":2,"name":"Religione","item":"https:\/\/blog.holyart.it\/it\/articoli-religiosi\/"},{"@type":"ListItem","position":3,"name":"Gli anni perduti della vita di Ges\u00f9"}]},{"@type":"WebSite","@id":"https:\/\/blog.holyart.it\/it\/#website","url":"https:\/\/blog.holyart.it\/it\/","name":"Holyblog","description":"Il Blog di Holyart.it","publisher":{"@id":"https:\/\/blog.holyart.it\/it\/#organization"},"potentialAction":[{"@type":"SearchAction","target":{"@type":"EntryPoint","urlTemplate":"https:\/\/blog.holyart.it\/it\/?s={search_term_string}"},"query-input":{"@type":"PropertyValueSpecification","valueRequired":true,"valueName":"search_term_string"}}],"inLanguage":"it-IT"},{"@type":"Organization","@id":"https:\/\/blog.holyart.it\/it\/#organization","name":"Holyblog","url":"https:\/\/blog.holyart.it\/it\/","logo":{"@type":"ImageObject","inLanguage":"it-IT","@id":"https:\/\/blog.holyart.it\/it\/#\/schema\/logo\/image\/","url":"https:\/\/blog.holyart.it\/it\/wp-content\/uploads\/sites\/17\/2022\/12\/Holyart_Blog_Logo.jpg","contentUrl":"https:\/\/blog.holyart.it\/it\/wp-content\/uploads\/sites\/17\/2022\/12\/Holyart_Blog_Logo.jpg","width":300,"height":50,"caption":"Holyblog"},"image":{"@id":"https:\/\/blog.holyart.it\/it\/#\/schema\/logo\/image\/"}},{"@type":"Person","@id":"https:\/\/blog.holyart.it\/it\/#\/schema\/person\/0a7b686e5af0f856ec1e390dd0baecda","name":"Redazione"}]}},"_links":{"self":[{"href":"https:\/\/blog.holyart.it\/it\/wp-json\/wp\/v2\/posts\/15332","targetHints":{"allow":["GET"]}}],"collection":[{"href":"https:\/\/blog.holyart.it\/it\/wp-json\/wp\/v2\/posts"}],"about":[{"href":"https:\/\/blog.holyart.it\/it\/wp-json\/wp\/v2\/types\/post"}],"author":[{"embeddable":true,"href":"https:\/\/blog.holyart.it\/it\/wp-json\/wp\/v2\/users\/1"}],"replies":[{"embeddable":true,"href":"https:\/\/blog.holyart.it\/it\/wp-json\/wp\/v2\/comments?post=15332"}],"version-history":[{"count":1,"href":"https:\/\/blog.holyart.it\/it\/wp-json\/wp\/v2\/posts\/15332\/revisions"}],"predecessor-version":[{"id":17155,"href":"https:\/\/blog.holyart.it\/it\/wp-json\/wp\/v2\/posts\/15332\/revisions\/17155"}],"wp:featuredmedia":[{"embeddable":true,"href":"https:\/\/blog.holyart.it\/it\/wp-json\/wp\/v2\/media\/15341"}],"wp:attachment":[{"href":"https:\/\/blog.holyart.it\/it\/wp-json\/wp\/v2\/media?parent=15332"}],"wp:term":[{"taxonomy":"category","embeddable":true,"href":"https:\/\/blog.holyart.it\/it\/wp-json\/wp\/v2\/categories?post=15332"},{"taxonomy":"post_tag","embeddable":true,"href":"https:\/\/blog.holyart.it\/it\/wp-json\/wp\/v2\/tags?post=15332"}],"curies":[{"name":"wp","href":"https:\/\/api.w.org\/{rel}","templated":true}]}}