{"id":15275,"date":"2022-04-20T12:30:26","date_gmt":"2022-04-20T10:30:26","guid":{"rendered":"https:\/\/blog.holyart.it\/it\/?p=15275"},"modified":"2025-03-17T12:18:00","modified_gmt":"2025-03-17T11:18:00","slug":"le-piu-belle-frasi-sulla-pace-di-papa-francesco","status":"publish","type":"post","link":"https:\/\/blog.holyart.it\/it\/articoli-religiosi\/le-piu-belle-frasi-sulla-pace-di-papa-francesco\/","title":{"rendered":"Le pi\u00f9 belle frasi sulla Pace di Papa Francesco"},"content":{"rendered":"<h4>In questo particolare e drammatico momento storico le frasi sulla Pace di Papa Francesco rappresentano un faro di speranza per tutta la cristianit\u00e0<\/h4>\n\n<p>Mai come in questi ultimi giorni si sente la necessit\u00e0 di <strong>parole che ispirino pace e amore<\/strong>. Se oggi vogliamo citare le frasi sulla Pace di <a href=\"https:\/\/www.holyart.it\/it\/occasioni-speciali\/papa-francesco\"><strong>Papa Francesco<\/strong><\/a> \u00e8 perch\u00e9 il conflitto che si sta consumando in Ucraina ha risvegliato con prepotenza in noi da un lato la consapevolezza del dolore che la guerra in ogni sua forma porta, e dall&#8217;altro un prorompente desiderio di osteggiare la violenza e la barbarie con parole d&#8217;amore e speranza.<\/p>\n<div class=\"link-product\">\n<div class=\"blocco-immagine\"><img loading=\"lazy\" decoding=\"async\" class=\"size-full wp-image-15282 alignleft\" src=\"https:\/\/blog.holyart.it\/it\/wp-content\/uploads\/sites\/17\/2022\/04\/rosario-profumato-al-gelsomino-rosso-papa-francesco.jpg\" alt=\"rosario profumato al gelsomino rosso papa francesco\" width=\"100\" height=\"100\" data-kale-share-title=\"Le pi\u00f9 belle frasi sulla Pace di Papa Francesco\" data-kale-share-url=\"https:\/\/blog.holyart.it\/it\/?p=15275\" \/><\/div>\n<div class=\"blocco-contenuto\">\n<div class=\"blocco-acquista\">Acquista su Holyart:<\/div>\n<div class=\"blocco-titolo\"><a href=\"https:\/\/www.holyart.it\/it\/occasioni-speciali\/papa-francesco\">Papa Francesco<\/a><\/div>\n<div class=\"blocco-descrizione\">Qui puoi trovare dalla croce papale del\u00a0Buon Pastore\u00a0di Papa Francesco, ai\u00a0rosari, quadri, portachiavi col Papa.<\/div>\n<\/div>\n<\/div>\n<p>Che <strong>Dio sia amore<\/strong> lo impariamo fin da bambini, quando veniamo introdotti alla <a href=\"https:\/\/www.holyart.it\/blog\/articoli-religiosi\/la-storia-di-gesu-gli-eventi-piu-importanti-della-sua-vita\/\"><strong>storia di Ges\u00f9 e del Suo sacrificio<\/strong><\/a>. Ma Dio \u00e8 anche pace, un Dio di pace che aborre la violenza in ogni sua forma e predica amore e misericordia tra gli uomini. Tutte le Sacre Scritture sono piene di <strong>inviti alla pace<\/strong>, di promesse di pace, una pace che rimanda alla perfezione dell&#8217;<a href=\"https:\/\/www.holyart.it\/blog\/articoli-religiosi\/giardino-delleden-nella-genesi\"><strong>Eden<\/strong><\/a>, al Paradiso voluto da Dio per i Suoi figli prediletti, quando ancora erano senza peccato. <em>\u201cIl lupo abiter\u00e0 con l\u2019agnello, e il leopardo si sdraier\u00e0 accanto al capretto; il vitello, il leoncello e il bestiame ingrassato staranno assieme, e un bambino li condurr\u00e0\u201d <\/em>(Is 11,6-7) leggiamo in Isaia, e in questa visione c&#8217;\u00e8 gi\u00e0 tutto il senso di un mondo da sempre alla disperata ricerca della pace, e in ugual modo da sempre dilaniato dalla guerra.<\/p>\n<div class=\"link-article\">\n<p><img loading=\"lazy\" decoding=\"async\" class=\"size-full wp-image-15276 alignleft\" src=\"https:\/\/blog.holyart.it\/it\/wp-content\/uploads\/sites\/17\/2022\/04\/storia-di-ges\u00f9-ultima-cena.jpg\" alt=\"storia di ges\u00f9 ultima cena\" width=\"150\" height=\"99\" data-kale-share-title=\"Le pi\u00f9 belle frasi sulla Pace di Papa Francesco\" data-kale-share-url=\"https:\/\/blog.holyart.it\/it\/?p=15275\" \/><\/p>\n<div class=\"leggi-anche\">Leggi anche:<\/div>\n<p><strong><a href=\"https:\/\/www.holyart.it\/blog\/articoli-religiosi\/la-storia-di-gesu-gli-eventi-piu-importanti-della-sua-vita\/\">La storia di Ges\u00f9: gli eventi pi\u00f9 importanti della Sua vita<\/a><\/strong><br \/>\nLa storia di Ges\u00f9, tra racconto evangelico, realt\u00e0 storica e leggenda devozionale. In vista della Pasqua ricostruiamo&#8230;<\/p>\n<\/div>\n<p><strong>Ges\u00f9 ha predicato amore e pace<\/strong> nel tempo della Sua breve vita mortale. <em>&#8220;Vi lascio la pace, vi do la mia pace. Non come la d\u00e0 il mondo, io la do a voi&#8221;<\/em> (Giovanni 14,27) dice ai suoi Apostoli la sera di <a href=\"https:\/\/www.holyart.it\/it\/occasioni-speciali\/pasqua-e-quaresima\"><strong>Pasqua<\/strong><\/a>, e non si tratta solo di vane parole di augurio, ma di un annuncio reale, che preannuncia la Salvezza.<\/p>\n<p><strong>Ma come si ottiene la Pace?<\/strong> Con coraggio, volont\u00e0 e spirito di sacrificio, non solo da parte dei potenti della Terra, ma di ogni singolo uomo, in ogni singola nazione. <em>&#8220;Beati quelli che si adoperano per la pace, perch\u00e9 saranno chiamati figli di Dio&#8221;<\/em> (Matteo 5,9), e davvero il senso di queste parole riecheggia nelle frasi sulla pace di Papa Francesco, e nei disperati moniti che il Santo Pontefice lancia in questo periodo a tutti gli uomini, perch\u00e9 pongano fine a tutti i conflitti. Le frasi contro la guerra pronunciate dal Papa e le sue preghiere per la pace nel mondo sono emblematiche del terribile momento storico che stiamo vivendo.<\/p>\n<h2>Frasi sulla Pace di Papa Francesco<\/h2>\n<p>All&#8217;inizio dell&#8217;anno Papa Francesco aveva pronunciato il suo invito alla fratellanza e solidariet\u00e0 tra tutti i popoli nelle sue <strong><a href=\"https:\/\/www.holyart.it\/blog\/articoli-religiosi\/le-preghiere-di-papa-francesco-per-il-2022-protagoniste-la-fratellanza-e-la-solidarieta\/\">intenzioni di preghiera per il 2022<\/a><\/strong>. Neanche a farlo apposta, ci ritroviamo oggi a parlare di guerra, ad assistere a immagini sconvolgenti che vengono trasmesse ogni giorno dai media, scene che stentiamo a riconoscere come possibili tra uomini del nostro tempo. Eppure la guerra non \u00e8 solo quella che si sta consumando ora tra Russia e Ucraina. In tutto il mondo si combatte da sempre, ci sono paesi dilaniati da guerre civili interminabili, dove vivono bambini e giovani che non hanno conosciuto altro che guerra nelle loro brevi vite. Anche per questo, per tutte le <strong>guerre che straziano il mondo e rendono l&#8217;umanit\u00e0 miserabile agli occhi di Dio<\/strong> il richiamo del Pontefice alla fratellanza e all&#8217;amore risuona quanto mai attuale e disperato, perch\u00e9 \u00e8 indubbio che il mondo oggi ha bisogno pi\u00f9 che mai di <strong>fratellanza umana e compassione<\/strong>, e tutti siamo chiamati a partecipare attivamente perch\u00e9 queste virt\u00f9 emergano e prendano il sopravvento sull&#8217;<strong>interesse economico<\/strong> e sull&#8217;<strong>ambizione di pochi<\/strong>.<\/p>\n<div class=\"link-article\">\n<p><img loading=\"lazy\" decoding=\"async\" class=\"size-full wp-image-15277 alignleft\" src=\"https:\/\/blog.holyart.it\/it\/wp-content\/uploads\/sites\/17\/2022\/04\/preghiere-papa-francesco.jpg\" alt=\"preghiere papa francesco\" width=\"150\" height=\"99\" data-kale-share-title=\"Le pi\u00f9 belle frasi sulla Pace di Papa Francesco\" data-kale-share-url=\"https:\/\/blog.holyart.it\/it\/?p=15275\" \/><\/p>\n<div class=\"leggi-anche\">Leggi anche:<\/div>\n<p><strong><a href=\"https:\/\/www.holyart.it\/blog\/articoli-religiosi\/le-preghiere-di-papa-francesco-per-il-2022-protagoniste-la-fratellanza-e-la-solidarieta\/\">Le preghiere di Papa Francesco per il 2022: protagoniste la fratellanza e la solidariet\u00e0<\/a><\/strong><br \/>\nLe preghiere di Papa Francesco per il 2022 sono un invito alla&#8230;<\/p>\n<\/div>\n<p>Ecco solo alcune delle frasi sulla pace di Papa Francesco nel corso degli anni del suo vicariato apostolico:<\/p>\n<p><em>\u201cPer fare la pace ci vuole coraggio, molto di pi\u00f9 che per fare la guerra. Ci vuole coraggio per dire s\u00ec all&#8217;incontro e no allo scontro; s\u00ec al dialogo e no alla violenza; s\u00ec al negoziato e no alle ostilit\u00e0; s\u00ec al rispetto dei patti e no alle provocazioni; s\u00ec alla sincerit\u00e0 e no alla doppiezza. Per tutto questo ci vuole coraggio, grande forza d\u2019animo.\u201d<\/em><\/p>\n<p><em>\u201cLa pace non \u00e8 soltanto assenza di guerra, ma una condizione generale nella quale la persona umana \u00e8 in armonia con s\u00e9 stessa, in armonia con la natura e in armonia con gli altri. Tuttavia, far tacere le armi e spegnere i focolai di guerra rimane la condizione inevitabile per dare inizio ad un cammino che porta al raggiungimento della pace nei suoi differenti aspetti.\u201d<\/em><\/p>\n<p><em>\u201cDa ogni terra si levi un\u2019unica voce: no alla guerra, no alla violenza, s\u00ec al dialogo, s\u00ec alla pace! Con la guerra sempre si perde. L\u2019unico modo di vincere una guerra \u00e8 non farla.\u201d<\/em><\/p>\n<p><em>\u201cIl desiderio di pace, di sicurezza e di stabilit\u00e0 \u00e8 uno dei desideri pi\u00f9 profondi del cuore umano, poich\u00e9 esso \u00e8 radicato nel Creatore, che fa membri della famiglia umana tutti i popoli. Tale aspirazione non pu\u00f2 mai essere soddisfatta soltanto da mezzi militari, e meno che mai dal possesso di armi nucleari ed altre armi di distruzione di massa.\u201d<\/em><\/p>\n<p><em>\u201cLa guerra porta distruzione e moltiplica le sofferenze delle popolazioni. Speranza e progresso vengono solo da scelte di pace.\u201d<\/em><\/p>\n<p><em>\u201cA tutti quelli che usano ingiustamente le armi di questo mondo, io lancio un appello: deponete questi strumenti di morte; armatevi piuttosto della giustizia, dell\u2019amore e della misericordia, autentiche garanzie di pace.\u201d<\/em><\/p>\n<p><em>\u201cChi fa la guerra dimentica l\u2019umanit\u00e0. Non parte dalla gente, non guarda alla vita concreta delle persone, ma mette davanti a tutto interessi di parte e di potere. Si affida alla logica diabolica e perversa delle armi, che \u00e8 la pi\u00f9 lontana dalla volont\u00e0 di Dio. E si distanzia dalla gente comune, che vuole la pace; e che in ogni conflitto \u00e8 la vera vittima, che paga sulla propria pelle le follie della guerra.\u201d<\/em><\/p>\n<p><em>\u201cDio sta con gli operatori di pace, non con chi usa la violenza.\u201d<\/em><\/p>\n<p><em>\u201cMettere fine alla guerra \u00e8 dovere improrogabile di tutti i responsabili politici di fronte a Dio. La pace \u00e8 la priorit\u00e0 di ogni politica. Dio chieder\u00e0 conto, a chi non ha cercato la pace o ha fomentato le tensioni e i conflitti, di tutti i giorni, i mesi, gli anni di guerra che sono passati e che hanno colpito i popoli.\u201d<\/em><\/p>\n<p><em>\u201cLa pace si basa sul rispetto di ogni persona, qualunque sia la sua storia, sul rispetto del diritto e del bene comune, del creato che ci \u00e8 stato affidato e della ricchezza morale trasmessa dalle generazioni passate.\u201d<\/em><\/p>\n<h2>Le parole di Papa Francesco sulla guerra in Ucraina<\/h2>\n<p>Venerd\u00ec 25 marzo, giorno della celebrazione dell&#8217;<strong><a href=\"https:\/\/www.holyart.it\/blog\/articoli-religiosi\/annunciazione-del-signore-perche-si-festeggia-il-25-marzo\/\">Annunciazione dell&#8217;Angelo a Maria<\/a><\/strong>, o Annunciazione del Signore, Papa Francesco ha risposto alla guerra e agli orrori che essa porta con <strong>un invito a tutti gli uomini a ritornare a Dio e al Suo perdono<\/strong>, poich\u00e9 da soli non siamo in grado di decidere per ci\u00f2 che \u00e8 bene per tutti gli uomini, ma guidati dall&#8217;amore di Dio, dalla sua bont\u00e0 e misericordia, possiamo scegliere il cammino verso la pace e l&#8217;amore.<\/p>\n<div class=\"link-article\">\n<p><img loading=\"lazy\" decoding=\"async\" class=\"size-full wp-image-15278 alignleft\" src=\"https:\/\/blog.holyart.it\/it\/wp-content\/uploads\/sites\/17\/2022\/04\/annunciazione-del-beato-angelico.jpg\" alt=\"annunciazione del beato angelico\" width=\"150\" height=\"99\" data-kale-share-title=\"Le pi\u00f9 belle frasi sulla Pace di Papa Francesco\" data-kale-share-url=\"https:\/\/blog.holyart.it\/it\/?p=15275\" \/><\/p>\n<div class=\"leggi-anche\">Leggi anche:<\/div>\n<p><strong><a href=\"https:\/\/www.holyart.it\/blog\/articoli-religiosi\/annunciazione-del-signore-perche-si-festeggia-il-25-marzo\/\">Annunciazione del Signore: perch\u00e9 si festeggia il 25 marzo<\/a><\/strong><br \/>\nIl 25 marzo si celebra l\u2019Annunciazione del Signore, una festa dedicata a Ges\u00f9, ma in ugual misura a Sua madre Maria&#8230;<\/p>\n<\/div>\n<p>Non \u00e8 un caso che il Papa abbia scelto proprio il giorno in cui si celebra l&#8217;Annunciazione, poich\u00e9 possiamo considerare questo evento un preciso e inderogabile <strong>richiamo al dialogo costante fra Dio e l&#8217;uomo<\/strong>. Inviando l&#8217;Angelo a Maria, per chiederle di acconsentire al ruolo trascendentale e dolorosissimo che ha in serbo per lei, Dio offre agli uomini tutti la possibilit\u00e0 di scegliere se accettare o meno di avere parte nella venuta del Regno dei Cieli. Dio, che \u00e8 amore, <strong>non costringe, non obbliga<\/strong>: offre una possibilit\u00e0, lascia all&#8217;uomo la facolt\u00e0 di scegliere, nella piena consapevolezza della nostra fragilit\u00e0 e incapacit\u00e0 di vedere oltre le nostre misere vicende. E Maria, giovane ragazza animata solo dalla fede, abbraccia il proprio destino e accoglie in s\u00e9 lo Spirito Santo, per farsi Madre di Dio e simbolo dell&#8217;umanit\u00e0 che a Dio si affida, con fiducia cieca e volont\u00e0 di dare il proprio contributo.<\/p>\n<p>Al <strong>Cuore Immacolato di Maria, <a href=\"https:\/\/www.holyart.it\/it\/articoli-religiosi\/statue\/statue-in-legno-dipinto\/regina-della-pace-di-medjugorje\">Regina della Pace<\/a><\/strong>, il Papa ha voluto consacrare l&#8217;umanit\u00e0, in particolare Russia e Ucraina. Lo ha fatto rammentando le <a href=\"https:\/\/www.holyart.it\/blog\/occasioni-speciali\/madonna-di-fatima-penitenza-e-preghiera-sono-la-salvezza\/\"><strong>apparizioni della Madonna di Fatima nel 1917<\/strong><\/a>, quando la Vergine chiese ai giovani veggenti di aiutarla a scongiurare la <strong>minaccia comunista<\/strong> proveniente dalla Russia facendo consacrare la Russia al suo cuore immacolato: &#8220;<em>Per impedire tutto questo, sono venuta a chiedere la Consacrazione della Russia al Mio Cuore Immacolato e la comunione riparatrice nei primi sabati. Se ascolterete le Mie richieste, la Russia si convertir\u00e0 e avrete pace; diversamente, diffonder\u00e0 i suoi errori nel mondo, promuovendo guerre e persecuzioni alla Chiesa; i buoni saranno martirizzati, il Santo Padre dovr\u00e0 soffrire molto, diverse nazioni saranno annientate. Infine il Mio Cuore Immacolato trionfer\u00e0. Il Santo Padre Mi consacrer\u00e0 la Russia che si convertir\u00e0, e sar\u00e0 concesso al mondo qualche tempo di pace.&#8221;\u00a0<\/em>Il Papa ha voluto leggere nel resoconto delle apparizioni di Fatima una visione profetica dei giorni che stiamo vivendo e ha accolto la richiesta della Madonna della Pace.<\/p>\n<div class=\"link-product\">\n<div class=\"blocco-immagine\"><img loading=\"lazy\" decoding=\"async\" class=\"size-full wp-image-15281 alignleft\" src=\"https:\/\/blog.holyart.it\/it\/wp-content\/uploads\/sites\/17\/2022\/04\/regina-della-pace-di-medjugorje.jpg\" alt=\"regina della pace di medjugorje\" width=\"100\" height=\"100\" data-kale-share-title=\"Le pi\u00f9 belle frasi sulla Pace di Papa Francesco\" data-kale-share-url=\"https:\/\/blog.holyart.it\/it\/?p=15275\" \/><\/div>\n<div class=\"blocco-contenuto\">\n<div class=\"blocco-acquista\">Acquista su Holyart:<\/div>\n<div class=\"blocco-titolo\"><a href=\"https:\/\/www.holyart.it\/it\/articoli-religiosi\/statue\/statue-in-legno-dipinto\/regina-della-pace-di-medjugorje\">Regina della Pace di Medjugorje<\/a><\/div>\n<div class=\"blocco-descrizione\">E&#8217; una statua in legno dipinta a mano molto fine e delicata della Regina della Pace di Medjugorije.<\/div>\n<\/div>\n<\/div>\n<h2>Preghiera di Papa Francesco per la Pace<\/h2>\n<p>Sempre per contrastare la guerra in Ucraina il Papa ha dedicato questa preghiera per la pace nel mondo alla Madonna, un autentico Atto di consacrazione al <a href=\"https:\/\/www.holyart.it\/it\/articoli-religiosi\/statue\/statue-in-legno-naturale\/cuore-immacolato-di-maria-legno-valgardena-brunito-3-colori\"><strong>cuore immacolato di Maria<\/strong><\/a>, la presenza della quale riporta alla pace e ci guida a Ges\u00f9, Principe della pace. Oltre a riportare le frasi sulla pace di Papa Francesco, qui vi lasciamo un passaggio in particolare della preghiera per la pace che meriterebbe di essere ripetuto da ciascun cristiano, in questi giorni bui, con l&#8217;umilt\u00e0 di un figlio che invoca una madre infinitamente misericordiosa, consapevole del fatto che solo in lei risiede la salvezza:<\/p>\n<p><em>Accogli dunque, o Madre, questa nostra supplica.<\/em><br \/>\n<em>Tu, stella del mare, non lasciarci naufragare nella tempesta della guerra.<\/em><br \/>\n<em>Tu, arca della nuova alleanza, ispira progetti e vie di riconciliazione.<\/em><br \/>\n<em>Tu, \u201cterra del Cielo\u201d, riporta la concordia di Dio nel mondo.<\/em><br \/>\n<em>Estingui l\u2019odio, placa la vendetta, insegnaci il perdono.<\/em><br \/>\n<em>Liberaci dalla guerra, preserva il mondo dalla minaccia nucleare.<\/em><br \/>\n<em>Regina del Rosario, ridesta in noi il bisogno di pregare e di amare.<\/em><br \/>\n<em>Regina della famiglia umana, mostra ai popoli la via della fraternit\u00e0.<\/em><br \/>\n<em>Regina della pace, ottieni al mondo la pace.<\/em><\/p>\n<div class=\"link-product\">\n<div class=\"blocco-immagine\"><img loading=\"lazy\" decoding=\"async\" class=\"size-full wp-image-15279 alignleft\" src=\"https:\/\/blog.holyart.it\/it\/wp-content\/uploads\/sites\/17\/2022\/04\/cuore-immacolato-di-maria-legno-valgardena-brunito-3-colori.jpg\" alt=\"cuore immacolato di maria legno valgardena brunito 3 colori\" width=\"100\" height=\"100\" data-kale-share-title=\"Le pi\u00f9 belle frasi sulla Pace di Papa Francesco\" data-kale-share-url=\"https:\/\/blog.holyart.it\/it\/?p=15275\" \/><\/div>\n<div class=\"blocco-contenuto\">\n<div class=\"blocco-acquista\">Acquista su Holyart:<\/div>\n<div class=\"blocco-titolo\"><a href=\"https:\/\/www.holyart.it\/it\/articoli-religiosi\/statue\/statue-in-legno-naturale\/cuore-immacolato-di-maria-legno-valgardena-brunito-3-colori\">Cuore immacolato di Maria legno Valgardena<\/a><\/div>\n<div class=\"blocco-descrizione\">Scultura in legno d&#8217;acero della Val Gardena e successivamente dipinta a mano da un filo dipinto.<\/div>\n<\/div>\n<\/div>\n","protected":false},"excerpt":{"rendered":"<p>In questo particolare e drammatico momento storico le frasi sulla Pace di Papa Francesco rappresentano un faro di speranza per tutta la cristianit\u00e0 Mai come in questi ultimi giorni si sente la necessit\u00e0 di parole che ispirino pace e amore. Se oggi vogliamo citare le&hellip;<\/p>\n","protected":false},"author":1,"featured_media":15289,"comment_status":"closed","ping_status":"open","sticky":false,"template":"","format":"standard","meta":{"_acf_changed":false,"footnotes":""},"categories":[20,16],"tags":[],"class_list":["post-15275","post","type-post","status-publish","format-standard","has-post-thumbnail","hentry","category-occasioni-speciali","category-articoli-religiosi"],"acf":[],"yoast_head":"<!-- This site is optimized with the Yoast SEO plugin v26.6 - https:\/\/yoast.com\/wordpress\/plugins\/seo\/ -->\n<title>Le pi\u00f9 belle frasi sulla Pace di Papa Francesco - Holyblog<\/title>\n<meta name=\"description\" content=\"Le frasi sulla pace di Papa Francesco sono un monito a mettere in pratica gli insegnamenti di Ges\u00f9 e ad affidarsi alla misericordia di Dio\" \/>\n<meta name=\"robots\" content=\"index, follow, max-snippet:-1, max-image-preview:large, max-video-preview:-1\" \/>\n<link rel=\"canonical\" href=\"https:\/\/blog.holyart.it\/it\/articoli-religiosi\/le-piu-belle-frasi-sulla-pace-di-papa-francesco\/\" \/>\n<meta property=\"og:locale\" content=\"it_IT\" \/>\n<meta property=\"og:type\" content=\"article\" \/>\n<meta property=\"og:title\" content=\"Le pi\u00f9 belle frasi sulla Pace di Papa Francesco - Holyblog\" \/>\n<meta property=\"og:description\" content=\"Le frasi sulla pace di Papa Francesco sono un monito a mettere in pratica gli insegnamenti di Ges\u00f9 e ad affidarsi alla misericordia di Dio\" \/>\n<meta property=\"og:url\" content=\"https:\/\/blog.holyart.it\/it\/articoli-religiosi\/le-piu-belle-frasi-sulla-pace-di-papa-francesco\/\" \/>\n<meta property=\"og:site_name\" content=\"Holyblog\" \/>\n<meta property=\"article:published_time\" content=\"2022-04-20T10:30:26+00:00\" \/>\n<meta property=\"article:modified_time\" content=\"2025-03-17T11:18:00+00:00\" \/>\n<meta property=\"og:image\" content=\"https:\/\/blog.holyart.it\/it\/wp-content\/uploads\/sites\/17\/2022\/04\/pace.jpg\" \/>\n\t<meta property=\"og:image:width\" content=\"1000\" \/>\n\t<meta property=\"og:image:height\" content=\"666\" \/>\n\t<meta property=\"og:image:type\" content=\"image\/jpeg\" \/>\n<meta name=\"author\" content=\"Redazione\" \/>\n<meta name=\"twitter:card\" content=\"summary_large_image\" \/>\n<meta name=\"twitter:label1\" content=\"Scritto da\" \/>\n\t<meta name=\"twitter:data1\" content=\"Redazione\" \/>\n\t<meta name=\"twitter:label2\" content=\"Tempo di lettura stimato\" \/>\n\t<meta name=\"twitter:data2\" content=\"12 minuti\" \/>\n<script type=\"application\/ld+json\" class=\"yoast-schema-graph\">{\"@context\":\"https:\/\/schema.org\",\"@graph\":[{\"@type\":\"Article\",\"@id\":\"https:\/\/blog.holyart.it\/it\/articoli-religiosi\/le-piu-belle-frasi-sulla-pace-di-papa-francesco\/#article\",\"isPartOf\":{\"@id\":\"https:\/\/blog.holyart.it\/it\/articoli-religiosi\/le-piu-belle-frasi-sulla-pace-di-papa-francesco\/\"},\"author\":{\"name\":\"Redazione\",\"@id\":\"https:\/\/blog.holyart.it\/it\/#\/schema\/person\/0a7b686e5af0f856ec1e390dd0baecda\"},\"headline\":\"Le pi\u00f9 belle frasi sulla Pace di Papa Francesco\",\"datePublished\":\"2022-04-20T10:30:26+00:00\",\"dateModified\":\"2025-03-17T11:18:00+00:00\",\"mainEntityOfPage\":{\"@id\":\"https:\/\/blog.holyart.it\/it\/articoli-religiosi\/le-piu-belle-frasi-sulla-pace-di-papa-francesco\/\"},\"wordCount\":1837,\"publisher\":{\"@id\":\"https:\/\/blog.holyart.it\/it\/#organization\"},\"image\":{\"@id\":\"https:\/\/blog.holyart.it\/it\/articoli-religiosi\/le-piu-belle-frasi-sulla-pace-di-papa-francesco\/#primaryimage\"},\"thumbnailUrl\":\"https:\/\/blog.holyart.it\/it\/wp-content\/uploads\/sites\/17\/2022\/04\/pace.jpg\",\"articleSection\":[\"Occasioni speciali\",\"Religione\"],\"inLanguage\":\"it-IT\"},{\"@type\":\"WebPage\",\"@id\":\"https:\/\/blog.holyart.it\/it\/articoli-religiosi\/le-piu-belle-frasi-sulla-pace-di-papa-francesco\/\",\"url\":\"https:\/\/blog.holyart.it\/it\/articoli-religiosi\/le-piu-belle-frasi-sulla-pace-di-papa-francesco\/\",\"name\":\"Le pi\u00f9 belle frasi sulla Pace di Papa Francesco - Holyblog\",\"isPartOf\":{\"@id\":\"https:\/\/blog.holyart.it\/it\/#website\"},\"primaryImageOfPage\":{\"@id\":\"https:\/\/blog.holyart.it\/it\/articoli-religiosi\/le-piu-belle-frasi-sulla-pace-di-papa-francesco\/#primaryimage\"},\"image\":{\"@id\":\"https:\/\/blog.holyart.it\/it\/articoli-religiosi\/le-piu-belle-frasi-sulla-pace-di-papa-francesco\/#primaryimage\"},\"thumbnailUrl\":\"https:\/\/blog.holyart.it\/it\/wp-content\/uploads\/sites\/17\/2022\/04\/pace.jpg\",\"datePublished\":\"2022-04-20T10:30:26+00:00\",\"dateModified\":\"2025-03-17T11:18:00+00:00\",\"description\":\"Le frasi sulla pace di Papa Francesco sono un monito a mettere in pratica gli insegnamenti di Ges\u00f9 e ad affidarsi alla misericordia di Dio\",\"breadcrumb\":{\"@id\":\"https:\/\/blog.holyart.it\/it\/articoli-religiosi\/le-piu-belle-frasi-sulla-pace-di-papa-francesco\/#breadcrumb\"},\"inLanguage\":\"it-IT\",\"potentialAction\":[{\"@type\":\"ReadAction\",\"target\":[\"https:\/\/blog.holyart.it\/it\/articoli-religiosi\/le-piu-belle-frasi-sulla-pace-di-papa-francesco\/\"]}]},{\"@type\":\"ImageObject\",\"inLanguage\":\"it-IT\",\"@id\":\"https:\/\/blog.holyart.it\/it\/articoli-religiosi\/le-piu-belle-frasi-sulla-pace-di-papa-francesco\/#primaryimage\",\"url\":\"https:\/\/blog.holyart.it\/it\/wp-content\/uploads\/sites\/17\/2022\/04\/pace.jpg\",\"contentUrl\":\"https:\/\/blog.holyart.it\/it\/wp-content\/uploads\/sites\/17\/2022\/04\/pace.jpg\",\"width\":1000,\"height\":666,\"caption\":\"pace\"},{\"@type\":\"BreadcrumbList\",\"@id\":\"https:\/\/blog.holyart.it\/it\/articoli-religiosi\/le-piu-belle-frasi-sulla-pace-di-papa-francesco\/#breadcrumb\",\"itemListElement\":[{\"@type\":\"ListItem\",\"position\":1,\"name\":\"Homepage\",\"item\":\"https:\/\/blog.holyart.it\/it\/\"},{\"@type\":\"ListItem\",\"position\":2,\"name\":\"Religione\",\"item\":\"https:\/\/blog.holyart.it\/it\/articoli-religiosi\/\"},{\"@type\":\"ListItem\",\"position\":3,\"name\":\"Le pi\u00f9 belle frasi sulla Pace di Papa Francesco\"}]},{\"@type\":\"WebSite\",\"@id\":\"https:\/\/blog.holyart.it\/it\/#website\",\"url\":\"https:\/\/blog.holyart.it\/it\/\",\"name\":\"Holyblog\",\"description\":\"Il Blog di Holyart.it\",\"publisher\":{\"@id\":\"https:\/\/blog.holyart.it\/it\/#organization\"},\"potentialAction\":[{\"@type\":\"SearchAction\",\"target\":{\"@type\":\"EntryPoint\",\"urlTemplate\":\"https:\/\/blog.holyart.it\/it\/?s={search_term_string}\"},\"query-input\":{\"@type\":\"PropertyValueSpecification\",\"valueRequired\":true,\"valueName\":\"search_term_string\"}}],\"inLanguage\":\"it-IT\"},{\"@type\":\"Organization\",\"@id\":\"https:\/\/blog.holyart.it\/it\/#organization\",\"name\":\"Holyblog\",\"url\":\"https:\/\/blog.holyart.it\/it\/\",\"logo\":{\"@type\":\"ImageObject\",\"inLanguage\":\"it-IT\",\"@id\":\"https:\/\/blog.holyart.it\/it\/#\/schema\/logo\/image\/\",\"url\":\"https:\/\/blog.holyart.it\/it\/wp-content\/uploads\/sites\/17\/2022\/12\/Holyart_Blog_Logo.jpg\",\"contentUrl\":\"https:\/\/blog.holyart.it\/it\/wp-content\/uploads\/sites\/17\/2022\/12\/Holyart_Blog_Logo.jpg\",\"width\":300,\"height\":50,\"caption\":\"Holyblog\"},\"image\":{\"@id\":\"https:\/\/blog.holyart.it\/it\/#\/schema\/logo\/image\/\"}},{\"@type\":\"Person\",\"@id\":\"https:\/\/blog.holyart.it\/it\/#\/schema\/person\/0a7b686e5af0f856ec1e390dd0baecda\",\"name\":\"Redazione\"}]}<\/script>\n<!-- \/ Yoast SEO plugin. -->","yoast_head_json":{"title":"Le pi\u00f9 belle frasi sulla Pace di Papa Francesco - Holyblog","description":"Le frasi sulla pace di Papa Francesco sono un monito a mettere in pratica gli insegnamenti di Ges\u00f9 e ad affidarsi alla misericordia di Dio","robots":{"index":"index","follow":"follow","max-snippet":"max-snippet:-1","max-image-preview":"max-image-preview:large","max-video-preview":"max-video-preview:-1"},"canonical":"https:\/\/blog.holyart.it\/it\/articoli-religiosi\/le-piu-belle-frasi-sulla-pace-di-papa-francesco\/","og_locale":"it_IT","og_type":"article","og_title":"Le pi\u00f9 belle frasi sulla Pace di Papa Francesco - Holyblog","og_description":"Le frasi sulla pace di Papa Francesco sono un monito a mettere in pratica gli insegnamenti di Ges\u00f9 e ad affidarsi alla misericordia di Dio","og_url":"https:\/\/blog.holyart.it\/it\/articoli-religiosi\/le-piu-belle-frasi-sulla-pace-di-papa-francesco\/","og_site_name":"Holyblog","article_published_time":"2022-04-20T10:30:26+00:00","article_modified_time":"2025-03-17T11:18:00+00:00","og_image":[{"width":1000,"height":666,"url":"https:\/\/blog.holyart.it\/it\/wp-content\/uploads\/sites\/17\/2022\/04\/pace.jpg","type":"image\/jpeg"}],"author":"Redazione","twitter_card":"summary_large_image","twitter_misc":{"Scritto da":"Redazione","Tempo di lettura stimato":"12 minuti"},"schema":{"@context":"https:\/\/schema.org","@graph":[{"@type":"Article","@id":"https:\/\/blog.holyart.it\/it\/articoli-religiosi\/le-piu-belle-frasi-sulla-pace-di-papa-francesco\/#article","isPartOf":{"@id":"https:\/\/blog.holyart.it\/it\/articoli-religiosi\/le-piu-belle-frasi-sulla-pace-di-papa-francesco\/"},"author":{"name":"Redazione","@id":"https:\/\/blog.holyart.it\/it\/#\/schema\/person\/0a7b686e5af0f856ec1e390dd0baecda"},"headline":"Le pi\u00f9 belle frasi sulla Pace di Papa Francesco","datePublished":"2022-04-20T10:30:26+00:00","dateModified":"2025-03-17T11:18:00+00:00","mainEntityOfPage":{"@id":"https:\/\/blog.holyart.it\/it\/articoli-religiosi\/le-piu-belle-frasi-sulla-pace-di-papa-francesco\/"},"wordCount":1837,"publisher":{"@id":"https:\/\/blog.holyart.it\/it\/#organization"},"image":{"@id":"https:\/\/blog.holyart.it\/it\/articoli-religiosi\/le-piu-belle-frasi-sulla-pace-di-papa-francesco\/#primaryimage"},"thumbnailUrl":"https:\/\/blog.holyart.it\/it\/wp-content\/uploads\/sites\/17\/2022\/04\/pace.jpg","articleSection":["Occasioni speciali","Religione"],"inLanguage":"it-IT"},{"@type":"WebPage","@id":"https:\/\/blog.holyart.it\/it\/articoli-religiosi\/le-piu-belle-frasi-sulla-pace-di-papa-francesco\/","url":"https:\/\/blog.holyart.it\/it\/articoli-religiosi\/le-piu-belle-frasi-sulla-pace-di-papa-francesco\/","name":"Le pi\u00f9 belle frasi sulla Pace di Papa Francesco - Holyblog","isPartOf":{"@id":"https:\/\/blog.holyart.it\/it\/#website"},"primaryImageOfPage":{"@id":"https:\/\/blog.holyart.it\/it\/articoli-religiosi\/le-piu-belle-frasi-sulla-pace-di-papa-francesco\/#primaryimage"},"image":{"@id":"https:\/\/blog.holyart.it\/it\/articoli-religiosi\/le-piu-belle-frasi-sulla-pace-di-papa-francesco\/#primaryimage"},"thumbnailUrl":"https:\/\/blog.holyart.it\/it\/wp-content\/uploads\/sites\/17\/2022\/04\/pace.jpg","datePublished":"2022-04-20T10:30:26+00:00","dateModified":"2025-03-17T11:18:00+00:00","description":"Le frasi sulla pace di Papa Francesco sono un monito a mettere in pratica gli insegnamenti di Ges\u00f9 e ad affidarsi alla misericordia di Dio","breadcrumb":{"@id":"https:\/\/blog.holyart.it\/it\/articoli-religiosi\/le-piu-belle-frasi-sulla-pace-di-papa-francesco\/#breadcrumb"},"inLanguage":"it-IT","potentialAction":[{"@type":"ReadAction","target":["https:\/\/blog.holyart.it\/it\/articoli-religiosi\/le-piu-belle-frasi-sulla-pace-di-papa-francesco\/"]}]},{"@type":"ImageObject","inLanguage":"it-IT","@id":"https:\/\/blog.holyart.it\/it\/articoli-religiosi\/le-piu-belle-frasi-sulla-pace-di-papa-francesco\/#primaryimage","url":"https:\/\/blog.holyart.it\/it\/wp-content\/uploads\/sites\/17\/2022\/04\/pace.jpg","contentUrl":"https:\/\/blog.holyart.it\/it\/wp-content\/uploads\/sites\/17\/2022\/04\/pace.jpg","width":1000,"height":666,"caption":"pace"},{"@type":"BreadcrumbList","@id":"https:\/\/blog.holyart.it\/it\/articoli-religiosi\/le-piu-belle-frasi-sulla-pace-di-papa-francesco\/#breadcrumb","itemListElement":[{"@type":"ListItem","position":1,"name":"Homepage","item":"https:\/\/blog.holyart.it\/it\/"},{"@type":"ListItem","position":2,"name":"Religione","item":"https:\/\/blog.holyart.it\/it\/articoli-religiosi\/"},{"@type":"ListItem","position":3,"name":"Le pi\u00f9 belle frasi sulla Pace di Papa Francesco"}]},{"@type":"WebSite","@id":"https:\/\/blog.holyart.it\/it\/#website","url":"https:\/\/blog.holyart.it\/it\/","name":"Holyblog","description":"Il Blog di Holyart.it","publisher":{"@id":"https:\/\/blog.holyart.it\/it\/#organization"},"potentialAction":[{"@type":"SearchAction","target":{"@type":"EntryPoint","urlTemplate":"https:\/\/blog.holyart.it\/it\/?s={search_term_string}"},"query-input":{"@type":"PropertyValueSpecification","valueRequired":true,"valueName":"search_term_string"}}],"inLanguage":"it-IT"},{"@type":"Organization","@id":"https:\/\/blog.holyart.it\/it\/#organization","name":"Holyblog","url":"https:\/\/blog.holyart.it\/it\/","logo":{"@type":"ImageObject","inLanguage":"it-IT","@id":"https:\/\/blog.holyart.it\/it\/#\/schema\/logo\/image\/","url":"https:\/\/blog.holyart.it\/it\/wp-content\/uploads\/sites\/17\/2022\/12\/Holyart_Blog_Logo.jpg","contentUrl":"https:\/\/blog.holyart.it\/it\/wp-content\/uploads\/sites\/17\/2022\/12\/Holyart_Blog_Logo.jpg","width":300,"height":50,"caption":"Holyblog"},"image":{"@id":"https:\/\/blog.holyart.it\/it\/#\/schema\/logo\/image\/"}},{"@type":"Person","@id":"https:\/\/blog.holyart.it\/it\/#\/schema\/person\/0a7b686e5af0f856ec1e390dd0baecda","name":"Redazione"}]}},"_links":{"self":[{"href":"https:\/\/blog.holyart.it\/it\/wp-json\/wp\/v2\/posts\/15275","targetHints":{"allow":["GET"]}}],"collection":[{"href":"https:\/\/blog.holyart.it\/it\/wp-json\/wp\/v2\/posts"}],"about":[{"href":"https:\/\/blog.holyart.it\/it\/wp-json\/wp\/v2\/types\/post"}],"author":[{"embeddable":true,"href":"https:\/\/blog.holyart.it\/it\/wp-json\/wp\/v2\/users\/1"}],"replies":[{"embeddable":true,"href":"https:\/\/blog.holyart.it\/it\/wp-json\/wp\/v2\/comments?post=15275"}],"version-history":[{"count":1,"href":"https:\/\/blog.holyart.it\/it\/wp-json\/wp\/v2\/posts\/15275\/revisions"}],"predecessor-version":[{"id":17557,"href":"https:\/\/blog.holyart.it\/it\/wp-json\/wp\/v2\/posts\/15275\/revisions\/17557"}],"wp:featuredmedia":[{"embeddable":true,"href":"https:\/\/blog.holyart.it\/it\/wp-json\/wp\/v2\/media\/15289"}],"wp:attachment":[{"href":"https:\/\/blog.holyart.it\/it\/wp-json\/wp\/v2\/media?parent=15275"}],"wp:term":[{"taxonomy":"category","embeddable":true,"href":"https:\/\/blog.holyart.it\/it\/wp-json\/wp\/v2\/categories?post=15275"},{"taxonomy":"post_tag","embeddable":true,"href":"https:\/\/blog.holyart.it\/it\/wp-json\/wp\/v2\/tags?post=15275"}],"curies":[{"name":"wp","href":"https:\/\/api.w.org\/{rel}","templated":true}]}}