{"id":15263,"date":"2022-04-18T12:30:16","date_gmt":"2022-04-18T10:30:16","guid":{"rendered":"https:\/\/blog.holyart.it\/it\/?p=15263"},"modified":"2025-03-07T15:00:54","modified_gmt":"2025-03-07T14:00:54","slug":"vita-di-maria-dopo-resurrezione-di-gesu","status":"publish","type":"post","link":"https:\/\/blog.holyart.it\/it\/articoli-religiosi\/vita-di-maria-dopo-resurrezione-di-gesu\/","title":{"rendered":"La vita di Maria dopo la Resurrezione di Ges\u00f9"},"content":{"rendered":"<h4>Che ne \u00e8 stato della Madonna dopo la Resurrezione di Ges\u00f9? Indaghiamo sulla vita di Maria attraverso i Vangeli, fino al giorno della sua Assunzione in Cielo<\/h4>\n<p>Che cosa \u00e8 successo a <a href=\"https:\/\/www.holyart.it\/it\/articoli\/statue-madonna.php\"><strong>Maria madre di Ges\u00f9<\/strong><\/a> dopo la morte e Resurrezione di Suo figlio? I Vangeli non ci raccontano molto a riguardo, solo pochi accenni che ci permettono di ricostruire in parte la <strong>vita di Maria<\/strong> dopo i tragici fatti di Gerusalemme. La tradizione successiva ha cercato di ricostruire i suoi spostamenti in modi pi\u00f9 o meno fantasiosi. Se ci atteniamo alle <a href=\"https:\/\/www.holyart.it\/it\/articoli-religiosi\/libri-e-testi-sacri\"><strong>Sacre Scritture<\/strong><\/a> dobbiamo desumere che la Madonna rest\u00f2 in quella citt\u00e0 con gli Apostoli, e in particolare con<strong> San Giovanni Apostolo<\/strong>, al quale Ges\u00f9 l&#8217;aveva affidata in punto di morte. Nel Vangelo dello stesso Giovanni leggiamo: <em>&#8220;Ges\u00f9 allora, vedendo la madre e l\u00ec accanto a lei il discepolo che egli amava, disse alla madre: \u00abDonna, ecco il tuo figlio!\u00bb. Poi disse al discepolo: \u00abEcco la tua madre!\u00bb. E da quel momento il discepolo la prese nella sua casa.&#8221; <\/em>(Gv 19,26-27).<\/p>\n<div class=\"link-product\">\n<div class=\"blocco-immagine\"><img loading=\"lazy\" decoding=\"async\" class=\"size-full wp-image-15264 alignleft\" src=\"https:\/\/blog.holyart.it\/it\/wp-content\/uploads\/sites\/17\/2022\/04\/statua-madonna-miracolosa-dipinta-mano-30-cm.jpg\" alt=\"statua madonna miracolosa dipinta mano 30 cm\" width=\"100\" height=\"100\" data-kale-share-title=\"La vita di Maria dopo la Resurrezione di Ges\u00f9\" data-kale-share-url=\"https:\/\/blog.holyart.it\/it\/?p=15263\" \/><\/div>\n<div class=\"blocco-contenuto\">\n<div class=\"blocco-acquista\">Acquista su Holyart:<\/div>\n<div class=\"blocco-titolo\"><a href=\"https:\/\/www.holyart.it\/it\/articoli\/statue-madonna.php\">Statue Madonna<\/a><\/div>\n<div class=\"blocco-descrizione\">Tutte le Statue Madonna che trovi sul sito sono lavorate artigianalmente in Italia e Francia.<\/div>\n<\/div>\n<\/div>\n<p>Da questo passo abbiamo due indizi: la vita di Maria prosegu\u00ec con il <strong><a href=\"https:\/\/www.holyart.it\/blog\/articoli-religiosi\/il-discepolo-prediletto-chi-era-il-discepolo-amato-da-gesu\/\">discepolo prediletto di Ges\u00f9<\/a><\/strong>, quell&#8217;<strong>apostolo Giovanni<\/strong>, fratello degli apostoli Simone Pietro e Andrea, autore del Quarto Vangelo, e presumibilmente andarono a vivere nella <strong>citt\u00e0 di Efeso<\/strong>, dove Giovanni si stabil\u00ec. Secondo le testimonianze di Ireneo di Lione e Policrate di Efeso, infatti, San Giovanni, dopo aver soggiornato per un breve periodo nell&#8217;isola di Patmo, si trasfer\u00ec a Efeso, nell&#8217;attuale Turchia, e and\u00f2 a vivere in una casa su una collina disabitata. Quando giunse per lui il momento di morire, il Signore lo avvert\u00ec, e Giovanni scav\u00f2 una tomba a forma di croce e si sdrai\u00f2 al suo interno. In quella buca scomparve avvolto da una grande luce e da un profumo dolcissimo. I suoi discepoli lo seppellirono, ma raccontarono che nei giorni seguenti la terra posta sul sepolcro continuava a sollevarsi, come mossa da un respiro. Da qui il nome dato alla collina: <em>aya soluk<\/em>, &#8220;sacro respiro&#8221;.<\/p>\n<div class=\"link-article\">\n<p><img loading=\"lazy\" decoding=\"async\" class=\"size-full wp-image-15265 alignleft\" src=\"https:\/\/blog.holyart.it\/it\/wp-content\/uploads\/sites\/17\/2022\/04\/giovanni-evangelista.jpeg\" alt=\"giovanni evangelista\" width=\"150\" height=\"99\" data-kale-share-title=\"La vita di Maria dopo la Resurrezione di Ges\u00f9\" data-kale-share-url=\"https:\/\/blog.holyart.it\/it\/?p=15263\" \/><\/p>\n<div class=\"leggi-anche\">Leggi anche:<\/div>\n<p><strong><a href=\"https:\/\/www.holyart.it\/blog\/articoli-religiosi\/il-discepolo-prediletto-chi-era-il-discepolo-amato-da-gesu\/\">Il discepolo prediletto: chi era il discepolo \u201camato\u201d da Ges\u00f9<\/a><\/strong><br \/>\nGiovanni, il discepolo prediletto di Ges\u00f9. Pescatore, come i fratelli Simon Pietro e Andrea, aveva un rapporto speciale col Cristo&#8230;<\/p>\n<\/div>\n<p>Ma prima di giungere a Efeso sappiamo che <strong>Maria e Giovanni restarono a Gerusalemme<\/strong> con gli altri apostoli fino al giorno della <a href=\"https:\/\/www.holyart.it\/blog\/articoli-religiosi\/la-pentecoste-giorno-cui-si-celebra-lo-spirito-santo-la-nascita-della-chiesa\/\"><strong>Pentecoste<\/strong><\/a>. Negli <em>Atti degli Apostoli<\/em> (Atti 2,1-11) leggiamo l&#8217;episodio: Maria e tutti gli Apostoli si trovavano nello stesso luogo quando <em>&#8220;Venne all&#8217;improvviso dal cielo un rombo, come di vento che si abbatte gagliardo, e riemp\u00ec tutta la casa dove si trovavano. Apparvero loro lingue come di fuoco che si dividevano e si posarono su ciascuno di loro; ed essi furono tutti pieni di Spirito Santo e cominciarono a parlare in altre lingue come lo Spirito dava loro il potere d&#8217;esprimersi.&#8221; <\/em>Possiamo affermare che Maria \u00e8 <strong>il cuore stesso della Pentecoste<\/strong>, lei che da sempre intercede presso Dio per gli uomini, e che partecipa alla discesa dello Spirito Santo, quasi un catalizzatore, che ha reso possibile con la sua grazia l&#8217;investitura degli Apostoli e la promessa di speranza per tutti gli uomini.<\/p>\n<div class=\"link-article\">\n<p><img loading=\"lazy\" decoding=\"async\" class=\"size-full wp-image-15266 alignleft\" src=\"https:\/\/blog.holyart.it\/it\/wp-content\/uploads\/sites\/17\/2022\/04\/Pentecoste-spirito-santo.jpg\" alt=\"Pentecoste spirito santo\" width=\"150\" height=\"99\" data-kale-share-title=\"La vita di Maria dopo la Resurrezione di Ges\u00f9\" data-kale-share-url=\"https:\/\/blog.holyart.it\/it\/?p=15263\" \/><\/p>\n<div class=\"leggi-anche\">Leggi anche:<\/div>\n<p><strong><a href=\"https:\/\/www.holyart.it\/blog\/accessori-liturgia\/in-occasione-della-pentecoste-prega-maria-che-scioglie-i-nodi\/\">In occasione della Pentecoste prega Maria che scioglie i nodi<\/a><\/strong><br \/>\n50 giorni dopo la Pasqua si festeggia la Pentecoste, che ricorda la discesa dello Spirito Santo tra i discepoli e&#8230;<\/p>\n<\/div>\n<h2>La casa di Maria a Efeso<\/h2>\n<p>Sorgeva a Efeso la casa della Madonna. O cos\u00ec \u00e8 presumibile credere, se davvero Maria Madre di Dio and\u00f2 a vivere in questa citt\u00e0 negli ultimi anni. Di fatto a Efeso c&#8217;\u00e8 un luogo di culto, <strong>La Casa di Maria<\/strong>, in turco <em>Meryem Ana Evi<\/em>, visitato ogni anno da almeno 1 milione di pellegrini sia cristiani sia mussulmani. Venne scoperta alla fine del XIX secolo da un gruppo di ricerca composto da religiosi e laici e guidato da Suor Marie de Mandat-Grancey, una monaca francese devota a Maria e ossessionata dall&#8217;idea di trovare il luogo in cui era vissuta. Fu lei a partire dalle indicazioni lasciate della mistica tedesca <strong>Anna Katerina Emmerick<\/strong>, che su Maria e San Giovanni e sulla loro vita dopo la <a href=\"https:\/\/www.holyart.it\/blog\/articoli-religiosi\/la-storia-di-gesu-gli-eventi-piu-importanti-della-sua-vita\/\"><strong>Resurrezione di Ges\u00f9<\/strong><\/a> aveva avuto delle visioni. La mistica in un suo libro pubblicato a Monaco di Baviera nel 1852 aveva raccontato di aver visto la casa, e che essa era fatta di pietre rettangolari, con grandi finestre, formata da due parti, con il focolare al centro. Anna Katerina Emmerick aveva anche detto dove sorgeva la casa: <em>&#8220;Maria non visse di preciso ad Efeso, ma in un paese vicino. La dimora di Maria si trovava su una collina a sinistra della strada in direzione di Gerusalemme, circa tre ore e mezza da Efeso. Questa collina si dirada ripidamente volgendosi verso Efeso; avvicinandosi da sud-est, la citt\u00e0 sembra giacere su un terreno rialzato&#8230; Stretti sentieri in direzione del sud conducono ad una collina, alla cui sommit\u00e0 \u00e8 sito un altopiano irregolare, distante circa mezz&#8217;ora di viaggio.&#8221;<\/em><\/p>\n<div class=\"link-article\">\n<p><img loading=\"lazy\" decoding=\"async\" class=\"size-full wp-image-15267 alignleft\" src=\"https:\/\/blog.holyart.it\/it\/wp-content\/uploads\/sites\/17\/2022\/04\/storia-di-gesu-ultima-cena.jpg\" alt=\"storia di gesu ultima cena\" width=\"150\" height=\"99\" data-kale-share-title=\"La vita di Maria dopo la Resurrezione di Ges\u00f9\" data-kale-share-url=\"https:\/\/blog.holyart.it\/it\/?p=15263\" \/><\/p>\n<div class=\"leggi-anche\">Leggi anche:<\/div>\n<p><strong><a href=\"https:\/\/www.holyart.it\/blog\/articoli-religiosi\/la-storia-di-gesu-gli-eventi-piu-importanti-della-sua-vita\/\">La storia di Ges\u00f9: gli eventi pi\u00f9 importanti della Sua vita<\/a><\/strong><br \/>\nLa storia di Ges\u00f9, tra racconto evangelico, realt\u00e0 storica e leggenda devozionale&#8230;<\/p>\n<\/div>\n<p>Anche la mistica <strong>Maria Valtorta<\/strong> affermava di aver avuto visioni dettagliate e colloqui con Maria e Ges\u00f9. Suor Marie confront\u00f2 gli scritti delle due donne e seguendo le indicazioni in essi contenuti scopr\u00ec il luogo in cui la casa di Maria sorgeva, su una collina fuori citt\u00e0. Qui gi\u00e0 qualche anno prima il sacerdote francese Julien Gouyet aveva trovato i resti di una costruzione che aveva ricollegato alla vita di Maria. Scavando si rinvennero i resti di una casa risalente al I secolo, sui quali nel V secolo era stata eretta la prima basilica dedicata a Maria. Gli abitanti del luogo chiamavano quelle rovine <em>Panaya Kapulu, <\/em>&#8220;Porta della Vergine&#8221;. La suora acquist\u00f2 il terreno, che subito divenne <a href=\"https:\/\/www.holyart.it\/blog\/articoli-religiosi\/5-luoghi-di-pellegrinaggio-dove-andare-almeno-una-volta-nella-vita\/\"><strong>m\u00e8ta di pellegrinaggi<\/strong><\/a> e addirittura di indulgenza plenaria per volont\u00e0 di Papa San Giovanni XXIII e di altri pontefici dopo di lui.<\/p>\n<div class=\"link-article\">\n<p><img loading=\"lazy\" decoding=\"async\" class=\"size-full wp-image-15268 alignleft\" src=\"https:\/\/blog.holyart.it\/it\/wp-content\/uploads\/sites\/17\/2022\/04\/Pellegrini.jpeg\" alt=\"pellegrinaggi\" width=\"150\" height=\"99\" data-kale-share-title=\"La vita di Maria dopo la Resurrezione di Ges\u00f9\" data-kale-share-url=\"https:\/\/blog.holyart.it\/it\/?p=15263\" \/><\/p>\n<div class=\"leggi-anche\">Leggi anche:<\/div>\n<p><strong><a href=\"https:\/\/www.holyart.it\/blog\/articoli-religiosi\/5-luoghi-di-pellegrinaggio-dove-andare-almeno-una-volta-nella-vita\/\">5 luoghi di pellegrinaggio dove andare almeno una volta nella vita<\/a><\/strong><br \/>\nL\u2019azione di Dio su questa Terra lascia un segno forte e che ci attrae&#8230;<\/p>\n<\/div>\n","protected":false},"excerpt":{"rendered":"<p>Che ne \u00e8 stato della Madonna dopo la Resurrezione di Ges\u00f9? Indaghiamo sulla vita di Maria attraverso i Vangeli, fino al giorno della sua Assunzione in Cielo Che cosa \u00e8 successo a Maria madre di Ges\u00f9 dopo la morte e Resurrezione di Suo figlio? I&hellip;<\/p>\n","protected":false},"author":1,"featured_media":15271,"comment_status":"closed","ping_status":"open","sticky":false,"template":"","format":"standard","meta":{"_acf_changed":false,"footnotes":""},"categories":[26,16,15],"tags":[],"class_list":["post-15263","post","type-post","status-publish","format-standard","has-post-thumbnail","hentry","category-pasqua","category-articoli-religiosi","category-santi-e-beati"],"acf":[],"yoast_head":"<!-- This site is optimized with the Yoast SEO plugin v26.6 - https:\/\/yoast.com\/wordpress\/plugins\/seo\/ -->\n<title>La vita di Maria dopo la Resurrezione di Ges\u00f9 - Holyblog<\/title>\n<meta name=\"description\" content=\"Dove ha vissuto la Madonna dopo la Resurrezione di Ges\u00f9? I Vangeli offrono brevi indicazioni sulla vita di Maria negli ultimi anni\" \/>\n<meta name=\"robots\" content=\"index, follow, max-snippet:-1, max-image-preview:large, max-video-preview:-1\" \/>\n<link rel=\"canonical\" href=\"https:\/\/blog.holyart.it\/it\/articoli-religiosi\/vita-di-maria-dopo-resurrezione-di-gesu\/\" \/>\n<meta property=\"og:locale\" content=\"it_IT\" \/>\n<meta property=\"og:type\" content=\"article\" \/>\n<meta property=\"og:title\" content=\"La vita di Maria dopo la Resurrezione di Ges\u00f9 - Holyblog\" \/>\n<meta property=\"og:description\" content=\"Dove ha vissuto la Madonna dopo la Resurrezione di Ges\u00f9? I Vangeli offrono brevi indicazioni sulla vita di Maria negli ultimi anni\" \/>\n<meta property=\"og:url\" content=\"https:\/\/blog.holyart.it\/it\/articoli-religiosi\/vita-di-maria-dopo-resurrezione-di-gesu\/\" \/>\n<meta property=\"og:site_name\" content=\"Holyblog\" \/>\n<meta property=\"article:published_time\" content=\"2022-04-18T10:30:16+00:00\" \/>\n<meta property=\"article:modified_time\" content=\"2025-03-07T14:00:54+00:00\" \/>\n<meta property=\"og:image\" content=\"https:\/\/blog.holyart.it\/it\/wp-content\/uploads\/sites\/17\/2022\/04\/vita-di-maria-a-efeso.jpg\" \/>\n\t<meta property=\"og:image:width\" content=\"1000\" \/>\n\t<meta property=\"og:image:height\" content=\"666\" \/>\n\t<meta property=\"og:image:type\" content=\"image\/jpeg\" \/>\n<meta name=\"author\" content=\"Redazione\" \/>\n<meta name=\"twitter:card\" content=\"summary_large_image\" \/>\n<meta name=\"twitter:label1\" content=\"Scritto da\" \/>\n\t<meta name=\"twitter:data1\" content=\"Redazione\" \/>\n\t<meta name=\"twitter:label2\" content=\"Tempo di lettura stimato\" \/>\n\t<meta name=\"twitter:data2\" content=\"7 minuti\" \/>\n<script type=\"application\/ld+json\" class=\"yoast-schema-graph\">{\"@context\":\"https:\/\/schema.org\",\"@graph\":[{\"@type\":\"Article\",\"@id\":\"https:\/\/blog.holyart.it\/it\/articoli-religiosi\/vita-di-maria-dopo-resurrezione-di-gesu\/#article\",\"isPartOf\":{\"@id\":\"https:\/\/blog.holyart.it\/it\/articoli-religiosi\/vita-di-maria-dopo-resurrezione-di-gesu\/\"},\"author\":{\"name\":\"Redazione\",\"@id\":\"https:\/\/blog.holyart.it\/it\/#\/schema\/person\/0a7b686e5af0f856ec1e390dd0baecda\"},\"headline\":\"La vita di Maria dopo la Resurrezione di Ges\u00f9\",\"datePublished\":\"2022-04-18T10:30:16+00:00\",\"dateModified\":\"2025-03-07T14:00:54+00:00\",\"mainEntityOfPage\":{\"@id\":\"https:\/\/blog.holyart.it\/it\/articoli-religiosi\/vita-di-maria-dopo-resurrezione-di-gesu\/\"},\"wordCount\":1027,\"publisher\":{\"@id\":\"https:\/\/blog.holyart.it\/it\/#organization\"},\"image\":{\"@id\":\"https:\/\/blog.holyart.it\/it\/articoli-religiosi\/vita-di-maria-dopo-resurrezione-di-gesu\/#primaryimage\"},\"thumbnailUrl\":\"https:\/\/blog.holyart.it\/it\/wp-content\/uploads\/sites\/17\/2022\/04\/vita-di-maria-a-efeso.jpg\",\"articleSection\":[\"Pasqua\",\"Religione\",\"Santi e beati\"],\"inLanguage\":\"it-IT\"},{\"@type\":\"WebPage\",\"@id\":\"https:\/\/blog.holyart.it\/it\/articoli-religiosi\/vita-di-maria-dopo-resurrezione-di-gesu\/\",\"url\":\"https:\/\/blog.holyart.it\/it\/articoli-religiosi\/vita-di-maria-dopo-resurrezione-di-gesu\/\",\"name\":\"La vita di Maria dopo la Resurrezione di Ges\u00f9 - Holyblog\",\"isPartOf\":{\"@id\":\"https:\/\/blog.holyart.it\/it\/#website\"},\"primaryImageOfPage\":{\"@id\":\"https:\/\/blog.holyart.it\/it\/articoli-religiosi\/vita-di-maria-dopo-resurrezione-di-gesu\/#primaryimage\"},\"image\":{\"@id\":\"https:\/\/blog.holyart.it\/it\/articoli-religiosi\/vita-di-maria-dopo-resurrezione-di-gesu\/#primaryimage\"},\"thumbnailUrl\":\"https:\/\/blog.holyart.it\/it\/wp-content\/uploads\/sites\/17\/2022\/04\/vita-di-maria-a-efeso.jpg\",\"datePublished\":\"2022-04-18T10:30:16+00:00\",\"dateModified\":\"2025-03-07T14:00:54+00:00\",\"description\":\"Dove ha vissuto la Madonna dopo la Resurrezione di Ges\u00f9? I Vangeli offrono brevi indicazioni sulla vita di Maria negli ultimi anni\",\"breadcrumb\":{\"@id\":\"https:\/\/blog.holyart.it\/it\/articoli-religiosi\/vita-di-maria-dopo-resurrezione-di-gesu\/#breadcrumb\"},\"inLanguage\":\"it-IT\",\"potentialAction\":[{\"@type\":\"ReadAction\",\"target\":[\"https:\/\/blog.holyart.it\/it\/articoli-religiosi\/vita-di-maria-dopo-resurrezione-di-gesu\/\"]}]},{\"@type\":\"ImageObject\",\"inLanguage\":\"it-IT\",\"@id\":\"https:\/\/blog.holyart.it\/it\/articoli-religiosi\/vita-di-maria-dopo-resurrezione-di-gesu\/#primaryimage\",\"url\":\"https:\/\/blog.holyart.it\/it\/wp-content\/uploads\/sites\/17\/2022\/04\/vita-di-maria-a-efeso.jpg\",\"contentUrl\":\"https:\/\/blog.holyart.it\/it\/wp-content\/uploads\/sites\/17\/2022\/04\/vita-di-maria-a-efeso.jpg\",\"width\":1000,\"height\":666,\"caption\":\"vita di maria a efeso\"},{\"@type\":\"BreadcrumbList\",\"@id\":\"https:\/\/blog.holyart.it\/it\/articoli-religiosi\/vita-di-maria-dopo-resurrezione-di-gesu\/#breadcrumb\",\"itemListElement\":[{\"@type\":\"ListItem\",\"position\":1,\"name\":\"Homepage\",\"item\":\"https:\/\/blog.holyart.it\/it\/\"},{\"@type\":\"ListItem\",\"position\":2,\"name\":\"Religione\",\"item\":\"https:\/\/blog.holyart.it\/it\/articoli-religiosi\/\"},{\"@type\":\"ListItem\",\"position\":3,\"name\":\"La vita di Maria dopo la Resurrezione di Ges\u00f9\"}]},{\"@type\":\"WebSite\",\"@id\":\"https:\/\/blog.holyart.it\/it\/#website\",\"url\":\"https:\/\/blog.holyart.it\/it\/\",\"name\":\"Holyblog\",\"description\":\"Il Blog di Holyart.it\",\"publisher\":{\"@id\":\"https:\/\/blog.holyart.it\/it\/#organization\"},\"potentialAction\":[{\"@type\":\"SearchAction\",\"target\":{\"@type\":\"EntryPoint\",\"urlTemplate\":\"https:\/\/blog.holyart.it\/it\/?s={search_term_string}\"},\"query-input\":{\"@type\":\"PropertyValueSpecification\",\"valueRequired\":true,\"valueName\":\"search_term_string\"}}],\"inLanguage\":\"it-IT\"},{\"@type\":\"Organization\",\"@id\":\"https:\/\/blog.holyart.it\/it\/#organization\",\"name\":\"Holyblog\",\"url\":\"https:\/\/blog.holyart.it\/it\/\",\"logo\":{\"@type\":\"ImageObject\",\"inLanguage\":\"it-IT\",\"@id\":\"https:\/\/blog.holyart.it\/it\/#\/schema\/logo\/image\/\",\"url\":\"https:\/\/blog.holyart.it\/it\/wp-content\/uploads\/sites\/17\/2022\/12\/Holyart_Blog_Logo.jpg\",\"contentUrl\":\"https:\/\/blog.holyart.it\/it\/wp-content\/uploads\/sites\/17\/2022\/12\/Holyart_Blog_Logo.jpg\",\"width\":300,\"height\":50,\"caption\":\"Holyblog\"},\"image\":{\"@id\":\"https:\/\/blog.holyart.it\/it\/#\/schema\/logo\/image\/\"}},{\"@type\":\"Person\",\"@id\":\"https:\/\/blog.holyart.it\/it\/#\/schema\/person\/0a7b686e5af0f856ec1e390dd0baecda\",\"name\":\"Redazione\"}]}<\/script>\n<!-- \/ Yoast SEO plugin. -->","yoast_head_json":{"title":"La vita di Maria dopo la Resurrezione di Ges\u00f9 - Holyblog","description":"Dove ha vissuto la Madonna dopo la Resurrezione di Ges\u00f9? I Vangeli offrono brevi indicazioni sulla vita di Maria negli ultimi anni","robots":{"index":"index","follow":"follow","max-snippet":"max-snippet:-1","max-image-preview":"max-image-preview:large","max-video-preview":"max-video-preview:-1"},"canonical":"https:\/\/blog.holyart.it\/it\/articoli-religiosi\/vita-di-maria-dopo-resurrezione-di-gesu\/","og_locale":"it_IT","og_type":"article","og_title":"La vita di Maria dopo la Resurrezione di Ges\u00f9 - Holyblog","og_description":"Dove ha vissuto la Madonna dopo la Resurrezione di Ges\u00f9? I Vangeli offrono brevi indicazioni sulla vita di Maria negli ultimi anni","og_url":"https:\/\/blog.holyart.it\/it\/articoli-religiosi\/vita-di-maria-dopo-resurrezione-di-gesu\/","og_site_name":"Holyblog","article_published_time":"2022-04-18T10:30:16+00:00","article_modified_time":"2025-03-07T14:00:54+00:00","og_image":[{"width":1000,"height":666,"url":"https:\/\/blog.holyart.it\/it\/wp-content\/uploads\/sites\/17\/2022\/04\/vita-di-maria-a-efeso.jpg","type":"image\/jpeg"}],"author":"Redazione","twitter_card":"summary_large_image","twitter_misc":{"Scritto da":"Redazione","Tempo di lettura stimato":"7 minuti"},"schema":{"@context":"https:\/\/schema.org","@graph":[{"@type":"Article","@id":"https:\/\/blog.holyart.it\/it\/articoli-religiosi\/vita-di-maria-dopo-resurrezione-di-gesu\/#article","isPartOf":{"@id":"https:\/\/blog.holyart.it\/it\/articoli-religiosi\/vita-di-maria-dopo-resurrezione-di-gesu\/"},"author":{"name":"Redazione","@id":"https:\/\/blog.holyart.it\/it\/#\/schema\/person\/0a7b686e5af0f856ec1e390dd0baecda"},"headline":"La vita di Maria dopo la Resurrezione di Ges\u00f9","datePublished":"2022-04-18T10:30:16+00:00","dateModified":"2025-03-07T14:00:54+00:00","mainEntityOfPage":{"@id":"https:\/\/blog.holyart.it\/it\/articoli-religiosi\/vita-di-maria-dopo-resurrezione-di-gesu\/"},"wordCount":1027,"publisher":{"@id":"https:\/\/blog.holyart.it\/it\/#organization"},"image":{"@id":"https:\/\/blog.holyart.it\/it\/articoli-religiosi\/vita-di-maria-dopo-resurrezione-di-gesu\/#primaryimage"},"thumbnailUrl":"https:\/\/blog.holyart.it\/it\/wp-content\/uploads\/sites\/17\/2022\/04\/vita-di-maria-a-efeso.jpg","articleSection":["Pasqua","Religione","Santi e beati"],"inLanguage":"it-IT"},{"@type":"WebPage","@id":"https:\/\/blog.holyart.it\/it\/articoli-religiosi\/vita-di-maria-dopo-resurrezione-di-gesu\/","url":"https:\/\/blog.holyart.it\/it\/articoli-religiosi\/vita-di-maria-dopo-resurrezione-di-gesu\/","name":"La vita di Maria dopo la Resurrezione di Ges\u00f9 - Holyblog","isPartOf":{"@id":"https:\/\/blog.holyart.it\/it\/#website"},"primaryImageOfPage":{"@id":"https:\/\/blog.holyart.it\/it\/articoli-religiosi\/vita-di-maria-dopo-resurrezione-di-gesu\/#primaryimage"},"image":{"@id":"https:\/\/blog.holyart.it\/it\/articoli-religiosi\/vita-di-maria-dopo-resurrezione-di-gesu\/#primaryimage"},"thumbnailUrl":"https:\/\/blog.holyart.it\/it\/wp-content\/uploads\/sites\/17\/2022\/04\/vita-di-maria-a-efeso.jpg","datePublished":"2022-04-18T10:30:16+00:00","dateModified":"2025-03-07T14:00:54+00:00","description":"Dove ha vissuto la Madonna dopo la Resurrezione di Ges\u00f9? I Vangeli offrono brevi indicazioni sulla vita di Maria negli ultimi anni","breadcrumb":{"@id":"https:\/\/blog.holyart.it\/it\/articoli-religiosi\/vita-di-maria-dopo-resurrezione-di-gesu\/#breadcrumb"},"inLanguage":"it-IT","potentialAction":[{"@type":"ReadAction","target":["https:\/\/blog.holyart.it\/it\/articoli-religiosi\/vita-di-maria-dopo-resurrezione-di-gesu\/"]}]},{"@type":"ImageObject","inLanguage":"it-IT","@id":"https:\/\/blog.holyart.it\/it\/articoli-religiosi\/vita-di-maria-dopo-resurrezione-di-gesu\/#primaryimage","url":"https:\/\/blog.holyart.it\/it\/wp-content\/uploads\/sites\/17\/2022\/04\/vita-di-maria-a-efeso.jpg","contentUrl":"https:\/\/blog.holyart.it\/it\/wp-content\/uploads\/sites\/17\/2022\/04\/vita-di-maria-a-efeso.jpg","width":1000,"height":666,"caption":"vita di maria a efeso"},{"@type":"BreadcrumbList","@id":"https:\/\/blog.holyart.it\/it\/articoli-religiosi\/vita-di-maria-dopo-resurrezione-di-gesu\/#breadcrumb","itemListElement":[{"@type":"ListItem","position":1,"name":"Homepage","item":"https:\/\/blog.holyart.it\/it\/"},{"@type":"ListItem","position":2,"name":"Religione","item":"https:\/\/blog.holyart.it\/it\/articoli-religiosi\/"},{"@type":"ListItem","position":3,"name":"La vita di Maria dopo la Resurrezione di Ges\u00f9"}]},{"@type":"WebSite","@id":"https:\/\/blog.holyart.it\/it\/#website","url":"https:\/\/blog.holyart.it\/it\/","name":"Holyblog","description":"Il Blog di Holyart.it","publisher":{"@id":"https:\/\/blog.holyart.it\/it\/#organization"},"potentialAction":[{"@type":"SearchAction","target":{"@type":"EntryPoint","urlTemplate":"https:\/\/blog.holyart.it\/it\/?s={search_term_string}"},"query-input":{"@type":"PropertyValueSpecification","valueRequired":true,"valueName":"search_term_string"}}],"inLanguage":"it-IT"},{"@type":"Organization","@id":"https:\/\/blog.holyart.it\/it\/#organization","name":"Holyblog","url":"https:\/\/blog.holyart.it\/it\/","logo":{"@type":"ImageObject","inLanguage":"it-IT","@id":"https:\/\/blog.holyart.it\/it\/#\/schema\/logo\/image\/","url":"https:\/\/blog.holyart.it\/it\/wp-content\/uploads\/sites\/17\/2022\/12\/Holyart_Blog_Logo.jpg","contentUrl":"https:\/\/blog.holyart.it\/it\/wp-content\/uploads\/sites\/17\/2022\/12\/Holyart_Blog_Logo.jpg","width":300,"height":50,"caption":"Holyblog"},"image":{"@id":"https:\/\/blog.holyart.it\/it\/#\/schema\/logo\/image\/"}},{"@type":"Person","@id":"https:\/\/blog.holyart.it\/it\/#\/schema\/person\/0a7b686e5af0f856ec1e390dd0baecda","name":"Redazione"}]}},"_links":{"self":[{"href":"https:\/\/blog.holyart.it\/it\/wp-json\/wp\/v2\/posts\/15263","targetHints":{"allow":["GET"]}}],"collection":[{"href":"https:\/\/blog.holyart.it\/it\/wp-json\/wp\/v2\/posts"}],"about":[{"href":"https:\/\/blog.holyart.it\/it\/wp-json\/wp\/v2\/types\/post"}],"author":[{"embeddable":true,"href":"https:\/\/blog.holyart.it\/it\/wp-json\/wp\/v2\/users\/1"}],"replies":[{"embeddable":true,"href":"https:\/\/blog.holyart.it\/it\/wp-json\/wp\/v2\/comments?post=15263"}],"version-history":[{"count":1,"href":"https:\/\/blog.holyart.it\/it\/wp-json\/wp\/v2\/posts\/15263\/revisions"}],"predecessor-version":[{"id":17578,"href":"https:\/\/blog.holyart.it\/it\/wp-json\/wp\/v2\/posts\/15263\/revisions\/17578"}],"wp:featuredmedia":[{"embeddable":true,"href":"https:\/\/blog.holyart.it\/it\/wp-json\/wp\/v2\/media\/15271"}],"wp:attachment":[{"href":"https:\/\/blog.holyart.it\/it\/wp-json\/wp\/v2\/media?parent=15263"}],"wp:term":[{"taxonomy":"category","embeddable":true,"href":"https:\/\/blog.holyart.it\/it\/wp-json\/wp\/v2\/categories?post=15263"},{"taxonomy":"post_tag","embeddable":true,"href":"https:\/\/blog.holyart.it\/it\/wp-json\/wp\/v2\/tags?post=15263"}],"curies":[{"name":"wp","href":"https:\/\/api.w.org\/{rel}","templated":true}]}}