{"id":152,"date":"2016-07-08T11:36:47","date_gmt":"2016-07-08T09:36:47","guid":{"rendered":"https:\/\/blog.holyart.it\/it\/?p=152"},"modified":"2024-09-10T12:14:37","modified_gmt":"2024-09-10T10:14:37","slug":"madonna-guadalupe","status":"publish","type":"post","link":"https:\/\/blog.holyart.it\/it\/santi-e-beati\/madonna-guadalupe\/","title":{"rendered":"La Madonna di Guadalupe"},"content":{"rendered":"<p>La <strong>Madonna di Guadalupe<\/strong> \u00e8 considerata la patrona di tutti i cattolici di lingua spagnola del mondo, in particolare di quelli residenti in Sud e nord America (la sua festa si celebra il 12 Dicembre). Il suo culto nasce in Messico nel XVI secolo, quando la Madonna apparve ripetutamente a\u00a0<strong>Juan Diego Cuauhtlatoatzin<\/strong>, un azteco convertito al cristianesimo.<\/p>\n<p>In occasione della prima apparizione, <strong>la Madonna di Guadalupe<\/strong> ordin\u00f2 all&#8217;uomo di far erigere una cappella in suo onore in un luogo da lei indicato. Nel corso delle successive apparizioni gli forn\u00ec prove miracolose e inconfutabili per abbattere lo scetticismo del vescovo e di coloro i quali non credevano al suo racconto.<\/p>\n<p>Venne eretta una cappella sul luogo dell&#8217;apparizione, e nei secoli le fecero seguito un santuario e infine la <strong>Basilica di Nostra Signora di Guadalupe<\/strong>.<\/p>\n<p>Il nome Guadalupe ha origini contrastanti. Sarebbe stata <strong>la Madonna di Guadalupe<\/strong> stessa a suggerirlo a Juan Diego, o forse fu il veggente a ricollegare l&#8217;apparizione con il <strong>Real Monasterio de Nuestra Se\u00f1ora de Guadalupe<\/strong> nel comune spagnolo di Guadalupe nel 1340. Ancora, c&#8217;\u00e8 chi suggerisce che Guadalupe sia la trascrizione in spagnolo della parola azteca Coatlaxopeuh, &#8220;<strong>colei che schiaccia il serpente<\/strong>&#8220;, appellativo sovente associato alla Madonna.<\/p>\n<p>Nella <strong>Basilica di Nostra Signora di Guadalupe<\/strong> \u00e8 conservato il mantello (tilm\u00e0tli) di Juan Diego. Quando egli si present\u00f2 al vescovo, portandogli i fiori cresciuti per miracolo sul luogo dell&#8217;apparizione avvolti nel mantello, srotolando quest&#8217;ultimo si rivel\u00f2 agli occhi di tutti i presenti l&#8217;immagine di <strong>Maria<\/strong> fissata sul tessuto. Quest&#8217;immagine, conservata intatta nei secoli, \u00e8 oggetto di venerazione paragonabile solo alla <strong>Sacra Sindone<\/strong>.<\/p>\n<p>Poich\u00e9 la <strong>Madonna di Guadalupe<\/strong> appare con la pelle scura e lineamenti meticci, i fedeli l&#8217;hanno soprannominata <strong>Virgen morenita<\/strong> (&#8220;<strong>Vergine meticcia<\/strong>&#8220;).<\/p>\n<p>Se ti interessa acquistare una <strong><a href=\"https:\/\/www.holyart.it\/it\/articoli\/statue-madonna-di-guadalupe.php\">statua della Madonna di Guadalupe<\/a><\/strong>, visita il nostro store online; potrai scegliere tra una vastissima variet\u00e0 di statue, di varie misure e materiali.<\/p>\n","protected":false},"excerpt":{"rendered":"<p>La Madonna di Guadalupe \u00e8 considerata la patrona di tutti i cattolici di lingua spagnola del mondo, in particolare di quelli residenti in Sud e nord America (la sua festa si celebra il 12 Dicembre). Il suo culto nasce in Messico nel XVI secolo, quando&hellip;<\/p>\n","protected":false},"author":1,"featured_media":255,"comment_status":"closed","ping_status":"open","sticky":false,"template":"","format":"standard","meta":{"_acf_changed":false,"footnotes":""},"categories":[15],"tags":[],"class_list":["post-152","post","type-post","status-publish","format-standard","has-post-thumbnail","hentry","category-santi-e-beati"],"acf":[],"yoast_head":"<!-- This site is optimized with the Yoast SEO plugin v26.6 - https:\/\/yoast.com\/wordpress\/plugins\/seo\/ -->\n<title>La Madonna di Guadalupe - Holyblog<\/title>\n<meta name=\"description\" content=\"La Madonna di Guadalupe \u00e8 la patrona di tutti i cattolici di lingua spagnola del mondo, in particolare di quelli residenti in Sud e nord America.\" \/>\n<meta name=\"robots\" content=\"index, follow, max-snippet:-1, max-image-preview:large, max-video-preview:-1\" \/>\n<link rel=\"canonical\" href=\"https:\/\/blog.holyart.it\/it\/santi-e-beati\/madonna-guadalupe\/\" \/>\n<meta property=\"og:locale\" content=\"it_IT\" \/>\n<meta property=\"og:type\" content=\"article\" \/>\n<meta property=\"og:title\" content=\"La Madonna di Guadalupe - Holyblog\" \/>\n<meta property=\"og:description\" content=\"La Madonna di Guadalupe \u00e8 la patrona di tutti i cattolici di lingua spagnola del mondo, in particolare di quelli residenti in Sud e nord America.\" \/>\n<meta property=\"og:url\" content=\"https:\/\/blog.holyart.it\/it\/santi-e-beati\/madonna-guadalupe\/\" \/>\n<meta property=\"og:site_name\" content=\"Holyblog\" \/>\n<meta property=\"article:published_time\" content=\"2016-07-08T09:36:47+00:00\" \/>\n<meta property=\"article:modified_time\" content=\"2024-09-10T10:14:37+00:00\" \/>\n<meta property=\"og:image\" content=\"https:\/\/blog.holyart.it\/it\/wp-content\/uploads\/sites\/17\/2016\/07\/Madonna-di-Guadalupe.png\" \/>\n\t<meta property=\"og:image:width\" content=\"750\" \/>\n\t<meta property=\"og:image:height\" content=\"410\" \/>\n\t<meta property=\"og:image:type\" content=\"image\/png\" \/>\n<meta name=\"author\" content=\"Redazione\" \/>\n<meta name=\"twitter:card\" content=\"summary_large_image\" \/>\n<meta name=\"twitter:label1\" content=\"Scritto da\" \/>\n\t<meta name=\"twitter:data1\" content=\"Redazione\" \/>\n\t<meta name=\"twitter:label2\" content=\"Tempo di lettura stimato\" \/>\n\t<meta name=\"twitter:data2\" content=\"2 minuti\" \/>\n<script type=\"application\/ld+json\" class=\"yoast-schema-graph\">{\"@context\":\"https:\/\/schema.org\",\"@graph\":[{\"@type\":\"Article\",\"@id\":\"https:\/\/blog.holyart.it\/it\/santi-e-beati\/madonna-guadalupe\/#article\",\"isPartOf\":{\"@id\":\"https:\/\/blog.holyart.it\/it\/santi-e-beati\/madonna-guadalupe\/\"},\"author\":{\"name\":\"Redazione\",\"@id\":\"https:\/\/blog.holyart.it\/it\/#\/schema\/person\/0a7b686e5af0f856ec1e390dd0baecda\"},\"headline\":\"La Madonna di Guadalupe\",\"datePublished\":\"2016-07-08T09:36:47+00:00\",\"dateModified\":\"2024-09-10T10:14:37+00:00\",\"mainEntityOfPage\":{\"@id\":\"https:\/\/blog.holyart.it\/it\/santi-e-beati\/madonna-guadalupe\/\"},\"wordCount\":314,\"publisher\":{\"@id\":\"https:\/\/blog.holyart.it\/it\/#organization\"},\"image\":{\"@id\":\"https:\/\/blog.holyart.it\/it\/santi-e-beati\/madonna-guadalupe\/#primaryimage\"},\"thumbnailUrl\":\"https:\/\/blog.holyart.it\/it\/wp-content\/uploads\/sites\/17\/2016\/07\/Madonna-di-Guadalupe.png\",\"articleSection\":[\"Santi e beati\"],\"inLanguage\":\"it-IT\"},{\"@type\":\"WebPage\",\"@id\":\"https:\/\/blog.holyart.it\/it\/santi-e-beati\/madonna-guadalupe\/\",\"url\":\"https:\/\/blog.holyart.it\/it\/santi-e-beati\/madonna-guadalupe\/\",\"name\":\"La Madonna di Guadalupe - Holyblog\",\"isPartOf\":{\"@id\":\"https:\/\/blog.holyart.it\/it\/#website\"},\"primaryImageOfPage\":{\"@id\":\"https:\/\/blog.holyart.it\/it\/santi-e-beati\/madonna-guadalupe\/#primaryimage\"},\"image\":{\"@id\":\"https:\/\/blog.holyart.it\/it\/santi-e-beati\/madonna-guadalupe\/#primaryimage\"},\"thumbnailUrl\":\"https:\/\/blog.holyart.it\/it\/wp-content\/uploads\/sites\/17\/2016\/07\/Madonna-di-Guadalupe.png\",\"datePublished\":\"2016-07-08T09:36:47+00:00\",\"dateModified\":\"2024-09-10T10:14:37+00:00\",\"description\":\"La Madonna di Guadalupe \u00e8 la patrona di tutti i cattolici di lingua spagnola del mondo, in particolare di quelli residenti in Sud e nord America.\",\"breadcrumb\":{\"@id\":\"https:\/\/blog.holyart.it\/it\/santi-e-beati\/madonna-guadalupe\/#breadcrumb\"},\"inLanguage\":\"it-IT\",\"potentialAction\":[{\"@type\":\"ReadAction\",\"target\":[\"https:\/\/blog.holyart.it\/it\/santi-e-beati\/madonna-guadalupe\/\"]}]},{\"@type\":\"ImageObject\",\"inLanguage\":\"it-IT\",\"@id\":\"https:\/\/blog.holyart.it\/it\/santi-e-beati\/madonna-guadalupe\/#primaryimage\",\"url\":\"https:\/\/blog.holyart.it\/it\/wp-content\/uploads\/sites\/17\/2016\/07\/Madonna-di-Guadalupe.png\",\"contentUrl\":\"https:\/\/blog.holyart.it\/it\/wp-content\/uploads\/sites\/17\/2016\/07\/Madonna-di-Guadalupe.png\",\"width\":750,\"height\":410,\"caption\":\"Madonna di Guadalupe\"},{\"@type\":\"BreadcrumbList\",\"@id\":\"https:\/\/blog.holyart.it\/it\/santi-e-beati\/madonna-guadalupe\/#breadcrumb\",\"itemListElement\":[{\"@type\":\"ListItem\",\"position\":1,\"name\":\"Homepage\",\"item\":\"https:\/\/blog.holyart.it\/it\/\"},{\"@type\":\"ListItem\",\"position\":2,\"name\":\"Santi e beati\",\"item\":\"https:\/\/blog.holyart.it\/it\/santi-e-beati\/\"},{\"@type\":\"ListItem\",\"position\":3,\"name\":\"La Madonna di Guadalupe\"}]},{\"@type\":\"WebSite\",\"@id\":\"https:\/\/blog.holyart.it\/it\/#website\",\"url\":\"https:\/\/blog.holyart.it\/it\/\",\"name\":\"Holyblog\",\"description\":\"Il Blog di Holyart.it\",\"publisher\":{\"@id\":\"https:\/\/blog.holyart.it\/it\/#organization\"},\"potentialAction\":[{\"@type\":\"SearchAction\",\"target\":{\"@type\":\"EntryPoint\",\"urlTemplate\":\"https:\/\/blog.holyart.it\/it\/?s={search_term_string}\"},\"query-input\":{\"@type\":\"PropertyValueSpecification\",\"valueRequired\":true,\"valueName\":\"search_term_string\"}}],\"inLanguage\":\"it-IT\"},{\"@type\":\"Organization\",\"@id\":\"https:\/\/blog.holyart.it\/it\/#organization\",\"name\":\"Holyblog\",\"url\":\"https:\/\/blog.holyart.it\/it\/\",\"logo\":{\"@type\":\"ImageObject\",\"inLanguage\":\"it-IT\",\"@id\":\"https:\/\/blog.holyart.it\/it\/#\/schema\/logo\/image\/\",\"url\":\"https:\/\/blog.holyart.it\/it\/wp-content\/uploads\/sites\/17\/2022\/12\/Holyart_Blog_Logo.jpg\",\"contentUrl\":\"https:\/\/blog.holyart.it\/it\/wp-content\/uploads\/sites\/17\/2022\/12\/Holyart_Blog_Logo.jpg\",\"width\":300,\"height\":50,\"caption\":\"Holyblog\"},\"image\":{\"@id\":\"https:\/\/blog.holyart.it\/it\/#\/schema\/logo\/image\/\"}},{\"@type\":\"Person\",\"@id\":\"https:\/\/blog.holyart.it\/it\/#\/schema\/person\/0a7b686e5af0f856ec1e390dd0baecda\",\"name\":\"Redazione\"}]}<\/script>\n<!-- \/ Yoast SEO plugin. -->","yoast_head_json":{"title":"La Madonna di Guadalupe - Holyblog","description":"La Madonna di Guadalupe \u00e8 la patrona di tutti i cattolici di lingua spagnola del mondo, in particolare di quelli residenti in Sud e nord America.","robots":{"index":"index","follow":"follow","max-snippet":"max-snippet:-1","max-image-preview":"max-image-preview:large","max-video-preview":"max-video-preview:-1"},"canonical":"https:\/\/blog.holyart.it\/it\/santi-e-beati\/madonna-guadalupe\/","og_locale":"it_IT","og_type":"article","og_title":"La Madonna di Guadalupe - Holyblog","og_description":"La Madonna di Guadalupe \u00e8 la patrona di tutti i cattolici di lingua spagnola del mondo, in particolare di quelli residenti in Sud e nord America.","og_url":"https:\/\/blog.holyart.it\/it\/santi-e-beati\/madonna-guadalupe\/","og_site_name":"Holyblog","article_published_time":"2016-07-08T09:36:47+00:00","article_modified_time":"2024-09-10T10:14:37+00:00","og_image":[{"width":750,"height":410,"url":"https:\/\/blog.holyart.it\/it\/wp-content\/uploads\/sites\/17\/2016\/07\/Madonna-di-Guadalupe.png","type":"image\/png"}],"author":"Redazione","twitter_card":"summary_large_image","twitter_misc":{"Scritto da":"Redazione","Tempo di lettura stimato":"2 minuti"},"schema":{"@context":"https:\/\/schema.org","@graph":[{"@type":"Article","@id":"https:\/\/blog.holyart.it\/it\/santi-e-beati\/madonna-guadalupe\/#article","isPartOf":{"@id":"https:\/\/blog.holyart.it\/it\/santi-e-beati\/madonna-guadalupe\/"},"author":{"name":"Redazione","@id":"https:\/\/blog.holyart.it\/it\/#\/schema\/person\/0a7b686e5af0f856ec1e390dd0baecda"},"headline":"La Madonna di Guadalupe","datePublished":"2016-07-08T09:36:47+00:00","dateModified":"2024-09-10T10:14:37+00:00","mainEntityOfPage":{"@id":"https:\/\/blog.holyart.it\/it\/santi-e-beati\/madonna-guadalupe\/"},"wordCount":314,"publisher":{"@id":"https:\/\/blog.holyart.it\/it\/#organization"},"image":{"@id":"https:\/\/blog.holyart.it\/it\/santi-e-beati\/madonna-guadalupe\/#primaryimage"},"thumbnailUrl":"https:\/\/blog.holyart.it\/it\/wp-content\/uploads\/sites\/17\/2016\/07\/Madonna-di-Guadalupe.png","articleSection":["Santi e beati"],"inLanguage":"it-IT"},{"@type":"WebPage","@id":"https:\/\/blog.holyart.it\/it\/santi-e-beati\/madonna-guadalupe\/","url":"https:\/\/blog.holyart.it\/it\/santi-e-beati\/madonna-guadalupe\/","name":"La Madonna di Guadalupe - Holyblog","isPartOf":{"@id":"https:\/\/blog.holyart.it\/it\/#website"},"primaryImageOfPage":{"@id":"https:\/\/blog.holyart.it\/it\/santi-e-beati\/madonna-guadalupe\/#primaryimage"},"image":{"@id":"https:\/\/blog.holyart.it\/it\/santi-e-beati\/madonna-guadalupe\/#primaryimage"},"thumbnailUrl":"https:\/\/blog.holyart.it\/it\/wp-content\/uploads\/sites\/17\/2016\/07\/Madonna-di-Guadalupe.png","datePublished":"2016-07-08T09:36:47+00:00","dateModified":"2024-09-10T10:14:37+00:00","description":"La Madonna di Guadalupe \u00e8 la patrona di tutti i cattolici di lingua spagnola del mondo, in particolare di quelli residenti in Sud e nord America.","breadcrumb":{"@id":"https:\/\/blog.holyart.it\/it\/santi-e-beati\/madonna-guadalupe\/#breadcrumb"},"inLanguage":"it-IT","potentialAction":[{"@type":"ReadAction","target":["https:\/\/blog.holyart.it\/it\/santi-e-beati\/madonna-guadalupe\/"]}]},{"@type":"ImageObject","inLanguage":"it-IT","@id":"https:\/\/blog.holyart.it\/it\/santi-e-beati\/madonna-guadalupe\/#primaryimage","url":"https:\/\/blog.holyart.it\/it\/wp-content\/uploads\/sites\/17\/2016\/07\/Madonna-di-Guadalupe.png","contentUrl":"https:\/\/blog.holyart.it\/it\/wp-content\/uploads\/sites\/17\/2016\/07\/Madonna-di-Guadalupe.png","width":750,"height":410,"caption":"Madonna di Guadalupe"},{"@type":"BreadcrumbList","@id":"https:\/\/blog.holyart.it\/it\/santi-e-beati\/madonna-guadalupe\/#breadcrumb","itemListElement":[{"@type":"ListItem","position":1,"name":"Homepage","item":"https:\/\/blog.holyart.it\/it\/"},{"@type":"ListItem","position":2,"name":"Santi e beati","item":"https:\/\/blog.holyart.it\/it\/santi-e-beati\/"},{"@type":"ListItem","position":3,"name":"La Madonna di Guadalupe"}]},{"@type":"WebSite","@id":"https:\/\/blog.holyart.it\/it\/#website","url":"https:\/\/blog.holyart.it\/it\/","name":"Holyblog","description":"Il Blog di Holyart.it","publisher":{"@id":"https:\/\/blog.holyart.it\/it\/#organization"},"potentialAction":[{"@type":"SearchAction","target":{"@type":"EntryPoint","urlTemplate":"https:\/\/blog.holyart.it\/it\/?s={search_term_string}"},"query-input":{"@type":"PropertyValueSpecification","valueRequired":true,"valueName":"search_term_string"}}],"inLanguage":"it-IT"},{"@type":"Organization","@id":"https:\/\/blog.holyart.it\/it\/#organization","name":"Holyblog","url":"https:\/\/blog.holyart.it\/it\/","logo":{"@type":"ImageObject","inLanguage":"it-IT","@id":"https:\/\/blog.holyart.it\/it\/#\/schema\/logo\/image\/","url":"https:\/\/blog.holyart.it\/it\/wp-content\/uploads\/sites\/17\/2022\/12\/Holyart_Blog_Logo.jpg","contentUrl":"https:\/\/blog.holyart.it\/it\/wp-content\/uploads\/sites\/17\/2022\/12\/Holyart_Blog_Logo.jpg","width":300,"height":50,"caption":"Holyblog"},"image":{"@id":"https:\/\/blog.holyart.it\/it\/#\/schema\/logo\/image\/"}},{"@type":"Person","@id":"https:\/\/blog.holyart.it\/it\/#\/schema\/person\/0a7b686e5af0f856ec1e390dd0baecda","name":"Redazione"}]}},"_links":{"self":[{"href":"https:\/\/blog.holyart.it\/it\/wp-json\/wp\/v2\/posts\/152","targetHints":{"allow":["GET"]}}],"collection":[{"href":"https:\/\/blog.holyart.it\/it\/wp-json\/wp\/v2\/posts"}],"about":[{"href":"https:\/\/blog.holyart.it\/it\/wp-json\/wp\/v2\/types\/post"}],"author":[{"embeddable":true,"href":"https:\/\/blog.holyart.it\/it\/wp-json\/wp\/v2\/users\/1"}],"replies":[{"embeddable":true,"href":"https:\/\/blog.holyart.it\/it\/wp-json\/wp\/v2\/comments?post=152"}],"version-history":[{"count":1,"href":"https:\/\/blog.holyart.it\/it\/wp-json\/wp\/v2\/posts\/152\/revisions"}],"predecessor-version":[{"id":20527,"href":"https:\/\/blog.holyart.it\/it\/wp-json\/wp\/v2\/posts\/152\/revisions\/20527"}],"wp:featuredmedia":[{"embeddable":true,"href":"https:\/\/blog.holyart.it\/it\/wp-json\/wp\/v2\/media\/255"}],"wp:attachment":[{"href":"https:\/\/blog.holyart.it\/it\/wp-json\/wp\/v2\/media?parent=152"}],"wp:term":[{"taxonomy":"category","embeddable":true,"href":"https:\/\/blog.holyart.it\/it\/wp-json\/wp\/v2\/categories?post=152"},{"taxonomy":"post_tag","embeddable":true,"href":"https:\/\/blog.holyart.it\/it\/wp-json\/wp\/v2\/tags?post=152"}],"curies":[{"name":"wp","href":"https:\/\/api.w.org\/{rel}","templated":true}]}}