{"id":15166,"date":"2022-04-11T12:30:23","date_gmt":"2022-04-11T10:30:23","guid":{"rendered":"https:\/\/blog.holyart.it\/it\/?p=15166"},"modified":"2026-03-06T15:58:38","modified_gmt":"2026-03-06T14:58:38","slug":"la-lavanda-dei-piedi-il-gesto-simbolo-dellamore-di-dio","status":"publish","type":"post","link":"https:\/\/blog.holyart.it\/it\/pasqua\/la-lavanda-dei-piedi-il-gesto-simbolo-dellamore-di-dio\/","title":{"rendered":"La lavanda dei piedi, il gesto simbolo dell\u2019amore di Dio"},"content":{"rendered":"<h4>La lavanda dei piedi \u00e8 uno dei massimi gesti d&#8217;amore di Dio. Ecco come avvenne e come si ripete ogni anno tra i riti del Gioved\u00ec Santo<\/h4>\n<p>C&#8217;\u00e8 un episodio particolare che viene raccontato solo in uno dei quattro Vangeli. Si tratta della <strong>lavanda dei piedi<\/strong>, ovvero del momento in cui Ges\u00f9, ritrovatosi per l&#8217;ultima volta con gli Apostoli per consumare la cena pasquale, <a href=\"https:\/\/www.holyart.it\/it\/occasioni-speciali\/pasqua-e-quaresima\/presepe-pasquale\/scena-lavanda-dei-piedi-gesu-ultima-cena-9-cm\"><strong>si inginocchia e lava i piedi a ciascuno di loro<\/strong><\/a>. Questo gesto di <strong>assoluta umilt\u00e0<\/strong> da parte del Maestro verso i suoi discepoli non viene citato nei Vangeli sinottici, ovvero quelli di Marco, Matteo e Luca. \u00c8 presente solo nel <strong>Vangelo di Giovanni<\/strong>, dove manca invece l&#8217;istituzione dell&#8217;Eucarestia.<\/p>\n<div class=\"link-product\">\n<div class=\"blocco-immagine\"><img loading=\"lazy\" decoding=\"async\" class=\"size-full wp-image-15167 alignleft\" src=\"https:\/\/blog.holyart.it\/it\/wp-content\/uploads\/sites\/17\/2022\/04\/scena-lavanda-dei-piedi-gesu-ultima-cena-9-cm.jpg\" alt=\"scena lavanda dei piedi gesu ultima cena 9 cm\" width=\"100\" height=\"100\" data-kale-share-title=\"La lavanda dei piedi, il gesto simbolo dell\u2019amore di Dio\" data-kale-share-url=\"https:\/\/blog.holyart.it\/it\/?p=15166\" \/><\/div>\n<div class=\"blocco-contenuto\">\n<div class=\"blocco-acquista\">Acquista su Holyart:<\/div>\n<div class=\"blocco-titolo\"><a href=\"https:\/\/www.holyart.it\/it\/occasioni-speciali\/pasqua-e-quaresima\/presepe-pasquale\/scena-lavanda-dei-piedi-gesu-ultima-cena-9-cm\">Scena lavanda dei piedi Ges\u00f9 Ultima Cena 9 cm<\/a><\/div>\n<div class=\"blocco-descrizione\">Le statuine sono realizzate in resina e hanno una dimensione massima di 8 cm.<\/div>\n<\/div>\n<\/div>\n<p>Ma che significato ha questo episodio? Dobbiamo pensare che tra le tante usanze ebraiche c&#8217;era quella secondo cui il capofamiglia doveva lavare le mani dei commensali prima di iniziare la cena pasquale. Inoltre nel mondo ebraico lavare i piedi a qualcuno era una manifestazione di grande <strong>ospitalit\u00e0 e devozione<\/strong>, un gesto che il servo riservava al padrone, o la moglie al marito. Il fatto che in occasione dell&#8217;<a href=\"https:\/\/www.holyart.it\/it\/occasioni-speciali\/pasqua-e-quaresima\/presepe-pasquale\/ultima-cena-presepe-napoletano-13-cm\"><strong>Ultima Cena<\/strong><\/a> sia stato Ges\u00f9 a spogliarsi, cingersi i fianchi con l&#8217;asciugatoio, il telo che veniva usato proprio per questa pratica, e mettersi in ginocchio pone l&#8217;atto della lavanda dei piedi sotto una luce completamente nuova.<\/p>\n<div class=\"link-product\">\n<div class=\"blocco-immagine\"><img loading=\"lazy\" decoding=\"async\" class=\"size-full wp-image-15168 alignleft\" src=\"https:\/\/blog.holyart.it\/it\/wp-content\/uploads\/sites\/17\/2022\/04\/ultima-cena-presepe-napoletano-13-cm.jpg\" alt=\"ultima cena presepe napoletano 13 cm\" width=\"100\" height=\"100\" data-kale-share-title=\"La lavanda dei piedi, il gesto simbolo dell\u2019amore di Dio\" data-kale-share-url=\"https:\/\/blog.holyart.it\/it\/?p=15166\" \/><\/div>\n<div class=\"blocco-contenuto\">\n<div class=\"blocco-acquista\">Acquista su Holyart:<\/div>\n<div class=\"blocco-titolo\"><a href=\"https:\/\/www.holyart.it\/it\/occasioni-speciali\/pasqua-e-quaresima\/presepe-pasquale\/ultima-cena-presepe-napoletano-13-cm\">Ultima cena presepe napoletano 13 cm<\/a><\/div>\n<div class=\"blocco-descrizione\">Le statuine sono prodotte in Italia, in terracotta, e dipinte a mano, mentre il tavolo \u00e8 di legno con tovaglia di stoffa.<\/div>\n<\/div>\n<\/div>\n<p>Nell&#8217;ultima udienza generale prima di Pasqua del 2021 Papa Francesco ha ricordato che: <em>&#8220;Ges\u00f9 ha sostituito la vittima sacrificale \u2013 l\u2019agnello pasquale \u2013 con s\u00e9 stesso: il suo Corpo e il suo Sangue ci donano la salvezza dalla schiavit\u00f9 del peccato e della morte. La salvezza da ogni schiavit\u00f9 \u00e8 l\u00ec. \u00c8 la sera in cui Egli ci chiede di amarci facendoci servi gli uni degli altri, come ha fatto Lui lavando i piedi dei discepoli.&#8221;<\/em><\/p>\n<h2>Il racconto nel Vangelo di Giovanni<\/h2>\n<p>Ecco in breve come Giovanni nel suo <a href=\"https:\/\/www.holyart.it\/it\/articoli-religiosi\/libri-e-testi-sacri\/vangeli\"><strong>Vangelo<\/strong><\/a> racconta l&#8217;episodio della lavanda dei piedi (Giovanni 13). Ges\u00f9 ha decretato un luogo in cui riunirsi con gli Apostoli. Il signore sapeva che il Suo tempo nel mondo stava per finire e voleva trascorrere i suoi ultimi momenti con coloro i quali aveva amato di pi\u00f9: <em>&#8220;Sapendo che era giunta la Sua ora di passare da questo mondo al Padre, dopo aver amato i Suoi che erano nel mondo, li am\u00f2 sino alla fine&#8221;<\/em> (Giovanni 13, 1). Poi, mentre la cena \u00e8 iniziata e il tradimento di Giuda ha gi\u00e0 innescato <a href=\"https:\/\/www.holyart.it\/blog\/articoli-religiosi\/gli-avvenimenti-della-passione-di-gesu-dallultima-cena-alla-sua-crocifissione\/\"><strong>la serie di tragici eventi<\/strong><\/a> che porteranno al Suo arresto, Ges\u00f9 d\u00e0 loro un grande esempio di umilt\u00e0 e amore fraterno: si alza, si spoglia, si avvolge intorno ai fianchi un asciugatoio, prende un catino e inizia a lavare i piedi agli altri uomini, uno dopo l&#8217;altro.\u00a0Pietro si ribella a quel gesto, stupito, ma Ges\u00f9 gli dice che solo accettandolo potr\u00e0 stare con Lui e condividere con Lui ogni cosa.<\/p>\n<div class=\"link-article\">\n<p><img loading=\"lazy\" decoding=\"async\" class=\"size-full wp-image-15170 alignleft\" src=\"https:\/\/blog.holyart.it\/it\/wp-content\/uploads\/sites\/17\/2022\/04\/passione-di-gesu.jpg\" alt=\"passione di gesu\" width=\"150\" height=\"99\" data-kale-share-title=\"La lavanda dei piedi, il gesto simbolo dell\u2019amore di Dio\" data-kale-share-url=\"https:\/\/blog.holyart.it\/it\/?p=15166\" \/><\/p>\n<div class=\"leggi-anche\">Leggi anche:<\/div>\n<p><strong><a href=\"https:\/\/www.holyart.it\/blog\/articoli-religiosi\/gli-avvenimenti-della-passione-di-gesu-dallultima-cena-alla-sua-crocifissione\/\">Gli avvenimenti della Passione di Ges\u00f9: dall\u2019Ultima Cena alla Sua crocifissione<\/a><\/strong><br \/>\nLa Passione di Ges\u00f9 \u00e8 il momento pi\u00f9 alto e terribile della Sua parabola&#8230;<\/p>\n<\/div>\n<p>Quello che Ges\u00f9 fa \u00e8 mostrare ai suoi discepoli <strong>ci\u00f2 che si aspetta faranno dopo che Lui se ne sar\u00e0 andato<\/strong>, un <strong>donarsi<\/strong> continuo e totale agli altri, vivendo quotidianamente l&#8217;<a href=\"https:\/\/www.holyart.it\/blog\/articoli-religiosi\/fare-lelemosina-e-carita\/\"><strong>amore per il prossimo<\/strong><\/a> e la misericordia di cui Lui \u00e8 stato profeta per il tempo della Sua breve missione sulla terra. Se Lui che \u00e8 Maestro e Signore si abbassa ha un atto cos\u00ec umile, fatto solo per compiacere e accudire un&#8217;altra persona, perch\u00e9 non dovrebbero farlo gli Apostoli e come loro noi tutti? Ges\u00f9 lava i piedi agli Apostoli e diventa <strong>Servum servorum Dei<\/strong>, <em>servitore tra i servitori di Dio<\/em>. Cos\u00ec dice ai Suoi Apostoli: <em>&#8220;In verit\u00e0, in verit\u00e0 vi dico: un servo non \u00e8 pi\u00f9 grande del suo padrone, n\u00e9 un apostolo \u00e8 pi\u00f9 grande di chi lo ha mandato&#8221;<\/em> (Giovanni 13,16).<\/p>\n<div class=\"link-article\">\n<p><img loading=\"lazy\" decoding=\"async\" class=\"size-full wp-image-15169 alignleft\" src=\"https:\/\/blog.holyart.it\/it\/wp-content\/uploads\/sites\/17\/2022\/04\/elemosina.jpg\" alt=\"elemosina\" width=\"150\" height=\"99\" data-kale-share-title=\"La lavanda dei piedi, il gesto simbolo dell\u2019amore di Dio\" data-kale-share-url=\"https:\/\/blog.holyart.it\/it\/?p=15166\" \/><\/p>\n<div class=\"leggi-anche\">Leggi anche:<\/div>\n<p><strong><a href=\"https:\/\/www.holyart.it\/blog\/articoli-religiosi\/fare-lelemosina-e-carita\/\">Fare l\u2019elemosina: \u00e8 carit\u00e0?<\/a><\/strong><br \/>\nL\u2019elemosina ai poveri \u00e8 una manifestazione di misericordia strettamente connessa ai doveri di un buon cristiano. Per certi versi \u00e8&#8230;<\/p>\n<\/div>\n<p>\u00c8 attraverso gesti come questo che si guadagna il <strong>Regno dei Cieli<\/strong>. A <strong>Pietro<\/strong>, che protesta e rifiuta di lasciarsi lavare i piedi, Ges\u00f9 risponde: <em>\u201cSe non ti laver\u00f2, non avrai parte con me\u201d<\/em>, come a sottolineare che <strong>solo seguendolo e imitandolo<\/strong> anche in quei gesti umili i discepoli meriteranno di dividere con lui la gloria che verr\u00e0. Nel Vangelo di Giovanni Ges\u00f9 si rivolge agli Apostoli dopo essersi rialzato e rivestito con queste parole: <em>&#8220;Sapete ci\u00f2 che vi ho fatto? Voi Mi chiamate Maestro e Signore e dite bene, perch\u00e9 lo sono. Se dunque Io, il Signore e il Maestro, ho lavato i vostri piedi, anche voi dovete lavarvi i piedi gli uni gli altri. Vi ho dato infatti l\u2019esempio, perch\u00e9 come ho fatto Io, facciate anche voi&#8221; <\/em>(Giovanni 13,12-15).<\/p>\n<h2>Il rito del Gioved\u00ec Santo<\/h2>\n<p>Per la chiesa cattolica la lavanda dei piedi \u00e8 <strong>simbolo dell&#8217;amore di Dio<\/strong>. Tra i <strong><a href=\"https:\/\/www.holyart.it\/blog\/accessori-liturgia\/i-riti-della-settimana-santa\/\">riti della Settimana Santa<\/a><\/strong> che preparano alla <a href=\"https:\/\/www.holyart.it\/it\/occasioni-speciali\/pasqua-e-quaresima\"><strong>Pasqua<\/strong><\/a> e in particolare tra quelli del Gioved\u00ec Santo c&#8217;\u00e8 la messa vespertina, <em>Messa in cena Domini, <\/em>che rievoca <a href=\"https:\/\/www.holyart.it\/blog\/articoli-religiosi\/lultima-cena-leonardo-da-vinci-storia-di-un-capolavoro\/\"><strong>l&#8217;Ultima Cena di Ges\u00f9<\/strong><\/a> con i suoi discepoli. Il Gioved\u00ec Santo \u00e8 l&#8217;ultimo giorno della <a href=\"https:\/\/www.holyart.it\/blog\/articoli-religiosi\/quaresima-cose-funziona\/\"><strong>Quaresima<\/strong><\/a> e il primo del cosiddetto Triduo Pasquale, i tre giorni pi\u00f9 importanti della Pasqua cristiana, che culminano la <strong>domenica di Pasqua<\/strong> e racchiudono il tempo centrale dell\u2019anno liturgico e alcuni tra i principali misteri legati a Ges\u00f9: l&#8217;<a href=\"https:\/\/www.holyart.it\/it\/occasioni-speciali\/pasqua-e-quaresima\/presepe-pasquale\/ultima-cena-scena-resina-statue-9-cm\"><strong>istituzione dell\u2019eucaristia<\/strong><\/a>, la <a href=\"https:\/\/www.holyart.it\/it\/occasioni-speciali\/pasqua-e-quaresima\/presepe-pasquale\/salita-al-calvario-passione-gesu-statue-9-cm\"><strong>passione<\/strong><\/a>, morte e discesa agli inferi e la <a href=\"https:\/\/www.holyart.it\/it\/occasioni-speciali\/pasqua-e-quaresima\/presepe-pasquale\/statua-resurrezione-gesu-raggiera-resina-9-cm\"><strong>resurrezione<\/strong><\/a>. Oltre all&#8217;istituzione dell&#8217;Eucarestia in occasione del Gioved\u00ec Santo viene compiuta anche la lavanda dei piedi.<\/p>\n<p>La Chiesa cattolica ha praticato <strong>il rito della lavanda dei piedi<\/strong> in molte occasioni e con variazioni, nel corso dei secoli. Praticata nei monasteri la sera del Gioved\u00ec Santo quando giungeva un ospite, come segno di umilt\u00e0 ed emulazione di Ges\u00f9, divenne poi un rito compiuto dal Vescovo, che in occasione di quel giorno Santo lavava i piedi prima ai canonici e poi ai poveri. Successivamente il rito si trasform\u00f2 di nuovo: il Vescovo doveva lavare i piedi a tredici poveri. I cistercensi praticavano la lavanda dei piedi ogni sabato, nei loro monasteri.<\/p>\n<p>Prima che le norme anti Covid-19 limitassero anche le usanze della Chiesa, <a href=\"https:\/\/www.holyart.it\/it\/occasioni-speciali\/papa-francesco\"><strong>Papa Francesco<\/strong><\/a> aveva rivoluzionato il rito della lavanda dei piedi disponendo che anche le donne e poi i non credenti potessero ricevere da lui quel gesto d&#8217;amore fraterno. Del resto Ges\u00f9 disse in occasione dell&#8217;ultima Cena: <em>&#8220;Anche voi dovete lavarvi i piedi gli uni gli altri&#8221; <\/em>(Giovanni 13,14).<\/p>\n<div class=\"sp-styles-warning\" style=\"width: 450px; background-color: #FFF; color: #F00; border: 1px solid #F00; padding: 10px; font-size: 14px;\">\n\t\t\t<span style=\"font-weight: bold;\">Warning: The stylesheets were not loaded!<\/span> \n\t\t\tYou will need to change the <i>Load stylesheets<\/i> setting from <i>Automatically<\/i> to <i>On homepage<\/i> or <i>On all pages<\/i>. \n\t\t\tYou can set that <a style=\"text-decoration: underline; color: #F00;\" href=\"https:\/\/blog.holyart.it\/it\/wp-admin\/admin.php?page=sliderpro-settings\">here<\/a>.\n\t\t\t<\/div>\r\n<div id=\"slider-pro-132\" class=\"slider-pro sp-no-js\" style=\"width: 500px; height: 500px;\">\r\n\t<div class=\"sp-slides\">\r\n\t\t\r\n\t\t<div class=\"sp-slide\">\r\n\t\t\t<img loading=\"lazy\" decoding=\"async\" class=\"sp-image\" src=\"https:\/\/blog.holyart.it\/it\/wp-content\/uploads\/sites\/17\/2022\/04\/ultima-cena-500x500.jpg\" alt=\"ultima cena\" width=\"500\" height=\"500\" \/>\r\n\t\t\t<div class=\"sp-thumbnail\"><a class=\"\" href=\"https:\/\/www.holyart.it\/it\/occasioni-speciali\/pasqua-e-quaresima\/presepe-pasquale\/ultima-cena-scena-resina-statue-9-cm\">\r\n\t\t\t\t<img decoding=\"async\" src=\"https:\/\/blog.holyart.it\/it\/wp-content\/uploads\/sites\/17\/2022\/04\/ultima-cena-150x150.jpg\" alt=\"ultima cena\" \/>\r\n\t\t\t<\/a>\r\n\t\t\t<\/div>\r\n\t\t\t<div class=\"sp-caption\">Ultima Cena scena resina statue 9 cm. <br \/><strong><a href=\"https:\/\/www.holyart.it\/it\/occasioni-speciali\/pasqua-e-quaresima\/presepe-pasquale\/ultima-cena-scena-resina-statue-9-cm\">Acquista su Holyart<\/a><\/strong><\/div>\r\n\t\t<\/div>\r\n\t\t<div class=\"sp-slide\">\r\n\t\t\t<img loading=\"lazy\" decoding=\"async\" class=\"sp-image\" src=\"https:\/\/blog.holyart.it\/it\/wp-content\/uploads\/sites\/17\/2022\/04\/lavanda-dei-piedi-500x500.jpg\" alt=\"lavanda dei piedi\" width=\"500\" height=\"500\" \/>\r\n\t\t\t<div class=\"sp-thumbnail\"><a class=\"\" href=\"https:\/\/www.holyart.it\/it\/occasioni-speciali\/pasqua-e-quaresima\/presepe-pasquale\/scena-lavanda-dei-piedi-gesu-ultima-cena-9-cm\">\r\n\t\t\t\t<img decoding=\"async\" src=\"https:\/\/blog.holyart.it\/it\/wp-content\/uploads\/sites\/17\/2022\/04\/lavanda-dei-piedi-150x150.jpg\" alt=\"lavanda dei piedi\" \/>\r\n\t\t\t<\/a>\r\n\t\t\t<\/div>\r\n\t\t\t<div class=\"sp-caption\">Scena lavanda dei piedi Ges\u00f9 Ultima Cena 9 cm. <br \/><strong><a href=\"https:\/\/www.holyart.it\/it\/occasioni-speciali\/pasqua-e-quaresima\/presepe-pasquale\/scena-lavanda-dei-piedi-gesu-ultima-cena-9-cm\">Acquista su Holyart<\/a><\/strong><\/div>\r\n\t\t<\/div>\r\n\t\t<div class=\"sp-slide\">\r\n\t\t\t<img loading=\"lazy\" decoding=\"async\" class=\"sp-image\" src=\"https:\/\/blog.holyart.it\/it\/wp-content\/uploads\/sites\/17\/2022\/04\/passione-e-salita-al-calvario-500x500.jpg\" alt=\"passione e salita al calvario\" width=\"500\" height=\"500\" \/>\r\n\t\t\t<div class=\"sp-thumbnail\"><a class=\"\" href=\"https:\/\/www.holyart.it\/it\/occasioni-speciali\/pasqua-e-quaresima\/presepe-pasquale\/salita-al-calvario-passione-gesu-statue-9-cm\">\r\n\t\t\t\t<img decoding=\"async\" src=\"https:\/\/blog.holyart.it\/it\/wp-content\/uploads\/sites\/17\/2022\/04\/passione-e-salita-al-calvario-150x150.jpg\" alt=\"passione e salita al calvario\" \/>\r\n\t\t\t<\/a>\r\n\t\t\t<\/div>\r\n\t\t\t<div class=\"sp-caption\">Salita al Calvario passione Ges\u00f9 statue 9 cm. <br \/><strong><a href=\"https:\/\/www.holyart.it\/it\/occasioni-speciali\/pasqua-e-quaresima\/presepe-pasquale\/salita-al-calvario-passione-gesu-statue-9-cm\">Acquista su Holyart<\/a><\/strong><\/div>\r\n\t\t<\/div>\r\n\t\t<div class=\"sp-slide\">\r\n\t\t\t<img loading=\"lazy\" decoding=\"async\" class=\"sp-image\" src=\"https:\/\/blog.holyart.it\/it\/wp-content\/uploads\/sites\/17\/2022\/04\/resurrezione-gesu-500x500.jpg\" alt=\"resurrezione ges\u00f9\" width=\"500\" height=\"500\" \/>\r\n\t\t\t<div class=\"sp-thumbnail\"><a class=\"\" href=\"https:\/\/www.holyart.it\/it\/occasioni-speciali\/pasqua-e-quaresima\/presepe-pasquale\/statua-resurrezione-gesu-raggiera-resina-9-cm\">\r\n\t\t\t\t<img decoding=\"async\" src=\"https:\/\/blog.holyart.it\/it\/wp-content\/uploads\/sites\/17\/2022\/04\/resurrezione-gesu-150x150.jpg\" alt=\"resurrezione ges\u00f9\" \/>\r\n\t\t\t<\/a>\r\n\t\t\t<\/div>\r\n\t\t\t<div class=\"sp-caption\">Statua Resurrezione Ges\u00f9 raggiera resina 9 cm. <br \/><strong><a href=\"https:\/\/www.holyart.it\/it\/occasioni-speciali\/pasqua-e-quaresima\/presepe-pasquale\/statua-resurrezione-gesu-raggiera-resina-9-cm\">Acquista su Holyart<\/a><\/strong><\/div>\r\n\t\t<\/div>\r\n\t<\/div>\r\n<\/div>\n","protected":false},"excerpt":{"rendered":"<p>La lavanda dei piedi \u00e8 uno dei massimi gesti d&#8217;amore di Dio. Ecco come avvenne e come si ripete ogni anno tra i riti del Gioved\u00ec Santo C&#8217;\u00e8 un episodio particolare che viene raccontato solo in uno dei quattro Vangeli. Si tratta della lavanda dei&hellip;<\/p>\n","protected":false},"author":1,"featured_media":15182,"comment_status":"closed","ping_status":"open","sticky":false,"template":"","format":"standard","meta":{"_acf_changed":false,"footnotes":""},"categories":[26,16],"tags":[],"class_list":["post-15166","post","type-post","status-publish","format-standard","has-post-thumbnail","hentry","category-pasqua","category-articoli-religiosi"],"acf":[],"yoast_head":"<!-- This site is optimized with the Yoast SEO plugin v26.6 - https:\/\/yoast.com\/wordpress\/plugins\/seo\/ -->\n<title>La lavanda dei piedi, il gesto simbolo dell\u2019amore di Dio - Holyblog<\/title>\n<meta name=\"description\" content=\"Con la lavanda dei piedi Ges\u00f9 lascia i suoi Apostoli con un gesto di grande amore e umilt\u00e0, ma anche un esempio da seguire e diffondere\" \/>\n<meta name=\"robots\" content=\"index, follow, max-snippet:-1, max-image-preview:large, max-video-preview:-1\" \/>\n<link rel=\"canonical\" href=\"https:\/\/blog.holyart.it\/it\/pasqua\/la-lavanda-dei-piedi-il-gesto-simbolo-dellamore-di-dio\/\" \/>\n<meta property=\"og:locale\" content=\"it_IT\" \/>\n<meta property=\"og:type\" content=\"article\" \/>\n<meta property=\"og:title\" content=\"La lavanda dei piedi, il gesto simbolo dell\u2019amore di Dio - Holyblog\" \/>\n<meta property=\"og:description\" content=\"Con la lavanda dei piedi Ges\u00f9 lascia i suoi Apostoli con un gesto di grande amore e umilt\u00e0, ma anche un esempio da seguire e diffondere\" \/>\n<meta property=\"og:url\" content=\"https:\/\/blog.holyart.it\/it\/pasqua\/la-lavanda-dei-piedi-il-gesto-simbolo-dellamore-di-dio\/\" \/>\n<meta property=\"og:site_name\" content=\"Holyblog\" \/>\n<meta property=\"article:published_time\" content=\"2022-04-11T10:30:23+00:00\" \/>\n<meta property=\"article:modified_time\" content=\"2026-03-06T14:58:38+00:00\" \/>\n<meta property=\"og:image\" content=\"https:\/\/blog.holyart.it\/it\/wp-content\/uploads\/sites\/17\/2022\/04\/lavanda-dei-piedi.jpg\" \/>\n\t<meta property=\"og:image:width\" content=\"1000\" \/>\n\t<meta property=\"og:image:height\" content=\"666\" \/>\n\t<meta property=\"og:image:type\" content=\"image\/jpeg\" \/>\n<meta name=\"author\" content=\"Redazione\" \/>\n<meta name=\"twitter:card\" content=\"summary_large_image\" \/>\n<meta name=\"twitter:label1\" content=\"Scritto da\" \/>\n\t<meta name=\"twitter:data1\" content=\"Redazione\" \/>\n\t<meta name=\"twitter:label2\" content=\"Tempo di lettura stimato\" \/>\n\t<meta name=\"twitter:data2\" content=\"7 minuti\" \/>\n<script type=\"application\/ld+json\" class=\"yoast-schema-graph\">{\"@context\":\"https:\/\/schema.org\",\"@graph\":[{\"@type\":\"Article\",\"@id\":\"https:\/\/blog.holyart.it\/it\/pasqua\/la-lavanda-dei-piedi-il-gesto-simbolo-dellamore-di-dio\/#article\",\"isPartOf\":{\"@id\":\"https:\/\/blog.holyart.it\/it\/pasqua\/la-lavanda-dei-piedi-il-gesto-simbolo-dellamore-di-dio\/\"},\"author\":{\"name\":\"Redazione\",\"@id\":\"https:\/\/blog.holyart.it\/it\/#\/schema\/person\/0a7b686e5af0f856ec1e390dd0baecda\"},\"headline\":\"La lavanda dei piedi, il gesto simbolo dell\u2019amore di Dio\",\"datePublished\":\"2022-04-11T10:30:23+00:00\",\"dateModified\":\"2026-03-06T14:58:38+00:00\",\"mainEntityOfPage\":{\"@id\":\"https:\/\/blog.holyart.it\/it\/pasqua\/la-lavanda-dei-piedi-il-gesto-simbolo-dellamore-di-dio\/\"},\"wordCount\":1116,\"publisher\":{\"@id\":\"https:\/\/blog.holyart.it\/it\/#organization\"},\"image\":{\"@id\":\"https:\/\/blog.holyart.it\/it\/pasqua\/la-lavanda-dei-piedi-il-gesto-simbolo-dellamore-di-dio\/#primaryimage\"},\"thumbnailUrl\":\"https:\/\/blog.holyart.it\/it\/wp-content\/uploads\/sites\/17\/2022\/04\/lavanda-dei-piedi.jpg\",\"articleSection\":[\"Pasqua\",\"Religione\"],\"inLanguage\":\"it-IT\"},{\"@type\":\"WebPage\",\"@id\":\"https:\/\/blog.holyart.it\/it\/pasqua\/la-lavanda-dei-piedi-il-gesto-simbolo-dellamore-di-dio\/\",\"url\":\"https:\/\/blog.holyart.it\/it\/pasqua\/la-lavanda-dei-piedi-il-gesto-simbolo-dellamore-di-dio\/\",\"name\":\"La lavanda dei piedi, il gesto simbolo dell\u2019amore di Dio - Holyblog\",\"isPartOf\":{\"@id\":\"https:\/\/blog.holyart.it\/it\/#website\"},\"primaryImageOfPage\":{\"@id\":\"https:\/\/blog.holyart.it\/it\/pasqua\/la-lavanda-dei-piedi-il-gesto-simbolo-dellamore-di-dio\/#primaryimage\"},\"image\":{\"@id\":\"https:\/\/blog.holyart.it\/it\/pasqua\/la-lavanda-dei-piedi-il-gesto-simbolo-dellamore-di-dio\/#primaryimage\"},\"thumbnailUrl\":\"https:\/\/blog.holyart.it\/it\/wp-content\/uploads\/sites\/17\/2022\/04\/lavanda-dei-piedi.jpg\",\"datePublished\":\"2022-04-11T10:30:23+00:00\",\"dateModified\":\"2026-03-06T14:58:38+00:00\",\"description\":\"Con la lavanda dei piedi Ges\u00f9 lascia i suoi Apostoli con un gesto di grande amore e umilt\u00e0, ma anche un esempio da seguire e diffondere\",\"breadcrumb\":{\"@id\":\"https:\/\/blog.holyart.it\/it\/pasqua\/la-lavanda-dei-piedi-il-gesto-simbolo-dellamore-di-dio\/#breadcrumb\"},\"inLanguage\":\"it-IT\",\"potentialAction\":[{\"@type\":\"ReadAction\",\"target\":[\"https:\/\/blog.holyart.it\/it\/pasqua\/la-lavanda-dei-piedi-il-gesto-simbolo-dellamore-di-dio\/\"]}]},{\"@type\":\"ImageObject\",\"inLanguage\":\"it-IT\",\"@id\":\"https:\/\/blog.holyart.it\/it\/pasqua\/la-lavanda-dei-piedi-il-gesto-simbolo-dellamore-di-dio\/#primaryimage\",\"url\":\"https:\/\/blog.holyart.it\/it\/wp-content\/uploads\/sites\/17\/2022\/04\/lavanda-dei-piedi.jpg\",\"contentUrl\":\"https:\/\/blog.holyart.it\/it\/wp-content\/uploads\/sites\/17\/2022\/04\/lavanda-dei-piedi.jpg\",\"width\":1000,\"height\":666,\"caption\":\"lavanda dei piedi\"},{\"@type\":\"BreadcrumbList\",\"@id\":\"https:\/\/blog.holyart.it\/it\/pasqua\/la-lavanda-dei-piedi-il-gesto-simbolo-dellamore-di-dio\/#breadcrumb\",\"itemListElement\":[{\"@type\":\"ListItem\",\"position\":1,\"name\":\"Homepage\",\"item\":\"https:\/\/blog.holyart.it\/it\/\"},{\"@type\":\"ListItem\",\"position\":2,\"name\":\"Pasqua\",\"item\":\"https:\/\/blog.holyart.it\/it\/pasqua\/\"},{\"@type\":\"ListItem\",\"position\":3,\"name\":\"La lavanda dei piedi, il gesto simbolo dell\u2019amore di Dio\"}]},{\"@type\":\"WebSite\",\"@id\":\"https:\/\/blog.holyart.it\/it\/#website\",\"url\":\"https:\/\/blog.holyart.it\/it\/\",\"name\":\"Holyblog\",\"description\":\"Il Blog di Holyart.it\",\"publisher\":{\"@id\":\"https:\/\/blog.holyart.it\/it\/#organization\"},\"potentialAction\":[{\"@type\":\"SearchAction\",\"target\":{\"@type\":\"EntryPoint\",\"urlTemplate\":\"https:\/\/blog.holyart.it\/it\/?s={search_term_string}\"},\"query-input\":{\"@type\":\"PropertyValueSpecification\",\"valueRequired\":true,\"valueName\":\"search_term_string\"}}],\"inLanguage\":\"it-IT\"},{\"@type\":\"Organization\",\"@id\":\"https:\/\/blog.holyart.it\/it\/#organization\",\"name\":\"Holyblog\",\"url\":\"https:\/\/blog.holyart.it\/it\/\",\"logo\":{\"@type\":\"ImageObject\",\"inLanguage\":\"it-IT\",\"@id\":\"https:\/\/blog.holyart.it\/it\/#\/schema\/logo\/image\/\",\"url\":\"https:\/\/blog.holyart.it\/it\/wp-content\/uploads\/sites\/17\/2022\/12\/Holyart_Blog_Logo.jpg\",\"contentUrl\":\"https:\/\/blog.holyart.it\/it\/wp-content\/uploads\/sites\/17\/2022\/12\/Holyart_Blog_Logo.jpg\",\"width\":300,\"height\":50,\"caption\":\"Holyblog\"},\"image\":{\"@id\":\"https:\/\/blog.holyart.it\/it\/#\/schema\/logo\/image\/\"}},{\"@type\":\"Person\",\"@id\":\"https:\/\/blog.holyart.it\/it\/#\/schema\/person\/0a7b686e5af0f856ec1e390dd0baecda\",\"name\":\"Redazione\"}]}<\/script>\n<!-- \/ Yoast SEO plugin. -->","yoast_head_json":{"title":"La lavanda dei piedi, il gesto simbolo dell\u2019amore di Dio - Holyblog","description":"Con la lavanda dei piedi Ges\u00f9 lascia i suoi Apostoli con un gesto di grande amore e umilt\u00e0, ma anche un esempio da seguire e diffondere","robots":{"index":"index","follow":"follow","max-snippet":"max-snippet:-1","max-image-preview":"max-image-preview:large","max-video-preview":"max-video-preview:-1"},"canonical":"https:\/\/blog.holyart.it\/it\/pasqua\/la-lavanda-dei-piedi-il-gesto-simbolo-dellamore-di-dio\/","og_locale":"it_IT","og_type":"article","og_title":"La lavanda dei piedi, il gesto simbolo dell\u2019amore di Dio - Holyblog","og_description":"Con la lavanda dei piedi Ges\u00f9 lascia i suoi Apostoli con un gesto di grande amore e umilt\u00e0, ma anche un esempio da seguire e diffondere","og_url":"https:\/\/blog.holyart.it\/it\/pasqua\/la-lavanda-dei-piedi-il-gesto-simbolo-dellamore-di-dio\/","og_site_name":"Holyblog","article_published_time":"2022-04-11T10:30:23+00:00","article_modified_time":"2026-03-06T14:58:38+00:00","og_image":[{"width":1000,"height":666,"url":"https:\/\/blog.holyart.it\/it\/wp-content\/uploads\/sites\/17\/2022\/04\/lavanda-dei-piedi.jpg","type":"image\/jpeg"}],"author":"Redazione","twitter_card":"summary_large_image","twitter_misc":{"Scritto da":"Redazione","Tempo di lettura stimato":"7 minuti"},"schema":{"@context":"https:\/\/schema.org","@graph":[{"@type":"Article","@id":"https:\/\/blog.holyart.it\/it\/pasqua\/la-lavanda-dei-piedi-il-gesto-simbolo-dellamore-di-dio\/#article","isPartOf":{"@id":"https:\/\/blog.holyart.it\/it\/pasqua\/la-lavanda-dei-piedi-il-gesto-simbolo-dellamore-di-dio\/"},"author":{"name":"Redazione","@id":"https:\/\/blog.holyart.it\/it\/#\/schema\/person\/0a7b686e5af0f856ec1e390dd0baecda"},"headline":"La lavanda dei piedi, il gesto simbolo dell\u2019amore di Dio","datePublished":"2022-04-11T10:30:23+00:00","dateModified":"2026-03-06T14:58:38+00:00","mainEntityOfPage":{"@id":"https:\/\/blog.holyart.it\/it\/pasqua\/la-lavanda-dei-piedi-il-gesto-simbolo-dellamore-di-dio\/"},"wordCount":1116,"publisher":{"@id":"https:\/\/blog.holyart.it\/it\/#organization"},"image":{"@id":"https:\/\/blog.holyart.it\/it\/pasqua\/la-lavanda-dei-piedi-il-gesto-simbolo-dellamore-di-dio\/#primaryimage"},"thumbnailUrl":"https:\/\/blog.holyart.it\/it\/wp-content\/uploads\/sites\/17\/2022\/04\/lavanda-dei-piedi.jpg","articleSection":["Pasqua","Religione"],"inLanguage":"it-IT"},{"@type":"WebPage","@id":"https:\/\/blog.holyart.it\/it\/pasqua\/la-lavanda-dei-piedi-il-gesto-simbolo-dellamore-di-dio\/","url":"https:\/\/blog.holyart.it\/it\/pasqua\/la-lavanda-dei-piedi-il-gesto-simbolo-dellamore-di-dio\/","name":"La lavanda dei piedi, il gesto simbolo dell\u2019amore di Dio - Holyblog","isPartOf":{"@id":"https:\/\/blog.holyart.it\/it\/#website"},"primaryImageOfPage":{"@id":"https:\/\/blog.holyart.it\/it\/pasqua\/la-lavanda-dei-piedi-il-gesto-simbolo-dellamore-di-dio\/#primaryimage"},"image":{"@id":"https:\/\/blog.holyart.it\/it\/pasqua\/la-lavanda-dei-piedi-il-gesto-simbolo-dellamore-di-dio\/#primaryimage"},"thumbnailUrl":"https:\/\/blog.holyart.it\/it\/wp-content\/uploads\/sites\/17\/2022\/04\/lavanda-dei-piedi.jpg","datePublished":"2022-04-11T10:30:23+00:00","dateModified":"2026-03-06T14:58:38+00:00","description":"Con la lavanda dei piedi Ges\u00f9 lascia i suoi Apostoli con un gesto di grande amore e umilt\u00e0, ma anche un esempio da seguire e diffondere","breadcrumb":{"@id":"https:\/\/blog.holyart.it\/it\/pasqua\/la-lavanda-dei-piedi-il-gesto-simbolo-dellamore-di-dio\/#breadcrumb"},"inLanguage":"it-IT","potentialAction":[{"@type":"ReadAction","target":["https:\/\/blog.holyart.it\/it\/pasqua\/la-lavanda-dei-piedi-il-gesto-simbolo-dellamore-di-dio\/"]}]},{"@type":"ImageObject","inLanguage":"it-IT","@id":"https:\/\/blog.holyart.it\/it\/pasqua\/la-lavanda-dei-piedi-il-gesto-simbolo-dellamore-di-dio\/#primaryimage","url":"https:\/\/blog.holyart.it\/it\/wp-content\/uploads\/sites\/17\/2022\/04\/lavanda-dei-piedi.jpg","contentUrl":"https:\/\/blog.holyart.it\/it\/wp-content\/uploads\/sites\/17\/2022\/04\/lavanda-dei-piedi.jpg","width":1000,"height":666,"caption":"lavanda dei piedi"},{"@type":"BreadcrumbList","@id":"https:\/\/blog.holyart.it\/it\/pasqua\/la-lavanda-dei-piedi-il-gesto-simbolo-dellamore-di-dio\/#breadcrumb","itemListElement":[{"@type":"ListItem","position":1,"name":"Homepage","item":"https:\/\/blog.holyart.it\/it\/"},{"@type":"ListItem","position":2,"name":"Pasqua","item":"https:\/\/blog.holyart.it\/it\/pasqua\/"},{"@type":"ListItem","position":3,"name":"La lavanda dei piedi, il gesto simbolo dell\u2019amore di Dio"}]},{"@type":"WebSite","@id":"https:\/\/blog.holyart.it\/it\/#website","url":"https:\/\/blog.holyart.it\/it\/","name":"Holyblog","description":"Il Blog di Holyart.it","publisher":{"@id":"https:\/\/blog.holyart.it\/it\/#organization"},"potentialAction":[{"@type":"SearchAction","target":{"@type":"EntryPoint","urlTemplate":"https:\/\/blog.holyart.it\/it\/?s={search_term_string}"},"query-input":{"@type":"PropertyValueSpecification","valueRequired":true,"valueName":"search_term_string"}}],"inLanguage":"it-IT"},{"@type":"Organization","@id":"https:\/\/blog.holyart.it\/it\/#organization","name":"Holyblog","url":"https:\/\/blog.holyart.it\/it\/","logo":{"@type":"ImageObject","inLanguage":"it-IT","@id":"https:\/\/blog.holyart.it\/it\/#\/schema\/logo\/image\/","url":"https:\/\/blog.holyart.it\/it\/wp-content\/uploads\/sites\/17\/2022\/12\/Holyart_Blog_Logo.jpg","contentUrl":"https:\/\/blog.holyart.it\/it\/wp-content\/uploads\/sites\/17\/2022\/12\/Holyart_Blog_Logo.jpg","width":300,"height":50,"caption":"Holyblog"},"image":{"@id":"https:\/\/blog.holyart.it\/it\/#\/schema\/logo\/image\/"}},{"@type":"Person","@id":"https:\/\/blog.holyart.it\/it\/#\/schema\/person\/0a7b686e5af0f856ec1e390dd0baecda","name":"Redazione"}]}},"_links":{"self":[{"href":"https:\/\/blog.holyart.it\/it\/wp-json\/wp\/v2\/posts\/15166","targetHints":{"allow":["GET"]}}],"collection":[{"href":"https:\/\/blog.holyart.it\/it\/wp-json\/wp\/v2\/posts"}],"about":[{"href":"https:\/\/blog.holyart.it\/it\/wp-json\/wp\/v2\/types\/post"}],"author":[{"embeddable":true,"href":"https:\/\/blog.holyart.it\/it\/wp-json\/wp\/v2\/users\/1"}],"replies":[{"embeddable":true,"href":"https:\/\/blog.holyart.it\/it\/wp-json\/wp\/v2\/comments?post=15166"}],"version-history":[{"count":1,"href":"https:\/\/blog.holyart.it\/it\/wp-json\/wp\/v2\/posts\/15166\/revisions"}],"predecessor-version":[{"id":17467,"href":"https:\/\/blog.holyart.it\/it\/wp-json\/wp\/v2\/posts\/15166\/revisions\/17467"}],"wp:featuredmedia":[{"embeddable":true,"href":"https:\/\/blog.holyart.it\/it\/wp-json\/wp\/v2\/media\/15182"}],"wp:attachment":[{"href":"https:\/\/blog.holyart.it\/it\/wp-json\/wp\/v2\/media?parent=15166"}],"wp:term":[{"taxonomy":"category","embeddable":true,"href":"https:\/\/blog.holyart.it\/it\/wp-json\/wp\/v2\/categories?post=15166"},{"taxonomy":"post_tag","embeddable":true,"href":"https:\/\/blog.holyart.it\/it\/wp-json\/wp\/v2\/tags?post=15166"}],"curies":[{"name":"wp","href":"https:\/\/api.w.org\/{rel}","templated":true}]}}