{"id":15076,"date":"2022-04-04T12:30:54","date_gmt":"2022-04-04T10:30:54","guid":{"rendered":"https:\/\/blog.holyart.it\/it\/?p=15076"},"modified":"2026-03-10T15:13:09","modified_gmt":"2026-03-10T14:13:09","slug":"domenica-delle-palme-storia-e-significato-della-festa","status":"publish","type":"post","link":"https:\/\/blog.holyart.it\/it\/pasqua\/domenica-delle-palme-storia-e-significato-della-festa\/","title":{"rendered":"Domenica delle Palme: storia e significato della festa"},"content":{"rendered":"<h4>La Domenica delle Palme \u00e8 l&#8217;ultima domenica prima di Pasqua. Con essa inizia la Settimana Santa. Ecco cosa si celebra e come.<\/h4>\n\n<p>A chiunque tra noi sia cresciuto in una famiglia cattolica sar\u00e0 capitato da bambino di essere portato in chiesa la Domenica delle Palme e di ricevere un rametto di ulivo benedetto dal sacerdote. Quel rametto, portato a casa, veniva poi appeso da qualche parte, e conservato, come segno di pace e fede per la casa e chi l&#8217;abitava. Naturalmente da bambini non potevamo sapere quanto antica fosse l&#8217;origine di questa usanza, collegata a un&#8217;ancora pi\u00f9 antica tradizione ebraica che coincideva con il <em>Sukkot<\/em>, la <strong>\u201cfesta delle capanne\u201d<\/strong>. Si tratta di una festa di pellegrinaggio, una delle pi\u00f9 importanti per gli ebrei ancora oggi. Rievoca il viaggio del popolo ebraico nel deserto verso la Terra Promessa, quando vivevano in capanne (la parola ebraica sukah significa &#8220;capanna&#8221; e &#8220;sukoth&#8221; \u00e8 il plurale). Per celebrare questa festa gli ebrei si recavano in <strong>pellegrinaggio al tempio di Gerusalemme<\/strong> portando in offerta un mazzetto composta da quattro diverse piante: palma, cedro, tre rami di mirto e due di salice legati assieme con la canapa.<\/p>\n<div class=\"link-product\">\n<div class=\"blocco-immagine\"><img loading=\"lazy\" decoding=\"async\" class=\"size-full wp-image-15077 alignleft\" src=\"https:\/\/blog.holyart.it\/it\/wp-content\/uploads\/sites\/17\/2022\/03\/scena-ingresso-a-gerusalemme-di-gesu-resina-9-cm-1.jpg\" alt=\"scena ingresso a gerusalemme di gesu resina 9 cm\" width=\"100\" height=\"100\" data-kale-share-title=\"Domenica delle Palme: storia e significato della festa\" data-kale-share-url=\"https:\/\/blog.holyart.it\/it\/?p=15076\" \/><\/div>\n<div class=\"blocco-contenuto\">\n<div class=\"blocco-acquista\">Acquista su Holyart:<\/div>\n<div class=\"blocco-titolo\"><a href=\"https:\/\/www.holyart.it\/it\/occasioni-speciali\/pasqua-e-quaresima\/presepe-pasquale\/scena-ingresso-a-gerusalemme-di-gesu-resina-9-cm\">Scena Ingresso a Gerusalemme di Ges\u00f9 resina 9 cm<\/a><\/div>\n<div class=\"blocco-descrizione\">Scena di Ges\u00f9 su un asino che fa l&#8217;ingresso a Gerusalemme con pastore. Ideale per comporre il proprio presepe pasquale.<\/div>\n<\/div>\n<\/div>\n<p>Sempre da bambini non potevamo nemmeno sapere che la Messa delle Palme ricorda <a href=\"https:\/\/www.holyart.it\/it\/occasioni-speciali\/pasqua-e-quaresima\/presepe-pasquale\/scena-ingresso-a-gerusalemme-di-gesu-resina-9-cm\"><strong>l&#8217;entrata trionfale di Ges\u00f9 a Gerusalemme<\/strong><\/a>, raccontato in tutti e quattro i Vangeli canonici. In particolare, Giovanni (Giovanni 12,12-13) scrive che l&#8217;arrivo di Ges\u00f9 venne accolto da una <strong>folla che sventolava rami di palma<\/strong>, mentre Matteo e Marco parlano pi\u00f9 in generale di rami di alberi e fronde prese dai campi e Luca non menziona nulla in particolare.<br \/>\nDa questo avvenimento fondamentale, che ebbe luogo <strong>cinque giorni prima della morte di Ges\u00f9<\/strong>, nasce la celebrazione della Domenica delle Palme, in occasione della quale il sacerdote benedice i rami di palma, o i rami di ulivo alle nostre latitudini, e li distribuisce ai fedeli perch\u00e9 portino a casa e li conservino come <a href=\"https:\/\/www.holyart.it\/blog\/articoli-religiosi\/la-colomba-nelliconografia-cristiana\/\"><strong>simbolo di pace<\/strong><\/a>.<\/p>\n<div class=\"link-article\">\n<p><img loading=\"lazy\" decoding=\"async\" class=\"size-thumbnail wp-image-15078 alignleft\" src=\"https:\/\/blog.holyart.it\/it\/wp-content\/uploads\/sites\/17\/2022\/03\/La-colomba-nelliconografia-cristiana-1-150x100.jpg\" alt=\"La colomba nell'iconografia cristiana\" width=\"150\" height=\"100\" data-kale-share-title=\"Domenica delle Palme: storia e significato della festa\" data-kale-share-url=\"https:\/\/blog.holyart.it\/it\/?p=15076\" \/><\/p>\n<div class=\"leggi-anche\">Leggi anche:<\/div>\n<p><strong><a href=\"https:\/\/www.holyart.it\/blog\/articoli-religiosi\/la-colomba-nelliconografia-cristiana\/\">La colomba della pace nell\u2019iconografia cristiana<\/a><\/strong><br \/>\nLa colomba della pace, simbolo antico, ispira gli uomini a ripudiare la guerra dal Diluvio universale ai giorni nostri&#8230;<\/p>\n<\/div>\n<h2>La liturgia della Domenica delle Palme<\/h2>\n<p>La Domenica delle Palme segna l&#8217;inizio della <a href=\"https:\/\/www.holyart.it\/blog\/accessori-liturgia\/i-riti-della-settimana-santa\/\"><strong>Settimana Santa<\/strong><\/a>, che si sovrappone alla Quaresima. Solo con la celebrazione dell&#8217;ora nona del Gioved\u00ec Santo la Quaresima sar\u00e0 finita e si entrer\u00e0 a tutti gli effetti nel <strong>Triduo pasquale<\/strong>, memoriale della Passione, Morte e Risurrezione di Cristo.<\/p>\n<p>In occasione della Domenica delle Palme a messa si legge il <em>passio<\/em>, il<strong> racconto della Passione di Cristo<\/strong> desunto dai Vangeli di Marco, Luca o Matteo, a seconda dell&#8217;anno liturgico in corso.\u00a0La lettura viene fatta da <strong>tre persone diverse<\/strong>, che impersonano Ges\u00f9, il cronista e il popolo. Prima di arrivare in chiesa i fedeli si radunano nella piazza o nel sagrato, dove il sacerdote benedice e distribuisce i <strong>rami di ulivo<\/strong>. Dove possibile si svolge anche una <strong>processione<\/strong>.<\/p>\n<div class=\"link-article\">\n<p><img loading=\"lazy\" decoding=\"async\" class=\"size-thumbnail wp-image-15079 alignleft\" src=\"https:\/\/blog.holyart.it\/it\/wp-content\/uploads\/sites\/17\/2022\/03\/riti-settimana-santa-1-150x99.jpg\" alt=\"riti settimana santa\" width=\"150\" height=\"99\" data-kale-share-title=\"Domenica delle Palme: storia e significato della festa\" data-kale-share-url=\"https:\/\/blog.holyart.it\/it\/?p=15076\" \/><\/p>\n<div class=\"leggi-anche\">Leggi anche:<\/div>\n<p><strong><a href=\"https:\/\/www.holyart.it\/blog\/accessori-liturgia\/i-riti-della-settimana-santa\/\">I riti della Settimana Santa<\/a><\/strong><br \/>\nLa Pasqua \u00e8 la festa pi\u00f9 importante per i cristiani e viene celebrata in tutto il mondo. I riti che la contraddistinguono&#8230;<\/p>\n<\/div>\n<p>Oltre alla liturgia vera e propria, ci sono molte usanze legate ai rametti d&#8217;ulivo distribuiti la Domenica delle Palme, come quello che prevede che il giorno di Pasqua usi un rametto d&#8217;ulivo intinto nell\u2019acqua santa per benedire la tavola.<\/p>\n<h2>Ingresso di Ges\u00f9 a Gerusalemme<\/h2>\n<p>L&#8217;ingresso di Ges\u00f9 a Gerusalemme che d\u00e0 origine alla tradizione della Festa delle palme \u00e8 descritto in tutti i quattro vangeli canonici: Matteo 21,1-11, Marco 11,1-11, Luca 19,28-44 e Giovanni 12,12-19. Secondo Giovanni l&#8217;ingresso di Ges\u00f9 a Gerusalemme ebbe luogo al quinto giorno prima della <a href=\"https:\/\/www.holyart.it\/blog\/occasioni-speciali\/come-si-calcola-la-pasqua-cristiana-ebraica-e-ortodossa\/\"><strong>Pasqua ebraica<\/strong><\/a>, il giorno 10 del mese di Nisan. Si trattava del giorno deputato a prendere l&#8217;agnello da sacrificare a Pasqua, ed \u00e8 emblematico che l&#8217;evangelista abbia scelto proprio quel giorno, considerando quanto ricorra nel suo Vangelo il tema di <strong>Ges\u00f9 agnello di Dio<\/strong>. Gli altri Vangeli non indicano una data precisa, limitandosi a dire che si era vicini a Pasqua.<\/p>\n<div class=\"link-article\">\n<p><img loading=\"lazy\" decoding=\"async\" class=\"size-thumbnail wp-image-15080 alignleft\" src=\"https:\/\/blog.holyart.it\/it\/wp-content\/uploads\/sites\/17\/2022\/03\/Pasqua-calendario-1-150x99.jpeg\" alt=\"come si calcola la pasqua\" width=\"150\" height=\"99\" data-kale-share-title=\"Domenica delle Palme: storia e significato della festa\" data-kale-share-url=\"https:\/\/blog.holyart.it\/it\/?p=15076\" \/><\/p>\n<div class=\"leggi-anche\">Leggi anche:<\/div>\n<p><strong><a href=\"https:\/\/www.holyart.it\/blog\/occasioni-speciali\/come-si-calcola-la-pasqua-cristiana-ebraica-e-ortodossa\/\">Come si calcola la Pasqua: cristiana, ebraica e ortodossa<\/a><\/strong><br \/>\nOgni anno cambia data ma rimane la festa pi\u00f9 importante: in questo articolo scoprirai come si calcola la Pasqua nel mondo&#8230;<\/p>\n<\/div>\n<p><a href=\"https:\/\/www.holyart.it\/it\/occasioni-speciali\/pasqua-e-quaresima\/presepe-pasquale\/ingresso-gesu-gerusalemme-scena-4-pz-resina-dipinta-mano-15-cm\"><strong>Ges\u00f9 entra nella citt\u00e0 santa di Gerusalemme<\/strong><\/a> per festeggiare la <a href=\"https:\/\/www.holyart.it\/it\/occasioni-speciali\/pasqua-e-quaresima\"><strong>Pasqua<\/strong><\/a>. \u00c8 a cavallo di un asinello, attorniato dai discepoli e scortato da una folla festante che agita rami di palma. Gridano il suo nome e lo acclamano con esclamazioni festose: <em>&#8220;Osanna! Benedetto colui che viene nel nome del Signore!&#8221;<\/em> Giovanni (12,13). <strong>Osanna<\/strong> \u00e8 un&#8217;espressione di giubilo ebraica, ma significa anche <em>aiutaci, salvaci<\/em>.<\/p>\n<p>Anche la scelta della cavalcatura di Ges\u00f9, l&#8217;<strong>asino<\/strong>, non \u00e8 casuale. La profezia di Zaccaria riguardo l&#8217;<strong>avvento del Messia<\/strong> recitava infatti: <em>&#8220;Esulta grandemente, figlia di Sion, giubila, figlia di Gerusalemme! Ecco, a te viene il tuo re. Egli \u00e8 giusto e vittorioso, umile, cavalca un asino, un puledro figlio d&#8217;asina&#8221;<\/em> (Zc 9,9).<\/p>\n<p>Anche i <strong>mantelli<\/strong> che\u00a0vengono posati sull&#8217;asino come sella per Ges\u00f9 hanno un valore simbolico: venivano stesi sui gradini per permettere al sovrano di salire fino al trono. Dunque diventano qui un simbolo di regalit\u00e0 e riconoscimento.<\/p>\n<div class=\"link-product\">\n<div class=\"blocco-immagine\"><img loading=\"lazy\" decoding=\"async\" class=\"size-full wp-image-15082 alignleft\" src=\"https:\/\/blog.holyart.it\/it\/wp-content\/uploads\/sites\/17\/2022\/03\/ingresso-gesu-gerusalemme-scena-4-pz-resina-dipinta-mano-15-cm.jpg\" alt=\"ingresso gesu gerusalemme scena 4 pz resina dipinta mano 15 cm\" width=\"100\" height=\"100\" data-kale-share-title=\"Domenica delle Palme: storia e significato della festa\" data-kale-share-url=\"https:\/\/blog.holyart.it\/it\/?p=15076\" \/><\/div>\n<div class=\"blocco-contenuto\">\n<div class=\"blocco-acquista\">Acquista su Holyart:<\/div>\n<div class=\"blocco-titolo\"><a href=\"https:\/\/www.holyart.it\/it\/occasioni-speciali\/pasqua-e-quaresima\/presepe-pasquale\/ingresso-gesu-gerusalemme-scena-4-pz-resina-dipinta-mano-15-cm\">Ingresso Ges\u00f9 Gerusalemme scena 4 pz 15 cm<\/a><\/div>\n<div class=\"blocco-descrizione\">Ges\u00f9 entra nella citt\u00e0 santa di Gerusalemme seduto su un asino e accompagnato dai suoi discepoli.<\/div>\n<\/div>\n<\/div>\n<h2>Il significato dei rami d&#8217;ulivo benedetti<\/h2>\n<p>L&#8217;usanza di andare in Chiesa in occasione della Domenica delle Palme e portare a casa i rami di ulivo benedetto trae dunque origine dall&#8217;episodio evangelico. Ma perch\u00e9 \u00e8 stato scelto proprio l&#8217;ulivo per sostituire la palma? L\u2019<strong>ulivo<\/strong> \u00e8 sempre stato considerato una pianta sacra, per tutti i popoli dell&#8217;antichit\u00e0. Simbolo di Atena per i greci, veniva usato per incoronare gli atleti olimpici. Pi\u00f9 vicino al nostro ambito il racconto biblico di <strong>No\u00e8<\/strong>, e della colomba che riportandogli un rametto d&#8217;ulivo gli fece comprendere che il Diluvio era finito. Ulivo dunque come <strong>simbolo di rinascita e pace<\/strong> e profondamente legato alla storia di Ges\u00f9: lo stesso appellativo <strong>Cristo<\/strong> significa &#8220;unto&#8221;, con riferimento all&#8217;olio ottenuto dalle olive e usato nelle cerimonie. Ricordiamo anche <a href=\"https:\/\/www.holyart.it\/it\/occasioni-speciali\/pasqua-e-quaresima\/presepe-pasquale\/agonia-gesu-orto-degli-ulivi-statue-9-cm\"><strong>l&#8217;ultima notte che Ges\u00f9 trascorse con i suoi discepoli nel Getsemani<\/strong><\/a>, l&#8217;orto ai piedi del Monte degli Ulivi.<\/p>\n<div class=\"link-product\">\n<div class=\"blocco-immagine\"><img loading=\"lazy\" decoding=\"async\" class=\"size-full wp-image-15084 alignleft\" src=\"https:\/\/blog.holyart.it\/it\/wp-content\/uploads\/sites\/17\/2022\/03\/agonia-gesu-orto-degli-ulivi-statue-9-cm.jpg\" alt=\"agonia gesu orto degli ulivi statue 9 cm\" width=\"100\" height=\"100\" data-kale-share-title=\"Domenica delle Palme: storia e significato della festa\" data-kale-share-url=\"https:\/\/blog.holyart.it\/it\/?p=15076\" \/><\/div>\n<div class=\"blocco-contenuto\">\n<div class=\"blocco-acquista\">Acquista su Holyart:<\/div>\n<div class=\"blocco-titolo\"><a href=\"https:\/\/www.holyart.it\/it\/occasioni-speciali\/pasqua-e-quaresima\/presepe-pasquale\/agonia-gesu-orto-degli-ulivi-statue-9-cm\">Agonia Ges\u00f9 orto degli ulivi statue 9 cm<\/a><\/div>\n<div class=\"blocco-descrizione\">Scena in cui Cristo si reca, insieme ai suoi apostoli, sul monte degli ulivi a pregare prima del suo arresto.<\/div>\n<\/div>\n<\/div>\n<p>Anche la palma era molto importante per le antiche civilt\u00e0, dagli egizi ai romani. Era considerata simbolo di <strong>immortalit\u00e0 e rinascita.<\/strong> Cos\u00ec alta da suggerire un <strong>collegamento tra terra e cielo<\/strong>, generava innumerevoli frutti e veniva spesso usata come modello per le colonne dei templi.<\/p>\n<p>\u00c8 importante <strong><a href=\"https:\/\/www.holyart.it\/blog\/occasioni-speciali\/rami-dulivo-benedetti-pasqua-custodirli-buttarli\/\">non buttare i rametti di ulivo<\/a><\/strong>, nemmeno quando si seccano: essi sono dei <strong>sacramentali<\/strong>, e come tale protetti dal diritto canonico, dunque sacri. Possiamo scegliere se bruciarli, seppellirli o riportarli in chiesa, dove saranno bruciati per ottenere le ceneri per il successivo Mercoled\u00ec delle ceneri.<\/p>\n<div class=\"link-article\">\n<p><img loading=\"lazy\" decoding=\"async\" class=\"size-thumbnail wp-image-15083 alignleft\" src=\"https:\/\/blog.holyart.it\/it\/wp-content\/uploads\/sites\/17\/2022\/03\/rami-ulivo-1-150x99.jpg\" alt=\"rami ulivo\" width=\"150\" height=\"99\" data-kale-share-title=\"Domenica delle Palme: storia e significato della festa\" data-kale-share-url=\"https:\/\/blog.holyart.it\/it\/?p=15076\" \/><\/p>\n<div class=\"leggi-anche\">Leggi anche:<\/div>\n<p><strong><a href=\"https:\/\/www.holyart.it\/blog\/occasioni-speciali\/rami-dulivo-benedetti-pasqua-custodirli-buttarli\/\">Rami di ulivo benedetti a Pasqua, custodirli o buttarli?<\/a><\/strong><br \/>\nQuando andiamo in chiesa la Domenica delle Palme, l\u2019ultima prima di Pasqua, riceviamo dei rametti di ulivo benedetto&#8230;<\/p>\n<\/div>\n","protected":false},"excerpt":{"rendered":"<p>La Domenica delle Palme \u00e8 l&#8217;ultima domenica prima di Pasqua. Con essa inizia la Settimana Santa. Ecco cosa si celebra e come. A chiunque tra noi sia cresciuto in una famiglia cattolica sar\u00e0 capitato da bambino di essere portato in chiesa la Domenica delle Palme&hellip;<\/p>\n","protected":false},"author":1,"featured_media":15087,"comment_status":"closed","ping_status":"open","sticky":false,"template":"","format":"standard","meta":{"_acf_changed":false,"footnotes":""},"categories":[26,16],"tags":[],"class_list":["post-15076","post","type-post","status-publish","format-standard","has-post-thumbnail","hentry","category-pasqua","category-articoli-religiosi"],"acf":[],"yoast_head":"<!-- This site is optimized with the Yoast SEO plugin v26.6 - https:\/\/yoast.com\/wordpress\/plugins\/seo\/ -->\n<title>Domenica delle Palme: storia e significato della festa - Holyblog<\/title>\n<meta name=\"description\" content=\"La Domenica delle Palme segna l&#039;inizio della Settimana Santa. Ricorda come Ges\u00f9 entr\u00f2 a Gerusalemme accolto da una folla che agitava rami e fronde\" \/>\n<meta name=\"robots\" content=\"index, follow, max-snippet:-1, max-image-preview:large, max-video-preview:-1\" \/>\n<link rel=\"canonical\" href=\"https:\/\/blog.holyart.it\/it\/pasqua\/domenica-delle-palme-storia-e-significato-della-festa\/\" \/>\n<meta property=\"og:locale\" content=\"it_IT\" \/>\n<meta property=\"og:type\" content=\"article\" \/>\n<meta property=\"og:title\" content=\"Domenica delle Palme: storia e significato della festa - Holyblog\" \/>\n<meta property=\"og:description\" content=\"La Domenica delle Palme segna l&#039;inizio della Settimana Santa. Ricorda come Ges\u00f9 entr\u00f2 a Gerusalemme accolto da una folla che agitava rami e fronde\" \/>\n<meta property=\"og:url\" content=\"https:\/\/blog.holyart.it\/it\/pasqua\/domenica-delle-palme-storia-e-significato-della-festa\/\" \/>\n<meta property=\"og:site_name\" content=\"Holyblog\" \/>\n<meta property=\"article:published_time\" content=\"2022-04-04T10:30:54+00:00\" \/>\n<meta property=\"article:modified_time\" content=\"2026-03-10T14:13:09+00:00\" \/>\n<meta property=\"og:image\" content=\"https:\/\/blog.holyart.it\/it\/wp-content\/uploads\/sites\/17\/2022\/03\/domenica-delle-palme.jpg\" \/>\n\t<meta property=\"og:image:width\" content=\"1000\" \/>\n\t<meta property=\"og:image:height\" content=\"666\" \/>\n\t<meta property=\"og:image:type\" content=\"image\/jpeg\" \/>\n<meta name=\"author\" content=\"Redazione\" \/>\n<meta name=\"twitter:card\" content=\"summary_large_image\" \/>\n<meta name=\"twitter:label1\" content=\"Scritto da\" \/>\n\t<meta name=\"twitter:data1\" content=\"Redazione\" \/>\n\t<meta name=\"twitter:label2\" content=\"Tempo di lettura stimato\" \/>\n\t<meta name=\"twitter:data2\" content=\"8 minuti\" \/>\n<script type=\"application\/ld+json\" class=\"yoast-schema-graph\">{\"@context\":\"https:\/\/schema.org\",\"@graph\":[{\"@type\":\"Article\",\"@id\":\"https:\/\/blog.holyart.it\/it\/pasqua\/domenica-delle-palme-storia-e-significato-della-festa\/#article\",\"isPartOf\":{\"@id\":\"https:\/\/blog.holyart.it\/it\/pasqua\/domenica-delle-palme-storia-e-significato-della-festa\/\"},\"author\":{\"name\":\"Redazione\",\"@id\":\"https:\/\/blog.holyart.it\/it\/#\/schema\/person\/0a7b686e5af0f856ec1e390dd0baecda\"},\"headline\":\"Domenica delle Palme: storia e significato della festa\",\"datePublished\":\"2022-04-04T10:30:54+00:00\",\"dateModified\":\"2026-03-10T14:13:09+00:00\",\"mainEntityOfPage\":{\"@id\":\"https:\/\/blog.holyart.it\/it\/pasqua\/domenica-delle-palme-storia-e-significato-della-festa\/\"},\"wordCount\":1188,\"publisher\":{\"@id\":\"https:\/\/blog.holyart.it\/it\/#organization\"},\"image\":{\"@id\":\"https:\/\/blog.holyart.it\/it\/pasqua\/domenica-delle-palme-storia-e-significato-della-festa\/#primaryimage\"},\"thumbnailUrl\":\"https:\/\/blog.holyart.it\/it\/wp-content\/uploads\/sites\/17\/2022\/03\/domenica-delle-palme.jpg\",\"articleSection\":[\"Pasqua\",\"Religione\"],\"inLanguage\":\"it-IT\"},{\"@type\":\"WebPage\",\"@id\":\"https:\/\/blog.holyart.it\/it\/pasqua\/domenica-delle-palme-storia-e-significato-della-festa\/\",\"url\":\"https:\/\/blog.holyart.it\/it\/pasqua\/domenica-delle-palme-storia-e-significato-della-festa\/\",\"name\":\"Domenica delle Palme: storia e significato della festa - Holyblog\",\"isPartOf\":{\"@id\":\"https:\/\/blog.holyart.it\/it\/#website\"},\"primaryImageOfPage\":{\"@id\":\"https:\/\/blog.holyart.it\/it\/pasqua\/domenica-delle-palme-storia-e-significato-della-festa\/#primaryimage\"},\"image\":{\"@id\":\"https:\/\/blog.holyart.it\/it\/pasqua\/domenica-delle-palme-storia-e-significato-della-festa\/#primaryimage\"},\"thumbnailUrl\":\"https:\/\/blog.holyart.it\/it\/wp-content\/uploads\/sites\/17\/2022\/03\/domenica-delle-palme.jpg\",\"datePublished\":\"2022-04-04T10:30:54+00:00\",\"dateModified\":\"2026-03-10T14:13:09+00:00\",\"description\":\"La Domenica delle Palme segna l'inizio della Settimana Santa. Ricorda come Ges\u00f9 entr\u00f2 a Gerusalemme accolto da una folla che agitava rami e fronde\",\"breadcrumb\":{\"@id\":\"https:\/\/blog.holyart.it\/it\/pasqua\/domenica-delle-palme-storia-e-significato-della-festa\/#breadcrumb\"},\"inLanguage\":\"it-IT\",\"potentialAction\":[{\"@type\":\"ReadAction\",\"target\":[\"https:\/\/blog.holyart.it\/it\/pasqua\/domenica-delle-palme-storia-e-significato-della-festa\/\"]}]},{\"@type\":\"ImageObject\",\"inLanguage\":\"it-IT\",\"@id\":\"https:\/\/blog.holyart.it\/it\/pasqua\/domenica-delle-palme-storia-e-significato-della-festa\/#primaryimage\",\"url\":\"https:\/\/blog.holyart.it\/it\/wp-content\/uploads\/sites\/17\/2022\/03\/domenica-delle-palme.jpg\",\"contentUrl\":\"https:\/\/blog.holyart.it\/it\/wp-content\/uploads\/sites\/17\/2022\/03\/domenica-delle-palme.jpg\",\"width\":1000,\"height\":666,\"caption\":\"domenica delle palme\"},{\"@type\":\"BreadcrumbList\",\"@id\":\"https:\/\/blog.holyart.it\/it\/pasqua\/domenica-delle-palme-storia-e-significato-della-festa\/#breadcrumb\",\"itemListElement\":[{\"@type\":\"ListItem\",\"position\":1,\"name\":\"Homepage\",\"item\":\"https:\/\/blog.holyart.it\/it\/\"},{\"@type\":\"ListItem\",\"position\":2,\"name\":\"Pasqua\",\"item\":\"https:\/\/blog.holyart.it\/it\/pasqua\/\"},{\"@type\":\"ListItem\",\"position\":3,\"name\":\"Domenica delle Palme: storia e significato della festa\"}]},{\"@type\":\"WebSite\",\"@id\":\"https:\/\/blog.holyart.it\/it\/#website\",\"url\":\"https:\/\/blog.holyart.it\/it\/\",\"name\":\"Holyblog\",\"description\":\"Il Blog di Holyart.it\",\"publisher\":{\"@id\":\"https:\/\/blog.holyart.it\/it\/#organization\"},\"potentialAction\":[{\"@type\":\"SearchAction\",\"target\":{\"@type\":\"EntryPoint\",\"urlTemplate\":\"https:\/\/blog.holyart.it\/it\/?s={search_term_string}\"},\"query-input\":{\"@type\":\"PropertyValueSpecification\",\"valueRequired\":true,\"valueName\":\"search_term_string\"}}],\"inLanguage\":\"it-IT\"},{\"@type\":\"Organization\",\"@id\":\"https:\/\/blog.holyart.it\/it\/#organization\",\"name\":\"Holyblog\",\"url\":\"https:\/\/blog.holyart.it\/it\/\",\"logo\":{\"@type\":\"ImageObject\",\"inLanguage\":\"it-IT\",\"@id\":\"https:\/\/blog.holyart.it\/it\/#\/schema\/logo\/image\/\",\"url\":\"https:\/\/blog.holyart.it\/it\/wp-content\/uploads\/sites\/17\/2022\/12\/Holyart_Blog_Logo.jpg\",\"contentUrl\":\"https:\/\/blog.holyart.it\/it\/wp-content\/uploads\/sites\/17\/2022\/12\/Holyart_Blog_Logo.jpg\",\"width\":300,\"height\":50,\"caption\":\"Holyblog\"},\"image\":{\"@id\":\"https:\/\/blog.holyart.it\/it\/#\/schema\/logo\/image\/\"}},{\"@type\":\"Person\",\"@id\":\"https:\/\/blog.holyart.it\/it\/#\/schema\/person\/0a7b686e5af0f856ec1e390dd0baecda\",\"name\":\"Redazione\"}]}<\/script>\n<!-- \/ Yoast SEO plugin. -->","yoast_head_json":{"title":"Domenica delle Palme: storia e significato della festa - Holyblog","description":"La Domenica delle Palme segna l'inizio della Settimana Santa. Ricorda come Ges\u00f9 entr\u00f2 a Gerusalemme accolto da una folla che agitava rami e fronde","robots":{"index":"index","follow":"follow","max-snippet":"max-snippet:-1","max-image-preview":"max-image-preview:large","max-video-preview":"max-video-preview:-1"},"canonical":"https:\/\/blog.holyart.it\/it\/pasqua\/domenica-delle-palme-storia-e-significato-della-festa\/","og_locale":"it_IT","og_type":"article","og_title":"Domenica delle Palme: storia e significato della festa - Holyblog","og_description":"La Domenica delle Palme segna l'inizio della Settimana Santa. Ricorda come Ges\u00f9 entr\u00f2 a Gerusalemme accolto da una folla che agitava rami e fronde","og_url":"https:\/\/blog.holyart.it\/it\/pasqua\/domenica-delle-palme-storia-e-significato-della-festa\/","og_site_name":"Holyblog","article_published_time":"2022-04-04T10:30:54+00:00","article_modified_time":"2026-03-10T14:13:09+00:00","og_image":[{"width":1000,"height":666,"url":"https:\/\/blog.holyart.it\/it\/wp-content\/uploads\/sites\/17\/2022\/03\/domenica-delle-palme.jpg","type":"image\/jpeg"}],"author":"Redazione","twitter_card":"summary_large_image","twitter_misc":{"Scritto da":"Redazione","Tempo di lettura stimato":"8 minuti"},"schema":{"@context":"https:\/\/schema.org","@graph":[{"@type":"Article","@id":"https:\/\/blog.holyart.it\/it\/pasqua\/domenica-delle-palme-storia-e-significato-della-festa\/#article","isPartOf":{"@id":"https:\/\/blog.holyart.it\/it\/pasqua\/domenica-delle-palme-storia-e-significato-della-festa\/"},"author":{"name":"Redazione","@id":"https:\/\/blog.holyart.it\/it\/#\/schema\/person\/0a7b686e5af0f856ec1e390dd0baecda"},"headline":"Domenica delle Palme: storia e significato della festa","datePublished":"2022-04-04T10:30:54+00:00","dateModified":"2026-03-10T14:13:09+00:00","mainEntityOfPage":{"@id":"https:\/\/blog.holyart.it\/it\/pasqua\/domenica-delle-palme-storia-e-significato-della-festa\/"},"wordCount":1188,"publisher":{"@id":"https:\/\/blog.holyart.it\/it\/#organization"},"image":{"@id":"https:\/\/blog.holyart.it\/it\/pasqua\/domenica-delle-palme-storia-e-significato-della-festa\/#primaryimage"},"thumbnailUrl":"https:\/\/blog.holyart.it\/it\/wp-content\/uploads\/sites\/17\/2022\/03\/domenica-delle-palme.jpg","articleSection":["Pasqua","Religione"],"inLanguage":"it-IT"},{"@type":"WebPage","@id":"https:\/\/blog.holyart.it\/it\/pasqua\/domenica-delle-palme-storia-e-significato-della-festa\/","url":"https:\/\/blog.holyart.it\/it\/pasqua\/domenica-delle-palme-storia-e-significato-della-festa\/","name":"Domenica delle Palme: storia e significato della festa - Holyblog","isPartOf":{"@id":"https:\/\/blog.holyart.it\/it\/#website"},"primaryImageOfPage":{"@id":"https:\/\/blog.holyart.it\/it\/pasqua\/domenica-delle-palme-storia-e-significato-della-festa\/#primaryimage"},"image":{"@id":"https:\/\/blog.holyart.it\/it\/pasqua\/domenica-delle-palme-storia-e-significato-della-festa\/#primaryimage"},"thumbnailUrl":"https:\/\/blog.holyart.it\/it\/wp-content\/uploads\/sites\/17\/2022\/03\/domenica-delle-palme.jpg","datePublished":"2022-04-04T10:30:54+00:00","dateModified":"2026-03-10T14:13:09+00:00","description":"La Domenica delle Palme segna l'inizio della Settimana Santa. Ricorda come Ges\u00f9 entr\u00f2 a Gerusalemme accolto da una folla che agitava rami e fronde","breadcrumb":{"@id":"https:\/\/blog.holyart.it\/it\/pasqua\/domenica-delle-palme-storia-e-significato-della-festa\/#breadcrumb"},"inLanguage":"it-IT","potentialAction":[{"@type":"ReadAction","target":["https:\/\/blog.holyart.it\/it\/pasqua\/domenica-delle-palme-storia-e-significato-della-festa\/"]}]},{"@type":"ImageObject","inLanguage":"it-IT","@id":"https:\/\/blog.holyart.it\/it\/pasqua\/domenica-delle-palme-storia-e-significato-della-festa\/#primaryimage","url":"https:\/\/blog.holyart.it\/it\/wp-content\/uploads\/sites\/17\/2022\/03\/domenica-delle-palme.jpg","contentUrl":"https:\/\/blog.holyart.it\/it\/wp-content\/uploads\/sites\/17\/2022\/03\/domenica-delle-palme.jpg","width":1000,"height":666,"caption":"domenica delle palme"},{"@type":"BreadcrumbList","@id":"https:\/\/blog.holyart.it\/it\/pasqua\/domenica-delle-palme-storia-e-significato-della-festa\/#breadcrumb","itemListElement":[{"@type":"ListItem","position":1,"name":"Homepage","item":"https:\/\/blog.holyart.it\/it\/"},{"@type":"ListItem","position":2,"name":"Pasqua","item":"https:\/\/blog.holyart.it\/it\/pasqua\/"},{"@type":"ListItem","position":3,"name":"Domenica delle Palme: storia e significato della festa"}]},{"@type":"WebSite","@id":"https:\/\/blog.holyart.it\/it\/#website","url":"https:\/\/blog.holyart.it\/it\/","name":"Holyblog","description":"Il Blog di Holyart.it","publisher":{"@id":"https:\/\/blog.holyart.it\/it\/#organization"},"potentialAction":[{"@type":"SearchAction","target":{"@type":"EntryPoint","urlTemplate":"https:\/\/blog.holyart.it\/it\/?s={search_term_string}"},"query-input":{"@type":"PropertyValueSpecification","valueRequired":true,"valueName":"search_term_string"}}],"inLanguage":"it-IT"},{"@type":"Organization","@id":"https:\/\/blog.holyart.it\/it\/#organization","name":"Holyblog","url":"https:\/\/blog.holyart.it\/it\/","logo":{"@type":"ImageObject","inLanguage":"it-IT","@id":"https:\/\/blog.holyart.it\/it\/#\/schema\/logo\/image\/","url":"https:\/\/blog.holyart.it\/it\/wp-content\/uploads\/sites\/17\/2022\/12\/Holyart_Blog_Logo.jpg","contentUrl":"https:\/\/blog.holyart.it\/it\/wp-content\/uploads\/sites\/17\/2022\/12\/Holyart_Blog_Logo.jpg","width":300,"height":50,"caption":"Holyblog"},"image":{"@id":"https:\/\/blog.holyart.it\/it\/#\/schema\/logo\/image\/"}},{"@type":"Person","@id":"https:\/\/blog.holyart.it\/it\/#\/schema\/person\/0a7b686e5af0f856ec1e390dd0baecda","name":"Redazione"}]}},"_links":{"self":[{"href":"https:\/\/blog.holyart.it\/it\/wp-json\/wp\/v2\/posts\/15076","targetHints":{"allow":["GET"]}}],"collection":[{"href":"https:\/\/blog.holyart.it\/it\/wp-json\/wp\/v2\/posts"}],"about":[{"href":"https:\/\/blog.holyart.it\/it\/wp-json\/wp\/v2\/types\/post"}],"author":[{"embeddable":true,"href":"https:\/\/blog.holyart.it\/it\/wp-json\/wp\/v2\/users\/1"}],"replies":[{"embeddable":true,"href":"https:\/\/blog.holyart.it\/it\/wp-json\/wp\/v2\/comments?post=15076"}],"version-history":[{"count":1,"href":"https:\/\/blog.holyart.it\/it\/wp-json\/wp\/v2\/posts\/15076\/revisions"}],"predecessor-version":[{"id":17481,"href":"https:\/\/blog.holyart.it\/it\/wp-json\/wp\/v2\/posts\/15076\/revisions\/17481"}],"wp:featuredmedia":[{"embeddable":true,"href":"https:\/\/blog.holyart.it\/it\/wp-json\/wp\/v2\/media\/15087"}],"wp:attachment":[{"href":"https:\/\/blog.holyart.it\/it\/wp-json\/wp\/v2\/media?parent=15076"}],"wp:term":[{"taxonomy":"category","embeddable":true,"href":"https:\/\/blog.holyart.it\/it\/wp-json\/wp\/v2\/categories?post=15076"},{"taxonomy":"post_tag","embeddable":true,"href":"https:\/\/blog.holyart.it\/it\/wp-json\/wp\/v2\/tags?post=15076"}],"curies":[{"name":"wp","href":"https:\/\/api.w.org\/{rel}","templated":true}]}}