{"id":14943,"date":"2022-03-23T12:30:21","date_gmt":"2022-03-23T11:30:21","guid":{"rendered":"https:\/\/blog.holyart.it\/it\/?p=14943"},"modified":"2025-02-13T12:56:04","modified_gmt":"2025-02-13T11:56:04","slug":"san-disma-il-buon-ladrone-andato-in-paradiso","status":"publish","type":"post","link":"https:\/\/blog.holyart.it\/it\/santi-e-beati\/san-disma-il-buon-ladrone-andato-in-paradiso\/","title":{"rendered":"San Disma, il buon ladrone andato in paradiso"},"content":{"rendered":"<h4>Chi era San Disma, il ladrone pentito crocifisso al fianco di Ges\u00f9 sul Golgota? Scopriamo la sua storia e come \u00e8 divenuto Santo<\/h4>\n\n<p>Dai Vangeli sappiamo che Ges\u00f9 non venne condotto al Calvario per essere crocifisso da solo. <em>&#8220;Venivano condotti insieme con lui anche due malfattori per essere giustiziati. Quando giunsero al luogo detto Cranio, l\u00e0 crocifissero lui e i due malfattori, uno a destra e l&#8217;altro a sinistra.&#8221;<\/em> (Luca 23,32-33). <a href=\"https:\/\/www.holyart.it\/it\/search?params=%7B%22search%22%3A%22SAN%20GIOVANNI%20EVANGELISTA%22%7D&amp;search=SAN+GIOVANNI+EVANGELISTA\"><strong>Giovanni Evangelista<\/strong><\/a> non si sofferma affatto su queste figure. Nei <a href=\"https:\/\/www.holyart.it\/it\/articoli-religiosi\/libri-e-testi-sacri\/vangeli\"><strong>Vangeli di Matteo e Marco<\/strong><\/a> leggiamo che entrambi i ladroni oltraggiavano Ges\u00f9, mentre nel <a href=\"https:\/\/www.holyart.it\/blog\/articoli-religiosi\/il-vangelo-secondo-luca-dalla-nascita-miracolosa-allascensione-al-cielo\/\"><strong>Vangelo di Luca<\/strong><\/a> notiamo una differenza significativa: il ladrone a destra, noto in testi apocrifi come Gestas, insultava aspramente Ges\u00f9, ma l\u2019altro, <strong>Disma<\/strong>, lo avrebbe difeso e si sarebbe raccomandato a lui: <em>&#8220;Uno dei malfattori appesi alla croce lo insultava: \u00abNon sei tu il Cristo? Salva te stesso e anche noi!\u00bb. Ma l&#8217;altro lo rimproverava: \u00abNeanche tu hai timore di Dio e sei dannato alla stessa pena? Noi giustamente, perch\u00e9 riceviamo il giusto per le nostre azioni, egli invece non ha fatto nulla di male\u00bb. E aggiunse: \u00abGes\u00f9, ricordati di me quando entrerai nel tuo regno\u00bb&#8221;<\/em> (Luca 23,39-42). Oggi parliamo proprio di <strong>San<\/strong> <strong>Disma<\/strong>, o Dismas, il <strong>Buon Ladrone<\/strong>, uno dei ladroni crocifissi con Ges\u00f9, conosciuto anche come <em>Tito<\/em> in alcuni testi apocrifi, come il <em>Vangelo arabo per l&#8217;infanzia<\/em>, e come <em>Rach<\/em> dalla Chiesa ortodossa russa.<\/p>\n<div class=\"link-article\">\n<p><img loading=\"lazy\" decoding=\"async\" class=\"size-full wp-image-14944 alignleft\" src=\"https:\/\/blog.holyart.it\/it\/wp-content\/uploads\/sites\/17\/2022\/03\/San-Luca-evangelista.jpg\" alt=\"San Luca evangelista\" width=\"150\" height=\"99\" data-kale-share-title=\"San Disma, il buon ladrone andato in paradiso\" data-kale-share-url=\"https:\/\/blog.holyart.it\/it\/?p=14943\" \/><\/p>\n<div class=\"leggi-anche\">Leggi anche:<\/div>\n<p><strong><a href=\"https:\/\/www.holyart.it\/blog\/articoli-religiosi\/il-vangelo-secondo-luca-dalla-nascita-miracolosa-allascensione-al-cielo\/\">Il Vangelo secondo Luca: dalla nascita miracolosa all\u2019ascensione al cielo<\/a><\/strong><br \/>\nIl Vangelo secondo Luca \u00e8 uno dei tre Vangeli sinottici. Infatti&#8230;<\/p>\n<\/div>\n<p>Che cosa rende cos\u00ec speciale questo personaggio, che appare solo in poche righe di un unico Vangelo canonico? Ebbene, San Disma fu <strong>l&#8217;unico Santo ad essere reso tale direttamente da Ges\u00f9<\/strong>! Infatti alla sua accorata supplica il Cristo: <em>&#8220;Gli rispose: \u00abIn verit\u00e0 ti dico, oggi sarai con me nel paradiso\u00bb&#8221;<\/em> (Luca 23,43).<\/p>\n<h2>Chi erano i due ladroni in croce con Ges\u00f9?<\/h2>\n<p>Non sappiamo molto dei due ladroni crocifissi sul Calvario con Ges\u00f9. Secondo certe tradizioni sarebbero stati due dei <strong>banditi che aggredirono Maria e Giuseppe<\/strong> durante la <a href=\"https:\/\/www.holyart.it\/blog\/natale\/fuga-in-egitto-il-viaggio-della-sacra-famiglia-per-scampare-al-re-erode\/\"><strong>Fuga in Egitto<\/strong><\/a> per derubarli. Sappiamo che la morte per Crocifissione era destinata a <strong>criminali di bassa lega<\/strong> e gli schiavi che fuggivano dai loro padroni, perch\u00e9 si credeva meritassero pi\u00f9 di altri una morte cos\u00ec orribile e che fungeva da monito ai loro pari. Nei Vangeli sono definiti con la parola greca <em>kakourgoi<\/em>, che indica uomini che si sono macchiati di crimini aberranti.<\/p>\n<div class=\"link-article\">\n<p><img loading=\"lazy\" decoding=\"async\" class=\"size-full wp-image-14945 alignleft\" src=\"https:\/\/blog.holyart.it\/it\/wp-content\/uploads\/sites\/17\/2022\/03\/fuga-in-egitto-1.jpg\" alt=\"fuga in egitto\" width=\"150\" height=\"99\" data-kale-share-title=\"San Disma, il buon ladrone andato in paradiso\" data-kale-share-url=\"https:\/\/blog.holyart.it\/it\/?p=14943\" \/><\/p>\n<div class=\"leggi-anche\">Leggi anche:<\/div>\n<p><strong><a href=\"https:\/\/www.holyart.it\/blog\/natale\/fuga-in-egitto-il-viaggio-della-sacra-famiglia-per-scampare-al-re-erode\/\">Fuga in Egitto: il viaggio della Sacra Famiglia per scampare al re Erode<\/a><\/strong><br \/>\nLa fuga in Egitto \u00e8 un episodio dell\u2019infanzia di Ges\u00f9. Tra storia e fede&#8230;<\/p>\n<\/div>\n<p>Il <strong>Vangelo di Nicodemo<\/strong> o <em>Narrazione di Giuseppe da Arimatea<\/em> contiene riferimenti ai motivi della condanna. <strong>Gestas <\/strong>era un predone e un assassino, che trucidava i viandanti, torturava le donne tagliando loro i seni, beveva il sangue dei bambini, e si compiaceva del male che faceva, senza rispetto per gli uomini o per Dio. Nello stesso Vangelo apocrifo <strong>Disma<\/strong>, o Dema, veniva dalla Galilea e possedeva un albergo. Rubava ai ricchi, ma faceva anche molta elemosina e aiutava i bisognosi.<\/p>\n<p>In molte <a href=\"https:\/\/www.holyart.it\/it\/occasioni-speciali\/pasqua-e-quaresima\/presepe-pasquale\/crocifissione-gesu-scena-5-pz-resina-dipinta-a-mano-20-cm\"><strong>scene antiche della Crocifissione<\/strong><\/a> sono raffigurati <strong>il sole e la luna<\/strong> accompagnati dalle scritte Est e Ovest sulle teste dei due ladroni. Basandosi su antichissime raffigurazioni della Crocefissione trovate in <strong>Siria<\/strong> alcuni studiosi sono giunti alla conclusione che il nome Dismas, e di conseguenza il ladrone stesso, provenisse da l\u00ec. Infatti &#8220;Dismas&#8221; assomiglia alla parola greca usata per indicare l&#8217;Est, e su antiche monete siriache, sono indicati il sole e la luna e le parole &#8220;Est&#8221; e &#8220;Ovest&#8221;, cos\u00ec come nelle scene della Crocefissione. Altri riconducono l&#8217;etimologia del nome Disma al greco antico \u03b4\u03c5\u03c3\u03bc\u03ac\u03c2 (dysmas) o \u03b4\u03c5\u03c3\u03bc\u03b7 (dysme, dusm\u00e9), &#8220;tramonto&#8221;, o &#8220;morte&#8221;.\u00a0Nel<strong> Vangelo di Nicodemo<\/strong> Disma \u00e8 malfattore crocifisso alla sinistra di Ges\u00f9.<\/p>\n<div class=\"link-product\">\n<div class=\"blocco-immagine\"><img loading=\"lazy\" decoding=\"async\" class=\"size-full wp-image-14947 alignleft\" src=\"https:\/\/blog.holyart.it\/it\/wp-content\/uploads\/sites\/17\/2022\/03\/crocifissione-gesu-scena-5-pz-resina-dipinta-a-mano-20-cm.jpg\" alt=\"crocifissione gesu scena 5 pz resina dipinta a mano 20 cm\" width=\"100\" height=\"100\" data-kale-share-title=\"San Disma, il buon ladrone andato in paradiso\" data-kale-share-url=\"https:\/\/blog.holyart.it\/it\/?p=14943\" \/><\/div>\n<div class=\"blocco-contenuto\">\n<div class=\"blocco-acquista\">Acquista su Holyart:<\/div>\n<div class=\"blocco-titolo\"><a href=\"https:\/\/www.holyart.it\/it\/occasioni-speciali\/pasqua-e-quaresima\/presepe-pasquale\/crocifissione-gesu-scena-5-pz-resina-dipinta-a-mano-20-cm\">Crocifissione Ges\u00f9 scena resina dipinta a mano 20 cm<\/a><\/div>\n<div class=\"blocco-descrizione\">Le statuine sono realizzate con cura utilizzando resina dipinta a mano. Ideale per comporre il proprio Presepe Pasquale.<\/div>\n<\/div>\n<\/div>\n<p>La <strong>Legenda Aurea<\/strong> di Jacopo da Varagine cita Gestas con il nome alternativo di Gesma, mentre nel <em>Vangelo arabo per l&#8217;infanzia<\/em> \u00e8 chiamato Dimaco.<\/p>\n<h2>Disma, il ladro penitente<\/h2>\n<p>La Chiesa cattolica ricorda San Disma il <strong>25 marzo<\/strong>, quelle orientali il 23 marzo. \u00c8 il protettore dei prigionieri e dei moribondi e il patrono di chi aiuta alcolizzati, giocatori d&#8217;azzardo e ladri.<\/p>\n<p>Il nome di Disma non compare nei Vangeli, ma \u00e8 stato preso dagli <strong>Atti di Pilato<\/strong>, un testo apocrifo greco scritto tra la met\u00e0 del II e del III secolo e successivamente accorpato al <strong>Vangelo di Nicodemo<\/strong>. Non sappiamo nulla di lui, n\u00e9 come fosse stato catturato, n\u00e9 quale crimine avesse commesso. Di Disma sappiamo per\u00f2 che, giunto alla fine della sua vita, egli <strong>seppe riconoscere la propria colpa<\/strong>, e <strong>accett\u00f2 il castigo <\/strong>che gli veniva inflitto per i suoi delitti e i suoi peccati. Ma non solo. <strong><a href=\"https:\/\/www.holyart.it\/it\/occasioni-speciali\/pasqua-e-quaresima\/presepe-pasquale\/scena-due-ladroni-sulla-croce-passione-gesu-9-cm\">Nel momento del supplizio<\/a><\/strong>, mentre ciascun uomo \u00e8 solo col proprio dolore e i propri rimorsi, Disma riesce a distrarre l&#8217;attenzione da ci\u00f2 che lui sta patendo, e <strong>si protende verso Ges\u00f9<\/strong>, che soffre il suo stesso dolore pur non avendo alcuna colpa. E in Lui, compagno di esecuzione, riconosce la facolt\u00e0 di concedergli la salvezza, se non in questa vita nell&#8217;altra. \u00c8 questo che rende San Disma speciale, questo <strong>atto di fede<\/strong> che si consuma nell&#8217;ultimo stante della sua vita, questo riconoscimento di Ges\u00f9 sulla croce, nel momento in cui Egli stesso \u00e8 solo un uomo inchiodato al legno, senza seguito, senza la Parola sulle labbra, preda solo del dolore e dello scherno dei suoi aguzzini. E ciononostante per Disma \u00e8 <strong>il Re, il Salvatore<\/strong> che pu\u00f2 donargli la pace. Proprio questa capacit\u00e0 di riconoscere <strong>la grandezza di Ges\u00f9 <\/strong>nel momento pi\u00f9 basso e terribile della sua parabola umana rende Disma, <strong>primo dei redenti<\/strong>, degno della Santit\u00e0 e di essere ricordato e venerato ancora oggi. Disma ci dimostra per primo che non \u00e8 mai troppo tardi per pentirsi e intraprendere la via della salvezza.<\/p>\n<div class=\"link-product\">\n<div class=\"blocco-immagine\"><img loading=\"lazy\" decoding=\"async\" class=\"size-full wp-image-14948 alignleft\" src=\"https:\/\/blog.holyart.it\/it\/wp-content\/uploads\/sites\/17\/2022\/03\/scena-due-ladroni-sulla-croce-passione-gesu-9-cm.jpg\" alt=\"scena due ladroni sulla croce passione gesu 9 cm\" width=\"100\" height=\"100\" data-kale-share-title=\"San Disma, il buon ladrone andato in paradiso\" data-kale-share-url=\"https:\/\/blog.holyart.it\/it\/?p=14943\" \/><\/div>\n<div class=\"blocco-contenuto\">\n<div class=\"blocco-acquista\">Acquista su Holyart:<\/div>\n<div class=\"blocco-titolo\"><a href=\"https:\/\/www.holyart.it\/it\/occasioni-speciali\/pasqua-e-quaresima\/presepe-pasquale\/scena-due-ladroni-sulla-croce-passione-gesu-9-cm\">Scena due ladroni sulla croce Passione Ges\u00f9 9 cm<\/a><\/div>\n<div class=\"blocco-descrizione\">Statuine realizzate in resina rappresentanti i due ladroni che si trovano sulle croci di fianco a Ges\u00f9.<\/div>\n<\/div>\n<\/div>\n<h2>Preghiera a San Disma<\/h2>\n<p>Il noto giornalista e scrittore Nino Badano ha lasciato scritta una speciale <em>Preghiera a San Disma<\/em>. Le sue parole sono un toccante e sentito riconoscimento del ruolo di quest&#8217;uomo misterioso e misconosciuto dalla storia, che tuttavia ha saputo lasciare un segno cos\u00ec prezioso e importante per i cristiani di ogni tempo.<\/p>\n<p><em>O Santo ladrone,<br \/>\nsulla croce accanto a Ges\u00f9, hai meritato un dono di grazia anche per noi.<br \/>\nIn nessun momento il Figlio di Dio, era pi\u00f9 irriconoscibile e pi\u00f9 umiliato; in nessun momento la Sua regalit\u00e0, dichiarata per irrisione dal cartiglio di Pilato, era pi\u00f9 invisibile e nascosta; e tu Gli hai detto:<br \/>\n\u201cO Ges\u00f9 ricordati di me quando sarai nella magnificenza del Tuo Regno\u201d.<\/em><br \/>\n<em>C\u2019erano Maria, Giovanni e le pie donne, ma degli altri nessuno;<br \/>\ntutti lo avevano abbandonato;<br \/>\nl\u2019unico atto di fede, l\u2019unico conforto di pentimento, l\u2019unica incredibile testimonianza d\u2019amore gli sono venuti da te.<\/em><br \/>\n<em>\u201cIn verit\u00e0 ti dico oggi sarai con me in paradiso\u201d.<\/em><br \/>\n<em><br \/>\nDisma, primo dei redenti,<br \/>\nnoi non abbiamo il merito che hai avuto Tu di confortare Ges\u00f9 sulla croce e di proclamarlo Re quando la Sua regalit\u00e0 era pi\u00f9 offesa e negata; non abbiamo la gloria di confessarlo da un patibolo accanto al Suo mentre tutti lo bestemmiano e lo insultano.<br \/>\nAnche oggi Cristo \u00e8 bestemmiato e insultato: anche oggi vi sono crocefissori che gli chiedono di scendere dalla croce e di manifestare la sua potenza; ma la nostra confessione dopo duemila anni non \u00e8 meritoria ed eroica come la tua.<br \/>\nTra poco saremo anche noi sulla croce in attesa della morte e allora ricorderemo la tua preghiera imprevedibile e stupenda.<br \/>\nCon le tue parole non c\u2019\u00e8 uomo che non possa ottenere la salvezza.<br \/>\nDio te le ha ispirate perch\u00e9 noi vedessimo come \u00e8 divinamente facile ottenere il paradiso anche senza averlo meritato.<br \/>\nBaster\u00e0 che le ripetiamo per avere la stessa risposta che hai avuto tu: perch\u00e9 la promessa del regno non \u00e8 commisurata ai nostri meriti inesistenti, ma a quelli infiniti di Lui.<\/em><br \/>\n<em>O buon ladrone primizia dei Santi, entrato in Paradiso col Signore, aiutaci a morire come te.<\/em><\/p>\n","protected":false},"excerpt":{"rendered":"<p>Chi era San Disma, il ladrone pentito crocifisso al fianco di Ges\u00f9 sul Golgota? Scopriamo la sua storia e come \u00e8 divenuto Santo Dai Vangeli sappiamo che Ges\u00f9 non venne condotto al Calvario per essere crocifisso da solo. &#8220;Venivano condotti insieme con lui anche due&hellip;<\/p>\n","protected":false},"author":1,"featured_media":14953,"comment_status":"closed","ping_status":"open","sticky":false,"template":"","format":"standard","meta":{"_acf_changed":false,"footnotes":""},"categories":[15],"tags":[],"class_list":["post-14943","post","type-post","status-publish","format-standard","has-post-thumbnail","hentry","category-santi-e-beati"],"acf":[],"yoast_head":"<!-- This site is optimized with the Yoast SEO plugin v26.6 - https:\/\/yoast.com\/wordpress\/plugins\/seo\/ -->\n<title>San Disma, il buon ladrone andato in paradiso - Holyblog<\/title>\n<meta name=\"description\" content=\"San Disma, il buon ladrone, il malfattore crocifisso al fianco di Ges\u00f9 che seppe meritare il Suo perdono e la promessa del paradiso. Ecco chi era\" \/>\n<meta name=\"robots\" content=\"index, follow, max-snippet:-1, max-image-preview:large, max-video-preview:-1\" \/>\n<link rel=\"canonical\" href=\"https:\/\/blog.holyart.it\/it\/santi-e-beati\/san-disma-il-buon-ladrone-andato-in-paradiso\/\" \/>\n<meta property=\"og:locale\" content=\"it_IT\" \/>\n<meta property=\"og:type\" content=\"article\" \/>\n<meta property=\"og:title\" content=\"San Disma, il buon ladrone andato in paradiso - Holyblog\" \/>\n<meta property=\"og:description\" content=\"San Disma, il buon ladrone, il malfattore crocifisso al fianco di Ges\u00f9 che seppe meritare il Suo perdono e la promessa del paradiso. Ecco chi era\" \/>\n<meta property=\"og:url\" content=\"https:\/\/blog.holyart.it\/it\/santi-e-beati\/san-disma-il-buon-ladrone-andato-in-paradiso\/\" \/>\n<meta property=\"og:site_name\" content=\"Holyblog\" \/>\n<meta property=\"article:published_time\" content=\"2022-03-23T11:30:21+00:00\" \/>\n<meta property=\"article:modified_time\" content=\"2025-02-13T11:56:04+00:00\" \/>\n<meta property=\"og:image\" content=\"https:\/\/blog.holyart.it\/it\/wp-content\/uploads\/sites\/17\/2022\/03\/san-disma.jpg\" \/>\n\t<meta property=\"og:image:width\" content=\"1000\" \/>\n\t<meta property=\"og:image:height\" content=\"666\" \/>\n\t<meta property=\"og:image:type\" content=\"image\/jpeg\" \/>\n<meta name=\"author\" content=\"Redazione\" \/>\n<meta name=\"twitter:card\" content=\"summary_large_image\" \/>\n<meta name=\"twitter:label1\" content=\"Scritto da\" \/>\n\t<meta name=\"twitter:data1\" content=\"Redazione\" \/>\n\t<meta name=\"twitter:label2\" content=\"Tempo di lettura stimato\" \/>\n\t<meta name=\"twitter:data2\" content=\"9 minuti\" \/>\n<script type=\"application\/ld+json\" class=\"yoast-schema-graph\">{\"@context\":\"https:\/\/schema.org\",\"@graph\":[{\"@type\":\"Article\",\"@id\":\"https:\/\/blog.holyart.it\/it\/santi-e-beati\/san-disma-il-buon-ladrone-andato-in-paradiso\/#article\",\"isPartOf\":{\"@id\":\"https:\/\/blog.holyart.it\/it\/santi-e-beati\/san-disma-il-buon-ladrone-andato-in-paradiso\/\"},\"author\":{\"name\":\"Redazione\",\"@id\":\"https:\/\/blog.holyart.it\/it\/#\/schema\/person\/0a7b686e5af0f856ec1e390dd0baecda\"},\"headline\":\"San Disma, il buon ladrone andato in paradiso\",\"datePublished\":\"2022-03-23T11:30:21+00:00\",\"dateModified\":\"2025-02-13T11:56:04+00:00\",\"mainEntityOfPage\":{\"@id\":\"https:\/\/blog.holyart.it\/it\/santi-e-beati\/san-disma-il-buon-ladrone-andato-in-paradiso\/\"},\"wordCount\":1368,\"publisher\":{\"@id\":\"https:\/\/blog.holyart.it\/it\/#organization\"},\"image\":{\"@id\":\"https:\/\/blog.holyart.it\/it\/santi-e-beati\/san-disma-il-buon-ladrone-andato-in-paradiso\/#primaryimage\"},\"thumbnailUrl\":\"https:\/\/blog.holyart.it\/it\/wp-content\/uploads\/sites\/17\/2022\/03\/san-disma.jpg\",\"articleSection\":[\"Santi e beati\"],\"inLanguage\":\"it-IT\"},{\"@type\":\"WebPage\",\"@id\":\"https:\/\/blog.holyart.it\/it\/santi-e-beati\/san-disma-il-buon-ladrone-andato-in-paradiso\/\",\"url\":\"https:\/\/blog.holyart.it\/it\/santi-e-beati\/san-disma-il-buon-ladrone-andato-in-paradiso\/\",\"name\":\"San Disma, il buon ladrone andato in paradiso - Holyblog\",\"isPartOf\":{\"@id\":\"https:\/\/blog.holyart.it\/it\/#website\"},\"primaryImageOfPage\":{\"@id\":\"https:\/\/blog.holyart.it\/it\/santi-e-beati\/san-disma-il-buon-ladrone-andato-in-paradiso\/#primaryimage\"},\"image\":{\"@id\":\"https:\/\/blog.holyart.it\/it\/santi-e-beati\/san-disma-il-buon-ladrone-andato-in-paradiso\/#primaryimage\"},\"thumbnailUrl\":\"https:\/\/blog.holyart.it\/it\/wp-content\/uploads\/sites\/17\/2022\/03\/san-disma.jpg\",\"datePublished\":\"2022-03-23T11:30:21+00:00\",\"dateModified\":\"2025-02-13T11:56:04+00:00\",\"description\":\"San Disma, il buon ladrone, il malfattore crocifisso al fianco di Ges\u00f9 che seppe meritare il Suo perdono e la promessa del paradiso. Ecco chi era\",\"breadcrumb\":{\"@id\":\"https:\/\/blog.holyart.it\/it\/santi-e-beati\/san-disma-il-buon-ladrone-andato-in-paradiso\/#breadcrumb\"},\"inLanguage\":\"it-IT\",\"potentialAction\":[{\"@type\":\"ReadAction\",\"target\":[\"https:\/\/blog.holyart.it\/it\/santi-e-beati\/san-disma-il-buon-ladrone-andato-in-paradiso\/\"]}]},{\"@type\":\"ImageObject\",\"inLanguage\":\"it-IT\",\"@id\":\"https:\/\/blog.holyart.it\/it\/santi-e-beati\/san-disma-il-buon-ladrone-andato-in-paradiso\/#primaryimage\",\"url\":\"https:\/\/blog.holyart.it\/it\/wp-content\/uploads\/sites\/17\/2022\/03\/san-disma.jpg\",\"contentUrl\":\"https:\/\/blog.holyart.it\/it\/wp-content\/uploads\/sites\/17\/2022\/03\/san-disma.jpg\",\"width\":1000,\"height\":666,\"caption\":\"san disma\"},{\"@type\":\"BreadcrumbList\",\"@id\":\"https:\/\/blog.holyart.it\/it\/santi-e-beati\/san-disma-il-buon-ladrone-andato-in-paradiso\/#breadcrumb\",\"itemListElement\":[{\"@type\":\"ListItem\",\"position\":1,\"name\":\"Homepage\",\"item\":\"https:\/\/blog.holyart.it\/it\/\"},{\"@type\":\"ListItem\",\"position\":2,\"name\":\"Santi e beati\",\"item\":\"https:\/\/blog.holyart.it\/it\/santi-e-beati\/\"},{\"@type\":\"ListItem\",\"position\":3,\"name\":\"San Disma, il buon ladrone andato in paradiso\"}]},{\"@type\":\"WebSite\",\"@id\":\"https:\/\/blog.holyart.it\/it\/#website\",\"url\":\"https:\/\/blog.holyart.it\/it\/\",\"name\":\"Holyblog\",\"description\":\"Il Blog di Holyart.it\",\"publisher\":{\"@id\":\"https:\/\/blog.holyart.it\/it\/#organization\"},\"potentialAction\":[{\"@type\":\"SearchAction\",\"target\":{\"@type\":\"EntryPoint\",\"urlTemplate\":\"https:\/\/blog.holyart.it\/it\/?s={search_term_string}\"},\"query-input\":{\"@type\":\"PropertyValueSpecification\",\"valueRequired\":true,\"valueName\":\"search_term_string\"}}],\"inLanguage\":\"it-IT\"},{\"@type\":\"Organization\",\"@id\":\"https:\/\/blog.holyart.it\/it\/#organization\",\"name\":\"Holyblog\",\"url\":\"https:\/\/blog.holyart.it\/it\/\",\"logo\":{\"@type\":\"ImageObject\",\"inLanguage\":\"it-IT\",\"@id\":\"https:\/\/blog.holyart.it\/it\/#\/schema\/logo\/image\/\",\"url\":\"https:\/\/blog.holyart.it\/it\/wp-content\/uploads\/sites\/17\/2022\/12\/Holyart_Blog_Logo.jpg\",\"contentUrl\":\"https:\/\/blog.holyart.it\/it\/wp-content\/uploads\/sites\/17\/2022\/12\/Holyart_Blog_Logo.jpg\",\"width\":300,\"height\":50,\"caption\":\"Holyblog\"},\"image\":{\"@id\":\"https:\/\/blog.holyart.it\/it\/#\/schema\/logo\/image\/\"}},{\"@type\":\"Person\",\"@id\":\"https:\/\/blog.holyart.it\/it\/#\/schema\/person\/0a7b686e5af0f856ec1e390dd0baecda\",\"name\":\"Redazione\"}]}<\/script>\n<!-- \/ Yoast SEO plugin. -->","yoast_head_json":{"title":"San Disma, il buon ladrone andato in paradiso - Holyblog","description":"San Disma, il buon ladrone, il malfattore crocifisso al fianco di Ges\u00f9 che seppe meritare il Suo perdono e la promessa del paradiso. Ecco chi era","robots":{"index":"index","follow":"follow","max-snippet":"max-snippet:-1","max-image-preview":"max-image-preview:large","max-video-preview":"max-video-preview:-1"},"canonical":"https:\/\/blog.holyart.it\/it\/santi-e-beati\/san-disma-il-buon-ladrone-andato-in-paradiso\/","og_locale":"it_IT","og_type":"article","og_title":"San Disma, il buon ladrone andato in paradiso - Holyblog","og_description":"San Disma, il buon ladrone, il malfattore crocifisso al fianco di Ges\u00f9 che seppe meritare il Suo perdono e la promessa del paradiso. Ecco chi era","og_url":"https:\/\/blog.holyart.it\/it\/santi-e-beati\/san-disma-il-buon-ladrone-andato-in-paradiso\/","og_site_name":"Holyblog","article_published_time":"2022-03-23T11:30:21+00:00","article_modified_time":"2025-02-13T11:56:04+00:00","og_image":[{"width":1000,"height":666,"url":"https:\/\/blog.holyart.it\/it\/wp-content\/uploads\/sites\/17\/2022\/03\/san-disma.jpg","type":"image\/jpeg"}],"author":"Redazione","twitter_card":"summary_large_image","twitter_misc":{"Scritto da":"Redazione","Tempo di lettura stimato":"9 minuti"},"schema":{"@context":"https:\/\/schema.org","@graph":[{"@type":"Article","@id":"https:\/\/blog.holyart.it\/it\/santi-e-beati\/san-disma-il-buon-ladrone-andato-in-paradiso\/#article","isPartOf":{"@id":"https:\/\/blog.holyart.it\/it\/santi-e-beati\/san-disma-il-buon-ladrone-andato-in-paradiso\/"},"author":{"name":"Redazione","@id":"https:\/\/blog.holyart.it\/it\/#\/schema\/person\/0a7b686e5af0f856ec1e390dd0baecda"},"headline":"San Disma, il buon ladrone andato in paradiso","datePublished":"2022-03-23T11:30:21+00:00","dateModified":"2025-02-13T11:56:04+00:00","mainEntityOfPage":{"@id":"https:\/\/blog.holyart.it\/it\/santi-e-beati\/san-disma-il-buon-ladrone-andato-in-paradiso\/"},"wordCount":1368,"publisher":{"@id":"https:\/\/blog.holyart.it\/it\/#organization"},"image":{"@id":"https:\/\/blog.holyart.it\/it\/santi-e-beati\/san-disma-il-buon-ladrone-andato-in-paradiso\/#primaryimage"},"thumbnailUrl":"https:\/\/blog.holyart.it\/it\/wp-content\/uploads\/sites\/17\/2022\/03\/san-disma.jpg","articleSection":["Santi e beati"],"inLanguage":"it-IT"},{"@type":"WebPage","@id":"https:\/\/blog.holyart.it\/it\/santi-e-beati\/san-disma-il-buon-ladrone-andato-in-paradiso\/","url":"https:\/\/blog.holyart.it\/it\/santi-e-beati\/san-disma-il-buon-ladrone-andato-in-paradiso\/","name":"San Disma, il buon ladrone andato in paradiso - Holyblog","isPartOf":{"@id":"https:\/\/blog.holyart.it\/it\/#website"},"primaryImageOfPage":{"@id":"https:\/\/blog.holyart.it\/it\/santi-e-beati\/san-disma-il-buon-ladrone-andato-in-paradiso\/#primaryimage"},"image":{"@id":"https:\/\/blog.holyart.it\/it\/santi-e-beati\/san-disma-il-buon-ladrone-andato-in-paradiso\/#primaryimage"},"thumbnailUrl":"https:\/\/blog.holyart.it\/it\/wp-content\/uploads\/sites\/17\/2022\/03\/san-disma.jpg","datePublished":"2022-03-23T11:30:21+00:00","dateModified":"2025-02-13T11:56:04+00:00","description":"San Disma, il buon ladrone, il malfattore crocifisso al fianco di Ges\u00f9 che seppe meritare il Suo perdono e la promessa del paradiso. Ecco chi era","breadcrumb":{"@id":"https:\/\/blog.holyart.it\/it\/santi-e-beati\/san-disma-il-buon-ladrone-andato-in-paradiso\/#breadcrumb"},"inLanguage":"it-IT","potentialAction":[{"@type":"ReadAction","target":["https:\/\/blog.holyart.it\/it\/santi-e-beati\/san-disma-il-buon-ladrone-andato-in-paradiso\/"]}]},{"@type":"ImageObject","inLanguage":"it-IT","@id":"https:\/\/blog.holyart.it\/it\/santi-e-beati\/san-disma-il-buon-ladrone-andato-in-paradiso\/#primaryimage","url":"https:\/\/blog.holyart.it\/it\/wp-content\/uploads\/sites\/17\/2022\/03\/san-disma.jpg","contentUrl":"https:\/\/blog.holyart.it\/it\/wp-content\/uploads\/sites\/17\/2022\/03\/san-disma.jpg","width":1000,"height":666,"caption":"san disma"},{"@type":"BreadcrumbList","@id":"https:\/\/blog.holyart.it\/it\/santi-e-beati\/san-disma-il-buon-ladrone-andato-in-paradiso\/#breadcrumb","itemListElement":[{"@type":"ListItem","position":1,"name":"Homepage","item":"https:\/\/blog.holyart.it\/it\/"},{"@type":"ListItem","position":2,"name":"Santi e beati","item":"https:\/\/blog.holyart.it\/it\/santi-e-beati\/"},{"@type":"ListItem","position":3,"name":"San Disma, il buon ladrone andato in paradiso"}]},{"@type":"WebSite","@id":"https:\/\/blog.holyart.it\/it\/#website","url":"https:\/\/blog.holyart.it\/it\/","name":"Holyblog","description":"Il Blog di Holyart.it","publisher":{"@id":"https:\/\/blog.holyart.it\/it\/#organization"},"potentialAction":[{"@type":"SearchAction","target":{"@type":"EntryPoint","urlTemplate":"https:\/\/blog.holyart.it\/it\/?s={search_term_string}"},"query-input":{"@type":"PropertyValueSpecification","valueRequired":true,"valueName":"search_term_string"}}],"inLanguage":"it-IT"},{"@type":"Organization","@id":"https:\/\/blog.holyart.it\/it\/#organization","name":"Holyblog","url":"https:\/\/blog.holyart.it\/it\/","logo":{"@type":"ImageObject","inLanguage":"it-IT","@id":"https:\/\/blog.holyart.it\/it\/#\/schema\/logo\/image\/","url":"https:\/\/blog.holyart.it\/it\/wp-content\/uploads\/sites\/17\/2022\/12\/Holyart_Blog_Logo.jpg","contentUrl":"https:\/\/blog.holyart.it\/it\/wp-content\/uploads\/sites\/17\/2022\/12\/Holyart_Blog_Logo.jpg","width":300,"height":50,"caption":"Holyblog"},"image":{"@id":"https:\/\/blog.holyart.it\/it\/#\/schema\/logo\/image\/"}},{"@type":"Person","@id":"https:\/\/blog.holyart.it\/it\/#\/schema\/person\/0a7b686e5af0f856ec1e390dd0baecda","name":"Redazione"}]}},"_links":{"self":[{"href":"https:\/\/blog.holyart.it\/it\/wp-json\/wp\/v2\/posts\/14943","targetHints":{"allow":["GET"]}}],"collection":[{"href":"https:\/\/blog.holyart.it\/it\/wp-json\/wp\/v2\/posts"}],"about":[{"href":"https:\/\/blog.holyart.it\/it\/wp-json\/wp\/v2\/types\/post"}],"author":[{"embeddable":true,"href":"https:\/\/blog.holyart.it\/it\/wp-json\/wp\/v2\/users\/1"}],"replies":[{"embeddable":true,"href":"https:\/\/blog.holyart.it\/it\/wp-json\/wp\/v2\/comments?post=14943"}],"version-history":[{"count":1,"href":"https:\/\/blog.holyart.it\/it\/wp-json\/wp\/v2\/posts\/14943\/revisions"}],"predecessor-version":[{"id":17359,"href":"https:\/\/blog.holyart.it\/it\/wp-json\/wp\/v2\/posts\/14943\/revisions\/17359"}],"wp:featuredmedia":[{"embeddable":true,"href":"https:\/\/blog.holyart.it\/it\/wp-json\/wp\/v2\/media\/14953"}],"wp:attachment":[{"href":"https:\/\/blog.holyart.it\/it\/wp-json\/wp\/v2\/media?parent=14943"}],"wp:term":[{"taxonomy":"category","embeddable":true,"href":"https:\/\/blog.holyart.it\/it\/wp-json\/wp\/v2\/categories?post=14943"},{"taxonomy":"post_tag","embeddable":true,"href":"https:\/\/blog.holyart.it\/it\/wp-json\/wp\/v2\/tags?post=14943"}],"curies":[{"name":"wp","href":"https:\/\/api.w.org\/{rel}","templated":true}]}}