{"id":14903,"date":"2022-03-14T12:30:06","date_gmt":"2022-03-14T11:30:06","guid":{"rendered":"https:\/\/blog.holyart.it\/it\/?p=14903"},"modified":"2025-03-19T17:26:47","modified_gmt":"2025-03-19T16:26:47","slug":"il-mistero-del-velo-della-veronica-il-telo-con-limpronta-del-volto-di-gesu","status":"publish","type":"post","link":"https:\/\/blog.holyart.it\/it\/pasqua\/il-mistero-del-velo-della-veronica-il-telo-con-limpronta-del-volto-di-gesu\/","title":{"rendered":"Il mistero del Velo della Veronica, il telo con l\u2019impronta del volto di Ges\u00f9"},"content":{"rendered":"<h4>Il Velo della Veronica \u00e8 una delle reliquie pi\u00f9 misteriose e affascinanti della storia della cristianit\u00e0. Da dove nasce la leggenda del velo con impresso il volto di Cristo?<\/h4>\n\n<p>Sebbene il nome Veronica non venga menzionato in nessuno dei Vangeli canonici essa \u00e8 citata in diversi Vangeli apocrifi e documenti storici e devozionali dal VII secolo d.C. in poi. La tradizione la indica come una giovane donna che seguiva la penosa <a href=\"https:\/\/www.holyart.it\/it\/occasioni-speciali\/pasqua-e-quaresima\/presepe-pasquale\/salita-al-calvario-passione-gesu-statue-9-cm\"><strong>salita di Ges\u00f9 con la Croce<\/strong><\/a> sul Golgota e che, impietosita, gli asciug\u00f2 il volto imbrattato di sudore, lacrime e sangue. Su quel telo di lino rimase impresso il volto di Cristo. A questo episodio \u00e8 dedicata la sesta stazione della <a href=\"https:\/\/www.holyart.it\/it\/accessori-per-la-liturgia\/arredi-sacri\/via-crucis\"><strong>Via Crucis<\/strong><\/a>. Nasce cos\u00ec il <strong>Velo della Veronica<\/strong>, una delle reliquie pi\u00f9 enigmatiche della storia della cristianit\u00e0, alla base di molte forme devozionali e origine di innumerevoli leggende.<\/p>\n<div class=\"link-product\">\n<div class=\"blocco-immagine\"><img loading=\"lazy\" decoding=\"async\" class=\"size-full wp-image-14907 alignleft\" src=\"https:\/\/blog.holyart.it\/it\/wp-content\/uploads\/sites\/17\/2022\/03\/via-crucis-tavole-ogivali-legno-15-stazioni-1.jpg\" alt=\"via crucis tavole ogivali legno 15 stazioni\" width=\"100\" height=\"100\" data-kale-share-title=\"Il mistero del Velo della Veronica, il telo con l\u2019impronta del volto di Ges\u00f9\" data-kale-share-url=\"https:\/\/blog.holyart.it\/it\/?p=14903\" \/><\/div>\n<div class=\"blocco-contenuto\">\n<div class=\"blocco-acquista\">Acquista su Holyart:<\/div>\n<div class=\"blocco-titolo\"><a href=\"https:\/\/www.holyart.it\/it\/accessori-per-la-liturgia\/arredi-sacri\/via-crucis\">Via Crucis<\/a><\/div>\n<div class=\"blocco-descrizione\">Categoria dedicata agli articoli rappresentanti la Via Crucis e le 15 stazioni.<\/div>\n<\/div>\n<\/div>\n<h2>Il Velo della Veronica: a chi apparteneva?<\/h2>\n<p>Esistono molte teorie pi\u00f9 o meno verosimili su cosa sia stato del Velo, o Telo della Veronica, o ancora Sudario della Veronica, dopo la <a href=\"https:\/\/www.holyart.it\/it\/occasioni-speciali\/pasqua-e-quaresima\/presepe-pasquale\/scena-crocifissione-soldato-maria-statue-9-cm\"><strong>Crocifissione di Ges\u00f9<\/strong><\/a>. L&#8217;ultima definizione \u00e8 peraltro errata, e rimanda inevitabilmente alla <strong>Sacra Sindone<\/strong>, ma il riferimento \u00e8 sbagliato, dal momento che la Sindone mostra la figura intera di Ges\u00f9, mentre il Velo mostrerebbe solo il Santo Volto. Per certi versi la storia del Velo della Veronica rimanda molto al <strong><em>mandylion<\/em> acheropita<\/strong>, l&#8217;immagine sacra <em>&#8220;non fatta da mani d&#8217;uomo&#8221;<\/em>. Abgar V Ukama, re di Edessa, gravemente malato, chiese a un suo messaggero di recarsi a fare un ritratto di Ges\u00f9, perch\u00e9 potesse guarirlo, ma Ges\u00f9, incontrato l&#8217;emissario, gli chiese un telo, con cui si asciug\u00f2 il volto, lasciandovi impressi i propri lineamenti. Nacque cos\u00ec il <em>mandylion<\/em>.<\/p>\n<div class=\"link-product\">\n<div class=\"blocco-immagine\"><img loading=\"lazy\" decoding=\"async\" class=\"size-full wp-image-14906 alignleft\" src=\"https:\/\/blog.holyart.it\/it\/wp-content\/uploads\/sites\/17\/2022\/03\/scena-crocifissione-soldato-maria-statue-9-cm.jpg\" alt=\"scena crocifissione soldato maria statue 9 cm\" width=\"100\" height=\"100\" data-kale-share-title=\"Il mistero del Velo della Veronica, il telo con l\u2019impronta del volto di Ges\u00f9\" data-kale-share-url=\"https:\/\/blog.holyart.it\/it\/?p=14903\" \/><\/div>\n<div class=\"blocco-contenuto\">\n<div class=\"blocco-acquista\">Acquista su Holyart:<\/div>\n<div class=\"blocco-titolo\"><a href=\"https:\/\/www.holyart.it\/it\/occasioni-speciali\/pasqua-e-quaresima\/presepe-pasquale\/scena-crocifissione-soldato-maria-statue-9-cm\">Scena Crocifissione soldato Maria statue 9 cm<\/a><\/div>\n<div class=\"blocco-descrizione\">Statuine rappresentanti il momento della crocifissione di Ges\u00f9 con pastori, soldati e Maria in ginocchio.<\/div>\n<\/div>\n<\/div>\n<p>In un&#8217;altra versione della storia il telo apparteneva a una donna di nome Veronica, seguace di Ges\u00f9. Ella desiderava avere un <strong>ritratto del Signore<\/strong>, e a tale scopo aveva acquistato un panno bianco per consegnarlo a un pittore che lo realizzasse per lei. Ma incontr\u00f2 Ges\u00f9 lungo la strada, ed Egli le chiese quel panno, se lo sfreg\u00f2 sul volto, e le don\u00f2 il tanto desiderato ritratto. Quella stessa effigie venne poi consegnata da Veronica al messo Volusiano, giunto a Gerusalemme per ordine dell&#8217;Imperatore Tiberio ammalato. Poich\u00e9 al suo arrivo Ges\u00f9 era gi\u00e0 stato crocifisso, il pover&#8217;uomo stava per fare ritorno a Roma a mani vuote, ma Veronica volle accompagnarlo, portando con s\u00e9 il suo velo, e non appena l&#8217;Imperatore vide la preziosa reliquia guar\u00ec all&#8217;istante. Un&#8217;iscrizione sui resti di uno scrigno conservato al Pantheon testimonia ancora oggi il viaggio di Veronica e l&#8217;arrivo a Roma di quello che qui viene definito il &#8220;sudario di Ges\u00f9 Cristo&#8221;.<\/p>\n<div class=\"link-product\">\n<div class=\"blocco-immagine\"><img loading=\"lazy\" decoding=\"async\" class=\"size-full wp-image-14905 alignleft\" src=\"https:\/\/blog.holyart.it\/it\/wp-content\/uploads\/sites\/17\/2022\/03\/salita-al-calvario-passione-gesu-statue-9-cm-1.jpg\" alt=\"salita al calvario passione gesu statue 9 cm\" width=\"100\" height=\"100\" data-kale-share-title=\"Il mistero del Velo della Veronica, il telo con l\u2019impronta del volto di Ges\u00f9\" data-kale-share-url=\"https:\/\/blog.holyart.it\/it\/?p=14903\" \/><\/div>\n<div class=\"blocco-contenuto\">\n<div class=\"blocco-acquista\">Acquista su Holyart:<\/div>\n<div class=\"blocco-titolo\"><a href=\"https:\/\/www.holyart.it\/it\/occasioni-speciali\/pasqua-e-quaresima\/presepe-pasquale\/salita-al-calvario-passione-gesu-statue-9-cm\">Salita al Calvario passione Ges\u00f9 statue 9 cm<\/a><\/div>\n<div class=\"blocco-descrizione\">Le statuine rappresentano il momento della passione di Cristo in cui questo \u00e8 costretto a portare in spalla la Croce.<\/div>\n<\/div>\n<\/div>\n<p>In seguito la reliquia venne fatta inserire da Papa Urbano VIII in una delle quattro cappelle nei pilastri che sostengono la cupola della <strong>Basilica di San Pietro<\/strong>.<\/p>\n<h2>La\u00a0guarigione dell&#8217;emorroissa<\/h2>\n<p>Veronica viene spesso confusa con un&#8217;altra figura femminile citata nei Vangeli. Si tratta di Berenice, meglio nota come l&#8217;<strong>emorroissa<\/strong>, una donna che Cristo guar\u00ec da interminabili emorragie. L&#8217;episodio \u00e8 citato nei <a href=\"https:\/\/www.holyart.it\/it\/articoli-religiosi\/libri-e-testi-sacri\/vangeli\"><strong>Vangeli sinottici<\/strong><\/a> (Matteo 9,20-22; Marco 5,25-34; Luca 8,43-48). La confusione nascerebbe dal fatto che i nomi delle due donne hanno <strong>la stessa etimologia<\/strong>. Infatti Veronica non \u00e8 altro che la traduzione latina del nome greco <em>Pherenike <\/em>o <em>Berenike<\/em>, il cui significato \u00e8 <em>fere nike<\/em>, &#8220;che porta vittoria&#8221;. Il nome Veronica deriva dalla forma latina di questo nome, ovvero <em>Bernice<\/em>, che mantiene il significato di \u201cportatrice di vittoria\u201d o \u201ccolei che conduce alla vittoria\u201d. Tuttavia nel tempo Bernice \u00e8 stato alterato in Veronica, per adattarlo alla forma ecclesiastica <em>vera icona<\/em>, \u201cvera immagine\u201d. Il riferimento \u00e8 proprio al Velo della Veronica.<\/p>\n<div class=\"link-product\">\n<div class=\"blocco-immagine\"><img loading=\"lazy\" decoding=\"async\" class=\"size-full wp-image-14912 alignleft\" src=\"https:\/\/blog.holyart.it\/it\/wp-content\/uploads\/sites\/17\/2022\/03\/vangelo-e-atti-degli-apostoli-edizione-tascabile.jpg\" alt=\"vangelo e atti degli apostoli edizione tascabile\" width=\"100\" height=\"100\" data-kale-share-title=\"Il mistero del Velo della Veronica, il telo con l\u2019impronta del volto di Ges\u00f9\" data-kale-share-url=\"https:\/\/blog.holyart.it\/it\/?p=14903\" \/><\/div>\n<div class=\"blocco-contenuto\">\n<div class=\"blocco-acquista\">Acquista su Holyart:<\/div>\n<div class=\"blocco-titolo\"><a href=\"https:\/\/www.holyart.it\/it\/articoli-religiosi\/libri-e-testi-sacri\/vangeli\/vangelo-e-atti-degli-apostoli-edizione-tascabile\">Vangelo e Atti degli Apostoli edizione tascabile<\/a><\/div>\n<div class=\"blocco-descrizione\">Vangelo e Atti degli Apostoli. Nuova versione ufficiale della Conferenza Episcopale Italiana, edizione San Paolo.<\/div>\n<\/div>\n<\/div>\n<p>L&#8217;episodio evangelico racconta di <strong>una donna affetta da un&#8217;interminabile emorragia<\/strong> che tocc\u00f2 Ges\u00f9, mentre Questi si recava a casa di Giairo per guarirne la figlia ammalata. La donna, consapevole che il suo male la rendeva impura agli occhi di Dio e degli uomini, cerc\u00f2 di toccare Ges\u00f9 senza farsi accorgere, sfiorandogli il mantello, ma Lui si volt\u00f2, domand\u00f2 chi lo avesse toccato, e la donna tremante si fece avanti, spiegando il proprio gesto a annunciando che era guarita. Allora Ges\u00f9 le disse: <em>\u201cLa tua fede ti ha salvata, vai in pace\u201d.<\/em><\/p>\n<h2>Santa Veronica<\/h2>\n<p>Veronica sarebbe stata dunque una delle <strong><a href=\"https:\/\/www.holyart.it\/blog\/articoli-religiosi\/le-donne-nella-bibbia-gesu-e-il-rapporto-con-le-sue-discepole\/\">discepole di Ges\u00f9<\/a><\/strong>, una delle tante donne che seguiva Lui e gli Apostoli, per ascoltare la Parola e abbracciarne il messaggio di salvezza. Ma non ci sono informazioni certe a riguardo, e davvero potrebbe essersi trattato solo di una donna tra tante, mossa a compassione davanti alla sofferenza di un uomo innocente che veniva trascinato alla morte, al punto da farsi strada tra i suoi aguzzini per regalargli un ultimo momento di tenerezza e piet\u00e0. Il gesto di Veronica, di accostarsi a Ges\u00f9 per tergerli il viso, come avrebbe potuto fare a un fratello, a un parente, \u00e8 un esempio di misericordia per noi tutti.<\/p>\n<div class=\"link-article\">\n<p><img loading=\"lazy\" decoding=\"async\" class=\"size-full wp-image-14908 alignleft\" src=\"https:\/\/blog.holyart.it\/it\/wp-content\/uploads\/sites\/17\/2022\/03\/donne-nella-bibbia.jpeg\" alt=\"donne nella bibbia\" width=\"150\" height=\"99\" data-kale-share-title=\"Il mistero del Velo della Veronica, il telo con l\u2019impronta del volto di Ges\u00f9\" data-kale-share-url=\"https:\/\/blog.holyart.it\/it\/?p=14903\" \/><\/p>\n<div class=\"leggi-anche\">Leggi anche:<\/div>\n<p><strong><a href=\"https:\/\/www.holyart.it\/blog\/articoli-religiosi\/le-donne-nella-bibbia-gesu-e-il-rapporto-con-le-sue-discepole\/\">Le donne nella Bibbia: Ges\u00f9 e il rapporto con le sue discepole<\/a><\/strong><br \/>\nQual \u00e8 stato il ruolo delle donne nella storia della Salvezza? Scopriamo il rapporto di Ges\u00f9 con le sue discepole nel Vangelo&#8230;<\/p>\n<\/div>\n<p>Secondo la leggenda Veronica, dopo aver assistito alla <a href=\"https:\/\/www.holyart.it\/blog\/articoli-religiosi\/pasqua-nellarte-le-opere-piu-belle-che-rappresentano-la-passione-di-cristo\/\"><strong>Passione di Cristo<\/strong><\/a> e alla Sua Crocifissione, decise di dedicare la propria vita a diffondere la Sua Parola. Si un\u00ec agli Apostoli e poi viaggi\u00f2 attraverso l&#8217;Europa e si ferm\u00f2 a lungo in Francia, di cui oggi \u00e8 Santa protettrice, per convertire i Galli. La sua memoria liturgica cade il 12 luglio.<\/p>\n<div class=\"link-article\">\n<p><img loading=\"lazy\" decoding=\"async\" class=\"size-full wp-image-14910 alignleft\" src=\"https:\/\/blog.holyart.it\/it\/wp-content\/uploads\/sites\/17\/2022\/03\/pasqua-nellarte.jpg\" alt=\"pasqua nell'arte\" width=\"150\" height=\"99\" data-kale-share-title=\"Il mistero del Velo della Veronica, il telo con l\u2019impronta del volto di Ges\u00f9\" data-kale-share-url=\"https:\/\/blog.holyart.it\/it\/?p=14903\" \/><\/p>\n<div class=\"leggi-anche\">Leggi anche:<\/div>\n<p><strong><a href=\"https:\/\/www.holyart.it\/blog\/articoli-religiosi\/pasqua-nellarte-le-opere-piu-belle-che-rappresentano-la-passione-di-cristo\/\">Pasqua nell\u2019arte: le opere pi\u00f9 belle che rappresentano la Passione di Cristo<\/a><\/strong><br \/>\nPasqua \u00e8 forse la celebrazione pi\u00f9 importante per i cristiani cattolici&#8230;<\/p>\n<\/div>\n<h2>Il volto santo di Manoppello<\/h2>\n<p>Un&#8217;altra tradizione relativa al Velo di Veronica vuole che il \u201cSanto Volto\u201d sia stato portato a Manoppello in provincia di Pescara. Esami effettuati sulla reliquia rappresentante il volto di Cristo custodita qui fin dal 1506 dimostrano che sul tessuto non vi sono n\u00e9 colore n\u00e9 pigmenti, e dunque non ci si spiega come l&#8217;immagine sia stata impressa su di esso. Inoltre le dimensioni del volto di Manoppello coincidono con quelle della Sacra Sindone. Fu un pellegrino misterioso a portare il cimelio a Manoppello, e di lui non si sa nulla.<\/p>\n","protected":false},"excerpt":{"rendered":"<p>Il Velo della Veronica \u00e8 una delle reliquie pi\u00f9 misteriose e affascinanti della storia della cristianit\u00e0. Da dove nasce la leggenda del velo con impresso il volto di Cristo? Sebbene il nome Veronica non venga menzionato in nessuno dei Vangeli canonici essa \u00e8 citata in&hellip;<\/p>\n","protected":false},"author":1,"featured_media":14915,"comment_status":"closed","ping_status":"open","sticky":false,"template":"","format":"standard","meta":{"_acf_changed":false,"footnotes":""},"categories":[26,16,15],"tags":[],"class_list":["post-14903","post","type-post","status-publish","format-standard","has-post-thumbnail","hentry","category-pasqua","category-articoli-religiosi","category-santi-e-beati"],"acf":[],"yoast_head":"<!-- This site is optimized with the Yoast SEO plugin v26.6 - https:\/\/yoast.com\/wordpress\/plugins\/seo\/ -->\n<title>Il mistero del Velo della Veronica, il telo con l\u2019impronta del volto di Ges\u00f9<\/title>\n<meta name=\"description\" content=\"Il Velo della Veronica, da cui sono nate innumerevoli tradizioni devozionali, era un telo che recava impresso il volto di Ges\u00f9: ecco la sua storia\" \/>\n<meta name=\"robots\" content=\"index, follow, max-snippet:-1, max-image-preview:large, max-video-preview:-1\" \/>\n<link rel=\"canonical\" href=\"https:\/\/blog.holyart.it\/it\/pasqua\/il-mistero-del-velo-della-veronica-il-telo-con-limpronta-del-volto-di-gesu\/\" \/>\n<meta property=\"og:locale\" content=\"it_IT\" \/>\n<meta property=\"og:type\" content=\"article\" \/>\n<meta property=\"og:title\" content=\"Il mistero del Velo della Veronica, il telo con l\u2019impronta del volto di Ges\u00f9\" \/>\n<meta property=\"og:description\" content=\"Il Velo della Veronica, da cui sono nate innumerevoli tradizioni devozionali, era un telo che recava impresso il volto di Ges\u00f9: ecco la sua storia\" \/>\n<meta property=\"og:url\" content=\"https:\/\/blog.holyart.it\/it\/pasqua\/il-mistero-del-velo-della-veronica-il-telo-con-limpronta-del-volto-di-gesu\/\" \/>\n<meta property=\"og:site_name\" content=\"Holyblog\" \/>\n<meta property=\"article:published_time\" content=\"2022-03-14T11:30:06+00:00\" \/>\n<meta property=\"article:modified_time\" content=\"2025-03-19T16:26:47+00:00\" \/>\n<meta property=\"og:image\" content=\"https:\/\/blog.holyart.it\/it\/wp-content\/uploads\/sites\/17\/2022\/03\/velo-della-veronica.jpg\" \/>\n\t<meta property=\"og:image:width\" content=\"1000\" \/>\n\t<meta property=\"og:image:height\" content=\"666\" \/>\n\t<meta property=\"og:image:type\" content=\"image\/jpeg\" \/>\n<meta name=\"author\" content=\"Redazione\" \/>\n<meta name=\"twitter:card\" content=\"summary_large_image\" \/>\n<meta name=\"twitter:label1\" content=\"Scritto da\" \/>\n\t<meta name=\"twitter:data1\" content=\"Redazione\" \/>\n\t<meta name=\"twitter:label2\" content=\"Tempo di lettura stimato\" \/>\n\t<meta name=\"twitter:data2\" content=\"8 minuti\" \/>\n<script type=\"application\/ld+json\" class=\"yoast-schema-graph\">{\"@context\":\"https:\/\/schema.org\",\"@graph\":[{\"@type\":\"Article\",\"@id\":\"https:\/\/blog.holyart.it\/it\/pasqua\/il-mistero-del-velo-della-veronica-il-telo-con-limpronta-del-volto-di-gesu\/#article\",\"isPartOf\":{\"@id\":\"https:\/\/blog.holyart.it\/it\/pasqua\/il-mistero-del-velo-della-veronica-il-telo-con-limpronta-del-volto-di-gesu\/\"},\"author\":{\"name\":\"Redazione\",\"@id\":\"https:\/\/blog.holyart.it\/it\/#\/schema\/person\/0a7b686e5af0f856ec1e390dd0baecda\"},\"headline\":\"Il mistero del Velo della Veronica, il telo con l\u2019impronta del volto di Ges\u00f9\",\"datePublished\":\"2022-03-14T11:30:06+00:00\",\"dateModified\":\"2025-03-19T16:26:47+00:00\",\"mainEntityOfPage\":{\"@id\":\"https:\/\/blog.holyart.it\/it\/pasqua\/il-mistero-del-velo-della-veronica-il-telo-con-limpronta-del-volto-di-gesu\/\"},\"wordCount\":1110,\"publisher\":{\"@id\":\"https:\/\/blog.holyart.it\/it\/#organization\"},\"image\":{\"@id\":\"https:\/\/blog.holyart.it\/it\/pasqua\/il-mistero-del-velo-della-veronica-il-telo-con-limpronta-del-volto-di-gesu\/#primaryimage\"},\"thumbnailUrl\":\"https:\/\/blog.holyart.it\/it\/wp-content\/uploads\/sites\/17\/2022\/03\/velo-della-veronica.jpg\",\"articleSection\":[\"Pasqua\",\"Religione\",\"Santi e beati\"],\"inLanguage\":\"it-IT\"},{\"@type\":\"WebPage\",\"@id\":\"https:\/\/blog.holyart.it\/it\/pasqua\/il-mistero-del-velo-della-veronica-il-telo-con-limpronta-del-volto-di-gesu\/\",\"url\":\"https:\/\/blog.holyart.it\/it\/pasqua\/il-mistero-del-velo-della-veronica-il-telo-con-limpronta-del-volto-di-gesu\/\",\"name\":\"Il mistero del Velo della Veronica, il telo con l\u2019impronta del volto di Ges\u00f9\",\"isPartOf\":{\"@id\":\"https:\/\/blog.holyart.it\/it\/#website\"},\"primaryImageOfPage\":{\"@id\":\"https:\/\/blog.holyart.it\/it\/pasqua\/il-mistero-del-velo-della-veronica-il-telo-con-limpronta-del-volto-di-gesu\/#primaryimage\"},\"image\":{\"@id\":\"https:\/\/blog.holyart.it\/it\/pasqua\/il-mistero-del-velo-della-veronica-il-telo-con-limpronta-del-volto-di-gesu\/#primaryimage\"},\"thumbnailUrl\":\"https:\/\/blog.holyart.it\/it\/wp-content\/uploads\/sites\/17\/2022\/03\/velo-della-veronica.jpg\",\"datePublished\":\"2022-03-14T11:30:06+00:00\",\"dateModified\":\"2025-03-19T16:26:47+00:00\",\"description\":\"Il Velo della Veronica, da cui sono nate innumerevoli tradizioni devozionali, era un telo che recava impresso il volto di Ges\u00f9: ecco la sua storia\",\"breadcrumb\":{\"@id\":\"https:\/\/blog.holyart.it\/it\/pasqua\/il-mistero-del-velo-della-veronica-il-telo-con-limpronta-del-volto-di-gesu\/#breadcrumb\"},\"inLanguage\":\"it-IT\",\"potentialAction\":[{\"@type\":\"ReadAction\",\"target\":[\"https:\/\/blog.holyart.it\/it\/pasqua\/il-mistero-del-velo-della-veronica-il-telo-con-limpronta-del-volto-di-gesu\/\"]}]},{\"@type\":\"ImageObject\",\"inLanguage\":\"it-IT\",\"@id\":\"https:\/\/blog.holyart.it\/it\/pasqua\/il-mistero-del-velo-della-veronica-il-telo-con-limpronta-del-volto-di-gesu\/#primaryimage\",\"url\":\"https:\/\/blog.holyart.it\/it\/wp-content\/uploads\/sites\/17\/2022\/03\/velo-della-veronica.jpg\",\"contentUrl\":\"https:\/\/blog.holyart.it\/it\/wp-content\/uploads\/sites\/17\/2022\/03\/velo-della-veronica.jpg\",\"width\":1000,\"height\":666,\"caption\":\"velo della veronica\"},{\"@type\":\"BreadcrumbList\",\"@id\":\"https:\/\/blog.holyart.it\/it\/pasqua\/il-mistero-del-velo-della-veronica-il-telo-con-limpronta-del-volto-di-gesu\/#breadcrumb\",\"itemListElement\":[{\"@type\":\"ListItem\",\"position\":1,\"name\":\"Homepage\",\"item\":\"https:\/\/blog.holyart.it\/it\/\"},{\"@type\":\"ListItem\",\"position\":2,\"name\":\"Pasqua\",\"item\":\"https:\/\/blog.holyart.it\/it\/pasqua\/\"},{\"@type\":\"ListItem\",\"position\":3,\"name\":\"Il mistero del Velo della Veronica, il telo con l\u2019impronta del volto di Ges\u00f9\"}]},{\"@type\":\"WebSite\",\"@id\":\"https:\/\/blog.holyart.it\/it\/#website\",\"url\":\"https:\/\/blog.holyart.it\/it\/\",\"name\":\"Holyblog\",\"description\":\"Il Blog di Holyart.it\",\"publisher\":{\"@id\":\"https:\/\/blog.holyart.it\/it\/#organization\"},\"potentialAction\":[{\"@type\":\"SearchAction\",\"target\":{\"@type\":\"EntryPoint\",\"urlTemplate\":\"https:\/\/blog.holyart.it\/it\/?s={search_term_string}\"},\"query-input\":{\"@type\":\"PropertyValueSpecification\",\"valueRequired\":true,\"valueName\":\"search_term_string\"}}],\"inLanguage\":\"it-IT\"},{\"@type\":\"Organization\",\"@id\":\"https:\/\/blog.holyart.it\/it\/#organization\",\"name\":\"Holyblog\",\"url\":\"https:\/\/blog.holyart.it\/it\/\",\"logo\":{\"@type\":\"ImageObject\",\"inLanguage\":\"it-IT\",\"@id\":\"https:\/\/blog.holyart.it\/it\/#\/schema\/logo\/image\/\",\"url\":\"https:\/\/blog.holyart.it\/it\/wp-content\/uploads\/sites\/17\/2022\/12\/Holyart_Blog_Logo.jpg\",\"contentUrl\":\"https:\/\/blog.holyart.it\/it\/wp-content\/uploads\/sites\/17\/2022\/12\/Holyart_Blog_Logo.jpg\",\"width\":300,\"height\":50,\"caption\":\"Holyblog\"},\"image\":{\"@id\":\"https:\/\/blog.holyart.it\/it\/#\/schema\/logo\/image\/\"}},{\"@type\":\"Person\",\"@id\":\"https:\/\/blog.holyart.it\/it\/#\/schema\/person\/0a7b686e5af0f856ec1e390dd0baecda\",\"name\":\"Redazione\"}]}<\/script>\n<!-- \/ Yoast SEO plugin. -->","yoast_head_json":{"title":"Il mistero del Velo della Veronica, il telo con l\u2019impronta del volto di Ges\u00f9","description":"Il Velo della Veronica, da cui sono nate innumerevoli tradizioni devozionali, era un telo che recava impresso il volto di Ges\u00f9: ecco la sua storia","robots":{"index":"index","follow":"follow","max-snippet":"max-snippet:-1","max-image-preview":"max-image-preview:large","max-video-preview":"max-video-preview:-1"},"canonical":"https:\/\/blog.holyart.it\/it\/pasqua\/il-mistero-del-velo-della-veronica-il-telo-con-limpronta-del-volto-di-gesu\/","og_locale":"it_IT","og_type":"article","og_title":"Il mistero del Velo della Veronica, il telo con l\u2019impronta del volto di Ges\u00f9","og_description":"Il Velo della Veronica, da cui sono nate innumerevoli tradizioni devozionali, era un telo che recava impresso il volto di Ges\u00f9: ecco la sua storia","og_url":"https:\/\/blog.holyart.it\/it\/pasqua\/il-mistero-del-velo-della-veronica-il-telo-con-limpronta-del-volto-di-gesu\/","og_site_name":"Holyblog","article_published_time":"2022-03-14T11:30:06+00:00","article_modified_time":"2025-03-19T16:26:47+00:00","og_image":[{"width":1000,"height":666,"url":"https:\/\/blog.holyart.it\/it\/wp-content\/uploads\/sites\/17\/2022\/03\/velo-della-veronica.jpg","type":"image\/jpeg"}],"author":"Redazione","twitter_card":"summary_large_image","twitter_misc":{"Scritto da":"Redazione","Tempo di lettura stimato":"8 minuti"},"schema":{"@context":"https:\/\/schema.org","@graph":[{"@type":"Article","@id":"https:\/\/blog.holyart.it\/it\/pasqua\/il-mistero-del-velo-della-veronica-il-telo-con-limpronta-del-volto-di-gesu\/#article","isPartOf":{"@id":"https:\/\/blog.holyart.it\/it\/pasqua\/il-mistero-del-velo-della-veronica-il-telo-con-limpronta-del-volto-di-gesu\/"},"author":{"name":"Redazione","@id":"https:\/\/blog.holyart.it\/it\/#\/schema\/person\/0a7b686e5af0f856ec1e390dd0baecda"},"headline":"Il mistero del Velo della Veronica, il telo con l\u2019impronta del volto di Ges\u00f9","datePublished":"2022-03-14T11:30:06+00:00","dateModified":"2025-03-19T16:26:47+00:00","mainEntityOfPage":{"@id":"https:\/\/blog.holyart.it\/it\/pasqua\/il-mistero-del-velo-della-veronica-il-telo-con-limpronta-del-volto-di-gesu\/"},"wordCount":1110,"publisher":{"@id":"https:\/\/blog.holyart.it\/it\/#organization"},"image":{"@id":"https:\/\/blog.holyart.it\/it\/pasqua\/il-mistero-del-velo-della-veronica-il-telo-con-limpronta-del-volto-di-gesu\/#primaryimage"},"thumbnailUrl":"https:\/\/blog.holyart.it\/it\/wp-content\/uploads\/sites\/17\/2022\/03\/velo-della-veronica.jpg","articleSection":["Pasqua","Religione","Santi e beati"],"inLanguage":"it-IT"},{"@type":"WebPage","@id":"https:\/\/blog.holyart.it\/it\/pasqua\/il-mistero-del-velo-della-veronica-il-telo-con-limpronta-del-volto-di-gesu\/","url":"https:\/\/blog.holyart.it\/it\/pasqua\/il-mistero-del-velo-della-veronica-il-telo-con-limpronta-del-volto-di-gesu\/","name":"Il mistero del Velo della Veronica, il telo con l\u2019impronta del volto di Ges\u00f9","isPartOf":{"@id":"https:\/\/blog.holyart.it\/it\/#website"},"primaryImageOfPage":{"@id":"https:\/\/blog.holyart.it\/it\/pasqua\/il-mistero-del-velo-della-veronica-il-telo-con-limpronta-del-volto-di-gesu\/#primaryimage"},"image":{"@id":"https:\/\/blog.holyart.it\/it\/pasqua\/il-mistero-del-velo-della-veronica-il-telo-con-limpronta-del-volto-di-gesu\/#primaryimage"},"thumbnailUrl":"https:\/\/blog.holyart.it\/it\/wp-content\/uploads\/sites\/17\/2022\/03\/velo-della-veronica.jpg","datePublished":"2022-03-14T11:30:06+00:00","dateModified":"2025-03-19T16:26:47+00:00","description":"Il Velo della Veronica, da cui sono nate innumerevoli tradizioni devozionali, era un telo che recava impresso il volto di Ges\u00f9: ecco la sua storia","breadcrumb":{"@id":"https:\/\/blog.holyart.it\/it\/pasqua\/il-mistero-del-velo-della-veronica-il-telo-con-limpronta-del-volto-di-gesu\/#breadcrumb"},"inLanguage":"it-IT","potentialAction":[{"@type":"ReadAction","target":["https:\/\/blog.holyart.it\/it\/pasqua\/il-mistero-del-velo-della-veronica-il-telo-con-limpronta-del-volto-di-gesu\/"]}]},{"@type":"ImageObject","inLanguage":"it-IT","@id":"https:\/\/blog.holyart.it\/it\/pasqua\/il-mistero-del-velo-della-veronica-il-telo-con-limpronta-del-volto-di-gesu\/#primaryimage","url":"https:\/\/blog.holyart.it\/it\/wp-content\/uploads\/sites\/17\/2022\/03\/velo-della-veronica.jpg","contentUrl":"https:\/\/blog.holyart.it\/it\/wp-content\/uploads\/sites\/17\/2022\/03\/velo-della-veronica.jpg","width":1000,"height":666,"caption":"velo della veronica"},{"@type":"BreadcrumbList","@id":"https:\/\/blog.holyart.it\/it\/pasqua\/il-mistero-del-velo-della-veronica-il-telo-con-limpronta-del-volto-di-gesu\/#breadcrumb","itemListElement":[{"@type":"ListItem","position":1,"name":"Homepage","item":"https:\/\/blog.holyart.it\/it\/"},{"@type":"ListItem","position":2,"name":"Pasqua","item":"https:\/\/blog.holyart.it\/it\/pasqua\/"},{"@type":"ListItem","position":3,"name":"Il mistero del Velo della Veronica, il telo con l\u2019impronta del volto di Ges\u00f9"}]},{"@type":"WebSite","@id":"https:\/\/blog.holyart.it\/it\/#website","url":"https:\/\/blog.holyart.it\/it\/","name":"Holyblog","description":"Il Blog di Holyart.it","publisher":{"@id":"https:\/\/blog.holyart.it\/it\/#organization"},"potentialAction":[{"@type":"SearchAction","target":{"@type":"EntryPoint","urlTemplate":"https:\/\/blog.holyart.it\/it\/?s={search_term_string}"},"query-input":{"@type":"PropertyValueSpecification","valueRequired":true,"valueName":"search_term_string"}}],"inLanguage":"it-IT"},{"@type":"Organization","@id":"https:\/\/blog.holyart.it\/it\/#organization","name":"Holyblog","url":"https:\/\/blog.holyart.it\/it\/","logo":{"@type":"ImageObject","inLanguage":"it-IT","@id":"https:\/\/blog.holyart.it\/it\/#\/schema\/logo\/image\/","url":"https:\/\/blog.holyart.it\/it\/wp-content\/uploads\/sites\/17\/2022\/12\/Holyart_Blog_Logo.jpg","contentUrl":"https:\/\/blog.holyart.it\/it\/wp-content\/uploads\/sites\/17\/2022\/12\/Holyart_Blog_Logo.jpg","width":300,"height":50,"caption":"Holyblog"},"image":{"@id":"https:\/\/blog.holyart.it\/it\/#\/schema\/logo\/image\/"}},{"@type":"Person","@id":"https:\/\/blog.holyart.it\/it\/#\/schema\/person\/0a7b686e5af0f856ec1e390dd0baecda","name":"Redazione"}]}},"_links":{"self":[{"href":"https:\/\/blog.holyart.it\/it\/wp-json\/wp\/v2\/posts\/14903","targetHints":{"allow":["GET"]}}],"collection":[{"href":"https:\/\/blog.holyart.it\/it\/wp-json\/wp\/v2\/posts"}],"about":[{"href":"https:\/\/blog.holyart.it\/it\/wp-json\/wp\/v2\/types\/post"}],"author":[{"embeddable":true,"href":"https:\/\/blog.holyart.it\/it\/wp-json\/wp\/v2\/users\/1"}],"replies":[{"embeddable":true,"href":"https:\/\/blog.holyart.it\/it\/wp-json\/wp\/v2\/comments?post=14903"}],"version-history":[{"count":1,"href":"https:\/\/blog.holyart.it\/it\/wp-json\/wp\/v2\/posts\/14903\/revisions"}],"predecessor-version":[{"id":17398,"href":"https:\/\/blog.holyart.it\/it\/wp-json\/wp\/v2\/posts\/14903\/revisions\/17398"}],"wp:featuredmedia":[{"embeddable":true,"href":"https:\/\/blog.holyart.it\/it\/wp-json\/wp\/v2\/media\/14915"}],"wp:attachment":[{"href":"https:\/\/blog.holyart.it\/it\/wp-json\/wp\/v2\/media?parent=14903"}],"wp:term":[{"taxonomy":"category","embeddable":true,"href":"https:\/\/blog.holyart.it\/it\/wp-json\/wp\/v2\/categories?post=14903"},{"taxonomy":"post_tag","embeddable":true,"href":"https:\/\/blog.holyart.it\/it\/wp-json\/wp\/v2\/tags?post=14903"}],"curies":[{"name":"wp","href":"https:\/\/api.w.org\/{rel}","templated":true}]}}