{"id":14884,"date":"2022-03-16T12:30:01","date_gmt":"2022-03-16T11:30:01","guid":{"rendered":"https:\/\/blog.holyart.it\/it\/?p=14884"},"modified":"2025-09-30T14:08:34","modified_gmt":"2025-09-30T12:08:34","slug":"lanello-del-pescatore-e-il-rito-che-sancisce-linizio-del-pontificato","status":"publish","type":"post","link":"https:\/\/blog.holyart.it\/it\/articoli-religiosi\/lanello-del-pescatore-e-il-rito-che-sancisce-linizio-del-pontificato\/","title":{"rendered":"L\u2019anello del pescatore e il rito che sancisce l\u2019inizio del pontificato"},"content":{"rendered":"<h4>L&#8217;anello del Pescatore, una delle pi\u00f9 antiche tradizioni legate all&#8217;elezione del papa. Come \u00e8 fatto e a cosa serve?<\/h4>\n\n<p>Pochi oggetti legati alla religione e ai riti del cattolicesimo esprimono una valenza simbolica e una pienezza di senso e storia quanto l&#8217;<strong>anello del Pescatore<\/strong>, o <em>anello piscatorio<\/em>. Questo perch\u00e9 sulla superficie stessa dell&#8217;anello del papa \u00e8 impressa l&#8217;<a href=\"https:\/\/www.holyart.it\/it\/accessori-per-la-liturgia\/articoli-vescovili\/anello-vescovile-argento-925-apostolo-pietro\"><strong>immagine di San Pietro<\/strong><\/a> intento a gettare le reti da pesca dalla barca. Il riferimento al <strong>Vangelo di Luca <\/strong>(5,1-11) sorge immediato: sulle sponde del lago di Gen\u00e8saret, mentre \u00e8 intento a predicare la parola di Dio, Ges\u00f9 vide due barche ormeggiate e sal\u00ec su quella che apparteneva a un certo Simone, chiedendogli di prendere il largo e gettare le reti. Il pescatore lament\u00f2 il fatto che non avessero pescato nulla per tutta la notte, ma obbed\u00ec al monito di Ges\u00f9 e in pochi istanti le reti si riempirono di pesci. Davanti allo stupore di Simone, Ges\u00f9 gli comunic\u00f2 che da quel momento avrebbe fatto di lui un <strong>pescatore di uomini<\/strong>. Cos\u00ec Simone, futuro <strong>San Pietro Apostolo<\/strong>, insieme a Giacomo e Giovanni, figli di Zebed\u00e8o, tirarono le barche a terra, lasciarono tutto e Lo seguirono.<\/p>\n<div class=\"link-product\">\n<div class=\"blocco-immagine\"><img loading=\"lazy\" decoding=\"async\" class=\"size-full wp-image-14885 alignleft\" src=\"https:\/\/blog.holyart.it\/it\/wp-content\/uploads\/sites\/17\/2022\/03\/anello-vescovile-argento-925-apostolo-pietro.jpg\" alt=\"anello vescovile argento 925 apostolo pietro\" width=\"100\" height=\"100\" data-kale-share-title=\"L\u2019anello del pescatore e il rito che sancisce l\u2019inizio del pontificato\" data-kale-share-url=\"https:\/\/blog.holyart.it\/it\/?p=14884\" \/><\/div>\n<div class=\"blocco-contenuto\">\n<div class=\"blocco-acquista\">Acquista su Holyart:<\/div>\n<div class=\"blocco-titolo\"><a href=\"https:\/\/www.holyart.it\/it\/accessori-per-la-liturgia\/articoli-vescovili\/anello-vescovile-argento-925-apostolo-pietro\">Anello vescovile argento 925 Apostolo Pietro<\/a><\/div>\n<div class=\"blocco-descrizione\">Anello vescovile in argento 925, raffigura l&#8217;Apostolo Pietro nell&#8217;atto di gettare le reti.<\/div>\n<\/div>\n<\/div>\n<p>Sebbene la prima documentazione riguardo l&#8217;anello del Pescatore, come<strong> sigillo per la corrispondenza privata<\/strong> del pontefice, risalga al 1265, in una lettera scritta da papa Clemente IV al nipote Pietro Grossi, quella dell&#8217;anello del Pescatore \u00e8 una delle <strong>tradizioni legate all\u2019elezione papale<\/strong> <strong>pi\u00f9 antiche<\/strong>. \u00c8 probabile che gi\u00e0 nel 1100 il nuovo Papa ricevesse l&#8217;anello piscatorio al momento dell&#8217;ascesa al soglio pontificio e lo indossasse da quel momento all&#8217;anulare della mano destra.<\/p>\n<p>L&#8217;anello papale \u00e8 d&#8217;<strong>oro<\/strong>, con il <strong>nome del papa inciso lungo il bordo<\/strong> dell&#8217;effigie dell&#8217;apostolo Pietro. Nel corso della <strong>messa solenne<\/strong> per l&#8217;elezione del papa il cardinale camerlengo lo consegna al nuovo pontefice. Alla <a href=\"https:\/\/www.holyart.it\/blog\/articoli-religiosi\/le-tombe-dei-papi-e-tutto-quello-che-ce-da-sapere\/\"><strong>morte del papa<\/strong><\/a> lo stesso camerlengo distrugge l&#8217;anello del Pescatore con un martello d&#8217;argento di fronte agli altri cardinali. L&#8217;anello cos\u00ec spezzato viene conservato nei musei vaticani.<\/p>\n<div class=\"link-article\">\n<p><img loading=\"lazy\" decoding=\"async\" class=\"size-full wp-image-14887 alignleft\" src=\"https:\/\/blog.holyart.it\/it\/wp-content\/uploads\/sites\/17\/2022\/03\/tombe-papi.jpeg\" alt=\"tombe dei papi\" width=\"150\" height=\"99\" data-kale-share-title=\"L\u2019anello del pescatore e il rito che sancisce l\u2019inizio del pontificato\" data-kale-share-url=\"https:\/\/blog.holyart.it\/it\/?p=14884\" \/><\/p>\n<div class=\"leggi-anche\">Leggi anche:<\/div>\n<p><strong><a href=\"https:\/\/www.holyart.it\/blog\/articoli-religiosi\/le-tombe-dei-papi-e-tutto-quello-che-ce-da-sapere\/\">Le tombe dei papi e tutto quello che c\u2019\u00e8 da sapere<\/a><\/strong><br \/>\nDove si trovano le tombe dei papi? Scopriamo dove vengono sepolti da secoli i sommi pontefici e come avviene la loro sepoltura&#8230;<\/p>\n<\/div>\n<h2>Gli usi dell\u2019anello nella storia<\/h2>\n<p>Ma a cosa serve l&#8217;anello del Pescatore? Non si tratta solo di un gioiello o un&#8217;insegna, o almeno non era cos\u00ec in passato. Il <strong>bacio dell&#8217;anello<\/strong> era una pratica molto diffusa negli ambienti laici, dove re e imperatori lo esigevano come segno di rispetto da parte dei vassalli e dei sudditi. \u00c8 presumibile che tale tradizione sia passata anche ai papi, considerando quanto fosse importante il loro ruolo nelle questioni secolari nei tempi antichi.\u00a0Oggi in effetti l&#8217;anello del Pescatore ha una funzione soprattutto simbolica, ma nell&#8217;antichit\u00e0 aveva anche utilizzi molto specifici e imprescindibili. Il fatto che venga distrutto alla morte del papa, per esempio, ha una spiegazione che diventa immediatamente chiara se pensiamo che fino al 1842 l&#8217;anello piscatorio veniva usato dal papa come <strong>sigillo<\/strong> per tutta la propria corrispondenza privata e per documenti di minore importanza della <a href=\"https:\/\/www.holyart.it\/blog\/articoli-religiosi\/san-pietro-in-vaticano-chiesa-simbolo-di-tutto-il-mondo-cristiano\/\"><strong>Santa Sede<\/strong><\/a>, che tuttavia erano stati scritti dal lui o almeno portavano la sua firma (<em>sub anulo piscatoris<\/em> \u00e8 una formula ricorrente in questi documenti e indica proprio questa pratica). A differenza dei documenti pi\u00f9 importanti e ufficiali che venivano sigillati con il <strong>piombo fuso<\/strong> (bolla papale), sui documenti meno importanti e pi\u00f9 privati veniva impressa l&#8217;effigie dell&#8217;anello del Pescatore sulla <strong>ceralacca calda<\/strong>. Distruggendo l&#8217;anello dopo la morte del papa si evitava che qualcuno potesse appropriarsene e usarlo indebitamente per legittimare documenti successivi. Oggi la distruzione dell&#8217;anello indica che il mandato papale \u00e8 finito e che la sede \u00e8 vacante.<\/p>\n<div class=\"link-article\">\n<p><img loading=\"lazy\" decoding=\"async\" class=\"size-full wp-image-14889 alignleft\" src=\"https:\/\/blog.holyart.it\/it\/wp-content\/uploads\/sites\/17\/2022\/03\/san-pietro-basilica.jpeg\" alt=\"basilica si san pietro\" width=\"150\" height=\"100\" data-kale-share-title=\"L\u2019anello del pescatore e il rito che sancisce l\u2019inizio del pontificato\" data-kale-share-url=\"https:\/\/blog.holyart.it\/it\/?p=14884\" \/><\/p>\n<div class=\"leggi-anche\">Leggi anche:<\/div>\n<p><strong><a href=\"https:\/\/www.holyart.it\/blog\/articoli-religiosi\/san-pietro-in-vaticano-chiesa-simbolo-di-tutto-il-mondo-cristiano\/\">San Pietro in Vaticano: Chiesa simbolo di tutto il mondo cristiano<\/a><\/strong><br \/>\nSan Pietro in Vaticano \u00e8 una basilica piena di significati, misteri e&#8230;<\/p>\n<\/div>\n<h2>L\u2019anello del pescatore di Papa Francesco<\/h2>\n<p>Quando il <a href=\"https:\/\/www.holyart.it\/blog\/articoli-religiosi\/anniversario-elezione-papa-francesco\/\"><strong>19 marzo 2013<\/strong><\/a> l&#8217;allora Decano del Collegio Cardinalizio, Angelo Sodano, ha infilato l&#8217;anello papale al cardinale Bergoglio, elevandolo cos\u00ec al soglio pontificio come Papa Francesco, non lo ha fatto usando un anello d&#8217;oro, ma d&#8217;<strong>argento<\/strong>.<\/p>\n<div class=\"link-article\">\n<p><img loading=\"lazy\" decoding=\"async\" class=\"size-full wp-image-14886 alignleft\" src=\"https:\/\/blog.holyart.it\/it\/wp-content\/uploads\/sites\/17\/2022\/03\/Papa-Francesco.jpg\" alt=\"Papa Francesco\" width=\"150\" height=\"99\" data-kale-share-title=\"L\u2019anello del pescatore e il rito che sancisce l\u2019inizio del pontificato\" data-kale-share-url=\"https:\/\/blog.holyart.it\/it\/?p=14884\" \/><\/p>\n<div class=\"leggi-anche\">Leggi anche:<\/div>\n<p><strong><a href=\"https:\/\/www.holyart.it\/blog\/articoli-religiosi\/anniversario-elezione-papa-francesco\/\">Anniversario elezione di Papa Francesco<\/a><\/strong><br \/>\nLa rivoluzione pacifica di Papa Francesco. In occasione del quinto anniversario dalla sua elezione, da poco celebrata&#8230;<\/p>\n<\/div>\n<p>Gi\u00e0 prima di <strong><a href=\"https:\/\/www.holyart.it\/it\/occasioni-speciali\/papa-francesco\">Papa Francesco<\/a><\/strong> altri papi avevano voluto cambiare questa tradizione secolare: <strong>Giovanni Paolo II<\/strong>, per esempio, non ha voluto che il suo anello venisse distrutto, ma lo invi\u00f2 all\u2019arcivescovo di Cracovia perch\u00e9 lo mettesse nella chiesa dei Carmelitani Scalzi della sua citt\u00e0 natale, Wadowice. Anche <a href=\"https:\/\/www.holyart.it\/it\/occasioni-speciali\/benedetto-xvi\"><strong>Benedetto XVI<\/strong><\/a>, quando rinunci\u00f2 al pontificato, non fece distruggere l&#8217;anello, ma lo fece solo incidere con uno scalpello perch\u00e9 non fosse pi\u00f9 utilizzabile, secondo una pratica chiamata <em>rigatura<\/em>.<\/p>\n<div class=\"link-product\">\n<div class=\"blocco-immagine\"><img loading=\"lazy\" decoding=\"async\" class=\"size-full wp-image-14888 alignleft\" src=\"https:\/\/blog.holyart.it\/it\/wp-content\/uploads\/sites\/17\/2022\/03\/collana-croce-papa-francesco-metallo-8x5.jpg\" alt=\"collana croce papa francesco metallo 8x5\" width=\"100\" height=\"100\" data-kale-share-title=\"L\u2019anello del pescatore e il rito che sancisce l\u2019inizio del pontificato\" data-kale-share-url=\"https:\/\/blog.holyart.it\/it\/?p=14884\" \/><\/div>\n<div class=\"blocco-contenuto\">\n<div class=\"blocco-acquista\">Acquista su Holyart:<\/div>\n<div class=\"blocco-titolo\"><a href=\"https:\/\/www.holyart.it\/it\/articoli-religiosi\/pendenti-croci-tau-medaglie\/pendenti-croce-metallo\/collana-croce-papa-francesco-metallo-8x5\">Collana Croce Papa Francesco metallo 8&#215;5<\/a><\/div>\n<div class=\"blocco-descrizione\">Collana croce di Papa Francesco in metallo di dimensioni 8&#215;5 cm, con corda marrone.<\/div>\n<\/div>\n<\/div>\n<p>La scelta di <strong>Papa Bergoglio<\/strong> ha rappresentato un segno di rottura molto significativo, che ha chiarito fin da subito la sua posizione riguardo alle tradizioni e la sua volont\u00e0 di rinnovare molti aspetti puramente simbolici della Chiesa a favore di una maggior attenzione verso i deboli, i bisognosi, i poveri.<\/p>\n","protected":false},"excerpt":{"rendered":"<p>L&#8217;anello del Pescatore, una delle pi\u00f9 antiche tradizioni legate all&#8217;elezione del papa. Come \u00e8 fatto e a cosa serve? Pochi oggetti legati alla religione e ai riti del cattolicesimo esprimono una valenza simbolica e una pienezza di senso e storia quanto l&#8217;anello del Pescatore, o&hellip;<\/p>\n","protected":false},"author":1,"featured_media":14892,"comment_status":"closed","ping_status":"open","sticky":false,"template":"","format":"standard","meta":{"_acf_changed":false,"footnotes":""},"categories":[16],"tags":[],"class_list":["post-14884","post","type-post","status-publish","format-standard","has-post-thumbnail","hentry","category-articoli-religiosi"],"acf":[],"yoast_head":"<!-- This site is optimized with the Yoast SEO plugin v26.6 - https:\/\/yoast.com\/wordpress\/plugins\/seo\/ -->\n<title>L\u2019anello del pescatore e il rito che sancisce l\u2019inizio del pontificato - Holyblog<\/title>\n<meta name=\"description\" content=\"L&#039;anello del Pescatore \u00e8 una delle insegne pontificie pi\u00f9 antiche e ricche di significato. Scopriamo quando viene consegnato e a cosa serviva anticamente\" \/>\n<meta name=\"robots\" content=\"index, follow, max-snippet:-1, max-image-preview:large, max-video-preview:-1\" \/>\n<link rel=\"canonical\" href=\"https:\/\/blog.holyart.it\/it\/articoli-religiosi\/lanello-del-pescatore-e-il-rito-che-sancisce-linizio-del-pontificato\/\" \/>\n<meta property=\"og:locale\" content=\"it_IT\" \/>\n<meta property=\"og:type\" content=\"article\" \/>\n<meta property=\"og:title\" content=\"L\u2019anello del pescatore e il rito che sancisce l\u2019inizio del pontificato - Holyblog\" \/>\n<meta property=\"og:description\" content=\"L&#039;anello del Pescatore \u00e8 una delle insegne pontificie pi\u00f9 antiche e ricche di significato. Scopriamo quando viene consegnato e a cosa serviva anticamente\" \/>\n<meta property=\"og:url\" content=\"https:\/\/blog.holyart.it\/it\/articoli-religiosi\/lanello-del-pescatore-e-il-rito-che-sancisce-linizio-del-pontificato\/\" \/>\n<meta property=\"og:site_name\" content=\"Holyblog\" \/>\n<meta property=\"article:published_time\" content=\"2022-03-16T11:30:01+00:00\" \/>\n<meta property=\"article:modified_time\" content=\"2025-09-30T12:08:34+00:00\" \/>\n<meta property=\"og:image\" content=\"https:\/\/blog.holyart.it\/it\/wp-content\/uploads\/sites\/17\/2022\/03\/elezione-papa.jpg\" \/>\n\t<meta property=\"og:image:width\" content=\"1000\" \/>\n\t<meta property=\"og:image:height\" content=\"666\" \/>\n\t<meta property=\"og:image:type\" content=\"image\/jpeg\" \/>\n<meta name=\"author\" content=\"Redazione\" \/>\n<meta name=\"twitter:card\" content=\"summary_large_image\" \/>\n<meta name=\"twitter:label1\" content=\"Scritto da\" \/>\n\t<meta name=\"twitter:data1\" content=\"Redazione\" \/>\n\t<meta name=\"twitter:label2\" content=\"Tempo di lettura stimato\" \/>\n\t<meta name=\"twitter:data2\" content=\"6 minuti\" \/>\n<script type=\"application\/ld+json\" class=\"yoast-schema-graph\">{\"@context\":\"https:\/\/schema.org\",\"@graph\":[{\"@type\":\"Article\",\"@id\":\"https:\/\/blog.holyart.it\/it\/articoli-religiosi\/lanello-del-pescatore-e-il-rito-che-sancisce-linizio-del-pontificato\/#article\",\"isPartOf\":{\"@id\":\"https:\/\/blog.holyart.it\/it\/articoli-religiosi\/lanello-del-pescatore-e-il-rito-che-sancisce-linizio-del-pontificato\/\"},\"author\":{\"name\":\"Redazione\",\"@id\":\"https:\/\/blog.holyart.it\/it\/#\/schema\/person\/0a7b686e5af0f856ec1e390dd0baecda\"},\"headline\":\"L\u2019anello del pescatore e il rito che sancisce l\u2019inizio del pontificato\",\"datePublished\":\"2022-03-16T11:30:01+00:00\",\"dateModified\":\"2025-09-30T12:08:34+00:00\",\"mainEntityOfPage\":{\"@id\":\"https:\/\/blog.holyart.it\/it\/articoli-religiosi\/lanello-del-pescatore-e-il-rito-che-sancisce-linizio-del-pontificato\/\"},\"wordCount\":869,\"publisher\":{\"@id\":\"https:\/\/blog.holyart.it\/it\/#organization\"},\"image\":{\"@id\":\"https:\/\/blog.holyart.it\/it\/articoli-religiosi\/lanello-del-pescatore-e-il-rito-che-sancisce-linizio-del-pontificato\/#primaryimage\"},\"thumbnailUrl\":\"https:\/\/blog.holyart.it\/it\/wp-content\/uploads\/sites\/17\/2022\/03\/elezione-papa.jpg\",\"articleSection\":[\"Religione\"],\"inLanguage\":\"it-IT\"},{\"@type\":\"WebPage\",\"@id\":\"https:\/\/blog.holyart.it\/it\/articoli-religiosi\/lanello-del-pescatore-e-il-rito-che-sancisce-linizio-del-pontificato\/\",\"url\":\"https:\/\/blog.holyart.it\/it\/articoli-religiosi\/lanello-del-pescatore-e-il-rito-che-sancisce-linizio-del-pontificato\/\",\"name\":\"L\u2019anello del pescatore e il rito che sancisce l\u2019inizio del pontificato - Holyblog\",\"isPartOf\":{\"@id\":\"https:\/\/blog.holyart.it\/it\/#website\"},\"primaryImageOfPage\":{\"@id\":\"https:\/\/blog.holyart.it\/it\/articoli-religiosi\/lanello-del-pescatore-e-il-rito-che-sancisce-linizio-del-pontificato\/#primaryimage\"},\"image\":{\"@id\":\"https:\/\/blog.holyart.it\/it\/articoli-religiosi\/lanello-del-pescatore-e-il-rito-che-sancisce-linizio-del-pontificato\/#primaryimage\"},\"thumbnailUrl\":\"https:\/\/blog.holyart.it\/it\/wp-content\/uploads\/sites\/17\/2022\/03\/elezione-papa.jpg\",\"datePublished\":\"2022-03-16T11:30:01+00:00\",\"dateModified\":\"2025-09-30T12:08:34+00:00\",\"description\":\"L'anello del Pescatore \u00e8 una delle insegne pontificie pi\u00f9 antiche e ricche di significato. Scopriamo quando viene consegnato e a cosa serviva anticamente\",\"breadcrumb\":{\"@id\":\"https:\/\/blog.holyart.it\/it\/articoli-religiosi\/lanello-del-pescatore-e-il-rito-che-sancisce-linizio-del-pontificato\/#breadcrumb\"},\"inLanguage\":\"it-IT\",\"potentialAction\":[{\"@type\":\"ReadAction\",\"target\":[\"https:\/\/blog.holyart.it\/it\/articoli-religiosi\/lanello-del-pescatore-e-il-rito-che-sancisce-linizio-del-pontificato\/\"]}]},{\"@type\":\"ImageObject\",\"inLanguage\":\"it-IT\",\"@id\":\"https:\/\/blog.holyart.it\/it\/articoli-religiosi\/lanello-del-pescatore-e-il-rito-che-sancisce-linizio-del-pontificato\/#primaryimage\",\"url\":\"https:\/\/blog.holyart.it\/it\/wp-content\/uploads\/sites\/17\/2022\/03\/elezione-papa.jpg\",\"contentUrl\":\"https:\/\/blog.holyart.it\/it\/wp-content\/uploads\/sites\/17\/2022\/03\/elezione-papa.jpg\",\"width\":1000,\"height\":666,\"caption\":\"anello del pescatore elezione papa\"},{\"@type\":\"BreadcrumbList\",\"@id\":\"https:\/\/blog.holyart.it\/it\/articoli-religiosi\/lanello-del-pescatore-e-il-rito-che-sancisce-linizio-del-pontificato\/#breadcrumb\",\"itemListElement\":[{\"@type\":\"ListItem\",\"position\":1,\"name\":\"Homepage\",\"item\":\"https:\/\/blog.holyart.it\/it\/\"},{\"@type\":\"ListItem\",\"position\":2,\"name\":\"Religione\",\"item\":\"https:\/\/blog.holyart.it\/it\/articoli-religiosi\/\"},{\"@type\":\"ListItem\",\"position\":3,\"name\":\"L\u2019anello del pescatore e il rito che sancisce l\u2019inizio del pontificato\"}]},{\"@type\":\"WebSite\",\"@id\":\"https:\/\/blog.holyart.it\/it\/#website\",\"url\":\"https:\/\/blog.holyart.it\/it\/\",\"name\":\"Holyblog\",\"description\":\"Il Blog di Holyart.it\",\"publisher\":{\"@id\":\"https:\/\/blog.holyart.it\/it\/#organization\"},\"potentialAction\":[{\"@type\":\"SearchAction\",\"target\":{\"@type\":\"EntryPoint\",\"urlTemplate\":\"https:\/\/blog.holyart.it\/it\/?s={search_term_string}\"},\"query-input\":{\"@type\":\"PropertyValueSpecification\",\"valueRequired\":true,\"valueName\":\"search_term_string\"}}],\"inLanguage\":\"it-IT\"},{\"@type\":\"Organization\",\"@id\":\"https:\/\/blog.holyart.it\/it\/#organization\",\"name\":\"Holyblog\",\"url\":\"https:\/\/blog.holyart.it\/it\/\",\"logo\":{\"@type\":\"ImageObject\",\"inLanguage\":\"it-IT\",\"@id\":\"https:\/\/blog.holyart.it\/it\/#\/schema\/logo\/image\/\",\"url\":\"https:\/\/blog.holyart.it\/it\/wp-content\/uploads\/sites\/17\/2022\/12\/Holyart_Blog_Logo.jpg\",\"contentUrl\":\"https:\/\/blog.holyart.it\/it\/wp-content\/uploads\/sites\/17\/2022\/12\/Holyart_Blog_Logo.jpg\",\"width\":300,\"height\":50,\"caption\":\"Holyblog\"},\"image\":{\"@id\":\"https:\/\/blog.holyart.it\/it\/#\/schema\/logo\/image\/\"}},{\"@type\":\"Person\",\"@id\":\"https:\/\/blog.holyart.it\/it\/#\/schema\/person\/0a7b686e5af0f856ec1e390dd0baecda\",\"name\":\"Redazione\"}]}<\/script>\n<!-- \/ Yoast SEO plugin. -->","yoast_head_json":{"title":"L\u2019anello del pescatore e il rito che sancisce l\u2019inizio del pontificato - Holyblog","description":"L'anello del Pescatore \u00e8 una delle insegne pontificie pi\u00f9 antiche e ricche di significato. Scopriamo quando viene consegnato e a cosa serviva anticamente","robots":{"index":"index","follow":"follow","max-snippet":"max-snippet:-1","max-image-preview":"max-image-preview:large","max-video-preview":"max-video-preview:-1"},"canonical":"https:\/\/blog.holyart.it\/it\/articoli-religiosi\/lanello-del-pescatore-e-il-rito-che-sancisce-linizio-del-pontificato\/","og_locale":"it_IT","og_type":"article","og_title":"L\u2019anello del pescatore e il rito che sancisce l\u2019inizio del pontificato - Holyblog","og_description":"L'anello del Pescatore \u00e8 una delle insegne pontificie pi\u00f9 antiche e ricche di significato. Scopriamo quando viene consegnato e a cosa serviva anticamente","og_url":"https:\/\/blog.holyart.it\/it\/articoli-religiosi\/lanello-del-pescatore-e-il-rito-che-sancisce-linizio-del-pontificato\/","og_site_name":"Holyblog","article_published_time":"2022-03-16T11:30:01+00:00","article_modified_time":"2025-09-30T12:08:34+00:00","og_image":[{"width":1000,"height":666,"url":"https:\/\/blog.holyart.it\/it\/wp-content\/uploads\/sites\/17\/2022\/03\/elezione-papa.jpg","type":"image\/jpeg"}],"author":"Redazione","twitter_card":"summary_large_image","twitter_misc":{"Scritto da":"Redazione","Tempo di lettura stimato":"6 minuti"},"schema":{"@context":"https:\/\/schema.org","@graph":[{"@type":"Article","@id":"https:\/\/blog.holyart.it\/it\/articoli-religiosi\/lanello-del-pescatore-e-il-rito-che-sancisce-linizio-del-pontificato\/#article","isPartOf":{"@id":"https:\/\/blog.holyart.it\/it\/articoli-religiosi\/lanello-del-pescatore-e-il-rito-che-sancisce-linizio-del-pontificato\/"},"author":{"name":"Redazione","@id":"https:\/\/blog.holyart.it\/it\/#\/schema\/person\/0a7b686e5af0f856ec1e390dd0baecda"},"headline":"L\u2019anello del pescatore e il rito che sancisce l\u2019inizio del pontificato","datePublished":"2022-03-16T11:30:01+00:00","dateModified":"2025-09-30T12:08:34+00:00","mainEntityOfPage":{"@id":"https:\/\/blog.holyart.it\/it\/articoli-religiosi\/lanello-del-pescatore-e-il-rito-che-sancisce-linizio-del-pontificato\/"},"wordCount":869,"publisher":{"@id":"https:\/\/blog.holyart.it\/it\/#organization"},"image":{"@id":"https:\/\/blog.holyart.it\/it\/articoli-religiosi\/lanello-del-pescatore-e-il-rito-che-sancisce-linizio-del-pontificato\/#primaryimage"},"thumbnailUrl":"https:\/\/blog.holyart.it\/it\/wp-content\/uploads\/sites\/17\/2022\/03\/elezione-papa.jpg","articleSection":["Religione"],"inLanguage":"it-IT"},{"@type":"WebPage","@id":"https:\/\/blog.holyart.it\/it\/articoli-religiosi\/lanello-del-pescatore-e-il-rito-che-sancisce-linizio-del-pontificato\/","url":"https:\/\/blog.holyart.it\/it\/articoli-religiosi\/lanello-del-pescatore-e-il-rito-che-sancisce-linizio-del-pontificato\/","name":"L\u2019anello del pescatore e il rito che sancisce l\u2019inizio del pontificato - Holyblog","isPartOf":{"@id":"https:\/\/blog.holyart.it\/it\/#website"},"primaryImageOfPage":{"@id":"https:\/\/blog.holyart.it\/it\/articoli-religiosi\/lanello-del-pescatore-e-il-rito-che-sancisce-linizio-del-pontificato\/#primaryimage"},"image":{"@id":"https:\/\/blog.holyart.it\/it\/articoli-religiosi\/lanello-del-pescatore-e-il-rito-che-sancisce-linizio-del-pontificato\/#primaryimage"},"thumbnailUrl":"https:\/\/blog.holyart.it\/it\/wp-content\/uploads\/sites\/17\/2022\/03\/elezione-papa.jpg","datePublished":"2022-03-16T11:30:01+00:00","dateModified":"2025-09-30T12:08:34+00:00","description":"L'anello del Pescatore \u00e8 una delle insegne pontificie pi\u00f9 antiche e ricche di significato. Scopriamo quando viene consegnato e a cosa serviva anticamente","breadcrumb":{"@id":"https:\/\/blog.holyart.it\/it\/articoli-religiosi\/lanello-del-pescatore-e-il-rito-che-sancisce-linizio-del-pontificato\/#breadcrumb"},"inLanguage":"it-IT","potentialAction":[{"@type":"ReadAction","target":["https:\/\/blog.holyart.it\/it\/articoli-religiosi\/lanello-del-pescatore-e-il-rito-che-sancisce-linizio-del-pontificato\/"]}]},{"@type":"ImageObject","inLanguage":"it-IT","@id":"https:\/\/blog.holyart.it\/it\/articoli-religiosi\/lanello-del-pescatore-e-il-rito-che-sancisce-linizio-del-pontificato\/#primaryimage","url":"https:\/\/blog.holyart.it\/it\/wp-content\/uploads\/sites\/17\/2022\/03\/elezione-papa.jpg","contentUrl":"https:\/\/blog.holyart.it\/it\/wp-content\/uploads\/sites\/17\/2022\/03\/elezione-papa.jpg","width":1000,"height":666,"caption":"anello del pescatore elezione papa"},{"@type":"BreadcrumbList","@id":"https:\/\/blog.holyart.it\/it\/articoli-religiosi\/lanello-del-pescatore-e-il-rito-che-sancisce-linizio-del-pontificato\/#breadcrumb","itemListElement":[{"@type":"ListItem","position":1,"name":"Homepage","item":"https:\/\/blog.holyart.it\/it\/"},{"@type":"ListItem","position":2,"name":"Religione","item":"https:\/\/blog.holyart.it\/it\/articoli-religiosi\/"},{"@type":"ListItem","position":3,"name":"L\u2019anello del pescatore e il rito che sancisce l\u2019inizio del pontificato"}]},{"@type":"WebSite","@id":"https:\/\/blog.holyart.it\/it\/#website","url":"https:\/\/blog.holyart.it\/it\/","name":"Holyblog","description":"Il Blog di Holyart.it","publisher":{"@id":"https:\/\/blog.holyart.it\/it\/#organization"},"potentialAction":[{"@type":"SearchAction","target":{"@type":"EntryPoint","urlTemplate":"https:\/\/blog.holyart.it\/it\/?s={search_term_string}"},"query-input":{"@type":"PropertyValueSpecification","valueRequired":true,"valueName":"search_term_string"}}],"inLanguage":"it-IT"},{"@type":"Organization","@id":"https:\/\/blog.holyart.it\/it\/#organization","name":"Holyblog","url":"https:\/\/blog.holyart.it\/it\/","logo":{"@type":"ImageObject","inLanguage":"it-IT","@id":"https:\/\/blog.holyart.it\/it\/#\/schema\/logo\/image\/","url":"https:\/\/blog.holyart.it\/it\/wp-content\/uploads\/sites\/17\/2022\/12\/Holyart_Blog_Logo.jpg","contentUrl":"https:\/\/blog.holyart.it\/it\/wp-content\/uploads\/sites\/17\/2022\/12\/Holyart_Blog_Logo.jpg","width":300,"height":50,"caption":"Holyblog"},"image":{"@id":"https:\/\/blog.holyart.it\/it\/#\/schema\/logo\/image\/"}},{"@type":"Person","@id":"https:\/\/blog.holyart.it\/it\/#\/schema\/person\/0a7b686e5af0f856ec1e390dd0baecda","name":"Redazione"}]}},"_links":{"self":[{"href":"https:\/\/blog.holyart.it\/it\/wp-json\/wp\/v2\/posts\/14884","targetHints":{"allow":["GET"]}}],"collection":[{"href":"https:\/\/blog.holyart.it\/it\/wp-json\/wp\/v2\/posts"}],"about":[{"href":"https:\/\/blog.holyart.it\/it\/wp-json\/wp\/v2\/types\/post"}],"author":[{"embeddable":true,"href":"https:\/\/blog.holyart.it\/it\/wp-json\/wp\/v2\/users\/1"}],"replies":[{"embeddable":true,"href":"https:\/\/blog.holyart.it\/it\/wp-json\/wp\/v2\/comments?post=14884"}],"version-history":[{"count":1,"href":"https:\/\/blog.holyart.it\/it\/wp-json\/wp\/v2\/posts\/14884\/revisions"}],"predecessor-version":[{"id":20207,"href":"https:\/\/blog.holyart.it\/it\/wp-json\/wp\/v2\/posts\/14884\/revisions\/20207"}],"wp:featuredmedia":[{"embeddable":true,"href":"https:\/\/blog.holyart.it\/it\/wp-json\/wp\/v2\/media\/14892"}],"wp:attachment":[{"href":"https:\/\/blog.holyart.it\/it\/wp-json\/wp\/v2\/media?parent=14884"}],"wp:term":[{"taxonomy":"category","embeddable":true,"href":"https:\/\/blog.holyart.it\/it\/wp-json\/wp\/v2\/categories?post=14884"},{"taxonomy":"post_tag","embeddable":true,"href":"https:\/\/blog.holyart.it\/it\/wp-json\/wp\/v2\/tags?post=14884"}],"curies":[{"name":"wp","href":"https:\/\/api.w.org\/{rel}","templated":true}]}}