{"id":14808,"date":"2022-03-09T12:30:16","date_gmt":"2022-03-09T11:30:16","guid":{"rendered":"https:\/\/blog.holyart.it\/it\/?p=14808"},"modified":"2025-03-19T16:59:10","modified_gmt":"2025-03-19T15:59:10","slug":"la-storia-di-gesu-gli-eventi-piu-importanti-della-sua-vita","status":"publish","type":"post","link":"https:\/\/blog.holyart.it\/it\/articoli-religiosi\/la-storia-di-gesu-gli-eventi-piu-importanti-della-sua-vita\/","title":{"rendered":"La storia di Ges\u00f9: gli eventi pi\u00f9 importanti della Sua vita"},"content":{"rendered":"<h4>La storia di Ges\u00f9, tra racconto evangelico, realt\u00e0 storica e leggenda devozionale. In vista della Pasqua ricostruiamo la vicenda umana che ha cambiato le sorti dell&#8217;umanit\u00e0<\/h4>\n\n<p>Raccontare la storia di Ges\u00f9 pu\u00f2 sembrare, di primo acchito, facile, perfino banale. Chiunque sia nato e cresciuto in una famiglia cattolica \u00e8 stato abituato fin da bambino alla <a href=\"https:\/\/www.holyart.it\/blog\/occasioni-speciali\/presepe-pasquale-una-tradizione-antica-da-riscoprire\/\"><strong>tradizione del Presepe<\/strong><\/a>, a Natale, raffigurazione della Nativit\u00e0 di Ges\u00f9. Se poi abbiamo avuto l&#8217;occasione di frequentare il Catechismo, abbiamo imparato a conoscere presto la storia di quest&#8217;uomo che non fu solo un uomo, e che prese nelle Sue mani la salvezza di tutti. Abbiamo ascoltato come fossero favole le Sue parabole, i miracoli di cui fu protagonista e artefice. Le Sue parole di amore e saggezza ci hanno accompagnati per tutta la vita.<\/p>\n<p>Ma a prescindere dalla nostra professione religiosa, la storia di Ges\u00f9 \u00e8 strettamente connessa alla storia dell&#8217;umanit\u00e0, e merita di essere conosciuta e compresa nelle sue tante, preziose sfaccettature. Per ricostruire la Sua vita non \u00e8 sufficiente seguire i fatti narrati nei quattro <a href=\"https:\/\/www.holyart.it\/it\/articoli-religiosi\/libri-e-testi-sacri\/vangeli\"><strong>Vangeli Canonici<\/strong><\/a>, scritti dagli evangelisti <strong>Matteo, Marco, Luca e Giovanni<\/strong>. Sebbene essi rappresentino le uniche fonti testuali antiche riconosciute, lasciano troppe lacune. Non vi sono che rari accenni a quelli che sono stati definiti gli <strong>anni perduti della vita di Ges\u00f9<\/strong>, quelli intercorsi tra la sua nascita e l&#8217;inizio delle sue predicazioni. Negli stessi racconti \u00e8 poi difficile scindere la componente storica da quella mitica, inevitabilmente connessa ai fatti reali. Inoltre presentano significative differenze: se in Matteo, Marco e Luca, i cosiddetti <strong>Vangeli Sinottici<\/strong>, vengono narrati pi\u00f9 o meno gli stessi episodi, seppur con variazioni, nel Vangelo di Giovanni si trovano racconti &#8216;inediti&#8217; e mancano invece diversi avvenimenti riportati dagli altri tre evangelisti.<\/p>\n<div class=\"link-article\">\n<p><img loading=\"lazy\" decoding=\"async\" class=\"size-full wp-image-14809 alignleft\" src=\"https:\/\/blog.holyart.it\/it\/wp-content\/uploads\/sites\/17\/2022\/03\/ultima-cena-angela-tripi.png\" alt=\"ultima cena angela tripi\" width=\"150\" height=\"99\" data-kale-share-title=\"La storia di Ges\u00f9: gli eventi pi\u00f9 importanti della Sua vita\" data-kale-share-url=\"https:\/\/blog.holyart.it\/it\/?p=14808\" \/><\/p>\n<div class=\"leggi-anche\">Leggi anche:<\/div>\n<p><strong><a href=\"https:\/\/www.holyart.it\/blog\/occasioni-speciali\/presepe-pasquale-una-tradizione-antica-da-riscoprire\/\">Presepe pasquale, una tradizione antica da riscoprire<\/a><\/strong><br \/>\nPresepe Pasquale? Certo che s\u00ec! Nel nostro paese \u00e8 una tradizione antica e molto amata. Ma quando bisogna allestirlo&#8230;<\/p>\n<\/div>\n<p>I <strong>Vangeli apocrifi<\/strong>, redatti successivamente e non riconosciuti dagli studiosi, contengono altre informazioni preziose sulla storia di Ges\u00f9, ma difficili da verificare, cos\u00ec come i numerosi documenti medievali e le opere devozionali, per i quali \u00e8 spesso impossibile risalire a una fonte storica documentata e plausibile.<\/p>\n<p><a href=\"https:\/\/www.holyart.it\/it\/occasioni-speciali\/pasqua-e-quaresima\"><strong>Pasqua si avvicina<\/strong><\/a>, e con essa l&#8217;occasione per allestire il <a href=\"https:\/\/www.holyart.it\/it\/occasioni-speciali\/pasqua-e-quaresima\/presepe-pasquale\"><strong>Presepe Pasquale<\/strong><\/a>, una tradizione che ci prepara alla Sua morte, e ci offre un&#8217;occasione di riflessione sulla Sua vita e il Suo operato. Quali sono gli avvenimenti pi\u00f9 importanti della storia di Ges\u00f9? Che cosa avviene di davvero significativo dal momento dell\u2019Annunciazione, alla Nativit\u00e0, fino alla morte e Resurrezione?<\/p>\n<div class=\"sp-styles-warning\" style=\"width: 450px; background-color: #FFF; color: #F00; border: 1px solid #F00; padding: 10px; font-size: 14px;\">\n\t\t\t<span style=\"font-weight: bold;\">Warning: The stylesheets were not loaded!<\/span> \n\t\t\tYou will need to change the <i>Load stylesheets<\/i> setting from <i>Automatically<\/i> to <i>On homepage<\/i> or <i>On all pages<\/i>. \n\t\t\tYou can set that <a style=\"text-decoration: underline; color: #F00;\" href=\"https:\/\/blog.holyart.it\/it\/wp-admin\/admin.php?page=sliderpro-settings\">here<\/a>.\n\t\t\t<\/div>\r\n<div id=\"slider-pro-131\" class=\"slider-pro sp-no-js\" style=\"width: 500px; height: 500px;\">\r\n\t<div class=\"sp-slides\">\r\n\t\t\r\n\t\t<div class=\"sp-slide\">\r\n\t\t\t<img loading=\"lazy\" decoding=\"async\" class=\"sp-image\" src=\"https:\/\/blog.holyart.it\/it\/wp-content\/uploads\/sites\/17\/2022\/03\/annunciazione-angelo-a-maria-statue-9-cm.jpg\" alt=\"annunciazione angelo a maria statue 9 cm\" width=\"500\" height=\"500\" \/>\r\n\t\t\t<div class=\"sp-thumbnail\"><a class=\"\" href=\"https:\/\/www.holyart.it\/it\/occasioni-speciali\/pasqua-e-quaresima\/presepe-pasquale\/annunciazione-angelo-a-maria-statue-9-cm\">\r\n\t\t\t\t<img decoding=\"async\" src=\"https:\/\/blog.holyart.it\/it\/wp-content\/uploads\/sites\/17\/2022\/03\/annunciazione-angelo-a-maria-statue-9-cm-150x150-1.jpg\" alt=\"annunciazione angelo a maria statue\" \/>\r\n\t\t\t<\/a>\r\n\t\t\t<\/div>\r\n\t\t\t<div class=\"sp-caption\">Annunciazione Angelo a Maria statue 9 cm. <br \/><strong><a href=\"https:\/\/www.holyart.it\/it\/occasioni-speciali\/pasqua-e-quaresima\/presepe-pasquale\/annunciazione-angelo-a-maria-statue-9-cm\">Acquista su Holyart<\/a><\/strong><\/div>\r\n\t\t<\/div>\r\n\t\t<div class=\"sp-slide\">\r\n\t\t\t<img loading=\"lazy\" decoding=\"async\" class=\"sp-image\" src=\"https:\/\/blog.holyart.it\/it\/wp-content\/uploads\/sites\/17\/2022\/03\/scena-battesimo-di-gesu-nel-giordano-9-cm.jpg\" alt=\"scena battesimo di gesu nel giordano 9 cm\" width=\"500\" height=\"500\" \/>\r\n\t\t\t<div class=\"sp-thumbnail\"><a class=\"\" href=\"https:\/\/www.holyart.it\/it\/occasioni-speciali\/pasqua-e-quaresima\/presepe-pasquale\/scena-battesimo-di-gesu-nel-giordano-9-cm\">\r\n\t\t\t\t<img decoding=\"async\" src=\"https:\/\/blog.holyart.it\/it\/wp-content\/uploads\/sites\/17\/2022\/03\/scena-battesimo-gesu.jpg\" alt=\"scena battesimo gesu\" \/>\r\n\t\t\t<\/a>\r\n\t\t\t<\/div>\r\n\t\t\t<div class=\"sp-caption\">Scena Battesimo di Ges\u00f9 nel Giordano 9 cm. <br \/><strong><a href=\"https:\/\/www.holyart.it\/it\/occasioni-speciali\/pasqua-e-quaresima\/presepe-pasquale\/scena-battesimo-di-gesu-nel-giordano-9-cm\">Acquista su Holyart<\/a><\/strong><\/div>\r\n\t\t<\/div>\r\n\t\t<div class=\"sp-slide\">\r\n\t\t\t<img loading=\"lazy\" decoding=\"async\" class=\"sp-image\" src=\"https:\/\/blog.holyart.it\/it\/wp-content\/uploads\/sites\/17\/2022\/03\/scena-nozze-cana.jpeg\" alt=\"scena nozze cana\" width=\"500\" height=\"500\" \/>\r\n\t\t\t<div class=\"sp-thumbnail\"><a class=\"\" href=\"https:\/\/www.holyart.it\/it\/occasioni-speciali\/pasqua-e-quaresima\/presepe-pasquale\/miracolo-nozze-di-cana-gesu-scena-9-cm\">\r\n\t\t\t\t<img decoding=\"async\" src=\"https:\/\/blog.holyart.it\/it\/wp-content\/uploads\/sites\/17\/2022\/03\/miracolo-nozze-di-cana-gesu-scena-9-cm.jpg\" alt=\"miracolo nozze di cana gesu scena 9 cm\" \/>\r\n\t\t\t<\/a>\r\n\t\t\t<\/div>\r\n\t\t\t<div class=\"sp-caption\">Miracolo nozze di Cana Ges\u00f9 scena 9 cm. <br \/><strong><a href=\"https:\/\/www.holyart.it\/it\/occasioni-speciali\/pasqua-e-quaresima\/presepe-pasquale\/miracolo-nozze-di-cana-gesu-scena-9-cm\">Acquista su Holyart<\/a><\/strong><\/div>\r\n\t\t<\/div>\r\n\t\t<div class=\"sp-slide\">\r\n\t\t\t<img loading=\"lazy\" decoding=\"async\" class=\"sp-image\" src=\"https:\/\/blog.holyart.it\/it\/wp-content\/uploads\/sites\/17\/2022\/03\/scena-ingresso-a-gerusalemme.jpeg\" alt=\"scena ingresso a gerusalemme\" width=\"500\" height=\"500\" \/>\r\n\t\t\t<div class=\"sp-thumbnail\"><a class=\"\" href=\"https:\/\/www.holyart.it\/it\/occasioni-speciali\/pasqua-e-quaresima\/presepe-pasquale\/scena-ingresso-a-gerusalemme-di-gesu-resina-9-cm\">\r\n\t\t\t\t<img decoding=\"async\" src=\"https:\/\/blog.holyart.it\/it\/wp-content\/uploads\/sites\/17\/2022\/03\/scena-ingresso-a-gerusalemme-di-gesu-resina-9-cm.jpg\" alt=\"scena ingresso a gerusalemme di gesu resina 9 cm\" \/>\r\n\t\t\t<\/a>\r\n\t\t\t<\/div>\r\n\t\t\t<div class=\"sp-caption\">Scena Ingresso a Gerusalemme di Ges\u00f9 resina 9 cm. <br \/><strong><a href=\"https:\/\/www.holyart.it\/it\/occasioni-speciali\/pasqua-e-quaresima\/presepe-pasquale\/scena-ingresso-a-gerusalemme-di-gesu-resina-9-cm\">Acquista su Holyart<\/a><\/strong><\/div>\r\n\t\t<\/div>\r\n\t\t<div class=\"sp-slide\">\r\n\t\t\t<img loading=\"lazy\" decoding=\"async\" class=\"sp-image\" src=\"https:\/\/blog.holyart.it\/it\/wp-content\/uploads\/sites\/17\/2022\/03\/scena-ultima-cena.jpeg\" alt=\"scena ultima cena\" width=\"500\" height=\"500\" \/>\r\n\t\t\t<div class=\"sp-thumbnail\"><a class=\"\" href=\"https:\/\/www.holyart.it\/it\/occasioni-speciali\/pasqua-e-quaresima\/presepe-pasquale\/ultima-cena-scena-resina-statue-9-cm\">\r\n\t\t\t\t<img decoding=\"async\" src=\"https:\/\/blog.holyart.it\/it\/wp-content\/uploads\/sites\/17\/2022\/03\/ultima-cena-scena-resina-statue-9-cm.jpg\" alt=\"ultima cena scena resina statue 9 cm\" \/>\r\n\t\t\t<\/a>\r\n\t\t\t<\/div>\r\n\t\t\t<div class=\"sp-caption\">Ultima Cena scena resina statue 9 cm. <br \/><strong><a href=\"https:\/\/www.holyart.it\/it\/occasioni-speciali\/pasqua-e-quaresima\/presepe-pasquale\/ultima-cena-scena-resina-statue-9-cm\">Acquista su Holyart<\/a><\/strong><\/div>\r\n\t\t<\/div>\r\n\t\t<div class=\"sp-slide\">\r\n\t\t\t<img loading=\"lazy\" decoding=\"async\" class=\"sp-image\" src=\"https:\/\/blog.holyart.it\/it\/wp-content\/uploads\/sites\/17\/2022\/03\/scena-lavanda-dei-piedi.jpg\" alt=\"scena lavanda dei piedi\" width=\"500\" height=\"500\" \/>\r\n\t\t\t<div class=\"sp-thumbnail\"><a class=\"\" href=\"https:\/\/www.holyart.it\/it\/occasioni-speciali\/pasqua-e-quaresima\/presepe-pasquale\/scena-lavanda-dei-piedi-gesu-ultima-cena-9-cm\">\r\n\t\t\t\t<img decoding=\"async\" src=\"https:\/\/blog.holyart.it\/it\/wp-content\/uploads\/sites\/17\/2022\/03\/scena-lavanda-dei-piedi-gesu-ultima-cena-9-cm-500x500.jpg\" alt=\"scena lavanda dei piedi gesu ultima cena 9 cm 500x500\" \/>\r\n\t\t\t<\/a>\r\n\t\t\t<\/div>\r\n\t\t\t<div class=\"sp-caption\">Scena lavanda dei piedi Ges\u00f9 Ultima Cena 9 cm. <br \/><strong><a href=\"https:\/\/www.holyart.it\/it\/occasioni-speciali\/pasqua-e-quaresima\/presepe-pasquale\/scena-lavanda-dei-piedi-gesu-ultima-cena-9-cm\">Acquista su Holyart<\/a><\/strong><\/div>\r\n\t\t<\/div>\r\n\t\t<div class=\"sp-slide\">\r\n\t\t\t<img loading=\"lazy\" decoding=\"async\" class=\"sp-image\" src=\"https:\/\/blog.holyart.it\/it\/wp-content\/uploads\/sites\/17\/2022\/03\/scena-soldati-romani.jpg\" alt=\"scena soldati romani\" width=\"500\" height=\"500\" \/>\r\n\t\t\t<div class=\"sp-thumbnail\"><a class=\"\" href=\"https:\/\/www.holyart.it\/it\/occasioni-speciali\/pasqua-e-quaresima\/presepe-pasquale\/soldati-romani-4-pz-presepe-9-cm\">\r\n\t\t\t\t<img decoding=\"async\" src=\"https:\/\/blog.holyart.it\/it\/wp-content\/uploads\/sites\/17\/2022\/03\/soldati-romani-4-pz-presepe-9-cm.jpg\" alt=\"soldati romani 4 pz presepe 9 cm\" \/>\r\n\t\t\t<\/a>\r\n\t\t\t<\/div>\r\n\t\t\t<div class=\"sp-caption\">Soldati romani 4 pz presepe 9 cm. <br \/><strong><a href=\"https:\/\/www.holyart.it\/it\/occasioni-speciali\/pasqua-e-quaresima\/presepe-pasquale\/soldati-romani-4-pz-presepe-9-cm\">Acquista su Holyart<\/a><\/strong><\/div>\r\n\t\t<\/div>\r\n\t\t<div class=\"sp-slide\">\r\n\t\t\t<img loading=\"lazy\" decoding=\"async\" class=\"sp-image\" src=\"https:\/\/blog.holyart.it\/it\/wp-content\/uploads\/sites\/17\/2022\/03\/salita-al-calvario-passione-gesu-statue-9-cm.jpg\" alt=\"salita al calvario passione gesu statue 9 cm\" width=\"500\" height=\"500\" \/>\r\n\t\t\t<div class=\"sp-thumbnail\"><a class=\"\" href=\"https:\/\/www.holyart.it\/it\/occasioni-speciali\/pasqua-e-quaresima\/presepe-pasquale\/salita-al-calvario-passione-gesu-statue-9-cm\">\r\n\t\t\t\t<img decoding=\"async\" src=\"https:\/\/blog.holyart.it\/it\/wp-content\/uploads\/sites\/17\/2022\/03\/scena-calvario-passione.jpg\" alt=\"scena calvario passione\" \/>\r\n\t\t\t<\/a>\r\n\t\t\t<\/div>\r\n\t\t\t<div class=\"sp-caption\">Salita al Calvario passione Ges\u00f9 statue 9 cm. <br \/><strong><a href=\"https:\/\/www.holyart.it\/it\/occasioni-speciali\/pasqua-e-quaresima\/presepe-pasquale\/salita-al-calvario-passione-gesu-statue-9-cm\">Acquista su Holyart<\/a><\/strong><\/div>\r\n\t\t<\/div>\r\n\t<\/div>\r\n<\/div>\n<h2>Annunciazione del Signore<\/h2>\n<p>Tanto il Vangelo di Matteo quanto quello di Luca iniziano con un&#8217;<a href=\"https:\/\/www.holyart.it\/blog\/articoli-religiosi\/annunciazione-del-signore-perche-si-festeggia-il-25-marzo\/\"><strong>Annunciazione<\/strong><\/a>. In realt\u00e0 prima in entrambi i Vangeli viene elencata la <strong>Genealogia di Ges\u00f9<\/strong>, che parte da Abramo in Matteo e da Adamo in Luca, e dove <strong>Giuseppe<\/strong> viene presentato come padre adottivo. L&#8217;Annunciazione narrata nel Vangelo di Matteo (Matteo 1, 18-25) \u00e8 quella che vede come protagonista <strong>Giuseppe<\/strong>, che in procinto di ripudiare Maria, dopo aver scoperto il suo stato interessante, venne visitato in sogno da un angelo che lo informa della vera identit\u00e0 del Bambino che sarebbe nato e del ruolo di Maria nel piano di Dio. L&#8217;Annunciazione di Luca (Luca 1,26-38) racconta di come l&#8217;Arcangelo Gabriele apparve a Maria per annunciarle il concepimento del Figlio di Dio.<\/p>\n<div class=\"link-article\">\n<p><img loading=\"lazy\" decoding=\"async\" class=\"size-full wp-image-14812 alignleft\" src=\"https:\/\/blog.holyart.it\/it\/wp-content\/uploads\/sites\/17\/2022\/03\/annunciazione-del-beato-angelico.jpg\" alt=\"annunciazione del beato angelico\" width=\"150\" height=\"99\" data-kale-share-title=\"La storia di Ges\u00f9: gli eventi pi\u00f9 importanti della Sua vita\" data-kale-share-url=\"https:\/\/blog.holyart.it\/it\/?p=14808\" \/><\/p>\n<div class=\"leggi-anche\">Leggi anche:<\/div>\n<p><strong><a href=\"https:\/\/www.holyart.it\/blog\/articoli-religiosi\/annunciazione-del-signore-perche-si-festeggia-il-25-marzo\/\">Annunciazione del Signore: perch\u00e9 si festeggia il 25 marzo<\/a><\/strong><br \/>\nIl 25 marzo si celebra l\u2019Annunciazione del Signore, una festa dedicata a Ges\u00f9, ma in ugual misura a Sua madre Maria&#8230;<\/p>\n<\/div>\n<h2>Nascita di Ges\u00f9<\/h2>\n<p>Per quanto riguarda la <strong>nascita di Ges\u00f9<\/strong>, sono ancora Matteo e Luca a farne cenno dei loro Vangeli.\u00a0 Il primo (Matteo 1,25) si limita ad accennare alla notizia: <em>&#8220;Ges\u00f9 nacque a Betlemme di Giudea, al tempo del re Erode&#8221;<\/em>, mentre il secondo (Luca 2,1-20) racconta tutto l&#8217;episodio con dovizia di dettagli, dall&#8217;emanazione del decreto di Cesare Augusto a causa del quale Giuseppe dovette tornare da Nazareth e Betlemme per il censimento, alla nascita di Ges\u00f9 in una stalla, perch\u00e9 non vi era posto in albergo, all&#8217;<a href=\"https:\/\/www.holyart.it\/blog\/natale\/ladorazione-dei-pastori-quando-langelo-annuncio-la-nascita-di-gesu\/\"><strong>adorazione dei pastori<\/strong><\/a>, invitati da una moltitudine angelica a raggiungere il luogo della Nativit\u00e0.<\/p>\n<div class=\"link-article\">\n<p><img loading=\"lazy\" decoding=\"async\" class=\"size-full wp-image-14813 alignleft\" src=\"https:\/\/blog.holyart.it\/it\/wp-content\/uploads\/sites\/17\/2022\/03\/adorazione-dei-pastori.jpg\" alt=\"adorazione dei pastori\" width=\"150\" height=\"99\" data-kale-share-title=\"La storia di Ges\u00f9: gli eventi pi\u00f9 importanti della Sua vita\" data-kale-share-url=\"https:\/\/blog.holyart.it\/it\/?p=14808\" \/><\/p>\n<div class=\"leggi-anche\">Leggi anche:<\/div>\n<p><strong><a href=\"https:\/\/www.holyart.it\/blog\/natale\/ladorazione-dei-pastori-quando-langelo-annuncio-la-nascita-di-gesu\/\">L\u2019adorazione dei pastori: quando l\u2019Angelo annunci\u00f2 la nascita di Ges\u00f9<\/a><\/strong><br \/>\nL\u2019adorazione dei pastori: dal Vangelo di Luca al Presepe una storia&#8230;<\/p>\n<\/div>\n<h2>Epifania (Re Magi)<\/h2>\n<p>Matteo cita anche la <strong>visita dei Magi venuti da Oriente<\/strong> (Matteo 2,1), ed \u00e8 il solo tra gli evangelisti a farlo. Tutte le altre tradizioni legati a queste tre figure, i loro nomi, i doni che portavano, derivano dalla successiva tradizione cristiana.<\/p>\n<h2>La fuga in Egitto e la strage degli innocenti<\/h2>\n<p>Allo stesso modo solo il Vangelo di Matteo (Matteo 2,13-23) racconta l&#8217;episodio della <strong><a href=\"https:\/\/www.holyart.it\/blog\/natale\/fuga-in-egitto-il-viaggio-della-sacra-famiglia-per-scampare-al-re-erode\/\">fuga in Egitto e della strage degli innocenti<\/a><\/strong>, quando un angelo del Signore apparve a Giuseppe avvertendolo dell&#8217;intenzione di Re Erode di uccidere Ges\u00f9, ed egli prese Maria e il Bambino appena nato e si mise in viaggio, mentre i soldati di Erode sterminavano tutti i bambini di Betlemme. La Sacra Famiglia sarebbe rimasta in Egitto fino alla morte di Erode.<\/p>\n<div class=\"link-article\">\n<p><img loading=\"lazy\" decoding=\"async\" class=\"size-full wp-image-14814 alignleft\" src=\"https:\/\/blog.holyart.it\/it\/wp-content\/uploads\/sites\/17\/2022\/03\/fuga-in-egitto.jpg\" alt=\"fuga in egitto\" width=\"150\" height=\"99\" data-kale-share-title=\"La storia di Ges\u00f9: gli eventi pi\u00f9 importanti della Sua vita\" data-kale-share-url=\"https:\/\/blog.holyart.it\/it\/?p=14808\" \/><\/p>\n<div class=\"leggi-anche\">Leggi anche:<\/div>\n<p><strong><a href=\"https:\/\/www.holyart.it\/blog\/natale\/fuga-in-egitto-il-viaggio-della-sacra-famiglia-per-scampare-al-re-erode\/\">Fuga in Egitto: il viaggio della Sacra Famiglia per scampare al re Erode<\/a><\/strong><br \/>\nLa fuga in Egitto \u00e8 un episodio dell\u2019infanzia di Ges\u00f9. Tra storia e fede&#8230;<\/p>\n<\/div>\n<h2>Il ritrovamento di Ges\u00f9 al tempio<\/h2>\n<p>Come abbiamo accennato, poco si sa degli anni perduti della storia di Ges\u00f9, ma nel Vangelo di Luca \u00e8 citato l&#8217;episodio della <strong>visita al Tempio<\/strong> (Luca 2,41-50), quando Ges\u00f9 aveva dodici anni e Maria e Giuseppe lo portarono con loro a Gerusalemme per la festa di Pasqua. Ripartiti per Nazareth, scoprirono che Ges\u00f9 non era nella carovana e tornarono indietro, cercandolo disperatamente per tre giorni, per poi trovarlo nel tempio, seduto in mezzo ai dottori, mentre li ascoltava e li interrogava.<\/p>\n<h2>Battesimo e tentazioni di\u00a0Ges\u00f9<\/h2>\n<p>Matteo, Marco e Luca raccontano del <a href=\"https:\/\/www.holyart.it\/it\/occasioni-speciali\/pasqua-e-quaresima\/presepe-pasquale\/scena-battesimo-di-gesu-nel-giordano-9-cm\"><strong>battesimo ricevuto da Ges\u00f9<\/strong><\/a>, ormai uomo, da parte di <strong>Giovanni Battista<\/strong>.\u00a0Nel <strong>Vangelo secondo Marco<\/strong> (Marco 1,9-13) e nel <strong>Vangelo secondo Matteo <\/strong>(Matteo 3,13-4,11) si racconta di come Ges\u00f9, giunto da Nazareth alle rive del Giordano, incontr\u00f2 Giovanni Battista e fu battezzato da lui. Mentre usciva dal fiume i cieli si spalancarono, lo Spirito Santo in forma di colomba scese su di Lui e una vice disse: <em>&#8220;Tu sei il Figlio mio prediletto, in te mi sono compiaciuto.&#8221;<br \/>\n<\/em>Matteo fa parlare anche Giovanni Battista che, sulle prime, rifiuta di battezzare Ges\u00f9, in quanto dovrebbe essere lui a farsi battezzare.<br \/>\nNel <strong>Vangelo secondo Luca<\/strong> (Luca 3,21-22;4,1-13) Ges\u00f9 si fa battezzare insieme a tutto il popolo, e la colomba e la voce dal cielo Lo raggiungono mentre \u00e8 raccolto in preghiera.<\/p>\n<p>Matteo e Luca si soffermano anche sui successivi <strong>quaranta giorni<\/strong>, che Ges\u00f9 trascorrer\u00e0 nel deserto tormentato dalle tentazioni del Diavolo, mentre Marco ne accenna appena.<br \/>\n<strong>Giovanni<\/strong> non parla del battesimo di Ges\u00f9, ma solo di discesa dello Spirito Santo sotto forma di colomba.<\/p>\n<h2>Vita pubblica di\u00a0Ges\u00f9<\/h2>\n<p>Tutti gli evangelisti parlano della <strong>vita pubblica di Ges\u00f9<\/strong>, o meglio del suo <strong>Ministero<\/strong>, il periodo di tre anni dal Battesimo sulle rive del Giordano alla morte a Gerusalemme. All&#8217;epoca Ges\u00f9 ha circa trent&#8217;anni, e dopo essere stato per quaranta giorni nel deserto inizia le Sue peregrinazioni in Galilea, dove raccoglie intorno a S\u00e9 i primi discepoli. Questo \u00e8 il cosiddetto <strong>Primo ministero<\/strong>, che comprende anche la <strong>chiamata degli apostoli sul Lago di Tiberiade<\/strong>, come \u00e8 raccontata nei Vangeli Sinottici, mentre nel Vangelo di Giovanni il primo incontro nella storia di Ges\u00f9 con Andrea, Pietro e Giovanni ebbe luogo a Betania poco dopo il Battesimo.<\/p>\n<p>In seguito Ges\u00f9 si mise in viaggio attraverso la Giudea e fino a Gerusalemme, dove inizia il suo Ministero Finale, la <strong>Settimana di Passione<\/strong>, l&#8217;ultima settimana della Sua vita.<\/p>\n<h2>Miracoli di\u00a0Ges\u00f9<\/h2>\n<p>Nel corso del Suo Ministero Ges\u00f9 compie anche molti <strong>miracoli<\/strong>, che vanno da <a href=\"https:\/\/www.holyart.it\/it\/occasioni-speciali\/pasqua-e-quaresima\/presepe-pasquale\/miracolo-guarigione-del-cieco-gesu-statue-9-cm\"><strong>guarigioni prodigiose<\/strong><\/a> a esorcismi, fino alla resurrezione dai morti.<\/p>\n<div class=\"link-product\">\n<div class=\"blocco-immagine\"><img loading=\"lazy\" decoding=\"async\" class=\"size-full wp-image-14815 alignleft\" src=\"https:\/\/blog.holyart.it\/it\/wp-content\/uploads\/sites\/17\/2022\/03\/miracolo-guarigione-del-cieco-gesu-statue-9-cm.jpg\" alt=\"miracolo guarigione del cieco gesu statue 9 cm\" width=\"100\" height=\"100\" data-kale-share-title=\"La storia di Ges\u00f9: gli eventi pi\u00f9 importanti della Sua vita\" data-kale-share-url=\"https:\/\/blog.holyart.it\/it\/?p=14808\" \/><\/div>\n<div class=\"blocco-contenuto\">\n<div class=\"blocco-acquista\">Acquista su Holyart:<\/div>\n<div class=\"blocco-titolo\"><a href=\"https:\/\/www.holyart.it\/it\/occasioni-speciali\/pasqua-e-quaresima\/presepe-pasquale\/miracolo-guarigione-del-cieco-gesu-statue-9-cm\">Miracolo guarigione del cieco Ges\u00f9 statue 9 cm<\/a><\/div>\n<div class=\"blocco-descrizione\">Statuine scena della vita di Ges\u00f9 guarigione dei non vedenti.<\/div>\n<\/div>\n<\/div>\n<h2>Ingresso di Ges\u00f9 a Gerusalemme<\/h2>\n<p>Tutti i Vangeli Canonici raccontano dell&#8217;<strong>ingresso di Ges\u00f9 a Gerusalemme<\/strong>, accolto da una folla festante che lo acclama e agita fronde di Palma. Da qui la tradizione della Domenica delle Palme, che segna l&#8217;inizio della <a href=\"https:\/\/www.holyart.it\/blog\/accessori-liturgia\/i-riti-della-settimana-santa\/\"><strong>Settimana santa di Pasqua<\/strong><\/a>.<\/p>\n<div class=\"link-article\">\n<p><img loading=\"lazy\" decoding=\"async\" class=\"size-full wp-image-14816 alignleft\" src=\"https:\/\/blog.holyart.it\/it\/wp-content\/uploads\/sites\/17\/2022\/03\/riti-settimana-santa.jpg\" alt=\"riti settimana santa\" width=\"150\" height=\"99\" data-kale-share-title=\"La storia di Ges\u00f9: gli eventi pi\u00f9 importanti della Sua vita\" data-kale-share-url=\"https:\/\/blog.holyart.it\/it\/?p=14808\" \/><\/p>\n<div class=\"leggi-anche\">Leggi anche:<\/div>\n<p><strong><a href=\"https:\/\/www.holyart.it\/blog\/accessori-liturgia\/i-riti-della-settimana-santa\/\">I riti della Settimana Santa<\/a><\/strong><br \/>\nLa Pasqua \u00e8 la festa pi\u00f9 importante per i cristiani e viene celebrata in tutto il mondo. I riti che la contraddistinguono&#8230;<\/p>\n<\/div>\n<h2>L\u2019ultima cena<\/h2>\n<p>I quattro Vangeli raccontano anche dell&#8217;<a href=\"https:\/\/www.holyart.it\/blog\/articoli-religiosi\/lultima-cena-leonardo-da-vinci-storia-di-un-capolavoro\/\"><strong>ultima cena di Ges\u00f9 e dei Suoi discepoli<\/strong><\/a>, raccolti nel cenacolo per celebrare la Pasqua ebraica, quando ebbe luogo l&#8217;istituzione dell&#8217;Eucarestia. In quell&#8217;occasione Ges\u00f9 <a href=\"https:\/\/www.holyart.it\/it\/occasioni-speciali\/pasqua-e-quaresima\/presepe-pasquale\/scena-lavanda-dei-piedi-gesu-ultima-cena-9-cm\"><strong>lav\u00f2 anche i piedi ai suoi apostoli<\/strong><\/a>, anche se questo episodio \u00e8 raccontato solo nel <strong>Vangelo secondo Giovanni <\/strong>(Giovanni 13,1-15), e rivel\u00f2 che uno degli apostoli lo avrebbe tradito.<\/p>\n<h2>Il processo di Ges\u00f9<\/h2>\n<p>I quattro Vangeli Canonici raccontano dell&#8217;<strong>arresto di Ges\u00f9 <\/strong>nell&#8217;orto del Getsemani, fuori Gerusalemme, del suo <a href=\"https:\/\/www.holyart.it\/it\/occasioni-speciali\/pasqua-e-quaresima\/presepe-pasquale\/scena-condanna-di-gesu-caifa-barabba-statue-9-cm\"><strong>interrogatorio e processo<\/strong><\/a> prima al cospetto del Sinedrio, il supremo consiglio ebraico in epoca romana, poi dal governatore romano Ponzio Pilato. L&#8217;arresto avviene per tradizione il gioved\u00ec sera, la sentenza di Pilato \u00e8 emessa il venerd\u00ec. Nel <strong>Vangelo secondo Luca<\/strong>, Pilato invia Ges\u00f9 da Erode Antipa, che lo rimanda indietro senza pronunciarsi. Sebbene durante un primo colloquio privato con Ges\u00f9 Pilato fosse giunto alla conclusione che Egli fosse malato di mente e l&#8217;avesse giudicato innocente, in seguito \u00e8 costretto a condannarlo. Per le accuse di bestemmia, sedizione e reato di lesa maest\u00e0 viene emessa da Ponzio Pilato la condanna a morte per crocifissione. Nel corso del processo viene invece liberato Barabba, scelto da popolo per essere graziato al posto di Ges\u00f9.<\/p>\n<div class=\"link-product\">\n<div class=\"blocco-immagine\"><img loading=\"lazy\" decoding=\"async\" class=\"size-full wp-image-14837 alignleft\" src=\"https:\/\/blog.holyart.it\/it\/wp-content\/uploads\/sites\/17\/2022\/03\/scena-condanna-di-gesu-caifa-barabba-statue-9-cm.jpg\" alt=\"scena condanna di gesu caifa barabba statue 9 cm\" width=\"100\" height=\"100\" data-kale-share-title=\"La storia di Ges\u00f9: gli eventi pi\u00f9 importanti della Sua vita\" data-kale-share-url=\"https:\/\/blog.holyart.it\/it\/?p=14808\" \/><\/div>\n<div class=\"blocco-contenuto\">\n<div class=\"blocco-acquista\">Acquista su Holyart:<\/div>\n<div class=\"blocco-titolo\"><a href=\"https:\/\/www.holyart.it\/it\/occasioni-speciali\/pasqua-e-quaresima\/presepe-pasquale\/scena-condanna-di-gesu-caifa-barabba-statue-9-cm\">Scena condanna di Ges\u00f9 Caifa Barabba statue 9 cm<\/a><\/div>\n<div class=\"blocco-descrizione\">Statuine che raccontano il momento in cui Ges\u00f9 viene condannato dopo il processo.<\/div>\n<\/div>\n<\/div>\n<h2>Passione e Crocifissione<\/h2>\n<p>La <a href=\"https:\/\/www.holyart.it\/blog\/articoli-religiosi\/via-dolorosa-le-14-installazioni-in-bronzo-raffiguranti-le-scene-della-passione\/\"><strong>Passione di Cristo<\/strong><\/a> comprende gli ultimi terribili momenti della Sua vita, dopo il processo, quando viene condotto sul monte Golgota e crocefisso. Il processo termina a mezzogiorno, la morte di Ges\u00f9 si colloca intorno alle tre del pomeriggio (ora nona) del Venerd\u00ec Santo. La Passione \u00e8 ricordata dai cristiani nella Settimana Santa a cui fa seguito la Pasqua, che festeggia la Resurrezione di Cristo tre giorni dopo la morte.<\/p>\n<div class=\"link-article\">\n<p><img loading=\"lazy\" decoding=\"async\" class=\"size-full wp-image-14817 alignleft\" src=\"https:\/\/blog.holyart.it\/it\/wp-content\/uploads\/sites\/17\/2022\/03\/via-dolorosa-le-14-installazioni-in-bronzo-raffiguranti-le-scene-della-passione.jpg\" alt=\"via dolorosa le 14 installazioni in bronzo raffiguranti le scene della passione\" width=\"150\" height=\"99\" data-kale-share-title=\"La storia di Ges\u00f9: gli eventi pi\u00f9 importanti della Sua vita\" data-kale-share-url=\"https:\/\/blog.holyart.it\/it\/?p=14808\" \/><\/p>\n<div class=\"leggi-anche\">Leggi anche:<\/div>\n<p><strong><a href=\"https:\/\/www.holyart.it\/blog\/articoli-religiosi\/via-dolorosa-le-14-installazioni-in-bronzo-raffiguranti-le-scene-della-passione\/\">Via Dolorosa: le 14 installazioni in bronzo raffiguranti le scene della Passione<\/a><\/strong><br \/>\nLa Via Dolorosa a Gerusalemme ripercorre le tappe della Passione&#8230;<\/p>\n<\/div>\n<p>Episodi tristemente famosi della Passione sono la <a href=\"https:\/\/www.holyart.it\/it\/occasioni-speciali\/pasqua-e-quaresima\/presepe-pasquale\/gesu-flagellato-alla-colonna-statue-9-cm\"><strong>Flagellazione di Cristo<\/strong><\/a>, riportata in tutti i Vangeli, l&#8217;<a href=\"https:\/\/www.holyart.it\/it\/occasioni-speciali\/pasqua-e-quaresima\/presepe-pasquale\/coronazione-di-spine-passione-gesu-statue-9-cm\"><strong>incoronazione con la corona di spine<\/strong><\/a>, la salita al Calvario, dove secondo Matteo, Marco e Luca Ges\u00f9 venne aiutato da <strong>Simone di Cirene<\/strong> a portare la croce. Sul Golgota Ges\u00f9 viene <a href=\"https:\/\/www.holyart.it\/it\/occasioni-speciali\/pasqua-e-quaresima\/presepe-pasquale\/scena-crocifissione-soldato-maria-statue-9-cm\"><strong>crocifisso tra due ladroni<\/strong><\/a>. Secondo Matteo e Marco alla Sua morte il velo del tempio di Gerusalemme viene squarciato da un vento sovrannaturale. Segue la <a href=\"https:\/\/www.holyart.it\/it\/occasioni-speciali\/pasqua-e-quaresima\/presepe-pasquale\/deposizione-cristo-dalla-croce-resina-9-cm\"><strong>Deposizione del corpo di Ges\u00f9<\/strong><\/a> nel sepolcro.<\/p>\n<h2>Resurrezione e Ascensione di\u00a0Ges\u00f9<\/h2>\n<p>La <a href=\"https:\/\/www.holyart.it\/it\/occasioni-speciali\/pasqua-e-quaresima\/presepe-pasquale\/statua-resurrezione-gesu-raggiera-resina-9-cm\"><strong>Resurrezione di Ges\u00f9 dalla morte<\/strong><\/a> \u00e8 raccontata con alcune differenze nei vari Vangeli. In Matteo dopo il sabato all&#8217;alba <a href=\"https:\/\/www.holyart.it\/blog\/santi-e-beati\/chi-era-veramente-maria-maddalena-storia-della-apostola-degli-apostoli\/\"><strong>Maria Maddalena<\/strong><\/a> e Maria di Cleofa si recano al sepolcro e lo trovano vuoto. In Marco sono Maria Maddalena, Maria di Giacomo e Maria Salome, in Luca Maria Maddalena, Giovanna la Mirofora e Maria di Cleofa, mentre Giovanni evangelista cita solo Maria Maddalena e altre donne non nominate e sposta l&#8217;azione al<em> &#8220;primo giorno della settimana quand&#8217;era ancora buio.&#8221; <\/em>Il racconto prosegue, con la pietra del sepolcro che viene rimossa, da un angelo o due angeli, o da un terremoto, a seconda dei racconti, e la paura dei soldati di guardia o delle donne. L&#8217;angelo annuncia alle donne la Resurrezione di Ges\u00f9 e ordina loro di riferire la notizia ai discepoli. Alle donne che fuggono dal sepolcro <strong>appare Ges\u00f9<\/strong> (per Marco solo a Maria Maddalena) e a seconda delle versioni esse vanno a darne l&#8217;annuncio o tacciono.<\/p>\n<p>Nel Vangelo di Luca e negli Atti degli Apostoli (Luca 24,51 e Atti 1,9-11) si racconta anche l&#8217;<strong>Ascensione di Ges\u00f9<\/strong>, l&#8217;ultimo episodio della Sua parabola terrena. Ges\u00f9 sale al cielo per sedere alla destra del Padre, e da l\u00ec torner\u00e0 solo alla Fine dei Tempi per giudicare i vivi e i morti.<\/p>\n<div class=\"link-product\">\n<div class=\"blocco-immagine\"><img loading=\"lazy\" decoding=\"async\" class=\"size-full wp-image-14839 alignleft\" src=\"https:\/\/blog.holyart.it\/it\/wp-content\/uploads\/sites\/17\/2022\/03\/statua-resurrezione-gesu-raggiera-resina-9-cm.jpg\" alt=\"statua resurrezione gesu raggiera resina 9 cm\" width=\"100\" height=\"100\" data-kale-share-title=\"La storia di Ges\u00f9: gli eventi pi\u00f9 importanti della Sua vita\" data-kale-share-url=\"https:\/\/blog.holyart.it\/it\/?p=14808\" \/><\/div>\n<div class=\"blocco-contenuto\">\n<div class=\"blocco-acquista\">Acquista su Holyart:<\/div>\n<div class=\"blocco-titolo\"><a href=\"https:\/\/www.holyart.it\/it\/occasioni-speciali\/pasqua-e-quaresima\/presepe-pasquale\/statua-resurrezione-gesu-raggiera-resina-9-cm\">Statua Resurrezione Ges\u00f9 raggiera resina 9 cm<\/a><\/div>\n<div class=\"blocco-descrizione\">Statuina di Ges\u00f9 rappresentante la sua Resurrezione.<\/div>\n<\/div>\n<\/div>\n","protected":false},"excerpt":{"rendered":"<p>La storia di Ges\u00f9, tra racconto evangelico, realt\u00e0 storica e leggenda devozionale. In vista della Pasqua ricostruiamo la vicenda umana che ha cambiato le sorti dell&#8217;umanit\u00e0 Raccontare la storia di Ges\u00f9 pu\u00f2 sembrare, di primo acchito, facile, perfino banale. Chiunque sia nato e cresciuto in&hellip;<\/p>\n","protected":false},"author":1,"featured_media":17929,"comment_status":"closed","ping_status":"open","sticky":false,"template":"","format":"standard","meta":{"_acf_changed":false,"footnotes":""},"categories":[16],"tags":[],"class_list":["post-14808","post","type-post","status-publish","format-standard","has-post-thumbnail","hentry","category-articoli-religiosi"],"acf":[],"yoast_head":"<!-- This site is optimized with the Yoast SEO plugin v26.6 - https:\/\/yoast.com\/wordpress\/plugins\/seo\/ -->\n<title>La storia di Ges\u00f9: gli eventi pi\u00f9 importanti della Sua vita - Holyblog<\/title>\n<meta name=\"description\" content=\"La storia di Ges\u00f9 dall&#039;annunciazione alla Resurrezione \u00e8 raccontata dai Vangeli e da innumerevoli storie della tradizione cristiana. Ecco i punti salienti\" \/>\n<meta name=\"robots\" content=\"index, follow, max-snippet:-1, max-image-preview:large, max-video-preview:-1\" \/>\n<link rel=\"canonical\" href=\"https:\/\/blog.holyart.it\/it\/articoli-religiosi\/la-storia-di-gesu-gli-eventi-piu-importanti-della-sua-vita\/\" \/>\n<meta property=\"og:locale\" content=\"it_IT\" \/>\n<meta property=\"og:type\" content=\"article\" \/>\n<meta property=\"og:title\" content=\"La storia di Ges\u00f9: gli eventi pi\u00f9 importanti della Sua vita - Holyblog\" \/>\n<meta property=\"og:description\" content=\"La storia di Ges\u00f9 dall&#039;annunciazione alla Resurrezione \u00e8 raccontata dai Vangeli e da innumerevoli storie della tradizione cristiana. Ecco i punti salienti\" \/>\n<meta property=\"og:url\" content=\"https:\/\/blog.holyart.it\/it\/articoli-religiosi\/la-storia-di-gesu-gli-eventi-piu-importanti-della-sua-vita\/\" \/>\n<meta property=\"og:site_name\" content=\"Holyblog\" \/>\n<meta property=\"article:published_time\" content=\"2022-03-09T11:30:16+00:00\" \/>\n<meta property=\"article:modified_time\" content=\"2025-03-19T15:59:10+00:00\" \/>\n<meta property=\"og:image\" content=\"https:\/\/blog.holyart.it\/it\/wp-content\/uploads\/sites\/17\/2022\/03\/storia-di-gesu-ultima-cena.jpg\" \/>\n\t<meta property=\"og:image:width\" content=\"1000\" \/>\n\t<meta property=\"og:image:height\" content=\"666\" \/>\n\t<meta property=\"og:image:type\" content=\"image\/jpeg\" \/>\n<meta name=\"author\" content=\"Redazione\" \/>\n<meta name=\"twitter:card\" content=\"summary_large_image\" \/>\n<meta name=\"twitter:label1\" content=\"Scritto da\" \/>\n\t<meta name=\"twitter:data1\" content=\"Redazione\" \/>\n\t<meta name=\"twitter:label2\" content=\"Tempo di lettura stimato\" \/>\n\t<meta name=\"twitter:data2\" content=\"13 minuti\" \/>\n<script type=\"application\/ld+json\" class=\"yoast-schema-graph\">{\"@context\":\"https:\/\/schema.org\",\"@graph\":[{\"@type\":\"Article\",\"@id\":\"https:\/\/blog.holyart.it\/it\/articoli-religiosi\/la-storia-di-gesu-gli-eventi-piu-importanti-della-sua-vita\/#article\",\"isPartOf\":{\"@id\":\"https:\/\/blog.holyart.it\/it\/articoli-religiosi\/la-storia-di-gesu-gli-eventi-piu-importanti-della-sua-vita\/\"},\"author\":{\"name\":\"Redazione\",\"@id\":\"https:\/\/blog.holyart.it\/it\/#\/schema\/person\/0a7b686e5af0f856ec1e390dd0baecda\"},\"headline\":\"La storia di Ges\u00f9: gli eventi pi\u00f9 importanti della Sua vita\",\"datePublished\":\"2022-03-09T11:30:16+00:00\",\"dateModified\":\"2025-03-19T15:59:10+00:00\",\"mainEntityOfPage\":{\"@id\":\"https:\/\/blog.holyart.it\/it\/articoli-religiosi\/la-storia-di-gesu-gli-eventi-piu-importanti-della-sua-vita\/\"},\"wordCount\":2011,\"publisher\":{\"@id\":\"https:\/\/blog.holyart.it\/it\/#organization\"},\"image\":{\"@id\":\"https:\/\/blog.holyart.it\/it\/articoli-religiosi\/la-storia-di-gesu-gli-eventi-piu-importanti-della-sua-vita\/#primaryimage\"},\"thumbnailUrl\":\"https:\/\/blog.holyart.it\/it\/wp-content\/uploads\/sites\/17\/2022\/03\/storia-di-gesu-ultima-cena.jpg\",\"articleSection\":[\"Religione\"],\"inLanguage\":\"it-IT\"},{\"@type\":\"WebPage\",\"@id\":\"https:\/\/blog.holyart.it\/it\/articoli-religiosi\/la-storia-di-gesu-gli-eventi-piu-importanti-della-sua-vita\/\",\"url\":\"https:\/\/blog.holyart.it\/it\/articoli-religiosi\/la-storia-di-gesu-gli-eventi-piu-importanti-della-sua-vita\/\",\"name\":\"La storia di Ges\u00f9: gli eventi pi\u00f9 importanti della Sua vita - Holyblog\",\"isPartOf\":{\"@id\":\"https:\/\/blog.holyart.it\/it\/#website\"},\"primaryImageOfPage\":{\"@id\":\"https:\/\/blog.holyart.it\/it\/articoli-religiosi\/la-storia-di-gesu-gli-eventi-piu-importanti-della-sua-vita\/#primaryimage\"},\"image\":{\"@id\":\"https:\/\/blog.holyart.it\/it\/articoli-religiosi\/la-storia-di-gesu-gli-eventi-piu-importanti-della-sua-vita\/#primaryimage\"},\"thumbnailUrl\":\"https:\/\/blog.holyart.it\/it\/wp-content\/uploads\/sites\/17\/2022\/03\/storia-di-gesu-ultima-cena.jpg\",\"datePublished\":\"2022-03-09T11:30:16+00:00\",\"dateModified\":\"2025-03-19T15:59:10+00:00\",\"description\":\"La storia di Ges\u00f9 dall'annunciazione alla Resurrezione \u00e8 raccontata dai Vangeli e da innumerevoli storie della tradizione cristiana. Ecco i punti salienti\",\"breadcrumb\":{\"@id\":\"https:\/\/blog.holyart.it\/it\/articoli-religiosi\/la-storia-di-gesu-gli-eventi-piu-importanti-della-sua-vita\/#breadcrumb\"},\"inLanguage\":\"it-IT\",\"potentialAction\":[{\"@type\":\"ReadAction\",\"target\":[\"https:\/\/blog.holyart.it\/it\/articoli-religiosi\/la-storia-di-gesu-gli-eventi-piu-importanti-della-sua-vita\/\"]}]},{\"@type\":\"ImageObject\",\"inLanguage\":\"it-IT\",\"@id\":\"https:\/\/blog.holyart.it\/it\/articoli-religiosi\/la-storia-di-gesu-gli-eventi-piu-importanti-della-sua-vita\/#primaryimage\",\"url\":\"https:\/\/blog.holyart.it\/it\/wp-content\/uploads\/sites\/17\/2022\/03\/storia-di-gesu-ultima-cena.jpg\",\"contentUrl\":\"https:\/\/blog.holyart.it\/it\/wp-content\/uploads\/sites\/17\/2022\/03\/storia-di-gesu-ultima-cena.jpg\",\"width\":1000,\"height\":666,\"caption\":\"storia di gesu ultima cena\"},{\"@type\":\"BreadcrumbList\",\"@id\":\"https:\/\/blog.holyart.it\/it\/articoli-religiosi\/la-storia-di-gesu-gli-eventi-piu-importanti-della-sua-vita\/#breadcrumb\",\"itemListElement\":[{\"@type\":\"ListItem\",\"position\":1,\"name\":\"Homepage\",\"item\":\"https:\/\/blog.holyart.it\/it\/\"},{\"@type\":\"ListItem\",\"position\":2,\"name\":\"Religione\",\"item\":\"https:\/\/blog.holyart.it\/it\/articoli-religiosi\/\"},{\"@type\":\"ListItem\",\"position\":3,\"name\":\"La storia di Ges\u00f9: gli eventi pi\u00f9 importanti della Sua vita\"}]},{\"@type\":\"WebSite\",\"@id\":\"https:\/\/blog.holyart.it\/it\/#website\",\"url\":\"https:\/\/blog.holyart.it\/it\/\",\"name\":\"Holyblog\",\"description\":\"Il Blog di Holyart.it\",\"publisher\":{\"@id\":\"https:\/\/blog.holyart.it\/it\/#organization\"},\"potentialAction\":[{\"@type\":\"SearchAction\",\"target\":{\"@type\":\"EntryPoint\",\"urlTemplate\":\"https:\/\/blog.holyart.it\/it\/?s={search_term_string}\"},\"query-input\":{\"@type\":\"PropertyValueSpecification\",\"valueRequired\":true,\"valueName\":\"search_term_string\"}}],\"inLanguage\":\"it-IT\"},{\"@type\":\"Organization\",\"@id\":\"https:\/\/blog.holyart.it\/it\/#organization\",\"name\":\"Holyblog\",\"url\":\"https:\/\/blog.holyart.it\/it\/\",\"logo\":{\"@type\":\"ImageObject\",\"inLanguage\":\"it-IT\",\"@id\":\"https:\/\/blog.holyart.it\/it\/#\/schema\/logo\/image\/\",\"url\":\"https:\/\/blog.holyart.it\/it\/wp-content\/uploads\/sites\/17\/2022\/12\/Holyart_Blog_Logo.jpg\",\"contentUrl\":\"https:\/\/blog.holyart.it\/it\/wp-content\/uploads\/sites\/17\/2022\/12\/Holyart_Blog_Logo.jpg\",\"width\":300,\"height\":50,\"caption\":\"Holyblog\"},\"image\":{\"@id\":\"https:\/\/blog.holyart.it\/it\/#\/schema\/logo\/image\/\"}},{\"@type\":\"Person\",\"@id\":\"https:\/\/blog.holyart.it\/it\/#\/schema\/person\/0a7b686e5af0f856ec1e390dd0baecda\",\"name\":\"Redazione\"}]}<\/script>\n<!-- \/ Yoast SEO plugin. -->","yoast_head_json":{"title":"La storia di Ges\u00f9: gli eventi pi\u00f9 importanti della Sua vita - Holyblog","description":"La storia di Ges\u00f9 dall'annunciazione alla Resurrezione \u00e8 raccontata dai Vangeli e da innumerevoli storie della tradizione cristiana. Ecco i punti salienti","robots":{"index":"index","follow":"follow","max-snippet":"max-snippet:-1","max-image-preview":"max-image-preview:large","max-video-preview":"max-video-preview:-1"},"canonical":"https:\/\/blog.holyart.it\/it\/articoli-religiosi\/la-storia-di-gesu-gli-eventi-piu-importanti-della-sua-vita\/","og_locale":"it_IT","og_type":"article","og_title":"La storia di Ges\u00f9: gli eventi pi\u00f9 importanti della Sua vita - Holyblog","og_description":"La storia di Ges\u00f9 dall'annunciazione alla Resurrezione \u00e8 raccontata dai Vangeli e da innumerevoli storie della tradizione cristiana. Ecco i punti salienti","og_url":"https:\/\/blog.holyart.it\/it\/articoli-religiosi\/la-storia-di-gesu-gli-eventi-piu-importanti-della-sua-vita\/","og_site_name":"Holyblog","article_published_time":"2022-03-09T11:30:16+00:00","article_modified_time":"2025-03-19T15:59:10+00:00","og_image":[{"width":1000,"height":666,"url":"https:\/\/blog.holyart.it\/it\/wp-content\/uploads\/sites\/17\/2022\/03\/storia-di-gesu-ultima-cena.jpg","type":"image\/jpeg"}],"author":"Redazione","twitter_card":"summary_large_image","twitter_misc":{"Scritto da":"Redazione","Tempo di lettura stimato":"13 minuti"},"schema":{"@context":"https:\/\/schema.org","@graph":[{"@type":"Article","@id":"https:\/\/blog.holyart.it\/it\/articoli-religiosi\/la-storia-di-gesu-gli-eventi-piu-importanti-della-sua-vita\/#article","isPartOf":{"@id":"https:\/\/blog.holyart.it\/it\/articoli-religiosi\/la-storia-di-gesu-gli-eventi-piu-importanti-della-sua-vita\/"},"author":{"name":"Redazione","@id":"https:\/\/blog.holyart.it\/it\/#\/schema\/person\/0a7b686e5af0f856ec1e390dd0baecda"},"headline":"La storia di Ges\u00f9: gli eventi pi\u00f9 importanti della Sua vita","datePublished":"2022-03-09T11:30:16+00:00","dateModified":"2025-03-19T15:59:10+00:00","mainEntityOfPage":{"@id":"https:\/\/blog.holyart.it\/it\/articoli-religiosi\/la-storia-di-gesu-gli-eventi-piu-importanti-della-sua-vita\/"},"wordCount":2011,"publisher":{"@id":"https:\/\/blog.holyart.it\/it\/#organization"},"image":{"@id":"https:\/\/blog.holyart.it\/it\/articoli-religiosi\/la-storia-di-gesu-gli-eventi-piu-importanti-della-sua-vita\/#primaryimage"},"thumbnailUrl":"https:\/\/blog.holyart.it\/it\/wp-content\/uploads\/sites\/17\/2022\/03\/storia-di-gesu-ultima-cena.jpg","articleSection":["Religione"],"inLanguage":"it-IT"},{"@type":"WebPage","@id":"https:\/\/blog.holyart.it\/it\/articoli-religiosi\/la-storia-di-gesu-gli-eventi-piu-importanti-della-sua-vita\/","url":"https:\/\/blog.holyart.it\/it\/articoli-religiosi\/la-storia-di-gesu-gli-eventi-piu-importanti-della-sua-vita\/","name":"La storia di Ges\u00f9: gli eventi pi\u00f9 importanti della Sua vita - Holyblog","isPartOf":{"@id":"https:\/\/blog.holyart.it\/it\/#website"},"primaryImageOfPage":{"@id":"https:\/\/blog.holyart.it\/it\/articoli-religiosi\/la-storia-di-gesu-gli-eventi-piu-importanti-della-sua-vita\/#primaryimage"},"image":{"@id":"https:\/\/blog.holyart.it\/it\/articoli-religiosi\/la-storia-di-gesu-gli-eventi-piu-importanti-della-sua-vita\/#primaryimage"},"thumbnailUrl":"https:\/\/blog.holyart.it\/it\/wp-content\/uploads\/sites\/17\/2022\/03\/storia-di-gesu-ultima-cena.jpg","datePublished":"2022-03-09T11:30:16+00:00","dateModified":"2025-03-19T15:59:10+00:00","description":"La storia di Ges\u00f9 dall'annunciazione alla Resurrezione \u00e8 raccontata dai Vangeli e da innumerevoli storie della tradizione cristiana. Ecco i punti salienti","breadcrumb":{"@id":"https:\/\/blog.holyart.it\/it\/articoli-religiosi\/la-storia-di-gesu-gli-eventi-piu-importanti-della-sua-vita\/#breadcrumb"},"inLanguage":"it-IT","potentialAction":[{"@type":"ReadAction","target":["https:\/\/blog.holyart.it\/it\/articoli-religiosi\/la-storia-di-gesu-gli-eventi-piu-importanti-della-sua-vita\/"]}]},{"@type":"ImageObject","inLanguage":"it-IT","@id":"https:\/\/blog.holyart.it\/it\/articoli-religiosi\/la-storia-di-gesu-gli-eventi-piu-importanti-della-sua-vita\/#primaryimage","url":"https:\/\/blog.holyart.it\/it\/wp-content\/uploads\/sites\/17\/2022\/03\/storia-di-gesu-ultima-cena.jpg","contentUrl":"https:\/\/blog.holyart.it\/it\/wp-content\/uploads\/sites\/17\/2022\/03\/storia-di-gesu-ultima-cena.jpg","width":1000,"height":666,"caption":"storia di gesu ultima cena"},{"@type":"BreadcrumbList","@id":"https:\/\/blog.holyart.it\/it\/articoli-religiosi\/la-storia-di-gesu-gli-eventi-piu-importanti-della-sua-vita\/#breadcrumb","itemListElement":[{"@type":"ListItem","position":1,"name":"Homepage","item":"https:\/\/blog.holyart.it\/it\/"},{"@type":"ListItem","position":2,"name":"Religione","item":"https:\/\/blog.holyart.it\/it\/articoli-religiosi\/"},{"@type":"ListItem","position":3,"name":"La storia di Ges\u00f9: gli eventi pi\u00f9 importanti della Sua vita"}]},{"@type":"WebSite","@id":"https:\/\/blog.holyart.it\/it\/#website","url":"https:\/\/blog.holyart.it\/it\/","name":"Holyblog","description":"Il Blog di Holyart.it","publisher":{"@id":"https:\/\/blog.holyart.it\/it\/#organization"},"potentialAction":[{"@type":"SearchAction","target":{"@type":"EntryPoint","urlTemplate":"https:\/\/blog.holyart.it\/it\/?s={search_term_string}"},"query-input":{"@type":"PropertyValueSpecification","valueRequired":true,"valueName":"search_term_string"}}],"inLanguage":"it-IT"},{"@type":"Organization","@id":"https:\/\/blog.holyart.it\/it\/#organization","name":"Holyblog","url":"https:\/\/blog.holyart.it\/it\/","logo":{"@type":"ImageObject","inLanguage":"it-IT","@id":"https:\/\/blog.holyart.it\/it\/#\/schema\/logo\/image\/","url":"https:\/\/blog.holyart.it\/it\/wp-content\/uploads\/sites\/17\/2022\/12\/Holyart_Blog_Logo.jpg","contentUrl":"https:\/\/blog.holyart.it\/it\/wp-content\/uploads\/sites\/17\/2022\/12\/Holyart_Blog_Logo.jpg","width":300,"height":50,"caption":"Holyblog"},"image":{"@id":"https:\/\/blog.holyart.it\/it\/#\/schema\/logo\/image\/"}},{"@type":"Person","@id":"https:\/\/blog.holyart.it\/it\/#\/schema\/person\/0a7b686e5af0f856ec1e390dd0baecda","name":"Redazione"}]}},"_links":{"self":[{"href":"https:\/\/blog.holyart.it\/it\/wp-json\/wp\/v2\/posts\/14808","targetHints":{"allow":["GET"]}}],"collection":[{"href":"https:\/\/blog.holyart.it\/it\/wp-json\/wp\/v2\/posts"}],"about":[{"href":"https:\/\/blog.holyart.it\/it\/wp-json\/wp\/v2\/types\/post"}],"author":[{"embeddable":true,"href":"https:\/\/blog.holyart.it\/it\/wp-json\/wp\/v2\/users\/1"}],"replies":[{"embeddable":true,"href":"https:\/\/blog.holyart.it\/it\/wp-json\/wp\/v2\/comments?post=14808"}],"version-history":[{"count":1,"href":"https:\/\/blog.holyart.it\/it\/wp-json\/wp\/v2\/posts\/14808\/revisions"}],"predecessor-version":[{"id":17357,"href":"https:\/\/blog.holyart.it\/it\/wp-json\/wp\/v2\/posts\/14808\/revisions\/17357"}],"wp:featuredmedia":[{"embeddable":true,"href":"https:\/\/blog.holyart.it\/it\/wp-json\/wp\/v2\/media\/17929"}],"wp:attachment":[{"href":"https:\/\/blog.holyart.it\/it\/wp-json\/wp\/v2\/media?parent=14808"}],"wp:term":[{"taxonomy":"category","embeddable":true,"href":"https:\/\/blog.holyart.it\/it\/wp-json\/wp\/v2\/categories?post=14808"},{"taxonomy":"post_tag","embeddable":true,"href":"https:\/\/blog.holyart.it\/it\/wp-json\/wp\/v2\/tags?post=14808"}],"curies":[{"name":"wp","href":"https:\/\/api.w.org\/{rel}","templated":true}]}}