{"id":14721,"date":"2022-02-21T12:30:53","date_gmt":"2022-02-21T11:30:53","guid":{"rendered":"https:\/\/blog.holyart.it\/it\/?p=14721"},"modified":"2026-02-16T12:50:42","modified_gmt":"2026-02-16T11:50:42","slug":"la-cattedra-di-san-pietro-il-significato-dellopera-e-le-origini-della-festa","status":"publish","type":"post","link":"https:\/\/blog.holyart.it\/it\/articoli-religiosi\/la-cattedra-di-san-pietro-il-significato-dellopera-e-le-origini-della-festa\/","title":{"rendered":"La Cattedra di San Pietro: il significato dell\u2019opera e le origini della festa"},"content":{"rendered":"<h4>Che cosa si intende per Cattedra di San Pietro? Che cos&#8217;\u00e8 e dove si trova questo prezioso manufatto? Che cosa si festeggia il 22 febbraio?<\/h4>\n\n<p>Il 22 febbraio cade una festa liturgica particolare. Infatti la chiesa cattolica celebra la <strong>Cattedra di San Pietro <\/strong>(<em>Cathedra Petri<\/em>). Ma di cosa si tratta? Prima di tutto la Cattedra di San Pietro \u00e8 un oggetto, per l&#8217;esattezza uno scranno, o <strong>trono di legno<\/strong>, che secondo la tradizione appartenne a <a href=\"https:\/\/www.holyart.it\/it\/articoli-religiosi\/icone-sacre\/icone-grecia-dipinte-e-serigrafate\/san-pietro-e-san-paolo\"><strong>San Pietro<\/strong><\/a> quando egli era Vescovo di Roma e Primo Papa. Infatti in ambito religioso la Cattedra, o <em>cathedra<\/em>, \u00e8 il <strong>trono<\/strong> da cui il Vescovo impartisce le sue benedizioni e si rivolge ai fedeli, come rappresentante di Ges\u00f9 in Terra. \u00c8 simbolo della <strong>potest\u00e0 e responsabilit\u00e0 vescovile<\/strong>, e solitamente nelle chiese \u00e8 posto in una posizione di grande rilievo, in mezzo all&#8217;abside o nel presbiterio, circondato da banchi riservati ai sacerdoti che devono assistere il vescovo. Basti pensare che il termine <strong><em>Cattedrale<\/em><\/strong> nasce proprio da <em>Cattedra<\/em>: la Cattedrale \u00e8 la chiesa che contiene la Cattedra, quindi il cuore stesso della diocesi vescovile.<\/p>\n<div class=\"link-product\">\n<div class=\"blocco-immagine\"><img loading=\"lazy\" decoding=\"async\" class=\"size-full wp-image-14725 alignleft\" src=\"https:\/\/blog.holyart.it\/it\/wp-content\/uploads\/sites\/17\/2022\/02\/san-pietro-e-san-paolo.jpg\" alt=\"san pietro e san paolo\" width=\"100\" height=\"100\" data-kale-share-title=\"La Cattedra di San Pietro: il significato dell\u2019opera e le origini della festa\" data-kale-share-url=\"https:\/\/blog.holyart.it\/it\/?p=14721\" \/><\/div>\n<div class=\"blocco-contenuto\">\n<div class=\"blocco-acquista\">Acquista su Holyart:<\/div>\n<div class=\"blocco-titolo\"><a href=\"https:\/\/www.holyart.it\/it\/articoli-religiosi\/icone-sacre\/icone-grecia-dipinte-e-serigrafate\/san-pietro-e-san-paolo\">San Pietro e San Paolo<\/a><\/div>\n<div class=\"blocco-descrizione\">Icona greca dipinta a mano che raffigura san Pietro e san Paolo che sorreggono la Chiesa.<\/div>\n<\/div>\n<\/div>\n<p>Dalla Cattedra come oggetto \u00e8 derivato poi l&#8217;utilizzo del termine per indicare la <strong>funzione del vescovo di Roma<\/strong>, in generale, e di San Pietro in particolare, il suo ruolo di guida e maestro della cristianit\u00e0, il suo essere il pastore scelto da Ges\u00f9 per guidare la Sua Chiesa. \u00c8 questa missione, la missione di Pietro e di tutti i pontefici venuti dopo di lui, che si celebra <strong>il 22 febbraio<\/strong>.<\/p>\n<h2>La Cattedra di San Pietro di Bernini<\/h2>\n<p>La Cattedra di San Pietro come oggetto vero e proprio \u00e8 uno <strong>scranno in legno<\/strong> custodito nella <a href=\"https:\/\/www.holyart.it\/blog\/articoli-religiosi\/san-pietro-in-vaticano-chiesa-simbolo-di-tutto-il-mondo-cristiano\/\"><strong>basilica di San Pietro in Vaticano<\/strong><\/a>. Intorno ad esso \u00e8 stato eretto poi un trono di bronzo. Una copia del medesimo \u00e8 invece nel Museo storico artistico del Tesoro di San Pietro, a cui si accede dall&#8217;interno della basilica. Quella che siamo abituati a conoscere come Cattedra di San Pietro, in realt\u00e0, risale al IX secolo d.C., ed \u00e8 un dono che Carlo II detto il Calvo, Re dei Franchi, fece a Papa Giovanni VIII quando discese in Italia per farsi incoronare imperatore.<\/p>\n<div class=\"link-article\">\n<p><img loading=\"lazy\" decoding=\"async\" class=\"size-full wp-image-14723 alignleft\" src=\"https:\/\/blog.holyart.it\/it\/wp-content\/uploads\/sites\/17\/2022\/02\/san-pietro-basilica.jpeg\" alt=\"basilica di san pietro\" width=\"150\" height=\"100\" data-kale-share-title=\"La Cattedra di San Pietro: il significato dell\u2019opera e le origini della festa\" data-kale-share-url=\"https:\/\/blog.holyart.it\/it\/?p=14721\" \/><\/p>\n<div class=\"leggi-anche\">Leggi anche:<\/div>\n<p><strong><a href=\"https:\/\/www.holyart.it\/blog\/articoli-religiosi\/san-pietro-in-vaticano-chiesa-simbolo-di-tutto-il-mondo-cristiano\/\">San Pietro in Vaticano: Chiesa simbolo di tutto il mondo cristiano<\/a><\/strong><br \/>\nSan Pietro in Vaticano \u00e8 una basilica piena di significati, misteri e opere d\u2019arte sacra famose in tutto il mondo. Ecco alcune curiosit\u00e0&#8230;<\/p>\n<\/div>\n<p>Tra il 1656 e il 1665 <strong>Gian Lorenzo Bernini<\/strong> realizz\u00f2 una magnifica <strong>composizione barocca<\/strong> intorno alla Cattedra, e ancora oggi possiamo ammirarla nell\u2019abside della Basilica di San Pietro. La Cattedra di San Pietro del Bernini \u00e8 <strong>alta 7 metri<\/strong>, sormontata da <strong>due putti<\/strong> con in mano le <strong>insegne papali<\/strong>. La struttura principale \u00e8 costituita da <strong>quattro grandi statue di bronzo <\/strong>che sostengono una piattaforma su cui \u00e8 posata la Cattedra stessa. Le statue raffigurano i <strong><a href=\"https:\/\/www.holyart.it\/blog\/santi-e-beati\/i-dottori-della-chiesa-chi-sono-e-i-requisiti-per-avere-questo-titolo\/\">quattro dottori della Chiesa<\/a><\/strong> greca e latina: Sant\u2019Agostino, Sant\u2019Ambrogio, Sant\u2019Anastasio e San Giovanni Crisostomo.<\/p>\n<div class=\"link-article\">\n<p><img loading=\"lazy\" decoding=\"async\" class=\"size-full wp-image-14724 alignleft\" src=\"https:\/\/blog.holyart.it\/it\/wp-content\/uploads\/sites\/17\/2022\/02\/dottori-della-chiesa.jpeg\" alt=\"dottori della chiesa\" width=\"150\" height=\"99\" data-kale-share-title=\"La Cattedra di San Pietro: il significato dell\u2019opera e le origini della festa\" data-kale-share-url=\"https:\/\/blog.holyart.it\/it\/?p=14721\" \/><\/p>\n<div class=\"leggi-anche\">Leggi anche:<\/div>\n<p><strong><a href=\"https:\/\/www.holyart.it\/blog\/santi-e-beati\/i-dottori-della-chiesa-chi-sono-e-i-requisiti-per-avere-questo-titolo\/\">I dottori della Chiesa: chi sono e i requisiti per avere questo titolo<\/a><\/strong><br \/>\nIl 1 ottobre si festeggia Santa Teresa di Lisieux, una delle quattro donne proclamate Dottori della Chiesa. Ma chi sono i Dottori&#8230;<\/p>\n<\/div>\n<p>In realt\u00e0 la Cattedra sembra fluttuare nell&#8217;aria su un letto di nuvole d&#8217;oro, grazie alla maestria dello scultore. Il bassorilievo dorato che costituisce lo <strong>schienale della Cattedra<\/strong> \u00e8 opera dello scultore Giovanni Paolo Schor su disegni del Bernini. Raffigura l&#8217;episodio del <em>Pasce oves meas<\/em>, &#8220;Pasci le mie pecorelle&#8221;, quando Ges\u00f9 Risorto apparve agli apostoli sulle sponde del lago di Tiberiade, e affid\u00f2 a Pietro il Suo gregge da custodire e guidare. Sui <strong>lati del sedile<\/strong> sono invece rappresentati la <em>Lavanda dei piedi<\/em> e la <em>Consegna delle chiavi <\/em>(<em>traditio clavium<\/em>), uno dei temi pi\u00f9 ricorrenti nell&#8217;arte paleocristiana: <a href=\"https:\/\/www.holyart.it\/it\/articoli-religiosi\/statue\/statue-in-resina-e-pvc\/statua-san-pietro-20-cm-in-resina\"><strong>Ges\u00f9 consegna a Pietro le chiavi e lo investe cos\u00ec del Primato papale<\/strong><\/a>.<\/p>\n<div class=\"link-product\">\n<div class=\"blocco-immagine\"><img loading=\"lazy\" decoding=\"async\" class=\"size-full wp-image-14722 alignleft\" src=\"https:\/\/blog.holyart.it\/it\/wp-content\/uploads\/sites\/17\/2022\/02\/statua-san-pietro-20-cm-in-resina.jpg\" alt=\"statua san pietro 20 cm in resina\" width=\"100\" height=\"100\" data-kale-share-title=\"La Cattedra di San Pietro: il significato dell\u2019opera e le origini della festa\" data-kale-share-url=\"https:\/\/blog.holyart.it\/it\/?p=14721\" \/><\/div>\n<div class=\"blocco-contenuto\">\n<div class=\"blocco-acquista\">Acquista su Holyart:<\/div>\n<div class=\"blocco-titolo\"><a href=\"https:\/\/www.holyart.it\/it\/articoli-religiosi\/statue\/statue-in-resina-e-pvc\/statua-san-pietro-20-cm-in-resina\">Statua San Pietro 20 cm in resina<\/a><\/div>\n<div class=\"blocco-descrizione\">Statua in resina raffigurante San Pietro, dipinta interamente a mano, di h 20 cm.<\/div>\n<\/div>\n<\/div>\n<p>Una<strong> grande vetrata<\/strong>, circondata da una <strong>gloria ascendente di angeli, raggi e nuvole d&#8217;oro<\/strong>, sormonta la struttura. Al centro della vetrata campeggia la <strong>colomba <\/strong>che rappresenta lo Spirito Santo, guida di Pietro e dei suoi successori.<\/p>\n<p>Davanti alla Cattedra di San Pietro, sempre del Bernini possiamo ammirare il <a href=\"https:\/\/www.holyart.it\/blog\/articoli-religiosi\/storia-del-baldacchino-san-pietro\/\"><strong>Baldacchino di San Pietro<\/strong><\/a>, uno dei monumenti pi\u00f9 favolosi dell&#8217;epoca barocca, posto a fare da copertura all\u2019altare maggiore.<\/p>\n<h2>La festa della Cattedra di San Pietro<\/h2>\n<p>Originariamente c&#8217;erano due feste liturgiche dedicate alla Cattedra di San Pietro: una il <strong>18 gennaio <\/strong>e una il <strong>22 Febbraio<\/strong>. La prima veniva celebrata dalla chiesa d&#8217;Occidente, la seconda da quella d&#8217;Oriente. Quando il calendario romano venne rivisto, furono aboliti i &#8216;doppioni&#8217; delle feste, e per la celebrazione della Cattedra di San Pietro si tenne per buona la festa del 22 febbraio.<\/p>\n<p>La tradizione considera anche le due feste come espressione dei due principali momenti della vita e della missione di San Pietro: <strong>prima e dopo il suo viaggio a Roma<\/strong>, dove trover\u00e0 la morte. Al primo periodo della sua vita corrisponderebbe dunque un&#8217;altra Cattedra, quella di <strong>Antiochia<\/strong>, sede del suo primo magistero.<\/p>\n<h2>La <em>cathedra Petri<\/em><\/h2>\n<p>Una dottrina che si \u00e8 sviluppata a partire dal III secolo d.C. ha preso anch&#8217;essa il nome di <em>cathedra Petri.<\/em> Questa dottrina afferma che Ges\u00f9 affid\u00f2 a San Pietro il duplice primato di <strong>primo fra gli Apostoli<\/strong> e <strong>primo vescovo di Roma<\/strong>. Su questa <strong>teologia del primato<\/strong> la chiesa cattolica avrebbe basato la rivendicazione di superiorit\u00e0 del Papa su tutti i vescovi e l&#8217;accentramento del potere spirituale e temporale a Roma.<\/p>\n<div class=\"link-product\">\n<div class=\"blocco-immagine\"><img loading=\"lazy\" decoding=\"async\" class=\"size-full wp-image-14729 alignleft\" src=\"https:\/\/blog.holyart.it\/it\/wp-content\/uploads\/sites\/17\/2022\/02\/pisside-molina-tassilo-san-pietro-argento-massiccio-925.jpg\" alt=\"pisside molina tassilo san pietro argento massiccio 925\" width=\"100\" height=\"100\" data-kale-share-title=\"La Cattedra di San Pietro: il significato dell\u2019opera e le origini della festa\" data-kale-share-url=\"https:\/\/blog.holyart.it\/it\/?p=14721\" \/><\/div>\n<div class=\"blocco-contenuto\">\n<div class=\"blocco-acquista\">Acquista su Holyart:<\/div>\n<div class=\"blocco-titolo\"><a href=\"https:\/\/www.holyart.it\/it\/accessori-per-la-liturgia\/calici-pissidi-patene\/calici-pissidi-patene-metallo\/pisside-molina-tassilo-san-pietro-argento-massiccio-925\">Pisside Molina Tassilo San Pietro argento 925<\/a><\/div>\n<div class=\"blocco-descrizione\">Il processo di produzione \u00e8 interamente artigianale ed eseguito a mano da personale altamente specializzato.<\/div>\n<\/div>\n<\/div>\n","protected":false},"excerpt":{"rendered":"<p>Che cosa si intende per Cattedra di San Pietro? Che cos&#8217;\u00e8 e dove si trova questo prezioso manufatto? Che cosa si festeggia il 22 febbraio? Il 22 febbraio cade una festa liturgica particolare. Infatti la chiesa cattolica celebra la Cattedra di San Pietro (Cathedra Petri).&hellip;<\/p>\n","protected":false},"author":1,"featured_media":14728,"comment_status":"closed","ping_status":"open","sticky":false,"template":"","format":"standard","meta":{"_acf_changed":false,"footnotes":""},"categories":[16],"tags":[],"class_list":["post-14721","post","type-post","status-publish","format-standard","has-post-thumbnail","hentry","category-articoli-religiosi"],"acf":[],"yoast_head":"<!-- This site is optimized with the Yoast SEO plugin v26.6 - https:\/\/yoast.com\/wordpress\/plugins\/seo\/ -->\n<title>La Cattedra di San Pietro: il significato dell\u2019opera e le origini della festa<\/title>\n<meta name=\"description\" content=\"La Cattedra di San Pietro, capolavoro barocco custodito nella Basilica di San Pietro a Roma. Ma cosa rappresenta? Qual \u00e8 la sua storia, il suo significato?\" \/>\n<meta name=\"robots\" content=\"index, follow, max-snippet:-1, max-image-preview:large, max-video-preview:-1\" \/>\n<link rel=\"canonical\" href=\"https:\/\/blog.holyart.it\/it\/articoli-religiosi\/la-cattedra-di-san-pietro-il-significato-dellopera-e-le-origini-della-festa\/\" \/>\n<meta property=\"og:locale\" content=\"it_IT\" \/>\n<meta property=\"og:type\" content=\"article\" \/>\n<meta property=\"og:title\" content=\"La Cattedra di San Pietro: il significato dell\u2019opera e le origini della festa\" \/>\n<meta property=\"og:description\" content=\"La Cattedra di San Pietro, capolavoro barocco custodito nella Basilica di San Pietro a Roma. Ma cosa rappresenta? Qual \u00e8 la sua storia, il suo significato?\" \/>\n<meta property=\"og:url\" content=\"https:\/\/blog.holyart.it\/it\/articoli-religiosi\/la-cattedra-di-san-pietro-il-significato-dellopera-e-le-origini-della-festa\/\" \/>\n<meta property=\"og:site_name\" content=\"Holyblog\" \/>\n<meta property=\"article:published_time\" content=\"2022-02-21T11:30:53+00:00\" \/>\n<meta property=\"article:modified_time\" content=\"2026-02-16T11:50:42+00:00\" \/>\n<meta property=\"og:image\" content=\"https:\/\/blog.holyart.it\/it\/wp-content\/uploads\/sites\/17\/2022\/02\/cattedra-di-san-pietro.jpg\" \/>\n\t<meta property=\"og:image:width\" content=\"1000\" \/>\n\t<meta property=\"og:image:height\" content=\"666\" \/>\n\t<meta property=\"og:image:type\" content=\"image\/jpeg\" \/>\n<meta name=\"author\" content=\"Redazione\" \/>\n<meta name=\"twitter:card\" content=\"summary_large_image\" \/>\n<meta name=\"twitter:label1\" content=\"Scritto da\" \/>\n\t<meta name=\"twitter:data1\" content=\"Redazione\" \/>\n\t<meta name=\"twitter:label2\" content=\"Tempo di lettura stimato\" \/>\n\t<meta name=\"twitter:data2\" content=\"7 minuti\" \/>\n<script type=\"application\/ld+json\" class=\"yoast-schema-graph\">{\"@context\":\"https:\/\/schema.org\",\"@graph\":[{\"@type\":\"Article\",\"@id\":\"https:\/\/blog.holyart.it\/it\/articoli-religiosi\/la-cattedra-di-san-pietro-il-significato-dellopera-e-le-origini-della-festa\/#article\",\"isPartOf\":{\"@id\":\"https:\/\/blog.holyart.it\/it\/articoli-religiosi\/la-cattedra-di-san-pietro-il-significato-dellopera-e-le-origini-della-festa\/\"},\"author\":{\"name\":\"Redazione\",\"@id\":\"https:\/\/blog.holyart.it\/it\/#\/schema\/person\/0a7b686e5af0f856ec1e390dd0baecda\"},\"headline\":\"La Cattedra di San Pietro: il significato dell\u2019opera e le origini della festa\",\"datePublished\":\"2022-02-21T11:30:53+00:00\",\"dateModified\":\"2026-02-16T11:50:42+00:00\",\"mainEntityOfPage\":{\"@id\":\"https:\/\/blog.holyart.it\/it\/articoli-religiosi\/la-cattedra-di-san-pietro-il-significato-dellopera-e-le-origini-della-festa\/\"},\"wordCount\":951,\"publisher\":{\"@id\":\"https:\/\/blog.holyart.it\/it\/#organization\"},\"image\":{\"@id\":\"https:\/\/blog.holyart.it\/it\/articoli-religiosi\/la-cattedra-di-san-pietro-il-significato-dellopera-e-le-origini-della-festa\/#primaryimage\"},\"thumbnailUrl\":\"https:\/\/blog.holyart.it\/it\/wp-content\/uploads\/sites\/17\/2022\/02\/cattedra-di-san-pietro.jpg\",\"articleSection\":[\"Religione\"],\"inLanguage\":\"it-IT\"},{\"@type\":\"WebPage\",\"@id\":\"https:\/\/blog.holyart.it\/it\/articoli-religiosi\/la-cattedra-di-san-pietro-il-significato-dellopera-e-le-origini-della-festa\/\",\"url\":\"https:\/\/blog.holyart.it\/it\/articoli-religiosi\/la-cattedra-di-san-pietro-il-significato-dellopera-e-le-origini-della-festa\/\",\"name\":\"La Cattedra di San Pietro: il significato dell\u2019opera e le origini della festa\",\"isPartOf\":{\"@id\":\"https:\/\/blog.holyart.it\/it\/#website\"},\"primaryImageOfPage\":{\"@id\":\"https:\/\/blog.holyart.it\/it\/articoli-religiosi\/la-cattedra-di-san-pietro-il-significato-dellopera-e-le-origini-della-festa\/#primaryimage\"},\"image\":{\"@id\":\"https:\/\/blog.holyart.it\/it\/articoli-religiosi\/la-cattedra-di-san-pietro-il-significato-dellopera-e-le-origini-della-festa\/#primaryimage\"},\"thumbnailUrl\":\"https:\/\/blog.holyart.it\/it\/wp-content\/uploads\/sites\/17\/2022\/02\/cattedra-di-san-pietro.jpg\",\"datePublished\":\"2022-02-21T11:30:53+00:00\",\"dateModified\":\"2026-02-16T11:50:42+00:00\",\"description\":\"La Cattedra di San Pietro, capolavoro barocco custodito nella Basilica di San Pietro a Roma. Ma cosa rappresenta? Qual \u00e8 la sua storia, il suo significato?\",\"breadcrumb\":{\"@id\":\"https:\/\/blog.holyart.it\/it\/articoli-religiosi\/la-cattedra-di-san-pietro-il-significato-dellopera-e-le-origini-della-festa\/#breadcrumb\"},\"inLanguage\":\"it-IT\",\"potentialAction\":[{\"@type\":\"ReadAction\",\"target\":[\"https:\/\/blog.holyart.it\/it\/articoli-religiosi\/la-cattedra-di-san-pietro-il-significato-dellopera-e-le-origini-della-festa\/\"]}]},{\"@type\":\"ImageObject\",\"inLanguage\":\"it-IT\",\"@id\":\"https:\/\/blog.holyart.it\/it\/articoli-religiosi\/la-cattedra-di-san-pietro-il-significato-dellopera-e-le-origini-della-festa\/#primaryimage\",\"url\":\"https:\/\/blog.holyart.it\/it\/wp-content\/uploads\/sites\/17\/2022\/02\/cattedra-di-san-pietro.jpg\",\"contentUrl\":\"https:\/\/blog.holyart.it\/it\/wp-content\/uploads\/sites\/17\/2022\/02\/cattedra-di-san-pietro.jpg\",\"width\":1000,\"height\":666,\"caption\":\"cattedra di san pietro\"},{\"@type\":\"BreadcrumbList\",\"@id\":\"https:\/\/blog.holyart.it\/it\/articoli-religiosi\/la-cattedra-di-san-pietro-il-significato-dellopera-e-le-origini-della-festa\/#breadcrumb\",\"itemListElement\":[{\"@type\":\"ListItem\",\"position\":1,\"name\":\"Homepage\",\"item\":\"https:\/\/blog.holyart.it\/it\/\"},{\"@type\":\"ListItem\",\"position\":2,\"name\":\"Religione\",\"item\":\"https:\/\/blog.holyart.it\/it\/articoli-religiosi\/\"},{\"@type\":\"ListItem\",\"position\":3,\"name\":\"La Cattedra di San Pietro: il significato dell\u2019opera e le origini della festa\"}]},{\"@type\":\"WebSite\",\"@id\":\"https:\/\/blog.holyart.it\/it\/#website\",\"url\":\"https:\/\/blog.holyart.it\/it\/\",\"name\":\"Holyblog\",\"description\":\"Il Blog di Holyart.it\",\"publisher\":{\"@id\":\"https:\/\/blog.holyart.it\/it\/#organization\"},\"potentialAction\":[{\"@type\":\"SearchAction\",\"target\":{\"@type\":\"EntryPoint\",\"urlTemplate\":\"https:\/\/blog.holyart.it\/it\/?s={search_term_string}\"},\"query-input\":{\"@type\":\"PropertyValueSpecification\",\"valueRequired\":true,\"valueName\":\"search_term_string\"}}],\"inLanguage\":\"it-IT\"},{\"@type\":\"Organization\",\"@id\":\"https:\/\/blog.holyart.it\/it\/#organization\",\"name\":\"Holyblog\",\"url\":\"https:\/\/blog.holyart.it\/it\/\",\"logo\":{\"@type\":\"ImageObject\",\"inLanguage\":\"it-IT\",\"@id\":\"https:\/\/blog.holyart.it\/it\/#\/schema\/logo\/image\/\",\"url\":\"https:\/\/blog.holyart.it\/it\/wp-content\/uploads\/sites\/17\/2022\/12\/Holyart_Blog_Logo.jpg\",\"contentUrl\":\"https:\/\/blog.holyart.it\/it\/wp-content\/uploads\/sites\/17\/2022\/12\/Holyart_Blog_Logo.jpg\",\"width\":300,\"height\":50,\"caption\":\"Holyblog\"},\"image\":{\"@id\":\"https:\/\/blog.holyart.it\/it\/#\/schema\/logo\/image\/\"}},{\"@type\":\"Person\",\"@id\":\"https:\/\/blog.holyart.it\/it\/#\/schema\/person\/0a7b686e5af0f856ec1e390dd0baecda\",\"name\":\"Redazione\"}]}<\/script>\n<!-- \/ Yoast SEO plugin. -->","yoast_head_json":{"title":"La Cattedra di San Pietro: il significato dell\u2019opera e le origini della festa","description":"La Cattedra di San Pietro, capolavoro barocco custodito nella Basilica di San Pietro a Roma. Ma cosa rappresenta? Qual \u00e8 la sua storia, il suo significato?","robots":{"index":"index","follow":"follow","max-snippet":"max-snippet:-1","max-image-preview":"max-image-preview:large","max-video-preview":"max-video-preview:-1"},"canonical":"https:\/\/blog.holyart.it\/it\/articoli-religiosi\/la-cattedra-di-san-pietro-il-significato-dellopera-e-le-origini-della-festa\/","og_locale":"it_IT","og_type":"article","og_title":"La Cattedra di San Pietro: il significato dell\u2019opera e le origini della festa","og_description":"La Cattedra di San Pietro, capolavoro barocco custodito nella Basilica di San Pietro a Roma. Ma cosa rappresenta? Qual \u00e8 la sua storia, il suo significato?","og_url":"https:\/\/blog.holyart.it\/it\/articoli-religiosi\/la-cattedra-di-san-pietro-il-significato-dellopera-e-le-origini-della-festa\/","og_site_name":"Holyblog","article_published_time":"2022-02-21T11:30:53+00:00","article_modified_time":"2026-02-16T11:50:42+00:00","og_image":[{"width":1000,"height":666,"url":"https:\/\/blog.holyart.it\/it\/wp-content\/uploads\/sites\/17\/2022\/02\/cattedra-di-san-pietro.jpg","type":"image\/jpeg"}],"author":"Redazione","twitter_card":"summary_large_image","twitter_misc":{"Scritto da":"Redazione","Tempo di lettura stimato":"7 minuti"},"schema":{"@context":"https:\/\/schema.org","@graph":[{"@type":"Article","@id":"https:\/\/blog.holyart.it\/it\/articoli-religiosi\/la-cattedra-di-san-pietro-il-significato-dellopera-e-le-origini-della-festa\/#article","isPartOf":{"@id":"https:\/\/blog.holyart.it\/it\/articoli-religiosi\/la-cattedra-di-san-pietro-il-significato-dellopera-e-le-origini-della-festa\/"},"author":{"name":"Redazione","@id":"https:\/\/blog.holyart.it\/it\/#\/schema\/person\/0a7b686e5af0f856ec1e390dd0baecda"},"headline":"La Cattedra di San Pietro: il significato dell\u2019opera e le origini della festa","datePublished":"2022-02-21T11:30:53+00:00","dateModified":"2026-02-16T11:50:42+00:00","mainEntityOfPage":{"@id":"https:\/\/blog.holyart.it\/it\/articoli-religiosi\/la-cattedra-di-san-pietro-il-significato-dellopera-e-le-origini-della-festa\/"},"wordCount":951,"publisher":{"@id":"https:\/\/blog.holyart.it\/it\/#organization"},"image":{"@id":"https:\/\/blog.holyart.it\/it\/articoli-religiosi\/la-cattedra-di-san-pietro-il-significato-dellopera-e-le-origini-della-festa\/#primaryimage"},"thumbnailUrl":"https:\/\/blog.holyart.it\/it\/wp-content\/uploads\/sites\/17\/2022\/02\/cattedra-di-san-pietro.jpg","articleSection":["Religione"],"inLanguage":"it-IT"},{"@type":"WebPage","@id":"https:\/\/blog.holyart.it\/it\/articoli-religiosi\/la-cattedra-di-san-pietro-il-significato-dellopera-e-le-origini-della-festa\/","url":"https:\/\/blog.holyart.it\/it\/articoli-religiosi\/la-cattedra-di-san-pietro-il-significato-dellopera-e-le-origini-della-festa\/","name":"La Cattedra di San Pietro: il significato dell\u2019opera e le origini della festa","isPartOf":{"@id":"https:\/\/blog.holyart.it\/it\/#website"},"primaryImageOfPage":{"@id":"https:\/\/blog.holyart.it\/it\/articoli-religiosi\/la-cattedra-di-san-pietro-il-significato-dellopera-e-le-origini-della-festa\/#primaryimage"},"image":{"@id":"https:\/\/blog.holyart.it\/it\/articoli-religiosi\/la-cattedra-di-san-pietro-il-significato-dellopera-e-le-origini-della-festa\/#primaryimage"},"thumbnailUrl":"https:\/\/blog.holyart.it\/it\/wp-content\/uploads\/sites\/17\/2022\/02\/cattedra-di-san-pietro.jpg","datePublished":"2022-02-21T11:30:53+00:00","dateModified":"2026-02-16T11:50:42+00:00","description":"La Cattedra di San Pietro, capolavoro barocco custodito nella Basilica di San Pietro a Roma. Ma cosa rappresenta? Qual \u00e8 la sua storia, il suo significato?","breadcrumb":{"@id":"https:\/\/blog.holyart.it\/it\/articoli-religiosi\/la-cattedra-di-san-pietro-il-significato-dellopera-e-le-origini-della-festa\/#breadcrumb"},"inLanguage":"it-IT","potentialAction":[{"@type":"ReadAction","target":["https:\/\/blog.holyart.it\/it\/articoli-religiosi\/la-cattedra-di-san-pietro-il-significato-dellopera-e-le-origini-della-festa\/"]}]},{"@type":"ImageObject","inLanguage":"it-IT","@id":"https:\/\/blog.holyart.it\/it\/articoli-religiosi\/la-cattedra-di-san-pietro-il-significato-dellopera-e-le-origini-della-festa\/#primaryimage","url":"https:\/\/blog.holyart.it\/it\/wp-content\/uploads\/sites\/17\/2022\/02\/cattedra-di-san-pietro.jpg","contentUrl":"https:\/\/blog.holyart.it\/it\/wp-content\/uploads\/sites\/17\/2022\/02\/cattedra-di-san-pietro.jpg","width":1000,"height":666,"caption":"cattedra di san pietro"},{"@type":"BreadcrumbList","@id":"https:\/\/blog.holyart.it\/it\/articoli-religiosi\/la-cattedra-di-san-pietro-il-significato-dellopera-e-le-origini-della-festa\/#breadcrumb","itemListElement":[{"@type":"ListItem","position":1,"name":"Homepage","item":"https:\/\/blog.holyart.it\/it\/"},{"@type":"ListItem","position":2,"name":"Religione","item":"https:\/\/blog.holyart.it\/it\/articoli-religiosi\/"},{"@type":"ListItem","position":3,"name":"La Cattedra di San Pietro: il significato dell\u2019opera e le origini della festa"}]},{"@type":"WebSite","@id":"https:\/\/blog.holyart.it\/it\/#website","url":"https:\/\/blog.holyart.it\/it\/","name":"Holyblog","description":"Il Blog di Holyart.it","publisher":{"@id":"https:\/\/blog.holyart.it\/it\/#organization"},"potentialAction":[{"@type":"SearchAction","target":{"@type":"EntryPoint","urlTemplate":"https:\/\/blog.holyart.it\/it\/?s={search_term_string}"},"query-input":{"@type":"PropertyValueSpecification","valueRequired":true,"valueName":"search_term_string"}}],"inLanguage":"it-IT"},{"@type":"Organization","@id":"https:\/\/blog.holyart.it\/it\/#organization","name":"Holyblog","url":"https:\/\/blog.holyart.it\/it\/","logo":{"@type":"ImageObject","inLanguage":"it-IT","@id":"https:\/\/blog.holyart.it\/it\/#\/schema\/logo\/image\/","url":"https:\/\/blog.holyart.it\/it\/wp-content\/uploads\/sites\/17\/2022\/12\/Holyart_Blog_Logo.jpg","contentUrl":"https:\/\/blog.holyart.it\/it\/wp-content\/uploads\/sites\/17\/2022\/12\/Holyart_Blog_Logo.jpg","width":300,"height":50,"caption":"Holyblog"},"image":{"@id":"https:\/\/blog.holyart.it\/it\/#\/schema\/logo\/image\/"}},{"@type":"Person","@id":"https:\/\/blog.holyart.it\/it\/#\/schema\/person\/0a7b686e5af0f856ec1e390dd0baecda","name":"Redazione"}]}},"_links":{"self":[{"href":"https:\/\/blog.holyart.it\/it\/wp-json\/wp\/v2\/posts\/14721","targetHints":{"allow":["GET"]}}],"collection":[{"href":"https:\/\/blog.holyart.it\/it\/wp-json\/wp\/v2\/posts"}],"about":[{"href":"https:\/\/blog.holyart.it\/it\/wp-json\/wp\/v2\/types\/post"}],"author":[{"embeddable":true,"href":"https:\/\/blog.holyart.it\/it\/wp-json\/wp\/v2\/users\/1"}],"replies":[{"embeddable":true,"href":"https:\/\/blog.holyart.it\/it\/wp-json\/wp\/v2\/comments?post=14721"}],"version-history":[{"count":1,"href":"https:\/\/blog.holyart.it\/it\/wp-json\/wp\/v2\/posts\/14721\/revisions"}],"predecessor-version":[{"id":17292,"href":"https:\/\/blog.holyart.it\/it\/wp-json\/wp\/v2\/posts\/14721\/revisions\/17292"}],"wp:featuredmedia":[{"embeddable":true,"href":"https:\/\/blog.holyart.it\/it\/wp-json\/wp\/v2\/media\/14728"}],"wp:attachment":[{"href":"https:\/\/blog.holyart.it\/it\/wp-json\/wp\/v2\/media?parent=14721"}],"wp:term":[{"taxonomy":"category","embeddable":true,"href":"https:\/\/blog.holyart.it\/it\/wp-json\/wp\/v2\/categories?post=14721"},{"taxonomy":"post_tag","embeddable":true,"href":"https:\/\/blog.holyart.it\/it\/wp-json\/wp\/v2\/tags?post=14721"}],"curies":[{"name":"wp","href":"https:\/\/api.w.org\/{rel}","templated":true}]}}