{"id":14632,"date":"2022-01-26T15:38:32","date_gmt":"2022-01-26T14:38:32","guid":{"rendered":"https:\/\/blog.holyart.it\/it\/?p=14632"},"modified":"2026-01-30T17:03:03","modified_gmt":"2026-01-30T16:03:03","slug":"tommaso-daquino-e-la-gerarchia-degli-angeli","status":"publish","type":"post","link":"https:\/\/blog.holyart.it\/it\/santi-e-beati\/tommaso-daquino-e-la-gerarchia-degli-angeli\/","title":{"rendered":"Tommaso d\u2019Aquino e la gerarchia degli angeli"},"content":{"rendered":"<h4>Il 28 gennaio si festeggia la memoria liturgica di San Tommaso d&#8217;Aquino, &#8216;dottore angelico&#8217; e autore del pi\u00f9 famoso trattato di teologia medioevale<\/h4>\n\n<p><strong>Tommaso d&#8217;Aquino<\/strong> visse nel XII secolo. Era un <strong>frate domenicano<\/strong>, ma \u00e8 ricordato soprattutto per i suoi meriti come <strong>teologo, filosofo e Dottore della Chiesa<\/strong>. Suo il merito di aver saputo trovare il punto di giunzione e coniugare la filosofia classica ed ellenistica con la teologia cristiana, e di aver delineato i <strong>principi della dottrina cristiana occidentale<\/strong> del Medioevo, con pilastri di pensiero validi ancora oggi.<\/p>\n<p>Figlio cadetto di una famiglia della nobilt\u00e0 siciliana, venne avviato agli studi ecclesiastici piccolissimo e mandato dai genitori nell&#8217;Abbazia di Montecassino. In seguito, appena adolescente, si trasfer\u00ec a Napoli\u00a0 e si iscrisse all&#8217;Universit\u00e0 creata da Federico II, Re di Sicilia, per i nobili e i sapienti del suo Impero. Qui prese anche i voti nell&#8217;<strong>ordine domenicano<\/strong>, contravvenendo agli ordini della famiglia, che sperava di vederlo un giorno<strong> abate di Montecassino<\/strong>. Per convincerlo a cambiare i suoi piani la famiglia lo imprigion\u00f2 per due anni nel castello di Monte San Giovanni Campano, ma alla fine dovettero rassegnarsi e rimandarlo a Napoli.<\/p>\n<div class=\"link-product\">\n<div class=\"blocco-immagine\"><img loading=\"lazy\" decoding=\"async\" class=\"size-full wp-image-14635 alignleft\" src=\"https:\/\/blog.holyart.it\/it\/wp-content\/uploads\/sites\/17\/2022\/01\/santino-san-tommaso-daquino-preghiera-dello-studente-ita-10x5.jpg\" alt=\"santino san tommaso daquino preghiera dello studente ita 10x5\" width=\"100\" height=\"100\" data-kale-share-title=\"Tommaso d\u2019Aquino e la gerarchia degli angeli\" data-kale-share-url=\"https:\/\/blog.holyart.it\/it\/?p=14632\" \/><\/div>\n<div class=\"blocco-contenuto\">\n<div class=\"blocco-acquista\">Acquista su Holyart:<\/div>\n<div class=\"blocco-titolo\"><a href=\"https:\/\/www.holyart.it\/it\/articoli-religiosi\/santini-e-biglietti-augurali\/santini\/santino-san-tommaso-daquino-preghiera-dello-studente-ita-10x5\">Santino San Tommaso d&#8217;Aquino Preghiera dello Studente ITA 10&#215;5<\/a><\/div>\n<div class=\"blocco-descrizione\"><\/div>\n<\/div>\n<\/div>\n<p>Tommaso prosegu\u00ec i suoi <strong>studi a Roma, Parigi e Colonia<\/strong>, divenendo allievo e poi assistente di <strong>Alberto Magno<\/strong>, maestro in teologia, che gli trasmise profondamente il proprio sapere in questi anni cruciali per la sua educazione. Fu Alberto Magno a introdurlo all&#8217;<strong>insegnamento\u00a0all&#8217;Universit\u00e0 di Parigi<\/strong>, sebbene avesse solo 27 anni. Qui pot\u00e9 conoscere e apprezzare <strong>l&#8217;opera di<\/strong> <strong>Aristotele<\/strong>, di cui sarebbe diventato grande studioso e commentatore. Suo il merito di aver saputo <strong>riadattare il pensiero aristotelico in ottica cristiana.\u00a0<\/strong><\/p>\n<p>Tornato in Italia insegn\u00f2 a<strong> Orvieto<\/strong>, poi a <strong>Roma<\/strong>, continuando ad <strong>approfondire l&#8217;opera di Aristotele <\/strong>grazie al traduttore e amico Guglielmo di Moerbeke, e di nuovo a Parigi, dove scrisse alcune delle sue opere pi\u00f9 importanti.\u00a0Nel frattempo si diede da fare per riorganizzare le scuole dell\u2019ordine domenicano e insegnare teologia.<\/p>\n<p>Nell&#8217;ultimo periodo della sua vita Tommaso D&#8217;Aquino visse a <strong>San Domenico Maggiore<\/strong>, a Napoli, dividendosi tra studio e preghiera. Un giorno, mentre celebrava la Messa nella cappella di S. Nicola della chiesa di <a href=\"https:\/\/www.holyart.it\/it\/articoli-religiosi\/statue\/statue-in-legno-dipinto\/san-michele-arcangelo1\"><strong>San Michele Arcangelo<\/strong><\/a> a Morfisa, Tommaso <strong>ebbe una visione<\/strong> che lo sconvolse al punto da spingerlo a non scrivere pi\u00f9 nulla. <em>&#8220;Non posso pi\u00f9. Tutto ci\u00f2 che ho scritto mi sembra paglia in confronto con quanto ho visto&#8221;<\/em> rivel\u00f2 all&#8217;amico e segretario Reginaldo da Piperno. <strong>Mor\u00ec <\/strong>poco tempo dopo, ad appena 49 anni, e le sue spoglie sono conservate nella chiesa domenicana di Les Jacobins a Tolosa, mentre altre reliquie sono distribuite in varie chiese italiane.<\/p>\n<div class=\"link-product\">\n<div class=\"blocco-immagine\"><img loading=\"lazy\" decoding=\"async\" class=\"size-full wp-image-14636 alignleft\" src=\"https:\/\/blog.holyart.it\/it\/wp-content\/uploads\/sites\/17\/2022\/01\/san-michele-arcangelo1.jpg\" alt=\"san michele arcangelo\" width=\"100\" height=\"100\" data-kale-share-title=\"Tommaso d\u2019Aquino e la gerarchia degli angeli\" data-kale-share-url=\"https:\/\/blog.holyart.it\/it\/?p=14632\" \/><\/div>\n<div class=\"blocco-contenuto\">\n<div class=\"blocco-acquista\">Acquista su Holyart:<\/div>\n<div class=\"blocco-titolo\"><a href=\"https:\/\/www.holyart.it\/it\/articoli-religiosi\/statue\/statue-in-legno-dipinto\/san-michele-arcangelo1\">San Michele Arcangelo<\/a><\/div>\n<div class=\"blocco-descrizione\">Statua in legno di acero, molto particolareggiata, intagliata e dipinta a mano da artigiani della Valgardena.<\/div>\n<\/div>\n<\/div>\n<p>Alla base della filosofia di San Tommaso c&#8217;\u00e8 la consapevolezza che <strong>fede e ragione devono collaborare<\/strong>, per portare alla <strong>verit\u00e0<\/strong>. L\u2019uomo pu\u00f2 conoscere le verit\u00e0 del mondo grazie alla <strong>ragione<\/strong> e alla <strong>filosofia<\/strong>, ma solo la <strong>rivelazione divina<\/strong> eleva la ragione alla certezza e alla perfezione. La ragione dunque funge da base:<\/p>\n<ul>\n<li>dimostrando i preamboli della fede;<\/li>\n<li>spiegando le verit\u00e0 della fede;<\/li>\n<li>difendendo la fede dalle obiezioni.<\/li>\n<\/ul>\n<p>Nella sua volont\u00e0 di <strong>coniugare fede e ragione<\/strong> San Tommaso d&#8217;Aquino arriva a <strong>dimostrare l\u2019esistenza di Dio<\/strong> su una base razionale.<\/p>\n<p>Inoltre, rifacendosi ai <strong>principi Aristotelici<\/strong>, Tommaso riteneva l&#8217;uomo come frutto dell&#8217;<strong>unione tra anima e corpo<\/strong>, ma ad Aristotele aggiungeva che l&#8217;anima \u00e8 creata <em>&#8220;a immagine e somiglianza di Dio&#8221;, <\/em>tanto che da Lui deriva completamente, e come Lui \u00e8 <strong>trascendente<\/strong>,\u00a0<strong>immateriale<\/strong>\u00a0e tuttavia\u00a0<strong>contenuta interamente in ogni parte del corpo.<\/strong><\/p>\n<h2>La\u00a0Summa Theologiae<\/h2>\n<p>Nella sua breve vita San Tommaso scrisse una mole considerevole di opere teologiche e filosofiche. Tra quelle pi\u00f9 famose ricordiamo: la <strong>Summa contra gentiles<\/strong>, quattro libri finalizzati a spiegare con verit\u00e0 che attengono alla sola ragione unite a verit\u00e0 divine la veridicit\u00e0 della fede cattolica ai Gentili, cio\u00e8 ai pagani; lo <strong>Scriptum super libros Sententiarum<\/strong>, il Commento alle <em>Sentenze di Pietro Lombardo<\/em>, trattato di teologia medievale alla base della Scolastica; e la <strong>Summa Theologiae<\/strong>, la <strong>Somma teologica<\/strong>, forse la sua opera pi\u00f9 importante.<\/p>\n<div class=\"link-product\">\n<div class=\"blocco-immagine\"><img loading=\"lazy\" decoding=\"async\" class=\"size-full wp-image-14637 alignleft\" src=\"https:\/\/blog.holyart.it\/it\/wp-content\/uploads\/sites\/17\/2022\/01\/bibbia-gerusalemme-tela-rossa-nuova-traduzione.jpg\" alt=\"bibbia gerusalemme tela rossa nuova traduzione\" width=\"100\" height=\"100\" data-kale-share-title=\"Tommaso d\u2019Aquino e la gerarchia degli angeli\" data-kale-share-url=\"https:\/\/blog.holyart.it\/it\/?p=14632\" \/><\/div>\n<div class=\"blocco-contenuto\">\n<div class=\"blocco-acquista\">Acquista su Holyart:<\/div>\n<div class=\"blocco-titolo\"><a href=\"https:\/\/www.holyart.it\/it\/articoli-religiosi\/libri-e-testi-sacri\">Libri e Testi Sacri<\/a><\/div>\n<div class=\"blocco-descrizione\">Un&#8217;intera categoria dedicata ai Testi Sacri, tutti divisi per sezioni.<\/div>\n<\/div>\n<\/div>\n<p>Scritta negli ultimi anni di vita di Tommaso e rimasta incompiuta \u00e8 considerata il pi\u00f9 importante <strong>trattato di teologia medioevale<\/strong> mai scritto.<\/p>\n<p>L&#8217;opera prende l&#8217;avvio dalla <strong>Summa contra Gentiles<\/strong>, ma fin dall&#8217;inizio dimostra un carattere pi\u00f9 teologico che non apologetico, citando molti autori dell&#8217;antichit\u00e0, da Aristotele a Sant&#8217;Agostino d&#8217;Ippona, da Pietro Lombardo allo Pseudo-Dionigi l&#8217;Areopagita, da Avicenna a Mos\u00e8 Maimonide.<\/p>\n<p>La Summa \u00e8 scritte in <strong>latino <\/strong>e divisa in <strong>tre parti<\/strong>, formate da articoli che, <strong>sulla base della ragione<\/strong>, presentano ciascuno un argomento esaminato tramite domande e questioni che sembrerebbero dimostrare la tesi opposta a quella veritiera presentata e supportata alla fine. Questo metodo si rif\u00e0 da una parte a quello <strong>scientifico aristotelico<\/strong>, adottando per la teologia gli stessi principi delle scienze razionali e della metafisica. Dall&#8217;altra Tommaso ha voluto rifarsi all&#8217;<strong>architettura delle grandi cattedrali<\/strong>, rendendo visibili e comprensibili i fondamenti della fede tramite la <strong>ragione,<\/strong> allo stesso modo in cui l&#8217;architettura mostrava la verit\u00e0 divina agli uomini tramite qualcosa di visibile e tangibile.<\/p>\n<h2>Le tre Gerarchie angeliche<\/h2>\n<p>Nella <em>Summa Teologica<\/em> San Tommaso ripropone tra le altre cose la teoria delle<strong> tre gerarchie angeliche<\/strong> presentata dallo <strong>Pseudo-Dionigi l&#8217;Areopagita<\/strong>, filosofo neoplatonico del V secolo, nel libro <em>De coelesti hierarchia<\/em>.<\/p>\n<div class=\"link-product\">\n<div class=\"blocco-immagine\"><img loading=\"lazy\" decoding=\"async\" class=\"size-full wp-image-14634 alignleft\" src=\"https:\/\/blog.holyart.it\/it\/wp-content\/uploads\/sites\/17\/2022\/01\/statua-san-michele-18-cm-fontanini.jpg\" alt=\"statua san michele 18 cm fontanini\" width=\"100\" height=\"100\" data-kale-share-title=\"Tommaso d\u2019Aquino e la gerarchia degli angeli\" data-kale-share-url=\"https:\/\/blog.holyart.it\/it\/?p=14632\" \/><\/div>\n<div class=\"blocco-contenuto\">\n<div class=\"blocco-acquista\">Acquista su Holyart:<\/div>\n<div class=\"blocco-titolo\"><a href=\"https:\/\/www.holyart.it\/it\/search?params=%7B%22search%22%3A%22arcangeli%22%7D&amp;search=arcangeli\">Arcangeli<\/a><\/div>\n<div class=\"blocco-descrizione\">Su Holyart oltre 100 prodotti tra statue, quadri, arazzi, icone e pendenti dedicati alle figure degli Arcangeli.<\/div>\n<\/div>\n<\/div>\n<p>La struttura del cielo secondo lo Pseudo-Dionigi \u00e8 basata su passi del Nuovo Testamento, dai quali egli dedusse uno schema formato da <strong>tre gerarchie<\/strong> (o sfere), ognuna composta da <strong>tre ordini<\/strong> (o cori), suddivisi in ordine di potenza decrescente man mano che si allontanano da Dio.<\/p>\n<ul>\n<li><strong>Prima gerarchia:<\/strong> Serafini, Cherubini, Troni;<\/li>\n<li><strong>Seconda gerarchia: <\/strong>Dominazioni, Virt\u00f9, Potest\u00e0;<\/li>\n<li><strong>Terza gerarchia:<\/strong> Principati, <a href=\"https:\/\/www.holyart.it\/it\/search?params=%7B%22search%22%3A%22arcangeli%22%7D&amp;search=arcangeli\"><strong>Arcangeli<\/strong><\/a>, <a href=\"https:\/\/www.holyart.it\/it\/articoli-religiosi\/angeli\"><strong>Angeli<\/strong><\/a>.<\/li>\n<\/ul>\n<p>Queste gerarchie sono state poi identificate con le orbite dei corpi celesti, che muovendosi emettono un&#8217;armonia, conosciuta come &#8220;musica delle sfere&#8221;.<\/p>\n<p>San Tommaso era un appassionato studioso delle attivit\u00e0 degli angeli, tanto da essere soprannominato <strong>\u2018Doctor Angelicus\u2019<\/strong>. A suo avviso gli <a href=\"https:\/\/www.holyart.it\/it\/articoli-religiosi\/angeli\/angelo-custode-in-argilla-refrattaria\"><strong>angeli custodi<\/strong><\/a> hanno il compito di illuminare le nostre immagini, aiutando la nostra intelligenza a farci comprendere la verit\u00e0.<\/p>\n<div class=\"link-product\">\n<div class=\"blocco-immagine\"><img loading=\"lazy\" decoding=\"async\" class=\"size-full wp-image-14633 alignleft\" src=\"https:\/\/blog.holyart.it\/it\/wp-content\/uploads\/sites\/17\/2022\/01\/angelo-custode-in-argilla-refrattaria.jpg\" alt=\"angelo custode in argilla refrattaria\" width=\"100\" height=\"100\" data-kale-share-title=\"Tommaso d\u2019Aquino e la gerarchia degli angeli\" data-kale-share-url=\"https:\/\/blog.holyart.it\/it\/?p=14632\" \/><\/div>\n<div class=\"blocco-contenuto\">\n<div class=\"blocco-acquista\">Acquista su Holyart:<\/div>\n<div class=\"blocco-titolo\"><a href=\"https:\/\/www.holyart.it\/it\/articoli-religiosi\/angeli\/angelo-custode-in-argilla-refrattaria\">Angelo custode in argilla refrattaria<\/a><\/div>\n<div class=\"blocco-descrizione\">La statua stilizzata \u00e8 realizzata a mano, in Italia, in argilla refrattaria bianca.<\/div>\n<\/div>\n<\/div>\n<p>Approfond\u00ec l&#8217;opera di Dionigi, scrivendo nella <em>Summa Teologica<\/em> che la distinzione delle gerarchie angeliche si fonda sulle <strong>diverse nature intellettuali<\/strong> degli angeli, sui diversi modi in cui essi sono <strong>illuminati dall&#8217;Essenza di Dio<\/strong>. Per questo gli angeli superiori hanno una visione delle cose pi\u00f9 universale rispetto agli angeli minori, perch\u00e9 apprendono la verit\u00e0 delle cose <strong>da Dio stesso<\/strong>, mentre gli angeli della seconda gerarchia le comprendono attraverso le <strong>cause universali <\/strong>e quelli della terza dall&#8217;applicazione delle cause sugli <strong>effetti particolari<\/strong>. In pratica, la prima gerarchia \u00e8 composta da angeli pi\u00f9 vicini e pi\u00f9 somiglianti a Dio, in quanto tali capaci di conoscere tutte le cose in un\u2019unica \u201cforma\u201d. Gli angeli della seconda gerarchia conoscono gli effetti divini dal modo in cui essi scaturiscono dalle<strong> cause universali<\/strong> e vengono illuminati dalla prima gerarchia. <a href=\"https:\/\/www.holyart.it\/blog\/santi-e-beati\/arcangeli-qual-la-funzione\/\"><strong>Gli angeli della terza gerarchia<\/strong><\/a> ricevono una <strong>conoscenza di effetti divini.<\/strong><\/p>\n<div class=\"link-article\">\n<p><img loading=\"lazy\" decoding=\"async\" class=\"size-full wp-image-14638 alignleft\" src=\"https:\/\/blog.holyart.it\/it\/wp-content\/uploads\/sites\/17\/2022\/01\/arcangeli.jpg\" alt=\"arcangeli\" width=\"150\" height=\"99\" data-kale-share-title=\"Tommaso d\u2019Aquino e la gerarchia degli angeli\" data-kale-share-url=\"https:\/\/blog.holyart.it\/it\/?p=14632\" \/><\/p>\n<div class=\"leggi-anche\">Leggi anche:<\/div>\n<p><strong><a href=\"https:\/\/www.holyart.it\/blog\/santi-e-beati\/arcangeli-qual-la-funzione\/\">Arcangeli: chi sono e qual \u00e8 la loro funzione?<\/a><\/strong><br \/>\nLa Chiesa cattolica riconosce l\u2019esistenza di soli tre Arcangeli, ovvero i tre citati nelle Scritture: Michele, Gabriele e Raffaele&#8230;<\/p>\n<\/div>\n<p>Di conseguenza, sempre secondo Tommaso, la prima gerarchia (Serafini, Cherubini e Troni) ha un rapporto diretto con Dio grazie al quale pu\u00f2 considerare il <strong>Fine<\/strong>; la seconda (Dominazioni, Virt\u00f9 e Potest\u00e0) il <strong>mezzo<\/strong>, ovvero la disposizione universale delle cose da farsi, l&#8217;ordinamento e il governamento del mondo; la terza (Principati, Arcangeli e Angeli) applica le disposizioni agli effetti, cio\u00e8 <strong>esegue l&#8217;opera<\/strong>.<\/p>\n","protected":false},"excerpt":{"rendered":"<p>Il 28 gennaio si festeggia la memoria liturgica di San Tommaso d&#8217;Aquino, &#8216;dottore angelico&#8217; e autore del pi\u00f9 famoso trattato di teologia medioevale Tommaso d&#8217;Aquino visse nel XII secolo. Era un frate domenicano, ma \u00e8 ricordato soprattutto per i suoi meriti come teologo, filosofo e&hellip;<\/p>\n","protected":false},"author":1,"featured_media":14639,"comment_status":"closed","ping_status":"open","sticky":false,"template":"","format":"standard","meta":{"_acf_changed":false,"footnotes":""},"categories":[15],"tags":[],"class_list":["post-14632","post","type-post","status-publish","format-standard","has-post-thumbnail","hentry","category-santi-e-beati"],"acf":[],"yoast_head":"<!-- This site is optimized with the Yoast SEO plugin v26.6 - https:\/\/yoast.com\/wordpress\/plugins\/seo\/ -->\n<title>Tommaso d\u2019Aquino e la gerarchia degli angeli - Holyblog<\/title>\n<meta name=\"description\" content=\"Tommaso d&#039;Aquino fu teologo, Padre della Chiesa e Doctor Angelicus. Coniug\u00f2 il pensiero aristotelico e la teologia cristiana e studi\u00f2 le gerarchie angeliche\" \/>\n<meta name=\"robots\" content=\"index, follow, max-snippet:-1, max-image-preview:large, max-video-preview:-1\" \/>\n<link rel=\"canonical\" href=\"https:\/\/blog.holyart.it\/it\/santi-e-beati\/tommaso-daquino-e-la-gerarchia-degli-angeli\/\" \/>\n<meta property=\"og:locale\" content=\"it_IT\" \/>\n<meta property=\"og:type\" content=\"article\" \/>\n<meta property=\"og:title\" content=\"Tommaso d\u2019Aquino e la gerarchia degli angeli - Holyblog\" \/>\n<meta property=\"og:description\" content=\"Tommaso d&#039;Aquino fu teologo, Padre della Chiesa e Doctor Angelicus. Coniug\u00f2 il pensiero aristotelico e la teologia cristiana e studi\u00f2 le gerarchie angeliche\" \/>\n<meta property=\"og:url\" content=\"https:\/\/blog.holyart.it\/it\/santi-e-beati\/tommaso-daquino-e-la-gerarchia-degli-angeli\/\" \/>\n<meta property=\"og:site_name\" content=\"Holyblog\" \/>\n<meta property=\"article:published_time\" content=\"2022-01-26T14:38:32+00:00\" \/>\n<meta property=\"article:modified_time\" content=\"2026-01-30T16:03:03+00:00\" \/>\n<meta property=\"og:image\" content=\"https:\/\/blog.holyart.it\/it\/wp-content\/uploads\/sites\/17\/2022\/01\/tommaso-daquino.jpg\" \/>\n\t<meta property=\"og:image:width\" content=\"1000\" \/>\n\t<meta property=\"og:image:height\" content=\"666\" \/>\n\t<meta property=\"og:image:type\" content=\"image\/jpeg\" \/>\n<meta name=\"author\" content=\"Redazione\" \/>\n<meta name=\"twitter:card\" content=\"summary_large_image\" \/>\n<meta name=\"twitter:label1\" content=\"Scritto da\" \/>\n\t<meta name=\"twitter:data1\" content=\"Redazione\" \/>\n\t<meta name=\"twitter:label2\" content=\"Tempo di lettura stimato\" \/>\n\t<meta name=\"twitter:data2\" content=\"9 minuti\" \/>\n<script type=\"application\/ld+json\" class=\"yoast-schema-graph\">{\"@context\":\"https:\/\/schema.org\",\"@graph\":[{\"@type\":\"Article\",\"@id\":\"https:\/\/blog.holyart.it\/it\/santi-e-beati\/tommaso-daquino-e-la-gerarchia-degli-angeli\/#article\",\"isPartOf\":{\"@id\":\"https:\/\/blog.holyart.it\/it\/santi-e-beati\/tommaso-daquino-e-la-gerarchia-degli-angeli\/\"},\"author\":{\"name\":\"Redazione\",\"@id\":\"https:\/\/blog.holyart.it\/it\/#\/schema\/person\/0a7b686e5af0f856ec1e390dd0baecda\"},\"headline\":\"Tommaso d\u2019Aquino e la gerarchia degli angeli\",\"datePublished\":\"2022-01-26T14:38:32+00:00\",\"dateModified\":\"2026-01-30T16:03:03+00:00\",\"mainEntityOfPage\":{\"@id\":\"https:\/\/blog.holyart.it\/it\/santi-e-beati\/tommaso-daquino-e-la-gerarchia-degli-angeli\/\"},\"wordCount\":1299,\"publisher\":{\"@id\":\"https:\/\/blog.holyart.it\/it\/#organization\"},\"image\":{\"@id\":\"https:\/\/blog.holyart.it\/it\/santi-e-beati\/tommaso-daquino-e-la-gerarchia-degli-angeli\/#primaryimage\"},\"thumbnailUrl\":\"https:\/\/blog.holyart.it\/it\/wp-content\/uploads\/sites\/17\/2022\/01\/tommaso-daquino.jpg\",\"articleSection\":[\"Santi e beati\"],\"inLanguage\":\"it-IT\"},{\"@type\":\"WebPage\",\"@id\":\"https:\/\/blog.holyart.it\/it\/santi-e-beati\/tommaso-daquino-e-la-gerarchia-degli-angeli\/\",\"url\":\"https:\/\/blog.holyart.it\/it\/santi-e-beati\/tommaso-daquino-e-la-gerarchia-degli-angeli\/\",\"name\":\"Tommaso d\u2019Aquino e la gerarchia degli angeli - Holyblog\",\"isPartOf\":{\"@id\":\"https:\/\/blog.holyart.it\/it\/#website\"},\"primaryImageOfPage\":{\"@id\":\"https:\/\/blog.holyart.it\/it\/santi-e-beati\/tommaso-daquino-e-la-gerarchia-degli-angeli\/#primaryimage\"},\"image\":{\"@id\":\"https:\/\/blog.holyart.it\/it\/santi-e-beati\/tommaso-daquino-e-la-gerarchia-degli-angeli\/#primaryimage\"},\"thumbnailUrl\":\"https:\/\/blog.holyart.it\/it\/wp-content\/uploads\/sites\/17\/2022\/01\/tommaso-daquino.jpg\",\"datePublished\":\"2022-01-26T14:38:32+00:00\",\"dateModified\":\"2026-01-30T16:03:03+00:00\",\"description\":\"Tommaso d'Aquino fu teologo, Padre della Chiesa e Doctor Angelicus. Coniug\u00f2 il pensiero aristotelico e la teologia cristiana e studi\u00f2 le gerarchie angeliche\",\"breadcrumb\":{\"@id\":\"https:\/\/blog.holyart.it\/it\/santi-e-beati\/tommaso-daquino-e-la-gerarchia-degli-angeli\/#breadcrumb\"},\"inLanguage\":\"it-IT\",\"potentialAction\":[{\"@type\":\"ReadAction\",\"target\":[\"https:\/\/blog.holyart.it\/it\/santi-e-beati\/tommaso-daquino-e-la-gerarchia-degli-angeli\/\"]}]},{\"@type\":\"ImageObject\",\"inLanguage\":\"it-IT\",\"@id\":\"https:\/\/blog.holyart.it\/it\/santi-e-beati\/tommaso-daquino-e-la-gerarchia-degli-angeli\/#primaryimage\",\"url\":\"https:\/\/blog.holyart.it\/it\/wp-content\/uploads\/sites\/17\/2022\/01\/tommaso-daquino.jpg\",\"contentUrl\":\"https:\/\/blog.holyart.it\/it\/wp-content\/uploads\/sites\/17\/2022\/01\/tommaso-daquino.jpg\",\"width\":1000,\"height\":666,\"caption\":\"tommaso d'aquino\"},{\"@type\":\"BreadcrumbList\",\"@id\":\"https:\/\/blog.holyart.it\/it\/santi-e-beati\/tommaso-daquino-e-la-gerarchia-degli-angeli\/#breadcrumb\",\"itemListElement\":[{\"@type\":\"ListItem\",\"position\":1,\"name\":\"Homepage\",\"item\":\"https:\/\/blog.holyart.it\/it\/\"},{\"@type\":\"ListItem\",\"position\":2,\"name\":\"Santi e beati\",\"item\":\"https:\/\/blog.holyart.it\/it\/santi-e-beati\/\"},{\"@type\":\"ListItem\",\"position\":3,\"name\":\"Tommaso d\u2019Aquino e la gerarchia degli angeli\"}]},{\"@type\":\"WebSite\",\"@id\":\"https:\/\/blog.holyart.it\/it\/#website\",\"url\":\"https:\/\/blog.holyart.it\/it\/\",\"name\":\"Holyblog\",\"description\":\"Il Blog di Holyart.it\",\"publisher\":{\"@id\":\"https:\/\/blog.holyart.it\/it\/#organization\"},\"potentialAction\":[{\"@type\":\"SearchAction\",\"target\":{\"@type\":\"EntryPoint\",\"urlTemplate\":\"https:\/\/blog.holyart.it\/it\/?s={search_term_string}\"},\"query-input\":{\"@type\":\"PropertyValueSpecification\",\"valueRequired\":true,\"valueName\":\"search_term_string\"}}],\"inLanguage\":\"it-IT\"},{\"@type\":\"Organization\",\"@id\":\"https:\/\/blog.holyart.it\/it\/#organization\",\"name\":\"Holyblog\",\"url\":\"https:\/\/blog.holyart.it\/it\/\",\"logo\":{\"@type\":\"ImageObject\",\"inLanguage\":\"it-IT\",\"@id\":\"https:\/\/blog.holyart.it\/it\/#\/schema\/logo\/image\/\",\"url\":\"https:\/\/blog.holyart.it\/it\/wp-content\/uploads\/sites\/17\/2022\/12\/Holyart_Blog_Logo.jpg\",\"contentUrl\":\"https:\/\/blog.holyart.it\/it\/wp-content\/uploads\/sites\/17\/2022\/12\/Holyart_Blog_Logo.jpg\",\"width\":300,\"height\":50,\"caption\":\"Holyblog\"},\"image\":{\"@id\":\"https:\/\/blog.holyart.it\/it\/#\/schema\/logo\/image\/\"}},{\"@type\":\"Person\",\"@id\":\"https:\/\/blog.holyart.it\/it\/#\/schema\/person\/0a7b686e5af0f856ec1e390dd0baecda\",\"name\":\"Redazione\"}]}<\/script>\n<!-- \/ Yoast SEO plugin. -->","yoast_head_json":{"title":"Tommaso d\u2019Aquino e la gerarchia degli angeli - Holyblog","description":"Tommaso d'Aquino fu teologo, Padre della Chiesa e Doctor Angelicus. Coniug\u00f2 il pensiero aristotelico e la teologia cristiana e studi\u00f2 le gerarchie angeliche","robots":{"index":"index","follow":"follow","max-snippet":"max-snippet:-1","max-image-preview":"max-image-preview:large","max-video-preview":"max-video-preview:-1"},"canonical":"https:\/\/blog.holyart.it\/it\/santi-e-beati\/tommaso-daquino-e-la-gerarchia-degli-angeli\/","og_locale":"it_IT","og_type":"article","og_title":"Tommaso d\u2019Aquino e la gerarchia degli angeli - Holyblog","og_description":"Tommaso d'Aquino fu teologo, Padre della Chiesa e Doctor Angelicus. Coniug\u00f2 il pensiero aristotelico e la teologia cristiana e studi\u00f2 le gerarchie angeliche","og_url":"https:\/\/blog.holyart.it\/it\/santi-e-beati\/tommaso-daquino-e-la-gerarchia-degli-angeli\/","og_site_name":"Holyblog","article_published_time":"2022-01-26T14:38:32+00:00","article_modified_time":"2026-01-30T16:03:03+00:00","og_image":[{"width":1000,"height":666,"url":"https:\/\/blog.holyart.it\/it\/wp-content\/uploads\/sites\/17\/2022\/01\/tommaso-daquino.jpg","type":"image\/jpeg"}],"author":"Redazione","twitter_card":"summary_large_image","twitter_misc":{"Scritto da":"Redazione","Tempo di lettura stimato":"9 minuti"},"schema":{"@context":"https:\/\/schema.org","@graph":[{"@type":"Article","@id":"https:\/\/blog.holyart.it\/it\/santi-e-beati\/tommaso-daquino-e-la-gerarchia-degli-angeli\/#article","isPartOf":{"@id":"https:\/\/blog.holyart.it\/it\/santi-e-beati\/tommaso-daquino-e-la-gerarchia-degli-angeli\/"},"author":{"name":"Redazione","@id":"https:\/\/blog.holyart.it\/it\/#\/schema\/person\/0a7b686e5af0f856ec1e390dd0baecda"},"headline":"Tommaso d\u2019Aquino e la gerarchia degli angeli","datePublished":"2022-01-26T14:38:32+00:00","dateModified":"2026-01-30T16:03:03+00:00","mainEntityOfPage":{"@id":"https:\/\/blog.holyart.it\/it\/santi-e-beati\/tommaso-daquino-e-la-gerarchia-degli-angeli\/"},"wordCount":1299,"publisher":{"@id":"https:\/\/blog.holyart.it\/it\/#organization"},"image":{"@id":"https:\/\/blog.holyart.it\/it\/santi-e-beati\/tommaso-daquino-e-la-gerarchia-degli-angeli\/#primaryimage"},"thumbnailUrl":"https:\/\/blog.holyart.it\/it\/wp-content\/uploads\/sites\/17\/2022\/01\/tommaso-daquino.jpg","articleSection":["Santi e beati"],"inLanguage":"it-IT"},{"@type":"WebPage","@id":"https:\/\/blog.holyart.it\/it\/santi-e-beati\/tommaso-daquino-e-la-gerarchia-degli-angeli\/","url":"https:\/\/blog.holyart.it\/it\/santi-e-beati\/tommaso-daquino-e-la-gerarchia-degli-angeli\/","name":"Tommaso d\u2019Aquino e la gerarchia degli angeli - Holyblog","isPartOf":{"@id":"https:\/\/blog.holyart.it\/it\/#website"},"primaryImageOfPage":{"@id":"https:\/\/blog.holyart.it\/it\/santi-e-beati\/tommaso-daquino-e-la-gerarchia-degli-angeli\/#primaryimage"},"image":{"@id":"https:\/\/blog.holyart.it\/it\/santi-e-beati\/tommaso-daquino-e-la-gerarchia-degli-angeli\/#primaryimage"},"thumbnailUrl":"https:\/\/blog.holyart.it\/it\/wp-content\/uploads\/sites\/17\/2022\/01\/tommaso-daquino.jpg","datePublished":"2022-01-26T14:38:32+00:00","dateModified":"2026-01-30T16:03:03+00:00","description":"Tommaso d'Aquino fu teologo, Padre della Chiesa e Doctor Angelicus. Coniug\u00f2 il pensiero aristotelico e la teologia cristiana e studi\u00f2 le gerarchie angeliche","breadcrumb":{"@id":"https:\/\/blog.holyart.it\/it\/santi-e-beati\/tommaso-daquino-e-la-gerarchia-degli-angeli\/#breadcrumb"},"inLanguage":"it-IT","potentialAction":[{"@type":"ReadAction","target":["https:\/\/blog.holyart.it\/it\/santi-e-beati\/tommaso-daquino-e-la-gerarchia-degli-angeli\/"]}]},{"@type":"ImageObject","inLanguage":"it-IT","@id":"https:\/\/blog.holyart.it\/it\/santi-e-beati\/tommaso-daquino-e-la-gerarchia-degli-angeli\/#primaryimage","url":"https:\/\/blog.holyart.it\/it\/wp-content\/uploads\/sites\/17\/2022\/01\/tommaso-daquino.jpg","contentUrl":"https:\/\/blog.holyart.it\/it\/wp-content\/uploads\/sites\/17\/2022\/01\/tommaso-daquino.jpg","width":1000,"height":666,"caption":"tommaso d'aquino"},{"@type":"BreadcrumbList","@id":"https:\/\/blog.holyart.it\/it\/santi-e-beati\/tommaso-daquino-e-la-gerarchia-degli-angeli\/#breadcrumb","itemListElement":[{"@type":"ListItem","position":1,"name":"Homepage","item":"https:\/\/blog.holyart.it\/it\/"},{"@type":"ListItem","position":2,"name":"Santi e beati","item":"https:\/\/blog.holyart.it\/it\/santi-e-beati\/"},{"@type":"ListItem","position":3,"name":"Tommaso d\u2019Aquino e la gerarchia degli angeli"}]},{"@type":"WebSite","@id":"https:\/\/blog.holyart.it\/it\/#website","url":"https:\/\/blog.holyart.it\/it\/","name":"Holyblog","description":"Il Blog di Holyart.it","publisher":{"@id":"https:\/\/blog.holyart.it\/it\/#organization"},"potentialAction":[{"@type":"SearchAction","target":{"@type":"EntryPoint","urlTemplate":"https:\/\/blog.holyart.it\/it\/?s={search_term_string}"},"query-input":{"@type":"PropertyValueSpecification","valueRequired":true,"valueName":"search_term_string"}}],"inLanguage":"it-IT"},{"@type":"Organization","@id":"https:\/\/blog.holyart.it\/it\/#organization","name":"Holyblog","url":"https:\/\/blog.holyart.it\/it\/","logo":{"@type":"ImageObject","inLanguage":"it-IT","@id":"https:\/\/blog.holyart.it\/it\/#\/schema\/logo\/image\/","url":"https:\/\/blog.holyart.it\/it\/wp-content\/uploads\/sites\/17\/2022\/12\/Holyart_Blog_Logo.jpg","contentUrl":"https:\/\/blog.holyart.it\/it\/wp-content\/uploads\/sites\/17\/2022\/12\/Holyart_Blog_Logo.jpg","width":300,"height":50,"caption":"Holyblog"},"image":{"@id":"https:\/\/blog.holyart.it\/it\/#\/schema\/logo\/image\/"}},{"@type":"Person","@id":"https:\/\/blog.holyart.it\/it\/#\/schema\/person\/0a7b686e5af0f856ec1e390dd0baecda","name":"Redazione"}]}},"_links":{"self":[{"href":"https:\/\/blog.holyart.it\/it\/wp-json\/wp\/v2\/posts\/14632","targetHints":{"allow":["GET"]}}],"collection":[{"href":"https:\/\/blog.holyart.it\/it\/wp-json\/wp\/v2\/posts"}],"about":[{"href":"https:\/\/blog.holyart.it\/it\/wp-json\/wp\/v2\/types\/post"}],"author":[{"embeddable":true,"href":"https:\/\/blog.holyart.it\/it\/wp-json\/wp\/v2\/users\/1"}],"replies":[{"embeddable":true,"href":"https:\/\/blog.holyart.it\/it\/wp-json\/wp\/v2\/comments?post=14632"}],"version-history":[{"count":1,"href":"https:\/\/blog.holyart.it\/it\/wp-json\/wp\/v2\/posts\/14632\/revisions"}],"predecessor-version":[{"id":17235,"href":"https:\/\/blog.holyart.it\/it\/wp-json\/wp\/v2\/posts\/14632\/revisions\/17235"}],"wp:featuredmedia":[{"embeddable":true,"href":"https:\/\/blog.holyart.it\/it\/wp-json\/wp\/v2\/media\/14639"}],"wp:attachment":[{"href":"https:\/\/blog.holyart.it\/it\/wp-json\/wp\/v2\/media?parent=14632"}],"wp:term":[{"taxonomy":"category","embeddable":true,"href":"https:\/\/blog.holyart.it\/it\/wp-json\/wp\/v2\/categories?post=14632"},{"taxonomy":"post_tag","embeddable":true,"href":"https:\/\/blog.holyart.it\/it\/wp-json\/wp\/v2\/tags?post=14632"}],"curies":[{"name":"wp","href":"https:\/\/api.w.org\/{rel}","templated":true}]}}