{"id":14622,"date":"2022-01-24T10:00:32","date_gmt":"2022-01-24T09:00:32","guid":{"rendered":"https:\/\/blog.holyart.it\/it\/?p=14622"},"modified":"2026-01-28T17:39:24","modified_gmt":"2026-01-28T16:39:24","slug":"folgorato-sulla-via-di-damasco-da-cosa-deriva-questo-modo-di-dire","status":"publish","type":"post","link":"https:\/\/blog.holyart.it\/it\/santi-e-beati\/folgorato-sulla-via-di-damasco-da-cosa-deriva-questo-modo-di-dire\/","title":{"rendered":"Folgorato sulla via di Damasco: da cosa deriva questo modo di dire"},"content":{"rendered":"<h4>Folgorato sulla via di Damasco, un modo di dire che nasconde una storia di fede e conversione spirituale profonda. Il protagonista? Uno dei santi pi\u00f9 venerati di tutti i tempi<\/h4>\n<p>Quando diciamo di qualcuno che \u00e8 stato<em> folgorato sulla via di Damasco<\/em> intendiamo che una persona \u00e8 stata <strong>travolta da un evento<\/strong> cos\u00ec importante e sconvolgente da cambiare in modo profondo e significativo la sua vita. Forse per\u00f2 non tutti sappiamo da dove nasce questo modo di dire. Ebbene, l&#8217;origine di questa espressione \u00e8 da ricercarsi nella storia di <strong>San Paolo Apostolo<\/strong>, e in particolare nel momento in cui egli cess\u00f2 di essere Saulo di Tarso, fabbricante di tende, ebreo ellenizzato, insignito della cittadinanza romana, e soprattutto fiero e terribile persecutore di cristiani, per divenire <strong>Paolo, l&#8217;apostolo dei gentili<\/strong> (i pagani), il principale missionario del <a href=\"https:\/\/www.holyart.it\/it\/articoli-religiosi\/libri-e-testi-sacri\/vangeli\"><strong>Vangelo di Ges\u00f9<\/strong><\/a> tra greci e romani.<\/p>\n<p><a href=\"https:\/\/www.holyart.it\/blog\/santi-e-beati\/san-paolo-tarso-storia-un-missionario\/\"><strong>Abbiamo dedicato un articolo<\/strong><\/a> alla vicenda umana e religiosa di Paolo di Tarso. Qui ci preme focalizzare sull&#8217;episodio chiave della sua esistenza, il <strong>momento della conversione<\/strong>, quando appunto venne folgorato sulla via di Damasco.<\/p>\n<div class=\"link-article\">\n<p><img loading=\"lazy\" decoding=\"async\" class=\"size-full wp-image-14624 alignleft\" src=\"https:\/\/blog.holyart.it\/it\/wp-content\/uploads\/sites\/17\/2022\/01\/San-Paolo-di-Tarso.jpg\" alt=\"San Paolo di Tarso\" width=\"150\" height=\"100\" data-kale-share-title=\"Folgorato sulla via di Damasco: da cosa deriva questo modo di dire\" data-kale-share-url=\"https:\/\/blog.holyart.it\/it\/?p=14622\" \/><\/p>\n<div class=\"leggi-anche\">Leggi anche:<\/div>\n<p><strong><a href=\"https:\/\/www.holyart.it\/blog\/santi-e-beati\/san-paolo-tarso-storia-un-missionario\/\">San Paolo di Tarso: storia di un missionario<\/a><\/strong><br \/>\nSan Paolo di Tarso pu\u00f2 essere considerato il primo, grande missionario della Chiesa cristiana. La sua opera di proselita&#8230;<\/p>\n<\/div>\n<h2>La Conversione di San Paolo<\/h2>\n<p>L&#8217;episodio \u00e8 raccontato da Paolo stesso in alcune delle sue <strong>Lettere<\/strong>, e anche negli <a href=\"https:\/\/www.holyart.it\/it\/articoli-religiosi\/libri-e-testi-sacri\/vangeli\/vangelo-e-atti-degli-apostoli-rosso\"><strong>Atti degli Apostoli<\/strong><\/a>. Mentre inseguiva un gruppo di cristiani in fuga verso Damasco, Paolo fu investito da una <strong>grande luce abbagliante<\/strong> che lo accec\u00f2, e ud\u00ec una voce stentorea che gli chiedeva: <em>\u201cSaul, Saul, perch\u00e9 mi perseguiti?\u201d<\/em> E lui rispose: <em>\u201cChi sei o Signore?\u201d<\/em>; e la voce: <em>\u201cIo sono Ges\u00f9 che tu perseguiti. Ors\u00f9 alzati ed entra nella citt\u00e0 e ti sar\u00e0 detto ci\u00f2 che devi fare\u201d<\/em> (Atti 9, 3-7). Era forse il 35 d.C. e Paolo si stava recando a Damasco con un incarico formale da parte del Sinedrio di Gerusalemme che lo autorizzava a perseguitare i cristiani di quella citt\u00e0. Ovviamente nulla di tutto ci\u00f2 accadde: dopo la straordinaria esperienza di cui era stato protagonista, <strong>Saulo si convert\u00ec al Cristianesimo<\/strong> e fece della diffusione della Parola di Cristo la sua unica e sola missione di vita. Al punto da essere ricordato come il pi\u00f9 fervido degli Apostoli, e questo sebbene non avesse mai incontrato Ges\u00f9!<\/p>\n<div class=\"link-product\">\n<div class=\"blocco-immagine\"><img loading=\"lazy\" decoding=\"async\" class=\"size-full wp-image-14627 alignleft\" src=\"https:\/\/blog.holyart.it\/it\/wp-content\/uploads\/sites\/17\/2022\/01\/vangelo-e-atti-degli-apostoli-rosso.jpg\" alt=\"vangelo e atti degli apostoli rosso\" width=\"100\" height=\"100\" data-kale-share-title=\"Folgorato sulla via di Damasco: da cosa deriva questo modo di dire\" data-kale-share-url=\"https:\/\/blog.holyart.it\/it\/?p=14622\" \/><\/div>\n<div class=\"blocco-contenuto\">\n<div class=\"blocco-acquista\">Acquista su Holyart:<\/div>\n<div class=\"blocco-titolo\"><a href=\"https:\/\/www.holyart.it\/it\/articoli-religiosi\/libri-e-testi-sacri\/vangeli\/vangelo-e-atti-degli-apostoli-rosso\">Vangelo e Atti degli Apostoli Rosso<\/a><\/div>\n<div class=\"blocco-descrizione\">Nuova versione ufficiale della CEI. Ed . San Paolo.<\/div>\n<\/div>\n<\/div>\n<p>Forse proprio per questa sua conoscenza indiretta, egli non ritenne necessario nei propri scritti ripetere le parole di Ges\u00f9 e raccontare la Sua storia, come accadde nei Vangeli, ma pot\u00e9 concentrarsi sui <strong>fondamenti dottrinali<\/strong> alla base della teologia cristiana di ogni tempo, sulla missione di Cristo, sul valore della Sua esperienza umana, sulla Salvezza da Lui incarnata. Nelle <strong>Lettere di San Paolo<\/strong> c&#8217;\u00e8 il senso stesso della cristianit\u00e0, ed \u00e8 sorprendente, se consideriamo che egli le scrisse duemila anni fa! Dopo la conversione Paolo predic\u00f2 in un primo tempo agli ebrei, poi, forte della sua educazione ellenistica, ai romani e ai greci, viaggiando attraverso l&#8217;Arabia, l&#8217;Acaia e l&#8217;Asia minore. Osteggiato dagli stessi ebrei cristiani che un tempo aveva perseguitato, rischi\u00f2 il linciaggio e venne arrestato pi\u00f9 volte. Incontr\u00f2 il suo destino a Roma durante la persecuzione di Nerone.<\/p>\n<div class=\"link-product\">\n<div class=\"blocco-immagine\"><img loading=\"lazy\" decoding=\"async\" class=\"size-full wp-image-14626 alignleft\" src=\"https:\/\/blog.holyart.it\/it\/wp-content\/uploads\/sites\/17\/2022\/01\/san-paolo-legno-colorato.jpg\" alt=\"san paolo legno colorato\" width=\"100\" height=\"100\" data-kale-share-title=\"Folgorato sulla via di Damasco: da cosa deriva questo modo di dire\" data-kale-share-url=\"https:\/\/blog.holyart.it\/it\/?p=14622\" \/><\/div>\n<div class=\"blocco-contenuto\">\n<div class=\"blocco-acquista\">Acquista su Holyart:<\/div>\n<div class=\"blocco-titolo\"><a href=\"https:\/\/www.holyart.it\/it\/articoli-religiosi\/statue\/statue-in-legno-dipinto\/san-paolo-legno-colorato\">San Paolo legno colorato<\/a><\/div>\n<div class=\"blocco-descrizione\">Statua in legno d&#8217;acero e successivamente dipinto a mano dagli artigiani pittori della Val Gardena.<\/div>\n<\/div>\n<\/div>\n<p>La conversione di San Paolo viene celebrata con una festa il 25 gennaio e l&#8217;episodio ha ispirato innumerevoli capolavori artistici nel corso dei secoli. Pensiamo in particolare a <em>La Conversione di San Paolo<\/em> dipinta da <strong>Caravaggio<\/strong> e conservata nella <strong>Cappella Cerasi della Basilica di Santa Maria del Popolo<\/strong> a Roma. Nel quadro Saulo \u00e8 ritratto a terra, sopraffatto dalla luce divina, e su di lui campeggia un grande cavallo con lo zoccolo sollevato che occupa una parte rilevante del dipinto. Manca la figura di Cristo, ma il quadro \u00e8 circonfuso di un <strong>realismo drammatico<\/strong> senza precedenti, dove un ruolo fondamentale gioca anche la<strong> luce<\/strong>, che fa da contrasto al fondo scuro.<\/p>\n<div class=\"link-product\">\n<div class=\"blocco-immagine\"><img loading=\"lazy\" decoding=\"async\" class=\"size-full wp-image-14628 alignleft\" src=\"https:\/\/blog.holyart.it\/it\/wp-content\/uploads\/sites\/17\/2022\/01\/icona-dipinta-san-paolo.jpg\" alt=\"icona dipinta san paolo\" width=\"100\" height=\"100\" data-kale-share-title=\"Folgorato sulla via di Damasco: da cosa deriva questo modo di dire\" data-kale-share-url=\"https:\/\/blog.holyart.it\/it\/?p=14622\" \/><\/div>\n<div class=\"blocco-contenuto\">\n<div class=\"blocco-acquista\">Acquista su Holyart:<\/div>\n<div class=\"blocco-titolo\"><a href=\"https:\/\/www.holyart.it\/it\/articoli-religiosi\/icone-sacre\/icone-romania-dipinte\/icona-dipinta-san-paolo\">Icona dipinta San Paolo<\/a><\/div>\n<div class=\"blocco-descrizione\">Icona dipinta a mano in Romania di san Paolo l&#8217;apostolo delle genti, secondo le antiche raffigurazioni cristiane.<\/div>\n<\/div>\n<\/div>\n<p>C&#8217;\u00e8 un&#8217;altra versione della conversione di San Paolo folgorato sulla via di Damasco, sempre dipinta da Caravaggio e conservata nella <strong>Collezione privata Odescalchi <\/strong>a Roma. Anch&#8217;essa rappresenta\u00a0il momento in cui Saulo venne accecato dalla luce di Ges\u00f9, che qui \u00e8 per\u00f2 raffigurato nell&#8217;angolo destro del dipinto. \u00c8\u00a0proteso verso la figura di Saulo, con le braccia aperte, come a volerlo accogliere, mentre un angelo Lo sorregge. Anche qui Saulo \u00e8 caduto da cavallo e si copre gli occhi per proteggerli dalla luce, mentre il soldato accanto a lui sembra esserne del tutto immune.<\/p>\n","protected":false},"excerpt":{"rendered":"<p>Folgorato sulla via di Damasco, un modo di dire che nasconde una storia di fede e conversione spirituale profonda. Il protagonista? Uno dei santi pi\u00f9 venerati di tutti i tempi Quando diciamo di qualcuno che \u00e8 stato folgorato sulla via di Damasco intendiamo che una&hellip;<\/p>\n","protected":false},"author":1,"featured_media":14630,"comment_status":"closed","ping_status":"open","sticky":false,"template":"","format":"standard","meta":{"_acf_changed":false,"footnotes":""},"categories":[15],"tags":[],"class_list":["post-14622","post","type-post","status-publish","format-standard","has-post-thumbnail","hentry","category-santi-e-beati"],"acf":[],"yoast_head":"<!-- This site is optimized with the Yoast SEO plugin v26.6 - https:\/\/yoast.com\/wordpress\/plugins\/seo\/ -->\n<title>Folgorato sulla via di Damasco: da cosa deriva questo modo di dire<\/title>\n<meta name=\"description\" content=\"La vicenda di San Paolo folgorato sulla via di Damasco ha dato origine a un celebre modo di dire e ha ispirato capolavori immortali della storia dell&#039;arte.\" \/>\n<meta name=\"robots\" content=\"index, follow, max-snippet:-1, max-image-preview:large, max-video-preview:-1\" \/>\n<link rel=\"canonical\" href=\"https:\/\/blog.holyart.it\/it\/santi-e-beati\/folgorato-sulla-via-di-damasco-da-cosa-deriva-questo-modo-di-dire\/\" \/>\n<meta property=\"og:locale\" content=\"it_IT\" \/>\n<meta property=\"og:type\" content=\"article\" \/>\n<meta property=\"og:title\" content=\"Folgorato sulla via di Damasco: da cosa deriva questo modo di dire\" \/>\n<meta property=\"og:description\" content=\"La vicenda di San Paolo folgorato sulla via di Damasco ha dato origine a un celebre modo di dire e ha ispirato capolavori immortali della storia dell&#039;arte.\" \/>\n<meta property=\"og:url\" content=\"https:\/\/blog.holyart.it\/it\/santi-e-beati\/folgorato-sulla-via-di-damasco-da-cosa-deriva-questo-modo-di-dire\/\" \/>\n<meta property=\"og:site_name\" content=\"Holyblog\" \/>\n<meta property=\"article:published_time\" content=\"2022-01-24T09:00:32+00:00\" \/>\n<meta property=\"article:modified_time\" content=\"2026-01-28T16:39:24+00:00\" \/>\n<meta property=\"og:image\" content=\"https:\/\/blog.holyart.it\/it\/wp-content\/uploads\/sites\/17\/2022\/01\/san-paolo.jpg\" \/>\n\t<meta property=\"og:image:width\" content=\"1000\" \/>\n\t<meta property=\"og:image:height\" content=\"666\" \/>\n\t<meta property=\"og:image:type\" content=\"image\/jpeg\" \/>\n<meta name=\"author\" content=\"Redazione\" \/>\n<meta name=\"twitter:card\" content=\"summary_large_image\" \/>\n<meta name=\"twitter:label1\" content=\"Scritto da\" \/>\n\t<meta name=\"twitter:data1\" content=\"Redazione\" \/>\n\t<meta name=\"twitter:label2\" content=\"Tempo di lettura stimato\" \/>\n\t<meta name=\"twitter:data2\" content=\"6 minuti\" \/>\n<script type=\"application\/ld+json\" class=\"yoast-schema-graph\">{\"@context\":\"https:\/\/schema.org\",\"@graph\":[{\"@type\":\"Article\",\"@id\":\"https:\/\/blog.holyart.it\/it\/santi-e-beati\/folgorato-sulla-via-di-damasco-da-cosa-deriva-questo-modo-di-dire\/#article\",\"isPartOf\":{\"@id\":\"https:\/\/blog.holyart.it\/it\/santi-e-beati\/folgorato-sulla-via-di-damasco-da-cosa-deriva-questo-modo-di-dire\/\"},\"author\":{\"name\":\"Redazione\",\"@id\":\"https:\/\/blog.holyart.it\/it\/#\/schema\/person\/0a7b686e5af0f856ec1e390dd0baecda\"},\"headline\":\"Folgorato sulla via di Damasco: da cosa deriva questo modo di dire\",\"datePublished\":\"2022-01-24T09:00:32+00:00\",\"dateModified\":\"2026-01-28T16:39:24+00:00\",\"mainEntityOfPage\":{\"@id\":\"https:\/\/blog.holyart.it\/it\/santi-e-beati\/folgorato-sulla-via-di-damasco-da-cosa-deriva-questo-modo-di-dire\/\"},\"wordCount\":787,\"publisher\":{\"@id\":\"https:\/\/blog.holyart.it\/it\/#organization\"},\"image\":{\"@id\":\"https:\/\/blog.holyart.it\/it\/santi-e-beati\/folgorato-sulla-via-di-damasco-da-cosa-deriva-questo-modo-di-dire\/#primaryimage\"},\"thumbnailUrl\":\"https:\/\/blog.holyart.it\/it\/wp-content\/uploads\/sites\/17\/2022\/01\/san-paolo.jpg\",\"articleSection\":[\"Santi e beati\"],\"inLanguage\":\"it-IT\"},{\"@type\":\"WebPage\",\"@id\":\"https:\/\/blog.holyart.it\/it\/santi-e-beati\/folgorato-sulla-via-di-damasco-da-cosa-deriva-questo-modo-di-dire\/\",\"url\":\"https:\/\/blog.holyart.it\/it\/santi-e-beati\/folgorato-sulla-via-di-damasco-da-cosa-deriva-questo-modo-di-dire\/\",\"name\":\"Folgorato sulla via di Damasco: da cosa deriva questo modo di dire\",\"isPartOf\":{\"@id\":\"https:\/\/blog.holyart.it\/it\/#website\"},\"primaryImageOfPage\":{\"@id\":\"https:\/\/blog.holyart.it\/it\/santi-e-beati\/folgorato-sulla-via-di-damasco-da-cosa-deriva-questo-modo-di-dire\/#primaryimage\"},\"image\":{\"@id\":\"https:\/\/blog.holyart.it\/it\/santi-e-beati\/folgorato-sulla-via-di-damasco-da-cosa-deriva-questo-modo-di-dire\/#primaryimage\"},\"thumbnailUrl\":\"https:\/\/blog.holyart.it\/it\/wp-content\/uploads\/sites\/17\/2022\/01\/san-paolo.jpg\",\"datePublished\":\"2022-01-24T09:00:32+00:00\",\"dateModified\":\"2026-01-28T16:39:24+00:00\",\"description\":\"La vicenda di San Paolo folgorato sulla via di Damasco ha dato origine a un celebre modo di dire e ha ispirato capolavori immortali della storia dell'arte.\",\"breadcrumb\":{\"@id\":\"https:\/\/blog.holyart.it\/it\/santi-e-beati\/folgorato-sulla-via-di-damasco-da-cosa-deriva-questo-modo-di-dire\/#breadcrumb\"},\"inLanguage\":\"it-IT\",\"potentialAction\":[{\"@type\":\"ReadAction\",\"target\":[\"https:\/\/blog.holyart.it\/it\/santi-e-beati\/folgorato-sulla-via-di-damasco-da-cosa-deriva-questo-modo-di-dire\/\"]}]},{\"@type\":\"ImageObject\",\"inLanguage\":\"it-IT\",\"@id\":\"https:\/\/blog.holyart.it\/it\/santi-e-beati\/folgorato-sulla-via-di-damasco-da-cosa-deriva-questo-modo-di-dire\/#primaryimage\",\"url\":\"https:\/\/blog.holyart.it\/it\/wp-content\/uploads\/sites\/17\/2022\/01\/san-paolo.jpg\",\"contentUrl\":\"https:\/\/blog.holyart.it\/it\/wp-content\/uploads\/sites\/17\/2022\/01\/san-paolo.jpg\",\"width\":1000,\"height\":666,\"caption\":\"san paolo\"},{\"@type\":\"BreadcrumbList\",\"@id\":\"https:\/\/blog.holyart.it\/it\/santi-e-beati\/folgorato-sulla-via-di-damasco-da-cosa-deriva-questo-modo-di-dire\/#breadcrumb\",\"itemListElement\":[{\"@type\":\"ListItem\",\"position\":1,\"name\":\"Homepage\",\"item\":\"https:\/\/blog.holyart.it\/it\/\"},{\"@type\":\"ListItem\",\"position\":2,\"name\":\"Santi e beati\",\"item\":\"https:\/\/blog.holyart.it\/it\/santi-e-beati\/\"},{\"@type\":\"ListItem\",\"position\":3,\"name\":\"Folgorato sulla via di Damasco: da cosa deriva questo modo di dire\"}]},{\"@type\":\"WebSite\",\"@id\":\"https:\/\/blog.holyart.it\/it\/#website\",\"url\":\"https:\/\/blog.holyart.it\/it\/\",\"name\":\"Holyblog\",\"description\":\"Il Blog di Holyart.it\",\"publisher\":{\"@id\":\"https:\/\/blog.holyart.it\/it\/#organization\"},\"potentialAction\":[{\"@type\":\"SearchAction\",\"target\":{\"@type\":\"EntryPoint\",\"urlTemplate\":\"https:\/\/blog.holyart.it\/it\/?s={search_term_string}\"},\"query-input\":{\"@type\":\"PropertyValueSpecification\",\"valueRequired\":true,\"valueName\":\"search_term_string\"}}],\"inLanguage\":\"it-IT\"},{\"@type\":\"Organization\",\"@id\":\"https:\/\/blog.holyart.it\/it\/#organization\",\"name\":\"Holyblog\",\"url\":\"https:\/\/blog.holyart.it\/it\/\",\"logo\":{\"@type\":\"ImageObject\",\"inLanguage\":\"it-IT\",\"@id\":\"https:\/\/blog.holyart.it\/it\/#\/schema\/logo\/image\/\",\"url\":\"https:\/\/blog.holyart.it\/it\/wp-content\/uploads\/sites\/17\/2022\/12\/Holyart_Blog_Logo.jpg\",\"contentUrl\":\"https:\/\/blog.holyart.it\/it\/wp-content\/uploads\/sites\/17\/2022\/12\/Holyart_Blog_Logo.jpg\",\"width\":300,\"height\":50,\"caption\":\"Holyblog\"},\"image\":{\"@id\":\"https:\/\/blog.holyart.it\/it\/#\/schema\/logo\/image\/\"}},{\"@type\":\"Person\",\"@id\":\"https:\/\/blog.holyart.it\/it\/#\/schema\/person\/0a7b686e5af0f856ec1e390dd0baecda\",\"name\":\"Redazione\"}]}<\/script>\n<!-- \/ Yoast SEO plugin. -->","yoast_head_json":{"title":"Folgorato sulla via di Damasco: da cosa deriva questo modo di dire","description":"La vicenda di San Paolo folgorato sulla via di Damasco ha dato origine a un celebre modo di dire e ha ispirato capolavori immortali della storia dell'arte.","robots":{"index":"index","follow":"follow","max-snippet":"max-snippet:-1","max-image-preview":"max-image-preview:large","max-video-preview":"max-video-preview:-1"},"canonical":"https:\/\/blog.holyart.it\/it\/santi-e-beati\/folgorato-sulla-via-di-damasco-da-cosa-deriva-questo-modo-di-dire\/","og_locale":"it_IT","og_type":"article","og_title":"Folgorato sulla via di Damasco: da cosa deriva questo modo di dire","og_description":"La vicenda di San Paolo folgorato sulla via di Damasco ha dato origine a un celebre modo di dire e ha ispirato capolavori immortali della storia dell'arte.","og_url":"https:\/\/blog.holyart.it\/it\/santi-e-beati\/folgorato-sulla-via-di-damasco-da-cosa-deriva-questo-modo-di-dire\/","og_site_name":"Holyblog","article_published_time":"2022-01-24T09:00:32+00:00","article_modified_time":"2026-01-28T16:39:24+00:00","og_image":[{"width":1000,"height":666,"url":"https:\/\/blog.holyart.it\/it\/wp-content\/uploads\/sites\/17\/2022\/01\/san-paolo.jpg","type":"image\/jpeg"}],"author":"Redazione","twitter_card":"summary_large_image","twitter_misc":{"Scritto da":"Redazione","Tempo di lettura stimato":"6 minuti"},"schema":{"@context":"https:\/\/schema.org","@graph":[{"@type":"Article","@id":"https:\/\/blog.holyart.it\/it\/santi-e-beati\/folgorato-sulla-via-di-damasco-da-cosa-deriva-questo-modo-di-dire\/#article","isPartOf":{"@id":"https:\/\/blog.holyart.it\/it\/santi-e-beati\/folgorato-sulla-via-di-damasco-da-cosa-deriva-questo-modo-di-dire\/"},"author":{"name":"Redazione","@id":"https:\/\/blog.holyart.it\/it\/#\/schema\/person\/0a7b686e5af0f856ec1e390dd0baecda"},"headline":"Folgorato sulla via di Damasco: da cosa deriva questo modo di dire","datePublished":"2022-01-24T09:00:32+00:00","dateModified":"2026-01-28T16:39:24+00:00","mainEntityOfPage":{"@id":"https:\/\/blog.holyart.it\/it\/santi-e-beati\/folgorato-sulla-via-di-damasco-da-cosa-deriva-questo-modo-di-dire\/"},"wordCount":787,"publisher":{"@id":"https:\/\/blog.holyart.it\/it\/#organization"},"image":{"@id":"https:\/\/blog.holyart.it\/it\/santi-e-beati\/folgorato-sulla-via-di-damasco-da-cosa-deriva-questo-modo-di-dire\/#primaryimage"},"thumbnailUrl":"https:\/\/blog.holyart.it\/it\/wp-content\/uploads\/sites\/17\/2022\/01\/san-paolo.jpg","articleSection":["Santi e beati"],"inLanguage":"it-IT"},{"@type":"WebPage","@id":"https:\/\/blog.holyart.it\/it\/santi-e-beati\/folgorato-sulla-via-di-damasco-da-cosa-deriva-questo-modo-di-dire\/","url":"https:\/\/blog.holyart.it\/it\/santi-e-beati\/folgorato-sulla-via-di-damasco-da-cosa-deriva-questo-modo-di-dire\/","name":"Folgorato sulla via di Damasco: da cosa deriva questo modo di dire","isPartOf":{"@id":"https:\/\/blog.holyart.it\/it\/#website"},"primaryImageOfPage":{"@id":"https:\/\/blog.holyart.it\/it\/santi-e-beati\/folgorato-sulla-via-di-damasco-da-cosa-deriva-questo-modo-di-dire\/#primaryimage"},"image":{"@id":"https:\/\/blog.holyart.it\/it\/santi-e-beati\/folgorato-sulla-via-di-damasco-da-cosa-deriva-questo-modo-di-dire\/#primaryimage"},"thumbnailUrl":"https:\/\/blog.holyart.it\/it\/wp-content\/uploads\/sites\/17\/2022\/01\/san-paolo.jpg","datePublished":"2022-01-24T09:00:32+00:00","dateModified":"2026-01-28T16:39:24+00:00","description":"La vicenda di San Paolo folgorato sulla via di Damasco ha dato origine a un celebre modo di dire e ha ispirato capolavori immortali della storia dell'arte.","breadcrumb":{"@id":"https:\/\/blog.holyart.it\/it\/santi-e-beati\/folgorato-sulla-via-di-damasco-da-cosa-deriva-questo-modo-di-dire\/#breadcrumb"},"inLanguage":"it-IT","potentialAction":[{"@type":"ReadAction","target":["https:\/\/blog.holyart.it\/it\/santi-e-beati\/folgorato-sulla-via-di-damasco-da-cosa-deriva-questo-modo-di-dire\/"]}]},{"@type":"ImageObject","inLanguage":"it-IT","@id":"https:\/\/blog.holyart.it\/it\/santi-e-beati\/folgorato-sulla-via-di-damasco-da-cosa-deriva-questo-modo-di-dire\/#primaryimage","url":"https:\/\/blog.holyart.it\/it\/wp-content\/uploads\/sites\/17\/2022\/01\/san-paolo.jpg","contentUrl":"https:\/\/blog.holyart.it\/it\/wp-content\/uploads\/sites\/17\/2022\/01\/san-paolo.jpg","width":1000,"height":666,"caption":"san paolo"},{"@type":"BreadcrumbList","@id":"https:\/\/blog.holyart.it\/it\/santi-e-beati\/folgorato-sulla-via-di-damasco-da-cosa-deriva-questo-modo-di-dire\/#breadcrumb","itemListElement":[{"@type":"ListItem","position":1,"name":"Homepage","item":"https:\/\/blog.holyart.it\/it\/"},{"@type":"ListItem","position":2,"name":"Santi e beati","item":"https:\/\/blog.holyart.it\/it\/santi-e-beati\/"},{"@type":"ListItem","position":3,"name":"Folgorato sulla via di Damasco: da cosa deriva questo modo di dire"}]},{"@type":"WebSite","@id":"https:\/\/blog.holyart.it\/it\/#website","url":"https:\/\/blog.holyart.it\/it\/","name":"Holyblog","description":"Il Blog di Holyart.it","publisher":{"@id":"https:\/\/blog.holyart.it\/it\/#organization"},"potentialAction":[{"@type":"SearchAction","target":{"@type":"EntryPoint","urlTemplate":"https:\/\/blog.holyart.it\/it\/?s={search_term_string}"},"query-input":{"@type":"PropertyValueSpecification","valueRequired":true,"valueName":"search_term_string"}}],"inLanguage":"it-IT"},{"@type":"Organization","@id":"https:\/\/blog.holyart.it\/it\/#organization","name":"Holyblog","url":"https:\/\/blog.holyart.it\/it\/","logo":{"@type":"ImageObject","inLanguage":"it-IT","@id":"https:\/\/blog.holyart.it\/it\/#\/schema\/logo\/image\/","url":"https:\/\/blog.holyart.it\/it\/wp-content\/uploads\/sites\/17\/2022\/12\/Holyart_Blog_Logo.jpg","contentUrl":"https:\/\/blog.holyart.it\/it\/wp-content\/uploads\/sites\/17\/2022\/12\/Holyart_Blog_Logo.jpg","width":300,"height":50,"caption":"Holyblog"},"image":{"@id":"https:\/\/blog.holyart.it\/it\/#\/schema\/logo\/image\/"}},{"@type":"Person","@id":"https:\/\/blog.holyart.it\/it\/#\/schema\/person\/0a7b686e5af0f856ec1e390dd0baecda","name":"Redazione"}]}},"_links":{"self":[{"href":"https:\/\/blog.holyart.it\/it\/wp-json\/wp\/v2\/posts\/14622","targetHints":{"allow":["GET"]}}],"collection":[{"href":"https:\/\/blog.holyart.it\/it\/wp-json\/wp\/v2\/posts"}],"about":[{"href":"https:\/\/blog.holyart.it\/it\/wp-json\/wp\/v2\/types\/post"}],"author":[{"embeddable":true,"href":"https:\/\/blog.holyart.it\/it\/wp-json\/wp\/v2\/users\/1"}],"replies":[{"embeddable":true,"href":"https:\/\/blog.holyart.it\/it\/wp-json\/wp\/v2\/comments?post=14622"}],"version-history":[{"count":2,"href":"https:\/\/blog.holyart.it\/it\/wp-json\/wp\/v2\/posts\/14622\/revisions"}],"predecessor-version":[{"id":21798,"href":"https:\/\/blog.holyart.it\/it\/wp-json\/wp\/v2\/posts\/14622\/revisions\/21798"}],"wp:featuredmedia":[{"embeddable":true,"href":"https:\/\/blog.holyart.it\/it\/wp-json\/wp\/v2\/media\/14630"}],"wp:attachment":[{"href":"https:\/\/blog.holyart.it\/it\/wp-json\/wp\/v2\/media?parent=14622"}],"wp:term":[{"taxonomy":"category","embeddable":true,"href":"https:\/\/blog.holyart.it\/it\/wp-json\/wp\/v2\/categories?post=14622"},{"taxonomy":"post_tag","embeddable":true,"href":"https:\/\/blog.holyart.it\/it\/wp-json\/wp\/v2\/tags?post=14622"}],"curies":[{"name":"wp","href":"https:\/\/api.w.org\/{rel}","templated":true}]}}