{"id":14533,"date":"2022-01-04T10:00:53","date_gmt":"2022-01-04T09:00:53","guid":{"rendered":"https:\/\/blog.holyart.it\/it\/?p=14533"},"modified":"2022-01-20T15:51:12","modified_gmt":"2022-01-20T14:51:12","slug":"le-preghiere-di-papa-francesco-per-il-2022-protagoniste-la-fratellanza-e-la-solidarieta","status":"publish","type":"post","link":"https:\/\/blog.holyart.it\/it\/articoli-religiosi\/le-preghiere-di-papa-francesco-per-il-2022-protagoniste-la-fratellanza-e-la-solidarieta\/","title":{"rendered":"Le preghiere di Papa Francesco per il 2022: protagoniste la fratellanza e la solidariet\u00e0"},"content":{"rendered":"<h4>Le preghiere di Papa Francesco per il 2022 sono un invito alla fratellanza e alla solidariet\u00e0 tra tutti i popoli e un monito a proteggere gli innocenti e gli indifesi<\/h4>\n\n<p>Come ogni anno ci ritroviamo a fare bilanci e a esaminare quella che \u00e8 stata la nostra vita nei mesi passati. <a href=\"https:\/\/www.holyart.it\/it\/occasioni-speciali\/papa-francesco\"><strong>Papa Francesco<\/strong><\/a> fa lo stesso, e molto di pi\u00f9, e con la lungimiranza che lo contraddistingue, \u00e8 gi\u00e0 proiettato verso il futuro, verso il nuovo anno, con una serie di <strong>intenzioni e preghiere<\/strong> da affidare alla sua Rete mondiale per il 2022. Si tratta di un vero e proprio <strong>calendario di preghiera<\/strong>, con un obiettivo, un argomento, un focus per ogni mese, sebbene sia chiaro che il Pontefice si aspetta che ogni cristiano non si limiti a focalizzare i propri impegni e la propria devozione unicamente all&#8217;oggetto proposto per quel determinato periodo. Non si pu\u00f2 pregare a compartimenti stagni, non ci si pu\u00f2 accostare all&#8217;impegno religioso e umano come se dovessimo svolgere un compito che qualcun altro ha predisposto per noi, limitandoci a fare lo stretto indispensabile per sentirci la coscienza a posto.<\/p>\n<div class=\"link-product\">\n<div class=\"blocco-immagine\"><img loading=\"lazy\" decoding=\"async\" class=\"size-full wp-image-14535 alignleft\" src=\"https:\/\/blog.holyart.it\/it\/wp-content\/uploads\/sites\/17\/2022\/01\/rosario-ulivo-papa-francesco.jpg\" alt=\"rosario ulivo papa francesco\" width=\"100\" height=\"100\" data-kale-share-title=\"Le preghiere di Papa Francesco per il 2022: protagoniste la fratellanza e la solidariet\u00e0\" data-kale-share-url=\"https:\/\/blog.holyart.it\/it\/?p=14533\" \/><\/div>\n<div class=\"blocco-contenuto\">\n<div class=\"blocco-acquista\">Acquista su Holyart:<\/div>\n<div class=\"blocco-titolo\"><a href=\"https:\/\/www.holyart.it\/it\/articoli-religiosi\/rosari-e-portarosari\/rosari-legno\/rosario-ulivo-papa-francesco\">Rosario ulivo Papa Francesco<\/a><\/div>\n<div class=\"blocco-descrizione\">Rosario con grani in ulivo dedicato a Papa Francesco.<\/div>\n<\/div>\n<\/div>\n<p>Basta scorrere il calendario delle intenzioni e delle preghiere di Papa Francesco per il 2022 per comprendere come i buoni propositi per l&#8217;anno nuovo debbano essere al centro dei nostri pensieri e delle nostre preghiere sempre. La suddivisione mensile serve solo per focalizzare l&#8217;attenzione via via sui vari argomenti e per ricordare gli eventi organizzati a riguardo.<\/p>\n<h2>Fratellanza e solidariet\u00e0<\/h2>\n<p>Alla fratellanza e <a href=\"https:\/\/www.holyart.it\/blog\/natale\/idee-regalo-solidali-per-un-natale-allinsegna-della-solidarieta\/\"><strong>alla solidariet\u00e0<\/strong><\/a> \u00e8 dedicata l&#8217;intenzione di Papa Francesco per il mese di <strong>gennaio<\/strong>, ma la sua preghiera \u00e8 che questi valori ci guidino per tutto l&#8217;anno a venire. Il mondo oggi ha bisogno pi\u00f9 che mai di fratellanza umana e compassione, \u00e8 l&#8217;unica vera sfida per il tempo a venire, quella a cui noi tutti siamo chiamati a partecipare attivamente.<\/p>\n<div class=\"link-article\">\n<p><img loading=\"lazy\" decoding=\"async\" class=\"size-full wp-image-14536 alignleft\" src=\"https:\/\/blog.holyart.it\/it\/wp-content\/uploads\/sites\/17\/2022\/01\/idee-regalo-solidali.jpg\" alt=\"idee regalo solidali\" width=\"150\" height=\"99\" data-kale-share-title=\"Le preghiere di Papa Francesco per il 2022: protagoniste la fratellanza e la solidariet\u00e0\" data-kale-share-url=\"https:\/\/blog.holyart.it\/it\/?p=14533\" \/><\/p>\n<div class=\"leggi-anche\">Leggi anche:<\/div>\n<p><strong><a href=\"https:\/\/www.holyart.it\/blog\/natale\/idee-regalo-solidali-per-un-natale-allinsegna-della-solidarieta\/\">Idee regalo solidali, per un Natale all\u2019insegna della solidariet\u00e0<\/a><\/strong><br \/>\nIdee regalo solidali per un Natale migliore per tutti, vicini e lontani. Le nostre proposte<\/p>\n<\/div>\n<h2>Pregare per le famiglie e i giovani<\/h2>\n<p>La famiglia \u00e8 per Papa Francesco il luogo in cui tutto ci\u00f2 che \u00e8 buono e giusto in noi trae forza e principio. Non fa meraviglia che abbia voluto dedicare diversi mesi non solo ad essa nel suo intero, ma ai suoi protagonisti, ai giovani, agli anziani, che uniti possono impegnarsi a cambiare il mondo e a renderlo migliore.<\/p>\n<h2>Pregare per le vittime di violenza<\/h2>\n<p>I bambini, prima di tutto, ma anche le donne, e tutti coloro i quali si ritrovano in una posizione di debolezza, fragilit\u00e0, e anzich\u00e9 ricevere aiuto vengono colpiti ancora pi\u00f9 profondamente da chi dovrebbe aiutarli. \u00c8 fondamentale riconoscere la priorit\u00e0 della misericordia e la necessit\u00e0 di proteggere e aiutare chi ha pi\u00f9 bisogno e agire non solo con le preghiere, ma con azioni rapide e precise.<\/p>\n<h2>Calendario delle intenzioni di Papa Francesco per il 2022<\/h2>\n<p><em>Gennaio<\/em><br \/>\n<strong>Per educare alla fratellanza<\/strong><br \/>\nLe preghiere di Papa Francesco e di noi tutti, e l&#8217;impegno di questo mese saranno per tutti coloro che subiscono discriminazioni e persecuzioni religiose, perch\u00e9 trovino il proprio posto nel mondo e il riconoscimento dei propri diritti e della dignit\u00e0 umana.<\/p>\n<p><em>Febbraio<br \/>\n<\/em><strong>Per le religiose e consacrate<br \/>\n<\/strong>Un mese dedicato alla religiose che pregano per tutti noi e si impegnano quotidianamente con la misericordia e il coraggio a sostenere le continue sfide del nostro tempo.<\/p>\n<div class=\"link-product\">\n<div class=\"blocco-immagine\"><img loading=\"lazy\" decoding=\"async\" class=\"size-full wp-image-14540 alignleft\" src=\"https:\/\/blog.holyart.it\/it\/wp-content\/uploads\/sites\/17\/2022\/01\/madonna-scioglie-nodi-23-cm-statua-in-resina.jpg\" alt=\"madonna scioglie nodi\" width=\"100\" height=\"100\" data-kale-share-title=\"Le preghiere di Papa Francesco per il 2022: protagoniste la fratellanza e la solidariet\u00e0\" data-kale-share-url=\"https:\/\/blog.holyart.it\/it\/?p=14533\" \/><\/div>\n<div class=\"blocco-contenuto\">\n<div class=\"blocco-acquista\">Acquista su Holyart:<\/div>\n<div class=\"blocco-titolo\"><a href=\"https:\/\/www.holyart.it\/it\/articoli-religiosi\/statue\/statue-in-resina-e-pvc\/madonna-scioglie-nodi-23-cm-statua-in-resina\">Madonna scioglie nodi 23 cm statua in resina<\/a><\/div>\n<div class=\"blocco-descrizione\">Statua prodotta in resina e dipinta a mano raffigurante la Madonna che scioglie i nodi di altezza 23 cm.<\/div>\n<\/div>\n<\/div>\n<p><em>Marzo<\/em><br \/>\n<strong>Per una risposta cristiana alle sfide della bioetica<\/strong><br \/>\nIl pensiero e la preghiera di Papa Francesco per questo mese sono per la vita, che deve essere promossa sempre e comunque, anche con azioni consapevoli e con un comportamento quotidiano responsabile.<\/p>\n<p><em>Aprile<\/em><br \/>\n<strong>Per il personale sanitario<\/strong><br \/>\nIl personale sanitario ha fatto molto in questi ultimi due anni di pandemia e continua ad essere impegnato in prima linea sia nella cura dei malati, sia nell&#8217;assistenza agli anziani, e ancora nell&#8217;aiuto alle popolazioni dei paese pi\u00f9 poveri e bisognosi. Non dimentichiamoci di questi eroi e preghiamo affinch\u00e9 i governi e le associazioni locali permettano loro di fare il proprio dovere.<\/p>\n<p><em>Maggio<\/em><br \/>\n<strong>Per la fede dei giovani<\/strong><br \/>\nNel <a href=\"https:\/\/www.holyart.it\/blog\/articoli-religiosi\/maggio-mese-della-madonna-come-celebrare-il-mese-mariano\/\"><strong>mese mariano<\/strong><\/a> per eccellenza il Papa pensa ai giovani, che sono il nostro futuro. Preghiamo perch\u00e9 trovino il proprio cammino in Maria e nella fede, imparando che la vita richiede coraggio e impegno, per essere vissuta pienamente.<\/p>\n<div class=\"link-article\">\n<p><img loading=\"lazy\" decoding=\"async\" class=\"size-full wp-image-14537 alignleft\" src=\"https:\/\/blog.holyart.it\/it\/wp-content\/uploads\/sites\/17\/2022\/01\/mese-mariano.jpg\" alt=\"mese mariano\" width=\"150\" height=\"99\" data-kale-share-title=\"Le preghiere di Papa Francesco per il 2022: protagoniste la fratellanza e la solidariet\u00e0\" data-kale-share-url=\"https:\/\/blog.holyart.it\/it\/?p=14533\" \/><\/p>\n<div class=\"leggi-anche\">Leggi anche:<\/div>\n<p><strong><a href=\"https:\/\/www.holyart.it\/blog\/articoli-religiosi\/maggio-mese-della-madonna-come-celebrare-il-mese-mariano\/\">Maggio mese della Madonna: come celebrare il mese mariano<\/a><\/strong><br \/>\nMaggio \u00e8 il mese consacrato alla Vergine Maria. Speciali preghiere, devozioni, e la Festa della Mamma che&#8230;<\/p>\n<\/div>\n<p><em>Giugno<\/em><br \/>\n<strong>Per le famiglie<\/strong><br \/>\nMese dedicato alle famiglie cristiane di tutto il mondo. Non a caso la <strong>Giornata mondiale delle famiglie<\/strong> avr\u00e0 luogo a Roma proprio a giugno 2022. Un invito alla gratuit\u00e0 dell\u2019amore e alla santit\u00e0 nella vita quotidiana al fianco di chi si ama.<\/p>\n<p><em>Luglio<\/em><br \/>\n<strong>Per gli anziani<\/strong><br \/>\nCome i giovani sono il futuro, gli anziani rappresentano le radici e la memoria di noi tutti. Insieme potranno creare un mondo migliore, basato sull&#8217;esperienza e la saggezza unite a speranza e responsabilit\u00e0. A luglio si terr\u00e0 la <strong>Giornata mondiale dei nonni e degli anziani<\/strong>.<\/p>\n<p><em>Agosto<\/em><br \/>\n<strong>Per i piccoli e medi imprenditori<\/strong><br \/>\nIl pensiero del Papa va anche agli imprenditori, duramente colpiti dalla crisi economica e dalle chiusure causate dalla pandemia. Dalla loro capacit\u00e0 di rialzarsi dipende il benessere di molti.<\/p>\n<p><em>Settembre<\/em><br \/>\n<strong>Per l\u2019abolizione della pena di morte<\/strong><br \/>\nAncora un monito al rispetto per la vita, questa volta veicolato dalla lotta contro la pena di morte.<\/p>\n<p><em>Ottobre<\/em><br \/>\n<strong>Per una Chiesa aperta a tutti<\/strong><br \/>\nPapa Francesco non ha mai smesso di predicare la sua idea di <em>chiesa in uscita<\/em>, fedele al Vangelo e alle tradizioni, ma non chiusa in se stessa. La chiesa deve essere simbolo di testimonianza di fede, ma anche <strong>luogo di solidariet\u00e0, fraternit\u00e0 e accoglienza<\/strong>, perch\u00e9 Dio non sta rinchiuso da nessuna parte, \u00e8 continuamente fuori, nel mondo, &#8220;alla ricerca delle persone, perch\u00e9 vuole che nessuno sia escluso dal suo disegno d&#8217;amore&#8221;.<\/p>\n<div class=\"link-article\">\n<p><img loading=\"lazy\" decoding=\"async\" class=\"size-full wp-image-14538 alignleft\" src=\"https:\/\/blog.holyart.it\/it\/wp-content\/uploads\/sites\/17\/2022\/01\/san-pietro-basilica.jpeg\" alt=\"san pietro basilica\" width=\"150\" height=\"100\" data-kale-share-title=\"Le preghiere di Papa Francesco per il 2022: protagoniste la fratellanza e la solidariet\u00e0\" data-kale-share-url=\"https:\/\/blog.holyart.it\/it\/?p=14533\" \/><\/p>\n<div class=\"leggi-anche\">Leggi anche:<\/div>\n<p><strong><a href=\"https:\/\/www.holyart.it\/blog\/articoli-religiosi\/san-pietro-in-vaticano-chiesa-simbolo-di-tutto-il-mondo-cristiano\/\">San Pietro in Vaticano: Chiesa simbolo di tutto il mondo cristiano<\/a><\/strong><br \/>\nSan Pietro in Vaticano \u00e8 una basilica piena di significati, misteri e opere d\u2019arte sacra famose in tutto il mondo. Ecco alcune curiosit\u00e0&#8230;<\/p>\n<\/div>\n<p><em>Novembre<\/em><br \/>\n<strong>Per i bambini che soffrono<\/strong><br \/>\nPer il mese di novembre il Papa volge l&#8217;attenzione verso i pi\u00f9 fragili, gli innocenti: i bambini vittime della guerra, della violenza, della diseguaglianza sociale. Preghiamo perch\u00e9 trovino il calore di una famiglia, la sicurezza e la dignit\u00e0 dovuti alla loro et\u00e0 e al loro stato.<\/p>\n<p><em>Dicembre<\/em><br \/>\n<strong>Per le organizzazioni di volontariato<\/strong><br \/>\nInfine, il mese di dicembre \u00e8 dedicato dal Pontefice alle organizzazioni umanitarie e di volontariato che lavorano a livello internazionale per il bene comune, che possano trovare sempre nuovi mezzi, nuove persone desiderose di fare del bene, per tutti.<\/p>\n<div class=\"link-article\">\n<p><img loading=\"lazy\" decoding=\"async\" class=\"size-full wp-image-14539 alignleft\" src=\"https:\/\/blog.holyart.it\/it\/wp-content\/uploads\/sites\/17\/2022\/01\/operazione-mato-grosso.jpg\" alt=\"operazione-mato-grosso\" width=\"150\" height=\"99\" data-kale-share-title=\"Le preghiere di Papa Francesco per il 2022: protagoniste la fratellanza e la solidariet\u00e0\" data-kale-share-url=\"https:\/\/blog.holyart.it\/it\/?p=14533\" \/><\/p>\n<div class=\"leggi-anche\">Leggi anche:<\/div>\n<p><strong><a href=\"https:\/\/www.holyart.it\/blog\/articoli-religiosi\/operazione-mato-grosso-lavventura-di-giovani-ragazzi-che-porto-ad-un-progetto-di-grande-valore\/\">Operazione Mato Grosso: l\u2019avventura di giovani ragazzi che port\u00f2 ad un progetto di grande valore<\/a><\/strong><br \/>\nL\u2019Operazione Mato Grosso aiuta comunit\u00e0 di tutto il mondo attraverso i suoi giovani volontari. E in alcune realt\u00e0 legate ad essa&#8230;<\/p>\n<\/div>\n","protected":false},"excerpt":{"rendered":"<p>Le preghiere di Papa Francesco per il 2022 sono un invito alla fratellanza e alla solidariet\u00e0 tra tutti i popoli e un monito a proteggere gli innocenti e gli indifesi Come ogni anno ci ritroviamo a fare bilanci e a esaminare quella che \u00e8 stata&hellip;<\/p>\n","protected":false},"author":1,"featured_media":14534,"comment_status":"closed","ping_status":"open","sticky":false,"template":"","format":"standard","meta":{"_acf_changed":false,"footnotes":""},"categories":[16],"tags":[],"class_list":["post-14533","post","type-post","status-publish","format-standard","has-post-thumbnail","hentry","category-articoli-religiosi"],"acf":[],"yoast_head":"<!-- This site is optimized with the Yoast SEO plugin v26.6 - https:\/\/yoast.com\/wordpress\/plugins\/seo\/ -->\n<title>Le preghiere di Papa Francesco per il 2022: protagoniste la fratellanza e la solidariet\u00e0 - Holyblog<\/title>\n<meta name=\"description\" content=\"Le preghiere di Papa Francesco per il 2022 invitano noi tutti a una riflessione costante e a un impegno attivo nell&#039;aiuto ai pi\u00f9 fragili e bisognosi\" \/>\n<meta name=\"robots\" content=\"index, follow, max-snippet:-1, max-image-preview:large, max-video-preview:-1\" \/>\n<link rel=\"canonical\" href=\"https:\/\/blog.holyart.it\/it\/articoli-religiosi\/le-preghiere-di-papa-francesco-per-il-2022-protagoniste-la-fratellanza-e-la-solidarieta\/\" \/>\n<meta property=\"og:locale\" content=\"it_IT\" \/>\n<meta property=\"og:type\" content=\"article\" \/>\n<meta property=\"og:title\" content=\"Le preghiere di Papa Francesco per il 2022: protagoniste la fratellanza e la solidariet\u00e0 - Holyblog\" \/>\n<meta property=\"og:description\" content=\"Le preghiere di Papa Francesco per il 2022 invitano noi tutti a una riflessione costante e a un impegno attivo nell&#039;aiuto ai pi\u00f9 fragili e bisognosi\" \/>\n<meta property=\"og:url\" content=\"https:\/\/blog.holyart.it\/it\/articoli-religiosi\/le-preghiere-di-papa-francesco-per-il-2022-protagoniste-la-fratellanza-e-la-solidarieta\/\" \/>\n<meta property=\"og:site_name\" content=\"Holyblog\" \/>\n<meta property=\"article:published_time\" content=\"2022-01-04T09:00:53+00:00\" \/>\n<meta property=\"article:modified_time\" content=\"2022-01-20T14:51:12+00:00\" \/>\n<meta property=\"og:image\" content=\"https:\/\/blog.holyart.it\/it\/wp-content\/uploads\/sites\/17\/2022\/01\/preghiere-papa-francesco.jpg\" \/>\n\t<meta property=\"og:image:width\" content=\"1000\" \/>\n\t<meta property=\"og:image:height\" content=\"666\" \/>\n\t<meta property=\"og:image:type\" content=\"image\/jpeg\" \/>\n<meta name=\"author\" content=\"Redazione\" \/>\n<meta name=\"twitter:card\" content=\"summary_large_image\" \/>\n<meta name=\"twitter:label1\" content=\"Scritto da\" \/>\n\t<meta name=\"twitter:data1\" content=\"Redazione\" \/>\n\t<meta name=\"twitter:label2\" content=\"Tempo di lettura stimato\" \/>\n\t<meta name=\"twitter:data2\" content=\"6 minuti\" \/>\n<script type=\"application\/ld+json\" class=\"yoast-schema-graph\">{\"@context\":\"https:\/\/schema.org\",\"@graph\":[{\"@type\":\"Article\",\"@id\":\"https:\/\/blog.holyart.it\/it\/articoli-religiosi\/le-preghiere-di-papa-francesco-per-il-2022-protagoniste-la-fratellanza-e-la-solidarieta\/#article\",\"isPartOf\":{\"@id\":\"https:\/\/blog.holyart.it\/it\/articoli-religiosi\/le-preghiere-di-papa-francesco-per-il-2022-protagoniste-la-fratellanza-e-la-solidarieta\/\"},\"author\":{\"name\":\"Redazione\",\"@id\":\"https:\/\/blog.holyart.it\/it\/#\/schema\/person\/0a7b686e5af0f856ec1e390dd0baecda\"},\"headline\":\"Le preghiere di Papa Francesco per il 2022: protagoniste la fratellanza e la solidariet\u00e0\",\"datePublished\":\"2022-01-04T09:00:53+00:00\",\"dateModified\":\"2022-01-20T14:51:12+00:00\",\"mainEntityOfPage\":{\"@id\":\"https:\/\/blog.holyart.it\/it\/articoli-religiosi\/le-preghiere-di-papa-francesco-per-il-2022-protagoniste-la-fratellanza-e-la-solidarieta\/\"},\"wordCount\":1192,\"publisher\":{\"@id\":\"https:\/\/blog.holyart.it\/it\/#organization\"},\"image\":{\"@id\":\"https:\/\/blog.holyart.it\/it\/articoli-religiosi\/le-preghiere-di-papa-francesco-per-il-2022-protagoniste-la-fratellanza-e-la-solidarieta\/#primaryimage\"},\"thumbnailUrl\":\"https:\/\/blog.holyart.it\/it\/wp-content\/uploads\/sites\/17\/2022\/01\/preghiere-papa-francesco.jpg\",\"articleSection\":[\"Religione\"],\"inLanguage\":\"it-IT\"},{\"@type\":\"WebPage\",\"@id\":\"https:\/\/blog.holyart.it\/it\/articoli-religiosi\/le-preghiere-di-papa-francesco-per-il-2022-protagoniste-la-fratellanza-e-la-solidarieta\/\",\"url\":\"https:\/\/blog.holyart.it\/it\/articoli-religiosi\/le-preghiere-di-papa-francesco-per-il-2022-protagoniste-la-fratellanza-e-la-solidarieta\/\",\"name\":\"Le preghiere di Papa Francesco per il 2022: protagoniste la fratellanza e la solidariet\u00e0 - Holyblog\",\"isPartOf\":{\"@id\":\"https:\/\/blog.holyart.it\/it\/#website\"},\"primaryImageOfPage\":{\"@id\":\"https:\/\/blog.holyart.it\/it\/articoli-religiosi\/le-preghiere-di-papa-francesco-per-il-2022-protagoniste-la-fratellanza-e-la-solidarieta\/#primaryimage\"},\"image\":{\"@id\":\"https:\/\/blog.holyart.it\/it\/articoli-religiosi\/le-preghiere-di-papa-francesco-per-il-2022-protagoniste-la-fratellanza-e-la-solidarieta\/#primaryimage\"},\"thumbnailUrl\":\"https:\/\/blog.holyart.it\/it\/wp-content\/uploads\/sites\/17\/2022\/01\/preghiere-papa-francesco.jpg\",\"datePublished\":\"2022-01-04T09:00:53+00:00\",\"dateModified\":\"2022-01-20T14:51:12+00:00\",\"description\":\"Le preghiere di Papa Francesco per il 2022 invitano noi tutti a una riflessione costante e a un impegno attivo nell'aiuto ai pi\u00f9 fragili e bisognosi\",\"breadcrumb\":{\"@id\":\"https:\/\/blog.holyart.it\/it\/articoli-religiosi\/le-preghiere-di-papa-francesco-per-il-2022-protagoniste-la-fratellanza-e-la-solidarieta\/#breadcrumb\"},\"inLanguage\":\"it-IT\",\"potentialAction\":[{\"@type\":\"ReadAction\",\"target\":[\"https:\/\/blog.holyart.it\/it\/articoli-religiosi\/le-preghiere-di-papa-francesco-per-il-2022-protagoniste-la-fratellanza-e-la-solidarieta\/\"]}]},{\"@type\":\"ImageObject\",\"inLanguage\":\"it-IT\",\"@id\":\"https:\/\/blog.holyart.it\/it\/articoli-religiosi\/le-preghiere-di-papa-francesco-per-il-2022-protagoniste-la-fratellanza-e-la-solidarieta\/#primaryimage\",\"url\":\"https:\/\/blog.holyart.it\/it\/wp-content\/uploads\/sites\/17\/2022\/01\/preghiere-papa-francesco.jpg\",\"contentUrl\":\"https:\/\/blog.holyart.it\/it\/wp-content\/uploads\/sites\/17\/2022\/01\/preghiere-papa-francesco.jpg\",\"width\":1000,\"height\":666,\"caption\":\"preghiere papa francesco\"},{\"@type\":\"BreadcrumbList\",\"@id\":\"https:\/\/blog.holyart.it\/it\/articoli-religiosi\/le-preghiere-di-papa-francesco-per-il-2022-protagoniste-la-fratellanza-e-la-solidarieta\/#breadcrumb\",\"itemListElement\":[{\"@type\":\"ListItem\",\"position\":1,\"name\":\"Homepage\",\"item\":\"https:\/\/blog.holyart.it\/it\/\"},{\"@type\":\"ListItem\",\"position\":2,\"name\":\"Religione\",\"item\":\"https:\/\/blog.holyart.it\/it\/articoli-religiosi\/\"},{\"@type\":\"ListItem\",\"position\":3,\"name\":\"Le preghiere di Papa Francesco per il 2022: protagoniste la fratellanza e la solidariet\u00e0\"}]},{\"@type\":\"WebSite\",\"@id\":\"https:\/\/blog.holyart.it\/it\/#website\",\"url\":\"https:\/\/blog.holyart.it\/it\/\",\"name\":\"Holyblog\",\"description\":\"Il Blog di Holyart.it\",\"publisher\":{\"@id\":\"https:\/\/blog.holyart.it\/it\/#organization\"},\"potentialAction\":[{\"@type\":\"SearchAction\",\"target\":{\"@type\":\"EntryPoint\",\"urlTemplate\":\"https:\/\/blog.holyart.it\/it\/?s={search_term_string}\"},\"query-input\":{\"@type\":\"PropertyValueSpecification\",\"valueRequired\":true,\"valueName\":\"search_term_string\"}}],\"inLanguage\":\"it-IT\"},{\"@type\":\"Organization\",\"@id\":\"https:\/\/blog.holyart.it\/it\/#organization\",\"name\":\"Holyblog\",\"url\":\"https:\/\/blog.holyart.it\/it\/\",\"logo\":{\"@type\":\"ImageObject\",\"inLanguage\":\"it-IT\",\"@id\":\"https:\/\/blog.holyart.it\/it\/#\/schema\/logo\/image\/\",\"url\":\"https:\/\/blog.holyart.it\/it\/wp-content\/uploads\/sites\/17\/2022\/12\/Holyart_Blog_Logo.jpg\",\"contentUrl\":\"https:\/\/blog.holyart.it\/it\/wp-content\/uploads\/sites\/17\/2022\/12\/Holyart_Blog_Logo.jpg\",\"width\":300,\"height\":50,\"caption\":\"Holyblog\"},\"image\":{\"@id\":\"https:\/\/blog.holyart.it\/it\/#\/schema\/logo\/image\/\"}},{\"@type\":\"Person\",\"@id\":\"https:\/\/blog.holyart.it\/it\/#\/schema\/person\/0a7b686e5af0f856ec1e390dd0baecda\",\"name\":\"Redazione\"}]}<\/script>\n<!-- \/ Yoast SEO plugin. -->","yoast_head_json":{"title":"Le preghiere di Papa Francesco per il 2022: protagoniste la fratellanza e la solidariet\u00e0 - Holyblog","description":"Le preghiere di Papa Francesco per il 2022 invitano noi tutti a una riflessione costante e a un impegno attivo nell'aiuto ai pi\u00f9 fragili e bisognosi","robots":{"index":"index","follow":"follow","max-snippet":"max-snippet:-1","max-image-preview":"max-image-preview:large","max-video-preview":"max-video-preview:-1"},"canonical":"https:\/\/blog.holyart.it\/it\/articoli-religiosi\/le-preghiere-di-papa-francesco-per-il-2022-protagoniste-la-fratellanza-e-la-solidarieta\/","og_locale":"it_IT","og_type":"article","og_title":"Le preghiere di Papa Francesco per il 2022: protagoniste la fratellanza e la solidariet\u00e0 - Holyblog","og_description":"Le preghiere di Papa Francesco per il 2022 invitano noi tutti a una riflessione costante e a un impegno attivo nell'aiuto ai pi\u00f9 fragili e bisognosi","og_url":"https:\/\/blog.holyart.it\/it\/articoli-religiosi\/le-preghiere-di-papa-francesco-per-il-2022-protagoniste-la-fratellanza-e-la-solidarieta\/","og_site_name":"Holyblog","article_published_time":"2022-01-04T09:00:53+00:00","article_modified_time":"2022-01-20T14:51:12+00:00","og_image":[{"width":1000,"height":666,"url":"https:\/\/blog.holyart.it\/it\/wp-content\/uploads\/sites\/17\/2022\/01\/preghiere-papa-francesco.jpg","type":"image\/jpeg"}],"author":"Redazione","twitter_card":"summary_large_image","twitter_misc":{"Scritto da":"Redazione","Tempo di lettura stimato":"6 minuti"},"schema":{"@context":"https:\/\/schema.org","@graph":[{"@type":"Article","@id":"https:\/\/blog.holyart.it\/it\/articoli-religiosi\/le-preghiere-di-papa-francesco-per-il-2022-protagoniste-la-fratellanza-e-la-solidarieta\/#article","isPartOf":{"@id":"https:\/\/blog.holyart.it\/it\/articoli-religiosi\/le-preghiere-di-papa-francesco-per-il-2022-protagoniste-la-fratellanza-e-la-solidarieta\/"},"author":{"name":"Redazione","@id":"https:\/\/blog.holyart.it\/it\/#\/schema\/person\/0a7b686e5af0f856ec1e390dd0baecda"},"headline":"Le preghiere di Papa Francesco per il 2022: protagoniste la fratellanza e la solidariet\u00e0","datePublished":"2022-01-04T09:00:53+00:00","dateModified":"2022-01-20T14:51:12+00:00","mainEntityOfPage":{"@id":"https:\/\/blog.holyart.it\/it\/articoli-religiosi\/le-preghiere-di-papa-francesco-per-il-2022-protagoniste-la-fratellanza-e-la-solidarieta\/"},"wordCount":1192,"publisher":{"@id":"https:\/\/blog.holyart.it\/it\/#organization"},"image":{"@id":"https:\/\/blog.holyart.it\/it\/articoli-religiosi\/le-preghiere-di-papa-francesco-per-il-2022-protagoniste-la-fratellanza-e-la-solidarieta\/#primaryimage"},"thumbnailUrl":"https:\/\/blog.holyart.it\/it\/wp-content\/uploads\/sites\/17\/2022\/01\/preghiere-papa-francesco.jpg","articleSection":["Religione"],"inLanguage":"it-IT"},{"@type":"WebPage","@id":"https:\/\/blog.holyart.it\/it\/articoli-religiosi\/le-preghiere-di-papa-francesco-per-il-2022-protagoniste-la-fratellanza-e-la-solidarieta\/","url":"https:\/\/blog.holyart.it\/it\/articoli-religiosi\/le-preghiere-di-papa-francesco-per-il-2022-protagoniste-la-fratellanza-e-la-solidarieta\/","name":"Le preghiere di Papa Francesco per il 2022: protagoniste la fratellanza e la solidariet\u00e0 - Holyblog","isPartOf":{"@id":"https:\/\/blog.holyart.it\/it\/#website"},"primaryImageOfPage":{"@id":"https:\/\/blog.holyart.it\/it\/articoli-religiosi\/le-preghiere-di-papa-francesco-per-il-2022-protagoniste-la-fratellanza-e-la-solidarieta\/#primaryimage"},"image":{"@id":"https:\/\/blog.holyart.it\/it\/articoli-religiosi\/le-preghiere-di-papa-francesco-per-il-2022-protagoniste-la-fratellanza-e-la-solidarieta\/#primaryimage"},"thumbnailUrl":"https:\/\/blog.holyart.it\/it\/wp-content\/uploads\/sites\/17\/2022\/01\/preghiere-papa-francesco.jpg","datePublished":"2022-01-04T09:00:53+00:00","dateModified":"2022-01-20T14:51:12+00:00","description":"Le preghiere di Papa Francesco per il 2022 invitano noi tutti a una riflessione costante e a un impegno attivo nell'aiuto ai pi\u00f9 fragili e bisognosi","breadcrumb":{"@id":"https:\/\/blog.holyart.it\/it\/articoli-religiosi\/le-preghiere-di-papa-francesco-per-il-2022-protagoniste-la-fratellanza-e-la-solidarieta\/#breadcrumb"},"inLanguage":"it-IT","potentialAction":[{"@type":"ReadAction","target":["https:\/\/blog.holyart.it\/it\/articoli-religiosi\/le-preghiere-di-papa-francesco-per-il-2022-protagoniste-la-fratellanza-e-la-solidarieta\/"]}]},{"@type":"ImageObject","inLanguage":"it-IT","@id":"https:\/\/blog.holyart.it\/it\/articoli-religiosi\/le-preghiere-di-papa-francesco-per-il-2022-protagoniste-la-fratellanza-e-la-solidarieta\/#primaryimage","url":"https:\/\/blog.holyart.it\/it\/wp-content\/uploads\/sites\/17\/2022\/01\/preghiere-papa-francesco.jpg","contentUrl":"https:\/\/blog.holyart.it\/it\/wp-content\/uploads\/sites\/17\/2022\/01\/preghiere-papa-francesco.jpg","width":1000,"height":666,"caption":"preghiere papa francesco"},{"@type":"BreadcrumbList","@id":"https:\/\/blog.holyart.it\/it\/articoli-religiosi\/le-preghiere-di-papa-francesco-per-il-2022-protagoniste-la-fratellanza-e-la-solidarieta\/#breadcrumb","itemListElement":[{"@type":"ListItem","position":1,"name":"Homepage","item":"https:\/\/blog.holyart.it\/it\/"},{"@type":"ListItem","position":2,"name":"Religione","item":"https:\/\/blog.holyart.it\/it\/articoli-religiosi\/"},{"@type":"ListItem","position":3,"name":"Le preghiere di Papa Francesco per il 2022: protagoniste la fratellanza e la solidariet\u00e0"}]},{"@type":"WebSite","@id":"https:\/\/blog.holyart.it\/it\/#website","url":"https:\/\/blog.holyart.it\/it\/","name":"Holyblog","description":"Il Blog di Holyart.it","publisher":{"@id":"https:\/\/blog.holyart.it\/it\/#organization"},"potentialAction":[{"@type":"SearchAction","target":{"@type":"EntryPoint","urlTemplate":"https:\/\/blog.holyart.it\/it\/?s={search_term_string}"},"query-input":{"@type":"PropertyValueSpecification","valueRequired":true,"valueName":"search_term_string"}}],"inLanguage":"it-IT"},{"@type":"Organization","@id":"https:\/\/blog.holyart.it\/it\/#organization","name":"Holyblog","url":"https:\/\/blog.holyart.it\/it\/","logo":{"@type":"ImageObject","inLanguage":"it-IT","@id":"https:\/\/blog.holyart.it\/it\/#\/schema\/logo\/image\/","url":"https:\/\/blog.holyart.it\/it\/wp-content\/uploads\/sites\/17\/2022\/12\/Holyart_Blog_Logo.jpg","contentUrl":"https:\/\/blog.holyart.it\/it\/wp-content\/uploads\/sites\/17\/2022\/12\/Holyart_Blog_Logo.jpg","width":300,"height":50,"caption":"Holyblog"},"image":{"@id":"https:\/\/blog.holyart.it\/it\/#\/schema\/logo\/image\/"}},{"@type":"Person","@id":"https:\/\/blog.holyart.it\/it\/#\/schema\/person\/0a7b686e5af0f856ec1e390dd0baecda","name":"Redazione"}]}},"_links":{"self":[{"href":"https:\/\/blog.holyart.it\/it\/wp-json\/wp\/v2\/posts\/14533","targetHints":{"allow":["GET"]}}],"collection":[{"href":"https:\/\/blog.holyart.it\/it\/wp-json\/wp\/v2\/posts"}],"about":[{"href":"https:\/\/blog.holyart.it\/it\/wp-json\/wp\/v2\/types\/post"}],"author":[{"embeddable":true,"href":"https:\/\/blog.holyart.it\/it\/wp-json\/wp\/v2\/users\/1"}],"replies":[{"embeddable":true,"href":"https:\/\/blog.holyart.it\/it\/wp-json\/wp\/v2\/comments?post=14533"}],"version-history":[{"count":0,"href":"https:\/\/blog.holyart.it\/it\/wp-json\/wp\/v2\/posts\/14533\/revisions"}],"wp:featuredmedia":[{"embeddable":true,"href":"https:\/\/blog.holyart.it\/it\/wp-json\/wp\/v2\/media\/14534"}],"wp:attachment":[{"href":"https:\/\/blog.holyart.it\/it\/wp-json\/wp\/v2\/media?parent=14533"}],"wp:term":[{"taxonomy":"category","embeddable":true,"href":"https:\/\/blog.holyart.it\/it\/wp-json\/wp\/v2\/categories?post=14533"},{"taxonomy":"post_tag","embeddable":true,"href":"https:\/\/blog.holyart.it\/it\/wp-json\/wp\/v2\/tags?post=14533"}],"curies":[{"name":"wp","href":"https:\/\/api.w.org\/{rel}","templated":true}]}}