{"id":14518,"date":"2021-12-23T10:00:41","date_gmt":"2021-12-23T09:00:41","guid":{"rendered":"https:\/\/blog.holyart.it\/it\/?p=14518"},"modified":"2025-11-26T17:43:42","modified_gmt":"2025-11-26T16:43:42","slug":"kalenda-di-natale-che-cose-e-quando-si-svolge","status":"publish","type":"post","link":"https:\/\/blog.holyart.it\/it\/natale\/kalenda-di-natale-che-cose-e-quando-si-svolge\/","title":{"rendered":"Kalenda di Natale: che cos\u2019\u00e8 e quando si svolge"},"content":{"rendered":"<h4>La messa di Natale \u00e8 uno dei momenti pi\u00f9 alti dell&#8217;anno per la spiritualit\u00e0 di ogni cristiano. Scopriamo la kalenda di Natale e altri riti particolari<\/h4>\n<p>Il ricordo della messa di Natale, celebrata a mezzanotte, \u00e8 certamente uno dei pi\u00f9 emozionanti per ogni cristiano, fin dall&#8217;infanzia. Dopo aver trascorso la sera della <strong>Vigilia<\/strong> con parenti e amici, nel calore della casa, in quel clima di attesa palpabile che in questa notte magica accumuna grandi e bambini, si raggiungeva la chiesa gremita di famiglie infreddolite, tutte animate dallo stesso, inesausto <strong>stupore<\/strong>, dalla gioia derivata dalla consapevolezza che <strong><a href=\"https:\/\/www.holyart.it\/it\/natale\/statue-gesu-bambino\">Ges\u00f9 Bambino<\/a> \u00e8 nato<\/strong>, e ancora una volta si celebrava insieme la Sua venuta. La <strong>Veglia di Natale<\/strong> non \u00e8 una messa comune. Ha una liturgia particolare, unica, che si rinnova ogni anno, ma che affonda le sue radici in riti antichi. La <strong>Kalenda di Natale<\/strong>, o Calenda, \u00e8 solo un esempio tra gli altri.<\/p>\n<div class=\"link-product\">\n<div class=\"blocco-immagine\"><img loading=\"lazy\" decoding=\"async\" class=\"size-full wp-image-14522 alignleft\" src=\"https:\/\/blog.holyart.it\/it\/wp-content\/uploads\/sites\/17\/2021\/12\/bambinello-poliresina-con-paglia-diverse-misure.jpg\" alt=\"bambinello-poliresina-con-paglia-diverse-misure\" width=\"100\" height=\"100\" data-kale-share-title=\"Kalenda di Natale: che cos\u2019\u00e8 e quando si svolge\" data-kale-share-url=\"https:\/\/blog.holyart.it\/it\/?p=14518\" \/><\/div>\n<div class=\"blocco-contenuto\">\n<div class=\"blocco-acquista\">Acquista su Holyart:<\/div>\n<div class=\"blocco-titolo\"><a href=\"https:\/\/www.holyart.it\/it\/natale\/statue-gesu-bambino\">Statue Ges\u00f9 Bambino<\/a><\/div>\n<div class=\"blocco-descrizione\">Reparto interamente dedicato alle statue di Bambinelli in legno, pasta di legno, resina, gesso.<\/div>\n<\/div>\n<\/div>\n<h2>Kalenda di Natale<\/h2>\n<p>La Kalenda \u00e8 un componimento liturgico che un tempo era incluso nell\u2019<strong>Ora Prima<\/strong> della <em>Liturgia delle Ore<\/em>, o Breviario. Era il momento di preghiera che i monaci praticavano intorno alle 6.00 del mattino. La parola Kalenda deriva dal latino<em> kalendae<\/em>, termine usato per indicare il <strong>primo giorno di ogni mese<\/strong>. I breviari moderni non riportano pi\u00f9 questo componimento, eliminato insieme all&#8217;Ora Prima dalla riforma liturgica successiva al Concilio Vaticano II. Ma la tradizione della Kalenda resta viva e ha assunto nel tempo un significato nuovo e particolare. Forse \u00e8 per la <strong>forma cantata<\/strong>, che le d\u00e0 una connotazione di festa, forse per le parole stesse con cui inizia, e che le danno il nome (<em>Octavo Kalendas Ianuarii, Luna decimaquinta, <\/em>&#8220;Otto giorni prima dell&#8217;inizio di Gennaio<em> &#8211; <\/em>dunque Venticinque dicembre &#8211; luna quindicesima&#8221;). La Kalenda non \u00e8 altro che un <strong>annuncio della nascita di Ges\u00f9<\/strong>, raccontato in un modo che ricorda il Prologo del <strong>Vangelo di Giovanni<\/strong> letto durante la Messa del giorno di Natale, partendo da una visione ampia e totale del tempo e della <strong>storia del rapporto tra Dio e gli uomini<\/strong>, per arrivare alla <strong>venuta di Ges\u00f9 Cristo<\/strong>, al suo essersi fatto carne in questa notte unica.<\/p>\n<div class=\"link-product\">\n<div class=\"blocco-immagine\"><img loading=\"lazy\" decoding=\"async\" class=\"size-full wp-image-14525 alignleft\" src=\"https:\/\/blog.holyart.it\/it\/wp-content\/uploads\/sites\/17\/2021\/12\/vangeli-atti-e-salmi-dalla-bibbia-gerusalemme.jpg\" alt=\"vangeli-atti-e-salmi-dalla-bibbia-gerusalemme\" width=\"100\" height=\"100\" data-kale-share-title=\"Kalenda di Natale: che cos\u2019\u00e8 e quando si svolge\" data-kale-share-url=\"https:\/\/blog.holyart.it\/it\/?p=14518\" \/><\/div>\n<div class=\"blocco-contenuto\">\n<div class=\"blocco-acquista\">Acquista su Holyart:<\/div>\n<div class=\"blocco-titolo\"><a href=\"https:\/\/www.holyart.it\/it\/articoli-religiosi\/libri-e-testi-sacri\/vangeli\/vangeli-atti-e-salmi-dalla-bibbia-gerusalemme\">Vangeli Atti e Salmi dalla Bibbia Gerusalemme<\/a><\/div>\n<div class=\"blocco-descrizione\">Vangeli Atti e Salmi dalla Bibbia di Gerusalemme. Edizioni Dehoniane.<\/div>\n<\/div>\n<\/div>\n<p>Oggi nella messa di Natale a Roma la Kalenda viene cantata prima dei riti iniziali come un annuncio che accompagna l&#8217;inizio della processione d&#8217;ingresso. Il componimento \u00e8 un susseguirsi di scansioni temporali:<\/p>\n<p><em>Trascorsi molti secoli dalla creazione del mondo, &#8230;<\/em><\/p>\n<p><em>[&#8230;] e molti secoli da quando, dopo il diluvio,<\/em><\/p>\n<p><em>[&#8230;] tredici secoli dopo l\u2019uscita di Israele dall\u2019Egitto sotto la guida di Mos\u00e8;&#8230;<\/em><\/p>\n<p>e cos\u00ec via, fino ad arrivare a:<\/p>\n<p><em>nel quarantaduesimo anno dell\u2019impero di Cesare Ottaviano Augusto;<\/em><br \/>\n<em>quando in tutto il mondo regnava la pace, Ges\u00f9 Cristo, Dio eterno e Figlio dell\u2019eterno Padre,\u00a0volendo santificare il mondo con la sua venuta, essendo stato concepito\u00a0per opera dello Spirito Santo, trascorsi nove mesi, nasce in Betlemme di Giuda dalla Vergine Maria, fatto uomo.<\/em><\/p>\n<p>Questo tipo di <strong>enumerazione di eventi storici <\/strong>con particolare insistenza sull&#8217;elenco di numeri, sulla scelta dei luoghi e anche sulla citazione di nomi di personaggi storici e non, ci rimanda subito all&#8217;antico Testamento, e, pi\u00f9 in generale, a un approccio narrativo antico che mescolava fatti storici con eventi leggendari. In questo ambito serve a ribadire l&#8217;assoluta veridicit\u00e0 storica degli eventi narrati, e in particolare della nascita di Ges\u00f9.<\/p>\n<h2>La Novena di Natale<\/h2>\n<p>Un&#8217;altra usanza tipica del Tempo del Natale \u00e8 la <a href=\"https:\/\/www.holyart.it\/blog\/natale\/novena-di-natale-le-nove-preghiere-in-attesa-del-natale\/\"><strong>Novena di Natale<\/strong><\/a>, una forma di devozione popolare non ufficiale, nel senso che non rientra nella liturgia canonica del Natale, ma che viene praticata da sempre dai fedeli che vogliono prepararsi in modo adeguato alla nascita di Ges\u00f9. Nei nove giorni prima di Natale, dal 16 al 24 dicembre, si recitano una serie di preghiere e si leggono brani scelti per prepararsi all&#8217;occasione. I primi a recitare la Novena di Natale furono i devoti di una comunit\u00e0 di missionari vincenziani (legati a san Vincenzo de&#8217; Paoli) nel Natale del 1720, nella chiesa dell&#8217;Immacolata di fianco al Convitto Ecclesiastico da loro gestito. Essi crearono una Novena partendo da brani dell&#8217;Antico Testamento che esprimevano<strong> il desiderio, l&#8217;attesa e infine la gioia per la venuta di Ges\u00f9<\/strong>. Le parti cantate e la melodia semplice e orecchiabile contribuirono al successo e alla diffusione di questa Novena.<\/p>\n<div class=\"link-article\">\n<p><img loading=\"lazy\" decoding=\"async\" class=\"size-full wp-image-14520 alignleft\" src=\"https:\/\/blog.holyart.it\/it\/wp-content\/uploads\/sites\/17\/2021\/12\/novena-di-natale.jpeg\" alt=\"novena di natale\" width=\"150\" height=\"99\" data-kale-share-title=\"Kalenda di Natale: che cos\u2019\u00e8 e quando si svolge\" data-kale-share-url=\"https:\/\/blog.holyart.it\/it\/?p=14518\" \/><\/p>\n<div class=\"leggi-anche\">Leggi anche:<\/div>\n<p><strong><a href=\"https:\/\/www.holyart.it\/blog\/natale\/novena-di-natale-le-nove-preghiere-in-attesa-del-natale\/\">Novena di Natale: le nove preghiere in attesa del Natale<\/a><\/strong><br \/>\nDal 16 al 24 Dicembre, nei nove giorni che precedono il Natale, i fedeli attendono la nascita di Ges\u00f9. Scopriamo insieme come&#8230;<\/p>\n<\/div>\n<h2>Quattro messe per Natale<\/h2>\n<p>Il tempo di Natale si compone in realt\u00e0 non di una, ma di <strong>quattro messe<\/strong>: la messa <em>vespertina<\/em>, la messa <em>ad noctem<\/em>, la messa <em>in aurora<\/em> e la messa <em>in die <\/em>(di giorno). Queste quattro celebrazioni coprono tutti i momenti del Natale, guidando i fedeli nella preghiera e meditazione per la venuta di Ges\u00f9:<\/p>\n<ul>\n<li>i <strong>Vespri <\/strong>della Vigilia di Natale, tempo dell&#8217;attesa;<\/li>\n<li><strong>prima messa:<\/strong> a mezzanotte si festeggia &#8220;la nascita eterna del Verbo nel seno degli splendori del Padre&#8221;. Un tempo era chiamata <em>ad galli cantus, <\/em>celebra la nascita di Ges\u00f9 nel mondo;<\/li>\n<li><strong>seconda messa:<\/strong> all&#8217;alba, celebra &#8220;l&#8217;apparizione temporale nell&#8217;umilt\u00e0 della carne&#8221;, istituita per onorare la manifestazione di Ges\u00f9 Cristo ai pastori;<\/li>\n<li><strong>terza messa:<\/strong> in pieno giorno, celebra e onora la nascita spirituale e quotidiana di Cristo nel cuore dei giusti e &#8220;il ritorno finale all&#8217;ultimo giudizio&#8221;<\/li>\n<\/ul>\n<p>come recita il <em>Liber Sacramentorum<\/em>, del cardinale Alfredo Ildefonso\u00a0Schuster<em>, <\/em>che contiene i testi e le specificazioni dei gesti con cui si celebrano gli atti di culto del Messale romano.<\/p>\n<h2>La messa di Natale anticipata<\/h2>\n<p>Anche quest&#8217;anno, a causa del COVID, <strong><a href=\"https:\/\/www.holyart.it\/it\/occasioni-speciali\/papa-francesco\">Papa Francesco<\/a><\/strong> ha deciso di <strong>anticipare la messa della notte di Natale <\/strong>alle 19.30 del 24 dicembre. \u00c8 una scelta dettata dalla prudenza, cos\u00ec come lo \u00e8 stato la cancellazione dell&#8217;evento in piazza di Spagna dell&#8217;8 dicembre per la festa dell&#8217;Immacolata.<\/p>\n<div class=\"link-product\">\n<div class=\"blocco-immagine\"><img loading=\"lazy\" decoding=\"async\" class=\"size-full wp-image-14521 alignleft\" src=\"https:\/\/blog.holyart.it\/it\/wp-content\/uploads\/sites\/17\/2021\/12\/san-giuseppe-dormiente-fontanini-17-cm.jpg\" alt=\"san-giuseppe-dormiente-fontanini-17-cm\" width=\"100\" height=\"100\" data-kale-share-title=\"Kalenda di Natale: che cos\u2019\u00e8 e quando si svolge\" data-kale-share-url=\"https:\/\/blog.holyart.it\/it\/?p=14518\" \/><\/div>\n<div class=\"blocco-contenuto\">\n<div class=\"blocco-acquista\">Acquista su Holyart:<\/div>\n<div class=\"blocco-titolo\"><a href=\"https:\/\/www.holyart.it\/it\/occasioni-speciali\/papa-francesco\">Papa Francesco<\/a><\/div>\n<div class=\"blocco-descrizione\">Qui puoi trovare dalla croce papale del Buon Pastore di Papa Francesco, ai rosari, quadri, con immagine del Papa e altro.<\/div>\n<\/div>\n<\/div>\n","protected":false},"excerpt":{"rendered":"<p>La messa di Natale \u00e8 uno dei momenti pi\u00f9 alti dell&#8217;anno per la spiritualit\u00e0 di ogni cristiano. Scopriamo la kalenda di Natale e altri riti particolari Il ricordo della messa di Natale, celebrata a mezzanotte, \u00e8 certamente uno dei pi\u00f9 emozionanti per ogni cristiano, fin&hellip;<\/p>\n","protected":false},"author":1,"featured_media":14526,"comment_status":"closed","ping_status":"open","sticky":false,"template":"","format":"standard","meta":{"_acf_changed":false,"footnotes":""},"categories":[18],"tags":[],"class_list":["post-14518","post","type-post","status-publish","format-standard","has-post-thumbnail","hentry","category-natale"],"acf":[],"yoast_head":"<!-- This site is optimized with the Yoast SEO plugin v26.6 - https:\/\/yoast.com\/wordpress\/plugins\/seo\/ -->\n<title>Kalenda di Natale: che cos\u2019\u00e8 e quando si svolge - Holyblog<\/title>\n<meta name=\"description\" content=\"La Kalenda di Natale che apre la messa, la Novena da recitare nei nove giorni prima di Natale, le quattro messe. Tradizioni e riti della Messa natalizia\" \/>\n<meta name=\"robots\" content=\"index, follow, max-snippet:-1, max-image-preview:large, max-video-preview:-1\" \/>\n<link rel=\"canonical\" href=\"https:\/\/blog.holyart.it\/it\/natale\/kalenda-di-natale-che-cose-e-quando-si-svolge\/\" \/>\n<meta property=\"og:locale\" content=\"it_IT\" \/>\n<meta property=\"og:type\" content=\"article\" \/>\n<meta property=\"og:title\" content=\"Kalenda di Natale: che cos\u2019\u00e8 e quando si svolge - Holyblog\" \/>\n<meta property=\"og:description\" content=\"La Kalenda di Natale che apre la messa, la Novena da recitare nei nove giorni prima di Natale, le quattro messe. Tradizioni e riti della Messa natalizia\" \/>\n<meta property=\"og:url\" content=\"https:\/\/blog.holyart.it\/it\/natale\/kalenda-di-natale-che-cose-e-quando-si-svolge\/\" \/>\n<meta property=\"og:site_name\" content=\"Holyblog\" \/>\n<meta property=\"article:published_time\" content=\"2021-12-23T09:00:41+00:00\" \/>\n<meta property=\"article:modified_time\" content=\"2025-11-26T16:43:42+00:00\" \/>\n<meta property=\"og:image\" content=\"https:\/\/blog.holyart.it\/it\/wp-content\/uploads\/sites\/17\/2021\/12\/kalenda-di-natale.jpg\" \/>\n\t<meta property=\"og:image:width\" content=\"1000\" \/>\n\t<meta property=\"og:image:height\" content=\"666\" \/>\n\t<meta property=\"og:image:type\" content=\"image\/jpeg\" \/>\n<meta name=\"author\" content=\"Redazione\" \/>\n<meta name=\"twitter:card\" content=\"summary_large_image\" \/>\n<meta name=\"twitter:label1\" content=\"Scritto da\" \/>\n\t<meta name=\"twitter:data1\" content=\"Redazione\" \/>\n\t<meta name=\"twitter:label2\" content=\"Tempo di lettura stimato\" \/>\n\t<meta name=\"twitter:data2\" content=\"7 minuti\" \/>\n<script type=\"application\/ld+json\" class=\"yoast-schema-graph\">{\"@context\":\"https:\/\/schema.org\",\"@graph\":[{\"@type\":\"Article\",\"@id\":\"https:\/\/blog.holyart.it\/it\/natale\/kalenda-di-natale-che-cose-e-quando-si-svolge\/#article\",\"isPartOf\":{\"@id\":\"https:\/\/blog.holyart.it\/it\/natale\/kalenda-di-natale-che-cose-e-quando-si-svolge\/\"},\"author\":{\"name\":\"Redazione\",\"@id\":\"https:\/\/blog.holyart.it\/it\/#\/schema\/person\/0a7b686e5af0f856ec1e390dd0baecda\"},\"headline\":\"Kalenda di Natale: che cos\u2019\u00e8 e quando si svolge\",\"datePublished\":\"2021-12-23T09:00:41+00:00\",\"dateModified\":\"2025-11-26T16:43:42+00:00\",\"mainEntityOfPage\":{\"@id\":\"https:\/\/blog.holyart.it\/it\/natale\/kalenda-di-natale-che-cose-e-quando-si-svolge\/\"},\"wordCount\":1012,\"publisher\":{\"@id\":\"https:\/\/blog.holyart.it\/it\/#organization\"},\"image\":{\"@id\":\"https:\/\/blog.holyart.it\/it\/natale\/kalenda-di-natale-che-cose-e-quando-si-svolge\/#primaryimage\"},\"thumbnailUrl\":\"https:\/\/blog.holyart.it\/it\/wp-content\/uploads\/sites\/17\/2021\/12\/kalenda-di-natale.jpg\",\"articleSection\":[\"Natale\"],\"inLanguage\":\"it-IT\"},{\"@type\":\"WebPage\",\"@id\":\"https:\/\/blog.holyart.it\/it\/natale\/kalenda-di-natale-che-cose-e-quando-si-svolge\/\",\"url\":\"https:\/\/blog.holyart.it\/it\/natale\/kalenda-di-natale-che-cose-e-quando-si-svolge\/\",\"name\":\"Kalenda di Natale: che cos\u2019\u00e8 e quando si svolge - Holyblog\",\"isPartOf\":{\"@id\":\"https:\/\/blog.holyart.it\/it\/#website\"},\"primaryImageOfPage\":{\"@id\":\"https:\/\/blog.holyart.it\/it\/natale\/kalenda-di-natale-che-cose-e-quando-si-svolge\/#primaryimage\"},\"image\":{\"@id\":\"https:\/\/blog.holyart.it\/it\/natale\/kalenda-di-natale-che-cose-e-quando-si-svolge\/#primaryimage\"},\"thumbnailUrl\":\"https:\/\/blog.holyart.it\/it\/wp-content\/uploads\/sites\/17\/2021\/12\/kalenda-di-natale.jpg\",\"datePublished\":\"2021-12-23T09:00:41+00:00\",\"dateModified\":\"2025-11-26T16:43:42+00:00\",\"description\":\"La Kalenda di Natale che apre la messa, la Novena da recitare nei nove giorni prima di Natale, le quattro messe. Tradizioni e riti della Messa natalizia\",\"breadcrumb\":{\"@id\":\"https:\/\/blog.holyart.it\/it\/natale\/kalenda-di-natale-che-cose-e-quando-si-svolge\/#breadcrumb\"},\"inLanguage\":\"it-IT\",\"potentialAction\":[{\"@type\":\"ReadAction\",\"target\":[\"https:\/\/blog.holyart.it\/it\/natale\/kalenda-di-natale-che-cose-e-quando-si-svolge\/\"]}]},{\"@type\":\"ImageObject\",\"inLanguage\":\"it-IT\",\"@id\":\"https:\/\/blog.holyart.it\/it\/natale\/kalenda-di-natale-che-cose-e-quando-si-svolge\/#primaryimage\",\"url\":\"https:\/\/blog.holyart.it\/it\/wp-content\/uploads\/sites\/17\/2021\/12\/kalenda-di-natale.jpg\",\"contentUrl\":\"https:\/\/blog.holyart.it\/it\/wp-content\/uploads\/sites\/17\/2021\/12\/kalenda-di-natale.jpg\",\"width\":1000,\"height\":666},{\"@type\":\"BreadcrumbList\",\"@id\":\"https:\/\/blog.holyart.it\/it\/natale\/kalenda-di-natale-che-cose-e-quando-si-svolge\/#breadcrumb\",\"itemListElement\":[{\"@type\":\"ListItem\",\"position\":1,\"name\":\"Homepage\",\"item\":\"https:\/\/blog.holyart.it\/it\/\"},{\"@type\":\"ListItem\",\"position\":2,\"name\":\"Natale\",\"item\":\"https:\/\/blog.holyart.it\/it\/natale\/\"},{\"@type\":\"ListItem\",\"position\":3,\"name\":\"Kalenda di Natale: che cos\u2019\u00e8 e quando si svolge\"}]},{\"@type\":\"WebSite\",\"@id\":\"https:\/\/blog.holyart.it\/it\/#website\",\"url\":\"https:\/\/blog.holyart.it\/it\/\",\"name\":\"Holyblog\",\"description\":\"Il Blog di Holyart.it\",\"publisher\":{\"@id\":\"https:\/\/blog.holyart.it\/it\/#organization\"},\"potentialAction\":[{\"@type\":\"SearchAction\",\"target\":{\"@type\":\"EntryPoint\",\"urlTemplate\":\"https:\/\/blog.holyart.it\/it\/?s={search_term_string}\"},\"query-input\":{\"@type\":\"PropertyValueSpecification\",\"valueRequired\":true,\"valueName\":\"search_term_string\"}}],\"inLanguage\":\"it-IT\"},{\"@type\":\"Organization\",\"@id\":\"https:\/\/blog.holyart.it\/it\/#organization\",\"name\":\"Holyblog\",\"url\":\"https:\/\/blog.holyart.it\/it\/\",\"logo\":{\"@type\":\"ImageObject\",\"inLanguage\":\"it-IT\",\"@id\":\"https:\/\/blog.holyart.it\/it\/#\/schema\/logo\/image\/\",\"url\":\"https:\/\/blog.holyart.it\/it\/wp-content\/uploads\/sites\/17\/2022\/12\/Holyart_Blog_Logo.jpg\",\"contentUrl\":\"https:\/\/blog.holyart.it\/it\/wp-content\/uploads\/sites\/17\/2022\/12\/Holyart_Blog_Logo.jpg\",\"width\":300,\"height\":50,\"caption\":\"Holyblog\"},\"image\":{\"@id\":\"https:\/\/blog.holyart.it\/it\/#\/schema\/logo\/image\/\"}},{\"@type\":\"Person\",\"@id\":\"https:\/\/blog.holyart.it\/it\/#\/schema\/person\/0a7b686e5af0f856ec1e390dd0baecda\",\"name\":\"Redazione\"}]}<\/script>\n<!-- \/ Yoast SEO plugin. -->","yoast_head_json":{"title":"Kalenda di Natale: che cos\u2019\u00e8 e quando si svolge - Holyblog","description":"La Kalenda di Natale che apre la messa, la Novena da recitare nei nove giorni prima di Natale, le quattro messe. Tradizioni e riti della Messa natalizia","robots":{"index":"index","follow":"follow","max-snippet":"max-snippet:-1","max-image-preview":"max-image-preview:large","max-video-preview":"max-video-preview:-1"},"canonical":"https:\/\/blog.holyart.it\/it\/natale\/kalenda-di-natale-che-cose-e-quando-si-svolge\/","og_locale":"it_IT","og_type":"article","og_title":"Kalenda di Natale: che cos\u2019\u00e8 e quando si svolge - Holyblog","og_description":"La Kalenda di Natale che apre la messa, la Novena da recitare nei nove giorni prima di Natale, le quattro messe. Tradizioni e riti della Messa natalizia","og_url":"https:\/\/blog.holyart.it\/it\/natale\/kalenda-di-natale-che-cose-e-quando-si-svolge\/","og_site_name":"Holyblog","article_published_time":"2021-12-23T09:00:41+00:00","article_modified_time":"2025-11-26T16:43:42+00:00","og_image":[{"width":1000,"height":666,"url":"https:\/\/blog.holyart.it\/it\/wp-content\/uploads\/sites\/17\/2021\/12\/kalenda-di-natale.jpg","type":"image\/jpeg"}],"author":"Redazione","twitter_card":"summary_large_image","twitter_misc":{"Scritto da":"Redazione","Tempo di lettura stimato":"7 minuti"},"schema":{"@context":"https:\/\/schema.org","@graph":[{"@type":"Article","@id":"https:\/\/blog.holyart.it\/it\/natale\/kalenda-di-natale-che-cose-e-quando-si-svolge\/#article","isPartOf":{"@id":"https:\/\/blog.holyart.it\/it\/natale\/kalenda-di-natale-che-cose-e-quando-si-svolge\/"},"author":{"name":"Redazione","@id":"https:\/\/blog.holyart.it\/it\/#\/schema\/person\/0a7b686e5af0f856ec1e390dd0baecda"},"headline":"Kalenda di Natale: che cos\u2019\u00e8 e quando si svolge","datePublished":"2021-12-23T09:00:41+00:00","dateModified":"2025-11-26T16:43:42+00:00","mainEntityOfPage":{"@id":"https:\/\/blog.holyart.it\/it\/natale\/kalenda-di-natale-che-cose-e-quando-si-svolge\/"},"wordCount":1012,"publisher":{"@id":"https:\/\/blog.holyart.it\/it\/#organization"},"image":{"@id":"https:\/\/blog.holyart.it\/it\/natale\/kalenda-di-natale-che-cose-e-quando-si-svolge\/#primaryimage"},"thumbnailUrl":"https:\/\/blog.holyart.it\/it\/wp-content\/uploads\/sites\/17\/2021\/12\/kalenda-di-natale.jpg","articleSection":["Natale"],"inLanguage":"it-IT"},{"@type":"WebPage","@id":"https:\/\/blog.holyart.it\/it\/natale\/kalenda-di-natale-che-cose-e-quando-si-svolge\/","url":"https:\/\/blog.holyart.it\/it\/natale\/kalenda-di-natale-che-cose-e-quando-si-svolge\/","name":"Kalenda di Natale: che cos\u2019\u00e8 e quando si svolge - Holyblog","isPartOf":{"@id":"https:\/\/blog.holyart.it\/it\/#website"},"primaryImageOfPage":{"@id":"https:\/\/blog.holyart.it\/it\/natale\/kalenda-di-natale-che-cose-e-quando-si-svolge\/#primaryimage"},"image":{"@id":"https:\/\/blog.holyart.it\/it\/natale\/kalenda-di-natale-che-cose-e-quando-si-svolge\/#primaryimage"},"thumbnailUrl":"https:\/\/blog.holyart.it\/it\/wp-content\/uploads\/sites\/17\/2021\/12\/kalenda-di-natale.jpg","datePublished":"2021-12-23T09:00:41+00:00","dateModified":"2025-11-26T16:43:42+00:00","description":"La Kalenda di Natale che apre la messa, la Novena da recitare nei nove giorni prima di Natale, le quattro messe. Tradizioni e riti della Messa natalizia","breadcrumb":{"@id":"https:\/\/blog.holyart.it\/it\/natale\/kalenda-di-natale-che-cose-e-quando-si-svolge\/#breadcrumb"},"inLanguage":"it-IT","potentialAction":[{"@type":"ReadAction","target":["https:\/\/blog.holyart.it\/it\/natale\/kalenda-di-natale-che-cose-e-quando-si-svolge\/"]}]},{"@type":"ImageObject","inLanguage":"it-IT","@id":"https:\/\/blog.holyart.it\/it\/natale\/kalenda-di-natale-che-cose-e-quando-si-svolge\/#primaryimage","url":"https:\/\/blog.holyart.it\/it\/wp-content\/uploads\/sites\/17\/2021\/12\/kalenda-di-natale.jpg","contentUrl":"https:\/\/blog.holyart.it\/it\/wp-content\/uploads\/sites\/17\/2021\/12\/kalenda-di-natale.jpg","width":1000,"height":666},{"@type":"BreadcrumbList","@id":"https:\/\/blog.holyart.it\/it\/natale\/kalenda-di-natale-che-cose-e-quando-si-svolge\/#breadcrumb","itemListElement":[{"@type":"ListItem","position":1,"name":"Homepage","item":"https:\/\/blog.holyart.it\/it\/"},{"@type":"ListItem","position":2,"name":"Natale","item":"https:\/\/blog.holyart.it\/it\/natale\/"},{"@type":"ListItem","position":3,"name":"Kalenda di Natale: che cos\u2019\u00e8 e quando si svolge"}]},{"@type":"WebSite","@id":"https:\/\/blog.holyart.it\/it\/#website","url":"https:\/\/blog.holyart.it\/it\/","name":"Holyblog","description":"Il Blog di Holyart.it","publisher":{"@id":"https:\/\/blog.holyart.it\/it\/#organization"},"potentialAction":[{"@type":"SearchAction","target":{"@type":"EntryPoint","urlTemplate":"https:\/\/blog.holyart.it\/it\/?s={search_term_string}"},"query-input":{"@type":"PropertyValueSpecification","valueRequired":true,"valueName":"search_term_string"}}],"inLanguage":"it-IT"},{"@type":"Organization","@id":"https:\/\/blog.holyart.it\/it\/#organization","name":"Holyblog","url":"https:\/\/blog.holyart.it\/it\/","logo":{"@type":"ImageObject","inLanguage":"it-IT","@id":"https:\/\/blog.holyart.it\/it\/#\/schema\/logo\/image\/","url":"https:\/\/blog.holyart.it\/it\/wp-content\/uploads\/sites\/17\/2022\/12\/Holyart_Blog_Logo.jpg","contentUrl":"https:\/\/blog.holyart.it\/it\/wp-content\/uploads\/sites\/17\/2022\/12\/Holyart_Blog_Logo.jpg","width":300,"height":50,"caption":"Holyblog"},"image":{"@id":"https:\/\/blog.holyart.it\/it\/#\/schema\/logo\/image\/"}},{"@type":"Person","@id":"https:\/\/blog.holyart.it\/it\/#\/schema\/person\/0a7b686e5af0f856ec1e390dd0baecda","name":"Redazione"}]}},"_links":{"self":[{"href":"https:\/\/blog.holyart.it\/it\/wp-json\/wp\/v2\/posts\/14518","targetHints":{"allow":["GET"]}}],"collection":[{"href":"https:\/\/blog.holyart.it\/it\/wp-json\/wp\/v2\/posts"}],"about":[{"href":"https:\/\/blog.holyart.it\/it\/wp-json\/wp\/v2\/types\/post"}],"author":[{"embeddable":true,"href":"https:\/\/blog.holyart.it\/it\/wp-json\/wp\/v2\/users\/1"}],"replies":[{"embeddable":true,"href":"https:\/\/blog.holyart.it\/it\/wp-json\/wp\/v2\/comments?post=14518"}],"version-history":[{"count":2,"href":"https:\/\/blog.holyart.it\/it\/wp-json\/wp\/v2\/posts\/14518\/revisions"}],"predecessor-version":[{"id":23115,"href":"https:\/\/blog.holyart.it\/it\/wp-json\/wp\/v2\/posts\/14518\/revisions\/23115"}],"wp:featuredmedia":[{"embeddable":true,"href":"https:\/\/blog.holyart.it\/it\/wp-json\/wp\/v2\/media\/14526"}],"wp:attachment":[{"href":"https:\/\/blog.holyart.it\/it\/wp-json\/wp\/v2\/media?parent=14518"}],"wp:term":[{"taxonomy":"category","embeddable":true,"href":"https:\/\/blog.holyart.it\/it\/wp-json\/wp\/v2\/categories?post=14518"},{"taxonomy":"post_tag","embeddable":true,"href":"https:\/\/blog.holyart.it\/it\/wp-json\/wp\/v2\/tags?post=14518"}],"curies":[{"name":"wp","href":"https:\/\/api.w.org\/{rel}","templated":true}]}}