{"id":14508,"date":"2021-12-26T12:30:54","date_gmt":"2021-12-26T11:30:54","guid":{"rendered":"https:\/\/blog.holyart.it\/it\/?p=14508"},"modified":"2025-12-18T12:14:28","modified_gmt":"2025-12-18T11:14:28","slug":"santo-stefano-il-primo-martire-del-cristianesimo","status":"publish","type":"post","link":"https:\/\/blog.holyart.it\/it\/natale\/santo-stefano-il-primo-martire-del-cristianesimo\/","title":{"rendered":"Santo Stefano: il primo martire del cristianesimo"},"content":{"rendered":"<h4>Il 26 dicembre si festeggia Santo Stefano, il primo cristiano a dare la vita in nome della fede in Cristo. Ecco la sua storia<\/h4>\n\n<p>Per molti Santo Stefano \u00e8 solo un altro giorno di festa, meno frenetico della Vigilia, meno impegnativo del Natale. Ci si ritrova comunque con amici e parenti, e si mangiano gli avanzi della Festa, magari rilassandosi un po&#8217;. Tuttavia, per i cristiani non si tratta di un giorno festivo qualsiasi. \u00c8 infatti il giorno dedicato alla memoria liturgica di <strong>Santo Stefano Protomartire<\/strong>, il primo cristiano che si \u00e8 sacrificato per testimoniare la propria fede in Ges\u00f9 e nel <a href=\"https:\/\/www.holyart.it\/it\/articoli-religiosi\/libri-e-testi-sacri\/vangeli\"><strong>Vangelo<\/strong><\/a>.<\/p>\n<div class=\"link-product\">\n<div class=\"blocco-immagine\"><img loading=\"lazy\" decoding=\"async\" class=\"size-full wp-image-14512 alignleft\" src=\"https:\/\/blog.holyart.it\/it\/wp-content\/uploads\/sites\/17\/2021\/12\/portavangelo-mani-olivo-con-vangelo.jpg\" alt=\"portavangelo-mani-olivo-con-vangelo\" width=\"100\" height=\"100\" data-kale-share-title=\"Santo Stefano: il primo martire del cristianesimo\" data-kale-share-url=\"https:\/\/blog.holyart.it\/it\/?p=14508\" \/><\/div>\n<div class=\"blocco-contenuto\">\n<div class=\"blocco-acquista\">Acquista su Holyart:<\/div>\n<div class=\"blocco-titolo\"><a href=\"https:\/\/www.holyart.it\/it\/articoli-religiosi\/libri-e-testi-sacri\/vangeli\/portavangelo-mani-olivo-con-vangelo\">Portavangelo mani olivo con Vangelo<\/a><\/div>\n<div class=\"blocco-descrizione\">Portavangelo mani in legno d&#8217;olivo con Vangelo con placche in legno d&#8217;olivo.<\/div>\n<\/div>\n<\/div>\n<p>Ma chi era <a href=\"https:\/\/www.holyart.it\/it\/articoli-religiosi\/statue\/statue-in-legno-dipinto\/santo-stefano-legno-colorato-valgardena\"><strong>Santo Stefano<\/strong><\/a> e perch\u00e9 \u00e8 stato cos\u00ec importante?<\/p>\n<p>Perch\u00e9 \u00e8 stato il <strong>primo<\/strong> a subire le accuse e la rabbia di chi, udendo le parole del Vangelo, non era pronto ad accettarle. Prima di lui la Parola diffusa dai discepoli di Ges\u00f9 non aveva ancora mietuto vittime, non era stata causa della morte di chi la sosteneva. Stefano era un giovane pieno di fede ed entusiasmo, al punto che gli apostoli gli chiesero di aiutarli a organizzare la comunit\u00e0 cristiana di Gerusalemme. Lui ader\u00ec con gioia e divenne il primo dei <strong>sette diaconi<\/strong> eletti per permettere agli apostoli di concentrarsi solo nella predicazione del Vangelo. Negli <em>Atti degli Apostoli<\/em> leggiamo che, sebbene scelti dagli uomini, e non dallo Spirito Santo, come accade ai discepoli di Ges\u00f9 presenti <a href=\"https:\/\/www.holyart.it\/blog\/accessori-liturgia\/in-occasione-della-pentecoste-prega-maria-che-scioglie-i-nodi\/\"><strong>il giorno di Pentecoste<\/strong><\/a>, tuttavia non per questo questi sette diaconi erano meno <em>&#8220;pieni di Spirito e di saggezza&#8221;<\/em> (Atti 6:3). Oltre a Stefano vennero eletti Filippo, Procoro, Nicanore, Timone, Parmenas, Nicola di Antiochia. Gli Apostoli imposero le mani su tutti loro e li benedissero.<\/p>\n<p>Stefano pag\u00f2 a caro prezzo la sua scelta di fede. Sappiamo poco di lui: era probabilmente greco (il suo nome in greco significa \u201ccoronato\u201d), o forse un ebreo educato nella cultura ellenistica. Un uomo di cultura, dunque, e di sapienza, che dopo la sua elezione a diacono non solo si diede da fare per sollevare gli apostoli da tutte le questioni amministrative, ma a sua volta si impegn\u00f2 per evangelizzare e convertire chi giungeva in citt\u00e0. Gli si attribuiscono anche molti prodigi.<\/p>\n<div class=\"link-product\">\n<div class=\"blocco-immagine\"><img loading=\"lazy\" decoding=\"async\" class=\"size-full wp-image-14513 alignleft\" src=\"https:\/\/blog.holyart.it\/it\/wp-content\/uploads\/sites\/17\/2021\/12\/santo-stefano-legno-colorato-valgardena.jpg\" alt=\"santo-stefano-legno-colorato-valgardena\" width=\"100\" height=\"100\" data-kale-share-title=\"Santo Stefano: il primo martire del cristianesimo\" data-kale-share-url=\"https:\/\/blog.holyart.it\/it\/?p=14508\" \/><\/div>\n<div class=\"blocco-contenuto\">\n<div class=\"blocco-acquista\">Acquista su Holyart:<\/div>\n<div class=\"blocco-titolo\"><a href=\"https:\/\/www.holyart.it\/it\/articoli-religiosi\/statue\/statue-in-legno-dipinto\/santo-stefano-legno-colorato-valgardena\">Santo Stefano legno colorato Valgardena<\/a><\/div>\n<div class=\"blocco-descrizione\">Statua in legno d&#8217;acero e successivamente dipinto a mano dagli artigiani pittori della val Gardena.<\/div>\n<\/div>\n<\/div>\n<p>Furono gli ebrei, infastiditi da queste conversioni, ad accusare Stefano di blasfemia e ad aizzare la popolazione contro di lui.<br \/>\nTrascinato davanti al Sinedrio, il giovane diacono rispose alle false accuse che gli venivano mosse con un lungo discorso, con il quale denunciava gli ebrei che non erano stati capaci di riconoscere Ges\u00f9 per quello che era, nonostante patriarchi e profeti avessero predetto e preparato il suo avvento. Questo esacerb\u00f2 gli animi ulteriormente, e Stefano venne trascinato fuori dalla folla inferocita e lapidato. Al linciaggio assistette anche Saulo, che sarebbe divenuto uno dei pi\u00f9 feroci persecutori dei cristiani e, successivamente, <strong>San Paolo di Tarso<\/strong>,\u00a0 l&#8217;<strong><a href=\"https:\/\/www.holyart.it\/blog\/santi-e-beati\/san-paolo-tarso-storia-un-missionario\/\">Apostolo delle Genti<\/a><\/strong>. Lo stesso Saulo prese parte in modo attivo alla spietata persecuzione che si scaten\u00f2 contro i cristiani a Gerusalemme subito dopo la morte di Stefano.<\/p>\n<div class=\"link-article\">\n<p><img loading=\"lazy\" decoding=\"async\" class=\"size-full wp-image-14510 alignleft\" src=\"https:\/\/blog.holyart.it\/it\/wp-content\/uploads\/sites\/17\/2021\/12\/San-Paolo-di-Tarso.jpg\" alt=\"San-Paolo-di-Tarso\" width=\"150\" height=\"100\" data-kale-share-title=\"Santo Stefano: il primo martire del cristianesimo\" data-kale-share-url=\"https:\/\/blog.holyart.it\/it\/?p=14508\" \/><\/p>\n<div class=\"leggi-anche\">Leggi anche:<\/div>\n<p><strong><a href=\"https:\/\/www.holyart.it\/blog\/santi-e-beati\/san-paolo-tarso-storia-un-missionario\/\">San Paolo di Tarso: storia di un missionario<\/a><\/strong><br \/>\nSan Paolo di Tarso pu\u00f2 essere considerato il primo, grande missionario della Chiesa cristiana. La sua opera di proselita&#8230;<\/p>\n<\/div>\n<p>La storia di Stefano, il suo esempio di coraggio e abnegazione, dimostrano come fin dall&#8217;inizio credere nel Vangelo fosse molto pi\u00f9 che dare credito alle parole di un profeta, Ges\u00f9, come in quella di molti venuti prima di Lui. La portata del messaggio di Ges\u00f9 \u00e8 cos\u00ec rivoluzionaria da incutere timore, in chi non \u00e8 pronto ad accoglierla, arrivando a suscitare un odio omicida. Cos\u00ec nasce il concetto di <strong>martire<\/strong>, uomo o donna pronti a sopportare indicibili pene e tormenti, e perfino a morire, per testimoniare la propria fede.<\/p>\n<h2>Significato di protomartire<\/h2>\n<p><strong>Protomartire<\/strong>, l&#8217;attributo riferito a <a href=\"https:\/\/www.holyart.it\/it\/articoli-religiosi\/icone-sacre\/icone-romania-dipinte\/icona-santo-stefano-dipinta-romania\"><strong>Santo Stefano<\/strong><\/a>, indica il suo essere stato il primo, tra i cristiani, ad affrontare il martirio. La parola unisce due termini greci: \u03c0\u03c1\u1ff6\u03c4\u03bf\u03c2 (pr\u014dtos, &#8216;primo&#8217;) e \u03bc\u03ac\u03c1\u03c4\u03c5\u03c2 (martys, &#8220;testimone (di fede)&#8221;).<\/p>\n<div class=\"link-product\">\n<div class=\"blocco-immagine\"><img loading=\"lazy\" decoding=\"async\" class=\"size-full wp-image-14514 alignleft\" src=\"https:\/\/blog.holyart.it\/it\/wp-content\/uploads\/sites\/17\/2021\/12\/icona-santo-stefano-dipinta-romania.jpg\" alt=\"icona-santo-stefano-dipinta-romania\" width=\"100\" height=\"100\" data-kale-share-title=\"Santo Stefano: il primo martire del cristianesimo\" data-kale-share-url=\"https:\/\/blog.holyart.it\/it\/?p=14508\" \/><\/div>\n<div class=\"blocco-contenuto\">\n<div class=\"blocco-acquista\">Acquista su Holyart:<\/div>\n<div class=\"blocco-titolo\"><a href=\"https:\/\/www.holyart.it\/it\/articoli-religiosi\/icone-sacre\/icone-romania-dipinte\/icona-santo-stefano-dipinta-romania\">Icona Santo Stefano dipinta Romania<\/a><\/div>\n<div class=\"blocco-descrizione\">Icona rumena, realizzata secondo le antiche norme iconografiche ortodosse, fatta da artigiani e dipinta a mano.<\/div>\n<\/div>\n<\/div>\n<h2>Perch\u00e8 si festeggia Santo Stefano?<\/h2>\n<p>Non \u00e8 un caso se la festa di Santo Stefano cade cos\u00ec a ridosso del <a href=\"https:\/\/www.holyart.it\/it\/natale\"><strong>Natale<\/strong><\/a>. Anticamente si decise di far seguire al giorno dedicato ai festeggiamenti per la nascita di Ges\u00f9 altri giorni di festa che celebrassero la memoria di uomini che gli furono particolarmente vicini, o perch\u00e9 lo conobbero, o perch\u00e9 ebbero un qualche ruolo nella diffusione della Sua parola. Si tratta dei <strong>Comites Christi<\/strong>, il &#8220;seguito di Cristo&#8221;, perch\u00e9 nel Medioevo si immaginava che questo gruppo di Santi costituisse il corteo d&#8217;onore venuto a celebrare Ges\u00f9 Bambino. Questa tradizione aveva molta presa sulla devozione popolare.<\/p>\n<div class=\"link-product\">\n<div class=\"blocco-immagine\"><img loading=\"lazy\" decoding=\"async\" class=\"size-full wp-image-14515 alignleft\" src=\"https:\/\/blog.holyart.it\/it\/wp-content\/uploads\/sites\/17\/2021\/12\/set-4-candele-rosse-per-lavvento-15x8-cm.jpg\" alt=\"set-4-candele-rosse-per-lavvento-15x8-cm\" width=\"100\" height=\"100\" data-kale-share-title=\"Santo Stefano: il primo martire del cristianesimo\" data-kale-share-url=\"https:\/\/blog.holyart.it\/it\/?p=14508\" \/><\/div>\n<div class=\"blocco-contenuto\">\n<div class=\"blocco-acquista\">Acquista su Holyart:<\/div>\n<div class=\"blocco-titolo\"><a href=\"https:\/\/www.holyart.it\/it\/natale\/decori-natalizi-per-la-casa\/candele-natalizie\">Candele natalizie<\/a><\/div>\n<div class=\"blocco-descrizione\">Categoria dedicata alle candele di Natale per profumare la tua casa.<\/div>\n<\/div>\n<\/div>\n<p>I Comites Christi vengono ricordati nella cosiddetta <strong>Ottava di Natale<\/strong>, gli otto giorni che dividono il 25 dicembre dal 1\u00ba gennaio. In particolare, i tre giorni immediatamente successivi al Natale sono dedicati a:<\/p>\n<ul>\n<li>Santo Stefano protomartire (26 dicembre);<\/li>\n<li>San Giovanni Apostolo ed Evangelista, l&#8217;apostolo prediletto di Cristo (27 dicembre);<\/li>\n<li>Santi Innocenti martiri, ovvero i bambini fatti uccidere da Erode (28 dicembre).<\/li>\n<\/ul>\n<p>Anticamente anche la festa <a href=\"https:\/\/www.holyart.it\/blog\/santi-e-beati\/san-pietro-e-paolo-perche-vengono-festeggiati-insieme\/\"><strong>San Pietro e San Paolo apostoli<\/strong><\/a> aveva luogo nella settimana dopo il Natale, ma in seguito \u00e8 stata trasferita al 29 giugno.<\/p>\n<div class=\"link-article\">\n<p><img loading=\"lazy\" decoding=\"async\" class=\"size-full wp-image-14511 alignleft\" src=\"https:\/\/blog.holyart.it\/it\/wp-content\/uploads\/sites\/17\/2021\/12\/santi-pietro-e-paolo.jpg\" alt=\"santi-pietro-e-paolo\" width=\"150\" height=\"99\" data-kale-share-title=\"Santo Stefano: il primo martire del cristianesimo\" data-kale-share-url=\"https:\/\/blog.holyart.it\/it\/?p=14508\" \/><\/p>\n<div class=\"leggi-anche\">Leggi anche:<\/div>\n<p><strong><a href=\"https:\/\/www.holyart.it\/blog\/santi-e-beati\/san-pietro-e-paolo-perche-vengono-festeggiati-insieme\/\">San Pietro e Paolo, perch\u00e9 vengono festeggiati insieme?<\/a><\/strong><br \/>\nIl 29 giugno si festeggiano San Pietro e Paolo. Due apostoli, due uomini diversissimi tra loro, ma entrambi fondamentali per la storia della Chiesa&#8230;<\/p>\n<\/div>\n<h2>Perch\u00e9 il giorno di Santo Stefano \u00e8 festivo?<\/h2>\n<p>Dal 1947 il 26 dicembre in Italia \u00e8 un giorno festivo. Questo perch\u00e9 si \u00e8 voluto allungare le feste di Natale di un giorno. Il fatto che tale data coincida con la memoria liturgica di Santo Stefano martire non ha legame con questa decisione, per quanto la devozione al giovane diacono sia stata molto sentita fin dall&#8217;antichit\u00e0.<\/p>\n","protected":false},"excerpt":{"rendered":"<p>Il 26 dicembre si festeggia Santo Stefano, il primo cristiano a dare la vita in nome della fede in Cristo. Ecco la sua storia Per molti Santo Stefano \u00e8 solo un altro giorno di festa, meno frenetico della Vigilia, meno impegnativo del Natale. Ci si&hellip;<\/p>\n","protected":false},"author":1,"featured_media":14516,"comment_status":"closed","ping_status":"open","sticky":false,"template":"","format":"standard","meta":{"_acf_changed":false,"footnotes":""},"categories":[18],"tags":[],"class_list":["post-14508","post","type-post","status-publish","format-standard","has-post-thumbnail","hentry","category-natale"],"acf":[],"yoast_head":"<!-- This site is optimized with the Yoast SEO plugin v26.6 - https:\/\/yoast.com\/wordpress\/plugins\/seo\/ -->\n<title>Santo Stefano: il primo martire del cristianesimo - Holyblog<\/title>\n<meta name=\"description\" content=\"Santo Stefano Protomartire fu il primo uomo a testimoniare il proprio credo e l&#039;amore per il Vangelo e Ges\u00f9 a costo della vita. \u00c8 ricordato il 26 dicembre\" \/>\n<meta name=\"robots\" content=\"index, follow, max-snippet:-1, max-image-preview:large, max-video-preview:-1\" \/>\n<link rel=\"canonical\" href=\"https:\/\/blog.holyart.it\/it\/natale\/santo-stefano-il-primo-martire-del-cristianesimo\/\" \/>\n<meta property=\"og:locale\" content=\"it_IT\" \/>\n<meta property=\"og:type\" content=\"article\" \/>\n<meta property=\"og:title\" content=\"Santo Stefano: il primo martire del cristianesimo - Holyblog\" \/>\n<meta property=\"og:description\" content=\"Santo Stefano Protomartire fu il primo uomo a testimoniare il proprio credo e l&#039;amore per il Vangelo e Ges\u00f9 a costo della vita. \u00c8 ricordato il 26 dicembre\" \/>\n<meta property=\"og:url\" content=\"https:\/\/blog.holyart.it\/it\/natale\/santo-stefano-il-primo-martire-del-cristianesimo\/\" \/>\n<meta property=\"og:site_name\" content=\"Holyblog\" \/>\n<meta property=\"article:published_time\" content=\"2021-12-26T11:30:54+00:00\" \/>\n<meta property=\"article:modified_time\" content=\"2025-12-18T11:14:28+00:00\" \/>\n<meta property=\"og:image\" content=\"https:\/\/blog.holyart.it\/it\/wp-content\/uploads\/sites\/17\/2021\/12\/santo-stefano-martire.jpg\" \/>\n\t<meta property=\"og:image:width\" content=\"1000\" \/>\n\t<meta property=\"og:image:height\" content=\"666\" \/>\n\t<meta property=\"og:image:type\" content=\"image\/jpeg\" \/>\n<meta name=\"author\" content=\"Redazione\" \/>\n<meta name=\"twitter:card\" content=\"summary_large_image\" \/>\n<meta name=\"twitter:label1\" content=\"Scritto da\" \/>\n\t<meta name=\"twitter:data1\" content=\"Redazione\" \/>\n\t<meta name=\"twitter:label2\" content=\"Tempo di lettura stimato\" \/>\n\t<meta name=\"twitter:data2\" content=\"7 minuti\" \/>\n<script type=\"application\/ld+json\" class=\"yoast-schema-graph\">{\"@context\":\"https:\/\/schema.org\",\"@graph\":[{\"@type\":\"Article\",\"@id\":\"https:\/\/blog.holyart.it\/it\/natale\/santo-stefano-il-primo-martire-del-cristianesimo\/#article\",\"isPartOf\":{\"@id\":\"https:\/\/blog.holyart.it\/it\/natale\/santo-stefano-il-primo-martire-del-cristianesimo\/\"},\"author\":{\"name\":\"Redazione\",\"@id\":\"https:\/\/blog.holyart.it\/it\/#\/schema\/person\/0a7b686e5af0f856ec1e390dd0baecda\"},\"headline\":\"Santo Stefano: il primo martire del cristianesimo\",\"datePublished\":\"2021-12-26T11:30:54+00:00\",\"dateModified\":\"2025-12-18T11:14:28+00:00\",\"mainEntityOfPage\":{\"@id\":\"https:\/\/blog.holyart.it\/it\/natale\/santo-stefano-il-primo-martire-del-cristianesimo\/\"},\"wordCount\":1005,\"publisher\":{\"@id\":\"https:\/\/blog.holyart.it\/it\/#organization\"},\"image\":{\"@id\":\"https:\/\/blog.holyart.it\/it\/natale\/santo-stefano-il-primo-martire-del-cristianesimo\/#primaryimage\"},\"thumbnailUrl\":\"https:\/\/blog.holyart.it\/it\/wp-content\/uploads\/sites\/17\/2021\/12\/santo-stefano-martire.jpg\",\"articleSection\":[\"Natale\"],\"inLanguage\":\"it-IT\"},{\"@type\":\"WebPage\",\"@id\":\"https:\/\/blog.holyart.it\/it\/natale\/santo-stefano-il-primo-martire-del-cristianesimo\/\",\"url\":\"https:\/\/blog.holyart.it\/it\/natale\/santo-stefano-il-primo-martire-del-cristianesimo\/\",\"name\":\"Santo Stefano: il primo martire del cristianesimo - Holyblog\",\"isPartOf\":{\"@id\":\"https:\/\/blog.holyart.it\/it\/#website\"},\"primaryImageOfPage\":{\"@id\":\"https:\/\/blog.holyart.it\/it\/natale\/santo-stefano-il-primo-martire-del-cristianesimo\/#primaryimage\"},\"image\":{\"@id\":\"https:\/\/blog.holyart.it\/it\/natale\/santo-stefano-il-primo-martire-del-cristianesimo\/#primaryimage\"},\"thumbnailUrl\":\"https:\/\/blog.holyart.it\/it\/wp-content\/uploads\/sites\/17\/2021\/12\/santo-stefano-martire.jpg\",\"datePublished\":\"2021-12-26T11:30:54+00:00\",\"dateModified\":\"2025-12-18T11:14:28+00:00\",\"description\":\"Santo Stefano Protomartire fu il primo uomo a testimoniare il proprio credo e l'amore per il Vangelo e Ges\u00f9 a costo della vita. \u00c8 ricordato il 26 dicembre\",\"breadcrumb\":{\"@id\":\"https:\/\/blog.holyart.it\/it\/natale\/santo-stefano-il-primo-martire-del-cristianesimo\/#breadcrumb\"},\"inLanguage\":\"it-IT\",\"potentialAction\":[{\"@type\":\"ReadAction\",\"target\":[\"https:\/\/blog.holyart.it\/it\/natale\/santo-stefano-il-primo-martire-del-cristianesimo\/\"]}]},{\"@type\":\"ImageObject\",\"inLanguage\":\"it-IT\",\"@id\":\"https:\/\/blog.holyart.it\/it\/natale\/santo-stefano-il-primo-martire-del-cristianesimo\/#primaryimage\",\"url\":\"https:\/\/blog.holyart.it\/it\/wp-content\/uploads\/sites\/17\/2021\/12\/santo-stefano-martire.jpg\",\"contentUrl\":\"https:\/\/blog.holyart.it\/it\/wp-content\/uploads\/sites\/17\/2021\/12\/santo-stefano-martire.jpg\",\"width\":1000,\"height\":666,\"caption\":\"santo stefano martire\"},{\"@type\":\"BreadcrumbList\",\"@id\":\"https:\/\/blog.holyart.it\/it\/natale\/santo-stefano-il-primo-martire-del-cristianesimo\/#breadcrumb\",\"itemListElement\":[{\"@type\":\"ListItem\",\"position\":1,\"name\":\"Homepage\",\"item\":\"https:\/\/blog.holyart.it\/it\/\"},{\"@type\":\"ListItem\",\"position\":2,\"name\":\"Natale\",\"item\":\"https:\/\/blog.holyart.it\/it\/natale\/\"},{\"@type\":\"ListItem\",\"position\":3,\"name\":\"Santo Stefano: il primo martire del cristianesimo\"}]},{\"@type\":\"WebSite\",\"@id\":\"https:\/\/blog.holyart.it\/it\/#website\",\"url\":\"https:\/\/blog.holyart.it\/it\/\",\"name\":\"Holyblog\",\"description\":\"Il Blog di Holyart.it\",\"publisher\":{\"@id\":\"https:\/\/blog.holyart.it\/it\/#organization\"},\"potentialAction\":[{\"@type\":\"SearchAction\",\"target\":{\"@type\":\"EntryPoint\",\"urlTemplate\":\"https:\/\/blog.holyart.it\/it\/?s={search_term_string}\"},\"query-input\":{\"@type\":\"PropertyValueSpecification\",\"valueRequired\":true,\"valueName\":\"search_term_string\"}}],\"inLanguage\":\"it-IT\"},{\"@type\":\"Organization\",\"@id\":\"https:\/\/blog.holyart.it\/it\/#organization\",\"name\":\"Holyblog\",\"url\":\"https:\/\/blog.holyart.it\/it\/\",\"logo\":{\"@type\":\"ImageObject\",\"inLanguage\":\"it-IT\",\"@id\":\"https:\/\/blog.holyart.it\/it\/#\/schema\/logo\/image\/\",\"url\":\"https:\/\/blog.holyart.it\/it\/wp-content\/uploads\/sites\/17\/2022\/12\/Holyart_Blog_Logo.jpg\",\"contentUrl\":\"https:\/\/blog.holyart.it\/it\/wp-content\/uploads\/sites\/17\/2022\/12\/Holyart_Blog_Logo.jpg\",\"width\":300,\"height\":50,\"caption\":\"Holyblog\"},\"image\":{\"@id\":\"https:\/\/blog.holyart.it\/it\/#\/schema\/logo\/image\/\"}},{\"@type\":\"Person\",\"@id\":\"https:\/\/blog.holyart.it\/it\/#\/schema\/person\/0a7b686e5af0f856ec1e390dd0baecda\",\"name\":\"Redazione\"}]}<\/script>\n<!-- \/ Yoast SEO plugin. -->","yoast_head_json":{"title":"Santo Stefano: il primo martire del cristianesimo - Holyblog","description":"Santo Stefano Protomartire fu il primo uomo a testimoniare il proprio credo e l'amore per il Vangelo e Ges\u00f9 a costo della vita. \u00c8 ricordato il 26 dicembre","robots":{"index":"index","follow":"follow","max-snippet":"max-snippet:-1","max-image-preview":"max-image-preview:large","max-video-preview":"max-video-preview:-1"},"canonical":"https:\/\/blog.holyart.it\/it\/natale\/santo-stefano-il-primo-martire-del-cristianesimo\/","og_locale":"it_IT","og_type":"article","og_title":"Santo Stefano: il primo martire del cristianesimo - Holyblog","og_description":"Santo Stefano Protomartire fu il primo uomo a testimoniare il proprio credo e l'amore per il Vangelo e Ges\u00f9 a costo della vita. \u00c8 ricordato il 26 dicembre","og_url":"https:\/\/blog.holyart.it\/it\/natale\/santo-stefano-il-primo-martire-del-cristianesimo\/","og_site_name":"Holyblog","article_published_time":"2021-12-26T11:30:54+00:00","article_modified_time":"2025-12-18T11:14:28+00:00","og_image":[{"width":1000,"height":666,"url":"https:\/\/blog.holyart.it\/it\/wp-content\/uploads\/sites\/17\/2021\/12\/santo-stefano-martire.jpg","type":"image\/jpeg"}],"author":"Redazione","twitter_card":"summary_large_image","twitter_misc":{"Scritto da":"Redazione","Tempo di lettura stimato":"7 minuti"},"schema":{"@context":"https:\/\/schema.org","@graph":[{"@type":"Article","@id":"https:\/\/blog.holyart.it\/it\/natale\/santo-stefano-il-primo-martire-del-cristianesimo\/#article","isPartOf":{"@id":"https:\/\/blog.holyart.it\/it\/natale\/santo-stefano-il-primo-martire-del-cristianesimo\/"},"author":{"name":"Redazione","@id":"https:\/\/blog.holyart.it\/it\/#\/schema\/person\/0a7b686e5af0f856ec1e390dd0baecda"},"headline":"Santo Stefano: il primo martire del cristianesimo","datePublished":"2021-12-26T11:30:54+00:00","dateModified":"2025-12-18T11:14:28+00:00","mainEntityOfPage":{"@id":"https:\/\/blog.holyart.it\/it\/natale\/santo-stefano-il-primo-martire-del-cristianesimo\/"},"wordCount":1005,"publisher":{"@id":"https:\/\/blog.holyart.it\/it\/#organization"},"image":{"@id":"https:\/\/blog.holyart.it\/it\/natale\/santo-stefano-il-primo-martire-del-cristianesimo\/#primaryimage"},"thumbnailUrl":"https:\/\/blog.holyart.it\/it\/wp-content\/uploads\/sites\/17\/2021\/12\/santo-stefano-martire.jpg","articleSection":["Natale"],"inLanguage":"it-IT"},{"@type":"WebPage","@id":"https:\/\/blog.holyart.it\/it\/natale\/santo-stefano-il-primo-martire-del-cristianesimo\/","url":"https:\/\/blog.holyart.it\/it\/natale\/santo-stefano-il-primo-martire-del-cristianesimo\/","name":"Santo Stefano: il primo martire del cristianesimo - Holyblog","isPartOf":{"@id":"https:\/\/blog.holyart.it\/it\/#website"},"primaryImageOfPage":{"@id":"https:\/\/blog.holyart.it\/it\/natale\/santo-stefano-il-primo-martire-del-cristianesimo\/#primaryimage"},"image":{"@id":"https:\/\/blog.holyart.it\/it\/natale\/santo-stefano-il-primo-martire-del-cristianesimo\/#primaryimage"},"thumbnailUrl":"https:\/\/blog.holyart.it\/it\/wp-content\/uploads\/sites\/17\/2021\/12\/santo-stefano-martire.jpg","datePublished":"2021-12-26T11:30:54+00:00","dateModified":"2025-12-18T11:14:28+00:00","description":"Santo Stefano Protomartire fu il primo uomo a testimoniare il proprio credo e l'amore per il Vangelo e Ges\u00f9 a costo della vita. \u00c8 ricordato il 26 dicembre","breadcrumb":{"@id":"https:\/\/blog.holyart.it\/it\/natale\/santo-stefano-il-primo-martire-del-cristianesimo\/#breadcrumb"},"inLanguage":"it-IT","potentialAction":[{"@type":"ReadAction","target":["https:\/\/blog.holyart.it\/it\/natale\/santo-stefano-il-primo-martire-del-cristianesimo\/"]}]},{"@type":"ImageObject","inLanguage":"it-IT","@id":"https:\/\/blog.holyart.it\/it\/natale\/santo-stefano-il-primo-martire-del-cristianesimo\/#primaryimage","url":"https:\/\/blog.holyart.it\/it\/wp-content\/uploads\/sites\/17\/2021\/12\/santo-stefano-martire.jpg","contentUrl":"https:\/\/blog.holyart.it\/it\/wp-content\/uploads\/sites\/17\/2021\/12\/santo-stefano-martire.jpg","width":1000,"height":666,"caption":"santo stefano martire"},{"@type":"BreadcrumbList","@id":"https:\/\/blog.holyart.it\/it\/natale\/santo-stefano-il-primo-martire-del-cristianesimo\/#breadcrumb","itemListElement":[{"@type":"ListItem","position":1,"name":"Homepage","item":"https:\/\/blog.holyart.it\/it\/"},{"@type":"ListItem","position":2,"name":"Natale","item":"https:\/\/blog.holyart.it\/it\/natale\/"},{"@type":"ListItem","position":3,"name":"Santo Stefano: il primo martire del cristianesimo"}]},{"@type":"WebSite","@id":"https:\/\/blog.holyart.it\/it\/#website","url":"https:\/\/blog.holyart.it\/it\/","name":"Holyblog","description":"Il Blog di Holyart.it","publisher":{"@id":"https:\/\/blog.holyart.it\/it\/#organization"},"potentialAction":[{"@type":"SearchAction","target":{"@type":"EntryPoint","urlTemplate":"https:\/\/blog.holyart.it\/it\/?s={search_term_string}"},"query-input":{"@type":"PropertyValueSpecification","valueRequired":true,"valueName":"search_term_string"}}],"inLanguage":"it-IT"},{"@type":"Organization","@id":"https:\/\/blog.holyart.it\/it\/#organization","name":"Holyblog","url":"https:\/\/blog.holyart.it\/it\/","logo":{"@type":"ImageObject","inLanguage":"it-IT","@id":"https:\/\/blog.holyart.it\/it\/#\/schema\/logo\/image\/","url":"https:\/\/blog.holyart.it\/it\/wp-content\/uploads\/sites\/17\/2022\/12\/Holyart_Blog_Logo.jpg","contentUrl":"https:\/\/blog.holyart.it\/it\/wp-content\/uploads\/sites\/17\/2022\/12\/Holyart_Blog_Logo.jpg","width":300,"height":50,"caption":"Holyblog"},"image":{"@id":"https:\/\/blog.holyart.it\/it\/#\/schema\/logo\/image\/"}},{"@type":"Person","@id":"https:\/\/blog.holyart.it\/it\/#\/schema\/person\/0a7b686e5af0f856ec1e390dd0baecda","name":"Redazione"}]}},"_links":{"self":[{"href":"https:\/\/blog.holyart.it\/it\/wp-json\/wp\/v2\/posts\/14508","targetHints":{"allow":["GET"]}}],"collection":[{"href":"https:\/\/blog.holyart.it\/it\/wp-json\/wp\/v2\/posts"}],"about":[{"href":"https:\/\/blog.holyart.it\/it\/wp-json\/wp\/v2\/types\/post"}],"author":[{"embeddable":true,"href":"https:\/\/blog.holyart.it\/it\/wp-json\/wp\/v2\/users\/1"}],"replies":[{"embeddable":true,"href":"https:\/\/blog.holyart.it\/it\/wp-json\/wp\/v2\/comments?post=14508"}],"version-history":[{"count":1,"href":"https:\/\/blog.holyart.it\/it\/wp-json\/wp\/v2\/posts\/14508\/revisions"}],"predecessor-version":[{"id":18977,"href":"https:\/\/blog.holyart.it\/it\/wp-json\/wp\/v2\/posts\/14508\/revisions\/18977"}],"wp:featuredmedia":[{"embeddable":true,"href":"https:\/\/blog.holyart.it\/it\/wp-json\/wp\/v2\/media\/14516"}],"wp:attachment":[{"href":"https:\/\/blog.holyart.it\/it\/wp-json\/wp\/v2\/media?parent=14508"}],"wp:term":[{"taxonomy":"category","embeddable":true,"href":"https:\/\/blog.holyart.it\/it\/wp-json\/wp\/v2\/categories?post=14508"},{"taxonomy":"post_tag","embeddable":true,"href":"https:\/\/blog.holyart.it\/it\/wp-json\/wp\/v2\/tags?post=14508"}],"curies":[{"name":"wp","href":"https:\/\/api.w.org\/{rel}","templated":true}]}}