{"id":14421,"date":"2021-12-14T10:00:39","date_gmt":"2021-12-14T09:00:39","guid":{"rendered":"https:\/\/blog.holyart.it\/it\/?p=14421"},"modified":"2024-10-29T12:10:27","modified_gmt":"2024-10-29T11:10:27","slug":"come-allestire-un-presepe-le-risposte-alle-piu-frequenti-domande","status":"publish","type":"post","link":"https:\/\/blog.holyart.it\/it\/natale\/come-allestire-un-presepe-le-risposte-alle-piu-frequenti-domande\/","title":{"rendered":"Come allestire un presepe: le risposte alle pi\u00f9 frequenti domande"},"content":{"rendered":"<h4>Natale, tempo di Presepe, una tradizione antica e sempre attuale. Ecco le domande e le risposte su come allestire un Presepe in casa vostra<\/h4>\n\n<p>Non c&#8217;\u00e8 Natale senza Presepe. Questo \u00e8 un dato di fatto. Soprattutto per i credenti, per coloro i quali vivono questa Festa non solo da un punto di vista di tradizioni famigliari e atmosfere irripetibili, ma anche animati dalla <strong>fede<\/strong>, dal senso di <strong>meraviglia e attesa<\/strong> che ogni anno si ripete, nella rievocazione della nascita di Ges\u00f9, il Presepe assume un valore spirituale che va oltre una semplice usanza tramandata nel tempo. Nulla viene lasciato al caso quando si tratta di come allestire un Presepe, sia esso un <strong><a href=\"https:\/\/www.holyart.it\/blog\/natale\/costruire-il-presepe-secondo-consigli-di-esperti\/\">Presepe fai da te<\/a><\/strong> o uno acquistato: quali personaggi non possono mancare e come vanno disposti, dove posizionarlo, quando costruirlo e quanto smontarlo, e cos\u00ec via.<\/p>\n<p>Ecco una serie di domande e risposte per capire come costruire un Presepe in casa vostra, per celebrare ancora pi\u00f9 degnamente la <a href=\"https:\/\/www.holyart.it\/it\/natale\/nativita\"><strong>Nativit\u00e0<\/strong><\/a>.<\/p>\n<div class=\"link-product\">\n<div class=\"blocco-immagine\"><img loading=\"lazy\" decoding=\"async\" class=\"size-full wp-image-14422 alignleft\" src=\"https:\/\/blog.holyart.it\/it\/wp-content\/uploads\/sites\/17\/2021\/12\/banchetto-legno-verdura-in-terracotta-presepe.jpg\" alt=\"banchetto legno verdura in terracotta presepe\" width=\"100\" height=\"100\" data-kale-share-title=\"Come allestire un presepe: le risposte alle pi\u00f9 frequenti domande\" data-kale-share-url=\"https:\/\/blog.holyart.it\/it\/?p=14421\" \/><\/div>\n<div class=\"blocco-contenuto\">\n<div class=\"blocco-acquista\">Acquista su Holyart:<\/div>\n<div class=\"blocco-titolo\"><a href=\"https:\/\/www.holyart.it\/it\/natale\/presepe-fai-da-te-e-miniature\">Presepe Fai da Te e Miniature<\/a><\/div>\n<div class=\"blocco-descrizione\">Accessori utili per costruire e personalizzare passo dopo passo il presepe.<\/div>\n<\/div>\n<\/div>\n<h2>Quando \u00e8 stato realizzato il primo Presepe?<\/h2>\n<p>Abbiamo ricordato in un precedente articolo <a href=\"https:\/\/www.holyart.it\/blog\/natale\/il-presepe-di-greccio-il-presepe-di-san-francesco\/\"><strong>il primo Presepe di San Francesco<\/strong><\/a>. Era il 1223 e il poverello di Assisi, tornando da Roma dove il Papa aveva confermato la regola francescana, lungo il cammino si ferm\u00f2 a <strong>Greccio<\/strong>, un paesino vicino a Rieti. Qui sorgevano delle grotte che gli ricordarono il suo viaggio in Terra Santa e ispirato da questa visione decise di allestire <strong>il primo Presepe della storia<\/strong>, per mostrare alla gente del luogo come fosse stata la nascita di nostro Signore, in una grotta al freddo, scaldato unicamente dal fiato di una bue e un asino che alitavano nella mangiatoia in cui era stato deposto. Nacque cos\u00ec il primo Presepe vivente, che attir\u00f2 subito una folla di fedeli raccolti la notte di Natale per celebrare la nascita di Ges\u00f9 e ricevere l&#8217;Eucarestia.<\/p>\n<div class=\"link-article\">\n<p><img loading=\"lazy\" decoding=\"async\" class=\"size-full wp-image-14423 alignleft\" src=\"https:\/\/blog.holyart.it\/it\/wp-content\/uploads\/sites\/17\/2021\/12\/Il-presepe-di-Greccio.jpg\" alt=\"Il presepe di Greccio\" width=\"150\" height=\"97\" data-kale-share-title=\"Come allestire un presepe: le risposte alle pi\u00f9 frequenti domande\" data-kale-share-url=\"https:\/\/blog.holyart.it\/it\/?p=14421\" \/><\/p>\n<div class=\"leggi-anche\">Leggi anche:<\/div>\n<p><strong><a href=\"https:\/\/www.holyart.it\/blog\/natale\/il-presepe-di-greccio-il-presepe-di-san-francesco\/\">Il presepe di Greccio: il presepe di San Francesco<\/a><\/strong><br \/>\nQual \u00e8 la storia del presepe? Da dove viene questa tradizione che ogni anno viviamo? Ecco la storia del primo presepe&#8230;<\/p>\n<\/div>\n<h2>Quando si fa il Presepe?<\/h2>\n<p>La tradizione vuole che il Presepe venga allestito <strong>entro met\u00e0 dicembre<\/strong>, quindi durante <strong><a href=\"https:\/\/www.holyart.it\/blog\/natale\/il-tempo-di-avvento\/\">il tempo dell&#8217;Avvento<\/a><\/strong>. Di solito molti approfittano dell&#8217;<strong>8 dicembre<\/strong>, quando si celebra l&#8217;<strong><a href=\"https:\/\/www.holyart.it\/blog\/santi-e-beati\/limmacolata-concezione-della-vergine-maria\/\">Immacolata concezione di Maria<\/a><\/strong>, approfittando del giorno festivo. In alcune zone invece il Presepe deve essere gi\u00e0 pronto entro <strong>il \u00a029 novembre<\/strong>, quando comincia la Novena dell\u2019Immacolata. In realt\u00e0 non c&#8217;\u00e8 fretta, purch\u00e9 siate pronti per il <strong>25 dicembre<\/strong>. Naturalmente, se avete intenzione di costruire da soli il vostro Presepe fatto in casa sar\u00e0 opportuno muovervi per tempo e magari aiutarvi con una della nostre agili guide su <strong><a href=\"https:\/\/www.holyart.it\/blog\/natale\/come-costruire-un-presepe-fai-da-te-mini-guida\/\">come fare un Presepe fai da te<\/a><\/strong>.<\/p>\n<div class=\"link-article\">\n<p><img loading=\"lazy\" decoding=\"async\" class=\"size-full wp-image-14424 alignleft\" src=\"https:\/\/blog.holyart.it\/it\/wp-content\/uploads\/sites\/17\/2021\/12\/presepe-fai-da-te.jpg\" alt=\"presepe fai da te\" width=\"150\" height=\"99\" data-kale-share-title=\"Come allestire un presepe: le risposte alle pi\u00f9 frequenti domande\" data-kale-share-url=\"https:\/\/blog.holyart.it\/it\/?p=14421\" \/><\/p>\n<div class=\"leggi-anche\">Leggi anche:<\/div>\n<p><strong><a href=\"https:\/\/www.holyart.it\/blog\/natale\/come-costruire-un-presepe-fai-da-te-mini-guida\/\">Come costruire un presepe fai da te: mini guida<\/a><\/strong><br \/>\nSi torna a parlare di Natale. Luci, alberi addobbati, tutti i simboli che tanto amiamo, che ci confortano il cuore con la speranza&#8230;<\/p>\n<\/div>\n<h2>Dove posizionare il presepe in casa?<\/h2>\n<p>Quando si pensa a come allestire un Presepe, la prima cosa a cui occorre pensare \u00e8 <strong>dove abbiamo intenzione di realizzarlo<\/strong>. Esistono infinite soluzioni, pi\u00f9 o meno fantasiose, idee Presepe di ogni dimensione e per tutte le tasche, da una stanza dedicata a un guscio di noce! In linea di massima, per un Presepe domestico di medie dimensioni, con elementi acquistati o fatti in casa, sar\u00e0 opportuno scegliere una <strong>posizione centrale<\/strong> rispetto alla casa, ma, nello stesso tempo, che non crei impedimenti allo svolgimento della normale vita quotidiana, come il salotto o la cucina. Dovremo tenere poi conto della <strong>presenza di bambini piccoli o animali<\/strong>, e quindi scegliere uno spazio che possa essere protetto e reso inaccessibile. Infine, dovremo considerare l&#8217;<a href=\"https:\/\/www.holyart.it\/it\/natale\/presepe-fai-da-te-e-miniature\/luci-presepe-e-lanterne\"><strong>illuminazione<\/strong><\/a>, naturale o artificiale che sia.<\/p>\n<div class=\"link-product\">\n<div class=\"blocco-immagine\"><img loading=\"lazy\" decoding=\"async\" class=\"size-full wp-image-14426 alignleft\" src=\"https:\/\/blog.holyart.it\/it\/wp-content\/uploads\/sites\/17\/2021\/12\/lampione-plastica-3.5-volt-luce-bianca-h-2-5-cm.jpg\" alt=\"lampione plastica 3.5 volt luce bianca h 2 5 cm\" width=\"100\" height=\"100\" data-kale-share-title=\"Come allestire un presepe: le risposte alle pi\u00f9 frequenti domande\" data-kale-share-url=\"https:\/\/blog.holyart.it\/it\/?p=14421\" \/><\/div>\n<div class=\"blocco-contenuto\">\n<div class=\"blocco-acquista\">Acquista su Holyart:<\/div>\n<div class=\"blocco-titolo\"><a href=\"https:\/\/www.holyart.it\/it\/natale\/presepe-fai-da-te-e-miniature\/luci-presepe-e-lanterne\">Luci presepe e lanterne<\/a><\/div>\n<div class=\"blocco-descrizione\">Tutto per l&#8217;illuminazione del presepe ed effetti luminosi per il presepe fai da te.<\/div>\n<\/div>\n<\/div>\n<h2>Perch\u00e9 si fa il presepe?<\/h2>\n<p>Come abbiamo gi\u00e0 spiegato, il Presepe \u00e8 una celebrazione della <a href=\"https:\/\/www.holyart.it\/it\/natale\/nativita\"><strong>nascita di Ges\u00f9<\/strong><\/a>. In pratica, per i cristiani, esprime tutta la volont\u00e0 di rinnovare a ogni Natale, anno dopo anno, secolo dopo secolo, il miracolo dell&#8217;incarnazione di Cristo che si \u00e8 fatto uomo in una fredda notte d&#8217;inverno per portare la speranza e la salvezza all&#8217;umanit\u00e0. Questo \u00e8 e rimane il vero senso del Presepe, al di l\u00e0 delle contaminazioni folkloriche, delle influenze apportate dalla devozione popolare, che pure hanno arricchito ancora di pi\u00f9 questa tradizione di un anelito spirituale e religioso che coinvolge adulti e bambini e ricrea ogni anno un clima di attesa e meraviglia nelle case e nei luoghi di culto dove i Presepi vengono allestiti.<\/p>\n<div class=\"link-product\">\n<div class=\"blocco-immagine\"><img loading=\"lazy\" decoding=\"async\" class=\"size-full wp-image-14427 alignleft\" src=\"https:\/\/blog.holyart.it\/it\/wp-content\/uploads\/sites\/17\/2021\/12\/nativita-legno-dipinto-val-gardena-mod.-notte-sacra.jpg\" alt=\"nativita legno dipinto val gardena mod. notte sacra\" width=\"100\" height=\"100\" data-kale-share-title=\"Come allestire un presepe: le risposte alle pi\u00f9 frequenti domande\" data-kale-share-url=\"https:\/\/blog.holyart.it\/it\/?p=14421\" \/><\/div>\n<div class=\"blocco-contenuto\">\n<div class=\"blocco-acquista\">Acquista su Holyart:<\/div>\n<div class=\"blocco-titolo\"><a href=\"https:\/\/www.holyart.it\/it\/natale\/nativita\">Nativit\u00e0<\/a><\/div>\n<div class=\"blocco-descrizione\">In questa categoria puoi trovare tantissime tipologie di Nativit\u00e0, opere originali di manifattura non soltanto italiana.<\/div>\n<\/div>\n<\/div>\n<h2>Perch\u00e9 Ges\u00f9 Bambino \u00e8 nato in una stalla?<\/h2>\n<p>I racconti riguardo la nascita di Ges\u00f9 nel Vangelo di Luca e in quello di Matteo non specificano dove sia nato davvero Ges\u00f9, se <strong>in una grotta, una capanna, o una stalla. <\/strong>Luca parla solo di una <strong>mangiatoia<\/strong>, nella quale il Santo Bambino sarebbe stato deposto subito dopo la nascita. Sappiamo poi che Giuseppe si era dovuto mettere in viaggio per Betlemme per adempiere ai suoi doveri in merito a un censimento indetto dall&#8217;Imperatore, e questo mentre Maria, sua sposa, era incinta. Non trovando alloggio per la notte, ed essendo Maria giunta al momento del parto, i due avrebbero trovato rifugio in un luogo in cui gli animali venivano sistemati per la notte, che nella Palestina del tempo erano indistintamente stalle o costruzioni di legno appoggiate o addirittura scavate nella roccia. Dunque indifferentemente una capanna o una grotta, la cosa davvero importante \u00e8 la presenza della mangiatoia. In realt\u00e0 il vero significato del perch\u00e9 Ges\u00f9 \u00e8 nato in un luogo cos\u00ec umile sta proprio nella volont\u00e0 degli evangelisti di porre la Sua venuta lontano dai palazzi del potere, dai luoghi in cui re e tetrarchi e imperatori stabilivano il destino degli uomini. Ges\u00f9 \u00e8 nato in una notte fredda e appena nato \u00e8 stato deposto in una mangiatoia, \u00e8 diventato carne e sangue nel pi\u00f9 umile dei contesti solo per noi, per salvarci dal male e dal peccato, per portarci la speranza della vita eterna. Anche per questo San Francesco decise di rievocare questo evento miracoloso facendo allestire il suo Presepe da gente semplice per gente semplice.<\/p>\n<h2>Quali personaggi non devono mancare?<\/h2>\n<p>Tutti i personaggi del Presepe hanno un significato particolare e unico, soprattutto quando parliamo del <a href=\"https:\/\/www.holyart.it\/it\/natale\/presepi\/presepe-napoletano\"><strong>Presepe napoletano<\/strong><\/a> con i suoi numerosissimi personaggi. Ma ci sono alcune <strong><a href=\"https:\/\/www.holyart.it\/blog\/natale\/10-personaggi-presepe-che-non-possono-mancare\/\">statuine del Presepe<\/a><\/strong> che proprio non posso mancare:<\/p>\n<ul>\n<li><strong>Giuseppe e Maria<\/strong>, archetipi del Padre e della Madre, simboli della sottomissione al volere divino;<\/li>\n<li><strong>il bue e l\u2019asinello<\/strong> che riscaldarono col loro fiato caldo il Bambino;<\/li>\n<li>i <strong>pastori<\/strong>, simbolo dell&#8217;umanit\u00e0 che accoglie la nascita di Ges\u00f9;<\/li>\n<li>i <strong>Re Magi<\/strong>, che simboleggiano le tre et\u00e0 dell&#8217;uomo e i tre continenti conosciuti a quel tempo, e che con i loro doni riconoscono la natura divina (incenso), umana (mirra) e regale (oro) di Ges\u00f9.<\/li>\n<\/ul>\n<div class=\"link-product\">\n<div class=\"blocco-immagine\"><img loading=\"lazy\" decoding=\"async\" class=\"size-full wp-image-14428 alignleft\" src=\"https:\/\/blog.holyart.it\/it\/wp-content\/uploads\/sites\/17\/2021\/12\/borgo-con-grotta-illuminato-presepe-napoli-37x28x34-cm.jpg\" alt=\"borgo con grotta illuminato presepe napoli 37x28x34 cm\" width=\"100\" height=\"100\" data-kale-share-title=\"Come allestire un presepe: le risposte alle pi\u00f9 frequenti domande\" data-kale-share-url=\"https:\/\/blog.holyart.it\/it\/?p=14421\" \/><\/div>\n<div class=\"blocco-contenuto\">\n<div class=\"blocco-acquista\">Acquista su Holyart:<\/div>\n<div class=\"blocco-titolo\"><a href=\"https:\/\/www.holyart.it\/it\/natale\/presepi\/presepe-napoletano\">Presepe Napoletano<\/a><\/div>\n<div class=\"blocco-descrizione\">Categoria dedicata ai presepi napoletani, statuine realizzate completamente a mano in Italia, a Napoli.<\/div>\n<\/div>\n<\/div>\n<h2>Dove posizionare la Nativit\u00e0?<\/h2>\n<p><a href=\"https:\/\/www.holyart.it\/it\/natale\/scenografie-presepe\/capanne-presepe-e-grotte\"><strong>La grotta o la capanna della Nativit\u00e0<\/strong><\/a> deve occupare un luogo di <strong>primo piano<\/strong> nel nostro Presepe, dato che \u00e8 il fulcro intorno al quale si raccoglie l&#8217;intera scena. All&#8217;interno della capanna dovremo poi disporre la mangiatoia destinata ad accogliere il <strong><a href=\"https:\/\/www.holyart.it\/it\/natale\/statue-gesu-bambino\">Bambino Ges\u00f9<\/a><\/strong> al <strong>centro<\/strong>, con la <strong>Vergine Maria a destra di Ges\u00f9<\/strong> (dunque sulla sinistra per chi guarda), e <strong>San Giuseppe a sinistra<\/strong> (a destra per chi guarda). Questo ruolo predominante di Maria \u00e8 legato alla teologia mariana, per cui lei Madre di Ges\u00f9 e Madre della Chiesa.<\/p>\n<div class=\"link-product\">\n<div class=\"blocco-immagine\"><img loading=\"lazy\" decoding=\"async\" class=\"size-full wp-image-14429 alignleft\" src=\"https:\/\/blog.holyart.it\/it\/wp-content\/uploads\/sites\/17\/2021\/12\/san-giuseppe-19-cm-fontanini.jpg\" alt=\"san giuseppe 19 cm fontanini\" width=\"100\" height=\"100\" data-kale-share-title=\"Come allestire un presepe: le risposte alle pi\u00f9 frequenti domande\" data-kale-share-url=\"https:\/\/blog.holyart.it\/it\/?p=14421\" \/><\/div>\n<div class=\"blocco-contenuto\">\n<div class=\"blocco-acquista\">Acquista su Holyart:<\/div>\n<div class=\"blocco-titolo\"><a href=\"https:\/\/www.holyart.it\/it\/natale\/statue-per-presepi\">Statue per presepi<\/a><\/div>\n<div class=\"blocco-descrizione\">In questo reparto trovi statue per presepi di vari formati, dimensioni e materiali.<\/div>\n<\/div>\n<\/div>\n<h2>Come vanno posizionate le statuine?<\/h2>\n<p>La disposizione delle statuine dei personaggi del Presepe dipende molto dal gusto personale e anche da questioni geometriche. Se vogliamo realizzare un Presepe su pi\u00f9 piani, con diverse profondit\u00e0, dovremo mettere davanti le statuine pi\u00f9 grandi in nostro possesso, e metterle via via pi\u00f9 piccole man mano che andiamo verso il fondo, per dare un senso di realismo prospettico. Per quanto riguarda invece la tradizione e il simbolismo dei personaggi, <strong>i pastori e i contadini<\/strong> con i loro armenti, che simboleggiano i fedeli, vengono di solito posizionati <strong>a sinistra<\/strong> della capanna della Nativit\u00e0, insieme agli animali, simbolo di sacrificio. I <strong>Re Magi<\/strong> arriveranno invece da <strong>destra<\/strong>.<br \/>\nSulla <strong>parte superiore<\/strong> della scena troveranno posto Gabriele, l\u2019Angelo dell\u2019Annunciazione, insieme ad altri eventuali angeli, e la stella cometa, guida dei pastori e dei Re Magi a Betlemme, ma anche punto di unione tra cielo e terra.<\/p>\n<h2>Quando si aggiunge Ges\u00f9 Bambino?<\/h2>\n<p>La tradizione vuole che Ges\u00f9 Bambino venga posto nella mangiatoia a <strong>mezzanotte del 24 dicembre<\/strong>, notte della Vigilia. A posizionarlo dovrebbe essere il bambino pi\u00f9 piccolo di casa, o la persona pi\u00f9 anziana. In alternativa, si pu\u00f2 porre la statuina di Ges\u00f9 nella mangiatoia fin dall&#8217;inizio, coperta con un po&#8217;di carta o stoffa, e scoprirla la notte della Vigilia.<\/p>\n<div class=\"link-product\">\n<div class=\"blocco-immagine\"><img loading=\"lazy\" decoding=\"async\" class=\"size-full wp-image-14430 alignleft\" src=\"https:\/\/blog.holyart.it\/it\/wp-content\/uploads\/sites\/17\/2021\/12\/gesu-bambino-con-drappo-h-30-cm.jpg\" alt=\"gesu bambino con drappo h 30 cm\" width=\"100\" height=\"100\" data-kale-share-title=\"Come allestire un presepe: le risposte alle pi\u00f9 frequenti domande\" data-kale-share-url=\"https:\/\/blog.holyart.it\/it\/?p=14421\" \/><\/div>\n<div class=\"blocco-contenuto\">\n<div class=\"blocco-acquista\">Acquista su Holyart:<\/div>\n<div class=\"blocco-titolo\"><a href=\"https:\/\/www.holyart.it\/it\/natale\/statue-gesu-bambino\/gesu-bambino-con-drappo-h-30-cm\">Ges\u00f9 bambino con drappo h 30 cm<\/a><\/div>\n<div class=\"blocco-descrizione\">Statuetta creata in resina e dipinta a mano.<\/div>\n<\/div>\n<\/div>\n<h2>Cosa simboleggia la stella cometa?<\/h2>\n<p>La stella cometa nel Presepe corrisponde probabilmente a un vero fenomeno astronomico che ebbe luogo nei giorni immediatamente precedenti o successivi alla nascita di Ges\u00f9. Forse una congiunzione di pianeti,\u00a0una costellazione particolarmente luminosa, o la cometa di Halley. Tralasciando le spiegazioni scientifiche, nelle antiche profezie bibliche la stella era il<strong> simbolo dell&#8217;avvento del Messia<\/strong>, e la sua presenza nel cielo la notte della nascita di Ges\u00f9 confermerebbe la Sua identit\u00e0, soprattutto per i Magi che, conoscendo tali profezie, si misero in marcia proprio seguendo la stella. Ma anche i pastori vennero attratti dall&#8217;astro splendente fino alla capanna dove il Santo Bambino era appena nato.<\/p>\n<div class=\"link-product\">\n<div class=\"blocco-immagine\"><img loading=\"lazy\" decoding=\"async\" class=\"size-full wp-image-14431 alignleft\" src=\"https:\/\/blog.holyart.it\/it\/wp-content\/uploads\/sites\/17\/2021\/12\/stella-cometa-presepe-original-pastore-legno-dipinto-in-val-gardena-12-cm.jpg\" alt=\"stella cometa presepe original pastore legno dipinto in val gardena 12 cm\" width=\"100\" height=\"100\" data-kale-share-title=\"Come allestire un presepe: le risposte alle pi\u00f9 frequenti domande\" data-kale-share-url=\"https:\/\/blog.holyart.it\/it\/?p=14421\" \/><\/div>\n<div class=\"blocco-contenuto\">\n<div class=\"blocco-acquista\">Acquista su Holyart:<\/div>\n<div class=\"blocco-titolo\"><a href=\"https:\/\/www.holyart.it\/it\/natale\/presepi\/presepe-val-gardena\/stella-cometa-per-presepe-original-pastore-legno-dipinto-in-val-gardena-12-cm\">Stella cometa per presepe Val Gardena 12 cm<\/a><\/div>\n<div class=\"blocco-descrizione\">Stella cometa in legno d&#8217;acero dipinto con colori ad olio con prevalenza del colore oro.<\/div>\n<\/div>\n<\/div>\n<h2>Quando arrivano i Re Magi nel Presepe?<\/h2>\n<p>I Re Magi giunsero alla capanna di Betlemme il <strong>6 gennaio<\/strong>, la dodicesima notte dopo Natale, secondo la tradizione, ed \u00e8 in questa data, che coincide con l&#8217;Epifania, che devono essere posizionati accanto alla capanna della Nativit\u00e0. Secondo il Vangelo di Matteo essi si misero in viaggio ben prima della nascita di Ges\u00f9, lasciando l&#8217;Oriente alla volta di Gerusalemme per adorare il &#8220;Re dei Giudei&#8221; promesso dalle profezie e annunciato dall&#8217;apparizione in cielo di una stella folgorante.<\/p>\n<div class=\"link-product\">\n<div class=\"blocco-immagine\"><img loading=\"lazy\" decoding=\"async\" class=\"size-full wp-image-14432 alignleft\" src=\"https:\/\/blog.holyart.it\/it\/wp-content\/uploads\/sites\/17\/2021\/12\/magi-moranduzzo-3-pz-presepe-12-cm.jpg\" alt=\"magi moranduzzo 3 pz presepe 12 cm\" width=\"100\" height=\"100\" data-kale-share-title=\"Come allestire un presepe: le risposte alle pi\u00f9 frequenti domande\" data-kale-share-url=\"https:\/\/blog.holyart.it\/it\/?p=14421\" \/><\/div>\n<div class=\"blocco-contenuto\">\n<div class=\"blocco-acquista\">Acquista su Holyart:<\/div>\n<div class=\"blocco-titolo\"><a href=\"https:\/\/www.holyart.it\/it\/natale\/presepi\/presepe-moranduzzo\/magi-moranduzzo-3-pz-presepe-12-cm\">Magi Moranduzzo 3 pz presepe 12 cm<\/a><\/div>\n<div class=\"blocco-descrizione\">Statue del presepe realizzate in Italia dal marchio Moranduzzo.<\/div>\n<\/div>\n<\/div>\n<h2>Come vanno disposti i Re Magi?<\/h2>\n<p>I Re Magi vanno <strong>posizionati a destra<\/strong>, per lo spettatore, rispetto alla capanna della Nativit\u00e0, cos\u00ec come San Giuseppe e l&#8217;asino. In molti casi li si fa arrivare gradualmente, sulle loro cavalcature, e poi li si accosta via via di pi\u00f9 alla grotta, fino a posizionarli davanti alla mangiatoia la sera dell&#8217;Epifania.<\/p>\n<h2>Cosa portano in dono i Re Magi?<\/h2>\n<p>I Re Magi portano in dono <a href=\"https:\/\/www.holyart.it\/blog\/natale\/oro-incenso-e-mirra-perche-proprio-questi-doni-a-gesu-bambino\/\"><strong>oro, incenso e mirra<\/strong><\/a>, simboli rispettivamente della <strong>natura regale<\/strong> di Cristo (l&#8217;oro era un materiale molto prezioso riservato ai re), della Sua <strong>natura sacra<\/strong> (l&#8217;incenso veniva bruciato per onorare gli dei) e della Sua<strong> natura umana<\/strong> (la mirra veniva usata per profumare il corpo e i capelli degli uomini, oltre che per preparare i morti alla sepoltura).<\/p>\n<div class=\"link-article\">\n<p><img loading=\"lazy\" decoding=\"async\" class=\"size-full wp-image-14433 alignleft\" src=\"https:\/\/blog.holyart.it\/it\/wp-content\/uploads\/sites\/17\/2021\/12\/oro-incenso-e-mirra.jpeg\" alt=\"oro incenso e mirra\" width=\"150\" height=\"99\" data-kale-share-title=\"Come allestire un presepe: le risposte alle pi\u00f9 frequenti domande\" data-kale-share-url=\"https:\/\/blog.holyart.it\/it\/?p=14421\" \/><\/p>\n<div class=\"leggi-anche\">Leggi anche:<\/div>\n<p><strong><a href=\"https:\/\/www.holyart.it\/blog\/natale\/oro-incenso-e-mirra-perche-proprio-questi-doni-a-gesu-bambino\/\">Oro incenso e mirra: perch\u00e9 proprio questi doni a Ges\u00f9 Bambino<\/a><\/strong><br \/>\nI Re Magi, figure affascinanti e suggestive della tradizione di Natale, portarono in dono a Ges\u00f9 Bambino oro, incenso e mirra&#8230;<\/p>\n<\/div>\n<h2>Quando si toglie il presepe?<\/h2>\n<p>Ma quando si smonta il Presepe? Per tradizione andrebbe tolto il <strong>2 febbraio<\/strong>, <a href=\"https:\/\/www.holyart.it\/blog\/articoli-religiosi\/presentazione-di-gesu-al-tempio-fino-alla-festa-della-candelora\/\"><strong>giorno della Candelora<\/strong><\/a>, che celebra la presentazione di Ges\u00f9 al Tempio e sarebbe questa la vera fine delle feste natalizie. Infatti Maria non avrebbe potuto accompagnare prima il Suo Bambino al Tempio di Gerusalemme, perch\u00e9 secondo la legge ebraica una donna che partoriva un figlio maschio doveva attendere 40 giorni, prima di poter entrare nel Tempo e purificarsi.<\/p>\n<div class=\"link-article\">\n<p><img loading=\"lazy\" decoding=\"async\" class=\"size-full wp-image-14434 alignleft\" src=\"https:\/\/blog.holyart.it\/it\/wp-content\/uploads\/sites\/17\/2021\/12\/presentazione-di-Ges\u00f9-al-tempio.jpg\" alt=\"presentazione di Ges\u00f9 al tempio\" width=\"150\" height=\"99\" data-kale-share-title=\"Come allestire un presepe: le risposte alle pi\u00f9 frequenti domande\" data-kale-share-url=\"https:\/\/blog.holyart.it\/it\/?p=14421\" \/><\/p>\n<div class=\"leggi-anche\">Leggi anche:<\/div>\n<p><strong><a href=\"https:\/\/www.holyart.it\/blog\/articoli-religiosi\/presentazione-di-gesu-al-tempio-fino-alla-festa-della-candelora\/\">Presentazione di Ges\u00f9 al tempio fino alla festa della Candelora<\/a><\/strong><br \/>\nIl 2 febbraio si festeggia la presentazione di Ges\u00f9 al tempio. Conosciuta anche come festa della purificazione di Maria, o Candelora&#8230;<\/p>\n<\/div>\n","protected":false},"excerpt":{"rendered":"<p>Natale, tempo di Presepe, una tradizione antica e sempre attuale. Ecco le domande e le risposte su come allestire un Presepe in casa vostra Non c&#8217;\u00e8 Natale senza Presepe. Questo \u00e8 un dato di fatto. Soprattutto per i credenti, per coloro i quali vivono questa&hellip;<\/p>\n","protected":false},"author":1,"featured_media":14439,"comment_status":"closed","ping_status":"open","sticky":false,"template":"","format":"standard","meta":{"_acf_changed":false,"footnotes":""},"categories":[18],"tags":[],"class_list":["post-14421","post","type-post","status-publish","format-standard","has-post-thumbnail","hentry","category-natale"],"acf":[],"yoast_head":"<!-- This site is optimized with the Yoast SEO plugin v26.6 - https:\/\/yoast.com\/wordpress\/plugins\/seo\/ -->\n<title>Come allestire un presepe: le risposte alle pi\u00f9 frequenti domande<\/title>\n<meta name=\"description\" content=\"Natale, tempo di Presepe, una tradizione antica e sempre attuale. Ecco le domande e le risposte su come allestire un Presepe in casa vostra\" \/>\n<meta name=\"robots\" content=\"index, follow, max-snippet:-1, max-image-preview:large, max-video-preview:-1\" \/>\n<link rel=\"canonical\" href=\"https:\/\/blog.holyart.it\/it\/natale\/come-allestire-un-presepe-le-risposte-alle-piu-frequenti-domande\/\" \/>\n<meta property=\"og:locale\" content=\"it_IT\" \/>\n<meta property=\"og:type\" content=\"article\" \/>\n<meta property=\"og:title\" content=\"Come allestire un presepe: le risposte alle pi\u00f9 frequenti domande\" \/>\n<meta property=\"og:description\" content=\"Natale, tempo di Presepe, una tradizione antica e sempre attuale. Ecco le domande e le risposte su come allestire un Presepe in casa vostra\" \/>\n<meta property=\"og:url\" content=\"https:\/\/blog.holyart.it\/it\/natale\/come-allestire-un-presepe-le-risposte-alle-piu-frequenti-domande\/\" \/>\n<meta property=\"og:site_name\" content=\"Holyblog\" \/>\n<meta property=\"article:published_time\" content=\"2021-12-14T09:00:39+00:00\" \/>\n<meta property=\"article:modified_time\" content=\"2024-10-29T11:10:27+00:00\" \/>\n<meta property=\"og:image\" content=\"https:\/\/blog.holyart.it\/it\/wp-content\/uploads\/sites\/17\/2021\/12\/come-allestire-un-presepe.jpg\" \/>\n\t<meta property=\"og:image:width\" content=\"1000\" \/>\n\t<meta property=\"og:image:height\" content=\"666\" \/>\n\t<meta property=\"og:image:type\" content=\"image\/jpeg\" \/>\n<meta name=\"author\" content=\"Redazione\" \/>\n<meta name=\"twitter:card\" content=\"summary_large_image\" \/>\n<meta name=\"twitter:label1\" content=\"Scritto da\" \/>\n\t<meta name=\"twitter:data1\" content=\"Redazione\" \/>\n\t<meta name=\"twitter:label2\" content=\"Tempo di lettura stimato\" \/>\n\t<meta name=\"twitter:data2\" content=\"14 minuti\" \/>\n<script type=\"application\/ld+json\" class=\"yoast-schema-graph\">{\"@context\":\"https:\/\/schema.org\",\"@graph\":[{\"@type\":\"Article\",\"@id\":\"https:\/\/blog.holyart.it\/it\/natale\/come-allestire-un-presepe-le-risposte-alle-piu-frequenti-domande\/#article\",\"isPartOf\":{\"@id\":\"https:\/\/blog.holyart.it\/it\/natale\/come-allestire-un-presepe-le-risposte-alle-piu-frequenti-domande\/\"},\"author\":{\"name\":\"Redazione\",\"@id\":\"https:\/\/blog.holyart.it\/it\/#\/schema\/person\/0a7b686e5af0f856ec1e390dd0baecda\"},\"headline\":\"Come allestire un presepe: le risposte alle pi\u00f9 frequenti domande\",\"datePublished\":\"2021-12-14T09:00:39+00:00\",\"dateModified\":\"2024-10-29T11:10:27+00:00\",\"mainEntityOfPage\":{\"@id\":\"https:\/\/blog.holyart.it\/it\/natale\/come-allestire-un-presepe-le-risposte-alle-piu-frequenti-domande\/\"},\"wordCount\":2026,\"publisher\":{\"@id\":\"https:\/\/blog.holyart.it\/it\/#organization\"},\"image\":{\"@id\":\"https:\/\/blog.holyart.it\/it\/natale\/come-allestire-un-presepe-le-risposte-alle-piu-frequenti-domande\/#primaryimage\"},\"thumbnailUrl\":\"https:\/\/blog.holyart.it\/it\/wp-content\/uploads\/sites\/17\/2021\/12\/come-allestire-un-presepe.jpg\",\"articleSection\":[\"Natale\"],\"inLanguage\":\"it-IT\"},{\"@type\":\"WebPage\",\"@id\":\"https:\/\/blog.holyart.it\/it\/natale\/come-allestire-un-presepe-le-risposte-alle-piu-frequenti-domande\/\",\"url\":\"https:\/\/blog.holyart.it\/it\/natale\/come-allestire-un-presepe-le-risposte-alle-piu-frequenti-domande\/\",\"name\":\"Come allestire un presepe: le risposte alle pi\u00f9 frequenti domande\",\"isPartOf\":{\"@id\":\"https:\/\/blog.holyart.it\/it\/#website\"},\"primaryImageOfPage\":{\"@id\":\"https:\/\/blog.holyart.it\/it\/natale\/come-allestire-un-presepe-le-risposte-alle-piu-frequenti-domande\/#primaryimage\"},\"image\":{\"@id\":\"https:\/\/blog.holyart.it\/it\/natale\/come-allestire-un-presepe-le-risposte-alle-piu-frequenti-domande\/#primaryimage\"},\"thumbnailUrl\":\"https:\/\/blog.holyart.it\/it\/wp-content\/uploads\/sites\/17\/2021\/12\/come-allestire-un-presepe.jpg\",\"datePublished\":\"2021-12-14T09:00:39+00:00\",\"dateModified\":\"2024-10-29T11:10:27+00:00\",\"description\":\"Natale, tempo di Presepe, una tradizione antica e sempre attuale. Ecco le domande e le risposte su come allestire un Presepe in casa vostra\",\"breadcrumb\":{\"@id\":\"https:\/\/blog.holyart.it\/it\/natale\/come-allestire-un-presepe-le-risposte-alle-piu-frequenti-domande\/#breadcrumb\"},\"inLanguage\":\"it-IT\",\"potentialAction\":[{\"@type\":\"ReadAction\",\"target\":[\"https:\/\/blog.holyart.it\/it\/natale\/come-allestire-un-presepe-le-risposte-alle-piu-frequenti-domande\/\"]}]},{\"@type\":\"ImageObject\",\"inLanguage\":\"it-IT\",\"@id\":\"https:\/\/blog.holyart.it\/it\/natale\/come-allestire-un-presepe-le-risposte-alle-piu-frequenti-domande\/#primaryimage\",\"url\":\"https:\/\/blog.holyart.it\/it\/wp-content\/uploads\/sites\/17\/2021\/12\/come-allestire-un-presepe.jpg\",\"contentUrl\":\"https:\/\/blog.holyart.it\/it\/wp-content\/uploads\/sites\/17\/2021\/12\/come-allestire-un-presepe.jpg\",\"width\":1000,\"height\":666,\"caption\":\"come allestire un presepe\"},{\"@type\":\"BreadcrumbList\",\"@id\":\"https:\/\/blog.holyart.it\/it\/natale\/come-allestire-un-presepe-le-risposte-alle-piu-frequenti-domande\/#breadcrumb\",\"itemListElement\":[{\"@type\":\"ListItem\",\"position\":1,\"name\":\"Homepage\",\"item\":\"https:\/\/blog.holyart.it\/it\/\"},{\"@type\":\"ListItem\",\"position\":2,\"name\":\"Natale\",\"item\":\"https:\/\/blog.holyart.it\/it\/natale\/\"},{\"@type\":\"ListItem\",\"position\":3,\"name\":\"Come allestire un presepe: le risposte alle pi\u00f9 frequenti domande\"}]},{\"@type\":\"WebSite\",\"@id\":\"https:\/\/blog.holyart.it\/it\/#website\",\"url\":\"https:\/\/blog.holyart.it\/it\/\",\"name\":\"Holyblog\",\"description\":\"Il Blog di Holyart.it\",\"publisher\":{\"@id\":\"https:\/\/blog.holyart.it\/it\/#organization\"},\"potentialAction\":[{\"@type\":\"SearchAction\",\"target\":{\"@type\":\"EntryPoint\",\"urlTemplate\":\"https:\/\/blog.holyart.it\/it\/?s={search_term_string}\"},\"query-input\":{\"@type\":\"PropertyValueSpecification\",\"valueRequired\":true,\"valueName\":\"search_term_string\"}}],\"inLanguage\":\"it-IT\"},{\"@type\":\"Organization\",\"@id\":\"https:\/\/blog.holyart.it\/it\/#organization\",\"name\":\"Holyblog\",\"url\":\"https:\/\/blog.holyart.it\/it\/\",\"logo\":{\"@type\":\"ImageObject\",\"inLanguage\":\"it-IT\",\"@id\":\"https:\/\/blog.holyart.it\/it\/#\/schema\/logo\/image\/\",\"url\":\"https:\/\/blog.holyart.it\/it\/wp-content\/uploads\/sites\/17\/2022\/12\/Holyart_Blog_Logo.jpg\",\"contentUrl\":\"https:\/\/blog.holyart.it\/it\/wp-content\/uploads\/sites\/17\/2022\/12\/Holyart_Blog_Logo.jpg\",\"width\":300,\"height\":50,\"caption\":\"Holyblog\"},\"image\":{\"@id\":\"https:\/\/blog.holyart.it\/it\/#\/schema\/logo\/image\/\"}},{\"@type\":\"Person\",\"@id\":\"https:\/\/blog.holyart.it\/it\/#\/schema\/person\/0a7b686e5af0f856ec1e390dd0baecda\",\"name\":\"Redazione\"}]}<\/script>\n<!-- \/ Yoast SEO plugin. -->","yoast_head_json":{"title":"Come allestire un presepe: le risposte alle pi\u00f9 frequenti domande","description":"Natale, tempo di Presepe, una tradizione antica e sempre attuale. Ecco le domande e le risposte su come allestire un Presepe in casa vostra","robots":{"index":"index","follow":"follow","max-snippet":"max-snippet:-1","max-image-preview":"max-image-preview:large","max-video-preview":"max-video-preview:-1"},"canonical":"https:\/\/blog.holyart.it\/it\/natale\/come-allestire-un-presepe-le-risposte-alle-piu-frequenti-domande\/","og_locale":"it_IT","og_type":"article","og_title":"Come allestire un presepe: le risposte alle pi\u00f9 frequenti domande","og_description":"Natale, tempo di Presepe, una tradizione antica e sempre attuale. Ecco le domande e le risposte su come allestire un Presepe in casa vostra","og_url":"https:\/\/blog.holyart.it\/it\/natale\/come-allestire-un-presepe-le-risposte-alle-piu-frequenti-domande\/","og_site_name":"Holyblog","article_published_time":"2021-12-14T09:00:39+00:00","article_modified_time":"2024-10-29T11:10:27+00:00","og_image":[{"width":1000,"height":666,"url":"https:\/\/blog.holyart.it\/it\/wp-content\/uploads\/sites\/17\/2021\/12\/come-allestire-un-presepe.jpg","type":"image\/jpeg"}],"author":"Redazione","twitter_card":"summary_large_image","twitter_misc":{"Scritto da":"Redazione","Tempo di lettura stimato":"14 minuti"},"schema":{"@context":"https:\/\/schema.org","@graph":[{"@type":"Article","@id":"https:\/\/blog.holyart.it\/it\/natale\/come-allestire-un-presepe-le-risposte-alle-piu-frequenti-domande\/#article","isPartOf":{"@id":"https:\/\/blog.holyart.it\/it\/natale\/come-allestire-un-presepe-le-risposte-alle-piu-frequenti-domande\/"},"author":{"name":"Redazione","@id":"https:\/\/blog.holyart.it\/it\/#\/schema\/person\/0a7b686e5af0f856ec1e390dd0baecda"},"headline":"Come allestire un presepe: le risposte alle pi\u00f9 frequenti domande","datePublished":"2021-12-14T09:00:39+00:00","dateModified":"2024-10-29T11:10:27+00:00","mainEntityOfPage":{"@id":"https:\/\/blog.holyart.it\/it\/natale\/come-allestire-un-presepe-le-risposte-alle-piu-frequenti-domande\/"},"wordCount":2026,"publisher":{"@id":"https:\/\/blog.holyart.it\/it\/#organization"},"image":{"@id":"https:\/\/blog.holyart.it\/it\/natale\/come-allestire-un-presepe-le-risposte-alle-piu-frequenti-domande\/#primaryimage"},"thumbnailUrl":"https:\/\/blog.holyart.it\/it\/wp-content\/uploads\/sites\/17\/2021\/12\/come-allestire-un-presepe.jpg","articleSection":["Natale"],"inLanguage":"it-IT"},{"@type":"WebPage","@id":"https:\/\/blog.holyart.it\/it\/natale\/come-allestire-un-presepe-le-risposte-alle-piu-frequenti-domande\/","url":"https:\/\/blog.holyart.it\/it\/natale\/come-allestire-un-presepe-le-risposte-alle-piu-frequenti-domande\/","name":"Come allestire un presepe: le risposte alle pi\u00f9 frequenti domande","isPartOf":{"@id":"https:\/\/blog.holyart.it\/it\/#website"},"primaryImageOfPage":{"@id":"https:\/\/blog.holyart.it\/it\/natale\/come-allestire-un-presepe-le-risposte-alle-piu-frequenti-domande\/#primaryimage"},"image":{"@id":"https:\/\/blog.holyart.it\/it\/natale\/come-allestire-un-presepe-le-risposte-alle-piu-frequenti-domande\/#primaryimage"},"thumbnailUrl":"https:\/\/blog.holyart.it\/it\/wp-content\/uploads\/sites\/17\/2021\/12\/come-allestire-un-presepe.jpg","datePublished":"2021-12-14T09:00:39+00:00","dateModified":"2024-10-29T11:10:27+00:00","description":"Natale, tempo di Presepe, una tradizione antica e sempre attuale. Ecco le domande e le risposte su come allestire un Presepe in casa vostra","breadcrumb":{"@id":"https:\/\/blog.holyart.it\/it\/natale\/come-allestire-un-presepe-le-risposte-alle-piu-frequenti-domande\/#breadcrumb"},"inLanguage":"it-IT","potentialAction":[{"@type":"ReadAction","target":["https:\/\/blog.holyart.it\/it\/natale\/come-allestire-un-presepe-le-risposte-alle-piu-frequenti-domande\/"]}]},{"@type":"ImageObject","inLanguage":"it-IT","@id":"https:\/\/blog.holyart.it\/it\/natale\/come-allestire-un-presepe-le-risposte-alle-piu-frequenti-domande\/#primaryimage","url":"https:\/\/blog.holyart.it\/it\/wp-content\/uploads\/sites\/17\/2021\/12\/come-allestire-un-presepe.jpg","contentUrl":"https:\/\/blog.holyart.it\/it\/wp-content\/uploads\/sites\/17\/2021\/12\/come-allestire-un-presepe.jpg","width":1000,"height":666,"caption":"come allestire un presepe"},{"@type":"BreadcrumbList","@id":"https:\/\/blog.holyart.it\/it\/natale\/come-allestire-un-presepe-le-risposte-alle-piu-frequenti-domande\/#breadcrumb","itemListElement":[{"@type":"ListItem","position":1,"name":"Homepage","item":"https:\/\/blog.holyart.it\/it\/"},{"@type":"ListItem","position":2,"name":"Natale","item":"https:\/\/blog.holyart.it\/it\/natale\/"},{"@type":"ListItem","position":3,"name":"Come allestire un presepe: le risposte alle pi\u00f9 frequenti domande"}]},{"@type":"WebSite","@id":"https:\/\/blog.holyart.it\/it\/#website","url":"https:\/\/blog.holyart.it\/it\/","name":"Holyblog","description":"Il Blog di Holyart.it","publisher":{"@id":"https:\/\/blog.holyart.it\/it\/#organization"},"potentialAction":[{"@type":"SearchAction","target":{"@type":"EntryPoint","urlTemplate":"https:\/\/blog.holyart.it\/it\/?s={search_term_string}"},"query-input":{"@type":"PropertyValueSpecification","valueRequired":true,"valueName":"search_term_string"}}],"inLanguage":"it-IT"},{"@type":"Organization","@id":"https:\/\/blog.holyart.it\/it\/#organization","name":"Holyblog","url":"https:\/\/blog.holyart.it\/it\/","logo":{"@type":"ImageObject","inLanguage":"it-IT","@id":"https:\/\/blog.holyart.it\/it\/#\/schema\/logo\/image\/","url":"https:\/\/blog.holyart.it\/it\/wp-content\/uploads\/sites\/17\/2022\/12\/Holyart_Blog_Logo.jpg","contentUrl":"https:\/\/blog.holyart.it\/it\/wp-content\/uploads\/sites\/17\/2022\/12\/Holyart_Blog_Logo.jpg","width":300,"height":50,"caption":"Holyblog"},"image":{"@id":"https:\/\/blog.holyart.it\/it\/#\/schema\/logo\/image\/"}},{"@type":"Person","@id":"https:\/\/blog.holyart.it\/it\/#\/schema\/person\/0a7b686e5af0f856ec1e390dd0baecda","name":"Redazione"}]}},"_links":{"self":[{"href":"https:\/\/blog.holyart.it\/it\/wp-json\/wp\/v2\/posts\/14421","targetHints":{"allow":["GET"]}}],"collection":[{"href":"https:\/\/blog.holyart.it\/it\/wp-json\/wp\/v2\/posts"}],"about":[{"href":"https:\/\/blog.holyart.it\/it\/wp-json\/wp\/v2\/types\/post"}],"author":[{"embeddable":true,"href":"https:\/\/blog.holyart.it\/it\/wp-json\/wp\/v2\/users\/1"}],"replies":[{"embeddable":true,"href":"https:\/\/blog.holyart.it\/it\/wp-json\/wp\/v2\/comments?post=14421"}],"version-history":[{"count":1,"href":"https:\/\/blog.holyart.it\/it\/wp-json\/wp\/v2\/posts\/14421\/revisions"}],"predecessor-version":[{"id":18815,"href":"https:\/\/blog.holyart.it\/it\/wp-json\/wp\/v2\/posts\/14421\/revisions\/18815"}],"wp:featuredmedia":[{"embeddable":true,"href":"https:\/\/blog.holyart.it\/it\/wp-json\/wp\/v2\/media\/14439"}],"wp:attachment":[{"href":"https:\/\/blog.holyart.it\/it\/wp-json\/wp\/v2\/media?parent=14421"}],"wp:term":[{"taxonomy":"category","embeddable":true,"href":"https:\/\/blog.holyart.it\/it\/wp-json\/wp\/v2\/categories?post=14421"},{"taxonomy":"post_tag","embeddable":true,"href":"https:\/\/blog.holyart.it\/it\/wp-json\/wp\/v2\/tags?post=14421"}],"curies":[{"name":"wp","href":"https:\/\/api.w.org\/{rel}","templated":true}]}}