{"id":14374,"date":"2021-12-02T10:00:43","date_gmt":"2021-12-02T09:00:43","guid":{"rendered":"https:\/\/blog.holyart.it\/it\/?p=14374"},"modified":"2024-11-06T16:44:25","modified_gmt":"2024-11-06T15:44:25","slug":"la-corona-davvento-in-chiesa-10-curiosita","status":"publish","type":"post","link":"https:\/\/blog.holyart.it\/it\/natale\/la-corona-davvento-in-chiesa-10-curiosita\/","title":{"rendered":"La Corona d\u2019Avvento in chiesa: 10 curiosit\u00e0"},"content":{"rendered":"<h4>La Corona d&#8217;Avvento in chiesa e a casa: che cosa simboleggia? Quando deve essere accesa la prima candela? Scopriamolo insieme<\/h4>\n\n<p>Domenica 28 novembre \u00e8 stata la <strong>prima domenica di Avvento<\/strong>: \u00e8 tempo di accendere le candele della Corona d&#8217;Avvento in chiesa e a casa. Siamo entrati in quel periodo dell&#8217;anno che pi\u00f9 di tutti per i cristiani simboleggia l&#8217;attesa trepidante della <strong>venuta di Cristo<\/strong>, del rinnovarsi della Sua nascita miracolosa, ma anche la speranza per il Suo ritorno, alla fine dei tempi. Non si tratta solo di celebrare l&#8217;avvicinarsi del Natale. L&#8217;Avvento \u00e8 pi\u00f9 di una tradizione natalizia: \u00e8 un <strong><a href=\"https:\/\/www.holyart.it\/blog\/accessori-liturgia\/lanno-e-tempi-liturgici-facciamo-chiarezza\/#Avvento\">periodo liturgico<\/a><\/strong> ben definito che, come tutti i tempi liturgici, richiede un atteggiamento particolare da parte di chi crede, che deve predisporre il proprio animo per vivere nel migliore dei modi questo particolare momento di fede e speranza.<br \/>\nVediamo brevemente tutto quello che \u00e8 opportuno sapere riguardo all&#8217;Avvento e in particolare alla <strong>Corona d&#8217;Avvento in chiesa e a casa<\/strong>.<\/p>\n<p>&nbsp;<\/p>\n<p>&nbsp;<\/p>\n<div class=\"link-article\">\n<p><img loading=\"lazy\" decoding=\"async\" class=\"size-full wp-image-14375 alignleft\" src=\"https:\/\/blog.holyart.it\/it\/wp-content\/uploads\/sites\/17\/2021\/12\/calendario-liturgico.jpg\" alt=\"calendario liturgico\" width=\"150\" height=\"99\" data-kale-share-title=\"La Corona d\u2019Avvento in chiesa: 10 curiosit\u00e0\" data-kale-share-url=\"https:\/\/blog.holyart.it\/it\/?p=14374\" \/><\/p>\n<div class=\"leggi-anche\">Leggi anche:<\/div>\n<p><strong><a href=\"https:\/\/www.holyart.it\/blog\/accessori-liturgia\/lanno-e-tempi-liturgici-facciamo-chiarezza\/#Avvento\">L\u2019anno e tempi liturgici: facciamo chiarezza<\/a><\/strong><br \/>\nI tempi liturgici della chiesa cattolica sono le stagioni in cui \u00e8 suddiviso l\u2019anno liturgico. Scopriamoli insieme.<\/p>\n<\/div>\n<h2>Cosa simboleggia l\u2019Avvento?<\/h2>\n<p>L&#8217;Avvento \u00e8 il periodo che precede il Natale, durante il quale i cristiani attendono (dal latino <em>adventus<\/em>, &#8220;attesa&#8221;) con <strong>penitenza, preghiera e fede<\/strong> la nascita di Ges\u00f9. Ogni settimana dell&#8217;Avvento \u00e8 simboleggiata da una delle candele che troviamo nella <a href=\"https:\/\/www.holyart.it\/it\/natale\/avvento\"><strong>Corona<\/strong> <strong>d&#8217;Avvento<\/strong><\/a>, una decorazione natalizia che non pu\u00f2 mancare in una casa cristiana. Di solito \u00e8 costituita da un <strong>cerchio di rami sempreverdi<\/strong>, che richiamano la stagione invernale, ma anche la vita eterna e l&#8217;ingresso trionfale di Ges\u00f9 a Gerusalemme, e da <strong>quattro candele<\/strong>, simbolo della <strong>salvezza<\/strong> e della <strong>luce che scaccia le tenebre<\/strong> e il peccato. La <strong>forma circolare<\/strong> della corona dell&#8217;Avvento rimanda all\u2019eternit\u00e0, all\u2019unit\u00e0 del tutto. Nasce da una tradizione di origine germanica, che risale ai primi dell\u2019Ottocento.<\/p>\n<div class=\"link-product\">\n<div class=\"blocco-immagine\"><img loading=\"lazy\" decoding=\"async\" class=\"size-full wp-image-14377 alignleft\" src=\"https:\/\/blog.holyart.it\/it\/wp-content\/uploads\/sites\/17\/2021\/12\/kit-avvento-per-liturgia-corona-e-ceri-20x6-cm.jpg\" alt=\"kit avvento per liturgia corona e ceri 20x6 cm\" width=\"100\" height=\"100\" data-kale-share-title=\"La Corona d\u2019Avvento in chiesa: 10 curiosit\u00e0\" data-kale-share-url=\"https:\/\/blog.holyart.it\/it\/?p=14374\" \/><\/div>\n<div class=\"blocco-contenuto\">\n<div class=\"blocco-acquista\">Acquista su Holyart:<\/div>\n<div class=\"blocco-titolo\"><a href=\"https:\/\/www.holyart.it\/it\/natale\/avvento\">Avvento<\/a><\/div>\n<div class=\"blocco-descrizione\">Corone dell&#8217;Avvento e candele dell&#8217;Avvento per ambienti domestici e chiese.<\/div>\n<\/div>\n<\/div>\n<h2>Qual \u00e8 il colore dell\u2019Avvento?<\/h2>\n<p>Il colore liturgico dell&#8217;Avvento \u00e8 il <strong>viola<\/strong>, che richiama la penitenza, il digiuno e l\u2019attesa, oltre che il lutto.<\/p>\n<h2>Come si chiamano le 4 domeniche d\u2019Avvento?<\/h2>\n<p>I <strong>nomi delle domeniche di Avvento<\/strong> sono tratti dalle prime parole dell&#8217;<em>introito<\/em>, l&#8217;antifona che apre la celebrazione della messa nelle suddette domeniche:<\/p>\n<ol>\n<li>Domenica d&#8217;Avvento: <em>Ad te levavi <\/em>(Ad te levavi animam meam, &#8220;A te, Signore, innalzo l&#8217;anima mia&#8221;), dal salmo 24\/25;<\/li>\n<li>Domenica d&#8217;Avvento: <em>Populus Sion<\/em> (Populus Sion, ecce Dominus veniet ad salvandas gentes, &#8220;Popolo di Sion, ecco il Signore verr\u00e0 a salvare i popoli!&#8221;), dal salmo 79\/80;<\/li>\n<li>Domenica d&#8217;Avvento: <em>Gaudete <\/em>(Gaudete in Domino semper, &#8220;Rallegratevi nel Signore sempre&#8221;), dal salmo 84\/85;<\/li>\n<li>Domenica d&#8217;Avvento: <em>Rorate <\/em>(Rorate, coeli desuper, et nubes pluant iustum, &#8220;Stillate, cieli, dall&#8217;alto e le nubi piovano il Giusto&#8221;), dal libro di Isaia (45,8[12])<\/li>\n<\/ol>\n<h2>Quando inizia la prima domenica dell\u2019Avvento?<\/h2>\n<p>Il <strong><a href=\"https:\/\/www.holyart.it\/blog\/natale\/il-tempo-di-avvento\/\">tempo dell&#8217;Avvento<\/a><\/strong> dura quattro settimane, sei nel rito Ambrosiano: comincia con i vespri della prima domenica, che quest&#8217;anno \u00e8 caduta il giorno 28 novembre, e si conclude con i vespri di Natale, il 24 dicembre.<\/p>\n<div class=\"link-article\">\n<p><img loading=\"lazy\" decoding=\"async\" class=\"size-full wp-image-14376 alignleft\" src=\"https:\/\/blog.holyart.it\/it\/wp-content\/uploads\/sites\/17\/2021\/12\/avvento.jpg\" alt=\"avvento\" width=\"150\" height=\"99\" data-kale-share-title=\"La Corona d\u2019Avvento in chiesa: 10 curiosit\u00e0\" data-kale-share-url=\"https:\/\/blog.holyart.it\/it\/?p=14374\" \/><\/p>\n<div class=\"leggi-anche\">Leggi anche:<\/div>\n<p><strong><a href=\"https:\/\/www.holyart.it\/blog\/natale\/il-tempo-di-avvento\/\">Il tempo di Avvento<\/a><\/strong><br \/>\nL\u2019Avvento \u00e8 uno dei momenti pi\u00f9 importanti dell\u2019anno per i cattolici di tutto il mondo. \u00c8 il periodo in cui ci si prepara alla venuta di&#8230;<\/p>\n<\/div>\n<h2>Quando si accendono le candele dell\u2019Avvento?<\/h2>\n<p>Ogni domenica di Avvento si accende una candela, fino ad averle accese tutte e quattro alla Vigilia di Natale.<\/p>\n<h2>Come si accende la corona dell\u2019Avvento?<\/h2>\n<p>L&#8217;ideale sarebbe che tutta la famiglia partecipasse all&#8217;accensione di ogni candela, magari accompagnandola con un momento di preghiera comune. La tradizione vuole che siano i bambini di casa ad accendere le candele della corona di Avvento. Per quanto riguarda la corona d&#8217;Avvento in chiesa essa viene posizionata in un posto ben visibile a tutti i fedeli e il sacerdote si preoccupa di coinvolgere l&#8217;intera assemblea nell&#8217;accensione di ogni singola candela, spiegandone il significato e guidando i fedeli nella preghiera comune appropriata.<\/p>\n<h2>Quali sono i nomi delle candele dell\u2019Avvento?<\/h2>\n<p>Ogni candela ha un nome e un significato simbolico particolare:<\/p>\n<ul>\n<li><strong>Prima candela d&#8217;Avvento<\/strong>: <strong>candela del Profeta<\/strong>, fa riferimento alle profezie riguardo la nascita di Ges\u00f9. \u00c8 la candela della <strong>Speranza<\/strong>;<\/li>\n<li><strong>Seconda candela d&#8217;Avvento<\/strong>: <strong>candela di Betlemme<\/strong>, ricorda la citt\u00e0 in cui Lui \u00e8 nato. \u00c8 la candela della <strong>Salvezza<\/strong>;<\/li>\n<li><strong>Terza candela d&#8217;Avvento<\/strong>:<strong> candela dei Pastori<\/strong>, ricorda coloro i quali per primi adorarono Ges\u00f9. \u00c8 la candela della <strong>Gioia<\/strong>;<\/li>\n<li><strong>Quarta candela d&#8217;Avvento:<\/strong> <strong>candela degli Angeli<\/strong>, celebra i messaggeri che portarono nel mondo la notizia della nascita miracolosa.<\/li>\n<\/ul>\n<div class=\"link-product\">\n<div class=\"blocco-immagine\"><img loading=\"lazy\" decoding=\"async\" class=\"size-full wp-image-14378 alignleft\" src=\"https:\/\/blog.holyart.it\/it\/wp-content\/uploads\/sites\/17\/2021\/12\/ceri-opachi-4-pezzi-per-lavvento-15x8-cm.jpg\" alt=\"ceri opachi 4 pezzi per lavvento 15x8 cm\" width=\"100\" height=\"100\" data-kale-share-title=\"La Corona d\u2019Avvento in chiesa: 10 curiosit\u00e0\" data-kale-share-url=\"https:\/\/blog.holyart.it\/it\/?p=14374\" \/><\/div>\n<div class=\"blocco-contenuto\">\n<div class=\"blocco-acquista\">Acquista su Holyart:<\/div>\n<div class=\"blocco-titolo\"><a href=\"https:\/\/www.holyart.it\/it\/natale\/avvento\/ceri-opachi-4-pezzi-per-lavvento-15x8-cm\">Ceri opachi 4 pezzi per l&#8217;Avvento 15&#215;8 cm<\/a><\/div>\n<div class=\"blocco-descrizione\">Candele per altare con speciale finitura opaca.<\/div>\n<\/div>\n<\/div>\n<h2>Quali sono i quattro colori delle candele dell\u2019Avvento?<\/h2>\n<p>Il colore delle candele dell&#8217;Avvento pu\u00f2 essere sempre il <strong>viola<\/strong>, ma sono accettati anche il <strong>bianco<\/strong>, simbolo di purezza e luce, e il <strong>rosso<\/strong>, colore natalizio per eccellenza, che esprime anche l&#8217;amore di Ges\u00f9 per noi tutti.<\/p>\n<p>Di solito le candele dell&#8217;Avvento seguono uno schema di colore preciso:<\/p>\n<p>&#8211; <strong>prima candela <\/strong>(Candela del Profeta): viola o rossa;<br \/>\n&#8211; <strong>seconda candela<\/strong> (Candela di Betlemme): viola o rossa;<br \/>\n&#8211; <strong>terza candela<\/strong> (Candela dei Pastori): rosa;<br \/>\n&#8211; <strong>quarta candela<\/strong> (Candela degli Angeli): viola o rossa.<\/p>\n<div class=\"sp-styles-warning\" style=\"width: 450px; background-color: #FFF; color: #F00; border: 1px solid #F00; padding: 10px; font-size: 14px;\">\n\t\t\t<span style=\"font-weight: bold;\">Warning: The stylesheets were not loaded!<\/span> \n\t\t\tYou will need to change the <i>Load stylesheets<\/i> setting from <i>Automatically<\/i> to <i>On homepage<\/i> or <i>On all pages<\/i>. \n\t\t\tYou can set that <a style=\"text-decoration: underline; color: #F00;\" href=\"https:\/\/blog.holyart.it\/it\/wp-admin\/admin.php?page=sliderpro-settings\">here<\/a>.\n\t\t\t<\/div>\r\n<div id=\"slider-pro-124\" class=\"slider-pro sp-no-js\" style=\"width: 500px; height: 500px;\">\r\n\t<div class=\"sp-slides\">\r\n\t\t\r\n\t\t<div class=\"sp-slide\">\r\n\t\t\t<img loading=\"lazy\" decoding=\"async\" class=\"sp-image\" src=\"https:\/\/blog.holyart.it\/it\/wp-content\/uploads\/sites\/17\/2023\/12\/kit-liturgico-per-lavvento-corona-e-ceri-lucidi-8x15-cm.jpg\" alt=\"kit liturgico per l&#039;avvento corona e ceri lucidi 8x15 cm\" width=\"500\" height=\"500\" \/>\r\n\t\t\t<div class=\"sp-thumbnail\"><a class=\"\" href=\"https:\/\/www.holyart.it\/it\/natale\/avvento\/kit-liturgico-per-lavvento-corona-e-ceri-lucidi-8x15-cm\">\r\n\t\t\t\t<img decoding=\"async\" src=\"https:\/\/blog.holyart.it\/it\/wp-content\/uploads\/sites\/17\/2023\/12\/kit-liturgico-per-lavvento-corona-e-ceri-lucidi-8x15-cm-150x150-1.jpg\" alt=\"kit liturgico per l&#039;avvento corona e ceri lucidi 8x15 cm\" \/>\r\n\t\t\t<\/a>\r\n\t\t\t<\/div>\r\n\t\t\t<div class=\"sp-caption\">Kit liturgico per l'Avvento corona e ceri lucidi 8x15 cm. <br \/><strong><a href=\"https:\/\/www.holyart.it\/it\/natale\/avvento\/kit-liturgico-per-lavvento-corona-e-ceri-lucidi-8x15-cm\">Acquista su Holyart<\/a><\/strong><\/div>\r\n\t\t<\/div>\r\n\t\t<div class=\"sp-slide\">\r\n\t\t\t<img loading=\"lazy\" decoding=\"async\" class=\"sp-image\" src=\"https:\/\/blog.holyart.it\/it\/wp-content\/uploads\/sites\/17\/2021\/12\/set-corona-avvento-e-candele-lucide-15x8-cm.jpg\" alt=\"set corona avvento e candele lucide 15x8 cm\" width=\"500\" height=\"500\" \/>\r\n\t\t\t<div class=\"sp-thumbnail\"><a class=\"\" href=\"https:\/\/www.holyart.it\/it\/natale\/avvento\/set-corona-avvento-e-candele-lucide-15x8-cm\">\r\n\t\t\t\t<img decoding=\"async\" src=\"https:\/\/blog.holyart.it\/it\/wp-content\/uploads\/sites\/17\/2021\/12\/set-corona-avvento-e-candele-lucide-15x8-cm-1.jpg\" alt=\"set corona avvento e candele lucide 15x8 cm\" \/>\r\n\t\t\t<\/a>\r\n\t\t\t<\/div>\r\n\t\t\t<div class=\"sp-caption\">Set Corona Avvento e candele lucide 15x8 cm. <br \/><strong><a href=\"https:\/\/www.holyart.it\/it\/natale\/avvento\/set-corona-avvento-e-candele-lucide-15x8-cm\">Acquista su Holyart<\/a><\/strong><\/div>\r\n\t\t<\/div>\r\n\t\t<div class=\"sp-slide\">\r\n\t\t\t<img loading=\"lazy\" decoding=\"async\" class=\"sp-image\" src=\"https:\/\/blog.holyart.it\/it\/wp-content\/uploads\/sites\/17\/2021\/12\/corona-davvento-e-candele-sfere-lucide-10-cm.jpg\" alt=\"corona davvento e candele sfere lucide 10 cm\" width=\"500\" height=\"500\" \/>\r\n\t\t\t<div class=\"sp-thumbnail\"><a class=\"\" href=\"https:\/\/www.holyart.it\/it\/natale\/avvento\/corona-davvento-e-candele-sfere-lucide-10-cm\">\r\n\t\t\t\t<img decoding=\"async\" src=\"https:\/\/blog.holyart.it\/it\/wp-content\/uploads\/sites\/17\/2021\/12\/corona-davvento-e-candele-sfere-lucide-10-cm-1-1.jpg\" alt=\"corona davvento e candele sfere lucide 10 cm\" \/>\r\n\t\t\t<\/a>\r\n\t\t\t<\/div>\r\n\t\t\t<div class=\"sp-caption\">Corona d'Avvento e candele sfere lucide 10 cm. <br \/><strong><a href=\"https:\/\/www.holyart.it\/it\/natale\/avvento\/corona-davvento-e-candele-sfere-lucide-10-cm\">Acquista su Holyart<\/a><\/strong><\/div>\r\n\t\t<\/div>\r\n\t<\/div>\r\n<\/div>\n<h2>Come si usano le candele dell\u2019Avvento?<\/h2>\n<p>Le candele dell&#8217;Avvento simboleggiano <strong>Speranza<\/strong>,\u00a0<strong>Pace<\/strong>,\u00a0<strong>Gioia<\/strong>\u00a0e\u00a0<strong>Amore<\/strong>, il messaggio portato dal Bambino al mondo. Vengono accese una per volta per esprimere l&#8217;idea della luce di Ges\u00f9 che diventa sempre pi\u00f9 forte e splendente man mano che ci si avvicina al Natale.<\/p>\n<h2>Quando spegnere la prima candela dell\u2019Avvento?<\/h2>\n<p>Le candele della corona d&#8217;Avvento devono arrivare accese alla Vigilia di Natale. Si consumeranno lentamente e in autonomia, accompagnando l&#8217;attesa della Festa.<\/p>\n","protected":false},"excerpt":{"rendered":"<p>La Corona d&#8217;Avvento in chiesa e a casa: che cosa simboleggia? Quando deve essere accesa la prima candela? Scopriamolo insieme Domenica 28 novembre \u00e8 stata la prima domenica di Avvento: \u00e8 tempo di accendere le candele della Corona d&#8217;Avvento in chiesa e a casa. Siamo&hellip;<\/p>\n","protected":false},"author":1,"featured_media":14389,"comment_status":"closed","ping_status":"open","sticky":false,"template":"","format":"standard","meta":{"_acf_changed":false,"footnotes":""},"categories":[18],"tags":[],"class_list":["post-14374","post","type-post","status-publish","format-standard","has-post-thumbnail","hentry","category-natale"],"acf":[],"yoast_head":"<!-- This site is optimized with the Yoast SEO plugin v26.6 - https:\/\/yoast.com\/wordpress\/plugins\/seo\/ -->\n<title>La Corona d\u2019Avvento in chiesa: 10 curiosit\u00e0 - Holyblog<\/title>\n<meta name=\"description\" content=\"La Corona d&#039;Avvento in chiesa e a casa: che cosa simboleggia? Quando deve essere accesa la prima candela? Scopriamolo insieme\" \/>\n<meta name=\"robots\" content=\"index, follow, max-snippet:-1, max-image-preview:large, max-video-preview:-1\" \/>\n<link rel=\"canonical\" href=\"https:\/\/blog.holyart.it\/it\/natale\/la-corona-davvento-in-chiesa-10-curiosita\/\" \/>\n<meta property=\"og:locale\" content=\"it_IT\" \/>\n<meta property=\"og:type\" content=\"article\" \/>\n<meta property=\"og:title\" content=\"La Corona d\u2019Avvento in chiesa: 10 curiosit\u00e0 - Holyblog\" \/>\n<meta property=\"og:description\" content=\"La Corona d&#039;Avvento in chiesa e a casa: che cosa simboleggia? Quando deve essere accesa la prima candela? Scopriamolo insieme\" \/>\n<meta property=\"og:url\" content=\"https:\/\/blog.holyart.it\/it\/natale\/la-corona-davvento-in-chiesa-10-curiosita\/\" \/>\n<meta property=\"og:site_name\" content=\"Holyblog\" \/>\n<meta property=\"article:published_time\" content=\"2021-12-02T09:00:43+00:00\" \/>\n<meta property=\"article:modified_time\" content=\"2024-11-06T15:44:25+00:00\" \/>\n<meta property=\"og:image\" content=\"https:\/\/blog.holyart.it\/it\/wp-content\/uploads\/sites\/17\/2021\/12\/corona-davvento-in-chiesa.jpg\" \/>\n\t<meta property=\"og:image:width\" content=\"1000\" \/>\n\t<meta property=\"og:image:height\" content=\"666\" \/>\n\t<meta property=\"og:image:type\" content=\"image\/jpeg\" \/>\n<meta name=\"author\" content=\"Redazione\" \/>\n<meta name=\"twitter:card\" content=\"summary_large_image\" \/>\n<meta name=\"twitter:label1\" content=\"Scritto da\" \/>\n\t<meta name=\"twitter:data1\" content=\"Redazione\" \/>\n\t<meta name=\"twitter:label2\" content=\"Tempo di lettura stimato\" \/>\n\t<meta name=\"twitter:data2\" content=\"6 minuti\" \/>\n<script type=\"application\/ld+json\" class=\"yoast-schema-graph\">{\"@context\":\"https:\/\/schema.org\",\"@graph\":[{\"@type\":\"Article\",\"@id\":\"https:\/\/blog.holyart.it\/it\/natale\/la-corona-davvento-in-chiesa-10-curiosita\/#article\",\"isPartOf\":{\"@id\":\"https:\/\/blog.holyart.it\/it\/natale\/la-corona-davvento-in-chiesa-10-curiosita\/\"},\"author\":{\"name\":\"Redazione\",\"@id\":\"https:\/\/blog.holyart.it\/it\/#\/schema\/person\/0a7b686e5af0f856ec1e390dd0baecda\"},\"headline\":\"La Corona d\u2019Avvento in chiesa: 10 curiosit\u00e0\",\"datePublished\":\"2021-12-02T09:00:43+00:00\",\"dateModified\":\"2024-11-06T15:44:25+00:00\",\"mainEntityOfPage\":{\"@id\":\"https:\/\/blog.holyart.it\/it\/natale\/la-corona-davvento-in-chiesa-10-curiosita\/\"},\"wordCount\":923,\"publisher\":{\"@id\":\"https:\/\/blog.holyart.it\/it\/#organization\"},\"image\":{\"@id\":\"https:\/\/blog.holyart.it\/it\/natale\/la-corona-davvento-in-chiesa-10-curiosita\/#primaryimage\"},\"thumbnailUrl\":\"https:\/\/blog.holyart.it\/it\/wp-content\/uploads\/sites\/17\/2021\/12\/corona-davvento-in-chiesa.jpg\",\"articleSection\":[\"Natale\"],\"inLanguage\":\"it-IT\"},{\"@type\":\"WebPage\",\"@id\":\"https:\/\/blog.holyart.it\/it\/natale\/la-corona-davvento-in-chiesa-10-curiosita\/\",\"url\":\"https:\/\/blog.holyart.it\/it\/natale\/la-corona-davvento-in-chiesa-10-curiosita\/\",\"name\":\"La Corona d\u2019Avvento in chiesa: 10 curiosit\u00e0 - Holyblog\",\"isPartOf\":{\"@id\":\"https:\/\/blog.holyart.it\/it\/#website\"},\"primaryImageOfPage\":{\"@id\":\"https:\/\/blog.holyart.it\/it\/natale\/la-corona-davvento-in-chiesa-10-curiosita\/#primaryimage\"},\"image\":{\"@id\":\"https:\/\/blog.holyart.it\/it\/natale\/la-corona-davvento-in-chiesa-10-curiosita\/#primaryimage\"},\"thumbnailUrl\":\"https:\/\/blog.holyart.it\/it\/wp-content\/uploads\/sites\/17\/2021\/12\/corona-davvento-in-chiesa.jpg\",\"datePublished\":\"2021-12-02T09:00:43+00:00\",\"dateModified\":\"2024-11-06T15:44:25+00:00\",\"description\":\"La Corona d'Avvento in chiesa e a casa: che cosa simboleggia? Quando deve essere accesa la prima candela? Scopriamolo insieme\",\"breadcrumb\":{\"@id\":\"https:\/\/blog.holyart.it\/it\/natale\/la-corona-davvento-in-chiesa-10-curiosita\/#breadcrumb\"},\"inLanguage\":\"it-IT\",\"potentialAction\":[{\"@type\":\"ReadAction\",\"target\":[\"https:\/\/blog.holyart.it\/it\/natale\/la-corona-davvento-in-chiesa-10-curiosita\/\"]}]},{\"@type\":\"ImageObject\",\"inLanguage\":\"it-IT\",\"@id\":\"https:\/\/blog.holyart.it\/it\/natale\/la-corona-davvento-in-chiesa-10-curiosita\/#primaryimage\",\"url\":\"https:\/\/blog.holyart.it\/it\/wp-content\/uploads\/sites\/17\/2021\/12\/corona-davvento-in-chiesa.jpg\",\"contentUrl\":\"https:\/\/blog.holyart.it\/it\/wp-content\/uploads\/sites\/17\/2021\/12\/corona-davvento-in-chiesa.jpg\",\"width\":1000,\"height\":666,\"caption\":\"corona d'avvento in chiesa\"},{\"@type\":\"BreadcrumbList\",\"@id\":\"https:\/\/blog.holyart.it\/it\/natale\/la-corona-davvento-in-chiesa-10-curiosita\/#breadcrumb\",\"itemListElement\":[{\"@type\":\"ListItem\",\"position\":1,\"name\":\"Homepage\",\"item\":\"https:\/\/blog.holyart.it\/it\/\"},{\"@type\":\"ListItem\",\"position\":2,\"name\":\"Natale\",\"item\":\"https:\/\/blog.holyart.it\/it\/natale\/\"},{\"@type\":\"ListItem\",\"position\":3,\"name\":\"La Corona d\u2019Avvento in chiesa: 10 curiosit\u00e0\"}]},{\"@type\":\"WebSite\",\"@id\":\"https:\/\/blog.holyart.it\/it\/#website\",\"url\":\"https:\/\/blog.holyart.it\/it\/\",\"name\":\"Holyblog\",\"description\":\"Il Blog di Holyart.it\",\"publisher\":{\"@id\":\"https:\/\/blog.holyart.it\/it\/#organization\"},\"potentialAction\":[{\"@type\":\"SearchAction\",\"target\":{\"@type\":\"EntryPoint\",\"urlTemplate\":\"https:\/\/blog.holyart.it\/it\/?s={search_term_string}\"},\"query-input\":{\"@type\":\"PropertyValueSpecification\",\"valueRequired\":true,\"valueName\":\"search_term_string\"}}],\"inLanguage\":\"it-IT\"},{\"@type\":\"Organization\",\"@id\":\"https:\/\/blog.holyart.it\/it\/#organization\",\"name\":\"Holyblog\",\"url\":\"https:\/\/blog.holyart.it\/it\/\",\"logo\":{\"@type\":\"ImageObject\",\"inLanguage\":\"it-IT\",\"@id\":\"https:\/\/blog.holyart.it\/it\/#\/schema\/logo\/image\/\",\"url\":\"https:\/\/blog.holyart.it\/it\/wp-content\/uploads\/sites\/17\/2022\/12\/Holyart_Blog_Logo.jpg\",\"contentUrl\":\"https:\/\/blog.holyart.it\/it\/wp-content\/uploads\/sites\/17\/2022\/12\/Holyart_Blog_Logo.jpg\",\"width\":300,\"height\":50,\"caption\":\"Holyblog\"},\"image\":{\"@id\":\"https:\/\/blog.holyart.it\/it\/#\/schema\/logo\/image\/\"}},{\"@type\":\"Person\",\"@id\":\"https:\/\/blog.holyart.it\/it\/#\/schema\/person\/0a7b686e5af0f856ec1e390dd0baecda\",\"name\":\"Redazione\"}]}<\/script>\n<!-- \/ Yoast SEO plugin. -->","yoast_head_json":{"title":"La Corona d\u2019Avvento in chiesa: 10 curiosit\u00e0 - Holyblog","description":"La Corona d'Avvento in chiesa e a casa: che cosa simboleggia? Quando deve essere accesa la prima candela? Scopriamolo insieme","robots":{"index":"index","follow":"follow","max-snippet":"max-snippet:-1","max-image-preview":"max-image-preview:large","max-video-preview":"max-video-preview:-1"},"canonical":"https:\/\/blog.holyart.it\/it\/natale\/la-corona-davvento-in-chiesa-10-curiosita\/","og_locale":"it_IT","og_type":"article","og_title":"La Corona d\u2019Avvento in chiesa: 10 curiosit\u00e0 - Holyblog","og_description":"La Corona d'Avvento in chiesa e a casa: che cosa simboleggia? Quando deve essere accesa la prima candela? Scopriamolo insieme","og_url":"https:\/\/blog.holyart.it\/it\/natale\/la-corona-davvento-in-chiesa-10-curiosita\/","og_site_name":"Holyblog","article_published_time":"2021-12-02T09:00:43+00:00","article_modified_time":"2024-11-06T15:44:25+00:00","og_image":[{"width":1000,"height":666,"url":"https:\/\/blog.holyart.it\/it\/wp-content\/uploads\/sites\/17\/2021\/12\/corona-davvento-in-chiesa.jpg","type":"image\/jpeg"}],"author":"Redazione","twitter_card":"summary_large_image","twitter_misc":{"Scritto da":"Redazione","Tempo di lettura stimato":"6 minuti"},"schema":{"@context":"https:\/\/schema.org","@graph":[{"@type":"Article","@id":"https:\/\/blog.holyart.it\/it\/natale\/la-corona-davvento-in-chiesa-10-curiosita\/#article","isPartOf":{"@id":"https:\/\/blog.holyart.it\/it\/natale\/la-corona-davvento-in-chiesa-10-curiosita\/"},"author":{"name":"Redazione","@id":"https:\/\/blog.holyart.it\/it\/#\/schema\/person\/0a7b686e5af0f856ec1e390dd0baecda"},"headline":"La Corona d\u2019Avvento in chiesa: 10 curiosit\u00e0","datePublished":"2021-12-02T09:00:43+00:00","dateModified":"2024-11-06T15:44:25+00:00","mainEntityOfPage":{"@id":"https:\/\/blog.holyart.it\/it\/natale\/la-corona-davvento-in-chiesa-10-curiosita\/"},"wordCount":923,"publisher":{"@id":"https:\/\/blog.holyart.it\/it\/#organization"},"image":{"@id":"https:\/\/blog.holyart.it\/it\/natale\/la-corona-davvento-in-chiesa-10-curiosita\/#primaryimage"},"thumbnailUrl":"https:\/\/blog.holyart.it\/it\/wp-content\/uploads\/sites\/17\/2021\/12\/corona-davvento-in-chiesa.jpg","articleSection":["Natale"],"inLanguage":"it-IT"},{"@type":"WebPage","@id":"https:\/\/blog.holyart.it\/it\/natale\/la-corona-davvento-in-chiesa-10-curiosita\/","url":"https:\/\/blog.holyart.it\/it\/natale\/la-corona-davvento-in-chiesa-10-curiosita\/","name":"La Corona d\u2019Avvento in chiesa: 10 curiosit\u00e0 - Holyblog","isPartOf":{"@id":"https:\/\/blog.holyart.it\/it\/#website"},"primaryImageOfPage":{"@id":"https:\/\/blog.holyart.it\/it\/natale\/la-corona-davvento-in-chiesa-10-curiosita\/#primaryimage"},"image":{"@id":"https:\/\/blog.holyart.it\/it\/natale\/la-corona-davvento-in-chiesa-10-curiosita\/#primaryimage"},"thumbnailUrl":"https:\/\/blog.holyart.it\/it\/wp-content\/uploads\/sites\/17\/2021\/12\/corona-davvento-in-chiesa.jpg","datePublished":"2021-12-02T09:00:43+00:00","dateModified":"2024-11-06T15:44:25+00:00","description":"La Corona d'Avvento in chiesa e a casa: che cosa simboleggia? Quando deve essere accesa la prima candela? Scopriamolo insieme","breadcrumb":{"@id":"https:\/\/blog.holyart.it\/it\/natale\/la-corona-davvento-in-chiesa-10-curiosita\/#breadcrumb"},"inLanguage":"it-IT","potentialAction":[{"@type":"ReadAction","target":["https:\/\/blog.holyart.it\/it\/natale\/la-corona-davvento-in-chiesa-10-curiosita\/"]}]},{"@type":"ImageObject","inLanguage":"it-IT","@id":"https:\/\/blog.holyart.it\/it\/natale\/la-corona-davvento-in-chiesa-10-curiosita\/#primaryimage","url":"https:\/\/blog.holyart.it\/it\/wp-content\/uploads\/sites\/17\/2021\/12\/corona-davvento-in-chiesa.jpg","contentUrl":"https:\/\/blog.holyart.it\/it\/wp-content\/uploads\/sites\/17\/2021\/12\/corona-davvento-in-chiesa.jpg","width":1000,"height":666,"caption":"corona d'avvento in chiesa"},{"@type":"BreadcrumbList","@id":"https:\/\/blog.holyart.it\/it\/natale\/la-corona-davvento-in-chiesa-10-curiosita\/#breadcrumb","itemListElement":[{"@type":"ListItem","position":1,"name":"Homepage","item":"https:\/\/blog.holyart.it\/it\/"},{"@type":"ListItem","position":2,"name":"Natale","item":"https:\/\/blog.holyart.it\/it\/natale\/"},{"@type":"ListItem","position":3,"name":"La Corona d\u2019Avvento in chiesa: 10 curiosit\u00e0"}]},{"@type":"WebSite","@id":"https:\/\/blog.holyart.it\/it\/#website","url":"https:\/\/blog.holyart.it\/it\/","name":"Holyblog","description":"Il Blog di Holyart.it","publisher":{"@id":"https:\/\/blog.holyart.it\/it\/#organization"},"potentialAction":[{"@type":"SearchAction","target":{"@type":"EntryPoint","urlTemplate":"https:\/\/blog.holyart.it\/it\/?s={search_term_string}"},"query-input":{"@type":"PropertyValueSpecification","valueRequired":true,"valueName":"search_term_string"}}],"inLanguage":"it-IT"},{"@type":"Organization","@id":"https:\/\/blog.holyart.it\/it\/#organization","name":"Holyblog","url":"https:\/\/blog.holyart.it\/it\/","logo":{"@type":"ImageObject","inLanguage":"it-IT","@id":"https:\/\/blog.holyart.it\/it\/#\/schema\/logo\/image\/","url":"https:\/\/blog.holyart.it\/it\/wp-content\/uploads\/sites\/17\/2022\/12\/Holyart_Blog_Logo.jpg","contentUrl":"https:\/\/blog.holyart.it\/it\/wp-content\/uploads\/sites\/17\/2022\/12\/Holyart_Blog_Logo.jpg","width":300,"height":50,"caption":"Holyblog"},"image":{"@id":"https:\/\/blog.holyart.it\/it\/#\/schema\/logo\/image\/"}},{"@type":"Person","@id":"https:\/\/blog.holyart.it\/it\/#\/schema\/person\/0a7b686e5af0f856ec1e390dd0baecda","name":"Redazione"}]}},"_links":{"self":[{"href":"https:\/\/blog.holyart.it\/it\/wp-json\/wp\/v2\/posts\/14374","targetHints":{"allow":["GET"]}}],"collection":[{"href":"https:\/\/blog.holyart.it\/it\/wp-json\/wp\/v2\/posts"}],"about":[{"href":"https:\/\/blog.holyart.it\/it\/wp-json\/wp\/v2\/types\/post"}],"author":[{"embeddable":true,"href":"https:\/\/blog.holyart.it\/it\/wp-json\/wp\/v2\/users\/1"}],"replies":[{"embeddable":true,"href":"https:\/\/blog.holyart.it\/it\/wp-json\/wp\/v2\/comments?post=14374"}],"version-history":[{"count":2,"href":"https:\/\/blog.holyart.it\/it\/wp-json\/wp\/v2\/posts\/14374\/revisions"}],"predecessor-version":[{"id":18903,"href":"https:\/\/blog.holyart.it\/it\/wp-json\/wp\/v2\/posts\/14374\/revisions\/18903"}],"wp:featuredmedia":[{"embeddable":true,"href":"https:\/\/blog.holyart.it\/it\/wp-json\/wp\/v2\/media\/14389"}],"wp:attachment":[{"href":"https:\/\/blog.holyart.it\/it\/wp-json\/wp\/v2\/media?parent=14374"}],"wp:term":[{"taxonomy":"category","embeddable":true,"href":"https:\/\/blog.holyart.it\/it\/wp-json\/wp\/v2\/categories?post=14374"},{"taxonomy":"post_tag","embeddable":true,"href":"https:\/\/blog.holyart.it\/it\/wp-json\/wp\/v2\/tags?post=14374"}],"curies":[{"name":"wp","href":"https:\/\/api.w.org\/{rel}","templated":true}]}}