{"id":14359,"date":"2021-11-30T10:00:28","date_gmt":"2021-11-30T09:00:28","guid":{"rendered":"https:\/\/blog.holyart.it\/it\/?p=14359"},"modified":"2024-10-24T12:33:40","modified_gmt":"2024-10-24T10:33:40","slug":"calendari-dellavvento-storia-e-tradizione","status":"publish","type":"post","link":"https:\/\/blog.holyart.it\/it\/natale\/calendari-dellavvento-storia-e-tradizione\/","title":{"rendered":"Calendari dell\u2019Avvento: storia e tradizione"},"content":{"rendered":"<h4>Il Calendario dell&#8217;Avvento \u00e8 una delle tradizioni pi\u00f9 rappresentative del Natale. Ecco come \u00e8 nata e come viene portata avanti oggi<\/h4>\n<p>Il <a href=\"https:\/\/www.holyart.it\/it\/natale\/avvento?page=1&amp;params=%7B%22offset%22:0,%22limit%22:60,%22filters%22:%5B%5D,%22sorter%22:%22YEAR_BEST_SELLERS%22,%22categoryIds%22:%5B108502%5D,%22filtersByIds%22:%5B%7B%22key%22:89,%22values%22:%5B2459%5D%7D%5D%7D\"><strong>Calendario dell&#8217;Avvento<\/strong><\/a> nasce, cos\u00ec come il Presepe, come strumento per far comprendere lo spirito di attesa e magica sospensione del Natale a tutti. Nel caso del Presepe, ideato da <strong><a href=\"https:\/\/www.holyart.it\/blog\/natale\/il-presepe-di-greccio-il-presepe-di-san-francesco\/\">San Francesco d&#8217;Assisi<\/a><\/strong> nel 1223 a Greccio, l&#8217;intenzione era quella di comunicare al popolo analfabeta e ignorante il grande mistero dell\u2019<strong>Incarnazione di Ges\u00f9<\/strong>, attraverso la rievocazione della scena della Nativit\u00e0, con i suoi personaggi. Il Calendario dell&#8217;Avvento nasce con la medesima intenzione, ma si rivolge, almeno in un primo tempo, ai <strong>bambini<\/strong>.<\/p>\n<div class=\"link-article\">\n<p><img loading=\"lazy\" decoding=\"async\" class=\"size-full wp-image-14360 alignleft\" src=\"https:\/\/blog.holyart.it\/it\/wp-content\/uploads\/sites\/17\/2021\/11\/Il-presepe-di-Greccio.jpg\" alt=\"Il presepe di Greccio\" width=\"150\" height=\"97\" data-kale-share-title=\"Calendari dell\u2019Avvento: storia e tradizione\" data-kale-share-url=\"https:\/\/blog.holyart.it\/it\/?p=14359\" \/><\/p>\n<div class=\"leggi-anche\">Leggi anche:<\/div>\n<p><strong><a href=\"https:\/\/www.holyart.it\/blog\/natale\/il-presepe-di-greccio-il-presepe-di-san-francesco\/\">Il presepe di Greccio: il presepe di San Francesco<\/a><\/strong><br \/>\nQual \u00e8 la storia del presepe? Da dove viene questa tradizione che ogni anno viviamo? Ecco la storia del primo presepe&#8230;<\/p>\n<\/div>\n<p>L\u2019Avvento \u00e8 uno dei <strong><a href=\"https:\/\/www.holyart.it\/blog\/natale\/il-tempo-di-avvento\/\">momenti pi\u00f9 importanti dell\u2019anno<\/a><\/strong> per i cattolici di tutto il mondo. I credenti si preparano alla venuta di Cristo, al rinnovarsi della Sua nascita miracolosa, a Natale. L\u2019Avvento \u00e8 anche il periodo liturgico in cui i fedeli ribadiscono la loro speranza, l\u2019attesa della seconda venuta di Ges\u00f9, quella che decreter\u00e0 la fine del mondo come noi lo conosciamo, la fine dei tempi.\u00a0Non \u00e8 facile far comprendere ai pi\u00f9 piccoli il significato autentico di questo periodo e nemmeno della festa che arriver\u00e0. Pi\u00f9 facile far comprendere loro l&#8217;importanza di una festa unica, che si rinnova ogni anno e riunisce le famiglie e i fedeli come nessun&#8217;altra.<\/p>\n<div class=\"link-article\">\n<p><img loading=\"lazy\" decoding=\"async\" class=\"size-full wp-image-14361 alignleft\" src=\"https:\/\/blog.holyart.it\/it\/wp-content\/uploads\/sites\/17\/2021\/11\/avvento.jpg\" alt=\"avvento\" width=\"150\" height=\"99\" data-kale-share-title=\"Calendari dell\u2019Avvento: storia e tradizione\" data-kale-share-url=\"https:\/\/blog.holyart.it\/it\/?p=14359\" \/><\/p>\n<div class=\"leggi-anche\">Leggi anche:<\/div>\n<p><strong><a href=\"https:\/\/www.holyart.it\/blog\/natale\/il-tempo-di-avvento\/\">Il tempo di Avvento<\/a><\/strong><br \/>\nL\u2019Avvento \u00e8 uno dei momenti pi\u00f9 importanti dell\u2019anno per i cattolici di tutto il mondo. \u00c8 il periodo in cui ci si prepara alla&#8230;<\/p>\n<\/div>\n<p>Alla necessit\u00e0 di alimentare questo clima di attesa, di accrescere l&#8217;aspettativa dei piccoli di casa deve aver pensato la mamma di <strong>Gerhard Lang<\/strong>, futuro editore di Maulbronn, che alla fine dell&#8217;Ottocento invent\u00f2 il <a href=\"https:\/\/www.holyart.it\/it\/natale\/avvento?page=1&amp;params=%7B%22offset%22:0,%22limit%22:60,%22filters%22:%5B%5D,%22sorter%22:%22YEAR_BEST_SELLERS%22,%22categoryIds%22:%5B108502%5D,%22filtersByIds%22:%5B%7B%22key%22:89,%22values%22:%5B2459%5D%7D%5D%7D\"><strong>Calendario dell&#8217;Avvento<\/strong><\/a>. In Germania era gi\u00e0 diffusa l&#8217;usanza di appendere alle pareti piccoli addobbi a tema natalizio, o segnare con il gessetto sulla porta ventiquattro trattini, uno per ogni giorno prima di Natale, invitando i pi\u00f9 piccoli a cancellarli man mano che ci si avvicinava alla data fatidica. Stanca di sentirsi ripetere ogni giorno dal proprio bambino la domanda: <em>\u201cQuando arriva il Natale? Quanti giorni mancano?\u201d<\/em> la signora Lang prepar\u00f2 24 biscotti speziati, li chiuse in altrettanti sacchetti, e promise al figlio che avrebbe potuto aprirne e mangiarne uno al giorno dal 1\u00b0 dicembre fino alla Vigilia di Natale. Un pensiero dolcissimo, per accompagnare i giorni dell&#8217;attesa della Festa e aiutare il bambino a comprenderne l&#8217;importanza. Un Calendario dell&#8217;Avvento fai da te, insomma, a cui ne seguirono molti altri, negli anni successivi.<\/p>\n<div class=\"link-product\">\n<div class=\"blocco-immagine\"><img loading=\"lazy\" decoding=\"async\" class=\"size-full wp-image-14362 alignleft\" src=\"https:\/\/blog.holyart.it\/it\/wp-content\/uploads\/sites\/17\/2021\/11\/calendario-per-avvento-a-sacchetti.jpg\" alt=\"calendario per avvento a sacchetti\" width=\"100\" height=\"100\" data-kale-share-title=\"Calendari dell\u2019Avvento: storia e tradizione\" data-kale-share-url=\"https:\/\/blog.holyart.it\/it\/?p=14359\" \/><\/div>\n<div class=\"blocco-contenuto\">\n<div class=\"blocco-acquista\">Acquista su Holyart:<\/div>\n<div class=\"blocco-titolo\"><a href=\"https:\/\/www.holyart.it\/it\/natale\/avvento\/calendario-per-avvento-a-sacchetti\">Calendario per Avvento a sacchetti<\/a><\/div>\n<div class=\"blocco-descrizione\">Il calendario \u00e8 composto da 24 sacchetti di stoffa legati tra di loro con un cordoncino.<\/div>\n<\/div>\n<\/div>\n<p>Questa usanza inventata dalla madre influenz\u00f2 il piccolo Gerhard Lang al punto che, una volta cresciuto e divenuto editore, decise di riproporre la stessa idea realizzando un supporto di cartone con 24 finestrelle, una per ogni giorno dal 1\u00b0 di dicembre alla Vigilia di Natale, all&#8217;interno delle quali fosse possibile nascondere biscotti, caramelle, cioccolatini, o piccoli doni che i bambini avrebbero potuto scoprire giorno dopo giorno. Presto altri imitarono la sua idea, creando Calendari dell&#8217;Avvento vuoti in cartone, legno, stoffa, che potevano essere riempiti di sorprese dai genitori, e alcune pasticcerie iniziarono a vendere anche Calendari dell&#8217;Avvento gi\u00e0 completi di dolciumi.<\/p>\n<div class=\"link-product\">\n<div class=\"blocco-immagine\"><img loading=\"lazy\" decoding=\"async\" class=\"size-full wp-image-14363 alignleft\" src=\"https:\/\/blog.holyart.it\/it\/wp-content\/uploads\/sites\/17\/2021\/11\/calendario-dellavvento-3d-con-finestrelle.jpg\" alt=\"calendario dellavvento 3d con finestrelle\" width=\"100\" height=\"100\" data-kale-share-title=\"Calendari dell\u2019Avvento: storia e tradizione\" data-kale-share-url=\"https:\/\/blog.holyart.it\/it\/?p=14359\" \/><\/div>\n<div class=\"blocco-contenuto\">\n<div class=\"blocco-acquista\">Acquista su Holyart:<\/div>\n<div class=\"blocco-titolo\"><a href=\"https:\/\/www.holyart.it\/it\/natale\/avvento\/calendario-dellavvento-3d-con-finestrelle\">Calendario dell&#8217;Avvento 3D con finestrelle<\/a><\/div>\n<div class=\"blocco-descrizione\">Calendario dell&#8217;Avvento tridimensionale con le finestrelle da aprire ogni giorno nell&#8217;attesa del 25 Dicembre.<\/div>\n<\/div>\n<\/div>\n<h2>Calendari dell\u2019Avvento da riempire<\/h2>\n<p>L&#8217;idea di un Calendario dell&#8217;Avvento vuoto da riempire \u00e8 ancora oggi diffusa. Anche nel nostro shop on line trovate molte proposte coloratissime e allegre, adatte sia come idee decorazioni per Natale, sia per accompagnare i piccoli di casa verso la Festa. Per esempio l&#8217;allegro <a href=\"https:\/\/www.holyart.it\/it\/natale\/avvento\/calendario-avvento-a-forma-di-albero-di-natale-h.-90-cm\"><strong>Albero di Natale-Calendario dell&#8217;Avvento<\/strong><\/a>, composto da 24 sacchetti di stoffa nei quali \u00e8 possibile riporre cioccolatini, caramelle o piccoli doni, o il simpatico <strong><a href=\"https:\/\/www.holyart.it\/it\/natale\/avvento\/calendario-dellavvento-a-sacchetti-55x50-cm\">Calendario dell&#8217;Avvento in legno con sacchetti<\/a><\/strong> 55&#215;52 cm., composto da 24 sacchetti di stoffa appesi a un bastone in legno, tutti da riempire. Una bell&#8217;idea decorativa per addobbare la casa in vista del Natale pu\u00f2 essere invece il <a href=\"https:\/\/www.holyart.it\/it\/natale\/avvento\/calendario-avvento-in-stoffa-casetta-70-cm\"><strong>Calendario Avvento in stoffa a forma di casetta<\/strong><\/a>. \u00c8 composto da 24 tasche di colori diversi pronte ad accogliere cioccolatini, caramelle o piccoli regalini.<\/p>\n<div class=\"link-product\">\n<div class=\"blocco-immagine\"><img loading=\"lazy\" decoding=\"async\" class=\"size-full wp-image-14364 alignleft\" src=\"https:\/\/blog.holyart.it\/it\/wp-content\/uploads\/sites\/17\/2021\/11\/calendario-avvento-in-stoffa-casetta-70-cm.jpg\" alt=\"calendario avvento in stoffa casetta 70 cm\" width=\"100\" height=\"100\" data-kale-share-title=\"Calendari dell\u2019Avvento: storia e tradizione\" data-kale-share-url=\"https:\/\/blog.holyart.it\/it\/?p=14359\" \/><\/div>\n<div class=\"blocco-contenuto\">\n<div class=\"blocco-acquista\">Acquista su Holyart:<\/div>\n<div class=\"blocco-titolo\"><a href=\"https:\/\/www.holyart.it\/it\/natale\/avvento\/calendario-avvento-in-stoffa-casetta-70-cm\">Calendario Avvento in stoffa casetta 70 cm<\/a><\/div>\n<div class=\"blocco-descrizione\">Il calendario ha 24 tasche di stoffa di colori e forme diverse in cui \u00e8 possibile riporre cioccolatini, caramelle o piccoli regalini.<\/div>\n<\/div>\n<\/div>\n<h2>Calendari dell\u2019avvento in legno<\/h2>\n<p>Sempre volendo scegliere un Calendario dell&#8217;Avvento da riempire con dolci o doni personalizzati, potete scegliere uno dei nostri bellissimi Calendari Avvento in legno, come il <a href=\"https:\/\/www.holyart.it\/it\/natale\/avvento\/calendario-dellavvento-30x40x10-cm-legno-luci-paesaggio-natalizio\"><strong>Calendario dell&#8217;Avvento raffigurante un paesaggio natalizio<\/strong><\/a>, con i suoi pratici cassettini, che render\u00e0 la vostra casa ancora pi\u00f9 allegra durante le feste natalizie. Oppure l&#8217;elegante e raffinato <a href=\"https:\/\/www.holyart.it\/it\/natale\/avvento\/calendario-avvento-legno-bianco-nero-32x32-cm\"><strong>Calendario Avvento bianco e nero<\/strong><\/a>, con uno sfondo che richiama una foresta innevata e 24 piccoli cassetti decorati in oro. Questo calendario offre il vantaggio ulteriore di poter essere illuminato da luci LED alimentate a pila, cos\u00ec come il <strong><a href=\"https:\/\/www.holyart.it\/it\/natale\/avvento\/calendario-40x30x10-cm-scena-nativita-con-luci\">Calendario dell&#8217;Avvento con scena della Nativit\u00e0<\/a><\/strong>, a forma di capanna, con pastori e pecore, illuminato da luci a LED che si attivano grazie a batterie stilo AA.<br \/>\nPratico e originale \u00e8 infine il <a href=\"https:\/\/www.holyart.it\/it\/natale\/avvento\/calendario-dellavvento-in-legno-forma-di-casetta-con-luci-30x40x5-cm\"><strong>Calendario Avvento pieghevole<\/strong><\/a> a forma di casetta, che si apre a rivelare una foresta innevata con alberi, renne e Babbo Natale sulla slitta.<\/p>\n<div class=\"link-product\">\n<div class=\"blocco-immagine\"><img loading=\"lazy\" decoding=\"async\" class=\"size-full wp-image-14367 alignleft\" src=\"https:\/\/blog.holyart.it\/it\/wp-content\/uploads\/sites\/17\/2021\/11\/calendario-dellavvento-in-legno-forma-di-casetta-con-luci-30x40x5-cm.jpg\" alt=\"calendario dellavvento in legno forma di casetta con luci 30x40x5 cm\" width=\"100\" height=\"100\" data-kale-share-title=\"Calendari dell\u2019Avvento: storia e tradizione\" data-kale-share-url=\"https:\/\/blog.holyart.it\/it\/?p=14359\" \/><\/div>\n<div class=\"blocco-contenuto\">\n<div class=\"blocco-acquista\">Acquista su Holyart:<\/div>\n<div class=\"blocco-titolo\"><a href=\"https:\/\/www.holyart.it\/it\/natale\/avvento\/calendario-dellavvento-in-legno-forma-di-casetta-con-luci-30x40x5-cm\">Calendario dell&#8217;Avvento in legno con luci<\/a><\/div>\n<div class=\"blocco-descrizione\">Calendario dell\u2019Avvento fatto interamente in legno dipinto con all&#8217;interno raffigurante babbo natale con la slitta.<\/div>\n<\/div>\n<\/div>\n","protected":false},"excerpt":{"rendered":"<p>Il Calendario dell&#8217;Avvento \u00e8 una delle tradizioni pi\u00f9 rappresentative del Natale. Ecco come \u00e8 nata e come viene portata avanti oggi Il Calendario dell&#8217;Avvento nasce, cos\u00ec come il Presepe, come strumento per far comprendere lo spirito di attesa e magica sospensione del Natale a tutti.&hellip;<\/p>\n","protected":false},"author":1,"featured_media":14370,"comment_status":"closed","ping_status":"open","sticky":false,"template":"","format":"standard","meta":{"_acf_changed":false,"footnotes":""},"categories":[18],"tags":[],"class_list":["post-14359","post","type-post","status-publish","format-standard","has-post-thumbnail","hentry","category-natale"],"acf":[],"yoast_head":"<!-- This site is optimized with the Yoast SEO plugin v26.6 - https:\/\/yoast.com\/wordpress\/plugins\/seo\/ -->\n<title>Calendari dell\u2019Avvento: storia e tradizione - Holyblog<\/title>\n<meta name=\"description\" content=\"Il Calendario dell&#039;Avvento \u00e8 una delle tradizioni pi\u00f9 rappresentative del Natale. Ecco come \u00e8 nata e come viene portata avanti oggi\" \/>\n<meta name=\"robots\" content=\"index, follow, max-snippet:-1, max-image-preview:large, max-video-preview:-1\" \/>\n<link rel=\"canonical\" href=\"https:\/\/blog.holyart.it\/it\/natale\/calendari-dellavvento-storia-e-tradizione\/\" \/>\n<meta property=\"og:locale\" content=\"it_IT\" \/>\n<meta property=\"og:type\" content=\"article\" \/>\n<meta property=\"og:title\" content=\"Calendari dell\u2019Avvento: storia e tradizione - Holyblog\" \/>\n<meta property=\"og:description\" content=\"Il Calendario dell&#039;Avvento \u00e8 una delle tradizioni pi\u00f9 rappresentative del Natale. Ecco come \u00e8 nata e come viene portata avanti oggi\" \/>\n<meta property=\"og:url\" content=\"https:\/\/blog.holyart.it\/it\/natale\/calendari-dellavvento-storia-e-tradizione\/\" \/>\n<meta property=\"og:site_name\" content=\"Holyblog\" \/>\n<meta property=\"article:published_time\" content=\"2021-11-30T09:00:28+00:00\" \/>\n<meta property=\"article:modified_time\" content=\"2024-10-24T10:33:40+00:00\" \/>\n<meta property=\"og:image\" content=\"https:\/\/blog.holyart.it\/it\/wp-content\/uploads\/sites\/17\/2021\/11\/calendari-avvento.jpg\" \/>\n\t<meta property=\"og:image:width\" content=\"680\" \/>\n\t<meta property=\"og:image:height\" content=\"380\" \/>\n\t<meta property=\"og:image:type\" content=\"image\/jpeg\" \/>\n<meta name=\"author\" content=\"Redazione\" \/>\n<meta name=\"twitter:card\" content=\"summary_large_image\" \/>\n<meta name=\"twitter:label1\" content=\"Scritto da\" \/>\n\t<meta name=\"twitter:data1\" content=\"Redazione\" \/>\n\t<meta name=\"twitter:label2\" content=\"Tempo di lettura stimato\" \/>\n\t<meta name=\"twitter:data2\" content=\"7 minuti\" \/>\n<script type=\"application\/ld+json\" class=\"yoast-schema-graph\">{\"@context\":\"https:\/\/schema.org\",\"@graph\":[{\"@type\":\"Article\",\"@id\":\"https:\/\/blog.holyart.it\/it\/natale\/calendari-dellavvento-storia-e-tradizione\/#article\",\"isPartOf\":{\"@id\":\"https:\/\/blog.holyart.it\/it\/natale\/calendari-dellavvento-storia-e-tradizione\/\"},\"author\":{\"name\":\"Redazione\",\"@id\":\"https:\/\/blog.holyart.it\/it\/#\/schema\/person\/0a7b686e5af0f856ec1e390dd0baecda\"},\"headline\":\"Calendari dell\u2019Avvento: storia e tradizione\",\"datePublished\":\"2021-11-30T09:00:28+00:00\",\"dateModified\":\"2024-10-24T10:33:40+00:00\",\"mainEntityOfPage\":{\"@id\":\"https:\/\/blog.holyart.it\/it\/natale\/calendari-dellavvento-storia-e-tradizione\/\"},\"wordCount\":916,\"publisher\":{\"@id\":\"https:\/\/blog.holyart.it\/it\/#organization\"},\"image\":{\"@id\":\"https:\/\/blog.holyart.it\/it\/natale\/calendari-dellavvento-storia-e-tradizione\/#primaryimage\"},\"thumbnailUrl\":\"https:\/\/blog.holyart.it\/it\/wp-content\/uploads\/sites\/17\/2021\/11\/calendari-avvento.jpg\",\"articleSection\":[\"Natale\"],\"inLanguage\":\"it-IT\"},{\"@type\":\"WebPage\",\"@id\":\"https:\/\/blog.holyart.it\/it\/natale\/calendari-dellavvento-storia-e-tradizione\/\",\"url\":\"https:\/\/blog.holyart.it\/it\/natale\/calendari-dellavvento-storia-e-tradizione\/\",\"name\":\"Calendari dell\u2019Avvento: storia e tradizione - Holyblog\",\"isPartOf\":{\"@id\":\"https:\/\/blog.holyart.it\/it\/#website\"},\"primaryImageOfPage\":{\"@id\":\"https:\/\/blog.holyart.it\/it\/natale\/calendari-dellavvento-storia-e-tradizione\/#primaryimage\"},\"image\":{\"@id\":\"https:\/\/blog.holyart.it\/it\/natale\/calendari-dellavvento-storia-e-tradizione\/#primaryimage\"},\"thumbnailUrl\":\"https:\/\/blog.holyart.it\/it\/wp-content\/uploads\/sites\/17\/2021\/11\/calendari-avvento.jpg\",\"datePublished\":\"2021-11-30T09:00:28+00:00\",\"dateModified\":\"2024-10-24T10:33:40+00:00\",\"description\":\"Il Calendario dell'Avvento \u00e8 una delle tradizioni pi\u00f9 rappresentative del Natale. Ecco come \u00e8 nata e come viene portata avanti oggi\",\"breadcrumb\":{\"@id\":\"https:\/\/blog.holyart.it\/it\/natale\/calendari-dellavvento-storia-e-tradizione\/#breadcrumb\"},\"inLanguage\":\"it-IT\",\"potentialAction\":[{\"@type\":\"ReadAction\",\"target\":[\"https:\/\/blog.holyart.it\/it\/natale\/calendari-dellavvento-storia-e-tradizione\/\"]}]},{\"@type\":\"ImageObject\",\"inLanguage\":\"it-IT\",\"@id\":\"https:\/\/blog.holyart.it\/it\/natale\/calendari-dellavvento-storia-e-tradizione\/#primaryimage\",\"url\":\"https:\/\/blog.holyart.it\/it\/wp-content\/uploads\/sites\/17\/2021\/11\/calendari-avvento.jpg\",\"contentUrl\":\"https:\/\/blog.holyart.it\/it\/wp-content\/uploads\/sites\/17\/2021\/11\/calendari-avvento.jpg\",\"width\":680,\"height\":380,\"caption\":\"calendari avvento\"},{\"@type\":\"BreadcrumbList\",\"@id\":\"https:\/\/blog.holyart.it\/it\/natale\/calendari-dellavvento-storia-e-tradizione\/#breadcrumb\",\"itemListElement\":[{\"@type\":\"ListItem\",\"position\":1,\"name\":\"Homepage\",\"item\":\"https:\/\/blog.holyart.it\/it\/\"},{\"@type\":\"ListItem\",\"position\":2,\"name\":\"Natale\",\"item\":\"https:\/\/blog.holyart.it\/it\/natale\/\"},{\"@type\":\"ListItem\",\"position\":3,\"name\":\"Calendari dell\u2019Avvento: storia e tradizione\"}]},{\"@type\":\"WebSite\",\"@id\":\"https:\/\/blog.holyart.it\/it\/#website\",\"url\":\"https:\/\/blog.holyart.it\/it\/\",\"name\":\"Holyblog\",\"description\":\"Il Blog di Holyart.it\",\"publisher\":{\"@id\":\"https:\/\/blog.holyart.it\/it\/#organization\"},\"potentialAction\":[{\"@type\":\"SearchAction\",\"target\":{\"@type\":\"EntryPoint\",\"urlTemplate\":\"https:\/\/blog.holyart.it\/it\/?s={search_term_string}\"},\"query-input\":{\"@type\":\"PropertyValueSpecification\",\"valueRequired\":true,\"valueName\":\"search_term_string\"}}],\"inLanguage\":\"it-IT\"},{\"@type\":\"Organization\",\"@id\":\"https:\/\/blog.holyart.it\/it\/#organization\",\"name\":\"Holyblog\",\"url\":\"https:\/\/blog.holyart.it\/it\/\",\"logo\":{\"@type\":\"ImageObject\",\"inLanguage\":\"it-IT\",\"@id\":\"https:\/\/blog.holyart.it\/it\/#\/schema\/logo\/image\/\",\"url\":\"https:\/\/blog.holyart.it\/it\/wp-content\/uploads\/sites\/17\/2022\/12\/Holyart_Blog_Logo.jpg\",\"contentUrl\":\"https:\/\/blog.holyart.it\/it\/wp-content\/uploads\/sites\/17\/2022\/12\/Holyart_Blog_Logo.jpg\",\"width\":300,\"height\":50,\"caption\":\"Holyblog\"},\"image\":{\"@id\":\"https:\/\/blog.holyart.it\/it\/#\/schema\/logo\/image\/\"}},{\"@type\":\"Person\",\"@id\":\"https:\/\/blog.holyart.it\/it\/#\/schema\/person\/0a7b686e5af0f856ec1e390dd0baecda\",\"name\":\"Redazione\"}]}<\/script>\n<!-- \/ Yoast SEO plugin. -->","yoast_head_json":{"title":"Calendari dell\u2019Avvento: storia e tradizione - Holyblog","description":"Il Calendario dell'Avvento \u00e8 una delle tradizioni pi\u00f9 rappresentative del Natale. Ecco come \u00e8 nata e come viene portata avanti oggi","robots":{"index":"index","follow":"follow","max-snippet":"max-snippet:-1","max-image-preview":"max-image-preview:large","max-video-preview":"max-video-preview:-1"},"canonical":"https:\/\/blog.holyart.it\/it\/natale\/calendari-dellavvento-storia-e-tradizione\/","og_locale":"it_IT","og_type":"article","og_title":"Calendari dell\u2019Avvento: storia e tradizione - Holyblog","og_description":"Il Calendario dell'Avvento \u00e8 una delle tradizioni pi\u00f9 rappresentative del Natale. Ecco come \u00e8 nata e come viene portata avanti oggi","og_url":"https:\/\/blog.holyart.it\/it\/natale\/calendari-dellavvento-storia-e-tradizione\/","og_site_name":"Holyblog","article_published_time":"2021-11-30T09:00:28+00:00","article_modified_time":"2024-10-24T10:33:40+00:00","og_image":[{"width":680,"height":380,"url":"https:\/\/blog.holyart.it\/it\/wp-content\/uploads\/sites\/17\/2021\/11\/calendari-avvento.jpg","type":"image\/jpeg"}],"author":"Redazione","twitter_card":"summary_large_image","twitter_misc":{"Scritto da":"Redazione","Tempo di lettura stimato":"7 minuti"},"schema":{"@context":"https:\/\/schema.org","@graph":[{"@type":"Article","@id":"https:\/\/blog.holyart.it\/it\/natale\/calendari-dellavvento-storia-e-tradizione\/#article","isPartOf":{"@id":"https:\/\/blog.holyart.it\/it\/natale\/calendari-dellavvento-storia-e-tradizione\/"},"author":{"name":"Redazione","@id":"https:\/\/blog.holyart.it\/it\/#\/schema\/person\/0a7b686e5af0f856ec1e390dd0baecda"},"headline":"Calendari dell\u2019Avvento: storia e tradizione","datePublished":"2021-11-30T09:00:28+00:00","dateModified":"2024-10-24T10:33:40+00:00","mainEntityOfPage":{"@id":"https:\/\/blog.holyart.it\/it\/natale\/calendari-dellavvento-storia-e-tradizione\/"},"wordCount":916,"publisher":{"@id":"https:\/\/blog.holyart.it\/it\/#organization"},"image":{"@id":"https:\/\/blog.holyart.it\/it\/natale\/calendari-dellavvento-storia-e-tradizione\/#primaryimage"},"thumbnailUrl":"https:\/\/blog.holyart.it\/it\/wp-content\/uploads\/sites\/17\/2021\/11\/calendari-avvento.jpg","articleSection":["Natale"],"inLanguage":"it-IT"},{"@type":"WebPage","@id":"https:\/\/blog.holyart.it\/it\/natale\/calendari-dellavvento-storia-e-tradizione\/","url":"https:\/\/blog.holyart.it\/it\/natale\/calendari-dellavvento-storia-e-tradizione\/","name":"Calendari dell\u2019Avvento: storia e tradizione - Holyblog","isPartOf":{"@id":"https:\/\/blog.holyart.it\/it\/#website"},"primaryImageOfPage":{"@id":"https:\/\/blog.holyart.it\/it\/natale\/calendari-dellavvento-storia-e-tradizione\/#primaryimage"},"image":{"@id":"https:\/\/blog.holyart.it\/it\/natale\/calendari-dellavvento-storia-e-tradizione\/#primaryimage"},"thumbnailUrl":"https:\/\/blog.holyart.it\/it\/wp-content\/uploads\/sites\/17\/2021\/11\/calendari-avvento.jpg","datePublished":"2021-11-30T09:00:28+00:00","dateModified":"2024-10-24T10:33:40+00:00","description":"Il Calendario dell'Avvento \u00e8 una delle tradizioni pi\u00f9 rappresentative del Natale. Ecco come \u00e8 nata e come viene portata avanti oggi","breadcrumb":{"@id":"https:\/\/blog.holyart.it\/it\/natale\/calendari-dellavvento-storia-e-tradizione\/#breadcrumb"},"inLanguage":"it-IT","potentialAction":[{"@type":"ReadAction","target":["https:\/\/blog.holyart.it\/it\/natale\/calendari-dellavvento-storia-e-tradizione\/"]}]},{"@type":"ImageObject","inLanguage":"it-IT","@id":"https:\/\/blog.holyart.it\/it\/natale\/calendari-dellavvento-storia-e-tradizione\/#primaryimage","url":"https:\/\/blog.holyart.it\/it\/wp-content\/uploads\/sites\/17\/2021\/11\/calendari-avvento.jpg","contentUrl":"https:\/\/blog.holyart.it\/it\/wp-content\/uploads\/sites\/17\/2021\/11\/calendari-avvento.jpg","width":680,"height":380,"caption":"calendari avvento"},{"@type":"BreadcrumbList","@id":"https:\/\/blog.holyart.it\/it\/natale\/calendari-dellavvento-storia-e-tradizione\/#breadcrumb","itemListElement":[{"@type":"ListItem","position":1,"name":"Homepage","item":"https:\/\/blog.holyart.it\/it\/"},{"@type":"ListItem","position":2,"name":"Natale","item":"https:\/\/blog.holyart.it\/it\/natale\/"},{"@type":"ListItem","position":3,"name":"Calendari dell\u2019Avvento: storia e tradizione"}]},{"@type":"WebSite","@id":"https:\/\/blog.holyart.it\/it\/#website","url":"https:\/\/blog.holyart.it\/it\/","name":"Holyblog","description":"Il Blog di Holyart.it","publisher":{"@id":"https:\/\/blog.holyart.it\/it\/#organization"},"potentialAction":[{"@type":"SearchAction","target":{"@type":"EntryPoint","urlTemplate":"https:\/\/blog.holyart.it\/it\/?s={search_term_string}"},"query-input":{"@type":"PropertyValueSpecification","valueRequired":true,"valueName":"search_term_string"}}],"inLanguage":"it-IT"},{"@type":"Organization","@id":"https:\/\/blog.holyart.it\/it\/#organization","name":"Holyblog","url":"https:\/\/blog.holyart.it\/it\/","logo":{"@type":"ImageObject","inLanguage":"it-IT","@id":"https:\/\/blog.holyart.it\/it\/#\/schema\/logo\/image\/","url":"https:\/\/blog.holyart.it\/it\/wp-content\/uploads\/sites\/17\/2022\/12\/Holyart_Blog_Logo.jpg","contentUrl":"https:\/\/blog.holyart.it\/it\/wp-content\/uploads\/sites\/17\/2022\/12\/Holyart_Blog_Logo.jpg","width":300,"height":50,"caption":"Holyblog"},"image":{"@id":"https:\/\/blog.holyart.it\/it\/#\/schema\/logo\/image\/"}},{"@type":"Person","@id":"https:\/\/blog.holyart.it\/it\/#\/schema\/person\/0a7b686e5af0f856ec1e390dd0baecda","name":"Redazione"}]}},"_links":{"self":[{"href":"https:\/\/blog.holyart.it\/it\/wp-json\/wp\/v2\/posts\/14359","targetHints":{"allow":["GET"]}}],"collection":[{"href":"https:\/\/blog.holyart.it\/it\/wp-json\/wp\/v2\/posts"}],"about":[{"href":"https:\/\/blog.holyart.it\/it\/wp-json\/wp\/v2\/types\/post"}],"author":[{"embeddable":true,"href":"https:\/\/blog.holyart.it\/it\/wp-json\/wp\/v2\/users\/1"}],"replies":[{"embeddable":true,"href":"https:\/\/blog.holyart.it\/it\/wp-json\/wp\/v2\/comments?post=14359"}],"version-history":[{"count":1,"href":"https:\/\/blog.holyart.it\/it\/wp-json\/wp\/v2\/posts\/14359\/revisions"}],"predecessor-version":[{"id":18761,"href":"https:\/\/blog.holyart.it\/it\/wp-json\/wp\/v2\/posts\/14359\/revisions\/18761"}],"wp:featuredmedia":[{"embeddable":true,"href":"https:\/\/blog.holyart.it\/it\/wp-json\/wp\/v2\/media\/14370"}],"wp:attachment":[{"href":"https:\/\/blog.holyart.it\/it\/wp-json\/wp\/v2\/media?parent=14359"}],"wp:term":[{"taxonomy":"category","embeddable":true,"href":"https:\/\/blog.holyart.it\/it\/wp-json\/wp\/v2\/categories?post=14359"},{"taxonomy":"post_tag","embeddable":true,"href":"https:\/\/blog.holyart.it\/it\/wp-json\/wp\/v2\/tags?post=14359"}],"curies":[{"name":"wp","href":"https:\/\/api.w.org\/{rel}","templated":true}]}}