{"id":14302,"date":"2021-11-18T10:00:14","date_gmt":"2021-11-18T09:00:14","guid":{"rendered":"https:\/\/blog.holyart.it\/it\/?p=14302"},"modified":"2025-11-07T15:11:09","modified_gmt":"2025-11-07T14:11:09","slug":"apparecchiare-la-tavola-a-natale-tante-idee-anche-fai-da-te","status":"publish","type":"post","link":"https:\/\/blog.holyart.it\/it\/natale\/apparecchiare-la-tavola-a-natale-tante-idee-anche-fai-da-te\/","title":{"rendered":"Apparecchiare la tavola a Natale: tante idee anche fai da te"},"content":{"rendered":"<h4>La tavola della Festa \u00e8 simbolo di accoglienza e intimit\u00e0 famigliare. Ecco come apparecchiare la tavola a Natale<\/h4>\n\n<p>L&#8217;estate \u00e8 appena finita, eppure \u00e8 gi\u00e0 un ricordo. Le giornate si accorciano, l&#8217;aria si gonfia d&#8217;umidit\u00e0 e foschia, il freddo si fa sempre pi\u00f9 intenso, pungente, e senza quasi rendercene conto siamo a un passo dall&#8217;inverno. E come ogni anno, il freddo torna a rievocare i profumi e le sensazioni caratteristiche dei giorni di Festa, quel tepore buono che pervade le nostre case, quell&#8217;atmosfera magica e rarefatta che sembra rendere tutto pi\u00f9 bello, speciale. Ebbene s\u00ec, ci stiamo avvicinando al <a href=\"https:\/\/www.holyart.it\/it\/natale\"><strong>Natale<\/strong><\/a>, e presto cominceremo ad addobbare la nostra casa per prepararci non solo nello spirito, ma anche nella quotidianit\u00e0, a questa festa cos\u00ec preziosa e unica.<br \/>\nCome vi preparerete quest&#8217;anno? Quale <strong><a href=\"https:\/\/www.holyart.it\/blog\/natale\/5-decori-per-casa-ideali-per-natale-o-per-tutto-lanno\/\">decoro natalizio<\/a><\/strong> sceglierete per la vostra casa? Un quadretto sacro, una candela speciale, magari una <a href=\"https:\/\/www.holyart.it\/it\/natale\/avvento\"><strong>corona dell&#8217;Avvento<\/strong><\/a>, con le sue candele colorate che bruciano i giorni che ci separano dalla celebrazione della Nativit\u00e0 diffondendo nell&#8217;aria un dolce profumo di Festa? O magari sceglierete una bella <strong><a href=\"https:\/\/www.holyart.it\/blog\/natale\/ghirlande-natalizie-la-decorazione-perfetta-per-il-tuo-natale\/\">ghirlanda natalizia<\/a><\/strong>, perfetta per decorare la vostra casa sia all\u2019interno che all\u2019esterno. E poi l&#8217;Albero di Natale, il Presepe, <a href=\"https:\/\/www.holyart.it\/it\/natale\/presepe-fai-da-te-e-miniature\"><strong>magari fai da te<\/strong><\/a>, le luminarie&#8230;<\/p>\n<div class=\"link-article\">\n<p><img loading=\"lazy\" decoding=\"async\" class=\"size-full wp-image-14303 alignleft\" src=\"https:\/\/blog.holyart.it\/it\/wp-content\/uploads\/sites\/17\/2021\/11\/ghirlande-di-natale.jpg\" alt=\"ghirlande di natale\" width=\"150\" height=\"99\" data-kale-share-title=\"Apparecchiare la tavola a Natale: tante idee anche fai da te\" data-kale-share-url=\"https:\/\/blog.holyart.it\/it\/?p=14302\" \/><\/p>\n<div class=\"leggi-anche\">Leggi anche:<\/div>\n<p><strong><a href=\"https:\/\/www.holyart.it\/blog\/natale\/ghirlande-natalizie-la-decorazione-perfetta-per-il-tuo-natale\/\">Ghirlande natalizie, la decorazione perfetta per il tuo Natale<\/a><\/strong><br \/>\nTonde, colorate e meravigliose, le ghirlande natalizie possono essere una decorazione perfetta sia per l\u2019interno che per l\u2019esterno&#8230;<\/p>\n<\/div>\n<p>In un battito di ciglia arriva il momento di <strong>apparecchiare la tavola di Natale<\/strong>, e anche in questo caso c&#8217;\u00e8 davvero da sbizzarrirsi. Perch\u00e9 quando si prepara la tavola natalizia nulla pu\u00f2 essere lasciato al caso. Ogni dettaglio, ogni piccolo particolare, serve ad esprimere tutta la gioia che proviamo nel poter accogliere ancora una volta nella nostra casa i famigliari, gli amici, coloro che amiamo, per celebrare insieme la magia del Natale, il meraviglioso mistero della <a href=\"https:\/\/www.holyart.it\/it\/natale\/nativita\"><strong>Nativit\u00e0<\/strong><\/a>.<\/p>\n<div class=\"link-product\">\n<div class=\"blocco-immagine\"><img loading=\"lazy\" decoding=\"async\" class=\"size-full wp-image-14304 alignleft\" src=\"https:\/\/blog.holyart.it\/it\/wp-content\/uploads\/sites\/17\/2021\/11\/nativita-contadina-bianca-bethleem.jpg\" alt=\"nativita contadina bianca bethleem\" width=\"100\" height=\"100\" data-kale-share-title=\"Apparecchiare la tavola a Natale: tante idee anche fai da te\" data-kale-share-url=\"https:\/\/blog.holyart.it\/it\/?p=14302\" \/><\/div>\n<div class=\"blocco-contenuto\">\n<div class=\"blocco-acquista\">Acquista su Holyart:<\/div>\n<div class=\"blocco-titolo\"><a href=\"https:\/\/www.holyart.it\/it\/natale\/nativita\">Nativit\u00e0<\/a><\/div>\n<div class=\"blocco-descrizione\">Tantissime tipologie di Nativit\u00e0, alcune davvero rare e preziose, opere originali di manifattura non soltanto italiana.<\/div>\n<\/div>\n<\/div>\n<p>A secondo del nostro gusto, della nostra indole, delle nostre possibilit\u00e0, potremo optare per una tavola elegante e sofisticata, giocando sul tipico contrasto rosso e oro, o bianco e argento, o scegliere un allestimento pi\u00f9 casalingo, rustico, magari con piccoli dettagli in legno, con decori shabby chic, o riutilizzando vecchi balocchi dell&#8217;albero di Natale della nostra infanzia, perch\u00e9 no?<\/p>\n<p>Ma cosa non pu\u00f2 mancare sulla tavola del Natale?<\/p>\n<p>Non si tratta di impressionare i nostri ospiti, quanto di coinvolgerli in un clima intimo e famigliare, che profuma di ricordi e passato, di tradizioni &#8216;della famiglia&#8217; che rivivono in una tovaglia particolare, un servizio di piatti &#8216;della nonna&#8217;, un centrotavola natalizio che emana aromi di arancio e cannella. Al di l\u00e0 della scelta di tovaglia, piatti, posate, stoviglie varie, che varieranno in base allo stile che abbiamo scelto di dare alla nostra Festa, il segreto dell&#8217;apparecchiare la tavola di Natale sta proprio nei dettagli, nel centrotavola, nei segnaposti. Ecco qualche consiglio.<\/p>\n<h2>Centrotavola natalizi<\/h2>\n<p>Abbiamo gi\u00e0 accennato alle <a href=\"https:\/\/www.holyart.it\/blog\/natale\/ghirlande-natalizie-la-decorazione-perfetta-per-il-tuo-natale\/\"><strong>ghirlande natalizie<\/strong><\/a> appese alle finestre o sulla porta d&#8217;ingresso, come decorazioni natalizie perfette per la casa a Natale. Ma perch\u00e9 non scegliere di usarne una come centrotavola? Una bella ghirlanda, decorata con piccole pigne e rametti di agrifoglio, fiocchi, bacche, perle luccicanti, e le immancabili candele, per riscaldare l&#8217;atmosfera.<br \/>\nAnche una <a href=\"https:\/\/www.holyart.it\/it\/natale\/avvento\/corona-avvento-rami-intrecciati-con-punzoni-28-cm\"><strong>corona dell&#8217;Avvento <\/strong><\/a>potrebbe rivelarsi la soluzione ideale per un centrotavola classico. Simile alla ghirlanda, \u00e8 solitamente rotonda, composta da rami di sempreverde intrecciati a cui vengono aggiunte bacche rosse, palline di Natale, bastoncini di cannella e infiniti ninnoli e ornamenti. La corona dell&#8217;Avvento \u00e8 inoltre gi\u00e0 predisposta per fungere da portacandele, con piccoli contenitori in vetro e altre soluzioni adatte a tutti i gusti e tutti gli stili.<br \/>\nNon ci stancheremo di ricordare quanto le <a href=\"https:\/\/www.holyart.it\/it\/natale\/avvento\/candele-bordeaux-tonde-5-cm-4-pezzi\"><strong>candele<\/strong><\/a> sulla tavola della Festa non possano in ogni caso mancare. Per i cristiani la luce \u00e8 un simbolo di speranza, e le candele portano luce e calore in ogni occasione. Scegliete un <a href=\"https:\/\/www.holyart.it\/it\/accessori-per-la-liturgia\/portacandele-portaceri-candelabri\/candelieri-ceramica-vetro-plexiglass\/lumettine-colorate\"><strong>portacandele<\/strong><\/a> adatto alla vostra tavola, o createne uno voi, personalizzandolo con composizioni natalizie fai da te con pigne, bacche, fiocchi.\u00a0Diventer\u00e0 il cuore pulsante della vostra Festa.<\/p>\n<table class=\"widefat sliders-list\">\n<tbody>\n<tr class=\"slider-row\">\n<td><div class=\"sp-styles-warning\" style=\"width: 450px; background-color: #FFF; color: #F00; border: 1px solid #F00; padding: 10px; font-size: 14px;\">\n\t\t\t<span style=\"font-weight: bold;\">Warning: The stylesheets were not loaded!<\/span> \n\t\t\tYou will need to change the <i>Load stylesheets<\/i> setting from <i>Automatically<\/i> to <i>On homepage<\/i> or <i>On all pages<\/i>. \n\t\t\tYou can set that <a style=\"text-decoration: underline; color: #F00;\" href=\"https:\/\/blog.holyart.it\/it\/wp-admin\/admin.php?page=sliderpro-settings\">here<\/a>.\n\t\t\t<\/div>\r\n<div id=\"slider-pro-121\" class=\"slider-pro sp-no-js\" style=\"width: 500px; height: 500px;\">\r\n\t<div class=\"sp-slides\">\r\n\t\t\r\n\t\t<div class=\"sp-slide\">\r\n\t\t\t<img loading=\"lazy\" decoding=\"async\" class=\"sp-image\" src=\"https:\/\/blog.holyart.it\/it\/wp-content\/uploads\/sites\/17\/2021\/11\/centrotavola-natalizio.jpeg\" alt=\"centrotavola natalizio\" width=\"500\" height=\"500\" \/>\r\n\t\t\t<div class=\"sp-thumbnail\"><img decoding=\"async\" src=\"https:\/\/blog.holyart.it\/it\/wp-content\/uploads\/sites\/17\/2021\/11\/centrotavola-natalizio-150x150.jpeg\" \/>\r\n\t\t\t<\/div>\r\n\t\t\t<div class=\"sp-caption\">All'interno della categoria Avvento, corone e ghirlande natalizie da poter usare come centrotavola. <br \/><strong><a href=\"https:\/\/www.holyart.it\/it\/natale\/avvento\">Acquista su Holyart<\/a><\/strong><\/div>\r\n\t\t<\/div>\r\n\t\t<div class=\"sp-slide\">\r\n\t\t\t<img loading=\"lazy\" decoding=\"async\" class=\"sp-image\" src=\"https:\/\/blog.holyart.it\/it\/wp-content\/uploads\/sites\/17\/2021\/11\/corona-avvento-rami-intrecciati-con-punzoni-28-cm.jpg\" alt=\"corona avvento rami intrecciati con punzoni 28 cm\" width=\"500\" height=\"500\" \/>\r\n\t\t\t<div class=\"sp-thumbnail\"><img decoding=\"async\" src=\"https:\/\/blog.holyart.it\/it\/wp-content\/uploads\/sites\/17\/2021\/11\/corona-avvento-rami-intrecciati-con-punzoni-28-cm-150x150.jpg\" \/>\r\n\t\t\t<\/div>\r\n\t\t\t<div class=\"sp-caption\">Corona Avvento rami intrecciati con punzoni 28 cm. <br \/><strong><a href=\"https:\/\/www.holyart.it\/it\/natale\/avvento\/corona-avvento-rami-intrecciati-con-punzoni-28-cm\">Acquista su Holyart<\/a><\/strong><\/div>\r\n\t\t<\/div>\r\n\t\t<div class=\"sp-slide\">\r\n\t\t\t<img loading=\"lazy\" decoding=\"async\" class=\"sp-image\" src=\"https:\/\/blog.holyart.it\/it\/wp-content\/uploads\/sites\/17\/2021\/11\/candele-bordeaux-tonde-5-cm-4-pezzi.jpg\" alt=\"candele bordeaux tonde 5 cm 4 pezzi\" width=\"500\" height=\"500\" \/>\r\n\t\t\t<div class=\"sp-thumbnail\"><img decoding=\"async\" src=\"https:\/\/blog.holyart.it\/it\/wp-content\/uploads\/sites\/17\/2021\/11\/candele-bordeaux-tonde-5-cm-4-pezzi-150x150.jpg\" \/>\r\n\t\t\t<\/div>\r\n\t\t\t<div class=\"sp-caption\">Candele bordeaux tonde 5 cm 4 pezzi. <br \/><strong><a href=\"https:\/\/www.holyart.it\/it\/natale\/avvento\/candele-bordeaux-tonde-5-cm-4-pezzi\">Acquista su Holyart<\/a><\/strong><\/div>\r\n\t\t<\/div>\r\n\t\t<div class=\"sp-slide\">\r\n\t\t\t<img loading=\"lazy\" decoding=\"async\" class=\"sp-image\" src=\"https:\/\/blog.holyart.it\/it\/wp-content\/uploads\/sites\/17\/2021\/11\/lumettine-colorate.jpg\" alt=\"lumettine colorate\" width=\"500\" height=\"500\" \/>\r\n\t\t\t<div class=\"sp-thumbnail\"><img decoding=\"async\" src=\"https:\/\/blog.holyart.it\/it\/wp-content\/uploads\/sites\/17\/2021\/11\/lumettine-colorate-150x150.jpg\" \/>\r\n\t\t\t<\/div>\r\n\t\t\t<div class=\"sp-caption\">Lumettine colorate. <br \/><strong><a href=\"https:\/\/www.holyart.it\/it\/accessori-per-la-liturgia\/portacandele-portaceri-candelabri\/candelieri-ceramica-vetro-plexiglass\/lumettine-colorate\">Acquista su Holyart<\/a><\/strong><\/div>\r\n\t\t<\/div>\r\n\t<\/div>\r\n<\/div><\/td>\n<\/tr>\n<\/tbody>\n<\/table>\n<h2>Segnaposti natalizi fai da te<\/h2>\n<p>Anche i segnaposti natalizi sono elementi che possono rendere davvero speciale la tavola della Festa. Il Natale non \u00e8 un giorno qualsiasi, e le persone che siederanno con noi intorno alla tavola rientrano nel novero dei nostri parenti e amici pi\u00f9 cari. Dunque \u00e8 giusto che ciascuno di loro si senta importante, si riconosca come parte di qualcosa di bello e prezioso che necessita anche della sua presenza per essere perfetto. Esistono in commercio moltissimi segnaposti natalizi gi\u00e0 fatti, adatti a ogni tavola e a ogni casa, ma con un po&#8217; d\u2019inventiva si possono trovare soluzioni personalizzate e molto pi\u00f9 economiche. Un <strong><a href=\"https:\/\/www.holyart.it\/it\/natale\/addobbi-natalizi-per-lalbero\/decorazioni-albero-in-legno-e-pvc\/addobbo-albero-legno-olivo-palestina-angelo\">angioletto in legno d&#8217;ulivo della Terrasanta<\/a><\/strong>, realizzato in loco dagli artigiani locali, o un <strong><a href=\"https:\/\/www.holyart.it\/it\/natale\/addobbi-natalizi-per-lalbero\/decorazioni-albero-in-legno-e-pvc\/addobbo-natalizio-legno-sagomato-sacra-famiglia-e-gesu-bambino\">piccolo Addobbo Natalizio in legno sagomato<\/a><\/strong> che rappresenta la Sacra Famiglia e Ges\u00f9 Bambino potranno rivelarsi segnaposto natalizi graziosi e di grande effetto, oltre che non rappresentare una spesa eccessiva. Potete aggiungere dei semplici fiocchi e scrivere con un pennarello il nome dei vostri invitati. A volte \u00e8 proprio la semplicit\u00e0 la chiave vincente per apparecchiare la tavola di Natale, e riutilizzare un addobbo di Natale fai da te, o acquistato, magari in legno, come segnaposto natalizi fai da te pu\u00f2 rendere la vostra tavola davvero unica.<\/p>\n<div class=\"sp-styles-warning\" style=\"width: 450px; background-color: #FFF; color: #F00; border: 1px solid #F00; padding: 10px; font-size: 14px;\">\n\t\t\t<span style=\"font-weight: bold;\">Warning: The stylesheets were not loaded!<\/span> \n\t\t\tYou will need to change the <i>Load stylesheets<\/i> setting from <i>Automatically<\/i> to <i>On homepage<\/i> or <i>On all pages<\/i>. \n\t\t\tYou can set that <a style=\"text-decoration: underline; color: #F00;\" href=\"https:\/\/blog.holyart.it\/it\/wp-admin\/admin.php?page=sliderpro-settings\">here<\/a>.\n\t\t\t<\/div>\r\n<div id=\"slider-pro-122\" class=\"slider-pro sp-no-js\" style=\"width: 500px; height: 500px;\">\r\n\t<div class=\"sp-slides\">\r\n\t\t\r\n\t\t<div class=\"sp-slide\">\r\n\t\t\t<img loading=\"lazy\" decoding=\"async\" class=\"sp-image\" src=\"https:\/\/blog.holyart.it\/it\/wp-content\/uploads\/sites\/17\/2021\/11\/segnaposto-tavola-natale.jpeg\" alt=\"segnaposto natalizi\" width=\"500\" height=\"500\" \/>\r\n\t\t\t<div class=\"sp-thumbnail\"><img decoding=\"async\" src=\"https:\/\/blog.holyart.it\/it\/wp-content\/uploads\/sites\/17\/2021\/11\/segnaposto-tavola-natale-150x150.jpeg\" \/>\r\n\t\t\t<\/div>\r\n\t\t\t<div class=\"sp-caption\">Idee per segnaposto natalizi che renderanno unica la vostra tavola. <br \/><strong><a href=\"https:\/\/www.holyart.it\/it\/natale\">Acquista su Holyart<\/a><\/strong><\/div>\r\n\t\t<\/div>\r\n\t\t<div class=\"sp-slide\">\r\n\t\t\t<img loading=\"lazy\" decoding=\"async\" class=\"sp-image\" src=\"https:\/\/blog.holyart.it\/it\/wp-content\/uploads\/sites\/17\/2021\/11\/addobbo-natalizio-legno-sagomato-sacra-famiglia-e-gesu-bambino.jpg\" alt=\"addobbo natalizio legno sagomato sacra famiglia e gesu bambino\" width=\"500\" height=\"500\" \/>\r\n\t\t\t<div class=\"sp-thumbnail\"><img decoding=\"async\" src=\"https:\/\/blog.holyart.it\/it\/wp-content\/uploads\/sites\/17\/2021\/11\/addobbo-natalizio-legno-sagomato-sacra-famiglia-e-gesu-bambino-150x150.jpg\" \/>\r\n\t\t\t<\/div>\r\n\t\t\t<div class=\"sp-caption\">Addobbo Natalizio legno sagomato Sacra Famiglia e Ges\u00f9 Bambino. <br \/><strong><a href=\"https:\/\/www.holyart.it\/it\/natale\/addobbi-natalizi-per-lalbero\/decorazioni-albero-in-legno-e-pvc\/addobbo-natalizio-legno-sagomato-sacra-famiglia-e-gesu-bambino\">Acquista su Holyart<\/a><\/strong><\/div>\r\n\t\t<\/div>\r\n\t\t<div class=\"sp-slide\">\r\n\t\t\t<img loading=\"lazy\" decoding=\"async\" class=\"sp-image\" src=\"https:\/\/blog.holyart.it\/it\/wp-content\/uploads\/sites\/17\/2021\/11\/addobbo-albero-legno-olivo-palestina-angelo.jpg\" alt=\"addobbo albero legno olivo palestina angelo\" width=\"500\" height=\"500\" \/>\r\n\t\t\t<div class=\"sp-thumbnail\"><img decoding=\"async\" src=\"https:\/\/blog.holyart.it\/it\/wp-content\/uploads\/sites\/17\/2021\/11\/addobbo-albero-legno-olivo-palestina-angelo-150x150.jpg\" \/>\r\n\t\t\t<\/div>\r\n\t\t\t<div class=\"sp-caption\">Addobbo albero legno olivo Palestina angelo. <br \/><strong><a href=\"https:\/\/www.holyart.it\/it\/natale\/addobbi-natalizi-per-lalbero\/decorazioni-albero-in-legno-e-pvc\/addobbo-albero-legno-olivo-palestina-angelo\">Acquista su Holyart<\/a><\/strong><\/div>\r\n\t\t<\/div>\r\n\t\t<div class=\"sp-slide\">\r\n\t\t\t<img loading=\"lazy\" decoding=\"async\" class=\"sp-image\" src=\"https:\/\/blog.holyart.it\/it\/wp-content\/uploads\/sites\/17\/2021\/11\/pino-verde-per-presepe-fai-da-te-con-base.jpg\" alt=\"pino verde per presepe fai da te con base\" width=\"500\" height=\"500\" \/>\r\n\t\t\t<div class=\"sp-thumbnail\"><img decoding=\"async\" src=\"https:\/\/blog.holyart.it\/it\/wp-content\/uploads\/sites\/17\/2021\/11\/pino-verde-per-presepe-fai-da-te-con-base-150x150.jpg\" \/>\r\n\t\t\t<\/div>\r\n\t\t\t<div class=\"sp-caption\">Pino verde per presepe fai da te con base. <br \/><strong><a href=\"https:\/\/www.holyart.it\/it\/natale\/presepe-fai-da-te-e-miniature\/muschio-licheni-piante-pavimentazioni\/pino-verde-per-presepe-fai-da-te-con-base\">Acquista su Holyart<\/a><\/strong><\/div>\r\n\t\t<\/div>\r\n\t\t<div class=\"sp-slide\">\r\n\t\t\t<img loading=\"lazy\" decoding=\"async\" class=\"sp-image\" src=\"https:\/\/blog.holyart.it\/it\/wp-content\/uploads\/sites\/17\/2021\/11\/piatto-portacero-legno-mango-naturale-ovale-10x8-cm.jpg\" alt=\"piatto portacero legno mango naturale ovale 10x8 cm\" width=\"500\" height=\"500\" \/>\r\n\t\t\t<div class=\"sp-thumbnail\"><img decoding=\"async\" src=\"https:\/\/blog.holyart.it\/it\/wp-content\/uploads\/sites\/17\/2021\/11\/piatto-portacero-legno-mango-naturale-ovale-10x8-cm-150x150.jpg\" \/>\r\n\t\t\t<\/div>\r\n\t\t\t<div class=\"sp-caption\">Piatto portacero legno mango naturale ovale 10x8 cm. <br \/><strong><a href=\"https:\/\/www.holyart.it\/it\/articoli-religiosi\/portacandele-portalumini\/piatto-portacero-legno-mango-naturale-ovale-10x8-cm\">Acquista su Holyart<\/a><\/strong><\/div>\r\n\t\t<\/div>\r\n\t<\/div>\r\n<\/div>\n<h2>Sottobicchieri natalizi<\/h2>\n<p>Un&#8217;altra idea originale riguarda i sottobicchieri natalizi. Ce ne sono di ogni tipo e materiale, dalla gomma al sughero, dalla carta all&#8217;uncinetto, dalla pelle al feltro, ma una scelta un po&#8217; diversa dal solito potrebbe essere quella di <a href=\"https:\/\/www.holyart.it\/it\/articoli-religiosi\/portacandele-portalumini\/piattino-portacandele-rotondo-in-ottone-dorato-10-cm\"><strong>piattini per candele da usare come sottobicchiere<\/strong><\/a>, magari scegliendone di dorati, per abbinarsi alla tavola natalizia e adattarsi al clima della festa. In alternativa potete anche in questo caso sbizzarrirvi con il fai da te e col riciclo di materiali di scarto, per ottenere dei sottobicchieri natalizi davvero originali e unici.<\/p>\n<table class=\"widefat sliders-list\">\n<tbody>\n<tr class=\"slider-row\">\n<td><div class=\"sp-styles-warning\" style=\"width: 450px; background-color: #FFF; color: #F00; border: 1px solid #F00; padding: 10px; font-size: 14px;\">\n\t\t\t<span style=\"font-weight: bold;\">Warning: The stylesheets were not loaded!<\/span> \n\t\t\tYou will need to change the <i>Load stylesheets<\/i> setting from <i>Automatically<\/i> to <i>On homepage<\/i> or <i>On all pages<\/i>. \n\t\t\tYou can set that <a style=\"text-decoration: underline; color: #F00;\" href=\"https:\/\/blog.holyart.it\/it\/wp-admin\/admin.php?page=sliderpro-settings\">here<\/a>.\n\t\t\t<\/div>\r\n<div id=\"slider-pro-123\" class=\"slider-pro sp-no-js\" style=\"width: 500px; height: 500px;\">\r\n\t<div class=\"sp-slides\">\r\n\t\t\r\n\t\t<div class=\"sp-slide\">\r\n\t\t\t<img loading=\"lazy\" decoding=\"async\" class=\"sp-image\" src=\"https:\/\/blog.holyart.it\/it\/wp-content\/uploads\/sites\/17\/2021\/11\/sottobicchieri-tavola-natalizia.jpeg\" alt=\"sottobicchieri tavola natalizia\" width=\"500\" height=\"500\" \/>\r\n\t\t\t<div class=\"sp-thumbnail\"><img decoding=\"async\" src=\"https:\/\/blog.holyart.it\/it\/wp-content\/uploads\/sites\/17\/2021\/11\/sottobicchieri-tavola-natalizia-150x150.jpeg\" \/>\r\n\t\t\t<\/div>\r\n\t\t\t<div class=\"sp-caption\">Idee per sottobicchieri per la tua tavola natalizia. <br \/><strong><a href=\"https:\/\/www.holyart.it\/it\/natale\">Acquista su Holyart<\/a><\/strong><\/div>\r\n\t\t<\/div>\r\n\t\t<div class=\"sp-slide\">\r\n\t\t\t<img loading=\"lazy\" decoding=\"async\" class=\"sp-image\" src=\"https:\/\/blog.holyart.it\/it\/wp-content\/uploads\/sites\/17\/2021\/11\/piatto-d-10-5-cm-acciaio-ricambio-per-oli-essenziali-bruciaincensi.jpg\" alt=\"piatto d 10 5 cm acciaio ricambio per oli essenziali bruciaincensi\" width=\"500\" height=\"500\" \/>\r\n\t\t\t<div class=\"sp-thumbnail\"><img decoding=\"async\" src=\"https:\/\/blog.holyart.it\/it\/wp-content\/uploads\/sites\/17\/2021\/11\/piatto-d-10-5-cm-acciaio-ricambio-per-oli-essenziali-bruciaincensi-150x150.jpg\" \/>\r\n\t\t\t<\/div>\r\n\t\t\t<div class=\"sp-caption\">Piatto di 10,5 cm acciaio ricambio per oli essenziali bruciaincensi. <br \/><strong><a href=\"https:\/\/www.holyart.it\/it\/articoli-religiosi\/bruciaincensi\/piatto-d-10-5-cm-acciaio-ricambio-per-oli-essenziali-bruciaincensi\">Acquista su Holyart<\/a><\/strong><\/div>\r\n\t\t<\/div>\r\n\t\t<div class=\"sp-slide\">\r\n\t\t\t<img loading=\"lazy\" decoding=\"async\" class=\"sp-image\" src=\"https:\/\/blog.holyart.it\/it\/wp-content\/uploads\/sites\/17\/2021\/11\/piattino-portacandele-rotondo-in-ottone-dorato-10-cm.jpg\" alt=\"piattino portacandele rotondo in ottone dorato 10 cm\" width=\"500\" height=\"500\" \/>\r\n\t\t\t<div class=\"sp-thumbnail\"><img decoding=\"async\" src=\"https:\/\/blog.holyart.it\/it\/wp-content\/uploads\/sites\/17\/2021\/11\/piattino-portacandele-rotondo-in-ottone-dorato-10-cm-150x150.jpg\" \/>\r\n\t\t\t<\/div>\r\n\t\t\t<div class=\"sp-caption\">Piattino portacandele rotondo in ottone dorato 10 cm. <br \/><strong><a href=\"https:\/\/www.holyart.it\/it\/articoli-religiosi\/portacandele-portalumini\/piattino-portacandele-rotondo-in-ottone-dorato-10-cm\">Acquista su Holyart<\/a><\/strong><\/div>\r\n\t\t<\/div>\r\n\t\t<div class=\"sp-slide\">\r\n\t\t\t<img loading=\"lazy\" decoding=\"async\" class=\"sp-image\" src=\"https:\/\/blog.holyart.it\/it\/wp-content\/uploads\/sites\/17\/2021\/11\/piattino-portacandela-rotondo-in-legno-10-cm.jpg\" alt=\"piattino portacandela rotondo in legno 10 cm\" width=\"500\" height=\"500\" \/>\r\n\t\t\t<div class=\"sp-thumbnail\"><img decoding=\"async\" src=\"https:\/\/blog.holyart.it\/it\/wp-content\/uploads\/sites\/17\/2021\/11\/piattino-portacandela-rotondo-in-legno-10-cm-150x150.jpg\" \/>\r\n\t\t\t<\/div>\r\n\t\t\t<div class=\"sp-caption\">Piattino portacandela rotondo in legno 10 cm. <br \/><strong><a href=\"https:\/\/www.holyart.it\/it\/articoli-religiosi\/portacandele-portalumini\/piattino-portacandela-rotondo-in-legno-10-cm\">Acquista su Holyart<\/a><\/strong><\/div>\r\n\t\t<\/div>\r\n\t<\/div>\r\n<\/div><\/td>\n<\/tr>\n<\/tbody>\n<\/table>\n","protected":false},"excerpt":{"rendered":"<p>La tavola della Festa \u00e8 simbolo di accoglienza e intimit\u00e0 famigliare. Ecco come apparecchiare la tavola a Natale L&#8217;estate \u00e8 appena finita, eppure \u00e8 gi\u00e0 un ricordo. Le giornate si accorciano, l&#8217;aria si gonfia d&#8217;umidit\u00e0 e foschia, il freddo si fa sempre pi\u00f9 intenso, pungente,&hellip;<\/p>\n","protected":false},"author":1,"featured_media":14322,"comment_status":"closed","ping_status":"open","sticky":false,"template":"","format":"standard","meta":{"_acf_changed":false,"footnotes":""},"categories":[18],"tags":[],"class_list":["post-14302","post","type-post","status-publish","format-standard","has-post-thumbnail","hentry","category-natale"],"acf":[],"yoast_head":"<!-- This site is optimized with the Yoast SEO plugin v26.6 - https:\/\/yoast.com\/wordpress\/plugins\/seo\/ -->\n<title>Apparecchiare la tavola a Natale: tante idee anche fai da te - Holyblog<\/title>\n<meta name=\"description\" content=\"La tavola della Festa \u00e8 simbolo di accoglienza e intimit\u00e0 famigliare. Ecco come apparecchiare la tavola a Natale\" \/>\n<meta name=\"robots\" content=\"index, follow, max-snippet:-1, max-image-preview:large, max-video-preview:-1\" \/>\n<link rel=\"canonical\" href=\"https:\/\/blog.holyart.it\/it\/natale\/apparecchiare-la-tavola-a-natale-tante-idee-anche-fai-da-te\/\" \/>\n<meta property=\"og:locale\" content=\"it_IT\" \/>\n<meta property=\"og:type\" content=\"article\" \/>\n<meta property=\"og:title\" content=\"Apparecchiare la tavola a Natale: tante idee anche fai da te - Holyblog\" \/>\n<meta property=\"og:description\" content=\"La tavola della Festa \u00e8 simbolo di accoglienza e intimit\u00e0 famigliare. Ecco come apparecchiare la tavola a Natale\" \/>\n<meta property=\"og:url\" content=\"https:\/\/blog.holyart.it\/it\/natale\/apparecchiare-la-tavola-a-natale-tante-idee-anche-fai-da-te\/\" \/>\n<meta property=\"og:site_name\" content=\"Holyblog\" \/>\n<meta property=\"article:published_time\" content=\"2021-11-18T09:00:14+00:00\" \/>\n<meta property=\"article:modified_time\" content=\"2025-11-07T14:11:09+00:00\" \/>\n<meta property=\"og:image\" content=\"https:\/\/blog.holyart.it\/it\/wp-content\/uploads\/sites\/17\/2021\/11\/apparecchiare-la-tavola-a-natale.jpg\" \/>\n\t<meta property=\"og:image:width\" content=\"1000\" \/>\n\t<meta property=\"og:image:height\" content=\"666\" \/>\n\t<meta property=\"og:image:type\" content=\"image\/jpeg\" \/>\n<meta name=\"author\" content=\"Redazione\" \/>\n<meta name=\"twitter:card\" content=\"summary_large_image\" \/>\n<meta name=\"twitter:label1\" content=\"Scritto da\" \/>\n\t<meta name=\"twitter:data1\" content=\"Redazione\" \/>\n\t<meta name=\"twitter:label2\" content=\"Tempo di lettura stimato\" \/>\n\t<meta name=\"twitter:data2\" content=\"6 minuti\" \/>\n<script type=\"application\/ld+json\" class=\"yoast-schema-graph\">{\"@context\":\"https:\/\/schema.org\",\"@graph\":[{\"@type\":\"Article\",\"@id\":\"https:\/\/blog.holyart.it\/it\/natale\/apparecchiare-la-tavola-a-natale-tante-idee-anche-fai-da-te\/#article\",\"isPartOf\":{\"@id\":\"https:\/\/blog.holyart.it\/it\/natale\/apparecchiare-la-tavola-a-natale-tante-idee-anche-fai-da-te\/\"},\"author\":{\"name\":\"Redazione\",\"@id\":\"https:\/\/blog.holyart.it\/it\/#\/schema\/person\/0a7b686e5af0f856ec1e390dd0baecda\"},\"headline\":\"Apparecchiare la tavola a Natale: tante idee anche fai da te\",\"datePublished\":\"2021-11-18T09:00:14+00:00\",\"dateModified\":\"2025-11-07T14:11:09+00:00\",\"mainEntityOfPage\":{\"@id\":\"https:\/\/blog.holyart.it\/it\/natale\/apparecchiare-la-tavola-a-natale-tante-idee-anche-fai-da-te\/\"},\"wordCount\":991,\"publisher\":{\"@id\":\"https:\/\/blog.holyart.it\/it\/#organization\"},\"image\":{\"@id\":\"https:\/\/blog.holyart.it\/it\/natale\/apparecchiare-la-tavola-a-natale-tante-idee-anche-fai-da-te\/#primaryimage\"},\"thumbnailUrl\":\"https:\/\/blog.holyart.it\/it\/wp-content\/uploads\/sites\/17\/2021\/11\/apparecchiare-la-tavola-a-natale.jpg\",\"articleSection\":[\"Natale\"],\"inLanguage\":\"it-IT\"},{\"@type\":\"WebPage\",\"@id\":\"https:\/\/blog.holyart.it\/it\/natale\/apparecchiare-la-tavola-a-natale-tante-idee-anche-fai-da-te\/\",\"url\":\"https:\/\/blog.holyart.it\/it\/natale\/apparecchiare-la-tavola-a-natale-tante-idee-anche-fai-da-te\/\",\"name\":\"Apparecchiare la tavola a Natale: tante idee anche fai da te - Holyblog\",\"isPartOf\":{\"@id\":\"https:\/\/blog.holyart.it\/it\/#website\"},\"primaryImageOfPage\":{\"@id\":\"https:\/\/blog.holyart.it\/it\/natale\/apparecchiare-la-tavola-a-natale-tante-idee-anche-fai-da-te\/#primaryimage\"},\"image\":{\"@id\":\"https:\/\/blog.holyart.it\/it\/natale\/apparecchiare-la-tavola-a-natale-tante-idee-anche-fai-da-te\/#primaryimage\"},\"thumbnailUrl\":\"https:\/\/blog.holyart.it\/it\/wp-content\/uploads\/sites\/17\/2021\/11\/apparecchiare-la-tavola-a-natale.jpg\",\"datePublished\":\"2021-11-18T09:00:14+00:00\",\"dateModified\":\"2025-11-07T14:11:09+00:00\",\"description\":\"La tavola della Festa \u00e8 simbolo di accoglienza e intimit\u00e0 famigliare. Ecco come apparecchiare la tavola a Natale\",\"breadcrumb\":{\"@id\":\"https:\/\/blog.holyart.it\/it\/natale\/apparecchiare-la-tavola-a-natale-tante-idee-anche-fai-da-te\/#breadcrumb\"},\"inLanguage\":\"it-IT\",\"potentialAction\":[{\"@type\":\"ReadAction\",\"target\":[\"https:\/\/blog.holyart.it\/it\/natale\/apparecchiare-la-tavola-a-natale-tante-idee-anche-fai-da-te\/\"]}]},{\"@type\":\"ImageObject\",\"inLanguage\":\"it-IT\",\"@id\":\"https:\/\/blog.holyart.it\/it\/natale\/apparecchiare-la-tavola-a-natale-tante-idee-anche-fai-da-te\/#primaryimage\",\"url\":\"https:\/\/blog.holyart.it\/it\/wp-content\/uploads\/sites\/17\/2021\/11\/apparecchiare-la-tavola-a-natale.jpg\",\"contentUrl\":\"https:\/\/blog.holyart.it\/it\/wp-content\/uploads\/sites\/17\/2021\/11\/apparecchiare-la-tavola-a-natale.jpg\",\"width\":1000,\"height\":666,\"caption\":\"apparecchiare la tavola a natale\"},{\"@type\":\"BreadcrumbList\",\"@id\":\"https:\/\/blog.holyart.it\/it\/natale\/apparecchiare-la-tavola-a-natale-tante-idee-anche-fai-da-te\/#breadcrumb\",\"itemListElement\":[{\"@type\":\"ListItem\",\"position\":1,\"name\":\"Homepage\",\"item\":\"https:\/\/blog.holyart.it\/it\/\"},{\"@type\":\"ListItem\",\"position\":2,\"name\":\"Natale\",\"item\":\"https:\/\/blog.holyart.it\/it\/natale\/\"},{\"@type\":\"ListItem\",\"position\":3,\"name\":\"Apparecchiare la tavola a Natale: tante idee anche fai da te\"}]},{\"@type\":\"WebSite\",\"@id\":\"https:\/\/blog.holyart.it\/it\/#website\",\"url\":\"https:\/\/blog.holyart.it\/it\/\",\"name\":\"Holyblog\",\"description\":\"Il Blog di Holyart.it\",\"publisher\":{\"@id\":\"https:\/\/blog.holyart.it\/it\/#organization\"},\"potentialAction\":[{\"@type\":\"SearchAction\",\"target\":{\"@type\":\"EntryPoint\",\"urlTemplate\":\"https:\/\/blog.holyart.it\/it\/?s={search_term_string}\"},\"query-input\":{\"@type\":\"PropertyValueSpecification\",\"valueRequired\":true,\"valueName\":\"search_term_string\"}}],\"inLanguage\":\"it-IT\"},{\"@type\":\"Organization\",\"@id\":\"https:\/\/blog.holyart.it\/it\/#organization\",\"name\":\"Holyblog\",\"url\":\"https:\/\/blog.holyart.it\/it\/\",\"logo\":{\"@type\":\"ImageObject\",\"inLanguage\":\"it-IT\",\"@id\":\"https:\/\/blog.holyart.it\/it\/#\/schema\/logo\/image\/\",\"url\":\"https:\/\/blog.holyart.it\/it\/wp-content\/uploads\/sites\/17\/2022\/12\/Holyart_Blog_Logo.jpg\",\"contentUrl\":\"https:\/\/blog.holyart.it\/it\/wp-content\/uploads\/sites\/17\/2022\/12\/Holyart_Blog_Logo.jpg\",\"width\":300,\"height\":50,\"caption\":\"Holyblog\"},\"image\":{\"@id\":\"https:\/\/blog.holyart.it\/it\/#\/schema\/logo\/image\/\"}},{\"@type\":\"Person\",\"@id\":\"https:\/\/blog.holyart.it\/it\/#\/schema\/person\/0a7b686e5af0f856ec1e390dd0baecda\",\"name\":\"Redazione\"}]}<\/script>\n<!-- \/ Yoast SEO plugin. -->","yoast_head_json":{"title":"Apparecchiare la tavola a Natale: tante idee anche fai da te - Holyblog","description":"La tavola della Festa \u00e8 simbolo di accoglienza e intimit\u00e0 famigliare. Ecco come apparecchiare la tavola a Natale","robots":{"index":"index","follow":"follow","max-snippet":"max-snippet:-1","max-image-preview":"max-image-preview:large","max-video-preview":"max-video-preview:-1"},"canonical":"https:\/\/blog.holyart.it\/it\/natale\/apparecchiare-la-tavola-a-natale-tante-idee-anche-fai-da-te\/","og_locale":"it_IT","og_type":"article","og_title":"Apparecchiare la tavola a Natale: tante idee anche fai da te - Holyblog","og_description":"La tavola della Festa \u00e8 simbolo di accoglienza e intimit\u00e0 famigliare. Ecco come apparecchiare la tavola a Natale","og_url":"https:\/\/blog.holyart.it\/it\/natale\/apparecchiare-la-tavola-a-natale-tante-idee-anche-fai-da-te\/","og_site_name":"Holyblog","article_published_time":"2021-11-18T09:00:14+00:00","article_modified_time":"2025-11-07T14:11:09+00:00","og_image":[{"width":1000,"height":666,"url":"https:\/\/blog.holyart.it\/it\/wp-content\/uploads\/sites\/17\/2021\/11\/apparecchiare-la-tavola-a-natale.jpg","type":"image\/jpeg"}],"author":"Redazione","twitter_card":"summary_large_image","twitter_misc":{"Scritto da":"Redazione","Tempo di lettura stimato":"6 minuti"},"schema":{"@context":"https:\/\/schema.org","@graph":[{"@type":"Article","@id":"https:\/\/blog.holyart.it\/it\/natale\/apparecchiare-la-tavola-a-natale-tante-idee-anche-fai-da-te\/#article","isPartOf":{"@id":"https:\/\/blog.holyart.it\/it\/natale\/apparecchiare-la-tavola-a-natale-tante-idee-anche-fai-da-te\/"},"author":{"name":"Redazione","@id":"https:\/\/blog.holyart.it\/it\/#\/schema\/person\/0a7b686e5af0f856ec1e390dd0baecda"},"headline":"Apparecchiare la tavola a Natale: tante idee anche fai da te","datePublished":"2021-11-18T09:00:14+00:00","dateModified":"2025-11-07T14:11:09+00:00","mainEntityOfPage":{"@id":"https:\/\/blog.holyart.it\/it\/natale\/apparecchiare-la-tavola-a-natale-tante-idee-anche-fai-da-te\/"},"wordCount":991,"publisher":{"@id":"https:\/\/blog.holyart.it\/it\/#organization"},"image":{"@id":"https:\/\/blog.holyart.it\/it\/natale\/apparecchiare-la-tavola-a-natale-tante-idee-anche-fai-da-te\/#primaryimage"},"thumbnailUrl":"https:\/\/blog.holyart.it\/it\/wp-content\/uploads\/sites\/17\/2021\/11\/apparecchiare-la-tavola-a-natale.jpg","articleSection":["Natale"],"inLanguage":"it-IT"},{"@type":"WebPage","@id":"https:\/\/blog.holyart.it\/it\/natale\/apparecchiare-la-tavola-a-natale-tante-idee-anche-fai-da-te\/","url":"https:\/\/blog.holyart.it\/it\/natale\/apparecchiare-la-tavola-a-natale-tante-idee-anche-fai-da-te\/","name":"Apparecchiare la tavola a Natale: tante idee anche fai da te - Holyblog","isPartOf":{"@id":"https:\/\/blog.holyart.it\/it\/#website"},"primaryImageOfPage":{"@id":"https:\/\/blog.holyart.it\/it\/natale\/apparecchiare-la-tavola-a-natale-tante-idee-anche-fai-da-te\/#primaryimage"},"image":{"@id":"https:\/\/blog.holyart.it\/it\/natale\/apparecchiare-la-tavola-a-natale-tante-idee-anche-fai-da-te\/#primaryimage"},"thumbnailUrl":"https:\/\/blog.holyart.it\/it\/wp-content\/uploads\/sites\/17\/2021\/11\/apparecchiare-la-tavola-a-natale.jpg","datePublished":"2021-11-18T09:00:14+00:00","dateModified":"2025-11-07T14:11:09+00:00","description":"La tavola della Festa \u00e8 simbolo di accoglienza e intimit\u00e0 famigliare. Ecco come apparecchiare la tavola a Natale","breadcrumb":{"@id":"https:\/\/blog.holyart.it\/it\/natale\/apparecchiare-la-tavola-a-natale-tante-idee-anche-fai-da-te\/#breadcrumb"},"inLanguage":"it-IT","potentialAction":[{"@type":"ReadAction","target":["https:\/\/blog.holyart.it\/it\/natale\/apparecchiare-la-tavola-a-natale-tante-idee-anche-fai-da-te\/"]}]},{"@type":"ImageObject","inLanguage":"it-IT","@id":"https:\/\/blog.holyart.it\/it\/natale\/apparecchiare-la-tavola-a-natale-tante-idee-anche-fai-da-te\/#primaryimage","url":"https:\/\/blog.holyart.it\/it\/wp-content\/uploads\/sites\/17\/2021\/11\/apparecchiare-la-tavola-a-natale.jpg","contentUrl":"https:\/\/blog.holyart.it\/it\/wp-content\/uploads\/sites\/17\/2021\/11\/apparecchiare-la-tavola-a-natale.jpg","width":1000,"height":666,"caption":"apparecchiare la tavola a natale"},{"@type":"BreadcrumbList","@id":"https:\/\/blog.holyart.it\/it\/natale\/apparecchiare-la-tavola-a-natale-tante-idee-anche-fai-da-te\/#breadcrumb","itemListElement":[{"@type":"ListItem","position":1,"name":"Homepage","item":"https:\/\/blog.holyart.it\/it\/"},{"@type":"ListItem","position":2,"name":"Natale","item":"https:\/\/blog.holyart.it\/it\/natale\/"},{"@type":"ListItem","position":3,"name":"Apparecchiare la tavola a Natale: tante idee anche fai da te"}]},{"@type":"WebSite","@id":"https:\/\/blog.holyart.it\/it\/#website","url":"https:\/\/blog.holyart.it\/it\/","name":"Holyblog","description":"Il Blog di Holyart.it","publisher":{"@id":"https:\/\/blog.holyart.it\/it\/#organization"},"potentialAction":[{"@type":"SearchAction","target":{"@type":"EntryPoint","urlTemplate":"https:\/\/blog.holyart.it\/it\/?s={search_term_string}"},"query-input":{"@type":"PropertyValueSpecification","valueRequired":true,"valueName":"search_term_string"}}],"inLanguage":"it-IT"},{"@type":"Organization","@id":"https:\/\/blog.holyart.it\/it\/#organization","name":"Holyblog","url":"https:\/\/blog.holyart.it\/it\/","logo":{"@type":"ImageObject","inLanguage":"it-IT","@id":"https:\/\/blog.holyart.it\/it\/#\/schema\/logo\/image\/","url":"https:\/\/blog.holyart.it\/it\/wp-content\/uploads\/sites\/17\/2022\/12\/Holyart_Blog_Logo.jpg","contentUrl":"https:\/\/blog.holyart.it\/it\/wp-content\/uploads\/sites\/17\/2022\/12\/Holyart_Blog_Logo.jpg","width":300,"height":50,"caption":"Holyblog"},"image":{"@id":"https:\/\/blog.holyart.it\/it\/#\/schema\/logo\/image\/"}},{"@type":"Person","@id":"https:\/\/blog.holyart.it\/it\/#\/schema\/person\/0a7b686e5af0f856ec1e390dd0baecda","name":"Redazione"}]}},"_links":{"self":[{"href":"https:\/\/blog.holyart.it\/it\/wp-json\/wp\/v2\/posts\/14302","targetHints":{"allow":["GET"]}}],"collection":[{"href":"https:\/\/blog.holyart.it\/it\/wp-json\/wp\/v2\/posts"}],"about":[{"href":"https:\/\/blog.holyart.it\/it\/wp-json\/wp\/v2\/types\/post"}],"author":[{"embeddable":true,"href":"https:\/\/blog.holyart.it\/it\/wp-json\/wp\/v2\/users\/1"}],"replies":[{"embeddable":true,"href":"https:\/\/blog.holyart.it\/it\/wp-json\/wp\/v2\/comments?post=14302"}],"version-history":[{"count":2,"href":"https:\/\/blog.holyart.it\/it\/wp-json\/wp\/v2\/posts\/14302\/revisions"}],"predecessor-version":[{"id":22916,"href":"https:\/\/blog.holyart.it\/it\/wp-json\/wp\/v2\/posts\/14302\/revisions\/22916"}],"wp:featuredmedia":[{"embeddable":true,"href":"https:\/\/blog.holyart.it\/it\/wp-json\/wp\/v2\/media\/14322"}],"wp:attachment":[{"href":"https:\/\/blog.holyart.it\/it\/wp-json\/wp\/v2\/media?parent=14302"}],"wp:term":[{"taxonomy":"category","embeddable":true,"href":"https:\/\/blog.holyart.it\/it\/wp-json\/wp\/v2\/categories?post=14302"},{"taxonomy":"post_tag","embeddable":true,"href":"https:\/\/blog.holyart.it\/it\/wp-json\/wp\/v2\/tags?post=14302"}],"curies":[{"name":"wp","href":"https:\/\/api.w.org\/{rel}","templated":true}]}}