{"id":14261,"date":"2021-11-11T10:00:23","date_gmt":"2021-11-11T09:00:23","guid":{"rendered":"https:\/\/blog.holyart.it\/it\/?p=14261"},"modified":"2024-10-23T12:36:38","modified_gmt":"2024-10-23T10:36:38","slug":"la-leggenda-di-san-martino-e-il-miracolo-del-mantello","status":"publish","type":"post","link":"https:\/\/blog.holyart.it\/it\/santi-e-beati\/la-leggenda-di-san-martino-e-il-miracolo-del-mantello\/","title":{"rendered":"La leggenda di San Martino e il miracolo del mantello"},"content":{"rendered":"<h4>La leggenda di San Martino ci ricorda l&#8217;importanza dell&#8217;altruismo e della misericordia. Ecco come nasce la tradizione dell&#8217;estate di San Martino<\/h4>\n<p>La prima decade di novembre \u00e8 da sempre caratterizzata da un bizzarro fenomeno climatico, la cosiddetta <strong>estate di San Martino<\/strong>. Infatti capita spesso che nei giorni immediatamente precedenti e successivi al <strong>11 novembre<\/strong>, giorno di San Martino, il clima torni a essere improvvisamente mite, per poi peggiorare subito dopo. La leggenda di San Martino racconta in modo pittoresco il perch\u00e9 di quest&#8217;ultimo palpito d&#8217;estate prima dell&#8217;inizio dell&#8217;inverno.<\/p>\n<div class=\"link-product\">\n<div class=\"blocco-immagine\"><img loading=\"lazy\" decoding=\"async\" class=\"size-full wp-image-14262 alignleft\" src=\"https:\/\/blog.holyart.it\/it\/wp-content\/uploads\/sites\/17\/2021\/11\/statua-legno-san-martino-su-cavallo-dipinta-val-gardena.jpg\" alt=\"statua legno san martino su cavallo dipinta val gardena\" width=\"100\" height=\"100\" data-kale-share-title=\"La leggenda di San Martino e il miracolo del mantello\" data-kale-share-url=\"https:\/\/blog.holyart.it\/it\/?p=14261\" \/><\/div>\n<div class=\"blocco-contenuto\">\n<div class=\"blocco-acquista\">Acquista su Holyart:<\/div>\n<div class=\"blocco-titolo\"><a href=\"https:\/\/www.holyart.it\/it\/articoli-religiosi\/statue\/statue-in-legno-dipinto\/statua-legno-san-martino-su-cavallo-dipinta-val-gardena\">Statua legno San Martino su cavallo Val Gardena<\/a><\/div>\n<div class=\"blocco-descrizione\">Statua in legno di acero della Val Gardena, viene scolpita e dipinta a mano dagli artigiani della Val Gardena.<\/div>\n<\/div>\n<\/div>\n<p>Martino di Tours era nato nell&#8217;attuale Ungheria, nel IV secolo dopo Cristo. Prima di essere un vescovo e successivamente essere proclamato Santo, Martino era un <strong>soldato romano<\/strong> e prestava servizio nella guardia imperiale. La leggenda di San Martino racconta di come una sera, durante una delle ronde di sorveglianza che era tenuto a eseguire, Martino incontr\u00f2 un mendicante infreddolito, coperto solo da pochi stracci. La notte era davvero fredda, il cielo grondava pioggia, e il soldato fu impietosito da quel miserabile che tremava e che sicuramente sarebbe morto prima dell&#8217;alba. Cos\u00ec, senza esitare, si sfil\u00f2 il mantello bianco che simboleggiava la sua appartenenza alla guardia imperiale, e con la spada lo tagli\u00f2 a met\u00e0, consegnandone una parte al poveretto. In quel momento la pioggia smise di cadere, le nubi si aprirono, e un tepore innaturale si sprigion\u00f2 tutt&#8217;intorno, come se il cielo gioisse per la piet\u00e0 e la generosit\u00e0 di quel giovane soldato.<\/p>\n<div class=\"link-article\">\n<p><img loading=\"lazy\" decoding=\"async\" class=\"size-full wp-image-14263 alignleft\" src=\"https:\/\/blog.holyart.it\/it\/wp-content\/uploads\/sites\/17\/2021\/11\/elemosina.jpg\" alt=\"elemosina\" width=\"150\" height=\"99\" data-kale-share-title=\"La leggenda di San Martino e il miracolo del mantello\" data-kale-share-url=\"https:\/\/blog.holyart.it\/it\/?p=14261\" \/><\/p>\n<div class=\"leggi-anche\">Leggi anche:<\/div>\n<p><strong><a href=\"https:\/\/www.holyart.it\/blog\/articoli-religiosi\/fare-lelemosina-e-carita\/\">Fare l\u2019elemosina: \u00e8 carit\u00e0?<\/a><\/strong><br \/>\nL\u2019elemosina ai poveri \u00e8 una manifestazione di misericordia strettamente connessa ai doveri di un buon cristiano. Per certi versi \u00e8 anche una forma di giustizia&#8230;<\/p>\n<\/div>\n<p>Una variante della leggenda di San Martino vuole che, dopo aver incontrato il mendicante, il santo avesse incontrato un altro uomo in condizioni ancora pi\u00f9 misere e a quest&#8217;ultimo avesse fatto dono della parte restante del suo mantello, adattandosi a dormire al freddo. Quella notte in sogno gli sarebbe apparso Ges\u00f9 che l&#8217;avrebbe ringraziato per averlo vestito e salvato dal gelo della notte.<\/p>\n<p>In qualunque modo venga raccontata, la leggenda di San Martino ci mostra un esempio di grande <strong>altruismo<\/strong>, <strong>generosit\u00e0<\/strong> e <strong>misericordia<\/strong>. Dopo questo incontro sorprendente Martino volle essere battezzato e lasci\u00f2 la vita militare. Figura di spicco della storia religiosa medievale occidentale, ma venerato anche dalla chiesa ortodossa e da quella copta, fu tra i fondatori del monachesimo in Occidente, lott\u00f2 contro l&#8217;eresia Ariana e il paganesimo, divenne Vescovo di Tours ed ebbe fama di taumaturgo e grande pastore di anime.<\/p>\n<div class=\"link-product\">\n<div class=\"blocco-immagine\"><img loading=\"lazy\" decoding=\"async\" class=\"size-full wp-image-14264 alignleft\" src=\"https:\/\/blog.holyart.it\/it\/wp-content\/uploads\/sites\/17\/2021\/11\/statua-san-martino-legno-armatura-color-argento-mantello-rosso.jpg\" alt=\"statua san martino legno armatura color argento mantello rosso\" width=\"100\" height=\"100\" data-kale-share-title=\"La leggenda di San Martino e il miracolo del mantello\" data-kale-share-url=\"https:\/\/blog.holyart.it\/it\/?p=14261\" \/><\/div>\n<div class=\"blocco-contenuto\">\n<div class=\"blocco-acquista\">Acquista su Holyart:<\/div>\n<div class=\"blocco-titolo\"><a href=\"https:\/\/www.holyart.it\/it\/articoli-religiosi\/statue\/statue-in-legno-dipinto\/statua-san-martino-legno-armatura-color-argento-mantello-rosso\">Statua San Martino legno armatura color argento<\/a><\/div>\n<div class=\"blocco-descrizione\">Questa statua di San Martino\u00a0\u00e8 realizzata in legno d&#8217;acero fino ai 40 cm.<\/div>\n<\/div>\n<\/div>\n<h2>L&#8217;estate di San Martino<\/h2>\n<p>Al di l\u00e0 del valore religioso della storia di San Martino, la sua festa coincide da sempre con <strong>tradizioni popolari contadine<\/strong> e <strong>usanze folkloriche<\/strong> legate all&#8217;autunno e al mutare delle stagioni. Fin dall&#8217;antichit\u00e0 nei giorni dell\u2019estate di San Martino venivano aperte le botti per assaggiare il vino nuovo, si raccoglievano e si cuocevano le caldarroste, si consumavano prodotti a base di zucca. In molti borghi e paesi italiani queste tradizioni sono state mantenute ancora oggi, sotto forma di fiere pittoresche. Anche nel<strong> resto d&#8217;Europa<\/strong> l&#8217;estate di San Martino \u00e8 celebrata con feste e usanze caratteristiche. Molti i <strong>dolci tipici <\/strong>preparati per la festa di San Martino, dal Dolce di San Martino veneziano, fatto di pasta frolla a cui viene data la forma del santo a cavallo con spada e mantello, decorato con glassa di zucchero colorata, caramelle e cioccolatini; ai biscotti di San Martino siciliani, aromatizzati con i semi di anice e da inzuppare nel vino; alle <em>sfinci<\/em>, o sfingi, di San Martino, frittelle dolci sempre care alla tradizione siciliana.<\/p>\n<p>In certe zone della Pianura Padana <strong>&#8220;Fare San Martino&#8221; <\/strong>\u00e8 ancora oggi sinonimo di <strong>&#8220;traslocare&#8221;<\/strong>. Infatti nei giorni che coincidono con l&#8217;estate di San Martino i mezzadri che lavoravano nei grandi fondi agricoli avevano finito il loro lavoro. I campi erano seminati e, a meno che il proprietario non rinnovasse loro il contratto, i contadini dovevano lasciare la cascina e cercare lavoro altrove. Cos\u00ec approfittavano del clima mite dell&#8217;estate di San Martino per partire, portando con s\u00e9 i propri averi e la famiglia, per spostarsi in un altro podere.<\/p>\n","protected":false},"excerpt":{"rendered":"<p>La leggenda di San Martino ci ricorda l&#8217;importanza dell&#8217;altruismo e della misericordia. Ecco come nasce la tradizione dell&#8217;estate di San Martino La prima decade di novembre \u00e8 da sempre caratterizzata da un bizzarro fenomeno climatico, la cosiddetta estate di San Martino. Infatti capita spesso che&hellip;<\/p>\n","protected":false},"author":1,"featured_media":14284,"comment_status":"closed","ping_status":"open","sticky":false,"template":"","format":"standard","meta":{"_acf_changed":false,"footnotes":""},"categories":[15],"tags":[],"class_list":["post-14261","post","type-post","status-publish","format-standard","has-post-thumbnail","hentry","category-santi-e-beati"],"acf":[],"yoast_head":"<!-- This site is optimized with the Yoast SEO plugin v26.6 - https:\/\/yoast.com\/wordpress\/plugins\/seo\/ -->\n<title>La leggenda di San Martino e il miracolo del mantello - Holyblog<\/title>\n<meta name=\"description\" content=\"La leggenda di San Martino ci ricorda l&#039;importanza dell&#039;altruismo e della misericordia. Ecco come nasce la tradizione dell&#039;estate di San Martino\" \/>\n<meta name=\"robots\" content=\"index, follow, max-snippet:-1, max-image-preview:large, max-video-preview:-1\" \/>\n<link rel=\"canonical\" href=\"https:\/\/blog.holyart.it\/it\/santi-e-beati\/la-leggenda-di-san-martino-e-il-miracolo-del-mantello\/\" \/>\n<meta property=\"og:locale\" content=\"it_IT\" \/>\n<meta property=\"og:type\" content=\"article\" \/>\n<meta property=\"og:title\" content=\"La leggenda di San Martino e il miracolo del mantello - Holyblog\" \/>\n<meta property=\"og:description\" content=\"La leggenda di San Martino ci ricorda l&#039;importanza dell&#039;altruismo e della misericordia. Ecco come nasce la tradizione dell&#039;estate di San Martino\" \/>\n<meta property=\"og:url\" content=\"https:\/\/blog.holyart.it\/it\/santi-e-beati\/la-leggenda-di-san-martino-e-il-miracolo-del-mantello\/\" \/>\n<meta property=\"og:site_name\" content=\"Holyblog\" \/>\n<meta property=\"article:published_time\" content=\"2021-11-11T09:00:23+00:00\" \/>\n<meta property=\"article:modified_time\" content=\"2024-10-23T10:36:38+00:00\" \/>\n<meta property=\"og:image\" content=\"https:\/\/blog.holyart.it\/it\/wp-content\/uploads\/sites\/17\/2021\/11\/la-leggenda-di-san-martino.jpg\" \/>\n\t<meta property=\"og:image:width\" content=\"1000\" \/>\n\t<meta property=\"og:image:height\" content=\"666\" \/>\n\t<meta property=\"og:image:type\" content=\"image\/jpeg\" \/>\n<meta name=\"author\" content=\"Redazione\" \/>\n<meta name=\"twitter:card\" content=\"summary_large_image\" \/>\n<meta name=\"twitter:label1\" content=\"Scritto da\" \/>\n\t<meta name=\"twitter:data1\" content=\"Redazione\" \/>\n\t<meta name=\"twitter:label2\" content=\"Tempo di lettura stimato\" \/>\n\t<meta name=\"twitter:data2\" content=\"5 minuti\" \/>\n<script type=\"application\/ld+json\" class=\"yoast-schema-graph\">{\"@context\":\"https:\/\/schema.org\",\"@graph\":[{\"@type\":\"Article\",\"@id\":\"https:\/\/blog.holyart.it\/it\/santi-e-beati\/la-leggenda-di-san-martino-e-il-miracolo-del-mantello\/#article\",\"isPartOf\":{\"@id\":\"https:\/\/blog.holyart.it\/it\/santi-e-beati\/la-leggenda-di-san-martino-e-il-miracolo-del-mantello\/\"},\"author\":{\"name\":\"Redazione\",\"@id\":\"https:\/\/blog.holyart.it\/it\/#\/schema\/person\/0a7b686e5af0f856ec1e390dd0baecda\"},\"headline\":\"La leggenda di San Martino e il miracolo del mantello\",\"datePublished\":\"2021-11-11T09:00:23+00:00\",\"dateModified\":\"2024-10-23T10:36:38+00:00\",\"mainEntityOfPage\":{\"@id\":\"https:\/\/blog.holyart.it\/it\/santi-e-beati\/la-leggenda-di-san-martino-e-il-miracolo-del-mantello\/\"},\"wordCount\":736,\"publisher\":{\"@id\":\"https:\/\/blog.holyart.it\/it\/#organization\"},\"image\":{\"@id\":\"https:\/\/blog.holyart.it\/it\/santi-e-beati\/la-leggenda-di-san-martino-e-il-miracolo-del-mantello\/#primaryimage\"},\"thumbnailUrl\":\"https:\/\/blog.holyart.it\/it\/wp-content\/uploads\/sites\/17\/2021\/11\/la-leggenda-di-san-martino.jpg\",\"articleSection\":[\"Santi e beati\"],\"inLanguage\":\"it-IT\"},{\"@type\":\"WebPage\",\"@id\":\"https:\/\/blog.holyart.it\/it\/santi-e-beati\/la-leggenda-di-san-martino-e-il-miracolo-del-mantello\/\",\"url\":\"https:\/\/blog.holyart.it\/it\/santi-e-beati\/la-leggenda-di-san-martino-e-il-miracolo-del-mantello\/\",\"name\":\"La leggenda di San Martino e il miracolo del mantello - Holyblog\",\"isPartOf\":{\"@id\":\"https:\/\/blog.holyart.it\/it\/#website\"},\"primaryImageOfPage\":{\"@id\":\"https:\/\/blog.holyart.it\/it\/santi-e-beati\/la-leggenda-di-san-martino-e-il-miracolo-del-mantello\/#primaryimage\"},\"image\":{\"@id\":\"https:\/\/blog.holyart.it\/it\/santi-e-beati\/la-leggenda-di-san-martino-e-il-miracolo-del-mantello\/#primaryimage\"},\"thumbnailUrl\":\"https:\/\/blog.holyart.it\/it\/wp-content\/uploads\/sites\/17\/2021\/11\/la-leggenda-di-san-martino.jpg\",\"datePublished\":\"2021-11-11T09:00:23+00:00\",\"dateModified\":\"2024-10-23T10:36:38+00:00\",\"description\":\"La leggenda di San Martino ci ricorda l'importanza dell'altruismo e della misericordia. Ecco come nasce la tradizione dell'estate di San Martino\",\"breadcrumb\":{\"@id\":\"https:\/\/blog.holyart.it\/it\/santi-e-beati\/la-leggenda-di-san-martino-e-il-miracolo-del-mantello\/#breadcrumb\"},\"inLanguage\":\"it-IT\",\"potentialAction\":[{\"@type\":\"ReadAction\",\"target\":[\"https:\/\/blog.holyart.it\/it\/santi-e-beati\/la-leggenda-di-san-martino-e-il-miracolo-del-mantello\/\"]}]},{\"@type\":\"ImageObject\",\"inLanguage\":\"it-IT\",\"@id\":\"https:\/\/blog.holyart.it\/it\/santi-e-beati\/la-leggenda-di-san-martino-e-il-miracolo-del-mantello\/#primaryimage\",\"url\":\"https:\/\/blog.holyart.it\/it\/wp-content\/uploads\/sites\/17\/2021\/11\/la-leggenda-di-san-martino.jpg\",\"contentUrl\":\"https:\/\/blog.holyart.it\/it\/wp-content\/uploads\/sites\/17\/2021\/11\/la-leggenda-di-san-martino.jpg\",\"width\":1000,\"height\":666,\"caption\":\"la leggenda di san martino\"},{\"@type\":\"BreadcrumbList\",\"@id\":\"https:\/\/blog.holyart.it\/it\/santi-e-beati\/la-leggenda-di-san-martino-e-il-miracolo-del-mantello\/#breadcrumb\",\"itemListElement\":[{\"@type\":\"ListItem\",\"position\":1,\"name\":\"Homepage\",\"item\":\"https:\/\/blog.holyart.it\/it\/\"},{\"@type\":\"ListItem\",\"position\":2,\"name\":\"Santi e beati\",\"item\":\"https:\/\/blog.holyart.it\/it\/santi-e-beati\/\"},{\"@type\":\"ListItem\",\"position\":3,\"name\":\"La leggenda di San Martino e il miracolo del mantello\"}]},{\"@type\":\"WebSite\",\"@id\":\"https:\/\/blog.holyart.it\/it\/#website\",\"url\":\"https:\/\/blog.holyart.it\/it\/\",\"name\":\"Holyblog\",\"description\":\"Il Blog di Holyart.it\",\"publisher\":{\"@id\":\"https:\/\/blog.holyart.it\/it\/#organization\"},\"potentialAction\":[{\"@type\":\"SearchAction\",\"target\":{\"@type\":\"EntryPoint\",\"urlTemplate\":\"https:\/\/blog.holyart.it\/it\/?s={search_term_string}\"},\"query-input\":{\"@type\":\"PropertyValueSpecification\",\"valueRequired\":true,\"valueName\":\"search_term_string\"}}],\"inLanguage\":\"it-IT\"},{\"@type\":\"Organization\",\"@id\":\"https:\/\/blog.holyart.it\/it\/#organization\",\"name\":\"Holyblog\",\"url\":\"https:\/\/blog.holyart.it\/it\/\",\"logo\":{\"@type\":\"ImageObject\",\"inLanguage\":\"it-IT\",\"@id\":\"https:\/\/blog.holyart.it\/it\/#\/schema\/logo\/image\/\",\"url\":\"https:\/\/blog.holyart.it\/it\/wp-content\/uploads\/sites\/17\/2022\/12\/Holyart_Blog_Logo.jpg\",\"contentUrl\":\"https:\/\/blog.holyart.it\/it\/wp-content\/uploads\/sites\/17\/2022\/12\/Holyart_Blog_Logo.jpg\",\"width\":300,\"height\":50,\"caption\":\"Holyblog\"},\"image\":{\"@id\":\"https:\/\/blog.holyart.it\/it\/#\/schema\/logo\/image\/\"}},{\"@type\":\"Person\",\"@id\":\"https:\/\/blog.holyart.it\/it\/#\/schema\/person\/0a7b686e5af0f856ec1e390dd0baecda\",\"name\":\"Redazione\"}]}<\/script>\n<!-- \/ Yoast SEO plugin. -->","yoast_head_json":{"title":"La leggenda di San Martino e il miracolo del mantello - Holyblog","description":"La leggenda di San Martino ci ricorda l'importanza dell'altruismo e della misericordia. Ecco come nasce la tradizione dell'estate di San Martino","robots":{"index":"index","follow":"follow","max-snippet":"max-snippet:-1","max-image-preview":"max-image-preview:large","max-video-preview":"max-video-preview:-1"},"canonical":"https:\/\/blog.holyart.it\/it\/santi-e-beati\/la-leggenda-di-san-martino-e-il-miracolo-del-mantello\/","og_locale":"it_IT","og_type":"article","og_title":"La leggenda di San Martino e il miracolo del mantello - Holyblog","og_description":"La leggenda di San Martino ci ricorda l'importanza dell'altruismo e della misericordia. Ecco come nasce la tradizione dell'estate di San Martino","og_url":"https:\/\/blog.holyart.it\/it\/santi-e-beati\/la-leggenda-di-san-martino-e-il-miracolo-del-mantello\/","og_site_name":"Holyblog","article_published_time":"2021-11-11T09:00:23+00:00","article_modified_time":"2024-10-23T10:36:38+00:00","og_image":[{"width":1000,"height":666,"url":"https:\/\/blog.holyart.it\/it\/wp-content\/uploads\/sites\/17\/2021\/11\/la-leggenda-di-san-martino.jpg","type":"image\/jpeg"}],"author":"Redazione","twitter_card":"summary_large_image","twitter_misc":{"Scritto da":"Redazione","Tempo di lettura stimato":"5 minuti"},"schema":{"@context":"https:\/\/schema.org","@graph":[{"@type":"Article","@id":"https:\/\/blog.holyart.it\/it\/santi-e-beati\/la-leggenda-di-san-martino-e-il-miracolo-del-mantello\/#article","isPartOf":{"@id":"https:\/\/blog.holyart.it\/it\/santi-e-beati\/la-leggenda-di-san-martino-e-il-miracolo-del-mantello\/"},"author":{"name":"Redazione","@id":"https:\/\/blog.holyart.it\/it\/#\/schema\/person\/0a7b686e5af0f856ec1e390dd0baecda"},"headline":"La leggenda di San Martino e il miracolo del mantello","datePublished":"2021-11-11T09:00:23+00:00","dateModified":"2024-10-23T10:36:38+00:00","mainEntityOfPage":{"@id":"https:\/\/blog.holyart.it\/it\/santi-e-beati\/la-leggenda-di-san-martino-e-il-miracolo-del-mantello\/"},"wordCount":736,"publisher":{"@id":"https:\/\/blog.holyart.it\/it\/#organization"},"image":{"@id":"https:\/\/blog.holyart.it\/it\/santi-e-beati\/la-leggenda-di-san-martino-e-il-miracolo-del-mantello\/#primaryimage"},"thumbnailUrl":"https:\/\/blog.holyart.it\/it\/wp-content\/uploads\/sites\/17\/2021\/11\/la-leggenda-di-san-martino.jpg","articleSection":["Santi e beati"],"inLanguage":"it-IT"},{"@type":"WebPage","@id":"https:\/\/blog.holyart.it\/it\/santi-e-beati\/la-leggenda-di-san-martino-e-il-miracolo-del-mantello\/","url":"https:\/\/blog.holyart.it\/it\/santi-e-beati\/la-leggenda-di-san-martino-e-il-miracolo-del-mantello\/","name":"La leggenda di San Martino e il miracolo del mantello - Holyblog","isPartOf":{"@id":"https:\/\/blog.holyart.it\/it\/#website"},"primaryImageOfPage":{"@id":"https:\/\/blog.holyart.it\/it\/santi-e-beati\/la-leggenda-di-san-martino-e-il-miracolo-del-mantello\/#primaryimage"},"image":{"@id":"https:\/\/blog.holyart.it\/it\/santi-e-beati\/la-leggenda-di-san-martino-e-il-miracolo-del-mantello\/#primaryimage"},"thumbnailUrl":"https:\/\/blog.holyart.it\/it\/wp-content\/uploads\/sites\/17\/2021\/11\/la-leggenda-di-san-martino.jpg","datePublished":"2021-11-11T09:00:23+00:00","dateModified":"2024-10-23T10:36:38+00:00","description":"La leggenda di San Martino ci ricorda l'importanza dell'altruismo e della misericordia. Ecco come nasce la tradizione dell'estate di San Martino","breadcrumb":{"@id":"https:\/\/blog.holyart.it\/it\/santi-e-beati\/la-leggenda-di-san-martino-e-il-miracolo-del-mantello\/#breadcrumb"},"inLanguage":"it-IT","potentialAction":[{"@type":"ReadAction","target":["https:\/\/blog.holyart.it\/it\/santi-e-beati\/la-leggenda-di-san-martino-e-il-miracolo-del-mantello\/"]}]},{"@type":"ImageObject","inLanguage":"it-IT","@id":"https:\/\/blog.holyart.it\/it\/santi-e-beati\/la-leggenda-di-san-martino-e-il-miracolo-del-mantello\/#primaryimage","url":"https:\/\/blog.holyart.it\/it\/wp-content\/uploads\/sites\/17\/2021\/11\/la-leggenda-di-san-martino.jpg","contentUrl":"https:\/\/blog.holyart.it\/it\/wp-content\/uploads\/sites\/17\/2021\/11\/la-leggenda-di-san-martino.jpg","width":1000,"height":666,"caption":"la leggenda di san martino"},{"@type":"BreadcrumbList","@id":"https:\/\/blog.holyart.it\/it\/santi-e-beati\/la-leggenda-di-san-martino-e-il-miracolo-del-mantello\/#breadcrumb","itemListElement":[{"@type":"ListItem","position":1,"name":"Homepage","item":"https:\/\/blog.holyart.it\/it\/"},{"@type":"ListItem","position":2,"name":"Santi e beati","item":"https:\/\/blog.holyart.it\/it\/santi-e-beati\/"},{"@type":"ListItem","position":3,"name":"La leggenda di San Martino e il miracolo del mantello"}]},{"@type":"WebSite","@id":"https:\/\/blog.holyart.it\/it\/#website","url":"https:\/\/blog.holyart.it\/it\/","name":"Holyblog","description":"Il Blog di Holyart.it","publisher":{"@id":"https:\/\/blog.holyart.it\/it\/#organization"},"potentialAction":[{"@type":"SearchAction","target":{"@type":"EntryPoint","urlTemplate":"https:\/\/blog.holyart.it\/it\/?s={search_term_string}"},"query-input":{"@type":"PropertyValueSpecification","valueRequired":true,"valueName":"search_term_string"}}],"inLanguage":"it-IT"},{"@type":"Organization","@id":"https:\/\/blog.holyart.it\/it\/#organization","name":"Holyblog","url":"https:\/\/blog.holyart.it\/it\/","logo":{"@type":"ImageObject","inLanguage":"it-IT","@id":"https:\/\/blog.holyart.it\/it\/#\/schema\/logo\/image\/","url":"https:\/\/blog.holyart.it\/it\/wp-content\/uploads\/sites\/17\/2022\/12\/Holyart_Blog_Logo.jpg","contentUrl":"https:\/\/blog.holyart.it\/it\/wp-content\/uploads\/sites\/17\/2022\/12\/Holyart_Blog_Logo.jpg","width":300,"height":50,"caption":"Holyblog"},"image":{"@id":"https:\/\/blog.holyart.it\/it\/#\/schema\/logo\/image\/"}},{"@type":"Person","@id":"https:\/\/blog.holyart.it\/it\/#\/schema\/person\/0a7b686e5af0f856ec1e390dd0baecda","name":"Redazione"}]}},"_links":{"self":[{"href":"https:\/\/blog.holyart.it\/it\/wp-json\/wp\/v2\/posts\/14261","targetHints":{"allow":["GET"]}}],"collection":[{"href":"https:\/\/blog.holyart.it\/it\/wp-json\/wp\/v2\/posts"}],"about":[{"href":"https:\/\/blog.holyart.it\/it\/wp-json\/wp\/v2\/types\/post"}],"author":[{"embeddable":true,"href":"https:\/\/blog.holyart.it\/it\/wp-json\/wp\/v2\/users\/1"}],"replies":[{"embeddable":true,"href":"https:\/\/blog.holyart.it\/it\/wp-json\/wp\/v2\/comments?post=14261"}],"version-history":[{"count":1,"href":"https:\/\/blog.holyart.it\/it\/wp-json\/wp\/v2\/posts\/14261\/revisions"}],"predecessor-version":[{"id":20790,"href":"https:\/\/blog.holyart.it\/it\/wp-json\/wp\/v2\/posts\/14261\/revisions\/20790"}],"wp:featuredmedia":[{"embeddable":true,"href":"https:\/\/blog.holyart.it\/it\/wp-json\/wp\/v2\/media\/14284"}],"wp:attachment":[{"href":"https:\/\/blog.holyart.it\/it\/wp-json\/wp\/v2\/media?parent=14261"}],"wp:term":[{"taxonomy":"category","embeddable":true,"href":"https:\/\/blog.holyart.it\/it\/wp-json\/wp\/v2\/categories?post=14261"},{"taxonomy":"post_tag","embeddable":true,"href":"https:\/\/blog.holyart.it\/it\/wp-json\/wp\/v2\/tags?post=14261"}],"curies":[{"name":"wp","href":"https:\/\/api.w.org\/{rel}","templated":true}]}}