{"id":14205,"date":"2021-11-04T10:00:59","date_gmt":"2021-11-04T09:00:59","guid":{"rendered":"https:\/\/blog.holyart.it\/it\/?p=14205"},"modified":"2024-09-03T15:59:35","modified_gmt":"2024-09-03T13:59:35","slug":"san-camillo-de-lellis-il-santo-protettore-degli-infermi","status":"publish","type":"post","link":"https:\/\/blog.holyart.it\/it\/santi-e-beati\/san-camillo-de-lellis-il-santo-protettore-degli-infermi\/","title":{"rendered":"San Camillo de Lellis: il santo protettore degli infermi"},"content":{"rendered":"<h4>Da uomo dissoluto a fondatore dei Camilliani, San Camillo de Lellis \u00e8 patrono universale dei malati, degli infermieri e degli ospedali<\/h4>\n<p>Chi avesse conosciuto San Camillo de Lellis quando era giovane non avrebbe mai potuto immaginare che quel bravaccio dedito al gioco d&#8217;azzardo e alle risse da taverna, sarebbe potuto diventare un santo! Eppure egli trascorse davvero la sua giovinezza tra presidi militari e bettole, seguendo il padre ufficiale al servizio della Spagna, e divenne a sua volta <strong>soldato di ventura <\/strong>conducendo una vita disordinata e totalmente dedita al <strong>gioco<\/strong>. A causa di questo vizio perse ogni cosa e inizi\u00f2 a vivere per strada, elemosinando e vagando senza m\u00e8ta, finch\u00e9 venne accolto nel <strong>Convento dei Cappuccini<\/strong> di Manfredonia, che lo assunsero come tutto fare. Cominci\u00f2 cos\u00ec la sua <strong>conversione<\/strong>, intorno al 1575, ma prima di poter prendere i voti trascorse molto tempo\u00a0nell&#8217;ospedale di San Giacomo degli Incurabili a Roma, prima per curarsi da una vecchia ferita al piede, poi come servitore, infine come economo e Maestro di Casa. Questo ospedale accoglieva malati affetti da malattie particolarmente gravi e ripugnanti, spesso incurabili, al punto che capitava sovente venissero lasciati all&#8217;ingresso come pacchi. Fu proprio interagendo con questi scarti della societ\u00e0, con questi rifiuti umani, che San Camillo de Lellis scopr\u00ec la sua vocazione per l&#8217;<strong>assistenza dei malati<\/strong>. Con cinque compagni diede vita nel 1582 alla <strong>Compagnia dei Ministri degli Infermi.<\/strong><\/p>\n<div class=\"link-product\">\n<div class=\"blocco-immagine\"><img loading=\"lazy\" decoding=\"async\" class=\"size-full wp-image-14209 alignleft\" src=\"https:\/\/blog.holyart.it\/it\/wp-content\/uploads\/sites\/17\/2021\/10\/vasetto-oli-sacri-modello-vintage-infermi.jpg\" alt=\"vasetto oli sacri modello vintage infermi\" width=\"100\" height=\"100\" data-kale-share-title=\"San Camillo de Lellis: il santo protettore degli infermi\" data-kale-share-url=\"https:\/\/blog.holyart.it\/it\/?p=14205\" \/><\/div>\n<div class=\"blocco-contenuto\">\n<div class=\"blocco-acquista\">Acquista su Holyart:<\/div>\n<div class=\"blocco-titolo\"><a href=\"https:\/\/www.holyart.it\/it\/accessori-per-la-liturgia\/oli-santi-e-servizi-battesimo\/vasetto-oli-sacri-modello-vintage-infermi\">Vasetto oli sacri modello Vintage infermi<\/a><\/div>\n<div class=\"blocco-descrizione\">Ciascun vasetto \u00e8 di 3.5 cm di diametro e 8 cm di altezza.<\/div>\n<\/div>\n<\/div>\n<p>Successivamente si trasfer\u00ec nel convento della Chiesa della Maddalena e inizi\u00f2 a occuparsi anche dei malati e degli infermi dell&#8217;ospedale di Santo Spirito in Sassia. Nel frattempo ricevette i voti, dopo aver studiato sotto la guida di <strong>San Filippo Neri<\/strong>. Nel 1591 la sua Compagnia venne riconosciuta come ordine religioso e assunse il nome di <strong>Ordine<\/strong> <strong>dei Ministri degli Infermi<\/strong>. L\u2019ordine era caratterizzato, oltre che dai voti abituali di castit\u00e0, povert\u00e0 e obbedienza, da un quarto voto: <strong>assistenza dei malati anche con pericolo della vita.<\/strong><\/p>\n<div class=\"link-product\">\n<div class=\"blocco-immagine\"><img loading=\"lazy\" decoding=\"async\" class=\"size-full wp-image-14208 alignleft\" src=\"https:\/\/blog.holyart.it\/it\/wp-content\/uploads\/sites\/17\/2021\/10\/pieta-di-michelangelo-targa-marmo-sintetico-bianco.jpg\" alt=\"pieta di michelangelo targa marmo sintetico bianco\" width=\"100\" height=\"100\" data-kale-share-title=\"San Camillo de Lellis: il santo protettore degli infermi\" data-kale-share-url=\"https:\/\/blog.holyart.it\/it\/?p=14205\" \/><\/div>\n<div class=\"blocco-contenuto\">\n<div class=\"blocco-acquista\">Acquista su Holyart:<\/div>\n<div class=\"blocco-titolo\"><a href=\"https:\/\/www.holyart.it\/it\/articoli-religiosi\/articoli-funerari\">Articoli funerari<\/a><\/div>\n<div class=\"blocco-descrizione\">Urne cinerarie realizzate a mano da artigiani italiani, targhe e applicazioni per cimiteri, vasi portafiori.<\/div>\n<\/div>\n<\/div>\n<p>L&#8217;Ordine dei Chierici Regolari Ministri degli Infermi, che avrebbe poi assunto il nome di<strong> Camilliani<\/strong> dal suo fondatore, si diffuse rapidamente in tutta Italia, con gruppi di monaci che prestavano servizio presso ospedali piccoli e grandi.<br \/>\nSan Camillo de Lellis mor\u00ec il 14 luglio del 1614 nel convento della Maddalena, sede del suo Ordine, e qui venne sepolto. Benedetto XIV lo proclam\u00f2 santo nel 1746 e successivamente divenne patrono universale dei malati, degli infermieri e degli ospedali insieme con <strong><a href=\"https:\/\/www.holyart.it\/blog\/prodotti-monasteri\/fatebenefratelli-frati-dellordine-ospedaliero-san-giovanni-dio\/\">San Giovanni di Dio<\/a><\/strong>.<\/p>\n<div class=\"link-article\">\n<p><img loading=\"lazy\" decoding=\"async\" class=\"size-full wp-image-14206 alignleft\" src=\"https:\/\/blog.holyart.it\/it\/wp-content\/uploads\/sites\/17\/2021\/10\/I-Fatebenefratelli.jpg\" alt=\"I Fatebenefratelli\" width=\"150\" height=\"100\" data-kale-share-title=\"San Camillo de Lellis: il santo protettore degli infermi\" data-kale-share-url=\"https:\/\/blog.holyart.it\/it\/?p=14205\" \/><\/p>\n<div class=\"leggi-anche\">Leggi anche:<\/div>\n<p><strong><a href=\"https:\/\/www.holyart.it\/blog\/prodotti-monasteri\/fatebenefratelli-frati-dellordine-ospedaliero-san-giovanni-dio\/\">I Fatebenefratelli: i frati dell\u2019Ordine ospedaliero di San Giovanni di Dio<\/a><\/strong><br \/>\nFatebenefratelli \u00e8 il termine popolare con cui vengono chiamati i frati appartenenti all\u2019Ordine ospedaliero di San Giovanni di Dio&#8230;<\/p>\n<\/div>\n<p>Per capire l&#8217;importanza della missione di San Camillo de Lellis dobbiamo pensare che in quell&#8217;epoca la cura degli infermi, soprattutto negli ospedali degli incurabili, era affidata spesso a <strong>mercenari e criminali<\/strong>, costretti a prestare servizio in questi luoghi spaventosi. Camillo redasse delle vere e proprie <strong>Regole<\/strong> che dovevano definire la figura del <em>servo degli infermi<\/em>, come lui stesso definiva i religiosi-infermieri della Compagnia. Oltre e imporre ai suoi compagni la rinuncia a tutti i beni secolari che avrebbero potuto distoglierli dai propri compiti, richiedeva loro anche un&#8217;adeguata <strong>cultura e preparazione scientifica<\/strong>, perch\u00e9 la carit\u00e0 da sola non era sufficiente a salvare vite umane. Abbiamo visto come l&#8217;<a href=\"https:\/\/www.holyart.it\/blog\/articoli-religiosi\/unzione-degli-infermi-che-cose-e-come-si-svolge\/\"><strong>unzione degli infermi <\/strong><\/a>sia considerata ancora oggi un rito prezioso per portare sollievo a chi soffre. Questo ci fa comprendere quanto potesse essere confortante in luoghi di sofferenza e malattia la presenza di uomini che erano sacerdoti, oltre che infermieri, e potevano prestare cure mediche e nello stesso tempo impartire l&#8217;unzione dei malati.<\/p>\n<div class=\"link-article\">\n<p><img loading=\"lazy\" decoding=\"async\" class=\"size-full wp-image-14207 alignleft\" src=\"https:\/\/blog.holyart.it\/it\/wp-content\/uploads\/sites\/17\/2021\/10\/unzione-degli-infermi-1.jpg\" alt=\"unzione degli infermi\" width=\"150\" height=\"99\" data-kale-share-title=\"San Camillo de Lellis: il santo protettore degli infermi\" data-kale-share-url=\"https:\/\/blog.holyart.it\/it\/?p=14205\" \/><\/p>\n<div class=\"leggi-anche\">Leggi anche:<\/div>\n<p><strong><a href=\"https:\/\/www.holyart.it\/blog\/articoli-religiosi\/unzione-degli-infermi-che-cose-e-come-si-svolge\/\">Unzione degli Infermi: che cos\u2019\u00e8 e come si svolge<\/a><\/strong><br \/>\nL\u2019unzione degli infermi \u00e8 una pratica che deriva da Ges\u00f9 stesso. Ecco come si \u00e8 evoluta nel tempo&#8230;<\/p>\n<\/div>\n<h2>Preghiera a San Camillo de Lellis<\/h2>\n<p>Ecco una preghiera per i malati che pu\u00f2 essere recitata il 14 luglio, giorno della memoria liturgica di San Camillo de Lellis, o ogni volta che si senta il bisogno di pregare per la salute di una persona cara malata o per noi stessi. La preghiera reca infatti un conforto irrinunciabile, medicando il corpo attraverso lo spirito e conferendo a chi soffre la forza necessaria per affrontare la malattia con pi\u00f9 coraggio e volont\u00e0 di guarire.<\/p>\n<p><em>O San Camillo, che sopportasti per tanti anni con inalterabile pazienza una dolorosa malattia, ottienici di accettare con spirito di fede le infermit\u00e0 e le tribolazioni che il Signore vorr\u00e0 mandarci per il nostro bene e la nostra purificazione. Tu che per tutta la vita ti sei dedicato con bont\u00e0 e amore all&#8217;assistenza degli infermi, portando a tutti consolazione e speranza, ottienici la grazia di riconoscere Ges\u00f9 nel nostro prossimo sofferente e di servirlo con grande generosit\u00e0 di cuore.<\/em><\/p>\n","protected":false},"excerpt":{"rendered":"<p>Da uomo dissoluto a fondatore dei Camilliani, San Camillo de Lellis \u00e8 patrono universale dei malati, degli infermieri e degli ospedali Chi avesse conosciuto San Camillo de Lellis quando era giovane non avrebbe mai potuto immaginare che quel bravaccio dedito al gioco d&#8217;azzardo e alle&hellip;<\/p>\n","protected":false},"author":1,"featured_media":14239,"comment_status":"closed","ping_status":"open","sticky":false,"template":"","format":"standard","meta":{"_acf_changed":false,"footnotes":""},"categories":[15],"tags":[],"class_list":["post-14205","post","type-post","status-publish","format-standard","has-post-thumbnail","hentry","category-santi-e-beati"],"acf":[],"yoast_head":"<!-- This site is optimized with the Yoast SEO plugin v26.6 - https:\/\/yoast.com\/wordpress\/plugins\/seo\/ -->\n<title>San Camillo de Lellis: il santo protettore degli infermi - Holyblog<\/title>\n<meta name=\"description\" content=\"Da uomo dissoluto a fondatore dei Camilliani, San Camillo de Lellis \u00e8 patrono universale dei malati, degli infermieri e degli ospedali\" \/>\n<meta name=\"robots\" content=\"index, follow, max-snippet:-1, max-image-preview:large, max-video-preview:-1\" \/>\n<link rel=\"canonical\" href=\"https:\/\/blog.holyart.it\/it\/santi-e-beati\/san-camillo-de-lellis-il-santo-protettore-degli-infermi\/\" \/>\n<meta property=\"og:locale\" content=\"it_IT\" \/>\n<meta property=\"og:type\" content=\"article\" \/>\n<meta property=\"og:title\" content=\"San Camillo de Lellis: il santo protettore degli infermi - Holyblog\" \/>\n<meta property=\"og:description\" content=\"Da uomo dissoluto a fondatore dei Camilliani, San Camillo de Lellis \u00e8 patrono universale dei malati, degli infermieri e degli ospedali\" \/>\n<meta property=\"og:url\" content=\"https:\/\/blog.holyart.it\/it\/santi-e-beati\/san-camillo-de-lellis-il-santo-protettore-degli-infermi\/\" \/>\n<meta property=\"og:site_name\" content=\"Holyblog\" \/>\n<meta property=\"article:published_time\" content=\"2021-11-04T09:00:59+00:00\" \/>\n<meta property=\"article:modified_time\" content=\"2024-09-03T13:59:35+00:00\" \/>\n<meta property=\"og:image\" content=\"https:\/\/blog.holyart.it\/it\/wp-content\/uploads\/sites\/17\/2021\/10\/san-camillo-de-lellis-protettore-degli-infermi.jpg\" \/>\n\t<meta property=\"og:image:width\" content=\"1000\" \/>\n\t<meta property=\"og:image:height\" content=\"666\" \/>\n\t<meta property=\"og:image:type\" content=\"image\/jpeg\" \/>\n<meta name=\"author\" content=\"Redazione\" \/>\n<meta name=\"twitter:card\" content=\"summary_large_image\" \/>\n<meta name=\"twitter:label1\" content=\"Scritto da\" \/>\n\t<meta name=\"twitter:data1\" content=\"Redazione\" \/>\n\t<meta name=\"twitter:label2\" content=\"Tempo di lettura stimato\" \/>\n\t<meta name=\"twitter:data2\" content=\"6 minuti\" \/>\n<script type=\"application\/ld+json\" class=\"yoast-schema-graph\">{\"@context\":\"https:\/\/schema.org\",\"@graph\":[{\"@type\":\"Article\",\"@id\":\"https:\/\/blog.holyart.it\/it\/santi-e-beati\/san-camillo-de-lellis-il-santo-protettore-degli-infermi\/#article\",\"isPartOf\":{\"@id\":\"https:\/\/blog.holyart.it\/it\/santi-e-beati\/san-camillo-de-lellis-il-santo-protettore-degli-infermi\/\"},\"author\":{\"name\":\"Redazione\",\"@id\":\"https:\/\/blog.holyart.it\/it\/#\/schema\/person\/0a7b686e5af0f856ec1e390dd0baecda\"},\"headline\":\"San Camillo de Lellis: il santo protettore degli infermi\",\"datePublished\":\"2021-11-04T09:00:59+00:00\",\"dateModified\":\"2024-09-03T13:59:35+00:00\",\"mainEntityOfPage\":{\"@id\":\"https:\/\/blog.holyart.it\/it\/santi-e-beati\/san-camillo-de-lellis-il-santo-protettore-degli-infermi\/\"},\"wordCount\":822,\"publisher\":{\"@id\":\"https:\/\/blog.holyart.it\/it\/#organization\"},\"image\":{\"@id\":\"https:\/\/blog.holyart.it\/it\/santi-e-beati\/san-camillo-de-lellis-il-santo-protettore-degli-infermi\/#primaryimage\"},\"thumbnailUrl\":\"https:\/\/blog.holyart.it\/it\/wp-content\/uploads\/sites\/17\/2021\/10\/san-camillo-de-lellis-protettore-degli-infermi.jpg\",\"articleSection\":[\"Santi e beati\"],\"inLanguage\":\"it-IT\"},{\"@type\":\"WebPage\",\"@id\":\"https:\/\/blog.holyart.it\/it\/santi-e-beati\/san-camillo-de-lellis-il-santo-protettore-degli-infermi\/\",\"url\":\"https:\/\/blog.holyart.it\/it\/santi-e-beati\/san-camillo-de-lellis-il-santo-protettore-degli-infermi\/\",\"name\":\"San Camillo de Lellis: il santo protettore degli infermi - Holyblog\",\"isPartOf\":{\"@id\":\"https:\/\/blog.holyart.it\/it\/#website\"},\"primaryImageOfPage\":{\"@id\":\"https:\/\/blog.holyart.it\/it\/santi-e-beati\/san-camillo-de-lellis-il-santo-protettore-degli-infermi\/#primaryimage\"},\"image\":{\"@id\":\"https:\/\/blog.holyart.it\/it\/santi-e-beati\/san-camillo-de-lellis-il-santo-protettore-degli-infermi\/#primaryimage\"},\"thumbnailUrl\":\"https:\/\/blog.holyart.it\/it\/wp-content\/uploads\/sites\/17\/2021\/10\/san-camillo-de-lellis-protettore-degli-infermi.jpg\",\"datePublished\":\"2021-11-04T09:00:59+00:00\",\"dateModified\":\"2024-09-03T13:59:35+00:00\",\"description\":\"Da uomo dissoluto a fondatore dei Camilliani, San Camillo de Lellis \u00e8 patrono universale dei malati, degli infermieri e degli ospedali\",\"breadcrumb\":{\"@id\":\"https:\/\/blog.holyart.it\/it\/santi-e-beati\/san-camillo-de-lellis-il-santo-protettore-degli-infermi\/#breadcrumb\"},\"inLanguage\":\"it-IT\",\"potentialAction\":[{\"@type\":\"ReadAction\",\"target\":[\"https:\/\/blog.holyart.it\/it\/santi-e-beati\/san-camillo-de-lellis-il-santo-protettore-degli-infermi\/\"]}]},{\"@type\":\"ImageObject\",\"inLanguage\":\"it-IT\",\"@id\":\"https:\/\/blog.holyart.it\/it\/santi-e-beati\/san-camillo-de-lellis-il-santo-protettore-degli-infermi\/#primaryimage\",\"url\":\"https:\/\/blog.holyart.it\/it\/wp-content\/uploads\/sites\/17\/2021\/10\/san-camillo-de-lellis-protettore-degli-infermi.jpg\",\"contentUrl\":\"https:\/\/blog.holyart.it\/it\/wp-content\/uploads\/sites\/17\/2021\/10\/san-camillo-de-lellis-protettore-degli-infermi.jpg\",\"width\":1000,\"height\":666,\"caption\":\"san camillo de lellis protettore degli infermi\"},{\"@type\":\"BreadcrumbList\",\"@id\":\"https:\/\/blog.holyart.it\/it\/santi-e-beati\/san-camillo-de-lellis-il-santo-protettore-degli-infermi\/#breadcrumb\",\"itemListElement\":[{\"@type\":\"ListItem\",\"position\":1,\"name\":\"Homepage\",\"item\":\"https:\/\/blog.holyart.it\/it\/\"},{\"@type\":\"ListItem\",\"position\":2,\"name\":\"Santi e beati\",\"item\":\"https:\/\/blog.holyart.it\/it\/santi-e-beati\/\"},{\"@type\":\"ListItem\",\"position\":3,\"name\":\"San Camillo de Lellis: il santo protettore degli infermi\"}]},{\"@type\":\"WebSite\",\"@id\":\"https:\/\/blog.holyart.it\/it\/#website\",\"url\":\"https:\/\/blog.holyart.it\/it\/\",\"name\":\"Holyblog\",\"description\":\"Il Blog di Holyart.it\",\"publisher\":{\"@id\":\"https:\/\/blog.holyart.it\/it\/#organization\"},\"potentialAction\":[{\"@type\":\"SearchAction\",\"target\":{\"@type\":\"EntryPoint\",\"urlTemplate\":\"https:\/\/blog.holyart.it\/it\/?s={search_term_string}\"},\"query-input\":{\"@type\":\"PropertyValueSpecification\",\"valueRequired\":true,\"valueName\":\"search_term_string\"}}],\"inLanguage\":\"it-IT\"},{\"@type\":\"Organization\",\"@id\":\"https:\/\/blog.holyart.it\/it\/#organization\",\"name\":\"Holyblog\",\"url\":\"https:\/\/blog.holyart.it\/it\/\",\"logo\":{\"@type\":\"ImageObject\",\"inLanguage\":\"it-IT\",\"@id\":\"https:\/\/blog.holyart.it\/it\/#\/schema\/logo\/image\/\",\"url\":\"https:\/\/blog.holyart.it\/it\/wp-content\/uploads\/sites\/17\/2022\/12\/Holyart_Blog_Logo.jpg\",\"contentUrl\":\"https:\/\/blog.holyart.it\/it\/wp-content\/uploads\/sites\/17\/2022\/12\/Holyart_Blog_Logo.jpg\",\"width\":300,\"height\":50,\"caption\":\"Holyblog\"},\"image\":{\"@id\":\"https:\/\/blog.holyart.it\/it\/#\/schema\/logo\/image\/\"}},{\"@type\":\"Person\",\"@id\":\"https:\/\/blog.holyart.it\/it\/#\/schema\/person\/0a7b686e5af0f856ec1e390dd0baecda\",\"name\":\"Redazione\"}]}<\/script>\n<!-- \/ Yoast SEO plugin. -->","yoast_head_json":{"title":"San Camillo de Lellis: il santo protettore degli infermi - Holyblog","description":"Da uomo dissoluto a fondatore dei Camilliani, San Camillo de Lellis \u00e8 patrono universale dei malati, degli infermieri e degli ospedali","robots":{"index":"index","follow":"follow","max-snippet":"max-snippet:-1","max-image-preview":"max-image-preview:large","max-video-preview":"max-video-preview:-1"},"canonical":"https:\/\/blog.holyart.it\/it\/santi-e-beati\/san-camillo-de-lellis-il-santo-protettore-degli-infermi\/","og_locale":"it_IT","og_type":"article","og_title":"San Camillo de Lellis: il santo protettore degli infermi - Holyblog","og_description":"Da uomo dissoluto a fondatore dei Camilliani, San Camillo de Lellis \u00e8 patrono universale dei malati, degli infermieri e degli ospedali","og_url":"https:\/\/blog.holyart.it\/it\/santi-e-beati\/san-camillo-de-lellis-il-santo-protettore-degli-infermi\/","og_site_name":"Holyblog","article_published_time":"2021-11-04T09:00:59+00:00","article_modified_time":"2024-09-03T13:59:35+00:00","og_image":[{"width":1000,"height":666,"url":"https:\/\/blog.holyart.it\/it\/wp-content\/uploads\/sites\/17\/2021\/10\/san-camillo-de-lellis-protettore-degli-infermi.jpg","type":"image\/jpeg"}],"author":"Redazione","twitter_card":"summary_large_image","twitter_misc":{"Scritto da":"Redazione","Tempo di lettura stimato":"6 minuti"},"schema":{"@context":"https:\/\/schema.org","@graph":[{"@type":"Article","@id":"https:\/\/blog.holyart.it\/it\/santi-e-beati\/san-camillo-de-lellis-il-santo-protettore-degli-infermi\/#article","isPartOf":{"@id":"https:\/\/blog.holyart.it\/it\/santi-e-beati\/san-camillo-de-lellis-il-santo-protettore-degli-infermi\/"},"author":{"name":"Redazione","@id":"https:\/\/blog.holyart.it\/it\/#\/schema\/person\/0a7b686e5af0f856ec1e390dd0baecda"},"headline":"San Camillo de Lellis: il santo protettore degli infermi","datePublished":"2021-11-04T09:00:59+00:00","dateModified":"2024-09-03T13:59:35+00:00","mainEntityOfPage":{"@id":"https:\/\/blog.holyart.it\/it\/santi-e-beati\/san-camillo-de-lellis-il-santo-protettore-degli-infermi\/"},"wordCount":822,"publisher":{"@id":"https:\/\/blog.holyart.it\/it\/#organization"},"image":{"@id":"https:\/\/blog.holyart.it\/it\/santi-e-beati\/san-camillo-de-lellis-il-santo-protettore-degli-infermi\/#primaryimage"},"thumbnailUrl":"https:\/\/blog.holyart.it\/it\/wp-content\/uploads\/sites\/17\/2021\/10\/san-camillo-de-lellis-protettore-degli-infermi.jpg","articleSection":["Santi e beati"],"inLanguage":"it-IT"},{"@type":"WebPage","@id":"https:\/\/blog.holyart.it\/it\/santi-e-beati\/san-camillo-de-lellis-il-santo-protettore-degli-infermi\/","url":"https:\/\/blog.holyart.it\/it\/santi-e-beati\/san-camillo-de-lellis-il-santo-protettore-degli-infermi\/","name":"San Camillo de Lellis: il santo protettore degli infermi - Holyblog","isPartOf":{"@id":"https:\/\/blog.holyart.it\/it\/#website"},"primaryImageOfPage":{"@id":"https:\/\/blog.holyart.it\/it\/santi-e-beati\/san-camillo-de-lellis-il-santo-protettore-degli-infermi\/#primaryimage"},"image":{"@id":"https:\/\/blog.holyart.it\/it\/santi-e-beati\/san-camillo-de-lellis-il-santo-protettore-degli-infermi\/#primaryimage"},"thumbnailUrl":"https:\/\/blog.holyart.it\/it\/wp-content\/uploads\/sites\/17\/2021\/10\/san-camillo-de-lellis-protettore-degli-infermi.jpg","datePublished":"2021-11-04T09:00:59+00:00","dateModified":"2024-09-03T13:59:35+00:00","description":"Da uomo dissoluto a fondatore dei Camilliani, San Camillo de Lellis \u00e8 patrono universale dei malati, degli infermieri e degli ospedali","breadcrumb":{"@id":"https:\/\/blog.holyart.it\/it\/santi-e-beati\/san-camillo-de-lellis-il-santo-protettore-degli-infermi\/#breadcrumb"},"inLanguage":"it-IT","potentialAction":[{"@type":"ReadAction","target":["https:\/\/blog.holyart.it\/it\/santi-e-beati\/san-camillo-de-lellis-il-santo-protettore-degli-infermi\/"]}]},{"@type":"ImageObject","inLanguage":"it-IT","@id":"https:\/\/blog.holyart.it\/it\/santi-e-beati\/san-camillo-de-lellis-il-santo-protettore-degli-infermi\/#primaryimage","url":"https:\/\/blog.holyart.it\/it\/wp-content\/uploads\/sites\/17\/2021\/10\/san-camillo-de-lellis-protettore-degli-infermi.jpg","contentUrl":"https:\/\/blog.holyart.it\/it\/wp-content\/uploads\/sites\/17\/2021\/10\/san-camillo-de-lellis-protettore-degli-infermi.jpg","width":1000,"height":666,"caption":"san camillo de lellis protettore degli infermi"},{"@type":"BreadcrumbList","@id":"https:\/\/blog.holyart.it\/it\/santi-e-beati\/san-camillo-de-lellis-il-santo-protettore-degli-infermi\/#breadcrumb","itemListElement":[{"@type":"ListItem","position":1,"name":"Homepage","item":"https:\/\/blog.holyart.it\/it\/"},{"@type":"ListItem","position":2,"name":"Santi e beati","item":"https:\/\/blog.holyart.it\/it\/santi-e-beati\/"},{"@type":"ListItem","position":3,"name":"San Camillo de Lellis: il santo protettore degli infermi"}]},{"@type":"WebSite","@id":"https:\/\/blog.holyart.it\/it\/#website","url":"https:\/\/blog.holyart.it\/it\/","name":"Holyblog","description":"Il Blog di Holyart.it","publisher":{"@id":"https:\/\/blog.holyart.it\/it\/#organization"},"potentialAction":[{"@type":"SearchAction","target":{"@type":"EntryPoint","urlTemplate":"https:\/\/blog.holyart.it\/it\/?s={search_term_string}"},"query-input":{"@type":"PropertyValueSpecification","valueRequired":true,"valueName":"search_term_string"}}],"inLanguage":"it-IT"},{"@type":"Organization","@id":"https:\/\/blog.holyart.it\/it\/#organization","name":"Holyblog","url":"https:\/\/blog.holyart.it\/it\/","logo":{"@type":"ImageObject","inLanguage":"it-IT","@id":"https:\/\/blog.holyart.it\/it\/#\/schema\/logo\/image\/","url":"https:\/\/blog.holyart.it\/it\/wp-content\/uploads\/sites\/17\/2022\/12\/Holyart_Blog_Logo.jpg","contentUrl":"https:\/\/blog.holyart.it\/it\/wp-content\/uploads\/sites\/17\/2022\/12\/Holyart_Blog_Logo.jpg","width":300,"height":50,"caption":"Holyblog"},"image":{"@id":"https:\/\/blog.holyart.it\/it\/#\/schema\/logo\/image\/"}},{"@type":"Person","@id":"https:\/\/blog.holyart.it\/it\/#\/schema\/person\/0a7b686e5af0f856ec1e390dd0baecda","name":"Redazione"}]}},"_links":{"self":[{"href":"https:\/\/blog.holyart.it\/it\/wp-json\/wp\/v2\/posts\/14205","targetHints":{"allow":["GET"]}}],"collection":[{"href":"https:\/\/blog.holyart.it\/it\/wp-json\/wp\/v2\/posts"}],"about":[{"href":"https:\/\/blog.holyart.it\/it\/wp-json\/wp\/v2\/types\/post"}],"author":[{"embeddable":true,"href":"https:\/\/blog.holyart.it\/it\/wp-json\/wp\/v2\/users\/1"}],"replies":[{"embeddable":true,"href":"https:\/\/blog.holyart.it\/it\/wp-json\/wp\/v2\/comments?post=14205"}],"version-history":[{"count":1,"href":"https:\/\/blog.holyart.it\/it\/wp-json\/wp\/v2\/posts\/14205\/revisions"}],"predecessor-version":[{"id":20471,"href":"https:\/\/blog.holyart.it\/it\/wp-json\/wp\/v2\/posts\/14205\/revisions\/20471"}],"wp:featuredmedia":[{"embeddable":true,"href":"https:\/\/blog.holyart.it\/it\/wp-json\/wp\/v2\/media\/14239"}],"wp:attachment":[{"href":"https:\/\/blog.holyart.it\/it\/wp-json\/wp\/v2\/media?parent=14205"}],"wp:term":[{"taxonomy":"category","embeddable":true,"href":"https:\/\/blog.holyart.it\/it\/wp-json\/wp\/v2\/categories?post=14205"},{"taxonomy":"post_tag","embeddable":true,"href":"https:\/\/blog.holyart.it\/it\/wp-json\/wp\/v2\/tags?post=14205"}],"curies":[{"name":"wp","href":"https:\/\/api.w.org\/{rel}","templated":true}]}}