{"id":14180,"date":"2021-10-21T10:00:45","date_gmt":"2021-10-21T08:00:45","guid":{"rendered":"https:\/\/blog.holyart.it\/it\/?p=14180"},"modified":"2023-10-04T17:38:25","modified_gmt":"2023-10-04T15:38:25","slug":"giornata-mondiale-missionaria-donare-se-stessi-agli-altri","status":"publish","type":"post","link":"https:\/\/blog.holyart.it\/it\/articoli-religiosi\/giornata-mondiale-missionaria-donare-se-stessi-agli-altri\/","title":{"rendered":"Giornata missionaria mondiale: donare se stessi agli altri"},"content":{"rendered":"<h4>Il 24 ottobre si celebra la Giornata Missionaria Mondiale che consacra ottobre a mese missionario per eccellenza<\/h4>\n\n<p>La <strong>Giornata Missionaria Mondiale<\/strong> celebra l&#8217;attivit\u00e0 missionaria della Chiesa universale e promuove il sostegno di progetti di solidariet\u00e0 e sostegno in tutto il mondo. Il motore di questa ricorrenza \u00e8 dunque la <strong>solidariet\u00e0<\/strong>, in tutte le sue forme e declinazioni, e coinvolge nelle iniziative catechisti, seminari che formano i nuovi sacerdoti soprattutto nelle zone di maggior povert\u00e0 e degrado, organizzazioni che prestano sostegno e soccorso sanitario e umanitario per i bambini e i pi\u00f9 bisognosi.<\/p>\n<p>Questa giornata non fa che riconfermare<strong> ottobre mese missionario<\/strong>. La coscienza missionaria della Chiesa ha radici profonde. Pensiamo a <strong><a href=\"https:\/\/www.holyart.it\/blog\/santi-e-beati\/san-paolo-tarso-storia-un-missionario\/\">San Paolo di Tarso<\/a><\/strong>, che fu il pi\u00f9 importante missionario del Vangelo di Ges\u00f9 tra i pagani greci e romani, ma anche a molti altri che si fecero portatori della parola di Dio presso popolazioni lontane e spesso ostili.<br \/>\nNel corso dei secoli molte sono le iniziative umanitarie, sanitarie ed economiche promosse e organizzate da missionari religiosi e laici, per portare un contributo significativo nelle zone meno fortunate del mondo. Abbiamo gi\u00e0 parlato in passato di alcune di esse, come per esempio l&#8217;<strong><a href=\"https:\/\/www.holyart.it\/blog\/articoli-religiosi\/operazione-mato-grosso-lavventura-di-giovani-ragazzi-che-porto-ad-un-progetto-di-grande-valore\/\">Operazione Mato Grosso<\/a><\/strong>, che si occupa dell\u2019educazione dei giovani attraverso il servizio e la missione in diverse parti del mondo.<\/p>\n<div class=\"link-article\">\n<p><img loading=\"lazy\" decoding=\"async\" class=\"size-full wp-image-14181 alignleft\" src=\"https:\/\/blog.holyart.it\/it\/wp-content\/uploads\/sites\/17\/2021\/10\/operazione-mato-grosso.jpg\" alt=\"operazione mato grosso\" width=\"150\" height=\"99\" data-kale-share-title=\"Giornata mondiale missionaria: donare se stessi agli altri\" data-kale-share-url=\"https:\/\/blog.holyart.it\/it\/?p=14180\" \/><\/p>\n<div class=\"leggi-anche\">Leggi anche:<\/div>\n<p><strong><a href=\"https:\/\/www.holyart.it\/blog\/articoli-religiosi\/operazione-mato-grosso-lavventura-di-giovani-ragazzi-che-porto-ad-un-progetto-di-grande-valore\/\">Operazione Mato Grosso: l\u2019avventura di giovani ragazzi che port\u00f2 ad un progetto di grande valore<\/a><\/strong><br \/>\nL\u2019Operazione Mato Grosso aiuta comunit\u00e0 di tutto il mondo attraverso i suoi giovani volontari&#8230;<\/p>\n<\/div>\n<p>Dagli anni &#8217;60 del &#8216;900 quello che era un anelito occasionale che si concretizzava in interventi episodici e senza regole precise si \u00e8 coordinato ed \u00e8 stato definito secondo criteri codificati e una rete organizzativa capillare. In quest&#8217;ambito di rivalutazione e riorganizzazione dell&#8217;opera missionaria si pone la richiesta dell\u2019<strong>Opera della Propagazione della fede italiana<\/strong> della proclamazione della Giornata Missionaria Mondiale.<\/p>\n<h2>Che cos\u2019\u00e8 la Giornata Missionaria Mondiale<\/h2>\n<p>La Giornata Missionaria Mondiale \u00e8 stata proclamata nel <strong>1926 <\/strong>da papa Pio XI. Fortemente voluta dall\u2019Opera della Propagazione della Fede, \u00e8 una celebrazione dedicata alla solidariet\u00e0 missionaria e coinvolge tutta la Chiesa come strumento di carit\u00e0 nel mondo. Dal 1963 ogni Giornata Missionaria Mondiale \u00e8 definita da un <strong>messaggio pontificio <\/strong>che ne proclama gli intenti e anticipa i temi fondamentali che ne saranno protagonisti.<br \/>\nViene celebrata ogni anno la <strong>penultima domenica di ottobre<\/strong>, dunque quest&#8217;anno cade il <strong>24 ottobre<\/strong>.<\/p>\n<div class=\"link-product\">\n<div class=\"blocco-immagine\"><img loading=\"lazy\" decoding=\"async\" class=\"size-full wp-image-14182 alignleft\" src=\"https:\/\/blog.holyart.it\/it\/wp-content\/uploads\/sites\/17\/2021\/10\/sacra-famiglia-nelle-mani-lenga-naturale-30x30-cm-mato-grosso.jpg\" alt=\"sacra famiglia nelle mani lenga naturale 30x30 cm mato grosso\" width=\"100\" height=\"100\" data-kale-share-title=\"Giornata mondiale missionaria: donare se stessi agli altri\" data-kale-share-url=\"https:\/\/blog.holyart.it\/it\/?p=14180\" \/><\/div>\n<div class=\"blocco-contenuto\">\n<div class=\"blocco-acquista\">Acquista su Holyart:<\/div>\n<div class=\"blocco-titolo\"><a href=\"https:\/\/www.holyart.it\/it\/articoli-religiosi\/bassorilievi\/bassorilievi-vari\/sacra-famiglia-nelle-mani-lenga-naturale-30x30-cm-mato-grosso\">Sacra Famiglia lenga naturale Mato Grosso<\/a><\/div>\n<div class=\"blocco-descrizione\">Bassorilievo rappresentante la Sacra Famiglia custodita nelle mani, di misure 29,5&#215;29,5&#215;3 cm.<\/div>\n<\/div>\n<\/div>\n<p>Ma prima di giungere alla Giornata Missionaria Mondiale, che \u00e8 il culmine dell&#8217;ottobre missionario, si snoda un percorso di spiritualit\u00e0 articolato in <strong>cinque settimane<\/strong>, ciascuna dedicata ad un tema di riflessione specifico. Vediamo quelli di quest&#8217;anno:<\/p>\n<ul>\n<li>3 ottobre &#8211; Prima domenica dell&#8217;ottobre missionario: <strong>FRATELLI<\/strong>, per una fraternit\u00e0 universale in Cristo;<\/li>\n<li>10 ottobre &#8211; Seconda settimana dell&#8217;ottobre missionario: <strong>LIBERI<\/strong>, uscire da noi stessi per essere liberi di donarci;<\/li>\n<li>17 ottobre &#8211; Terza settimana dell&#8217;ottobre missionario: <strong>SERVITORI<\/strong>, al servizio gli uni degli altri;<\/li>\n<li>24 ottobre &#8211; Quarta settimana dell&#8217;ottobre missionario e <strong>Giornata Mondiale Missionaria<\/strong>: <strong>SOLIDALI<\/strong>, attenti al grido del povero nella solidariet\u00e0;<\/li>\n<li>31 ottobre &#8211; Quinta settimana dell&#8217;ottobre missionario: <strong>AMOREVOLI<\/strong>, inviati a essere testimoni e profeti d&#8217;amore.<\/li>\n<\/ul>\n<h2>Qual \u00e8 il tema di quest\u2019anno: testimoni e profeti<\/h2>\n<p>Quest&#8217;anno cade la 95esima Giornata Missionaria Mondiale. Il tema per l&#8217;ottobre missionario 2021 \u00e8 <strong>Testimoni e Profeti<\/strong>, e conclude un percorso di riflessione e formazione missionaria che si \u00e8 sviluppato negli ultimi due anni, con il tema del 2019, <strong>Battezzati e inviati<\/strong>, che prendeva in esame la vocazione missionaria come parte integrante di tutti i battezzati, e quello del 2020<strong> Tessitori di Fraternit\u00e0<\/strong>, incentrato sulla necessit\u00e0 e la volont\u00e0 da parte dei missionari di vivere il progetto di Ges\u00f9 come discepoli che amano come Lui ha amato.<\/p>\n<div class=\"link-product\">\n<div class=\"blocco-immagine\"><img loading=\"lazy\" decoding=\"async\" class=\"size-full wp-image-14183 alignleft\" src=\"https:\/\/blog.holyart.it\/it\/wp-content\/uploads\/sites\/17\/2021\/10\/crocifisso-in-lenga-lavorato-a-mano-35x25x5-cm-mato-grosso.jpg\" alt=\"crocifisso in lenga lavorato a mano 35x25x5 cm mato grosso\" width=\"100\" height=\"100\" data-kale-share-title=\"Giornata mondiale missionaria: donare se stessi agli altri\" data-kale-share-url=\"https:\/\/blog.holyart.it\/it\/?p=14180\" \/><\/div>\n<div class=\"blocco-contenuto\">\n<div class=\"blocco-acquista\">Acquista su Holyart:<\/div>\n<div class=\"blocco-titolo\"><a href=\"https:\/\/www.holyart.it\/it\/articoli-religiosi\/crocefissi\/crocifissi-in-legno\/crocifisso-in-lenga-lavorato-a-mano-35x25x5-cm-mato-grosso\">Crocifisso in lenga lavorato a mano Mato Grosso<\/a><\/div>\n<div class=\"blocco-descrizione\">Crocifisso in legno lenga lavorato a mano, 35x27x5 cm.<\/div>\n<\/div>\n<\/div>\n<p><strong>Testimoni e Profeti<\/strong> \u00e8 un invito a confrontarsi con il mondo in cui viviamo, un mondo stravolto e profondamente cambiato da molti eventi, dei quali la pandemia \u00e8 solo l&#8217;ultimo. Proprio in un mondo sempre pi\u00f9 complesso e difficile con cui relazionarsi, diventa necessario riconoscere il Regno di Dio, gi\u00e0 presente e vivo, e farsene araldi e profeti per portare speranza a chi si dibatte nell&#8217;oscurit\u00e0, alla stregua dei profeti biblici. Una missione di annuncio del Regno di Dio, dunque, ma anche di azione pratica e concreta per renderlo pi\u00f9 reale e tangibile per chi ne ha pi\u00f9 bisogno.<\/p>\n<h2>Messaggio di Papa Francesco per la Giornata Missionaria Mondiale<\/h2>\n<p>Come ogni anno il Papa ha scritto un messaggio per la Giornata Missionaria Mondiale. Quest&#8217;anno in particolare il Pontefice ha voluto ricordare che noi tutti siamo chiamati a essere parte attiva nella <strong>missione d&#8217;amore e compassione<\/strong> e nel messaggio di Redenzione di Ges\u00f9.<\/p>\n<p><em>&#8220;Tutto in Cristo ci ricorda che il mondo in cui viviamo e il suo bisogno di redenzione non gli sono estranei e ci chiama anche a sentirci parte attiva di questa missione&#8221; [&#8230;] &#8220;nessuno \u00e8 estraneo, nessuno pu\u00f2 sentirsi estraneo o lontano rispetto a questo amore di compassione\u201d.\u00a0<\/em><\/p>\n<div class=\"link-product\">\n<div class=\"blocco-immagine\"><img loading=\"lazy\" decoding=\"async\" class=\"size-full wp-image-14184 alignleft\" src=\"https:\/\/blog.holyart.it\/it\/wp-content\/uploads\/sites\/17\/2021\/10\/rosario-ulivo-papa-francesco-1.jpg\" alt=\"rosario ulivo papa francesco\" width=\"100\" height=\"100\" data-kale-share-title=\"Giornata mondiale missionaria: donare se stessi agli altri\" data-kale-share-url=\"https:\/\/blog.holyart.it\/it\/?p=14180\" \/><\/div>\n<div class=\"blocco-contenuto\">\n<div class=\"blocco-acquista\">Acquista su Holyart:<\/div>\n<div class=\"blocco-titolo\"><a href=\"https:\/\/www.holyart.it\/it\/articoli-religiosi\/rosari-e-portarosari\/rosari-legno\/rosario-ulivo-papa-francesco\">Rosario ulivo Papa Francesco<\/a><\/div>\n<div class=\"blocco-descrizione\">Rosario con grani in ulivo dedicato a Papa Francesco.<\/div>\n<\/div>\n<\/div>\n<p><a href=\"https:\/\/www.holyart.it\/it\/occasioni-speciali\/papa-francesco\"><strong>Papa Francesco<\/strong><\/a> ha ricordato come l&#8217;<strong>esempio di Ges\u00f9<\/strong>, l&#8217;assistere alle tante guarigioni, agli atti di misericordia da Lui rivolti verso i poveri, i malati, gli esclusi, abbia animato gli apostoli di una <strong>grande gioia <\/strong>e di un incontenibile <strong>desiderio di fare altrettanto<\/strong>. Allo stesso modo i <strong>primi cristiani<\/strong> hanno dovuto affrontare un ambiente ostile e arduo, scontrarsi con incredulit\u00e0 e spesso violenza, ma questo anzich\u00e9 vincerli li ha resi pi\u00f9 forti, pi\u00f9 determinati, capaci di trasformare ogni inconveniente e ostacolo in un punto di forza nella loro missione di evangelizzazione.<\/p>\n<p>Soprattutto il papa ha indicato che <strong>la via da seguire \u00e8 quella della compassione<\/strong>, del dedicarsi al prossimo, in nome di una missione di misericordia e di speranza. <em>\u201cNessuno si salva da solo\u201d<\/em>, ha rammentato il Pontefice, sottolineando che non siamo mai soli quando operiamo il bene nel nome di Ges\u00f9, e, nello stesso tempo, ricordandoci che non possiamo tenere il Signore solo per noi stessi. Ancora, ha invocato una maggiore apertura che ci renda capaci di <strong>raggiungere e abbracciare tutti.<\/strong><\/p>\n<div class=\"link-product\">\n<div class=\"blocco-immagine\"><img loading=\"lazy\" decoding=\"async\" class=\"size-full wp-image-14185 alignleft\" src=\"https:\/\/blog.holyart.it\/it\/wp-content\/uploads\/sites\/17\/2021\/10\/croce-pettorale-buon-pastore-metallo-10x7-cm.jpg\" alt=\"croce pettorale buon pastore metallo 10x7 cm\" width=\"100\" height=\"100\" data-kale-share-title=\"Giornata mondiale missionaria: donare se stessi agli altri\" data-kale-share-url=\"https:\/\/blog.holyart.it\/it\/?p=14180\" \/><\/div>\n<div class=\"blocco-contenuto\">\n<div class=\"blocco-acquista\">Acquista su Holyart:<\/div>\n<div class=\"blocco-titolo\"><a href=\"https:\/\/www.holyart.it\/it\/accessori-per-la-liturgia\/articoli-vescovili\/croce-pettorale-buon-pastore-metallo-10x7-cm\">Croce pettorale Buon pastore metallo 10&#215;7 cm<\/a><\/div>\n<div class=\"blocco-descrizione\">Il crocifisso \u00e8 realizzato in Italia, con cura e precisione. L&#8217;immagine rappresentata \u00e8 quella del &#8220;Il Buon Pastore&#8221;.<\/div>\n<\/div>\n<\/div>\n<p>Il Papa ha concluso il suo messaggio <strong>ringraziando i missionari<\/strong> e paragonando la vocazione missionaria a <strong>una storia d&#8217;amore<\/strong>: <em>\u201cOggi Ges\u00f9 ha bisogno di cuori che siano capaci di vivere la vocazione come una vera storia d\u2019amore, che li faccia andare alle periferie del mondo e diventare messaggeri e strumenti di compassione\u201d [&#8230;] \u201cVivere la missione \u00e8 avventurarsi a coltivare gli stessi sentimenti di Cristo Ges\u00f9 e credere con Lui che chi mi sta accanto \u00e8 pure mio fratello e mia sorella. Che il suo amore di compassione risvegli anche il nostro cuore e ci renda tutti discepoli missionari\u201d.<\/em><\/p>\n","protected":false},"excerpt":{"rendered":"<p>Il 24 ottobre si celebra la Giornata Missionaria Mondiale che consacra ottobre a mese missionario per eccellenza La Giornata Missionaria Mondiale celebra l&#8217;attivit\u00e0 missionaria della Chiesa universale e promuove il sostegno di progetti di solidariet\u00e0 e sostegno in tutto il mondo. Il motore di questa&hellip;<\/p>\n","protected":false},"author":1,"featured_media":14192,"comment_status":"closed","ping_status":"open","sticky":false,"template":"","format":"standard","meta":{"_acf_changed":false,"footnotes":""},"categories":[16],"tags":[],"class_list":["post-14180","post","type-post","status-publish","format-standard","has-post-thumbnail","hentry","category-articoli-religiosi"],"acf":[],"yoast_head":"<!-- This site is optimized with the Yoast SEO plugin v26.6 - https:\/\/yoast.com\/wordpress\/plugins\/seo\/ -->\n<title>Giornata missionaria mondiale: donare se stessi agli altri - Holyblog<\/title>\n<meta name=\"description\" content=\"La Giornata Missionaria Mondiale 2021 \u00e8 un inno alla solidariet\u00e0 e all&#039;amore per il prossimo, e un&#039;esortazione a rendere il Regno di Dio reale in terra\" \/>\n<meta name=\"robots\" content=\"index, follow, max-snippet:-1, max-image-preview:large, max-video-preview:-1\" \/>\n<link rel=\"canonical\" href=\"https:\/\/blog.holyart.it\/it\/articoli-religiosi\/giornata-mondiale-missionaria-donare-se-stessi-agli-altri\/\" \/>\n<meta property=\"og:locale\" content=\"it_IT\" \/>\n<meta property=\"og:type\" content=\"article\" \/>\n<meta property=\"og:title\" content=\"Giornata missionaria mondiale: donare se stessi agli altri - Holyblog\" \/>\n<meta property=\"og:description\" content=\"La Giornata Missionaria Mondiale 2021 \u00e8 un inno alla solidariet\u00e0 e all&#039;amore per il prossimo, e un&#039;esortazione a rendere il Regno di Dio reale in terra\" \/>\n<meta property=\"og:url\" content=\"https:\/\/blog.holyart.it\/it\/articoli-religiosi\/giornata-mondiale-missionaria-donare-se-stessi-agli-altri\/\" \/>\n<meta property=\"og:site_name\" content=\"Holyblog\" \/>\n<meta property=\"article:published_time\" content=\"2021-10-21T08:00:45+00:00\" \/>\n<meta property=\"article:modified_time\" content=\"2023-10-04T15:38:25+00:00\" \/>\n<meta property=\"og:image\" content=\"https:\/\/blog.holyart.it\/it\/wp-content\/uploads\/sites\/17\/2021\/10\/giornata-missionaria-mondiale.jpg\" \/>\n\t<meta property=\"og:image:width\" content=\"1000\" \/>\n\t<meta property=\"og:image:height\" content=\"666\" \/>\n\t<meta property=\"og:image:type\" content=\"image\/jpeg\" \/>\n<meta name=\"author\" content=\"Redazione\" \/>\n<meta name=\"twitter:card\" content=\"summary_large_image\" \/>\n<meta name=\"twitter:label1\" content=\"Scritto da\" \/>\n\t<meta name=\"twitter:data1\" content=\"Redazione\" \/>\n\t<meta name=\"twitter:label2\" content=\"Tempo di lettura stimato\" \/>\n\t<meta name=\"twitter:data2\" content=\"8 minuti\" \/>\n<script type=\"application\/ld+json\" class=\"yoast-schema-graph\">{\"@context\":\"https:\/\/schema.org\",\"@graph\":[{\"@type\":\"Article\",\"@id\":\"https:\/\/blog.holyart.it\/it\/articoli-religiosi\/giornata-mondiale-missionaria-donare-se-stessi-agli-altri\/#article\",\"isPartOf\":{\"@id\":\"https:\/\/blog.holyart.it\/it\/articoli-religiosi\/giornata-mondiale-missionaria-donare-se-stessi-agli-altri\/\"},\"author\":{\"name\":\"Redazione\",\"@id\":\"https:\/\/blog.holyart.it\/it\/#\/schema\/person\/0a7b686e5af0f856ec1e390dd0baecda\"},\"headline\":\"Giornata missionaria mondiale: donare se stessi agli altri\",\"datePublished\":\"2021-10-21T08:00:45+00:00\",\"dateModified\":\"2023-10-04T15:38:25+00:00\",\"mainEntityOfPage\":{\"@id\":\"https:\/\/blog.holyart.it\/it\/articoli-religiosi\/giornata-mondiale-missionaria-donare-se-stessi-agli-altri\/\"},\"wordCount\":1141,\"publisher\":{\"@id\":\"https:\/\/blog.holyart.it\/it\/#organization\"},\"image\":{\"@id\":\"https:\/\/blog.holyart.it\/it\/articoli-religiosi\/giornata-mondiale-missionaria-donare-se-stessi-agli-altri\/#primaryimage\"},\"thumbnailUrl\":\"https:\/\/blog.holyart.it\/it\/wp-content\/uploads\/sites\/17\/2021\/10\/giornata-missionaria-mondiale.jpg\",\"articleSection\":[\"Religione\"],\"inLanguage\":\"it-IT\"},{\"@type\":\"WebPage\",\"@id\":\"https:\/\/blog.holyart.it\/it\/articoli-religiosi\/giornata-mondiale-missionaria-donare-se-stessi-agli-altri\/\",\"url\":\"https:\/\/blog.holyart.it\/it\/articoli-religiosi\/giornata-mondiale-missionaria-donare-se-stessi-agli-altri\/\",\"name\":\"Giornata missionaria mondiale: donare se stessi agli altri - Holyblog\",\"isPartOf\":{\"@id\":\"https:\/\/blog.holyart.it\/it\/#website\"},\"primaryImageOfPage\":{\"@id\":\"https:\/\/blog.holyart.it\/it\/articoli-religiosi\/giornata-mondiale-missionaria-donare-se-stessi-agli-altri\/#primaryimage\"},\"image\":{\"@id\":\"https:\/\/blog.holyart.it\/it\/articoli-religiosi\/giornata-mondiale-missionaria-donare-se-stessi-agli-altri\/#primaryimage\"},\"thumbnailUrl\":\"https:\/\/blog.holyart.it\/it\/wp-content\/uploads\/sites\/17\/2021\/10\/giornata-missionaria-mondiale.jpg\",\"datePublished\":\"2021-10-21T08:00:45+00:00\",\"dateModified\":\"2023-10-04T15:38:25+00:00\",\"description\":\"La Giornata Missionaria Mondiale 2021 \u00e8 un inno alla solidariet\u00e0 e all'amore per il prossimo, e un'esortazione a rendere il Regno di Dio reale in terra\",\"breadcrumb\":{\"@id\":\"https:\/\/blog.holyart.it\/it\/articoli-religiosi\/giornata-mondiale-missionaria-donare-se-stessi-agli-altri\/#breadcrumb\"},\"inLanguage\":\"it-IT\",\"potentialAction\":[{\"@type\":\"ReadAction\",\"target\":[\"https:\/\/blog.holyart.it\/it\/articoli-religiosi\/giornata-mondiale-missionaria-donare-se-stessi-agli-altri\/\"]}]},{\"@type\":\"ImageObject\",\"inLanguage\":\"it-IT\",\"@id\":\"https:\/\/blog.holyart.it\/it\/articoli-religiosi\/giornata-mondiale-missionaria-donare-se-stessi-agli-altri\/#primaryimage\",\"url\":\"https:\/\/blog.holyart.it\/it\/wp-content\/uploads\/sites\/17\/2021\/10\/giornata-missionaria-mondiale.jpg\",\"contentUrl\":\"https:\/\/blog.holyart.it\/it\/wp-content\/uploads\/sites\/17\/2021\/10\/giornata-missionaria-mondiale.jpg\",\"width\":1000,\"height\":666,\"caption\":\"giornata missionaria mondiale\"},{\"@type\":\"BreadcrumbList\",\"@id\":\"https:\/\/blog.holyart.it\/it\/articoli-religiosi\/giornata-mondiale-missionaria-donare-se-stessi-agli-altri\/#breadcrumb\",\"itemListElement\":[{\"@type\":\"ListItem\",\"position\":1,\"name\":\"Homepage\",\"item\":\"https:\/\/blog.holyart.it\/it\/\"},{\"@type\":\"ListItem\",\"position\":2,\"name\":\"Religione\",\"item\":\"https:\/\/blog.holyart.it\/it\/articoli-religiosi\/\"},{\"@type\":\"ListItem\",\"position\":3,\"name\":\"Giornata missionaria mondiale: donare se stessi agli altri\"}]},{\"@type\":\"WebSite\",\"@id\":\"https:\/\/blog.holyart.it\/it\/#website\",\"url\":\"https:\/\/blog.holyart.it\/it\/\",\"name\":\"Holyblog\",\"description\":\"Il Blog di Holyart.it\",\"publisher\":{\"@id\":\"https:\/\/blog.holyart.it\/it\/#organization\"},\"potentialAction\":[{\"@type\":\"SearchAction\",\"target\":{\"@type\":\"EntryPoint\",\"urlTemplate\":\"https:\/\/blog.holyart.it\/it\/?s={search_term_string}\"},\"query-input\":{\"@type\":\"PropertyValueSpecification\",\"valueRequired\":true,\"valueName\":\"search_term_string\"}}],\"inLanguage\":\"it-IT\"},{\"@type\":\"Organization\",\"@id\":\"https:\/\/blog.holyart.it\/it\/#organization\",\"name\":\"Holyblog\",\"url\":\"https:\/\/blog.holyart.it\/it\/\",\"logo\":{\"@type\":\"ImageObject\",\"inLanguage\":\"it-IT\",\"@id\":\"https:\/\/blog.holyart.it\/it\/#\/schema\/logo\/image\/\",\"url\":\"https:\/\/blog.holyart.it\/it\/wp-content\/uploads\/sites\/17\/2022\/12\/Holyart_Blog_Logo.jpg\",\"contentUrl\":\"https:\/\/blog.holyart.it\/it\/wp-content\/uploads\/sites\/17\/2022\/12\/Holyart_Blog_Logo.jpg\",\"width\":300,\"height\":50,\"caption\":\"Holyblog\"},\"image\":{\"@id\":\"https:\/\/blog.holyart.it\/it\/#\/schema\/logo\/image\/\"}},{\"@type\":\"Person\",\"@id\":\"https:\/\/blog.holyart.it\/it\/#\/schema\/person\/0a7b686e5af0f856ec1e390dd0baecda\",\"name\":\"Redazione\"}]}<\/script>\n<!-- \/ Yoast SEO plugin. -->","yoast_head_json":{"title":"Giornata missionaria mondiale: donare se stessi agli altri - Holyblog","description":"La Giornata Missionaria Mondiale 2021 \u00e8 un inno alla solidariet\u00e0 e all'amore per il prossimo, e un'esortazione a rendere il Regno di Dio reale in terra","robots":{"index":"index","follow":"follow","max-snippet":"max-snippet:-1","max-image-preview":"max-image-preview:large","max-video-preview":"max-video-preview:-1"},"canonical":"https:\/\/blog.holyart.it\/it\/articoli-religiosi\/giornata-mondiale-missionaria-donare-se-stessi-agli-altri\/","og_locale":"it_IT","og_type":"article","og_title":"Giornata missionaria mondiale: donare se stessi agli altri - Holyblog","og_description":"La Giornata Missionaria Mondiale 2021 \u00e8 un inno alla solidariet\u00e0 e all'amore per il prossimo, e un'esortazione a rendere il Regno di Dio reale in terra","og_url":"https:\/\/blog.holyart.it\/it\/articoli-religiosi\/giornata-mondiale-missionaria-donare-se-stessi-agli-altri\/","og_site_name":"Holyblog","article_published_time":"2021-10-21T08:00:45+00:00","article_modified_time":"2023-10-04T15:38:25+00:00","og_image":[{"width":1000,"height":666,"url":"https:\/\/blog.holyart.it\/it\/wp-content\/uploads\/sites\/17\/2021\/10\/giornata-missionaria-mondiale.jpg","type":"image\/jpeg"}],"author":"Redazione","twitter_card":"summary_large_image","twitter_misc":{"Scritto da":"Redazione","Tempo di lettura stimato":"8 minuti"},"schema":{"@context":"https:\/\/schema.org","@graph":[{"@type":"Article","@id":"https:\/\/blog.holyart.it\/it\/articoli-religiosi\/giornata-mondiale-missionaria-donare-se-stessi-agli-altri\/#article","isPartOf":{"@id":"https:\/\/blog.holyart.it\/it\/articoli-religiosi\/giornata-mondiale-missionaria-donare-se-stessi-agli-altri\/"},"author":{"name":"Redazione","@id":"https:\/\/blog.holyart.it\/it\/#\/schema\/person\/0a7b686e5af0f856ec1e390dd0baecda"},"headline":"Giornata missionaria mondiale: donare se stessi agli altri","datePublished":"2021-10-21T08:00:45+00:00","dateModified":"2023-10-04T15:38:25+00:00","mainEntityOfPage":{"@id":"https:\/\/blog.holyart.it\/it\/articoli-religiosi\/giornata-mondiale-missionaria-donare-se-stessi-agli-altri\/"},"wordCount":1141,"publisher":{"@id":"https:\/\/blog.holyart.it\/it\/#organization"},"image":{"@id":"https:\/\/blog.holyart.it\/it\/articoli-religiosi\/giornata-mondiale-missionaria-donare-se-stessi-agli-altri\/#primaryimage"},"thumbnailUrl":"https:\/\/blog.holyart.it\/it\/wp-content\/uploads\/sites\/17\/2021\/10\/giornata-missionaria-mondiale.jpg","articleSection":["Religione"],"inLanguage":"it-IT"},{"@type":"WebPage","@id":"https:\/\/blog.holyart.it\/it\/articoli-religiosi\/giornata-mondiale-missionaria-donare-se-stessi-agli-altri\/","url":"https:\/\/blog.holyart.it\/it\/articoli-religiosi\/giornata-mondiale-missionaria-donare-se-stessi-agli-altri\/","name":"Giornata missionaria mondiale: donare se stessi agli altri - Holyblog","isPartOf":{"@id":"https:\/\/blog.holyart.it\/it\/#website"},"primaryImageOfPage":{"@id":"https:\/\/blog.holyart.it\/it\/articoli-religiosi\/giornata-mondiale-missionaria-donare-se-stessi-agli-altri\/#primaryimage"},"image":{"@id":"https:\/\/blog.holyart.it\/it\/articoli-religiosi\/giornata-mondiale-missionaria-donare-se-stessi-agli-altri\/#primaryimage"},"thumbnailUrl":"https:\/\/blog.holyart.it\/it\/wp-content\/uploads\/sites\/17\/2021\/10\/giornata-missionaria-mondiale.jpg","datePublished":"2021-10-21T08:00:45+00:00","dateModified":"2023-10-04T15:38:25+00:00","description":"La Giornata Missionaria Mondiale 2021 \u00e8 un inno alla solidariet\u00e0 e all'amore per il prossimo, e un'esortazione a rendere il Regno di Dio reale in terra","breadcrumb":{"@id":"https:\/\/blog.holyart.it\/it\/articoli-religiosi\/giornata-mondiale-missionaria-donare-se-stessi-agli-altri\/#breadcrumb"},"inLanguage":"it-IT","potentialAction":[{"@type":"ReadAction","target":["https:\/\/blog.holyart.it\/it\/articoli-religiosi\/giornata-mondiale-missionaria-donare-se-stessi-agli-altri\/"]}]},{"@type":"ImageObject","inLanguage":"it-IT","@id":"https:\/\/blog.holyart.it\/it\/articoli-religiosi\/giornata-mondiale-missionaria-donare-se-stessi-agli-altri\/#primaryimage","url":"https:\/\/blog.holyart.it\/it\/wp-content\/uploads\/sites\/17\/2021\/10\/giornata-missionaria-mondiale.jpg","contentUrl":"https:\/\/blog.holyart.it\/it\/wp-content\/uploads\/sites\/17\/2021\/10\/giornata-missionaria-mondiale.jpg","width":1000,"height":666,"caption":"giornata missionaria mondiale"},{"@type":"BreadcrumbList","@id":"https:\/\/blog.holyart.it\/it\/articoli-religiosi\/giornata-mondiale-missionaria-donare-se-stessi-agli-altri\/#breadcrumb","itemListElement":[{"@type":"ListItem","position":1,"name":"Homepage","item":"https:\/\/blog.holyart.it\/it\/"},{"@type":"ListItem","position":2,"name":"Religione","item":"https:\/\/blog.holyart.it\/it\/articoli-religiosi\/"},{"@type":"ListItem","position":3,"name":"Giornata missionaria mondiale: donare se stessi agli altri"}]},{"@type":"WebSite","@id":"https:\/\/blog.holyart.it\/it\/#website","url":"https:\/\/blog.holyart.it\/it\/","name":"Holyblog","description":"Il Blog di Holyart.it","publisher":{"@id":"https:\/\/blog.holyart.it\/it\/#organization"},"potentialAction":[{"@type":"SearchAction","target":{"@type":"EntryPoint","urlTemplate":"https:\/\/blog.holyart.it\/it\/?s={search_term_string}"},"query-input":{"@type":"PropertyValueSpecification","valueRequired":true,"valueName":"search_term_string"}}],"inLanguage":"it-IT"},{"@type":"Organization","@id":"https:\/\/blog.holyart.it\/it\/#organization","name":"Holyblog","url":"https:\/\/blog.holyart.it\/it\/","logo":{"@type":"ImageObject","inLanguage":"it-IT","@id":"https:\/\/blog.holyart.it\/it\/#\/schema\/logo\/image\/","url":"https:\/\/blog.holyart.it\/it\/wp-content\/uploads\/sites\/17\/2022\/12\/Holyart_Blog_Logo.jpg","contentUrl":"https:\/\/blog.holyart.it\/it\/wp-content\/uploads\/sites\/17\/2022\/12\/Holyart_Blog_Logo.jpg","width":300,"height":50,"caption":"Holyblog"},"image":{"@id":"https:\/\/blog.holyart.it\/it\/#\/schema\/logo\/image\/"}},{"@type":"Person","@id":"https:\/\/blog.holyart.it\/it\/#\/schema\/person\/0a7b686e5af0f856ec1e390dd0baecda","name":"Redazione"}]}},"_links":{"self":[{"href":"https:\/\/blog.holyart.it\/it\/wp-json\/wp\/v2\/posts\/14180","targetHints":{"allow":["GET"]}}],"collection":[{"href":"https:\/\/blog.holyart.it\/it\/wp-json\/wp\/v2\/posts"}],"about":[{"href":"https:\/\/blog.holyart.it\/it\/wp-json\/wp\/v2\/types\/post"}],"author":[{"embeddable":true,"href":"https:\/\/blog.holyart.it\/it\/wp-json\/wp\/v2\/users\/1"}],"replies":[{"embeddable":true,"href":"https:\/\/blog.holyart.it\/it\/wp-json\/wp\/v2\/comments?post=14180"}],"version-history":[{"count":1,"href":"https:\/\/blog.holyart.it\/it\/wp-json\/wp\/v2\/posts\/14180\/revisions"}],"predecessor-version":[{"id":18571,"href":"https:\/\/blog.holyart.it\/it\/wp-json\/wp\/v2\/posts\/14180\/revisions\/18571"}],"wp:featuredmedia":[{"embeddable":true,"href":"https:\/\/blog.holyart.it\/it\/wp-json\/wp\/v2\/media\/14192"}],"wp:attachment":[{"href":"https:\/\/blog.holyart.it\/it\/wp-json\/wp\/v2\/media?parent=14180"}],"wp:term":[{"taxonomy":"category","embeddable":true,"href":"https:\/\/blog.holyart.it\/it\/wp-json\/wp\/v2\/categories?post=14180"},{"taxonomy":"post_tag","embeddable":true,"href":"https:\/\/blog.holyart.it\/it\/wp-json\/wp\/v2\/tags?post=14180"}],"curies":[{"name":"wp","href":"https:\/\/api.w.org\/{rel}","templated":true}]}}