{"id":1401,"date":"2017-11-28T17:12:03","date_gmt":"2017-11-28T16:12:03","guid":{"rendered":"https:\/\/blog.holyart.it\/it\/?p=1401"},"modified":"2021-07-02T14:23:35","modified_gmt":"2021-07-02T12:23:35","slug":"il-tempo-di-avvento","status":"publish","type":"post","link":"https:\/\/blog.holyart.it\/it\/natale\/il-tempo-di-avvento\/","title":{"rendered":"Il tempo di Avvento"},"content":{"rendered":"<p><span style=\"color: #0000ff;\"><strong><a style=\"color: #0000ff;\" href=\"https:\/\/www.holyart.it\/it\/natale\/avvento\">L\u2019Avvento<\/a><\/strong><\/span> \u00e8 uno dei momenti pi\u00f9 importanti dell\u2019anno per i cattolici di tutto il mondo. \u00c8 il periodo in cui ci si prepara alla venuta di Cristo, al rinnovarsi della sua nascita miracolosa, che verr\u00e0 celebrata a Natale, ma non solo. L\u2019Avvento \u00e8 anche il periodo liturgico in cui i fedeli ribadiscono la loro speranza, l\u2019attesa della seconda venuta di Ges\u00f9, quella che decreter\u00e0 la fine del mondo come noi lo conosciamo, la fine dei tempi.<\/p>\n<p>La parola Avvento viene infatti dal latino <em>adventus<\/em>, \u2018venuta\u2019, ma anche \u2018attesa\u2019. Deriva indirettamente dal greco <em>parous\u00eda<\/em>, o <em>epiph\u00e1neia<\/em>, termini con cui, nel linguaggio degli antichi culti, si voleva indicare la discesa della divinit\u00e0 nel tempio per incontrare i propri fedeli, la sua manifestazione sul piano di esistenza degli uomini.<\/p>\n<p>Dunque, celebrando l\u2019Avvento, da un lato ci prepariamo al Natale, alla solennit\u00e0 della prima venuta di Ges\u00f9 fattosi uomo, sceso tra i mortali e nato in una mangiatoia dal grembo di una fanciulla comune, con un falegname come padre putativo e, nello stesso tempo, esprimiamo la nostra speranza, l\u2019attesa gioiosa della Sua seconda venuta, la cosiddetta <em>parusia<\/em>, quando Egli scender\u00e0 di nuovo tra gli uomini avvolto nella gloria e nella potenza dei Cieli.<\/p>\n<p>Un momento di gioia e speranza, non di penitenza, come la <span style=\"color: #0000ff;\"><strong style=\"color: #0000ff;\"><a style=\"color: #0000ff;\" href=\"https:\/\/www.holyart.it\/it\/occasioni-speciali\/pasqua-e-quaresima\">Quaresima<\/a>\u00a0<\/strong><\/span>che precede la <strong>Pasqua<\/strong>, e che tuttavia prevede un\u2019attenzione spirituale quotidiana, la presa di coscienza progressiva dell\u2019evento che sta per giungere.<\/p>\n<h2>Origini della celebrazione<\/h2>\n<p>Gli autori cristiani, fin dai primi secoli dopo la nascita di Ges\u00f9, descrissero la Sua venuta nei loro testi, indicando sia il mistero della Sua incarnazione nel grembo di Maria, nella carne mortale, sia la promessa, celata nel Suo farsi uomo, di quella che sarebbe stata la Sua seconda, definitiva venuta. A differenza degli dei pagani, Ges\u00f9 decise di disertare i templi eretti dagli uomini, le loro colonne di pietra, e di farsi uomo Lui stesso, di avvolgersi di un tempio di carne e sangue, mortale e suscettibile al dolore, alle privazioni, alla sofferenza.<\/p>\n<p>L\u2019Avvento inizi\u00f2 a essere onorato in Occidente all\u2019incirca dal VI secolo, sebbene, almeno al principio, esso avesse una valenza pi\u00f9 vicina a quella della Quaresima: <strong>celebrando la nascita di Ges\u00f9 in realt\u00e0 si celebrava la sua Resurrezione<\/strong>. Per questo le settimane dell\u2019Avvento erano caratterizzate, oltre che dalla preghiera, anche da digiuni e penitenze.<\/p>\n<h2>Le celebrazioni dell\u2019Avvento<\/h2>\n<p>L\u2019Avvento inizia quattro settimane prima di Natale, indicativamente tra il 27 novembre e il 3 dicembre. Nel Rito ambrosiano le settimane sono invece sei. <strong>L\u2019avvento ha inizio con i Vespri della prima domenica e si conclude con i Vespri di Natale.<img loading=\"lazy\" decoding=\"async\" class=\"alignright size-medium wp-image-1411\" src=\"https:\/\/blog.holyart.it\/it\/wp-content\/uploads\/sites\/17\/2017\/11\/vespri-300x300.jpg\" alt=\"inizio avvento vespri\" width=\"300\" height=\"300\" \/><\/strong> Prevede un percorso di preghiera che coinvolge sia i giorni feriali sia le domeniche, ma \u00e8 soprattutto in queste ultime che si concentra la devozione dei fedeli. Ognuna delle quattro domeniche dell\u2019Avvento \u00e8 indicata con un nome tradizionale preso dalle prime parole dell\u2019Introito, l\u2019Antifona che introduce alla Messa: <strong>Ad te levavi<\/strong> (Prima Domenica, da <em>Ad te levavi animam meam<\/em> \u201cA te innalzo l\u2019anima mia\u201d, Salmo 24); <strong>Populus Sion<\/strong> (Seconda Domenica, da <em>Populus Sion, ecce Dominus veniet ad salvandas gentes<\/em> \u201cPopolo di Sion, ecco il Signore verr\u00e0 a salvare i popoli\u201d, Isaia 30,19.30); <strong>Gaudete<\/strong> (Terza Domenica, da <em>Gaudete in Domino semper<\/em> \u201cRallegratevi nel Signore sempre\u201d, Filippesi 4,4.5); <strong>Rorate<\/strong> (Quarta Domenica, da <em>Rorate, coeli desuper, et nubes pluant iustum<\/em> \u201cStillate, cieli, dall&#8217;alto e le nubi facciano piovere la giustizia\u201d, Isaia 45,8).<\/p>\n<p>Nel corso delle settimane dell\u2019Avvento i sacerdoti indossano <span style=\"color: #0000ff;\"><strong><a style=\"color: #0000ff;\" href=\"https:\/\/www.holyart.it\/it\/accessori-per-la-liturgia\/paramenti-liturgici-servizi-altare-coprileggii\">paramenti liturgici viola<\/a><\/strong><\/span>, che nella terza settimana possono essere anche rosa, colore che simboleggia la gioia per l\u2019imminente venuta di Cristo.<\/p>\n<p>La liturgia delle prime tre domeniche, fino al 16 dicembre, \u00e8 incentrata sull\u2019attesa della <em>parusia<\/em>, la seconda venuta di Cristo, e prevede la lettura di alcuni brani dal Vangelo di Matteo (Matteo 24, 37-44: \u201c<em>Vegliate dunque, perch\u00e9 non sapete in quale giorno il Signore vostro verr\u00e0<\/em>\u201d; Matteo 3,1-12: \u201c<em>Convertitevi, perch\u00e9 il regno dei cieli \u00e8 vicino!<\/em>\u201d; Matteo 11, 2-11: \u201c<em>Sei tu colui che deve venire o dobbiamo aspettare un altro?<\/em>\u201d). Nell\u2019ultima domenica dell\u2019Avvento si legge invece di come Ges\u00f9 si sarebbe incarnato nel seno di Maria e sarebbe nato tra gli uomini (Matteo 1, 18-24), concentrandosi dunque sulla nascita di Ges\u00f9 a Natale.<\/p>\n<p>Dunque le prime tre settimane si concentrano sulla seconda venuta di Ges\u00f9, mentre, man mano che ci si avvicina al Natale, l\u2019attenzione \u00e8 riportata sul Suo concepimento miracoloso e sulla Sua nascita a Betlemme.<\/p>\n<p>Le celebrazioni dell\u2019Avvento prevedono l\u2019intonazione di Inni, diversi per i vari periodi, e di sette antifone, dette Antifone Maggiori o anche Antifone <em>O<\/em>, perch\u00e9 tutte iniziano con il vocativo \u2018O\u2019: <em>O Sapientia<\/em>, <em>O Adonai<\/em>, e cos\u00ec via\u2026 Si tratta di sette antifone latine tipiche della Liturgia delle Ore. Esse vengono intonate ai Vespri, prima del Magnificat, durante le ferie maggiori dell&#8217;Avvento, dal 17 al 23 dicembre.<\/p>\n<p>Il <em>Gloria<\/em> non viene pi\u00f9 recitato fino alla Messa di Mezzanotte di Natale, dove diventa il vero simbolo del trionfo di Ges\u00f9 che nasce.<\/p>\n<h2>Maria e l\u2019Avvento<\/h2>\n<p>I brani evangelici letti nelle prime tre domeniche dell\u2019Avvento fanno riferimento rispettivamente alla venuta del Signore alla fine dei tempi e a Giovanni Battista, mentre quello dell\u2019ultima domenica agli eventi e ai personaggi che porteranno alla nascita di Ges\u00f9, prima fra tutti Maria. Non a caso la quarta domenica dell\u2019Avvento \u00e8 anche considerata tradizionalmente quella in cui quest\u2019ultima fece visita a Santa Elisabetta, gi\u00e0 incinta di Giovanni Battista, per darle la buona novella dell\u2019imminente nascita di Ges\u00f9. <strong>Maria pu\u00f2 essere considerata il simbolo stesso dell\u2019Avvento<\/strong>, dell\u2019umanit\u00e0 che, dopo tanto peregrinare, \u00e8 pronta ad accogliere nuovamente Dio e la Sua promessa, accettandone con piena fede e speranza la volont\u00e0.<\/p>\n<div class=\"link-product\">\n<div class=\"blocco-immagine\"><img loading=\"lazy\" decoding=\"async\" class=\"size-medium wp-image-1414\" src=\"https:\/\/blog.holyart.it\/it\/wp-content\/uploads\/sites\/17\/2017\/11\/maria-dellavvento-300x300.jpg\" alt=\"Maria\" width=\"100\" height=\"100\" \/><\/div>\n<div class=\"blocco-contenuto\">\n<div class=\"blocco-acquista\">Acquista su Holyart:<\/div>\n<div class=\"blocco-titolo\"><a href=\"https:\/\/www.holyart.it\/it\/articoli-religiosi\/statue\/statue-in-pietra\/vergine-dellavvento-57cm\">Statua in pietra della Vergine dell&#8217;Avvento<br \/>\nRealizzata e dipinta a mano<\/a><\/div>\n<\/div>\n<\/div>\n<p>Maria \u00e8 nello stesso tempo lo strumento della volont\u00e0 divina e la portavoce degli uomini, poich\u00e9 fu per libera scelta, senza forzature, che ella accett\u00f2 il proprio destino e si mise al servizio del grande e meraviglioso piano di Dio. Il suo modello di umilt\u00e0 e gioia attraversa i secoli, riscaldando anno dopo anno l\u2019attesa di tutte le attese, del pi\u00f9 grande dei misteri: di come una fanciulla, pienamente consapevole, aspettasse un bambino che sarebbe anche stato la salvezza per lei e per l\u2019umanit\u00e0 tutta. Maria, strumento e madre amorevole di Dio, tiene viva la fiamma dell\u2019alleanza, in attesa della nuova venuta di Ges\u00f9 e del Suo trionfo tra gli uomini meritevoli.<\/p>\n<h2>Corona dell\u2019Avvento<\/h2>\n<p>Il succedersi delle domeniche dell\u2019Avvento viene celebrata in molte chiese e in molte case anche con l\u2019accensione delle <strong>candele della Corona d\u2019Avvento<\/strong>, un cerchio di rami sempreverdi, all\u2019interno del quale sono poste quattro candele che vengono accese una a una per celebrare la vittoria della luce sull\u2019oscurit\u00e0 e la speranza legata alla venuta del Messia.<\/p>\n<div class=\"link-product\">\n<div class=\"blocco-immagine\"><img loading=\"lazy\" decoding=\"async\" class=\"size-medium wp-image-1416\" src=\"https:\/\/blog.holyart.it\/it\/wp-content\/uploads\/sites\/17\/2017\/11\/corona-avvento-300x300.jpg\" alt=\"il tempo di avvento\" width=\"100\" height=\"100\" \/><\/div>\n<div class=\"blocco-contenuto\">\n<div class=\"blocco-acquista\">Acquista su Holyart:<\/div>\n<div class=\"blocco-titolo\"><a href=\"https:\/\/www.holyart.it\/it\/natale\/avvento?sorter_id=0&amp;89%5B%5D=2460&amp;p_min=&amp;p_max=\">Corona d&#8217;Avvento<br \/>\nPi\u00f9 di 10 modelli disponibili<\/a><\/div>\n<\/div>\n<\/div>\n<p>Ognuna delle candele, infatti, rappresenta rispettivamente: <strong>Speranza<\/strong>, <strong>Pace<\/strong>, <strong>Gioia<\/strong> e <strong>Amore<\/strong>. La stessa forma circolare della corona rimanda all\u2019eternit\u00e0, all\u2019unit\u00e0 del tutto, mentre i sempreverdi simboleggiano la speranza. Si tratta di una tradizione di origine germanica, che risale ai primi dell\u2019Ottocento. Nelle prime corone dell\u2019Avvento c\u2019era una candela per ogni giorno dell\u2019Avvento, mentre oggi, solitamente, ce ne sono quattro, al massimo cinque contando anche la candela che bisogna accendere a Natale.<\/p>\n<p>Ogni candela ha un suo significato simbolico particolare: la prima, detta \u2018del Profeta\u2019, fa riferimento alle profezie riguardo la nascita di Ges\u00f9; la seconda, detta \u2018di Betlemme\u2019 ricorda la citt\u00e0 in cui Lui \u00e8 nato; la terza, detta \u2018dei Pastori\u2019, ricorda colori i quali per primi adorarono Ges\u00f9; la quarta, detta \u2018degli Angeli\u2019, celebra i messaggeri che portarono nel mondo la notizia della nascita miracolosa.<\/p>\n<h2 style=\"text-align: left;\">L\u2019Avvento per i bambini<\/h2>\n<p>Anche per i bambini l\u2019Avvento \u00e8 un momento importante e dovrebbe essere una buona occasione per far comprendere loro il significato pi\u00f9 profondo e spirituale del Natale.<\/p>\n<p>Troppo spesso, infatti, nel mondo moderno questa festa cos\u00ec preziosa e sacra viene depauperata del suo effettivo valore, a favore di una dimensione pi\u00f9 pagana e consumistica. I bambini dovrebbe comprendere che l\u2019attesa non \u00e8 solo quella dei regali di Natale, ma soprattutto quella della nascita di Ges\u00f9 Bambino, venuto sulla Terra per noi tutti. Domenica dopo domenica si pu\u00f2 rendere divertente e appassionante il percorso dell\u2019Avvento, rappresentando con disegni e scenette i vari episodi del Vangelo, il messaggio che essi custodiscono.<\/p>\n<div class=\"link-product\">\n<div class=\"blocco-immagine\"><img loading=\"lazy\" decoding=\"async\" class=\"size-medium wp-image-1421\" src=\"https:\/\/blog.holyart.it\/it\/wp-content\/uploads\/sites\/17\/2017\/11\/calendario-bambino-300x300.jpg\" alt=\"calendario avvento bambino\" width=\"100\" height=\"100\" \/><\/div>\n<div class=\"blocco-contenuto\">\n<div class=\"blocco-acquista\">Acquista su Holyart:<\/div>\n<div class=\"blocco-titolo\"><a href=\"https:\/\/www.holyart.it\/it\/articoli-religiosi\/libri-e-testi-sacri\/calendari-e-altri-libri-religiosi\/calendario-dellavvento\">Calendario Avvento per il tuo bambino. Un oggetto divertente con cui decorare la casa a Natale.<\/a><\/div>\n<\/div>\n<\/div>\n<p>Naturalmente va bene regalare ai piccoli un <span style=\"color: #0000ff;\"><a style=\"color: #0000ff;\" href=\"https:\/\/www.holyart.it\/it\/articoli-religiosi\/libri-e-testi-sacri\/calendari-e-altri-libri-religiosi\"><strong>calendario dell\u2019Avvento<\/strong>,<\/a><\/span> con piccoli regali e cioccolatini da scoprire ogni giorno, ma si dovrebbe stare loro accanto mentre imparano a conoscere i momenti speciali che avvicinano a un evento cos\u00ec importante. Portare a casa una <strong>Corona dell\u2019Avvento<\/strong> e far accendere ai bambini la candela ogni domenica potrebbe essere un altro modo per farli sentire coinvolti e consapevoli della grande festa che si sta allestendo, e di ci\u00f2 che essa comporta per tutti gli uomini.<\/p>\n","protected":false},"excerpt":{"rendered":"<p>L\u2019Avvento \u00e8 uno dei momenti pi\u00f9 importanti dell\u2019anno per i cattolici di tutto il mondo. \u00c8 il periodo in cui ci si prepara alla venuta di Cristo, al rinnovarsi della sua nascita miracolosa, che verr\u00e0 celebrata a Natale, ma non solo. L\u2019Avvento \u00e8 anche il&hellip;<\/p>\n","protected":false},"author":1,"featured_media":1408,"comment_status":"closed","ping_status":"open","sticky":false,"template":"","format":"standard","meta":{"_acf_changed":false,"footnotes":""},"categories":[18],"tags":[],"class_list":["post-1401","post","type-post","status-publish","format-standard","has-post-thumbnail","hentry","category-natale"],"acf":[],"yoast_head":"<!-- This site is optimized with the Yoast SEO plugin v26.6 - https:\/\/yoast.com\/wordpress\/plugins\/seo\/ -->\n<title>Il tempo di Avvento - Holyblog<\/title>\n<meta name=\"robots\" content=\"index, follow, max-snippet:-1, max-image-preview:large, max-video-preview:-1\" \/>\n<link rel=\"canonical\" href=\"https:\/\/blog.holyart.it\/it\/natale\/il-tempo-di-avvento\/\" \/>\n<meta property=\"og:locale\" content=\"it_IT\" \/>\n<meta property=\"og:type\" content=\"article\" \/>\n<meta property=\"og:title\" content=\"Il tempo di Avvento - Holyblog\" \/>\n<meta property=\"og:description\" content=\"L\u2019Avvento \u00e8 uno dei momenti pi\u00f9 importanti dell\u2019anno per i cattolici di tutto il mondo. \u00c8 il periodo in cui ci si prepara alla venuta di Cristo, al rinnovarsi della sua nascita miracolosa, che verr\u00e0 celebrata a Natale, ma non solo. L\u2019Avvento \u00e8 anche il&hellip;\" \/>\n<meta property=\"og:url\" content=\"https:\/\/blog.holyart.it\/it\/natale\/il-tempo-di-avvento\/\" \/>\n<meta property=\"og:site_name\" content=\"Holyblog\" \/>\n<meta property=\"article:published_time\" content=\"2017-11-28T16:12:03+00:00\" \/>\n<meta property=\"article:modified_time\" content=\"2021-07-02T12:23:35+00:00\" \/>\n<meta property=\"og:image\" content=\"https:\/\/blog.holyart.it\/it\/wp-content\/uploads\/sites\/17\/2017\/11\/avvento.jpg\" \/>\n\t<meta property=\"og:image:width\" content=\"1000\" \/>\n\t<meta property=\"og:image:height\" content=\"666\" \/>\n\t<meta property=\"og:image:type\" content=\"image\/jpeg\" \/>\n<meta name=\"author\" content=\"Redazione\" \/>\n<meta name=\"twitter:card\" content=\"summary_large_image\" \/>\n<meta name=\"twitter:label1\" content=\"Scritto da\" \/>\n\t<meta name=\"twitter:data1\" content=\"Redazione\" \/>\n\t<meta name=\"twitter:label2\" content=\"Tempo di lettura stimato\" \/>\n\t<meta name=\"twitter:data2\" content=\"7 minuti\" \/>\n<script type=\"application\/ld+json\" class=\"yoast-schema-graph\">{\"@context\":\"https:\/\/schema.org\",\"@graph\":[{\"@type\":\"Article\",\"@id\":\"https:\/\/blog.holyart.it\/it\/natale\/il-tempo-di-avvento\/#article\",\"isPartOf\":{\"@id\":\"https:\/\/blog.holyart.it\/it\/natale\/il-tempo-di-avvento\/\"},\"author\":{\"name\":\"Redazione\",\"@id\":\"https:\/\/blog.holyart.it\/it\/#\/schema\/person\/0a7b686e5af0f856ec1e390dd0baecda\"},\"headline\":\"Il tempo di Avvento\",\"datePublished\":\"2017-11-28T16:12:03+00:00\",\"dateModified\":\"2021-07-02T12:23:35+00:00\",\"mainEntityOfPage\":{\"@id\":\"https:\/\/blog.holyart.it\/it\/natale\/il-tempo-di-avvento\/\"},\"wordCount\":1498,\"publisher\":{\"@id\":\"https:\/\/blog.holyart.it\/it\/#organization\"},\"image\":{\"@id\":\"https:\/\/blog.holyart.it\/it\/natale\/il-tempo-di-avvento\/#primaryimage\"},\"thumbnailUrl\":\"https:\/\/blog.holyart.it\/it\/wp-content\/uploads\/sites\/17\/2017\/11\/avvento.jpg\",\"articleSection\":[\"Natale\"],\"inLanguage\":\"it-IT\"},{\"@type\":\"WebPage\",\"@id\":\"https:\/\/blog.holyart.it\/it\/natale\/il-tempo-di-avvento\/\",\"url\":\"https:\/\/blog.holyart.it\/it\/natale\/il-tempo-di-avvento\/\",\"name\":\"Il tempo di Avvento - Holyblog\",\"isPartOf\":{\"@id\":\"https:\/\/blog.holyart.it\/it\/#website\"},\"primaryImageOfPage\":{\"@id\":\"https:\/\/blog.holyart.it\/it\/natale\/il-tempo-di-avvento\/#primaryimage\"},\"image\":{\"@id\":\"https:\/\/blog.holyart.it\/it\/natale\/il-tempo-di-avvento\/#primaryimage\"},\"thumbnailUrl\":\"https:\/\/blog.holyart.it\/it\/wp-content\/uploads\/sites\/17\/2017\/11\/avvento.jpg\",\"datePublished\":\"2017-11-28T16:12:03+00:00\",\"dateModified\":\"2021-07-02T12:23:35+00:00\",\"breadcrumb\":{\"@id\":\"https:\/\/blog.holyart.it\/it\/natale\/il-tempo-di-avvento\/#breadcrumb\"},\"inLanguage\":\"it-IT\",\"potentialAction\":[{\"@type\":\"ReadAction\",\"target\":[\"https:\/\/blog.holyart.it\/it\/natale\/il-tempo-di-avvento\/\"]}]},{\"@type\":\"ImageObject\",\"inLanguage\":\"it-IT\",\"@id\":\"https:\/\/blog.holyart.it\/it\/natale\/il-tempo-di-avvento\/#primaryimage\",\"url\":\"https:\/\/blog.holyart.it\/it\/wp-content\/uploads\/sites\/17\/2017\/11\/avvento.jpg\",\"contentUrl\":\"https:\/\/blog.holyart.it\/it\/wp-content\/uploads\/sites\/17\/2017\/11\/avvento.jpg\",\"width\":1000,\"height\":666,\"caption\":\"Avvento\"},{\"@type\":\"BreadcrumbList\",\"@id\":\"https:\/\/blog.holyart.it\/it\/natale\/il-tempo-di-avvento\/#breadcrumb\",\"itemListElement\":[{\"@type\":\"ListItem\",\"position\":1,\"name\":\"Homepage\",\"item\":\"https:\/\/blog.holyart.it\/it\/\"},{\"@type\":\"ListItem\",\"position\":2,\"name\":\"Natale\",\"item\":\"https:\/\/blog.holyart.it\/it\/natale\/\"},{\"@type\":\"ListItem\",\"position\":3,\"name\":\"Il tempo di Avvento\"}]},{\"@type\":\"WebSite\",\"@id\":\"https:\/\/blog.holyart.it\/it\/#website\",\"url\":\"https:\/\/blog.holyart.it\/it\/\",\"name\":\"Holyblog\",\"description\":\"Il Blog di Holyart.it\",\"publisher\":{\"@id\":\"https:\/\/blog.holyart.it\/it\/#organization\"},\"potentialAction\":[{\"@type\":\"SearchAction\",\"target\":{\"@type\":\"EntryPoint\",\"urlTemplate\":\"https:\/\/blog.holyart.it\/it\/?s={search_term_string}\"},\"query-input\":{\"@type\":\"PropertyValueSpecification\",\"valueRequired\":true,\"valueName\":\"search_term_string\"}}],\"inLanguage\":\"it-IT\"},{\"@type\":\"Organization\",\"@id\":\"https:\/\/blog.holyart.it\/it\/#organization\",\"name\":\"Holyblog\",\"url\":\"https:\/\/blog.holyart.it\/it\/\",\"logo\":{\"@type\":\"ImageObject\",\"inLanguage\":\"it-IT\",\"@id\":\"https:\/\/blog.holyart.it\/it\/#\/schema\/logo\/image\/\",\"url\":\"https:\/\/blog.holyart.it\/it\/wp-content\/uploads\/sites\/17\/2022\/12\/Holyart_Blog_Logo.jpg\",\"contentUrl\":\"https:\/\/blog.holyart.it\/it\/wp-content\/uploads\/sites\/17\/2022\/12\/Holyart_Blog_Logo.jpg\",\"width\":300,\"height\":50,\"caption\":\"Holyblog\"},\"image\":{\"@id\":\"https:\/\/blog.holyart.it\/it\/#\/schema\/logo\/image\/\"}},{\"@type\":\"Person\",\"@id\":\"https:\/\/blog.holyart.it\/it\/#\/schema\/person\/0a7b686e5af0f856ec1e390dd0baecda\",\"name\":\"Redazione\"}]}<\/script>\n<!-- \/ Yoast SEO plugin. -->","yoast_head_json":{"title":"Il tempo di Avvento - Holyblog","robots":{"index":"index","follow":"follow","max-snippet":"max-snippet:-1","max-image-preview":"max-image-preview:large","max-video-preview":"max-video-preview:-1"},"canonical":"https:\/\/blog.holyart.it\/it\/natale\/il-tempo-di-avvento\/","og_locale":"it_IT","og_type":"article","og_title":"Il tempo di Avvento - Holyblog","og_description":"L\u2019Avvento \u00e8 uno dei momenti pi\u00f9 importanti dell\u2019anno per i cattolici di tutto il mondo. \u00c8 il periodo in cui ci si prepara alla venuta di Cristo, al rinnovarsi della sua nascita miracolosa, che verr\u00e0 celebrata a Natale, ma non solo. L\u2019Avvento \u00e8 anche il&hellip;","og_url":"https:\/\/blog.holyart.it\/it\/natale\/il-tempo-di-avvento\/","og_site_name":"Holyblog","article_published_time":"2017-11-28T16:12:03+00:00","article_modified_time":"2021-07-02T12:23:35+00:00","og_image":[{"width":1000,"height":666,"url":"https:\/\/blog.holyart.it\/it\/wp-content\/uploads\/sites\/17\/2017\/11\/avvento.jpg","type":"image\/jpeg"}],"author":"Redazione","twitter_card":"summary_large_image","twitter_misc":{"Scritto da":"Redazione","Tempo di lettura stimato":"7 minuti"},"schema":{"@context":"https:\/\/schema.org","@graph":[{"@type":"Article","@id":"https:\/\/blog.holyart.it\/it\/natale\/il-tempo-di-avvento\/#article","isPartOf":{"@id":"https:\/\/blog.holyart.it\/it\/natale\/il-tempo-di-avvento\/"},"author":{"name":"Redazione","@id":"https:\/\/blog.holyart.it\/it\/#\/schema\/person\/0a7b686e5af0f856ec1e390dd0baecda"},"headline":"Il tempo di Avvento","datePublished":"2017-11-28T16:12:03+00:00","dateModified":"2021-07-02T12:23:35+00:00","mainEntityOfPage":{"@id":"https:\/\/blog.holyart.it\/it\/natale\/il-tempo-di-avvento\/"},"wordCount":1498,"publisher":{"@id":"https:\/\/blog.holyart.it\/it\/#organization"},"image":{"@id":"https:\/\/blog.holyart.it\/it\/natale\/il-tempo-di-avvento\/#primaryimage"},"thumbnailUrl":"https:\/\/blog.holyart.it\/it\/wp-content\/uploads\/sites\/17\/2017\/11\/avvento.jpg","articleSection":["Natale"],"inLanguage":"it-IT"},{"@type":"WebPage","@id":"https:\/\/blog.holyart.it\/it\/natale\/il-tempo-di-avvento\/","url":"https:\/\/blog.holyart.it\/it\/natale\/il-tempo-di-avvento\/","name":"Il tempo di Avvento - Holyblog","isPartOf":{"@id":"https:\/\/blog.holyart.it\/it\/#website"},"primaryImageOfPage":{"@id":"https:\/\/blog.holyart.it\/it\/natale\/il-tempo-di-avvento\/#primaryimage"},"image":{"@id":"https:\/\/blog.holyart.it\/it\/natale\/il-tempo-di-avvento\/#primaryimage"},"thumbnailUrl":"https:\/\/blog.holyart.it\/it\/wp-content\/uploads\/sites\/17\/2017\/11\/avvento.jpg","datePublished":"2017-11-28T16:12:03+00:00","dateModified":"2021-07-02T12:23:35+00:00","breadcrumb":{"@id":"https:\/\/blog.holyart.it\/it\/natale\/il-tempo-di-avvento\/#breadcrumb"},"inLanguage":"it-IT","potentialAction":[{"@type":"ReadAction","target":["https:\/\/blog.holyart.it\/it\/natale\/il-tempo-di-avvento\/"]}]},{"@type":"ImageObject","inLanguage":"it-IT","@id":"https:\/\/blog.holyart.it\/it\/natale\/il-tempo-di-avvento\/#primaryimage","url":"https:\/\/blog.holyart.it\/it\/wp-content\/uploads\/sites\/17\/2017\/11\/avvento.jpg","contentUrl":"https:\/\/blog.holyart.it\/it\/wp-content\/uploads\/sites\/17\/2017\/11\/avvento.jpg","width":1000,"height":666,"caption":"Avvento"},{"@type":"BreadcrumbList","@id":"https:\/\/blog.holyart.it\/it\/natale\/il-tempo-di-avvento\/#breadcrumb","itemListElement":[{"@type":"ListItem","position":1,"name":"Homepage","item":"https:\/\/blog.holyart.it\/it\/"},{"@type":"ListItem","position":2,"name":"Natale","item":"https:\/\/blog.holyart.it\/it\/natale\/"},{"@type":"ListItem","position":3,"name":"Il tempo di Avvento"}]},{"@type":"WebSite","@id":"https:\/\/blog.holyart.it\/it\/#website","url":"https:\/\/blog.holyart.it\/it\/","name":"Holyblog","description":"Il Blog di Holyart.it","publisher":{"@id":"https:\/\/blog.holyart.it\/it\/#organization"},"potentialAction":[{"@type":"SearchAction","target":{"@type":"EntryPoint","urlTemplate":"https:\/\/blog.holyart.it\/it\/?s={search_term_string}"},"query-input":{"@type":"PropertyValueSpecification","valueRequired":true,"valueName":"search_term_string"}}],"inLanguage":"it-IT"},{"@type":"Organization","@id":"https:\/\/blog.holyart.it\/it\/#organization","name":"Holyblog","url":"https:\/\/blog.holyart.it\/it\/","logo":{"@type":"ImageObject","inLanguage":"it-IT","@id":"https:\/\/blog.holyart.it\/it\/#\/schema\/logo\/image\/","url":"https:\/\/blog.holyart.it\/it\/wp-content\/uploads\/sites\/17\/2022\/12\/Holyart_Blog_Logo.jpg","contentUrl":"https:\/\/blog.holyart.it\/it\/wp-content\/uploads\/sites\/17\/2022\/12\/Holyart_Blog_Logo.jpg","width":300,"height":50,"caption":"Holyblog"},"image":{"@id":"https:\/\/blog.holyart.it\/it\/#\/schema\/logo\/image\/"}},{"@type":"Person","@id":"https:\/\/blog.holyart.it\/it\/#\/schema\/person\/0a7b686e5af0f856ec1e390dd0baecda","name":"Redazione"}]}},"_links":{"self":[{"href":"https:\/\/blog.holyart.it\/it\/wp-json\/wp\/v2\/posts\/1401","targetHints":{"allow":["GET"]}}],"collection":[{"href":"https:\/\/blog.holyart.it\/it\/wp-json\/wp\/v2\/posts"}],"about":[{"href":"https:\/\/blog.holyart.it\/it\/wp-json\/wp\/v2\/types\/post"}],"author":[{"embeddable":true,"href":"https:\/\/blog.holyart.it\/it\/wp-json\/wp\/v2\/users\/1"}],"replies":[{"embeddable":true,"href":"https:\/\/blog.holyart.it\/it\/wp-json\/wp\/v2\/comments?post=1401"}],"version-history":[{"count":0,"href":"https:\/\/blog.holyart.it\/it\/wp-json\/wp\/v2\/posts\/1401\/revisions"}],"wp:featuredmedia":[{"embeddable":true,"href":"https:\/\/blog.holyart.it\/it\/wp-json\/wp\/v2\/media\/1408"}],"wp:attachment":[{"href":"https:\/\/blog.holyart.it\/it\/wp-json\/wp\/v2\/media?parent=1401"}],"wp:term":[{"taxonomy":"category","embeddable":true,"href":"https:\/\/blog.holyart.it\/it\/wp-json\/wp\/v2\/categories?post=1401"},{"taxonomy":"post_tag","embeddable":true,"href":"https:\/\/blog.holyart.it\/it\/wp-json\/wp\/v2\/tags?post=1401"}],"curies":[{"name":"wp","href":"https:\/\/api.w.org\/{rel}","templated":true}]}}