{"id":13987,"date":"2021-09-14T10:00:27","date_gmt":"2021-09-14T08:00:27","guid":{"rendered":"https:\/\/blog.holyart.it\/it\/?p=13987"},"modified":"2026-02-18T15:44:20","modified_gmt":"2026-02-18T14:44:20","slug":"i-figli-di-adamo-ed-eva-da-caino-e-abele-fino-allintero-genere-umano","status":"publish","type":"post","link":"https:\/\/blog.holyart.it\/it\/articoli-religiosi\/i-figli-di-adamo-ed-eva-da-caino-e-abele-fino-allintero-genere-umano\/","title":{"rendered":"I figli di Adamo ed Eva: da Caino e Abele fino all&#8217;intero genere umano"},"content":{"rendered":"<h4>Chi furono i figli di Adamo ed Eva e come ebbe origine il genere umano? Ecco come la Bibbia racconta la nascita dell&#8217;umanit\u00e0<\/h4>\n<p>Prima di intraprendere questo discorso sui figli di <a href=\"https:\/\/www.holyart.it\/blog\/articoli-religiosi\/la-storia-adamo-ed-eva\/\"><strong>Adamo ed Eva<\/strong><\/a> e l&#8217;origine del genere umano, \u00e8 opportuno ricordare un concetto fondamentale, che a volte viene perso di vista. Sarebbe assurdo prendere alla lettera tutto quello che \u00e8 scritto nelle Sacre Scritture, soprattutto quando parliamo dei suoi libri pi\u00f9 antichi. Se da un lato \u00e8 vero che la <a href=\"https:\/\/www.holyart.it\/it\/articoli-religiosi\/libri-e-testi-sacri\/bibbie\"><strong>Bibbia<\/strong><\/a> \u00e8 stata ispirata da Dio, dall&#8217;altro \u00e8 altrettanto vero che a scriverla sono stati uomini, i quali hanno rielaborato il Messaggio divino compatibilmente al mondo in cui vivevano.<\/p>\n<div class=\"link-article\">\n<p><img loading=\"lazy\" decoding=\"async\" class=\"alignleft size-full wp-image-13988\" src=\"https:\/\/blog.holyart.it\/it\/wp-content\/uploads\/sites\/17\/2021\/09\/storia-adamo-ed-eva.jpg\" alt=\"storia adamo ed eva\" width=\"150\" height=\"99\" data-kale-share-title=\"I figli di Adamo ed Eva: da Caino e Abele fino all\u2019intero genere umano\" data-kale-share-url=\"https:\/\/blog.holyart.it\/it\/?p=13987\" \/><\/p>\n<div class=\"leggi-anche\">Leggi anche:<\/div>\n<p><strong><a href=\"https:\/\/www.holyart.it\/blog\/articoli-religiosi\/la-storia-adamo-ed-eva\/\">La storia di Adamo ed Eva<\/a><\/strong><br \/>\nChi non conosce la storia di Adamo ed Eva, il primo uomo e la prima donna? Ma siamo poi cos\u00ec sicuri di conoscerla davvero?&#8230;<\/p>\n<\/div>\n<p>Dunque, la <strong>Genesi<\/strong> non \u00e8 n\u00e9 un libro di storia, n\u00e9 un trattato scientifico. Contiene le <strong>grandi verit\u00e0<\/strong> alla base delle religioni ebraica e cristiana, ispirate da Dio e raccontate da uomini vissuti molto tempo dopo i &#8216;fatti&#8217; in essa narrati. Quello che dobbiamo comprendere dell&#8217;origine del mondo, della creazione dell&#8217;uomo e della donna, dell&#8217;<strong><a href=\"https:\/\/www.holyart.it\/blog\/articoli-religiosi\/significato-dellalbero-della-vita\/\">Albero della Vita<\/a><\/strong>, che donava ai primi uomini l&#8217;immortalit\u00e0 e li preservava da ogni male, e di quello della Conoscenza, del peccato originale, compiuto dall\u2019uomo per libera scelta, e di tutte le conseguenze che esso ha portato, spezzando il legame tra uomo e Dio, e rendendo necessaria la venuta di Ges\u00f9 per ricrearlo sulla base di una nuova e pi\u00f9 duratura Alleanza.<\/p>\n<div class=\"link-product\">\n<div class=\"blocco-immagine\"><img loading=\"lazy\" decoding=\"async\" class=\"size-full wp-image-7690\" src=\"https:\/\/blog.holyart.it\/it\/wp-content\/uploads\/sites\/17\/2019\/09\/albero-della-vita-icona.jpg\" alt=\"albero della vita icona\" width=\"100\" height=\"100\" \/><\/div>\n<div class=\"blocco-contenuto\">\n<div class=\"blocco-acquista\">Acquista su Holyart:<\/div>\n<div class=\"blocco-titolo\"><a href=\"https:\/\/www.holyart.it\/it\/ricerca?queryFromSuggest=&amp;query=albero+della+vita\">diversi tipi di articoli<br \/>\ncon l&#8217;Albero della Vita: icone, gioielli e croci<\/a><\/div>\n<\/div>\n<\/div>\n<p>Partiamo dunque da <strong>Adamo ed Eva<\/strong> e dai loro figli, <strong>Caino e Abele<\/strong>, ma anche <strong>Set<\/strong>, che verr\u00e0 a &#8216;sostituire&#8217; il defunto Abele per dare vita alla <strong>discendenza benedetta<\/strong> degli uomini, in contrapposizione con quella <strong>maledetta<\/strong> generata da Caino, il <em>fratricida<\/em>.<\/p>\n<h2>Albero genealogico Adamo ed Eva<\/h2>\n<p>Un aspetto interessante dell&#8217;<strong>albero genealogico di Adamo ed Eva <\/strong>\u00e8 che esso presuppone che, una volta cacciati dal <strong><a href=\"https:\/\/www.holyart.it\/blog\/articoli-religiosi\/giardino-delleden-nella-genesi\/\">Paradiso Terrestre<\/a><\/strong>, essi si ritrovarono a vivere in un mondo gi\u00e0 popolato da altri uomini e donne. Il fatto che due dei loro figli, <strong>Caino e Abele<\/strong>, fossero rispettivamente agricoltore e allevatore ci permette di inserire la vita dei due antenati dell&#8217;umanit\u00e0 in un periodo storico corrispondente al Neolitico, quindi tra il 10000 a.C. e il 3500 a.C. circa, epoca caratterizzata da molte e importanti innovazioni nella lavorazione della pietra, oltre che nell&#8217;introduzione della ceramica, dell&#8217;agricoltura e dell&#8217;allevamento, ma anche vere e proprie rivoluzioni riguardanti la struttura sociale e familiare.<\/p>\n<div class=\"link-article\">\n<p><img loading=\"lazy\" decoding=\"async\" class=\"alignleft size-full wp-image-13991\" src=\"https:\/\/blog.holyart.it\/it\/wp-content\/uploads\/sites\/17\/2021\/09\/albero-della-vita.jpg\" alt=\"albero della vita\" width=\"150\" height=\"99\" data-kale-share-title=\"I figli di Adamo ed Eva: da Caino e Abele fino all\u2019intero genere umano\" data-kale-share-url=\"https:\/\/blog.holyart.it\/it\/?p=13987\" \/><\/p>\n<div class=\"leggi-anche\">Leggi anche:<\/div>\n<p><strong><a href=\"https:\/\/www.holyart.it\/blog\/articoli-religiosi\/giardino-delleden-nella-genesi\/\">Il giardino dell\u2019Eden nella Genesi<\/a><\/strong><br \/>\nIl giardino dell\u2019Eden rappresenta il primo, immenso dono che Dio fece all\u2019uomo e alla donna. Perduto in seguito al Peccato originale, rimane un luogo emblematico&#8230;<\/p>\n<\/div>\n<p>Esistevano quindi altri uomini e altre donne, oltre ad Adamo ed Eva, i quali ebbero molti figli:<em> &#8220;Dopo aver generato Set, Adamo visse ancora ottocento anni e gener\u00f2 figli e figlie. L&#8217;intera vita di Adamo fu di novecentotrenta anni; poi mor\u00ec&#8221;<\/em> (Gen 5,4-5). Dunque, i figli di Adamo ed Eva erano Caino, Abele e Set, pi\u00f9 molti altri dei quali ignoriamo i nomi.<\/p>\n<p><strong>Caino<\/strong>, l&#8217;agricoltore, dopo l&#8217;uccisione di Abele si stabil\u00ec a nord-est dell\u2019Eden, spos\u00f2 sua sorella Awan e con la sua discendenza maledetta fond\u00f2 le prime citt\u00e0, vivendo come un Senza Dio. Dall&#8217;unione con Awan nacque <strong>Enoch<\/strong>.<\/p>\n<p>Dio fece s\u00ec che Adamo all\u2019et\u00e0 di 130 anni generasse <em>&#8220;un figlio a sua immagine e somiglianza&#8221; <\/em>(Gen 5,3), <strong>Set<\/strong>, che nacque gi\u00e0 circonciso e la cui discendenza buona e religiosa avrebbe portato avanti il grande piano divino che arriver\u00e0 fino a No\u00e8 e il diluvio. Adamo avrebbe anche rivelato a Set il sapere segreto che sarebbe poi stato raccolto nella Kabbalah, l&#8217;insieme degli insegnamenti esoterici dell&#8217;ebraismo rabbinico. Secondo il <em>Libro dei Giubilei<\/em>, testo non canonico risalente al II secolo, Set spos\u00f2 la sorella Azura, di quattro anni pi\u00f9 giovane e con lei gener\u00f2 <strong>Enos<\/strong>.<\/p>\n<h2>Caino e Abele<\/h2>\n<p>Se esaminiamo il racconto biblico emerge anche che tra gli uomini erano diffusi i <strong>sacrifici a Dio<\/strong>: i sacrifici di Abele, che consistevano in animali offerti in olocausto, erano graditi a Dio, mentre quelli di Caino, che offriva i frutti della terra da lui coltivata, no.<\/p>\n<p>Per comprendere questa preferenza, dobbiamo rifarci alla cultura e alla religione ebraica. Nel <em>Levitico<\/em> si afferma che solo il sangue \u00e8 in grado si espiare i peccati, perch\u00e9 <strong>il sangue \u00e8 la vita<\/strong> (cfr. Lv 17,11) e senza spargimento di sangue non esiste perdono (Eb 9,22). Dunque, i sacrifici di animali erano i pi\u00f9 graditi a Dio, gli unici che potevano garantire la redenzione e la riconciliazione.<\/p>\n<p>Alcuni studiosi hanno letto nell&#8217;omicidio di Abele da parte del fratello una lettura simbolica del contrasto tra la vita degli uomini che vivevano come nomadi e quella dei primi stanziali, dediti alla coltivazione della Terra.<img loading=\"lazy\" decoding=\"async\" class=\"size-full wp-image-13997 aligncenter\" src=\"https:\/\/blog.holyart.it\/it\/wp-content\/uploads\/sites\/17\/2021\/09\/albero-genealogico-adamo-ed-eva.jpg\" alt=\"albero genealogico adamo ed eva\" width=\"1920\" height=\"1080\" data-kale-share-title=\"I figli di Adamo ed Eva: da Caino e Abele fino all\u2019intero genere umano\" data-kale-share-url=\"https:\/\/blog.holyart.it\/it\/?p=13987\" \/><\/p>\n<p>Un\u2019ultima considerazione su Caino. La genesi parla ancora di lui e della sua discendenza:<\/p>\n<p><em>\u201cOra Caino si un\u00ec alla moglie che concep\u00ec e partor\u00ec Enoch; poi divenne costruttore di una citt\u00e0, che chiam\u00f2 Enoch, dal nome del figlio. A Enoch nacque Irad; Irad gener\u00f2 Mecuia\u00e8l e Mecuia\u00e8l gener\u00f2 Metusa\u00e8l e Metusa\u00e8l gener\u00f2 Lamech. Lamech si prese due mogli: una chiamata Ada e l&#8217;altra chiamata Zilla. Ada partor\u00ec Iabal: egli fu <strong>il padre di quanti abitano sotto le tende presso il bestiame<\/strong>. Il fratello di questi si chiamava Iubal: egli fu <strong>il padre di tutti i suonatori di cetra e di flauto<\/strong>. Zilla a sua volta partor\u00ec Tubalk\u00e0in, il fabbro, <strong>padre di quanti lavorano il rame e il ferro<\/strong>. La sorella di Tubalk\u00e0in fu Naama.<\/em> (Genesi, 17-24)<\/p>\n<p>Sebbene possa sembrare positivo che sia stata attribuita a Caino l\u2019origine di questi artisti e lavoratori, in realt\u00e0 la sua scelta di <strong>costruire citt\u00e0<\/strong> \u00e8 considerata in un\u2019ottica negativa, ed egli \u00e8 visto come fondatore di una civilt\u00e0, fatta di allevatori, musicisti, fabbri, ma forse anche di \u201cfiglie del piacere\u201d (Naama, <em>la bella<\/em> o <em>amata<\/em>) dediti al tornaconto personale, alla violenza e alla confusione, come vedremo con la costruzione della Torre di Babele.<\/p>\n","protected":false},"excerpt":{"rendered":"<p>Chi furono i figli di Adamo ed Eva e come ebbe origine il genere umano? Ecco come la Bibbia racconta la nascita dell&#8217;umanit\u00e0 Prima di intraprendere questo discorso sui figli di Adamo ed Eva e l&#8217;origine del genere umano, \u00e8 opportuno ricordare un concetto fondamentale,&hellip;<\/p>\n","protected":false},"author":1,"featured_media":14001,"comment_status":"closed","ping_status":"open","sticky":false,"template":"","format":"standard","meta":{"_acf_changed":false,"footnotes":""},"categories":[16],"tags":[],"class_list":["post-13987","post","type-post","status-publish","format-standard","has-post-thumbnail","hentry","category-articoli-religiosi"],"acf":[],"yoast_head":"<!-- This site is optimized with the Yoast SEO plugin v26.6 - https:\/\/yoast.com\/wordpress\/plugins\/seo\/ -->\n<title>I figli di Adamo ed Eva: da Caino e Abele fino all&#039;intero genere umano<\/title>\n<meta name=\"description\" content=\"Chi furono i figli di Adamo ed Eva e come ebbe origine il genere umano? Ecco come la Bibbia racconta la nascita dell&#039;umanit\u00e0\" \/>\n<meta name=\"robots\" content=\"index, follow, max-snippet:-1, max-image-preview:large, max-video-preview:-1\" \/>\n<link rel=\"canonical\" href=\"https:\/\/blog.holyart.it\/it\/articoli-religiosi\/i-figli-di-adamo-ed-eva-da-caino-e-abele-fino-allintero-genere-umano\/\" \/>\n<meta property=\"og:locale\" content=\"it_IT\" \/>\n<meta property=\"og:type\" content=\"article\" \/>\n<meta property=\"og:title\" content=\"I figli di Adamo ed Eva: da Caino e Abele fino all&#039;intero genere umano\" \/>\n<meta property=\"og:description\" content=\"Chi furono i figli di Adamo ed Eva e come ebbe origine il genere umano? Ecco come la Bibbia racconta la nascita dell&#039;umanit\u00e0\" \/>\n<meta property=\"og:url\" content=\"https:\/\/blog.holyart.it\/it\/articoli-religiosi\/i-figli-di-adamo-ed-eva-da-caino-e-abele-fino-allintero-genere-umano\/\" \/>\n<meta property=\"og:site_name\" content=\"Holyblog\" \/>\n<meta property=\"article:published_time\" content=\"2021-09-14T08:00:27+00:00\" \/>\n<meta property=\"article:modified_time\" content=\"2026-02-18T14:44:20+00:00\" \/>\n<meta property=\"og:image\" content=\"https:\/\/blog.holyart.it\/it\/wp-content\/uploads\/sites\/17\/2021\/09\/caino-e-abele.jpg\" \/>\n\t<meta property=\"og:image:width\" content=\"1000\" \/>\n\t<meta property=\"og:image:height\" content=\"666\" \/>\n\t<meta property=\"og:image:type\" content=\"image\/jpeg\" \/>\n<meta name=\"author\" content=\"Redazione\" \/>\n<meta name=\"twitter:card\" content=\"summary_large_image\" \/>\n<meta name=\"twitter:label1\" content=\"Scritto da\" \/>\n\t<meta name=\"twitter:data1\" content=\"Redazione\" \/>\n\t<meta name=\"twitter:label2\" content=\"Tempo di lettura stimato\" \/>\n\t<meta name=\"twitter:data2\" content=\"7 minuti\" \/>\n<script type=\"application\/ld+json\" class=\"yoast-schema-graph\">{\"@context\":\"https:\/\/schema.org\",\"@graph\":[{\"@type\":\"Article\",\"@id\":\"https:\/\/blog.holyart.it\/it\/articoli-religiosi\/i-figli-di-adamo-ed-eva-da-caino-e-abele-fino-allintero-genere-umano\/#article\",\"isPartOf\":{\"@id\":\"https:\/\/blog.holyart.it\/it\/articoli-religiosi\/i-figli-di-adamo-ed-eva-da-caino-e-abele-fino-allintero-genere-umano\/\"},\"author\":{\"name\":\"Redazione\",\"@id\":\"https:\/\/blog.holyart.it\/it\/#\/schema\/person\/0a7b686e5af0f856ec1e390dd0baecda\"},\"headline\":\"I figli di Adamo ed Eva: da Caino e Abele fino all&#8217;intero genere umano\",\"datePublished\":\"2021-09-14T08:00:27+00:00\",\"dateModified\":\"2026-02-18T14:44:20+00:00\",\"mainEntityOfPage\":{\"@id\":\"https:\/\/blog.holyart.it\/it\/articoli-religiosi\/i-figli-di-adamo-ed-eva-da-caino-e-abele-fino-allintero-genere-umano\/\"},\"wordCount\":1017,\"publisher\":{\"@id\":\"https:\/\/blog.holyart.it\/it\/#organization\"},\"image\":{\"@id\":\"https:\/\/blog.holyart.it\/it\/articoli-religiosi\/i-figli-di-adamo-ed-eva-da-caino-e-abele-fino-allintero-genere-umano\/#primaryimage\"},\"thumbnailUrl\":\"https:\/\/blog.holyart.it\/it\/wp-content\/uploads\/sites\/17\/2021\/09\/caino-e-abele.jpg\",\"articleSection\":[\"Religione\"],\"inLanguage\":\"it-IT\"},{\"@type\":\"WebPage\",\"@id\":\"https:\/\/blog.holyart.it\/it\/articoli-religiosi\/i-figli-di-adamo-ed-eva-da-caino-e-abele-fino-allintero-genere-umano\/\",\"url\":\"https:\/\/blog.holyart.it\/it\/articoli-religiosi\/i-figli-di-adamo-ed-eva-da-caino-e-abele-fino-allintero-genere-umano\/\",\"name\":\"I figli di Adamo ed Eva: da Caino e Abele fino all'intero genere umano\",\"isPartOf\":{\"@id\":\"https:\/\/blog.holyart.it\/it\/#website\"},\"primaryImageOfPage\":{\"@id\":\"https:\/\/blog.holyart.it\/it\/articoli-religiosi\/i-figli-di-adamo-ed-eva-da-caino-e-abele-fino-allintero-genere-umano\/#primaryimage\"},\"image\":{\"@id\":\"https:\/\/blog.holyart.it\/it\/articoli-religiosi\/i-figli-di-adamo-ed-eva-da-caino-e-abele-fino-allintero-genere-umano\/#primaryimage\"},\"thumbnailUrl\":\"https:\/\/blog.holyart.it\/it\/wp-content\/uploads\/sites\/17\/2021\/09\/caino-e-abele.jpg\",\"datePublished\":\"2021-09-14T08:00:27+00:00\",\"dateModified\":\"2026-02-18T14:44:20+00:00\",\"description\":\"Chi furono i figli di Adamo ed Eva e come ebbe origine il genere umano? Ecco come la Bibbia racconta la nascita dell'umanit\u00e0\",\"breadcrumb\":{\"@id\":\"https:\/\/blog.holyart.it\/it\/articoli-religiosi\/i-figli-di-adamo-ed-eva-da-caino-e-abele-fino-allintero-genere-umano\/#breadcrumb\"},\"inLanguage\":\"it-IT\",\"potentialAction\":[{\"@type\":\"ReadAction\",\"target\":[\"https:\/\/blog.holyart.it\/it\/articoli-religiosi\/i-figli-di-adamo-ed-eva-da-caino-e-abele-fino-allintero-genere-umano\/\"]}]},{\"@type\":\"ImageObject\",\"inLanguage\":\"it-IT\",\"@id\":\"https:\/\/blog.holyart.it\/it\/articoli-religiosi\/i-figli-di-adamo-ed-eva-da-caino-e-abele-fino-allintero-genere-umano\/#primaryimage\",\"url\":\"https:\/\/blog.holyart.it\/it\/wp-content\/uploads\/sites\/17\/2021\/09\/caino-e-abele.jpg\",\"contentUrl\":\"https:\/\/blog.holyart.it\/it\/wp-content\/uploads\/sites\/17\/2021\/09\/caino-e-abele.jpg\",\"width\":1000,\"height\":666,\"caption\":\"caino e abele\"},{\"@type\":\"BreadcrumbList\",\"@id\":\"https:\/\/blog.holyart.it\/it\/articoli-religiosi\/i-figli-di-adamo-ed-eva-da-caino-e-abele-fino-allintero-genere-umano\/#breadcrumb\",\"itemListElement\":[{\"@type\":\"ListItem\",\"position\":1,\"name\":\"Homepage\",\"item\":\"https:\/\/blog.holyart.it\/it\/\"},{\"@type\":\"ListItem\",\"position\":2,\"name\":\"Religione\",\"item\":\"https:\/\/blog.holyart.it\/it\/articoli-religiosi\/\"},{\"@type\":\"ListItem\",\"position\":3,\"name\":\"I figli di Adamo ed Eva: da Caino e Abele fino all&#8217;intero genere umano\"}]},{\"@type\":\"WebSite\",\"@id\":\"https:\/\/blog.holyart.it\/it\/#website\",\"url\":\"https:\/\/blog.holyart.it\/it\/\",\"name\":\"Holyblog\",\"description\":\"Il Blog di Holyart.it\",\"publisher\":{\"@id\":\"https:\/\/blog.holyart.it\/it\/#organization\"},\"potentialAction\":[{\"@type\":\"SearchAction\",\"target\":{\"@type\":\"EntryPoint\",\"urlTemplate\":\"https:\/\/blog.holyart.it\/it\/?s={search_term_string}\"},\"query-input\":{\"@type\":\"PropertyValueSpecification\",\"valueRequired\":true,\"valueName\":\"search_term_string\"}}],\"inLanguage\":\"it-IT\"},{\"@type\":\"Organization\",\"@id\":\"https:\/\/blog.holyart.it\/it\/#organization\",\"name\":\"Holyblog\",\"url\":\"https:\/\/blog.holyart.it\/it\/\",\"logo\":{\"@type\":\"ImageObject\",\"inLanguage\":\"it-IT\",\"@id\":\"https:\/\/blog.holyart.it\/it\/#\/schema\/logo\/image\/\",\"url\":\"https:\/\/blog.holyart.it\/it\/wp-content\/uploads\/sites\/17\/2022\/12\/Holyart_Blog_Logo.jpg\",\"contentUrl\":\"https:\/\/blog.holyart.it\/it\/wp-content\/uploads\/sites\/17\/2022\/12\/Holyart_Blog_Logo.jpg\",\"width\":300,\"height\":50,\"caption\":\"Holyblog\"},\"image\":{\"@id\":\"https:\/\/blog.holyart.it\/it\/#\/schema\/logo\/image\/\"}},{\"@type\":\"Person\",\"@id\":\"https:\/\/blog.holyart.it\/it\/#\/schema\/person\/0a7b686e5af0f856ec1e390dd0baecda\",\"name\":\"Redazione\"}]}<\/script>\n<!-- \/ Yoast SEO plugin. -->","yoast_head_json":{"title":"I figli di Adamo ed Eva: da Caino e Abele fino all'intero genere umano","description":"Chi furono i figli di Adamo ed Eva e come ebbe origine il genere umano? Ecco come la Bibbia racconta la nascita dell'umanit\u00e0","robots":{"index":"index","follow":"follow","max-snippet":"max-snippet:-1","max-image-preview":"max-image-preview:large","max-video-preview":"max-video-preview:-1"},"canonical":"https:\/\/blog.holyart.it\/it\/articoli-religiosi\/i-figli-di-adamo-ed-eva-da-caino-e-abele-fino-allintero-genere-umano\/","og_locale":"it_IT","og_type":"article","og_title":"I figli di Adamo ed Eva: da Caino e Abele fino all'intero genere umano","og_description":"Chi furono i figli di Adamo ed Eva e come ebbe origine il genere umano? Ecco come la Bibbia racconta la nascita dell'umanit\u00e0","og_url":"https:\/\/blog.holyart.it\/it\/articoli-religiosi\/i-figli-di-adamo-ed-eva-da-caino-e-abele-fino-allintero-genere-umano\/","og_site_name":"Holyblog","article_published_time":"2021-09-14T08:00:27+00:00","article_modified_time":"2026-02-18T14:44:20+00:00","og_image":[{"width":1000,"height":666,"url":"https:\/\/blog.holyart.it\/it\/wp-content\/uploads\/sites\/17\/2021\/09\/caino-e-abele.jpg","type":"image\/jpeg"}],"author":"Redazione","twitter_card":"summary_large_image","twitter_misc":{"Scritto da":"Redazione","Tempo di lettura stimato":"7 minuti"},"schema":{"@context":"https:\/\/schema.org","@graph":[{"@type":"Article","@id":"https:\/\/blog.holyart.it\/it\/articoli-religiosi\/i-figli-di-adamo-ed-eva-da-caino-e-abele-fino-allintero-genere-umano\/#article","isPartOf":{"@id":"https:\/\/blog.holyart.it\/it\/articoli-religiosi\/i-figli-di-adamo-ed-eva-da-caino-e-abele-fino-allintero-genere-umano\/"},"author":{"name":"Redazione","@id":"https:\/\/blog.holyart.it\/it\/#\/schema\/person\/0a7b686e5af0f856ec1e390dd0baecda"},"headline":"I figli di Adamo ed Eva: da Caino e Abele fino all&#8217;intero genere umano","datePublished":"2021-09-14T08:00:27+00:00","dateModified":"2026-02-18T14:44:20+00:00","mainEntityOfPage":{"@id":"https:\/\/blog.holyart.it\/it\/articoli-religiosi\/i-figli-di-adamo-ed-eva-da-caino-e-abele-fino-allintero-genere-umano\/"},"wordCount":1017,"publisher":{"@id":"https:\/\/blog.holyart.it\/it\/#organization"},"image":{"@id":"https:\/\/blog.holyart.it\/it\/articoli-religiosi\/i-figli-di-adamo-ed-eva-da-caino-e-abele-fino-allintero-genere-umano\/#primaryimage"},"thumbnailUrl":"https:\/\/blog.holyart.it\/it\/wp-content\/uploads\/sites\/17\/2021\/09\/caino-e-abele.jpg","articleSection":["Religione"],"inLanguage":"it-IT"},{"@type":"WebPage","@id":"https:\/\/blog.holyart.it\/it\/articoli-religiosi\/i-figli-di-adamo-ed-eva-da-caino-e-abele-fino-allintero-genere-umano\/","url":"https:\/\/blog.holyart.it\/it\/articoli-religiosi\/i-figli-di-adamo-ed-eva-da-caino-e-abele-fino-allintero-genere-umano\/","name":"I figli di Adamo ed Eva: da Caino e Abele fino all'intero genere umano","isPartOf":{"@id":"https:\/\/blog.holyart.it\/it\/#website"},"primaryImageOfPage":{"@id":"https:\/\/blog.holyart.it\/it\/articoli-religiosi\/i-figli-di-adamo-ed-eva-da-caino-e-abele-fino-allintero-genere-umano\/#primaryimage"},"image":{"@id":"https:\/\/blog.holyart.it\/it\/articoli-religiosi\/i-figli-di-adamo-ed-eva-da-caino-e-abele-fino-allintero-genere-umano\/#primaryimage"},"thumbnailUrl":"https:\/\/blog.holyart.it\/it\/wp-content\/uploads\/sites\/17\/2021\/09\/caino-e-abele.jpg","datePublished":"2021-09-14T08:00:27+00:00","dateModified":"2026-02-18T14:44:20+00:00","description":"Chi furono i figli di Adamo ed Eva e come ebbe origine il genere umano? Ecco come la Bibbia racconta la nascita dell'umanit\u00e0","breadcrumb":{"@id":"https:\/\/blog.holyart.it\/it\/articoli-religiosi\/i-figli-di-adamo-ed-eva-da-caino-e-abele-fino-allintero-genere-umano\/#breadcrumb"},"inLanguage":"it-IT","potentialAction":[{"@type":"ReadAction","target":["https:\/\/blog.holyart.it\/it\/articoli-religiosi\/i-figli-di-adamo-ed-eva-da-caino-e-abele-fino-allintero-genere-umano\/"]}]},{"@type":"ImageObject","inLanguage":"it-IT","@id":"https:\/\/blog.holyart.it\/it\/articoli-religiosi\/i-figli-di-adamo-ed-eva-da-caino-e-abele-fino-allintero-genere-umano\/#primaryimage","url":"https:\/\/blog.holyart.it\/it\/wp-content\/uploads\/sites\/17\/2021\/09\/caino-e-abele.jpg","contentUrl":"https:\/\/blog.holyart.it\/it\/wp-content\/uploads\/sites\/17\/2021\/09\/caino-e-abele.jpg","width":1000,"height":666,"caption":"caino e abele"},{"@type":"BreadcrumbList","@id":"https:\/\/blog.holyart.it\/it\/articoli-religiosi\/i-figli-di-adamo-ed-eva-da-caino-e-abele-fino-allintero-genere-umano\/#breadcrumb","itemListElement":[{"@type":"ListItem","position":1,"name":"Homepage","item":"https:\/\/blog.holyart.it\/it\/"},{"@type":"ListItem","position":2,"name":"Religione","item":"https:\/\/blog.holyart.it\/it\/articoli-religiosi\/"},{"@type":"ListItem","position":3,"name":"I figli di Adamo ed Eva: da Caino e Abele fino all&#8217;intero genere umano"}]},{"@type":"WebSite","@id":"https:\/\/blog.holyart.it\/it\/#website","url":"https:\/\/blog.holyart.it\/it\/","name":"Holyblog","description":"Il Blog di Holyart.it","publisher":{"@id":"https:\/\/blog.holyart.it\/it\/#organization"},"potentialAction":[{"@type":"SearchAction","target":{"@type":"EntryPoint","urlTemplate":"https:\/\/blog.holyart.it\/it\/?s={search_term_string}"},"query-input":{"@type":"PropertyValueSpecification","valueRequired":true,"valueName":"search_term_string"}}],"inLanguage":"it-IT"},{"@type":"Organization","@id":"https:\/\/blog.holyart.it\/it\/#organization","name":"Holyblog","url":"https:\/\/blog.holyart.it\/it\/","logo":{"@type":"ImageObject","inLanguage":"it-IT","@id":"https:\/\/blog.holyart.it\/it\/#\/schema\/logo\/image\/","url":"https:\/\/blog.holyart.it\/it\/wp-content\/uploads\/sites\/17\/2022\/12\/Holyart_Blog_Logo.jpg","contentUrl":"https:\/\/blog.holyart.it\/it\/wp-content\/uploads\/sites\/17\/2022\/12\/Holyart_Blog_Logo.jpg","width":300,"height":50,"caption":"Holyblog"},"image":{"@id":"https:\/\/blog.holyart.it\/it\/#\/schema\/logo\/image\/"}},{"@type":"Person","@id":"https:\/\/blog.holyart.it\/it\/#\/schema\/person\/0a7b686e5af0f856ec1e390dd0baecda","name":"Redazione"}]}},"_links":{"self":[{"href":"https:\/\/blog.holyart.it\/it\/wp-json\/wp\/v2\/posts\/13987","targetHints":{"allow":["GET"]}}],"collection":[{"href":"https:\/\/blog.holyart.it\/it\/wp-json\/wp\/v2\/posts"}],"about":[{"href":"https:\/\/blog.holyart.it\/it\/wp-json\/wp\/v2\/types\/post"}],"author":[{"embeddable":true,"href":"https:\/\/blog.holyart.it\/it\/wp-json\/wp\/v2\/users\/1"}],"replies":[{"embeddable":true,"href":"https:\/\/blog.holyart.it\/it\/wp-json\/wp\/v2\/comments?post=13987"}],"version-history":[{"count":3,"href":"https:\/\/blog.holyart.it\/it\/wp-json\/wp\/v2\/posts\/13987\/revisions"}],"predecessor-version":[{"id":21738,"href":"https:\/\/blog.holyart.it\/it\/wp-json\/wp\/v2\/posts\/13987\/revisions\/21738"}],"wp:featuredmedia":[{"embeddable":true,"href":"https:\/\/blog.holyart.it\/it\/wp-json\/wp\/v2\/media\/14001"}],"wp:attachment":[{"href":"https:\/\/blog.holyart.it\/it\/wp-json\/wp\/v2\/media?parent=13987"}],"wp:term":[{"taxonomy":"category","embeddable":true,"href":"https:\/\/blog.holyart.it\/it\/wp-json\/wp\/v2\/categories?post=13987"},{"taxonomy":"post_tag","embeddable":true,"href":"https:\/\/blog.holyart.it\/it\/wp-json\/wp\/v2\/tags?post=13987"}],"curies":[{"name":"wp","href":"https:\/\/api.w.org\/{rel}","templated":true}]}}