{"id":13874,"date":"2021-08-31T09:00:50","date_gmt":"2021-08-31T07:00:50","guid":{"rendered":"https:\/\/blog.holyart.it\/it\/?p=13874"},"modified":"2024-08-02T10:54:09","modified_gmt":"2024-08-02T08:54:09","slug":"san-gregorio-magno-papa-e-dottore-della-chiesa","status":"publish","type":"post","link":"https:\/\/blog.holyart.it\/it\/santi-e-beati\/san-gregorio-magno-papa-e-dottore-della-chiesa\/","title":{"rendered":"San Gregorio Magno, papa e dottore della Chiesa"},"content":{"rendered":"<h4>San Gregorio Magno, \u201cil console di Dio\u201d, venerato come santo e dottore della Chiesa. Ma chi era quest&#8217;uomo straordinario?<\/h4>\n<p>Non \u00e8 capitato a molti uomini, nel corso della storia, di ricevere dai propri contemporanei l&#8217;appellativo di <strong>Magno<\/strong>, &#8216;grande&#8217;. E fa ancora pi\u00f9 meraviglia quando a ricevere un simile soprannome non \u00e8 un condottiero e conquistatore come Alessandro Magno o un grande sovrano come Carlo Magno o Pietro il grande di Russia,\u00a0ma un uomo di chiesa. Eppure <a href=\"https:\/\/www.holyart.it\/it\/articoli-religiosi\/statue\/statue-in-legno-dipinto\/san-gregorio-con-colomba-legno-colorato-valgardena\"><strong>Papa Gregorio Magno<\/strong><\/a> ha meritato appieno questo titolo, quello che nell\u2019antica Roma sarebbe stato definito un <em>cognomina ex virtute<\/em>, un appellativo onorifico riservato ai conquistatori e comandanti militari.<\/p>\n<p>Ma cosa ha fatto San Gregorio per essere definito Magno e per essere annoverato tra <a href=\"https:\/\/www.holyart.it\/blog\/santi-e-beati\/i-dottori-della-chiesa-chi-sono-e-i-requisiti-per-avere-questo-titolo\/\"><strong>i Dottori della chiesa?<\/strong><\/a><\/p>\n<div class=\"link-article\">\n<p><img loading=\"lazy\" decoding=\"async\" class=\"alignleft size-full wp-image-13848\" src=\"https:\/\/blog.holyart.it\/it\/wp-content\/uploads\/sites\/17\/2021\/08\/santa-teresa.jpeg\" alt=\"dottori della chiesa\" width=\"150\" height=\"99\" data-kale-share-title=\"Incoronazione della Vergine: Regina dei Cieli e della Terra\" data-kale-share-url=\"https:\/\/blog.holyart.it\/it\/?p=13845\" \/><\/p>\n<div class=\"leggi-anche\">Leggi anche:<\/div>\n<p><strong><a href=\"https:\/\/www.holyart.it\/blog\/santi-e-beati\/i-dottori-della-chiesa-chi-sono-e-i-requisiti-per-avere-questo-titolo\/\">I dottori della Chiesa: i requisiti per avere questo titolo<\/a><\/strong><br \/>\nIl 1 ottobre si festeggia Santa Teresa di Lisieux, una delle quattro donne proclamate Dottori della Chiesa. Ma chi sono i Dottori della Chiesa?<\/p>\n<\/div>\n<p>Nato a <strong>Roma <\/strong>da una ricca <strong>famiglia patrizia<\/strong> nel 540 d.C., Gregorio dimostr\u00f2 fin da giovanissimo la propria eccellenza negli studi, sebbene non ebbe mai una formazione culturale elevata come Sant&#8217;Agostino e Cassiodoro, basata cio\u00e8 sui grandi autori latini classici, come Sallustio, Orazio, Virgilio e Ovidio. Egli rimase legato invece alla <strong>letteratura della sua epoca<\/strong>, pi\u00f9 povera rispetto quella del passato, ma pi\u00f9 vicina all&#8217;attualit\u00e0. Fece proprie le nozioni filosofiche di Cicerone e della scuola stoica adeguandole alla dottrina morale cristiana.<\/p>\n<div class=\"link-product\">\n<div class=\"blocco-immagine\"><img loading=\"lazy\" decoding=\"async\" class=\"size-full wp-image-13618 alignleft\" src=\"https:\/\/blog.holyart.it\/it\/wp-content\/uploads\/sites\/17\/2021\/07\/medaglia-san-benedetto-zama.jpg\" alt=\"medaglia-san-benedetto-zama\" width=\"100\" height=\"100\" data-kale-share-title=\"I santi patroni d\u2019Europa: ogni paese ha un santo protettore\" data-kale-share-url=\"https:\/\/blog.holyart.it\/it\/?p=13616\" \/><\/div>\n<div class=\"blocco-contenuto\">\n<div class=\"blocco-acquista\">Acquista su Holyart:<\/div>\n<div class=\"blocco-titolo\"><a href=\"https:\/\/www.holyart.it\/it\/articoli-religiosi\/crocefissi\/croci-di-san-benedetto\">Croci e medaglie di san Benedetto<\/a><\/div>\n<div class=\"blocco-descrizione\">Scopri le famose croci e medaglie dedicate al Santo!<\/div>\n<\/div>\n<\/div>\n<p>Affascinato dalla figura di<a href=\"https:\/\/www.holyart.it\/articoli\/medaglia-di-san-benedetto.php\"><strong> Benedetto da Norcia<\/strong><\/a>, avrebbe voluto farsi monaco, ma la famiglia lo spinse a intraprendere una brillante<strong> carriera politica<\/strong> che lo port\u00f2 e diventare appena trentenne <strong>prefetto di Roma<\/strong>. Anche cos\u00ec potr\u00f2 avanti la propria vocazione praticando la carit\u00e0, offrendo assistenza ai bisognosi e trasformando in monasteri i suoi possedimenti a Roma e in Sicilia.<\/p>\n<p>Alla <strong>morte del padre<\/strong>, tuttavia, sebbene fosse lanciato nella carriera politica, apprezzato e ben visto dalle autorit\u00e0 e dal popolo, decise di voltare le spalle a tutte le possibilit\u00e0 che la vita pubblica gli offriva, e di abbracciare una missione completamente diversa. Decise di trasformare la casa della sua famiglia in un monastero e di <a href=\"https:\/\/www.holyart.it\/blog\/articoli-religiosi\/le-invenzioni-dei-monaci-maggiori-responsabili-del-progresso-in-europa\/\"><strong>diventare un monaco<\/strong><\/a>, dedicando la propria vita allo studio della Scritture e dei testi religiosi.<\/p>\n<div class=\"link-article\">\n<p><img loading=\"lazy\" decoding=\"async\" class=\"alignleft size-full wp-image-13879\" src=\"https:\/\/blog.holyart.it\/it\/wp-content\/uploads\/sites\/17\/2021\/08\/invenzioni-monaci.jpeg\" alt=\"invenzioni-monaci\" width=\"150\" height=\"99\" data-kale-share-title=\"San Gregorio Magno, papa e dottore della Chiesa\" data-kale-share-url=\"https:\/\/blog.holyart.it\/it\/?p=13874\" \/><\/p>\n<div class=\"leggi-anche\">Leggi anche:<\/div>\n<p><strong><a href=\"https:\/\/www.holyart.it\/blog\/articoli-religiosi\/le-invenzioni-dei-monaci-maggiori-responsabili-del-progresso-in-europa\/\">Le invenzioni dei monaci: maggiori responsabili del progresso in Europa<\/a><\/strong><br \/>\nScopriamo come le invenzioni dei monaci hanno favorito lo sviluppo&#8230;<\/p>\n<\/div>\n<p>Tuttavia i suoi meriti e le sue capacit\u00e0 non erano passati inosservati nemmeno negli ambienti religiosi. Papa Pelagio II lo invi\u00f2 come <strong>rappresentante presso la corte di Costantinopoli<\/strong> per chiedere aiuto contro i Longobardi all\u2019imperatore d\u2019Oriente. Anche l&#8217;imperatore non pot\u00e9 che apprezzare le sue capacit\u00e0, e con rammarico lo lasci\u00f2 ripartire perch\u00e9 raggiungesse il Papa e divenisse il suo consigliere personale, ruolo che seppe supportare con tanta abilit\u00e0 da essere <strong>acclamato a sua volta Papa <\/strong>alla morte di Pelagio.<\/p>\n<p>Gregorio non desiderava diventare Papa e accett\u00f2 il compito con iniziale riluttanza.<\/p>\n<p>La Chiesa di cui si ritrov\u00f2 ad essere a capo attraversava un <strong>periodo terribilmente complicato e difficile<\/strong>, come difficile era la situazione politica in cui versavano l&#8217;Impero e la penisola italiana. Oltre ai disordini politici, alle scorrerie dei <strong>Longobardi<\/strong>, ebbero luogo in quegli anni molte <strong>epidemie, nubifragi, inondazioni, carestie.<\/strong><\/p>\n<div class=\"link-product\">\n<div class=\"blocco-immagine\"><img loading=\"lazy\" decoding=\"async\" class=\"alignleft size-full wp-image-13884\" src=\"https:\/\/blog.holyart.it\/it\/wp-content\/uploads\/sites\/17\/2021\/08\/san-gregorio-con-colomba-legno-colorato-valgardena.jpg\" alt=\"san-gregorio-con-colomba-legno-colorato-valgardena\" width=\"100\" height=\"100\" data-kale-share-title=\"San Gregorio Magno, papa e dottore della Chiesa\" data-kale-share-url=\"https:\/\/blog.holyart.it\/it\/?p=13874\" \/><\/div>\n<div class=\"blocco-contenuto\">\n<div class=\"blocco-acquista\">Acquista su Holyart:<\/div>\n<div class=\"blocco-titolo\"><a href=\"https:\/\/www.holyart.it\/it\/articoli-religiosi\/statue\/statue-in-legno-dipinto\/san-gregorio-con-colomba-legno-colorato-valgardena\">San Gregorio con colomba<\/a><\/div>\n<div class=\"blocco-descrizione\">Legno d&#8217;acero colorato della Valgardena<\/div>\n<\/div>\n<\/div>\n<p>Gregorio era un uomo <strong>fisicamente debole<\/strong>, spesso malato, ma animato da una forza e in vigore incrollabili che gli permisero di reggere nelle proprie mani le fila del proprio pontificato, avvalendosi anche di <strong>vicari apostolici<\/strong>, che lo rappresentavano presso le corti di tutte Europa e oltre.\u00a0Si impegn\u00f2 molto a <strong>riorganizzare l&#8217;istituzione monastica<\/strong>, soprattutto nelle sue relazioni con la chiesa e i vescovi, e assicurando maggiore autonomia giuridica ed economica per i monasteri.<\/p>\n<p>Riusc\u00ec anche a raggiungere un <strong>accordo di pace con i Longobardi<\/strong>.<\/p>\n<p>Famosa la sua<a href=\"https:\/\/www.holyart.it\/blog\/santi-e-beati\/le-apparizioni-di-san-michele-arcangelo\/\"><strong> visione dell&#8217;Arcangelo Michele<\/strong><\/a>, avvenuta mentre attraversava il ponte della Mole Adriana, poi divenuto Ponte Sant&#8217;Angelo, guidando una processione per scongiurare l&#8217;epidemia di peste. Dopo la visione l&#8217;epidemia cess\u00f2 e i romani cominciarono a chiamare la Mole Adriana &#8220;Castel Sant&#8217;Angelo&#8221;.<\/p>\n<div class=\"link-article\">\n<p><img loading=\"lazy\" decoding=\"async\" class=\"alignleft size-full wp-image-13276\" src=\"https:\/\/blog.holyart.it\/it\/wp-content\/uploads\/sites\/17\/2021\/05\/san-michele-arcangelo-1.jpeg\" alt=\"san michele Arcangelo\" width=\"150\" height=\"99\" data-kale-share-title=\"Il santuario della Madonna della Corona: una suggestiva meta di pellegrinaggio\" data-kale-share-url=\"https:\/\/blog.holyart.it\/it\/?p=13269\" \/><\/p>\n<div class=\"leggi-anche\">Leggi anche:<\/div>\n<p><strong><a href=\"https:\/\/www.holyart.it\/blog\/santi-e-beati\/le-apparizioni-di-san-michele-arcangelo\/\">Le apparizioni di San Michele Arcangelo<\/a><\/strong><br \/>\nAvete mai visitato il Santuario di Monte Sant\u2019Angelo? Venne costruito dopo un\u2019apparizione di San Michele Arcangelo; ecco la storia&#8230;<\/p>\n<\/div>\n<p>Soprattutto port\u00f2 sempre avanti il suo amore per le <strong>Sacre Scritture<\/strong> e il suo <strong>spirito di evangelizzazione<\/strong>. Fu per suo ordine che il<strong> monaco Agostino<\/strong> (Sant&#8217;Agostino di Canterbury) part\u00ec alla volta della Britannia dominata dalle popolazioni germane per debellare il paganesimo.<\/p>\n<p>Ma Gregorio fu anche un <strong>grande studioso <\/strong>e lasci\u00f2 molte opere ancora oggi considerate testi fondamentali per la Chiesa, a partire dalla <strong>Regola pastorale<\/strong>, un trattato destinato tanto ai principi della chiesa quanto ai governanti laici, per aiutarli a sostenere il proprio compito e a governare cristianamente il mondo, per arrivare ai 35 volumi dei <strong>Moralia in Job<\/strong>, esegesi del libro di Giobbe, che Gregorio stesso defin\u00ec<em> &#8220;Una considerazione estesa sulle questioni morali&#8221;<\/em>. E poi <strong>Lettere<\/strong>, <strong>Omelie<\/strong>, i <strong>Dialoghi <\/strong>e molto altro. Tutti questi testi fecero di lui <strong>uno dei primi Dottori della Chiesa di Occidente<\/strong>, insieme a Sant&#8217;Ambrogio, Sant&#8217;Agostino d&#8217;Ippona e San Girolamo. Ancora, riorganizz\u00f2 la<strong> liturgia romana<\/strong>, e promosse il canto liturgico che da lui avrebbe preso il nome di <strong>&#8220;gregoriano&#8221;<\/strong>.<\/p>\n<p>Mor\u00ec il 12 marzo del 604 e la sua memoria liturgica cade il 3 settembre o il 12 marzo.<\/p>\n","protected":false},"excerpt":{"rendered":"<p>San Gregorio Magno, \u201cil console di Dio\u201d, venerato come santo e dottore della Chiesa. Ma chi era quest&#8217;uomo straordinario? Non \u00e8 capitato a molti uomini, nel corso della storia, di ricevere dai propri contemporanei l&#8217;appellativo di Magno, &#8216;grande&#8217;. E fa ancora pi\u00f9 meraviglia quando a&hellip;<\/p>\n","protected":false},"author":1,"featured_media":13878,"comment_status":"closed","ping_status":"open","sticky":false,"template":"","format":"standard","meta":{"_acf_changed":false,"footnotes":""},"categories":[15],"tags":[],"class_list":["post-13874","post","type-post","status-publish","format-standard","has-post-thumbnail","hentry","category-santi-e-beati"],"acf":[],"yoast_head":"<!-- This site is optimized with the Yoast SEO plugin v26.6 - https:\/\/yoast.com\/wordpress\/plugins\/seo\/ -->\n<title>San Gregorio Magno, papa e dottore della Chiesa - Holyblog<\/title>\n<meta name=\"description\" content=\"San Gregorio Magno, \u201cil console di Dio\u201d, venerato come santo e dottore della Chiesa. Ma chi era quest&#039;uomo straordinario?\" \/>\n<meta name=\"robots\" content=\"index, follow, max-snippet:-1, max-image-preview:large, max-video-preview:-1\" \/>\n<link rel=\"canonical\" href=\"https:\/\/blog.holyart.it\/it\/santi-e-beati\/san-gregorio-magno-papa-e-dottore-della-chiesa\/\" \/>\n<meta property=\"og:locale\" content=\"it_IT\" \/>\n<meta property=\"og:type\" content=\"article\" \/>\n<meta property=\"og:title\" content=\"San Gregorio Magno, papa e dottore della Chiesa - Holyblog\" \/>\n<meta property=\"og:description\" content=\"San Gregorio Magno, \u201cil console di Dio\u201d, venerato come santo e dottore della Chiesa. Ma chi era quest&#039;uomo straordinario?\" \/>\n<meta property=\"og:url\" content=\"https:\/\/blog.holyart.it\/it\/santi-e-beati\/san-gregorio-magno-papa-e-dottore-della-chiesa\/\" \/>\n<meta property=\"og:site_name\" content=\"Holyblog\" \/>\n<meta property=\"article:published_time\" content=\"2021-08-31T07:00:50+00:00\" \/>\n<meta property=\"article:modified_time\" content=\"2024-08-02T08:54:09+00:00\" \/>\n<meta property=\"og:image\" content=\"https:\/\/blog.holyart.it\/it\/wp-content\/uploads\/sites\/17\/2021\/08\/san-gregorio-magno.jpeg\" \/>\n\t<meta property=\"og:image:width\" content=\"1000\" \/>\n\t<meta property=\"og:image:height\" content=\"666\" \/>\n\t<meta property=\"og:image:type\" content=\"image\/jpeg\" \/>\n<meta name=\"author\" content=\"Redazione\" \/>\n<meta name=\"twitter:card\" content=\"summary_large_image\" \/>\n<meta name=\"twitter:label1\" content=\"Scritto da\" \/>\n\t<meta name=\"twitter:data1\" content=\"Redazione\" \/>\n\t<meta name=\"twitter:label2\" content=\"Tempo di lettura stimato\" \/>\n\t<meta name=\"twitter:data2\" content=\"6 minuti\" \/>\n<script type=\"application\/ld+json\" class=\"yoast-schema-graph\">{\"@context\":\"https:\/\/schema.org\",\"@graph\":[{\"@type\":\"Article\",\"@id\":\"https:\/\/blog.holyart.it\/it\/santi-e-beati\/san-gregorio-magno-papa-e-dottore-della-chiesa\/#article\",\"isPartOf\":{\"@id\":\"https:\/\/blog.holyart.it\/it\/santi-e-beati\/san-gregorio-magno-papa-e-dottore-della-chiesa\/\"},\"author\":{\"name\":\"Redazione\",\"@id\":\"https:\/\/blog.holyart.it\/it\/#\/schema\/person\/0a7b686e5af0f856ec1e390dd0baecda\"},\"headline\":\"San Gregorio Magno, papa e dottore della Chiesa\",\"datePublished\":\"2021-08-31T07:00:50+00:00\",\"dateModified\":\"2024-08-02T08:54:09+00:00\",\"mainEntityOfPage\":{\"@id\":\"https:\/\/blog.holyart.it\/it\/santi-e-beati\/san-gregorio-magno-papa-e-dottore-della-chiesa\/\"},\"wordCount\":902,\"publisher\":{\"@id\":\"https:\/\/blog.holyart.it\/it\/#organization\"},\"image\":{\"@id\":\"https:\/\/blog.holyart.it\/it\/santi-e-beati\/san-gregorio-magno-papa-e-dottore-della-chiesa\/#primaryimage\"},\"thumbnailUrl\":\"https:\/\/blog.holyart.it\/it\/wp-content\/uploads\/sites\/17\/2021\/08\/san-gregorio-magno.jpeg\",\"articleSection\":[\"Santi e beati\"],\"inLanguage\":\"it-IT\"},{\"@type\":\"WebPage\",\"@id\":\"https:\/\/blog.holyart.it\/it\/santi-e-beati\/san-gregorio-magno-papa-e-dottore-della-chiesa\/\",\"url\":\"https:\/\/blog.holyart.it\/it\/santi-e-beati\/san-gregorio-magno-papa-e-dottore-della-chiesa\/\",\"name\":\"San Gregorio Magno, papa e dottore della Chiesa - Holyblog\",\"isPartOf\":{\"@id\":\"https:\/\/blog.holyart.it\/it\/#website\"},\"primaryImageOfPage\":{\"@id\":\"https:\/\/blog.holyart.it\/it\/santi-e-beati\/san-gregorio-magno-papa-e-dottore-della-chiesa\/#primaryimage\"},\"image\":{\"@id\":\"https:\/\/blog.holyart.it\/it\/santi-e-beati\/san-gregorio-magno-papa-e-dottore-della-chiesa\/#primaryimage\"},\"thumbnailUrl\":\"https:\/\/blog.holyart.it\/it\/wp-content\/uploads\/sites\/17\/2021\/08\/san-gregorio-magno.jpeg\",\"datePublished\":\"2021-08-31T07:00:50+00:00\",\"dateModified\":\"2024-08-02T08:54:09+00:00\",\"description\":\"San Gregorio Magno, \u201cil console di Dio\u201d, venerato come santo e dottore della Chiesa. Ma chi era quest'uomo straordinario?\",\"breadcrumb\":{\"@id\":\"https:\/\/blog.holyart.it\/it\/santi-e-beati\/san-gregorio-magno-papa-e-dottore-della-chiesa\/#breadcrumb\"},\"inLanguage\":\"it-IT\",\"potentialAction\":[{\"@type\":\"ReadAction\",\"target\":[\"https:\/\/blog.holyart.it\/it\/santi-e-beati\/san-gregorio-magno-papa-e-dottore-della-chiesa\/\"]}]},{\"@type\":\"ImageObject\",\"inLanguage\":\"it-IT\",\"@id\":\"https:\/\/blog.holyart.it\/it\/santi-e-beati\/san-gregorio-magno-papa-e-dottore-della-chiesa\/#primaryimage\",\"url\":\"https:\/\/blog.holyart.it\/it\/wp-content\/uploads\/sites\/17\/2021\/08\/san-gregorio-magno.jpeg\",\"contentUrl\":\"https:\/\/blog.holyart.it\/it\/wp-content\/uploads\/sites\/17\/2021\/08\/san-gregorio-magno.jpeg\",\"width\":1000,\"height\":666,\"caption\":\"san gregorio magno\"},{\"@type\":\"BreadcrumbList\",\"@id\":\"https:\/\/blog.holyart.it\/it\/santi-e-beati\/san-gregorio-magno-papa-e-dottore-della-chiesa\/#breadcrumb\",\"itemListElement\":[{\"@type\":\"ListItem\",\"position\":1,\"name\":\"Homepage\",\"item\":\"https:\/\/blog.holyart.it\/it\/\"},{\"@type\":\"ListItem\",\"position\":2,\"name\":\"Santi e beati\",\"item\":\"https:\/\/blog.holyart.it\/it\/santi-e-beati\/\"},{\"@type\":\"ListItem\",\"position\":3,\"name\":\"San Gregorio Magno, papa e dottore della Chiesa\"}]},{\"@type\":\"WebSite\",\"@id\":\"https:\/\/blog.holyart.it\/it\/#website\",\"url\":\"https:\/\/blog.holyart.it\/it\/\",\"name\":\"Holyblog\",\"description\":\"Il Blog di Holyart.it\",\"publisher\":{\"@id\":\"https:\/\/blog.holyart.it\/it\/#organization\"},\"potentialAction\":[{\"@type\":\"SearchAction\",\"target\":{\"@type\":\"EntryPoint\",\"urlTemplate\":\"https:\/\/blog.holyart.it\/it\/?s={search_term_string}\"},\"query-input\":{\"@type\":\"PropertyValueSpecification\",\"valueRequired\":true,\"valueName\":\"search_term_string\"}}],\"inLanguage\":\"it-IT\"},{\"@type\":\"Organization\",\"@id\":\"https:\/\/blog.holyart.it\/it\/#organization\",\"name\":\"Holyblog\",\"url\":\"https:\/\/blog.holyart.it\/it\/\",\"logo\":{\"@type\":\"ImageObject\",\"inLanguage\":\"it-IT\",\"@id\":\"https:\/\/blog.holyart.it\/it\/#\/schema\/logo\/image\/\",\"url\":\"https:\/\/blog.holyart.it\/it\/wp-content\/uploads\/sites\/17\/2022\/12\/Holyart_Blog_Logo.jpg\",\"contentUrl\":\"https:\/\/blog.holyart.it\/it\/wp-content\/uploads\/sites\/17\/2022\/12\/Holyart_Blog_Logo.jpg\",\"width\":300,\"height\":50,\"caption\":\"Holyblog\"},\"image\":{\"@id\":\"https:\/\/blog.holyart.it\/it\/#\/schema\/logo\/image\/\"}},{\"@type\":\"Person\",\"@id\":\"https:\/\/blog.holyart.it\/it\/#\/schema\/person\/0a7b686e5af0f856ec1e390dd0baecda\",\"name\":\"Redazione\"}]}<\/script>\n<!-- \/ Yoast SEO plugin. -->","yoast_head_json":{"title":"San Gregorio Magno, papa e dottore della Chiesa - Holyblog","description":"San Gregorio Magno, \u201cil console di Dio\u201d, venerato come santo e dottore della Chiesa. Ma chi era quest'uomo straordinario?","robots":{"index":"index","follow":"follow","max-snippet":"max-snippet:-1","max-image-preview":"max-image-preview:large","max-video-preview":"max-video-preview:-1"},"canonical":"https:\/\/blog.holyart.it\/it\/santi-e-beati\/san-gregorio-magno-papa-e-dottore-della-chiesa\/","og_locale":"it_IT","og_type":"article","og_title":"San Gregorio Magno, papa e dottore della Chiesa - Holyblog","og_description":"San Gregorio Magno, \u201cil console di Dio\u201d, venerato come santo e dottore della Chiesa. Ma chi era quest'uomo straordinario?","og_url":"https:\/\/blog.holyart.it\/it\/santi-e-beati\/san-gregorio-magno-papa-e-dottore-della-chiesa\/","og_site_name":"Holyblog","article_published_time":"2021-08-31T07:00:50+00:00","article_modified_time":"2024-08-02T08:54:09+00:00","og_image":[{"width":1000,"height":666,"url":"https:\/\/blog.holyart.it\/it\/wp-content\/uploads\/sites\/17\/2021\/08\/san-gregorio-magno.jpeg","type":"image\/jpeg"}],"author":"Redazione","twitter_card":"summary_large_image","twitter_misc":{"Scritto da":"Redazione","Tempo di lettura stimato":"6 minuti"},"schema":{"@context":"https:\/\/schema.org","@graph":[{"@type":"Article","@id":"https:\/\/blog.holyart.it\/it\/santi-e-beati\/san-gregorio-magno-papa-e-dottore-della-chiesa\/#article","isPartOf":{"@id":"https:\/\/blog.holyart.it\/it\/santi-e-beati\/san-gregorio-magno-papa-e-dottore-della-chiesa\/"},"author":{"name":"Redazione","@id":"https:\/\/blog.holyart.it\/it\/#\/schema\/person\/0a7b686e5af0f856ec1e390dd0baecda"},"headline":"San Gregorio Magno, papa e dottore della Chiesa","datePublished":"2021-08-31T07:00:50+00:00","dateModified":"2024-08-02T08:54:09+00:00","mainEntityOfPage":{"@id":"https:\/\/blog.holyart.it\/it\/santi-e-beati\/san-gregorio-magno-papa-e-dottore-della-chiesa\/"},"wordCount":902,"publisher":{"@id":"https:\/\/blog.holyart.it\/it\/#organization"},"image":{"@id":"https:\/\/blog.holyart.it\/it\/santi-e-beati\/san-gregorio-magno-papa-e-dottore-della-chiesa\/#primaryimage"},"thumbnailUrl":"https:\/\/blog.holyart.it\/it\/wp-content\/uploads\/sites\/17\/2021\/08\/san-gregorio-magno.jpeg","articleSection":["Santi e beati"],"inLanguage":"it-IT"},{"@type":"WebPage","@id":"https:\/\/blog.holyart.it\/it\/santi-e-beati\/san-gregorio-magno-papa-e-dottore-della-chiesa\/","url":"https:\/\/blog.holyart.it\/it\/santi-e-beati\/san-gregorio-magno-papa-e-dottore-della-chiesa\/","name":"San Gregorio Magno, papa e dottore della Chiesa - Holyblog","isPartOf":{"@id":"https:\/\/blog.holyart.it\/it\/#website"},"primaryImageOfPage":{"@id":"https:\/\/blog.holyart.it\/it\/santi-e-beati\/san-gregorio-magno-papa-e-dottore-della-chiesa\/#primaryimage"},"image":{"@id":"https:\/\/blog.holyart.it\/it\/santi-e-beati\/san-gregorio-magno-papa-e-dottore-della-chiesa\/#primaryimage"},"thumbnailUrl":"https:\/\/blog.holyart.it\/it\/wp-content\/uploads\/sites\/17\/2021\/08\/san-gregorio-magno.jpeg","datePublished":"2021-08-31T07:00:50+00:00","dateModified":"2024-08-02T08:54:09+00:00","description":"San Gregorio Magno, \u201cil console di Dio\u201d, venerato come santo e dottore della Chiesa. Ma chi era quest'uomo straordinario?","breadcrumb":{"@id":"https:\/\/blog.holyart.it\/it\/santi-e-beati\/san-gregorio-magno-papa-e-dottore-della-chiesa\/#breadcrumb"},"inLanguage":"it-IT","potentialAction":[{"@type":"ReadAction","target":["https:\/\/blog.holyart.it\/it\/santi-e-beati\/san-gregorio-magno-papa-e-dottore-della-chiesa\/"]}]},{"@type":"ImageObject","inLanguage":"it-IT","@id":"https:\/\/blog.holyart.it\/it\/santi-e-beati\/san-gregorio-magno-papa-e-dottore-della-chiesa\/#primaryimage","url":"https:\/\/blog.holyart.it\/it\/wp-content\/uploads\/sites\/17\/2021\/08\/san-gregorio-magno.jpeg","contentUrl":"https:\/\/blog.holyart.it\/it\/wp-content\/uploads\/sites\/17\/2021\/08\/san-gregorio-magno.jpeg","width":1000,"height":666,"caption":"san gregorio magno"},{"@type":"BreadcrumbList","@id":"https:\/\/blog.holyart.it\/it\/santi-e-beati\/san-gregorio-magno-papa-e-dottore-della-chiesa\/#breadcrumb","itemListElement":[{"@type":"ListItem","position":1,"name":"Homepage","item":"https:\/\/blog.holyart.it\/it\/"},{"@type":"ListItem","position":2,"name":"Santi e beati","item":"https:\/\/blog.holyart.it\/it\/santi-e-beati\/"},{"@type":"ListItem","position":3,"name":"San Gregorio Magno, papa e dottore della Chiesa"}]},{"@type":"WebSite","@id":"https:\/\/blog.holyart.it\/it\/#website","url":"https:\/\/blog.holyart.it\/it\/","name":"Holyblog","description":"Il Blog di Holyart.it","publisher":{"@id":"https:\/\/blog.holyart.it\/it\/#organization"},"potentialAction":[{"@type":"SearchAction","target":{"@type":"EntryPoint","urlTemplate":"https:\/\/blog.holyart.it\/it\/?s={search_term_string}"},"query-input":{"@type":"PropertyValueSpecification","valueRequired":true,"valueName":"search_term_string"}}],"inLanguage":"it-IT"},{"@type":"Organization","@id":"https:\/\/blog.holyart.it\/it\/#organization","name":"Holyblog","url":"https:\/\/blog.holyart.it\/it\/","logo":{"@type":"ImageObject","inLanguage":"it-IT","@id":"https:\/\/blog.holyart.it\/it\/#\/schema\/logo\/image\/","url":"https:\/\/blog.holyart.it\/it\/wp-content\/uploads\/sites\/17\/2022\/12\/Holyart_Blog_Logo.jpg","contentUrl":"https:\/\/blog.holyart.it\/it\/wp-content\/uploads\/sites\/17\/2022\/12\/Holyart_Blog_Logo.jpg","width":300,"height":50,"caption":"Holyblog"},"image":{"@id":"https:\/\/blog.holyart.it\/it\/#\/schema\/logo\/image\/"}},{"@type":"Person","@id":"https:\/\/blog.holyart.it\/it\/#\/schema\/person\/0a7b686e5af0f856ec1e390dd0baecda","name":"Redazione"}]}},"_links":{"self":[{"href":"https:\/\/blog.holyart.it\/it\/wp-json\/wp\/v2\/posts\/13874","targetHints":{"allow":["GET"]}}],"collection":[{"href":"https:\/\/blog.holyart.it\/it\/wp-json\/wp\/v2\/posts"}],"about":[{"href":"https:\/\/blog.holyart.it\/it\/wp-json\/wp\/v2\/types\/post"}],"author":[{"embeddable":true,"href":"https:\/\/blog.holyart.it\/it\/wp-json\/wp\/v2\/users\/1"}],"replies":[{"embeddable":true,"href":"https:\/\/blog.holyart.it\/it\/wp-json\/wp\/v2\/comments?post=13874"}],"version-history":[{"count":1,"href":"https:\/\/blog.holyart.it\/it\/wp-json\/wp\/v2\/posts\/13874\/revisions"}],"predecessor-version":[{"id":18259,"href":"https:\/\/blog.holyart.it\/it\/wp-json\/wp\/v2\/posts\/13874\/revisions\/18259"}],"wp:featuredmedia":[{"embeddable":true,"href":"https:\/\/blog.holyart.it\/it\/wp-json\/wp\/v2\/media\/13878"}],"wp:attachment":[{"href":"https:\/\/blog.holyart.it\/it\/wp-json\/wp\/v2\/media?parent=13874"}],"wp:term":[{"taxonomy":"category","embeddable":true,"href":"https:\/\/blog.holyart.it\/it\/wp-json\/wp\/v2\/categories?post=13874"},{"taxonomy":"post_tag","embeddable":true,"href":"https:\/\/blog.holyart.it\/it\/wp-json\/wp\/v2\/tags?post=13874"}],"curies":[{"name":"wp","href":"https:\/\/api.w.org\/{rel}","templated":true}]}}