{"id":13845,"date":"2021-08-17T10:47:59","date_gmt":"2021-08-17T08:47:59","guid":{"rendered":"https:\/\/blog.holyart.it\/it\/?p=13845"},"modified":"2024-07-12T14:39:25","modified_gmt":"2024-07-12T12:39:25","slug":"incoronazione-della-vergine-regina-dei-cieli-e-della-terra","status":"publish","type":"post","link":"https:\/\/blog.holyart.it\/it\/santi-e-beati\/incoronazione-della-vergine-regina-dei-cieli-e-della-terra\/","title":{"rendered":"Incoronazione della Vergine: Regina dei Cieli e della Terra"},"content":{"rendered":"<h4>Il 22 agosto di celebra l&#8217;incoronazione della Vergine, Madre di Ges\u00f9. Da cosa nasce questa festivit\u00e0, e perch\u00e9 Maria \u00e8 considerata &#8220;regina&#8221;?<\/h4>\n\n<p>La <a href=\"https:\/\/www.holyart.it\/articoli\/statue-madonna.php\"><strong>Festa dell&#8217;Incoronazione della Vergine<\/strong><\/a> che si celebra il <strong>22 agosto <\/strong>\u00e8 piuttosto moderna. Infatti questa devozione \u00e8 stata ufficializzata solo nella seconda met\u00e0 del XX secolo. Ma gi\u00e0 i primi cristiani consideravano la Madonna degna di essere definita &#8220;Regina&#8221;. Il primo a chiamarla cos\u00ec fu infatti Efrem il Siro, teologo, scrittore e santo di origine siriaca vissuto nel IV secolo e <strong><a href=\"https:\/\/www.holyart.it\/blog\/santi-e-beati\/i-dottori-della-chiesa-chi-sono-e-i-requisiti-per-avere-questo-titolo\/\">dottore della Chiesa cattolica<\/a><\/strong>. In uno dei venti inni da lui dedicati alla Madonna, alla quale era molto devoto, cos\u00ec le si rivolge: &#8220;<em>Vergine Augusta e Padrona, Regina, Signora, proteggimi sotto le tue ali, custodiscimi, affinch\u00e9 non esulti contro di me satana, che semina rovine, n\u00e9 trionfi contro di me l&#8217;iniquo avversario.&#8221;<\/em><\/p>\n<div class=\"link-article\">\n<p><img loading=\"lazy\" decoding=\"async\" class=\"alignleft size-full wp-image-13848\" src=\"https:\/\/blog.holyart.it\/it\/wp-content\/uploads\/sites\/17\/2021\/08\/santa-teresa.jpeg\" alt=\"dottori della chiesa\" width=\"150\" height=\"99\" data-kale-share-title=\"Incoronazione della Vergine: Regina dei Cieli e della Terra\" data-kale-share-url=\"https:\/\/blog.holyart.it\/it\/?p=13845\" \/><\/p>\n<div class=\"leggi-anche\">Leggi anche:<\/div>\n<p><strong><a href=\"https:\/\/www.holyart.it\/blog\/santi-e-beati\/i-dottori-della-chiesa-chi-sono-e-i-requisiti-per-avere-questo-titolo\/\">I dottori della Chiesa: i requisiti per avere questo titolo<\/a><\/strong><br \/>\nIl 1 ottobre si festeggia Santa Teresa di Lisieux, una delle quattro donne proclamate Dottori della Chiesa. Ma chi sono i Dottori della Chiesa?<\/p>\n<\/div>\n<p>Il Concilio di Efeso del V secolo defin\u00ec Maria Vergine <em>Theot\u00f3kos<\/em>, &#8220;madre di Dio&#8221;. Da qui nacquero nei secoli molte forme di <strong>devozione popolare<\/strong> che culminavano con l\u2019<a href=\"https:\/\/www.holyart.it\/it\/articoli-religiosi\/statue\/statue-in-legno-naturale\/madonna-ausiliatrice-regina-coeli-legno-valgardena-naturale\"><strong>incoronazione della Vergine Maria Regina<\/strong><\/a>, spesso con corone preziose realizzate con oro e gioielli raccolti tra i fedeli come offerta penitenziale.<\/p>\n<h2>Perch\u00e9 Maria viene definita regina?<\/h2>\n<p>Da dove nasce la <strong>dignit\u00e0 regale di Maria<\/strong>? Non si tratta solo di uno dei tanti <strong><a href=\"https:\/\/www.holyart.it\/blog\/santi-e-beati\/titoli-mariani-cosa-sono-e-quanti-sono-tutti-i-nomi-dedicati-a-maria\/\">titoli mariani<\/a><\/strong> che abbiamo visto attribuiti alla Vergine. La Madonna \u00e8 Regina in quanto <a href=\"https:\/\/www.holyart.it\/blog\/articoli-religiosi\/da-eva-a-maria-la-figura-della-madre-nelle-sacre-scritture\/\"><strong>Madre di Dio<\/strong><\/a>, perch\u00e9 Ges\u00f9, Dio e Uomo, \u00e8 il Sovrano di tutto il Creato, e Sua Madre non pu\u00f2 che essere parte della Sua regalit\u00e0. La Vergine \u00e8 dunque Regina per <strong>maternit\u00e0 divina<\/strong>, ma non solo. Per il suo ruolo nella Nuova Alleanza, per aver scelto consapevolmente di essere madre del Salvatore, e di soffrire con Lui l&#8217;agonia della Passione, Maria \u00e8 diventata la nuova Eva, <strong>strumento di redenzione e salvezza<\/strong> al fianco del suo Figlio benedetto. Maria viene definita Regina nel V mistero glorioso del Santo Rosario, in diversi punti delle Litanie Lauretane, in tre delle antifone mariane pi\u00f9 note: Salve Regina, Regina Coeli e Ave Regina Coelorum.<\/p>\n<div class=\"link-article\">\n<p><img loading=\"lazy\" decoding=\"async\" class=\"size-full wp-image-13819 alignleft\" src=\"https:\/\/blog.holyart.it\/it\/wp-content\/uploads\/sites\/17\/2021\/08\/titoli-mariani.jpeg\" alt=\"titoli-mariani\" width=\"150\" height=\"99\" data-kale-share-title=\"Santa Maria a Mare: la Madonna ritrovata alla deriva su una spiaggia\" data-kale-share-url=\"https:\/\/blog.holyart.it\/it\/?p=13817\" \/><\/p>\n<div class=\"leggi-anche\">Leggi anche:<\/div>\n<p><strong><a href=\"https:\/\/www.holyart.it\/blog\/santi-e-beati\/titoli-mariani-cosa-sono-e-quanti-sono-tutti-i-nomi-dedicati-a-maria\/\">Titoli Mariani: quanti sono tutti i nomi dedicati a Maria<\/a><\/strong><br \/>\nTitoli Mariani: tutti gli appellativi con cui viene venerata Maria, madre di Ges\u00f9. Ma quanti sono i Titoli Mariani? Da dove derivano?<\/p>\n<\/div>\n<h2>Lettera Enciclica Ad caeli Reginam<\/h2>\n<p>L\u2019Enciclica <em>Ad Caeli Reginam<\/em> venne emessa l&#8217;11 ottobre 1954 da Papa Pio XII, per istituire la festa liturgica della <em>&#8220;beata Maria vergine regina&#8221;<\/em>. Lo stesso Papa proclam\u00f2 anche il dogma dell\u2019<a href=\"https:\/\/www.holyart.it\/blog\/occasioni-speciali\/lassunzione-di-maria-e-le-celebrazioni-piu-caratteristiche\/\"><strong>Assunzione al Cielo di Maria<\/strong><\/a>. Inizialmente fissata il 31 maggio, la festa dell&#8217;incoronazione della Vergine venne poi spostata al 22 agosto con la riforma di Paolo VI, per avvicinarla alla Festa dell\u2019Assunzione e unire in un certo senso la glorificazione corporea e quella regale della Vergine. La decisione di istituire la festa fu grandemente supportata da iniziative popolari, come quella promossa da Maria Desideri, che raccolse petizioni in tutto il mondo per caldeggiare il suo progetto\u00a0<em>Pro regalitate Mariae<\/em> e richiedere la proclamazione della festa.<\/p>\n<div class=\"link-article\">\n<p><img loading=\"lazy\" decoding=\"async\" class=\"size-full wp-image-13820 alignleft\" src=\"https:\/\/blog.holyart.it\/it\/wp-content\/uploads\/sites\/17\/2021\/08\/Asunzione-della-vergine-maria.jpg\" alt=\"Asunzione-della-vergine-maria\" width=\"150\" height=\"99\" data-kale-share-title=\"Santa Maria a Mare: la Madonna ritrovata alla deriva su una spiaggia\" data-kale-share-url=\"https:\/\/blog.holyart.it\/it\/?p=13817\" \/><\/p>\n<div class=\"leggi-anche\">Leggi anche:<\/div>\n<p><strong><a href=\"https:\/\/www.holyart.it\/blog\/occasioni-speciali\/lassunzione-di-maria-e-le-celebrazioni-piu-caratteristiche\/\">L\u2019Assunzione di Maria e le celebrazioni pi\u00f9 caratteristiche<\/a><\/strong><br \/>\nIl 15 agosto non \u00e8 solo un\u2019occasione di festa e gite fuori porta. Si ricorda infatti l\u2019Assunzione di Maria al cielo. Scopriamo le celebrazioni pi\u00f9&#8230;<\/p>\n<\/div>\n<h2>Perch\u00e9 proprio il 22 agosto<\/h2>\n<p>Il 15 agosto si celebra l&#8217;Assunzione di Maria al Cielo, resuscitata alla vita eterna per essere stata Madre di Ges\u00f9 ed essere stata preservata dal peccato. Il 22, alla sua glorificazione corporea, si aggiunge quella regale, con la proclamazione a <a href=\"https:\/\/www.holyart.it\/it\/articoli-religiosi\/statue\/statue-in-legno-dipinto\/statua-maria-ausiliatrice\"><strong>Regina degli angeli<\/strong><\/a> (<em>Regina Angelorum<\/em>) e Regina del Paradiso (<em>Regina Caeli<\/em> o <em>Regina Coeli<\/em>).<\/p>\n<div class=\"link-product\">\n<div class=\"blocco-immagine\"><img loading=\"lazy\" decoding=\"async\" class=\"alignleft size-full wp-image-13850\" src=\"https:\/\/blog.holyart.it\/it\/wp-content\/uploads\/sites\/17\/2021\/08\/statua-maria-ausiliatrice.jpg\" alt=\"statua-maria-ausiliatrice\" width=\"100\" height=\"100\" data-kale-share-title=\"Incoronazione della Vergine: Regina dei Cieli e della Terra\" data-kale-share-url=\"https:\/\/blog.holyart.it\/it\/?p=13845\" \/><\/div>\n<div class=\"blocco-contenuto\">\n<div class=\"blocco-acquista\">Acquista su Holyart:<\/div>\n<div class=\"blocco-titolo\"><a href=\"https:\/\/www.holyart.it\/it\/articoli-religiosi\/statue\/statue-in-legno-dipinto\/statua-maria-ausiliatrice\">Statua Maria Incoronata<\/a><\/div>\n<div class=\"blocco-descrizione\">Statua in legno lavorata e dipinta a mano da esperti artigiani della Valgardena<\/div>\n<\/div>\n<\/div>\n<h2>Come esercita Maria questa regalit\u00e0 di servizio e amore?<\/h2>\n<p>Non dobbiamo tuttavia pensare a Maria Vergine come a una Regina distante e disinteressata alle sorti dei suoi figli. Nel 2012 <a href=\"https:\/\/www.holyart.it\/it\/occasioni-speciali\/benedetto-xvi\"><strong>Papa Benedetto XVI<\/strong><\/a> aveva spiegato che la Madonna esercita la sua regalit\u00e0: <em>&#8220;Vegliando su di noi, suoi figli: i figli che si rivolgono a Lei nella preghiera, per ringraziarla o per chiedere la sua materna protezione e il suo celeste aiuto, dopo forse aver smarrito la strada, oppressi dal dolore o dall\u2019angoscia per le tristi e travagliate vicissitudini della vita.&#8221;<\/em><\/p>\n<p>Una regalit\u00e0 all&#8217;<strong>insegna dell&#8217;amore<\/strong>, dunque, e della continua propensione verso noi uomini, che cerchiamo in lei una Madre, prima che una Regina, un riferimento infinitamente misericordioso che dal Cielo vegli su di noi e funga da intermediaria tra le nostre sofferenze e Dio Padre.<\/p>\n<div class=\"link-product\">\n<div class=\"blocco-immagine\"><img loading=\"lazy\" decoding=\"async\" class=\"alignleft size-full wp-image-13683\" src=\"https:\/\/blog.holyart.it\/it\/wp-content\/uploads\/sites\/17\/2021\/07\/madonna-di-lourdes.jpg\" alt=\"madonna-di-lourdes\" width=\"100\" height=\"100\" data-kale-share-title=\"Titoli Mariani: cosa sono e quanti sono tutti i nomi dedicati a Maria\" data-kale-share-url=\"https:\/\/blog.holyart.it\/it\/?p=13662\" \/><\/div>\n<div class=\"blocco-contenuto\">\n<div class=\"blocco-acquista\">Acquista su Holyart:<\/div>\n<div class=\"blocco-titolo\"><a href=\"https:\/\/www.holyart.it\/articoli\/statue-madonna.php\">Statue della Madonna<\/a><\/div>\n<div class=\"blocco-descrizione\">Scopri\u00a0oltre 2000 Statue della Madonna!<\/div>\n<\/div>\n<\/div>\n","protected":false},"excerpt":{"rendered":"<p>Il 22 agosto di celebra l&#8217;incoronazione della Vergine, Madre di Ges\u00f9. Da cosa nasce questa festivit\u00e0, e perch\u00e9 Maria \u00e8 considerata &#8220;regina&#8221;? La Festa dell&#8217;Incoronazione della Vergine che si celebra il 22 agosto \u00e8 piuttosto moderna. Infatti questa devozione \u00e8 stata ufficializzata solo nella seconda&hellip;<\/p>\n","protected":false},"author":1,"featured_media":13846,"comment_status":"closed","ping_status":"open","sticky":false,"template":"","format":"standard","meta":{"_acf_changed":false,"footnotes":""},"categories":[15],"tags":[],"class_list":["post-13845","post","type-post","status-publish","format-standard","has-post-thumbnail","hentry","category-santi-e-beati"],"acf":[],"yoast_head":"<!-- This site is optimized with the Yoast SEO plugin v26.6 - https:\/\/yoast.com\/wordpress\/plugins\/seo\/ -->\n<title>Incoronazione della Vergine: Regina dei Cieli e della Terra - Holyblog<\/title>\n<meta name=\"description\" content=\"Il 22 agosto di celebra l&#039;incoronazione della Vergine, Madre di Ges\u00f9. Da cosa nasce questa festivit\u00e0, e perch\u00e9 Maria \u00e8 considerata &quot;regina&quot;?\" \/>\n<meta name=\"robots\" content=\"index, follow, max-snippet:-1, max-image-preview:large, max-video-preview:-1\" \/>\n<link rel=\"canonical\" href=\"https:\/\/blog.holyart.it\/it\/santi-e-beati\/incoronazione-della-vergine-regina-dei-cieli-e-della-terra\/\" \/>\n<meta property=\"og:locale\" content=\"it_IT\" \/>\n<meta property=\"og:type\" content=\"article\" \/>\n<meta property=\"og:title\" content=\"Incoronazione della Vergine: Regina dei Cieli e della Terra - Holyblog\" \/>\n<meta property=\"og:description\" content=\"Il 22 agosto di celebra l&#039;incoronazione della Vergine, Madre di Ges\u00f9. Da cosa nasce questa festivit\u00e0, e perch\u00e9 Maria \u00e8 considerata &quot;regina&quot;?\" \/>\n<meta property=\"og:url\" content=\"https:\/\/blog.holyart.it\/it\/santi-e-beati\/incoronazione-della-vergine-regina-dei-cieli-e-della-terra\/\" \/>\n<meta property=\"og:site_name\" content=\"Holyblog\" \/>\n<meta property=\"article:published_time\" content=\"2021-08-17T08:47:59+00:00\" \/>\n<meta property=\"article:modified_time\" content=\"2024-07-12T12:39:25+00:00\" \/>\n<meta property=\"og:image\" content=\"https:\/\/blog.holyart.it\/it\/wp-content\/uploads\/sites\/17\/2021\/08\/maria-regina.jpeg\" \/>\n\t<meta property=\"og:image:width\" content=\"999\" \/>\n\t<meta property=\"og:image:height\" content=\"666\" \/>\n\t<meta property=\"og:image:type\" content=\"image\/jpeg\" \/>\n<meta name=\"author\" content=\"Redazione\" \/>\n<meta name=\"twitter:card\" content=\"summary_large_image\" \/>\n<meta name=\"twitter:label1\" content=\"Scritto da\" \/>\n\t<meta name=\"twitter:data1\" content=\"Redazione\" \/>\n\t<meta name=\"twitter:label2\" content=\"Tempo di lettura stimato\" \/>\n\t<meta name=\"twitter:data2\" content=\"6 minuti\" \/>\n<script type=\"application\/ld+json\" class=\"yoast-schema-graph\">{\"@context\":\"https:\/\/schema.org\",\"@graph\":[{\"@type\":\"Article\",\"@id\":\"https:\/\/blog.holyart.it\/it\/santi-e-beati\/incoronazione-della-vergine-regina-dei-cieli-e-della-terra\/#article\",\"isPartOf\":{\"@id\":\"https:\/\/blog.holyart.it\/it\/santi-e-beati\/incoronazione-della-vergine-regina-dei-cieli-e-della-terra\/\"},\"author\":{\"name\":\"Redazione\",\"@id\":\"https:\/\/blog.holyart.it\/it\/#\/schema\/person\/0a7b686e5af0f856ec1e390dd0baecda\"},\"headline\":\"Incoronazione della Vergine: Regina dei Cieli e della Terra\",\"datePublished\":\"2021-08-17T08:47:59+00:00\",\"dateModified\":\"2024-07-12T12:39:25+00:00\",\"mainEntityOfPage\":{\"@id\":\"https:\/\/blog.holyart.it\/it\/santi-e-beati\/incoronazione-della-vergine-regina-dei-cieli-e-della-terra\/\"},\"wordCount\":777,\"publisher\":{\"@id\":\"https:\/\/blog.holyart.it\/it\/#organization\"},\"image\":{\"@id\":\"https:\/\/blog.holyart.it\/it\/santi-e-beati\/incoronazione-della-vergine-regina-dei-cieli-e-della-terra\/#primaryimage\"},\"thumbnailUrl\":\"https:\/\/blog.holyart.it\/it\/wp-content\/uploads\/sites\/17\/2021\/08\/maria-regina.jpeg\",\"articleSection\":[\"Santi e beati\"],\"inLanguage\":\"it-IT\"},{\"@type\":\"WebPage\",\"@id\":\"https:\/\/blog.holyart.it\/it\/santi-e-beati\/incoronazione-della-vergine-regina-dei-cieli-e-della-terra\/\",\"url\":\"https:\/\/blog.holyart.it\/it\/santi-e-beati\/incoronazione-della-vergine-regina-dei-cieli-e-della-terra\/\",\"name\":\"Incoronazione della Vergine: Regina dei Cieli e della Terra - Holyblog\",\"isPartOf\":{\"@id\":\"https:\/\/blog.holyart.it\/it\/#website\"},\"primaryImageOfPage\":{\"@id\":\"https:\/\/blog.holyart.it\/it\/santi-e-beati\/incoronazione-della-vergine-regina-dei-cieli-e-della-terra\/#primaryimage\"},\"image\":{\"@id\":\"https:\/\/blog.holyart.it\/it\/santi-e-beati\/incoronazione-della-vergine-regina-dei-cieli-e-della-terra\/#primaryimage\"},\"thumbnailUrl\":\"https:\/\/blog.holyart.it\/it\/wp-content\/uploads\/sites\/17\/2021\/08\/maria-regina.jpeg\",\"datePublished\":\"2021-08-17T08:47:59+00:00\",\"dateModified\":\"2024-07-12T12:39:25+00:00\",\"description\":\"Il 22 agosto di celebra l'incoronazione della Vergine, Madre di Ges\u00f9. Da cosa nasce questa festivit\u00e0, e perch\u00e9 Maria \u00e8 considerata \\\"regina\\\"?\",\"breadcrumb\":{\"@id\":\"https:\/\/blog.holyart.it\/it\/santi-e-beati\/incoronazione-della-vergine-regina-dei-cieli-e-della-terra\/#breadcrumb\"},\"inLanguage\":\"it-IT\",\"potentialAction\":[{\"@type\":\"ReadAction\",\"target\":[\"https:\/\/blog.holyart.it\/it\/santi-e-beati\/incoronazione-della-vergine-regina-dei-cieli-e-della-terra\/\"]}]},{\"@type\":\"ImageObject\",\"inLanguage\":\"it-IT\",\"@id\":\"https:\/\/blog.holyart.it\/it\/santi-e-beati\/incoronazione-della-vergine-regina-dei-cieli-e-della-terra\/#primaryimage\",\"url\":\"https:\/\/blog.holyart.it\/it\/wp-content\/uploads\/sites\/17\/2021\/08\/maria-regina.jpeg\",\"contentUrl\":\"https:\/\/blog.holyart.it\/it\/wp-content\/uploads\/sites\/17\/2021\/08\/maria-regina.jpeg\",\"width\":999,\"height\":666,\"caption\":\"maria regina\"},{\"@type\":\"BreadcrumbList\",\"@id\":\"https:\/\/blog.holyart.it\/it\/santi-e-beati\/incoronazione-della-vergine-regina-dei-cieli-e-della-terra\/#breadcrumb\",\"itemListElement\":[{\"@type\":\"ListItem\",\"position\":1,\"name\":\"Homepage\",\"item\":\"https:\/\/blog.holyart.it\/it\/\"},{\"@type\":\"ListItem\",\"position\":2,\"name\":\"Santi e beati\",\"item\":\"https:\/\/blog.holyart.it\/it\/santi-e-beati\/\"},{\"@type\":\"ListItem\",\"position\":3,\"name\":\"Incoronazione della Vergine: Regina dei Cieli e della Terra\"}]},{\"@type\":\"WebSite\",\"@id\":\"https:\/\/blog.holyart.it\/it\/#website\",\"url\":\"https:\/\/blog.holyart.it\/it\/\",\"name\":\"Holyblog\",\"description\":\"Il Blog di Holyart.it\",\"publisher\":{\"@id\":\"https:\/\/blog.holyart.it\/it\/#organization\"},\"potentialAction\":[{\"@type\":\"SearchAction\",\"target\":{\"@type\":\"EntryPoint\",\"urlTemplate\":\"https:\/\/blog.holyart.it\/it\/?s={search_term_string}\"},\"query-input\":{\"@type\":\"PropertyValueSpecification\",\"valueRequired\":true,\"valueName\":\"search_term_string\"}}],\"inLanguage\":\"it-IT\"},{\"@type\":\"Organization\",\"@id\":\"https:\/\/blog.holyart.it\/it\/#organization\",\"name\":\"Holyblog\",\"url\":\"https:\/\/blog.holyart.it\/it\/\",\"logo\":{\"@type\":\"ImageObject\",\"inLanguage\":\"it-IT\",\"@id\":\"https:\/\/blog.holyart.it\/it\/#\/schema\/logo\/image\/\",\"url\":\"https:\/\/blog.holyart.it\/it\/wp-content\/uploads\/sites\/17\/2022\/12\/Holyart_Blog_Logo.jpg\",\"contentUrl\":\"https:\/\/blog.holyart.it\/it\/wp-content\/uploads\/sites\/17\/2022\/12\/Holyart_Blog_Logo.jpg\",\"width\":300,\"height\":50,\"caption\":\"Holyblog\"},\"image\":{\"@id\":\"https:\/\/blog.holyart.it\/it\/#\/schema\/logo\/image\/\"}},{\"@type\":\"Person\",\"@id\":\"https:\/\/blog.holyart.it\/it\/#\/schema\/person\/0a7b686e5af0f856ec1e390dd0baecda\",\"name\":\"Redazione\"}]}<\/script>\n<!-- \/ Yoast SEO plugin. -->","yoast_head_json":{"title":"Incoronazione della Vergine: Regina dei Cieli e della Terra - Holyblog","description":"Il 22 agosto di celebra l'incoronazione della Vergine, Madre di Ges\u00f9. Da cosa nasce questa festivit\u00e0, e perch\u00e9 Maria \u00e8 considerata \"regina\"?","robots":{"index":"index","follow":"follow","max-snippet":"max-snippet:-1","max-image-preview":"max-image-preview:large","max-video-preview":"max-video-preview:-1"},"canonical":"https:\/\/blog.holyart.it\/it\/santi-e-beati\/incoronazione-della-vergine-regina-dei-cieli-e-della-terra\/","og_locale":"it_IT","og_type":"article","og_title":"Incoronazione della Vergine: Regina dei Cieli e della Terra - Holyblog","og_description":"Il 22 agosto di celebra l'incoronazione della Vergine, Madre di Ges\u00f9. Da cosa nasce questa festivit\u00e0, e perch\u00e9 Maria \u00e8 considerata \"regina\"?","og_url":"https:\/\/blog.holyart.it\/it\/santi-e-beati\/incoronazione-della-vergine-regina-dei-cieli-e-della-terra\/","og_site_name":"Holyblog","article_published_time":"2021-08-17T08:47:59+00:00","article_modified_time":"2024-07-12T12:39:25+00:00","og_image":[{"width":999,"height":666,"url":"https:\/\/blog.holyart.it\/it\/wp-content\/uploads\/sites\/17\/2021\/08\/maria-regina.jpeg","type":"image\/jpeg"}],"author":"Redazione","twitter_card":"summary_large_image","twitter_misc":{"Scritto da":"Redazione","Tempo di lettura stimato":"6 minuti"},"schema":{"@context":"https:\/\/schema.org","@graph":[{"@type":"Article","@id":"https:\/\/blog.holyart.it\/it\/santi-e-beati\/incoronazione-della-vergine-regina-dei-cieli-e-della-terra\/#article","isPartOf":{"@id":"https:\/\/blog.holyart.it\/it\/santi-e-beati\/incoronazione-della-vergine-regina-dei-cieli-e-della-terra\/"},"author":{"name":"Redazione","@id":"https:\/\/blog.holyart.it\/it\/#\/schema\/person\/0a7b686e5af0f856ec1e390dd0baecda"},"headline":"Incoronazione della Vergine: Regina dei Cieli e della Terra","datePublished":"2021-08-17T08:47:59+00:00","dateModified":"2024-07-12T12:39:25+00:00","mainEntityOfPage":{"@id":"https:\/\/blog.holyart.it\/it\/santi-e-beati\/incoronazione-della-vergine-regina-dei-cieli-e-della-terra\/"},"wordCount":777,"publisher":{"@id":"https:\/\/blog.holyart.it\/it\/#organization"},"image":{"@id":"https:\/\/blog.holyart.it\/it\/santi-e-beati\/incoronazione-della-vergine-regina-dei-cieli-e-della-terra\/#primaryimage"},"thumbnailUrl":"https:\/\/blog.holyart.it\/it\/wp-content\/uploads\/sites\/17\/2021\/08\/maria-regina.jpeg","articleSection":["Santi e beati"],"inLanguage":"it-IT"},{"@type":"WebPage","@id":"https:\/\/blog.holyart.it\/it\/santi-e-beati\/incoronazione-della-vergine-regina-dei-cieli-e-della-terra\/","url":"https:\/\/blog.holyart.it\/it\/santi-e-beati\/incoronazione-della-vergine-regina-dei-cieli-e-della-terra\/","name":"Incoronazione della Vergine: Regina dei Cieli e della Terra - Holyblog","isPartOf":{"@id":"https:\/\/blog.holyart.it\/it\/#website"},"primaryImageOfPage":{"@id":"https:\/\/blog.holyart.it\/it\/santi-e-beati\/incoronazione-della-vergine-regina-dei-cieli-e-della-terra\/#primaryimage"},"image":{"@id":"https:\/\/blog.holyart.it\/it\/santi-e-beati\/incoronazione-della-vergine-regina-dei-cieli-e-della-terra\/#primaryimage"},"thumbnailUrl":"https:\/\/blog.holyart.it\/it\/wp-content\/uploads\/sites\/17\/2021\/08\/maria-regina.jpeg","datePublished":"2021-08-17T08:47:59+00:00","dateModified":"2024-07-12T12:39:25+00:00","description":"Il 22 agosto di celebra l'incoronazione della Vergine, Madre di Ges\u00f9. Da cosa nasce questa festivit\u00e0, e perch\u00e9 Maria \u00e8 considerata \"regina\"?","breadcrumb":{"@id":"https:\/\/blog.holyart.it\/it\/santi-e-beati\/incoronazione-della-vergine-regina-dei-cieli-e-della-terra\/#breadcrumb"},"inLanguage":"it-IT","potentialAction":[{"@type":"ReadAction","target":["https:\/\/blog.holyart.it\/it\/santi-e-beati\/incoronazione-della-vergine-regina-dei-cieli-e-della-terra\/"]}]},{"@type":"ImageObject","inLanguage":"it-IT","@id":"https:\/\/blog.holyart.it\/it\/santi-e-beati\/incoronazione-della-vergine-regina-dei-cieli-e-della-terra\/#primaryimage","url":"https:\/\/blog.holyart.it\/it\/wp-content\/uploads\/sites\/17\/2021\/08\/maria-regina.jpeg","contentUrl":"https:\/\/blog.holyart.it\/it\/wp-content\/uploads\/sites\/17\/2021\/08\/maria-regina.jpeg","width":999,"height":666,"caption":"maria regina"},{"@type":"BreadcrumbList","@id":"https:\/\/blog.holyart.it\/it\/santi-e-beati\/incoronazione-della-vergine-regina-dei-cieli-e-della-terra\/#breadcrumb","itemListElement":[{"@type":"ListItem","position":1,"name":"Homepage","item":"https:\/\/blog.holyart.it\/it\/"},{"@type":"ListItem","position":2,"name":"Santi e beati","item":"https:\/\/blog.holyart.it\/it\/santi-e-beati\/"},{"@type":"ListItem","position":3,"name":"Incoronazione della Vergine: Regina dei Cieli e della Terra"}]},{"@type":"WebSite","@id":"https:\/\/blog.holyart.it\/it\/#website","url":"https:\/\/blog.holyart.it\/it\/","name":"Holyblog","description":"Il Blog di Holyart.it","publisher":{"@id":"https:\/\/blog.holyart.it\/it\/#organization"},"potentialAction":[{"@type":"SearchAction","target":{"@type":"EntryPoint","urlTemplate":"https:\/\/blog.holyart.it\/it\/?s={search_term_string}"},"query-input":{"@type":"PropertyValueSpecification","valueRequired":true,"valueName":"search_term_string"}}],"inLanguage":"it-IT"},{"@type":"Organization","@id":"https:\/\/blog.holyart.it\/it\/#organization","name":"Holyblog","url":"https:\/\/blog.holyart.it\/it\/","logo":{"@type":"ImageObject","inLanguage":"it-IT","@id":"https:\/\/blog.holyart.it\/it\/#\/schema\/logo\/image\/","url":"https:\/\/blog.holyart.it\/it\/wp-content\/uploads\/sites\/17\/2022\/12\/Holyart_Blog_Logo.jpg","contentUrl":"https:\/\/blog.holyart.it\/it\/wp-content\/uploads\/sites\/17\/2022\/12\/Holyart_Blog_Logo.jpg","width":300,"height":50,"caption":"Holyblog"},"image":{"@id":"https:\/\/blog.holyart.it\/it\/#\/schema\/logo\/image\/"}},{"@type":"Person","@id":"https:\/\/blog.holyart.it\/it\/#\/schema\/person\/0a7b686e5af0f856ec1e390dd0baecda","name":"Redazione"}]}},"_links":{"self":[{"href":"https:\/\/blog.holyart.it\/it\/wp-json\/wp\/v2\/posts\/13845","targetHints":{"allow":["GET"]}}],"collection":[{"href":"https:\/\/blog.holyart.it\/it\/wp-json\/wp\/v2\/posts"}],"about":[{"href":"https:\/\/blog.holyart.it\/it\/wp-json\/wp\/v2\/types\/post"}],"author":[{"embeddable":true,"href":"https:\/\/blog.holyart.it\/it\/wp-json\/wp\/v2\/users\/1"}],"replies":[{"embeddable":true,"href":"https:\/\/blog.holyart.it\/it\/wp-json\/wp\/v2\/comments?post=13845"}],"version-history":[{"count":1,"href":"https:\/\/blog.holyart.it\/it\/wp-json\/wp\/v2\/posts\/13845\/revisions"}],"predecessor-version":[{"id":18134,"href":"https:\/\/blog.holyart.it\/it\/wp-json\/wp\/v2\/posts\/13845\/revisions\/18134"}],"wp:featuredmedia":[{"embeddable":true,"href":"https:\/\/blog.holyart.it\/it\/wp-json\/wp\/v2\/media\/13846"}],"wp:attachment":[{"href":"https:\/\/blog.holyart.it\/it\/wp-json\/wp\/v2\/media?parent=13845"}],"wp:term":[{"taxonomy":"category","embeddable":true,"href":"https:\/\/blog.holyart.it\/it\/wp-json\/wp\/v2\/categories?post=13845"},{"taxonomy":"post_tag","embeddable":true,"href":"https:\/\/blog.holyart.it\/it\/wp-json\/wp\/v2\/tags?post=13845"}],"curies":[{"name":"wp","href":"https:\/\/api.w.org\/{rel}","templated":true}]}}