{"id":13831,"date":"2021-08-12T10:09:52","date_gmt":"2021-08-12T08:09:52","guid":{"rendered":"https:\/\/blog.holyart.it\/it\/?p=13831"},"modified":"2024-07-18T11:59:37","modified_gmt":"2024-07-18T09:59:37","slug":"san-rocco-e-il-cane-un-legame-giunto-a-noi-sin-dal-medioevo","status":"publish","type":"post","link":"https:\/\/blog.holyart.it\/it\/santi-e-beati\/san-rocco-e-il-cane-un-legame-giunto-a-noi-sin-dal-medioevo\/","title":{"rendered":"San Rocco e il cane: un legame giunto a noi sin dal medioevo"},"content":{"rendered":"<h4>Perch\u00e9 san Rocco viene raffigurato con un cane al suo fianco? Leggi questo articolo per scoprire la storia di san Rocco e il cane.<\/h4>\n\n<p>Un santo vestito da pellegrino, con il bastone in mano, che mostra una ferita sulla coscia: \u00e8<a href=\"https:\/\/www.holyart.it\/it\/articoli-religiosi\/statue\/statue-in-gesso\/statua-san-rocco-30-cm-gesso-dipinto-a-mano-arte-barsanti\"> <strong>san Rocco<\/strong><\/a>. Ma tra tutti gli elementi caratteristici della sua iconografia quello che pi\u00f9 facilmente salta all&#8217;occhio \u00e8 il <strong>cane<\/strong>, rappresentato al suo fianco in statue, dipinti e arazzi. San Rocco \u00e8 proprio venerato come <strong>santo protettore dei cani<\/strong>. Qual \u00e8 la storia che lo lega a questo animale?<\/p>\n<div class=\"link-article\">\n<p><img loading=\"lazy\" decoding=\"async\" class=\"size-full wp-image-13838 alignleft\" src=\"https:\/\/blog.holyart.it\/it\/wp-content\/uploads\/sites\/17\/2021\/08\/San-Rocco.jpg\" alt=\"San-Rocco\" width=\"150\" height=\"100\" data-kale-share-title=\"San Rocco e il cane: un legame giunto a noi sin dal medioevo\" data-kale-share-url=\"https:\/\/blog.holyart.it\/it\/santi-e-beati\/san-rocco-e-il-cane-un-legame-giunto-a-noi-sin-dal-medioevo\/\" \/><\/p>\n<div class=\"leggi-anche\">Leggi anche:<\/div>\n<p><strong><a href=\"https:\/\/www.holyart.it\/blog\/santi-e-beati\/la-storia-san-rocco-montpellier-pellegrino-taumaturgo-francese\/\">La storia di San Rocco di Montpellier: pellegrino e taumaturgo<\/a><\/strong><br \/>\nSan Rocco di Montpellier presenta molti tratti in comune con San Francesco d\u2019Assisi, del quale fu un devoto e fervente epigono&#8230;<\/p>\n<\/div>\n<h2>San Rocco di Montpellier<\/h2>\n<p>San Rocco era originario di Montpellier in <strong>Francia<\/strong>. Nacque da una famiglia nobile &#8211; cosa che lo accomuna con <a href=\"https:\/\/www.holyart.it\/it\/articoli-religiosi\/statue\/statue-in-legno-dipinto\/san-francesco-d-assisi-con-animali-legno-valgardena\"><strong>san Francesco d&#8217;Assisi<\/strong><\/a>, a cui fu molto devoto &#8211; e visse durante il 1300, spostandosi in Italia. Durante la sua vita ebbe modo di mettere a frutto le sue conoscenze da ex studente di medicina e le sue doti taumaturgiche: abbandon\u00f2 la sicurezza della casa paterna per <strong>aiutare i poveri e i malati<\/strong> afflitti dalla peste di quegli anni. Viene rappresentato come pellegrino proprio perch\u00e9 in vita viaggi\u00f2 per seguire la chiamata del Signore verso i bisognosi. Leggi <a href=\"https:\/\/www.holyart.it\/blog\/santi-e-beati\/la-storia-san-rocco-montpellier-pellegrino-taumaturgo-francese\/\"><strong>il nostro articolo dedicato alla sua storia<\/strong><\/a> per conoscere a fondo il santo e scoprire fatti curiosi.<\/p>\n<div class=\"link-product\">\n<div class=\"blocco-immagine\"><img loading=\"lazy\" decoding=\"async\" class=\"wp-image-10128 size-full alignleft\" src=\"https:\/\/blog.holyart.it\/it\/wp-content\/uploads\/sites\/17\/2020\/08\/san-francesco-statua-1.jpg\" alt=\"san francesco statua\" width=\"100\" height=\"100\" data-kale-share-title=\"Santa Chiara, la santa che abbracci\u00f2 la povert\u00e0 sulle orme di San Francesco\" data-kale-share-url=\"https:\/\/blog.holyart.it\/it\/?p=10117\" \/><\/div>\n<div class=\"blocco-contenuto\">\n<div class=\"blocco-acquista\">Acquista su Holyart:<\/div>\n<div class=\"blocco-titolo\"><a href=\"https:\/\/www.holyart.it\/it\/articoli-religiosi\/statue\/statue-in-legno-dipinto\/san-francesco-d-assisi-con-animali-legno-valgardena\">San Francesco d&#8217;Assisi <\/a><\/div>\n<div class=\"blocco-descrizione\">La statua \u00e8 prodotta in Val Gardena scolpita in legno d\u2019acero<\/div>\n<\/div>\n<\/div>\n<h2>La storia di san Rocco e il cane<\/h2>\n<p>Un episodio particolare nella vita di san Rocco lo ha legato fin dal Medioevo con l&#8217;immagine del cane. Poich\u00e9 era <a href=\"https:\/\/www.holyart.it\/blog\/santi-e-beati\/santi-guaritori-a-cui-rivolgersi-contro-le-malattie\/\"><strong>dedito ai malati<\/strong><\/a> e non si tratteneva dall&#8217;assisterli in prima persona, era spesso a diretto contatto con gli appestati. Come molti di coloro che si dedicavano a curare gli altri, contrasse anche lui la malattia. Per non essere di peso a nessuno <strong>si ritir\u00f2 in una grotta<\/strong> appartata, attendendo che la peste avesse la meglio sul suo corpo. Si dice che un cane appartenente a una famiglia del luogo lo trov\u00f2 proprio in quel momento di difficolt\u00e0. Per confortarlo gli leccava le piaghe e ogni giorno gli portava un po&#8217; di pane, rubato alla tavola del padrone. Dopo qualche giorno, san Rocco si riprese e la peste lo abbandon\u00f2, mentre <strong>il cane rimase con lui per sempre<\/strong>.<\/p>\n<div class=\"link-product\">\n<div class=\"blocco-immagine\"><img loading=\"lazy\" decoding=\"async\" class=\"size-full wp-image-13839 alignleft\" src=\"https:\/\/blog.holyart.it\/it\/wp-content\/uploads\/sites\/17\/2021\/08\/arazzo-san-rocco.jpg\" alt=\"arazzo-san-rocco\" width=\"100\" height=\"100\" data-kale-share-title=\"San Rocco e il cane: un legame giunto a noi sin dal medioevo\" data-kale-share-url=\"https:\/\/blog.holyart.it\/it\/santi-e-beati\/san-rocco-e-il-cane-un-legame-giunto-a-noi-sin-dal-medioevo\/\" \/><\/div>\n<div class=\"blocco-contenuto\">\n<div class=\"blocco-acquista\">Acquista su Holyart:<\/div>\n<div class=\"blocco-titolo\"><a href=\"https:\/\/www.holyart.it\/it\/articoli-religiosi\/arazzi\/arazzo-san-rocco-40x30-cm\">Arazzo San Rocco<\/a><\/div>\n<div class=\"blocco-descrizione\">Colorato e rifinito a mano, in tessuto jacquard, 41x29cm<\/div>\n<\/div>\n<\/div>\n<p>Da questo episodio nacque il legame tra san Rocco e i cani, di cui \u00e8 ricordato come patrono. Questo legame con il cane \u00e8 un ulteriore segno della sua <strong>affinit\u00e0 con san Francesco<\/strong>, che nella sua vita e nella composizione del Cantico delle Creature dimostr\u00f2 la sua comprensione del ruolo del creato nella visione di Dio. Anche san Francesco viene spesso rappresentato con un animale: il lupo di Gubbio, che lui ammans\u00ec.<\/p>\n<h2>Che razza era il cane di san Rocco?<\/h2>\n<p>Nella storia che viene tramandata, il cane che assistette san Rocco era un <strong>\u00c9pagneul breton.<\/strong> Si tratta di una razza di cani da caccia di origine francese.<\/p>\n<div class=\"link-product\">\n<div class=\"blocco-immagine\"><img loading=\"lazy\" decoding=\"async\" class=\"alignleft size-full wp-image-13841\" src=\"https:\/\/blog.holyart.it\/it\/wp-content\/uploads\/sites\/17\/2021\/08\/statua-san-rocco-30-cm-gesso-dipinto-a-mano-arte-barsanti.jpg\" alt=\"statua-san-rocco-30-cm-gesso-dipinto-a-mano-arte-barsanti\" width=\"100\" height=\"100\" data-kale-share-title=\"San Rocco e il cane: un legame giunto a noi sin dal medioevo\" data-kale-share-url=\"https:\/\/blog.holyart.it\/it\/santi-e-beati\/san-rocco-e-il-cane-un-legame-giunto-a-noi-sin-dal-medioevo\/\" \/><\/div>\n<div class=\"blocco-contenuto\">\n<div class=\"blocco-acquista\">Acquista su Holyart:<\/div>\n<div class=\"blocco-titolo\"><a href=\"https:\/\/www.holyart.it\/it\/articoli-religiosi\/statue\/statue-in-gesso\/statua-san-rocco-30-cm-gesso-dipinto-a-mano-arte-barsanti\">Statua San Rocco<\/a><\/div>\n<div class=\"blocco-descrizione\">30 cm gesso dipinto a mano Arte Barsanti<\/div>\n<\/div>\n<\/div>\n<p>Nelle rappresentazioni, tuttavia, san Rocco compare con cani di diverse razze al suo fianco. Pi\u00f9 che la fedelt\u00e0 alla tradizione, si vuole esprimere il <strong>messaggio simbolico<\/strong> che sta dietro al legame uomo-cane: l&#8217;importanza della fedelt\u00e0, della cura e della compassione. Queste caratteristiche rispecchiano l&#8217;opera stessa di san Rocco verso il prossimo.<\/p>\n<p><img loading=\"lazy\" decoding=\"async\" class=\"size-full wp-image-13836 aligncenter\" src=\"https:\/\/blog.holyart.it\/it\/wp-content\/uploads\/sites\/17\/2021\/08\/Epagneul_Breton.jpg\" alt=\"Epagneul_Breton\" width=\"999\" height=\"646\" data-kale-share-title=\"San Rocco e il cane: un legame giunto a noi sin dal medioevo\" data-kale-share-url=\"https:\/\/blog.holyart.it\/it\/articoli-religiosi\/san-rocco-e-il-cane-un-legame-giunto-a-noi-sin-dal-medioevo\/\" \/><\/p>\n","protected":false},"excerpt":{"rendered":"<p>Perch\u00e9 san Rocco viene raffigurato con un cane al suo fianco? Leggi questo articolo per scoprire la storia di san Rocco e il cane. Un santo vestito da pellegrino, con il bastone in mano, che mostra una ferita sulla coscia: \u00e8 san Rocco. Ma tra&hellip;<\/p>\n","protected":false},"author":1,"featured_media":13833,"comment_status":"closed","ping_status":"open","sticky":false,"template":"","format":"standard","meta":{"_acf_changed":false,"footnotes":""},"categories":[15],"tags":[],"class_list":["post-13831","post","type-post","status-publish","format-standard","has-post-thumbnail","hentry","category-santi-e-beati"],"acf":[],"yoast_head":"<!-- This site is optimized with the Yoast SEO plugin v26.6 - https:\/\/yoast.com\/wordpress\/plugins\/seo\/ -->\n<title>San Rocco e il cane: un legame giunto a noi sin dal medioevo - Holyblog<\/title>\n<meta name=\"description\" content=\"Perch\u00e9 san Rocco viene raffigurato con un cane al suo fianco? Leggi questo articolo per scoprire la storia di san Rocco e il cane.\" \/>\n<meta name=\"robots\" content=\"index, follow, max-snippet:-1, max-image-preview:large, max-video-preview:-1\" \/>\n<link rel=\"canonical\" href=\"https:\/\/blog.holyart.it\/it\/santi-e-beati\/san-rocco-e-il-cane-un-legame-giunto-a-noi-sin-dal-medioevo\/\" \/>\n<meta property=\"og:locale\" content=\"it_IT\" \/>\n<meta property=\"og:type\" content=\"article\" \/>\n<meta property=\"og:title\" content=\"San Rocco e il cane: un legame giunto a noi sin dal medioevo - Holyblog\" \/>\n<meta property=\"og:description\" content=\"Perch\u00e9 san Rocco viene raffigurato con un cane al suo fianco? Leggi questo articolo per scoprire la storia di san Rocco e il cane.\" \/>\n<meta property=\"og:url\" content=\"https:\/\/blog.holyart.it\/it\/santi-e-beati\/san-rocco-e-il-cane-un-legame-giunto-a-noi-sin-dal-medioevo\/\" \/>\n<meta property=\"og:site_name\" content=\"Holyblog\" \/>\n<meta property=\"article:published_time\" content=\"2021-08-12T08:09:52+00:00\" \/>\n<meta property=\"article:modified_time\" content=\"2024-07-18T09:59:37+00:00\" \/>\n<meta property=\"og:image\" content=\"https:\/\/blog.holyart.it\/it\/wp-content\/uploads\/sites\/17\/2021\/08\/san-rocco-e-il-cane.jpg\" \/>\n\t<meta property=\"og:image:width\" content=\"1000\" \/>\n\t<meta property=\"og:image:height\" content=\"666\" \/>\n\t<meta property=\"og:image:type\" content=\"image\/jpeg\" \/>\n<meta name=\"author\" content=\"Redazione\" \/>\n<meta name=\"twitter:card\" content=\"summary_large_image\" \/>\n<meta name=\"twitter:label1\" content=\"Scritto da\" \/>\n\t<meta name=\"twitter:data1\" content=\"Redazione\" \/>\n\t<meta name=\"twitter:label2\" content=\"Tempo di lettura stimato\" \/>\n\t<meta name=\"twitter:data2\" content=\"5 minuti\" \/>\n<script type=\"application\/ld+json\" class=\"yoast-schema-graph\">{\"@context\":\"https:\/\/schema.org\",\"@graph\":[{\"@type\":\"Article\",\"@id\":\"https:\/\/blog.holyart.it\/it\/santi-e-beati\/san-rocco-e-il-cane-un-legame-giunto-a-noi-sin-dal-medioevo\/#article\",\"isPartOf\":{\"@id\":\"https:\/\/blog.holyart.it\/it\/santi-e-beati\/san-rocco-e-il-cane-un-legame-giunto-a-noi-sin-dal-medioevo\/\"},\"author\":{\"name\":\"Redazione\",\"@id\":\"https:\/\/blog.holyart.it\/it\/#\/schema\/person\/0a7b686e5af0f856ec1e390dd0baecda\"},\"headline\":\"San Rocco e il cane: un legame giunto a noi sin dal medioevo\",\"datePublished\":\"2021-08-12T08:09:52+00:00\",\"dateModified\":\"2024-07-18T09:59:37+00:00\",\"mainEntityOfPage\":{\"@id\":\"https:\/\/blog.holyart.it\/it\/santi-e-beati\/san-rocco-e-il-cane-un-legame-giunto-a-noi-sin-dal-medioevo\/\"},\"wordCount\":598,\"publisher\":{\"@id\":\"https:\/\/blog.holyart.it\/it\/#organization\"},\"image\":{\"@id\":\"https:\/\/blog.holyart.it\/it\/santi-e-beati\/san-rocco-e-il-cane-un-legame-giunto-a-noi-sin-dal-medioevo\/#primaryimage\"},\"thumbnailUrl\":\"https:\/\/blog.holyart.it\/it\/wp-content\/uploads\/sites\/17\/2021\/08\/san-rocco-e-il-cane.jpg\",\"articleSection\":[\"Santi e beati\"],\"inLanguage\":\"it-IT\"},{\"@type\":\"WebPage\",\"@id\":\"https:\/\/blog.holyart.it\/it\/santi-e-beati\/san-rocco-e-il-cane-un-legame-giunto-a-noi-sin-dal-medioevo\/\",\"url\":\"https:\/\/blog.holyart.it\/it\/santi-e-beati\/san-rocco-e-il-cane-un-legame-giunto-a-noi-sin-dal-medioevo\/\",\"name\":\"San Rocco e il cane: un legame giunto a noi sin dal medioevo - Holyblog\",\"isPartOf\":{\"@id\":\"https:\/\/blog.holyart.it\/it\/#website\"},\"primaryImageOfPage\":{\"@id\":\"https:\/\/blog.holyart.it\/it\/santi-e-beati\/san-rocco-e-il-cane-un-legame-giunto-a-noi-sin-dal-medioevo\/#primaryimage\"},\"image\":{\"@id\":\"https:\/\/blog.holyart.it\/it\/santi-e-beati\/san-rocco-e-il-cane-un-legame-giunto-a-noi-sin-dal-medioevo\/#primaryimage\"},\"thumbnailUrl\":\"https:\/\/blog.holyart.it\/it\/wp-content\/uploads\/sites\/17\/2021\/08\/san-rocco-e-il-cane.jpg\",\"datePublished\":\"2021-08-12T08:09:52+00:00\",\"dateModified\":\"2024-07-18T09:59:37+00:00\",\"description\":\"Perch\u00e9 san Rocco viene raffigurato con un cane al suo fianco? Leggi questo articolo per scoprire la storia di san Rocco e il cane.\",\"breadcrumb\":{\"@id\":\"https:\/\/blog.holyart.it\/it\/santi-e-beati\/san-rocco-e-il-cane-un-legame-giunto-a-noi-sin-dal-medioevo\/#breadcrumb\"},\"inLanguage\":\"it-IT\",\"potentialAction\":[{\"@type\":\"ReadAction\",\"target\":[\"https:\/\/blog.holyart.it\/it\/santi-e-beati\/san-rocco-e-il-cane-un-legame-giunto-a-noi-sin-dal-medioevo\/\"]}]},{\"@type\":\"ImageObject\",\"inLanguage\":\"it-IT\",\"@id\":\"https:\/\/blog.holyart.it\/it\/santi-e-beati\/san-rocco-e-il-cane-un-legame-giunto-a-noi-sin-dal-medioevo\/#primaryimage\",\"url\":\"https:\/\/blog.holyart.it\/it\/wp-content\/uploads\/sites\/17\/2021\/08\/san-rocco-e-il-cane.jpg\",\"contentUrl\":\"https:\/\/blog.holyart.it\/it\/wp-content\/uploads\/sites\/17\/2021\/08\/san-rocco-e-il-cane.jpg\",\"width\":1000,\"height\":666,\"caption\":\"san rocco e il cane\"},{\"@type\":\"BreadcrumbList\",\"@id\":\"https:\/\/blog.holyart.it\/it\/santi-e-beati\/san-rocco-e-il-cane-un-legame-giunto-a-noi-sin-dal-medioevo\/#breadcrumb\",\"itemListElement\":[{\"@type\":\"ListItem\",\"position\":1,\"name\":\"Homepage\",\"item\":\"https:\/\/blog.holyart.it\/it\/\"},{\"@type\":\"ListItem\",\"position\":2,\"name\":\"Santi e beati\",\"item\":\"https:\/\/blog.holyart.it\/it\/santi-e-beati\/\"},{\"@type\":\"ListItem\",\"position\":3,\"name\":\"San Rocco e il cane: un legame giunto a noi sin dal medioevo\"}]},{\"@type\":\"WebSite\",\"@id\":\"https:\/\/blog.holyart.it\/it\/#website\",\"url\":\"https:\/\/blog.holyart.it\/it\/\",\"name\":\"Holyblog\",\"description\":\"Il Blog di Holyart.it\",\"publisher\":{\"@id\":\"https:\/\/blog.holyart.it\/it\/#organization\"},\"potentialAction\":[{\"@type\":\"SearchAction\",\"target\":{\"@type\":\"EntryPoint\",\"urlTemplate\":\"https:\/\/blog.holyart.it\/it\/?s={search_term_string}\"},\"query-input\":{\"@type\":\"PropertyValueSpecification\",\"valueRequired\":true,\"valueName\":\"search_term_string\"}}],\"inLanguage\":\"it-IT\"},{\"@type\":\"Organization\",\"@id\":\"https:\/\/blog.holyart.it\/it\/#organization\",\"name\":\"Holyblog\",\"url\":\"https:\/\/blog.holyart.it\/it\/\",\"logo\":{\"@type\":\"ImageObject\",\"inLanguage\":\"it-IT\",\"@id\":\"https:\/\/blog.holyart.it\/it\/#\/schema\/logo\/image\/\",\"url\":\"https:\/\/blog.holyart.it\/it\/wp-content\/uploads\/sites\/17\/2022\/12\/Holyart_Blog_Logo.jpg\",\"contentUrl\":\"https:\/\/blog.holyart.it\/it\/wp-content\/uploads\/sites\/17\/2022\/12\/Holyart_Blog_Logo.jpg\",\"width\":300,\"height\":50,\"caption\":\"Holyblog\"},\"image\":{\"@id\":\"https:\/\/blog.holyart.it\/it\/#\/schema\/logo\/image\/\"}},{\"@type\":\"Person\",\"@id\":\"https:\/\/blog.holyart.it\/it\/#\/schema\/person\/0a7b686e5af0f856ec1e390dd0baecda\",\"name\":\"Redazione\"}]}<\/script>\n<!-- \/ Yoast SEO plugin. -->","yoast_head_json":{"title":"San Rocco e il cane: un legame giunto a noi sin dal medioevo - Holyblog","description":"Perch\u00e9 san Rocco viene raffigurato con un cane al suo fianco? Leggi questo articolo per scoprire la storia di san Rocco e il cane.","robots":{"index":"index","follow":"follow","max-snippet":"max-snippet:-1","max-image-preview":"max-image-preview:large","max-video-preview":"max-video-preview:-1"},"canonical":"https:\/\/blog.holyart.it\/it\/santi-e-beati\/san-rocco-e-il-cane-un-legame-giunto-a-noi-sin-dal-medioevo\/","og_locale":"it_IT","og_type":"article","og_title":"San Rocco e il cane: un legame giunto a noi sin dal medioevo - Holyblog","og_description":"Perch\u00e9 san Rocco viene raffigurato con un cane al suo fianco? Leggi questo articolo per scoprire la storia di san Rocco e il cane.","og_url":"https:\/\/blog.holyart.it\/it\/santi-e-beati\/san-rocco-e-il-cane-un-legame-giunto-a-noi-sin-dal-medioevo\/","og_site_name":"Holyblog","article_published_time":"2021-08-12T08:09:52+00:00","article_modified_time":"2024-07-18T09:59:37+00:00","og_image":[{"width":1000,"height":666,"url":"https:\/\/blog.holyart.it\/it\/wp-content\/uploads\/sites\/17\/2021\/08\/san-rocco-e-il-cane.jpg","type":"image\/jpeg"}],"author":"Redazione","twitter_card":"summary_large_image","twitter_misc":{"Scritto da":"Redazione","Tempo di lettura stimato":"5 minuti"},"schema":{"@context":"https:\/\/schema.org","@graph":[{"@type":"Article","@id":"https:\/\/blog.holyart.it\/it\/santi-e-beati\/san-rocco-e-il-cane-un-legame-giunto-a-noi-sin-dal-medioevo\/#article","isPartOf":{"@id":"https:\/\/blog.holyart.it\/it\/santi-e-beati\/san-rocco-e-il-cane-un-legame-giunto-a-noi-sin-dal-medioevo\/"},"author":{"name":"Redazione","@id":"https:\/\/blog.holyart.it\/it\/#\/schema\/person\/0a7b686e5af0f856ec1e390dd0baecda"},"headline":"San Rocco e il cane: un legame giunto a noi sin dal medioevo","datePublished":"2021-08-12T08:09:52+00:00","dateModified":"2024-07-18T09:59:37+00:00","mainEntityOfPage":{"@id":"https:\/\/blog.holyart.it\/it\/santi-e-beati\/san-rocco-e-il-cane-un-legame-giunto-a-noi-sin-dal-medioevo\/"},"wordCount":598,"publisher":{"@id":"https:\/\/blog.holyart.it\/it\/#organization"},"image":{"@id":"https:\/\/blog.holyart.it\/it\/santi-e-beati\/san-rocco-e-il-cane-un-legame-giunto-a-noi-sin-dal-medioevo\/#primaryimage"},"thumbnailUrl":"https:\/\/blog.holyart.it\/it\/wp-content\/uploads\/sites\/17\/2021\/08\/san-rocco-e-il-cane.jpg","articleSection":["Santi e beati"],"inLanguage":"it-IT"},{"@type":"WebPage","@id":"https:\/\/blog.holyart.it\/it\/santi-e-beati\/san-rocco-e-il-cane-un-legame-giunto-a-noi-sin-dal-medioevo\/","url":"https:\/\/blog.holyart.it\/it\/santi-e-beati\/san-rocco-e-il-cane-un-legame-giunto-a-noi-sin-dal-medioevo\/","name":"San Rocco e il cane: un legame giunto a noi sin dal medioevo - Holyblog","isPartOf":{"@id":"https:\/\/blog.holyart.it\/it\/#website"},"primaryImageOfPage":{"@id":"https:\/\/blog.holyart.it\/it\/santi-e-beati\/san-rocco-e-il-cane-un-legame-giunto-a-noi-sin-dal-medioevo\/#primaryimage"},"image":{"@id":"https:\/\/blog.holyart.it\/it\/santi-e-beati\/san-rocco-e-il-cane-un-legame-giunto-a-noi-sin-dal-medioevo\/#primaryimage"},"thumbnailUrl":"https:\/\/blog.holyart.it\/it\/wp-content\/uploads\/sites\/17\/2021\/08\/san-rocco-e-il-cane.jpg","datePublished":"2021-08-12T08:09:52+00:00","dateModified":"2024-07-18T09:59:37+00:00","description":"Perch\u00e9 san Rocco viene raffigurato con un cane al suo fianco? Leggi questo articolo per scoprire la storia di san Rocco e il cane.","breadcrumb":{"@id":"https:\/\/blog.holyart.it\/it\/santi-e-beati\/san-rocco-e-il-cane-un-legame-giunto-a-noi-sin-dal-medioevo\/#breadcrumb"},"inLanguage":"it-IT","potentialAction":[{"@type":"ReadAction","target":["https:\/\/blog.holyart.it\/it\/santi-e-beati\/san-rocco-e-il-cane-un-legame-giunto-a-noi-sin-dal-medioevo\/"]}]},{"@type":"ImageObject","inLanguage":"it-IT","@id":"https:\/\/blog.holyart.it\/it\/santi-e-beati\/san-rocco-e-il-cane-un-legame-giunto-a-noi-sin-dal-medioevo\/#primaryimage","url":"https:\/\/blog.holyart.it\/it\/wp-content\/uploads\/sites\/17\/2021\/08\/san-rocco-e-il-cane.jpg","contentUrl":"https:\/\/blog.holyart.it\/it\/wp-content\/uploads\/sites\/17\/2021\/08\/san-rocco-e-il-cane.jpg","width":1000,"height":666,"caption":"san rocco e il cane"},{"@type":"BreadcrumbList","@id":"https:\/\/blog.holyart.it\/it\/santi-e-beati\/san-rocco-e-il-cane-un-legame-giunto-a-noi-sin-dal-medioevo\/#breadcrumb","itemListElement":[{"@type":"ListItem","position":1,"name":"Homepage","item":"https:\/\/blog.holyart.it\/it\/"},{"@type":"ListItem","position":2,"name":"Santi e beati","item":"https:\/\/blog.holyart.it\/it\/santi-e-beati\/"},{"@type":"ListItem","position":3,"name":"San Rocco e il cane: un legame giunto a noi sin dal medioevo"}]},{"@type":"WebSite","@id":"https:\/\/blog.holyart.it\/it\/#website","url":"https:\/\/blog.holyart.it\/it\/","name":"Holyblog","description":"Il Blog di Holyart.it","publisher":{"@id":"https:\/\/blog.holyart.it\/it\/#organization"},"potentialAction":[{"@type":"SearchAction","target":{"@type":"EntryPoint","urlTemplate":"https:\/\/blog.holyart.it\/it\/?s={search_term_string}"},"query-input":{"@type":"PropertyValueSpecification","valueRequired":true,"valueName":"search_term_string"}}],"inLanguage":"it-IT"},{"@type":"Organization","@id":"https:\/\/blog.holyart.it\/it\/#organization","name":"Holyblog","url":"https:\/\/blog.holyart.it\/it\/","logo":{"@type":"ImageObject","inLanguage":"it-IT","@id":"https:\/\/blog.holyart.it\/it\/#\/schema\/logo\/image\/","url":"https:\/\/blog.holyart.it\/it\/wp-content\/uploads\/sites\/17\/2022\/12\/Holyart_Blog_Logo.jpg","contentUrl":"https:\/\/blog.holyart.it\/it\/wp-content\/uploads\/sites\/17\/2022\/12\/Holyart_Blog_Logo.jpg","width":300,"height":50,"caption":"Holyblog"},"image":{"@id":"https:\/\/blog.holyart.it\/it\/#\/schema\/logo\/image\/"}},{"@type":"Person","@id":"https:\/\/blog.holyart.it\/it\/#\/schema\/person\/0a7b686e5af0f856ec1e390dd0baecda","name":"Redazione"}]}},"_links":{"self":[{"href":"https:\/\/blog.holyart.it\/it\/wp-json\/wp\/v2\/posts\/13831","targetHints":{"allow":["GET"]}}],"collection":[{"href":"https:\/\/blog.holyart.it\/it\/wp-json\/wp\/v2\/posts"}],"about":[{"href":"https:\/\/blog.holyart.it\/it\/wp-json\/wp\/v2\/types\/post"}],"author":[{"embeddable":true,"href":"https:\/\/blog.holyart.it\/it\/wp-json\/wp\/v2\/users\/1"}],"replies":[{"embeddable":true,"href":"https:\/\/blog.holyart.it\/it\/wp-json\/wp\/v2\/comments?post=13831"}],"version-history":[{"count":1,"href":"https:\/\/blog.holyart.it\/it\/wp-json\/wp\/v2\/posts\/13831\/revisions"}],"predecessor-version":[{"id":18138,"href":"https:\/\/blog.holyart.it\/it\/wp-json\/wp\/v2\/posts\/13831\/revisions\/18138"}],"wp:featuredmedia":[{"embeddable":true,"href":"https:\/\/blog.holyart.it\/it\/wp-json\/wp\/v2\/media\/13833"}],"wp:attachment":[{"href":"https:\/\/blog.holyart.it\/it\/wp-json\/wp\/v2\/media?parent=13831"}],"wp:term":[{"taxonomy":"category","embeddable":true,"href":"https:\/\/blog.holyart.it\/it\/wp-json\/wp\/v2\/categories?post=13831"},{"taxonomy":"post_tag","embeddable":true,"href":"https:\/\/blog.holyart.it\/it\/wp-json\/wp\/v2\/tags?post=13831"}],"curies":[{"name":"wp","href":"https:\/\/api.w.org\/{rel}","templated":true}]}}