{"id":13778,"date":"2021-08-05T10:18:32","date_gmt":"2021-08-05T08:18:32","guid":{"rendered":"https:\/\/blog.holyart.it\/it\/?p=13778"},"modified":"2025-03-20T15:59:00","modified_gmt":"2025-03-20T14:59:00","slug":"il-discepolo-prediletto-chi-era-il-discepolo-amato-da-gesu","status":"publish","type":"post","link":"https:\/\/blog.holyart.it\/it\/articoli-religiosi\/il-discepolo-prediletto-chi-era-il-discepolo-amato-da-gesu\/","title":{"rendered":"Il discepolo prediletto: chi era il discepolo &#8220;amato&#8221; da Ges\u00f9"},"content":{"rendered":"<h4>Giovanni, il discepolo prediletto di Ges\u00f9. Pescatore, come i fratelli Simon Pietro e Andrea, aveva un rapporto speciale col Cristo. Ecco perch\u00e9<\/h4>\n<p>Abbiamo gi\u00e0 visto in molte occasioni quanta importanza Ges\u00f9 attribuisse all&#8217;<a href=\"https:\/\/www.holyart.it\/blog\/articoli-religiosi\/giornata-mondiale-dellamicizia\/\"><strong>amicizia<\/strong><\/a>, e quanto tenesse in conto gli amici. Cos\u00ec \u00e8 stato per <strong><a href=\"https:\/\/www.holyart.it\/blog\/santi-e-beati\/marta-maria-e-lazzaro-gli-amici-di-gesu\/\">Marta, Maria e Lazzaro di Betania<\/a>,<\/strong> cos\u00ec per le molte donne che lo seguivano e ascoltavano le sue parole. A maggior ragione dobbiamo pensare che Egli fosse legato da un profondo <a href=\"https:\/\/www.holyart.it\/blog\/santi-e-beati\/chi-erano-i-12-apostoli-e-scopri-la-differenza-tra-apostoli-e-discepoli\/\"><strong>legame con gli Apostoli<\/strong><\/a>, i sui discepoli pi\u00f9 vicini, i dodici scelti per condividere con lui la vita di ogni giorno. E tra di loro aveva un discepolo prediletto, al quale era legato da un rapporto particolarmente tenero: si tratta dell&#8217;<strong>apostolo Giovanni<\/strong>, fratello degli apostoli Simone Pietro e Andrea, autore del Quarto Vangelo.<\/p>\n<div class=\"link-article\">\n<p><img loading=\"lazy\" decoding=\"async\" class=\"alignleft size-full wp-image-13603\" src=\"https:\/\/blog.holyart.it\/it\/wp-content\/uploads\/sites\/17\/2021\/06\/i-12-apostoli-1.jpeg\" alt=\"i-12-apostoli\" width=\"150\" height=\"99\" data-kale-share-title=\"La vera storia di Giuda Iscariota: conosciuto per aver tradito il Messia\" data-kale-share-url=\"https:\/\/blog.holyart.it\/it\/?p=13601\" \/><\/p>\n<div class=\"leggi-anche\">Leggi anche:<\/div>\n<p><strong><a href=\"https:\/\/www.holyart.it\/blog\/santi-e-beati\/chi-erano-i-12-apostoli-e-scopri-la-differenza-tra-apostoli-e-discepoli\/\">Chi erano i 12 apostoli e la differenza tra apostoli e discepoli<\/a><\/strong><br \/>\nChi erano i 12 apostoli, compagni di Ges\u00f9 e che da Lui hanno ricevuto l\u2019incarico di portare nel mondo la Parola?<\/p>\n<\/div>\n<p>In realt\u00e0 in nessun Vangelo viene rivelato il nome del discepolo prediletto. Nemmeno in quello di Giovanni stesso, che resta anonimo, cos\u00ec come tutti gli altri Evangelisti, del resto. Nel <a href=\"https:\/\/www.holyart.it\/it\/articoli-religiosi\/libri-e-testi-sacri\/calendari-e-altri-libri-religiosi\/vangelo-di-giovanni-1-e-2-cd-conferenze\"><strong>Vangelo di Giovanni<\/strong><\/a> l\u2019apostolo non cita mai il proprio nome, l\u2019unico Giovanni di cui racconta \u00e8 <a href=\"https:\/\/www.holyart.it\/blog\/santi-e-beati\/24-giugno-san-giovanni-battista\/\"><strong>Giovanni Battista<\/strong><\/a>. E tuttavia \u00e8 proprio nel suo Vangelo che racconta in diversi passaggi l&#8217;atteggiamento affettuoso di Ges\u00f9 nei confronti di questo misterioso discepolo prediletto:<\/p>\n<div class=\"link-product\">\n<div class=\"blocco-immagine\"><img loading=\"lazy\" decoding=\"async\" class=\"size-full wp-image-13779 alignleft\" src=\"https:\/\/blog.holyart.it\/it\/wp-content\/uploads\/sites\/17\/2021\/08\/san-giovanni-evangelista.jpg\" alt=\"san-giovanni-evangelista\" width=\"100\" height=\"100\" data-kale-share-title=\"Il discepolo prediletto: chi era il discepolo \u201camato\u201d da Ges\u00f9\" data-kale-share-url=\"https:\/\/blog.holyart.it\/it\/?p=13778\" \/><\/div>\n<div class=\"blocco-contenuto\">\n<div class=\"blocco-acquista\">Acquista su Holyart:<\/div>\n<div class=\"blocco-titolo\"><a href=\"https:\/\/www.holyart.it\/it\/articoli-religiosi\/statue\/statue-in-resina-e-pvc\/san-giovanni-evangelista-21-cm-statua-resina\">San Giovanni Evangelista<\/a><\/div>\n<div class=\"blocco-descrizione\">Statua realizzata in resina avente altezza di 21 cm<\/div>\n<\/div>\n<\/div>\n<p><a href=\"https:\/\/www.holyart.it\/blog\/articoli-religiosi\/lultima-cena-leonardo-da-vinci-storia-di-un-capolavoro\/\"><strong>Durante l&#8217;Ultima Cena<\/strong><\/a>, quando Ges\u00f9 rivela chi sar\u00e0 a tradirlo:<\/p>\n<p><em>&#8220;Ora uno dei discepoli, <strong>quello che Ges\u00f9 amava<\/strong>, si trovava a tavola al fianco di Ges\u00f9. Simon Pietro gli fece un cenno e gli disse: \u00abDi&#8217;, chi \u00e8 colui a cui si riferisce?\u00bb. Ed egli reclinandosi cos\u00ec sul petto di Ges\u00f9, gli disse: \u00abSignore, chi \u00e8?\u00bb&#8221;<\/em> (Gv 13, 23)<\/p>\n<p><strong>Sotto la Croce<\/strong>:<\/p>\n<p><em>&#8220;Ges\u00f9 allora, vedendo sua madre e presso di lei<strong> il discepolo che egli amava<\/strong>, disse a sua madre: \u00abDonna, ecco tuo figlio!\u00bb. 27 Poi disse al discepolo: \u00abEcco tua madre!\u00bb. E da quel momento il discepolo l&#8217;accolse in casa sua.&#8221; <\/em>(Gv 19,26-27)<\/p>\n<p>In occasione della <a href=\"https:\/\/www.holyart.it\/it\/occasioni-speciali\/pasqua-e-quaresima\/cristo-risorto-e-sacerdote-re\"><strong>Risurrezione<\/strong><\/a>:<\/p>\n<p><em>&#8220;Or il primo giorno dopo i sabati, al mattino quando era ancora buio, Maria Maddalena and\u00f2 al sepolcro e vide che la pietra era stata rimossa dal sepolcro. Allora and\u00f2 di corsa da Simon Pietro e <strong>dall&#8217;altro discepolo che Ges\u00f9 amava <\/strong>e disse loro: \u00abHanno tolto il Signore dal sepolcro e non sappiamo dove l&#8217;abbiano posto\u00bb&#8221;<\/em> (Gv 20, 1-2)<\/p>\n<p>e altri. Dunque non \u00e8 nei <a href=\"https:\/\/www.holyart.it\/it\/articoli-religiosi\/libri-e-testi-sacri\/vangeli\"><strong>Vangeli<\/strong><\/a>, ma nella <strong>tradizione<\/strong> che dobbiamo cercare l&#8217;identit\u00e0 di questo discepolo prediletto, <em>che Ges\u00f9 amava<\/em>, e che ha avuto un ruolo cos\u00ec speciale nella Sua morte e Risurrezione. Forse perch\u00e9 \u00e8 proprio l&#8217;<strong>Amore <\/strong>la chiave per comprendere un mistero grande e terribile come la Morte, e solo chi sa accostarsi con cuore innocente e puro a questo grande mistero pu\u00f2 esserne testimone e partecipe.<\/p>\n<div class=\"link-article\">\n<p><img loading=\"lazy\" decoding=\"async\" class=\"alignleft size-full wp-image-13552\" src=\"https:\/\/blog.holyart.it\/it\/wp-content\/uploads\/sites\/17\/2021\/06\/vangeli-apocrifi-2.jpeg\" alt=\"vangeli-apocrifi\" width=\"150\" height=\"99\" data-kale-share-title=\"Chi erano i 12 apostoli e scopri la differenza tra apostoli e discepoli\" data-kale-share-url=\"https:\/\/blog.holyart.it\/it\/?p=13540\" \/><\/p>\n<div class=\"leggi-anche\">Leggi anche:<\/div>\n<p><strong><a href=\"https:\/\/www.holyart.it\/blog\/articoli-religiosi\/vangeli-apocrifi-che-cosa-sono-e-le-differenze-da-quelli-canonici\/\">Vangeli Apocrifi: che cosa sono e le differenze dai canonici<\/a><\/strong><br \/>\nI vangeli apocrifi non fanno parte del Nuovo Testamento: cosa li differenzia dai vangeli considerati canonici?<\/p>\n<\/div>\n<p>Particolarmente significativo il passo che vede il discepolo amato da Ges\u00f9<strong> ai piedi della Croce<\/strong>. Sappiamo che la tradizione colloca in quella posizione le <strong><a href=\"https:\/\/www.holyart.it\/blog\/santi-e-beati\/pie-donne-le-tre-marie-presenti-sotto-la-croce-di-gesu\/\">tre Marie, le pie donne<\/a><\/strong> che seguirono il Cristo nei suoi ultimi momenti. Nessuno dei dodici Apostoli di Ges\u00f9 \u00e8 presente in questo momento alto e terribile, ma ecco che nel Vangelo di Giovanni appare il discepolo che Ges\u00f9 amava, che non solo assiste all&#8217;agonia del suo Maestro, ma che da Lui riceve l&#8217;incarico di occuparsi della Madonna, Sua madre, come se fosse anch&#8217;egli suo figlio. Anche in questo episodio \u00e8 l&#8217;amore che prende il sopravvento, perfino davanti all&#8217;agonia e alla Morte. Ges\u00f9 affronta il suo destino con un estremo<strong> atto d&#8217;amore<\/strong>, affidando la propria madre al discepolo che ama e affidando lui a lei, per sbaragliare l&#8217;annichilimento e il male che Lo stanno vincendo.<\/p>\n<div class=\"link-article\">\n<p><img loading=\"lazy\" decoding=\"async\" class=\"alignleft size-full wp-image-12896\" src=\"https:\/\/blog.holyart.it\/it\/wp-content\/uploads\/sites\/17\/2021\/04\/santi-pietro-e-paolo.jpg\" alt=\"santi-pietro-e-paolo\" width=\"150\" height=\"99\" data-kale-share-title=\"La tomba di San Pietro e la sua incredibile scoperta\" data-kale-share-url=\"https:\/\/blog.holyart.it\/it\/?p=12889\" \/><\/p>\n<div class=\"leggi-anche\">Leggi anche:<\/div>\n<p><strong><a href=\"https:\/\/www.holyart.it\/blog\/santi-e-beati\/san-pietro-e-paolo-perche-vengono-festeggiati-insieme\/\">San Pietro e Paolo, perch\u00e9 vengono festeggiati insieme?<\/a><\/strong><br \/>\nIl 29 giugno si festeggiano San Pietro e Paolo. Due apostoli, due uomini diversissimi tra loro, ma entrambi fondamentali per la storia della Chiesa.<\/p>\n<\/div>\n<p>Quanto alla scelta di lasciare il discepolo prediletto anonimo, \u00e8 dettata dalla volont\u00e0 di Giovanni Evangelista di permettere a chiunque legga di <strong>identificarsi<\/strong>, perch\u00e9 in realt\u00e0 ogni discepolo di Ges\u00f9 \u00e8 un <strong>discepolo amato<\/strong>, speciale, proprio perch\u00e9 unico. In quest&#8217;ottica appare cos\u00ec pi\u00f9 chiaro anche uno degli ultimi passi del Vangelo di Giovanni, quando Pietro chiede a Ges\u00f9 <em>&#8220;che ne sar\u00e0 di lui?&#8221;<\/em> (Gv 21,21), riferendosi proprio al discepolo che Lui ama, e Ges\u00f9 risponde:<em> &#8220;Se voglio che egli rimanga finch\u00e9 io venga a te che importa? Tu seguimi!&#8221;<\/em> (Gv 21,22), ribadendo la necessit\u00e0 dell&#8217;amore, non meno importante dell&#8217;impegno e della dedizione.<\/p>\n<p>Ma dunque se era Giovanni Evangelista il discepolo amato e prediletto, perch\u00e9 Ges\u00f9 <a href=\"https:\/\/www.holyart.it\/blog\/articoli-religiosi\/san-pietro-in-vaticano-chiesa-simbolo-di-tutto-il-mondo-cristiano\/\"><strong>affida a Pietro la fondazione e la custodia della Chiesa<\/strong><\/a>?<\/p>\n<div class=\"link-article\">\n<p><img loading=\"lazy\" decoding=\"async\" class=\"size-full wp-image-13782 alignleft\" src=\"https:\/\/blog.holyart.it\/it\/wp-content\/uploads\/sites\/17\/2021\/08\/san-pietro-basilica.jpeg\" alt=\"St. Peter's Basilica\" width=\"150\" height=\"100\" data-kale-share-title=\"Il discepolo prediletto: chi era il discepolo \u201camato\u201d da Ges\u00f9\" data-kale-share-url=\"https:\/\/blog.holyart.it\/it\/?p=13778\" \/><\/p>\n<div class=\"leggi-anche\">Leggi anche:<\/div>\n<p><strong><a href=\"https:\/\/www.holyart.it\/blog\/articoli-religiosi\/san-pietro-in-vaticano-chiesa-simbolo-di-tutto-il-mondo-cristiano\/\">San Pietro in Vaticano: Chiesa simbolo di tutto il mondo<\/a><\/strong><br \/>\nSan Pietro in Vaticano \u00e8 una basilica piena di significati, misteri e opere d\u2019arte sacra famose in tutto il mondo. Ecco alcune curiosit\u00e0&#8230;<\/p>\n<\/div>\n<p>Anche Pietro ama Ges\u00f9, e questo nonostante lo abbia rinnegato. Ges\u00f9 stesso lo interroga riguardo quell&#8217;amore: <em>&#8220;Quand&#8217;ebbero mangiato, Ges\u00f9 disse a Simon Pietro: \u00abSimone di Giovanni, mi ami tu pi\u00f9 di costoro?\u00bb. Gli rispose: \u00abCerto, Signore, tu lo sai che ti amo\u00bb. Gli disse: \u00abPasci i miei agnelli\u00bb. Gli disse di nuovo: \u00abSimone di Giovanni, mi ami?\u00bb. Gli rispose: \u00abCerto, Signore, tu lo sai che ti amo\u00bb. Gli disse: \u00abPasci le mie pecorelle\u00bb. Gli disse per la terza volta: \u00abSimone di Giovanni, mi ami?\u00bb. Pietro rimase addolorato che per la terza volta gli dicesse: Mi ami? e gli disse: \u00abSignore, tu sai tutto; tu sai che ti amo\u00bb. Gli rispose Ges\u00f9: \u00abPasci le mie pecorelle.\u00bb&#8221;<\/em> (Gv 21,15-17).<\/p>\n<p><a href=\"https:\/\/www.holyart.it\/blog\/santi-e-beati\/la-tomba-di-san-pietro-e-la-sua-incredibile-scoperta\/\"><strong>Pietro \u00e8 il primo tra gli apostoli.<\/strong><\/a> Anche prima della morte di Ges\u00f9 \u00e8 evidente il suo ruolo di leader e portavoce, di rappresentante presso le autorit\u00e0 e il popolo. Ma anche per lui alla base di tutto c&#8217;\u00e8 l\u2019amore per Ges\u00f9, e l&#8217;amore di Ges\u00f9 per lui, che lo sceglie nonostante i suoi difetti, nonostante il suo tradimento, come a dimostrare che ciascuno di noi, anche il pi\u00f9 immeritevole, pu\u00f2 ambire a stare al Suo fianco, a essere investito da Lui da grandi doni e compiti. Tutto sta a saperlo dimostrare, nel tempo.<\/p>\n<div class=\"link-product\">\n<div class=\"blocco-immagine\"><img loading=\"lazy\" decoding=\"async\" class=\"alignleft size-full wp-image-13523\" src=\"https:\/\/blog.holyart.it\/it\/wp-content\/uploads\/sites\/17\/2021\/06\/vangelo-e-atti-degli-apostoli.jpg\" alt=\"vangelo-e-atti-degli-apostoli\" width=\"100\" height=\"100\" data-kale-share-title=\"Vangeli Apocrifi: che cosa sono e le differenze da quelli canonici\" data-kale-share-url=\"https:\/\/blog.holyart.it\/it\/?p=13520\" \/><\/div>\n<div class=\"blocco-contenuto\">\n<div class=\"blocco-acquista\">Acquista su Holyart:<\/div>\n<div class=\"blocco-titolo\"><a href=\"https:\/\/www.holyart.it\/it\/articoli-religiosi\/libri-e-testi-sacri\/vangeli\">Vangeli<\/a><\/div>\n<div class=\"blocco-descrizione\">Scopri la categoria Vangeli sul nostro sito!<\/div>\n<\/div>\n<\/div>\n","protected":false},"excerpt":{"rendered":"<p>Giovanni, il discepolo prediletto di Ges\u00f9. Pescatore, come i fratelli Simon Pietro e Andrea, aveva un rapporto speciale col Cristo. Ecco perch\u00e9 Abbiamo gi\u00e0 visto in molte occasioni quanta importanza Ges\u00f9 attribuisse all&#8217;amicizia, e quanto tenesse in conto gli amici. Cos\u00ec \u00e8 stato per Marta,&hellip;<\/p>\n","protected":false},"author":1,"featured_media":13786,"comment_status":"closed","ping_status":"open","sticky":false,"template":"","format":"standard","meta":{"_acf_changed":false,"footnotes":""},"categories":[16],"tags":[],"class_list":["post-13778","post","type-post","status-publish","format-standard","has-post-thumbnail","hentry","category-articoli-religiosi"],"acf":[],"yoast_head":"<!-- This site is optimized with the Yoast SEO plugin v26.6 - https:\/\/yoast.com\/wordpress\/plugins\/seo\/ -->\n<title>Il discepolo prediletto: chi era il discepolo &quot;amato&quot; da Ges\u00f9 - Holyblog<\/title>\n<meta name=\"description\" content=\"Giovanni, il discepolo prediletto di Ges\u00f9. Pescatore, come i fratelli Simon Pietro e Andrea, aveva un rapporto speciale col Cristo. Ecco perch\u00e9\" \/>\n<meta name=\"robots\" content=\"index, follow, max-snippet:-1, max-image-preview:large, max-video-preview:-1\" \/>\n<link rel=\"canonical\" href=\"https:\/\/blog.holyart.it\/it\/articoli-religiosi\/il-discepolo-prediletto-chi-era-il-discepolo-amato-da-gesu\/\" \/>\n<meta property=\"og:locale\" content=\"it_IT\" \/>\n<meta property=\"og:type\" content=\"article\" \/>\n<meta property=\"og:title\" content=\"Il discepolo prediletto: chi era il discepolo &quot;amato&quot; da Ges\u00f9 - Holyblog\" \/>\n<meta property=\"og:description\" content=\"Giovanni, il discepolo prediletto di Ges\u00f9. Pescatore, come i fratelli Simon Pietro e Andrea, aveva un rapporto speciale col Cristo. Ecco perch\u00e9\" \/>\n<meta property=\"og:url\" content=\"https:\/\/blog.holyart.it\/it\/articoli-religiosi\/il-discepolo-prediletto-chi-era-il-discepolo-amato-da-gesu\/\" \/>\n<meta property=\"og:site_name\" content=\"Holyblog\" \/>\n<meta property=\"article:published_time\" content=\"2021-08-05T08:18:32+00:00\" \/>\n<meta property=\"article:modified_time\" content=\"2025-03-20T14:59:00+00:00\" \/>\n<meta property=\"og:image\" content=\"https:\/\/blog.holyart.it\/it\/wp-content\/uploads\/sites\/17\/2021\/08\/giovanni-evangelista.jpeg\" \/>\n\t<meta property=\"og:image:width\" content=\"1000\" \/>\n\t<meta property=\"og:image:height\" content=\"666\" \/>\n\t<meta property=\"og:image:type\" content=\"image\/jpeg\" \/>\n<meta name=\"author\" content=\"Redazione\" \/>\n<meta name=\"twitter:card\" content=\"summary_large_image\" \/>\n<meta name=\"twitter:label1\" content=\"Scritto da\" \/>\n\t<meta name=\"twitter:data1\" content=\"Redazione\" \/>\n\t<meta name=\"twitter:label2\" content=\"Tempo di lettura stimato\" \/>\n\t<meta name=\"twitter:data2\" content=\"8 minuti\" \/>\n<script type=\"application\/ld+json\" class=\"yoast-schema-graph\">{\"@context\":\"https:\/\/schema.org\",\"@graph\":[{\"@type\":\"Article\",\"@id\":\"https:\/\/blog.holyart.it\/it\/articoli-religiosi\/il-discepolo-prediletto-chi-era-il-discepolo-amato-da-gesu\/#article\",\"isPartOf\":{\"@id\":\"https:\/\/blog.holyart.it\/it\/articoli-religiosi\/il-discepolo-prediletto-chi-era-il-discepolo-amato-da-gesu\/\"},\"author\":{\"name\":\"Redazione\",\"@id\":\"https:\/\/blog.holyart.it\/it\/#\/schema\/person\/0a7b686e5af0f856ec1e390dd0baecda\"},\"headline\":\"Il discepolo prediletto: chi era il discepolo &#8220;amato&#8221; da Ges\u00f9\",\"datePublished\":\"2021-08-05T08:18:32+00:00\",\"dateModified\":\"2025-03-20T14:59:00+00:00\",\"mainEntityOfPage\":{\"@id\":\"https:\/\/blog.holyart.it\/it\/articoli-religiosi\/il-discepolo-prediletto-chi-era-il-discepolo-amato-da-gesu\/\"},\"wordCount\":1061,\"publisher\":{\"@id\":\"https:\/\/blog.holyart.it\/it\/#organization\"},\"image\":{\"@id\":\"https:\/\/blog.holyart.it\/it\/articoli-religiosi\/il-discepolo-prediletto-chi-era-il-discepolo-amato-da-gesu\/#primaryimage\"},\"thumbnailUrl\":\"https:\/\/blog.holyart.it\/it\/wp-content\/uploads\/sites\/17\/2021\/08\/giovanni-evangelista.jpeg\",\"articleSection\":[\"Religione\"],\"inLanguage\":\"it-IT\"},{\"@type\":\"WebPage\",\"@id\":\"https:\/\/blog.holyart.it\/it\/articoli-religiosi\/il-discepolo-prediletto-chi-era-il-discepolo-amato-da-gesu\/\",\"url\":\"https:\/\/blog.holyart.it\/it\/articoli-religiosi\/il-discepolo-prediletto-chi-era-il-discepolo-amato-da-gesu\/\",\"name\":\"Il discepolo prediletto: chi era il discepolo \\\"amato\\\" da Ges\u00f9 - Holyblog\",\"isPartOf\":{\"@id\":\"https:\/\/blog.holyart.it\/it\/#website\"},\"primaryImageOfPage\":{\"@id\":\"https:\/\/blog.holyart.it\/it\/articoli-religiosi\/il-discepolo-prediletto-chi-era-il-discepolo-amato-da-gesu\/#primaryimage\"},\"image\":{\"@id\":\"https:\/\/blog.holyart.it\/it\/articoli-religiosi\/il-discepolo-prediletto-chi-era-il-discepolo-amato-da-gesu\/#primaryimage\"},\"thumbnailUrl\":\"https:\/\/blog.holyart.it\/it\/wp-content\/uploads\/sites\/17\/2021\/08\/giovanni-evangelista.jpeg\",\"datePublished\":\"2021-08-05T08:18:32+00:00\",\"dateModified\":\"2025-03-20T14:59:00+00:00\",\"description\":\"Giovanni, il discepolo prediletto di Ges\u00f9. Pescatore, come i fratelli Simon Pietro e Andrea, aveva un rapporto speciale col Cristo. Ecco perch\u00e9\",\"breadcrumb\":{\"@id\":\"https:\/\/blog.holyart.it\/it\/articoli-religiosi\/il-discepolo-prediletto-chi-era-il-discepolo-amato-da-gesu\/#breadcrumb\"},\"inLanguage\":\"it-IT\",\"potentialAction\":[{\"@type\":\"ReadAction\",\"target\":[\"https:\/\/blog.holyart.it\/it\/articoli-religiosi\/il-discepolo-prediletto-chi-era-il-discepolo-amato-da-gesu\/\"]}]},{\"@type\":\"ImageObject\",\"inLanguage\":\"it-IT\",\"@id\":\"https:\/\/blog.holyart.it\/it\/articoli-religiosi\/il-discepolo-prediletto-chi-era-il-discepolo-amato-da-gesu\/#primaryimage\",\"url\":\"https:\/\/blog.holyart.it\/it\/wp-content\/uploads\/sites\/17\/2021\/08\/giovanni-evangelista.jpeg\",\"contentUrl\":\"https:\/\/blog.holyart.it\/it\/wp-content\/uploads\/sites\/17\/2021\/08\/giovanni-evangelista.jpeg\",\"width\":1000,\"height\":666,\"caption\":\"giovanni evangelista\"},{\"@type\":\"BreadcrumbList\",\"@id\":\"https:\/\/blog.holyart.it\/it\/articoli-religiosi\/il-discepolo-prediletto-chi-era-il-discepolo-amato-da-gesu\/#breadcrumb\",\"itemListElement\":[{\"@type\":\"ListItem\",\"position\":1,\"name\":\"Homepage\",\"item\":\"https:\/\/blog.holyart.it\/it\/\"},{\"@type\":\"ListItem\",\"position\":2,\"name\":\"Religione\",\"item\":\"https:\/\/blog.holyart.it\/it\/articoli-religiosi\/\"},{\"@type\":\"ListItem\",\"position\":3,\"name\":\"Il discepolo prediletto: chi era il discepolo &#8220;amato&#8221; da Ges\u00f9\"}]},{\"@type\":\"WebSite\",\"@id\":\"https:\/\/blog.holyart.it\/it\/#website\",\"url\":\"https:\/\/blog.holyart.it\/it\/\",\"name\":\"Holyblog\",\"description\":\"Il Blog di Holyart.it\",\"publisher\":{\"@id\":\"https:\/\/blog.holyart.it\/it\/#organization\"},\"potentialAction\":[{\"@type\":\"SearchAction\",\"target\":{\"@type\":\"EntryPoint\",\"urlTemplate\":\"https:\/\/blog.holyart.it\/it\/?s={search_term_string}\"},\"query-input\":{\"@type\":\"PropertyValueSpecification\",\"valueRequired\":true,\"valueName\":\"search_term_string\"}}],\"inLanguage\":\"it-IT\"},{\"@type\":\"Organization\",\"@id\":\"https:\/\/blog.holyart.it\/it\/#organization\",\"name\":\"Holyblog\",\"url\":\"https:\/\/blog.holyart.it\/it\/\",\"logo\":{\"@type\":\"ImageObject\",\"inLanguage\":\"it-IT\",\"@id\":\"https:\/\/blog.holyart.it\/it\/#\/schema\/logo\/image\/\",\"url\":\"https:\/\/blog.holyart.it\/it\/wp-content\/uploads\/sites\/17\/2022\/12\/Holyart_Blog_Logo.jpg\",\"contentUrl\":\"https:\/\/blog.holyart.it\/it\/wp-content\/uploads\/sites\/17\/2022\/12\/Holyart_Blog_Logo.jpg\",\"width\":300,\"height\":50,\"caption\":\"Holyblog\"},\"image\":{\"@id\":\"https:\/\/blog.holyart.it\/it\/#\/schema\/logo\/image\/\"}},{\"@type\":\"Person\",\"@id\":\"https:\/\/blog.holyart.it\/it\/#\/schema\/person\/0a7b686e5af0f856ec1e390dd0baecda\",\"name\":\"Redazione\"}]}<\/script>\n<!-- \/ Yoast SEO plugin. -->","yoast_head_json":{"title":"Il discepolo prediletto: chi era il discepolo \"amato\" da Ges\u00f9 - Holyblog","description":"Giovanni, il discepolo prediletto di Ges\u00f9. Pescatore, come i fratelli Simon Pietro e Andrea, aveva un rapporto speciale col Cristo. Ecco perch\u00e9","robots":{"index":"index","follow":"follow","max-snippet":"max-snippet:-1","max-image-preview":"max-image-preview:large","max-video-preview":"max-video-preview:-1"},"canonical":"https:\/\/blog.holyart.it\/it\/articoli-religiosi\/il-discepolo-prediletto-chi-era-il-discepolo-amato-da-gesu\/","og_locale":"it_IT","og_type":"article","og_title":"Il discepolo prediletto: chi era il discepolo \"amato\" da Ges\u00f9 - Holyblog","og_description":"Giovanni, il discepolo prediletto di Ges\u00f9. Pescatore, come i fratelli Simon Pietro e Andrea, aveva un rapporto speciale col Cristo. Ecco perch\u00e9","og_url":"https:\/\/blog.holyart.it\/it\/articoli-religiosi\/il-discepolo-prediletto-chi-era-il-discepolo-amato-da-gesu\/","og_site_name":"Holyblog","article_published_time":"2021-08-05T08:18:32+00:00","article_modified_time":"2025-03-20T14:59:00+00:00","og_image":[{"width":1000,"height":666,"url":"https:\/\/blog.holyart.it\/it\/wp-content\/uploads\/sites\/17\/2021\/08\/giovanni-evangelista.jpeg","type":"image\/jpeg"}],"author":"Redazione","twitter_card":"summary_large_image","twitter_misc":{"Scritto da":"Redazione","Tempo di lettura stimato":"8 minuti"},"schema":{"@context":"https:\/\/schema.org","@graph":[{"@type":"Article","@id":"https:\/\/blog.holyart.it\/it\/articoli-religiosi\/il-discepolo-prediletto-chi-era-il-discepolo-amato-da-gesu\/#article","isPartOf":{"@id":"https:\/\/blog.holyart.it\/it\/articoli-religiosi\/il-discepolo-prediletto-chi-era-il-discepolo-amato-da-gesu\/"},"author":{"name":"Redazione","@id":"https:\/\/blog.holyart.it\/it\/#\/schema\/person\/0a7b686e5af0f856ec1e390dd0baecda"},"headline":"Il discepolo prediletto: chi era il discepolo &#8220;amato&#8221; da Ges\u00f9","datePublished":"2021-08-05T08:18:32+00:00","dateModified":"2025-03-20T14:59:00+00:00","mainEntityOfPage":{"@id":"https:\/\/blog.holyart.it\/it\/articoli-religiosi\/il-discepolo-prediletto-chi-era-il-discepolo-amato-da-gesu\/"},"wordCount":1061,"publisher":{"@id":"https:\/\/blog.holyart.it\/it\/#organization"},"image":{"@id":"https:\/\/blog.holyart.it\/it\/articoli-religiosi\/il-discepolo-prediletto-chi-era-il-discepolo-amato-da-gesu\/#primaryimage"},"thumbnailUrl":"https:\/\/blog.holyart.it\/it\/wp-content\/uploads\/sites\/17\/2021\/08\/giovanni-evangelista.jpeg","articleSection":["Religione"],"inLanguage":"it-IT"},{"@type":"WebPage","@id":"https:\/\/blog.holyart.it\/it\/articoli-religiosi\/il-discepolo-prediletto-chi-era-il-discepolo-amato-da-gesu\/","url":"https:\/\/blog.holyart.it\/it\/articoli-religiosi\/il-discepolo-prediletto-chi-era-il-discepolo-amato-da-gesu\/","name":"Il discepolo prediletto: chi era il discepolo \"amato\" da Ges\u00f9 - Holyblog","isPartOf":{"@id":"https:\/\/blog.holyart.it\/it\/#website"},"primaryImageOfPage":{"@id":"https:\/\/blog.holyart.it\/it\/articoli-religiosi\/il-discepolo-prediletto-chi-era-il-discepolo-amato-da-gesu\/#primaryimage"},"image":{"@id":"https:\/\/blog.holyart.it\/it\/articoli-religiosi\/il-discepolo-prediletto-chi-era-il-discepolo-amato-da-gesu\/#primaryimage"},"thumbnailUrl":"https:\/\/blog.holyart.it\/it\/wp-content\/uploads\/sites\/17\/2021\/08\/giovanni-evangelista.jpeg","datePublished":"2021-08-05T08:18:32+00:00","dateModified":"2025-03-20T14:59:00+00:00","description":"Giovanni, il discepolo prediletto di Ges\u00f9. Pescatore, come i fratelli Simon Pietro e Andrea, aveva un rapporto speciale col Cristo. Ecco perch\u00e9","breadcrumb":{"@id":"https:\/\/blog.holyart.it\/it\/articoli-religiosi\/il-discepolo-prediletto-chi-era-il-discepolo-amato-da-gesu\/#breadcrumb"},"inLanguage":"it-IT","potentialAction":[{"@type":"ReadAction","target":["https:\/\/blog.holyart.it\/it\/articoli-religiosi\/il-discepolo-prediletto-chi-era-il-discepolo-amato-da-gesu\/"]}]},{"@type":"ImageObject","inLanguage":"it-IT","@id":"https:\/\/blog.holyart.it\/it\/articoli-religiosi\/il-discepolo-prediletto-chi-era-il-discepolo-amato-da-gesu\/#primaryimage","url":"https:\/\/blog.holyart.it\/it\/wp-content\/uploads\/sites\/17\/2021\/08\/giovanni-evangelista.jpeg","contentUrl":"https:\/\/blog.holyart.it\/it\/wp-content\/uploads\/sites\/17\/2021\/08\/giovanni-evangelista.jpeg","width":1000,"height":666,"caption":"giovanni evangelista"},{"@type":"BreadcrumbList","@id":"https:\/\/blog.holyart.it\/it\/articoli-religiosi\/il-discepolo-prediletto-chi-era-il-discepolo-amato-da-gesu\/#breadcrumb","itemListElement":[{"@type":"ListItem","position":1,"name":"Homepage","item":"https:\/\/blog.holyart.it\/it\/"},{"@type":"ListItem","position":2,"name":"Religione","item":"https:\/\/blog.holyart.it\/it\/articoli-religiosi\/"},{"@type":"ListItem","position":3,"name":"Il discepolo prediletto: chi era il discepolo &#8220;amato&#8221; da Ges\u00f9"}]},{"@type":"WebSite","@id":"https:\/\/blog.holyart.it\/it\/#website","url":"https:\/\/blog.holyart.it\/it\/","name":"Holyblog","description":"Il Blog di Holyart.it","publisher":{"@id":"https:\/\/blog.holyart.it\/it\/#organization"},"potentialAction":[{"@type":"SearchAction","target":{"@type":"EntryPoint","urlTemplate":"https:\/\/blog.holyart.it\/it\/?s={search_term_string}"},"query-input":{"@type":"PropertyValueSpecification","valueRequired":true,"valueName":"search_term_string"}}],"inLanguage":"it-IT"},{"@type":"Organization","@id":"https:\/\/blog.holyart.it\/it\/#organization","name":"Holyblog","url":"https:\/\/blog.holyart.it\/it\/","logo":{"@type":"ImageObject","inLanguage":"it-IT","@id":"https:\/\/blog.holyart.it\/it\/#\/schema\/logo\/image\/","url":"https:\/\/blog.holyart.it\/it\/wp-content\/uploads\/sites\/17\/2022\/12\/Holyart_Blog_Logo.jpg","contentUrl":"https:\/\/blog.holyart.it\/it\/wp-content\/uploads\/sites\/17\/2022\/12\/Holyart_Blog_Logo.jpg","width":300,"height":50,"caption":"Holyblog"},"image":{"@id":"https:\/\/blog.holyart.it\/it\/#\/schema\/logo\/image\/"}},{"@type":"Person","@id":"https:\/\/blog.holyart.it\/it\/#\/schema\/person\/0a7b686e5af0f856ec1e390dd0baecda","name":"Redazione"}]}},"_links":{"self":[{"href":"https:\/\/blog.holyart.it\/it\/wp-json\/wp\/v2\/posts\/13778","targetHints":{"allow":["GET"]}}],"collection":[{"href":"https:\/\/blog.holyart.it\/it\/wp-json\/wp\/v2\/posts"}],"about":[{"href":"https:\/\/blog.holyart.it\/it\/wp-json\/wp\/v2\/types\/post"}],"author":[{"embeddable":true,"href":"https:\/\/blog.holyart.it\/it\/wp-json\/wp\/v2\/users\/1"}],"replies":[{"embeddable":true,"href":"https:\/\/blog.holyart.it\/it\/wp-json\/wp\/v2\/comments?post=13778"}],"version-history":[{"count":1,"href":"https:\/\/blog.holyart.it\/it\/wp-json\/wp\/v2\/posts\/13778\/revisions"}],"predecessor-version":[{"id":18568,"href":"https:\/\/blog.holyart.it\/it\/wp-json\/wp\/v2\/posts\/13778\/revisions\/18568"}],"wp:featuredmedia":[{"embeddable":true,"href":"https:\/\/blog.holyart.it\/it\/wp-json\/wp\/v2\/media\/13786"}],"wp:attachment":[{"href":"https:\/\/blog.holyart.it\/it\/wp-json\/wp\/v2\/media?parent=13778"}],"wp:term":[{"taxonomy":"category","embeddable":true,"href":"https:\/\/blog.holyart.it\/it\/wp-json\/wp\/v2\/categories?post=13778"},{"taxonomy":"post_tag","embeddable":true,"href":"https:\/\/blog.holyart.it\/it\/wp-json\/wp\/v2\/tags?post=13778"}],"curies":[{"name":"wp","href":"https:\/\/api.w.org\/{rel}","templated":true}]}}