{"id":13734,"date":"2021-07-26T17:12:23","date_gmt":"2021-07-26T15:12:23","guid":{"rendered":"https:\/\/blog.holyart.it\/it\/?p=13734"},"modified":"2024-07-02T17:23:02","modified_gmt":"2024-07-02T15:23:02","slug":"marta-maria-e-lazzaro-gli-amici-di-gesu","status":"publish","type":"post","link":"https:\/\/blog.holyart.it\/it\/santi-e-beati\/marta-maria-e-lazzaro-gli-amici-di-gesu\/","title":{"rendered":"Marta, Maria e Lazzaro: gli amici di Ges\u00f9"},"content":{"rendered":"<h4>Il 29 luglio si celebra la memoria di Marta, Maria e Lazzaro di Betania. Ecco perch\u00e9 questi santi erano tra i pi\u00f9 cari amici di Ges\u00f9.<\/h4>\n<p>Nel 2011 l&#8217;Assemblea Generale delle Nazioni Unite ha decretato per il 30 luglio i festeggiamenti della <a href=\"https:\/\/www.holyart.it\/blog\/articoli-religiosi\/giornata-mondiale-dellamicizia\/\"><strong>Giornata Mondiale dell\u2019Amicizia<\/strong>.<\/a><\/p>\n<p>L&#8217;obiettivo di questa ricorrenza \u00e8 promuovere l&#8217;amicizia non solo tra i singoli, ma anche tra paesi e popoli, mediante scambi culturali e la condivisione di un insieme di valori e comportamenti che possano portare avanti una pace duratura e proficua per tutti.<\/p>\n<p>Il 29 luglio <a href=\"https:\/\/www.holyart.it\/it\/occasioni-speciali\/papa-francesco\"><strong>Papa Francesco<\/strong><\/a> ha stabilito che il Calendario Romano Generale celebri la <strong>memoria dei santi Marta, Maria e Lazzaro<\/strong>. In passato in questa data ricorreva la memoria della sola Santa Marta, ma la Congregazione per il Culto Divino e la Disciplina dei Sacramenti ha fortemente voluto questa modifica e il Pontefice ha fatto in modo che venisse applicata.<\/p>\n<div class=\"link-product\">\n<div class=\"blocco-immagine\"><img loading=\"lazy\" decoding=\"async\" class=\"alignnone size-full wp-image-10065\" src=\"https:\/\/blog.holyart.it\/it\/wp-content\/uploads\/sites\/17\/2020\/07\/croce-dellamicizia.jpg\" alt=\"croce dell'amicizia\" width=\"100\" height=\"100\" data-kale-share-title=\"Giornata Mondiale dell\u2019Amicizia\" data-kale-share-url=\"https:\/\/blog.holyart.it\/it\/?p=10059\" \/><\/div>\n<div class=\"blocco-contenuto\">\n<div class=\"blocco-acquista\">Acquista su Holyart:<\/div>\n<div class=\"blocco-titolo\"><a href=\"https:\/\/www.holyart.it\/it\/articoli-religiosi\/bracciali\/bracciali-in-argento\/bracciale-corda-nera-croce-dellamicizia-argento-800\">Bracciale corda nera Croce dell&#8217;Amicizia<\/a><\/div>\n<div class=\"blocco-descrizione\">Bracciale con Croce dell&#8217;Amicizia in argento 800.<\/div>\n<\/div>\n<\/div>\n<p>La motivazione che ha portato alla delibera \u00e8 stata la rilevanza evangelica riconosciuta ai tre fratelli per aver ospitato nella loro casa Ges\u00f9, accogliendolo come un amico e affidandosi alle sue parole con piena fiducia e lealt\u00e0.<\/p>\n<p>Ma chi erano questi tre fratelli, che abitavano del villaggio di Betania vicino a Gerusalemme?<\/p>\n<p><a href=\"https:\/\/www.holyart.it\/it\/articoli-religiosi\/statue\/statue-in-gesso\/santa-marta-30-cm-gesso-madreperlato\"><strong>Marta di Betania<\/strong><\/a> (Tamar) si occupava soprattutto delle faccende domestiche:\u00a0<em>Mentre erano in cammino, (Ges\u00f9) entr\u00f2 in un villaggio e una donna, di nome Marta, lo accolse nella sua casa. Essa aveva una sorella, di nome Maria, la quale, sedutasi ai piedi di Ges\u00f9, ascoltava la sua parola; Marta invece era tutta presa dai molti servizi.<\/em> (Luca 10,38-40)<\/p>\n<div class=\"link-product\">\n<div class=\"blocco-immagine\"><img loading=\"lazy\" decoding=\"async\" class=\"size-full wp-image-16003 alignleft\" src=\"https:\/\/blog.holyart.it\/it\/wp-content\/uploads\/sites\/17\/2021\/07\/santa-marta-20-cm-in-resina.jpg\" alt=\"santa marta 20 cm in resina\" width=\"100\" height=\"100\" data-kale-share-title=\"Marta, Maria e Lazzaro: gli amici di Ges\u00f9\" data-kale-share-url=\"https:\/\/blog.holyart.it\/it\/santi-e-beati\/marta-maria-e-lazzaro-gli-amici-di-gesu\/\" \/><\/div>\n<div class=\"blocco-contenuto\">\n<div class=\"blocco-acquista\">Acquista su Holyart:<\/div>\n<div class=\"blocco-titolo\"><a href=\"https:\/\/www.holyart.it\/it\/articoli-religiosi\/statue\/statue-in-resina-e-pvc\/santa-marta-20-cm-in-resina\">Santa Marta 20 cm in resina<\/a><\/div>\n<div class=\"blocco-descrizione\">Statua in resina dipinta interamente a mano raffigurante Santa Marta di altezza 20 cm.<\/div>\n<\/div>\n<\/div>\n<p>Marta si lamenta con Ges\u00f9, perch\u00e9 lei lavora mentre <a href=\"https:\/\/www.holyart.it\/blog\/santi-e-beati\/chi-era-veramente-maria-maddalena-storia-della-apostola-degli-apostoli\/\"><strong>sua sorella Maria<\/strong><\/a> (Miry\u0101m) si \u00e8 fermata ad ascoltarlo, ma Ges\u00f9 le risponde cos\u00ec: &#8220;<em>Marta, Marta, tu ti preoccupi e ti agiti per molte cose, ma una sola \u00e8 la cosa di cui c&#8217;\u00e8 bisogno. Maria si \u00e8 scelta la parte migliore, che non le sar\u00e0 tolta.&#8221;<\/em><\/p>\n<p>Di <a href=\"https:\/\/www.holyart.it\/it\/articoli-religiosi\/statue\/statue-in-resina-e-pvc\/san-lazzaro-statua-resina-di-20-cm\"><strong>Lazzaro<\/strong><\/a> (Eleazar o Eliezer), conosciamo bene la storia della <strong>morte e resurrezione<\/strong> per volont\u00e0 di Ges\u00f9 nel Vangelo secondo Giovanni (11,1-44): Marta e Maria sorelle di Lazzaro implorarono l&#8217;aiuto di Ges\u00f9, che si rec\u00f2 al sepolcro e fece tornare l&#8217;uomo dalla morte.<\/p>\n<div class=\"link-article\">\n<p><img loading=\"lazy\" decoding=\"async\" class=\"size-full wp-image-13736 alignleft\" src=\"https:\/\/blog.holyart.it\/it\/wp-content\/uploads\/sites\/17\/2021\/07\/Giornata-mondiale-dellamicizia.jpg\" alt=\"Giornata-mondiale-dellamicizia\" width=\"150\" height=\"99\" data-kale-share-title=\"Marta, Maria e Lazzaro: gli amici di Ges\u00f9\" data-kale-share-url=\"https:\/\/blog.holyart.it\/it\/?p=13734\" \/><\/p>\n<div class=\"leggi-anche\">Leggi anche:<\/div>\n<p><strong><a href=\"https:\/\/www.holyart.it\/blog\/articoli-religiosi\/giornata-mondiale-dellamicizia\/\">Giornata Mondiale dell\u2019Amicizia<\/a><\/strong><br \/>\nIl 30 luglio \u00e8 la Giornata Mondiale dell\u2019Amicizia, una festa nata per celebrare uno degli aspetti pi\u00f9 meravigliosi della convivenza tra uomini.<\/p>\n<\/div>\n<h2>Marta e Maria: i due volti dell\u2019ospitalit\u00e0<\/h2>\n<p>Gi\u00e0 nel primo passaggio del <a href=\"https:\/\/www.holyart.it\/blog\/articoli-religiosi\/il-vangelo-secondo-luca-dalla-nascita-miracolosa-allascensione-al-cielo\/\"><strong>Vangelo di Luca<\/strong><\/a> vediamo come vengono differenziate le due sorelle. Entrambe esprimono <strong>due modi per amare e seguire Ges\u00f9 Cristo<\/strong>: Marta lo fa con premura, ospitandolo e accudendolo come uno di famiglia, mentre Maria siede ai Suoi piedi e Lo ascolta. Entrambi gli approcci sono giusti, entrambi sono modi per manifestare amore e amicizia al Signore.<\/p>\n<p>Marta con le sue cure, Maria con il suo ascolto e la sua venerazione, Lazzaro col suo silenzioso affetto e la sua fiducia nella Parola di Ges\u00f9, sono l&#8217;incarnazione di <strong>tre modi per amarLo e seguirLo.<\/strong> Una fede fatta di contemplazione, ma anche di azione, di gesti. Non a caso, secondo la <em>Legenda aurea<\/em> i tre fratelli di Betania, <a href=\"https:\/\/www.holyart.it\/blog\/articoli-religiosi\/perche-gesu-in-croce-e-un-simbolo-cosi-importante-per-i-cattolici-2\/\"><strong>dopo la morte di Ges\u00f9<\/strong><\/a>, andarono in Francia a predicare la Sua parola e Lazzaro sarebbe stato il primo vescovo di Marsiglia. Secondo un&#8217;altra tradizione Lazzaro venne condannato a morte dai sacerdoti proprio perch\u00e9, con la sua resurrezione, era diventato la prova vivente del potere di Ges\u00f9.<\/p>\n<p>\u00c8 proprio in questa integrazione tra l&#8217;ospitalit\u00e0, fatta di cibo, tepore, tranquillit\u00e0, e l&#8217;assoluta devozione, che Papa Francesco ha colto la motivazione perfetta per riconoscere a tutti i tre fratelli di Betania il diritto di essere ricordati e celebrati come amici di Ges\u00f9.<\/p>\n<div class=\"link-product\">\n<div class=\"blocco-immagine\"><img loading=\"lazy\" decoding=\"async\" class=\"alignnone size-full wp-image-13740\" src=\"https:\/\/blog.holyart.it\/it\/wp-content\/uploads\/sites\/17\/2021\/07\/san-lazzaro.jpg\" alt=\"san-lazzaro\" width=\"100\" height=\"100\" data-kale-share-title=\"Marta, Maria e Lazzaro: gli amici di Ges\u00f9\" data-kale-share-url=\"https:\/\/blog.holyart.it\/it\/?p=13734\" \/><\/div>\n<div class=\"blocco-contenuto\">\n<div class=\"blocco-acquista\">Acquista su Holyart:<\/div>\n<div class=\"blocco-titolo\"><a href=\"https:\/\/www.holyart.it\/it\/articoli-religiosi\/statue\/statue-in-resina-e-pvc\/san-lazzaro-statua-resina-di-20-cm\">San Lazzaro statua<\/a><\/div>\n<div class=\"blocco-descrizione\">Statua realizzata in resina di 20 cm<\/div>\n<\/div>\n<\/div>\n<h2>I dubbi sulla peccatrice<\/h2>\n<p>Per capire perch\u00e9 questo riconoscimento abbai dovuto attendere, dobbiamo anche tener presente i <a href=\"https:\/\/www.holyart.it\/blog\/santi-e-beati\/maria-maddalena-moglie-di-gesu-facciamo-chiarezza\/\"><strong>dubbi sull&#8217;identit\u00e0 della peccatrice<\/strong><\/a>, la prostituta che avrebbe lavato i piedi a Ges\u00f9 con le proprie lacrime e asciugati con i capelli. Per secoli questa figura si \u00e8 confusa e sovrapposta con quelle di Maria Maddalena e Maria di Betania, facendo s\u00ec che a quest&#8217;ultima non venisse riconosciuta pari dignit\u00e0 rispetto alla sorella Marta. Recenti studi hanno dimostrato che, sebbene anche Maria, sorella di Marta e Lazzaro, abbia<a href=\"https:\/\/www.holyart.it\/blog\/articoli-religiosi\/olio-di-nardo-da-gerusalemme-scopriamo-i-benefici-di-questo-unguento\/\"><strong> unto i piedi di Ges\u00f9 con un olio costoso<\/strong><\/a> e li abbia asciugati con i suoi capelli, facendo arrabbiare Giuda (Giovanni 12, 1-8), non si trattava della presunta peccatrice.<\/p>\n<div class=\"link-article\">\n<p><img loading=\"lazy\" decoding=\"async\" class=\"size-full wp-image-13715 alignleft\" src=\"https:\/\/blog.holyart.it\/it\/wp-content\/uploads\/sites\/17\/2021\/07\/maria-maddalena-1.jpg\" alt=\"maria-maddalena\" width=\"150\" height=\"99\" data-kale-share-title=\"Maria Maddalena moglie di Ges\u00f9: facciamo chiarezza\" data-kale-share-url=\"https:\/\/blog.holyart.it\/it\/?p=13712\" \/><\/p>\n<div class=\"leggi-anche\">Leggi anche:<\/div>\n<p><strong><a href=\"https:\/\/www.holyart.it\/blog\/santi-e-beati\/chi-era-veramente-maria-maddalena-storia-della-apostola-degli-apostoli\/\">Chi era veramente Maria Maddalena: \u201cApostola degli Apostoli\u201d<\/a><\/strong><br \/>\nTra i discepoli c\u2019erano anche diverse donne. Conosciamo meglio Maria Maddalena, l\u2019apostola che lasci\u00f2 tutto per seguire Ges\u00f9.<\/p>\n<\/div>\n<p>In fondo per tutti noi vale il concetto che l&#8217;amicizia, quella vera, debba essere fatta di affetto e condivisione, della consapevolezza di poter trovare presso qualcuno che non \u00e8 un famigliare una casa, un rifugio, un luogo in cui sentirci accettati. <a href=\"https:\/\/www.holyart.it\/it\/articoli-religiosi\/crocefissi\/crocifissi-in-legno\/crocifisso-amicizia-legno-ulivo-28-cm\"><strong>L&#8217;amicizia \u00e8 amore senza riserve<\/strong><\/a>, un bene prezioso che non dovrebbe mancare nella vita di nessuno. Anche Ges\u00f9 lo sapeva bene, e per questo amava teneramente i suoi amici Marta, Maria e Lazzaro di Betania.<\/p>\n<div class=\"link-product\">\n<div class=\"blocco-immagine\"><img loading=\"lazy\" decoding=\"async\" class=\"alignnone size-full wp-image-13741\" src=\"https:\/\/blog.holyart.it\/it\/wp-content\/uploads\/sites\/17\/2021\/07\/crocifisso-amicizia.jpg\" alt=\"crocifisso-amicizia\" width=\"100\" height=\"100\" data-kale-share-title=\"Marta, Maria e Lazzaro: gli amici di Ges\u00f9\" data-kale-share-url=\"https:\/\/blog.holyart.it\/it\/?p=13734\" \/><\/div>\n<div class=\"blocco-contenuto\">\n<div class=\"blocco-acquista\">Acquista su Holyart:<\/div>\n<div class=\"blocco-titolo\"><a href=\"https:\/\/www.holyart.it\/it\/articoli-religiosi\/crocefissi\/crocifissi-in-legno\/crocifisso-segno-amicizia-legno-ulivo-14-cm\">Crocifisso amicizia<\/a><\/div>\n<div class=\"blocco-descrizione\">Realizzato in legno di ulivo, formato da due mani<\/div>\n<\/div>\n<\/div>\n","protected":false},"excerpt":{"rendered":"<p>Il 29 luglio si celebra la memoria di Marta, Maria e Lazzaro di Betania. Ecco perch\u00e9 questi santi erano tra i pi\u00f9 cari amici di Ges\u00f9. Nel 2011 l&#8217;Assemblea Generale delle Nazioni Unite ha decretato per il 30 luglio i festeggiamenti della Giornata Mondiale dell\u2019Amicizia.&hellip;<\/p>\n","protected":false},"author":1,"featured_media":13738,"comment_status":"closed","ping_status":"open","sticky":false,"template":"","format":"standard","meta":{"_acf_changed":false,"footnotes":""},"categories":[15],"tags":[],"class_list":["post-13734","post","type-post","status-publish","format-standard","has-post-thumbnail","hentry","category-santi-e-beati"],"acf":[],"yoast_head":"<!-- This site is optimized with the Yoast SEO plugin v26.6 - https:\/\/yoast.com\/wordpress\/plugins\/seo\/ -->\n<title>Marta, Maria e Lazzaro: gli amici di Ges\u00f9 - Holyblog<\/title>\n<meta name=\"description\" content=\"Il 29 luglio si celebra la memoria di Marta, Maria e Lazzaro di Betania. Ecco perch\u00e9 questi santi erano tra i pi\u00f9 cari amici di Ges\u00f9.\" \/>\n<meta name=\"robots\" content=\"index, follow, max-snippet:-1, max-image-preview:large, max-video-preview:-1\" \/>\n<link rel=\"canonical\" href=\"https:\/\/blog.holyart.it\/it\/santi-e-beati\/marta-maria-e-lazzaro-gli-amici-di-gesu\/\" \/>\n<meta property=\"og:locale\" content=\"it_IT\" \/>\n<meta property=\"og:type\" content=\"article\" \/>\n<meta property=\"og:title\" content=\"Marta, Maria e Lazzaro: gli amici di Ges\u00f9 - Holyblog\" \/>\n<meta property=\"og:description\" content=\"Il 29 luglio si celebra la memoria di Marta, Maria e Lazzaro di Betania. Ecco perch\u00e9 questi santi erano tra i pi\u00f9 cari amici di Ges\u00f9.\" \/>\n<meta property=\"og:url\" content=\"https:\/\/blog.holyart.it\/it\/santi-e-beati\/marta-maria-e-lazzaro-gli-amici-di-gesu\/\" \/>\n<meta property=\"og:site_name\" content=\"Holyblog\" \/>\n<meta property=\"article:published_time\" content=\"2021-07-26T15:12:23+00:00\" \/>\n<meta property=\"article:modified_time\" content=\"2024-07-02T15:23:02+00:00\" \/>\n<meta property=\"og:image\" content=\"https:\/\/blog.holyart.it\/it\/wp-content\/uploads\/sites\/17\/2021\/07\/marta-maria-lazzaro.jpg\" \/>\n\t<meta property=\"og:image:width\" content=\"1000\" \/>\n\t<meta property=\"og:image:height\" content=\"664\" \/>\n\t<meta property=\"og:image:type\" content=\"image\/jpeg\" \/>\n<meta name=\"author\" content=\"Redazione\" \/>\n<meta name=\"twitter:card\" content=\"summary_large_image\" \/>\n<meta name=\"twitter:label1\" content=\"Scritto da\" \/>\n\t<meta name=\"twitter:data1\" content=\"Redazione\" \/>\n\t<meta name=\"twitter:label2\" content=\"Tempo di lettura stimato\" \/>\n\t<meta name=\"twitter:data2\" content=\"7 minuti\" \/>\n<script type=\"application\/ld+json\" class=\"yoast-schema-graph\">{\"@context\":\"https:\/\/schema.org\",\"@graph\":[{\"@type\":\"Article\",\"@id\":\"https:\/\/blog.holyart.it\/it\/santi-e-beati\/marta-maria-e-lazzaro-gli-amici-di-gesu\/#article\",\"isPartOf\":{\"@id\":\"https:\/\/blog.holyart.it\/it\/santi-e-beati\/marta-maria-e-lazzaro-gli-amici-di-gesu\/\"},\"author\":{\"name\":\"Redazione\",\"@id\":\"https:\/\/blog.holyart.it\/it\/#\/schema\/person\/0a7b686e5af0f856ec1e390dd0baecda\"},\"headline\":\"Marta, Maria e Lazzaro: gli amici di Ges\u00f9\",\"datePublished\":\"2021-07-26T15:12:23+00:00\",\"dateModified\":\"2024-07-02T15:23:02+00:00\",\"mainEntityOfPage\":{\"@id\":\"https:\/\/blog.holyart.it\/it\/santi-e-beati\/marta-maria-e-lazzaro-gli-amici-di-gesu\/\"},\"wordCount\":878,\"publisher\":{\"@id\":\"https:\/\/blog.holyart.it\/it\/#organization\"},\"image\":{\"@id\":\"https:\/\/blog.holyart.it\/it\/santi-e-beati\/marta-maria-e-lazzaro-gli-amici-di-gesu\/#primaryimage\"},\"thumbnailUrl\":\"https:\/\/blog.holyart.it\/it\/wp-content\/uploads\/sites\/17\/2021\/07\/marta-maria-lazzaro.jpg\",\"articleSection\":[\"Santi e beati\"],\"inLanguage\":\"it-IT\"},{\"@type\":\"WebPage\",\"@id\":\"https:\/\/blog.holyart.it\/it\/santi-e-beati\/marta-maria-e-lazzaro-gli-amici-di-gesu\/\",\"url\":\"https:\/\/blog.holyart.it\/it\/santi-e-beati\/marta-maria-e-lazzaro-gli-amici-di-gesu\/\",\"name\":\"Marta, Maria e Lazzaro: gli amici di Ges\u00f9 - Holyblog\",\"isPartOf\":{\"@id\":\"https:\/\/blog.holyart.it\/it\/#website\"},\"primaryImageOfPage\":{\"@id\":\"https:\/\/blog.holyart.it\/it\/santi-e-beati\/marta-maria-e-lazzaro-gli-amici-di-gesu\/#primaryimage\"},\"image\":{\"@id\":\"https:\/\/blog.holyart.it\/it\/santi-e-beati\/marta-maria-e-lazzaro-gli-amici-di-gesu\/#primaryimage\"},\"thumbnailUrl\":\"https:\/\/blog.holyart.it\/it\/wp-content\/uploads\/sites\/17\/2021\/07\/marta-maria-lazzaro.jpg\",\"datePublished\":\"2021-07-26T15:12:23+00:00\",\"dateModified\":\"2024-07-02T15:23:02+00:00\",\"description\":\"Il 29 luglio si celebra la memoria di Marta, Maria e Lazzaro di Betania. Ecco perch\u00e9 questi santi erano tra i pi\u00f9 cari amici di Ges\u00f9.\",\"breadcrumb\":{\"@id\":\"https:\/\/blog.holyart.it\/it\/santi-e-beati\/marta-maria-e-lazzaro-gli-amici-di-gesu\/#breadcrumb\"},\"inLanguage\":\"it-IT\",\"potentialAction\":[{\"@type\":\"ReadAction\",\"target\":[\"https:\/\/blog.holyart.it\/it\/santi-e-beati\/marta-maria-e-lazzaro-gli-amici-di-gesu\/\"]}]},{\"@type\":\"ImageObject\",\"inLanguage\":\"it-IT\",\"@id\":\"https:\/\/blog.holyart.it\/it\/santi-e-beati\/marta-maria-e-lazzaro-gli-amici-di-gesu\/#primaryimage\",\"url\":\"https:\/\/blog.holyart.it\/it\/wp-content\/uploads\/sites\/17\/2021\/07\/marta-maria-lazzaro.jpg\",\"contentUrl\":\"https:\/\/blog.holyart.it\/it\/wp-content\/uploads\/sites\/17\/2021\/07\/marta-maria-lazzaro.jpg\",\"width\":1000,\"height\":664,\"caption\":\"marta maria lazzaro\"},{\"@type\":\"BreadcrumbList\",\"@id\":\"https:\/\/blog.holyart.it\/it\/santi-e-beati\/marta-maria-e-lazzaro-gli-amici-di-gesu\/#breadcrumb\",\"itemListElement\":[{\"@type\":\"ListItem\",\"position\":1,\"name\":\"Homepage\",\"item\":\"https:\/\/blog.holyart.it\/it\/\"},{\"@type\":\"ListItem\",\"position\":2,\"name\":\"Santi e beati\",\"item\":\"https:\/\/blog.holyart.it\/it\/santi-e-beati\/\"},{\"@type\":\"ListItem\",\"position\":3,\"name\":\"Marta, Maria e Lazzaro: gli amici di Ges\u00f9\"}]},{\"@type\":\"WebSite\",\"@id\":\"https:\/\/blog.holyart.it\/it\/#website\",\"url\":\"https:\/\/blog.holyart.it\/it\/\",\"name\":\"Holyblog\",\"description\":\"Il Blog di Holyart.it\",\"publisher\":{\"@id\":\"https:\/\/blog.holyart.it\/it\/#organization\"},\"potentialAction\":[{\"@type\":\"SearchAction\",\"target\":{\"@type\":\"EntryPoint\",\"urlTemplate\":\"https:\/\/blog.holyart.it\/it\/?s={search_term_string}\"},\"query-input\":{\"@type\":\"PropertyValueSpecification\",\"valueRequired\":true,\"valueName\":\"search_term_string\"}}],\"inLanguage\":\"it-IT\"},{\"@type\":\"Organization\",\"@id\":\"https:\/\/blog.holyart.it\/it\/#organization\",\"name\":\"Holyblog\",\"url\":\"https:\/\/blog.holyart.it\/it\/\",\"logo\":{\"@type\":\"ImageObject\",\"inLanguage\":\"it-IT\",\"@id\":\"https:\/\/blog.holyart.it\/it\/#\/schema\/logo\/image\/\",\"url\":\"https:\/\/blog.holyart.it\/it\/wp-content\/uploads\/sites\/17\/2022\/12\/Holyart_Blog_Logo.jpg\",\"contentUrl\":\"https:\/\/blog.holyart.it\/it\/wp-content\/uploads\/sites\/17\/2022\/12\/Holyart_Blog_Logo.jpg\",\"width\":300,\"height\":50,\"caption\":\"Holyblog\"},\"image\":{\"@id\":\"https:\/\/blog.holyart.it\/it\/#\/schema\/logo\/image\/\"}},{\"@type\":\"Person\",\"@id\":\"https:\/\/blog.holyart.it\/it\/#\/schema\/person\/0a7b686e5af0f856ec1e390dd0baecda\",\"name\":\"Redazione\"}]}<\/script>\n<!-- \/ Yoast SEO plugin. -->","yoast_head_json":{"title":"Marta, Maria e Lazzaro: gli amici di Ges\u00f9 - Holyblog","description":"Il 29 luglio si celebra la memoria di Marta, Maria e Lazzaro di Betania. Ecco perch\u00e9 questi santi erano tra i pi\u00f9 cari amici di Ges\u00f9.","robots":{"index":"index","follow":"follow","max-snippet":"max-snippet:-1","max-image-preview":"max-image-preview:large","max-video-preview":"max-video-preview:-1"},"canonical":"https:\/\/blog.holyart.it\/it\/santi-e-beati\/marta-maria-e-lazzaro-gli-amici-di-gesu\/","og_locale":"it_IT","og_type":"article","og_title":"Marta, Maria e Lazzaro: gli amici di Ges\u00f9 - Holyblog","og_description":"Il 29 luglio si celebra la memoria di Marta, Maria e Lazzaro di Betania. Ecco perch\u00e9 questi santi erano tra i pi\u00f9 cari amici di Ges\u00f9.","og_url":"https:\/\/blog.holyart.it\/it\/santi-e-beati\/marta-maria-e-lazzaro-gli-amici-di-gesu\/","og_site_name":"Holyblog","article_published_time":"2021-07-26T15:12:23+00:00","article_modified_time":"2024-07-02T15:23:02+00:00","og_image":[{"width":1000,"height":664,"url":"https:\/\/blog.holyart.it\/it\/wp-content\/uploads\/sites\/17\/2021\/07\/marta-maria-lazzaro.jpg","type":"image\/jpeg"}],"author":"Redazione","twitter_card":"summary_large_image","twitter_misc":{"Scritto da":"Redazione","Tempo di lettura stimato":"7 minuti"},"schema":{"@context":"https:\/\/schema.org","@graph":[{"@type":"Article","@id":"https:\/\/blog.holyart.it\/it\/santi-e-beati\/marta-maria-e-lazzaro-gli-amici-di-gesu\/#article","isPartOf":{"@id":"https:\/\/blog.holyart.it\/it\/santi-e-beati\/marta-maria-e-lazzaro-gli-amici-di-gesu\/"},"author":{"name":"Redazione","@id":"https:\/\/blog.holyart.it\/it\/#\/schema\/person\/0a7b686e5af0f856ec1e390dd0baecda"},"headline":"Marta, Maria e Lazzaro: gli amici di Ges\u00f9","datePublished":"2021-07-26T15:12:23+00:00","dateModified":"2024-07-02T15:23:02+00:00","mainEntityOfPage":{"@id":"https:\/\/blog.holyart.it\/it\/santi-e-beati\/marta-maria-e-lazzaro-gli-amici-di-gesu\/"},"wordCount":878,"publisher":{"@id":"https:\/\/blog.holyart.it\/it\/#organization"},"image":{"@id":"https:\/\/blog.holyart.it\/it\/santi-e-beati\/marta-maria-e-lazzaro-gli-amici-di-gesu\/#primaryimage"},"thumbnailUrl":"https:\/\/blog.holyart.it\/it\/wp-content\/uploads\/sites\/17\/2021\/07\/marta-maria-lazzaro.jpg","articleSection":["Santi e beati"],"inLanguage":"it-IT"},{"@type":"WebPage","@id":"https:\/\/blog.holyart.it\/it\/santi-e-beati\/marta-maria-e-lazzaro-gli-amici-di-gesu\/","url":"https:\/\/blog.holyart.it\/it\/santi-e-beati\/marta-maria-e-lazzaro-gli-amici-di-gesu\/","name":"Marta, Maria e Lazzaro: gli amici di Ges\u00f9 - Holyblog","isPartOf":{"@id":"https:\/\/blog.holyart.it\/it\/#website"},"primaryImageOfPage":{"@id":"https:\/\/blog.holyart.it\/it\/santi-e-beati\/marta-maria-e-lazzaro-gli-amici-di-gesu\/#primaryimage"},"image":{"@id":"https:\/\/blog.holyart.it\/it\/santi-e-beati\/marta-maria-e-lazzaro-gli-amici-di-gesu\/#primaryimage"},"thumbnailUrl":"https:\/\/blog.holyart.it\/it\/wp-content\/uploads\/sites\/17\/2021\/07\/marta-maria-lazzaro.jpg","datePublished":"2021-07-26T15:12:23+00:00","dateModified":"2024-07-02T15:23:02+00:00","description":"Il 29 luglio si celebra la memoria di Marta, Maria e Lazzaro di Betania. Ecco perch\u00e9 questi santi erano tra i pi\u00f9 cari amici di Ges\u00f9.","breadcrumb":{"@id":"https:\/\/blog.holyart.it\/it\/santi-e-beati\/marta-maria-e-lazzaro-gli-amici-di-gesu\/#breadcrumb"},"inLanguage":"it-IT","potentialAction":[{"@type":"ReadAction","target":["https:\/\/blog.holyart.it\/it\/santi-e-beati\/marta-maria-e-lazzaro-gli-amici-di-gesu\/"]}]},{"@type":"ImageObject","inLanguage":"it-IT","@id":"https:\/\/blog.holyart.it\/it\/santi-e-beati\/marta-maria-e-lazzaro-gli-amici-di-gesu\/#primaryimage","url":"https:\/\/blog.holyart.it\/it\/wp-content\/uploads\/sites\/17\/2021\/07\/marta-maria-lazzaro.jpg","contentUrl":"https:\/\/blog.holyart.it\/it\/wp-content\/uploads\/sites\/17\/2021\/07\/marta-maria-lazzaro.jpg","width":1000,"height":664,"caption":"marta maria lazzaro"},{"@type":"BreadcrumbList","@id":"https:\/\/blog.holyart.it\/it\/santi-e-beati\/marta-maria-e-lazzaro-gli-amici-di-gesu\/#breadcrumb","itemListElement":[{"@type":"ListItem","position":1,"name":"Homepage","item":"https:\/\/blog.holyart.it\/it\/"},{"@type":"ListItem","position":2,"name":"Santi e beati","item":"https:\/\/blog.holyart.it\/it\/santi-e-beati\/"},{"@type":"ListItem","position":3,"name":"Marta, Maria e Lazzaro: gli amici di Ges\u00f9"}]},{"@type":"WebSite","@id":"https:\/\/blog.holyart.it\/it\/#website","url":"https:\/\/blog.holyart.it\/it\/","name":"Holyblog","description":"Il Blog di Holyart.it","publisher":{"@id":"https:\/\/blog.holyart.it\/it\/#organization"},"potentialAction":[{"@type":"SearchAction","target":{"@type":"EntryPoint","urlTemplate":"https:\/\/blog.holyart.it\/it\/?s={search_term_string}"},"query-input":{"@type":"PropertyValueSpecification","valueRequired":true,"valueName":"search_term_string"}}],"inLanguage":"it-IT"},{"@type":"Organization","@id":"https:\/\/blog.holyart.it\/it\/#organization","name":"Holyblog","url":"https:\/\/blog.holyart.it\/it\/","logo":{"@type":"ImageObject","inLanguage":"it-IT","@id":"https:\/\/blog.holyart.it\/it\/#\/schema\/logo\/image\/","url":"https:\/\/blog.holyart.it\/it\/wp-content\/uploads\/sites\/17\/2022\/12\/Holyart_Blog_Logo.jpg","contentUrl":"https:\/\/blog.holyart.it\/it\/wp-content\/uploads\/sites\/17\/2022\/12\/Holyart_Blog_Logo.jpg","width":300,"height":50,"caption":"Holyblog"},"image":{"@id":"https:\/\/blog.holyart.it\/it\/#\/schema\/logo\/image\/"}},{"@type":"Person","@id":"https:\/\/blog.holyart.it\/it\/#\/schema\/person\/0a7b686e5af0f856ec1e390dd0baecda","name":"Redazione"}]}},"_links":{"self":[{"href":"https:\/\/blog.holyart.it\/it\/wp-json\/wp\/v2\/posts\/13734","targetHints":{"allow":["GET"]}}],"collection":[{"href":"https:\/\/blog.holyart.it\/it\/wp-json\/wp\/v2\/posts"}],"about":[{"href":"https:\/\/blog.holyart.it\/it\/wp-json\/wp\/v2\/types\/post"}],"author":[{"embeddable":true,"href":"https:\/\/blog.holyart.it\/it\/wp-json\/wp\/v2\/users\/1"}],"replies":[{"embeddable":true,"href":"https:\/\/blog.holyart.it\/it\/wp-json\/wp\/v2\/comments?post=13734"}],"version-history":[{"count":1,"href":"https:\/\/blog.holyart.it\/it\/wp-json\/wp\/v2\/posts\/13734\/revisions"}],"predecessor-version":[{"id":20199,"href":"https:\/\/blog.holyart.it\/it\/wp-json\/wp\/v2\/posts\/13734\/revisions\/20199"}],"wp:featuredmedia":[{"embeddable":true,"href":"https:\/\/blog.holyart.it\/it\/wp-json\/wp\/v2\/media\/13738"}],"wp:attachment":[{"href":"https:\/\/blog.holyart.it\/it\/wp-json\/wp\/v2\/media?parent=13734"}],"wp:term":[{"taxonomy":"category","embeddable":true,"href":"https:\/\/blog.holyart.it\/it\/wp-json\/wp\/v2\/categories?post=13734"},{"taxonomy":"post_tag","embeddable":true,"href":"https:\/\/blog.holyart.it\/it\/wp-json\/wp\/v2\/tags?post=13734"}],"curies":[{"name":"wp","href":"https:\/\/api.w.org\/{rel}","templated":true}]}}