{"id":13616,"date":"2021-07-01T11:54:44","date_gmt":"2021-07-01T09:54:44","guid":{"rendered":"https:\/\/blog.holyart.it\/it\/?p=13616"},"modified":"2024-08-30T14:54:24","modified_gmt":"2024-08-30T12:54:24","slug":"i-santi-patroni-deuropa-ogni-paese-ha-un-santo-protettore","status":"publish","type":"post","link":"https:\/\/blog.holyart.it\/it\/santi-e-beati\/i-santi-patroni-deuropa-ogni-paese-ha-un-santo-protettore\/","title":{"rendered":"I santi patroni d&#8217;Europa: ogni paese ha un santo protettore"},"content":{"rendered":"<h4><em>Ogni Paese ha il suo santo protettore: in questo articolo scoprirai tutti i santi protettori d&#8217;Europa!<\/em><\/h4>\n\n<p>Paese che vai&#8230; santo che trovi. Conoscendo la storia dell&#8217;Europa e dei paesi che la compongono, ci si rende conto che molti dei cambiamenti e dei passaggi importanti della storia europea sono legati ad alcuni santi e sante. Molti di questi durante e dopo la loro vita hanno contribuito a cambiare non solo la Chiesa ma anche il mondo &#8211; <a href=\"https:\/\/www.holyart.it\/blog\/santi-e-beati\/santi-sante-cambiato-mondo\/\"><strong>in uno dei nostri articoli<\/strong><\/a> abbiamo presentato alcuni di questi personaggi. L&#8217;Europa e i suoi stati, lungo la storia, con il contributo dei papi e per la devozione del popolo, sono stati affidati alla protezione di alcuni santi particolari.<\/p>\n<p>Ecco quali sono i <strong>santi patroni dell&#8217;Europa<\/strong> come continente e di alcuni degli stati che la compongono.<\/p>\n<div class=\"link-article\">\n<p><img loading=\"lazy\" decoding=\"async\" class=\"size-full wp-image-13617 alignleft\" src=\"https:\/\/blog.holyart.it\/it\/wp-content\/uploads\/sites\/17\/2021\/07\/santi.jpg\" alt=\"\" width=\"150\" height=\"99\" data-kale-share-title=\"I santi patroni d\u2019Europa: ogni paese ha un santo protettore\" data-kale-share-url=\"https:\/\/blog.holyart.it\/it\/?p=13616\" \/><\/p>\n<div class=\"leggi-anche\">Leggi anche:<\/div>\n<p><strong><a href=\"https:\/\/www.holyart.it\/blog\/santi-e-beati\/santi-sante-cambiato-mondo\/\">Santi e sante che hanno cambiato il mondo<\/a><\/strong><br \/>\nSoffermiamoci su quelle forze spirituali e personalit\u00e0 carismatiche che hanno contribuito alla cristianizzazione dell\u2019Europa&#8230;<\/p>\n<\/div>\n<h2>I Santi patroni d&#8217;Europa<\/h2>\n<p>L&#8217;Europa come continente \u00e8 affidata a diversi patroni. <a href=\"https:\/\/www.holyart.it\/blog\/santi-e-beati\/san-benedetto-norcia-patrono-deuropa\/\"><strong>San Benedetto da Norcia<\/strong><\/a> \u00e8 uno di essi, proclamato <a href=\"https:\/\/www.holyart.it\/it\/articoli-religiosi\/crocefissi\/croci-di-san-benedetto\"><strong>patrono d&#8217;Europa<\/strong><\/a> da papa Paolo VI nel 1964. San Benedetto diede un importantissimo contributo allo sviluppo dell&#8217;Europa e di molti suoi paesi con la fondazione dell&#8217;<a href=\"https:\/\/www.holyart.it\/blog\/prodotti-monasteri\/la-congregazione-camaldolese-dellordine-san-benedetto\/\"><strong>Ordine di San Benedetto<\/strong>.<\/a><\/p>\n<div class=\"link-product\">\n<div class=\"blocco-immagine\"><img loading=\"lazy\" decoding=\"async\" class=\"size-full wp-image-13618 alignleft\" src=\"https:\/\/blog.holyart.it\/it\/wp-content\/uploads\/sites\/17\/2021\/07\/medaglia-san-benedetto-zama.jpg\" alt=\"medaglia-san-benedetto-zama\" width=\"100\" height=\"100\" data-kale-share-title=\"I santi patroni d\u2019Europa: ogni paese ha un santo protettore\" data-kale-share-url=\"https:\/\/blog.holyart.it\/it\/?p=13616\" \/><\/div>\n<div class=\"blocco-contenuto\">\n<div class=\"blocco-acquista\">Acquista su Holyart:<\/div>\n<div class=\"blocco-titolo\"><a href=\"https:\/\/www.holyart.it\/it\/articoli-religiosi\/crocefissi\/croci-di-san-benedetto\">Croci e medaglie di san Benedetto<\/a><\/div>\n<div class=\"blocco-descrizione\">Scopri le famose croci e medaglie dedicate al Santo!<\/div>\n<\/div>\n<\/div>\n<p>Assieme a San Benedetto, tra i santi patroni d&#8217;Europa troviamo<a href=\"https:\/\/www.holyart.it\/blog\/santi-e-beati\/santa-caterina-da-siena-patrona-ditalia\/\"> <strong>Santa Caterina da Siena<\/strong><\/a>, a cui l&#8217;Europa \u00e8 stata affidata nel 1999 da papa Giovanni Paolo II.<\/p>\n<p>Anche <a href=\"https:\/\/www.holyart.it\/it\/articoli-religiosi\/rosari-e-portarosari\/rosari-e-corone-devozionali\/rosario-devozionale-santa-brigida\"><strong>Santa Brigida di Svezia<\/strong><\/a> figura tra i patroni del continente europeo. Anch&#8217;essa fu proclamata compatrona d&#8217;Europa nel 1999 insieme a Santa Caterina.<\/p>\n<p>Gli altri santi patroni d&#8217;Europa sono Cirillo e Metodio, fratelli evangelizzatori dei popoli slavi, e Santa Teresa Benedetta della Croce (Edith Stein).<\/p>\n<h3>Santi patroni d&#8217;Italia: San Francesco e Santa Caterina<\/h3>\n<p>I Santi patroni a cui \u00e8 affidata l&#8217;Italia sono <strong><a href=\"https:\/\/www.holyart.it\/it\/articoli-religiosi\/statue\/statue-in-legno-dipinto\/san-francesco-d-assisi-con-animali-legno-valgardena\">San Francesco d&#8217;Assisi<\/a> e Santa Caterina da Siena<\/strong>. Vennero proclamati patroni d&#8217;Italia da papa Pio XI nel 1939. San Francesco fu protagonista del grande cambiamento nella Chiesa e nella vita degli italiani grazie alla sua scelta di <a href=\"https:\/\/www.holyart.it\/blog\/articoli-religiosi\/il-cantico-delle-creature-di-san-francesco\/\"><strong>servizio alla Chiesa nella povert\u00e0<\/strong><\/a>. Nel periodo storico in cui visse, la Chiesa necessitava di una riforma per renderla pi\u00f9 coerente ai propri insegnamenti e vicina a i fedeli: la vocazione di San Francesco e la sua dedizione a Cristo portarono un grande rinnovamento nella vita della Chiesa.<\/p>\n<p><a href=\"https:\/\/www.holyart.it\/it\/articoli-religiosi\/statue\/statue-in-resina-e-pvc\/santa-caterina-da-siena-40-cm-statua-resina\"><strong>Santa Caterina da Siena<\/strong><\/a> fu una donna di spicco nella societ\u00e0 medievale e contribu\u00ec al ritorno a Roma del pontefice dopo la cattivit\u00e0 avignonese. Venne convocata da papa Urbano VI, cosa non scontata per una donna al tempo, e durante la sua vita le venne riconosciuta una posizione di rilievo tra gli studiosi, i politici e i personaggi di spicco della societ\u00e0 europea.<\/p>\n<div class=\"link-product\">\n<div class=\"blocco-immagine\"><img loading=\"lazy\" decoding=\"async\" class=\"size-full wp-image-17795 alignleft\" src=\"https:\/\/blog.holyart.it\/it\/wp-content\/uploads\/sites\/17\/2021\/07\/Santa-Caterina-da-Siena.jpg\" alt=\"Santa Caterina da Siena\" width=\"100\" height=\"100\" data-kale-share-title=\"I santi patroni d\u2019Europa: ogni paese ha un santo protettore\" data-kale-share-url=\"https:\/\/blog.holyart.it\/it\/santi-e-beati\/i-santi-patroni-deuropa-ogni-paese-ha-un-santo-protettore\/\" \/><\/div>\n<div class=\"blocco-contenuto\">\n<div class=\"blocco-acquista\">Acquista su Holyart:<\/div>\n<div class=\"blocco-titolo\"><a href=\"https:\/\/www.holyart.it\/it\/articoli-religiosi\/statue\/statue-in-resina-e-pvc\/santa-caterina-da-siena-40-cm-statua-resina\">Santa Caterina da Siena 40 cm statua resina<\/a><\/div>\n<div class=\"blocco-descrizione\">La Santa ha in una mano un libro e nell&#8217;altra dei gigli.<\/div>\n<\/div>\n<\/div>\n<h3>Santi patroni di Francia: Santa Giovanna d&#8217;Arco<\/h3>\n<p>Pensando alla Francia, uno dei primi nomi che viene in mente \u00e8 quello di <strong>Giovanna d&#8217;Arco, <a href=\"https:\/\/www.holyart.it\/blog\/santi-e-beati\/simbolo-di-fede-e-coraggio-giovanna-darco-la-santa-guerriera\/\">la pulzella d&#8217;Orleans<\/a><\/strong>. Insieme a Maria SS. Assunta, San Martino di Tours e <a href=\"https:\/\/www.holyart.it\/blog\/articoli-religiosi\/santa-teresa-di-lisieux-e-il-miracolo-delle-rose\/\"><strong>Santa Teresa di Lisieux<\/strong><\/a>, \u00e8 patrona dello stato francese da dopo la canonizzazione del 1920. Santa Giovanna d&#8217;Arco \u00e8 famosa per le sue gesta in guerra. Contribu\u00ec a recuperare parte dei territori francesi che l&#8217;Inghilterra aveva conquistato durante la Guerra dei Cent&#8217;anni, e tenne alto il vessillo di uno stato cattolico sotto la protezione di Dio. Venne catturata dagli inglesi, processata, falsamente accusata di eresia e bruciata sul rogo. Il processo venne dichiarato nullo nel 1456 da papa Callisto III.<\/p>\n<div class=\"link-product\">\n<div class=\"blocco-immagine\"><img loading=\"lazy\" decoding=\"async\" class=\"alignnone size-full wp-image-9562\" src=\"https:\/\/blog.holyart.it\/it\/wp-content\/uploads\/sites\/17\/2020\/05\/quadro-santa-giovanna-darco.jpg\" alt=\"quadro-santa-giovanna-darco\" width=\"100\" height=\"100\" \/><\/div>\n<div class=\"blocco-contenuto\">\n<div class=\"blocco-acquista\">Acquista su Holyart:<\/div>\n<div class=\"blocco-titolo\"><a href=\"https:\/\/www.holyart.it\/it\/articoli-religiosi\/quadri-stampe-codici-miniati\/quadro-santa-giovanna-darco\">Quadro Santa Giovanna d&#8217;Arco<\/a><\/div>\n<div class=\"blocco-descrizione\">Stampa su tela di Giovanna d&#8217;Arco, la Pulzella d&#8217;Orleans<\/div>\n<\/div>\n<\/div>\n<h3>Santi patroni della Germania: San Michele Arcangelo<\/h3>\n<p>Uno dei patroni della Germania \u00e8 <a href=\"https:\/\/www.holyart.it\/it\/articoli-religiosi\/statue\/statue-in-resina-e-pvc\/san-michele-arcangelo-30-cm-resina\"><strong>San Michele Arcangelo<\/strong><\/a>. San Michele, l&#8217;arcangelo guerriero, \u00e8 un santo a cui molti fedeli sono devoti. In uno dei nostri articoli abbiamo parlato della <a href=\"https:\/\/www.holyart.it\/blog\/santi-e-beati\/i-santuari-di-san-michele-arcangelo-mete-di-pellegrinaggio-da-scoprire\/\"><strong>Linea Sacra di San Michele Arcangelo<\/strong><\/a>: una retta che collega in linea d&#8217;aria sette santuari dedicati a San Michele, misteriosamente allineati in modo perfetto. A San Michele sono dedicate diverse chiese tedesche, come quelle di Amburgo, Monaco di Baviera e Hildesheim.<\/p>\n<div class=\"link-article\">\n<p><img loading=\"lazy\" decoding=\"async\" class=\"size-full wp-image-13619 alignleft\" src=\"https:\/\/blog.holyart.it\/it\/wp-content\/uploads\/sites\/17\/2021\/07\/pellegrinaggio-mont-saint-michel.jpeg\" alt=\"Mont Saint Michel.\" width=\"150\" height=\"99\" data-kale-share-title=\"I santi patroni d\u2019Europa: ogni paese ha un santo protettore\" data-kale-share-url=\"https:\/\/blog.holyart.it\/it\/?p=13616\" \/><\/p>\n<div class=\"leggi-anche\">Leggi anche:<\/div>\n<p><strong><a href=\"https:\/\/www.holyart.it\/blog\/santi-e-beati\/i-santuari-di-san-michele-arcangelo-mete-di-pellegrinaggio-da-scoprire\/\">I santuari di San Michele Arcangelo: mete di pellegrinaggio<\/a><\/strong><br \/>\nCon le sue apparizioni e i suoi santuari san Michele Arcangelo affascina ancora oggi: scopriamo la Linea Sacra di San Michele Arcangelo.<\/p>\n<\/div>\n<h3>Santi patroni della Polonia: Maria Santissima Regina<\/h3>\n<p>La Polonia ha diversi santi patroni: San Casimiro, Santa Cunegonda regina, Sant&#8217;Alberto di Praga, Santo Stanislao vescovo, Santo Stanislao Kostka, Sant&#8217;Andrea Bobola, San Floriano. Ma la prima protettrice della Polonia, la figura pi\u00f9 amata e cara ai fedeli polacchi \u00e8 <a href=\"https:\/\/www.holyart.it\/it\/articoli-religiosi\/quadri-stampe-codici-miniati\/quadro-su-tela-pittorica-madonna-di-czestochowa-40x30-cm\"><strong>Maria Santissima, Regina della Polonia<\/strong><\/a>. IL legame tra la Polonia e la figura di Maria \u00e8 molto antico. La Polonia \u00e8 un luogo in cui si trovano molte rappresentazioni della Vergine, dalle icone agli affreschi. Anche <a href=\"https:\/\/www.holyart.it\/it\/occasioni-speciali\/giovanni-paolo-ii\"><strong>San Giovanni Paolo II, primo papa polacco<\/strong><\/a>, si \u00e8 distinto negli anni del suo pontificato per la devozione a Maria.<\/p>\n<h3>Santi patroni della Spagna: San Giacomo<\/h3>\n<p>I santi patroni della Spagna sono la Madonna del Pilar, l&#8217;Immacolata Concezione, <a href=\"https:\/\/www.holyart.it\/it\/articoli-religiosi\/statue\/statue-in-legno-naturale\/santa-teresa-davila-con-corona-di-spine-naturale-legno-valgardena\"><strong>santa Teresa d&#8217;Avila<\/strong><\/a> e naturalmente <strong>San Giacomo<\/strong>. In spagnolo l&#8217;equivalente di Giacomo \u00e8 <a href=\"https:\/\/www.holyart.it\/it\/articoli-religiosi\/statue\/statue-in-resina-e-pvc\/statua-san-giacomo-15-cm-moranduzzo\"><strong>Santiago<\/strong><\/a>. Proprio il Camino de Santiago \u00e8 uno dei luoghi che attrae pi\u00f9 pellegrini al mondo verso la Spagna.<\/p>\n<h3>Santi patroni del Portogallo: Sant&#8217;Antonio da Padova<\/h3>\n<p>Il Portogallo \u00e8 affidato a Maria SS. Immacolata, san Giorgio, San Gabriele Arcangelo, San Francesco Borgia e <a href=\"https:\/\/www.holyart.it\/blog\/santi-e-beati\/santantonio-da-padova-il-santo-dei-miracoli\/\"><strong>Sant&#8217;Antonio da Padova<\/strong><\/a>. Per quest&#8217;ultimo si celebra una grande festa nella capitale portoghese.<\/p>\n<div class=\"link-article\">\n<p><img loading=\"lazy\" decoding=\"async\" class=\"alignleft size-full wp-image-13622\" src=\"https:\/\/blog.holyart.it\/it\/wp-content\/uploads\/sites\/17\/2021\/07\/SantAntonio-da-Padova.jpg\" alt=\"SantAntonio-da-Padova\" width=\"150\" height=\"103\" data-kale-share-title=\"I santi patroni d\u2019Europa: ogni paese ha un santo protettore\" data-kale-share-url=\"https:\/\/blog.holyart.it\/it\/?p=13616\" \/><\/p>\n<div class=\"leggi-anche\">Leggi anche:<\/div>\n<p><strong><a href=\"https:\/\/www.holyart.it\/blog\/santi-e-beati\/santantonio-da-padova-il-santo-dei-miracoli\/\">Sant\u2019Antonio da Padova: il Santo dei miracoli<\/a><\/strong><br \/>\nIncaricato dell\u2019insegnamento della teologia da San Francesco d\u2019Assisi in persona \u00e8 uno dei santi pi\u00f9 amati e venerati dai cattolici.<\/p>\n<\/div>\n<h3>Santi patroni del Regno Unito: San Giorgio<\/h3>\n<p>Il Regno Unito ha santi patroni diversi a seconda della nazione: San Davide per il Galles, San Patrizio per l&#8217;Irlanda del Nord, Sant&#8217;Andrea Apostolo e San Columba per la Scozia, Nostra Signora di Walsingham e San Giorgio per l&#8217;Inghilterra. <strong>San Giorgio<\/strong> \u00e8 un santo molto amato nel mondo inglese, nonostante non si conoscano molti dettagli della sua storia. Quello che \u00e8 noto \u00e8 che era un cavaliere: spesso viene rappresentato a cavallo, con spada o lancia, intento a sgominare un drago che rappresenta il male e il peccato. Se vuoi sapere qualcosa di pi\u00f9 su <a href=\"https:\/\/www.holyart.it\/blog\/santi-e-beati\/la-storia-di-san-giorgio-che-uccise-un-drago\/\"><strong>San Giorgio e la sua leggendaria lotta contro il drago<\/strong><\/a>, leggi l&#8217;articolo che gli abbiamo dedicato.<\/p>\n<div class=\"link-article\">\n<p><img loading=\"lazy\" decoding=\"async\" class=\"alignleft size-full wp-image-13624\" src=\"https:\/\/blog.holyart.it\/it\/wp-content\/uploads\/sites\/17\/2021\/07\/san-giorgio-e-il-drago.jpeg\" alt=\"san giorgio e il drago\" width=\"150\" height=\"99\" data-kale-share-title=\"I santi patroni d\u2019Europa: ogni paese ha un santo protettore\" data-kale-share-url=\"https:\/\/blog.holyart.it\/it\/?p=13616\" \/><\/p>\n<div class=\"leggi-anche\">Leggi anche:<\/div>\n<p><strong><a href=\"https:\/\/www.holyart.it\/blog\/santi-e-beati\/la-storia-di-san-giorgio-che-uccise-un-drago\/\">La storia di San Giorgio che uccise un drago<\/a><\/strong><br \/>\nLa leggenda di San Giorgio e il drago \u00e8 divenuta col tempo una parabola della lotta tra il bene e il male. Ma chi era davvero San Giorgio?<\/p>\n<\/div>\n<h3>Santi patroni d&#8217;Irlanda: San Patrizio<\/h3>\n<p>Infine, come dimenticare il tanto celebrato giorno di <a href=\"https:\/\/www.holyart.it\/it\/articoli-religiosi\/statue\/statue-in-resina-e-pvc\/statua-san-patrizio-30-cm-resina-colorata\"><strong>San Patrizio<\/strong><\/a>? Insieme a Santa Brigida di Kildare e San Columba, San Patrizio \u00e8<a href=\"https:\/\/www.holyart.it\/blog\/santi-e-beati\/san-patrizio-la-festa-curiosita-e-storia\/\"><strong> patrono dell&#8217;Irlanda<\/strong><\/a>. Nelle sue rappresentazioni \u00e8 spesso vestito di verde, colore simbolo dell&#8217;Irlanda. Fu un vescovo dal ruolo molto importante nella catechesi degli irlandesi: spesso si ricorda l&#8217;analogia del trifoglio, usata per spiegare il mistero della Santissima Trinit\u00e0, attribuita proprio a San Patrizio.<\/p>\n<div class=\"link-article\">\n<p><img loading=\"lazy\" decoding=\"async\" class=\"alignleft size-full wp-image-10013\" src=\"https:\/\/blog.holyart.it\/it\/wp-content\/uploads\/sites\/17\/2020\/07\/san-patrizio.jpg\" alt=\"san-patrizio\" width=\"150\" height=\"99\" data-kale-share-title=\"Santi e birra: i Santi birrai e i loro miracoli\" data-kale-share-url=\"https:\/\/blog.holyart.it\/it\/?p=10007\" \/><\/p>\n<div class=\"leggi-anche\">Leggi anche:<\/div>\n<p><strong><a href=\"https:\/\/www.holyart.it\/blog\/santi-e-beati\/san-patrizio-la-festa-curiosita-e-storia\/\">San Patrizio: la festa, curiosit\u00e0 e storia<\/a><\/strong><br \/>\nIl 17 marzo si festeggia San Patrizio, Patrono d\u2019Irlanda. Una festa piena di allegria, colori (soprattutto il verde) e musica&#8230;<\/p>\n<\/div>\n","protected":false},"excerpt":{"rendered":"<p>Ogni Paese ha il suo santo protettore: in questo articolo scoprirai tutti i santi protettori d&#8217;Europa! Paese che vai&#8230; santo che trovi. Conoscendo la storia dell&#8217;Europa e dei paesi che la compongono, ci si rende conto che molti dei cambiamenti e dei passaggi importanti della&hellip;<\/p>\n","protected":false},"author":1,"featured_media":13632,"comment_status":"closed","ping_status":"open","sticky":false,"template":"","format":"standard","meta":{"_acf_changed":false,"footnotes":""},"categories":[15],"tags":[],"class_list":["post-13616","post","type-post","status-publish","format-standard","has-post-thumbnail","hentry","category-santi-e-beati"],"acf":[],"yoast_head":"<!-- This site is optimized with the Yoast SEO plugin v26.6 - https:\/\/yoast.com\/wordpress\/plugins\/seo\/ -->\n<title>I santi patroni d&#039;Europa: ogni paese ha un santo protettore - Holyblog<\/title>\n<meta name=\"description\" content=\"Paese che vai\u2026 santo che trovi. Ogni Paese ha il suo santo protettore: in questo articolo scoprirai tutti i santi protettori d&#039;Europa!\" \/>\n<meta name=\"robots\" content=\"index, follow, max-snippet:-1, max-image-preview:large, max-video-preview:-1\" \/>\n<link rel=\"canonical\" href=\"https:\/\/blog.holyart.it\/it\/santi-e-beati\/i-santi-patroni-deuropa-ogni-paese-ha-un-santo-protettore\/\" \/>\n<meta property=\"og:locale\" content=\"it_IT\" \/>\n<meta property=\"og:type\" content=\"article\" \/>\n<meta property=\"og:title\" content=\"I santi patroni d&#039;Europa: ogni paese ha un santo protettore - Holyblog\" \/>\n<meta property=\"og:description\" content=\"Paese che vai\u2026 santo che trovi. Ogni Paese ha il suo santo protettore: in questo articolo scoprirai tutti i santi protettori d&#039;Europa!\" \/>\n<meta property=\"og:url\" content=\"https:\/\/blog.holyart.it\/it\/santi-e-beati\/i-santi-patroni-deuropa-ogni-paese-ha-un-santo-protettore\/\" \/>\n<meta property=\"og:site_name\" content=\"Holyblog\" \/>\n<meta property=\"article:published_time\" content=\"2021-07-01T09:54:44+00:00\" \/>\n<meta property=\"article:modified_time\" content=\"2024-08-30T12:54:24+00:00\" \/>\n<meta property=\"og:image\" content=\"https:\/\/blog.holyart.it\/it\/wp-content\/uploads\/sites\/17\/2021\/07\/santi-patroni.jpeg\" \/>\n\t<meta property=\"og:image:width\" content=\"1000\" \/>\n\t<meta property=\"og:image:height\" content=\"666\" \/>\n\t<meta property=\"og:image:type\" content=\"image\/jpeg\" \/>\n<meta name=\"author\" content=\"Redazione\" \/>\n<meta name=\"twitter:card\" content=\"summary_large_image\" \/>\n<meta name=\"twitter:label1\" content=\"Scritto da\" \/>\n\t<meta name=\"twitter:data1\" content=\"Redazione\" \/>\n\t<meta name=\"twitter:label2\" content=\"Tempo di lettura stimato\" \/>\n\t<meta name=\"twitter:data2\" content=\"9 minuti\" \/>\n<script type=\"application\/ld+json\" class=\"yoast-schema-graph\">{\"@context\":\"https:\/\/schema.org\",\"@graph\":[{\"@type\":\"Article\",\"@id\":\"https:\/\/blog.holyart.it\/it\/santi-e-beati\/i-santi-patroni-deuropa-ogni-paese-ha-un-santo-protettore\/#article\",\"isPartOf\":{\"@id\":\"https:\/\/blog.holyart.it\/it\/santi-e-beati\/i-santi-patroni-deuropa-ogni-paese-ha-un-santo-protettore\/\"},\"author\":{\"name\":\"Redazione\",\"@id\":\"https:\/\/blog.holyart.it\/it\/#\/schema\/person\/0a7b686e5af0f856ec1e390dd0baecda\"},\"headline\":\"I santi patroni d&#8217;Europa: ogni paese ha un santo protettore\",\"datePublished\":\"2021-07-01T09:54:44+00:00\",\"dateModified\":\"2024-08-30T12:54:24+00:00\",\"mainEntityOfPage\":{\"@id\":\"https:\/\/blog.holyart.it\/it\/santi-e-beati\/i-santi-patroni-deuropa-ogni-paese-ha-un-santo-protettore\/\"},\"wordCount\":1188,\"publisher\":{\"@id\":\"https:\/\/blog.holyart.it\/it\/#organization\"},\"image\":{\"@id\":\"https:\/\/blog.holyart.it\/it\/santi-e-beati\/i-santi-patroni-deuropa-ogni-paese-ha-un-santo-protettore\/#primaryimage\"},\"thumbnailUrl\":\"https:\/\/blog.holyart.it\/it\/wp-content\/uploads\/sites\/17\/2021\/07\/santi-patroni.jpeg\",\"articleSection\":[\"Santi e beati\"],\"inLanguage\":\"it-IT\"},{\"@type\":\"WebPage\",\"@id\":\"https:\/\/blog.holyart.it\/it\/santi-e-beati\/i-santi-patroni-deuropa-ogni-paese-ha-un-santo-protettore\/\",\"url\":\"https:\/\/blog.holyart.it\/it\/santi-e-beati\/i-santi-patroni-deuropa-ogni-paese-ha-un-santo-protettore\/\",\"name\":\"I santi patroni d'Europa: ogni paese ha un santo protettore - Holyblog\",\"isPartOf\":{\"@id\":\"https:\/\/blog.holyart.it\/it\/#website\"},\"primaryImageOfPage\":{\"@id\":\"https:\/\/blog.holyart.it\/it\/santi-e-beati\/i-santi-patroni-deuropa-ogni-paese-ha-un-santo-protettore\/#primaryimage\"},\"image\":{\"@id\":\"https:\/\/blog.holyart.it\/it\/santi-e-beati\/i-santi-patroni-deuropa-ogni-paese-ha-un-santo-protettore\/#primaryimage\"},\"thumbnailUrl\":\"https:\/\/blog.holyart.it\/it\/wp-content\/uploads\/sites\/17\/2021\/07\/santi-patroni.jpeg\",\"datePublished\":\"2021-07-01T09:54:44+00:00\",\"dateModified\":\"2024-08-30T12:54:24+00:00\",\"description\":\"Paese che vai\u2026 santo che trovi. Ogni Paese ha il suo santo protettore: in questo articolo scoprirai tutti i santi protettori d'Europa!\",\"breadcrumb\":{\"@id\":\"https:\/\/blog.holyart.it\/it\/santi-e-beati\/i-santi-patroni-deuropa-ogni-paese-ha-un-santo-protettore\/#breadcrumb\"},\"inLanguage\":\"it-IT\",\"potentialAction\":[{\"@type\":\"ReadAction\",\"target\":[\"https:\/\/blog.holyart.it\/it\/santi-e-beati\/i-santi-patroni-deuropa-ogni-paese-ha-un-santo-protettore\/\"]}]},{\"@type\":\"ImageObject\",\"inLanguage\":\"it-IT\",\"@id\":\"https:\/\/blog.holyart.it\/it\/santi-e-beati\/i-santi-patroni-deuropa-ogni-paese-ha-un-santo-protettore\/#primaryimage\",\"url\":\"https:\/\/blog.holyart.it\/it\/wp-content\/uploads\/sites\/17\/2021\/07\/santi-patroni.jpeg\",\"contentUrl\":\"https:\/\/blog.holyart.it\/it\/wp-content\/uploads\/sites\/17\/2021\/07\/santi-patroni.jpeg\",\"width\":1000,\"height\":666,\"caption\":\"santi patroni\"},{\"@type\":\"BreadcrumbList\",\"@id\":\"https:\/\/blog.holyart.it\/it\/santi-e-beati\/i-santi-patroni-deuropa-ogni-paese-ha-un-santo-protettore\/#breadcrumb\",\"itemListElement\":[{\"@type\":\"ListItem\",\"position\":1,\"name\":\"Homepage\",\"item\":\"https:\/\/blog.holyart.it\/it\/\"},{\"@type\":\"ListItem\",\"position\":2,\"name\":\"Santi e beati\",\"item\":\"https:\/\/blog.holyart.it\/it\/santi-e-beati\/\"},{\"@type\":\"ListItem\",\"position\":3,\"name\":\"I santi patroni d&#8217;Europa: ogni paese ha un santo protettore\"}]},{\"@type\":\"WebSite\",\"@id\":\"https:\/\/blog.holyart.it\/it\/#website\",\"url\":\"https:\/\/blog.holyart.it\/it\/\",\"name\":\"Holyblog\",\"description\":\"Il Blog di Holyart.it\",\"publisher\":{\"@id\":\"https:\/\/blog.holyart.it\/it\/#organization\"},\"potentialAction\":[{\"@type\":\"SearchAction\",\"target\":{\"@type\":\"EntryPoint\",\"urlTemplate\":\"https:\/\/blog.holyart.it\/it\/?s={search_term_string}\"},\"query-input\":{\"@type\":\"PropertyValueSpecification\",\"valueRequired\":true,\"valueName\":\"search_term_string\"}}],\"inLanguage\":\"it-IT\"},{\"@type\":\"Organization\",\"@id\":\"https:\/\/blog.holyart.it\/it\/#organization\",\"name\":\"Holyblog\",\"url\":\"https:\/\/blog.holyart.it\/it\/\",\"logo\":{\"@type\":\"ImageObject\",\"inLanguage\":\"it-IT\",\"@id\":\"https:\/\/blog.holyart.it\/it\/#\/schema\/logo\/image\/\",\"url\":\"https:\/\/blog.holyart.it\/it\/wp-content\/uploads\/sites\/17\/2022\/12\/Holyart_Blog_Logo.jpg\",\"contentUrl\":\"https:\/\/blog.holyart.it\/it\/wp-content\/uploads\/sites\/17\/2022\/12\/Holyart_Blog_Logo.jpg\",\"width\":300,\"height\":50,\"caption\":\"Holyblog\"},\"image\":{\"@id\":\"https:\/\/blog.holyart.it\/it\/#\/schema\/logo\/image\/\"}},{\"@type\":\"Person\",\"@id\":\"https:\/\/blog.holyart.it\/it\/#\/schema\/person\/0a7b686e5af0f856ec1e390dd0baecda\",\"name\":\"Redazione\"}]}<\/script>\n<!-- \/ Yoast SEO plugin. -->","yoast_head_json":{"title":"I santi patroni d'Europa: ogni paese ha un santo protettore - Holyblog","description":"Paese che vai\u2026 santo che trovi. Ogni Paese ha il suo santo protettore: in questo articolo scoprirai tutti i santi protettori d'Europa!","robots":{"index":"index","follow":"follow","max-snippet":"max-snippet:-1","max-image-preview":"max-image-preview:large","max-video-preview":"max-video-preview:-1"},"canonical":"https:\/\/blog.holyart.it\/it\/santi-e-beati\/i-santi-patroni-deuropa-ogni-paese-ha-un-santo-protettore\/","og_locale":"it_IT","og_type":"article","og_title":"I santi patroni d'Europa: ogni paese ha un santo protettore - Holyblog","og_description":"Paese che vai\u2026 santo che trovi. Ogni Paese ha il suo santo protettore: in questo articolo scoprirai tutti i santi protettori d'Europa!","og_url":"https:\/\/blog.holyart.it\/it\/santi-e-beati\/i-santi-patroni-deuropa-ogni-paese-ha-un-santo-protettore\/","og_site_name":"Holyblog","article_published_time":"2021-07-01T09:54:44+00:00","article_modified_time":"2024-08-30T12:54:24+00:00","og_image":[{"width":1000,"height":666,"url":"https:\/\/blog.holyart.it\/it\/wp-content\/uploads\/sites\/17\/2021\/07\/santi-patroni.jpeg","type":"image\/jpeg"}],"author":"Redazione","twitter_card":"summary_large_image","twitter_misc":{"Scritto da":"Redazione","Tempo di lettura stimato":"9 minuti"},"schema":{"@context":"https:\/\/schema.org","@graph":[{"@type":"Article","@id":"https:\/\/blog.holyart.it\/it\/santi-e-beati\/i-santi-patroni-deuropa-ogni-paese-ha-un-santo-protettore\/#article","isPartOf":{"@id":"https:\/\/blog.holyart.it\/it\/santi-e-beati\/i-santi-patroni-deuropa-ogni-paese-ha-un-santo-protettore\/"},"author":{"name":"Redazione","@id":"https:\/\/blog.holyart.it\/it\/#\/schema\/person\/0a7b686e5af0f856ec1e390dd0baecda"},"headline":"I santi patroni d&#8217;Europa: ogni paese ha un santo protettore","datePublished":"2021-07-01T09:54:44+00:00","dateModified":"2024-08-30T12:54:24+00:00","mainEntityOfPage":{"@id":"https:\/\/blog.holyart.it\/it\/santi-e-beati\/i-santi-patroni-deuropa-ogni-paese-ha-un-santo-protettore\/"},"wordCount":1188,"publisher":{"@id":"https:\/\/blog.holyart.it\/it\/#organization"},"image":{"@id":"https:\/\/blog.holyart.it\/it\/santi-e-beati\/i-santi-patroni-deuropa-ogni-paese-ha-un-santo-protettore\/#primaryimage"},"thumbnailUrl":"https:\/\/blog.holyart.it\/it\/wp-content\/uploads\/sites\/17\/2021\/07\/santi-patroni.jpeg","articleSection":["Santi e beati"],"inLanguage":"it-IT"},{"@type":"WebPage","@id":"https:\/\/blog.holyart.it\/it\/santi-e-beati\/i-santi-patroni-deuropa-ogni-paese-ha-un-santo-protettore\/","url":"https:\/\/blog.holyart.it\/it\/santi-e-beati\/i-santi-patroni-deuropa-ogni-paese-ha-un-santo-protettore\/","name":"I santi patroni d'Europa: ogni paese ha un santo protettore - Holyblog","isPartOf":{"@id":"https:\/\/blog.holyart.it\/it\/#website"},"primaryImageOfPage":{"@id":"https:\/\/blog.holyart.it\/it\/santi-e-beati\/i-santi-patroni-deuropa-ogni-paese-ha-un-santo-protettore\/#primaryimage"},"image":{"@id":"https:\/\/blog.holyart.it\/it\/santi-e-beati\/i-santi-patroni-deuropa-ogni-paese-ha-un-santo-protettore\/#primaryimage"},"thumbnailUrl":"https:\/\/blog.holyart.it\/it\/wp-content\/uploads\/sites\/17\/2021\/07\/santi-patroni.jpeg","datePublished":"2021-07-01T09:54:44+00:00","dateModified":"2024-08-30T12:54:24+00:00","description":"Paese che vai\u2026 santo che trovi. Ogni Paese ha il suo santo protettore: in questo articolo scoprirai tutti i santi protettori d'Europa!","breadcrumb":{"@id":"https:\/\/blog.holyart.it\/it\/santi-e-beati\/i-santi-patroni-deuropa-ogni-paese-ha-un-santo-protettore\/#breadcrumb"},"inLanguage":"it-IT","potentialAction":[{"@type":"ReadAction","target":["https:\/\/blog.holyart.it\/it\/santi-e-beati\/i-santi-patroni-deuropa-ogni-paese-ha-un-santo-protettore\/"]}]},{"@type":"ImageObject","inLanguage":"it-IT","@id":"https:\/\/blog.holyart.it\/it\/santi-e-beati\/i-santi-patroni-deuropa-ogni-paese-ha-un-santo-protettore\/#primaryimage","url":"https:\/\/blog.holyart.it\/it\/wp-content\/uploads\/sites\/17\/2021\/07\/santi-patroni.jpeg","contentUrl":"https:\/\/blog.holyart.it\/it\/wp-content\/uploads\/sites\/17\/2021\/07\/santi-patroni.jpeg","width":1000,"height":666,"caption":"santi patroni"},{"@type":"BreadcrumbList","@id":"https:\/\/blog.holyart.it\/it\/santi-e-beati\/i-santi-patroni-deuropa-ogni-paese-ha-un-santo-protettore\/#breadcrumb","itemListElement":[{"@type":"ListItem","position":1,"name":"Homepage","item":"https:\/\/blog.holyart.it\/it\/"},{"@type":"ListItem","position":2,"name":"Santi e beati","item":"https:\/\/blog.holyart.it\/it\/santi-e-beati\/"},{"@type":"ListItem","position":3,"name":"I santi patroni d&#8217;Europa: ogni paese ha un santo protettore"}]},{"@type":"WebSite","@id":"https:\/\/blog.holyart.it\/it\/#website","url":"https:\/\/blog.holyart.it\/it\/","name":"Holyblog","description":"Il Blog di Holyart.it","publisher":{"@id":"https:\/\/blog.holyart.it\/it\/#organization"},"potentialAction":[{"@type":"SearchAction","target":{"@type":"EntryPoint","urlTemplate":"https:\/\/blog.holyart.it\/it\/?s={search_term_string}"},"query-input":{"@type":"PropertyValueSpecification","valueRequired":true,"valueName":"search_term_string"}}],"inLanguage":"it-IT"},{"@type":"Organization","@id":"https:\/\/blog.holyart.it\/it\/#organization","name":"Holyblog","url":"https:\/\/blog.holyart.it\/it\/","logo":{"@type":"ImageObject","inLanguage":"it-IT","@id":"https:\/\/blog.holyart.it\/it\/#\/schema\/logo\/image\/","url":"https:\/\/blog.holyart.it\/it\/wp-content\/uploads\/sites\/17\/2022\/12\/Holyart_Blog_Logo.jpg","contentUrl":"https:\/\/blog.holyart.it\/it\/wp-content\/uploads\/sites\/17\/2022\/12\/Holyart_Blog_Logo.jpg","width":300,"height":50,"caption":"Holyblog"},"image":{"@id":"https:\/\/blog.holyart.it\/it\/#\/schema\/logo\/image\/"}},{"@type":"Person","@id":"https:\/\/blog.holyart.it\/it\/#\/schema\/person\/0a7b686e5af0f856ec1e390dd0baecda","name":"Redazione"}]}},"_links":{"self":[{"href":"https:\/\/blog.holyart.it\/it\/wp-json\/wp\/v2\/posts\/13616","targetHints":{"allow":["GET"]}}],"collection":[{"href":"https:\/\/blog.holyart.it\/it\/wp-json\/wp\/v2\/posts"}],"about":[{"href":"https:\/\/blog.holyart.it\/it\/wp-json\/wp\/v2\/types\/post"}],"author":[{"embeddable":true,"href":"https:\/\/blog.holyart.it\/it\/wp-json\/wp\/v2\/users\/1"}],"replies":[{"embeddable":true,"href":"https:\/\/blog.holyart.it\/it\/wp-json\/wp\/v2\/comments?post=13616"}],"version-history":[{"count":2,"href":"https:\/\/blog.holyart.it\/it\/wp-json\/wp\/v2\/posts\/13616\/revisions"}],"predecessor-version":[{"id":17797,"href":"https:\/\/blog.holyart.it\/it\/wp-json\/wp\/v2\/posts\/13616\/revisions\/17797"}],"wp:featuredmedia":[{"embeddable":true,"href":"https:\/\/blog.holyart.it\/it\/wp-json\/wp\/v2\/media\/13632"}],"wp:attachment":[{"href":"https:\/\/blog.holyart.it\/it\/wp-json\/wp\/v2\/media?parent=13616"}],"wp:term":[{"taxonomy":"category","embeddable":true,"href":"https:\/\/blog.holyart.it\/it\/wp-json\/wp\/v2\/categories?post=13616"},{"taxonomy":"post_tag","embeddable":true,"href":"https:\/\/blog.holyart.it\/it\/wp-json\/wp\/v2\/tags?post=13616"}],"curies":[{"name":"wp","href":"https:\/\/api.w.org\/{rel}","templated":true}]}}