{"id":13457,"date":"2021-06-10T15:16:56","date_gmt":"2021-06-10T13:16:56","guid":{"rendered":"https:\/\/blog.holyart.it\/it\/?p=13457"},"modified":"2025-10-10T15:59:02","modified_gmt":"2025-10-10T13:59:02","slug":"fede-speranza-e-carita-virtu-teologali","status":"publish","type":"post","link":"https:\/\/blog.holyart.it\/it\/articoli-religiosi\/fede-speranza-e-carita-virtu-teologali\/","title":{"rendered":"Fede, speranza e carit\u00e0: virt\u00f9 teologali"},"content":{"rendered":"<h4><em>Fede, speranza e carit\u00e0 sono le tre virt\u00f9 teologali. Determinano il legame tra uomo e Dio e l\u2019agire morale cristiano. Ma conosciamo davvero bene queste tre virt\u00f9?<\/em><\/h4>\n\n<p>Fede speranza e carit\u00e0 sono solo alcune delle virt\u00f9 che l&#8217;uomo deve coltivare per poter essere considerato buono e degno.<\/p>\n<p>Prima di tutto cerchiamo di chiarire cosa sia una virt\u00f9. Per farlo non c&#8217;\u00e8 niente di meglio che rifarsi al <strong>Catechismo<\/strong> della Chiesa cattolica, secondo il quale la\u00a0virt\u00f9 \u00e8\u00a0<em>una disposizione abituale e ferma a fare il bene<\/em>. Dunque possiamo considerare virt\u00f9 tutti quegli aspetti dell&#8217;indole umana che spingono a compiere buone azioni, ma non solo. Le virt\u00f9 sono<strong> la parte migliore di noi<\/strong>, quelle componenti del nostro essere che ci permettono di dare il meglio in ogni situazione.<\/p>\n<p>Questa tensione verso il bene si traduce in una tensione verso Dio. Chi pratica le virt\u00f9 ambisce a divenire il pi\u00f9 possibile simile a Lui.<\/p>\n<p>Nel corso dei secoli gli uomini hanno cercato di codificare le virt\u00f9 in vario modo.<\/p>\n<p>Gli antichi<strong> greci<\/strong>\u00a0racchiudevano la summa delle virt\u00f9 umane nella\u00a0<em>Aret\u00e9<\/em>, che includeva forza d\u2019animo, vigore morale e prestanza fisica. Chi la possedeva poteva mettere a frutto tutti i propri talenti.\u00a0Platone, nel testo <em>La Repubblica<\/em>, enumera gi\u00e0 quelle che diventeranno per i cristiani le quattro <strong>virt\u00f9 cardinali<\/strong>, ovvero quelle capaci di far esercitare il controllo della parte razionale dell&#8217;anima sulle passioni: <strong>temperanza, coraggio, saggezza, giustizia<\/strong>.<\/p>\n<p>Per gli antichi<strong> romani<\/strong> la Virt\u00f9 era la disposizione dell&#8217;animo rivolta al bene, al compimento ottimale di azioni e modi di essere. L&#8217;uomo virtuoso romano tendeva a fare il meglio possibile ed essere il pi\u00f9 possibile perfetto, compatibilmente con i propri talenti e le proprie doti naturali.<\/p>\n<p>Filosofi di ogni epoca hanno elaborato le loro interpretazioni delle virt\u00f9, con una conseguente codificazione di vita e atteggiamento dell&#8217;uomo verso il mondo.<\/p>\n<p>Noi in questa sede ci limiteremo a parlare delle virt\u00f9 intese da un punto di vista cristiano, intendendo con esse tutte quelle attitudini e disposizioni dell&#8217;animo che regolano l&#8217;agire umano, ordinando le passioni, determinando la condotta, spingendo l&#8217;uomo a condurre una vita moralmente degna. Chi persegue le virt\u00f9 persegue il bene, in modo consapevole e determinato dalla propria volont\u00e0.<\/p>\n<p>Il perseguimento delle virt\u00f9 porta l&#8217;uomo a entrare in comunione con Dio.<\/p>\n<div class=\"link-article\">\n<p><img loading=\"lazy\" decoding=\"async\" class=\"alignleft size-full wp-image-13464\" src=\"https:\/\/blog.holyart.it\/it\/wp-content\/uploads\/sites\/17\/2021\/06\/san-francesco.jpg\" alt=\"san-francesco\" width=\"150\" height=\"99\" data-kale-share-title=\"Fede speranza e carit\u00e0: virt\u00f9 teologali\" data-kale-share-url=\"https:\/\/blog.holyart.it\/it\/?p=13457\" \/><\/p>\n<div class=\"leggi-anche\">Leggi anche:<\/div>\n<p><strong><a href=\"https:\/\/www.holyart.it\/blog\/articoli-religiosi\/il-cantico-delle-creature-di-san-francesco\/\">Il cantico delle creature di San Francesco<\/a><\/strong><br \/>\nSan Francesco d\u2019Assisi \u00e8 uno dei santi pi\u00f9 amati e venerati dalla Chiesa cattolica. Vicino ai poveri, fratello degli ultimi, fece dell\u2019amore&#8230;<\/p>\n<\/div>\n<h2>Virt\u00f9 cardinali<\/h2>\n<p>Le virt\u00f9 cardinali sono quelle che possiamo considerare alla base dell&#8217;eccellenza dell&#8217;essere umano. Il loro stesso nome ci suggerisce come esse siano i <em>cardini<\/em> intorno ai quali si appoggia la natura dell&#8217;uomo virtuoso. Esse sono:<\/p>\n<ul>\n<li><strong>prudenza<\/strong>, spinge l&#8217;uomo a\u00a0controllare le passioni e a riconoscere il bene in ogni situazione, oltre a fargli individuare come perpetrarlo;<\/li>\n<li><strong>giustizia<\/strong>, la\u00a0volont\u00e0 di dare a Dio e\u00a0agli altri uomini ci\u00f2 che \u00e8 giusto e dovuto. Secondo Platone metteva armonia ed\u00a0equilibrio in tutte le altre virt\u00f9, spingendo l&#8217;uomo verso la perfezione;<\/li>\n<li><strong>fortezza<\/strong>, quello che Platone chiamava coraggio, infonde la forza d&#8217;animo che occorre per perseguire le altre virt\u00f9 e cercare il bene;<\/li>\n<li><strong>temperanza<\/strong>, \u00e8\u00a0la spinta verso la ricerca del bene e il controllo su passioni e\u00a0istinti.<\/li>\n<\/ul>\n<h2>Virt\u00f9 intellettuali<\/h2>\n<p>Sono quelle virt\u00f9 che\u00a0regolano il buon uso dell\u2019intelligenza per perfezionare l&#8217;intelletto e avvicinare l&#8217;uomo alla conoscenza della religione e di Dio. Esse sono:<\/p>\n<ul>\n<li><strong>sapienza<\/strong>, la conoscenza teorica\u00a0delle cose, grazie alla quale l\u2019intelletto\u00a0pu\u00f2 risalire a Dio e all&#8217;intangibile;<\/li>\n<li><strong>scienza<\/strong>, permette all&#8217;uomo di conoscere i vari aspetti della\u00a0realt\u00e0 nella\u00a0loro\u00a0verit\u00e0 e concatenazione, elaborando adeguate nozioni;<\/li>\n<li><strong>intelletto<\/strong>, permette all&#8217;uomo di risalire dai pensieri e dai concetti fino ad abbracciare\u00a0realt\u00e0 supreme, cogliendo l&#8217;essenzialit\u00e0 all&#8217;interno di ogni cosa e azione.<\/li>\n<\/ul>\n<h2>Virt\u00f9 teologali<\/h2>\n<p>Veniamo alle\u00a0<strong>virt\u00f9 teologali<\/strong>,\u00a0fede speranza e carit\u00e0, argomento di questo articolo. Si tratta di quelle virt\u00f9 che\u00a0<strong>determinano il rapporto tra l&#8217;uomo e il divino<\/strong>, essendo tutte e tre\u00a0<strong>rivolte direttamente a Dio<\/strong>. La stessa etimologia del termine\u00a0<em>teologale<\/em>\u00a0lo suggerisce: deriva dal greco \u03b8\u03b5\u03cc\u03c2, &#8220;Dio&#8221; e \u03bb\u03cc\u03b3\u03bf\u03c2, &#8220;parola&#8221;.<\/p>\n<div class=\"link-product\">\n<div class=\"blocco-immagine\"><img loading=\"lazy\" decoding=\"async\" class=\"alignnone size-full wp-image-13459\" src=\"https:\/\/blog.holyart.it\/it\/wp-content\/uploads\/sites\/17\/2021\/06\/ciondolo-fede-speranza-carita.jpg\" alt=\"ciondolo-fede-speranza-carita\" width=\"100\" height=\"100\" data-kale-share-title=\"Fede speranza e carit\u00e0: virt\u00f9 teologali\" data-kale-share-url=\"https:\/\/blog.holyart.it\/it\/?p=13457\" \/><\/div>\n<div class=\"blocco-contenuto\">\n<div class=\"blocco-acquista\">Acquista su Holyart:<\/div>\n<div class=\"blocco-titolo\"><a href=\"https:\/\/www.holyart.it\/it\/articoli-religiosi\/gioielli\/pendenti-croci-spille-catenelle\/ciondolo-fede-speranza-carita-arg.-800\">Ciondolo fede speranza carit\u00e0<\/a><\/div>\n<div class=\"blocco-descrizione\">Argento 800<\/div>\n<\/div>\n<\/div>\n<p>Sono dunque delle virt\u00f9 che, pur partendo dall&#8217;uomo, tendono al divino, e in esso trovano la propria origine, oggetto e ragione d&#8217;essere. A differenza della virt\u00f9 cardinali e di quelle intellettuali, secondo i teologi della Chiesa le virt\u00f9 teologali non possono essere ottenute solo con lo\u00a0sforzo umano, ma\u00a0devono essere infuse nell&#8217;uomo dalla <strong>grazia divina<\/strong>.<\/p>\n<p>Abbiamo gi\u00e0 detto che sono tre,\u00a0fede speranza e carit\u00e0:<\/p>\n<ul>\n<li><strong>fede<\/strong>, riguarda la conoscenza di Dio e il credere in Lui, porta alla\u00a0<strong>conoscenza di Dio<\/strong>\u00a0tramite la rivelazione;<\/li>\n<li><strong>speranza<\/strong>, regola il vivere dell&#8217;uomo in relazione alla\u00a0Trinit\u00e0 e alla promessa di salvezza, porta al\u00a0<strong>possesso di Dio<\/strong>, inteso come vita eterna nella luce della Sua gloria;<\/li>\n<li><strong>carit\u00e0<\/strong>, alla base della vita di ogni cristiano, fonte e fine di ogni altra virt\u00f9, esprime l&#8217;amore per Dio attraverso quello per il prossimo, porta all&#8217;<strong>amore per Dio e in Dio<\/strong>\u00a0come massima espressione dell&#8217;uomo nella vita e nella morte.<\/li>\n<\/ul>\n<p>Queste tre virt\u00f9 sono strettamente legate l&#8217;una all&#8217;altra: la\u00a0<strong>carit\u00e0<\/strong>, intesa come amore per Dio, deriva dalla\u00a0<strong>fede<\/strong>, cio\u00e8 dalla rivelazione di Dio stesso, e anche dalla\u00a0<strong>speranza<\/strong>\u00a0nella vita eterna che conoscere Dio porta. In realt\u00e0 il percorso attraverso il quale queste tre virt\u00f9 ci guidano \u00e8 un percorso di grazia ed elevazione spirituale, destinato a condurre chi lo intraprende alla massima espressione di santit\u00e0 che Dio pu\u00f2 offrire ai suoi figli.<\/p>\n<p>I\u00a0<a href=\"https:\/\/www.holyart.it\/blog\/articoli-religiosi\/il-significato-dei-sette-peccati-capitali\/\"><strong>vizi opposti<\/strong><\/a>\u00a0alle virt\u00f9 teologali, ovvero quelli che nascono dalla mancanza delle medesime sono:<\/p>\n<ul>\n<li><strong>incredulit\u00e0<\/strong>, che nasce dalla mancanza di fede, e porta alla bestemmia e all&#8217;apostasia (il rinnegare Dio);<\/li>\n<li><strong>disperazione<\/strong>, che nasce dalla mancanza di speranza;<\/li>\n<li><strong>odio<\/strong>, che nasce dalla mancanza d&#8217;amore e carit\u00e0<\/li>\n<\/ul>\n<div class=\"link-article\">\n<p><img loading=\"lazy\" decoding=\"async\" class=\"alignleft size-full wp-image-13484\" src=\"https:\/\/blog.holyart.it\/it\/wp-content\/uploads\/sites\/17\/2021\/06\/peccati-capitali.jpg\" alt=\"peccati-capitali\" width=\"150\" height=\"99\" data-kale-share-title=\"Fede, speranza e carit\u00e0: virt\u00f9 teologali\" data-kale-share-url=\"https:\/\/blog.holyart.it\/it\/?p=13457\" \/><\/p>\n<div class=\"leggi-anche\">Leggi anche:<\/div>\n<p><strong><a href=\"https:\/\/www.holyart.it\/blog\/articoli-religiosi\/il-significato-dei-sette-peccati-capitali\/\">Il significato dei sette peccati capitali<\/a><\/strong><br \/>\nQual \u00e8 il significato dei sette peccati capitali? Da dove derivano, come sono stati definiti nella storia? Perch\u00e9 sono proprio 7?<\/p>\n<\/div>\n<p>Vediamo nel dettaglio le tre virt\u00f9 teologali,\u00a0fede speranza e carit\u00e0.<\/p>\n<h2>Fede<\/h2>\n<p>Se partiamo dal presupposto che Dio \u00e8 Verit\u00e0, possiamo dire che la fede \u00e8 la virt\u00f9 che ci permette di credere in Lui e in tutto ci\u00f2 che Egli ha rivelato come unica e ineluttabile Verit\u00e0. \u00c8 la virt\u00f9 che porta a <strong>credere<\/strong>, ciecamente, completamente, abbandonandosi senza remore alla volont\u00e0 di Dio.<\/p>\n<p>Nel <em>Concilio Vaticano II<\/em> la fede viene descritta cos\u00ec:\u00a0<em>&#8220;A Dio che rivela \u00e8 dovuta l\u2019obbedienza della fede [\u2026], per la quale\u00a0<strong>l\u2019uomo si abbandona tutto a Dio liberamente<\/strong>\u00a0(se totum libere Deo committit), prestando il pieno ossequio dell\u2019intelletto e della volont\u00e0 a Dio che rivela e acconsentendo volontariamente alla rivelazione fatta da Lui&#8221;<\/em>. (Cost. Dogm.\u00a0<em>Dei Verbum\u00a0<\/em>5; EV 1, 877).<\/p>\n<p><strong>Abbandonarsi del tutto a Dio<\/strong> dunque \u00e8 la chiave della fede, ma non si tratta di un abbandono passivo. La fede esige anche che noi <strong>agiamo in nome di Dio<\/strong>, secondo la sua volont\u00e0, e solo questo ci rende degni di essere sui figli, e parte del corpo di Ges\u00f9. Come leggiamo in nella lettera di Giacomo:<em>\u00a0&#8220;la fede senza le opere \u00e8 morta&#8221;<\/em>\u00a0(Gc 2,26).<\/p>\n<p>\u00c8 Ges\u00f9 a indicarci come la fede debba essere vissuta in pienezza, non solo come assoluta fiducia in Dio e nella sua volont\u00e0, ma anche come<strong> testimonianza<\/strong> costante, da diffondersi il pi\u00f9 possibile. Solo questo conduce alla salvezza.<\/p>\n<p><em>&#8220;Chi mi riconoscer\u00e0 davanti agli uomini, anch&#8217;io lo riconoscer\u00f2 davanti al Padre mio che \u00e8 nei cieli; chi invece mi rinnegher\u00e0 davanti agli uomini, anch&#8217;io lo rinnegher\u00f2 davanti al Padre mio che \u00e8 nei cieli&#8221;<\/em>\u00a0(Mt 10,32-33).<\/p>\n<h2>Speranza<\/h2>\n<p>La speranza \u00e8 la virt\u00f9 che spinge l&#8217;uomo a <strong>desiderare la salvezza eterna<\/strong> e il regno dei cieli come massima forma di felicit\u00e0 e adempimento dell&#8217;esistenza. Nasce dalla <strong>fiducia nella promessa di<\/strong>\u00a0<strong>Cristo<\/strong>, che ha rivelato che per chi vive nella volont\u00e0 di Dio e si lascia guidare dallo Spirito Santo ci sar\u00e0 una vita dopo la morte, eternamente felice per i buoni, eternamente infelice per i cattivi.<\/p>\n<p>San Paolo riconosce l&#8217;importanza dello\u00a0<strong>Spirito Santo<\/strong>,\u00a0che \u00e8 il vero aiuto per chi spera nella salvezza eterna. Infatti non basta la forza dell&#8217;uomo per ottenerla, ma occorre anche la grazia che Dio ha infuso nei nostri cuori tramite lo Spirito Santo:\u00a0<em>&#8220;La speranza poi non delude, perch\u00e9 l\u2019amore di Dio \u00e8 stato riversato nei nostri cuori per mezzo dello Spirito Santo che ci \u00e8 stato dato&#8221;<\/em>\u00a0(Rm. 5,5).<\/p>\n<p>Dunque la speranza trae la sua forza da un lato da\u00a0<strong>Ges\u00f9 Cristo<\/strong>, che ha promesso, dall&#8217;altra sullo\u00a0<strong>Spirito Santo<\/strong>, donatoci da Dio come &#8216;carburante&#8217; per alimentare quella promessa.<\/p>\n<p>La speranza non va intesa come un semplice anelito alla felicit\u00e0 dopo la morte. Ogni azione della nostra vita, ogni attivit\u00e0, trae da essa vigore e ragione d&#8217;essere. La speranza ci spinge ad affrontare le prove di ogni giorno, ci sostiene nelle delusioni e ci protegge dai momenti di sconforto. Davvero in essa risiede il motore del nostro vivere quotidianamente il nostro essere cristiani, e questo motore alimenta anche le altre virt\u00f9 teologali, ovvero la fede e la carit\u00e0.<\/p>\n<p>Nel nostro perseguire la speranza dobbiamo pensare ad Abramo, un vero modello in questo senso, simbolo e origine stessa della speranza del popolo eletto:\u00a0<em>&#8220;Egli ebbe fede\u00a0<strong>sperando contro ogni speranza<\/strong>\u00a0e cos\u00ec divenne padre di molti popoli&#8221;<\/em>\u00a0(Rm 4,18).<\/p>\n<p>Ges\u00f9 ha voluto alimentare il fuoco della speranza predicando le\u00a0<strong>beatitudini<\/strong>, che descrivono agli uomini cosa occorre per essere davvero felici e offrono un modello per vivere secondo\u00a0i Suoi insegnamenti. L&#8217;uomo che vive <strong>secondo gli insegnamenti di Ges\u00f9<\/strong>, benedetto da queste beatitudini, \u00e8 gi\u00e0 proteso vero la salvezza.<\/p>\n<p>Qualche esempio di beatitudine lo possiamo trovare nel Discorso della montagna:\u00a0<em>&#8220;Beati i poveri in spirito, perch\u00e9 di essi \u00e8 il regno dei cieli.\u00a0Beati gli afflitti, perch\u00e9 saranno consolati.\u00a0Beati i miti, perch\u00e9 erediteranno la Terra.\u00a0Beati quelli che hanno fame e sete della giustizia, perch\u00e9 saranno saziati. Beati i misericordiosi, perch\u00e9 troveranno misericordia.\u00a0Beati i puri di cuore, perch\u00e9 vedranno Dio. Beati gli operatori di pace, perch\u00e9 saranno chiamati figli di Dio. Beati i perseguitati a causa della giustizia, perch\u00e9 di essi \u00e8 il regno dei cieli.\u00a0Beati voi quando vi insulteranno, vi perseguiteranno e, mentendo, diranno ogni sorta di male contro di voi per causa mia.\u00a0Rallegratevi ed esultate, perch\u00e9 grande \u00e8 la vostra ricompensa nei cieli.&#8221;<\/em>\u00a0(Matteo 5,3-12).<\/p>\n<div class=\"link-article\">\n<p><img loading=\"lazy\" decoding=\"async\" class=\"alignleft size-full wp-image-13470\" src=\"https:\/\/blog.holyart.it\/it\/wp-content\/uploads\/sites\/17\/2021\/06\/santa-teresa-avila.jpg\" alt=\"santa-teresa-avila\" width=\"150\" height=\"100\" data-kale-share-title=\"Fede speranza e carit\u00e0: virt\u00f9 teologali\" data-kale-share-url=\"https:\/\/blog.holyart.it\/it\/?p=13457\" \/><\/p>\n<div class=\"leggi-anche\">Leggi anche:<\/div>\n<p><strong><a href=\"https:\/\/www.holyart.it\/blog\/santi-e-beati\/santa-teresa-davila-religiosa-mistica-spagnola\/\">Santa Teresa d\u2019Avila: religiosa e mistica spagnola<\/a><\/strong><br \/>\nSanta Teresa d\u2019Avila fu una religiosa e mistica spagnola. Una delle poche donne elette a dottore della Chiesa, ebbe il merito di riformare l\u2019ordine&#8230;<\/p>\n<\/div>\n<p><a href=\"https:\/\/www.holyart.it\/blog\/santi-e-beati\/santa-teresa-davila-religiosa-mistica-spagnola\/\"><strong>Santa Teresa\u00a0d&#8217;Avila<\/strong><\/a>,\u00a0religiosa e mistica spagnola, una delle figure pi\u00f9 importanti della Riforma cattolica, nel suo\u00a0<em>Exclamaciones del alma a su Dios<\/em>, scrive parole splendide in merito a come un vero cristiano dovrebbe vivere ogni giorno la speranza:<em>\u00a0&#8220;Spera, anima mia, spera. Tu non conosci il giorno n\u00e9 l\u2019ora. Veglia premurosamente, tutto passa in un soffio, sebbene la tua impazienza possa rendere incerto ci\u00f2 che \u00e8 certo, e lungo un tempo molto breve. Pensa che quanto pi\u00f9 lotterai, tanto pi\u00f9 proverai l\u2019amore che hai per il tuo Dio e tanto pi\u00f9 un giorno godrai con il tuo Diletto, in una felicit\u00e0 ed in un\u2019estasi che mai potranno aver fine.&#8221;<\/em><\/p>\n<h2>Carit\u00e0<\/h2>\n<p>La carit\u00e0 \u00e8 la virt\u00f9 dell&#8217;<strong>amore per eccellenza<\/strong>. Amore per Dio sopra ogni cosa, e amore per il prossimo come manifestazione dell&#8217;amore per\u00a0Dio.<\/p>\n<p>\u00c8 considerata la pi\u00f9 importante delle tre virt\u00f9 teologali, in quanto esse ispira e d\u00e0 forza tanto alla fede quanto alla speranza.<\/p>\n<p>Cos\u00ec scrive San Paolo:\u00a0<em>&#8220;Queste dunque le tre cose che rimangono: la fede, la speranza e la carit\u00e0;\u00a0ma di tutte pi\u00f9 grande \u00e8 la carit\u00e0!&#8221;<\/em> (1 Corinzi 13,13)<\/p>\n<div class=\"link-article\">\n<p><img loading=\"lazy\" decoding=\"async\" class=\"alignleft size-full wp-image-13460\" src=\"https:\/\/blog.holyart.it\/it\/wp-content\/uploads\/sites\/17\/2021\/06\/elemosina-carit\u00e0.jpg\" alt=\"elemosina carit\u00e0\" width=\"150\" height=\"99\" data-kale-share-title=\"Fede speranza e carit\u00e0: virt\u00f9 teologali\" data-kale-share-url=\"https:\/\/blog.holyart.it\/it\/?p=13457\" \/><\/p>\n<div class=\"leggi-anche\">Leggi anche:<\/div>\n<p><strong><a href=\"https:\/\/www.holyart.it\/blog\/articoli-religiosi\/fare-lelemosina-e-carita\/\">Fare l\u2019elemosina: \u00e8 carit\u00e0?<\/a><\/strong><br \/>\nL\u2019elemosina ai poveri \u00e8 una manifestazione di misericordia strettamente connessa ai doveri di un buon cristiano. Vediamo in quali casi \u00e8 giusto&#8230;<\/p>\n<\/div>\n<p><strong>Ges\u00f9<\/strong>\u00a0ne \u00e8 il portatore, Lui che ha amato i suoi amici fino alla fine, dando la vita per loro e ha donato ai suoi discepoli un\u00a0<strong>comandamento nuovo<\/strong>:\u00a0<em>&#8220;Come il Padre ha amato me, cos\u00ec anch&#8217;io ho amato voi. Rimanete nel mio amore&#8221; (Gv 15,9).<\/em><br \/>\nE soprattutto:\u00a0<em>&#8220;Questo \u00e8 il mio comandamento: che vi amiate gli uni gli altri, come io vi ho amati&#8221; (Gv 15,12).<\/em><\/p>\n<p>L&#8217;amore per il prossimo a cui Ges\u00f9 ci invita \u00e8 <strong>totale<\/strong>, universale, perch\u00e9 include anche coloro che non conosciamo, perfino i nostri nemici. In questo, come gi\u00e0 per la speranza, ci viene in aiuto lo<a href=\"https:\/\/www.holyart.it\/it\/natale\/presepi\/presepe-val-gardena\/spirito-santo-presepe-original-legno-dipinto-valgardena-10-cm\">\u00a0<strong>Spirito Santo<\/strong><\/a>. \u00c8 grazie ad esso, oltre che con\u00a0l&#8217;<a href=\"https:\/\/www.holyart.it\/blog\/articoli-religiosi\/i-dieci-comandamenti\/\"><strong>osservazione costante dei\u00a0comandamenti<\/strong><\/a>, che possiamo manifestare il nostro amore, la nostra carit\u00e0.\u00a0Dobbiamo\u00a0sempre tener presente che l&#8217;amore per il prossimo non \u00e8 altro che un\u00a0mezzo, una prova del nostro amore per Iddio.<\/p>\n<p>Dunque la carit\u00e0 cristiana si rivolge a due soggetti:<\/p>\n<ul>\n<li>Dio, che\u00a0<strong>va amato per s\u00e9 stesso<\/strong>\u00a0sopra ogni altra cosa, e che si \u00e8 rivelato grazie alla fede;<\/li>\n<li>Noi stessi e il prossimo, che\u00a0<strong>dobbiamo amare per amore di Dio<\/strong>.<\/li>\n<\/ul>\n<p>Per quanto riguarda l&#8217;amore verso Dio, esso deve essere totale, sconfinato.<\/p>\n<p>\u00c8 ancora Ges\u00f9 che ci spiega come e quanto dobbiamo amare Dio: &#8220;<em>Amerai il Signore Dio tuo con\u00a0<strong>tutto il tuo cuore<\/strong>, con\u00a0<strong>tutta la tua anima<\/strong>\u00a0e con\u00a0<strong>tutta la tua mente<\/strong>. Questo \u00e8 il massimo e primo comandamento&#8221;<\/em>\u00a0(Mt. 22,37-3 8).<\/p>\n<p>E\u00a0<a href=\"https:\/\/www.holyart.it\/blog\/santi-e-beati\/santantonio-da-padova-il-santo-dei-miracoli\/\"><strong>Sant\u2019Antonio di Padova<\/strong><\/a>\u00a0nei suoi\u00a0sermoni ribadisce pi\u00f9 e pi\u00f9 volte la necessit\u00e0 di amare Dio con<em>\u00a0tutto ci\u00f2 che sei,\u00a0tutto ci\u00f2 che hai [&#8230;]\u00a0con\u00a0tutto il tuo cuore\u00a0e con\u00a0tutta la tua mente, poich\u00e9 Dio ha dato tutto s\u00e9 stesso, e l&#8217;uomo pu\u00f2 solo ricambiare allo stesso modo, senza riserve, senza trattenere una parte.<\/em><\/p>\n<div class=\"link-article\">\n<p><img loading=\"lazy\" decoding=\"async\" class=\"alignleft size-full wp-image-13466\" src=\"https:\/\/blog.holyart.it\/it\/wp-content\/uploads\/sites\/17\/2021\/06\/SantAntonio-da-Padova.jpg\" alt=\"SantAntonio-da-Padova\" width=\"150\" height=\"103\" data-kale-share-title=\"Fede speranza e carit\u00e0: virt\u00f9 teologali\" data-kale-share-url=\"https:\/\/blog.holyart.it\/it\/?p=13457\" \/><\/p>\n<div class=\"leggi-anche\">Leggi anche:<\/div>\n<p><strong><a href=\"https:\/\/www.holyart.it\/blog\/santi-e-beati\/santantonio-da-padova-il-santo-dei-miracoli\/\">Sant\u2019Antonio da Padova: il Santo dei miracoli<\/a><\/strong><br \/>\nSant\u2019Antonio da Padova fu gi\u00e0 tra i suoi contemporanei maestro di sapienza cristiana e autore di opere immortali&#8230;<\/p>\n<\/div>\n<p>Dobbiamo inoltre considerare che, mentre fede e speranza finiscono con la\u00a0<strong>morte<\/strong>, la carit\u00e0 non avr\u00e0 mai fine. Infatti l&#8217;uomo che muore da buon cristiano andando in Paradiso vedr\u00e0 Dio, oggetto della sua fede, e il\u00a0compiersi della propria speranza, ma non smetter\u00e0 di amare Dio.<\/p>\n<p>La carit\u00e0 comincia in questa vita, in questa terra,\u00a0ma dura per l&#8217;eternit\u00e0. Ancora San Paolo ce lo ricorda, con parole oltremodo poetiche:\u00a0<em>&#8220;ora vediamo come in uno specchio, in maniera confusa, ma allora vedremo a faccia a faccia&#8221;<\/em>\u00a0(I Cor. 13,12)<\/p>\n<h2>Virt\u00f9 teologali simboli<\/h2>\n<p>Le virt\u00f9 teologali sono sempre state rappresentate simbolicamente nell&#8217;iconografia e nell&#8217;arte. La tendenza a tradurre in simboli, o addirittura a umanizzare ci\u00f2 che \u00e8 trascendente \u00e8 una caratteristica presente nell&#8217;arte sacra occidentale fin dai suoi albori. Pensiamo a un esempio per tutti: lo <em>Sposalizio mistico di San Francesco<\/em> del Sassetta, che raffigura <a href=\"https:\/\/www.holyart.it\/blog\/articoli-religiosi\/il-cantico-delle-creature-di-san-francesco\/\"><strong>il santo di Assisi<\/strong><\/a> mentre\u00a0sposa la Povert\u00e0, la Castit\u00e0 e l&#8217;Obbedienza raffigurate come tre fanciulle vestite rispettivamente di verde, di bianco e di rosso.<\/p>\n<p>Anche le tre virt\u00f9 teologali, fede, speranza e carit\u00e0, sono state spesso raffigurate come figure femminili, paragonabili alle\u00a0<strong>tre grazie<\/strong>, e dunque giovani e belle. Alle rappresentazioni pittorico o scultoree delle tre virt\u00f9 venivano poi associati simboli iconografici ricorrenti: il calice o la\u00a0<strong>croce<\/strong>\u00a0per la fede, una catena o un&#8217;<strong>ancora<\/strong>\u00a0per la speranza, il\u00a0<strong>cuore<\/strong>\u00a0di Cristo per la carit\u00e0.<\/p>\n<table class=\"widefat sliders-list\">\n<tbody>\n<tr class=\"slider-row\">\n<td><div class=\"sp-styles-warning\" style=\"width: 450px; background-color: #FFF; color: #F00; border: 1px solid #F00; padding: 10px; font-size: 14px;\">\n\t\t\t<span style=\"font-weight: bold;\">Warning: The stylesheets were not loaded!<\/span> \n\t\t\tYou will need to change the <i>Load stylesheets<\/i> setting from <i>Automatically<\/i> to <i>On homepage<\/i> or <i>On all pages<\/i>. \n\t\t\tYou can set that <a style=\"text-decoration: underline; color: #F00;\" href=\"https:\/\/blog.holyart.it\/it\/wp-admin\/admin.php?page=sliderpro-settings\">here<\/a>.\n\t\t\t<\/div>\r\n<div id=\"slider-pro-115\" class=\"slider-pro sp-no-js\" style=\"width: 500px; height: 500px;\">\r\n\t<div class=\"sp-slides\">\r\n\t\t\r\n\t\t<div class=\"sp-slide\">\r\n\t\t\t<img loading=\"lazy\" decoding=\"async\" class=\"sp-image\" src=\"https:\/\/blog.holyart.it\/it\/wp-content\/uploads\/sites\/17\/2021\/06\/collana-tre-charm-fede-speranza-e-carita-arg-925-amen.jpg\" alt=\"collana-fede-speranza-e-carita\" width=\"500\" height=\"500\" \/>\r\n\t\t\t<div class=\"sp-thumbnail\"><img decoding=\"async\" src=\"https:\/\/blog.holyart.it\/it\/wp-content\/uploads\/sites\/17\/2021\/06\/collana-tre-charm-fede-speranza-e-carita-arg-925-amen-Copia.jpg\" alt=\"collana-fede-speranza-e-carita\" \/>\r\n\t\t\t<\/div>\r\n\t\t\t<div class=\"sp-caption\">Collana tre charm Fede, Speranza e Carit\u00e0 arg 925 AMEN<br \/><strong><a href=\"https:\/\/www.holyart.it\/it\/articoli-religiosi\/gioielli\/pendenti-croci-spille-catenelle\/collana-tre-charm-fede-speranza-e-carita-arg-925-amen\">Acquista su Holyart<\/a><\/strong><\/div>\r\n\t\t<\/div>\r\n\t\t<div class=\"sp-slide\">\r\n\t\t\t<img loading=\"lazy\" decoding=\"async\" class=\"sp-image\" src=\"https:\/\/blog.holyart.it\/it\/wp-content\/uploads\/sites\/17\/2021\/06\/bracciale-fede-speranza-e-carita.jpg\" alt=\"bracciale-fede-speranza-e-carita\" width=\"500\" height=\"500\" \/>\r\n\t\t\t<div class=\"sp-thumbnail\"><img decoding=\"async\" src=\"https:\/\/blog.holyart.it\/it\/wp-content\/uploads\/sites\/17\/2021\/06\/bracciale-fede-speranza-e-carita-Copia.jpg\" alt=\"bracciale-fede-speranza-e-carita\" \/>\r\n\t\t\t<\/div>\r\n\t\t\t<div class=\"sp-caption\">Bracciale Fede, Speranza e Carita Arg 925 e zirconi AMEN<br \/><strong><a href=\"https:\/\/www.holyart.it\/it\/articoli-religiosi\/bracciali\/bracciali-amen\/bracciale-fede-speranza-e-carita-arg-925-e-zirconi-amen\">Acquista su Holyart<\/a><\/strong><\/div>\r\n\t\t<\/div>\r\n\t\t<div class=\"sp-slide\">\r\n\t\t\t<img loading=\"lazy\" decoding=\"async\" class=\"sp-image\" src=\"https:\/\/blog.holyart.it\/it\/wp-content\/uploads\/sites\/17\/2021\/06\/anello-regolabile-in-argento-925-fede-speranza-e-carita.jpg\" alt=\"anello-regolabile-in-argento-925-fede-speranza-e-carita\" width=\"500\" height=\"500\" \/>\r\n\t\t\t<div class=\"sp-thumbnail\"><img decoding=\"async\" src=\"https:\/\/blog.holyart.it\/it\/wp-content\/uploads\/sites\/17\/2021\/06\/anello-regolabile-in-argento-925-fede-speranza-e-carita-1.jpg\" alt=\"anello-regolabile-in-argento-925-fede-speranza-e-carita - 1\" \/>\r\n\t\t\t<\/div>\r\n\t\t\t<div class=\"sp-caption\">Anello regolabile in argento 925 Fede Speranza e Carit\u00e0<br \/><strong><a href=\"https:\/\/www.holyart.it\/it\/articoli-religiosi\/anelli-preghiera\/anello-regolabile-in-argento-925-fede-speranza-e-carita\">Acquista su Holyart<\/a><\/strong><\/div>\r\n\t\t<\/div>\r\n\t\t<div class=\"sp-slide\">\r\n\t\t\t<img loading=\"lazy\" decoding=\"async\" class=\"sp-image\" src=\"https:\/\/blog.holyart.it\/it\/wp-content\/uploads\/sites\/17\/2021\/06\/collana-cubo-croce-cuore-e-ancora-amen-argento-925.jpg\" alt=\"collana-cubo-croce-cuore-e-ancora-amen-argento-925\" width=\"500\" height=\"500\" \/>\r\n\t\t\t<div class=\"sp-thumbnail\"><img decoding=\"async\" src=\"https:\/\/blog.holyart.it\/it\/wp-content\/uploads\/sites\/17\/2021\/06\/collana-cubo-croce-cuore-e-ancora-amen-argento-925-1.jpg\" alt=\"collana-cubo-croce-cuore-e-ancora-amen-argento-925-1\" \/>\r\n\t\t\t<\/div>\r\n\t\t\t<div class=\"sp-caption\">Collana cubo croce, cuore e ancora AMEN argento 925<br \/><strong><a href=\"https:\/\/www.holyart.it\/it\/articoli-religiosi\/gioielli\/pendenti-croci-spille-catenelle\/collana-cubo-croce-cuore-e-ancora-amen-argento-925\">Acquista su Holyart<\/a><\/strong><\/div>\r\n\t\t<\/div>\r\n\t<\/div>\r\n<\/div><\/td>\n<\/tr>\n<\/tbody>\n<\/table>\n","protected":false},"excerpt":{"rendered":"<p>Fede, speranza e carit\u00e0 sono le tre virt\u00f9 teologali. Determinano il legame tra uomo e Dio e l\u2019agire morale cristiano. Ma conosciamo davvero bene queste tre virt\u00f9? Fede speranza e carit\u00e0 sono solo alcune delle virt\u00f9 che l&#8217;uomo deve coltivare per poter essere considerato buono&hellip;<\/p>\n","protected":false},"author":1,"featured_media":17814,"comment_status":"closed","ping_status":"open","sticky":false,"template":"","format":"standard","meta":{"_acf_changed":false,"footnotes":""},"categories":[16],"tags":[],"class_list":["post-13457","post","type-post","status-publish","format-standard","has-post-thumbnail","hentry","category-articoli-religiosi"],"acf":[],"yoast_head":"<!-- This site is optimized with the Yoast SEO plugin v26.6 - https:\/\/yoast.com\/wordpress\/plugins\/seo\/ -->\n<title>Fede, speranza e carit\u00e0: virt\u00f9 teologali - Holyblog -<\/title>\n<meta name=\"description\" content=\"Fede, speranza e carit\u00e0 sono le tre virt\u00f9 teologali. Determinano il legame tra uomo e Dio e l\u2019agire morale cristiano. Ma conosciamo bene queste tre virt\u00f9?\" \/>\n<meta name=\"robots\" content=\"index, follow, max-snippet:-1, max-image-preview:large, max-video-preview:-1\" \/>\n<link rel=\"canonical\" href=\"https:\/\/blog.holyart.it\/it\/articoli-religiosi\/fede-speranza-e-carita-virtu-teologali\/\" \/>\n<meta property=\"og:locale\" content=\"it_IT\" \/>\n<meta property=\"og:type\" content=\"article\" \/>\n<meta property=\"og:title\" content=\"Fede, speranza e carit\u00e0: virt\u00f9 teologali - Holyblog -\" \/>\n<meta property=\"og:description\" content=\"Fede, speranza e carit\u00e0 sono le tre virt\u00f9 teologali. Determinano il legame tra uomo e Dio e l\u2019agire morale cristiano. Ma conosciamo bene queste tre virt\u00f9?\" \/>\n<meta property=\"og:url\" content=\"https:\/\/blog.holyart.it\/it\/articoli-religiosi\/fede-speranza-e-carita-virtu-teologali\/\" \/>\n<meta property=\"og:site_name\" content=\"Holyblog\" \/>\n<meta property=\"article:published_time\" content=\"2021-06-10T13:16:56+00:00\" \/>\n<meta property=\"article:modified_time\" content=\"2025-10-10T13:59:02+00:00\" \/>\n<meta property=\"og:image\" content=\"https:\/\/blog.holyart.it\/it\/wp-content\/uploads\/sites\/17\/2021\/06\/fede-carita-speranza.jpeg\" \/>\n\t<meta property=\"og:image:width\" content=\"1000\" \/>\n\t<meta property=\"og:image:height\" content=\"665\" \/>\n\t<meta property=\"og:image:type\" content=\"image\/jpeg\" \/>\n<meta name=\"author\" content=\"Redazione\" \/>\n<meta name=\"twitter:card\" content=\"summary_large_image\" \/>\n<meta name=\"twitter:label1\" content=\"Scritto da\" \/>\n\t<meta name=\"twitter:data1\" content=\"Redazione\" \/>\n\t<meta name=\"twitter:label2\" content=\"Tempo di lettura stimato\" \/>\n\t<meta name=\"twitter:data2\" content=\"15 minuti\" \/>\n<script type=\"application\/ld+json\" class=\"yoast-schema-graph\">{\"@context\":\"https:\/\/schema.org\",\"@graph\":[{\"@type\":\"Article\",\"@id\":\"https:\/\/blog.holyart.it\/it\/articoli-religiosi\/fede-speranza-e-carita-virtu-teologali\/#article\",\"isPartOf\":{\"@id\":\"https:\/\/blog.holyart.it\/it\/articoli-religiosi\/fede-speranza-e-carita-virtu-teologali\/\"},\"author\":{\"name\":\"Redazione\",\"@id\":\"https:\/\/blog.holyart.it\/it\/#\/schema\/person\/0a7b686e5af0f856ec1e390dd0baecda\"},\"headline\":\"Fede, speranza e carit\u00e0: virt\u00f9 teologali\",\"datePublished\":\"2021-06-10T13:16:56+00:00\",\"dateModified\":\"2025-10-10T13:59:02+00:00\",\"mainEntityOfPage\":{\"@id\":\"https:\/\/blog.holyart.it\/it\/articoli-religiosi\/fede-speranza-e-carita-virtu-teologali\/\"},\"wordCount\":2477,\"publisher\":{\"@id\":\"https:\/\/blog.holyart.it\/it\/#organization\"},\"image\":{\"@id\":\"https:\/\/blog.holyart.it\/it\/articoli-religiosi\/fede-speranza-e-carita-virtu-teologali\/#primaryimage\"},\"thumbnailUrl\":\"https:\/\/blog.holyart.it\/it\/wp-content\/uploads\/sites\/17\/2021\/06\/fede-carita-speranza.jpeg\",\"articleSection\":[\"Religione\"],\"inLanguage\":\"it-IT\"},{\"@type\":\"WebPage\",\"@id\":\"https:\/\/blog.holyart.it\/it\/articoli-religiosi\/fede-speranza-e-carita-virtu-teologali\/\",\"url\":\"https:\/\/blog.holyart.it\/it\/articoli-religiosi\/fede-speranza-e-carita-virtu-teologali\/\",\"name\":\"Fede, speranza e carit\u00e0: virt\u00f9 teologali - Holyblog -\",\"isPartOf\":{\"@id\":\"https:\/\/blog.holyart.it\/it\/#website\"},\"primaryImageOfPage\":{\"@id\":\"https:\/\/blog.holyart.it\/it\/articoli-religiosi\/fede-speranza-e-carita-virtu-teologali\/#primaryimage\"},\"image\":{\"@id\":\"https:\/\/blog.holyart.it\/it\/articoli-religiosi\/fede-speranza-e-carita-virtu-teologali\/#primaryimage\"},\"thumbnailUrl\":\"https:\/\/blog.holyart.it\/it\/wp-content\/uploads\/sites\/17\/2021\/06\/fede-carita-speranza.jpeg\",\"datePublished\":\"2021-06-10T13:16:56+00:00\",\"dateModified\":\"2025-10-10T13:59:02+00:00\",\"description\":\"Fede, speranza e carit\u00e0 sono le tre virt\u00f9 teologali. Determinano il legame tra uomo e Dio e l\u2019agire morale cristiano. Ma conosciamo bene queste tre virt\u00f9?\",\"breadcrumb\":{\"@id\":\"https:\/\/blog.holyart.it\/it\/articoli-religiosi\/fede-speranza-e-carita-virtu-teologali\/#breadcrumb\"},\"inLanguage\":\"it-IT\",\"potentialAction\":[{\"@type\":\"ReadAction\",\"target\":[\"https:\/\/blog.holyart.it\/it\/articoli-religiosi\/fede-speranza-e-carita-virtu-teologali\/\"]}]},{\"@type\":\"ImageObject\",\"inLanguage\":\"it-IT\",\"@id\":\"https:\/\/blog.holyart.it\/it\/articoli-religiosi\/fede-speranza-e-carita-virtu-teologali\/#primaryimage\",\"url\":\"https:\/\/blog.holyart.it\/it\/wp-content\/uploads\/sites\/17\/2021\/06\/fede-carita-speranza.jpeg\",\"contentUrl\":\"https:\/\/blog.holyart.it\/it\/wp-content\/uploads\/sites\/17\/2021\/06\/fede-carita-speranza.jpeg\",\"width\":1000,\"height\":665,\"caption\":\"fede carita speranza\"},{\"@type\":\"BreadcrumbList\",\"@id\":\"https:\/\/blog.holyart.it\/it\/articoli-religiosi\/fede-speranza-e-carita-virtu-teologali\/#breadcrumb\",\"itemListElement\":[{\"@type\":\"ListItem\",\"position\":1,\"name\":\"Homepage\",\"item\":\"https:\/\/blog.holyart.it\/it\/\"},{\"@type\":\"ListItem\",\"position\":2,\"name\":\"Religione\",\"item\":\"https:\/\/blog.holyart.it\/it\/articoli-religiosi\/\"},{\"@type\":\"ListItem\",\"position\":3,\"name\":\"Fede, speranza e carit\u00e0: virt\u00f9 teologali\"}]},{\"@type\":\"WebSite\",\"@id\":\"https:\/\/blog.holyart.it\/it\/#website\",\"url\":\"https:\/\/blog.holyart.it\/it\/\",\"name\":\"Holyblog\",\"description\":\"Il Blog di Holyart.it\",\"publisher\":{\"@id\":\"https:\/\/blog.holyart.it\/it\/#organization\"},\"potentialAction\":[{\"@type\":\"SearchAction\",\"target\":{\"@type\":\"EntryPoint\",\"urlTemplate\":\"https:\/\/blog.holyart.it\/it\/?s={search_term_string}\"},\"query-input\":{\"@type\":\"PropertyValueSpecification\",\"valueRequired\":true,\"valueName\":\"search_term_string\"}}],\"inLanguage\":\"it-IT\"},{\"@type\":\"Organization\",\"@id\":\"https:\/\/blog.holyart.it\/it\/#organization\",\"name\":\"Holyblog\",\"url\":\"https:\/\/blog.holyart.it\/it\/\",\"logo\":{\"@type\":\"ImageObject\",\"inLanguage\":\"it-IT\",\"@id\":\"https:\/\/blog.holyart.it\/it\/#\/schema\/logo\/image\/\",\"url\":\"https:\/\/blog.holyart.it\/it\/wp-content\/uploads\/sites\/17\/2022\/12\/Holyart_Blog_Logo.jpg\",\"contentUrl\":\"https:\/\/blog.holyart.it\/it\/wp-content\/uploads\/sites\/17\/2022\/12\/Holyart_Blog_Logo.jpg\",\"width\":300,\"height\":50,\"caption\":\"Holyblog\"},\"image\":{\"@id\":\"https:\/\/blog.holyart.it\/it\/#\/schema\/logo\/image\/\"}},{\"@type\":\"Person\",\"@id\":\"https:\/\/blog.holyart.it\/it\/#\/schema\/person\/0a7b686e5af0f856ec1e390dd0baecda\",\"name\":\"Redazione\"}]}<\/script>\n<!-- \/ Yoast SEO plugin. -->","yoast_head_json":{"title":"Fede, speranza e carit\u00e0: virt\u00f9 teologali - Holyblog -","description":"Fede, speranza e carit\u00e0 sono le tre virt\u00f9 teologali. Determinano il legame tra uomo e Dio e l\u2019agire morale cristiano. Ma conosciamo bene queste tre virt\u00f9?","robots":{"index":"index","follow":"follow","max-snippet":"max-snippet:-1","max-image-preview":"max-image-preview:large","max-video-preview":"max-video-preview:-1"},"canonical":"https:\/\/blog.holyart.it\/it\/articoli-religiosi\/fede-speranza-e-carita-virtu-teologali\/","og_locale":"it_IT","og_type":"article","og_title":"Fede, speranza e carit\u00e0: virt\u00f9 teologali - Holyblog -","og_description":"Fede, speranza e carit\u00e0 sono le tre virt\u00f9 teologali. Determinano il legame tra uomo e Dio e l\u2019agire morale cristiano. Ma conosciamo bene queste tre virt\u00f9?","og_url":"https:\/\/blog.holyart.it\/it\/articoli-religiosi\/fede-speranza-e-carita-virtu-teologali\/","og_site_name":"Holyblog","article_published_time":"2021-06-10T13:16:56+00:00","article_modified_time":"2025-10-10T13:59:02+00:00","og_image":[{"width":1000,"height":665,"url":"https:\/\/blog.holyart.it\/it\/wp-content\/uploads\/sites\/17\/2021\/06\/fede-carita-speranza.jpeg","type":"image\/jpeg"}],"author":"Redazione","twitter_card":"summary_large_image","twitter_misc":{"Scritto da":"Redazione","Tempo di lettura stimato":"15 minuti"},"schema":{"@context":"https:\/\/schema.org","@graph":[{"@type":"Article","@id":"https:\/\/blog.holyart.it\/it\/articoli-religiosi\/fede-speranza-e-carita-virtu-teologali\/#article","isPartOf":{"@id":"https:\/\/blog.holyart.it\/it\/articoli-religiosi\/fede-speranza-e-carita-virtu-teologali\/"},"author":{"name":"Redazione","@id":"https:\/\/blog.holyart.it\/it\/#\/schema\/person\/0a7b686e5af0f856ec1e390dd0baecda"},"headline":"Fede, speranza e carit\u00e0: virt\u00f9 teologali","datePublished":"2021-06-10T13:16:56+00:00","dateModified":"2025-10-10T13:59:02+00:00","mainEntityOfPage":{"@id":"https:\/\/blog.holyart.it\/it\/articoli-religiosi\/fede-speranza-e-carita-virtu-teologali\/"},"wordCount":2477,"publisher":{"@id":"https:\/\/blog.holyart.it\/it\/#organization"},"image":{"@id":"https:\/\/blog.holyart.it\/it\/articoli-religiosi\/fede-speranza-e-carita-virtu-teologali\/#primaryimage"},"thumbnailUrl":"https:\/\/blog.holyart.it\/it\/wp-content\/uploads\/sites\/17\/2021\/06\/fede-carita-speranza.jpeg","articleSection":["Religione"],"inLanguage":"it-IT"},{"@type":"WebPage","@id":"https:\/\/blog.holyart.it\/it\/articoli-religiosi\/fede-speranza-e-carita-virtu-teologali\/","url":"https:\/\/blog.holyart.it\/it\/articoli-religiosi\/fede-speranza-e-carita-virtu-teologali\/","name":"Fede, speranza e carit\u00e0: virt\u00f9 teologali - Holyblog -","isPartOf":{"@id":"https:\/\/blog.holyart.it\/it\/#website"},"primaryImageOfPage":{"@id":"https:\/\/blog.holyart.it\/it\/articoli-religiosi\/fede-speranza-e-carita-virtu-teologali\/#primaryimage"},"image":{"@id":"https:\/\/blog.holyart.it\/it\/articoli-religiosi\/fede-speranza-e-carita-virtu-teologali\/#primaryimage"},"thumbnailUrl":"https:\/\/blog.holyart.it\/it\/wp-content\/uploads\/sites\/17\/2021\/06\/fede-carita-speranza.jpeg","datePublished":"2021-06-10T13:16:56+00:00","dateModified":"2025-10-10T13:59:02+00:00","description":"Fede, speranza e carit\u00e0 sono le tre virt\u00f9 teologali. Determinano il legame tra uomo e Dio e l\u2019agire morale cristiano. Ma conosciamo bene queste tre virt\u00f9?","breadcrumb":{"@id":"https:\/\/blog.holyart.it\/it\/articoli-religiosi\/fede-speranza-e-carita-virtu-teologali\/#breadcrumb"},"inLanguage":"it-IT","potentialAction":[{"@type":"ReadAction","target":["https:\/\/blog.holyart.it\/it\/articoli-religiosi\/fede-speranza-e-carita-virtu-teologali\/"]}]},{"@type":"ImageObject","inLanguage":"it-IT","@id":"https:\/\/blog.holyart.it\/it\/articoli-religiosi\/fede-speranza-e-carita-virtu-teologali\/#primaryimage","url":"https:\/\/blog.holyart.it\/it\/wp-content\/uploads\/sites\/17\/2021\/06\/fede-carita-speranza.jpeg","contentUrl":"https:\/\/blog.holyart.it\/it\/wp-content\/uploads\/sites\/17\/2021\/06\/fede-carita-speranza.jpeg","width":1000,"height":665,"caption":"fede carita speranza"},{"@type":"BreadcrumbList","@id":"https:\/\/blog.holyart.it\/it\/articoli-religiosi\/fede-speranza-e-carita-virtu-teologali\/#breadcrumb","itemListElement":[{"@type":"ListItem","position":1,"name":"Homepage","item":"https:\/\/blog.holyart.it\/it\/"},{"@type":"ListItem","position":2,"name":"Religione","item":"https:\/\/blog.holyart.it\/it\/articoli-religiosi\/"},{"@type":"ListItem","position":3,"name":"Fede, speranza e carit\u00e0: virt\u00f9 teologali"}]},{"@type":"WebSite","@id":"https:\/\/blog.holyart.it\/it\/#website","url":"https:\/\/blog.holyart.it\/it\/","name":"Holyblog","description":"Il Blog di Holyart.it","publisher":{"@id":"https:\/\/blog.holyart.it\/it\/#organization"},"potentialAction":[{"@type":"SearchAction","target":{"@type":"EntryPoint","urlTemplate":"https:\/\/blog.holyart.it\/it\/?s={search_term_string}"},"query-input":{"@type":"PropertyValueSpecification","valueRequired":true,"valueName":"search_term_string"}}],"inLanguage":"it-IT"},{"@type":"Organization","@id":"https:\/\/blog.holyart.it\/it\/#organization","name":"Holyblog","url":"https:\/\/blog.holyart.it\/it\/","logo":{"@type":"ImageObject","inLanguage":"it-IT","@id":"https:\/\/blog.holyart.it\/it\/#\/schema\/logo\/image\/","url":"https:\/\/blog.holyart.it\/it\/wp-content\/uploads\/sites\/17\/2022\/12\/Holyart_Blog_Logo.jpg","contentUrl":"https:\/\/blog.holyart.it\/it\/wp-content\/uploads\/sites\/17\/2022\/12\/Holyart_Blog_Logo.jpg","width":300,"height":50,"caption":"Holyblog"},"image":{"@id":"https:\/\/blog.holyart.it\/it\/#\/schema\/logo\/image\/"}},{"@type":"Person","@id":"https:\/\/blog.holyart.it\/it\/#\/schema\/person\/0a7b686e5af0f856ec1e390dd0baecda","name":"Redazione"}]}},"_links":{"self":[{"href":"https:\/\/blog.holyart.it\/it\/wp-json\/wp\/v2\/posts\/13457","targetHints":{"allow":["GET"]}}],"collection":[{"href":"https:\/\/blog.holyart.it\/it\/wp-json\/wp\/v2\/posts"}],"about":[{"href":"https:\/\/blog.holyart.it\/it\/wp-json\/wp\/v2\/types\/post"}],"author":[{"embeddable":true,"href":"https:\/\/blog.holyart.it\/it\/wp-json\/wp\/v2\/users\/1"}],"replies":[{"embeddable":true,"href":"https:\/\/blog.holyart.it\/it\/wp-json\/wp\/v2\/comments?post=13457"}],"version-history":[{"count":1,"href":"https:\/\/blog.holyart.it\/it\/wp-json\/wp\/v2\/posts\/13457\/revisions"}],"predecessor-version":[{"id":17815,"href":"https:\/\/blog.holyart.it\/it\/wp-json\/wp\/v2\/posts\/13457\/revisions\/17815"}],"wp:featuredmedia":[{"embeddable":true,"href":"https:\/\/blog.holyart.it\/it\/wp-json\/wp\/v2\/media\/17814"}],"wp:attachment":[{"href":"https:\/\/blog.holyart.it\/it\/wp-json\/wp\/v2\/media?parent=13457"}],"wp:term":[{"taxonomy":"category","embeddable":true,"href":"https:\/\/blog.holyart.it\/it\/wp-json\/wp\/v2\/categories?post=13457"},{"taxonomy":"post_tag","embeddable":true,"href":"https:\/\/blog.holyart.it\/it\/wp-json\/wp\/v2\/tags?post=13457"}],"curies":[{"name":"wp","href":"https:\/\/api.w.org\/{rel}","templated":true}]}}