{"id":13318,"date":"2021-05-27T14:41:08","date_gmt":"2021-05-27T12:41:08","guid":{"rendered":"https:\/\/blog.holyart.it\/it\/?p=13318"},"modified":"2024-09-10T12:06:33","modified_gmt":"2024-09-10T10:06:33","slug":"il-profumo-dei-santi-per-ogni-santo-un-fiore","status":"publish","type":"post","link":"https:\/\/blog.holyart.it\/it\/santi-e-beati\/il-profumo-dei-santi-per-ogni-santo-un-fiore\/","title":{"rendered":"Il profumo dei santi: per ogni santo, un fiore!"},"content":{"rendered":"<h4>La rosa \u00e8 il fiore per eccellenza caro alla Madonna, ma anche altri santi hanno un fiore che li rappresenta. Scopriamo insieme il profumo dei santi.<\/h4>\n\n<p>Il <strong>mese di maggio <\/strong>\u00e8 uno dei mesi dedicati alla Madonna. \u00c8 anche il <a href=\"https:\/\/www.holyart.it\/blog\/articoli-religiosi\/la-madonna-del-roseto-rappresentata-da-vari-artisti\/\"><strong>mese delle rose<\/strong><\/a>, che in questo periodo conoscono la loro fioritura pi\u00f9 rigogliosa, e l&#8217;associazione non \u00e8 certo casuale. Un tempo c&#8217;era la tradizione di ornare le statue della Vergine con ghirlande di fiori, in particolare rose, e proprio da qui nasce la forma devozionale che noi tutti conosciamo: il <a href=\"https:\/\/www.holyart.it\/it\/articoli-religiosi\/rosari-e-portarosari\"><strong>Rosario<\/strong><\/a>. Sempre dallo stretto legame tra <a href=\"https:\/\/www.holyart.it\/blog\/santi-e-beati\/la-devozione-di-padre-pio-alla-madonna-di-pompei-e-il-dono-della-rosa\/\"><strong>Maria e la rosa<\/strong><\/a>, e i fiori in generali, nasce la <a href=\"https:\/\/www.holyart.it\/blog\/articoli-religiosi\/come-fare-un-fioretto-alla-madonna\/\"><strong>pratica dei Fioretti<\/strong><\/a>.<br \/>\nMa ci sono altri fiori che per diverse ragioni sono stati nel tempo associati alla Madonna e ai santi. Per questo non ci sembra improprio parlare di profumo dei santi, anzi vogliamo approfondire in questo articolo quali siano i fiori associati ai diversi santi e perch\u00e9 molto spesso vediamo statue di santi ornate da particolari fiori.<\/p>\n<div class=\"link-article\">\n<p><img loading=\"lazy\" decoding=\"async\" class=\"size-full wp-image-13325 alignleft\" src=\"https:\/\/blog.holyart.it\/it\/wp-content\/uploads\/sites\/17\/2021\/05\/madonna-del-roseto-1.jpeg\" alt=\"madonna del roseto\" width=\"150\" height=\"99\" data-kale-share-title=\"Il profumo dei santi: per ogni santo, un fiore!\" data-kale-share-url=\"https:\/\/blog.holyart.it\/it\/?p=13318\" \/><\/p>\n<div class=\"leggi-anche\">Leggi anche:<\/div>\n<p><strong><a href=\"https:\/\/www.holyart.it\/blog\/articoli-religiosi\/la-madonna-del-roseto-rappresentata-da-vari-artisti\/\">La Madonna del Roseto rappresentata da vari artisti<\/a><\/strong><br \/>\nIl tema della rosa simbolo di Maria \u00e8 ricorrente nell\u2019arte. Ecco le opere pi\u00f9 famose che ritraggono la Madonna del Roseto<\/p>\n<\/div>\n<h2>Mese di maggio mese della Madonna<\/h2>\n<p>Maggio \u00e8 dunque il mese consacrato alla Vergine Maria. La tradizione che associa la Madonna al mese di maggio non ha nessuna base nelle Sacre Scritture. Essa ha preso piede e si \u00e8 sviluppata nel corso dei secoli. Per tutto il mese si susseguono ogni giorno speciali preghiere e devozioni che possono esserle rivolte, per ottenere una grazia o solo per intraprendere un cammino di crescita spirituale personale. Le ragioni che fanno di maggio il <strong><a href=\"https:\/\/www.holyart.it\/blog\/articoli-religiosi\/maggio-mese-della-madonna-come-celebrare-il-mese-mariano\/\">mese mariano per eccellenza <\/a><\/strong>affondano le loro radici in<strong> tradizioni precristiane<\/strong>, negli antichi culti pagani dedicati a divinit\u00e0 legate alla fertilit\u00e0, alla fecondit\u00e0 e al ritorno alla vita. Infatti fin dall&#8217;antichit\u00e0 era in questo periodo dell&#8217;anno che si celebrava la <strong>rinascita della natura<\/strong> dopo il lungo inverno.<\/p>\n<p><img loading=\"lazy\" decoding=\"async\" class=\"size-full wp-image-13324 aligncenter\" src=\"https:\/\/blog.holyart.it\/it\/wp-content\/uploads\/sites\/17\/2021\/05\/maria-vergine-rose.jpeg\" alt=\"maria vergine rose\" width=\"1000\" height=\"667\" data-kale-share-title=\"Il profumo dei santi: per ogni santo, un fiore!\" data-kale-share-url=\"https:\/\/blog.holyart.it\/it\/?p=13318\" \/><\/p>\n<p>L&#8217;<a href=\"https:\/\/www.holyart.it\/blog\/santi-e-beati\/la-devozione-di-padre-pio-alla-madonna-di-pompei-e-il-dono-della-rosa\/\"><strong>associazione di Maria alle rose <\/strong><\/a>viene dal Medioevo, quando Maria inizi\u00f2 a essere celebrata come: <em>\u201cRosa delle rose, fiore dei fiori, donna fra le donne, unica signora, luce dei santi e dei cieli via.\u201d<\/em>\u00a0Sempre nel Medioevo nasce la tradizione del <strong>Rosario<\/strong>, come oggetto devozionale per eccellenza dedicato a Maria. L\u2019origine del Rosario \u00e8 da ricercarsi nell\u2019usanza di ornare le statue della Madonna con ghirlande di fiori, in particolare rose, nel mese di maggio. Per quanto riguarda i <a href=\"https:\/\/www.holyart.it\/blog\/articoli-religiosi\/come-fare-un-fioretto-alla-madonna\/\"><strong>Fioretti<\/strong><\/a>, invece, dobbiamo aspettare il XVI secolo, quando <a href=\"https:\/\/www.holyart.it\/it\/articoli-religiosi\/libri-e-testi-sacri\/libri-per-bambini-e-ragazzi\/san-filippo-neri-libro-per-bambini\"><strong>San Filippo Neri<\/strong><\/a> invitava i bambini posti sotto la sua custodia a decorare con i fiori l\u2019immagine di Maria e cantare le sue lodi, e successivamente a <strong><a href=\"https:\/\/www.holyart.it\/blog\/santi-e-beati\/la-storia-di-don-bosco\/\">Don Bosco<\/a><\/strong>, che chiedeva ai suoi ragazzi di sostituire i fiori per la Madonna con <strong>buone azioni<\/strong>, piccoli sacrifici, impegni anche legati al quotidiano.\u00a0Il Fioretto alla Madonna come fiore da offrire.<\/p>\n<p>La Madonna \u00e8 considerata anche la <strong>rosa mistica<\/strong>, il fiore pi\u00f9 bello, che simboleggia la grazia di Dio, la regina di tutti i fiori e tuttavia &#8220;mistica&#8221;, nascosta, come nascosto per noi \u00e8 il suo corpo, asceso al Cielo alla sua morte.<\/p>\n<p>Un altro fiore spesso associato alla Madonna \u00e8 il <strong>giglio bianco<\/strong>, simbolo di purezza.<\/p>\n<div class=\"link-product\">\n<div class=\"blocco-immagine\"><img loading=\"lazy\" decoding=\"async\" class=\"alignnone size-full wp-image-13319\" src=\"https:\/\/blog.holyart.it\/it\/wp-content\/uploads\/sites\/17\/2021\/05\/incenso-greco-alla-rosa.jpg\" alt=\"incenso-greco-alla-rosa\" width=\"100\" height=\"100\" data-kale-share-title=\"Il profumo dei santi: per ogni santo, un fiore!\" data-kale-share-url=\"https:\/\/blog.holyart.it\/it\/?p=13318\" \/><\/div>\n<div class=\"blocco-contenuto\">\n<div class=\"blocco-acquista\">Acquista su Holyart:<\/div>\n<div class=\"blocco-titolo\"><a href=\"https:\/\/www.holyart.it\/it\/prodotti-consumabili\/incensi?23%5B%5D=989&amp;p_min=&amp;p_max=\">Incensi con profumazione floreale<\/a><\/div>\n<div class=\"blocco-descrizione\">Scopri sul nostro sito pi\u00f9 di 300 tipologie di incensi!<\/div>\n<\/div>\n<\/div>\n<h2>Il giglio, il fiore di Santa Caterina<\/h2>\n<p>Nell&#8217;iconografia tradizionale<strong><a href=\"https:\/\/www.holyart.it\/blog\/santi-e-beati\/santa-caterina-da-siena-patrona-ditalia\/\"> Santa Caterina da Siena<\/a><\/strong>, Patrona d\u2019Italia e Compatrona d\u2019Europa, viene rappresentata con in mano un libro, simbolo della dottrina, l\u2019anello, che simboleggia le nozze mistiche tra lei e Ges\u00f9, e un <strong>giglio<\/strong>, simbolo di purezza. In altre rappresentazioni fiori bianchi zampillano dalle sue stigmate, mentre sul suo capo \u00e8 posta una corona di spine.<\/p>\n<h2>Nardo, il fiore di San Giuseppe<\/h2>\n<p>Abbiamo gi\u00e0 approfondito in un precedente articolo le ragioni per cui <a href=\"https:\/\/www.holyart.it\/blog\/santi-e-beati\/il-fiore-di-san-giuseppe-e-il-nardo-scopriamo-insieme-il-perche\/\"><strong>il fiore di nardo sia associato a San Giuseppe<\/strong><\/a>, padre putativo di Ges\u00f9. Esso appare anche nello stemma di<a href=\"https:\/\/www.holyart.it\/it\/occasioni-speciali\/papa-francesco\"><strong> Papa Francesco<\/strong><\/a>. L&#8217;associazione di San Giuseppe al nardo \u00e8 tipica dei paesi ispanici San Giuseppe, dove il santo viene spesso raffigurato con un ramo di nardo in mano. Dal nardo si ricava un olio profumatissimo considerato di grande valore fin dall\u2019antichit\u00e0, usato come incenso: <a href=\"https:\/\/www.holyart.it\/blog\/articoli-religiosi\/olio-di-nardo-da-gerusalemme-scopriamo-i-benefici-di-questo-unguento\/\"><strong>l\u2019olio di nardo<\/strong><\/a>. San Giuseppe viene spesso raffigurato anche con un <a href=\"https:\/\/www.holyart.it\/it\/articoli-religiosi\/arazzi\/arazzo-san-giuseppe-con-giglio-cornice-ganci-50x40-cm\"><strong>bastone da cui sbocciano gigli<\/strong><\/a>, simbolo della purezza della Vergine.<\/p>\n<div class=\"link-article\">\n<p><img loading=\"lazy\" decoding=\"async\" class=\"size-full wp-image-13326 alignleft\" src=\"https:\/\/blog.holyart.it\/it\/wp-content\/uploads\/sites\/17\/2021\/05\/Fiore-San-Giuseppe.jpeg\" alt=\"fiore san giuseppe\" width=\"150\" height=\"99\" data-kale-share-title=\"Il profumo dei santi: per ogni santo, un fiore!\" data-kale-share-url=\"https:\/\/blog.holyart.it\/it\/?p=13318\" \/><\/p>\n<div class=\"leggi-anche\">Leggi anche:<\/div>\n<p><strong><a href=\"https:\/\/www.holyart.it\/blog\/santi-e-beati\/il-fiore-di-san-giuseppe-e-il-nardo-scopriamo-insieme-il-perche\/\">Il fiore di San Giuseppe \u00e8 il nardo: scopriamo insieme il perch\u00e9<\/a><\/strong><br \/>\nSan Giuseppe, Papa Francesco gli ha dedicato il 2021. Ma oggi parliamo di un aspetto insolito che lo riguarda: il suo fiore<\/p>\n<\/div>\n<h2>Il giglio, il fiore di Sant&#8217;Antonio<\/h2>\n<p>Anche <strong><a href=\"https:\/\/www.holyart.it\/blog\/santi-e-beati\/santantonio-da-padova-il-santo-dei-miracoli\/\">Sant\u2019Antonio da Padova<\/a><\/strong> viene spesso raffigurato con dei <a href=\"https:\/\/www.holyart.it\/it\/articoli-religiosi\/statue\/statue-in-resina-e-pvc\/statua-santantonio-bambino-in-braccio-30-cm-resina-dipinta\"><strong>gigli bianchi<\/strong><\/a>, che, secondo i suoi <em>Sermones<\/em>, rappresentavano i penitenti: <em>\u201cConsidera che nel giglio ci sono tre propriet\u00e0: il medicamento, il candore e il profumo. Il medicamento si trova nella sua radice, il candore e il profumo nel fiore. E queste tre propriet\u00e0 raffigurano i penitenti, poveri nello spirito, che crocifiggono le membra con i loro vizi e le loro concupiscenze, che custodiscono l\u2019umilt\u00e0 nel cuore per soffocare l\u2019impudenza della superbia, il candore della castit\u00e0 nel corpo e il profumo della buona fama.\u201d <\/em>\u00a0(<em>Sermones<\/em>, Domenica XV dopo Pentecoste, 12)<\/p>\n<h2>L&#8217;iperico, il fiore di San Giovanni<\/h2>\n<p>L&#8217;iperico, o erba di <strong><a href=\"https:\/\/www.holyart.it\/it\/articoli-religiosi\/statue\/statue-in-resina-e-pvc\/san-giovanni-battista-37-cm-resina-dipinta\">San Giovanni<\/a><\/strong>, \u00e8 una pianta erbacea diffusa in tutta Italia. Poich\u00e9 fiorisce soprattutto tra giugno e agosto \u00e8 stata associata alla<a href=\"https:\/\/www.holyart.it\/blog\/santi-e-beati\/24-giugno-san-giovanni-battista\/\"><strong> festa dedicata a San Giovanni<\/strong><\/a>, appunto, che cade il 24 giugno. Se in questa notte si raccolgono i fiori gialli dell&#8217;iperico essi avranno un potere miracoloso sia per contrastare le malattie sia per scacciare gli spiriti maligni. Oggi l&#8217;iperico viene usato in fitoterapia per trattare la depressione, l&#8217;ansia, la stanchezza.<\/p>\n<h2>Tutti i fiori di Santa Teresa<\/h2>\n<p>Il <strong><em>Sedum Sieboldii <\/em><\/strong>\u00e8 noto come l\u2019Erba di Santa Teresa o &#8220;Teresina&#8221;. Fiorisce a ottobre, mese dedicato a Santa Teresa del Bambin Ges\u00f9 (Teresa di Lisieux) e Santa Teresa d\u2019Avila. Originaria del Giappone, \u00e8 una pianta grassa che non necessita di grandi cure.<\/p>\n<p>Ma <a href=\"https:\/\/www.holyart.it\/blog\/articoli-religiosi\/santa-teresa-di-lisieux-e-il-miracolo-delle-rose\/\"><strong>Santa Teresa di Lisieux<\/strong><\/a> \u00e8 associata anche alle <strong><a href=\"https:\/\/www.holyart.it\/it\/articoli-religiosi\/statue\/statue-in-legno-dipinto\/santa-teresa-di-lisieux-s.-teresa-del-bambino-gesu-legno-dipinto-val-gardena\">rose e alle pratoline<\/a><\/strong>. In particolare in queste ultimi, fiori umilissimi e delicati, lei si riconosceva moltissimo, come leggiamo nelle sue memorie: <em>&#8220;Come il sole illumina nello stesso tempo i cedri e ogni fiorellino, come se questo fosse solo sulla terra, allo stesso modo Nostro Signore si occupa singolarmente di ogni anima&#8230;in modo da far sbocciare nel tempo stabilito la pi\u00f9 umile pratolina\u201d <\/em>(Storia di un&#8217;anima).<\/p>\n<p>In punto di morte Santa Teresa annunci\u00f2: <em>\u201cVedrete al momento della mia morte che cascata di rose far\u00f2 piovere sulla terra.\u201d<\/em> Per questo nell\u2019iconografia la Santa viene spesso rappresentata con le <a href=\"https:\/\/www.holyart.it\/it\/articoli-religiosi\/statue\/statue-in-legno-dipinto\/santa-teresa\"><strong>mani piene di rose<\/strong><\/a>, che simboleggiano le grazie da lei dispensate in vita e anche dopo la sua morte. Da questa vicenda nasce anche la <strong>novena delle rose<\/strong> a lei ispirata. Un gesuita di nome Padre Putigan cominci\u00f2 a recitare una novena per invocare una grazia importante, e chiese a Dio come segno di benevolenza e garanzia, una rosa. Per ogni giorno e ogni grazia seguit\u00f2 a richiedere rose e le ottenne.<\/p>\n<div class=\"link-product\">\n<div class=\"blocco-immagine\"><img loading=\"lazy\" decoding=\"async\" class=\"alignleft size-full wp-image-13330\" src=\"https:\/\/blog.holyart.it\/it\/wp-content\/uploads\/sites\/17\/2021\/05\/santa-teresa-di-lisieux.jpg\" alt=\"santa-teresa-di-lisieux\" width=\"100\" height=\"100\" data-kale-share-title=\"Il profumo dei santi: per ogni santo, un fiore!\" data-kale-share-url=\"https:\/\/blog.holyart.it\/it\/?p=13318\" \/><\/div>\n<div class=\"blocco-contenuto\">\n<div class=\"blocco-acquista\">Acquista su Holyart:<\/div>\n<div class=\"blocco-titolo\"><a href=\"https:\/\/www.holyart.it\/it\/articoli-religiosi\/statue\/statue-in-legno-dipinto\/santa-teresa-di-lisieux-s.-teresa-del-bambino-gesu-legno-dipinto-val-gardena\">Santa Teresa di Lisieux<\/a><\/div>\n<div class=\"blocco-descrizione\">S. Teresa del Bambino Ges\u00f9 legno dipinto Val Gardena<\/div>\n<\/div>\n<\/div>\n<h2>La rosa di Santa Rita<\/h2>\n<p><a href=\"https:\/\/www.holyart.it\/it\/articoli-religiosi\/statue\/statue-in-gesso\/santa-rita-da-cascia-30-cm-statuetta-gesso-arte-barsanti\"><strong>Santa Rita da Cascia<\/strong><\/a> \u00e8 conosciuta anche come la <strong>Santa della \u201cRosa\u201d. <\/strong>Come Santa Caterina anche lei viene spesso <a href=\"https:\/\/www.holyart.it\/it\/articoli-religiosi\/quadri-stampe-codici-miniati\/quadro-su-tela-pittorica-santa-rita-da-cascia-25x20-cm\"><strong>raffigurata con un anello e una rosa<\/strong><\/a>. La rosa in particolare \u00e8 uno dei suoi simboli per eccellenza. Ormai in punto di morte e costretta a letto, la Santa chiese che le portassero due fichi e una rosa dall\u2019orto della casa in cui era cresciuta, sebbene fosse inverno inoltrato. La cugina che tent\u00f2 ugualmente di assecondarla si rec\u00f2 nell&#8217;orto e in mezzo alla neve trov\u00f2 una rosa e due fichi. La rosa simboleggia anche la vita di <strong><a href=\"https:\/\/www.holyart.it\/it\/articoli\/statue-santa-rita.php\">Santa Rita<\/a><\/strong>, cresciuta tra le spine senza tuttavia perdere il proprio profumo, il proprio buon cuore e la propria fede.<\/p>\n<h2>Gigli e rose, i fiori di Santa Rosalia<\/h2>\n<p><strong><a href=\"https:\/\/www.holyart.it\/blog\/articoli-religiosi\/la-storia-di-santa-rosalia-patrona-di-palermo\/\">Santa Rosalia<\/a><\/strong>, patrona di Palermo, viene spesso rappresentata ornata di corone di gigli e rose, fiori che rappresentano rispettivamente <a href=\"https:\/\/www.holyart.it\/it\/articoli-religiosi\/statue\/statue-in-gesso\/santa-rosalia-gesso-madreperlato-40-cm\"><strong>la verginit\u00e0 e l&#8217;unione con Dio<\/strong><\/a>. A volte \u00e8 Ges\u00f9 Bambino a porre la corona di fiori sul capo della Santa vergine, in una sorta di sposalizio mistico. Il suo stesso nome racchiude quello di entrambi i fiori. Secondo la leggenda prima della sua nascita ai suoi genitori apparve una figura misteriosa che disse loro che la bambina che sarebbe nata sarebbe stata <em>\u201cuna rosa senza spine\u201d<\/em>. Da qui il nome scelto per lei, Rosalia, che unisce insieme i termini latini\u00a0<em>rosa<\/em>\u00a0e\u00a0<em>lilium<\/em>, \u201crosa\u201d e \u201cgiglio\u201d.<\/p>\n<div class=\"link-product\">\n<div class=\"blocco-immagine\"><img loading=\"lazy\" decoding=\"async\" class=\"alignnone size-full wp-image-10311\" src=\"https:\/\/blog.holyart.it\/it\/wp-content\/uploads\/sites\/17\/2020\/09\/santa-rosalia-coricata.jpg\" alt=\"santa rosalia coricata\" width=\"100\" height=\"100\" data-kale-share-title=\"La storia di santa Rosalia, patrona di Palermo\" data-kale-share-url=\"https:\/\/blog.holyart.it\/it\/articoli-religiosi\/la-storia-di-santa-rosalia-patrona-di-palermo\/\" \/><\/div>\n<div class=\"blocco-contenuto\">\n<div class=\"blocco-acquista\">Acquista su Holyart:<\/div>\n<div class=\"blocco-titolo\"><a href=\"https:\/\/www.holyart.it\/it\/articoli-religiosi\/statue\/statue-in-gesso\/santa-rosalia-coricata-10x15x5-cm-gesso\">Santa Rosalia<\/a><\/div>\n<div class=\"blocco-descrizione\">Statua in gesso dipinto a mano<\/div>\n<\/div>\n<\/div>\n","protected":false},"excerpt":{"rendered":"<p>La rosa \u00e8 il fiore per eccellenza caro alla Madonna, ma anche altri santi hanno un fiore che li rappresenta. Scopriamo insieme il profumo dei santi. Il mese di maggio \u00e8 uno dei mesi dedicati alla Madonna. \u00c8 anche il mese delle rose, che in&hellip;<\/p>\n","protected":false},"author":1,"featured_media":13333,"comment_status":"closed","ping_status":"open","sticky":false,"template":"","format":"standard","meta":{"_acf_changed":false,"footnotes":""},"categories":[15],"tags":[],"class_list":["post-13318","post","type-post","status-publish","format-standard","has-post-thumbnail","hentry","category-santi-e-beati"],"acf":[],"yoast_head":"<!-- This site is optimized with the Yoast SEO plugin v26.6 - https:\/\/yoast.com\/wordpress\/plugins\/seo\/ -->\n<title>Il profumo dei santi: per ogni santo, un fiore! - Holyblog<\/title>\n<meta name=\"description\" content=\"La rosa \u00e8 il fiore per eccellenza caro alla Madonna, ma anche altri santi hanno un fiore che li rappresenta. Scopriamo insieme il profumo dei santi.\" \/>\n<meta name=\"robots\" content=\"index, follow, max-snippet:-1, max-image-preview:large, max-video-preview:-1\" \/>\n<link rel=\"canonical\" href=\"https:\/\/blog.holyart.it\/it\/santi-e-beati\/il-profumo-dei-santi-per-ogni-santo-un-fiore\/\" \/>\n<meta property=\"og:locale\" content=\"it_IT\" \/>\n<meta property=\"og:type\" content=\"article\" \/>\n<meta property=\"og:title\" content=\"Il profumo dei santi: per ogni santo, un fiore! - Holyblog\" \/>\n<meta property=\"og:description\" content=\"La rosa \u00e8 il fiore per eccellenza caro alla Madonna, ma anche altri santi hanno un fiore che li rappresenta. Scopriamo insieme il profumo dei santi.\" \/>\n<meta property=\"og:url\" content=\"https:\/\/blog.holyart.it\/it\/santi-e-beati\/il-profumo-dei-santi-per-ogni-santo-un-fiore\/\" \/>\n<meta property=\"og:site_name\" content=\"Holyblog\" \/>\n<meta property=\"article:published_time\" content=\"2021-05-27T12:41:08+00:00\" \/>\n<meta property=\"article:modified_time\" content=\"2024-09-10T10:06:33+00:00\" \/>\n<meta property=\"og:image\" content=\"https:\/\/blog.holyart.it\/it\/wp-content\/uploads\/sites\/17\/2021\/05\/il-profumo-dei-santi.jpeg\" \/>\n\t<meta property=\"og:image:width\" content=\"1000\" \/>\n\t<meta property=\"og:image:height\" content=\"666\" \/>\n\t<meta property=\"og:image:type\" content=\"image\/jpeg\" \/>\n<meta name=\"author\" content=\"Redazione\" \/>\n<meta name=\"twitter:card\" content=\"summary_large_image\" \/>\n<meta name=\"twitter:label1\" content=\"Scritto da\" \/>\n\t<meta name=\"twitter:data1\" content=\"Redazione\" \/>\n\t<meta name=\"twitter:label2\" content=\"Tempo di lettura stimato\" \/>\n\t<meta name=\"twitter:data2\" content=\"9 minuti\" \/>\n<script type=\"application\/ld+json\" class=\"yoast-schema-graph\">{\"@context\":\"https:\/\/schema.org\",\"@graph\":[{\"@type\":\"Article\",\"@id\":\"https:\/\/blog.holyart.it\/it\/santi-e-beati\/il-profumo-dei-santi-per-ogni-santo-un-fiore\/#article\",\"isPartOf\":{\"@id\":\"https:\/\/blog.holyart.it\/it\/santi-e-beati\/il-profumo-dei-santi-per-ogni-santo-un-fiore\/\"},\"author\":{\"name\":\"Redazione\",\"@id\":\"https:\/\/blog.holyart.it\/it\/#\/schema\/person\/0a7b686e5af0f856ec1e390dd0baecda\"},\"headline\":\"Il profumo dei santi: per ogni santo, un fiore!\",\"datePublished\":\"2021-05-27T12:41:08+00:00\",\"dateModified\":\"2024-09-10T10:06:33+00:00\",\"mainEntityOfPage\":{\"@id\":\"https:\/\/blog.holyart.it\/it\/santi-e-beati\/il-profumo-dei-santi-per-ogni-santo-un-fiore\/\"},\"wordCount\":1419,\"publisher\":{\"@id\":\"https:\/\/blog.holyart.it\/it\/#organization\"},\"image\":{\"@id\":\"https:\/\/blog.holyart.it\/it\/santi-e-beati\/il-profumo-dei-santi-per-ogni-santo-un-fiore\/#primaryimage\"},\"thumbnailUrl\":\"https:\/\/blog.holyart.it\/it\/wp-content\/uploads\/sites\/17\/2021\/05\/il-profumo-dei-santi.jpeg\",\"articleSection\":[\"Santi e beati\"],\"inLanguage\":\"it-IT\"},{\"@type\":\"WebPage\",\"@id\":\"https:\/\/blog.holyart.it\/it\/santi-e-beati\/il-profumo-dei-santi-per-ogni-santo-un-fiore\/\",\"url\":\"https:\/\/blog.holyart.it\/it\/santi-e-beati\/il-profumo-dei-santi-per-ogni-santo-un-fiore\/\",\"name\":\"Il profumo dei santi: per ogni santo, un fiore! - Holyblog\",\"isPartOf\":{\"@id\":\"https:\/\/blog.holyart.it\/it\/#website\"},\"primaryImageOfPage\":{\"@id\":\"https:\/\/blog.holyart.it\/it\/santi-e-beati\/il-profumo-dei-santi-per-ogni-santo-un-fiore\/#primaryimage\"},\"image\":{\"@id\":\"https:\/\/blog.holyart.it\/it\/santi-e-beati\/il-profumo-dei-santi-per-ogni-santo-un-fiore\/#primaryimage\"},\"thumbnailUrl\":\"https:\/\/blog.holyart.it\/it\/wp-content\/uploads\/sites\/17\/2021\/05\/il-profumo-dei-santi.jpeg\",\"datePublished\":\"2021-05-27T12:41:08+00:00\",\"dateModified\":\"2024-09-10T10:06:33+00:00\",\"description\":\"La rosa \u00e8 il fiore per eccellenza caro alla Madonna, ma anche altri santi hanno un fiore che li rappresenta. Scopriamo insieme il profumo dei santi.\",\"breadcrumb\":{\"@id\":\"https:\/\/blog.holyart.it\/it\/santi-e-beati\/il-profumo-dei-santi-per-ogni-santo-un-fiore\/#breadcrumb\"},\"inLanguage\":\"it-IT\",\"potentialAction\":[{\"@type\":\"ReadAction\",\"target\":[\"https:\/\/blog.holyart.it\/it\/santi-e-beati\/il-profumo-dei-santi-per-ogni-santo-un-fiore\/\"]}]},{\"@type\":\"ImageObject\",\"inLanguage\":\"it-IT\",\"@id\":\"https:\/\/blog.holyart.it\/it\/santi-e-beati\/il-profumo-dei-santi-per-ogni-santo-un-fiore\/#primaryimage\",\"url\":\"https:\/\/blog.holyart.it\/it\/wp-content\/uploads\/sites\/17\/2021\/05\/il-profumo-dei-santi.jpeg\",\"contentUrl\":\"https:\/\/blog.holyart.it\/it\/wp-content\/uploads\/sites\/17\/2021\/05\/il-profumo-dei-santi.jpeg\",\"width\":1000,\"height\":666,\"caption\":\"il profumo dei santi\"},{\"@type\":\"BreadcrumbList\",\"@id\":\"https:\/\/blog.holyart.it\/it\/santi-e-beati\/il-profumo-dei-santi-per-ogni-santo-un-fiore\/#breadcrumb\",\"itemListElement\":[{\"@type\":\"ListItem\",\"position\":1,\"name\":\"Homepage\",\"item\":\"https:\/\/blog.holyart.it\/it\/\"},{\"@type\":\"ListItem\",\"position\":2,\"name\":\"Santi e beati\",\"item\":\"https:\/\/blog.holyart.it\/it\/santi-e-beati\/\"},{\"@type\":\"ListItem\",\"position\":3,\"name\":\"Il profumo dei santi: per ogni santo, un fiore!\"}]},{\"@type\":\"WebSite\",\"@id\":\"https:\/\/blog.holyart.it\/it\/#website\",\"url\":\"https:\/\/blog.holyart.it\/it\/\",\"name\":\"Holyblog\",\"description\":\"Il Blog di Holyart.it\",\"publisher\":{\"@id\":\"https:\/\/blog.holyart.it\/it\/#organization\"},\"potentialAction\":[{\"@type\":\"SearchAction\",\"target\":{\"@type\":\"EntryPoint\",\"urlTemplate\":\"https:\/\/blog.holyart.it\/it\/?s={search_term_string}\"},\"query-input\":{\"@type\":\"PropertyValueSpecification\",\"valueRequired\":true,\"valueName\":\"search_term_string\"}}],\"inLanguage\":\"it-IT\"},{\"@type\":\"Organization\",\"@id\":\"https:\/\/blog.holyart.it\/it\/#organization\",\"name\":\"Holyblog\",\"url\":\"https:\/\/blog.holyart.it\/it\/\",\"logo\":{\"@type\":\"ImageObject\",\"inLanguage\":\"it-IT\",\"@id\":\"https:\/\/blog.holyart.it\/it\/#\/schema\/logo\/image\/\",\"url\":\"https:\/\/blog.holyart.it\/it\/wp-content\/uploads\/sites\/17\/2022\/12\/Holyart_Blog_Logo.jpg\",\"contentUrl\":\"https:\/\/blog.holyart.it\/it\/wp-content\/uploads\/sites\/17\/2022\/12\/Holyart_Blog_Logo.jpg\",\"width\":300,\"height\":50,\"caption\":\"Holyblog\"},\"image\":{\"@id\":\"https:\/\/blog.holyart.it\/it\/#\/schema\/logo\/image\/\"}},{\"@type\":\"Person\",\"@id\":\"https:\/\/blog.holyart.it\/it\/#\/schema\/person\/0a7b686e5af0f856ec1e390dd0baecda\",\"name\":\"Redazione\"}]}<\/script>\n<!-- \/ Yoast SEO plugin. -->","yoast_head_json":{"title":"Il profumo dei santi: per ogni santo, un fiore! - Holyblog","description":"La rosa \u00e8 il fiore per eccellenza caro alla Madonna, ma anche altri santi hanno un fiore che li rappresenta. Scopriamo insieme il profumo dei santi.","robots":{"index":"index","follow":"follow","max-snippet":"max-snippet:-1","max-image-preview":"max-image-preview:large","max-video-preview":"max-video-preview:-1"},"canonical":"https:\/\/blog.holyart.it\/it\/santi-e-beati\/il-profumo-dei-santi-per-ogni-santo-un-fiore\/","og_locale":"it_IT","og_type":"article","og_title":"Il profumo dei santi: per ogni santo, un fiore! - Holyblog","og_description":"La rosa \u00e8 il fiore per eccellenza caro alla Madonna, ma anche altri santi hanno un fiore che li rappresenta. Scopriamo insieme il profumo dei santi.","og_url":"https:\/\/blog.holyart.it\/it\/santi-e-beati\/il-profumo-dei-santi-per-ogni-santo-un-fiore\/","og_site_name":"Holyblog","article_published_time":"2021-05-27T12:41:08+00:00","article_modified_time":"2024-09-10T10:06:33+00:00","og_image":[{"width":1000,"height":666,"url":"https:\/\/blog.holyart.it\/it\/wp-content\/uploads\/sites\/17\/2021\/05\/il-profumo-dei-santi.jpeg","type":"image\/jpeg"}],"author":"Redazione","twitter_card":"summary_large_image","twitter_misc":{"Scritto da":"Redazione","Tempo di lettura stimato":"9 minuti"},"schema":{"@context":"https:\/\/schema.org","@graph":[{"@type":"Article","@id":"https:\/\/blog.holyart.it\/it\/santi-e-beati\/il-profumo-dei-santi-per-ogni-santo-un-fiore\/#article","isPartOf":{"@id":"https:\/\/blog.holyart.it\/it\/santi-e-beati\/il-profumo-dei-santi-per-ogni-santo-un-fiore\/"},"author":{"name":"Redazione","@id":"https:\/\/blog.holyart.it\/it\/#\/schema\/person\/0a7b686e5af0f856ec1e390dd0baecda"},"headline":"Il profumo dei santi: per ogni santo, un fiore!","datePublished":"2021-05-27T12:41:08+00:00","dateModified":"2024-09-10T10:06:33+00:00","mainEntityOfPage":{"@id":"https:\/\/blog.holyart.it\/it\/santi-e-beati\/il-profumo-dei-santi-per-ogni-santo-un-fiore\/"},"wordCount":1419,"publisher":{"@id":"https:\/\/blog.holyart.it\/it\/#organization"},"image":{"@id":"https:\/\/blog.holyart.it\/it\/santi-e-beati\/il-profumo-dei-santi-per-ogni-santo-un-fiore\/#primaryimage"},"thumbnailUrl":"https:\/\/blog.holyart.it\/it\/wp-content\/uploads\/sites\/17\/2021\/05\/il-profumo-dei-santi.jpeg","articleSection":["Santi e beati"],"inLanguage":"it-IT"},{"@type":"WebPage","@id":"https:\/\/blog.holyart.it\/it\/santi-e-beati\/il-profumo-dei-santi-per-ogni-santo-un-fiore\/","url":"https:\/\/blog.holyart.it\/it\/santi-e-beati\/il-profumo-dei-santi-per-ogni-santo-un-fiore\/","name":"Il profumo dei santi: per ogni santo, un fiore! - Holyblog","isPartOf":{"@id":"https:\/\/blog.holyart.it\/it\/#website"},"primaryImageOfPage":{"@id":"https:\/\/blog.holyart.it\/it\/santi-e-beati\/il-profumo-dei-santi-per-ogni-santo-un-fiore\/#primaryimage"},"image":{"@id":"https:\/\/blog.holyart.it\/it\/santi-e-beati\/il-profumo-dei-santi-per-ogni-santo-un-fiore\/#primaryimage"},"thumbnailUrl":"https:\/\/blog.holyart.it\/it\/wp-content\/uploads\/sites\/17\/2021\/05\/il-profumo-dei-santi.jpeg","datePublished":"2021-05-27T12:41:08+00:00","dateModified":"2024-09-10T10:06:33+00:00","description":"La rosa \u00e8 il fiore per eccellenza caro alla Madonna, ma anche altri santi hanno un fiore che li rappresenta. Scopriamo insieme il profumo dei santi.","breadcrumb":{"@id":"https:\/\/blog.holyart.it\/it\/santi-e-beati\/il-profumo-dei-santi-per-ogni-santo-un-fiore\/#breadcrumb"},"inLanguage":"it-IT","potentialAction":[{"@type":"ReadAction","target":["https:\/\/blog.holyart.it\/it\/santi-e-beati\/il-profumo-dei-santi-per-ogni-santo-un-fiore\/"]}]},{"@type":"ImageObject","inLanguage":"it-IT","@id":"https:\/\/blog.holyart.it\/it\/santi-e-beati\/il-profumo-dei-santi-per-ogni-santo-un-fiore\/#primaryimage","url":"https:\/\/blog.holyart.it\/it\/wp-content\/uploads\/sites\/17\/2021\/05\/il-profumo-dei-santi.jpeg","contentUrl":"https:\/\/blog.holyart.it\/it\/wp-content\/uploads\/sites\/17\/2021\/05\/il-profumo-dei-santi.jpeg","width":1000,"height":666,"caption":"il profumo dei santi"},{"@type":"BreadcrumbList","@id":"https:\/\/blog.holyart.it\/it\/santi-e-beati\/il-profumo-dei-santi-per-ogni-santo-un-fiore\/#breadcrumb","itemListElement":[{"@type":"ListItem","position":1,"name":"Homepage","item":"https:\/\/blog.holyart.it\/it\/"},{"@type":"ListItem","position":2,"name":"Santi e beati","item":"https:\/\/blog.holyart.it\/it\/santi-e-beati\/"},{"@type":"ListItem","position":3,"name":"Il profumo dei santi: per ogni santo, un fiore!"}]},{"@type":"WebSite","@id":"https:\/\/blog.holyart.it\/it\/#website","url":"https:\/\/blog.holyart.it\/it\/","name":"Holyblog","description":"Il Blog di Holyart.it","publisher":{"@id":"https:\/\/blog.holyart.it\/it\/#organization"},"potentialAction":[{"@type":"SearchAction","target":{"@type":"EntryPoint","urlTemplate":"https:\/\/blog.holyart.it\/it\/?s={search_term_string}"},"query-input":{"@type":"PropertyValueSpecification","valueRequired":true,"valueName":"search_term_string"}}],"inLanguage":"it-IT"},{"@type":"Organization","@id":"https:\/\/blog.holyart.it\/it\/#organization","name":"Holyblog","url":"https:\/\/blog.holyart.it\/it\/","logo":{"@type":"ImageObject","inLanguage":"it-IT","@id":"https:\/\/blog.holyart.it\/it\/#\/schema\/logo\/image\/","url":"https:\/\/blog.holyart.it\/it\/wp-content\/uploads\/sites\/17\/2022\/12\/Holyart_Blog_Logo.jpg","contentUrl":"https:\/\/blog.holyart.it\/it\/wp-content\/uploads\/sites\/17\/2022\/12\/Holyart_Blog_Logo.jpg","width":300,"height":50,"caption":"Holyblog"},"image":{"@id":"https:\/\/blog.holyart.it\/it\/#\/schema\/logo\/image\/"}},{"@type":"Person","@id":"https:\/\/blog.holyart.it\/it\/#\/schema\/person\/0a7b686e5af0f856ec1e390dd0baecda","name":"Redazione"}]}},"_links":{"self":[{"href":"https:\/\/blog.holyart.it\/it\/wp-json\/wp\/v2\/posts\/13318","targetHints":{"allow":["GET"]}}],"collection":[{"href":"https:\/\/blog.holyart.it\/it\/wp-json\/wp\/v2\/posts"}],"about":[{"href":"https:\/\/blog.holyart.it\/it\/wp-json\/wp\/v2\/types\/post"}],"author":[{"embeddable":true,"href":"https:\/\/blog.holyart.it\/it\/wp-json\/wp\/v2\/users\/1"}],"replies":[{"embeddable":true,"href":"https:\/\/blog.holyart.it\/it\/wp-json\/wp\/v2\/comments?post=13318"}],"version-history":[{"count":2,"href":"https:\/\/blog.holyart.it\/it\/wp-json\/wp\/v2\/posts\/13318\/revisions"}],"predecessor-version":[{"id":20519,"href":"https:\/\/blog.holyart.it\/it\/wp-json\/wp\/v2\/posts\/13318\/revisions\/20519"}],"wp:featuredmedia":[{"embeddable":true,"href":"https:\/\/blog.holyart.it\/it\/wp-json\/wp\/v2\/media\/13333"}],"wp:attachment":[{"href":"https:\/\/blog.holyart.it\/it\/wp-json\/wp\/v2\/media?parent=13318"}],"wp:term":[{"taxonomy":"category","embeddable":true,"href":"https:\/\/blog.holyart.it\/it\/wp-json\/wp\/v2\/categories?post=13318"},{"taxonomy":"post_tag","embeddable":true,"href":"https:\/\/blog.holyart.it\/it\/wp-json\/wp\/v2\/tags?post=13318"}],"curies":[{"name":"wp","href":"https:\/\/api.w.org\/{rel}","templated":true}]}}