{"id":132,"date":"2016-06-10T16:06:47","date_gmt":"2016-06-10T14:06:47","guid":{"rendered":"https:\/\/blog.holyart.it\/it\/?p=132"},"modified":"2016-10-28T15:19:06","modified_gmt":"2016-10-28T13:19:06","slug":"san-francesco-dassisi","status":"publish","type":"post","link":"https:\/\/blog.holyart.it\/it\/santi-e-beati\/san-francesco-dassisi\/","title":{"rendered":"San Francesco d&#8217;Assisi"},"content":{"rendered":"<p>Difficile scrivere qualcosa di nuovo su <strong>San Francesco d&#8217;Assisi<\/strong>, uno dei santi pi\u00f9 amati e venerati dalla Chiesa cattolica, proclamato, assieme a <strong>santa Caterina da Siena<\/strong>, patrono principale d&#8217;Italia da papa Pio XII. E non \u00e8 un caso. <strong>San Francesco<\/strong> pi\u00f9 di qualsiasi altro santo seppe impossessarsi in maniera intensa e totale dell&#8217;eredit\u00e0 di Ges\u00f9 Cristo, uomo, prima che Dio, povero tra i poveri, ultimo tra gli ultimi, sino a diventare lui stesso, attraverso la sua scelta estrema di vita, il sacrificio, la predicazione, le stimmate nella sua carne, quasi una nuova incarnazione. Questo approccio rivoluzionario per l&#8217;epoca e commovente nella sua intensit\u00e0, rese <strong>San Francesco d\u2019Assisi<\/strong> inviso e incompreso dai suoi contemporanei, ma cre\u00f2 fin da subito simpatia e spirito di emulazione in chi era alla ricerca di un&#8217;autentica Fede.<\/p>\n<p>Imitatore e seguace del Cristo povero e crocifisso, <strong>San Francesco<\/strong> seppe ricordare a tutti coloro che l&#8217;avevano scordata una grande verit\u00e0 cristiana, la vita associata a quella del Cristo nella croce come insostituibile mezzo di salvezza. Ricord\u00f2 a chi aveva smarrito il cammino che nulla nasce grande senza passare per il sacrificio, che occorre portare la propria croce con fierezza, aggrappandosi ad essa ogni giorno per migliorare, per aspirare a una rinascita degna e piena. Per rinascere come <strong>San Francesco d\u2019Assisi<\/strong> alla vita veramente nuova.<\/p>\n<p>Di pi\u00f9, <strong>San Francesco<\/strong> seppe per primo infondere quel senso di appartenenza a una comunit\u00e0 di credenti devoti nel corpo e nello spirito a una <strong>Fede<\/strong> comune. Ancora oggi frati, suore, seminaristi aspiranti, francescani dell\u2019ordine secolare, giovani devoti e ammiratori ed amici di <strong>San Francesco<\/strong>, sono come componenti di una vera e propria famiglia, accomunati da un segno concreto di devozione cristiana, ma soprattutto da un impegno di vita nel segno di <strong>Cristo<\/strong> povero e crocifisso. Nonostante siano passati oltre sette secoli <strong>San Francesco d&#8217;Assisi<\/strong> \u00e8 ancora un simbolo di speranza e rinnovamento della Chiesa, di pace per tutto il mondo, di rispetto per l&#8217;uomo e per il creato.<\/p>\n<p>Su <strong>Holyart<\/strong> potrai trovare <strong><a title=\"Statue di San Francesco d'Assisi\" href=\"http:\/\/www.holyart.it\/it\/articoli-religiosi\/statue\">40 statue di San Francesco d\u2019Assisi<\/a><\/strong>, di diverse <strong>dimensioni<\/strong>, <strong>materiali<\/strong> e <strong>fasce di prezzo<\/strong>.<\/p>\n","protected":false},"excerpt":{"rendered":"<p>Difficile scrivere qualcosa di nuovo su San Francesco d&#8217;Assisi, uno dei santi pi\u00f9 amati e venerati dalla Chiesa cattolica, proclamato, assieme a santa Caterina da Siena, patrono principale d&#8217;Italia da papa Pio XII. E non \u00e8 un caso. San Francesco pi\u00f9 di qualsiasi altro santo&hellip;<\/p>\n","protected":false},"author":1,"featured_media":257,"comment_status":"closed","ping_status":"open","sticky":false,"template":"","format":"standard","meta":{"_acf_changed":false,"footnotes":""},"categories":[15],"tags":[],"class_list":["post-132","post","type-post","status-publish","format-standard","has-post-thumbnail","hentry","category-santi-e-beati"],"acf":[],"yoast_head":"<!-- This site is optimized with the Yoast SEO plugin v26.6 - https:\/\/yoast.com\/wordpress\/plugins\/seo\/ -->\n<title>San Francesco d&#039;Assisi - Holyblog<\/title>\n<meta name=\"description\" content=\"San Francesco d&#039;Assisi pi\u00f9 di qualsiasi altro seppe impossessarsi in maniera totale dell&#039;eredit\u00e0 di Ges\u00f9 Cristo: povero tra i poveri, ultimo tra gli ultimi\" \/>\n<meta name=\"robots\" content=\"index, follow, max-snippet:-1, max-image-preview:large, max-video-preview:-1\" \/>\n<link rel=\"canonical\" href=\"https:\/\/blog.holyart.it\/it\/santi-e-beati\/san-francesco-dassisi\/\" \/>\n<meta property=\"og:locale\" content=\"it_IT\" \/>\n<meta property=\"og:type\" content=\"article\" \/>\n<meta property=\"og:title\" content=\"San Francesco d&#039;Assisi - Holyblog\" \/>\n<meta property=\"og:description\" content=\"San Francesco d&#039;Assisi pi\u00f9 di qualsiasi altro seppe impossessarsi in maniera totale dell&#039;eredit\u00e0 di Ges\u00f9 Cristo: povero tra i poveri, ultimo tra gli ultimi\" \/>\n<meta property=\"og:url\" content=\"https:\/\/blog.holyart.it\/it\/santi-e-beati\/san-francesco-dassisi\/\" \/>\n<meta property=\"og:site_name\" content=\"Holyblog\" \/>\n<meta property=\"article:published_time\" content=\"2016-06-10T14:06:47+00:00\" \/>\n<meta property=\"article:modified_time\" content=\"2016-10-28T13:19:06+00:00\" \/>\n<meta property=\"og:image\" content=\"https:\/\/blog.holyart.it\/it\/wp-content\/uploads\/sites\/17\/2016\/06\/San-Francesco-dAssisi.png\" \/>\n\t<meta property=\"og:image:width\" content=\"836\" \/>\n\t<meta property=\"og:image:height\" content=\"457\" \/>\n\t<meta property=\"og:image:type\" content=\"image\/png\" \/>\n<meta name=\"author\" content=\"Redazione\" \/>\n<meta name=\"twitter:card\" content=\"summary_large_image\" \/>\n<meta name=\"twitter:label1\" content=\"Scritto da\" \/>\n\t<meta name=\"twitter:data1\" content=\"Redazione\" \/>\n\t<meta name=\"twitter:label2\" content=\"Tempo di lettura stimato\" \/>\n\t<meta name=\"twitter:data2\" content=\"2 minuti\" \/>\n<script type=\"application\/ld+json\" class=\"yoast-schema-graph\">{\"@context\":\"https:\/\/schema.org\",\"@graph\":[{\"@type\":\"Article\",\"@id\":\"https:\/\/blog.holyart.it\/it\/santi-e-beati\/san-francesco-dassisi\/#article\",\"isPartOf\":{\"@id\":\"https:\/\/blog.holyart.it\/it\/santi-e-beati\/san-francesco-dassisi\/\"},\"author\":{\"name\":\"Redazione\",\"@id\":\"https:\/\/blog.holyart.it\/it\/#\/schema\/person\/0a7b686e5af0f856ec1e390dd0baecda\"},\"headline\":\"San Francesco d&#8217;Assisi\",\"datePublished\":\"2016-06-10T14:06:47+00:00\",\"dateModified\":\"2016-10-28T13:19:06+00:00\",\"mainEntityOfPage\":{\"@id\":\"https:\/\/blog.holyart.it\/it\/santi-e-beati\/san-francesco-dassisi\/\"},\"wordCount\":347,\"publisher\":{\"@id\":\"https:\/\/blog.holyart.it\/it\/#organization\"},\"image\":{\"@id\":\"https:\/\/blog.holyart.it\/it\/santi-e-beati\/san-francesco-dassisi\/#primaryimage\"},\"thumbnailUrl\":\"https:\/\/blog.holyart.it\/it\/wp-content\/uploads\/sites\/17\/2016\/06\/San-Francesco-dAssisi.png\",\"articleSection\":[\"Santi e beati\"],\"inLanguage\":\"it-IT\"},{\"@type\":\"WebPage\",\"@id\":\"https:\/\/blog.holyart.it\/it\/santi-e-beati\/san-francesco-dassisi\/\",\"url\":\"https:\/\/blog.holyart.it\/it\/santi-e-beati\/san-francesco-dassisi\/\",\"name\":\"San Francesco d'Assisi - Holyblog\",\"isPartOf\":{\"@id\":\"https:\/\/blog.holyart.it\/it\/#website\"},\"primaryImageOfPage\":{\"@id\":\"https:\/\/blog.holyart.it\/it\/santi-e-beati\/san-francesco-dassisi\/#primaryimage\"},\"image\":{\"@id\":\"https:\/\/blog.holyart.it\/it\/santi-e-beati\/san-francesco-dassisi\/#primaryimage\"},\"thumbnailUrl\":\"https:\/\/blog.holyart.it\/it\/wp-content\/uploads\/sites\/17\/2016\/06\/San-Francesco-dAssisi.png\",\"datePublished\":\"2016-06-10T14:06:47+00:00\",\"dateModified\":\"2016-10-28T13:19:06+00:00\",\"description\":\"San Francesco d'Assisi pi\u00f9 di qualsiasi altro seppe impossessarsi in maniera totale dell'eredit\u00e0 di Ges\u00f9 Cristo: povero tra i poveri, ultimo tra gli ultimi\",\"breadcrumb\":{\"@id\":\"https:\/\/blog.holyart.it\/it\/santi-e-beati\/san-francesco-dassisi\/#breadcrumb\"},\"inLanguage\":\"it-IT\",\"potentialAction\":[{\"@type\":\"ReadAction\",\"target\":[\"https:\/\/blog.holyart.it\/it\/santi-e-beati\/san-francesco-dassisi\/\"]}]},{\"@type\":\"ImageObject\",\"inLanguage\":\"it-IT\",\"@id\":\"https:\/\/blog.holyart.it\/it\/santi-e-beati\/san-francesco-dassisi\/#primaryimage\",\"url\":\"https:\/\/blog.holyart.it\/it\/wp-content\/uploads\/sites\/17\/2016\/06\/San-Francesco-dAssisi.png\",\"contentUrl\":\"https:\/\/blog.holyart.it\/it\/wp-content\/uploads\/sites\/17\/2016\/06\/San-Francesco-dAssisi.png\",\"width\":836,\"height\":457,\"caption\":\"San Francesco d'Assisi\"},{\"@type\":\"BreadcrumbList\",\"@id\":\"https:\/\/blog.holyart.it\/it\/santi-e-beati\/san-francesco-dassisi\/#breadcrumb\",\"itemListElement\":[{\"@type\":\"ListItem\",\"position\":1,\"name\":\"Homepage\",\"item\":\"https:\/\/blog.holyart.it\/it\/\"},{\"@type\":\"ListItem\",\"position\":2,\"name\":\"Santi e beati\",\"item\":\"https:\/\/blog.holyart.it\/it\/santi-e-beati\/\"},{\"@type\":\"ListItem\",\"position\":3,\"name\":\"San Francesco d&#8217;Assisi\"}]},{\"@type\":\"WebSite\",\"@id\":\"https:\/\/blog.holyart.it\/it\/#website\",\"url\":\"https:\/\/blog.holyart.it\/it\/\",\"name\":\"Holyblog\",\"description\":\"Il Blog di Holyart.it\",\"publisher\":{\"@id\":\"https:\/\/blog.holyart.it\/it\/#organization\"},\"potentialAction\":[{\"@type\":\"SearchAction\",\"target\":{\"@type\":\"EntryPoint\",\"urlTemplate\":\"https:\/\/blog.holyart.it\/it\/?s={search_term_string}\"},\"query-input\":{\"@type\":\"PropertyValueSpecification\",\"valueRequired\":true,\"valueName\":\"search_term_string\"}}],\"inLanguage\":\"it-IT\"},{\"@type\":\"Organization\",\"@id\":\"https:\/\/blog.holyart.it\/it\/#organization\",\"name\":\"Holyblog\",\"url\":\"https:\/\/blog.holyart.it\/it\/\",\"logo\":{\"@type\":\"ImageObject\",\"inLanguage\":\"it-IT\",\"@id\":\"https:\/\/blog.holyart.it\/it\/#\/schema\/logo\/image\/\",\"url\":\"https:\/\/blog.holyart.it\/it\/wp-content\/uploads\/sites\/17\/2022\/12\/Holyart_Blog_Logo.jpg\",\"contentUrl\":\"https:\/\/blog.holyart.it\/it\/wp-content\/uploads\/sites\/17\/2022\/12\/Holyart_Blog_Logo.jpg\",\"width\":300,\"height\":50,\"caption\":\"Holyblog\"},\"image\":{\"@id\":\"https:\/\/blog.holyart.it\/it\/#\/schema\/logo\/image\/\"}},{\"@type\":\"Person\",\"@id\":\"https:\/\/blog.holyart.it\/it\/#\/schema\/person\/0a7b686e5af0f856ec1e390dd0baecda\",\"name\":\"Redazione\"}]}<\/script>\n<!-- \/ Yoast SEO plugin. -->","yoast_head_json":{"title":"San Francesco d'Assisi - Holyblog","description":"San Francesco d'Assisi pi\u00f9 di qualsiasi altro seppe impossessarsi in maniera totale dell'eredit\u00e0 di Ges\u00f9 Cristo: povero tra i poveri, ultimo tra gli ultimi","robots":{"index":"index","follow":"follow","max-snippet":"max-snippet:-1","max-image-preview":"max-image-preview:large","max-video-preview":"max-video-preview:-1"},"canonical":"https:\/\/blog.holyart.it\/it\/santi-e-beati\/san-francesco-dassisi\/","og_locale":"it_IT","og_type":"article","og_title":"San Francesco d'Assisi - Holyblog","og_description":"San Francesco d'Assisi pi\u00f9 di qualsiasi altro seppe impossessarsi in maniera totale dell'eredit\u00e0 di Ges\u00f9 Cristo: povero tra i poveri, ultimo tra gli ultimi","og_url":"https:\/\/blog.holyart.it\/it\/santi-e-beati\/san-francesco-dassisi\/","og_site_name":"Holyblog","article_published_time":"2016-06-10T14:06:47+00:00","article_modified_time":"2016-10-28T13:19:06+00:00","og_image":[{"width":836,"height":457,"url":"https:\/\/blog.holyart.it\/it\/wp-content\/uploads\/sites\/17\/2016\/06\/San-Francesco-dAssisi.png","type":"image\/png"}],"author":"Redazione","twitter_card":"summary_large_image","twitter_misc":{"Scritto da":"Redazione","Tempo di lettura stimato":"2 minuti"},"schema":{"@context":"https:\/\/schema.org","@graph":[{"@type":"Article","@id":"https:\/\/blog.holyart.it\/it\/santi-e-beati\/san-francesco-dassisi\/#article","isPartOf":{"@id":"https:\/\/blog.holyart.it\/it\/santi-e-beati\/san-francesco-dassisi\/"},"author":{"name":"Redazione","@id":"https:\/\/blog.holyart.it\/it\/#\/schema\/person\/0a7b686e5af0f856ec1e390dd0baecda"},"headline":"San Francesco d&#8217;Assisi","datePublished":"2016-06-10T14:06:47+00:00","dateModified":"2016-10-28T13:19:06+00:00","mainEntityOfPage":{"@id":"https:\/\/blog.holyart.it\/it\/santi-e-beati\/san-francesco-dassisi\/"},"wordCount":347,"publisher":{"@id":"https:\/\/blog.holyart.it\/it\/#organization"},"image":{"@id":"https:\/\/blog.holyart.it\/it\/santi-e-beati\/san-francesco-dassisi\/#primaryimage"},"thumbnailUrl":"https:\/\/blog.holyart.it\/it\/wp-content\/uploads\/sites\/17\/2016\/06\/San-Francesco-dAssisi.png","articleSection":["Santi e beati"],"inLanguage":"it-IT"},{"@type":"WebPage","@id":"https:\/\/blog.holyart.it\/it\/santi-e-beati\/san-francesco-dassisi\/","url":"https:\/\/blog.holyart.it\/it\/santi-e-beati\/san-francesco-dassisi\/","name":"San Francesco d'Assisi - Holyblog","isPartOf":{"@id":"https:\/\/blog.holyart.it\/it\/#website"},"primaryImageOfPage":{"@id":"https:\/\/blog.holyart.it\/it\/santi-e-beati\/san-francesco-dassisi\/#primaryimage"},"image":{"@id":"https:\/\/blog.holyart.it\/it\/santi-e-beati\/san-francesco-dassisi\/#primaryimage"},"thumbnailUrl":"https:\/\/blog.holyart.it\/it\/wp-content\/uploads\/sites\/17\/2016\/06\/San-Francesco-dAssisi.png","datePublished":"2016-06-10T14:06:47+00:00","dateModified":"2016-10-28T13:19:06+00:00","description":"San Francesco d'Assisi pi\u00f9 di qualsiasi altro seppe impossessarsi in maniera totale dell'eredit\u00e0 di Ges\u00f9 Cristo: povero tra i poveri, ultimo tra gli ultimi","breadcrumb":{"@id":"https:\/\/blog.holyart.it\/it\/santi-e-beati\/san-francesco-dassisi\/#breadcrumb"},"inLanguage":"it-IT","potentialAction":[{"@type":"ReadAction","target":["https:\/\/blog.holyart.it\/it\/santi-e-beati\/san-francesco-dassisi\/"]}]},{"@type":"ImageObject","inLanguage":"it-IT","@id":"https:\/\/blog.holyart.it\/it\/santi-e-beati\/san-francesco-dassisi\/#primaryimage","url":"https:\/\/blog.holyart.it\/it\/wp-content\/uploads\/sites\/17\/2016\/06\/San-Francesco-dAssisi.png","contentUrl":"https:\/\/blog.holyart.it\/it\/wp-content\/uploads\/sites\/17\/2016\/06\/San-Francesco-dAssisi.png","width":836,"height":457,"caption":"San Francesco d'Assisi"},{"@type":"BreadcrumbList","@id":"https:\/\/blog.holyart.it\/it\/santi-e-beati\/san-francesco-dassisi\/#breadcrumb","itemListElement":[{"@type":"ListItem","position":1,"name":"Homepage","item":"https:\/\/blog.holyart.it\/it\/"},{"@type":"ListItem","position":2,"name":"Santi e beati","item":"https:\/\/blog.holyart.it\/it\/santi-e-beati\/"},{"@type":"ListItem","position":3,"name":"San Francesco d&#8217;Assisi"}]},{"@type":"WebSite","@id":"https:\/\/blog.holyart.it\/it\/#website","url":"https:\/\/blog.holyart.it\/it\/","name":"Holyblog","description":"Il Blog di Holyart.it","publisher":{"@id":"https:\/\/blog.holyart.it\/it\/#organization"},"potentialAction":[{"@type":"SearchAction","target":{"@type":"EntryPoint","urlTemplate":"https:\/\/blog.holyart.it\/it\/?s={search_term_string}"},"query-input":{"@type":"PropertyValueSpecification","valueRequired":true,"valueName":"search_term_string"}}],"inLanguage":"it-IT"},{"@type":"Organization","@id":"https:\/\/blog.holyart.it\/it\/#organization","name":"Holyblog","url":"https:\/\/blog.holyart.it\/it\/","logo":{"@type":"ImageObject","inLanguage":"it-IT","@id":"https:\/\/blog.holyart.it\/it\/#\/schema\/logo\/image\/","url":"https:\/\/blog.holyart.it\/it\/wp-content\/uploads\/sites\/17\/2022\/12\/Holyart_Blog_Logo.jpg","contentUrl":"https:\/\/blog.holyart.it\/it\/wp-content\/uploads\/sites\/17\/2022\/12\/Holyart_Blog_Logo.jpg","width":300,"height":50,"caption":"Holyblog"},"image":{"@id":"https:\/\/blog.holyart.it\/it\/#\/schema\/logo\/image\/"}},{"@type":"Person","@id":"https:\/\/blog.holyart.it\/it\/#\/schema\/person\/0a7b686e5af0f856ec1e390dd0baecda","name":"Redazione"}]}},"_links":{"self":[{"href":"https:\/\/blog.holyart.it\/it\/wp-json\/wp\/v2\/posts\/132","targetHints":{"allow":["GET"]}}],"collection":[{"href":"https:\/\/blog.holyart.it\/it\/wp-json\/wp\/v2\/posts"}],"about":[{"href":"https:\/\/blog.holyart.it\/it\/wp-json\/wp\/v2\/types\/post"}],"author":[{"embeddable":true,"href":"https:\/\/blog.holyart.it\/it\/wp-json\/wp\/v2\/users\/1"}],"replies":[{"embeddable":true,"href":"https:\/\/blog.holyart.it\/it\/wp-json\/wp\/v2\/comments?post=132"}],"version-history":[{"count":0,"href":"https:\/\/blog.holyart.it\/it\/wp-json\/wp\/v2\/posts\/132\/revisions"}],"wp:featuredmedia":[{"embeddable":true,"href":"https:\/\/blog.holyart.it\/it\/wp-json\/wp\/v2\/media\/257"}],"wp:attachment":[{"href":"https:\/\/blog.holyart.it\/it\/wp-json\/wp\/v2\/media?parent=132"}],"wp:term":[{"taxonomy":"category","embeddable":true,"href":"https:\/\/blog.holyart.it\/it\/wp-json\/wp\/v2\/categories?post=132"},{"taxonomy":"post_tag","embeddable":true,"href":"https:\/\/blog.holyart.it\/it\/wp-json\/wp\/v2\/tags?post=132"}],"curies":[{"name":"wp","href":"https:\/\/api.w.org\/{rel}","templated":true}]}}