{"id":12759,"date":"2021-04-01T15:14:02","date_gmt":"2021-04-01T13:14:02","guid":{"rendered":"https:\/\/blog.holyart.it\/it\/?p=12759"},"modified":"2025-02-10T15:17:45","modified_gmt":"2025-02-10T14:17:45","slug":"pasquetta-o-lunedi-dellangelo-scopriamo-perche-vengono-chiamate-cosi","status":"publish","type":"post","link":"https:\/\/blog.holyart.it\/it\/pasqua\/pasquetta-o-lunedi-dellangelo-scopriamo-perche-vengono-chiamate-cosi\/","title":{"rendered":"Pasquetta o Luned\u00ec dell&#8217;Angelo? Scopriamo perch\u00e9 vengono chiamate cos\u00ec"},"content":{"rendered":"<h4>Perch\u00e9 il luned\u00ec dopo Pasqua viene chiamato Luned\u00ec dell&#8217;Angelo? Come viene festeggiato il luned\u00ec di Pasquetta? Lo scoprirai in questo articolo.<\/h4>\n\n<p>Forse non tutti sanno che la Pasqua dura otto giorni &#8211; se vuoi scoprire di pi\u00f9 sulle <a href=\"https:\/\/www.holyart.it\/blog\/occasioni-speciali\/come-si-calcola-la-pasqua-cristiana-ebraica-e-ortodossa\/\"><strong>date della Pasqua e come si calcola<\/strong><\/a>, abbiamo un articolo proprio su quello &#8211; ma tutti sanno cos&#8217;\u00e8 il <strong>luned\u00ec di Pasquetta<\/strong>. In Italia \u00e8 un giorno festivo sia nel calendario liturgico che civile e spesso si festeggia con grigliate, gite fuori porta e non solo: leggi questo articolo per scoprire tante curiosit\u00e0 interessanti sulle feste di Pasquetta.<\/p>\n<div class=\"link-article\">\n<p><img loading=\"lazy\" decoding=\"async\" class=\"alignleft size-full wp-image-12782\" src=\"https:\/\/blog.holyart.it\/it\/wp-content\/uploads\/sites\/17\/2021\/04\/Pasqua-calendario.jpeg\" alt=\"pasqua calendario\" width=\"150\" height=\"99\" data-kale-share-title=\"Pasquetta o Luned\u00ec dell\u2019Angelo? Scopriamo perch\u00e9 vengono chiamate cos\u00ec\" data-kale-share-url=\"https:\/\/blog.holyart.it\/it\/?p=12759\" \/><\/p>\n<div class=\"leggi-anche\">Leggi anche:<\/div>\n<p><strong><a href=\"https:\/\/www.holyart.it\/blog\/occasioni-speciali\/come-si-calcola-la-pasqua-cristiana-ebraica-e-ortodossa\/\">Come si calcola la Pasqua: cristiana, ebraica e ortodossa<\/a><\/strong><br \/>\nOgni anno cambia data ma rimane la festa pi\u00f9 importante: in questo articolo scoprirai come si calcola la Pasqua nel mondo ebraico e cristiano.<\/p>\n<\/div>\n<h2>Luned\u00ec di Pasquetta, Luned\u00ec di Pasqua,\u00a0Luned\u00ec dell&#8217;Angelo<\/h2>\n<p>Il luned\u00ec di Pasquetta, che segue la domenica di Pasqua, \u00e8 un giorno di festa. La <a href=\"https:\/\/www.holyart.it\/it\/occasioni-speciali\/pasqua-e-quaresima\"><strong>domenica di Pasqua<\/strong><\/a> celebra la risurrezione del Signore ed \u00e8 la festa pi\u00f9 importante del calendario liturgico. Il luned\u00ec seguente \u00e8 invece dedicato al ricordo dell&#8217;episodio del Vangelo in cui le donne, dopo gli eventi della morte di Cristo, <a href=\"https:\/\/www.holyart.it\/blog\/articoli-religiosi\/basilica-del-santo-sepolcro-a-gerusalemme\/\"><strong>si recano al sepolcro di Ges\u00f9<\/strong><\/a>. Quando arrivano, non trovano il corpo del Maestro &#8211; che \u00e8 risorto &#8211; ma un <strong>angelo del Signore<\/strong>, che le attende in quel luogo. Dall&#8217;angelo ricevono la grandiosa notizia: &#8220;Non abbiate paura, voi! So che cercate Ges\u00f9 il crocifisso. Non \u00e8 qui! <a href=\"https:\/\/www.holyart.it\/it\/occasioni-speciali\/pasqua-e-quaresima\/cristo-risorto-e-sacerdote-re\"><strong>\u00c8 risorto come aveva detto<\/strong><\/a>; venite a vedere il luogo dove era deposto&#8221;. Questo episodio racchiude il messaggio importantissimo della <strong>Risurrezione <\/strong>e della gioia che ne consegue. Per questo si ricorda in un giorno specifico. Il nome <strong>&#8220;Luned\u00ec dell&#8217;Angelo&#8221;<\/strong> viene da questo passo del Vangelo.<\/p>\n<p><img loading=\"lazy\" decoding=\"async\" class=\"aligncenter size-full wp-image-12792\" src=\"https:\/\/blog.holyart.it\/it\/wp-content\/uploads\/sites\/17\/2021\/04\/Angelo-e-donne-1.jpg\" alt=\"\" width=\"1000\" height=\"666\" data-kale-share-title=\"Pasquetta o Luned\u00ec dell\u2019Angelo? Scopriamo perch\u00e9 vengono chiamate cos\u00ec\" data-kale-share-url=\"https:\/\/blog.holyart.it\/it\/?p=12759\" \/><\/p>\n<p>A volte si sente parlare anche di<strong> &#8220;Luned\u00ec di Pasqua&#8221;<\/strong>: il motivo di questa espressione \u00e8 che la festa della Pasqua dura otto giorni &#8211; l&#8217;<strong>Ottava di Pasqua<\/strong>. Il Luned\u00ec dell&#8217;Angelo \u00e8 anche il luned\u00ec dell&#8217;Ottava di Pasqua e ogni giorno dell&#8217;Ottava \u00e8 un prolungamento della Pasqua stessa.<\/p>\n<p>Il termine <strong>&#8220;Pasquetta&#8221;<\/strong> invece \u00e8 di tradizione popolare. La parola Pasquetta \u00e8 un <strong>vezzeggiativo <\/strong>della parola Pasqua: la Pasquetta \u00e8 una piccola Pasqua, un altro giorno in cui festeggiare, non importante quanto la domenica di Pasqua, ma che estende la gioia della domenica precedente. Il Luned\u00ec di Pasquetta \u00e8 entrato anche nella tradizione civile come giorno festivo e ricreativo.<\/p>\n<h2>Le feste di precetto cattoliche<\/h2>\n<p>Il Luned\u00ec dell&#8217;Angelo \u00e8 obbligatorio andare a Messa secondo il diritto ecclesiastico? La risposta \u00e8 no. Il Luned\u00ec dell&#8217;Angelo infatti non rientra tra le <strong>feste di precetto cattoliche<\/strong>, cio\u00e8 quelle\u00a0festivit\u00e0 o solennit\u00e0 in cui la Chiesa fa obbligo ai fedeli di partecipare alla <strong>celebrazione dell&#8217;Eucarestia<\/strong> e astenersi da attivit\u00e0 che non permettano di rendere culto a Dio e glorificarlo con la festa e il riposo. Secondo il <strong>Codice di Diritto Canonico<\/strong>, le feste di precetto sono:<\/p>\n<ul>\n<li>Tutte le domeniche (inclusa ovviamente quella di Pasqua)<\/li>\n<li><a href=\"https:\/\/www.holyart.it\/it\/natale\"><strong>Natale &#8211; 25 dicembre<\/strong><\/a><\/li>\n<li>Epifania &#8211; 6 gennaio<\/li>\n<li>Ascensione del Signore &#8211; quarantesimo giorno dopo la Pasqua<\/li>\n<li><em>Corpus Domini<\/em> &#8211; gioved\u00ec dopo <a href=\"https:\/\/www.holyart.it\/blog\/accessori-liturgia\/in-occasione-della-pentecoste-prega-maria-che-scioglie-i-nodi\/\"><strong>Pentecoste<\/strong><\/a><\/li>\n<li>Maria Santissima Madre di Dio &#8211; 1\u00b0 gennaio<\/li>\n<li>Immacolata Concezione di Maria &#8211; 8 dicembre<\/li>\n<li>Assunzione di Maria &#8211; 15 agosto<\/li>\n<li>Tutti i Santi &#8211; 1\u00b0 novembre<\/li>\n<\/ul>\n<p>L&#8217;Ascensione e il <em>Corpus Domini<\/em> sono <a href=\"https:\/\/www.holyart.it\/blog\/articoli-religiosi\/le-feste-mobili-feste-religiose-feste-civili-italia-allestero\/\"><strong>feste mobili<\/strong><\/a>, cio\u00e8 variano di anno in anno, mentre le altre sono <strong>feste fisse<\/strong> e cadono sempre nella stessa data.<\/p>\n<div class=\"link-article\">\n<p><img loading=\"lazy\" decoding=\"async\" class=\"alignleft size-full wp-image-12764\" src=\"https:\/\/blog.holyart.it\/it\/wp-content\/uploads\/sites\/17\/2021\/04\/Feste-mobili.jpg\" alt=\"Feste-mobili\" width=\"150\" height=\"99\" data-kale-share-title=\"Pasquetta o Luned\u00ec dell\u2019Angelo? Scopriamo perch\u00e9 vengono chiamate cos\u00ec\" data-kale-share-url=\"https:\/\/blog.holyart.it\/it\/?p=12759\" \/><\/p>\n<div class=\"leggi-anche\">Leggi anche:<\/div>\n<p><strong><a href=\"https:\/\/www.holyart.it\/blog\/articoli-religiosi\/le-feste-mobili-feste-religiose-feste-civili-italia-allestero\/\">Le feste mobili. Feste religiose e feste civili in italia (e all\u2019estero)<\/a><\/strong><br \/>\nLe feste mobili sono quelle feste religiose che, come la Pasqua, variano la loro data da un anno all\u2019altro, essendo nella maggior parte dei casi&#8230;<\/p>\n<\/div>\n<h2>Come festeggiare Pasquetta<\/h2>\n<p>Anche se non \u00e8 una festa di precetto, il Luned\u00ec di Pasquetta \u00e8 celebrato in diversi modi. Tra le varie <strong>tradizioni <\/strong>c&#8217;\u00e8 quella di dedicare la giornata a una <strong>gita fuori porta<\/strong>, con la famiglia o con gli amici. Alcuni dicono che anche questa tradizione sia stata ispirata dal Vangelo, in particolare dall&#8217;episodio dell&#8217;apparizione di Ges\u00f9 ai due discepoli in cammino verso Emmaus. Vi proponiamo qualche esempio su <strong>cosa\u00a0fare a Pasquetta<\/strong>.<\/p>\n<p>In diversi <strong>comuni italiani<\/strong> la Pasquetta si festeggia con <a href=\"https:\/\/www.holyart.it\/blog\/articoli-religiosi\/le-feste-patronali-piu-belle-del-sud-italia\/\"><strong>celebrazioni e cortei religiosi<\/strong><\/a>. A <strong>Mongiuffi Melia<\/strong> (ME) viene celebrato l&#8217;<strong>incontro tra<\/strong> <strong>Ges\u00f9 Risorto e la Vergine Maria<\/strong>. La statua di Ges\u00f9 Risorto parte dalla chiesa di San Sebastiano, quella di Maria dalla chiesa di San Nicol\u00f2 di Bari, coperta da un velo nero. Le due statue si incontrano al &#8220;Piano degli Angeli&#8221;, il velo di Maria viene sostituito con un velo bianco e la Vergine viene incoronata con fiori. L&#8217;incontro tra le due statue \u00e8 accompagnato dai canti di bambini tra i 5 e i 10 anni, soprannominati &#8220;angeli di Maria&#8221;. A <strong>Parete <\/strong>(CE) si festeggia la festa patronale di Maria SS. della Rotonda. Per l&#8217;occasione si mette in scena il <strong>&#8220;volo degli angeli&#8221;<\/strong>: statue di angeli vengono innalzate con cavi e precedono la processione della Vergine. A <strong>Santa Venerina<\/strong> (CT) vengono aperte solo per l&#8217;occasione tre cappelle in cui si tengono le <strong>celebrazioni eucaristiche<\/strong>: Santa Venera, Madonna delle Grazie, Maria Santissima del Carmelo.<\/p>\n<p>Spesso questa giornata si anima anche con <strong>tradizioni popolari e giochi<\/strong>, non necessariamente legati al significato religioso. A <strong>Tredozio <\/strong>(FC) si celebrano la Sagra e il Palio dell&#8217;uovo, e la giornata di Pasquetta \u00e8 dedicata ai mangiatori di uova sode. A <strong>Fiorenzuola d&#8217;Ardua<\/strong> (PC) un gioco tradizionale \u00e8 quello del Pont al\u2019ov, in cui due sfidanti tengono ciascuno un uovo in mano e devono cercare di rompere quello dell&#8217;avversario con la punta del proprio. A <strong>Figline Valdarno<\/strong> (FI) si tiene il Palio, non quello famoso tra le contrade &#8211; che ha luogo la domenica di Pasqua &#8211; ma quello dei bambini!<\/p>\n<div class=\"link-article\">\n<p><img loading=\"lazy\" decoding=\"async\" class=\"alignleft size-full wp-image-12786\" src=\"https:\/\/blog.holyart.it\/it\/wp-content\/uploads\/sites\/17\/2021\/04\/feste-patronali.jpg\" alt=\"feste-patronali\" width=\"150\" height=\"99\" data-kale-share-title=\"Pasquetta o Luned\u00ec dell\u2019Angelo? Scopriamo perch\u00e9 vengono chiamate cos\u00ec\" data-kale-share-url=\"https:\/\/blog.holyart.it\/it\/?p=12759\" \/><\/p>\n<div class=\"leggi-anche\">Leggi anche:<\/div>\n<p><strong><a href=\"https:\/\/www.holyart.it\/blog\/articoli-religiosi\/le-feste-patronali-piu-belle-del-sud-italia\/\">Le feste patronali pi\u00f9 belle del Sud Italia<\/a><\/strong><br \/>\nLe feste patronali sono una tradizione molto radicata e importante nel nostro paese, soprattutto nel Sud. Scopriamo insieme questa particolare&#8230;<\/p>\n<\/div>\n<p>Anche <strong>all&#8217;estero <\/strong>il Luned\u00ec dell&#8217;Angelo viene festeggiato: in <strong>Polonia <\/strong>la tradizione vuole che gli uomini inseguano le donne cercando di bagnarle con l&#8217;acqua; negli <strong>Stati Uniti<\/strong> \u00e8 famosa la caccia alle uova nel giardino della Casa Bianca.<\/p>\n<p>Nel 2021 la Pasquetta non sar\u00e0 forse la giornata delle gite di gruppo e delle grigliate affollate, ma sar\u00e0 comunque una giornata di festa che prolunga la gioia della Pasqua!<\/p>\n","protected":false},"excerpt":{"rendered":"<p>Perch\u00e9 il luned\u00ec dopo Pasqua viene chiamato Luned\u00ec dell&#8217;Angelo? Come viene festeggiato il luned\u00ec di Pasquetta? Lo scoprirai in questo articolo. Forse non tutti sanno che la Pasqua dura otto giorni &#8211; se vuoi scoprire di pi\u00f9 sulle date della Pasqua e come si calcola,&hellip;<\/p>\n","protected":false},"author":1,"featured_media":12791,"comment_status":"closed","ping_status":"open","sticky":false,"template":"","format":"standard","meta":{"_acf_changed":false,"footnotes":""},"categories":[20,26,16],"tags":[],"class_list":["post-12759","post","type-post","status-publish","format-standard","has-post-thumbnail","hentry","category-occasioni-speciali","category-pasqua","category-articoli-religiosi"],"acf":[],"yoast_head":"<!-- This site is optimized with the Yoast SEO plugin v26.6 - https:\/\/yoast.com\/wordpress\/plugins\/seo\/ -->\n<title>Pasquetta o Luned\u00ec dell&#039;Angelo? Scopriamo perch\u00e9 vengono chiamate cos\u00ec<\/title>\n<meta name=\"description\" content=\"Perch\u00e9 il luned\u00ec dopo Pasqua viene chiamato Luned\u00ec dell&#039;Angelo? Come viene festeggiato il luned\u00ec di Pasquetta? Lo scoprirai in questo articolo.\" \/>\n<meta name=\"robots\" content=\"index, follow, max-snippet:-1, max-image-preview:large, max-video-preview:-1\" \/>\n<link rel=\"canonical\" href=\"https:\/\/blog.holyart.it\/it\/pasqua\/pasquetta-o-lunedi-dellangelo-scopriamo-perche-vengono-chiamate-cosi\/\" \/>\n<meta property=\"og:locale\" content=\"it_IT\" \/>\n<meta property=\"og:type\" content=\"article\" \/>\n<meta property=\"og:title\" content=\"Pasquetta o Luned\u00ec dell&#039;Angelo? Scopriamo perch\u00e9 vengono chiamate cos\u00ec\" \/>\n<meta property=\"og:description\" content=\"Perch\u00e9 il luned\u00ec dopo Pasqua viene chiamato Luned\u00ec dell&#039;Angelo? Come viene festeggiato il luned\u00ec di Pasquetta? Lo scoprirai in questo articolo.\" \/>\n<meta property=\"og:url\" content=\"https:\/\/blog.holyart.it\/it\/pasqua\/pasquetta-o-lunedi-dellangelo-scopriamo-perche-vengono-chiamate-cosi\/\" \/>\n<meta property=\"og:site_name\" content=\"Holyblog\" \/>\n<meta property=\"article:published_time\" content=\"2021-04-01T13:14:02+00:00\" \/>\n<meta property=\"article:modified_time\" content=\"2025-02-10T14:17:45+00:00\" \/>\n<meta property=\"og:image\" content=\"https:\/\/blog.holyart.it\/it\/wp-content\/uploads\/sites\/17\/2021\/04\/angelo-che-annuncia-alle-donne.jpg\" \/>\n\t<meta property=\"og:image:width\" content=\"1000\" \/>\n\t<meta property=\"og:image:height\" content=\"666\" \/>\n\t<meta property=\"og:image:type\" content=\"image\/jpeg\" \/>\n<meta name=\"author\" content=\"Redazione\" \/>\n<meta name=\"twitter:card\" content=\"summary_large_image\" \/>\n<meta name=\"twitter:label1\" content=\"Scritto da\" \/>\n\t<meta name=\"twitter:data1\" content=\"Redazione\" \/>\n\t<meta name=\"twitter:label2\" content=\"Tempo di lettura stimato\" \/>\n\t<meta name=\"twitter:data2\" content=\"7 minuti\" \/>\n<script type=\"application\/ld+json\" class=\"yoast-schema-graph\">{\"@context\":\"https:\/\/schema.org\",\"@graph\":[{\"@type\":\"Article\",\"@id\":\"https:\/\/blog.holyart.it\/it\/pasqua\/pasquetta-o-lunedi-dellangelo-scopriamo-perche-vengono-chiamate-cosi\/#article\",\"isPartOf\":{\"@id\":\"https:\/\/blog.holyart.it\/it\/pasqua\/pasquetta-o-lunedi-dellangelo-scopriamo-perche-vengono-chiamate-cosi\/\"},\"author\":{\"name\":\"Redazione\",\"@id\":\"https:\/\/blog.holyart.it\/it\/#\/schema\/person\/0a7b686e5af0f856ec1e390dd0baecda\"},\"headline\":\"Pasquetta o Luned\u00ec dell&#8217;Angelo? Scopriamo perch\u00e9 vengono chiamate cos\u00ec\",\"datePublished\":\"2021-04-01T13:14:02+00:00\",\"dateModified\":\"2025-02-10T14:17:45+00:00\",\"mainEntityOfPage\":{\"@id\":\"https:\/\/blog.holyart.it\/it\/pasqua\/pasquetta-o-lunedi-dellangelo-scopriamo-perche-vengono-chiamate-cosi\/\"},\"wordCount\":1018,\"publisher\":{\"@id\":\"https:\/\/blog.holyart.it\/it\/#organization\"},\"image\":{\"@id\":\"https:\/\/blog.holyart.it\/it\/pasqua\/pasquetta-o-lunedi-dellangelo-scopriamo-perche-vengono-chiamate-cosi\/#primaryimage\"},\"thumbnailUrl\":\"https:\/\/blog.holyart.it\/it\/wp-content\/uploads\/sites\/17\/2021\/04\/angelo-che-annuncia-alle-donne.jpg\",\"articleSection\":[\"Occasioni speciali\",\"Pasqua\",\"Religione\"],\"inLanguage\":\"it-IT\"},{\"@type\":\"WebPage\",\"@id\":\"https:\/\/blog.holyart.it\/it\/pasqua\/pasquetta-o-lunedi-dellangelo-scopriamo-perche-vengono-chiamate-cosi\/\",\"url\":\"https:\/\/blog.holyart.it\/it\/pasqua\/pasquetta-o-lunedi-dellangelo-scopriamo-perche-vengono-chiamate-cosi\/\",\"name\":\"Pasquetta o Luned\u00ec dell'Angelo? Scopriamo perch\u00e9 vengono chiamate cos\u00ec\",\"isPartOf\":{\"@id\":\"https:\/\/blog.holyart.it\/it\/#website\"},\"primaryImageOfPage\":{\"@id\":\"https:\/\/blog.holyart.it\/it\/pasqua\/pasquetta-o-lunedi-dellangelo-scopriamo-perche-vengono-chiamate-cosi\/#primaryimage\"},\"image\":{\"@id\":\"https:\/\/blog.holyart.it\/it\/pasqua\/pasquetta-o-lunedi-dellangelo-scopriamo-perche-vengono-chiamate-cosi\/#primaryimage\"},\"thumbnailUrl\":\"https:\/\/blog.holyart.it\/it\/wp-content\/uploads\/sites\/17\/2021\/04\/angelo-che-annuncia-alle-donne.jpg\",\"datePublished\":\"2021-04-01T13:14:02+00:00\",\"dateModified\":\"2025-02-10T14:17:45+00:00\",\"description\":\"Perch\u00e9 il luned\u00ec dopo Pasqua viene chiamato Luned\u00ec dell'Angelo? Come viene festeggiato il luned\u00ec di Pasquetta? Lo scoprirai in questo articolo.\",\"breadcrumb\":{\"@id\":\"https:\/\/blog.holyart.it\/it\/pasqua\/pasquetta-o-lunedi-dellangelo-scopriamo-perche-vengono-chiamate-cosi\/#breadcrumb\"},\"inLanguage\":\"it-IT\",\"potentialAction\":[{\"@type\":\"ReadAction\",\"target\":[\"https:\/\/blog.holyart.it\/it\/pasqua\/pasquetta-o-lunedi-dellangelo-scopriamo-perche-vengono-chiamate-cosi\/\"]}]},{\"@type\":\"ImageObject\",\"inLanguage\":\"it-IT\",\"@id\":\"https:\/\/blog.holyart.it\/it\/pasqua\/pasquetta-o-lunedi-dellangelo-scopriamo-perche-vengono-chiamate-cosi\/#primaryimage\",\"url\":\"https:\/\/blog.holyart.it\/it\/wp-content\/uploads\/sites\/17\/2021\/04\/angelo-che-annuncia-alle-donne.jpg\",\"contentUrl\":\"https:\/\/blog.holyart.it\/it\/wp-content\/uploads\/sites\/17\/2021\/04\/angelo-che-annuncia-alle-donne.jpg\",\"width\":1000,\"height\":666,\"caption\":\"angelo che annuncia alle donne\"},{\"@type\":\"BreadcrumbList\",\"@id\":\"https:\/\/blog.holyart.it\/it\/pasqua\/pasquetta-o-lunedi-dellangelo-scopriamo-perche-vengono-chiamate-cosi\/#breadcrumb\",\"itemListElement\":[{\"@type\":\"ListItem\",\"position\":1,\"name\":\"Homepage\",\"item\":\"https:\/\/blog.holyart.it\/it\/\"},{\"@type\":\"ListItem\",\"position\":2,\"name\":\"Pasqua\",\"item\":\"https:\/\/blog.holyart.it\/it\/pasqua\/\"},{\"@type\":\"ListItem\",\"position\":3,\"name\":\"Pasquetta o Luned\u00ec dell&#8217;Angelo? Scopriamo perch\u00e9 vengono chiamate cos\u00ec\"}]},{\"@type\":\"WebSite\",\"@id\":\"https:\/\/blog.holyart.it\/it\/#website\",\"url\":\"https:\/\/blog.holyart.it\/it\/\",\"name\":\"Holyblog\",\"description\":\"Il Blog di Holyart.it\",\"publisher\":{\"@id\":\"https:\/\/blog.holyart.it\/it\/#organization\"},\"potentialAction\":[{\"@type\":\"SearchAction\",\"target\":{\"@type\":\"EntryPoint\",\"urlTemplate\":\"https:\/\/blog.holyart.it\/it\/?s={search_term_string}\"},\"query-input\":{\"@type\":\"PropertyValueSpecification\",\"valueRequired\":true,\"valueName\":\"search_term_string\"}}],\"inLanguage\":\"it-IT\"},{\"@type\":\"Organization\",\"@id\":\"https:\/\/blog.holyart.it\/it\/#organization\",\"name\":\"Holyblog\",\"url\":\"https:\/\/blog.holyart.it\/it\/\",\"logo\":{\"@type\":\"ImageObject\",\"inLanguage\":\"it-IT\",\"@id\":\"https:\/\/blog.holyart.it\/it\/#\/schema\/logo\/image\/\",\"url\":\"https:\/\/blog.holyart.it\/it\/wp-content\/uploads\/sites\/17\/2022\/12\/Holyart_Blog_Logo.jpg\",\"contentUrl\":\"https:\/\/blog.holyart.it\/it\/wp-content\/uploads\/sites\/17\/2022\/12\/Holyart_Blog_Logo.jpg\",\"width\":300,\"height\":50,\"caption\":\"Holyblog\"},\"image\":{\"@id\":\"https:\/\/blog.holyart.it\/it\/#\/schema\/logo\/image\/\"}},{\"@type\":\"Person\",\"@id\":\"https:\/\/blog.holyart.it\/it\/#\/schema\/person\/0a7b686e5af0f856ec1e390dd0baecda\",\"name\":\"Redazione\"}]}<\/script>\n<!-- \/ Yoast SEO plugin. -->","yoast_head_json":{"title":"Pasquetta o Luned\u00ec dell'Angelo? Scopriamo perch\u00e9 vengono chiamate cos\u00ec","description":"Perch\u00e9 il luned\u00ec dopo Pasqua viene chiamato Luned\u00ec dell'Angelo? Come viene festeggiato il luned\u00ec di Pasquetta? Lo scoprirai in questo articolo.","robots":{"index":"index","follow":"follow","max-snippet":"max-snippet:-1","max-image-preview":"max-image-preview:large","max-video-preview":"max-video-preview:-1"},"canonical":"https:\/\/blog.holyart.it\/it\/pasqua\/pasquetta-o-lunedi-dellangelo-scopriamo-perche-vengono-chiamate-cosi\/","og_locale":"it_IT","og_type":"article","og_title":"Pasquetta o Luned\u00ec dell'Angelo? Scopriamo perch\u00e9 vengono chiamate cos\u00ec","og_description":"Perch\u00e9 il luned\u00ec dopo Pasqua viene chiamato Luned\u00ec dell'Angelo? Come viene festeggiato il luned\u00ec di Pasquetta? Lo scoprirai in questo articolo.","og_url":"https:\/\/blog.holyart.it\/it\/pasqua\/pasquetta-o-lunedi-dellangelo-scopriamo-perche-vengono-chiamate-cosi\/","og_site_name":"Holyblog","article_published_time":"2021-04-01T13:14:02+00:00","article_modified_time":"2025-02-10T14:17:45+00:00","og_image":[{"width":1000,"height":666,"url":"https:\/\/blog.holyart.it\/it\/wp-content\/uploads\/sites\/17\/2021\/04\/angelo-che-annuncia-alle-donne.jpg","type":"image\/jpeg"}],"author":"Redazione","twitter_card":"summary_large_image","twitter_misc":{"Scritto da":"Redazione","Tempo di lettura stimato":"7 minuti"},"schema":{"@context":"https:\/\/schema.org","@graph":[{"@type":"Article","@id":"https:\/\/blog.holyart.it\/it\/pasqua\/pasquetta-o-lunedi-dellangelo-scopriamo-perche-vengono-chiamate-cosi\/#article","isPartOf":{"@id":"https:\/\/blog.holyart.it\/it\/pasqua\/pasquetta-o-lunedi-dellangelo-scopriamo-perche-vengono-chiamate-cosi\/"},"author":{"name":"Redazione","@id":"https:\/\/blog.holyart.it\/it\/#\/schema\/person\/0a7b686e5af0f856ec1e390dd0baecda"},"headline":"Pasquetta o Luned\u00ec dell&#8217;Angelo? Scopriamo perch\u00e9 vengono chiamate cos\u00ec","datePublished":"2021-04-01T13:14:02+00:00","dateModified":"2025-02-10T14:17:45+00:00","mainEntityOfPage":{"@id":"https:\/\/blog.holyart.it\/it\/pasqua\/pasquetta-o-lunedi-dellangelo-scopriamo-perche-vengono-chiamate-cosi\/"},"wordCount":1018,"publisher":{"@id":"https:\/\/blog.holyart.it\/it\/#organization"},"image":{"@id":"https:\/\/blog.holyart.it\/it\/pasqua\/pasquetta-o-lunedi-dellangelo-scopriamo-perche-vengono-chiamate-cosi\/#primaryimage"},"thumbnailUrl":"https:\/\/blog.holyart.it\/it\/wp-content\/uploads\/sites\/17\/2021\/04\/angelo-che-annuncia-alle-donne.jpg","articleSection":["Occasioni speciali","Pasqua","Religione"],"inLanguage":"it-IT"},{"@type":"WebPage","@id":"https:\/\/blog.holyart.it\/it\/pasqua\/pasquetta-o-lunedi-dellangelo-scopriamo-perche-vengono-chiamate-cosi\/","url":"https:\/\/blog.holyart.it\/it\/pasqua\/pasquetta-o-lunedi-dellangelo-scopriamo-perche-vengono-chiamate-cosi\/","name":"Pasquetta o Luned\u00ec dell'Angelo? Scopriamo perch\u00e9 vengono chiamate cos\u00ec","isPartOf":{"@id":"https:\/\/blog.holyart.it\/it\/#website"},"primaryImageOfPage":{"@id":"https:\/\/blog.holyart.it\/it\/pasqua\/pasquetta-o-lunedi-dellangelo-scopriamo-perche-vengono-chiamate-cosi\/#primaryimage"},"image":{"@id":"https:\/\/blog.holyart.it\/it\/pasqua\/pasquetta-o-lunedi-dellangelo-scopriamo-perche-vengono-chiamate-cosi\/#primaryimage"},"thumbnailUrl":"https:\/\/blog.holyart.it\/it\/wp-content\/uploads\/sites\/17\/2021\/04\/angelo-che-annuncia-alle-donne.jpg","datePublished":"2021-04-01T13:14:02+00:00","dateModified":"2025-02-10T14:17:45+00:00","description":"Perch\u00e9 il luned\u00ec dopo Pasqua viene chiamato Luned\u00ec dell'Angelo? Come viene festeggiato il luned\u00ec di Pasquetta? Lo scoprirai in questo articolo.","breadcrumb":{"@id":"https:\/\/blog.holyart.it\/it\/pasqua\/pasquetta-o-lunedi-dellangelo-scopriamo-perche-vengono-chiamate-cosi\/#breadcrumb"},"inLanguage":"it-IT","potentialAction":[{"@type":"ReadAction","target":["https:\/\/blog.holyart.it\/it\/pasqua\/pasquetta-o-lunedi-dellangelo-scopriamo-perche-vengono-chiamate-cosi\/"]}]},{"@type":"ImageObject","inLanguage":"it-IT","@id":"https:\/\/blog.holyart.it\/it\/pasqua\/pasquetta-o-lunedi-dellangelo-scopriamo-perche-vengono-chiamate-cosi\/#primaryimage","url":"https:\/\/blog.holyart.it\/it\/wp-content\/uploads\/sites\/17\/2021\/04\/angelo-che-annuncia-alle-donne.jpg","contentUrl":"https:\/\/blog.holyart.it\/it\/wp-content\/uploads\/sites\/17\/2021\/04\/angelo-che-annuncia-alle-donne.jpg","width":1000,"height":666,"caption":"angelo che annuncia alle donne"},{"@type":"BreadcrumbList","@id":"https:\/\/blog.holyart.it\/it\/pasqua\/pasquetta-o-lunedi-dellangelo-scopriamo-perche-vengono-chiamate-cosi\/#breadcrumb","itemListElement":[{"@type":"ListItem","position":1,"name":"Homepage","item":"https:\/\/blog.holyart.it\/it\/"},{"@type":"ListItem","position":2,"name":"Pasqua","item":"https:\/\/blog.holyart.it\/it\/pasqua\/"},{"@type":"ListItem","position":3,"name":"Pasquetta o Luned\u00ec dell&#8217;Angelo? Scopriamo perch\u00e9 vengono chiamate cos\u00ec"}]},{"@type":"WebSite","@id":"https:\/\/blog.holyart.it\/it\/#website","url":"https:\/\/blog.holyart.it\/it\/","name":"Holyblog","description":"Il Blog di Holyart.it","publisher":{"@id":"https:\/\/blog.holyart.it\/it\/#organization"},"potentialAction":[{"@type":"SearchAction","target":{"@type":"EntryPoint","urlTemplate":"https:\/\/blog.holyart.it\/it\/?s={search_term_string}"},"query-input":{"@type":"PropertyValueSpecification","valueRequired":true,"valueName":"search_term_string"}}],"inLanguage":"it-IT"},{"@type":"Organization","@id":"https:\/\/blog.holyart.it\/it\/#organization","name":"Holyblog","url":"https:\/\/blog.holyart.it\/it\/","logo":{"@type":"ImageObject","inLanguage":"it-IT","@id":"https:\/\/blog.holyart.it\/it\/#\/schema\/logo\/image\/","url":"https:\/\/blog.holyart.it\/it\/wp-content\/uploads\/sites\/17\/2022\/12\/Holyart_Blog_Logo.jpg","contentUrl":"https:\/\/blog.holyart.it\/it\/wp-content\/uploads\/sites\/17\/2022\/12\/Holyart_Blog_Logo.jpg","width":300,"height":50,"caption":"Holyblog"},"image":{"@id":"https:\/\/blog.holyart.it\/it\/#\/schema\/logo\/image\/"}},{"@type":"Person","@id":"https:\/\/blog.holyart.it\/it\/#\/schema\/person\/0a7b686e5af0f856ec1e390dd0baecda","name":"Redazione"}]}},"_links":{"self":[{"href":"https:\/\/blog.holyart.it\/it\/wp-json\/wp\/v2\/posts\/12759","targetHints":{"allow":["GET"]}}],"collection":[{"href":"https:\/\/blog.holyart.it\/it\/wp-json\/wp\/v2\/posts"}],"about":[{"href":"https:\/\/blog.holyart.it\/it\/wp-json\/wp\/v2\/types\/post"}],"author":[{"embeddable":true,"href":"https:\/\/blog.holyart.it\/it\/wp-json\/wp\/v2\/users\/1"}],"replies":[{"embeddable":true,"href":"https:\/\/blog.holyart.it\/it\/wp-json\/wp\/v2\/comments?post=12759"}],"version-history":[{"count":1,"href":"https:\/\/blog.holyart.it\/it\/wp-json\/wp\/v2\/posts\/12759\/revisions"}],"predecessor-version":[{"id":17515,"href":"https:\/\/blog.holyart.it\/it\/wp-json\/wp\/v2\/posts\/12759\/revisions\/17515"}],"wp:featuredmedia":[{"embeddable":true,"href":"https:\/\/blog.holyart.it\/it\/wp-json\/wp\/v2\/media\/12791"}],"wp:attachment":[{"href":"https:\/\/blog.holyart.it\/it\/wp-json\/wp\/v2\/media?parent=12759"}],"wp:term":[{"taxonomy":"category","embeddable":true,"href":"https:\/\/blog.holyart.it\/it\/wp-json\/wp\/v2\/categories?post=12759"},{"taxonomy":"post_tag","embeddable":true,"href":"https:\/\/blog.holyart.it\/it\/wp-json\/wp\/v2\/tags?post=12759"}],"curies":[{"name":"wp","href":"https:\/\/api.w.org\/{rel}","templated":true}]}}