{"id":12560,"date":"2021-03-23T12:25:49","date_gmt":"2021-03-23T11:25:49","guid":{"rendered":"https:\/\/blog.holyart.it\/it\/?p=12560"},"modified":"2025-02-10T12:02:44","modified_gmt":"2025-02-10T11:02:44","slug":"come-si-calcola-la-pasqua-cristiana-ebraica-e-ortodossa","status":"publish","type":"post","link":"https:\/\/blog.holyart.it\/it\/pasqua\/come-si-calcola-la-pasqua-cristiana-ebraica-e-ortodossa\/","title":{"rendered":"Come si calcola la Pasqua: cristiana, ebraica e ortodossa"},"content":{"rendered":"<h4><em>Ogni anno cambia data ma rimane la festa pi\u00f9 importante: in questo articolo scoprirai come si calcola la Pasqua nel mondo ebraico e cristiano.<\/em><\/h4>\n\n<p>La festa pi\u00f9 importante dell&#8217;anno liturgico: la <strong>Pasqua<\/strong>! Uova di cioccolato, colombe e conigli pasquali rallegrano il periodo pasquale ma per il mondo cristiano la <strong>vera essenza della Pasqua<\/strong> \u00e8 la vittoria di Ges\u00f9 sulla morte e la <strong>salvezza dal peccato<\/strong> di tutta l&#8217;umanit\u00e0. Neanche <a href=\"https:\/\/www.holyart.it\/blog\/articoli-religiosi\/quaresima-cose-funziona\/\"><strong>i quaranta giorni della Quaresima<\/strong><\/a> sembrano abbastanza per prepararsi a un avvenimento cos\u00ec grande! E a proposito di tempi liturgici, tutte le <a href=\"https:\/\/www.holyart.it\/blog\/articoli-religiosi\/le-feste-mobili-feste-religiose-feste-civili-italia-allestero\/\"><strong>feste mobili della Chiesa<\/strong><\/a> &#8211; di cui abbiamo parlato in un articolo precedente &#8211; dipendono proprio dalla Pasqua. Ma come si calcola la data della Pasqua?<\/p>\n<div class=\"link-article\">\n<p><img loading=\"lazy\" decoding=\"async\" class=\"alignleft size-full wp-image-12582\" src=\"https:\/\/blog.holyart.it\/it\/wp-content\/uploads\/sites\/17\/2021\/03\/Feste-mobili.jpg\" alt=\"\" width=\"150\" height=\"99\" data-kale-share-title=\"Come si calcola la Pasqua?\" data-kale-share-url=\"https:\/\/blog.holyart.it\/it\/?p=12560\" \/><\/p>\n<div class=\"leggi-anche\">Leggi anche:<\/div>\n<p><strong><a href=\"https:\/\/www.holyart.it\/blog\/articoli-religiosi\/le-feste-mobili-feste-religiose-feste-civili-italia-allestero\/\">Le feste mobili. Feste religiose e feste civili in italia (e all\u2019estero)<\/a><\/strong><br \/>\nLe feste mobili sono quelle feste religiose che, come la Pasqua, variano la loro data da un anno all\u2019altro, essendo nella maggior parte&#8230;<\/p>\n<\/div>\n<p>In questo articolo vedremo che significato ha la Pasqua nel <strong>mondo ebraico<\/strong> e nel <strong>mondo cristiano<\/strong>, e <strong>come avviene il calcolo della Pasqua<\/strong> nei diversi calendari.<\/p>\n<p><img loading=\"lazy\" decoding=\"async\" class=\"alignnone size-full wp-image-12564\" src=\"https:\/\/blog.holyart.it\/it\/wp-content\/uploads\/sites\/17\/2021\/03\/Religoni.jpeg\" alt=\"\" width=\"1000\" height=\"432\" data-kale-share-title=\"Come si calcola la Pasqua?\" data-kale-share-url=\"https:\/\/blog.holyart.it\/it\/?p=12560\" \/><\/p>\n<h2>Come si stabilisce la Pasqua ebraica<\/h2>\n<p>Pasqua ebraica e Pasqua cristiana sono legate dalla storia delle due religioni. Gli eventi che hanno dato origine alla Pasqua ebraica sono quelli narrati nel <strong>libro dell&#8217;Esodo<\/strong>: la <strong>liberazione dalla schiavit\u00f9<\/strong> del popolo ebraico in Egitto e l&#8217;inizio del <strong>viaggio verso la Terra Promessa<\/strong> alla guida di Mos\u00e8. Il passaggio dalla schiavit\u00f9 alla libert\u00e0 \u00e8 considerato uno degli esempi pi\u00f9 evidenti dell&#8217;intervento di Dio nella storia del popolo ebraico.<\/p>\n<p>La Pasqua ebraica &#8211; chiamata <strong>Pesach <\/strong>&#8211; dura otto giorni: inizia con la cena celebrata la notte del <strong>quattordicesimo giorno del mese di Nisan<\/strong>, che cade tra marzo e aprile del calendario gregoriano. La cena ricorda quella che gli ebrei consumarono appena prima di partire per uscire dall&#8217;Egitto. Elemento particolare della celebrazione della Pasqua ebraica sono i <a href=\"https:\/\/www.holyart.it\/it\/prodotti-consumabili\/particole-ostie-per-la-messa\"><strong>pani azzimi<\/strong><\/a>, cio\u00e8 non lievitati: gli Ebrei, dovendo uscire dall&#8217;Egitto in fretta, non avevano avuto il tempo di cucinare un pasto vero e proprio e i pani non lievitati rappresentano la prontezza nel partire seguendo il comando di Dio.<\/p>\n<p>Come si determina la Pasqua ebraica? La data della Pasqua ebraica \u00e8 diversa da quella cristiana perch\u00e9 si basa sul <strong>calendario ebraico<\/strong>, in cui ogni mese inizia con il novilunio e segue il ciclo delle fasi lunari. Il quindicesimo giorno del mese coincide con il plenilunio. La Pasqua ebraica quindi cade nel <strong>primo plenilunio dopo l&#8217;equinozio di primavera<\/strong>. Facendo riferimento al calendario gregoriano, la data \u00e8 compresa tra il 26 marzo e il 25 aprile. Nel 2021 la Pasqua ebraica comprende i giorni dal 27 marzo al 4 aprile.<\/p>\n<div class=\"link-article\">\n<p><img loading=\"lazy\" decoding=\"async\" class=\"size-full wp-image-12569 alignleft\" src=\"https:\/\/blog.holyart.it\/it\/wp-content\/uploads\/sites\/17\/2021\/03\/differenze-tra-ebraismo-e-cristianesimo.jpg\" alt=\"differenze-tra-ebraismo-e-cristianesimo\" width=\"150\" height=\"99\" data-kale-share-title=\"Come si calcola la Pasqua?\" data-kale-share-url=\"https:\/\/blog.holyart.it\/it\/?p=12560\" \/><\/p>\n<div class=\"leggi-anche\">Leggi anche:<\/div>\n<p><strong><a href=\"https:\/\/www.holyart.it\/blog\/articoli-religiosi\/le-differenze-ebraismo-cristianesimo\/\">Le differenze tra ebraismo e cristianesimo<\/a><\/strong><br \/>\nQuali sono le differenze tra Ebraismo e Cristianesimo? Il Dio degli Ebrei \u00e8 lo stesso dei Cristiani?\u00a0Cerchiamo di scoprire insieme che cosa divide&#8230;<\/p>\n<\/div>\n<h2>La Pasqua cristiana<\/h2>\n<p>La Pasqua cristiana \u00e8 la celebrazione dell&#8217;evento della <a href=\"https:\/\/www.holyart.it\/it\/occasioni-speciali\/pasqua-e-quaresima\/cristo-risorto-e-sacerdote-re\"><strong>Risurrezione di Cristo<\/strong><\/a>. Cade sempre di domenica. Nella Chiesa cattolica la Pasqua viene festeggiata per otto giorni dalla domenica della Resurrezione, chiamati <strong>Ottava di Pasqua<\/strong>. Il luned\u00ec successivo viene chiamato di <a href=\"https:\/\/www.holyart.it\/blog\/articoli-religiosi\/pasquetta-o-lunedi-dellangelo-scopriamo-perche-vengono-chiamate-cosi\/\"><strong>Pasquetta o dell&#8217;Angelo<\/strong><\/a>. La settimana precedente alla Pasqua \u00e8 la <a href=\"https:\/\/www.holyart.it\/blog\/accessori-liturgia\/i-riti-della-settimana-santa\/\"><strong>Settimana Santa<\/strong><\/a> e negli ultimi tre giorni &#8211; Gioved\u00ec Santo, Venerd\u00ec Santo e Sabato Santo, detti Triduo Pasquale &#8211; si rivivono gli avvenimenti della Passione, crocifissione e morte di Ges\u00f9. Ogni giornata della Settimana Santa ha un significato specifico, che abbiamo spiegato in un articolo del nostro blog.<\/p>\n<p>La festa della Pasqua \u00e8 <a href=\"https:\/\/www.holyart.it\/it\/accessori-per-la-liturgia\"><strong>l&#8217;avvenimento pi\u00f9 importante nel calendario liturgico<\/strong><\/a> della Chiesa e da essa dipendono tutte le feste principali dell&#8217;anno. Le celebrazioni che precedono la domenica di Pasqua sono intense e portano i fedeli a rivivere i momenti significativi della Passione di Cristo. La tradizione ebraica \u00e8 presente anche per i cristiani cattolici: il Gioved\u00ec Santo viene spesso ricordata la cena pasquale degli Ebrei e l&#8217;Esodo, parte della storia che ha portato alla nascita del Cristianesimo. La notte tra il Sabato Santo e la mattina di pasqua viene celebrata la <strong>Messa della Veglia Pasquale<\/strong>, in cui si leggono <a href=\"https:\/\/www.holyart.it\/it\/articoli-religiosi\/libri-e-testi-sacri\/bibbie\"><strong>letture della Bibbia<\/strong><\/a> che ripercorrono la Storia della Salvezza, dalla creazione dell&#8217;uomo al compimento della Promessa con la Resurrezione.<\/p>\n<div class=\"link-article\">\n<p><img loading=\"lazy\" decoding=\"async\" class=\"alignleft size-full wp-image-12573\" src=\"https:\/\/blog.holyart.it\/it\/wp-content\/uploads\/sites\/17\/2021\/03\/riti-settimana-santa.jpg\" alt=\"riti-settimana-santa\" width=\"150\" height=\"99\" data-kale-share-title=\"Come si calcola la Pasqua?\" data-kale-share-url=\"https:\/\/blog.holyart.it\/it\/?p=12560\" \/><\/p>\n<div class=\"leggi-anche\">Leggi anche:<\/div>\n<p><strong><a href=\"https:\/\/www.holyart.it\/blog\/accessori-liturgia\/i-riti-della-settimana-santa\/\">I riti della Settimana Santa<\/a><\/strong><br \/>\nLa Pasqua \u00e8 la festa pi\u00f9 importante per i cristiani e viene celebrata in tutto il mondo. I riti che la contraddistinguono sono\u00a0distribuiti nell\u2019arco&#8230;<\/p>\n<\/div>\n<h3>Come si calcola la Pasqua cattolica<\/h3>\n<p>Le date della Pasqua ebraica e della Pasqua cristiana spesso sono vicine poich\u00e9 gli avvenimenti della morte e Risurrezione di Cristo sono avvenuti nei giorni della Pasqua ebraica: <strong><a href=\"https:\/\/www.holyart.it\/it\/occasioni-speciali\/pasqua-e-quaresima\/presepe-pasquale\/ultima-cena-scena-resina-statue-9-cm\">l&#8217;Ultima Cena di Ges\u00f9 con gli apostoli era infatti una cena pasquale<\/a>.<\/strong>\u00a0Per il calcolo della Pasqua cattolica si prende come riferimento l&#8217;<strong>equinozio di primavera<\/strong>, che per convenzione viene considerato cadere il 21 marzo, inizio della primavera: <strong>la domenica di Pasqua \u00e8 la prima dopo il primo plenilunio di primavera<\/strong>. In questo modo, la cadenza della Pasqua sar\u00e0 sempre tra il 22 marzo e il 25 aprile. Nel 2021 la Pasqua cristiana cade domenica 4 aprile.<\/p>\n<h3>Come si calcola la Pasqua ortodossa<\/h3>\n<p>Pur sempre all&#8217;interno del mondo cristiano, in alcuni paesi la <a href=\"https:\/\/www.holyart.it\/blog\/articoli-religiosi\/le-icone-ortodosse-rappresentazioni-delle-opere-di-cristo-sulla-terra\/\"><strong>comunit\u00e0 ortodossa<\/strong><\/a> fa riferimento al <strong>calendario giuliano<\/strong> e non a quello gregoriano per la definizione delle feste liturgiche e per il calcolo del giorno di Pasqua. Anche la Pasqua cade in un periodo diverso rispetto a cattolici e protestanti. Il calendario giuliano \u00e8 l&#8217;antico calendario romano promosso da Giulio Cesare, mentre quello gregoriano risale al medioevo e prende il nome dal papa Gregorio XIII, che lo introdusse.<\/p>\n<p>Mentre per cattolici e protestanti la Pasqua cade la prima domenica dopo il primo plenilunio primaverile, per gli ortodossi \u00e8 semplicemente la <strong>prima domenica dopo l&#8217;equinozio<\/strong>. Il periodo \u00e8 lo stesso, ma le due date possono differire di alcune settimane. In particolare, nel 2021 la Pasqua ortodossa cade il 2 maggio del calendario gregoriano.<\/p>\n<div class=\"link-article\">\n<p><img loading=\"lazy\" decoding=\"async\" class=\"alignleft size-full wp-image-12593\" src=\"https:\/\/blog.holyart.it\/it\/wp-content\/uploads\/sites\/17\/2021\/03\/icone-ortodosse.jpeg\" alt=\"icone ortodosse\" width=\"150\" height=\"99\" data-kale-share-title=\"Come si calcola la Pasqua?\" data-kale-share-url=\"https:\/\/blog.holyart.it\/it\/?p=12560\" \/><\/p>\n<div class=\"leggi-anche\">Leggi anche:<\/div>\n<p><strong><a href=\"https:\/\/www.holyart.it\/blog\/articoli-religiosi\/le-icone-ortodosse-rappresentazioni-delle-opere-di-cristo-sulla-terra\/\">Le icone ortodosse: rappresentazioni delle opere di Cristo<\/a><\/strong><br \/>\nLe icone ortodosse sono sempre state luogo d\u2019incontro tra l\u2019arte e una spiritualit\u00e0 pura e solenne.\u00a0Nelle icone antiche rimane&#8230;<\/p>\n<\/div>\n<h2>Pasqua alta o bassa: cosa si intende?<\/h2>\n<p>Spesso, parlando della data di Pasqua si sentono le espressioni &#8220;<strong>Pasqua alta<\/strong>&#8221; e &#8220;<strong>Pasqua bassa<\/strong>&#8220;. Cosa si intende per Pasqua alta o bassa? Si tratta di un modo per indicare se, nell&#8217;anno corrente, la Pasqua cade presto o tardi rispetto al giorno dell&#8217;equinozio di primavera. La Pasqua \u00e8 &#8220;bassa&#8221; se cade pochi giorni dopo l&#8217;equinozio, tra il 22 marzo e il 2 aprile; &#8220;media&#8221; se cade tra il 3 e il 13 aprile; &#8220;alta&#8221; se cade tra il 14 e il 25 aprile.<\/p>\n<p>Nel nostro sito puoi trovare numerosi accessori per vivere al meglio questo giorno importante. <a href=\"https:\/\/www.holyart.it\/it\/occasioni-speciali\/pasqua-e-quaresima\"><strong>Visita il nostro reparto dedicato alla Pasqua<\/strong><\/a> e scegli gli articoli ideali per te e per i tuoi cari!<\/p>\n<div class=\"link-product\">\n<div class=\"blocco-immagine\"><img loading=\"lazy\" decoding=\"async\" class=\"alignleft size-full wp-image-12584\" src=\"https:\/\/blog.holyart.it\/it\/wp-content\/uploads\/sites\/17\/2021\/03\/gesu-sacro-cuore.jpg\" alt=\"gesu sacro cuore\" width=\"100\" height=\"100\" data-kale-share-title=\"Come si calcola la Pasqua?\" data-kale-share-url=\"https:\/\/blog.holyart.it\/it\/?p=12560\" \/><\/div>\n<div class=\"blocco-contenuto\">\n<div class=\"blocco-acquista\">Acquista su Holyart:<\/div>\n<div class=\"blocco-titolo\"><a href=\"https:\/\/www.holyart.it\/it\/occasioni-speciali\/pasqua-e-quaresima\">Pasqua e Quaresima<\/a><\/div>\n<div class=\"blocco-descrizione\">Scopri l&#8217;intero reparto dedicato sul nostro sito!<\/div>\n<\/div>\n<\/div>\n","protected":false},"excerpt":{"rendered":"<p>Ogni anno cambia data ma rimane la festa pi\u00f9 importante: in questo articolo scoprirai come si calcola la Pasqua nel mondo ebraico e cristiano. La festa pi\u00f9 importante dell&#8217;anno liturgico: la Pasqua! Uova di cioccolato, colombe e conigli pasquali rallegrano il periodo pasquale ma per&hellip;<\/p>\n","protected":false},"author":1,"featured_media":12600,"comment_status":"closed","ping_status":"open","sticky":false,"template":"","format":"standard","meta":{"_acf_changed":false,"footnotes":""},"categories":[20,26,16],"tags":[],"class_list":["post-12560","post","type-post","status-publish","format-standard","has-post-thumbnail","hentry","category-occasioni-speciali","category-pasqua","category-articoli-religiosi"],"acf":[],"yoast_head":"<!-- This site is optimized with the Yoast SEO plugin v26.6 - https:\/\/yoast.com\/wordpress\/plugins\/seo\/ -->\n<title>Come si calcola la Pasqua: cristiana, ebraica e ortodossa - Holyblog<\/title>\n<meta name=\"description\" content=\"Ogni anno cambia data ma rimane la festa pi\u00f9 importante: in questo articolo scoprirai come si calcola la Pasqua nel mondo ebraico e cristiano.\" \/>\n<meta name=\"robots\" content=\"index, follow, max-snippet:-1, max-image-preview:large, max-video-preview:-1\" \/>\n<link rel=\"canonical\" href=\"https:\/\/blog.holyart.it\/it\/pasqua\/come-si-calcola-la-pasqua-cristiana-ebraica-e-ortodossa\/\" \/>\n<meta property=\"og:locale\" content=\"it_IT\" \/>\n<meta property=\"og:type\" content=\"article\" \/>\n<meta property=\"og:title\" content=\"Come si calcola la Pasqua: cristiana, ebraica e ortodossa - Holyblog\" \/>\n<meta property=\"og:description\" content=\"Ogni anno cambia data ma rimane la festa pi\u00f9 importante: in questo articolo scoprirai come si calcola la Pasqua nel mondo ebraico e cristiano.\" \/>\n<meta property=\"og:url\" content=\"https:\/\/blog.holyart.it\/it\/pasqua\/come-si-calcola-la-pasqua-cristiana-ebraica-e-ortodossa\/\" \/>\n<meta property=\"og:site_name\" content=\"Holyblog\" \/>\n<meta property=\"article:published_time\" content=\"2021-03-23T11:25:49+00:00\" \/>\n<meta property=\"article:modified_time\" content=\"2025-02-10T11:02:44+00:00\" \/>\n<meta property=\"og:image\" content=\"https:\/\/blog.holyart.it\/it\/wp-content\/uploads\/sites\/17\/2021\/03\/Pasqua-calendario.jpeg\" \/>\n\t<meta property=\"og:image:width\" content=\"1000\" \/>\n\t<meta property=\"og:image:height\" content=\"666\" \/>\n\t<meta property=\"og:image:type\" content=\"image\/jpeg\" \/>\n<meta name=\"author\" content=\"Redazione\" \/>\n<meta name=\"twitter:card\" content=\"summary_large_image\" \/>\n<meta name=\"twitter:label1\" content=\"Scritto da\" \/>\n\t<meta name=\"twitter:data1\" content=\"Redazione\" \/>\n\t<meta name=\"twitter:label2\" content=\"Tempo di lettura stimato\" \/>\n\t<meta name=\"twitter:data2\" content=\"8 minuti\" \/>\n<script type=\"application\/ld+json\" class=\"yoast-schema-graph\">{\"@context\":\"https:\/\/schema.org\",\"@graph\":[{\"@type\":\"Article\",\"@id\":\"https:\/\/blog.holyart.it\/it\/pasqua\/come-si-calcola-la-pasqua-cristiana-ebraica-e-ortodossa\/#article\",\"isPartOf\":{\"@id\":\"https:\/\/blog.holyart.it\/it\/pasqua\/come-si-calcola-la-pasqua-cristiana-ebraica-e-ortodossa\/\"},\"author\":{\"name\":\"Redazione\",\"@id\":\"https:\/\/blog.holyart.it\/it\/#\/schema\/person\/0a7b686e5af0f856ec1e390dd0baecda\"},\"headline\":\"Come si calcola la Pasqua: cristiana, ebraica e ortodossa\",\"datePublished\":\"2021-03-23T11:25:49+00:00\",\"dateModified\":\"2025-02-10T11:02:44+00:00\",\"mainEntityOfPage\":{\"@id\":\"https:\/\/blog.holyart.it\/it\/pasqua\/come-si-calcola-la-pasqua-cristiana-ebraica-e-ortodossa\/\"},\"wordCount\":1118,\"publisher\":{\"@id\":\"https:\/\/blog.holyart.it\/it\/#organization\"},\"image\":{\"@id\":\"https:\/\/blog.holyart.it\/it\/pasqua\/come-si-calcola-la-pasqua-cristiana-ebraica-e-ortodossa\/#primaryimage\"},\"thumbnailUrl\":\"https:\/\/blog.holyart.it\/it\/wp-content\/uploads\/sites\/17\/2021\/03\/Pasqua-calendario.jpeg\",\"articleSection\":[\"Occasioni speciali\",\"Pasqua\",\"Religione\"],\"inLanguage\":\"it-IT\"},{\"@type\":\"WebPage\",\"@id\":\"https:\/\/blog.holyart.it\/it\/pasqua\/come-si-calcola-la-pasqua-cristiana-ebraica-e-ortodossa\/\",\"url\":\"https:\/\/blog.holyart.it\/it\/pasqua\/come-si-calcola-la-pasqua-cristiana-ebraica-e-ortodossa\/\",\"name\":\"Come si calcola la Pasqua: cristiana, ebraica e ortodossa - Holyblog\",\"isPartOf\":{\"@id\":\"https:\/\/blog.holyart.it\/it\/#website\"},\"primaryImageOfPage\":{\"@id\":\"https:\/\/blog.holyart.it\/it\/pasqua\/come-si-calcola-la-pasqua-cristiana-ebraica-e-ortodossa\/#primaryimage\"},\"image\":{\"@id\":\"https:\/\/blog.holyart.it\/it\/pasqua\/come-si-calcola-la-pasqua-cristiana-ebraica-e-ortodossa\/#primaryimage\"},\"thumbnailUrl\":\"https:\/\/blog.holyart.it\/it\/wp-content\/uploads\/sites\/17\/2021\/03\/Pasqua-calendario.jpeg\",\"datePublished\":\"2021-03-23T11:25:49+00:00\",\"dateModified\":\"2025-02-10T11:02:44+00:00\",\"description\":\"Ogni anno cambia data ma rimane la festa pi\u00f9 importante: in questo articolo scoprirai come si calcola la Pasqua nel mondo ebraico e cristiano.\",\"breadcrumb\":{\"@id\":\"https:\/\/blog.holyart.it\/it\/pasqua\/come-si-calcola-la-pasqua-cristiana-ebraica-e-ortodossa\/#breadcrumb\"},\"inLanguage\":\"it-IT\",\"potentialAction\":[{\"@type\":\"ReadAction\",\"target\":[\"https:\/\/blog.holyart.it\/it\/pasqua\/come-si-calcola-la-pasqua-cristiana-ebraica-e-ortodossa\/\"]}]},{\"@type\":\"ImageObject\",\"inLanguage\":\"it-IT\",\"@id\":\"https:\/\/blog.holyart.it\/it\/pasqua\/come-si-calcola-la-pasqua-cristiana-ebraica-e-ortodossa\/#primaryimage\",\"url\":\"https:\/\/blog.holyart.it\/it\/wp-content\/uploads\/sites\/17\/2021\/03\/Pasqua-calendario.jpeg\",\"contentUrl\":\"https:\/\/blog.holyart.it\/it\/wp-content\/uploads\/sites\/17\/2021\/03\/Pasqua-calendario.jpeg\",\"width\":1000,\"height\":666,\"caption\":\"Pasqua calendario\"},{\"@type\":\"BreadcrumbList\",\"@id\":\"https:\/\/blog.holyart.it\/it\/pasqua\/come-si-calcola-la-pasqua-cristiana-ebraica-e-ortodossa\/#breadcrumb\",\"itemListElement\":[{\"@type\":\"ListItem\",\"position\":1,\"name\":\"Homepage\",\"item\":\"https:\/\/blog.holyart.it\/it\/\"},{\"@type\":\"ListItem\",\"position\":2,\"name\":\"Pasqua\",\"item\":\"https:\/\/blog.holyart.it\/it\/pasqua\/\"},{\"@type\":\"ListItem\",\"position\":3,\"name\":\"Come si calcola la Pasqua: cristiana, ebraica e ortodossa\"}]},{\"@type\":\"WebSite\",\"@id\":\"https:\/\/blog.holyart.it\/it\/#website\",\"url\":\"https:\/\/blog.holyart.it\/it\/\",\"name\":\"Holyblog\",\"description\":\"Il Blog di Holyart.it\",\"publisher\":{\"@id\":\"https:\/\/blog.holyart.it\/it\/#organization\"},\"potentialAction\":[{\"@type\":\"SearchAction\",\"target\":{\"@type\":\"EntryPoint\",\"urlTemplate\":\"https:\/\/blog.holyart.it\/it\/?s={search_term_string}\"},\"query-input\":{\"@type\":\"PropertyValueSpecification\",\"valueRequired\":true,\"valueName\":\"search_term_string\"}}],\"inLanguage\":\"it-IT\"},{\"@type\":\"Organization\",\"@id\":\"https:\/\/blog.holyart.it\/it\/#organization\",\"name\":\"Holyblog\",\"url\":\"https:\/\/blog.holyart.it\/it\/\",\"logo\":{\"@type\":\"ImageObject\",\"inLanguage\":\"it-IT\",\"@id\":\"https:\/\/blog.holyart.it\/it\/#\/schema\/logo\/image\/\",\"url\":\"https:\/\/blog.holyart.it\/it\/wp-content\/uploads\/sites\/17\/2022\/12\/Holyart_Blog_Logo.jpg\",\"contentUrl\":\"https:\/\/blog.holyart.it\/it\/wp-content\/uploads\/sites\/17\/2022\/12\/Holyart_Blog_Logo.jpg\",\"width\":300,\"height\":50,\"caption\":\"Holyblog\"},\"image\":{\"@id\":\"https:\/\/blog.holyart.it\/it\/#\/schema\/logo\/image\/\"}},{\"@type\":\"Person\",\"@id\":\"https:\/\/blog.holyart.it\/it\/#\/schema\/person\/0a7b686e5af0f856ec1e390dd0baecda\",\"name\":\"Redazione\"}]}<\/script>\n<!-- \/ Yoast SEO plugin. -->","yoast_head_json":{"title":"Come si calcola la Pasqua: cristiana, ebraica e ortodossa - Holyblog","description":"Ogni anno cambia data ma rimane la festa pi\u00f9 importante: in questo articolo scoprirai come si calcola la Pasqua nel mondo ebraico e cristiano.","robots":{"index":"index","follow":"follow","max-snippet":"max-snippet:-1","max-image-preview":"max-image-preview:large","max-video-preview":"max-video-preview:-1"},"canonical":"https:\/\/blog.holyart.it\/it\/pasqua\/come-si-calcola-la-pasqua-cristiana-ebraica-e-ortodossa\/","og_locale":"it_IT","og_type":"article","og_title":"Come si calcola la Pasqua: cristiana, ebraica e ortodossa - Holyblog","og_description":"Ogni anno cambia data ma rimane la festa pi\u00f9 importante: in questo articolo scoprirai come si calcola la Pasqua nel mondo ebraico e cristiano.","og_url":"https:\/\/blog.holyart.it\/it\/pasqua\/come-si-calcola-la-pasqua-cristiana-ebraica-e-ortodossa\/","og_site_name":"Holyblog","article_published_time":"2021-03-23T11:25:49+00:00","article_modified_time":"2025-02-10T11:02:44+00:00","og_image":[{"width":1000,"height":666,"url":"https:\/\/blog.holyart.it\/it\/wp-content\/uploads\/sites\/17\/2021\/03\/Pasqua-calendario.jpeg","type":"image\/jpeg"}],"author":"Redazione","twitter_card":"summary_large_image","twitter_misc":{"Scritto da":"Redazione","Tempo di lettura stimato":"8 minuti"},"schema":{"@context":"https:\/\/schema.org","@graph":[{"@type":"Article","@id":"https:\/\/blog.holyart.it\/it\/pasqua\/come-si-calcola-la-pasqua-cristiana-ebraica-e-ortodossa\/#article","isPartOf":{"@id":"https:\/\/blog.holyart.it\/it\/pasqua\/come-si-calcola-la-pasqua-cristiana-ebraica-e-ortodossa\/"},"author":{"name":"Redazione","@id":"https:\/\/blog.holyart.it\/it\/#\/schema\/person\/0a7b686e5af0f856ec1e390dd0baecda"},"headline":"Come si calcola la Pasqua: cristiana, ebraica e ortodossa","datePublished":"2021-03-23T11:25:49+00:00","dateModified":"2025-02-10T11:02:44+00:00","mainEntityOfPage":{"@id":"https:\/\/blog.holyart.it\/it\/pasqua\/come-si-calcola-la-pasqua-cristiana-ebraica-e-ortodossa\/"},"wordCount":1118,"publisher":{"@id":"https:\/\/blog.holyart.it\/it\/#organization"},"image":{"@id":"https:\/\/blog.holyart.it\/it\/pasqua\/come-si-calcola-la-pasqua-cristiana-ebraica-e-ortodossa\/#primaryimage"},"thumbnailUrl":"https:\/\/blog.holyart.it\/it\/wp-content\/uploads\/sites\/17\/2021\/03\/Pasqua-calendario.jpeg","articleSection":["Occasioni speciali","Pasqua","Religione"],"inLanguage":"it-IT"},{"@type":"WebPage","@id":"https:\/\/blog.holyart.it\/it\/pasqua\/come-si-calcola-la-pasqua-cristiana-ebraica-e-ortodossa\/","url":"https:\/\/blog.holyart.it\/it\/pasqua\/come-si-calcola-la-pasqua-cristiana-ebraica-e-ortodossa\/","name":"Come si calcola la Pasqua: cristiana, ebraica e ortodossa - Holyblog","isPartOf":{"@id":"https:\/\/blog.holyart.it\/it\/#website"},"primaryImageOfPage":{"@id":"https:\/\/blog.holyart.it\/it\/pasqua\/come-si-calcola-la-pasqua-cristiana-ebraica-e-ortodossa\/#primaryimage"},"image":{"@id":"https:\/\/blog.holyart.it\/it\/pasqua\/come-si-calcola-la-pasqua-cristiana-ebraica-e-ortodossa\/#primaryimage"},"thumbnailUrl":"https:\/\/blog.holyart.it\/it\/wp-content\/uploads\/sites\/17\/2021\/03\/Pasqua-calendario.jpeg","datePublished":"2021-03-23T11:25:49+00:00","dateModified":"2025-02-10T11:02:44+00:00","description":"Ogni anno cambia data ma rimane la festa pi\u00f9 importante: in questo articolo scoprirai come si calcola la Pasqua nel mondo ebraico e cristiano.","breadcrumb":{"@id":"https:\/\/blog.holyart.it\/it\/pasqua\/come-si-calcola-la-pasqua-cristiana-ebraica-e-ortodossa\/#breadcrumb"},"inLanguage":"it-IT","potentialAction":[{"@type":"ReadAction","target":["https:\/\/blog.holyart.it\/it\/pasqua\/come-si-calcola-la-pasqua-cristiana-ebraica-e-ortodossa\/"]}]},{"@type":"ImageObject","inLanguage":"it-IT","@id":"https:\/\/blog.holyart.it\/it\/pasqua\/come-si-calcola-la-pasqua-cristiana-ebraica-e-ortodossa\/#primaryimage","url":"https:\/\/blog.holyart.it\/it\/wp-content\/uploads\/sites\/17\/2021\/03\/Pasqua-calendario.jpeg","contentUrl":"https:\/\/blog.holyart.it\/it\/wp-content\/uploads\/sites\/17\/2021\/03\/Pasqua-calendario.jpeg","width":1000,"height":666,"caption":"Pasqua calendario"},{"@type":"BreadcrumbList","@id":"https:\/\/blog.holyart.it\/it\/pasqua\/come-si-calcola-la-pasqua-cristiana-ebraica-e-ortodossa\/#breadcrumb","itemListElement":[{"@type":"ListItem","position":1,"name":"Homepage","item":"https:\/\/blog.holyart.it\/it\/"},{"@type":"ListItem","position":2,"name":"Pasqua","item":"https:\/\/blog.holyart.it\/it\/pasqua\/"},{"@type":"ListItem","position":3,"name":"Come si calcola la Pasqua: cristiana, ebraica e ortodossa"}]},{"@type":"WebSite","@id":"https:\/\/blog.holyart.it\/it\/#website","url":"https:\/\/blog.holyart.it\/it\/","name":"Holyblog","description":"Il Blog di Holyart.it","publisher":{"@id":"https:\/\/blog.holyart.it\/it\/#organization"},"potentialAction":[{"@type":"SearchAction","target":{"@type":"EntryPoint","urlTemplate":"https:\/\/blog.holyart.it\/it\/?s={search_term_string}"},"query-input":{"@type":"PropertyValueSpecification","valueRequired":true,"valueName":"search_term_string"}}],"inLanguage":"it-IT"},{"@type":"Organization","@id":"https:\/\/blog.holyart.it\/it\/#organization","name":"Holyblog","url":"https:\/\/blog.holyart.it\/it\/","logo":{"@type":"ImageObject","inLanguage":"it-IT","@id":"https:\/\/blog.holyart.it\/it\/#\/schema\/logo\/image\/","url":"https:\/\/blog.holyart.it\/it\/wp-content\/uploads\/sites\/17\/2022\/12\/Holyart_Blog_Logo.jpg","contentUrl":"https:\/\/blog.holyart.it\/it\/wp-content\/uploads\/sites\/17\/2022\/12\/Holyart_Blog_Logo.jpg","width":300,"height":50,"caption":"Holyblog"},"image":{"@id":"https:\/\/blog.holyart.it\/it\/#\/schema\/logo\/image\/"}},{"@type":"Person","@id":"https:\/\/blog.holyart.it\/it\/#\/schema\/person\/0a7b686e5af0f856ec1e390dd0baecda","name":"Redazione"}]}},"_links":{"self":[{"href":"https:\/\/blog.holyart.it\/it\/wp-json\/wp\/v2\/posts\/12560","targetHints":{"allow":["GET"]}}],"collection":[{"href":"https:\/\/blog.holyart.it\/it\/wp-json\/wp\/v2\/posts"}],"about":[{"href":"https:\/\/blog.holyart.it\/it\/wp-json\/wp\/v2\/types\/post"}],"author":[{"embeddable":true,"href":"https:\/\/blog.holyart.it\/it\/wp-json\/wp\/v2\/users\/1"}],"replies":[{"embeddable":true,"href":"https:\/\/blog.holyart.it\/it\/wp-json\/wp\/v2\/comments?post=12560"}],"version-history":[{"count":1,"href":"https:\/\/blog.holyart.it\/it\/wp-json\/wp\/v2\/posts\/12560\/revisions"}],"predecessor-version":[{"id":17397,"href":"https:\/\/blog.holyart.it\/it\/wp-json\/wp\/v2\/posts\/12560\/revisions\/17397"}],"wp:featuredmedia":[{"embeddable":true,"href":"https:\/\/blog.holyart.it\/it\/wp-json\/wp\/v2\/media\/12600"}],"wp:attachment":[{"href":"https:\/\/blog.holyart.it\/it\/wp-json\/wp\/v2\/media?parent=12560"}],"wp:term":[{"taxonomy":"category","embeddable":true,"href":"https:\/\/blog.holyart.it\/it\/wp-json\/wp\/v2\/categories?post=12560"},{"taxonomy":"post_tag","embeddable":true,"href":"https:\/\/blog.holyart.it\/it\/wp-json\/wp\/v2\/tags?post=12560"}],"curies":[{"name":"wp","href":"https:\/\/api.w.org\/{rel}","templated":true}]}}