{"id":12061,"date":"2021-02-23T15:27:50","date_gmt":"2021-02-23T14:27:50","guid":{"rendered":"https:\/\/blog.holyart.it\/it\/?p=12061"},"modified":"2022-10-20T10:14:56","modified_gmt":"2022-10-20T08:14:56","slug":"comunioni-cresime-e-matrimoni-al-tempo-del-covid-19-come-la-pandemia-ha-cambiato-la-nostra-percezione-dei-sacramenti-e-le-modalita-con-cui-celebrarli","status":"publish","type":"post","link":"https:\/\/blog.holyart.it\/it\/articoli-religiosi\/comunioni-cresime-e-matrimoni-al-tempo-del-covid-19-come-la-pandemia-ha-cambiato-la-nostra-percezione-dei-sacramenti-e-le-modalita-con-cui-celebrarli\/","title":{"rendered":"Prima Comunione e Matrimoni al tempo del Covid: riflettiamo di pi\u00f9 sui loro significati"},"content":{"rendered":"<h4>Comunioni, cresime e matrimoni al tempo del Covid-19: come la pandemia ha cambiato la nostra percezione dei sacramenti e le modalit\u00e0 con cui celebrarli.<\/h4>\n<p>Indossare la mascherina, mantenere il distanziamento sociale, lavarsi le mani il pi\u00f9 spesso possibile. Ormai queste sono le regole del vivere civile, le modalit\u00e0 in base alle quali ci viene chiesto di regolare la nostra quotidianit\u00e0 al lavoro, a scuola, nei locali pubblici, e ovunque sia prevista l&#8217;interazione con gli altri. Compresa le chiese. In questo scenario ha senso parlare di comunioni e matrimoni al tempo del Covid?<\/p>\n<p>La questione presenta molteplici risvolti. \u00c8 vero che il Covid-19 ha modificato in modo profondo alcuni aspetti della nostra vita, costringendoci ad adeguarci a una serie di cambiamenti che sembrano destinati ad accompagnarci ancora per molto, molto tempo. Tuttavia \u00e8 anche vero che le <strong>celebrazioni comunitarie<\/strong>, come pu\u00f2 essere la Santa Messa domenicale, e ancora di pi\u00f9 le cerimonie che accompagnano il battesimo di un nuovo nato, la prima comunione di un bimbo o una bimba, la cresima, o <strong><a href=\"http:\/\/holyart.it\/it\/occasioni-speciali\/matrimonio\">l&#8217;unione in matrimonio di una giovane coppia<\/a><\/strong>, appartengono alla nostra societ\u00e0 e sono componenti della vita di ciascuno di noi ai quali \u00e8 impossibile rinunciare.<\/p>\n<p>Per quanto riguarda la messa, con la riapertura delle chiese a maggio sono state sancite delle<strong> regole<\/strong> finalizzate a permettere alla comunit\u00e0 cristiana di tornare insieme, ma in sicurezza. Oltre ai tanti <strong><a href=\"https:\/\/www.holyart.it\/blog\/accessori-liturgia\/coronavirus-dispositivi-per-celebrare-la-messa-in-sicurezza\/\">dispositivi per celebrare la messa in sicurezza<\/a><\/strong> imposti ai sacerdoti e ai fedeli, anche nelle chiese vige il <strong>distanziamento sociale<\/strong>, regolato dallo spazio tra una sedia e l&#8217;altra, da cartelli che inibiscono la seduta in alcuni posti, dalla disposizione a scacchiera delle sedie, tutto per garantire che tra le persone ci sia sempre la distanza di almeno un metro davanti e ai lati, oltre che dal <strong>divieto di scambiarsi il segno di pace<\/strong>.<\/p>\n<div class=\"link-article\">\n<p><img loading=\"lazy\" decoding=\"async\" class=\"alignleft size-full wp-image-12117\" src=\"https:\/\/blog.holyart.it\/it\/wp-content\/uploads\/sites\/17\/2021\/02\/Dispositivi-anticontagio-covid.jpg\" alt=\"Dispositivi anti contagio covid\" width=\"150\" height=\"100\" data-kale-share-title=\"Prima Comunione e Matrimoni al tempo del Covid: riflettiamo di pi\u00f9 sui loro significati\" data-kale-share-url=\"https:\/\/blog.holyart.it\/it\/articoli-religiosi\/comunioni-cresime-e-matrimoni-al-tempo-del-covid-19-come-la-pandemia-ha-cambiato-la-nostra-percezione-dei-sacramenti-e-le-modalita-con-cui-celebrarli\/\" \/><\/p>\n<div class=\"leggi-anche\">Leggi anche:<\/div>\n<p><strong><a href=\"https:\/\/www.holyart.it\/blog\/accessori-liturgia\/coronavirus-dispositivi-per-celebrare-la-messa-in-sicurezza\/\">Coronavirus: dispositivi per celebrare la Messa in sicurezza<\/a><\/strong><br \/>\nDi nuovo a messa dal 18 maggio. Insieme, ma in sicurezza. Ecco i dispositivi di sicurezza e protezione indispensabili per sacerdoti e fedeli.<\/p>\n<\/div>\n<p>Ovviamente c&#8217;\u00e8 l&#8217;<strong>obbligo della mascherina <\/strong>e dei vari dispositivi di protezione individuale. A ogni ingresso dell&#8217;edificio di culto le acquasantiere sono state svuotate e al loro posto sono stati posizionati <strong>dispenser di soluzione igienizzante<\/strong>.<\/p>\n<p>Anche la <strong>distribuzione dell&#8217;Eucarestia<\/strong>, il momento pi\u00f9 alto della celebrazione, \u00e8 stato cambiato dalla pandemia. Il sacerdote ora utilizza <a href=\"https:\/\/www.holyart.it\/it\/accessori-per-la-liturgia\/dispositivi-di-protezione-e-sicurezza?sorter_id=4&amp;94%5B%5D=2529&amp;p_min=&amp;p_max=\"><strong>pissidi col coperchio girevole<\/strong><\/a>, composto da due mezzelune in plexiglass di cui una \u00e8 fissa e l\u2019altra mobile. In questo modo il sacerdote pu\u00f2 prendere la particola senza alzare il coperchio ogni volta, semplicemente ruotando la mezzaluna girevole, per poi richiudere la pisside con un semplice gesto.<\/p>\n<div class=\"link-product\">\n<div class=\"blocco-immagine\"><img loading=\"lazy\" decoding=\"async\" class=\"alignleft size-full wp-image-12071\" src=\"https:\/\/blog.holyart.it\/it\/wp-content\/uploads\/sites\/17\/2021\/02\/pisside-con-coperchio-in-plexiglass.jpg\" alt=\"pisside con coperchio in plexiglass\" width=\"100\" height=\"100\" data-kale-share-title=\"Comunioni, cresime e matrimoni al tempo del Covid-19: come la pandemia ha cambiato la percezione e modalit\u00e0 con cui celebrarli\" data-kale-share-url=\"https:\/\/blog.holyart.it\/it\/articoli-religiosi\/comunioni-cresime-e-matrimoni-al-tempo-del-covid-19-come-la-pandemia-ha-cambiato-la-nostra-percezione-dei-sacramenti-e-le-modalita-con-cui-celebrarli\/\" \/><\/div>\n<div class=\"blocco-contenuto\">\n<div class=\"blocco-acquista\">Acquista su Holyart:<\/div>\n<div class=\"blocco-titolo\"><a href=\"https:\/\/www.holyart.it\/it\/accessori-per-la-liturgia\/dispositivi-di-protezione-e-sicurezza?sorter_id=4&amp;94%5B%5D=2529&amp;p_min=&amp;p_max=\">Pissidi con coperchio girevole<\/a><\/div>\n<div class=\"blocco-descrizione\">Coperchio in plexiglass con parti: una \u00e8 fissa e l\u2019altra mobile<\/div>\n<\/div>\n<\/div>\n<p>Anche calice e patena dovranno essere coperti con <strong>coperchi di plexiglass<\/strong> durante la preghiera eucaristica. Inoltre, non potendo mettere l&#8217;ostia nella bocca del fedele, alcuni sacerdoti utilizzano <strong>pinze eucaristiche<\/strong>, per la distribuzione delle ostie consacrate. Se in un primo tempo i celebranti avevano l&#8217;obbligo di indossare <strong>guanti monouso<\/strong>, ora l&#8217;obbligo dei guanti \u00e8 stato sostituito da quello della <a href=\"http:\/\/holyart.it\/it\/accessori-per-la-liturgia\/dispositivi-di-protezione-e-sicurezza?sorter_id=4&amp;94%5B%5D=2556&amp;p_min=&amp;p_max=&amp;sort=20a\"><strong>detersione frequente delle mani<\/strong><\/a> con apposito gel igienizzante.<\/p>\n<div class=\"link-product\">\n<div class=\"blocco-immagine\"><img loading=\"lazy\" decoding=\"async\" class=\"alignleft size-full wp-image-12063\" src=\"https:\/\/blog.holyart.it\/it\/wp-content\/uploads\/sites\/17\/2021\/02\/gel-lavamani-detergente.jpg\" alt=\"gel lavamani detergente\" width=\"100\" height=\"100\" data-kale-share-title=\"Comunioni, cresime e matrimoni al tempo del Covid-19: come la pandemia ha cambiato la nostra percezione dei sacramenti e le modalit\u00e0 con cui celebrarli.\" data-kale-share-url=\"https:\/\/blog.holyart.it\/it\/?p=12061\" \/><\/div>\n<div class=\"blocco-contenuto\">\n<div class=\"blocco-acquista\">Acquista su Holyart:<\/div>\n<div class=\"blocco-titolo\"><a href=\"https:\/\/www.holyart.it\/it\/accessori-per-la-liturgia\/dispositivi-di-protezione-e-sicurezza\/gel-lavamani-detergente-camaldoli-250-ml\">Gel detergente e igienizzante<\/a><\/div>\n<div class=\"blocco-descrizione\">Gel detergente e igienizzante per lavaggio rapido e senza risciacquo delle mani<\/div>\n<\/div>\n<\/div>\n<p>In ogni caso sar\u00e0 sempre opportuno che il sacerdote eviti qualsiasi tipo di contatto con le mani dei fedeli. Anche per la <strong>confessione <\/strong>sono state stabilite nuove regolamentazioni, che in molti casi richiedono l&#8217;uso dei separatori parafiato in plexiglass.<\/p>\n<p>Niente <strong>libretti dei canti<\/strong> n\u00e9 altro materiale cartaceo. Niente<strong> cori<\/strong>, al massimo un cantante solista.<\/p>\n<p>Niente <strong>offertorio<\/strong>, ma un volontario all&#8217;ingresso che raccoglier\u00e0 eventuali offerte in un&#8217;apposita borsa per questua in metallo o altro dispositivo sicuro.<\/p>\n<div class=\"link-product\">\n<div class=\"blocco-immagine\"><img loading=\"lazy\" decoding=\"async\" class=\"alignleft size-full wp-image-12077\" src=\"https:\/\/blog.holyart.it\/it\/wp-content\/uploads\/sites\/17\/2021\/02\/sacco-per-questua.jpg\" alt=\"sacco per questua\" width=\"100\" height=\"100\" data-kale-share-title=\"Comunioni, cresime e matrimoni al tempo del Covid-19: come la pandemia ha cambiato la percezione e modalit\u00e0 con cui celebrarli\" data-kale-share-url=\"https:\/\/blog.holyart.it\/it\/articoli-religiosi\/comunioni-cresime-e-matrimoni-al-tempo-del-covid-19-come-la-pandemia-ha-cambiato-la-nostra-percezione-dei-sacramenti-e-le-modalita-con-cui-celebrarli\/\" \/><\/div>\n<div class=\"blocco-contenuto\">\n<div class=\"blocco-acquista\">Acquista su Holyart:<\/div>\n<div class=\"blocco-titolo\"><a href=\"https:\/\/www.holyart.it\/it\/accessori-per-la-liturgia\/dispositivi-di-protezione-e-sicurezza?sorter_id=4&amp;94%5B%5D=2557&amp;p_min=&amp;p_max=\">Borse per offerte<\/a><\/div>\n<div class=\"blocco-descrizione\">Borse per elemosina con manico in metallo allungabile<\/div>\n<\/div>\n<\/div>\n<h2>Con queste premesse ha senso parlare di matrimoni al tempo del Covid-19?<\/h2>\n<p>Come per le norme di accesso e comportamento nelle chiese e durante la messa, anche per le celebrazioni dei sacramenti la Conferenza Episcopale Italiana cerca di seguire le regole imposte dall&#8217;autorit\u00e0 civile. Ogni diocesi poi si organizza al meglio per garantire il pi\u00f9 possibile ai fedeli una regolarit\u00e0 di riti e celebrazioni, compatibilmente con la crisi sanitaria. Anzi, \u00e8 proprio la pandemia, con le sue restrizioni, con i lunghi mesi di lockdown durante i quali siamo stati costretti a casa, ad aver reso ancora pi\u00f9 evidente quanto sia importante per tutti noi <strong>condividere il nostro tempo e le nostre emozioni con chi ci \u00e8 caro<\/strong>. Passare del tempo con amici e parenti, condividere momenti preziosi della vita, \u00e8 diventato all&#8217;improvviso qualcosa di affatto scontato. Proprio nel momento in cui siamo stati costretti a stare lontani ci siamo scoperti pi\u00f9 che mai dipendenti da questa rete di affetti e partecipazione reciproca all&#8217;esistenza altrui. Come si dice, capisci l&#8217;importanza di qualcosa solo quando sei a un passo dal perderlo.<\/p>\n<p>In quest&#8217;ottica anche i sacramenti assumono una dimensione diversa e nuova. Anzi, in un certo senso tornano a rivestire il loro significato primitivo, il vero motore spirituale e comunitario che li dovrebbe animare. Sarebbe inutile ricordare come, negli ultimi anni, sempre pi\u00f9 spesso queste occasioni siano diventate eventi in cui ostentare sfarzo e abbondanza, con ricevimenti sopra le righe, organizzati solo per non sfigurare davanti a amici e parenti, o quasi per competere con quelli a cui si era stati invitati in precedenza. Anche le feste e i banchetti per le comunioni, nella loro magnificenza e sfoggio eccessivi, con bambine spesso abbigliate come piccole spose, hanno distolto forse un poco l&#8217;attenzione dal vero significato della Prima comunione per un giovane cristiano.<\/p>\n<p>Con questo non vogliamo assolutamente affermare che non ci sia nulla da festeggiare!<\/p>\n<p><strong>La prima comunione<\/strong>, la cresima, il matrimonio, come tutti i sacramenti, sono momenti preziosi e irripetibili, e meritano la giusta glorificazione, con <a href=\"https:\/\/www.holyart.it\/it\/articoli-religiosi\/bomboniere-sacre-e-ricordini\"><strong>belle bomboniere scelte con cura<\/strong><\/a>, perch\u00e9 tutti i partecipanti possano conservare un bel ricordo della giornata, abiti adeguati all&#8217;occasione, condivisione di buon cibo con gli amici. Per\u00f2, come ci ha ricordato <strong><a href=\"http:\/\/holyart.it\/it\/occasioni-speciali\/papa-francesco\">papa Francesco<\/a><\/strong> parlando del matrimonio cattolico in Chiesa:<\/p>\n<p><em>\u201cNon \u00e8 semplicemente una cerimonia che si fa \u201cin\u201d chiesa, coi fiori, l\u2019abito, le foto. Il matrimonio cristiano \u00e8 un Sacramento che avviene \u201cnella\u201d Chiesa e che \u201cfa\u201d anche la Chiesa, dando inizio a una nuova comunit\u00e0 familiare.\u201d<\/em><\/p>\n<p>Ecco, questo vale per tutti i sacramenti, per tutte le celebrazioni che ora, Covid permettendo, tornano ad essere celebrate. Che ci siano tanti o pochi invitati; che si indossi o meno la mascherina, che magari non permette di ammirare lo splendido make up della sposa, anche se dal 27 giugno, almeno all&#8217;altare, gli sposi non sono pi\u00f9 obbligati a indossarla; anche se si dovr\u00e0 rinunciare al ristorante prestigioso, perch\u00e9 non consente un adeguato distanziamento tra gli invitati, e non ci sar\u00e0 un buffet faraonico; nonostante nelle foto dovremo restare un po&#8217; pi\u00f9 lontani, con buona pace del povero fotografo, cos\u00ec come nei balli, per\u00f2 la cosa davvero importante sar\u00e0 che saremo l\u00ec, insieme a coloro che amiamo di pi\u00f9, a <strong>condividere un momento di fede e gioia<\/strong>, che sia accompagnare un nuovo comunicando o cresimando in un passaggio fondamentale del suo percorso spirituale, o ad assistere alla nascita di una nuova famiglia, benedetta da Ges\u00f9.<\/p>\n<p>Ecco, solo questo dovrebbe contare davvero. Poche regole da seguire, per la sicurezza di tutti, ma soprattutto la consapevolezza di quanto sia importante l&#8217;occasione che stiamo vivendo, e quanto siamo fortunati a poterla condividere con chi ci \u00e8 caro.<\/p>\n<h2>Abiti Prima Comunione<\/h2>\n<p>La Prima Comunione \u00e8 uno dei\u00a0<strong><a href=\"https:\/\/www.holyart.it\/blog\/articoli-religiosi\/sette-sacramenti-della-tradizione-cristiana\/\">sacramenti pi\u00f9 importanti <\/a><\/strong>\u00a0nella vita di un giovane cristiano. <strong><a href=\"https:\/\/www.holyart.it\/blog\/occasioni-speciali\/la-comunione-principi-principesse-un-giorno\/\">Come abbiamo ampiamento affrontato in un articolo precedente<\/a><\/strong>, la Prima Comunione celebra il momento in cui, per la prima volta, un giovane cristiano potr\u00e0 accostarsi alla Santa Eucarestia. Potr\u00e0 partecipare a tutti gli effetti alla Messa, ricevendo dal Sacerdote il Corpo di Nostro Signore Ges\u00f9.<\/p>\n<p><strong><a href=\"https:\/\/www.holyart.it\/blog\/articoli-religiosi\/10-consigli-organizzare-la-comunione\/\">Il giorno della Prima Comunione<\/a>\u00a0<\/strong>viene resa sempre una festa a tutti gli effetti, celebrando questa giornata con un grande pranzo, con tanti invitati tra cui parenti e amici. Della Prima Comunione si ricorda una giornata con regali, con un abito speciale per il giovane festeggiato, siamo tutti d&#8217;accordo che \u00e8 bello avere un ricordo fantastica di questa giornata. Tuttavia, non bisogna fare in modo che tutti questi elementi esterni si trasformino nel vero nucleo della giornata, nel centro della celebrazione, facendo passare in secondo piano il vero significato dottrinale e spirituale del sacramento in s\u00e9.<\/p>\n<p>\u00c8 giusto rendere il giorno della\u00a0<strong><a href=\"https:\/\/www.holyart.it\/it\/occasioni-speciali\/prima-comunione\">Prima Comunione<\/a><\/strong>\u00a0una grande festa per il bambino\/a che si accosta per la prima volta all\u2019Eucarestia, nello stesso tempo per\u00f2 dobbiamo fare attenzione a non allontanarci dal significato dottrinale e spirituale del sacramento.<\/p>\n<p>Avvolte viene data troppa enfasi agli aspetti esteriori di questo evento cos\u00ec prezioso, e, cos\u00ec facendo, in qualche modo, se ne tradisce il senso spirituale pi\u00f9 profondo e autentico. Magari tanti di voi se ne saranno resi conto partecipando ad eventi del genere, bambine che arrivano davanti alla chiesa in carrozza o limousine, fuochi d&#8217;artificio esagerati in stile capodanno, abiti da cerimonia che trasformano le bambine in spose e principesse.<\/p>\n<p>Avete ma provato a cercare un internet \u2018abito da comunione\u2019? Pizzi, fronzoli, lunghi strascichi, pi\u00f9 adatti a una principessa Disney che a qualcuno che \u00e8 giunto alla fine di un percorso spirituale e umano profondo e significativo!<\/p>\n<p>Alcune parrocchie tentano di ovviare almeno al problema dell\u2019abito offrendo in affitto ai ragazzi delle tuniche bianche, molto semplici, bianche, e imponendo loro di usarle durante la cerimonia. La tunica bianca esprime da sola tutta la semplicit\u00e0 e la purezza che ci si aspetta da questi nuovi, giovani cristiani, invitati per la prima volta a ricevere l\u2019Eucarestia.<\/p>\n<p>Ecco i nostri 4 modelli di <strong><a href=\"https:\/\/www.holyart.it\/it\/occasioni-speciali\/prima-comunione\/abiti-prima-comunione\">Abiti per la Prima Comunione<\/a><\/strong>. Abiti ideali per ragazzi e ragazze grazie al modello basic, semplice e lineare con cui sono stati realizzati. Due modelli realizzati in tessuto coprente e altri due modelli realizzati con tessuti leggeri.<\/p>\n<p>Guarda la gallery e scopri i nostri Abiti da Prima Comunione firmati In Primis, brand di Holyart.<\/p>\n<div class=\"sp-styles-warning\" style=\"width: 450px; background-color: #FFF; color: #F00; border: 1px solid #F00; padding: 10px; font-size: 14px;\">\n\t\t\t<span style=\"font-weight: bold;\">Warning: The stylesheets were not loaded!<\/span> \n\t\t\tYou will need to change the <i>Load stylesheets<\/i> setting from <i>Automatically<\/i> to <i>On homepage<\/i> or <i>On all pages<\/i>. \n\t\t\tYou can set that <a style=\"text-decoration: underline; color: #F00;\" href=\"https:\/\/blog.holyart.it\/it\/wp-admin\/admin.php?page=sliderpro-settings\">here<\/a>.\n\t\t\t<\/div>\r\n<div id=\"slider-pro-100\" class=\"slider-pro sp-no-js\" style=\"width: 500px; height: 500px;\">\r\n\t<div class=\"sp-slides\">\r\n\t\t\r\n\t\t<div class=\"sp-slide\">\r\n\t\t\t<img loading=\"lazy\" decoding=\"async\" class=\"sp-image\" src=\"https:\/\/blog.holyart.it\/it\/wp-content\/uploads\/sites\/17\/2021\/02\/tunichetta-prima-comunione-tessuto-coprente.jpg\" alt=\"tunichetta prima comunione tessuto coprente\" width=\"500\" height=\"500\" \/>\r\n\t\t\t<div class=\"sp-thumbnail\"><img decoding=\"async\" src=\"https:\/\/blog.holyart.it\/it\/wp-content\/uploads\/sites\/17\/2021\/02\/tunica-prima-comunione-tessuto-coprente.jpg\" alt=\"tunica prima comunione tessuto coprente\" \/>\r\n\t\t\t<\/div>\r\n\t\t\t<div class=\"sp-caption\">Tunichetta Prima Comunione tessuto bianco Coprente, linea In Primis, brand di Holyart.\nAbitino bianco per il rito della Prima Comunione, realizzato in stoffa coprente affinch\u00e9 non si notano gli indumenti indossati sotto la tunica. <br>\nModello semplice e lineare, il tessuto \u00e8 facile da lavare e non si stropiccia facilmente.\nTunichetta disponibile in taglie standard, che equivalgono alla misura presa dalla spalla ai piedi <br \/><strong><a href=\"https:\/\/www.holyart.it\/it\/occasioni-speciali\/prima-comunione\/abiti-prima-comunione\/tunichetta-comunione-tessuto-bianco-coprente-in-primis\">Acquista su Holyart<\/a><\/strong><\/div>\r\n\t\t<\/div>\r\n\t\t<div class=\"sp-slide\">\r\n\t\t\t<img loading=\"lazy\" decoding=\"async\" class=\"sp-image\" src=\"https:\/\/blog.holyart.it\/it\/wp-content\/uploads\/sites\/17\/2021\/02\/abitino-comunione-basic.jpg\" alt=\"abitino comunione basic\" width=\"500\" height=\"500\" \/>\r\n\t\t\t<div class=\"sp-thumbnail\"><img decoding=\"async\" src=\"https:\/\/blog.holyart.it\/it\/wp-content\/uploads\/sites\/17\/2021\/02\/abito-comunione-basic.jpg\" alt=\"abito comunione basic\" \/>\r\n\t\t\t<\/div>\r\n\t\t\t<div class=\"sp-caption\">Abitino Comunione linea In Primis, brand di Holyart.\nAbitino bianco per il rito della Prima Comunione, realizzato in stoffa coprente, modello basic con collo largo. Tessuto facile da lavare che non si stropiccia facilmente.\nDisponibile in taglie standard, che equivalgono alla misura presa dalla spalla ai piedi. \n<br \/><strong><a href=\"https:\/\/www.holyart.it\/it\/occasioni-speciali\/prima-comunione\/abiti-prima-comunione\/abitino-comunione-modello-basic-coprente-in-primis\">Acquista su Holyart<\/a><\/strong><\/div>\r\n\t\t<\/div>\r\n\t\t<div class=\"sp-slide\">\r\n\t\t\t<img loading=\"lazy\" decoding=\"async\" class=\"sp-image\" src=\"https:\/\/blog.holyart.it\/it\/wp-content\/uploads\/sites\/17\/2021\/02\/tunica-prima-comunione-bianco.jpg\" alt=\"tunica prima comunione bianco\" width=\"500\" height=\"500\" \/>\r\n\t\t\t<div class=\"sp-thumbnail\"><img decoding=\"async\" src=\"https:\/\/blog.holyart.it\/it\/wp-content\/uploads\/sites\/17\/2021\/02\/tunica-prima-comunione-bianca.jpg\" alt=\"tunica prima comunione bianca\" \/>\r\n\t\t\t<\/div>\r\n\t\t\t<div class=\"sp-caption\">Tunica Prima Comunione bianco, linea In Primis. Modello semplice e lineare. A differenza delle altre due tuniche precedenti \u00e8 realizzata in tessuto leggero in poliestere, facile da lavare con una vestibilit\u00e0 comoda. Non Coprente.\nDisponibile in taglie standard, misura presa dalla spalla ai piedi.<\/br><strong><a href=\"https:\/\/www.holyart.it\/it\/occasioni-speciali\/prima-comunione\/abiti-prima-comunione\/tunichetta-prima-comunione-bianco-in-primis\">Acquista su Holyart<\/a><\/strong><\/div>\r\n\t\t<\/div>\r\n\t\t<div class=\"sp-slide\">\r\n\t\t\t<img loading=\"lazy\" decoding=\"async\" class=\"sp-image\" src=\"https:\/\/blog.holyart.it\/it\/wp-content\/uploads\/sites\/17\/2021\/02\/abitino-prima-comunione-leggero.jpg\" alt=\"abitino prima comunione leggero\" width=\"500\" height=\"500\" \/>\r\n\t\t\t<div class=\"sp-thumbnail\"><img decoding=\"async\" src=\"https:\/\/blog.holyart.it\/it\/wp-content\/uploads\/sites\/17\/2021\/02\/abito-prima-comunione-leggero.jpg\" alt=\"abito prima comunione leggero\" \/>\r\n\t\t\t<\/div>\r\n\t\t\t<div class=\"sp-caption\">Tunica Prima Comunione bianco, linea In Primis. Modello collo largo. Tunica semplice, lineare, tonalit\u00e0 bianco puro. Tessuto leggero in poliestere, facile da lavare con una vestibilit\u00e0 comoda. Non Coprente.\nDisponibile in taglie standard, misura presa dalla spalla ai piedi.<\/br><strong><a href=\"https:\/\/www.holyart.it\/it\/occasioni-speciali\/prima-comunione\/abiti-prima-comunione\/abitino-per-prima-comunione-in-primis-modello-basic\">Acquista su Holyart<\/a><\/strong><\/div>\r\n\t\t<\/div>\r\n\t<\/div>\r\n<\/div>\n","protected":false},"excerpt":{"rendered":"<p>Comunioni, cresime e matrimoni al tempo del Covid-19: come la pandemia ha cambiato la nostra percezione dei sacramenti e le modalit\u00e0 con cui celebrarli. Indossare la mascherina, mantenere il distanziamento sociale, lavarsi le mani il pi\u00f9 spesso possibile. Ormai queste sono le regole del vivere&hellip;<\/p>\n","protected":false},"author":1,"featured_media":12105,"comment_status":"closed","ping_status":"open","sticky":false,"template":"","format":"standard","meta":{"_acf_changed":false,"footnotes":""},"categories":[20,16],"tags":[],"class_list":["post-12061","post","type-post","status-publish","format-standard","has-post-thumbnail","hentry","category-occasioni-speciali","category-articoli-religiosi"],"acf":[],"yoast_head":"<!-- This site is optimized with the Yoast SEO plugin v26.6 - https:\/\/yoast.com\/wordpress\/plugins\/seo\/ -->\n<title>Prima Comunione e Matrimoni al tempo del Covid - Holyblog<\/title>\n<meta name=\"description\" content=\"Comunioni, cresime e matrimoni al tempo del Covid-19: come la pandemia ha cambiato la nostra percezione dei sacramenti e le modalit\u00e0 con cui celebrarli.\" \/>\n<meta name=\"robots\" content=\"index, follow, max-snippet:-1, max-image-preview:large, max-video-preview:-1\" \/>\n<link rel=\"canonical\" href=\"https:\/\/blog.holyart.it\/it\/articoli-religiosi\/comunioni-cresime-e-matrimoni-al-tempo-del-covid-19-come-la-pandemia-ha-cambiato-la-nostra-percezione-dei-sacramenti-e-le-modalita-con-cui-celebrarli\/\" \/>\n<meta property=\"og:locale\" content=\"it_IT\" \/>\n<meta property=\"og:type\" content=\"article\" \/>\n<meta property=\"og:title\" content=\"Prima Comunione e Matrimoni al tempo del Covid - Holyblog\" \/>\n<meta property=\"og:description\" content=\"Comunioni, cresime e matrimoni al tempo del Covid-19: come la pandemia ha cambiato la nostra percezione dei sacramenti e le modalit\u00e0 con cui celebrarli.\" \/>\n<meta property=\"og:url\" content=\"https:\/\/blog.holyart.it\/it\/articoli-religiosi\/comunioni-cresime-e-matrimoni-al-tempo-del-covid-19-come-la-pandemia-ha-cambiato-la-nostra-percezione-dei-sacramenti-e-le-modalita-con-cui-celebrarli\/\" \/>\n<meta property=\"og:site_name\" content=\"Holyblog\" \/>\n<meta property=\"article:published_time\" content=\"2021-02-23T14:27:50+00:00\" \/>\n<meta property=\"article:modified_time\" content=\"2022-10-20T08:14:56+00:00\" \/>\n<meta property=\"og:image\" content=\"https:\/\/blog.holyart.it\/it\/wp-content\/uploads\/sites\/17\/2021\/02\/Prima-Comunione-e-Matrimoni-al-tempo-del-Covid-riflettiamo-di-pi\u00f9-sui-loro-significati.jpg\" \/>\n\t<meta property=\"og:image:width\" content=\"1000\" \/>\n\t<meta property=\"og:image:height\" content=\"666\" \/>\n\t<meta property=\"og:image:type\" content=\"image\/jpeg\" \/>\n<meta name=\"author\" content=\"Redazione\" \/>\n<meta name=\"twitter:card\" content=\"summary_large_image\" \/>\n<meta name=\"twitter:label1\" content=\"Scritto da\" \/>\n\t<meta name=\"twitter:data1\" content=\"Redazione\" \/>\n\t<meta name=\"twitter:label2\" content=\"Tempo di lettura stimato\" \/>\n\t<meta name=\"twitter:data2\" content=\"8 minuti\" \/>\n<script type=\"application\/ld+json\" class=\"yoast-schema-graph\">{\"@context\":\"https:\/\/schema.org\",\"@graph\":[{\"@type\":\"Article\",\"@id\":\"https:\/\/blog.holyart.it\/it\/articoli-religiosi\/comunioni-cresime-e-matrimoni-al-tempo-del-covid-19-come-la-pandemia-ha-cambiato-la-nostra-percezione-dei-sacramenti-e-le-modalita-con-cui-celebrarli\/#article\",\"isPartOf\":{\"@id\":\"https:\/\/blog.holyart.it\/it\/articoli-religiosi\/comunioni-cresime-e-matrimoni-al-tempo-del-covid-19-come-la-pandemia-ha-cambiato-la-nostra-percezione-dei-sacramenti-e-le-modalita-con-cui-celebrarli\/\"},\"author\":{\"name\":\"Redazione\",\"@id\":\"https:\/\/blog.holyart.it\/it\/#\/schema\/person\/0a7b686e5af0f856ec1e390dd0baecda\"},\"headline\":\"Prima Comunione e Matrimoni al tempo del Covid: riflettiamo di pi\u00f9 sui loro significati\",\"datePublished\":\"2021-02-23T14:27:50+00:00\",\"dateModified\":\"2022-10-20T08:14:56+00:00\",\"mainEntityOfPage\":{\"@id\":\"https:\/\/blog.holyart.it\/it\/articoli-religiosi\/comunioni-cresime-e-matrimoni-al-tempo-del-covid-19-come-la-pandemia-ha-cambiato-la-nostra-percezione-dei-sacramenti-e-le-modalita-con-cui-celebrarli\/\"},\"wordCount\":1657,\"publisher\":{\"@id\":\"https:\/\/blog.holyart.it\/it\/#organization\"},\"image\":{\"@id\":\"https:\/\/blog.holyart.it\/it\/articoli-religiosi\/comunioni-cresime-e-matrimoni-al-tempo-del-covid-19-come-la-pandemia-ha-cambiato-la-nostra-percezione-dei-sacramenti-e-le-modalita-con-cui-celebrarli\/#primaryimage\"},\"thumbnailUrl\":\"https:\/\/blog.holyart.it\/it\/wp-content\/uploads\/sites\/17\/2021\/02\/Prima-Comunione-e-Matrimoni-al-tempo-del-Covid-riflettiamo-di-pi\u00f9-sui-loro-significati.jpg\",\"articleSection\":[\"Occasioni speciali\",\"Religione\"],\"inLanguage\":\"it-IT\"},{\"@type\":\"WebPage\",\"@id\":\"https:\/\/blog.holyart.it\/it\/articoli-religiosi\/comunioni-cresime-e-matrimoni-al-tempo-del-covid-19-come-la-pandemia-ha-cambiato-la-nostra-percezione-dei-sacramenti-e-le-modalita-con-cui-celebrarli\/\",\"url\":\"https:\/\/blog.holyart.it\/it\/articoli-religiosi\/comunioni-cresime-e-matrimoni-al-tempo-del-covid-19-come-la-pandemia-ha-cambiato-la-nostra-percezione-dei-sacramenti-e-le-modalita-con-cui-celebrarli\/\",\"name\":\"Prima Comunione e Matrimoni al tempo del Covid - Holyblog\",\"isPartOf\":{\"@id\":\"https:\/\/blog.holyart.it\/it\/#website\"},\"primaryImageOfPage\":{\"@id\":\"https:\/\/blog.holyart.it\/it\/articoli-religiosi\/comunioni-cresime-e-matrimoni-al-tempo-del-covid-19-come-la-pandemia-ha-cambiato-la-nostra-percezione-dei-sacramenti-e-le-modalita-con-cui-celebrarli\/#primaryimage\"},\"image\":{\"@id\":\"https:\/\/blog.holyart.it\/it\/articoli-religiosi\/comunioni-cresime-e-matrimoni-al-tempo-del-covid-19-come-la-pandemia-ha-cambiato-la-nostra-percezione-dei-sacramenti-e-le-modalita-con-cui-celebrarli\/#primaryimage\"},\"thumbnailUrl\":\"https:\/\/blog.holyart.it\/it\/wp-content\/uploads\/sites\/17\/2021\/02\/Prima-Comunione-e-Matrimoni-al-tempo-del-Covid-riflettiamo-di-pi\u00f9-sui-loro-significati.jpg\",\"datePublished\":\"2021-02-23T14:27:50+00:00\",\"dateModified\":\"2022-10-20T08:14:56+00:00\",\"description\":\"Comunioni, cresime e matrimoni al tempo del Covid-19: come la pandemia ha cambiato la nostra percezione dei sacramenti e le modalit\u00e0 con cui celebrarli.\",\"breadcrumb\":{\"@id\":\"https:\/\/blog.holyart.it\/it\/articoli-religiosi\/comunioni-cresime-e-matrimoni-al-tempo-del-covid-19-come-la-pandemia-ha-cambiato-la-nostra-percezione-dei-sacramenti-e-le-modalita-con-cui-celebrarli\/#breadcrumb\"},\"inLanguage\":\"it-IT\",\"potentialAction\":[{\"@type\":\"ReadAction\",\"target\":[\"https:\/\/blog.holyart.it\/it\/articoli-religiosi\/comunioni-cresime-e-matrimoni-al-tempo-del-covid-19-come-la-pandemia-ha-cambiato-la-nostra-percezione-dei-sacramenti-e-le-modalita-con-cui-celebrarli\/\"]}]},{\"@type\":\"ImageObject\",\"inLanguage\":\"it-IT\",\"@id\":\"https:\/\/blog.holyart.it\/it\/articoli-religiosi\/comunioni-cresime-e-matrimoni-al-tempo-del-covid-19-come-la-pandemia-ha-cambiato-la-nostra-percezione-dei-sacramenti-e-le-modalita-con-cui-celebrarli\/#primaryimage\",\"url\":\"https:\/\/blog.holyart.it\/it\/wp-content\/uploads\/sites\/17\/2021\/02\/Prima-Comunione-e-Matrimoni-al-tempo-del-Covid-riflettiamo-di-pi\u00f9-sui-loro-significati.jpg\",\"contentUrl\":\"https:\/\/blog.holyart.it\/it\/wp-content\/uploads\/sites\/17\/2021\/02\/Prima-Comunione-e-Matrimoni-al-tempo-del-Covid-riflettiamo-di-pi\u00f9-sui-loro-significati.jpg\",\"width\":1000,\"height\":666,\"caption\":\"Prima Comunione e Matrimoni al tempo del Covid riflettiamo di pi\u00f9 sui loro significati\"},{\"@type\":\"BreadcrumbList\",\"@id\":\"https:\/\/blog.holyart.it\/it\/articoli-religiosi\/comunioni-cresime-e-matrimoni-al-tempo-del-covid-19-come-la-pandemia-ha-cambiato-la-nostra-percezione-dei-sacramenti-e-le-modalita-con-cui-celebrarli\/#breadcrumb\",\"itemListElement\":[{\"@type\":\"ListItem\",\"position\":1,\"name\":\"Homepage\",\"item\":\"https:\/\/blog.holyart.it\/it\/\"},{\"@type\":\"ListItem\",\"position\":2,\"name\":\"Religione\",\"item\":\"https:\/\/blog.holyart.it\/it\/articoli-religiosi\/\"},{\"@type\":\"ListItem\",\"position\":3,\"name\":\"Prima Comunione e Matrimoni al tempo del Covid: riflettiamo di pi\u00f9 sui loro significati\"}]},{\"@type\":\"WebSite\",\"@id\":\"https:\/\/blog.holyart.it\/it\/#website\",\"url\":\"https:\/\/blog.holyart.it\/it\/\",\"name\":\"Holyblog\",\"description\":\"Il Blog di Holyart.it\",\"publisher\":{\"@id\":\"https:\/\/blog.holyart.it\/it\/#organization\"},\"potentialAction\":[{\"@type\":\"SearchAction\",\"target\":{\"@type\":\"EntryPoint\",\"urlTemplate\":\"https:\/\/blog.holyart.it\/it\/?s={search_term_string}\"},\"query-input\":{\"@type\":\"PropertyValueSpecification\",\"valueRequired\":true,\"valueName\":\"search_term_string\"}}],\"inLanguage\":\"it-IT\"},{\"@type\":\"Organization\",\"@id\":\"https:\/\/blog.holyart.it\/it\/#organization\",\"name\":\"Holyblog\",\"url\":\"https:\/\/blog.holyart.it\/it\/\",\"logo\":{\"@type\":\"ImageObject\",\"inLanguage\":\"it-IT\",\"@id\":\"https:\/\/blog.holyart.it\/it\/#\/schema\/logo\/image\/\",\"url\":\"https:\/\/blog.holyart.it\/it\/wp-content\/uploads\/sites\/17\/2022\/12\/Holyart_Blog_Logo.jpg\",\"contentUrl\":\"https:\/\/blog.holyart.it\/it\/wp-content\/uploads\/sites\/17\/2022\/12\/Holyart_Blog_Logo.jpg\",\"width\":300,\"height\":50,\"caption\":\"Holyblog\"},\"image\":{\"@id\":\"https:\/\/blog.holyart.it\/it\/#\/schema\/logo\/image\/\"}},{\"@type\":\"Person\",\"@id\":\"https:\/\/blog.holyart.it\/it\/#\/schema\/person\/0a7b686e5af0f856ec1e390dd0baecda\",\"name\":\"Redazione\"}]}<\/script>\n<!-- \/ Yoast SEO plugin. -->","yoast_head_json":{"title":"Prima Comunione e Matrimoni al tempo del Covid - Holyblog","description":"Comunioni, cresime e matrimoni al tempo del Covid-19: come la pandemia ha cambiato la nostra percezione dei sacramenti e le modalit\u00e0 con cui celebrarli.","robots":{"index":"index","follow":"follow","max-snippet":"max-snippet:-1","max-image-preview":"max-image-preview:large","max-video-preview":"max-video-preview:-1"},"canonical":"https:\/\/blog.holyart.it\/it\/articoli-religiosi\/comunioni-cresime-e-matrimoni-al-tempo-del-covid-19-come-la-pandemia-ha-cambiato-la-nostra-percezione-dei-sacramenti-e-le-modalita-con-cui-celebrarli\/","og_locale":"it_IT","og_type":"article","og_title":"Prima Comunione e Matrimoni al tempo del Covid - Holyblog","og_description":"Comunioni, cresime e matrimoni al tempo del Covid-19: come la pandemia ha cambiato la nostra percezione dei sacramenti e le modalit\u00e0 con cui celebrarli.","og_url":"https:\/\/blog.holyart.it\/it\/articoli-religiosi\/comunioni-cresime-e-matrimoni-al-tempo-del-covid-19-come-la-pandemia-ha-cambiato-la-nostra-percezione-dei-sacramenti-e-le-modalita-con-cui-celebrarli\/","og_site_name":"Holyblog","article_published_time":"2021-02-23T14:27:50+00:00","article_modified_time":"2022-10-20T08:14:56+00:00","og_image":[{"width":1000,"height":666,"url":"https:\/\/blog.holyart.it\/it\/wp-content\/uploads\/sites\/17\/2021\/02\/Prima-Comunione-e-Matrimoni-al-tempo-del-Covid-riflettiamo-di-pi\u00f9-sui-loro-significati.jpg","type":"image\/jpeg"}],"author":"Redazione","twitter_card":"summary_large_image","twitter_misc":{"Scritto da":"Redazione","Tempo di lettura stimato":"8 minuti"},"schema":{"@context":"https:\/\/schema.org","@graph":[{"@type":"Article","@id":"https:\/\/blog.holyart.it\/it\/articoli-religiosi\/comunioni-cresime-e-matrimoni-al-tempo-del-covid-19-come-la-pandemia-ha-cambiato-la-nostra-percezione-dei-sacramenti-e-le-modalita-con-cui-celebrarli\/#article","isPartOf":{"@id":"https:\/\/blog.holyart.it\/it\/articoli-religiosi\/comunioni-cresime-e-matrimoni-al-tempo-del-covid-19-come-la-pandemia-ha-cambiato-la-nostra-percezione-dei-sacramenti-e-le-modalita-con-cui-celebrarli\/"},"author":{"name":"Redazione","@id":"https:\/\/blog.holyart.it\/it\/#\/schema\/person\/0a7b686e5af0f856ec1e390dd0baecda"},"headline":"Prima Comunione e Matrimoni al tempo del Covid: riflettiamo di pi\u00f9 sui loro significati","datePublished":"2021-02-23T14:27:50+00:00","dateModified":"2022-10-20T08:14:56+00:00","mainEntityOfPage":{"@id":"https:\/\/blog.holyart.it\/it\/articoli-religiosi\/comunioni-cresime-e-matrimoni-al-tempo-del-covid-19-come-la-pandemia-ha-cambiato-la-nostra-percezione-dei-sacramenti-e-le-modalita-con-cui-celebrarli\/"},"wordCount":1657,"publisher":{"@id":"https:\/\/blog.holyart.it\/it\/#organization"},"image":{"@id":"https:\/\/blog.holyart.it\/it\/articoli-religiosi\/comunioni-cresime-e-matrimoni-al-tempo-del-covid-19-come-la-pandemia-ha-cambiato-la-nostra-percezione-dei-sacramenti-e-le-modalita-con-cui-celebrarli\/#primaryimage"},"thumbnailUrl":"https:\/\/blog.holyart.it\/it\/wp-content\/uploads\/sites\/17\/2021\/02\/Prima-Comunione-e-Matrimoni-al-tempo-del-Covid-riflettiamo-di-pi\u00f9-sui-loro-significati.jpg","articleSection":["Occasioni speciali","Religione"],"inLanguage":"it-IT"},{"@type":"WebPage","@id":"https:\/\/blog.holyart.it\/it\/articoli-religiosi\/comunioni-cresime-e-matrimoni-al-tempo-del-covid-19-come-la-pandemia-ha-cambiato-la-nostra-percezione-dei-sacramenti-e-le-modalita-con-cui-celebrarli\/","url":"https:\/\/blog.holyart.it\/it\/articoli-religiosi\/comunioni-cresime-e-matrimoni-al-tempo-del-covid-19-come-la-pandemia-ha-cambiato-la-nostra-percezione-dei-sacramenti-e-le-modalita-con-cui-celebrarli\/","name":"Prima Comunione e Matrimoni al tempo del Covid - Holyblog","isPartOf":{"@id":"https:\/\/blog.holyart.it\/it\/#website"},"primaryImageOfPage":{"@id":"https:\/\/blog.holyart.it\/it\/articoli-religiosi\/comunioni-cresime-e-matrimoni-al-tempo-del-covid-19-come-la-pandemia-ha-cambiato-la-nostra-percezione-dei-sacramenti-e-le-modalita-con-cui-celebrarli\/#primaryimage"},"image":{"@id":"https:\/\/blog.holyart.it\/it\/articoli-religiosi\/comunioni-cresime-e-matrimoni-al-tempo-del-covid-19-come-la-pandemia-ha-cambiato-la-nostra-percezione-dei-sacramenti-e-le-modalita-con-cui-celebrarli\/#primaryimage"},"thumbnailUrl":"https:\/\/blog.holyart.it\/it\/wp-content\/uploads\/sites\/17\/2021\/02\/Prima-Comunione-e-Matrimoni-al-tempo-del-Covid-riflettiamo-di-pi\u00f9-sui-loro-significati.jpg","datePublished":"2021-02-23T14:27:50+00:00","dateModified":"2022-10-20T08:14:56+00:00","description":"Comunioni, cresime e matrimoni al tempo del Covid-19: come la pandemia ha cambiato la nostra percezione dei sacramenti e le modalit\u00e0 con cui celebrarli.","breadcrumb":{"@id":"https:\/\/blog.holyart.it\/it\/articoli-religiosi\/comunioni-cresime-e-matrimoni-al-tempo-del-covid-19-come-la-pandemia-ha-cambiato-la-nostra-percezione-dei-sacramenti-e-le-modalita-con-cui-celebrarli\/#breadcrumb"},"inLanguage":"it-IT","potentialAction":[{"@type":"ReadAction","target":["https:\/\/blog.holyart.it\/it\/articoli-religiosi\/comunioni-cresime-e-matrimoni-al-tempo-del-covid-19-come-la-pandemia-ha-cambiato-la-nostra-percezione-dei-sacramenti-e-le-modalita-con-cui-celebrarli\/"]}]},{"@type":"ImageObject","inLanguage":"it-IT","@id":"https:\/\/blog.holyart.it\/it\/articoli-religiosi\/comunioni-cresime-e-matrimoni-al-tempo-del-covid-19-come-la-pandemia-ha-cambiato-la-nostra-percezione-dei-sacramenti-e-le-modalita-con-cui-celebrarli\/#primaryimage","url":"https:\/\/blog.holyart.it\/it\/wp-content\/uploads\/sites\/17\/2021\/02\/Prima-Comunione-e-Matrimoni-al-tempo-del-Covid-riflettiamo-di-pi\u00f9-sui-loro-significati.jpg","contentUrl":"https:\/\/blog.holyart.it\/it\/wp-content\/uploads\/sites\/17\/2021\/02\/Prima-Comunione-e-Matrimoni-al-tempo-del-Covid-riflettiamo-di-pi\u00f9-sui-loro-significati.jpg","width":1000,"height":666,"caption":"Prima Comunione e Matrimoni al tempo del Covid riflettiamo di pi\u00f9 sui loro significati"},{"@type":"BreadcrumbList","@id":"https:\/\/blog.holyart.it\/it\/articoli-religiosi\/comunioni-cresime-e-matrimoni-al-tempo-del-covid-19-come-la-pandemia-ha-cambiato-la-nostra-percezione-dei-sacramenti-e-le-modalita-con-cui-celebrarli\/#breadcrumb","itemListElement":[{"@type":"ListItem","position":1,"name":"Homepage","item":"https:\/\/blog.holyart.it\/it\/"},{"@type":"ListItem","position":2,"name":"Religione","item":"https:\/\/blog.holyart.it\/it\/articoli-religiosi\/"},{"@type":"ListItem","position":3,"name":"Prima Comunione e Matrimoni al tempo del Covid: riflettiamo di pi\u00f9 sui loro significati"}]},{"@type":"WebSite","@id":"https:\/\/blog.holyart.it\/it\/#website","url":"https:\/\/blog.holyart.it\/it\/","name":"Holyblog","description":"Il Blog di Holyart.it","publisher":{"@id":"https:\/\/blog.holyart.it\/it\/#organization"},"potentialAction":[{"@type":"SearchAction","target":{"@type":"EntryPoint","urlTemplate":"https:\/\/blog.holyart.it\/it\/?s={search_term_string}"},"query-input":{"@type":"PropertyValueSpecification","valueRequired":true,"valueName":"search_term_string"}}],"inLanguage":"it-IT"},{"@type":"Organization","@id":"https:\/\/blog.holyart.it\/it\/#organization","name":"Holyblog","url":"https:\/\/blog.holyart.it\/it\/","logo":{"@type":"ImageObject","inLanguage":"it-IT","@id":"https:\/\/blog.holyart.it\/it\/#\/schema\/logo\/image\/","url":"https:\/\/blog.holyart.it\/it\/wp-content\/uploads\/sites\/17\/2022\/12\/Holyart_Blog_Logo.jpg","contentUrl":"https:\/\/blog.holyart.it\/it\/wp-content\/uploads\/sites\/17\/2022\/12\/Holyart_Blog_Logo.jpg","width":300,"height":50,"caption":"Holyblog"},"image":{"@id":"https:\/\/blog.holyart.it\/it\/#\/schema\/logo\/image\/"}},{"@type":"Person","@id":"https:\/\/blog.holyart.it\/it\/#\/schema\/person\/0a7b686e5af0f856ec1e390dd0baecda","name":"Redazione"}]}},"_links":{"self":[{"href":"https:\/\/blog.holyart.it\/it\/wp-json\/wp\/v2\/posts\/12061","targetHints":{"allow":["GET"]}}],"collection":[{"href":"https:\/\/blog.holyart.it\/it\/wp-json\/wp\/v2\/posts"}],"about":[{"href":"https:\/\/blog.holyart.it\/it\/wp-json\/wp\/v2\/types\/post"}],"author":[{"embeddable":true,"href":"https:\/\/blog.holyart.it\/it\/wp-json\/wp\/v2\/users\/1"}],"replies":[{"embeddable":true,"href":"https:\/\/blog.holyart.it\/it\/wp-json\/wp\/v2\/comments?post=12061"}],"version-history":[{"count":0,"href":"https:\/\/blog.holyart.it\/it\/wp-json\/wp\/v2\/posts\/12061\/revisions"}],"wp:featuredmedia":[{"embeddable":true,"href":"https:\/\/blog.holyart.it\/it\/wp-json\/wp\/v2\/media\/12105"}],"wp:attachment":[{"href":"https:\/\/blog.holyart.it\/it\/wp-json\/wp\/v2\/media?parent=12061"}],"wp:term":[{"taxonomy":"category","embeddable":true,"href":"https:\/\/blog.holyart.it\/it\/wp-json\/wp\/v2\/categories?post=12061"},{"taxonomy":"post_tag","embeddable":true,"href":"https:\/\/blog.holyart.it\/it\/wp-json\/wp\/v2\/tags?post=12061"}],"curies":[{"name":"wp","href":"https:\/\/api.w.org\/{rel}","templated":true}]}}