{"id":11698,"date":"2021-02-02T16:18:27","date_gmt":"2021-02-02T15:18:27","guid":{"rendered":"https:\/\/blog.holyart.it\/it\/?p=11698"},"modified":"2023-02-07T12:08:59","modified_gmt":"2023-02-07T11:08:59","slug":"presentazione-di-gesu-al-tempio-fino-alla-festa-della-candelora","status":"publish","type":"post","link":"https:\/\/blog.holyart.it\/it\/articoli-religiosi\/presentazione-di-gesu-al-tempio-fino-alla-festa-della-candelora\/","title":{"rendered":"Presentazione di Ges\u00f9 al tempio fino alla festa della Candelora"},"content":{"rendered":"<h4>Il 2 febbraio si festeggia la presentazione di Ges\u00f9 al tempio. Conosciuta anche come festa della purificazione di Maria, o Candelora, \u00e8 una festa che ha assunto nel corso dei secoli molti significati diversi e importanti. Scopriamo quali.<\/h4>\n\n<p><strong><a href=\"https:\/\/www.holyart.it\/it\/articoli-religiosi\/bassorilievi\/bassorilievi-pietra\/bassorilievo-presentazione-di-gesu\">La festa della presentazione di Ges\u00f9 al Tempio<\/a><\/strong> \u00e8 stata importante fin dalla sua istituzione nel IV secolo d.C. Infatti rappresenta un <strong>punto di congiunzione <\/strong>molto significativo tra la storia di Ges\u00f9 e del Cristianesimo e la cultura ebraica. L&#8217;Antico Testamento imponeva regole molto rigide e stabiliva cerimonie precise che seguivano la nascita di un bambino in una famiglia, soprattutto se si trattava di un figlio maschio. La donna che aveva partorito era considerata <strong>impura<\/strong> (Lv 12) e doveva sottoporsi a una serie di riti di purificazione prima di poter toccare nuovamente le cose sacre ed entrare nel santuario. Inoltre ogni figlio primogenito maschio <strong>doveva essere consacrato al Signore<\/strong> e riscattato tramite un&#8217;offerta simbolica, come segno di gratitudine per la liberazione del popolo ebraico dalla schiavit\u00f9 in Egitto (Esodo 13,2 e Esodo 13,11-16).<\/p>\n<div class=\"link-product\">\n<div class=\"blocco-immagine\"><img loading=\"lazy\" decoding=\"async\" class=\"alignnone size-full wp-image-11719\" src=\"https:\/\/blog.holyart.it\/it\/wp-content\/uploads\/sites\/17\/2021\/02\/presentazione-di-ges\u00f9-1.jpg\" alt=\"presentazione di ges\u00f9\" width=\"100\" height=\"100\" data-kale-share-title=\"Presentazione di Ges\u00f9 al tempio fino alla festa della Candelora\" data-kale-share-url=\"https:\/\/blog.holyart.it\/it\/?p=11698\" \/><\/div>\n<div class=\"blocco-contenuto\">\n<div class=\"blocco-acquista\">Acquista su Holyart:<\/div>\n<div class=\"blocco-titolo\"><a href=\"https:\/\/www.holyart.it\/it\/articoli-religiosi\/bassorilievi\/bassorilievi-pietra\/bassorilievo-presentazione-di-gesu\">Bassorilievo Presentazione di Ges\u00f9<\/a><\/div>\n<div class=\"blocco-descrizione\">Bassorilievo in pietra, presentazione di Ges\u00f9 al tempio<\/div>\n<\/div>\n<\/div>\n<p>Nel <strong>Vangelo di Luca<\/strong> (Luca 2:22-40) leggiamo dunque l&#8217;episodio della presentazione di Ges\u00f9 al Tempio, avvenuto quaranta giorni dopo la Sua nascita. Giuseppe e Maria conducono <strong><a href=\"https:\/\/www.holyart.it\/it\/articoli-religiosi\/statue\/statue-bambinello?sorter_id=4&amp;sort=20a\">Ges\u00f9 bambino<\/a><\/strong> al Tempio di Gerusalemme. Qui si imbattono nel <strong>vecchio Simeone<\/strong>, a cui era stato predetto che non sarebbe morto prima di vedere il Messia, e che prendendo in braccio Ges\u00f9 lo benedice con queste parole: <em>&#8220;Ora lascia, o Signore, che il tuo servo vada in pace secondo la tua parola; perch\u00e9 i miei occhi han visto la tua salvezza, preparata da te davanti a tutti i popoli, luce per illuminare le genti e gloria del tuo popolo Israele.&#8221;<\/em><br \/>\nSuccessivamente <strong><a href=\"https:\/\/www.holyart.it\/blog\/articoli-religiosi\/quadretto-sacra-famiglia-un-simbolo-tenere-casa\/\">la Sacra Famiglia<\/a><\/strong> incontra la <strong>profetessa Anna<\/strong>, e anch&#8217;ella riconosce in Ges\u00f9 il Messia.<\/p>\n<div class=\"link-article\">\n<p><img loading=\"lazy\" decoding=\"async\" class=\"alignleft size-full wp-image-11709\" src=\"https:\/\/blog.holyart.it\/it\/wp-content\/uploads\/sites\/17\/2021\/02\/quadretto-sacra-famiglia.jpg\" alt=\"quadretto sacra famiglia\" width=\"150\" height=\"100\" data-kale-share-title=\"Presentazione di Ges\u00f9 al tempio fino alla festa della Candelora\" data-kale-share-url=\"https:\/\/blog.holyart.it\/it\/?p=11698\" \/><\/p>\n<div class=\"leggi-anche\">Leggi anche:<\/div>\n<p><strong><a href=\"https:\/\/www.holyart.it\/blog\/articoli-religiosi\/quadretto-sacra-famiglia-un-simbolo-tenere-casa\/\">Quadretto Sacra Famiglia: un simbolo da tenere in casa<\/a><\/strong><br \/>\nLa Sacra Famiglia, modello ideale di ogni nucleo famigliare, incarnazione di amore, misericordia, umilt\u00e0. Tenere un quadretto della Sacra&#8230;<\/p>\n<\/div>\n<p>Questo episodio serve a confermare quanto profetizzato da <strong>Malachia<\/strong>, l&#8217;ultimo profeta dell&#8217;Antico Testamento, secondo il quale il riconoscimento del Messia sarebbe avvenuto nel Tempio: <em>&#8220;Ecco, io mander\u00f2 un mio messaggero a preparare la via davanti a me e subito entrer\u00e0 nel suo tempio il Signore, che voi cercate; l&#8217;angelo dell&#8217;alleanza, che voi sospirate, ecco viene, dice il Signore degli eserciti.&#8221; <\/em>(Malachia 3,1)<\/p>\n<h2>Festa della Candelora<\/h2>\n<p>Avevamo gi\u00e0 dedicato un articolo alla <a href=\"https:\/\/www.holyart.it\/blog\/articoli-religiosi\/la-candelora-storia-e-curiosita\/\"><strong>Candelora<\/strong><\/a>, che coincide con la festa della presentazione di Ges\u00f9 al Tempio. Si tratta di una festa che celebra il<strong> trionfo della luce sulle tenebre<\/strong>, ma anche la fine simbolica delle festivit\u00e0 natalizie e l\u2019inizio del cammino pasquale.<\/p>\n<div class=\"link-article\">\n<p><img loading=\"lazy\" decoding=\"async\" class=\"alignleft size-full wp-image-11670\" src=\"https:\/\/blog.holyart.it\/it\/wp-content\/uploads\/sites\/17\/2021\/01\/candelora.jpg\" alt=\"candelora\" width=\"150\" height=\"99\" data-kale-share-title=\"Festa di Sant\u2019Agata a Catania tra fede, tradizione e folklore\" data-kale-share-url=\"https:\/\/blog.holyart.it\/it\/articoli-religiosi\/festa-di-santagata-a-catania-tra-fede-tradizione-e-folklore\/\" \/><\/p>\n<div class=\"leggi-anche\">Leggi anche:<\/div>\n<p><strong><a href=\"https:\/\/www.holyart.it\/blog\/articoli-religiosi\/la-candelora-storia-e-curiosita\/\">La Candelora: storia e curiosit\u00e0<\/a><\/strong><br \/>\nLa Candelora, storia di una festa dalle grandi suggestioni che affonda le sue radici in riti precristiani legati al trionfo della luce.<\/p>\n<\/div>\n<p>In questo giorno vengono benedette <a href=\"https:\/\/www.holyart.it\/it\/prodotti-consumabili\/candele-ceri-ceretti\"><strong>le candele e i ceri<\/strong><\/a>, simbolo di Ges\u00f9 come luce del mondo, <em>luce per illuminare le genti<\/em>. Candele e ceri benedetti vengono poi distribuiti ai fedeli, come protezione dal male e dalle calamit\u00e0.<\/p>\n<div class=\"link-product\">\n<div class=\"blocco-immagine\"><img loading=\"lazy\" decoding=\"async\" class=\"size-full wp-image-11663 alignnone\" src=\"https:\/\/blog.holyart.it\/it\/wp-content\/uploads\/sites\/17\/2021\/01\/cero-per-altare-confezione.jpg\" alt=\"cero-per-altare-confezione\" width=\"100\" height=\"100\" data-kale-share-title=\"Festa di Sant\u2019Agata a Catania tra fede, tradizione e folklore\" data-kale-share-url=\"https:\/\/blog.holyart.it\/it\/?p=11661\" \/><\/div>\n<div class=\"blocco-contenuto\">\n<div class=\"blocco-acquista\">Acquista su Holyart:<\/div>\n<div class=\"blocco-titolo\"><a href=\"https:\/\/www.holyart.it\/it\/prodotti-consumabili\/candele-ceri-ceretti\">Candele, ceri e ceretti<\/a><\/div>\n<div class=\"blocco-descrizione\">400 tipi diversi di candele e ceri<\/div>\n<\/div>\n<\/div>\n<p>Come molte feste cristiane \u00e8 probabile che la Candelora tragga le sue origini dal <strong>paganesimo<\/strong>. Sono molte infatti le feste celebrate dalle antiche civilt\u00e0 per festeggiare il passaggio dalle tenebre alla luce, simboleggiato dalla fine dell&#8217;inverno e l&#8217;inizio della primavera. A met\u00e0 febbraio i <strong>Romani <\/strong>celebravano i Lupercali, caratterizzati dall&#8217;<strong><a href=\"https:\/\/www.holyart.it\/it\/accessori-per-la-liturgia\/lampade-e-lanterne\">accensione di molte lampade e ceri<\/a><\/strong>, ma anche da riti di purificazione. I <strong>Celti <\/strong>da parte loro facevano cadere il 1\u00b0 febbraio la festa di <em>Imbolc<\/em>, il &#8220;Giorno di Santa Brigida&#8221;, che celebrava il culmine dell&#8217;inverno e in certe zone l&#8217;inizio della primavera.<\/p>\n<h2>Purificazione di Maria<\/h2>\n<p>La festa della Candelora \u00e8 stata per molto tempo una <a href=\"https:\/\/www.holyart.it\/articoli\/statue-madonna.php\"><strong>festa Mariana<\/strong><\/a>. Anticamente veniva festeggiata il <strong>14 febbraio<\/strong> e ricordava la purificazione di Maria dopo il parto, compiuta secondo i tempi e le usanze cari alla cultura e alla religione ebraica.<\/p>\n<p><img loading=\"lazy\" decoding=\"async\" class=\"size-full wp-image-11727 aligncenter\" src=\"https:\/\/blog.holyart.it\/it\/wp-content\/uploads\/sites\/17\/2021\/02\/purificazione-di-Maria.jpeg\" alt=\"purificazione di Maria\" width=\"1000\" height=\"867\" data-kale-share-title=\"Presentazione di Ges\u00f9 al tempio fino alla festa della Candelora\" data-kale-share-url=\"https:\/\/blog.holyart.it\/it\/?p=11698\" \/><br \/>\nOggi l&#8217;attenzione si \u00e8 spostata dalla Madre al Figlio, e il 2 febbraio \u00e8 diventata l&#8217;occasione per celebrare la Presentazione di Ges\u00f9 al tempio. Questo \u00e8 accaduto in seguito alla riforma liturgica decretata dal <strong>Concilio Vaticano II.<\/strong> Resta tuttavia viva in molti paesi, soprattutto in zone rurali, la tradizione della <strong>purificazione delle donne<\/strong> in questa occasione. Fino a poco tempo fa in Valnerina, nelle Marche, ogni donna che partoriva doveva recarsi in chiesa 40 giorni dopo il parto per essere purificata dal sacerdote. La donna doveva inginocchiarsi sulla soglia con una candela accesa, il sacerdote la benediceva l\u00ec, e poi entravano insieme, camminando verso l&#8217;altare, mentre lei si teneva aggrappata alla stola bianca da lui indossata.<\/p>\n<div class=\"link-product\">\n<div class=\"blocco-immagine\"><img loading=\"lazy\" decoding=\"async\" class=\"alignnone size-full wp-image-11731\" src=\"https:\/\/blog.holyart.it\/it\/wp-content\/uploads\/sites\/17\/2021\/02\/icona-presentazione-al-tempio.jpg\" alt=\"presentazione al tempio\" width=\"100\" height=\"100\" data-kale-share-title=\"Presentazione di Ges\u00f9 al tempio fino alla festa della Candelora\" data-kale-share-url=\"https:\/\/blog.holyart.it\/it\/articoli-religiosi\/presentazione-di-gesu-al-tempio-fino-alla-festa-della-candelora\/\" \/><\/div>\n<div class=\"blocco-contenuto\">\n<div class=\"blocco-acquista\">Acquista su Holyart:<\/div>\n<div class=\"blocco-titolo\"><a href=\"https:\/\/www.holyart.it\/it\/articoli-religiosi\/icone-sacre\/icone-romania-dipinte\/icona-dipinta-a-mano-tecnica-bizantina-su-legno-presentazione-al-tempio-19x26-cm\">Icona dipinta a mano &#8211; Presentazione al Tempio<\/a><\/div>\n<div class=\"blocco-descrizione\">Dipinta a mano secondo una tecnica bizantina del XII sec<\/div>\n<\/div>\n<\/div>\n<h2>Proverbi sulla Candelora<\/h2>\n<p>Sempre in ambito rurale e popolare si situano i tanti proverbi e detti legati alla festa della Candelora. In passato era il giorno in cui i vecchi nei villaggi cercavano di indovinare come sarebbe stato il tempo da l\u00ec all&#8217;arrivo della primavera. Molti proverbi si legano proprio a questa dimensione &#8216;metereologica&#8217;, come il famoso detto veneto: &#8220;S<em>e ce sole a candelora del inverno semo f\u00f2ra, se piove e tira vento del inverno semo dentro<\/em>&#8220;, di cui esistono versioni analoghe anche in Lombardia e a Trieste. In pratica in queste zone si crede che se il giorno di Candelora c&#8217;\u00e8 il sole l&#8217;inverno sia quasi finito, mentre se piove o tira il vento durer\u00e0 ancora per un po&#8217;.<\/p>\n<p>Invece in Toscana e in Emilia si crede sia esattamente il contrario: se nevica o grandina per la Candelora l&#8217;inverno non potr\u00e0 durare ancora a lungo. &#8220;<em>Se piove o se gragnola dell\u2019inverno semo fora&#8221; <\/em>si dice in Toscana, mentre a Bologna: &#8220;<em>Al d\u00e9 dl\u2019Inzari\u00f4la, o ch\u2019al naiva o ch\u2019al pi\u00f4va dal inv\u00earen a s\u00e4n f\u00f2ra, mo s\u2019ai \u00e9 al sulad\u00e8l a in ar\u00e4n anc pr un msar\u00e8l<\/em> (Il giorno della Candelora, che nevichi o piova, dall\u2019inverno siamo fuori, ma se c\u2019\u00e8 il sole ne avremo ancora per un mesetto).<\/p>\n","protected":false},"excerpt":{"rendered":"<p>Il 2 febbraio si festeggia la presentazione di Ges\u00f9 al tempio. Conosciuta anche come festa della purificazione di Maria, o Candelora, \u00e8 una festa che ha assunto nel corso dei secoli molti significati diversi e importanti. Scopriamo quali. La festa della presentazione di Ges\u00f9 al&hellip;<\/p>\n","protected":false},"author":1,"featured_media":11726,"comment_status":"closed","ping_status":"open","sticky":false,"template":"","format":"standard","meta":{"_acf_changed":false,"footnotes":""},"categories":[16],"tags":[],"class_list":["post-11698","post","type-post","status-publish","format-standard","has-post-thumbnail","hentry","category-articoli-religiosi"],"acf":[],"yoast_head":"<!-- This site is optimized with the Yoast SEO plugin v26.6 - https:\/\/yoast.com\/wordpress\/plugins\/seo\/ -->\n<title>Presentazione di Ges\u00f9 al tempio fino alla festa della Candelora - Holyblog<\/title>\n<meta name=\"description\" content=\"Il 2 febbraio si festeggia la presentazione di Ges\u00f9 al tempio. Conosciuta anche come festa della purificazione di Maria, o Candelora, \u00e8 una festa che ha\" \/>\n<meta name=\"robots\" content=\"index, follow, max-snippet:-1, max-image-preview:large, max-video-preview:-1\" \/>\n<link rel=\"canonical\" href=\"https:\/\/blog.holyart.it\/it\/articoli-religiosi\/presentazione-di-gesu-al-tempio-fino-alla-festa-della-candelora\/\" \/>\n<meta property=\"og:locale\" content=\"it_IT\" \/>\n<meta property=\"og:type\" content=\"article\" \/>\n<meta property=\"og:title\" content=\"Presentazione di Ges\u00f9 al tempio fino alla festa della Candelora - Holyblog\" \/>\n<meta property=\"og:description\" content=\"Il 2 febbraio si festeggia la presentazione di Ges\u00f9 al tempio. Conosciuta anche come festa della purificazione di Maria, o Candelora, \u00e8 una festa che ha\" \/>\n<meta property=\"og:url\" content=\"https:\/\/blog.holyart.it\/it\/articoli-religiosi\/presentazione-di-gesu-al-tempio-fino-alla-festa-della-candelora\/\" \/>\n<meta property=\"og:site_name\" content=\"Holyblog\" \/>\n<meta property=\"article:published_time\" content=\"2021-02-02T15:18:27+00:00\" \/>\n<meta property=\"article:modified_time\" content=\"2023-02-07T11:08:59+00:00\" \/>\n<meta property=\"og:image\" content=\"https:\/\/blog.holyart.it\/it\/wp-content\/uploads\/sites\/17\/2021\/02\/presentazione-di-Ges\u00f9-al-tempio.jpg\" \/>\n\t<meta property=\"og:image:width\" content=\"1000\" \/>\n\t<meta property=\"og:image:height\" content=\"666\" \/>\n\t<meta property=\"og:image:type\" content=\"image\/jpeg\" \/>\n<meta name=\"author\" content=\"Redazione\" \/>\n<meta name=\"twitter:card\" content=\"summary_large_image\" \/>\n<meta name=\"twitter:label1\" content=\"Scritto da\" \/>\n\t<meta name=\"twitter:data1\" content=\"Redazione\" \/>\n\t<meta name=\"twitter:label2\" content=\"Tempo di lettura stimato\" \/>\n\t<meta name=\"twitter:data2\" content=\"7 minuti\" \/>\n<script type=\"application\/ld+json\" class=\"yoast-schema-graph\">{\"@context\":\"https:\/\/schema.org\",\"@graph\":[{\"@type\":\"Article\",\"@id\":\"https:\/\/blog.holyart.it\/it\/articoli-religiosi\/presentazione-di-gesu-al-tempio-fino-alla-festa-della-candelora\/#article\",\"isPartOf\":{\"@id\":\"https:\/\/blog.holyart.it\/it\/articoli-religiosi\/presentazione-di-gesu-al-tempio-fino-alla-festa-della-candelora\/\"},\"author\":{\"name\":\"Redazione\",\"@id\":\"https:\/\/blog.holyart.it\/it\/#\/schema\/person\/0a7b686e5af0f856ec1e390dd0baecda\"},\"headline\":\"Presentazione di Ges\u00f9 al tempio fino alla festa della Candelora\",\"datePublished\":\"2021-02-02T15:18:27+00:00\",\"dateModified\":\"2023-02-07T11:08:59+00:00\",\"mainEntityOfPage\":{\"@id\":\"https:\/\/blog.holyart.it\/it\/articoli-religiosi\/presentazione-di-gesu-al-tempio-fino-alla-festa-della-candelora\/\"},\"wordCount\":1021,\"publisher\":{\"@id\":\"https:\/\/blog.holyart.it\/it\/#organization\"},\"image\":{\"@id\":\"https:\/\/blog.holyart.it\/it\/articoli-religiosi\/presentazione-di-gesu-al-tempio-fino-alla-festa-della-candelora\/#primaryimage\"},\"thumbnailUrl\":\"https:\/\/blog.holyart.it\/it\/wp-content\/uploads\/sites\/17\/2021\/02\/presentazione-di-Ges\u00f9-al-tempio.jpg\",\"articleSection\":[\"Religione\"],\"inLanguage\":\"it-IT\"},{\"@type\":\"WebPage\",\"@id\":\"https:\/\/blog.holyart.it\/it\/articoli-religiosi\/presentazione-di-gesu-al-tempio-fino-alla-festa-della-candelora\/\",\"url\":\"https:\/\/blog.holyart.it\/it\/articoli-religiosi\/presentazione-di-gesu-al-tempio-fino-alla-festa-della-candelora\/\",\"name\":\"Presentazione di Ges\u00f9 al tempio fino alla festa della Candelora - Holyblog\",\"isPartOf\":{\"@id\":\"https:\/\/blog.holyart.it\/it\/#website\"},\"primaryImageOfPage\":{\"@id\":\"https:\/\/blog.holyart.it\/it\/articoli-religiosi\/presentazione-di-gesu-al-tempio-fino-alla-festa-della-candelora\/#primaryimage\"},\"image\":{\"@id\":\"https:\/\/blog.holyart.it\/it\/articoli-religiosi\/presentazione-di-gesu-al-tempio-fino-alla-festa-della-candelora\/#primaryimage\"},\"thumbnailUrl\":\"https:\/\/blog.holyart.it\/it\/wp-content\/uploads\/sites\/17\/2021\/02\/presentazione-di-Ges\u00f9-al-tempio.jpg\",\"datePublished\":\"2021-02-02T15:18:27+00:00\",\"dateModified\":\"2023-02-07T11:08:59+00:00\",\"description\":\"Il 2 febbraio si festeggia la presentazione di Ges\u00f9 al tempio. Conosciuta anche come festa della purificazione di Maria, o Candelora, \u00e8 una festa che ha\",\"breadcrumb\":{\"@id\":\"https:\/\/blog.holyart.it\/it\/articoli-religiosi\/presentazione-di-gesu-al-tempio-fino-alla-festa-della-candelora\/#breadcrumb\"},\"inLanguage\":\"it-IT\",\"potentialAction\":[{\"@type\":\"ReadAction\",\"target\":[\"https:\/\/blog.holyart.it\/it\/articoli-religiosi\/presentazione-di-gesu-al-tempio-fino-alla-festa-della-candelora\/\"]}]},{\"@type\":\"ImageObject\",\"inLanguage\":\"it-IT\",\"@id\":\"https:\/\/blog.holyart.it\/it\/articoli-religiosi\/presentazione-di-gesu-al-tempio-fino-alla-festa-della-candelora\/#primaryimage\",\"url\":\"https:\/\/blog.holyart.it\/it\/wp-content\/uploads\/sites\/17\/2021\/02\/presentazione-di-Ges\u00f9-al-tempio.jpg\",\"contentUrl\":\"https:\/\/blog.holyart.it\/it\/wp-content\/uploads\/sites\/17\/2021\/02\/presentazione-di-Ges\u00f9-al-tempio.jpg\",\"width\":1000,\"height\":666,\"caption\":\"presentazione di Ges\u00f9 al tempio\"},{\"@type\":\"BreadcrumbList\",\"@id\":\"https:\/\/blog.holyart.it\/it\/articoli-religiosi\/presentazione-di-gesu-al-tempio-fino-alla-festa-della-candelora\/#breadcrumb\",\"itemListElement\":[{\"@type\":\"ListItem\",\"position\":1,\"name\":\"Homepage\",\"item\":\"https:\/\/blog.holyart.it\/it\/\"},{\"@type\":\"ListItem\",\"position\":2,\"name\":\"Religione\",\"item\":\"https:\/\/blog.holyart.it\/it\/articoli-religiosi\/\"},{\"@type\":\"ListItem\",\"position\":3,\"name\":\"Presentazione di Ges\u00f9 al tempio fino alla festa della Candelora\"}]},{\"@type\":\"WebSite\",\"@id\":\"https:\/\/blog.holyart.it\/it\/#website\",\"url\":\"https:\/\/blog.holyart.it\/it\/\",\"name\":\"Holyblog\",\"description\":\"Il Blog di Holyart.it\",\"publisher\":{\"@id\":\"https:\/\/blog.holyart.it\/it\/#organization\"},\"potentialAction\":[{\"@type\":\"SearchAction\",\"target\":{\"@type\":\"EntryPoint\",\"urlTemplate\":\"https:\/\/blog.holyart.it\/it\/?s={search_term_string}\"},\"query-input\":{\"@type\":\"PropertyValueSpecification\",\"valueRequired\":true,\"valueName\":\"search_term_string\"}}],\"inLanguage\":\"it-IT\"},{\"@type\":\"Organization\",\"@id\":\"https:\/\/blog.holyart.it\/it\/#organization\",\"name\":\"Holyblog\",\"url\":\"https:\/\/blog.holyart.it\/it\/\",\"logo\":{\"@type\":\"ImageObject\",\"inLanguage\":\"it-IT\",\"@id\":\"https:\/\/blog.holyart.it\/it\/#\/schema\/logo\/image\/\",\"url\":\"https:\/\/blog.holyart.it\/it\/wp-content\/uploads\/sites\/17\/2022\/12\/Holyart_Blog_Logo.jpg\",\"contentUrl\":\"https:\/\/blog.holyart.it\/it\/wp-content\/uploads\/sites\/17\/2022\/12\/Holyart_Blog_Logo.jpg\",\"width\":300,\"height\":50,\"caption\":\"Holyblog\"},\"image\":{\"@id\":\"https:\/\/blog.holyart.it\/it\/#\/schema\/logo\/image\/\"}},{\"@type\":\"Person\",\"@id\":\"https:\/\/blog.holyart.it\/it\/#\/schema\/person\/0a7b686e5af0f856ec1e390dd0baecda\",\"name\":\"Redazione\"}]}<\/script>\n<!-- \/ Yoast SEO plugin. -->","yoast_head_json":{"title":"Presentazione di Ges\u00f9 al tempio fino alla festa della Candelora - Holyblog","description":"Il 2 febbraio si festeggia la presentazione di Ges\u00f9 al tempio. Conosciuta anche come festa della purificazione di Maria, o Candelora, \u00e8 una festa che ha","robots":{"index":"index","follow":"follow","max-snippet":"max-snippet:-1","max-image-preview":"max-image-preview:large","max-video-preview":"max-video-preview:-1"},"canonical":"https:\/\/blog.holyart.it\/it\/articoli-religiosi\/presentazione-di-gesu-al-tempio-fino-alla-festa-della-candelora\/","og_locale":"it_IT","og_type":"article","og_title":"Presentazione di Ges\u00f9 al tempio fino alla festa della Candelora - Holyblog","og_description":"Il 2 febbraio si festeggia la presentazione di Ges\u00f9 al tempio. Conosciuta anche come festa della purificazione di Maria, o Candelora, \u00e8 una festa che ha","og_url":"https:\/\/blog.holyart.it\/it\/articoli-religiosi\/presentazione-di-gesu-al-tempio-fino-alla-festa-della-candelora\/","og_site_name":"Holyblog","article_published_time":"2021-02-02T15:18:27+00:00","article_modified_time":"2023-02-07T11:08:59+00:00","og_image":[{"width":1000,"height":666,"url":"https:\/\/blog.holyart.it\/it\/wp-content\/uploads\/sites\/17\/2021\/02\/presentazione-di-Ges\u00f9-al-tempio.jpg","type":"image\/jpeg"}],"author":"Redazione","twitter_card":"summary_large_image","twitter_misc":{"Scritto da":"Redazione","Tempo di lettura stimato":"7 minuti"},"schema":{"@context":"https:\/\/schema.org","@graph":[{"@type":"Article","@id":"https:\/\/blog.holyart.it\/it\/articoli-religiosi\/presentazione-di-gesu-al-tempio-fino-alla-festa-della-candelora\/#article","isPartOf":{"@id":"https:\/\/blog.holyart.it\/it\/articoli-religiosi\/presentazione-di-gesu-al-tempio-fino-alla-festa-della-candelora\/"},"author":{"name":"Redazione","@id":"https:\/\/blog.holyart.it\/it\/#\/schema\/person\/0a7b686e5af0f856ec1e390dd0baecda"},"headline":"Presentazione di Ges\u00f9 al tempio fino alla festa della Candelora","datePublished":"2021-02-02T15:18:27+00:00","dateModified":"2023-02-07T11:08:59+00:00","mainEntityOfPage":{"@id":"https:\/\/blog.holyart.it\/it\/articoli-religiosi\/presentazione-di-gesu-al-tempio-fino-alla-festa-della-candelora\/"},"wordCount":1021,"publisher":{"@id":"https:\/\/blog.holyart.it\/it\/#organization"},"image":{"@id":"https:\/\/blog.holyart.it\/it\/articoli-religiosi\/presentazione-di-gesu-al-tempio-fino-alla-festa-della-candelora\/#primaryimage"},"thumbnailUrl":"https:\/\/blog.holyart.it\/it\/wp-content\/uploads\/sites\/17\/2021\/02\/presentazione-di-Ges\u00f9-al-tempio.jpg","articleSection":["Religione"],"inLanguage":"it-IT"},{"@type":"WebPage","@id":"https:\/\/blog.holyart.it\/it\/articoli-religiosi\/presentazione-di-gesu-al-tempio-fino-alla-festa-della-candelora\/","url":"https:\/\/blog.holyart.it\/it\/articoli-religiosi\/presentazione-di-gesu-al-tempio-fino-alla-festa-della-candelora\/","name":"Presentazione di Ges\u00f9 al tempio fino alla festa della Candelora - Holyblog","isPartOf":{"@id":"https:\/\/blog.holyart.it\/it\/#website"},"primaryImageOfPage":{"@id":"https:\/\/blog.holyart.it\/it\/articoli-religiosi\/presentazione-di-gesu-al-tempio-fino-alla-festa-della-candelora\/#primaryimage"},"image":{"@id":"https:\/\/blog.holyart.it\/it\/articoli-religiosi\/presentazione-di-gesu-al-tempio-fino-alla-festa-della-candelora\/#primaryimage"},"thumbnailUrl":"https:\/\/blog.holyart.it\/it\/wp-content\/uploads\/sites\/17\/2021\/02\/presentazione-di-Ges\u00f9-al-tempio.jpg","datePublished":"2021-02-02T15:18:27+00:00","dateModified":"2023-02-07T11:08:59+00:00","description":"Il 2 febbraio si festeggia la presentazione di Ges\u00f9 al tempio. Conosciuta anche come festa della purificazione di Maria, o Candelora, \u00e8 una festa che ha","breadcrumb":{"@id":"https:\/\/blog.holyart.it\/it\/articoli-religiosi\/presentazione-di-gesu-al-tempio-fino-alla-festa-della-candelora\/#breadcrumb"},"inLanguage":"it-IT","potentialAction":[{"@type":"ReadAction","target":["https:\/\/blog.holyart.it\/it\/articoli-religiosi\/presentazione-di-gesu-al-tempio-fino-alla-festa-della-candelora\/"]}]},{"@type":"ImageObject","inLanguage":"it-IT","@id":"https:\/\/blog.holyart.it\/it\/articoli-religiosi\/presentazione-di-gesu-al-tempio-fino-alla-festa-della-candelora\/#primaryimage","url":"https:\/\/blog.holyart.it\/it\/wp-content\/uploads\/sites\/17\/2021\/02\/presentazione-di-Ges\u00f9-al-tempio.jpg","contentUrl":"https:\/\/blog.holyart.it\/it\/wp-content\/uploads\/sites\/17\/2021\/02\/presentazione-di-Ges\u00f9-al-tempio.jpg","width":1000,"height":666,"caption":"presentazione di Ges\u00f9 al tempio"},{"@type":"BreadcrumbList","@id":"https:\/\/blog.holyart.it\/it\/articoli-religiosi\/presentazione-di-gesu-al-tempio-fino-alla-festa-della-candelora\/#breadcrumb","itemListElement":[{"@type":"ListItem","position":1,"name":"Homepage","item":"https:\/\/blog.holyart.it\/it\/"},{"@type":"ListItem","position":2,"name":"Religione","item":"https:\/\/blog.holyart.it\/it\/articoli-religiosi\/"},{"@type":"ListItem","position":3,"name":"Presentazione di Ges\u00f9 al tempio fino alla festa della Candelora"}]},{"@type":"WebSite","@id":"https:\/\/blog.holyart.it\/it\/#website","url":"https:\/\/blog.holyart.it\/it\/","name":"Holyblog","description":"Il Blog di Holyart.it","publisher":{"@id":"https:\/\/blog.holyart.it\/it\/#organization"},"potentialAction":[{"@type":"SearchAction","target":{"@type":"EntryPoint","urlTemplate":"https:\/\/blog.holyart.it\/it\/?s={search_term_string}"},"query-input":{"@type":"PropertyValueSpecification","valueRequired":true,"valueName":"search_term_string"}}],"inLanguage":"it-IT"},{"@type":"Organization","@id":"https:\/\/blog.holyart.it\/it\/#organization","name":"Holyblog","url":"https:\/\/blog.holyart.it\/it\/","logo":{"@type":"ImageObject","inLanguage":"it-IT","@id":"https:\/\/blog.holyart.it\/it\/#\/schema\/logo\/image\/","url":"https:\/\/blog.holyart.it\/it\/wp-content\/uploads\/sites\/17\/2022\/12\/Holyart_Blog_Logo.jpg","contentUrl":"https:\/\/blog.holyart.it\/it\/wp-content\/uploads\/sites\/17\/2022\/12\/Holyart_Blog_Logo.jpg","width":300,"height":50,"caption":"Holyblog"},"image":{"@id":"https:\/\/blog.holyart.it\/it\/#\/schema\/logo\/image\/"}},{"@type":"Person","@id":"https:\/\/blog.holyart.it\/it\/#\/schema\/person\/0a7b686e5af0f856ec1e390dd0baecda","name":"Redazione"}]}},"_links":{"self":[{"href":"https:\/\/blog.holyart.it\/it\/wp-json\/wp\/v2\/posts\/11698","targetHints":{"allow":["GET"]}}],"collection":[{"href":"https:\/\/blog.holyart.it\/it\/wp-json\/wp\/v2\/posts"}],"about":[{"href":"https:\/\/blog.holyart.it\/it\/wp-json\/wp\/v2\/types\/post"}],"author":[{"embeddable":true,"href":"https:\/\/blog.holyart.it\/it\/wp-json\/wp\/v2\/users\/1"}],"replies":[{"embeddable":true,"href":"https:\/\/blog.holyart.it\/it\/wp-json\/wp\/v2\/comments?post=11698"}],"version-history":[{"count":1,"href":"https:\/\/blog.holyart.it\/it\/wp-json\/wp\/v2\/posts\/11698\/revisions"}],"predecessor-version":[{"id":17240,"href":"https:\/\/blog.holyart.it\/it\/wp-json\/wp\/v2\/posts\/11698\/revisions\/17240"}],"wp:featuredmedia":[{"embeddable":true,"href":"https:\/\/blog.holyart.it\/it\/wp-json\/wp\/v2\/media\/11726"}],"wp:attachment":[{"href":"https:\/\/blog.holyart.it\/it\/wp-json\/wp\/v2\/media?parent=11698"}],"wp:term":[{"taxonomy":"category","embeddable":true,"href":"https:\/\/blog.holyart.it\/it\/wp-json\/wp\/v2\/categories?post=11698"},{"taxonomy":"post_tag","embeddable":true,"href":"https:\/\/blog.holyart.it\/it\/wp-json\/wp\/v2\/tags?post=11698"}],"curies":[{"name":"wp","href":"https:\/\/api.w.org\/{rel}","templated":true}]}}