{"id":11583,"date":"2021-01-12T14:31:44","date_gmt":"2021-01-12T13:31:44","guid":{"rendered":"https:\/\/blog.holyart.it\/it\/?p=11583"},"modified":"2024-09-10T16:47:46","modified_gmt":"2024-09-10T14:47:46","slug":"perche-papa-francesco-ha-indetto-il-2021-come-lanno-di-san-giuseppe","status":"publish","type":"post","link":"https:\/\/blog.holyart.it\/it\/santi-e-beati\/perche-papa-francesco-ha-indetto-il-2021-come-lanno-di-san-giuseppe\/","title":{"rendered":"Perch\u00e9 papa Francesco ha indetto il 2021 come l&#8217;anno di San Giuseppe?"},"content":{"rendered":"<h4>Il 2021 sar\u00e0 l&#8217;anno di San Giuseppe. Ecco perch\u00e9 Papa Francesco ha decretato che un intero anno venisse dedicato a questo santo unico e speciale, patrono e protettore della Chiesa universale e simbolo di tutti i padri.<\/h4>\n\n<p>L&#8217;8 dicembre del 1870 Papa Pio IX, con il decreto<em> Quemadmodum Deus, <\/em>&#8220;Nella stessa maniera che Dio&#8221;, proclam\u00f2 <a href=\"https:\/\/www.holyart.it\/articoli\/statue-san-giuseppe.php\"><strong>San Giuseppe patrono della Chiesa universale<\/strong><\/a>. Erano tempi molto difficili per la Chiesa cattolica. Il 20 settembre dello stesso anno la <strong>presa di Roma<\/strong>, conosciuta anche come <em>breccia di Porta Pia<\/em>, aveva decretato l&#8217;annessione di Roma al Regno d&#8217;Italia e con essa la <strong>fine dello Stato Pontificio <\/strong>e del potere temporale dei papi. Questo profondo e rivoluzionario mutamento aveva generato confusione e smarrimento nella popolazione, e la decisione dell&#8217;allora pontefice di celebrare San Giuseppe come protettore universale nacque proprio da questo desiderio di dare al popolo un &#8216;padre&#8217; che li proteggesse e li guidasse in quel momento cos\u00ec difficile.<\/p>\n<p>Centocinquant&#8217;anni sono trascorsi da quel giorno, e l&#8217;8 dicembre del 2020 <a href=\"https:\/\/www.holyart.it\/it\/occasioni-speciali\/papa-francesco\"><strong>Papa Francesco<\/strong><\/a> ha proclamato il 2021 l&#8217;<strong>Anno di San Giuseppe<\/strong>. Lo ha fatto pubblicando la Lettera apostolica <em>Patris corde<\/em> &#8220;Con cuore di Padre&#8221;, un documento intriso di spiritualit\u00e0, ma soprattutto di un&#8217;umanit\u00e0 profonda e consapevole. La scelta del Papa non \u00e8 stata certo casuale: il 2020, con la <strong><a href=\"https:\/\/www.holyart.it\/blog\/accessori-liturgia\/il-volontariato-nella-chiesa-cattolica-al-tempo-del-covid\/\">pandemia di Covid-19<\/a><\/strong>, ha messo a dura prova l&#8217;intera umanit\u00e0, rivelando una fragilit\u00e0 generalizzata, che ha travolto tutti, in varia misura.<\/p>\n<div class=\"box-content-grey\">\n<div class=\"box-content-grey-img\">\n<p><img loading=\"lazy\" decoding=\"async\" class=\"alignnone size-full wp-image-11594\" src=\"https:\/\/blog.holyart.it\/it\/wp-content\/uploads\/sites\/17\/2021\/01\/20210113_143127-002.jpg\" alt=\"San giuseppe\" width=\"300\" height=\"300\" data-kale-share-title=\"Perch\u00e8 papa Francesco ha indetto il 2021 come l\u2019anno di San Giuseppe?\" data-kale-share-url=\"https:\/\/blog.holyart.it\/it\/articoli-religiosi\/perche-papa-francesco-ha-indetto-il-2021-come-lanno-di-san-giuseppe\/\" \/><\/p>\n<div class=\"button-acquista\"><center><a href=\"https:\/\/www.holyart.it\/it\/articoli-religiosi\/statue\/statue-in-resina-e-pvc\/san-giuseppe-30-cm-fontanini-tipo-porcellana\">ACQUISTA<\/a><\/center><\/div>\n<\/div>\n<div class=\"box-content-grey-cont\">\n<p><strong> Statua di San Giuseppe realizzata dalla storica azienda Fontanini<\/strong><\/p>\n<p>In occasione dell&#8217;Anno di San Giuseppe, abbiamo uno SCONTO SPECIALE per TE!<\/p>\n<p>Con il Codice Sconto: <strong>ANNOSANGIUSEPPE<\/strong> potrai usufruire del 50% di sconto su questa statua!<\/p>\n<\/div>\n<\/div>\n<p>Proprio questa debolezza ha tuttavia permesso di comprendere <strong>l&#8217;importanza delle persone<\/strong> <strong>comuni<\/strong>, dando vita a una nuova tipologia di eroe, lontano dalla ribalta, vicino ad ogni singolo uomo, e in particolare ai malati, ai sofferenti, a coloro i quali sono stati colpiti pi\u00f9 duramente e direttamente da questo terribile flagello.<\/p>\n<p>Pensiamo agli operatori sanitari, ai medici, alle infermiere e infermieri, ma anche a chi non ha mai cessato di lavorare per garantire a noi tutti i servizi indispensabili, alle forze dell&#8217;ordine, ai farmacisti, a chi lavora nei supermercati, ai tantissimi volontari che si sono impegnati, a rischio della propria incolumit\u00e0, per non abbandonare chi non aveva pi\u00f9 nessun aiuto.<\/p>\n<div class=\"link-article\">\n<p><img loading=\"lazy\" decoding=\"async\" class=\"alignleft size-full wp-image-12015\" src=\"https:\/\/blog.holyart.it\/it\/wp-content\/uploads\/sites\/17\/2021\/01\/volontariato-covid.jpg\" alt=\"volontariato covid\" width=\"150\" height=\"100\" data-kale-share-title=\"Perch\u00e8 papa Francesco ha indetto il 2021 come l\u2019anno di San Giuseppe?\" data-kale-share-url=\"https:\/\/blog.holyart.it\/it\/santi-e-beati\/perche-papa-francesco-ha-indetto-il-2021-come-lanno-di-san-giuseppe\/\" \/><\/p>\n<div class=\"leggi-anche\">Leggi anche:<\/div>\n<p><strong><a href=\"https:\/\/www.holyart.it\/blog\/accessori-liturgia\/il-volontariato-nella-chiesa-cattolica-al-tempo-del-covid\/\">Il volontariato nella Chiesa Cattolica al tempo del Covid<\/a><\/strong><br \/>\nIl Covid-19 ha scatenato un\u2019emergenza sanitaria senza precedenti per il mondo moderno. Scopriamo come la Chiesa cattolica si \u00e8 impegnata&#8230;<\/p>\n<\/div>\n<p><strong>Persone comuni, presenze discrete,<\/strong> che passano inosservate, eppure capaci di diventare protagoniste della nostra storia, salvatori dell&#8217;umanit\u00e0. Proprio come San Giuseppe, uomo semplice, riservato, che fu capace di immolare tutta la propria esistenza all&#8217;amore e alla cura di un figlio non suo, di una sposa investita da un dovere immenso e ineffabile.<\/p>\n<p>Papa Francesco ha ricordato proprio questo, nella sua Lettera e nella sua decisione di proclamare il 2021 l&#8217;<a href=\"https:\/\/www.holyart.it\/it\/articoli\/statue-san-giuseppe.php?page=1&amp;search_term=statua+san+giuseppe\"><strong>Anno di San Giuseppe<\/strong><\/a>, rivendicando la necessit\u00e0 per tutti gli esseri umani di poter confidare in un<strong> padre <\/strong>presente e attento, che possa fare la differenza nei momenti di difficolt\u00e0.\u00a0<em>&#8220;Il mondo ha bisogno di padri&#8221; <\/em><em>ha dichiarato il pontefice, &#8220;rifiuta i padroni, rifiuta cio\u00e8 chi vuole usare il possesso dell&#8217;altro per riempire il proprio vuoto&#8221;. <\/em><\/p>\n<p>\u00c8 indubbio che San Giuseppe sia il <strong>simbolo e il modello per tutti i padri<\/strong>, lui che ha saputo mettersi completamente da parte per garantire al proprio Figlio protezione, assistenza, presenza, fintanto che Egli non \u00e8 stato autonomo, pronto per andare nel mondo. Questo dovrebbe essere il dovere di ogni padre.<\/p>\n<h2>Padre putativo: significato e perch\u00e9 viene utilizzato<\/h2>\n<p>Siamo abituati a sentir parlare di <strong><a href=\"https:\/\/www.holyart.it\/blog\/santi-e-beati\/san-giuseppe-padre-putativo-gesu\/\">San Giuseppe come del padre putativo di Ges\u00f9<\/a>.<\/strong> Ma cosa significa questo termine, e perch\u00e9 viene utilizzato in relazione al Santo? <em>Putativo<\/em> deriva dal tardo latino <em>putativus,<\/em> &#8220;presunto, apparente&#8221;, che a sua volta deriva dal verbo <em>putare<\/em> &#8220;credere&#8221;. Possiamo leggere nel caso di San Giuseppe un doppio significato per l&#8217;uso di questo aggettivo.<\/p>\n<div class=\"link-article\">\n<p><img loading=\"lazy\" decoding=\"async\" class=\"alignleft size-full wp-image-11584\" src=\"https:\/\/blog.holyart.it\/it\/wp-content\/uploads\/sites\/17\/2021\/01\/San-Giuseppe.jpg\" alt=\"San Giuseppe\" width=\"150\" height=\"99\" data-kale-share-title=\"Perch\u00e8 papa Francesco ha indetto il 2021 come l\u2019anno di San Giuseppe?\" data-kale-share-url=\"https:\/\/blog.holyart.it\/it\/?p=11583\" \/><\/p>\n<div class=\"leggi-anche\">Leggi anche:<\/div>\n<p><strong><a href=\"https:\/\/www.holyart.it\/blog\/santi-e-beati\/san-giuseppe-padre-putativo-gesu\/\">San Giuseppe: il padre putativo di Ges\u00f9<\/a><\/strong><br \/>\nSan Giuseppe \u00e8 una figura molto amata dai cristiani e venerata con un affetto e una devozione incomparabili.<\/p>\n<\/div>\n<p>Da un lato il fatto che San Giuseppe era <strong>creduto il padre di Ges\u00f9<\/strong> da chi lo conosceva, dall&#8217;altro il fatto che <strong>egli ha voluto credere <\/strong>al punto da offrire se stesso senza riserve al piano divino.<\/p>\n<h2>Preghiera a San Giuseppe per trovare lavoro<\/h2>\n<p>San Giuseppe, oltre che protettore dei padri di famiglia, \u00e8 anche patrono dei falegnami, degli ebanisti, dei carpentieri e di <strong>tutti i lavoratori<\/strong>. Questo aspetto di <strong>Padre lavoratore<\/strong> era gi\u00e0 stato evidenziato nella prima Enciclica sociale, la <em>Rerum novarum<\/em> di Leone XIII del 1891.<\/p>\n<p>San Giuseppe lavora duramente e con onest\u00e0 per assicurare alla sua famiglia il necessario per vivere.<br \/>\nNon solo: crescendo Ges\u00f9 come un figlio lo educa alla <strong>dignit\u00e0 del lavoro<\/strong>, gli insegna quanto sia nobile provvedere a s\u00e9 e ai propri cari col sudore e la fatica. Gi\u00e0 nel 2013 Papa Francesco nell&#8217;omelia del 1 maggio si era soffermato <strong>sull\u2019importanza del lavoro nella vita di ogni uomo e donna<\/strong>, parlando in particolare del concetto di \u2018dignit\u00e0\u2019 insito nel lavoro stesso.<\/p>\n<p>Ci torna nella Lettera apostolica <em>Patris corde<\/em>: <em>&#8220;La crisi del nostro tempo, che \u00e8 crisi economica, sociale, culturale e spirituale, pu\u00f2 rappresentare per tutti un appello a riscoprire <\/em><strong><em>il valore, l\u2019importanza e la necessit\u00e0 del lavoro <\/em><\/strong><em>per dare origine a una nuova \u201cnormalit\u00e0\u201d, in cui nessuno sia escluso. Il lavoro di San Giuseppe ci ricorda che Dio stesso fatto uomo non ha disdegnato di lavorare.&#8221;\u00a0<\/em><\/p>\n<p>Il Papa auspica che chi si trova in difficolt\u00e0 perch\u00e9 impossibilitato a lavorare, o in crisi a causa del Covid, possa trovare nella preghiera a San Giuseppe conforto e ispirazione. Avevamo gi\u00e0 parlato in un articolo di qualche tempo fa della <a href=\"https:\/\/www.holyart.it\/blog\/santi-e-beati\/novena-san-giuseppe-la-festa-dei-lavoratori\/\"><strong>Novena a San Giuseppe<\/strong><\/a>, dedicata a chi lavora, a chi vorrebbe lavorare, a chi ha sofferto a causa del proprio lavoro, e in generale a tutti coloro i quali vedono nell\u2019attivit\u00e0 lavorativa la piena realizzazione di s\u00e9 come individui e membri della societ\u00e0. Questa Novena si recita di norma dal 22 al 30 aprile, ma pu\u00f2 essere recitata sempre, accompagnandosi con un Rosario.<\/p>\n<div class=\"link-article\">\n<p><img loading=\"lazy\" decoding=\"async\" class=\"wp-image-13509 size-full alignleft\" src=\"https:\/\/blog.holyart.it\/it\/wp-content\/uploads\/sites\/17\/2021\/01\/Novena-a-San-Giuseppe-per-la-festa-dei-lavoratori.jpg\" alt=\"Novena-a-San-Giuseppe-per-la-festa-dei-lavoratori\" width=\"150\" height=\"99\" data-kale-share-title=\"Perch\u00e8 papa Francesco ha indetto il 2021 come l\u2019anno di San Giuseppe?\" data-kale-share-url=\"https:\/\/blog.holyart.it\/it\/?p=11583\" \/><\/p>\n<div class=\"leggi-anche\">Leggi anche:<\/div>\n<p><strong><a href=\"https:\/\/www.holyart.it\/blog\/santi-e-beati\/novena-san-giuseppe-la-festa-dei-lavoratori\/\">Novena a San Giuseppe per la festa dei lavoratori<\/a><\/strong><br \/>\nSan Giuseppe, oltre che protettore dei padri di famiglia, dei falegnami e dei carpentieri \u00e8 riconosciuto come patrono di tutti i lavoratori&#8230;<\/p>\n<\/div>\n<p>E nell\u2019ambito di preghiere speciali a San Giuseppe ricordiamo che esiste anche uno speciale Rosario di San Giuseppe, il <a href=\"https:\/\/www.holyart.it\/blog\/articoli-religiosi\/il-culto-della-madonna-addolorata\"><u><strong>Rosario dei sette dolori e gioie<\/strong><\/u><\/a>, capace di portare grandi grazie e preziose intercessioni a chi lo recita con cuore contrito.<\/p>\n<h2>San Giuseppe dormiente<\/h2>\n<p>Papa Francesco ha sempre avuto una predilezione per San Giuseppe. Fu nella chiesa di San Jos\u00e9 a Buenos Aires che il giovanissimo Jorge Mario Bergoglio scopr\u00ec la propria vocazione, e fu nel giorno di San Giuseppe, il 19 marzo 2013, che ascese al soglio pontificio.<\/p>\n<p>Fin da ragazzo il Papa porta con s\u00e9 in particolare un&#8217;immagine che rappresenta <a href=\"https:\/\/www.holyart.it\/it\/natale\/presepi\/presepe-fontanini\/san-giuseppe-dormiente-resina-fontanini-38-cm\"><strong>San Giuseppe addormentato<\/strong><\/a><a href=\"https:\/\/www.holyart.it\/blog\/santi-e-beati\/san-giuseppe-dormiente-santo-protettore-papa-francesco\/\">,<\/a> secondo un&#8217;iconografia molto diffusa nei paesi del Sud America. Papa Francesco custodisce questa statuina nel proprio studio a Santa Marta, e ha l&#8217;abitudine di infilare sotto di essa dei biglietti sui quali annota problemi, richieste di grazia, preghiere dei fedeli. Un modo originale e molto intimo di chiedere aiuto al Santo, che in sogno riceveva i messaggi di Dio, e che forse aiuta cos\u00ec il nostro pontefice ad affrontare la sua missione ogni giorno.<\/p>\n<div class=\"link-article\">\n<p><img loading=\"lazy\" decoding=\"async\" class=\"alignleft size-full wp-image-11678\" src=\"https:\/\/blog.holyart.it\/it\/wp-content\/uploads\/sites\/17\/2021\/01\/San-Giuseppe-dormiente-1.jpg\" alt=\"San-Giuseppe-dormiente\" width=\"150\" height=\"98\" data-kale-share-title=\"Perch\u00e8 papa Francesco ha indetto il 2021 come l\u2019anno di San Giuseppe?\" data-kale-share-url=\"https:\/\/blog.holyart.it\/it\/articoli-religiosi\/perche-papa-francesco-ha-indetto-il-2021-come-lanno-di-san-giuseppe\/\" \/><\/p>\n<div class=\"leggi-anche\">Leggi anche:<\/div>\n<p><strong><a href=\"https:\/\/www.holyart.it\/blog\/santi-e-beati\/san-giuseppe-dormiente-santo-protettore-papa-francesco\/\">San Giuseppe dormiente: il santo protettore di Papa Francesco<\/a><\/strong><br \/>\nLa storia di Jorge Mario Bergoglio \u00e8 stata legata fin dal principio a una figura cara ai cristiani di tutto il mondo: quella di San Giuseppe.<\/p>\n<\/div>\n<h2>Indulgenza plenaria per l&#8217;Anno di San Giuseppe<\/h2>\n<p>Per celebrare il 150\u00b0 anniversario della proclamazione di San Giuseppe a Patrono della Chiesa universale e unitamente alla lettera apostolica <em>Patris corde<\/em> \u00e8 stato emesso anche un Decreto che concede l&#8217;<a href=\"https:\/\/www.holyart.it\/blog\/articoli-religiosi\/indulgenza-plenaria-significato-origini-e-come-ottenerla\/\"><strong>Indulgenza plenaria<\/strong><\/a> in occasione dell\u2019Anno di San Giuseppe. Per ottenere questa indulgenza, che, come sappiamo, \u00e8 la cancellazione di tutti i peccati confessati e perdonati in seguito al Sacramento della Confessione, i fedeli dovranno recitare <strong>particolari preghiere in onore di San Giuseppe<\/strong>, in particolar modo nelle date del <strong>19 marzo<\/strong> (Festa di San Giuseppe), del <strong>1\u00b0 maggio<\/strong> (Festa dei lavoratori), o durante la Festa della Santa Famiglia di Ges\u00f9, Maria e Giuseppe, o ancora il 19 di ogni mese e ogni mercoled\u00ec. Le preghiere potranno essere il Padre nostro, o le Litanie a San Giuseppe, o altre orazioni legittimamente approvate.<\/p>\n<p>In alternativa alle preghiere, chi desidera ricevere l&#8217;indulgenza plenaria dovr\u00e0 compiere <strong>un&#8217;opera di misericordia <\/strong>corporale o spirituale, o recitare il Santo Rosario con la propria famiglia o il proprio fidanzato o fidanzata.<\/p>\n<div class=\"link-article\">\n<p><img loading=\"lazy\" decoding=\"async\" class=\"alignleft size-full wp-image-12017\" src=\"https:\/\/blog.holyart.it\/it\/wp-content\/uploads\/sites\/17\/2021\/01\/indulgenza-plenaria.jpg\" alt=\"indulgenza plenaria\" width=\"150\" height=\"100\" data-kale-share-title=\"Perch\u00e8 papa Francesco ha indetto il 2021 come l\u2019anno di San Giuseppe?\" data-kale-share-url=\"https:\/\/blog.holyart.it\/it\/santi-e-beati\/perche-papa-francesco-ha-indetto-il-2021-come-lanno-di-san-giuseppe\/\" \/><\/p>\n<div class=\"leggi-anche\">Leggi anche:<\/div>\n<p><strong><a href=\"https:\/\/www.holyart.it\/blog\/articoli-religiosi\/indulgenza-plenaria-significato-origini-e-come-ottenerla\/\">Indulgenza plenaria: significato, origini e come ottenerla<\/a><\/strong><br \/>\nCos\u2019\u00e8 l\u2019indulgenza plenaria? Ecco perch\u00e9 Papa Francesco l\u2019ha concessa a chi partecipa all\u2019Anno di San Giuseppe.<\/p>\n<\/div>\n","protected":false},"excerpt":{"rendered":"<p>Il 2021 sar\u00e0 l&#8217;anno di San Giuseppe. Ecco perch\u00e9 Papa Francesco ha decretato che un intero anno venisse dedicato a questo santo unico e speciale, patrono e protettore della Chiesa universale e simbolo di tutti i padri. L&#8217;8 dicembre del 1870 Papa Pio IX, con&hellip;<\/p>\n","protected":false},"author":1,"featured_media":11590,"comment_status":"closed","ping_status":"open","sticky":false,"template":"","format":"standard","meta":{"_acf_changed":false,"footnotes":""},"categories":[16,15],"tags":[],"class_list":["post-11583","post","type-post","status-publish","format-standard","has-post-thumbnail","hentry","category-articoli-religiosi","category-santi-e-beati"],"acf":[],"yoast_head":"<!-- This site is optimized with the Yoast SEO plugin v26.6 - https:\/\/yoast.com\/wordpress\/plugins\/seo\/ -->\n<title>Perch\u00e9 papa Francesco ha indetto il 2021 come l&#039;anno di San Giuseppe? - Holyblog<\/title>\n<meta name=\"description\" content=\"Il 2021 sar\u00e0 l&#039;anno di San Giuseppe. Ecco perch\u00e9 Papa Francesco ha decretato che un intero anno venisse dedicato a questo santo unico e speciale...\" \/>\n<meta name=\"robots\" content=\"index, follow, max-snippet:-1, max-image-preview:large, max-video-preview:-1\" \/>\n<link rel=\"canonical\" href=\"https:\/\/blog.holyart.it\/it\/santi-e-beati\/perche-papa-francesco-ha-indetto-il-2021-come-lanno-di-san-giuseppe\/\" \/>\n<meta property=\"og:locale\" content=\"it_IT\" \/>\n<meta property=\"og:type\" content=\"article\" \/>\n<meta property=\"og:title\" content=\"Perch\u00e9 papa Francesco ha indetto il 2021 come l&#039;anno di San Giuseppe? - Holyblog\" \/>\n<meta property=\"og:description\" content=\"Il 2021 sar\u00e0 l&#039;anno di San Giuseppe. Ecco perch\u00e9 Papa Francesco ha decretato che un intero anno venisse dedicato a questo santo unico e speciale...\" \/>\n<meta property=\"og:url\" content=\"https:\/\/blog.holyart.it\/it\/santi-e-beati\/perche-papa-francesco-ha-indetto-il-2021-come-lanno-di-san-giuseppe\/\" \/>\n<meta property=\"og:site_name\" content=\"Holyblog\" \/>\n<meta property=\"article:published_time\" content=\"2021-01-12T13:31:44+00:00\" \/>\n<meta property=\"article:modified_time\" content=\"2024-09-10T14:47:46+00:00\" \/>\n<meta property=\"og:image\" content=\"https:\/\/blog.holyart.it\/it\/wp-content\/uploads\/sites\/17\/2021\/01\/san-giuseppe-dormiente.jpg\" \/>\n\t<meta property=\"og:image:width\" content=\"1000\" \/>\n\t<meta property=\"og:image:height\" content=\"666\" \/>\n\t<meta property=\"og:image:type\" content=\"image\/jpeg\" \/>\n<meta name=\"author\" content=\"Redazione\" \/>\n<meta name=\"twitter:card\" content=\"summary_large_image\" \/>\n<meta name=\"twitter:label1\" content=\"Scritto da\" \/>\n\t<meta name=\"twitter:data1\" content=\"Redazione\" \/>\n\t<meta name=\"twitter:label2\" content=\"Tempo di lettura stimato\" \/>\n\t<meta name=\"twitter:data2\" content=\"10 minuti\" \/>\n<script type=\"application\/ld+json\" class=\"yoast-schema-graph\">{\"@context\":\"https:\/\/schema.org\",\"@graph\":[{\"@type\":\"Article\",\"@id\":\"https:\/\/blog.holyart.it\/it\/santi-e-beati\/perche-papa-francesco-ha-indetto-il-2021-come-lanno-di-san-giuseppe\/#article\",\"isPartOf\":{\"@id\":\"https:\/\/blog.holyart.it\/it\/santi-e-beati\/perche-papa-francesco-ha-indetto-il-2021-come-lanno-di-san-giuseppe\/\"},\"author\":{\"name\":\"Redazione\",\"@id\":\"https:\/\/blog.holyart.it\/it\/#\/schema\/person\/0a7b686e5af0f856ec1e390dd0baecda\"},\"headline\":\"Perch\u00e9 papa Francesco ha indetto il 2021 come l&#8217;anno di San Giuseppe?\",\"datePublished\":\"2021-01-12T13:31:44+00:00\",\"dateModified\":\"2024-09-10T14:47:46+00:00\",\"mainEntityOfPage\":{\"@id\":\"https:\/\/blog.holyart.it\/it\/santi-e-beati\/perche-papa-francesco-ha-indetto-il-2021-come-lanno-di-san-giuseppe\/\"},\"wordCount\":1450,\"publisher\":{\"@id\":\"https:\/\/blog.holyart.it\/it\/#organization\"},\"image\":{\"@id\":\"https:\/\/blog.holyart.it\/it\/santi-e-beati\/perche-papa-francesco-ha-indetto-il-2021-come-lanno-di-san-giuseppe\/#primaryimage\"},\"thumbnailUrl\":\"https:\/\/blog.holyart.it\/it\/wp-content\/uploads\/sites\/17\/2021\/01\/san-giuseppe-dormiente.jpg\",\"articleSection\":[\"Religione\",\"Santi e beati\"],\"inLanguage\":\"it-IT\"},{\"@type\":\"WebPage\",\"@id\":\"https:\/\/blog.holyart.it\/it\/santi-e-beati\/perche-papa-francesco-ha-indetto-il-2021-come-lanno-di-san-giuseppe\/\",\"url\":\"https:\/\/blog.holyart.it\/it\/santi-e-beati\/perche-papa-francesco-ha-indetto-il-2021-come-lanno-di-san-giuseppe\/\",\"name\":\"Perch\u00e9 papa Francesco ha indetto il 2021 come l'anno di San Giuseppe? - Holyblog\",\"isPartOf\":{\"@id\":\"https:\/\/blog.holyart.it\/it\/#website\"},\"primaryImageOfPage\":{\"@id\":\"https:\/\/blog.holyart.it\/it\/santi-e-beati\/perche-papa-francesco-ha-indetto-il-2021-come-lanno-di-san-giuseppe\/#primaryimage\"},\"image\":{\"@id\":\"https:\/\/blog.holyart.it\/it\/santi-e-beati\/perche-papa-francesco-ha-indetto-il-2021-come-lanno-di-san-giuseppe\/#primaryimage\"},\"thumbnailUrl\":\"https:\/\/blog.holyart.it\/it\/wp-content\/uploads\/sites\/17\/2021\/01\/san-giuseppe-dormiente.jpg\",\"datePublished\":\"2021-01-12T13:31:44+00:00\",\"dateModified\":\"2024-09-10T14:47:46+00:00\",\"description\":\"Il 2021 sar\u00e0 l'anno di San Giuseppe. Ecco perch\u00e9 Papa Francesco ha decretato che un intero anno venisse dedicato a questo santo unico e speciale...\",\"breadcrumb\":{\"@id\":\"https:\/\/blog.holyart.it\/it\/santi-e-beati\/perche-papa-francesco-ha-indetto-il-2021-come-lanno-di-san-giuseppe\/#breadcrumb\"},\"inLanguage\":\"it-IT\",\"potentialAction\":[{\"@type\":\"ReadAction\",\"target\":[\"https:\/\/blog.holyart.it\/it\/santi-e-beati\/perche-papa-francesco-ha-indetto-il-2021-come-lanno-di-san-giuseppe\/\"]}]},{\"@type\":\"ImageObject\",\"inLanguage\":\"it-IT\",\"@id\":\"https:\/\/blog.holyart.it\/it\/santi-e-beati\/perche-papa-francesco-ha-indetto-il-2021-come-lanno-di-san-giuseppe\/#primaryimage\",\"url\":\"https:\/\/blog.holyart.it\/it\/wp-content\/uploads\/sites\/17\/2021\/01\/san-giuseppe-dormiente.jpg\",\"contentUrl\":\"https:\/\/blog.holyart.it\/it\/wp-content\/uploads\/sites\/17\/2021\/01\/san-giuseppe-dormiente.jpg\",\"width\":1000,\"height\":666,\"caption\":\"San giuseppe dormiente\"},{\"@type\":\"BreadcrumbList\",\"@id\":\"https:\/\/blog.holyart.it\/it\/santi-e-beati\/perche-papa-francesco-ha-indetto-il-2021-come-lanno-di-san-giuseppe\/#breadcrumb\",\"itemListElement\":[{\"@type\":\"ListItem\",\"position\":1,\"name\":\"Homepage\",\"item\":\"https:\/\/blog.holyart.it\/it\/\"},{\"@type\":\"ListItem\",\"position\":2,\"name\":\"Religione\",\"item\":\"https:\/\/blog.holyart.it\/it\/articoli-religiosi\/\"},{\"@type\":\"ListItem\",\"position\":3,\"name\":\"Perch\u00e9 papa Francesco ha indetto il 2021 come l&#8217;anno di San Giuseppe?\"}]},{\"@type\":\"WebSite\",\"@id\":\"https:\/\/blog.holyart.it\/it\/#website\",\"url\":\"https:\/\/blog.holyart.it\/it\/\",\"name\":\"Holyblog\",\"description\":\"Il Blog di Holyart.it\",\"publisher\":{\"@id\":\"https:\/\/blog.holyart.it\/it\/#organization\"},\"potentialAction\":[{\"@type\":\"SearchAction\",\"target\":{\"@type\":\"EntryPoint\",\"urlTemplate\":\"https:\/\/blog.holyart.it\/it\/?s={search_term_string}\"},\"query-input\":{\"@type\":\"PropertyValueSpecification\",\"valueRequired\":true,\"valueName\":\"search_term_string\"}}],\"inLanguage\":\"it-IT\"},{\"@type\":\"Organization\",\"@id\":\"https:\/\/blog.holyart.it\/it\/#organization\",\"name\":\"Holyblog\",\"url\":\"https:\/\/blog.holyart.it\/it\/\",\"logo\":{\"@type\":\"ImageObject\",\"inLanguage\":\"it-IT\",\"@id\":\"https:\/\/blog.holyart.it\/it\/#\/schema\/logo\/image\/\",\"url\":\"https:\/\/blog.holyart.it\/it\/wp-content\/uploads\/sites\/17\/2022\/12\/Holyart_Blog_Logo.jpg\",\"contentUrl\":\"https:\/\/blog.holyart.it\/it\/wp-content\/uploads\/sites\/17\/2022\/12\/Holyart_Blog_Logo.jpg\",\"width\":300,\"height\":50,\"caption\":\"Holyblog\"},\"image\":{\"@id\":\"https:\/\/blog.holyart.it\/it\/#\/schema\/logo\/image\/\"}},{\"@type\":\"Person\",\"@id\":\"https:\/\/blog.holyart.it\/it\/#\/schema\/person\/0a7b686e5af0f856ec1e390dd0baecda\",\"name\":\"Redazione\"}]}<\/script>\n<!-- \/ Yoast SEO plugin. -->","yoast_head_json":{"title":"Perch\u00e9 papa Francesco ha indetto il 2021 come l'anno di San Giuseppe? - Holyblog","description":"Il 2021 sar\u00e0 l'anno di San Giuseppe. Ecco perch\u00e9 Papa Francesco ha decretato che un intero anno venisse dedicato a questo santo unico e speciale...","robots":{"index":"index","follow":"follow","max-snippet":"max-snippet:-1","max-image-preview":"max-image-preview:large","max-video-preview":"max-video-preview:-1"},"canonical":"https:\/\/blog.holyart.it\/it\/santi-e-beati\/perche-papa-francesco-ha-indetto-il-2021-come-lanno-di-san-giuseppe\/","og_locale":"it_IT","og_type":"article","og_title":"Perch\u00e9 papa Francesco ha indetto il 2021 come l'anno di San Giuseppe? - Holyblog","og_description":"Il 2021 sar\u00e0 l'anno di San Giuseppe. Ecco perch\u00e9 Papa Francesco ha decretato che un intero anno venisse dedicato a questo santo unico e speciale...","og_url":"https:\/\/blog.holyart.it\/it\/santi-e-beati\/perche-papa-francesco-ha-indetto-il-2021-come-lanno-di-san-giuseppe\/","og_site_name":"Holyblog","article_published_time":"2021-01-12T13:31:44+00:00","article_modified_time":"2024-09-10T14:47:46+00:00","og_image":[{"width":1000,"height":666,"url":"https:\/\/blog.holyart.it\/it\/wp-content\/uploads\/sites\/17\/2021\/01\/san-giuseppe-dormiente.jpg","type":"image\/jpeg"}],"author":"Redazione","twitter_card":"summary_large_image","twitter_misc":{"Scritto da":"Redazione","Tempo di lettura stimato":"10 minuti"},"schema":{"@context":"https:\/\/schema.org","@graph":[{"@type":"Article","@id":"https:\/\/blog.holyart.it\/it\/santi-e-beati\/perche-papa-francesco-ha-indetto-il-2021-come-lanno-di-san-giuseppe\/#article","isPartOf":{"@id":"https:\/\/blog.holyart.it\/it\/santi-e-beati\/perche-papa-francesco-ha-indetto-il-2021-come-lanno-di-san-giuseppe\/"},"author":{"name":"Redazione","@id":"https:\/\/blog.holyart.it\/it\/#\/schema\/person\/0a7b686e5af0f856ec1e390dd0baecda"},"headline":"Perch\u00e9 papa Francesco ha indetto il 2021 come l&#8217;anno di San Giuseppe?","datePublished":"2021-01-12T13:31:44+00:00","dateModified":"2024-09-10T14:47:46+00:00","mainEntityOfPage":{"@id":"https:\/\/blog.holyart.it\/it\/santi-e-beati\/perche-papa-francesco-ha-indetto-il-2021-come-lanno-di-san-giuseppe\/"},"wordCount":1450,"publisher":{"@id":"https:\/\/blog.holyart.it\/it\/#organization"},"image":{"@id":"https:\/\/blog.holyart.it\/it\/santi-e-beati\/perche-papa-francesco-ha-indetto-il-2021-come-lanno-di-san-giuseppe\/#primaryimage"},"thumbnailUrl":"https:\/\/blog.holyart.it\/it\/wp-content\/uploads\/sites\/17\/2021\/01\/san-giuseppe-dormiente.jpg","articleSection":["Religione","Santi e beati"],"inLanguage":"it-IT"},{"@type":"WebPage","@id":"https:\/\/blog.holyart.it\/it\/santi-e-beati\/perche-papa-francesco-ha-indetto-il-2021-come-lanno-di-san-giuseppe\/","url":"https:\/\/blog.holyart.it\/it\/santi-e-beati\/perche-papa-francesco-ha-indetto-il-2021-come-lanno-di-san-giuseppe\/","name":"Perch\u00e9 papa Francesco ha indetto il 2021 come l'anno di San Giuseppe? - Holyblog","isPartOf":{"@id":"https:\/\/blog.holyart.it\/it\/#website"},"primaryImageOfPage":{"@id":"https:\/\/blog.holyart.it\/it\/santi-e-beati\/perche-papa-francesco-ha-indetto-il-2021-come-lanno-di-san-giuseppe\/#primaryimage"},"image":{"@id":"https:\/\/blog.holyart.it\/it\/santi-e-beati\/perche-papa-francesco-ha-indetto-il-2021-come-lanno-di-san-giuseppe\/#primaryimage"},"thumbnailUrl":"https:\/\/blog.holyart.it\/it\/wp-content\/uploads\/sites\/17\/2021\/01\/san-giuseppe-dormiente.jpg","datePublished":"2021-01-12T13:31:44+00:00","dateModified":"2024-09-10T14:47:46+00:00","description":"Il 2021 sar\u00e0 l'anno di San Giuseppe. Ecco perch\u00e9 Papa Francesco ha decretato che un intero anno venisse dedicato a questo santo unico e speciale...","breadcrumb":{"@id":"https:\/\/blog.holyart.it\/it\/santi-e-beati\/perche-papa-francesco-ha-indetto-il-2021-come-lanno-di-san-giuseppe\/#breadcrumb"},"inLanguage":"it-IT","potentialAction":[{"@type":"ReadAction","target":["https:\/\/blog.holyart.it\/it\/santi-e-beati\/perche-papa-francesco-ha-indetto-il-2021-come-lanno-di-san-giuseppe\/"]}]},{"@type":"ImageObject","inLanguage":"it-IT","@id":"https:\/\/blog.holyart.it\/it\/santi-e-beati\/perche-papa-francesco-ha-indetto-il-2021-come-lanno-di-san-giuseppe\/#primaryimage","url":"https:\/\/blog.holyart.it\/it\/wp-content\/uploads\/sites\/17\/2021\/01\/san-giuseppe-dormiente.jpg","contentUrl":"https:\/\/blog.holyart.it\/it\/wp-content\/uploads\/sites\/17\/2021\/01\/san-giuseppe-dormiente.jpg","width":1000,"height":666,"caption":"San giuseppe dormiente"},{"@type":"BreadcrumbList","@id":"https:\/\/blog.holyart.it\/it\/santi-e-beati\/perche-papa-francesco-ha-indetto-il-2021-come-lanno-di-san-giuseppe\/#breadcrumb","itemListElement":[{"@type":"ListItem","position":1,"name":"Homepage","item":"https:\/\/blog.holyart.it\/it\/"},{"@type":"ListItem","position":2,"name":"Religione","item":"https:\/\/blog.holyart.it\/it\/articoli-religiosi\/"},{"@type":"ListItem","position":3,"name":"Perch\u00e9 papa Francesco ha indetto il 2021 come l&#8217;anno di San Giuseppe?"}]},{"@type":"WebSite","@id":"https:\/\/blog.holyart.it\/it\/#website","url":"https:\/\/blog.holyart.it\/it\/","name":"Holyblog","description":"Il Blog di Holyart.it","publisher":{"@id":"https:\/\/blog.holyart.it\/it\/#organization"},"potentialAction":[{"@type":"SearchAction","target":{"@type":"EntryPoint","urlTemplate":"https:\/\/blog.holyart.it\/it\/?s={search_term_string}"},"query-input":{"@type":"PropertyValueSpecification","valueRequired":true,"valueName":"search_term_string"}}],"inLanguage":"it-IT"},{"@type":"Organization","@id":"https:\/\/blog.holyart.it\/it\/#organization","name":"Holyblog","url":"https:\/\/blog.holyart.it\/it\/","logo":{"@type":"ImageObject","inLanguage":"it-IT","@id":"https:\/\/blog.holyart.it\/it\/#\/schema\/logo\/image\/","url":"https:\/\/blog.holyart.it\/it\/wp-content\/uploads\/sites\/17\/2022\/12\/Holyart_Blog_Logo.jpg","contentUrl":"https:\/\/blog.holyart.it\/it\/wp-content\/uploads\/sites\/17\/2022\/12\/Holyart_Blog_Logo.jpg","width":300,"height":50,"caption":"Holyblog"},"image":{"@id":"https:\/\/blog.holyart.it\/it\/#\/schema\/logo\/image\/"}},{"@type":"Person","@id":"https:\/\/blog.holyart.it\/it\/#\/schema\/person\/0a7b686e5af0f856ec1e390dd0baecda","name":"Redazione"}]}},"_links":{"self":[{"href":"https:\/\/blog.holyart.it\/it\/wp-json\/wp\/v2\/posts\/11583","targetHints":{"allow":["GET"]}}],"collection":[{"href":"https:\/\/blog.holyart.it\/it\/wp-json\/wp\/v2\/posts"}],"about":[{"href":"https:\/\/blog.holyart.it\/it\/wp-json\/wp\/v2\/types\/post"}],"author":[{"embeddable":true,"href":"https:\/\/blog.holyart.it\/it\/wp-json\/wp\/v2\/users\/1"}],"replies":[{"embeddable":true,"href":"https:\/\/blog.holyart.it\/it\/wp-json\/wp\/v2\/comments?post=11583"}],"version-history":[{"count":2,"href":"https:\/\/blog.holyart.it\/it\/wp-json\/wp\/v2\/posts\/11583\/revisions"}],"predecessor-version":[{"id":20540,"href":"https:\/\/blog.holyart.it\/it\/wp-json\/wp\/v2\/posts\/11583\/revisions\/20540"}],"wp:featuredmedia":[{"embeddable":true,"href":"https:\/\/blog.holyart.it\/it\/wp-json\/wp\/v2\/media\/11590"}],"wp:attachment":[{"href":"https:\/\/blog.holyart.it\/it\/wp-json\/wp\/v2\/media?parent=11583"}],"wp:term":[{"taxonomy":"category","embeddable":true,"href":"https:\/\/blog.holyart.it\/it\/wp-json\/wp\/v2\/categories?post=11583"},{"taxonomy":"post_tag","embeddable":true,"href":"https:\/\/blog.holyart.it\/it\/wp-json\/wp\/v2\/tags?post=11583"}],"curies":[{"name":"wp","href":"https:\/\/api.w.org\/{rel}","templated":true}]}}