{"id":11532,"date":"2021-01-07T11:03:53","date_gmt":"2021-01-07T10:03:53","guid":{"rendered":"https:\/\/blog.holyart.it\/it\/?p=11532"},"modified":"2023-09-21T15:12:47","modified_gmt":"2023-09-21T13:12:47","slug":"santa-teresa-di-lisieux-e-il-miracolo-delle-rose","status":"publish","type":"post","link":"https:\/\/blog.holyart.it\/it\/articoli-religiosi\/santa-teresa-di-lisieux-e-il-miracolo-delle-rose\/","title":{"rendered":"Santa Teresa di Lisieux e il miracolo delle rose"},"content":{"rendered":"<h4>Santa Teresa di Lisieux, morta a soli venticinque anni, dopo aver trascorso buona parte della sua vita in clausura, ci ha lasciato un modello di spiritualit\u00e0 unico e un esempio ancora seguito in tutto il mondo.<\/h4>\n\n<p>Che cosa rende un santo cos\u00ec speciale? Una definizione difficile da riassumere in poche righe, senza scadere nella banalit\u00e0, o perfino nell&#8217;errore. Consultando qualsiasi dizionario leggeremo che, nell&#8217;ambito della Chiesa cattolica, <strong>&#8220;santo&#8221;<\/strong> \u00e8 un uomo o una donna che ha saputo vivere <strong>seguendo l&#8217;esempio di Ges\u00f9<\/strong> e che durante la propria vita ha dato prova di <strong>virt\u00f9 cristiane<\/strong> fino ad annullare o addirittura sacrificare la propria esistenza in nome della propria fede. Che uomini e donne eccezionali devono essere questi santi, quasi degli eroi! Poi pensiamo a Santa Teresa di Lisieux, una ragazza nata e cresciuta in Normandia, in una famiglia come tante, entrata giovanissima tra le Carmelitane, e morta ad appena venticinque anni. Come pu\u00f2 questa giovane donna aver dimostrato tali e tante doti da giustificare la sua consacrazione, e soprattutto la grande venerazione di cui \u00e8 ancora oggetto? Ma c&#8217;\u00e8 di pi\u00f9.<\/p>\n<p>Santa Teresa di Lisieux non \u00e8 una semplice santa. \u00c8 venerata come <strong>patrona dei missionari<\/strong>, ed \u00e8 anche una delle sante patrone di Francia con Sant\u2019Anna, <strong><a href=\"https:\/\/www.holyart.it\/blog\/articoli-religiosi\/la-storia-di-santanna-madre-di-maria\/\">la mamma di Maria Vergine<\/a><\/strong>, e Giovanna d&#8217;Arco. Inoltre, dal 1997 <strong><a href=\"https:\/\/www.holyart.it\/blog\/santi-e-beati\/10-donne-cristiane-che-cambiarono-la-chiesa-e-il-mondo\/\">\u00e8 la terza donna proclamata Dottore della Chiesa<\/a>, insieme a <a href=\"https:\/\/www.holyart.it\/blog\/santi-e-beati\/santa-caterina-da-siena-patrona-ditalia\/\">Caterina da Siena<\/a> e <a href=\"https:\/\/www.holyart.it\/blog\/santi-e-beati\/santa-teresa-davila-religiosa-mistica-spagnola\">Teresa d&#8217;Avila<\/a><\/strong>, un titolo attribuito solo a chi ha saputo mostrare nei propri scritti, ma soprattutto nella vita, eccezionale illuminazione e sensibilit\u00e0 teologica.<\/p>\n<div class=\"link-article\">\n<p><img loading=\"lazy\" decoding=\"async\" class=\"alignleft size-full wp-image-11540\" src=\"https:\/\/blog.holyart.it\/it\/wp-content\/uploads\/sites\/17\/2021\/01\/santa-teresa.jpg\" alt=\"santa teresa\" width=\"150\" height=\"100\" data-kale-share-title=\"Santa Teresa di Lisieux e il miracolo delle rose\" data-kale-share-url=\"https:\/\/blog.holyart.it\/it\/?p=11532\" \/><\/p>\n<div class=\"leggi-anche\">Leggi anche:<\/div>\n<p><strong><a href=\"https:\/\/www.holyart.it\/blog\/santi-e-beati\/10-donne-cristiane-che-cambiarono-la-chiesa-e-il-mondo\/\">10 Donne Cristiane che cambiarono la Chiesa e il mondo<\/a><\/strong><br \/>\nEsistono molti pregiudizi riguardo al modo in cui vengono trattate le donne nella religione cristiana. Papa Francesco sulla necessit\u00e0&#8230;<\/p>\n<\/div>\n<p>Che cosa rende cos\u00ec speciale questa ragazza? Scopriamolo insieme.<\/p>\n<h2>La storia di Santa Teresa di Lisieux<\/h2>\n<p>La storia di <strong>Santa Teresa del Bambin Ges\u00f9<\/strong>, o <strong>Teresa del Bambin Ges\u00f9 e del Volto Santo<\/strong>, non sembra la storia di una donna eccezionale. Nata in seno a una famiglia amorevole e molto devota, sub\u00ec fin da piccola perdite e lutti, primo fra tutti quello della madre, che la lasci\u00f2 quando aveva appena quattro anni. Ciononostante crebbe circondata dall&#8217;amore del padre e delle quattro sorelle, dimostrando fin da piccola un inconsueto <strong>slancio d&#8217;amore nei confronti di Ges\u00f9<\/strong>.<\/p>\n<p>Nata ad Alen\u00e7on, in Normandia, nel 1873, si trasfer\u00ec a <strong>Lisieux<\/strong> dopo la morte della madre. Qui viene educata dalle <strong>monache benedettine<\/strong>, dimostrando la propria indole timida, malinconica e poco portata alla vita collettiva.<br \/>\nQuando la sorella maggiore Pauline decide di entrare nell\u2019ordine delle <strong>Carmelitane<\/strong>, anche Teresa sente che potrebbe essere felice come monaca. Dopo una terribile malattia, dalla quale guarisce grazie alle preghiere rivolte a Maria Vergine, la ragazzina riceve la <strong><a href=\"https:\/\/www.holyart.it\/it\/occasioni-speciali\/prima-comunione\">Prima comunione<\/a><\/strong>, che la conferma nella sua intenzione di <strong>dedicare la propria vita a Ges\u00f9.<\/strong><\/p>\n<p>Ma dovr\u00e0 attendere e scontrarsi con le perplessit\u00e0 dei parenti, preoccupati per la sua giovane et\u00e0 e per la salute cagionevole. Alla fine si recher\u00e0 in <strong>pellegrinaggio a Roma<\/strong>, implorando Papa Leone XIII di permetterle di prendere i voti. Appena quindicenne entra nello stesso monastero dove vivono gi\u00e0 due delle sue sorelle e compiuto il periodo di postulato e noviziato a diciassette anni e mezzo <strong>pronuncia i voti solenni<\/strong> e assume il nome religioso di Teresa del <strong><a href=\"https:\/\/www.holyart.it\/it\/natale\/statue-gesu-bambino\">Bambin Ges\u00f9<\/a><\/strong> e del Volto Santo.<\/p>\n<div class=\"link-product\">\n<div class=\"blocco-immagine\"><img loading=\"lazy\" decoding=\"async\" class=\"alignnone size-full wp-image-11558\" src=\"https:\/\/blog.holyart.it\/it\/wp-content\/uploads\/sites\/17\/2021\/01\/ges\u00f9-bambino.jpg\" alt=\"ges\u00f9 bambino\" width=\"100\" height=\"100\" data-kale-share-title=\"Santa Teresa di Lisieux e il miracolo delle rose\" data-kale-share-url=\"https:\/\/blog.holyart.it\/it\/?p=11532\" \/><\/div>\n<div class=\"blocco-contenuto\">\n<div class=\"blocco-acquista\">Acquista su Holyart:<\/div>\n<div class=\"blocco-titolo\"><a href=\"https:\/\/www.holyart.it\/it\/natale\/statue-gesu-bambino?sorter_id=4&amp;sort=20a\">Ges\u00f9 Bambino<\/a><\/div>\n<div class=\"blocco-descrizione\">Oltre 200 modelli diversi di statue di Ges\u00f9 Bambino<\/div>\n<\/div>\n<\/div>\n<p>Teresa morir\u00e0 il 30 settembre del 1897 senza aver mai lasciato il monastero. Le sue ultime parole furono: &#8220;<em>Dio mio, ti amo.&#8221; <\/em>Nei pochi anni trascorsi tra le suore lei scrisse un&#8217;opera autobiografica, la<strong> Storia di un&#8217;anima<\/strong>, ancora oggi uno dei testi fondamentali della spiritualit\u00e0 universale, oltre a numerose poesie, opere teatrali, preghiere e lettere.<br \/>\nVenne canonizzata nel 1925 da Papa Pio XI.<\/p>\n<h2>La teologia della &#8220;piccola via&#8221;<\/h2>\n<p>Ma di cosa parlano le opere lasciate da Santa Teresa? \u00c8 fondamentale comprendere in cosa consistesse la sua dottrina, dal momento che \u00e8 proprio in essa che risiede la ragione ultima della sua santit\u00e0. Come abbiamo gi\u00e0 accennato fin da bambina Teresa mostr\u00f2 una sorprendente propensione all&#8217;amore verso Ges\u00f9.\u00a0Sar\u00e0 proprio questo amore il cuore dell&#8217;opera teologica e letteraria di Teresa, la <strong>ricerca della santit\u00e0 nei piccoli gesti quotidiani<\/strong>, anche quelli apparentemente pi\u00f9 insignificanti, ma che diventano immensi se <strong>compiuti in nome dell&#8217;amore per Dio<\/strong>.<\/p>\n<p>Nessun atto di eroismo, nessuna azione plateale. Santa Teresa seguiva quella che lei stessa aveva definito la &#8220;<strong>piccola via<\/strong>&#8220;. Nel suo sentirsi piccola e inadeguata, nella quotidiana presa di consapevolezza dei <strong>propri limiti<\/strong>, lei si rendeva conto dell&#8217;enormit\u00e0 dell&#8217;amore di Dio, al quale non possiamo fare altro che affidarci <strong>come bambini<\/strong>, in assoluta fiducia e innocenza. Tanto pi\u00f9 ci sentiamo <strong>piccoli davanti a Dio<\/strong>, tanto pi\u00f9 Lui ci amer\u00e0, perch\u00e9 la Sua natura lo porta a chinarsi verso tutto ci\u00f2 che \u00e8 piccolo e bisognoso di amore. Per questo Santa Teresa si firmava nelle proprie lettere aggiungendo al proprio nome l&#8217;appellativo<em> piccolissima<\/em>.<\/p>\n<p>In quest&#8217;ottica l&#8217;abbandono a Dio coincide col nostro <strong>non sentirci nulla<\/strong>, col vivere costantemente la consapevolezza della nostra povert\u00e0, piccolezza. Questa <strong>inadeguatezza<\/strong>, questo senso di vuoto interiore viene cos\u00ec colmato della pienezza dell&#8217;amore di Dio. \u00c8 un concetto rivoluzionario, perch\u00e9 giustifica ogni difetto, ogni debolezza, perfino il peccato, che in questo modo diventano solo altri modi per avvicinare l&#8217;uomo, per sua natura piccolo e imperfetto, a Dio.<\/p>\n<p>Non solo, ma chi si arrende alla propria piccolezza e lascia che l&#8217;amore di Dio lo investa, elevandolo al di sopra dei propri limiti umani, trascina con s\u00e9 anche coloro che ama, in una sorta di <strong>comunione d&#8217;amore<\/strong>, un incontro di anime che abbraccia tutta la chiesa, come una grande famiglia.<\/p>\n<p>In questa lode alla piccolezza sta la grandezza di Santa Teresa del Bambino Ges\u00f9. Pio X, che la defin\u00ec <em>Stella del mio Pontificato<\/em> o anche<em> La mia piccola Santa<\/em>, disse che sebbene non vi fosse nulla di straordinario in lei, proprio la sua estrema semplicit\u00e0 era la cosa pi\u00f9 straordinaria e degna di attenzione che contraddistingueva la sua anima. E Benedetto XVI parlando della sua opera pi\u00f9 famosa, <strong>Storia di un\u2019anima<\/strong>, disse: <em>\u201cLa Storia di un&#8217;anima \u00e8 una meravigliosa storia d&#8217;Amore, raccontata con una tale autenticit\u00e0, semplicit\u00e0 e freschezza che il lettore non pu\u00f2 non rimanerne affascinato!\u201d<\/em><\/p>\n<div class=\"sp-styles-warning\" style=\"width: 450px; background-color: #FFF; color: #F00; border: 1px solid #F00; padding: 10px; font-size: 14px;\">\n\t\t\t<span style=\"font-weight: bold;\">Warning: The stylesheets were not loaded!<\/span> \n\t\t\tYou will need to change the <i>Load stylesheets<\/i> setting from <i>Automatically<\/i> to <i>On homepage<\/i> or <i>On all pages<\/i>. \n\t\t\tYou can set that <a style=\"text-decoration: underline; color: #F00;\" href=\"https:\/\/blog.holyart.it\/it\/wp-admin\/admin.php?page=sliderpro-settings\">here<\/a>.\n\t\t\t<\/div>\r\n<div id=\"slider-pro-94\" class=\"slider-pro sp-no-js\" style=\"width: 500px; height: 500px;\">\r\n\t<div class=\"sp-slides\">\r\n\t\t\r\n\t\t<div class=\"sp-slide\">\r\n\t\t\t<img loading=\"lazy\" decoding=\"async\" class=\"sp-image\" src=\"https:\/\/blog.holyart.it\/it\/wp-content\/uploads\/sites\/17\/2021\/01\/arazzo-santa-teresa.jpg\" alt=\"arazzo santa teresa\" width=\"500\" height=\"500\" \/>\r\n\t\t\t<div class=\"sp-thumbnail\"><img decoding=\"async\" src=\"https:\/\/blog.holyart.it\/it\/wp-content\/uploads\/sites\/17\/2021\/01\/santa-teresa-di-lisieux-arazzo-1.jpg\" alt=\"santa teresa di lisieux arazzo\" \/>\r\n\t\t\t<\/div>\r\n\t\t\t<div class=\"sp-caption\">Arazzo in tessuto jacquard rifinito a mano, interamente in Italia. <br \/><strong><a href=\"https:\/\/www.holyart.it\/it\/articoli-religiosi\/arazzi\/arazzo-santa-teresa-di-lisieux-cornice-ganci-55x40-cm\">Acquista su Holyart<\/a><\/strong><\/div>\r\n\t\t<\/div>\r\n\t\t<div class=\"sp-slide\">\r\n\t\t\t<img loading=\"lazy\" decoding=\"async\" class=\"sp-image\" src=\"https:\/\/blog.holyart.it\/it\/wp-content\/uploads\/sites\/17\/2021\/01\/santa-teresa-di-lisieux.jpg\" alt=\"santa-teresa-di-lisieux\" width=\"500\" height=\"500\" \/>\r\n\t\t\t<div class=\"sp-thumbnail\"><img decoding=\"async\" src=\"https:\/\/blog.holyart.it\/it\/wp-content\/uploads\/sites\/17\/2021\/01\/santa-teresa-di-lisieux-rose-150x150.jpg\" alt=\"santa-teresa-di-lisieux-rose\" \/>\r\n\t\t\t<\/div>\r\n\t\t\t<div class=\"sp-caption\">Statua in legno dipinta a mano raffigurante S.Teresa di Lisieux (o del Bambin Ges\u00f9)<br \/><strong><a href=\"https:\/\/www.holyart.it\/it\/articoli-religiosi\/statue\/statue-in-legno-dipinto\/santa-teresa-di-lisieux\">Acquista su Holyart<\/a><\/strong><\/div>\r\n\t\t<\/div>\r\n\t\t<div class=\"sp-slide\">\r\n\t\t\t<img loading=\"lazy\" decoding=\"async\" class=\"sp-image\" src=\"https:\/\/blog.holyart.it\/it\/wp-content\/uploads\/sites\/17\/2021\/01\/medaglia-santa-teresa-bambin-gesu-argento.jpg\" alt=\"medaglia-santa-teresa-bambin-gesu-argento\" width=\"500\" height=\"500\" \/>\r\n\t\t\t<div class=\"sp-thumbnail\"><img decoding=\"async\" src=\"https:\/\/blog.holyart.it\/it\/wp-content\/uploads\/sites\/17\/2021\/01\/medaglia-santa-teresa-bambin-gesu-argento-925-150x150.jpg\" alt=\"medaglia-santa-teresa-bambin-gesu-argento-925\" \/>\r\n\t\t\t<\/div>\r\n\t\t\t<div class=\"sp-caption\">Medaglia con l'effige di Santa Teresa del Bambin Ges\u00f9 in argento 925, anallergica<br \/><strong><a href=\"https:\/\/www.holyart.it\/it\/articoli-religiosi\/gioielli\/pendenti-croci-spille-catenelle\/medaglia-santa-teresa-bambin-gesu-argento-925-rodiata-10-mm\">Acquista su Holyart<\/a><\/strong><\/div>\r\n\t\t<\/div>\r\n\t\t<div class=\"sp-slide\">\r\n\t\t\t<img loading=\"lazy\" decoding=\"async\" class=\"sp-image\" src=\"https:\/\/blog.holyart.it\/it\/wp-content\/uploads\/sites\/17\/2021\/01\/quadro-su-tela-pittorica-santa-teresa-del-bambin-gesu.jpg\" alt=\"quadro-su-tela-pittorica-santa-teresa-del-bambin-gesu\" width=\"500\" height=\"500\" \/>\r\n\t\t\t<div class=\"sp-thumbnail\"><img decoding=\"async\" src=\"https:\/\/blog.holyart.it\/it\/wp-content\/uploads\/sites\/17\/2021\/01\/quadro-su-tela-pittorica-santa-teresa-del-40x30-cm-150x150.jpg\" alt=\"quadro-su-tela-pittorica-santa-teresa-del-40x30-cm\" \/>\r\n\t\t\t<\/div>\r\n\t\t\t<div class=\"sp-caption\"> In questa immagine la misticit\u00e0 del soggetto viene esaltata dall\u2019effetto dalla tela pittorica.<br \/><strong><a href=\"https:\/\/www.holyart.it\/it\/articoli-religiosi\/quadri-stampe-codici-miniati\/tela-pittorica-quadro-santa-teresa-del-bambin-gesu-40x30-cm\">Acquista su Holyart<\/a><\/strong><\/div>\r\n\t\t<\/div>\r\n\t\t<div class=\"sp-slide\">\r\n\t\t\t<img loading=\"lazy\" decoding=\"async\" class=\"sp-image\" src=\"https:\/\/blog.holyart.it\/it\/wp-content\/uploads\/sites\/17\/2021\/01\/santa-teresa-60-cm-gesso-madreperlato.jpg\" alt=\"santa-teresa-60-cm-gesso-madreperlato\" width=\"500\" height=\"500\" \/>\r\n\t\t\t<div class=\"sp-thumbnail\"><img decoding=\"async\" src=\"https:\/\/blog.holyart.it\/it\/wp-content\/uploads\/sites\/17\/2021\/01\/santa-teresa-gesso-madreperlato-150x150.jpg\" alt=\"santa-teresa-gesso-madreperlato\" \/>\r\n\t\t\t<\/div>\r\n\t\t\t<div class=\"sp-caption\"> Santa Teresa in gesso madreperlato. Grazie all\u2019effetto madreperlato gli artigiani sono stati capaci di creare un effetto luminoso.<br \/><strong><a href=\"https:\/\/www.holyart.it\/it\/articoli-religiosi\/statue\/statue-in-gesso\/santa-teresa-60-cm-gesso-madreperlato\">Acquista su Holyart<\/a><\/strong><\/div>\r\n\t\t<\/div>\r\n\t<\/div>\r\n<\/div>\n<h2>Santa Teresa di Lisieux Dottore della Chiesa<\/h2>\n<p>Fu Giovanni Paolo II nel 1997 a proclamare Santa Teresa <a href=\"https:\/\/www.holyart.it\/blog\/santi-e-beati\/i-dottori-della-chiesa-chi-sono-e-i-requisiti-per-avere-questo-titolo\/\"><strong>Dottore della Chiesa<\/strong><\/a>, in occasione del centenario della sua morte. E questo sebbene Teresa non avesse potuto frequentare l&#8217;universit\u00e0, n\u00e9 condurre studi regolari. Ma seppe vivere la propria vocazione facendo proprio il<strong> comandamento dell&#8217;amore <\/strong>in un modo cos\u00ec pieno e totale, vivendo di preghiera e comunione e fornendo un esempio incomparabile. Anche per questo \u00e8 venerata come <strong>patrona dei missionari<\/strong>, sebbene a lei non venne mai data la possibilit\u00e0 di operare nelle missioni.<\/p>\n<div class=\"link-article\">\n<p><img loading=\"lazy\" decoding=\"async\" class=\"alignleft size-full wp-image-11548\" src=\"https:\/\/blog.holyart.it\/it\/wp-content\/uploads\/sites\/17\/2021\/01\/santa-teresa-dottore.jpg\" alt=\"santa teresa dottore\" width=\"150\" height=\"100\" data-kale-share-title=\"Santa Teresa di Lisieux e il miracolo delle rose\" data-kale-share-url=\"https:\/\/blog.holyart.it\/it\/?p=11532\" \/><\/p>\n<div class=\"leggi-anche\">Leggi anche:<\/div>\n<p><strong><a href=\"https:\/\/www.holyart.it\/blog\/santi-e-beati\/i-dottori-della-chiesa-chi-sono-e-i-requisiti-per-avere-questo-titolo\/\">I dottori della Chiesa: quali sono i requisiti per questo titolo<\/a><\/strong><br \/>\nIl 1 ottobre si festeggia Santa Teresa di Lisieux, una delle quattro donne proclamate Dottori della Chiesa. Ma chi sono i Dottori della Chiesa?&#8230;<\/p>\n<\/div>\n<p>Santa Teresa di Ges\u00f9 Bambino e del Volto Santo ha meritato il titolo di <strong>Dottore della Chiesa <\/strong>nonostante fosse solo una donna, per giunta morta cos\u00ec giovane, e nonostante fosse per indole e vita una contemplativa, non certo un&#8217;eroina o una persona d&#8217;azione. Ma il suo cammino spirituale \u00e8 stato cos\u00ec innovativo e maturo, i suoi scritti cos\u00ec ricchi di intuizioni di fede talmente vaste e profonde, da farne un riferimento anche per intellettuali e uomini di pensiero e di spirito molto pi\u00f9 celebri e grandi.<\/p>\n<h2>Significato del nome Teresa<\/h2>\n<p>Il nome Teresa deriva dal greco e significa <em>&#8220;cacciatrice&#8221;<\/em>. Reso famoso da Teresa D\u2019Avila, patrona di Napoli, e Teresa di Lisieux, ma anche da madre Teresa di Calcutta, in tempi pi\u00f9 recenti, \u00e8 un nome che custodisce in s\u00e9 una nota aspra e al contempo molto dolce. L&#8217;onomastico cade il 15 ottobre (memoria di Santa Teresa D\u2019Avila), il 1 o 3 ottobre (memoria di Santa Teresa di Lisieux o del Bambin Ges\u00f9).<\/p>\n<h2>Santa Teresa di Lisieux Novena delle rose<\/h2>\n<p><strong><a href=\"https:\/\/www.holyart.it\/it\/articoli-religiosi\/libri-e-testi-sacri\/calendari-e-altri-libri-religiosi\/libretto-rosario-santa-teresa-di-lisieux-e-rosario-ita\">La novena delle rose di Santa Teresa del Bambin Ges\u00f9<\/a><\/strong> trae ispirazione dalle parole pronunciate da Santa Teresa stessa, che profetizzando la propria morte annunci\u00f2: <em>\u201cVedrete al momento della mia morte che cascata di rose far\u00f2 piovere sulla terra.\u201d<\/em> Spesso l&#8217;iconografia ci mostra Santa Teresa con le mani piene di rose, che simboleggiano le <strong>grazie<\/strong> da lei dispensate in vita e anche dopo la sua morte.<\/p>\n<div class=\"link-product\">\n<div class=\"blocco-immagine\"><img loading=\"lazy\" decoding=\"async\" class=\"alignnone size-full wp-image-11556\" src=\"https:\/\/blog.holyart.it\/it\/wp-content\/uploads\/sites\/17\/2021\/01\/novena-delle-rose-1.jpg\" alt=\"novena delle rose\" width=\"100\" height=\"100\" data-kale-share-title=\"Santa Teresa di Lisieux e il miracolo delle rose\" data-kale-share-url=\"https:\/\/blog.holyart.it\/it\/?p=11532\" \/><\/div>\n<div class=\"blocco-contenuto\">\n<div class=\"blocco-acquista\">Acquista su Holyart:<\/div>\n<div class=\"blocco-titolo\"><a href=\"https:\/\/www.holyart.it\/it\/articoli-religiosi\/libri-e-testi-sacri\/calendari-e-altri-libri-religiosi\/libretto-rosario-santa-teresa-lisieux-e-rosario-ita\">Rosario di Santa Teresa di Lisieux<\/a><\/div>\n<div class=\"blocco-descrizione\">Libretto con preghiera e Rosario della Novena delle Rose<\/div>\n<\/div>\n<\/div>\n<p>Nel 1925, un gesuita di nome <strong>Padre Putigan<\/strong> cominci\u00f2 a recitare una novena per invocare una grazia importante, e chiese a Dio come segno di benevolenza e garanzia, una rosa. La ottenne il terzo giorno, e con essa la grazia, e cos\u00ec cominci\u00f2\u00a0un&#8217;altra novena e chiese un&#8217;altra rosa.<br \/>\nNacque cos\u00ec la novena miracolosa delle rose, che oggi si pratica ovunque nel mondo. Pu\u00f2 essere recitata in qualsiasi periodo, ma i devoti di Santa Teresa solitamente scelgono di recitarla dal 9 al 17 di ogni mese.<\/p>\n<p><em>Santissima Trinit\u00e0, Padre, Figlio e Spirito Santo, io Vi ringrazio per tutti i favori e le grazie di cui avete arricchito l&#8217;anima della Vostra serva Santa Teresa di Ges\u00f9 Bambino e del Volto Santo, Dottore della chiesa, durante i suoi ventiquattro anni trascorsi su questa terra. Per i suoi meriti concedetemi la grazia che ardentemente desidero (<\/em>si pronuncia qui la grazia desiderata<em>), se \u00e8 conforme alla Vostra santa volont\u00e0 e per il bene della mia anima.<\/em><\/p>\n<p><em>Aiuta la mia fede e la mia speranza, o Santa Teresa di Ges\u00f9 Bambino e del Volto Santo. Realizza ancora una volta la tua promessa di passare il tuo cielo &#8220;a fare del bene sulla terra&#8221;, permettendo che io riceva una rosa come segno della grazia che desidero ottenere.<\/em><\/p>\n<p>Si recitano poi 24 Gloria, in ringraziamento a Dio per i doni concessi a Teresa nei ventiquattro anni della sua vita terrena.<br \/>\nAd ogni Gloria segue l&#8217;invocazione:<\/p>\n<p><em>Santa Teresa di Ges\u00f9 Bambino e del Volto Santo, prega per noi.<\/em><br \/>\n<em>Santa Teresa di Ges\u00f9 Bambino, che durante la tua esistenza terrena hai amato Dio\u00a0 sopra ogni cosa e ti sei offerta vittima al Suo amore misericordioso, aiutami a rendere preziosi tutti gli istanti della mia vita, trasformandoli in atti di vero amore.<\/em><\/p>\n<p><em>Concedimi di seguire la tua piccola via, di vivere cio\u00e8 nello spirito di evangelica semplicit\u00e0 e umilt\u00e0, in un totale abbandono ai voleri del Signore.<br \/>\nInsegnami ad accettare ogni sofferenza come dono prezioso fatto a chi pi\u00f9 ama.<\/em><br \/>\n<em>Possa anch&#8217;io chiudere la mia vita terrena ripetendo le tue ultime parole:\u00a0Dio mio, ti amo.<\/em><\/p>\n<p>&nbsp;<\/p>\n","protected":false},"excerpt":{"rendered":"<p>Santa Teresa di Lisieux, morta a soli venticinque anni, dopo aver trascorso buona parte della sua vita in clausura, ci ha lasciato un modello di spiritualit\u00e0 unico e un esempio ancora seguito in tutto il mondo. Che cosa rende un santo cos\u00ec speciale? Una definizione&hellip;<\/p>\n","protected":false},"author":1,"featured_media":11561,"comment_status":"closed","ping_status":"open","sticky":false,"template":"","format":"standard","meta":{"_acf_changed":false,"footnotes":""},"categories":[16,15],"tags":[],"class_list":["post-11532","post","type-post","status-publish","format-standard","has-post-thumbnail","hentry","category-articoli-religiosi","category-santi-e-beati"],"acf":[],"yoast_head":"<!-- This site is optimized with the Yoast SEO plugin v26.6 - https:\/\/yoast.com\/wordpress\/plugins\/seo\/ -->\n<title>Santa Teresa di Lisieux e il miracolo delle rose - Holyblog<\/title>\n<meta name=\"description\" content=\"Santa Teresa di Lisieux, dopo aver trascorso buona parte della sua vita in clausura, ci ha lasciato un modello di spiritualit\u00e0...\" \/>\n<meta name=\"robots\" content=\"index, follow, max-snippet:-1, max-image-preview:large, max-video-preview:-1\" \/>\n<link rel=\"canonical\" href=\"https:\/\/blog.holyart.it\/it\/articoli-religiosi\/santa-teresa-di-lisieux-e-il-miracolo-delle-rose\/\" \/>\n<meta property=\"og:locale\" content=\"it_IT\" \/>\n<meta property=\"og:type\" content=\"article\" \/>\n<meta property=\"og:title\" content=\"Santa Teresa di Lisieux e il miracolo delle rose - Holyblog\" \/>\n<meta property=\"og:description\" content=\"Santa Teresa di Lisieux, dopo aver trascorso buona parte della sua vita in clausura, ci ha lasciato un modello di spiritualit\u00e0...\" \/>\n<meta property=\"og:url\" content=\"https:\/\/blog.holyart.it\/it\/articoli-religiosi\/santa-teresa-di-lisieux-e-il-miracolo-delle-rose\/\" \/>\n<meta property=\"og:site_name\" content=\"Holyblog\" \/>\n<meta property=\"article:published_time\" content=\"2021-01-07T10:03:53+00:00\" \/>\n<meta property=\"article:modified_time\" content=\"2023-09-21T13:12:47+00:00\" \/>\n<meta property=\"og:image\" content=\"https:\/\/blog.holyart.it\/it\/wp-content\/uploads\/sites\/17\/2021\/01\/santa-teresa-di-lisieux-novena-delle-rose.jpg\" \/>\n\t<meta property=\"og:image:width\" content=\"1000\" \/>\n\t<meta property=\"og:image:height\" content=\"666\" \/>\n\t<meta property=\"og:image:type\" content=\"image\/jpeg\" \/>\n<meta name=\"author\" content=\"Redazione\" \/>\n<meta name=\"twitter:card\" content=\"summary_large_image\" \/>\n<meta name=\"twitter:label1\" content=\"Scritto da\" \/>\n\t<meta name=\"twitter:data1\" content=\"Redazione\" \/>\n\t<meta name=\"twitter:label2\" content=\"Tempo di lettura stimato\" \/>\n\t<meta name=\"twitter:data2\" content=\"11 minuti\" \/>\n<script type=\"application\/ld+json\" class=\"yoast-schema-graph\">{\"@context\":\"https:\/\/schema.org\",\"@graph\":[{\"@type\":\"Article\",\"@id\":\"https:\/\/blog.holyart.it\/it\/articoli-religiosi\/santa-teresa-di-lisieux-e-il-miracolo-delle-rose\/#article\",\"isPartOf\":{\"@id\":\"https:\/\/blog.holyart.it\/it\/articoli-religiosi\/santa-teresa-di-lisieux-e-il-miracolo-delle-rose\/\"},\"author\":{\"name\":\"Redazione\",\"@id\":\"https:\/\/blog.holyart.it\/it\/#\/schema\/person\/0a7b686e5af0f856ec1e390dd0baecda\"},\"headline\":\"Santa Teresa di Lisieux e il miracolo delle rose\",\"datePublished\":\"2021-01-07T10:03:53+00:00\",\"dateModified\":\"2023-09-21T13:12:47+00:00\",\"mainEntityOfPage\":{\"@id\":\"https:\/\/blog.holyart.it\/it\/articoli-religiosi\/santa-teresa-di-lisieux-e-il-miracolo-delle-rose\/\"},\"wordCount\":1747,\"publisher\":{\"@id\":\"https:\/\/blog.holyart.it\/it\/#organization\"},\"image\":{\"@id\":\"https:\/\/blog.holyart.it\/it\/articoli-religiosi\/santa-teresa-di-lisieux-e-il-miracolo-delle-rose\/#primaryimage\"},\"thumbnailUrl\":\"https:\/\/blog.holyart.it\/it\/wp-content\/uploads\/sites\/17\/2021\/01\/santa-teresa-di-lisieux-novena-delle-rose.jpg\",\"articleSection\":[\"Religione\",\"Santi e beati\"],\"inLanguage\":\"it-IT\"},{\"@type\":\"WebPage\",\"@id\":\"https:\/\/blog.holyart.it\/it\/articoli-religiosi\/santa-teresa-di-lisieux-e-il-miracolo-delle-rose\/\",\"url\":\"https:\/\/blog.holyart.it\/it\/articoli-religiosi\/santa-teresa-di-lisieux-e-il-miracolo-delle-rose\/\",\"name\":\"Santa Teresa di Lisieux e il miracolo delle rose - Holyblog\",\"isPartOf\":{\"@id\":\"https:\/\/blog.holyart.it\/it\/#website\"},\"primaryImageOfPage\":{\"@id\":\"https:\/\/blog.holyart.it\/it\/articoli-religiosi\/santa-teresa-di-lisieux-e-il-miracolo-delle-rose\/#primaryimage\"},\"image\":{\"@id\":\"https:\/\/blog.holyart.it\/it\/articoli-religiosi\/santa-teresa-di-lisieux-e-il-miracolo-delle-rose\/#primaryimage\"},\"thumbnailUrl\":\"https:\/\/blog.holyart.it\/it\/wp-content\/uploads\/sites\/17\/2021\/01\/santa-teresa-di-lisieux-novena-delle-rose.jpg\",\"datePublished\":\"2021-01-07T10:03:53+00:00\",\"dateModified\":\"2023-09-21T13:12:47+00:00\",\"description\":\"Santa Teresa di Lisieux, dopo aver trascorso buona parte della sua vita in clausura, ci ha lasciato un modello di spiritualit\u00e0...\",\"breadcrumb\":{\"@id\":\"https:\/\/blog.holyart.it\/it\/articoli-religiosi\/santa-teresa-di-lisieux-e-il-miracolo-delle-rose\/#breadcrumb\"},\"inLanguage\":\"it-IT\",\"potentialAction\":[{\"@type\":\"ReadAction\",\"target\":[\"https:\/\/blog.holyart.it\/it\/articoli-religiosi\/santa-teresa-di-lisieux-e-il-miracolo-delle-rose\/\"]}]},{\"@type\":\"ImageObject\",\"inLanguage\":\"it-IT\",\"@id\":\"https:\/\/blog.holyart.it\/it\/articoli-religiosi\/santa-teresa-di-lisieux-e-il-miracolo-delle-rose\/#primaryimage\",\"url\":\"https:\/\/blog.holyart.it\/it\/wp-content\/uploads\/sites\/17\/2021\/01\/santa-teresa-di-lisieux-novena-delle-rose.jpg\",\"contentUrl\":\"https:\/\/blog.holyart.it\/it\/wp-content\/uploads\/sites\/17\/2021\/01\/santa-teresa-di-lisieux-novena-delle-rose.jpg\",\"width\":1000,\"height\":666,\"caption\":\"santa teresa di lisieux novena delle rose\"},{\"@type\":\"BreadcrumbList\",\"@id\":\"https:\/\/blog.holyart.it\/it\/articoli-religiosi\/santa-teresa-di-lisieux-e-il-miracolo-delle-rose\/#breadcrumb\",\"itemListElement\":[{\"@type\":\"ListItem\",\"position\":1,\"name\":\"Homepage\",\"item\":\"https:\/\/blog.holyart.it\/it\/\"},{\"@type\":\"ListItem\",\"position\":2,\"name\":\"Religione\",\"item\":\"https:\/\/blog.holyart.it\/it\/articoli-religiosi\/\"},{\"@type\":\"ListItem\",\"position\":3,\"name\":\"Santa Teresa di Lisieux e il miracolo delle rose\"}]},{\"@type\":\"WebSite\",\"@id\":\"https:\/\/blog.holyart.it\/it\/#website\",\"url\":\"https:\/\/blog.holyart.it\/it\/\",\"name\":\"Holyblog\",\"description\":\"Il Blog di Holyart.it\",\"publisher\":{\"@id\":\"https:\/\/blog.holyart.it\/it\/#organization\"},\"potentialAction\":[{\"@type\":\"SearchAction\",\"target\":{\"@type\":\"EntryPoint\",\"urlTemplate\":\"https:\/\/blog.holyart.it\/it\/?s={search_term_string}\"},\"query-input\":{\"@type\":\"PropertyValueSpecification\",\"valueRequired\":true,\"valueName\":\"search_term_string\"}}],\"inLanguage\":\"it-IT\"},{\"@type\":\"Organization\",\"@id\":\"https:\/\/blog.holyart.it\/it\/#organization\",\"name\":\"Holyblog\",\"url\":\"https:\/\/blog.holyart.it\/it\/\",\"logo\":{\"@type\":\"ImageObject\",\"inLanguage\":\"it-IT\",\"@id\":\"https:\/\/blog.holyart.it\/it\/#\/schema\/logo\/image\/\",\"url\":\"https:\/\/blog.holyart.it\/it\/wp-content\/uploads\/sites\/17\/2022\/12\/Holyart_Blog_Logo.jpg\",\"contentUrl\":\"https:\/\/blog.holyart.it\/it\/wp-content\/uploads\/sites\/17\/2022\/12\/Holyart_Blog_Logo.jpg\",\"width\":300,\"height\":50,\"caption\":\"Holyblog\"},\"image\":{\"@id\":\"https:\/\/blog.holyart.it\/it\/#\/schema\/logo\/image\/\"}},{\"@type\":\"Person\",\"@id\":\"https:\/\/blog.holyart.it\/it\/#\/schema\/person\/0a7b686e5af0f856ec1e390dd0baecda\",\"name\":\"Redazione\"}]}<\/script>\n<!-- \/ Yoast SEO plugin. -->","yoast_head_json":{"title":"Santa Teresa di Lisieux e il miracolo delle rose - Holyblog","description":"Santa Teresa di Lisieux, dopo aver trascorso buona parte della sua vita in clausura, ci ha lasciato un modello di spiritualit\u00e0...","robots":{"index":"index","follow":"follow","max-snippet":"max-snippet:-1","max-image-preview":"max-image-preview:large","max-video-preview":"max-video-preview:-1"},"canonical":"https:\/\/blog.holyart.it\/it\/articoli-religiosi\/santa-teresa-di-lisieux-e-il-miracolo-delle-rose\/","og_locale":"it_IT","og_type":"article","og_title":"Santa Teresa di Lisieux e il miracolo delle rose - Holyblog","og_description":"Santa Teresa di Lisieux, dopo aver trascorso buona parte della sua vita in clausura, ci ha lasciato un modello di spiritualit\u00e0...","og_url":"https:\/\/blog.holyart.it\/it\/articoli-religiosi\/santa-teresa-di-lisieux-e-il-miracolo-delle-rose\/","og_site_name":"Holyblog","article_published_time":"2021-01-07T10:03:53+00:00","article_modified_time":"2023-09-21T13:12:47+00:00","og_image":[{"width":1000,"height":666,"url":"https:\/\/blog.holyart.it\/it\/wp-content\/uploads\/sites\/17\/2021\/01\/santa-teresa-di-lisieux-novena-delle-rose.jpg","type":"image\/jpeg"}],"author":"Redazione","twitter_card":"summary_large_image","twitter_misc":{"Scritto da":"Redazione","Tempo di lettura stimato":"11 minuti"},"schema":{"@context":"https:\/\/schema.org","@graph":[{"@type":"Article","@id":"https:\/\/blog.holyart.it\/it\/articoli-religiosi\/santa-teresa-di-lisieux-e-il-miracolo-delle-rose\/#article","isPartOf":{"@id":"https:\/\/blog.holyart.it\/it\/articoli-religiosi\/santa-teresa-di-lisieux-e-il-miracolo-delle-rose\/"},"author":{"name":"Redazione","@id":"https:\/\/blog.holyart.it\/it\/#\/schema\/person\/0a7b686e5af0f856ec1e390dd0baecda"},"headline":"Santa Teresa di Lisieux e il miracolo delle rose","datePublished":"2021-01-07T10:03:53+00:00","dateModified":"2023-09-21T13:12:47+00:00","mainEntityOfPage":{"@id":"https:\/\/blog.holyart.it\/it\/articoli-religiosi\/santa-teresa-di-lisieux-e-il-miracolo-delle-rose\/"},"wordCount":1747,"publisher":{"@id":"https:\/\/blog.holyart.it\/it\/#organization"},"image":{"@id":"https:\/\/blog.holyart.it\/it\/articoli-religiosi\/santa-teresa-di-lisieux-e-il-miracolo-delle-rose\/#primaryimage"},"thumbnailUrl":"https:\/\/blog.holyart.it\/it\/wp-content\/uploads\/sites\/17\/2021\/01\/santa-teresa-di-lisieux-novena-delle-rose.jpg","articleSection":["Religione","Santi e beati"],"inLanguage":"it-IT"},{"@type":"WebPage","@id":"https:\/\/blog.holyart.it\/it\/articoli-religiosi\/santa-teresa-di-lisieux-e-il-miracolo-delle-rose\/","url":"https:\/\/blog.holyart.it\/it\/articoli-religiosi\/santa-teresa-di-lisieux-e-il-miracolo-delle-rose\/","name":"Santa Teresa di Lisieux e il miracolo delle rose - Holyblog","isPartOf":{"@id":"https:\/\/blog.holyart.it\/it\/#website"},"primaryImageOfPage":{"@id":"https:\/\/blog.holyart.it\/it\/articoli-religiosi\/santa-teresa-di-lisieux-e-il-miracolo-delle-rose\/#primaryimage"},"image":{"@id":"https:\/\/blog.holyart.it\/it\/articoli-religiosi\/santa-teresa-di-lisieux-e-il-miracolo-delle-rose\/#primaryimage"},"thumbnailUrl":"https:\/\/blog.holyart.it\/it\/wp-content\/uploads\/sites\/17\/2021\/01\/santa-teresa-di-lisieux-novena-delle-rose.jpg","datePublished":"2021-01-07T10:03:53+00:00","dateModified":"2023-09-21T13:12:47+00:00","description":"Santa Teresa di Lisieux, dopo aver trascorso buona parte della sua vita in clausura, ci ha lasciato un modello di spiritualit\u00e0...","breadcrumb":{"@id":"https:\/\/blog.holyart.it\/it\/articoli-religiosi\/santa-teresa-di-lisieux-e-il-miracolo-delle-rose\/#breadcrumb"},"inLanguage":"it-IT","potentialAction":[{"@type":"ReadAction","target":["https:\/\/blog.holyart.it\/it\/articoli-religiosi\/santa-teresa-di-lisieux-e-il-miracolo-delle-rose\/"]}]},{"@type":"ImageObject","inLanguage":"it-IT","@id":"https:\/\/blog.holyart.it\/it\/articoli-religiosi\/santa-teresa-di-lisieux-e-il-miracolo-delle-rose\/#primaryimage","url":"https:\/\/blog.holyart.it\/it\/wp-content\/uploads\/sites\/17\/2021\/01\/santa-teresa-di-lisieux-novena-delle-rose.jpg","contentUrl":"https:\/\/blog.holyart.it\/it\/wp-content\/uploads\/sites\/17\/2021\/01\/santa-teresa-di-lisieux-novena-delle-rose.jpg","width":1000,"height":666,"caption":"santa teresa di lisieux novena delle rose"},{"@type":"BreadcrumbList","@id":"https:\/\/blog.holyart.it\/it\/articoli-religiosi\/santa-teresa-di-lisieux-e-il-miracolo-delle-rose\/#breadcrumb","itemListElement":[{"@type":"ListItem","position":1,"name":"Homepage","item":"https:\/\/blog.holyart.it\/it\/"},{"@type":"ListItem","position":2,"name":"Religione","item":"https:\/\/blog.holyart.it\/it\/articoli-religiosi\/"},{"@type":"ListItem","position":3,"name":"Santa Teresa di Lisieux e il miracolo delle rose"}]},{"@type":"WebSite","@id":"https:\/\/blog.holyart.it\/it\/#website","url":"https:\/\/blog.holyart.it\/it\/","name":"Holyblog","description":"Il Blog di Holyart.it","publisher":{"@id":"https:\/\/blog.holyart.it\/it\/#organization"},"potentialAction":[{"@type":"SearchAction","target":{"@type":"EntryPoint","urlTemplate":"https:\/\/blog.holyart.it\/it\/?s={search_term_string}"},"query-input":{"@type":"PropertyValueSpecification","valueRequired":true,"valueName":"search_term_string"}}],"inLanguage":"it-IT"},{"@type":"Organization","@id":"https:\/\/blog.holyart.it\/it\/#organization","name":"Holyblog","url":"https:\/\/blog.holyart.it\/it\/","logo":{"@type":"ImageObject","inLanguage":"it-IT","@id":"https:\/\/blog.holyart.it\/it\/#\/schema\/logo\/image\/","url":"https:\/\/blog.holyart.it\/it\/wp-content\/uploads\/sites\/17\/2022\/12\/Holyart_Blog_Logo.jpg","contentUrl":"https:\/\/blog.holyart.it\/it\/wp-content\/uploads\/sites\/17\/2022\/12\/Holyart_Blog_Logo.jpg","width":300,"height":50,"caption":"Holyblog"},"image":{"@id":"https:\/\/blog.holyart.it\/it\/#\/schema\/logo\/image\/"}},{"@type":"Person","@id":"https:\/\/blog.holyart.it\/it\/#\/schema\/person\/0a7b686e5af0f856ec1e390dd0baecda","name":"Redazione"}]}},"_links":{"self":[{"href":"https:\/\/blog.holyart.it\/it\/wp-json\/wp\/v2\/posts\/11532","targetHints":{"allow":["GET"]}}],"collection":[{"href":"https:\/\/blog.holyart.it\/it\/wp-json\/wp\/v2\/posts"}],"about":[{"href":"https:\/\/blog.holyart.it\/it\/wp-json\/wp\/v2\/types\/post"}],"author":[{"embeddable":true,"href":"https:\/\/blog.holyart.it\/it\/wp-json\/wp\/v2\/users\/1"}],"replies":[{"embeddable":true,"href":"https:\/\/blog.holyart.it\/it\/wp-json\/wp\/v2\/comments?post=11532"}],"version-history":[{"count":1,"href":"https:\/\/blog.holyart.it\/it\/wp-json\/wp\/v2\/posts\/11532\/revisions"}],"predecessor-version":[{"id":18449,"href":"https:\/\/blog.holyart.it\/it\/wp-json\/wp\/v2\/posts\/11532\/revisions\/18449"}],"wp:featuredmedia":[{"embeddable":true,"href":"https:\/\/blog.holyart.it\/it\/wp-json\/wp\/v2\/media\/11561"}],"wp:attachment":[{"href":"https:\/\/blog.holyart.it\/it\/wp-json\/wp\/v2\/media?parent=11532"}],"wp:term":[{"taxonomy":"category","embeddable":true,"href":"https:\/\/blog.holyart.it\/it\/wp-json\/wp\/v2\/categories?post=11532"},{"taxonomy":"post_tag","embeddable":true,"href":"https:\/\/blog.holyart.it\/it\/wp-json\/wp\/v2\/tags?post=11532"}],"curies":[{"name":"wp","href":"https:\/\/api.w.org\/{rel}","templated":true}]}}