{"id":11335,"date":"2020-12-11T12:01:41","date_gmt":"2020-12-11T11:01:41","guid":{"rendered":"https:\/\/blog.holyart.it\/it\/?p=11335"},"modified":"2024-11-22T17:09:05","modified_gmt":"2024-11-22T16:09:05","slug":"la-storia-di-santa-lucia-la-martire-che-porta-i-doni","status":"publish","type":"post","link":"https:\/\/blog.holyart.it\/it\/santi-e-beati\/la-storia-di-santa-lucia-la-martire-che-porta-i-doni\/","title":{"rendered":"La storia di Santa Lucia: la martire che porta i doni"},"content":{"rendered":"<h4><em>Il 13 dicembre, giorno di Santa Lucia, anticipa di qualche giorno la luce del Natale. Chi \u00e8 questa Santa, parte della tradizione di tante zone d&#8217;Italia?<\/em><\/h4>\n<p>In questo periodo dell&#8217;anno, i segnali del Natale arrivano sempre pi\u00f9 forti. Le giornate si accorciano, le notti si allungano, i bambini diventano sempre pi\u00f9 entusiasti e i genitori iniziano a chiedersi: <strong>cosa regalare per Santa Lucia?<\/strong> Infatti Babbo Natale e la Befana non sono gli unici capaci di far comparire regali per i bambini buoni dopo una notte magica.<\/p>\n<h2>La storia di Santa Lucia<\/h2>\n<p>Dalle fonti che parlano di <strong><a href=\"https:\/\/www.holyart.it\/it\/articoli-religiosi\/statue\/statue-in-resina-e-pvc\/santa-lucia-30-cm-resina-colorata\">Santa Lucia<\/a> <\/strong>risulta chiaro che la Santa fosse <strong>di origine siciliane<\/strong>, della zona di <strong>Siracusa <\/strong>&#8211; <strong>citt\u00e0 di cui \u00e8 patrona<\/strong>.<\/p>\n<div class=\"link-product\">\n<div class=\"blocco-immagine\"><img loading=\"lazy\" decoding=\"async\" class=\"alignnone size-full wp-image-11336\" src=\"https:\/\/blog.holyart.it\/it\/wp-content\/uploads\/sites\/17\/2020\/12\/santa-lucia-30-cm-resina-colorata.jpg\" alt=\"santa-lucia-30-cm-resina-colorata\" width=\"100\" height=\"100\" data-kale-share-title=\"La storia di Santa Lucia: la martire che porta i doni\" data-kale-share-url=\"https:\/\/blog.holyart.it\/it\/?p=11335\" \/><\/div>\n<div class=\"blocco-contenuto\">\n<div class=\"blocco-acquista\">Acquista su Holyart:<\/div>\n<div class=\"blocco-titolo\"><a href=\"https:\/\/www.holyart.it\/it\/articoli-religiosi\/statue\/statue-in-resina-e-pvc\/santa-lucia-30-cm-resina-colorata\">Santa Lucia 30 cm resina colorata<\/a><\/div>\n<div class=\"blocco-descrizione\">Statua in resina e dipinta interamente a mano.<\/div>\n<\/div>\n<\/div>\n<p>Anche se numerosi dettagli della sua vita rimangono fumosi, Santa Lucia \u00e8 ricordata come <strong>vergine martire<\/strong> dei primi secoli dopo Cristo.<\/p>\n<p>Si dice che si occupasse dei pi\u00f9 poveri nelle catacombe e che usasse la ricchezza della sua famiglia nobile per aiutare i bisognosi. In una delle storie che la tradizione ci ha consegnato, la <strong>Santa della Luce<\/strong><a href=\"https:\/\/www.holyart.it\/it\/articoli-religiosi\/statue\/statue-in-resina-e-pvc\/santa-lucia-30-cm-resina-colorata\">,<\/a> per poter usare le mani nel suo servizio agli altri, si pose sul capo una coroncina con delle candele, simbolo che vediamo in alcune raffigurazioni di Lucia.<\/p>\n<p>Processata come cristiana sotto la persecuzione di Diocleziano &#8211; denunciata forse dal promesso sposo offeso dal voto di consacrazione che la santa aveva fatto &#8211; <strong>Santa Lucia <a href=\"https:\/\/www.holyart.it\/blog\/santi-e-beati\/santi-martiri-sacrificare-la-propria-vita-in-nome-di-dio\">sub\u00ec la sorte di tanti martiri del tempo.<\/a><\/strong><\/p>\n<div class=\"link-article\">\n<p><img loading=\"lazy\" decoding=\"async\" class=\"size-full wp-image-11342 alignleft\" src=\"https:\/\/blog.holyart.it\/it\/wp-content\/uploads\/sites\/17\/2020\/12\/Santi-martiri.jpg\" alt=\"Santi-martiri\" width=\"150\" height=\"99\" data-kale-share-title=\"La storia di Santa Lucia: la martire che porta i doni\" data-kale-share-url=\"https:\/\/blog.holyart.it\/it\/?p=11335\" \/><\/p>\n<div class=\"leggi-anche\">Leggi anche:<\/div>\n<p><strong><a href=\"https:\/\/www.holyart.it\/blog\/santi-e-beati\/santi-martiri-sacrificare-la-propria-vita-in-nome-di-dio\/\">Santi Martiri: sacrificare la propria vita in nome di Dio<\/a><\/strong><br \/>\nI Santi Martiri sono uomini e donne, spesso molto giovani, che hanno sacrificato la propria vita per amore di Dio<\/p>\n<\/div>\n<p>Il processo e le torture che la vergine dovette affrontare hanno generato diversi aneddoti. La tradizione narra che il corpo della giovane divenne inspiegabilmente pesante quando i suoi giustizieri cercarono di spostarla con la forza. Le fiamme del fuoco che doveva bruciarla non la toccarono e la spada &#8211; o lancia &#8211; con cui venne trafitta alla gola non le impedirono di proclamare la sua Fede e ricevere la Comunione.<\/p>\n<p>Uno degli episodi pi\u00f9 famosi, facilmente pi\u00f9 leggendario che reale, \u00e8 quello secondo cui le vennero strappati gli occhi: Lucia, la santa della Luce, \u00e8 per questo considerata la <strong>protettrice dei ciechi<\/strong>.<\/p>\n<p><img loading=\"lazy\" decoding=\"async\" class=\"alignnone size-full wp-image-11339\" src=\"https:\/\/blog.holyart.it\/it\/wp-content\/uploads\/sites\/17\/2020\/12\/santa-lucia-con-corona-1.jpeg\" alt=\"Santa lucia\" width=\"800\" height=\"532\" data-kale-share-title=\"La storia di Santa Lucia: la martire che porta i doni\" data-kale-share-url=\"https:\/\/blog.holyart.it\/it\/?p=11335\" \/><\/p>\n<h2>La festa di Santa Lucia<\/h2>\n<p>C&#8217;\u00e8 un detto che dice &#8220;Santa Lucia, la notte pi\u00f9 lunga che ci sia&#8221;: in passato era pi\u00f9 veritiero che adesso, perch\u00e9 il giorno di Santa Lucia, il 13 dicembre, prima della riforma del calendario gregoriano coincideva con il <strong>solstizio d&#8217;inverno<\/strong>.<\/p>\n<p>Santa Lucia \u00e8 una figura cara a molte famiglie e bambini soprattutto nel nord Italia, dove diverse citt\u00e0 la ricordano come la Santa che la notte tra il 12 e il 13 dicembre porta <strong>regali e dolci nelle case<\/strong>. Sul suo asino, lascia <a href=\"https:\/\/www.holyart.it\/it\/prodotti-dei-monasteri\/caramelle-dolciumi\"><strong>caramelle<\/strong><\/a> e doni a tutti i bambini buoni. Ai bambini meno buoni lascia carbone dolce, oppure, a chi prova a stare sveglio per vederla, getta cenere negli occhi.<\/p>\n<div class=\"link-product\">\n<div class=\"blocco-immagine\"><img loading=\"lazy\" decoding=\"async\" class=\"alignnone size-full wp-image-11340\" src=\"https:\/\/blog.holyart.it\/it\/wp-content\/uploads\/sites\/17\/2020\/12\/caramelle-mirtillo-miele-finalpia.jpg\" alt=\"caramelle\" width=\"100\" height=\"100\" data-kale-share-title=\"La storia di Santa Lucia: la martire che porta i doni\" data-kale-share-url=\"https:\/\/blog.holyart.it\/it\/?p=11335\" \/><\/div>\n<div class=\"blocco-contenuto\">\n<div class=\"blocco-acquista\">Acquista su Holyart:<\/div>\n<div class=\"blocco-titolo\"><a href=\"https:\/\/www.holyart.it\/it\/prodotti-dei-monasteri\/caramelle-dolciumi\">Caramelle e Dolcetti<\/a><\/div>\n<div class=\"blocco-descrizione\">Caramelle e dolciumi prodotti nei Monasteri.<\/div>\n<\/div>\n<\/div>\n<p>Anche nei paesi del nord Europa Santa Lucia \u00e8 molto amata: in varie regioni della penisola scandinava viene festeggiata con cortei, processioni e canti.<br \/>\nIn particolare in Svezia, secondo tradizione, la figlia maggiore si veste da Santa Lucia, con coroncina di candele, e porta la colazione ai genitori.<\/p>\n<p>&nbsp;<\/p>\n","protected":false},"excerpt":{"rendered":"<p>Il 13 dicembre, giorno di Santa Lucia, anticipa di qualche giorno la luce del Natale. Chi \u00e8 questa Santa, parte della tradizione di tante zone d&#8217;Italia? In questo periodo dell&#8217;anno, i segnali del Natale arrivano sempre pi\u00f9 forti. Le giornate si accorciano, le notti si&hellip;<\/p>\n","protected":false},"author":1,"featured_media":11337,"comment_status":"closed","ping_status":"open","sticky":false,"template":"","format":"standard","meta":{"_acf_changed":false,"footnotes":""},"categories":[16,15],"tags":[],"class_list":["post-11335","post","type-post","status-publish","format-standard","has-post-thumbnail","hentry","category-articoli-religiosi","category-santi-e-beati"],"acf":[],"yoast_head":"<!-- This site is optimized with the Yoast SEO plugin v26.6 - https:\/\/yoast.com\/wordpress\/plugins\/seo\/ -->\n<title>La storia di Santa Lucia: la martire che porta i doni - Holyblog<\/title>\n<meta name=\"description\" content=\"Il 13 dicembre, giorno di Santa Lucia, anticipa di qualche giorno la luce del Natale. Chi \u00e8 questa Santa, parte della tradizione di tante zone d&#039;Italia?\" \/>\n<meta name=\"robots\" content=\"index, follow, max-snippet:-1, max-image-preview:large, max-video-preview:-1\" \/>\n<link rel=\"canonical\" href=\"https:\/\/blog.holyart.it\/it\/santi-e-beati\/la-storia-di-santa-lucia-la-martire-che-porta-i-doni\/\" \/>\n<meta property=\"og:locale\" content=\"it_IT\" \/>\n<meta property=\"og:type\" content=\"article\" \/>\n<meta property=\"og:title\" content=\"La storia di Santa Lucia: la martire che porta i doni - Holyblog\" \/>\n<meta property=\"og:description\" content=\"Il 13 dicembre, giorno di Santa Lucia, anticipa di qualche giorno la luce del Natale. Chi \u00e8 questa Santa, parte della tradizione di tante zone d&#039;Italia?\" \/>\n<meta property=\"og:url\" content=\"https:\/\/blog.holyart.it\/it\/santi-e-beati\/la-storia-di-santa-lucia-la-martire-che-porta-i-doni\/\" \/>\n<meta property=\"og:site_name\" content=\"Holyblog\" \/>\n<meta property=\"article:published_time\" content=\"2020-12-11T11:01:41+00:00\" \/>\n<meta property=\"article:modified_time\" content=\"2024-11-22T16:09:05+00:00\" \/>\n<meta property=\"og:image\" content=\"https:\/\/blog.holyart.it\/it\/wp-content\/uploads\/sites\/17\/2020\/12\/storia-di-santa-lucia.jpeg\" \/>\n\t<meta property=\"og:image:width\" content=\"1000\" \/>\n\t<meta property=\"og:image:height\" content=\"664\" \/>\n\t<meta property=\"og:image:type\" content=\"image\/jpeg\" \/>\n<meta name=\"author\" content=\"Redazione\" \/>\n<meta name=\"twitter:card\" content=\"summary_large_image\" \/>\n<meta name=\"twitter:label1\" content=\"Scritto da\" \/>\n\t<meta name=\"twitter:data1\" content=\"Redazione\" \/>\n\t<meta name=\"twitter:label2\" content=\"Tempo di lettura stimato\" \/>\n\t<meta name=\"twitter:data2\" content=\"4 minuti\" \/>\n<script type=\"application\/ld+json\" class=\"yoast-schema-graph\">{\"@context\":\"https:\/\/schema.org\",\"@graph\":[{\"@type\":\"Article\",\"@id\":\"https:\/\/blog.holyart.it\/it\/santi-e-beati\/la-storia-di-santa-lucia-la-martire-che-porta-i-doni\/#article\",\"isPartOf\":{\"@id\":\"https:\/\/blog.holyart.it\/it\/santi-e-beati\/la-storia-di-santa-lucia-la-martire-che-porta-i-doni\/\"},\"author\":{\"name\":\"Redazione\",\"@id\":\"https:\/\/blog.holyart.it\/it\/#\/schema\/person\/0a7b686e5af0f856ec1e390dd0baecda\"},\"headline\":\"La storia di Santa Lucia: la martire che porta i doni\",\"datePublished\":\"2020-12-11T11:01:41+00:00\",\"dateModified\":\"2024-11-22T16:09:05+00:00\",\"mainEntityOfPage\":{\"@id\":\"https:\/\/blog.holyart.it\/it\/santi-e-beati\/la-storia-di-santa-lucia-la-martire-che-porta-i-doni\/\"},\"wordCount\":565,\"publisher\":{\"@id\":\"https:\/\/blog.holyart.it\/it\/#organization\"},\"image\":{\"@id\":\"https:\/\/blog.holyart.it\/it\/santi-e-beati\/la-storia-di-santa-lucia-la-martire-che-porta-i-doni\/#primaryimage\"},\"thumbnailUrl\":\"https:\/\/blog.holyart.it\/it\/wp-content\/uploads\/sites\/17\/2020\/12\/storia-di-santa-lucia.jpeg\",\"articleSection\":[\"Religione\",\"Santi e beati\"],\"inLanguage\":\"it-IT\"},{\"@type\":\"WebPage\",\"@id\":\"https:\/\/blog.holyart.it\/it\/santi-e-beati\/la-storia-di-santa-lucia-la-martire-che-porta-i-doni\/\",\"url\":\"https:\/\/blog.holyart.it\/it\/santi-e-beati\/la-storia-di-santa-lucia-la-martire-che-porta-i-doni\/\",\"name\":\"La storia di Santa Lucia: la martire che porta i doni - Holyblog\",\"isPartOf\":{\"@id\":\"https:\/\/blog.holyart.it\/it\/#website\"},\"primaryImageOfPage\":{\"@id\":\"https:\/\/blog.holyart.it\/it\/santi-e-beati\/la-storia-di-santa-lucia-la-martire-che-porta-i-doni\/#primaryimage\"},\"image\":{\"@id\":\"https:\/\/blog.holyart.it\/it\/santi-e-beati\/la-storia-di-santa-lucia-la-martire-che-porta-i-doni\/#primaryimage\"},\"thumbnailUrl\":\"https:\/\/blog.holyart.it\/it\/wp-content\/uploads\/sites\/17\/2020\/12\/storia-di-santa-lucia.jpeg\",\"datePublished\":\"2020-12-11T11:01:41+00:00\",\"dateModified\":\"2024-11-22T16:09:05+00:00\",\"description\":\"Il 13 dicembre, giorno di Santa Lucia, anticipa di qualche giorno la luce del Natale. Chi \u00e8 questa Santa, parte della tradizione di tante zone d'Italia?\",\"breadcrumb\":{\"@id\":\"https:\/\/blog.holyart.it\/it\/santi-e-beati\/la-storia-di-santa-lucia-la-martire-che-porta-i-doni\/#breadcrumb\"},\"inLanguage\":\"it-IT\",\"potentialAction\":[{\"@type\":\"ReadAction\",\"target\":[\"https:\/\/blog.holyart.it\/it\/santi-e-beati\/la-storia-di-santa-lucia-la-martire-che-porta-i-doni\/\"]}]},{\"@type\":\"ImageObject\",\"inLanguage\":\"it-IT\",\"@id\":\"https:\/\/blog.holyart.it\/it\/santi-e-beati\/la-storia-di-santa-lucia-la-martire-che-porta-i-doni\/#primaryimage\",\"url\":\"https:\/\/blog.holyart.it\/it\/wp-content\/uploads\/sites\/17\/2020\/12\/storia-di-santa-lucia.jpeg\",\"contentUrl\":\"https:\/\/blog.holyart.it\/it\/wp-content\/uploads\/sites\/17\/2020\/12\/storia-di-santa-lucia.jpeg\",\"width\":1000,\"height\":664,\"caption\":\"santa lucia\"},{\"@type\":\"BreadcrumbList\",\"@id\":\"https:\/\/blog.holyart.it\/it\/santi-e-beati\/la-storia-di-santa-lucia-la-martire-che-porta-i-doni\/#breadcrumb\",\"itemListElement\":[{\"@type\":\"ListItem\",\"position\":1,\"name\":\"Homepage\",\"item\":\"https:\/\/blog.holyart.it\/it\/\"},{\"@type\":\"ListItem\",\"position\":2,\"name\":\"Santi e beati\",\"item\":\"https:\/\/blog.holyart.it\/it\/santi-e-beati\/\"},{\"@type\":\"ListItem\",\"position\":3,\"name\":\"La storia di Santa Lucia: la martire che porta i doni\"}]},{\"@type\":\"WebSite\",\"@id\":\"https:\/\/blog.holyart.it\/it\/#website\",\"url\":\"https:\/\/blog.holyart.it\/it\/\",\"name\":\"Holyblog\",\"description\":\"Il Blog di Holyart.it\",\"publisher\":{\"@id\":\"https:\/\/blog.holyart.it\/it\/#organization\"},\"potentialAction\":[{\"@type\":\"SearchAction\",\"target\":{\"@type\":\"EntryPoint\",\"urlTemplate\":\"https:\/\/blog.holyart.it\/it\/?s={search_term_string}\"},\"query-input\":{\"@type\":\"PropertyValueSpecification\",\"valueRequired\":true,\"valueName\":\"search_term_string\"}}],\"inLanguage\":\"it-IT\"},{\"@type\":\"Organization\",\"@id\":\"https:\/\/blog.holyart.it\/it\/#organization\",\"name\":\"Holyblog\",\"url\":\"https:\/\/blog.holyart.it\/it\/\",\"logo\":{\"@type\":\"ImageObject\",\"inLanguage\":\"it-IT\",\"@id\":\"https:\/\/blog.holyart.it\/it\/#\/schema\/logo\/image\/\",\"url\":\"https:\/\/blog.holyart.it\/it\/wp-content\/uploads\/sites\/17\/2022\/12\/Holyart_Blog_Logo.jpg\",\"contentUrl\":\"https:\/\/blog.holyart.it\/it\/wp-content\/uploads\/sites\/17\/2022\/12\/Holyart_Blog_Logo.jpg\",\"width\":300,\"height\":50,\"caption\":\"Holyblog\"},\"image\":{\"@id\":\"https:\/\/blog.holyart.it\/it\/#\/schema\/logo\/image\/\"}},{\"@type\":\"Person\",\"@id\":\"https:\/\/blog.holyart.it\/it\/#\/schema\/person\/0a7b686e5af0f856ec1e390dd0baecda\",\"name\":\"Redazione\"}]}<\/script>\n<!-- \/ Yoast SEO plugin. -->","yoast_head_json":{"title":"La storia di Santa Lucia: la martire che porta i doni - Holyblog","description":"Il 13 dicembre, giorno di Santa Lucia, anticipa di qualche giorno la luce del Natale. Chi \u00e8 questa Santa, parte della tradizione di tante zone d'Italia?","robots":{"index":"index","follow":"follow","max-snippet":"max-snippet:-1","max-image-preview":"max-image-preview:large","max-video-preview":"max-video-preview:-1"},"canonical":"https:\/\/blog.holyart.it\/it\/santi-e-beati\/la-storia-di-santa-lucia-la-martire-che-porta-i-doni\/","og_locale":"it_IT","og_type":"article","og_title":"La storia di Santa Lucia: la martire che porta i doni - Holyblog","og_description":"Il 13 dicembre, giorno di Santa Lucia, anticipa di qualche giorno la luce del Natale. Chi \u00e8 questa Santa, parte della tradizione di tante zone d'Italia?","og_url":"https:\/\/blog.holyart.it\/it\/santi-e-beati\/la-storia-di-santa-lucia-la-martire-che-porta-i-doni\/","og_site_name":"Holyblog","article_published_time":"2020-12-11T11:01:41+00:00","article_modified_time":"2024-11-22T16:09:05+00:00","og_image":[{"width":1000,"height":664,"url":"https:\/\/blog.holyart.it\/it\/wp-content\/uploads\/sites\/17\/2020\/12\/storia-di-santa-lucia.jpeg","type":"image\/jpeg"}],"author":"Redazione","twitter_card":"summary_large_image","twitter_misc":{"Scritto da":"Redazione","Tempo di lettura stimato":"4 minuti"},"schema":{"@context":"https:\/\/schema.org","@graph":[{"@type":"Article","@id":"https:\/\/blog.holyart.it\/it\/santi-e-beati\/la-storia-di-santa-lucia-la-martire-che-porta-i-doni\/#article","isPartOf":{"@id":"https:\/\/blog.holyart.it\/it\/santi-e-beati\/la-storia-di-santa-lucia-la-martire-che-porta-i-doni\/"},"author":{"name":"Redazione","@id":"https:\/\/blog.holyart.it\/it\/#\/schema\/person\/0a7b686e5af0f856ec1e390dd0baecda"},"headline":"La storia di Santa Lucia: la martire che porta i doni","datePublished":"2020-12-11T11:01:41+00:00","dateModified":"2024-11-22T16:09:05+00:00","mainEntityOfPage":{"@id":"https:\/\/blog.holyart.it\/it\/santi-e-beati\/la-storia-di-santa-lucia-la-martire-che-porta-i-doni\/"},"wordCount":565,"publisher":{"@id":"https:\/\/blog.holyart.it\/it\/#organization"},"image":{"@id":"https:\/\/blog.holyart.it\/it\/santi-e-beati\/la-storia-di-santa-lucia-la-martire-che-porta-i-doni\/#primaryimage"},"thumbnailUrl":"https:\/\/blog.holyart.it\/it\/wp-content\/uploads\/sites\/17\/2020\/12\/storia-di-santa-lucia.jpeg","articleSection":["Religione","Santi e beati"],"inLanguage":"it-IT"},{"@type":"WebPage","@id":"https:\/\/blog.holyart.it\/it\/santi-e-beati\/la-storia-di-santa-lucia-la-martire-che-porta-i-doni\/","url":"https:\/\/blog.holyart.it\/it\/santi-e-beati\/la-storia-di-santa-lucia-la-martire-che-porta-i-doni\/","name":"La storia di Santa Lucia: la martire che porta i doni - Holyblog","isPartOf":{"@id":"https:\/\/blog.holyart.it\/it\/#website"},"primaryImageOfPage":{"@id":"https:\/\/blog.holyart.it\/it\/santi-e-beati\/la-storia-di-santa-lucia-la-martire-che-porta-i-doni\/#primaryimage"},"image":{"@id":"https:\/\/blog.holyart.it\/it\/santi-e-beati\/la-storia-di-santa-lucia-la-martire-che-porta-i-doni\/#primaryimage"},"thumbnailUrl":"https:\/\/blog.holyart.it\/it\/wp-content\/uploads\/sites\/17\/2020\/12\/storia-di-santa-lucia.jpeg","datePublished":"2020-12-11T11:01:41+00:00","dateModified":"2024-11-22T16:09:05+00:00","description":"Il 13 dicembre, giorno di Santa Lucia, anticipa di qualche giorno la luce del Natale. Chi \u00e8 questa Santa, parte della tradizione di tante zone d'Italia?","breadcrumb":{"@id":"https:\/\/blog.holyart.it\/it\/santi-e-beati\/la-storia-di-santa-lucia-la-martire-che-porta-i-doni\/#breadcrumb"},"inLanguage":"it-IT","potentialAction":[{"@type":"ReadAction","target":["https:\/\/blog.holyart.it\/it\/santi-e-beati\/la-storia-di-santa-lucia-la-martire-che-porta-i-doni\/"]}]},{"@type":"ImageObject","inLanguage":"it-IT","@id":"https:\/\/blog.holyart.it\/it\/santi-e-beati\/la-storia-di-santa-lucia-la-martire-che-porta-i-doni\/#primaryimage","url":"https:\/\/blog.holyart.it\/it\/wp-content\/uploads\/sites\/17\/2020\/12\/storia-di-santa-lucia.jpeg","contentUrl":"https:\/\/blog.holyart.it\/it\/wp-content\/uploads\/sites\/17\/2020\/12\/storia-di-santa-lucia.jpeg","width":1000,"height":664,"caption":"santa lucia"},{"@type":"BreadcrumbList","@id":"https:\/\/blog.holyart.it\/it\/santi-e-beati\/la-storia-di-santa-lucia-la-martire-che-porta-i-doni\/#breadcrumb","itemListElement":[{"@type":"ListItem","position":1,"name":"Homepage","item":"https:\/\/blog.holyart.it\/it\/"},{"@type":"ListItem","position":2,"name":"Santi e beati","item":"https:\/\/blog.holyart.it\/it\/santi-e-beati\/"},{"@type":"ListItem","position":3,"name":"La storia di Santa Lucia: la martire che porta i doni"}]},{"@type":"WebSite","@id":"https:\/\/blog.holyart.it\/it\/#website","url":"https:\/\/blog.holyart.it\/it\/","name":"Holyblog","description":"Il Blog di Holyart.it","publisher":{"@id":"https:\/\/blog.holyart.it\/it\/#organization"},"potentialAction":[{"@type":"SearchAction","target":{"@type":"EntryPoint","urlTemplate":"https:\/\/blog.holyart.it\/it\/?s={search_term_string}"},"query-input":{"@type":"PropertyValueSpecification","valueRequired":true,"valueName":"search_term_string"}}],"inLanguage":"it-IT"},{"@type":"Organization","@id":"https:\/\/blog.holyart.it\/it\/#organization","name":"Holyblog","url":"https:\/\/blog.holyart.it\/it\/","logo":{"@type":"ImageObject","inLanguage":"it-IT","@id":"https:\/\/blog.holyart.it\/it\/#\/schema\/logo\/image\/","url":"https:\/\/blog.holyart.it\/it\/wp-content\/uploads\/sites\/17\/2022\/12\/Holyart_Blog_Logo.jpg","contentUrl":"https:\/\/blog.holyart.it\/it\/wp-content\/uploads\/sites\/17\/2022\/12\/Holyart_Blog_Logo.jpg","width":300,"height":50,"caption":"Holyblog"},"image":{"@id":"https:\/\/blog.holyart.it\/it\/#\/schema\/logo\/image\/"}},{"@type":"Person","@id":"https:\/\/blog.holyart.it\/it\/#\/schema\/person\/0a7b686e5af0f856ec1e390dd0baecda","name":"Redazione"}]}},"_links":{"self":[{"href":"https:\/\/blog.holyart.it\/it\/wp-json\/wp\/v2\/posts\/11335","targetHints":{"allow":["GET"]}}],"collection":[{"href":"https:\/\/blog.holyart.it\/it\/wp-json\/wp\/v2\/posts"}],"about":[{"href":"https:\/\/blog.holyart.it\/it\/wp-json\/wp\/v2\/types\/post"}],"author":[{"embeddable":true,"href":"https:\/\/blog.holyart.it\/it\/wp-json\/wp\/v2\/users\/1"}],"replies":[{"embeddable":true,"href":"https:\/\/blog.holyart.it\/it\/wp-json\/wp\/v2\/comments?post=11335"}],"version-history":[{"count":1,"href":"https:\/\/blog.holyart.it\/it\/wp-json\/wp\/v2\/posts\/11335\/revisions"}],"predecessor-version":[{"id":18898,"href":"https:\/\/blog.holyart.it\/it\/wp-json\/wp\/v2\/posts\/11335\/revisions\/18898"}],"wp:featuredmedia":[{"embeddable":true,"href":"https:\/\/blog.holyart.it\/it\/wp-json\/wp\/v2\/media\/11337"}],"wp:attachment":[{"href":"https:\/\/blog.holyart.it\/it\/wp-json\/wp\/v2\/media?parent=11335"}],"wp:term":[{"taxonomy":"category","embeddable":true,"href":"https:\/\/blog.holyart.it\/it\/wp-json\/wp\/v2\/categories?post=11335"},{"taxonomy":"post_tag","embeddable":true,"href":"https:\/\/blog.holyart.it\/it\/wp-json\/wp\/v2\/tags?post=11335"}],"curies":[{"name":"wp","href":"https:\/\/api.w.org\/{rel}","templated":true}]}}