{"id":11316,"date":"2020-12-10T11:58:45","date_gmt":"2020-12-10T10:58:45","guid":{"rendered":"https:\/\/blog.holyart.it\/it\/?p=11316"},"modified":"2025-11-27T12:40:54","modified_gmt":"2025-11-27T11:40:54","slug":"santambrogio-chi-era-il-santo-patrono-di-milano","status":"publish","type":"post","link":"https:\/\/blog.holyart.it\/it\/santi-e-beati\/santambrogio-chi-era-il-santo-patrono-di-milano\/","title":{"rendered":"Sant&#8217;Ambrogio, chi era il santo patrono di Milano"},"content":{"rendered":"<h4>Sant&#8217;Ambrogio \u00e8 uno dei patroni di Milano ed \u00e8 venerato da tutte le Chiese cristiane. Conosciamolo meglio e scopriamo come sia diventato Vescovo (suo malgrado) e perch\u00e9 a Milano sia ancora cos\u00ec amato.<\/h4>\n\n<p>Sant&#8217;Ambrogio viene festeggiato il <strong>7 dicembre<\/strong>, il giorno prima dell&#8217;Immacolata. Non si tratta del giorno della sua morte, avvenuta il 4 aprile del 397 d.C., ma del giorno in cui egli venne eletto Vescovo della citt\u00e0 di Milano. La cosa pi\u00f9 sorprendente, come vedremo, \u00e8 che all&#8217;epoca Ambrogio non aveva ancora ricevuto nemmeno il Battesimo! E tuttavia la sua profonda umanit\u00e0 e l&#8217;arte oratoria in cui eccelleva lo avevano reso cos\u00ec caro agli abitanti della citt\u00e0 da richiederne a gran voce l&#8217;elezione.<\/p>\n<p>Sant&#8217;Ambrogio \u00e8 ricordato dalla Chiesa come uno dei suoi <a href=\"https:\/\/www.holyart.it\/blog\/santi-e-beati\/i-dottori-della-chiesa-chi-sono-e-i-requisiti-per-avere-questo-titolo\/\"><strong>quattro Dottori<\/strong><\/a> pi\u00f9 importanti, insieme a San Girolamo, Sant\u2019Agostino e San Gregorio Magno. \u00c8 anche uno dei <strong>Padri della Chiesa<\/strong>, uno dei santi che ha contribuito ad arricchirla e a edificarla, grazie alla fede e agli insegnamenti.<\/p>\n<div class=\"link-article\">\n<p><img loading=\"lazy\" decoding=\"async\" class=\"size-full wp-image-11323 alignleft\" src=\"https:\/\/blog.holyart.it\/it\/wp-content\/uploads\/sites\/17\/2020\/12\/santa-teresa.jpeg\" alt=\"dottori della chiesa\" width=\"150\" height=\"99\" data-kale-share-title=\"Sant\u2019Ambrogio, chi era il santo patrono di Milano\" data-kale-share-url=\"https:\/\/blog.holyart.it\/it\/?p=11316\" \/><\/p>\n<div class=\"leggi-anche\">Leggi anche:<\/div>\n<p><strong><a href=\"https:\/\/www.holyart.it\/blog\/santi-e-beati\/i-dottori-della-chiesa-chi-sono-e-i-requisiti-per-avere-questo-titolo\/\">I dottori della Chiesa: chi sono e i requisiti per avere questo titolo<\/a><\/strong><br \/>\nUomini (e donne) che in virt\u00f9 della propria santit\u00e0 e sapienza hanno saputo rendere grande la Chiesa.<\/p>\n<\/div>\n<p>Ancora oggi il <strong>giorno di <a href=\"https:\/\/www.holyart.it\/it\/articoli-religiosi\/statue\/statue-in-legno-dipinto\/santambrogio-con-alveare-legno-colorato-valgardena\">Sant&#8217;Ambrogio<\/a><\/strong> \u00e8 molto sentito a Milano. Si approfitta del giorno di vacanza per andare alla Fiera degli <em>Oh Bej! Oh Bej!<\/em>, il mercatino di Natale pi\u00f9 famoso della citt\u00e0, dove si possono trovare innumerevoli prodotti d&#8217;artigianato, addobbi natalizi e presepi. Si mangiano caldarroste e si beve vin br\u00fbl\u00e9. Nella <strong>Basilica di Sant&#8217;Ambrogio<\/strong>, fatta costruire da lui stesso tra il 379 e il 386, si celebra una messa solenne secondo il rito ambrosiano da lui stabilito.<\/p>\n<p>Ci sono molti <strong>proverbi<\/strong> legati a Sant\u2019Ambrogio: <em>&#8220;Senza la neve a Sant\u2019Ambrogio, l\u2019inverno sar\u00e0 mogio&#8221;<\/em>, <em>&#8220;A Sant\u2019Ambrogio il freddo cuoce&#8221;<\/em>, <em>&#8220;A Sant\u2019Ambrogio abburratta (la farina) e cuocila&#8221;.<\/em><\/p>\n<h2>Sant&#8217;Ambrogio: la storia<\/h2>\n<p>Tra i patronati di Sant\u2019Ambrogio ce n&#8217;\u00e8 uno molto particolare: quello delle<strong> api<\/strong> e degli apicoltori. C&#8217;\u00e8 una leggenda interessante a riguardo. Quando il Santo era solo un bambino in fasce e dormiva in una culla nel cortile di casa, uno sciame di api vol\u00f2 su di lui e prima che chiunque potesse intervenire gli si pos\u00f2 sul viso e le api gli entrarono nella bocca. La leggenda vuole che sia stata questa l&#8217;origine della sua <strong>meravigliosa eloquenza<\/strong>, poich\u00e9 gli insetti laboriosi portarono tra le sue labbra una dolcezza di <a href=\"https:\/\/www.holyart.it\/it\/prodotti-dei-monasteri\/prodotti-dellalveare\"><strong>miele<\/strong><\/a> quando ancora egli non poteva parlare.<\/p>\n<div class=\"sp-styles-warning\" style=\"width: 450px; background-color: #FFF; color: #F00; border: 1px solid #F00; padding: 10px; font-size: 14px;\">\n\t\t\t<span style=\"font-weight: bold;\">Warning: The stylesheets were not loaded!<\/span> \n\t\t\tYou will need to change the <i>Load stylesheets<\/i> setting from <i>Automatically<\/i> to <i>On homepage<\/i> or <i>On all pages<\/i>. \n\t\t\tYou can set that <a style=\"text-decoration: underline; color: #F00;\" href=\"https:\/\/blog.holyart.it\/it\/wp-admin\/admin.php?page=sliderpro-settings\">here<\/a>.\n\t\t\t<\/div>\r\n<div id=\"slider-pro-87\" class=\"slider-pro sp-no-js\" style=\"width: 500px; height: 500px;\">\r\n\t<div class=\"sp-slides\">\r\n\t\t\r\n\t\t<div class=\"sp-slide\">\r\n\t\t\t<a class=\"\" href=\"https:\/\/www.holyart.it\/it\/prodotti-dei-monasteri\/prodotti-dellalveare\" target=\"_self\">\r\n\t\t\t\t<img loading=\"lazy\" decoding=\"async\" class=\"sp-image\" src=\"https:\/\/blog.holyart.it\/it\/wp-content\/uploads\/sites\/17\/2020\/12\/AdobeStock_257199617.jpeg\" alt=\"miele\" width=\"500\" height=\"500\" \/>\r\n\t\t\t<\/a>\r\n\t\t\t<div class=\"sp-thumbnail\"><a class=\"\" href=\"https:\/\/www.holyart.it\/it\/prodotti-dei-monasteri\/prodotti-dellalveare\/miele-di-acacia-1000-gr-camaldoli\">\r\n\t\t\t\t<img decoding=\"async\" src=\"https:\/\/blog.holyart.it\/it\/wp-content\/uploads\/sites\/17\/2020\/12\/miele-di-acacia-1000-gr-camaldoli.jpg\" alt=\"miele-di-acacia-1000-gr-camaldoli\" \/>\r\n\t\t\t<\/a>\r\n\t\t\t<\/div>\r\n\t\t\t<div class=\"sp-caption\">Miele prodotto dai monasteri italiani con metodi naturali. <br \/><strong><a href=\"https:\/\/www.holyart.it\/it\/prodotti-dei-monasteri\/prodotti-dellalveare\">Acquista su Holyart<\/a><\/strong><\/div>\r\n\t\t<\/div>\r\n\t\t<div class=\"sp-slide\">\r\n\t\t\t<a class=\"\" href=\"https:\/\/www.holyart.it\" title=\"luci led che cazzo ne so\" target=\"_self\">\r\n\t\t\t\t<img loading=\"lazy\" decoding=\"async\" class=\"sp-image\" src=\"https:\/\/blog.holyart.it\/it\/wp-content\/uploads\/sites\/17\/2020\/10\/luci-di-natale-in-salotto.jpeg\" alt=\"filo di luci in camera\" width=\"500\" height=\"500\" \/>\r\n\t\t\t<\/a>\r\n\t\t\t<div class=\"sp-thumbnail\"><a class=\"\" href=\"https:\/\/www.holyart.it\/it\/prodotti-dei-monasteri\/prodotti-dellalveare\/miele-millefiori-abbazia-500-gr-s.-maria-di-finalpia\">\r\n\t\t\t\t<img decoding=\"async\" src=\"https:\/\/blog.holyart.it\/it\/wp-content\/uploads\/sites\/17\/2020\/12\/miele-millefiori-abbazia-500-gr-s.-maria-di-finalpia.jpg\" alt=\"miele-millefiori-abbazia-500-gr-s.-maria-di-finalpia\" \/>\r\n\t\t\t<\/a>\r\n\t\t\t<\/div>\r\n\t\t\t<div class=\"sp-caption\">Luci di Natale per dare un tocco in pi\u00f9 al tuo salotto.<br \/><strong><a href=\"https:\/\/www.holyart.it\/it\/natale\/luci-di-natale\/catena-luminosa-750-led-bianco-caldo-ambrato-esterno-220v\">Acquista su Holyart<\/a><\/strong><\/div>\r\n\t\t<\/div>\r\n\t\t<div class=\"sp-slide\">\r\n\t\t\t<a class=\"\" href=\"https:\/\/www.holyart.it\" title=\"luci led che cazzo ne so\" target=\"_self\">\r\n\t\t\t\t<img loading=\"lazy\" decoding=\"async\" class=\"sp-image\" src=\"https:\/\/blog.holyart.it\/it\/wp-content\/uploads\/sites\/17\/2020\/10\/luci-di-natale-in-salotto.jpeg\" alt=\"filo di luci in camera\" width=\"500\" height=\"500\" \/>\r\n\t\t\t<\/a>\r\n\t\t\t<div class=\"sp-thumbnail\"><a class=\"\" href=\"https:\/\/www.holyart.it\/it\/prodotti-dei-monasteri\/prodotti-dellalveare\/miele-di-castagno-500-gr-camaldoli\">\r\n\t\t\t\t<img decoding=\"async\" src=\"https:\/\/blog.holyart.it\/it\/wp-content\/uploads\/sites\/17\/2020\/12\/miele-di-castagno-500-gr-camaldoli.jpg\" alt=\"miele-di-castagno-500-gr-camaldoli\" \/>\r\n\t\t\t<\/a>\r\n\t\t\t<\/div>\r\n\t\t\t<div class=\"sp-caption\">Rendi luminosi i tuoi ricordi! Bastano un filo di luci led e le tue foto preferite. <br \/><strong><a href=\"https:\/\/www.holyart.it\/it\/natale\/luci-di-natale\/luce-di-natale-catena-1000-led-bianchi-esterni-flash-control-unit-di-100-m\">Acquista su Holyart<\/a><\/strong><\/div>\r\n\t\t<\/div>\r\n\t<\/div>\r\n<\/div>\n<p>Sant&#8217;Ambrogio, o meglio Aurelius Ambrosius<em>, <\/em>nacque nel 334-339 a <strong>Treviri<\/strong>, in Gallia, figlio di due membri delle pi\u00f9 importanti famiglie senatorie romane. Infatti la madre apparteneva alla famiglia Aureliana, il padre alla famiglia Simmaco. Entrambi erano convertiti al Cristianesimo. Il padre di Aurelius era a Treviri in qualit\u00e0 di prefetto del pretorio e anche lui fin da bambino era stato destinato alla carriera politica e amministrativa. Quando il padre mor\u00ec, Aurelius e la famiglia tornarono a <strong>Roma<\/strong>, dove il ragazzo prosegu\u00ec i suoi studi e successivamente cominci\u00f2 a partecipare alla vita pubblica cittadina.<\/p>\n<p>Fu perseguendo la sua carriera politica che Aurelius giunse a <strong>Milano<\/strong>. L&#8217;incarico che gli era stato dato era di governatore dell&#8217;Italia Annonaria per la provincia romana Aemilia et Liguria, la cui sede era appunto a Milano, presso la corte dell&#8217;imperatore Valentiniano I. Come avvocato Aurelius si mostr\u00f2 particolarmente abile soprattutto\u00a0nel mantenere equilibrio e pace tra <strong>ariani e cattolici<\/strong>, nonostante i rapporti tesi tra le due fazioni. Merito della sua grande eloquenza, del suo senso di giustizia, del suo rigore che non gli impediva di dimostrarsi amorevole con tutti.<\/p>\n<p>Il largo consenso da lui suscitato in citt\u00e0 fece s\u00ec che, bench\u00e9 egli non avesse ancora ricevuto il Battesimo, venisse invocato a gran voce come <strong>Vescovo di Milano<\/strong> alla morte del vescovo ariano Aussenzio nel 374.<\/p>\n<p>Ambrogio dapprima rifiut\u00f2, tent\u00f2 di rovinare perfino la propria reputazione agli occhi dei suoi sostenitori, e infine cerc\u00f2 di fuggire dalla citt\u00e0. Ma i milanesi avevano fatto la loro scelta, e alla fine Aurelius si rassegn\u00f2 al fatto che doveva essere quella anche la volont\u00e0 di Dio. Accett\u00f2 l&#8217;incarico, si fece battezzare e il <strong>7 dicembre 374 <\/strong>divenne Vescovo di Milano.<\/p>\n<p>Da quel momento Ambrogio fece del proprio meglio per colmare le proprie lacune nello <strong>studio della <a href=\"https:\/\/www.holyart.it\/it\/articoli-religiosi\/libri-e-testi-sacri\">Sacre Scritture<\/a><\/strong>. Fu lui a introdurre in Occidente la pratica della <em><strong>lectio divina<\/strong><\/em>, la pratica di studio e preghiera che auspica l&#8217;Unione spirituale con Dio attraverso la lettura delle Scritture. Questo metodo divenne anche la base della sua<strong> predicazione<\/strong>. Fu grazie alla sua predicazione che <strong>Sant&#8217;Agostino<\/strong>, tra gli altri, si convert\u00ec al Cristianesimo.<\/p>\n<p>Come vescovo Ambrogio condusse un&#8217;<strong>esistenza da asceta<\/strong>, donando tutti i propri beni ai poveri, e impegnandosi senza sosta per aiutare i cittadini pi\u00f9 bisognosi.<\/p>\n<p>Durante la sua carica vennero costruite diverse<strong> basiliche<\/strong>, tra cui quella che sarebbe diventata la Basilica di Sant&#8217;Ambrogio.<\/p>\n<h2>Festa\u00a0Sant&#8217;Ambrogio\u00a0a Milano<\/h2>\n<p>La messa che viene celebrata con rito ambrosiano il 7 dicembre nella Basilica di <a href=\"https:\/\/www.holyart.it\/it\/articoli-religiosi\/statue\/statue-in-legno-dipinto\/santambrogio-con-alveare-legno-colorato-valgardena\"><strong>Sant&#8217;Ambrogio<\/strong><\/a> a Milano non \u00e8 una messa qualsiasi. In essa la componente religiosa si mescola con quella popolare, in un evento molto sentito da tutti i milanesi, praticanti e non. L&#8217;arcivescovo di Milano celebra la messa secondo un rituale antico, rimasto immutato nei secoli.<\/p>\n<div class=\"link-product\">\n<div class=\"blocco-immagine\"><img loading=\"lazy\" decoding=\"async\" class=\"alignnone size-full wp-image-11320\" src=\"https:\/\/blog.holyart.it\/it\/wp-content\/uploads\/sites\/17\/2020\/12\/santambrogio-con-alveare-legno-colorato-valgardena.jpg\" alt=\"\" width=\"100\" height=\"100\" data-kale-share-title=\"Sant\u2019Ambrogio, chi era il santo patrono di Milano\" data-kale-share-url=\"https:\/\/blog.holyart.it\/it\/?p=11316\" \/><\/div>\n<div class=\"blocco-contenuto\">\n<div class=\"blocco-acquista\">Acquista su Holyart:<\/div>\n<div class=\"blocco-titolo\"><a href=\"https:\/\/www.holyart.it\/it\/articoli-religiosi\/statue\/statue-in-legno-dipinto\/santambrogio-con-alveare-legno-colorato-valgardena\">Statua di Sant&#8217;Ambrogio con alveare<\/a><\/div>\n<div class=\"blocco-descrizione\">Statua in legno d&#8217;acero dipinto a mano.<\/div>\n<\/div>\n<\/div>\n<p>La <strong>festa di Sant&#8217;Ambrogio<\/strong> a Milano precede l&#8217;Immacolata e segna l&#8217;inizio del periodo natalizio. Non \u00e8 solo un mercatino di Natale, anche se la tradizionale<strong> Fiera degli Oh bej! Oh bej!<\/strong> richiama migliaia di persone per quattro giorni lungo le strade del centro, attorno ai giardini del Castello Sforzesco a partire dal 7 dicembre e fino al 10 dicembre. Il curioso nome della fiera deriverebbe da una leggenda. Nel 1510 Papa Pio IV invi\u00f2 dei doni ai cittadini di Milano, tramite Giannetto Castiglione, primo Gran Maestro dell&#8217;Ordine dei Santi Maurizio e Lazzaro. I bambini in particolare accolsero festosi tutti quei regali gridando <em>Oh belli! Oh belli!\u00a0<\/em><\/p>\n<p>La fiera ha anche grande rilevanza gastronomica, con dolci tipici, vin brul\u00e9 per combattere il freddo, castagne affumicate.<\/p>\n<p>Dagli anni &#8217;50 la Festa di Sant&#8217;Ambrogio a Milano coincide con l&#8217;aperura della stagione lirica del Teatro della Scala di Milano.<\/p>\n<h2>Basilica di\u00a0Sant&#8217;Ambrogio<\/h2>\n<p>Abbiamo gi\u00e0 accennato alle tante basiliche fatte costruire per ordine di Ambrogio. La Basilica a lui dedicata \u00e8 collocata a sud-ovest della citt\u00e0, e in origine era chiamata <strong>Basilica Martyrum<\/strong>. Infatti quando Ambrogio la fece erigere tra il 379 e il 386 la destin\u00f2 ad ospitare le reliquie di molti Santi martiri (Satiro, Vittore, Nabore, Vitale, Felice, Valeria, Gervasio e Protasio).<\/p>\n<p><img loading=\"lazy\" decoding=\"async\" class=\"size-full wp-image-11329 aligncenter\" src=\"https:\/\/blog.holyart.it\/it\/wp-content\/uploads\/sites\/17\/2020\/12\/basilica-santambrogio.jpeg\" alt=\"Basilica di Sant'Ambrogio in Milano\" width=\"800\" height=\"572\" data-kale-share-title=\"Sant\u2019Ambrogio, chi era il santo patrono di Milano\" data-kale-share-url=\"https:\/\/blog.holyart.it\/it\/?p=11316\" \/><\/p>\n<p>Quando Ambrogio mor\u00ec la Basilica cambi\u00f2 nome e venne ampliata. \u00c8 preceduta da un grande quadriportico, ed \u00e8 dotata di due campanili, quello dei Monaci e quello dei Canonici. Tra le sue particolarit\u00e0, l&#8217;<strong>Altare d&#8217;oro<\/strong>, o Altare di Vuolvino dal nome dello scultore che lo ha realizzato tra l&#8217;824 e l&#8217;859. Si tratta di uno splendido esempio di oreficeria di epoca carolingia, costituito da lastre d&#8217;oro e d&#8217;argento dorato, montate su una struttura lignea, e poi tempestate di pietre preziose e smalti. Poich\u00e9 l&#8217;abside \u00e8 posta su due livelli, l&#8217;altare funge da copertura alla cripta che ospita le reliquie dei santi Gervasio, Protasio e Ambrogio. Il livello superiore ospita invece il coro di legno.<\/p>\n<p>Un&#8217;altra curiosit\u00e0 della Basilica di Sant&#8217;Ambrogio \u00e8 la <em>colonna del diavolo. <\/em>Secondo la leggenda il diavolo, nel tentativo di indurre in tentazione Sant&#8217;Ambrogio, cerc\u00f2 di infilzarlo con le proprie corna, ma rimase incastrato nella colonna. A testimonianza del fatto sono rimasti due buchi affiancati, dai quali si dice che si riesca ad annusare l\u2019odore di zolfo proveniente dallo Stige, il fiume infernale.<\/p>\n<p>&nbsp;<\/p>\n","protected":false},"excerpt":{"rendered":"<p>Sant&#8217;Ambrogio \u00e8 uno dei patroni di Milano ed \u00e8 venerato da tutte le Chiese cristiane. Conosciamolo meglio e scopriamo come sia diventato Vescovo (suo malgrado) e perch\u00e9 a Milano sia ancora cos\u00ec amato. Sant&#8217;Ambrogio viene festeggiato il 7 dicembre, il giorno prima dell&#8217;Immacolata. Non si&hellip;<\/p>\n","protected":false},"author":1,"featured_media":11332,"comment_status":"closed","ping_status":"open","sticky":false,"template":"","format":"standard","meta":{"_acf_changed":false,"footnotes":""},"categories":[16,15],"tags":[],"class_list":["post-11316","post","type-post","status-publish","format-standard","has-post-thumbnail","hentry","category-articoli-religiosi","category-santi-e-beati"],"acf":[],"yoast_head":"<!-- This site is optimized with the Yoast SEO plugin v26.6 - https:\/\/yoast.com\/wordpress\/plugins\/seo\/ -->\n<title>Sant&#039;Ambrogio, chi era il santo patrono di Milano - Holyblog<\/title>\n<meta name=\"description\" content=\"Sant&#039;Ambrogio \u00e8 uno dei patroni di Milano ed \u00e8 venerato da tutte le Chiese cristiane. Conosciamolo meglio e scopriamo perch\u00e9 a Milano sia ancora cos\u00ec amato.\" \/>\n<meta name=\"robots\" content=\"index, follow, max-snippet:-1, max-image-preview:large, max-video-preview:-1\" \/>\n<link rel=\"canonical\" href=\"https:\/\/blog.holyart.it\/it\/santi-e-beati\/santambrogio-chi-era-il-santo-patrono-di-milano\/\" \/>\n<meta property=\"og:locale\" content=\"it_IT\" \/>\n<meta property=\"og:type\" content=\"article\" \/>\n<meta property=\"og:title\" content=\"Sant&#039;Ambrogio, chi era il santo patrono di Milano - Holyblog\" \/>\n<meta property=\"og:description\" content=\"Sant&#039;Ambrogio \u00e8 uno dei patroni di Milano ed \u00e8 venerato da tutte le Chiese cristiane. Conosciamolo meglio e scopriamo perch\u00e9 a Milano sia ancora cos\u00ec amato.\" \/>\n<meta property=\"og:url\" content=\"https:\/\/blog.holyart.it\/it\/santi-e-beati\/santambrogio-chi-era-il-santo-patrono-di-milano\/\" \/>\n<meta property=\"og:site_name\" content=\"Holyblog\" \/>\n<meta property=\"article:published_time\" content=\"2020-12-10T10:58:45+00:00\" \/>\n<meta property=\"article:modified_time\" content=\"2025-11-27T11:40:54+00:00\" \/>\n<meta property=\"og:image\" content=\"https:\/\/blog.holyart.it\/it\/wp-content\/uploads\/sites\/17\/2020\/12\/santambrogio.jpeg\" \/>\n\t<meta property=\"og:image:width\" content=\"1000\" \/>\n\t<meta property=\"og:image:height\" content=\"666\" \/>\n\t<meta property=\"og:image:type\" content=\"image\/jpeg\" \/>\n<meta name=\"author\" content=\"Redazione\" \/>\n<meta name=\"twitter:card\" content=\"summary_large_image\" \/>\n<meta name=\"twitter:label1\" content=\"Scritto da\" \/>\n\t<meta name=\"twitter:data1\" content=\"Redazione\" \/>\n\t<meta name=\"twitter:label2\" content=\"Tempo di lettura stimato\" \/>\n\t<meta name=\"twitter:data2\" content=\"8 minuti\" \/>\n<script type=\"application\/ld+json\" class=\"yoast-schema-graph\">{\"@context\":\"https:\/\/schema.org\",\"@graph\":[{\"@type\":\"Article\",\"@id\":\"https:\/\/blog.holyart.it\/it\/santi-e-beati\/santambrogio-chi-era-il-santo-patrono-di-milano\/#article\",\"isPartOf\":{\"@id\":\"https:\/\/blog.holyart.it\/it\/santi-e-beati\/santambrogio-chi-era-il-santo-patrono-di-milano\/\"},\"author\":{\"name\":\"Redazione\",\"@id\":\"https:\/\/blog.holyart.it\/it\/#\/schema\/person\/0a7b686e5af0f856ec1e390dd0baecda\"},\"headline\":\"Sant&#8217;Ambrogio, chi era il santo patrono di Milano\",\"datePublished\":\"2020-12-10T10:58:45+00:00\",\"dateModified\":\"2025-11-27T11:40:54+00:00\",\"mainEntityOfPage\":{\"@id\":\"https:\/\/blog.holyart.it\/it\/santi-e-beati\/santambrogio-chi-era-il-santo-patrono-di-milano\/\"},\"wordCount\":1247,\"publisher\":{\"@id\":\"https:\/\/blog.holyart.it\/it\/#organization\"},\"image\":{\"@id\":\"https:\/\/blog.holyart.it\/it\/santi-e-beati\/santambrogio-chi-era-il-santo-patrono-di-milano\/#primaryimage\"},\"thumbnailUrl\":\"https:\/\/blog.holyart.it\/it\/wp-content\/uploads\/sites\/17\/2020\/12\/santambrogio.jpeg\",\"articleSection\":[\"Religione\",\"Santi e beati\"],\"inLanguage\":\"it-IT\"},{\"@type\":\"WebPage\",\"@id\":\"https:\/\/blog.holyart.it\/it\/santi-e-beati\/santambrogio-chi-era-il-santo-patrono-di-milano\/\",\"url\":\"https:\/\/blog.holyart.it\/it\/santi-e-beati\/santambrogio-chi-era-il-santo-patrono-di-milano\/\",\"name\":\"Sant'Ambrogio, chi era il santo patrono di Milano - Holyblog\",\"isPartOf\":{\"@id\":\"https:\/\/blog.holyart.it\/it\/#website\"},\"primaryImageOfPage\":{\"@id\":\"https:\/\/blog.holyart.it\/it\/santi-e-beati\/santambrogio-chi-era-il-santo-patrono-di-milano\/#primaryimage\"},\"image\":{\"@id\":\"https:\/\/blog.holyart.it\/it\/santi-e-beati\/santambrogio-chi-era-il-santo-patrono-di-milano\/#primaryimage\"},\"thumbnailUrl\":\"https:\/\/blog.holyart.it\/it\/wp-content\/uploads\/sites\/17\/2020\/12\/santambrogio.jpeg\",\"datePublished\":\"2020-12-10T10:58:45+00:00\",\"dateModified\":\"2025-11-27T11:40:54+00:00\",\"description\":\"Sant'Ambrogio \u00e8 uno dei patroni di Milano ed \u00e8 venerato da tutte le Chiese cristiane. Conosciamolo meglio e scopriamo perch\u00e9 a Milano sia ancora cos\u00ec amato.\",\"breadcrumb\":{\"@id\":\"https:\/\/blog.holyart.it\/it\/santi-e-beati\/santambrogio-chi-era-il-santo-patrono-di-milano\/#breadcrumb\"},\"inLanguage\":\"it-IT\",\"potentialAction\":[{\"@type\":\"ReadAction\",\"target\":[\"https:\/\/blog.holyart.it\/it\/santi-e-beati\/santambrogio-chi-era-il-santo-patrono-di-milano\/\"]}]},{\"@type\":\"ImageObject\",\"inLanguage\":\"it-IT\",\"@id\":\"https:\/\/blog.holyart.it\/it\/santi-e-beati\/santambrogio-chi-era-il-santo-patrono-di-milano\/#primaryimage\",\"url\":\"https:\/\/blog.holyart.it\/it\/wp-content\/uploads\/sites\/17\/2020\/12\/santambrogio.jpeg\",\"contentUrl\":\"https:\/\/blog.holyart.it\/it\/wp-content\/uploads\/sites\/17\/2020\/12\/santambrogio.jpeg\",\"width\":1000,\"height\":666,\"caption\":\"Sant'Ambrogio\"},{\"@type\":\"BreadcrumbList\",\"@id\":\"https:\/\/blog.holyart.it\/it\/santi-e-beati\/santambrogio-chi-era-il-santo-patrono-di-milano\/#breadcrumb\",\"itemListElement\":[{\"@type\":\"ListItem\",\"position\":1,\"name\":\"Homepage\",\"item\":\"https:\/\/blog.holyart.it\/it\/\"},{\"@type\":\"ListItem\",\"position\":2,\"name\":\"Santi e beati\",\"item\":\"https:\/\/blog.holyart.it\/it\/santi-e-beati\/\"},{\"@type\":\"ListItem\",\"position\":3,\"name\":\"Sant&#8217;Ambrogio, chi era il santo patrono di Milano\"}]},{\"@type\":\"WebSite\",\"@id\":\"https:\/\/blog.holyart.it\/it\/#website\",\"url\":\"https:\/\/blog.holyart.it\/it\/\",\"name\":\"Holyblog\",\"description\":\"Il Blog di Holyart.it\",\"publisher\":{\"@id\":\"https:\/\/blog.holyart.it\/it\/#organization\"},\"potentialAction\":[{\"@type\":\"SearchAction\",\"target\":{\"@type\":\"EntryPoint\",\"urlTemplate\":\"https:\/\/blog.holyart.it\/it\/?s={search_term_string}\"},\"query-input\":{\"@type\":\"PropertyValueSpecification\",\"valueRequired\":true,\"valueName\":\"search_term_string\"}}],\"inLanguage\":\"it-IT\"},{\"@type\":\"Organization\",\"@id\":\"https:\/\/blog.holyart.it\/it\/#organization\",\"name\":\"Holyblog\",\"url\":\"https:\/\/blog.holyart.it\/it\/\",\"logo\":{\"@type\":\"ImageObject\",\"inLanguage\":\"it-IT\",\"@id\":\"https:\/\/blog.holyart.it\/it\/#\/schema\/logo\/image\/\",\"url\":\"https:\/\/blog.holyart.it\/it\/wp-content\/uploads\/sites\/17\/2022\/12\/Holyart_Blog_Logo.jpg\",\"contentUrl\":\"https:\/\/blog.holyart.it\/it\/wp-content\/uploads\/sites\/17\/2022\/12\/Holyart_Blog_Logo.jpg\",\"width\":300,\"height\":50,\"caption\":\"Holyblog\"},\"image\":{\"@id\":\"https:\/\/blog.holyart.it\/it\/#\/schema\/logo\/image\/\"}},{\"@type\":\"Person\",\"@id\":\"https:\/\/blog.holyart.it\/it\/#\/schema\/person\/0a7b686e5af0f856ec1e390dd0baecda\",\"name\":\"Redazione\"}]}<\/script>\n<!-- \/ Yoast SEO plugin. -->","yoast_head_json":{"title":"Sant'Ambrogio, chi era il santo patrono di Milano - Holyblog","description":"Sant'Ambrogio \u00e8 uno dei patroni di Milano ed \u00e8 venerato da tutte le Chiese cristiane. Conosciamolo meglio e scopriamo perch\u00e9 a Milano sia ancora cos\u00ec amato.","robots":{"index":"index","follow":"follow","max-snippet":"max-snippet:-1","max-image-preview":"max-image-preview:large","max-video-preview":"max-video-preview:-1"},"canonical":"https:\/\/blog.holyart.it\/it\/santi-e-beati\/santambrogio-chi-era-il-santo-patrono-di-milano\/","og_locale":"it_IT","og_type":"article","og_title":"Sant'Ambrogio, chi era il santo patrono di Milano - Holyblog","og_description":"Sant'Ambrogio \u00e8 uno dei patroni di Milano ed \u00e8 venerato da tutte le Chiese cristiane. Conosciamolo meglio e scopriamo perch\u00e9 a Milano sia ancora cos\u00ec amato.","og_url":"https:\/\/blog.holyart.it\/it\/santi-e-beati\/santambrogio-chi-era-il-santo-patrono-di-milano\/","og_site_name":"Holyblog","article_published_time":"2020-12-10T10:58:45+00:00","article_modified_time":"2025-11-27T11:40:54+00:00","og_image":[{"width":1000,"height":666,"url":"https:\/\/blog.holyart.it\/it\/wp-content\/uploads\/sites\/17\/2020\/12\/santambrogio.jpeg","type":"image\/jpeg"}],"author":"Redazione","twitter_card":"summary_large_image","twitter_misc":{"Scritto da":"Redazione","Tempo di lettura stimato":"8 minuti"},"schema":{"@context":"https:\/\/schema.org","@graph":[{"@type":"Article","@id":"https:\/\/blog.holyart.it\/it\/santi-e-beati\/santambrogio-chi-era-il-santo-patrono-di-milano\/#article","isPartOf":{"@id":"https:\/\/blog.holyart.it\/it\/santi-e-beati\/santambrogio-chi-era-il-santo-patrono-di-milano\/"},"author":{"name":"Redazione","@id":"https:\/\/blog.holyart.it\/it\/#\/schema\/person\/0a7b686e5af0f856ec1e390dd0baecda"},"headline":"Sant&#8217;Ambrogio, chi era il santo patrono di Milano","datePublished":"2020-12-10T10:58:45+00:00","dateModified":"2025-11-27T11:40:54+00:00","mainEntityOfPage":{"@id":"https:\/\/blog.holyart.it\/it\/santi-e-beati\/santambrogio-chi-era-il-santo-patrono-di-milano\/"},"wordCount":1247,"publisher":{"@id":"https:\/\/blog.holyart.it\/it\/#organization"},"image":{"@id":"https:\/\/blog.holyart.it\/it\/santi-e-beati\/santambrogio-chi-era-il-santo-patrono-di-milano\/#primaryimage"},"thumbnailUrl":"https:\/\/blog.holyart.it\/it\/wp-content\/uploads\/sites\/17\/2020\/12\/santambrogio.jpeg","articleSection":["Religione","Santi e beati"],"inLanguage":"it-IT"},{"@type":"WebPage","@id":"https:\/\/blog.holyart.it\/it\/santi-e-beati\/santambrogio-chi-era-il-santo-patrono-di-milano\/","url":"https:\/\/blog.holyart.it\/it\/santi-e-beati\/santambrogio-chi-era-il-santo-patrono-di-milano\/","name":"Sant'Ambrogio, chi era il santo patrono di Milano - Holyblog","isPartOf":{"@id":"https:\/\/blog.holyart.it\/it\/#website"},"primaryImageOfPage":{"@id":"https:\/\/blog.holyart.it\/it\/santi-e-beati\/santambrogio-chi-era-il-santo-patrono-di-milano\/#primaryimage"},"image":{"@id":"https:\/\/blog.holyart.it\/it\/santi-e-beati\/santambrogio-chi-era-il-santo-patrono-di-milano\/#primaryimage"},"thumbnailUrl":"https:\/\/blog.holyart.it\/it\/wp-content\/uploads\/sites\/17\/2020\/12\/santambrogio.jpeg","datePublished":"2020-12-10T10:58:45+00:00","dateModified":"2025-11-27T11:40:54+00:00","description":"Sant'Ambrogio \u00e8 uno dei patroni di Milano ed \u00e8 venerato da tutte le Chiese cristiane. Conosciamolo meglio e scopriamo perch\u00e9 a Milano sia ancora cos\u00ec amato.","breadcrumb":{"@id":"https:\/\/blog.holyart.it\/it\/santi-e-beati\/santambrogio-chi-era-il-santo-patrono-di-milano\/#breadcrumb"},"inLanguage":"it-IT","potentialAction":[{"@type":"ReadAction","target":["https:\/\/blog.holyart.it\/it\/santi-e-beati\/santambrogio-chi-era-il-santo-patrono-di-milano\/"]}]},{"@type":"ImageObject","inLanguage":"it-IT","@id":"https:\/\/blog.holyart.it\/it\/santi-e-beati\/santambrogio-chi-era-il-santo-patrono-di-milano\/#primaryimage","url":"https:\/\/blog.holyart.it\/it\/wp-content\/uploads\/sites\/17\/2020\/12\/santambrogio.jpeg","contentUrl":"https:\/\/blog.holyart.it\/it\/wp-content\/uploads\/sites\/17\/2020\/12\/santambrogio.jpeg","width":1000,"height":666,"caption":"Sant'Ambrogio"},{"@type":"BreadcrumbList","@id":"https:\/\/blog.holyart.it\/it\/santi-e-beati\/santambrogio-chi-era-il-santo-patrono-di-milano\/#breadcrumb","itemListElement":[{"@type":"ListItem","position":1,"name":"Homepage","item":"https:\/\/blog.holyart.it\/it\/"},{"@type":"ListItem","position":2,"name":"Santi e beati","item":"https:\/\/blog.holyart.it\/it\/santi-e-beati\/"},{"@type":"ListItem","position":3,"name":"Sant&#8217;Ambrogio, chi era il santo patrono di Milano"}]},{"@type":"WebSite","@id":"https:\/\/blog.holyart.it\/it\/#website","url":"https:\/\/blog.holyart.it\/it\/","name":"Holyblog","description":"Il Blog di Holyart.it","publisher":{"@id":"https:\/\/blog.holyart.it\/it\/#organization"},"potentialAction":[{"@type":"SearchAction","target":{"@type":"EntryPoint","urlTemplate":"https:\/\/blog.holyart.it\/it\/?s={search_term_string}"},"query-input":{"@type":"PropertyValueSpecification","valueRequired":true,"valueName":"search_term_string"}}],"inLanguage":"it-IT"},{"@type":"Organization","@id":"https:\/\/blog.holyart.it\/it\/#organization","name":"Holyblog","url":"https:\/\/blog.holyart.it\/it\/","logo":{"@type":"ImageObject","inLanguage":"it-IT","@id":"https:\/\/blog.holyart.it\/it\/#\/schema\/logo\/image\/","url":"https:\/\/blog.holyart.it\/it\/wp-content\/uploads\/sites\/17\/2022\/12\/Holyart_Blog_Logo.jpg","contentUrl":"https:\/\/blog.holyart.it\/it\/wp-content\/uploads\/sites\/17\/2022\/12\/Holyart_Blog_Logo.jpg","width":300,"height":50,"caption":"Holyblog"},"image":{"@id":"https:\/\/blog.holyart.it\/it\/#\/schema\/logo\/image\/"}},{"@type":"Person","@id":"https:\/\/blog.holyart.it\/it\/#\/schema\/person\/0a7b686e5af0f856ec1e390dd0baecda","name":"Redazione"}]}},"_links":{"self":[{"href":"https:\/\/blog.holyart.it\/it\/wp-json\/wp\/v2\/posts\/11316","targetHints":{"allow":["GET"]}}],"collection":[{"href":"https:\/\/blog.holyart.it\/it\/wp-json\/wp\/v2\/posts"}],"about":[{"href":"https:\/\/blog.holyart.it\/it\/wp-json\/wp\/v2\/types\/post"}],"author":[{"embeddable":true,"href":"https:\/\/blog.holyart.it\/it\/wp-json\/wp\/v2\/users\/1"}],"replies":[{"embeddable":true,"href":"https:\/\/blog.holyart.it\/it\/wp-json\/wp\/v2\/comments?post=11316"}],"version-history":[{"count":1,"href":"https:\/\/blog.holyart.it\/it\/wp-json\/wp\/v2\/posts\/11316\/revisions"}],"predecessor-version":[{"id":18818,"href":"https:\/\/blog.holyart.it\/it\/wp-json\/wp\/v2\/posts\/11316\/revisions\/18818"}],"wp:featuredmedia":[{"embeddable":true,"href":"https:\/\/blog.holyart.it\/it\/wp-json\/wp\/v2\/media\/11332"}],"wp:attachment":[{"href":"https:\/\/blog.holyart.it\/it\/wp-json\/wp\/v2\/media?parent=11316"}],"wp:term":[{"taxonomy":"category","embeddable":true,"href":"https:\/\/blog.holyart.it\/it\/wp-json\/wp\/v2\/categories?post=11316"},{"taxonomy":"post_tag","embeddable":true,"href":"https:\/\/blog.holyart.it\/it\/wp-json\/wp\/v2\/tags?post=11316"}],"curies":[{"name":"wp","href":"https:\/\/api.w.org\/{rel}","templated":true}]}}