{"id":11255,"date":"2020-12-01T10:02:15","date_gmt":"2020-12-01T09:02:15","guid":{"rendered":"https:\/\/blog.holyart.it\/it\/?p=11255"},"modified":"2022-12-01T15:17:52","modified_gmt":"2022-12-01T14:17:52","slug":"albero-di-natale-i-colori-che-non-tramontano-mai-e-le-novita","status":"publish","type":"post","link":"https:\/\/blog.holyart.it\/it\/natale\/albero-di-natale-i-colori-che-non-tramontano-mai-e-le-novita\/","title":{"rendered":"Albero di Natale, i colori che non tramontano mai e le novit\u00e0"},"content":{"rendered":"<h4>Abbiamo messo insieme le idee per aiutarti a scegliere gli abbinamenti e i colori, dai pi\u00f9 classici ai pi\u00f9 originali, che possono fare al caso tuo!<\/h4>\n\n<p>Quello della <strong><a href=\"https:\/\/www.holyart.it\/it\/natale\/addobbi-natalizi-per-lalbero\">decorazione dell\u2019albero<\/a><\/strong> \u00e8 uno dei momenti pi\u00f9 attesi e belli di tutte le feste natalizie, ma se non si hanno le idee chiare su come farlo pu\u00f2 anche diventare il pi\u00f9 stressante.<\/p>\n<p>Ogni anno cambiano gli stili e le mode per addobbare l\u2019albero di Natale, la gamma di colori utilizzabile diventa sempre pi\u00f9 vasta, ci si pu\u00f2 per questo trovare comprensibilmente spiazzati.<\/p>\n<p>Cerchiamo di fare chiarezza tra quelli che sono i colori sempre validi e quelli pi\u00f9 cool per questa stagione natalizia.<\/p>\n<h2>Albero di natale rosso e oro<\/h2>\n<p><strong>L\u2019oro e il rosso<\/strong> sono i due colori maggiormente utilizzati, insieme o separatamente, per addobbare <strong><a href=\"https:\/\/www.holyart.it\/it\/natale\/alberi-di-natale\">l\u2019albero di Natale,<\/a><\/strong> un grande classico che pu\u00f2 risultare estremamente moderno.<\/p>\n<p>Se si prediligono palline con un finish opaco l\u2019effetto sar\u00e0 pi\u00f9 contemporaneo rispetto a quelle lucide che invece conservano un fascino tradizionale.<\/p>\n<p><strong>L\u2019abbinamento di colori \u00e8 comunque intramontabile,<\/strong> non abbiate paura di sbagliare ma attenzione a non ricadere nella banalit\u00e0, magari aggiungendo qualche <strong>tocco personale o qualche pallina di pregio.<\/strong><\/p>\n<div class=\"sp-styles-warning\" style=\"width: 450px; background-color: #FFF; color: #F00; border: 1px solid #F00; padding: 10px; font-size: 14px;\">\n\t\t\t<span style=\"font-weight: bold;\">Warning: The stylesheets were not loaded!<\/span> \n\t\t\tYou will need to change the <i>Load stylesheets<\/i> setting from <i>Automatically<\/i> to <i>On homepage<\/i> or <i>On all pages<\/i>. \n\t\t\tYou can set that <a style=\"text-decoration: underline; color: #F00;\" href=\"https:\/\/blog.holyart.it\/it\/wp-admin\/admin.php?page=sliderpro-settings\">here<\/a>.\n\t\t\t<\/div>\r\n<div id=\"slider-pro-82\" class=\"slider-pro sp-no-js\" style=\"width: 500px; height: 500px;\">\r\n\t<div class=\"sp-slides\">\r\n\t\t\r\n\t\t<div class=\"sp-slide\">\r\n\t\t\t<a class=\"\" href=\"https:\/\/www.holyart.it\/it\/natale\/addobbi-natalizi-per-lalbero\/palline-di-natale?12%5B%5D=456&amp;12%5B%5D=36&amp;p_min=&amp;p_max=\" target=\"_self\">\r\n\t\t\t\t<img loading=\"lazy\" decoding=\"async\" class=\"sp-image\" src=\"https:\/\/blog.holyart.it\/it\/wp-content\/uploads\/sites\/17\/2020\/12\/Albero-oro-e-rosso.jpg\" alt=\"Albero oro e rosso\" width=\"500\" height=\"500\" \/>\r\n\t\t\t<\/a>\r\n\t\t\t<div class=\"sp-thumbnail\"><a class=\"\" href=\"https:\/\/www.holyart.it\/it\/natale\/addobbi-natalizi-per-lalbero\/palline-di-natale\/palla-vetro-rosso-opaco-100-mm\">\r\n\t\t\t\t<img decoding=\"async\" src=\"https:\/\/blog.holyart.it\/it\/wp-content\/uploads\/sites\/17\/2020\/12\/palla-vetro-rosso-opaco-100-mm.jpg\" alt=\"palla-vetro-rosso-opaco-100-mm\" \/>\r\n\t\t\t<\/a>\r\n\t\t\t<\/div>\r\n\t\t\t<div class=\"sp-caption\">Albero decorato con palline oro e rosso, i colori che tradizionalmente rappresentano l'allegria delle festivit\u00e0. <br \/><strong><a href=\"https:\/\/www.holyart.it\/it\/natale\/addobbi-natalizi-per-lalbero\/palline-di-natale?12%5B%5D=456&amp;12%5B%5D=36&amp;p_min=&amp;p_max=\">Acquista su Holyart<\/a><\/strong><\/div>\r\n\t\t<\/div>\r\n\t\t<div class=\"sp-slide\">\r\n\t\t\t<a class=\"\" href=\"https:\/\/www.holyart.it\" title=\"luci led che cazzo ne so\" target=\"_self\">\r\n\t\t\t\t<img loading=\"lazy\" decoding=\"async\" class=\"sp-image\" src=\"https:\/\/blog.holyart.it\/it\/wp-content\/uploads\/sites\/17\/2020\/10\/luci-di-natale-in-salotto.jpeg\" alt=\"filo di luci in camera\" width=\"500\" height=\"500\" \/>\r\n\t\t\t<\/a>\r\n\t\t\t<div class=\"sp-thumbnail\"><a class=\"\" href=\"https:\/\/www.holyart.it\/it\/natale\/addobbi-natalizi-per-lalbero\/palline-di-natale\/addobbo-palla-vetro-decoro-rosso-oro-rilievo-80-mm\">\r\n\t\t\t\t<img decoding=\"async\" src=\"https:\/\/blog.holyart.it\/it\/wp-content\/uploads\/sites\/17\/2020\/12\/addobbo-palla-vetro-decoro-rosso-oro-rilievo-80-mm.jpg\" alt=\"addobbo-palla-vetro-decoro-rosso-oro-rilievo-80-mm\" \/>\r\n\t\t\t<\/a>\r\n\t\t\t<\/div>\r\n\t\t\t<div class=\"sp-caption\">Luci di Natale per dare un tocco in pi\u00f9 al tuo salotto.<br \/><strong><a href=\"https:\/\/www.holyart.it\/it\/natale\/luci-di-natale\/catena-luminosa-750-led-bianco-caldo-ambrato-esterno-220v\">Acquista su Holyart<\/a><\/strong><\/div>\r\n\t\t<\/div>\r\n\t\t<div class=\"sp-slide\">\r\n\t\t\t<a class=\"\" href=\"https:\/\/www.holyart.it\" title=\"luci led che cazzo ne so\" target=\"_self\">\r\n\t\t\t\t<img loading=\"lazy\" decoding=\"async\" class=\"sp-image\" src=\"https:\/\/blog.holyart.it\/it\/wp-content\/uploads\/sites\/17\/2020\/10\/luci-di-natale-in-salotto.jpeg\" alt=\"filo di luci in camera\" width=\"500\" height=\"500\" \/>\r\n\t\t\t<\/a>\r\n\t\t\t<div class=\"sp-thumbnail\"><a class=\"\" href=\"https:\/\/www.holyart.it\/it\/natale\/addobbi-natalizi-per-lalbero\/palline-di-natale\/palline-di-natale-vetro-verde-decorazione-pungitopo-dorato-80-mm-6-pz\">\r\n\t\t\t\t<img decoding=\"async\" src=\"https:\/\/blog.holyart.it\/it\/wp-content\/uploads\/sites\/17\/2020\/12\/palline-di-natale-vetro-verde-decorazione-pungitopo-dorato-80-mm-6-pz.jpg\" alt=\"palline-di-natale-vetro-verde-decorazione-pungitopo-dorato-80-mm-6-pz\" \/>\r\n\t\t\t<\/a>\r\n\t\t\t<\/div>\r\n\t\t\t<div class=\"sp-caption\">Rendi luminosi i tuoi ricordi! Bastano un filo di luci led e le tue foto preferite. <br \/><strong><a href=\"https:\/\/www.holyart.it\/it\/natale\/luci-di-natale\/luce-di-natale-catena-1000-led-bianchi-esterni-flash-control-unit-di-100-m\">Acquista su Holyart<\/a><\/strong><\/div>\r\n\t\t<\/div>\r\n\t<\/div>\r\n<\/div>\n<h2>Albero di natale bianco e oro<\/h2>\n<p>Altro abbinamento di colori sempreverde \u00e8 quello dell\u2019<strong>oro con il bianco<\/strong>.<\/p>\n<p>Un\u2019idea per mixare i colori in modo originale potrebbe essere quella di acquistare <strong>un albero bianco<\/strong> e posizionare sopra addobbi nelle <strong>diverse tonalit\u00e0 dell\u2019oro<\/strong>, da quelle champagne a quelle pi\u00f9 intense o, se vi piace osare, scegliete un albero dorato e appendeteci delle palline bianche e trasparenti.<\/p>\n<p>Da valutare anche il ton sur ton.<\/p>\n<div class=\"sp-styles-warning\" style=\"width: 450px; background-color: #FFF; color: #F00; border: 1px solid #F00; padding: 10px; font-size: 14px;\">\n\t\t\t<span style=\"font-weight: bold;\">Warning: The stylesheets were not loaded!<\/span> \n\t\t\tYou will need to change the <i>Load stylesheets<\/i> setting from <i>Automatically<\/i> to <i>On homepage<\/i> or <i>On all pages<\/i>. \n\t\t\tYou can set that <a style=\"text-decoration: underline; color: #F00;\" href=\"https:\/\/blog.holyart.it\/it\/wp-admin\/admin.php?page=sliderpro-settings\">here<\/a>.\n\t\t\t<\/div>\r\n<div id=\"slider-pro-83\" class=\"slider-pro sp-no-js\" style=\"width: 500px; height: 500px;\">\r\n\t<div class=\"sp-slides\">\r\n\t\t\r\n\t\t<div class=\"sp-slide\">\r\n\t\t\t<a class=\"\" href=\"https:\/\/www.holyart.it\/it\/natale\/addobbi-natalizi-per-lalbero\/palline-di-natale?12%5B%5D=456&amp;12%5B%5D=29&amp;p_min=&amp;p_max=\" target=\"_self\">\r\n\t\t\t\t<img loading=\"lazy\" decoding=\"async\" class=\"sp-image\" src=\"https:\/\/blog.holyart.it\/it\/wp-content\/uploads\/sites\/17\/2020\/12\/Albero-di-natale-oro-e-bianco.jpeg\" alt=\"Albero bianco e oro\" width=\"500\" height=\"499\" \/>\r\n\t\t\t<\/a>\r\n\t\t\t<div class=\"sp-thumbnail\"><a class=\"\" href=\"https:\/\/www.holyart.it\/it\/natale\/addobbi-natalizi-per-lalbero\/palline-di-natale\/palla-bianca-in-vetro-finitura-satinata-100-mm\">\r\n\t\t\t\t<img decoding=\"async\" src=\"https:\/\/blog.holyart.it\/it\/wp-content\/uploads\/sites\/17\/2020\/12\/palla-bianca-in-vetro-finitura-satinata-100-mm.jpg\" alt=\"palla-bianca-in-vetro-finitura-satinata-100-mm\" \/>\r\n\t\t\t<\/a>\r\n\t\t\t<\/div>\r\n\t\t\t<div class=\"sp-caption\">Albero di Natale luminoso e ricco nei toni del bianco e dell'oro. <br \/><strong><a>Acquista su Holyart<\/a><\/strong><\/div>\r\n\t\t<\/div>\r\n\t\t<div class=\"sp-slide\">\r\n\t\t\t<a class=\"\" href=\"https:\/\/www.holyart.it\" title=\"luci led che cazzo ne so\" target=\"_self\">\r\n\t\t\t\t<img loading=\"lazy\" decoding=\"async\" class=\"sp-image\" src=\"https:\/\/blog.holyart.it\/it\/wp-content\/uploads\/sites\/17\/2020\/10\/luci-di-natale-in-salotto.jpeg\" alt=\"filo di luci in camera\" width=\"500\" height=\"500\" \/>\r\n\t\t\t<\/a>\r\n\t\t\t<div class=\"sp-thumbnail\"><a class=\"\" href=\"https:\/\/www.holyart.it\/it\/natale\/addobbi-natalizi-per-lalbero\/palline-di-natale\/palline-vetro-soffiato-albero-natale-oro-opaco-100-mm-4-pz\">\r\n\t\t\t\t<img decoding=\"async\" src=\"https:\/\/blog.holyart.it\/it\/wp-content\/uploads\/sites\/17\/2020\/12\/palline-vetro-soffiato-albero-natale-oro-opaco-100-mm-4-pz.jpg\" alt=\"palline-vetro-soffiato-albero-natale-oro-opaco-100-mm-4-pz\" \/>\r\n\t\t\t<\/a>\r\n\t\t\t<\/div>\r\n\t\t\t<div class=\"sp-caption\">Luci di Natale per dare un tocco in pi\u00f9 al tuo salotto.<br \/><strong><a href=\"https:\/\/www.holyart.it\/it\/natale\/luci-di-natale\/catena-luminosa-750-led-bianco-caldo-ambrato-esterno-220v\">Acquista su Holyart<\/a><\/strong><\/div>\r\n\t\t<\/div>\r\n\t\t<div class=\"sp-slide\">\r\n\t\t\t<a class=\"\" href=\"https:\/\/www.holyart.it\" title=\"luci led che cazzo ne so\" target=\"_self\">\r\n\t\t\t\t<img loading=\"lazy\" decoding=\"async\" class=\"sp-image\" src=\"https:\/\/blog.holyart.it\/it\/wp-content\/uploads\/sites\/17\/2020\/10\/luci-di-natale-in-salotto.jpeg\" alt=\"filo di luci in camera\" width=\"500\" height=\"500\" \/>\r\n\t\t\t<\/a>\r\n\t\t\t<div class=\"sp-thumbnail\"><a class=\"\" href=\"https:\/\/www.holyart.it\/it\/natale\/addobbi-natalizi-per-lalbero\/palline-di-natale\/palla-vetro-beige-decori-oro-100-mm\">\r\n\t\t\t\t<img decoding=\"async\" src=\"https:\/\/blog.holyart.it\/it\/wp-content\/uploads\/sites\/17\/2020\/12\/palla-vetro-beige-decori-oro-100-mm.jpg\" alt=\"palla-vetro-beige-decori-oro-100-mm\" \/>\r\n\t\t\t<\/a>\r\n\t\t\t<\/div>\r\n\t\t\t<div class=\"sp-caption\">Rendi luminosi i tuoi ricordi! Bastano un filo di luci led e le tue foto preferite. <br \/><strong><a href=\"https:\/\/www.holyart.it\/it\/natale\/luci-di-natale\/luce-di-natale-catena-1000-led-bianchi-esterni-flash-control-unit-di-100-m\">Acquista su Holyart<\/a><\/strong><\/div>\r\n\t\t<\/div>\r\n\t<\/div>\r\n<\/div>\n<h2>Albero di Natale blu e argento<\/h2>\n<p>Per un albero con una tonalit\u00e0 fredda la scelta pi\u00f9 classica \u00e8 quella che vede l\u2019abbinamento tra <a href=\"https:\/\/www.holyart.it\/it\/natale\/addobbi-natalizi-per-lalbero\/palline-di-natale?12%5B%5D=457&amp;12%5B%5D=26&amp;p_min=&amp;p_max=\"><strong>l\u2019argento e il blu<\/strong><\/a><strong>.<\/strong><\/p>\n<p><strong>Il blu offre gradazioni pressoch\u00e9 infinite tra cui poter scegliere<\/strong>, dal blu elettrico al blu notte passando per il blu pavone fino ad arrivare al classic blu, color pantone 2020. Tutte queste varianti potrebbero bastare per creare un\u2019armonia perfetta, l\u2019aggiunta dell\u2019argento, pur non essendo essenziale, permette al blu di spiccare e illuminarsi.<\/p>\n<p>Per un effetto incantato scegliete un albero completamente bianco o di colore argento.<\/p>\n<h2>Albero di Natale multicolor<\/h2>\n<p>Mischiare pi\u00f9 colori per addobbare un unico albero di Natale pu\u00f2 essere rischioso, bisogna avere occhio ed essere abili per riuscire ad ottenere un risultato gradevole.<\/p>\n<p><strong>Siete persone che amano sperimentare?<\/strong> Potete decidere anche di inserire <a href=\"https:\/\/www.holyart.it\/it\/natale\/addobbi-natalizi-per-lalbero\/decorazioni-vetro-soffiato-per-albero\"><strong>decori fuori dal comune<\/strong><\/a> e dal sapore pop. <strong>Decori a tema viaggi, dolcetti o animali possono fare al caso vostro.<\/strong><\/p>\n<p>Mixateli sapientemente con palline basic per un effetto divertente e non pacchiano.<\/p>\n<div class=\"sp-styles-warning\" style=\"width: 450px; background-color: #FFF; color: #F00; border: 1px solid #F00; padding: 10px; font-size: 14px;\">\n\t\t\t<span style=\"font-weight: bold;\">Warning: The stylesheets were not loaded!<\/span> \n\t\t\tYou will need to change the <i>Load stylesheets<\/i> setting from <i>Automatically<\/i> to <i>On homepage<\/i> or <i>On all pages<\/i>. \n\t\t\tYou can set that <a style=\"text-decoration: underline; color: #F00;\" href=\"https:\/\/blog.holyart.it\/it\/wp-admin\/admin.php?page=sliderpro-settings\">here<\/a>.\n\t\t\t<\/div>\r\n<div id=\"slider-pro-84\" class=\"slider-pro sp-no-js\" style=\"width: 500px; height: 500px;\">\r\n\t<div class=\"sp-slides\">\r\n\t\t\r\n\t\t<div class=\"sp-slide\">\r\n\t\t\t<a class=\"\" href=\"https:\/\/www.holyart.it\/it\/natale\/addobbi-natalizi-per-lalbero\/decorazioni-vetro-soffiato-per-albero\" target=\"_self\">\r\n\t\t\t\t<img loading=\"lazy\" decoding=\"async\" class=\"sp-image\" src=\"https:\/\/blog.holyart.it\/it\/wp-content\/uploads\/sites\/17\/2020\/12\/Albero-multicolor.jpg\" alt=\"Albero multicolor\" width=\"500\" height=\"499\" \/>\r\n\t\t\t<\/a>\r\n\t\t\t<div class=\"sp-thumbnail\"><a class=\"\" href=\"https:\/\/www.holyart.it\/it\/natale\/addobbi-natalizi-per-lalbero\/decorazioni-vetro-soffiato-per-albero\/torta-di-fragole-addobbo-vetro-soffiato-albero-natale\">\r\n\t\t\t\t<img decoding=\"async\" src=\"https:\/\/blog.holyart.it\/it\/wp-content\/uploads\/sites\/17\/2020\/12\/torta-di-fragole-addobbo-vetro-soffiato-albero-natale.jpg\" alt=\"torta-di-fragole-addobbo-vetro-soffiato-albero-natale\" \/>\r\n\t\t\t<\/a>\r\n\t\t\t<\/div>\r\n\t\t\t<div class=\"sp-caption\">Addobbate il vostro albero con i mille colori dei decori in vetro soffiato. <br \/><strong><a>Acquista su Holyart<\/a><\/strong><\/div>\r\n\t\t<\/div>\r\n\t\t<div class=\"sp-slide\">\r\n\t\t\t<a class=\"\" href=\"https:\/\/www.holyart.it\" title=\"luci led che cazzo ne so\" target=\"_self\">\r\n\t\t\t\t<img loading=\"lazy\" decoding=\"async\" class=\"sp-image\" src=\"https:\/\/blog.holyart.it\/it\/wp-content\/uploads\/sites\/17\/2020\/10\/luci-di-natale-in-salotto.jpeg\" alt=\"filo di luci in camera\" width=\"500\" height=\"500\" \/>\r\n\t\t\t<\/a>\r\n\t\t\t<div class=\"sp-thumbnail\"><a class=\"\" href=\"https:\/\/www.holyart.it\/it\/natale\/addobbi-natalizi-per-lalbero\/decorazioni-vetro-soffiato-per-albero\/babbo-natale-di-pan-di-zenzero-addobbo-vetro-soffiato-albero-natale\">\r\n\t\t\t\t<img decoding=\"async\" src=\"https:\/\/blog.holyart.it\/it\/wp-content\/uploads\/sites\/17\/2020\/12\/babbo-natale-di-pan-di-zenzero-addobbo-vetro-soffiato-albero-natale.jpg\" alt=\"babbo-natale-di-pan-di-zenzero-addobbo-vetro-soffiato-albero-natale\" \/>\r\n\t\t\t<\/a>\r\n\t\t\t<\/div>\r\n\t\t\t<div class=\"sp-caption\">Luci di Natale per dare un tocco in pi\u00f9 al tuo salotto.<br \/><strong><a href=\"https:\/\/www.holyart.it\/it\/natale\/luci-di-natale\/catena-luminosa-750-led-bianco-caldo-ambrato-esterno-220v\">Acquista su Holyart<\/a><\/strong><\/div>\r\n\t\t<\/div>\r\n\t\t<div class=\"sp-slide\">\r\n\t\t\t<a class=\"\" href=\"https:\/\/www.holyart.it\" title=\"luci led che cazzo ne so\" target=\"_self\">\r\n\t\t\t\t<img loading=\"lazy\" decoding=\"async\" class=\"sp-image\" src=\"https:\/\/blog.holyart.it\/it\/wp-content\/uploads\/sites\/17\/2020\/10\/luci-di-natale-in-salotto.jpeg\" alt=\"filo di luci in camera\" width=\"500\" height=\"500\" \/>\r\n\t\t\t<\/a>\r\n\t\t\t<div class=\"sp-thumbnail\"><a class=\"\" href=\"https:\/\/www.holyart.it\/it\/natale\/addobbi-natalizi-per-lalbero\/decorazioni-vetro-soffiato-per-albero\/casa-di-pan-di-zenzero-addobbo-vetro-soffiato-albero-natale\">\r\n\t\t\t\t<img decoding=\"async\" src=\"https:\/\/blog.holyart.it\/it\/wp-content\/uploads\/sites\/17\/2020\/12\/casa-di-pan-di-zenzero-addobbo-vetro-soffiato-albero-natale.jpg\" alt=\"casa-di-pan-di-zenzero-addobbo-vetro-soffiato-albero-natale\" \/>\r\n\t\t\t<\/a>\r\n\t\t\t<\/div>\r\n\t\t\t<div class=\"sp-caption\">Rendi luminosi i tuoi ricordi! Bastano un filo di luci led e le tue foto preferite. <br \/><strong><a href=\"https:\/\/www.holyart.it\/it\/natale\/luci-di-natale\/luce-di-natale-catena-1000-led-bianchi-esterni-flash-control-unit-di-100-m\">Acquista su Holyart<\/a><\/strong><\/div>\r\n\t\t<\/div>\r\n\t<\/div>\r\n<\/div>\n<h2>Albero di natale colori pastello<\/h2>\n<p>Tendenza degli ultimi anni sono i <strong><a href=\"https:\/\/www.holyart.it\/it\/natale\/addobbi-natalizi-per-lalbero\/palline-di-natale?12%5B%5D=78&amp;12%5B%5D=31&amp;12%5B%5D=41&amp;p_min=&amp;p_max=\">colori pastello<\/a><\/strong>, delicati e soft, tanto belli da riuscire a diventare protagonisti anche nel periodo pi\u00f9 vivace e brillante dell\u2019anno. E cos\u00ec anche gli alberi di Natale si tingono di tinte insolitamente tenui: <strong>ceruleo, fiordaliso, glicine, lavanda, rosa cipria.<\/strong><\/p>\n<p>Possono essere utilizzati soli per un effetto monocromatico o in combinazione tra di loro.<\/p>\n<h2>Albero di Natale nero<\/h2>\n<p>\u00c8 risaputo, <strong>il nero \u00e8 il colore dell\u2019eleganza<\/strong>, e questo \u00e8 particolarmente vero quando si parla di abbigliamento, ma se parliamo di alberi di Natale? sar\u00e0 la stessa cosa?<\/p>\n<p>Tendenza degli ultimi anni \u00e8<strong> l\u2019albero di Natale nero, eccentrico e glamour<\/strong>. Si allontana da quella che \u00e8 la classica idea di Natale sposando perfettamente case dallo stile moderno e il gusto di chi non ha paura di prendersi dei rischi.<\/p>\n<p>Un modo per valorizzarlo \u00e8 quello di <strong>accostare colori luminosi come l\u2019oro, il bianco o l\u2019argento<\/strong>, ma se volete che sia il solo protagonista potete optare per qualcosa di decisamente pi\u00f9 minimalista addobbando il vostro albero solo con qualche filo di luce.<\/p>\n<div class=\"sp-styles-warning\" style=\"width: 450px; background-color: #FFF; color: #F00; border: 1px solid #F00; padding: 10px; font-size: 14px;\">\n\t\t\t<span style=\"font-weight: bold;\">Warning: The stylesheets were not loaded!<\/span> \n\t\t\tYou will need to change the <i>Load stylesheets<\/i> setting from <i>Automatically<\/i> to <i>On homepage<\/i> or <i>On all pages<\/i>. \n\t\t\tYou can set that <a style=\"text-decoration: underline; color: #F00;\" href=\"https:\/\/blog.holyart.it\/it\/wp-admin\/admin.php?page=sliderpro-settings\">here<\/a>.\n\t\t\t<\/div>\r\n<div id=\"slider-pro-85\" class=\"slider-pro sp-no-js\" style=\"width: 500px; height: 500px;\">\r\n\t<div class=\"sp-slides\">\r\n\t\t\r\n\t\t<div class=\"sp-slide\">\r\n\t\t\t<a class=\"\" href=\"https:\/\/www.holyart.it\/it\/natale\/addobbi-natalizi-per-lalbero\/palline-di-natale?12%5B%5D=29&amp;p_min=&amp;p_max=\" target=\"_self\">\r\n\t\t\t\t<img loading=\"lazy\" decoding=\"async\" class=\"sp-image\" src=\"https:\/\/blog.holyart.it\/it\/wp-content\/uploads\/sites\/17\/2020\/12\/Albero-Nero.jpg\" alt=\"Albero Nero\" width=\"500\" height=\"500\" \/>\r\n\t\t\t<\/a>\r\n\t\t\t<div class=\"sp-thumbnail\"><a class=\"\" href=\"https:\/\/www.holyart.it\/it\/natale\/addobbi-natalizi-per-lalbero\/palline-di-natale\/palla-natale-in-vetro-decoro-merletto-100-mm\">\r\n\t\t\t\t<img decoding=\"async\" src=\"https:\/\/blog.holyart.it\/it\/wp-content\/uploads\/sites\/17\/2020\/12\/palla-natale-in-vetro-decoro-merletto-100-mm.jpg\" alt=\"palla-natale-in-vetro-decoro-merletto-100-mm\" \/>\r\n\t\t\t<\/a>\r\n\t\t\t<\/div>\r\n\t\t\t<div class=\"sp-caption\">Albero di Natale nero con decorazioni bianche e in vetro soffiato. <br \/><strong><a href=\"https:\/\/www.holyart.it\/it\/natale\/addobbi-natalizi-per-lalbero\/palline-di-natale?12%5B%5D=29&amp;p_min=&amp;p_max=\">Acquista su Holyart<\/a><\/strong><\/div>\r\n\t\t<\/div>\r\n\t\t<div class=\"sp-slide\">\r\n\t\t\t<a class=\"\" href=\"https:\/\/www.holyart.it\" title=\"luci led che cazzo ne so\" target=\"_self\">\r\n\t\t\t\t<img loading=\"lazy\" decoding=\"async\" class=\"sp-image\" src=\"https:\/\/blog.holyart.it\/it\/wp-content\/uploads\/sites\/17\/2020\/10\/luci-di-natale-in-salotto.jpeg\" alt=\"filo di luci in camera\" width=\"500\" height=\"500\" \/>\r\n\t\t\t<\/a>\r\n\t\t\t<div class=\"sp-thumbnail\"><a class=\"\" href=\"https:\/\/www.holyart.it\/it\/natale\/addobbi-natalizi-per-lalbero\/palline-di-natale\/addobbi-albero-natale-rami-uccellini-rossi-vetro-soffiato-80-mm-6-pz\">\r\n\t\t\t\t<img decoding=\"async\" src=\"https:\/\/blog.holyart.it\/it\/wp-content\/uploads\/sites\/17\/2020\/12\/addobbo-albero-natale-rami-uccellini-rossi-vetro-soffiato-80-mm-6-pz.jpg\" alt=\"addobbo-albero-natale-rami-uccellini-rossi-vetro-soffiato-80-mm-6-pz\" \/>\r\n\t\t\t<\/a>\r\n\t\t\t<\/div>\r\n\t\t\t<div class=\"sp-caption\">Luci di Natale per dare un tocco in pi\u00f9 al tuo salotto.<br \/><strong><a href=\"https:\/\/www.holyart.it\/it\/natale\/luci-di-natale\/catena-luminosa-750-led-bianco-caldo-ambrato-esterno-220v\">Acquista su Holyart<\/a><\/strong><\/div>\r\n\t\t<\/div>\r\n\t\t<div class=\"sp-slide\">\r\n\t\t\t<a class=\"\" href=\"https:\/\/www.holyart.it\" title=\"luci led che cazzo ne so\" target=\"_self\">\r\n\t\t\t\t<img loading=\"lazy\" decoding=\"async\" class=\"sp-image\" src=\"https:\/\/blog.holyart.it\/it\/wp-content\/uploads\/sites\/17\/2020\/10\/luci-di-natale-in-salotto.jpeg\" alt=\"filo di luci in camera\" width=\"500\" height=\"500\" \/>\r\n\t\t\t<\/a>\r\n\t\t\t<div class=\"sp-thumbnail\"><a class=\"\" href=\"https:\/\/holyart.it\/it\/natale\/addobbi-natalizi-per-lalbero\/palline-di-natale\/pallina-natale-alberi-contrasto-vetro-soffiato-150-mm\">\r\n\t\t\t\t<img decoding=\"async\" src=\"https:\/\/blog.holyart.it\/it\/wp-content\/uploads\/sites\/17\/2020\/12\/pallina-natale-alberi-contrasto-vetro-soffiato-150-mm.jpg\" alt=\"pallina-natale-alberi-contrasto-vetro-soffiato-150-mm\" \/>\r\n\t\t\t<\/a>\r\n\t\t\t<\/div>\r\n\t\t\t<div class=\"sp-caption\">Rendi luminosi i tuoi ricordi! Bastano un filo di luci led e le tue foto preferite. <br \/><strong><a href=\"https:\/\/www.holyart.it\/it\/natale\/luci-di-natale\/luce-di-natale-catena-1000-led-bianchi-esterni-flash-control-unit-di-100-m\">Acquista su Holyart<\/a><\/strong><\/div>\r\n\t\t<\/div>\r\n\t<\/div>\r\n<\/div>\n","protected":false},"excerpt":{"rendered":"<p>Abbiamo messo insieme le idee per aiutarti a scegliere gli abbinamenti e i colori, dai pi\u00f9 classici ai pi\u00f9 originali, che possono fare al caso tuo! Quello della decorazione dell\u2019albero \u00e8 uno dei momenti pi\u00f9 attesi e belli di tutte le feste natalizie, ma se&hellip;<\/p>\n","protected":false},"author":1,"featured_media":11279,"comment_status":"closed","ping_status":"open","sticky":false,"template":"","format":"standard","meta":{"_acf_changed":false,"footnotes":""},"categories":[18],"tags":[],"class_list":["post-11255","post","type-post","status-publish","format-standard","has-post-thumbnail","hentry","category-natale"],"acf":[],"yoast_head":"<!-- This site is optimized with the Yoast SEO plugin v26.6 - https:\/\/yoast.com\/wordpress\/plugins\/seo\/ -->\n<title>Albero di Natale, i colori che non tramontano mai e le novit\u00e0 - Holyblog<\/title>\n<meta name=\"description\" content=\"Abbiamo messo insieme le idee per aiutarti a scegliere gli abbinamenti e i colori, dai pi\u00f9 classici ai pi\u00f9 originali, che possono fare al caso tuo!\" \/>\n<meta name=\"robots\" content=\"index, follow, max-snippet:-1, max-image-preview:large, max-video-preview:-1\" \/>\n<link rel=\"canonical\" href=\"https:\/\/blog.holyart.it\/it\/natale\/albero-di-natale-i-colori-che-non-tramontano-mai-e-le-novita\/\" \/>\n<meta property=\"og:locale\" content=\"it_IT\" \/>\n<meta property=\"og:type\" content=\"article\" \/>\n<meta property=\"og:title\" content=\"Albero di Natale, i colori che non tramontano mai e le novit\u00e0 - Holyblog\" \/>\n<meta property=\"og:description\" content=\"Abbiamo messo insieme le idee per aiutarti a scegliere gli abbinamenti e i colori, dai pi\u00f9 classici ai pi\u00f9 originali, che possono fare al caso tuo!\" \/>\n<meta property=\"og:url\" content=\"https:\/\/blog.holyart.it\/it\/natale\/albero-di-natale-i-colori-che-non-tramontano-mai-e-le-novita\/\" \/>\n<meta property=\"og:site_name\" content=\"Holyblog\" \/>\n<meta property=\"article:published_time\" content=\"2020-12-01T09:02:15+00:00\" \/>\n<meta property=\"article:modified_time\" content=\"2022-12-01T14:17:52+00:00\" \/>\n<meta property=\"og:image\" content=\"https:\/\/blog.holyart.it\/it\/wp-content\/uploads\/sites\/17\/2020\/12\/Albero-di-Natale-i-colori.jpg\" \/>\n\t<meta property=\"og:image:width\" content=\"1000\" \/>\n\t<meta property=\"og:image:height\" content=\"666\" \/>\n\t<meta property=\"og:image:type\" content=\"image\/jpeg\" \/>\n<meta name=\"author\" content=\"Redazione\" \/>\n<meta name=\"twitter:card\" content=\"summary_large_image\" \/>\n<meta name=\"twitter:label1\" content=\"Scritto da\" \/>\n\t<meta name=\"twitter:data1\" content=\"Redazione\" \/>\n\t<meta name=\"twitter:label2\" content=\"Tempo di lettura stimato\" \/>\n\t<meta name=\"twitter:data2\" content=\"3 minuti\" \/>\n<script type=\"application\/ld+json\" class=\"yoast-schema-graph\">{\"@context\":\"https:\/\/schema.org\",\"@graph\":[{\"@type\":\"Article\",\"@id\":\"https:\/\/blog.holyart.it\/it\/natale\/albero-di-natale-i-colori-che-non-tramontano-mai-e-le-novita\/#article\",\"isPartOf\":{\"@id\":\"https:\/\/blog.holyart.it\/it\/natale\/albero-di-natale-i-colori-che-non-tramontano-mai-e-le-novita\/\"},\"author\":{\"name\":\"Redazione\",\"@id\":\"https:\/\/blog.holyart.it\/it\/#\/schema\/person\/0a7b686e5af0f856ec1e390dd0baecda\"},\"headline\":\"Albero di Natale, i colori che non tramontano mai e le novit\u00e0\",\"datePublished\":\"2020-12-01T09:02:15+00:00\",\"dateModified\":\"2022-12-01T14:17:52+00:00\",\"mainEntityOfPage\":{\"@id\":\"https:\/\/blog.holyart.it\/it\/natale\/albero-di-natale-i-colori-che-non-tramontano-mai-e-le-novita\/\"},\"wordCount\":636,\"publisher\":{\"@id\":\"https:\/\/blog.holyart.it\/it\/#organization\"},\"image\":{\"@id\":\"https:\/\/blog.holyart.it\/it\/natale\/albero-di-natale-i-colori-che-non-tramontano-mai-e-le-novita\/#primaryimage\"},\"thumbnailUrl\":\"https:\/\/blog.holyart.it\/it\/wp-content\/uploads\/sites\/17\/2020\/12\/Albero-di-Natale-i-colori.jpg\",\"articleSection\":[\"Natale\"],\"inLanguage\":\"it-IT\"},{\"@type\":\"WebPage\",\"@id\":\"https:\/\/blog.holyart.it\/it\/natale\/albero-di-natale-i-colori-che-non-tramontano-mai-e-le-novita\/\",\"url\":\"https:\/\/blog.holyart.it\/it\/natale\/albero-di-natale-i-colori-che-non-tramontano-mai-e-le-novita\/\",\"name\":\"Albero di Natale, i colori che non tramontano mai e le novit\u00e0 - Holyblog\",\"isPartOf\":{\"@id\":\"https:\/\/blog.holyart.it\/it\/#website\"},\"primaryImageOfPage\":{\"@id\":\"https:\/\/blog.holyart.it\/it\/natale\/albero-di-natale-i-colori-che-non-tramontano-mai-e-le-novita\/#primaryimage\"},\"image\":{\"@id\":\"https:\/\/blog.holyart.it\/it\/natale\/albero-di-natale-i-colori-che-non-tramontano-mai-e-le-novita\/#primaryimage\"},\"thumbnailUrl\":\"https:\/\/blog.holyart.it\/it\/wp-content\/uploads\/sites\/17\/2020\/12\/Albero-di-Natale-i-colori.jpg\",\"datePublished\":\"2020-12-01T09:02:15+00:00\",\"dateModified\":\"2022-12-01T14:17:52+00:00\",\"description\":\"Abbiamo messo insieme le idee per aiutarti a scegliere gli abbinamenti e i colori, dai pi\u00f9 classici ai pi\u00f9 originali, che possono fare al caso tuo!\",\"breadcrumb\":{\"@id\":\"https:\/\/blog.holyart.it\/it\/natale\/albero-di-natale-i-colori-che-non-tramontano-mai-e-le-novita\/#breadcrumb\"},\"inLanguage\":\"it-IT\",\"potentialAction\":[{\"@type\":\"ReadAction\",\"target\":[\"https:\/\/blog.holyart.it\/it\/natale\/albero-di-natale-i-colori-che-non-tramontano-mai-e-le-novita\/\"]}]},{\"@type\":\"ImageObject\",\"inLanguage\":\"it-IT\",\"@id\":\"https:\/\/blog.holyart.it\/it\/natale\/albero-di-natale-i-colori-che-non-tramontano-mai-e-le-novita\/#primaryimage\",\"url\":\"https:\/\/blog.holyart.it\/it\/wp-content\/uploads\/sites\/17\/2020\/12\/Albero-di-Natale-i-colori.jpg\",\"contentUrl\":\"https:\/\/blog.holyart.it\/it\/wp-content\/uploads\/sites\/17\/2020\/12\/Albero-di-Natale-i-colori.jpg\",\"width\":1000,\"height\":666,\"caption\":\"Albero di Natale i colori\"},{\"@type\":\"BreadcrumbList\",\"@id\":\"https:\/\/blog.holyart.it\/it\/natale\/albero-di-natale-i-colori-che-non-tramontano-mai-e-le-novita\/#breadcrumb\",\"itemListElement\":[{\"@type\":\"ListItem\",\"position\":1,\"name\":\"Homepage\",\"item\":\"https:\/\/blog.holyart.it\/it\/\"},{\"@type\":\"ListItem\",\"position\":2,\"name\":\"Natale\",\"item\":\"https:\/\/blog.holyart.it\/it\/natale\/\"},{\"@type\":\"ListItem\",\"position\":3,\"name\":\"Albero di Natale, i colori che non tramontano mai e le novit\u00e0\"}]},{\"@type\":\"WebSite\",\"@id\":\"https:\/\/blog.holyart.it\/it\/#website\",\"url\":\"https:\/\/blog.holyart.it\/it\/\",\"name\":\"Holyblog\",\"description\":\"Il Blog di Holyart.it\",\"publisher\":{\"@id\":\"https:\/\/blog.holyart.it\/it\/#organization\"},\"potentialAction\":[{\"@type\":\"SearchAction\",\"target\":{\"@type\":\"EntryPoint\",\"urlTemplate\":\"https:\/\/blog.holyart.it\/it\/?s={search_term_string}\"},\"query-input\":{\"@type\":\"PropertyValueSpecification\",\"valueRequired\":true,\"valueName\":\"search_term_string\"}}],\"inLanguage\":\"it-IT\"},{\"@type\":\"Organization\",\"@id\":\"https:\/\/blog.holyart.it\/it\/#organization\",\"name\":\"Holyblog\",\"url\":\"https:\/\/blog.holyart.it\/it\/\",\"logo\":{\"@type\":\"ImageObject\",\"inLanguage\":\"it-IT\",\"@id\":\"https:\/\/blog.holyart.it\/it\/#\/schema\/logo\/image\/\",\"url\":\"https:\/\/blog.holyart.it\/it\/wp-content\/uploads\/sites\/17\/2022\/12\/Holyart_Blog_Logo.jpg\",\"contentUrl\":\"https:\/\/blog.holyart.it\/it\/wp-content\/uploads\/sites\/17\/2022\/12\/Holyart_Blog_Logo.jpg\",\"width\":300,\"height\":50,\"caption\":\"Holyblog\"},\"image\":{\"@id\":\"https:\/\/blog.holyart.it\/it\/#\/schema\/logo\/image\/\"}},{\"@type\":\"Person\",\"@id\":\"https:\/\/blog.holyart.it\/it\/#\/schema\/person\/0a7b686e5af0f856ec1e390dd0baecda\",\"name\":\"Redazione\"}]}<\/script>\n<!-- \/ Yoast SEO plugin. -->","yoast_head_json":{"title":"Albero di Natale, i colori che non tramontano mai e le novit\u00e0 - Holyblog","description":"Abbiamo messo insieme le idee per aiutarti a scegliere gli abbinamenti e i colori, dai pi\u00f9 classici ai pi\u00f9 originali, che possono fare al caso tuo!","robots":{"index":"index","follow":"follow","max-snippet":"max-snippet:-1","max-image-preview":"max-image-preview:large","max-video-preview":"max-video-preview:-1"},"canonical":"https:\/\/blog.holyart.it\/it\/natale\/albero-di-natale-i-colori-che-non-tramontano-mai-e-le-novita\/","og_locale":"it_IT","og_type":"article","og_title":"Albero di Natale, i colori che non tramontano mai e le novit\u00e0 - Holyblog","og_description":"Abbiamo messo insieme le idee per aiutarti a scegliere gli abbinamenti e i colori, dai pi\u00f9 classici ai pi\u00f9 originali, che possono fare al caso tuo!","og_url":"https:\/\/blog.holyart.it\/it\/natale\/albero-di-natale-i-colori-che-non-tramontano-mai-e-le-novita\/","og_site_name":"Holyblog","article_published_time":"2020-12-01T09:02:15+00:00","article_modified_time":"2022-12-01T14:17:52+00:00","og_image":[{"width":1000,"height":666,"url":"https:\/\/blog.holyart.it\/it\/wp-content\/uploads\/sites\/17\/2020\/12\/Albero-di-Natale-i-colori.jpg","type":"image\/jpeg"}],"author":"Redazione","twitter_card":"summary_large_image","twitter_misc":{"Scritto da":"Redazione","Tempo di lettura stimato":"3 minuti"},"schema":{"@context":"https:\/\/schema.org","@graph":[{"@type":"Article","@id":"https:\/\/blog.holyart.it\/it\/natale\/albero-di-natale-i-colori-che-non-tramontano-mai-e-le-novita\/#article","isPartOf":{"@id":"https:\/\/blog.holyart.it\/it\/natale\/albero-di-natale-i-colori-che-non-tramontano-mai-e-le-novita\/"},"author":{"name":"Redazione","@id":"https:\/\/blog.holyart.it\/it\/#\/schema\/person\/0a7b686e5af0f856ec1e390dd0baecda"},"headline":"Albero di Natale, i colori che non tramontano mai e le novit\u00e0","datePublished":"2020-12-01T09:02:15+00:00","dateModified":"2022-12-01T14:17:52+00:00","mainEntityOfPage":{"@id":"https:\/\/blog.holyart.it\/it\/natale\/albero-di-natale-i-colori-che-non-tramontano-mai-e-le-novita\/"},"wordCount":636,"publisher":{"@id":"https:\/\/blog.holyart.it\/it\/#organization"},"image":{"@id":"https:\/\/blog.holyart.it\/it\/natale\/albero-di-natale-i-colori-che-non-tramontano-mai-e-le-novita\/#primaryimage"},"thumbnailUrl":"https:\/\/blog.holyart.it\/it\/wp-content\/uploads\/sites\/17\/2020\/12\/Albero-di-Natale-i-colori.jpg","articleSection":["Natale"],"inLanguage":"it-IT"},{"@type":"WebPage","@id":"https:\/\/blog.holyart.it\/it\/natale\/albero-di-natale-i-colori-che-non-tramontano-mai-e-le-novita\/","url":"https:\/\/blog.holyart.it\/it\/natale\/albero-di-natale-i-colori-che-non-tramontano-mai-e-le-novita\/","name":"Albero di Natale, i colori che non tramontano mai e le novit\u00e0 - Holyblog","isPartOf":{"@id":"https:\/\/blog.holyart.it\/it\/#website"},"primaryImageOfPage":{"@id":"https:\/\/blog.holyart.it\/it\/natale\/albero-di-natale-i-colori-che-non-tramontano-mai-e-le-novita\/#primaryimage"},"image":{"@id":"https:\/\/blog.holyart.it\/it\/natale\/albero-di-natale-i-colori-che-non-tramontano-mai-e-le-novita\/#primaryimage"},"thumbnailUrl":"https:\/\/blog.holyart.it\/it\/wp-content\/uploads\/sites\/17\/2020\/12\/Albero-di-Natale-i-colori.jpg","datePublished":"2020-12-01T09:02:15+00:00","dateModified":"2022-12-01T14:17:52+00:00","description":"Abbiamo messo insieme le idee per aiutarti a scegliere gli abbinamenti e i colori, dai pi\u00f9 classici ai pi\u00f9 originali, che possono fare al caso tuo!","breadcrumb":{"@id":"https:\/\/blog.holyart.it\/it\/natale\/albero-di-natale-i-colori-che-non-tramontano-mai-e-le-novita\/#breadcrumb"},"inLanguage":"it-IT","potentialAction":[{"@type":"ReadAction","target":["https:\/\/blog.holyart.it\/it\/natale\/albero-di-natale-i-colori-che-non-tramontano-mai-e-le-novita\/"]}]},{"@type":"ImageObject","inLanguage":"it-IT","@id":"https:\/\/blog.holyart.it\/it\/natale\/albero-di-natale-i-colori-che-non-tramontano-mai-e-le-novita\/#primaryimage","url":"https:\/\/blog.holyart.it\/it\/wp-content\/uploads\/sites\/17\/2020\/12\/Albero-di-Natale-i-colori.jpg","contentUrl":"https:\/\/blog.holyart.it\/it\/wp-content\/uploads\/sites\/17\/2020\/12\/Albero-di-Natale-i-colori.jpg","width":1000,"height":666,"caption":"Albero di Natale i colori"},{"@type":"BreadcrumbList","@id":"https:\/\/blog.holyart.it\/it\/natale\/albero-di-natale-i-colori-che-non-tramontano-mai-e-le-novita\/#breadcrumb","itemListElement":[{"@type":"ListItem","position":1,"name":"Homepage","item":"https:\/\/blog.holyart.it\/it\/"},{"@type":"ListItem","position":2,"name":"Natale","item":"https:\/\/blog.holyart.it\/it\/natale\/"},{"@type":"ListItem","position":3,"name":"Albero di Natale, i colori che non tramontano mai e le novit\u00e0"}]},{"@type":"WebSite","@id":"https:\/\/blog.holyart.it\/it\/#website","url":"https:\/\/blog.holyart.it\/it\/","name":"Holyblog","description":"Il Blog di Holyart.it","publisher":{"@id":"https:\/\/blog.holyart.it\/it\/#organization"},"potentialAction":[{"@type":"SearchAction","target":{"@type":"EntryPoint","urlTemplate":"https:\/\/blog.holyart.it\/it\/?s={search_term_string}"},"query-input":{"@type":"PropertyValueSpecification","valueRequired":true,"valueName":"search_term_string"}}],"inLanguage":"it-IT"},{"@type":"Organization","@id":"https:\/\/blog.holyart.it\/it\/#organization","name":"Holyblog","url":"https:\/\/blog.holyart.it\/it\/","logo":{"@type":"ImageObject","inLanguage":"it-IT","@id":"https:\/\/blog.holyart.it\/it\/#\/schema\/logo\/image\/","url":"https:\/\/blog.holyart.it\/it\/wp-content\/uploads\/sites\/17\/2022\/12\/Holyart_Blog_Logo.jpg","contentUrl":"https:\/\/blog.holyart.it\/it\/wp-content\/uploads\/sites\/17\/2022\/12\/Holyart_Blog_Logo.jpg","width":300,"height":50,"caption":"Holyblog"},"image":{"@id":"https:\/\/blog.holyart.it\/it\/#\/schema\/logo\/image\/"}},{"@type":"Person","@id":"https:\/\/blog.holyart.it\/it\/#\/schema\/person\/0a7b686e5af0f856ec1e390dd0baecda","name":"Redazione"}]}},"_links":{"self":[{"href":"https:\/\/blog.holyart.it\/it\/wp-json\/wp\/v2\/posts\/11255","targetHints":{"allow":["GET"]}}],"collection":[{"href":"https:\/\/blog.holyart.it\/it\/wp-json\/wp\/v2\/posts"}],"about":[{"href":"https:\/\/blog.holyart.it\/it\/wp-json\/wp\/v2\/types\/post"}],"author":[{"embeddable":true,"href":"https:\/\/blog.holyart.it\/it\/wp-json\/wp\/v2\/users\/1"}],"replies":[{"embeddable":true,"href":"https:\/\/blog.holyart.it\/it\/wp-json\/wp\/v2\/comments?post=11255"}],"version-history":[{"count":0,"href":"https:\/\/blog.holyart.it\/it\/wp-json\/wp\/v2\/posts\/11255\/revisions"}],"wp:featuredmedia":[{"embeddable":true,"href":"https:\/\/blog.holyart.it\/it\/wp-json\/wp\/v2\/media\/11279"}],"wp:attachment":[{"href":"https:\/\/blog.holyart.it\/it\/wp-json\/wp\/v2\/media?parent=11255"}],"wp:term":[{"taxonomy":"category","embeddable":true,"href":"https:\/\/blog.holyart.it\/it\/wp-json\/wp\/v2\/categories?post=11255"},{"taxonomy":"post_tag","embeddable":true,"href":"https:\/\/blog.holyart.it\/it\/wp-json\/wp\/v2\/tags?post=11255"}],"curies":[{"name":"wp","href":"https:\/\/api.w.org\/{rel}","templated":true}]}}