{"id":11170,"date":"2020-11-17T09:11:10","date_gmt":"2020-11-17T08:11:10","guid":{"rendered":"https:\/\/blog.holyart.it\/it\/?p=11170"},"modified":"2024-09-23T15:55:24","modified_gmt":"2024-09-23T13:55:24","slug":"il-presepe-di-greccio-il-presepe-di-san-francesco","status":"publish","type":"post","link":"https:\/\/blog.holyart.it\/it\/natale\/il-presepe-di-greccio-il-presepe-di-san-francesco\/","title":{"rendered":"Il presepe di Greccio: il presepe di San Francesco"},"content":{"rendered":"<h4><em>Qual \u00e8 la storia del presepe? Da dove viene questa tradizione che ogni anno viviamo? Ecco la storia del primo presepe, il presepe di Greccio voluto da San Francesco.<\/em><\/h4>\n<p>Quest&#8217;anno, come tutti gli anni, un simbolo cristiano legato al Natale entra nelle nostre case e nelle nostre chiese: <a href=\"https:\/\/www.holyart.it\/it\/natale\/presepi\"><strong>il presepe<\/strong>.<\/a> Sia nei luoghi privati che pubblici, la nascita di Ges\u00f9 viene celebrata con statue, ambientazioni e grazie alla creativit\u00e0 degli artigiani presepisti o degli amanti del presepe fai da te.<\/p>\n<p>Quante possibilit\u00e0 ci sono per allestire un presepe? Presepe napoletano in terracotta, presepe in stile arabo o nordico, in resina o in legno: esiste un vasto mondo attorno a questo segno, che unisce l&#8217;Arte con la Fede.<\/p>\n<div class=\"link-product\">\n<div class=\"blocco-immagine\"><img loading=\"lazy\" decoding=\"async\" class=\"size-full wp-image-11171 alignnone\" src=\"https:\/\/blog.holyart.it\/it\/wp-content\/uploads\/sites\/17\/2020\/11\/nativita-100-cm-resina-dipinta1.jpg\" alt=\"nativita-100-cm-resina-dipinta1\" width=\"100\" height=\"100\" data-kale-share-title=\"Il presepe di Greccio: il presepe di San Francesco\" data-kale-share-url=\"https:\/\/blog.holyart.it\/it\/?p=11170\" \/><\/div>\n<div class=\"blocco-contenuto\">\n<div class=\"blocco-acquista\">Acquista su Holyart:<\/div>\n<div class=\"blocco-titolo\"><a href=\"https:\/\/www.holyart.it\/it\/natale\/presepi\">Presepi<\/a><\/div>\n<div class=\"blocco-descrizione\">Presepi di ogni stile e dimenisone.<\/div>\n<\/div>\n<\/div>\n<p>Anche <strong>Papa Francesco<\/strong> nella lettera apostolica <em>Admirabile Signum<\/em> ha ricordato la bellezza e la preziosit\u00e0 del presepe:<\/p>\n<p><em>&#8220;Mentre contempliamo la scena del Natale, siamo invitati a metterci spiritualmente in cammino, attratti dall\u2019umilt\u00e0 di Colui che si \u00e8 fatto uomo per incontrare ogni uomo. E scopriamo che Egli ci ama a tal punto da unirsi a noi, perch\u00e9 anche noi possiamo unirci a Lui. [&#8230;] \u00c8 davvero un esercizio di fantasia creativa, che impiega i materiali pi\u00f9 disparati per dare vita a piccoli capolavori di bellezza. Si impara da bambini: quando pap\u00e0 e mamma, insieme ai nonni, trasmettono questa gioiosa abitudine, che racchiude in s\u00e9 una ricca spiritualit\u00e0 popolare.&#8221;<\/em><\/p>\n<p>Ma da dove viene questa tradizione?<\/p>\n<h2>La storia del presepe di Greccio<\/h2>\n<p>La <strong>storia del presepe<\/strong> ha come protagonista un grande santo italiano: <a href=\"https:\/\/www.holyart.it\/blog\/articoli-religiosi\/il-cantico-delle-creature-di-san-francesco\/\"><strong>San Francesco d&#8217;Assisi<\/strong>.<\/a> L&#8217;anno \u00e8 il 1223 e il luogo Greccio, un paesino vicino a Rieti. San Francesco, arrivando probabilmente da Roma dove il Papa aveva confermato la regola francescana, si ferm\u00f2 nel paese, dove abitava Giovanni Velita, ormai amico e seguace del santo. Quando vide le grotte vicino a Greccio, gli torn\u00f2 in mente un&#8217;immagine: <strong>Betlemme<\/strong>, che aveva visto nel suo viaggio in Terra Santa. In particolare, le grotte dove era nato Ges\u00f9.<\/p>\n<div class=\"link-article\">\n<p><img loading=\"lazy\" decoding=\"async\" class=\"size-full wp-image-11173 alignleft\" src=\"https:\/\/blog.holyart.it\/it\/wp-content\/uploads\/sites\/17\/2020\/11\/san-francesco.jpg\" alt=\"san-francesco\" width=\"150\" height=\"99\" data-kale-share-title=\"Il presepe di Greccio: il presepe di San Francesco\" data-kale-share-url=\"https:\/\/blog.holyart.it\/it\/?p=11170\" \/><\/p>\n<div class=\"leggi-anche\">Leggi anche:<\/div>\n<p><strong><a href=\"https:\/\/www.holyart.it\/blog\/articoli-religiosi\/il-cantico-delle-creature-di-san-francesco\/\">Il cantico delle creature di San Francesco<\/a><\/strong><br \/>\nSan Francesco d\u2019Assisi \u00e8 uno dei santi pi\u00f9 amati e venerati dalla Chiesa cattolica. Vicino ai poveri, fratello degli ultimi&#8230;<\/p>\n<\/div>\n<p>Forse colpito dalle scene dei mosaici che rappresentavano la Nativit\u00e0 nella Basilica di Santa Maria Maggiore a Roma, San Francesco sent\u00ec forte il desiderio di &#8220;<strong>rappresentare il Bambino nato a Betlemme<\/strong>\u00a0e in qualche modo vedere con gli occhi del corpo i disagi in cui si \u00e8 trovato per la mancanza delle cose necessarie a un neonato, come fu adagiato in una greppia e come giaceva sul fieno tra il bue e l\u2019asinello&#8221; (Tommaso da Celano, <em>Vita Prima<\/em>, 84:\u00a0<em>Fonti francescane (FF)<\/em>, n. 468). Quindici giorni prima del Natale espresse questo desiderio e chiese aiuto a Messer Giovanni Velita per allestire il <strong>primo presepe della storia<\/strong>.<\/p>\n<p>L&#8217;ambientazione e la realizzazione furono semplici: una grotta, una mangiatoia, un bue e un asino condotti sul posto. Il 25 dicembre, attorno a questa scena si riunirono frati, uomini e donne della zona portando fiori e fiaccole. La storia del presepe inizi\u00f2 quindi con un <strong>presepe vivente<\/strong>, fatto di fedeli in carne e ossa che insieme celebravano la povert\u00e0 del Dio fatto Uomo. Su questo <em>praesepium<\/em>, che significa mangiatoia, venne celebrata l&#8217;eucarestia da un sacerdote presente &#8211; San Francesco aveva scelto di rimanere diacono.<\/p>\n<h2>Il miracolo<\/h2>\n<p>Oltre all&#8217;idea del presepe, che anche oggi realizziamo nelle case, nelle chiese ma anche sul luogo di lavoro, nelle scuole e nelle piazze, la tradizione ci consegna <strong>un miracolo<\/strong>. Si dice infatti che nella mangiatoia del presepe di Greccio apparve veramente <strong><a href=\"https:\/\/www.holyart.it\/it\/natale\/presepi\/presepe-bethleem\/gesu-bambino-culla-pietra\">Ges\u00f9 Bambino<\/a><\/strong> e il momento vissuto dalle persone riunite divent\u00f2 fonte di una grande gioia.<\/p>\n<div class=\"link-product\">\n<div class=\"blocco-immagine\"><img loading=\"lazy\" decoding=\"async\" class=\"alignnone size-full wp-image-11179\" src=\"https:\/\/blog.holyart.it\/it\/wp-content\/uploads\/sites\/17\/2020\/11\/gesu-bambino-culla-pietra-1.jpg\" alt=\"gesu-bambino-culla-pietra\" width=\"100\" height=\"100\" data-kale-share-title=\"Il presepe di Greccio: il presepe di San Francesco\" data-kale-share-url=\"https:\/\/blog.holyart.it\/it\/?p=11170\" \/><\/div>\n<div class=\"blocco-contenuto\">\n<div class=\"blocco-acquista\">Acquista su Holyart:<\/div>\n<div class=\"blocco-titolo\"><a href=\"https:\/\/www.holyart.it\/it\/natale\/presepi\/presepe-bethleem\/gesu-bambino-culla-pietra\">Ges\u00f9 Bambino di Betl\u00e9em<\/a><\/div>\n<div class=\"blocco-descrizione\">Ges\u00f9 Bambino in pietra di del Monastero di Betl\u00e9em<\/div>\n<\/div>\n<\/div>\n<p>Le persone tornarono a casa da quel luogo profondamente toccate. San Francesco fu visto quella notte mentre abbracciava teneramente il Bambino apparso nella mangiatoia.<\/p>\n<p>Quest&#8217;anno, come tutti gli anni, il presepe sar\u00e0 un segno di gioia che viene dall&#8217;intuizione di un grande santo.<\/p>\n","protected":false},"excerpt":{"rendered":"<p>Qual \u00e8 la storia del presepe? Da dove viene questa tradizione che ogni anno viviamo? Ecco la storia del primo presepe, il presepe di Greccio voluto da San Francesco. Quest&#8217;anno, come tutti gli anni, un simbolo cristiano legato al Natale entra nelle nostre case e&hellip;<\/p>\n","protected":false},"author":1,"featured_media":11177,"comment_status":"closed","ping_status":"open","sticky":false,"template":"","format":"standard","meta":{"_acf_changed":false,"footnotes":""},"categories":[18],"tags":[],"class_list":["post-11170","post","type-post","status-publish","format-standard","has-post-thumbnail","hentry","category-natale"],"acf":[],"yoast_head":"<!-- This site is optimized with the Yoast SEO plugin v26.6 - https:\/\/yoast.com\/wordpress\/plugins\/seo\/ -->\n<title>Il presepe di Greccio: il presepe di San Francesco - Holyblog<\/title>\n<meta name=\"description\" content=\"Da dove viene questa tradizione che ogni anno viviamo? Ecco la storia del primo presepe, il presepe di Greccio voluto da San Francesco.\" \/>\n<meta name=\"robots\" content=\"index, follow, max-snippet:-1, max-image-preview:large, max-video-preview:-1\" \/>\n<link rel=\"canonical\" href=\"https:\/\/blog.holyart.it\/it\/natale\/il-presepe-di-greccio-il-presepe-di-san-francesco\/\" \/>\n<meta property=\"og:locale\" content=\"it_IT\" \/>\n<meta property=\"og:type\" content=\"article\" \/>\n<meta property=\"og:title\" content=\"Il presepe di Greccio: il presepe di San Francesco - Holyblog\" \/>\n<meta property=\"og:description\" content=\"Da dove viene questa tradizione che ogni anno viviamo? Ecco la storia del primo presepe, il presepe di Greccio voluto da San Francesco.\" \/>\n<meta property=\"og:url\" content=\"https:\/\/blog.holyart.it\/it\/natale\/il-presepe-di-greccio-il-presepe-di-san-francesco\/\" \/>\n<meta property=\"og:site_name\" content=\"Holyblog\" \/>\n<meta property=\"article:published_time\" content=\"2020-11-17T08:11:10+00:00\" \/>\n<meta property=\"article:modified_time\" content=\"2024-09-23T13:55:24+00:00\" \/>\n<meta property=\"og:image\" content=\"https:\/\/blog.holyart.it\/it\/wp-content\/uploads\/sites\/17\/2020\/11\/Il-presepe-di-Greccio-1.jpg\" \/>\n\t<meta property=\"og:image:width\" content=\"1000\" \/>\n\t<meta property=\"og:image:height\" content=\"653\" \/>\n\t<meta property=\"og:image:type\" content=\"image\/jpeg\" \/>\n<meta name=\"author\" content=\"Redazione\" \/>\n<meta name=\"twitter:card\" content=\"summary_large_image\" \/>\n<meta name=\"twitter:label1\" content=\"Scritto da\" \/>\n\t<meta name=\"twitter:data1\" content=\"Redazione\" \/>\n\t<meta name=\"twitter:label2\" content=\"Tempo di lettura stimato\" \/>\n\t<meta name=\"twitter:data2\" content=\"5 minuti\" \/>\n<script type=\"application\/ld+json\" class=\"yoast-schema-graph\">{\"@context\":\"https:\/\/schema.org\",\"@graph\":[{\"@type\":\"Article\",\"@id\":\"https:\/\/blog.holyart.it\/it\/natale\/il-presepe-di-greccio-il-presepe-di-san-francesco\/#article\",\"isPartOf\":{\"@id\":\"https:\/\/blog.holyart.it\/it\/natale\/il-presepe-di-greccio-il-presepe-di-san-francesco\/\"},\"author\":{\"name\":\"Redazione\",\"@id\":\"https:\/\/blog.holyart.it\/it\/#\/schema\/person\/0a7b686e5af0f856ec1e390dd0baecda\"},\"headline\":\"Il presepe di Greccio: il presepe di San Francesco\",\"datePublished\":\"2020-11-17T08:11:10+00:00\",\"dateModified\":\"2024-09-23T13:55:24+00:00\",\"mainEntityOfPage\":{\"@id\":\"https:\/\/blog.holyart.it\/it\/natale\/il-presepe-di-greccio-il-presepe-di-san-francesco\/\"},\"wordCount\":671,\"publisher\":{\"@id\":\"https:\/\/blog.holyart.it\/it\/#organization\"},\"image\":{\"@id\":\"https:\/\/blog.holyart.it\/it\/natale\/il-presepe-di-greccio-il-presepe-di-san-francesco\/#primaryimage\"},\"thumbnailUrl\":\"https:\/\/blog.holyart.it\/it\/wp-content\/uploads\/sites\/17\/2020\/11\/Il-presepe-di-Greccio-1.jpg\",\"articleSection\":[\"Natale\"],\"inLanguage\":\"it-IT\"},{\"@type\":\"WebPage\",\"@id\":\"https:\/\/blog.holyart.it\/it\/natale\/il-presepe-di-greccio-il-presepe-di-san-francesco\/\",\"url\":\"https:\/\/blog.holyart.it\/it\/natale\/il-presepe-di-greccio-il-presepe-di-san-francesco\/\",\"name\":\"Il presepe di Greccio: il presepe di San Francesco - Holyblog\",\"isPartOf\":{\"@id\":\"https:\/\/blog.holyart.it\/it\/#website\"},\"primaryImageOfPage\":{\"@id\":\"https:\/\/blog.holyart.it\/it\/natale\/il-presepe-di-greccio-il-presepe-di-san-francesco\/#primaryimage\"},\"image\":{\"@id\":\"https:\/\/blog.holyart.it\/it\/natale\/il-presepe-di-greccio-il-presepe-di-san-francesco\/#primaryimage\"},\"thumbnailUrl\":\"https:\/\/blog.holyart.it\/it\/wp-content\/uploads\/sites\/17\/2020\/11\/Il-presepe-di-Greccio-1.jpg\",\"datePublished\":\"2020-11-17T08:11:10+00:00\",\"dateModified\":\"2024-09-23T13:55:24+00:00\",\"description\":\"Da dove viene questa tradizione che ogni anno viviamo? Ecco la storia del primo presepe, il presepe di Greccio voluto da San Francesco.\",\"breadcrumb\":{\"@id\":\"https:\/\/blog.holyart.it\/it\/natale\/il-presepe-di-greccio-il-presepe-di-san-francesco\/#breadcrumb\"},\"inLanguage\":\"it-IT\",\"potentialAction\":[{\"@type\":\"ReadAction\",\"target\":[\"https:\/\/blog.holyart.it\/it\/natale\/il-presepe-di-greccio-il-presepe-di-san-francesco\/\"]}]},{\"@type\":\"ImageObject\",\"inLanguage\":\"it-IT\",\"@id\":\"https:\/\/blog.holyart.it\/it\/natale\/il-presepe-di-greccio-il-presepe-di-san-francesco\/#primaryimage\",\"url\":\"https:\/\/blog.holyart.it\/it\/wp-content\/uploads\/sites\/17\/2020\/11\/Il-presepe-di-Greccio-1.jpg\",\"contentUrl\":\"https:\/\/blog.holyart.it\/it\/wp-content\/uploads\/sites\/17\/2020\/11\/Il-presepe-di-Greccio-1.jpg\",\"width\":1000,\"height\":653,\"caption\":\"Il-presepe-di-Greccio\"},{\"@type\":\"BreadcrumbList\",\"@id\":\"https:\/\/blog.holyart.it\/it\/natale\/il-presepe-di-greccio-il-presepe-di-san-francesco\/#breadcrumb\",\"itemListElement\":[{\"@type\":\"ListItem\",\"position\":1,\"name\":\"Homepage\",\"item\":\"https:\/\/blog.holyart.it\/it\/\"},{\"@type\":\"ListItem\",\"position\":2,\"name\":\"Natale\",\"item\":\"https:\/\/blog.holyart.it\/it\/natale\/\"},{\"@type\":\"ListItem\",\"position\":3,\"name\":\"Il presepe di Greccio: il presepe di San Francesco\"}]},{\"@type\":\"WebSite\",\"@id\":\"https:\/\/blog.holyart.it\/it\/#website\",\"url\":\"https:\/\/blog.holyart.it\/it\/\",\"name\":\"Holyblog\",\"description\":\"Il Blog di Holyart.it\",\"publisher\":{\"@id\":\"https:\/\/blog.holyart.it\/it\/#organization\"},\"potentialAction\":[{\"@type\":\"SearchAction\",\"target\":{\"@type\":\"EntryPoint\",\"urlTemplate\":\"https:\/\/blog.holyart.it\/it\/?s={search_term_string}\"},\"query-input\":{\"@type\":\"PropertyValueSpecification\",\"valueRequired\":true,\"valueName\":\"search_term_string\"}}],\"inLanguage\":\"it-IT\"},{\"@type\":\"Organization\",\"@id\":\"https:\/\/blog.holyart.it\/it\/#organization\",\"name\":\"Holyblog\",\"url\":\"https:\/\/blog.holyart.it\/it\/\",\"logo\":{\"@type\":\"ImageObject\",\"inLanguage\":\"it-IT\",\"@id\":\"https:\/\/blog.holyart.it\/it\/#\/schema\/logo\/image\/\",\"url\":\"https:\/\/blog.holyart.it\/it\/wp-content\/uploads\/sites\/17\/2022\/12\/Holyart_Blog_Logo.jpg\",\"contentUrl\":\"https:\/\/blog.holyart.it\/it\/wp-content\/uploads\/sites\/17\/2022\/12\/Holyart_Blog_Logo.jpg\",\"width\":300,\"height\":50,\"caption\":\"Holyblog\"},\"image\":{\"@id\":\"https:\/\/blog.holyart.it\/it\/#\/schema\/logo\/image\/\"}},{\"@type\":\"Person\",\"@id\":\"https:\/\/blog.holyart.it\/it\/#\/schema\/person\/0a7b686e5af0f856ec1e390dd0baecda\",\"name\":\"Redazione\"}]}<\/script>\n<!-- \/ Yoast SEO plugin. -->","yoast_head_json":{"title":"Il presepe di Greccio: il presepe di San Francesco - Holyblog","description":"Da dove viene questa tradizione che ogni anno viviamo? Ecco la storia del primo presepe, il presepe di Greccio voluto da San Francesco.","robots":{"index":"index","follow":"follow","max-snippet":"max-snippet:-1","max-image-preview":"max-image-preview:large","max-video-preview":"max-video-preview:-1"},"canonical":"https:\/\/blog.holyart.it\/it\/natale\/il-presepe-di-greccio-il-presepe-di-san-francesco\/","og_locale":"it_IT","og_type":"article","og_title":"Il presepe di Greccio: il presepe di San Francesco - Holyblog","og_description":"Da dove viene questa tradizione che ogni anno viviamo? Ecco la storia del primo presepe, il presepe di Greccio voluto da San Francesco.","og_url":"https:\/\/blog.holyart.it\/it\/natale\/il-presepe-di-greccio-il-presepe-di-san-francesco\/","og_site_name":"Holyblog","article_published_time":"2020-11-17T08:11:10+00:00","article_modified_time":"2024-09-23T13:55:24+00:00","og_image":[{"width":1000,"height":653,"url":"https:\/\/blog.holyart.it\/it\/wp-content\/uploads\/sites\/17\/2020\/11\/Il-presepe-di-Greccio-1.jpg","type":"image\/jpeg"}],"author":"Redazione","twitter_card":"summary_large_image","twitter_misc":{"Scritto da":"Redazione","Tempo di lettura stimato":"5 minuti"},"schema":{"@context":"https:\/\/schema.org","@graph":[{"@type":"Article","@id":"https:\/\/blog.holyart.it\/it\/natale\/il-presepe-di-greccio-il-presepe-di-san-francesco\/#article","isPartOf":{"@id":"https:\/\/blog.holyart.it\/it\/natale\/il-presepe-di-greccio-il-presepe-di-san-francesco\/"},"author":{"name":"Redazione","@id":"https:\/\/blog.holyart.it\/it\/#\/schema\/person\/0a7b686e5af0f856ec1e390dd0baecda"},"headline":"Il presepe di Greccio: il presepe di San Francesco","datePublished":"2020-11-17T08:11:10+00:00","dateModified":"2024-09-23T13:55:24+00:00","mainEntityOfPage":{"@id":"https:\/\/blog.holyart.it\/it\/natale\/il-presepe-di-greccio-il-presepe-di-san-francesco\/"},"wordCount":671,"publisher":{"@id":"https:\/\/blog.holyart.it\/it\/#organization"},"image":{"@id":"https:\/\/blog.holyart.it\/it\/natale\/il-presepe-di-greccio-il-presepe-di-san-francesco\/#primaryimage"},"thumbnailUrl":"https:\/\/blog.holyart.it\/it\/wp-content\/uploads\/sites\/17\/2020\/11\/Il-presepe-di-Greccio-1.jpg","articleSection":["Natale"],"inLanguage":"it-IT"},{"@type":"WebPage","@id":"https:\/\/blog.holyart.it\/it\/natale\/il-presepe-di-greccio-il-presepe-di-san-francesco\/","url":"https:\/\/blog.holyart.it\/it\/natale\/il-presepe-di-greccio-il-presepe-di-san-francesco\/","name":"Il presepe di Greccio: il presepe di San Francesco - Holyblog","isPartOf":{"@id":"https:\/\/blog.holyart.it\/it\/#website"},"primaryImageOfPage":{"@id":"https:\/\/blog.holyart.it\/it\/natale\/il-presepe-di-greccio-il-presepe-di-san-francesco\/#primaryimage"},"image":{"@id":"https:\/\/blog.holyart.it\/it\/natale\/il-presepe-di-greccio-il-presepe-di-san-francesco\/#primaryimage"},"thumbnailUrl":"https:\/\/blog.holyart.it\/it\/wp-content\/uploads\/sites\/17\/2020\/11\/Il-presepe-di-Greccio-1.jpg","datePublished":"2020-11-17T08:11:10+00:00","dateModified":"2024-09-23T13:55:24+00:00","description":"Da dove viene questa tradizione che ogni anno viviamo? Ecco la storia del primo presepe, il presepe di Greccio voluto da San Francesco.","breadcrumb":{"@id":"https:\/\/blog.holyart.it\/it\/natale\/il-presepe-di-greccio-il-presepe-di-san-francesco\/#breadcrumb"},"inLanguage":"it-IT","potentialAction":[{"@type":"ReadAction","target":["https:\/\/blog.holyart.it\/it\/natale\/il-presepe-di-greccio-il-presepe-di-san-francesco\/"]}]},{"@type":"ImageObject","inLanguage":"it-IT","@id":"https:\/\/blog.holyart.it\/it\/natale\/il-presepe-di-greccio-il-presepe-di-san-francesco\/#primaryimage","url":"https:\/\/blog.holyart.it\/it\/wp-content\/uploads\/sites\/17\/2020\/11\/Il-presepe-di-Greccio-1.jpg","contentUrl":"https:\/\/blog.holyart.it\/it\/wp-content\/uploads\/sites\/17\/2020\/11\/Il-presepe-di-Greccio-1.jpg","width":1000,"height":653,"caption":"Il-presepe-di-Greccio"},{"@type":"BreadcrumbList","@id":"https:\/\/blog.holyart.it\/it\/natale\/il-presepe-di-greccio-il-presepe-di-san-francesco\/#breadcrumb","itemListElement":[{"@type":"ListItem","position":1,"name":"Homepage","item":"https:\/\/blog.holyart.it\/it\/"},{"@type":"ListItem","position":2,"name":"Natale","item":"https:\/\/blog.holyart.it\/it\/natale\/"},{"@type":"ListItem","position":3,"name":"Il presepe di Greccio: il presepe di San Francesco"}]},{"@type":"WebSite","@id":"https:\/\/blog.holyart.it\/it\/#website","url":"https:\/\/blog.holyart.it\/it\/","name":"Holyblog","description":"Il Blog di Holyart.it","publisher":{"@id":"https:\/\/blog.holyart.it\/it\/#organization"},"potentialAction":[{"@type":"SearchAction","target":{"@type":"EntryPoint","urlTemplate":"https:\/\/blog.holyart.it\/it\/?s={search_term_string}"},"query-input":{"@type":"PropertyValueSpecification","valueRequired":true,"valueName":"search_term_string"}}],"inLanguage":"it-IT"},{"@type":"Organization","@id":"https:\/\/blog.holyart.it\/it\/#organization","name":"Holyblog","url":"https:\/\/blog.holyart.it\/it\/","logo":{"@type":"ImageObject","inLanguage":"it-IT","@id":"https:\/\/blog.holyart.it\/it\/#\/schema\/logo\/image\/","url":"https:\/\/blog.holyart.it\/it\/wp-content\/uploads\/sites\/17\/2022\/12\/Holyart_Blog_Logo.jpg","contentUrl":"https:\/\/blog.holyart.it\/it\/wp-content\/uploads\/sites\/17\/2022\/12\/Holyart_Blog_Logo.jpg","width":300,"height":50,"caption":"Holyblog"},"image":{"@id":"https:\/\/blog.holyart.it\/it\/#\/schema\/logo\/image\/"}},{"@type":"Person","@id":"https:\/\/blog.holyart.it\/it\/#\/schema\/person\/0a7b686e5af0f856ec1e390dd0baecda","name":"Redazione"}]}},"_links":{"self":[{"href":"https:\/\/blog.holyart.it\/it\/wp-json\/wp\/v2\/posts\/11170","targetHints":{"allow":["GET"]}}],"collection":[{"href":"https:\/\/blog.holyart.it\/it\/wp-json\/wp\/v2\/posts"}],"about":[{"href":"https:\/\/blog.holyart.it\/it\/wp-json\/wp\/v2\/types\/post"}],"author":[{"embeddable":true,"href":"https:\/\/blog.holyart.it\/it\/wp-json\/wp\/v2\/users\/1"}],"replies":[{"embeddable":true,"href":"https:\/\/blog.holyart.it\/it\/wp-json\/wp\/v2\/comments?post=11170"}],"version-history":[{"count":1,"href":"https:\/\/blog.holyart.it\/it\/wp-json\/wp\/v2\/posts\/11170\/revisions"}],"predecessor-version":[{"id":20639,"href":"https:\/\/blog.holyart.it\/it\/wp-json\/wp\/v2\/posts\/11170\/revisions\/20639"}],"wp:featuredmedia":[{"embeddable":true,"href":"https:\/\/blog.holyart.it\/it\/wp-json\/wp\/v2\/media\/11177"}],"wp:attachment":[{"href":"https:\/\/blog.holyart.it\/it\/wp-json\/wp\/v2\/media?parent=11170"}],"wp:term":[{"taxonomy":"category","embeddable":true,"href":"https:\/\/blog.holyart.it\/it\/wp-json\/wp\/v2\/categories?post=11170"},{"taxonomy":"post_tag","embeddable":true,"href":"https:\/\/blog.holyart.it\/it\/wp-json\/wp\/v2\/tags?post=11170"}],"curies":[{"name":"wp","href":"https:\/\/api.w.org\/{rel}","templated":true}]}}